{"id":23054,"date":"2023-05-13T17:17:21","date_gmt":"2023-05-13T15:17:21","guid":{"rendered":"http:\/\/luxiders.com.w01cc729.kasserver.com\/?p=23054"},"modified":"2023-05-22T14:58:43","modified_gmt":"2023-05-22T12:58:43","slug":"florentina-leitner-sostenibilidad","status":"publish","type":"post","link":"https:\/\/luxiders.com\/es\/florentina-leitner-sostenibilidad\/","title":{"rendered":"Florentina Leitner | Convirtiendo lo ordinario en piezas \u00fanicas"},"content":{"rendered":"    <section id=\"textblock-block_8fe02873ad13e53768519e9ec90b4a8e\" class=\"section position-relative gp-block gp-textblock pt-0 pb-0\">\n        <div class=\"container\">\n            <div class=\"row g-0\">\n                <div class=\"col-lg-12 content\" data-aos=\"fade-in\" data-aos-duration=\"1000\">\n                                                                                    <div class=\"intro \">\n                            <p style=\"text-align: center;\">El amor de Florentina Leitner por la naturaleza y las flores surgi\u00f3 no s\u00f3lo por el significado de su nombre, &#8220;florecer&#8221;, sino tambi\u00e9n por las incontables horas que pasaba al aire libre, en encantadores jardines austriacos, con su madre. La dise\u00f1adora austriaca de moda y punto compone colecciones elegantes con un toque muy l\u00fadico, con siluetas y formas fuertes combinadas con estampados y mezclas de tejidos poco convencionales. La sostenibilidad reside en el uso de tejidos desechados y un proceso de producci\u00f3n muy estudiado. Lee nuestra entrevista exclusiva con ella para saber m\u00e1s.<\/p>\n                        <\/div>\n                                                                                                <\/div>\n            <\/div>\n        <\/div>\n    <\/section>\n    \n\n    <section id=\"newsletter-block_45b2875fee2999596470001a5899f5a8\" class=\"section position-relative gp-block gp-newsletter pt-0 pb-0 my-5\">\n        <div class=\"container\">\n            <div class=\"row g-0 pt-4 pb-3\">\n                <div class=\"col-lg-12 content text-center border pt-3\" data-aos=\"fade-in\" data-aos-duration=\"1000\">\n                                            <p><em>Para recibir el Newsletter de Luxiders Magazine,\u00a0<a href=\"https:\/\/landing.mailerlite.com\/webforms\/landing\/w2a1t0\" target=\"_blank\" rel=\"noopener\">suscr\u00edbete aqu\u00ed<\/a><\/em><\/p>\n                                    <\/div>\n            <\/div>\n        <\/div>\n    <\/section>\n    \n\n    <section id=\"textblock-block_7b85b9691e3ad9fad0b544e96fa69a81\" class=\"section position-relative gp-block gp-textblock pt-0 pb-0\">\n        <div class=\"container\">\n            <div class=\"row g-0\">\n                <div class=\"col-lg-12 content\" data-aos=\"fade-in\" data-aos-duration=\"1000\">\n                                                                                <p>La dise\u00f1adora austriaca Florentina Leitner ingres\u00f3 en la Escuela Superior de Moda de Viena a los 14 a\u00f1os y, tras graduarse, se traslad\u00f3 a la Real Academia de Bellas Artes de Amberes, donde estudi\u00f3 la licenciatura y el m\u00e1ster con Walter van Beirendonck. Tras trabajar en Dries van Noten, lanz\u00f3 su propia marca.<\/p>\n                                                        <\/div>\n            <\/div>\n        <\/div>\n    <\/section>\n    \n\n    <section id=\"textblock-block_bcc7d8101d3ecec34f864ccebe4cc54b\" class=\"section position-relative gp-block gp-textblock pt-0 pb-0\">\n        <div class=\"container\">\n            <div class=\"row g-0\">\n                <div class=\"col-lg-12 content\" data-aos=\"fade-in\" data-aos-duration=\"1000\">\n                                                                                                                            <div class=\"highlighted mt-5 mt-lg-6 px-lg-5\">\n                            <p style=\"text-align: center;\"><em><span style=\"font-weight: 400; color: #d6a16b;\">&#8220;Fabricar un producto 100% sostenible no es realmente posible, y tampoco queremos hacer greenwashing sobre el proceso&#8221;.<\/span><\/em><\/p>\n<p>&nbsp;<\/p>\n                        <\/div>\n                                                        <\/div>\n            <\/div>\n        <\/div>\n    <\/section>\n    \n\n    <section id=\"textblock-block_4b1569355b64ee3a990fc69f9d6b4574\" class=\"section position-relative gp-block gp-textblock pt-0 pb-0\">\n        <div class=\"container\">\n            <div class=\"row g-0\">\n                <div class=\"col-lg-12 content\" data-aos=\"fade-in\" data-aos-duration=\"1000\">\n                                                                                <p><strong><em>\u00bfC\u00f3mo naci\u00f3 tu inter\u00e9s por la moda? \u00bfSiempre estuvo ah\u00ed o surgi\u00f3 m\u00e1s tarde?<\/em><\/strong><\/p>\n<p>Mi hermana ten\u00eda un armario genial con ropa de dise\u00f1o en el que me encantaba rebuscar y jugar de ni\u00f1a. Cuando ten\u00eda 13 a\u00f1os la acompa\u00f1\u00e9 a la Semana de la Moda de Viena y conocimos a un grupo de &#8220;chicos guays&#8221; que nos dijeron que estudiaban dise\u00f1o de moda. Antes ni siquiera sab\u00eda que se pod\u00eda empezar con 14 a\u00f1os a estudiar moda en el instituto, pero despu\u00e9s de conocerlos quise formar parte del sue\u00f1o.<\/p>\n<p><strong><em>Dise\u00f1ar una colecci\u00f3n es diferente para cada dise\u00f1ador, \u00bfc\u00f3mo sueles empezar su proceso creativo y cu\u00e1l es tu parte favorita?<\/em><\/strong><\/p>\n<p>Mi equipo y yo investigamos y tenemos reuniones de equipo sobre cosas que nos gustan o que hemos visto en el mundo. Vemos pel\u00edculas, hacemos fotos de obras de arte, intentamos estar abiertos e inspirados al principio. Luego empezamos con las primeras muestras o tratamientos detallados de tejidos. A menudo las primeras piezas acaban no qued\u00e1ndose en la colecci\u00f3n porque el proceso y el tema evolucionan durante el tiempo, pero eso es normal y bueno. Lo que m\u00e1s me gusta es ver c\u00f3mo se materializan las creaciones, las primeras pruebas o ver algo puesto en el estudio es lo m\u00e1s. Pero cada paso del proceso tiene sus pros y sus contras \ud83d\ude1b<\/p>\n                                                        <\/div>\n            <\/div>\n        <\/div>\n    <\/section>\n    \n\n    <section id=\"media-block_14641263daa478dd7125825dcb725443\" class=\"section position-relative gp-block gp-media pt-0 pb-0\">\n        <div class=\"container\">\n            <div class=\"row g-0\">\n                <div class=\"col-lg-12 content\" data-aos=\"fade-in\" data-aos-duration=\"1000\">\n                                                                            <\/div>\n            <\/div>\n            <div class=\"row g-0\">\n                <div class=\"col-lg-6 \">\n                                                                                                                                                <figure class=\"mb-4 pt-lg-5 mb-lg-5 ps-lg-3 pe-lg-3\" data-aos=\"fade-up\" data-aos-duration=\"1000\"><div class=\"img-container\"><img loading=\"lazy\" decoding=\"async\" width=\"1200\" height=\"1503\" src=\"https:\/\/luxiders.com\/content\/uploads\/Florentina-lietner-3.jpeg\" class=\"img-fluid w-100\" alt=\"buy less, choose well, climate change, diversity in fashion, environmental warrior, fashion protecting human rights, fashion supporting gender equality, fashion supporting sustainable topics, International Labour Organisation, luxury brand, make it last, News, political fashion, Savile Row, Sedex, sustainability, sustainable fashion, sustainable luxury, vivienne westwood\" srcset=\"https:\/\/luxiders.com\/content\/uploads\/Florentina-lietner-3.jpeg 1200w, https:\/\/luxiders.com\/content\/uploads\/Florentina-lietner-3-240x300.jpeg 240w, https:\/\/luxiders.com\/content\/uploads\/Florentina-lietner-3-818x1024.jpeg 818w, https:\/\/luxiders.com\/content\/uploads\/Florentina-lietner-3-768x962.jpeg 768w\" sizes=\"(max-width: 1200px) 100vw, 1200px\" \/><\/div><\/figure>                                                                                            <\/div>\n                                    <div class=\"col-lg-6\">\n                                                                                                                                                        <figure class=\"mb-4 pt-lg-5 mb-lg-5 ps-lg-3 pe-lg-3\" data-aos=\"fade-up\" data-aos-duration=\"1000\"><div class=\"img-container\"><img loading=\"lazy\" decoding=\"async\" width=\"1200\" height=\"1502\" src=\"https:\/\/luxiders.com\/content\/uploads\/Florentina-lietner-5.jpeg\" class=\"img-fluid w-100\" alt=\"buy less, choose well, climate change, diversity in fashion, environmental warrior, fashion protecting human rights, fashion supporting gender equality, fashion supporting sustainable topics, International Labour Organisation, luxury brand, make it last, News, political fashion, Savile Row, Sedex, sustainability, sustainable fashion, sustainable luxury, vivienne westwood\" srcset=\"https:\/\/luxiders.com\/content\/uploads\/Florentina-lietner-5.jpeg 1200w, https:\/\/luxiders.com\/content\/uploads\/Florentina-lietner-5-240x300.jpeg 240w, https:\/\/luxiders.com\/content\/uploads\/Florentina-lietner-5-818x1024.jpeg 818w, https:\/\/luxiders.com\/content\/uploads\/Florentina-lietner-5-768x961.jpeg 768w\" sizes=\"(max-width: 1200px) 100vw, 1200px\" \/><\/div><\/figure>                                                                                                        <\/div>\n                                            <\/div>\n        <\/div>\n    <\/section>\n    \n\n    <section id=\"textblock-block_9d80fd073da140db4a67e1f2e0b5a8e8\" class=\"section position-relative gp-block gp-textblock pt-0 pb-0\">\n        <div class=\"container\">\n            <div class=\"row g-0\">\n                <div class=\"col-lg-12 content\" data-aos=\"fade-in\" data-aos-duration=\"1000\">\n                                                                                <p><strong><em>\u00bfCu\u00e1les son las herramientas m\u00e1s importantes que te han ayudado a compartir tus ideas en tu profesi\u00f3n y a seguir siendo relevante?<\/em><\/strong><\/p>\n<p>Al principio, sobre todo las redes sociales. Ahora son m\u00e1s las personas que me rodean, mis relaciones p\u00fablicas, mi agente de ventas y todos los miembros de mi equipo. Esas personas me ayudan a llegar m\u00e1s lejos y alcanzar mis objetivos, y les estoy muy agradecida. Pero al principio solo era yo compartiendo mi trabajo en Instagram y esperando ser descubierta por gente con ideas afines.<\/p>\n<p><strong><em>Os centr\u00e1is mucho en la sostenibilidad, \u00bfcu\u00e1les son los retos a los que os enfrent\u00e1is hoy en d\u00eda a la hora de implementar la sostenibilidad como parte de vuestra marca?<\/em><\/strong><\/p>\n<p>No es nuestro principal objetivo, pero es un tema importante. Trabajamos de forma natural con materiales desechados porque tambi\u00e9n eran empresas a las que yo sol\u00eda comprar cuando estaba en la escuela de moda. Cuando hacemos pedidos a empresas m\u00e1s grandes, tambi\u00e9n intentamos encargar materiales sostenibles; hemos descubierto un proveedor de seda que no mata a los gusanos y una empresa de pieles falsas que las fabrica de un material parecido al mohair y no de pl\u00e1stico. Pero, por supuesto, fabricar un producto 100% sostenible no es realmente posible, y tampoco queremos hacer greenwashing sobre el proceso. Usamos muchos estampados que nuestros trajes adoran y, adem\u00e1s, si usamos lycra de animales muertos o reutilizada, el proceso de estampado no suele ser sostenible. Pero creo que la industria est\u00e1 trabajando en m\u00e1s soluciones y cuando lleguen las adecuadas empezaremos a adoptarlas.<\/p>\n<p><em><strong>\u00bfQu\u00e9 aprendiste sobre sostenibilidad y dise\u00f1o durante tu estancia en Dries Van Noten y c\u00f3mo fue tu experiencia all\u00ed?<\/strong><\/em><\/p>\n<p>Estuve dos temporadas, SS21 y FW21, y fue una gran experiencia poder presentar ideas y trabajar en equipo con el propio Dries. En el momento en que empec\u00e9, la sostenibilidad tambi\u00e9n era un tema importante dentro de la empresa, que trataba de \u00a0conseguir cada vez m\u00e1s empresas\/productores de tejidos sostenibles. Tambi\u00e9n aprend\u00ed m\u00e1s sobre las necesidades de los clientes y qu\u00e9 prendas se venden bien y cu\u00e1les menos. Por supuesto, mi cliente ahora no es el mismo que compra Dries, pero es interesante e importante escuchar las necesidades de tus clientes.<\/p>\n                                                        <\/div>\n            <\/div>\n        <\/div>\n    <\/section>\n    \n\n    <section id=\"media-block_98f41d295b1f7660696984449982b97d\" class=\"section position-relative gp-block gp-media pt-0 pb-0\">\n        <div class=\"container\">\n            <div class=\"row g-0\">\n                <div class=\"col-lg-12 content\" data-aos=\"fade-in\" data-aos-duration=\"1000\">\n                                                                            <\/div>\n            <\/div>\n            <div class=\"row g-0\">\n                <div class=\"col-lg-6 \">\n                                                                                                                                                <figure class=\"mb-4 pt-lg-5 mb-lg-5 ps-lg-3 pe-lg-3\" data-aos=\"fade-up\" data-aos-duration=\"1000\"><div class=\"img-container\"><img loading=\"lazy\" decoding=\"async\" width=\"1200\" height=\"1502\" src=\"https:\/\/luxiders.com\/content\/uploads\/Florentina-lietner-4.jpeg\" class=\"img-fluid w-100\" alt=\"buy less, choose well, climate change, diversity in fashion, environmental warrior, fashion protecting human rights, fashion supporting gender equality, fashion supporting sustainable topics, International Labour Organisation, luxury brand, make it last, News, political fashion, Savile Row, Sedex, sustainability, sustainable fashion, sustainable luxury, vivienne westwood\" srcset=\"https:\/\/luxiders.com\/content\/uploads\/Florentina-lietner-4.jpeg 1200w, https:\/\/luxiders.com\/content\/uploads\/Florentina-lietner-4-240x300.jpeg 240w, https:\/\/luxiders.com\/content\/uploads\/Florentina-lietner-4-818x1024.jpeg 818w, https:\/\/luxiders.com\/content\/uploads\/Florentina-lietner-4-768x961.jpeg 768w\" sizes=\"(max-width: 1200px) 100vw, 1200px\" \/><\/div><\/figure>                                                                                            <\/div>\n                                    <div class=\"col-lg-6\">\n                                                                                                                                                        <figure class=\"mb-4 pt-lg-5 mb-lg-5 ps-lg-3 pe-lg-3\" data-aos=\"fade-up\" data-aos-duration=\"1000\"><div class=\"img-container\"><img loading=\"lazy\" decoding=\"async\" width=\"1200\" height=\"1503\" src=\"https:\/\/luxiders.com\/content\/uploads\/Florentina-lietner-6.jpeg\" class=\"img-fluid w-100\" alt=\"buy less, choose well, climate change, diversity in fashion, environmental warrior, fashion protecting human rights, fashion supporting gender equality, fashion supporting sustainable topics, International Labour Organisation, luxury brand, make it last, News, political fashion, Savile Row, Sedex, sustainability, sustainable fashion, sustainable luxury, vivienne westwood\" srcset=\"https:\/\/luxiders.com\/content\/uploads\/Florentina-lietner-6.jpeg 1200w, https:\/\/luxiders.com\/content\/uploads\/Florentina-lietner-6-240x300.jpeg 240w, https:\/\/luxiders.com\/content\/uploads\/Florentina-lietner-6-818x1024.jpeg 818w, https:\/\/luxiders.com\/content\/uploads\/Florentina-lietner-6-768x962.jpeg 768w\" sizes=\"(max-width: 1200px) 100vw, 1200px\" \/><\/div><\/figure>                                                                                                        <\/div>\n                                            <\/div>\n        <\/div>\n    <\/section>\n    \n\n    <section id=\"media-block_941574d01ec31711b2ee0bd369db5690\" class=\"section position-relative gp-block gp-media pt-0 pb-0\">\n        <div class=\"container\">\n            <div class=\"row g-0\">\n                <div class=\"col-lg-12 content\" data-aos=\"fade-in\" data-aos-duration=\"1000\">\n                                                                            <\/div>\n            <\/div>\n            <div class=\"row g-0\">\n                <div class=\"col-lg-12 img-scaled\">\n                                                                                                                                                <figure class=\"mb-4 pt-lg-5 mb-lg-5 ps-lg-3 pe-lg-3\" data-aos=\"fade-up\" data-aos-duration=\"1000\"><div class=\"img-container\"><img loading=\"lazy\" decoding=\"async\" width=\"1200\" height=\"1503\" src=\"https:\/\/luxiders.com\/content\/uploads\/Florentina-lietner-2.jpeg\" class=\"img-fluid w-100\" alt=\"buy less, choose well, climate change, diversity in fashion, environmental warrior, fashion protecting human rights, fashion supporting gender equality, fashion supporting sustainable topics, International Labour Organisation, luxury brand, make it last, News, political fashion, Savile Row, Sedex, sustainability, sustainable fashion, sustainable luxury, vivienne westwood\" srcset=\"https:\/\/luxiders.com\/content\/uploads\/Florentina-lietner-2.jpeg 1200w, https:\/\/luxiders.com\/content\/uploads\/Florentina-lietner-2-240x300.jpeg 240w, https:\/\/luxiders.com\/content\/uploads\/Florentina-lietner-2-818x1024.jpeg 818w, https:\/\/luxiders.com\/content\/uploads\/Florentina-lietner-2-768x962.jpeg 768w\" sizes=\"(max-width: 1200px) 100vw, 1200px\" \/><\/div><\/figure>                                                                                            <\/div>\n                                            <\/div>\n        <\/div>\n    <\/section>\n    \n\n    <section id=\"textblock-block_779fc0884ad0f0622d666920136b5d95\" class=\"section position-relative gp-block gp-textblock pt-0 pb-0\">\n        <div class=\"container\">\n            <div class=\"row g-0\">\n                <div class=\"col-lg-12 content\" data-aos=\"fade-in\" data-aos-duration=\"1000\">\n                                                                                <p><strong><em>En tu opini\u00f3n, \u00bfc\u00f3mo ser\u00e1 el futuro de la moda, qu\u00e9 pasar\u00e1 con la sostenibilidad el d\u00eda de ma\u00f1ana?<\/em><\/strong><\/p>\n<p>Como he mencionado, la demanda es muy grande ahora, y las empresas de tejidos presentan cada temporada nuevas opciones de tejidos sostenibles entre los que elegir, pero todav\u00eda se tarda alg\u00fan tiempo en conseguir todo sostenible y mantenerse en el campo de la moda de lujo.<\/p>\n<p><strong><em>Hablas de inclusi\u00f3n, \u00bfqu\u00e9 significa esta palabra para ti y c\u00f3mo puede reflejarse en la moda?<\/em><\/strong><\/p>\n<p>Me encanta compartir im\u00e1genes de mi abuela (96) luciendo sus prendas de Florentina Leitner, ella no es en absoluto la norma de la &#8220;belleza&#8221;, pero lleva mis prendas a su manera y hace que parezcan preciosas. Me gusta ver mi ropa en personajes y en diferentes tipos de personas. Para algunas colecciones, como &#8220;The Royal Leitners&#8221;, hicimos una pel\u00edcula con miembros de mi familia de distintas edades, lo que fue muy divertido y me encant\u00f3 el resultado del v\u00eddeo.<\/p>\n<p><strong><em>\u00bfD\u00f3nde podemos comprar tu ropa?\u00a0<\/em><\/strong><\/p>\n<p>Tenemos nuestra propia <a href=\"https:\/\/www.florentinaleitner.com\/shop\"><span style=\"font-weight: 400;\"><span style=\"color: #d6a16b;\">online shop<\/span><\/span><\/a> y algunas tiendas que almacenan nuestras colecciones. Por el momento se pueden comprar nuestras prendas en tiendas de Viena, Londres, Ibiza, Dubai, Florencia y Budapest.<\/p>\n<p><strong><em>\u00bfQu\u00e9 es lo pr\u00f3ximo que veremos de ti y tu marca?<\/em><\/strong><\/p>\n<p>Nuestra colecci\u00f3n FW23 se presentar\u00e1 en la Semana de la Moda de Par\u00eds a finales de febrero.<\/p>\n<div class=\"\">\n<p>&nbsp;<\/p>\n<p style=\"text-align: center;\"><em><strong>All Images: \u00a9 FW22 Collection by Benjamin Mallek.<\/strong><\/em><\/p>\n<p style=\"text-align: center;\"><em><strong>+ Words:<br \/>\nIndira Jim\u00e9nez<br \/>\nLuxiders Magazine<\/strong><\/em><\/p>\n<\/div>\n                                                        <\/div>\n            <\/div>\n        <\/div>\n    <\/section>\n    ","protected":false},"excerpt":{"rendered":"","protected":false},"author":2,"featured_media":22916,"comment_status":"closed","ping_status":"closed","sticky":false,"template":"","format":"standard","meta":{"_acf_changed":false,"footnotes":""},"categories":[130],"tags":[3276,242,193,359],"class_list":{"0":"post-23054","1":"post","2":"type-post","3":"status-publish","4":"format-standard","5":"has-post-thumbnail","7":"category-moda-sostenible-lujo","8":"tag-climate-change-es","9":"tag-sustainability-es","10":"tag-sustainable-fashion-es","11":"tag-sustainable-luxury-es"},"acf":[],"yoast_head":"<title>Florentina Leitner | Convirtiendo lo ordinario en piezas \u00fanicas<\/title>\n<meta name=\"description\" content=\"Lee nuestra entrevista con Florentina Leitner sobre sus colecciones elegantes con un toque muy l\u00fadico, con siluetas y formas fuertes.\" \/>\n<meta name=\"robots\" content=\"index, follow, max-snippet:-1, max-image-preview:large, max-video-preview:-1\" \/>\n<link rel=\"canonical\" href=\"https:\/\/luxiders.com\/es\/florentina-leitner-sostenibilidad\/\" \/>\n<meta property=\"og:locale\" content=\"es_ES\" \/>\n<meta property=\"og:type\" content=\"article\" \/>\n<meta property=\"og:title\" content=\"Florentina Leitner | Convirtiendo lo ordinario en piezas \u00fanicas\" \/>\n<meta property=\"og:description\" content=\"Lee nuestra entrevista con Florentina Leitner sobre sus colecciones elegantes con un toque muy l\u00fadico, con siluetas y formas fuertes.\" \/>\n<meta property=\"og:url\" content=\"https:\/\/luxiders.com\/es\/florentina-leitner-sostenibilidad\/\" \/>\n<meta property=\"og:site_name\" content=\"Sustainable Fashion - Eco Design - Healthy Lifestyle - Luxiders Magazine\" \/>\n<meta property=\"article:published_time\" content=\"2023-05-13T15:17:21+00:00\" \/>\n<meta property=\"article:modified_time\" content=\"2023-05-22T12:58:43+00:00\" \/>\n<meta property=\"og:image\" content=\"https:\/\/luxiders.com\/content\/uploads\/Florentina-lietner-1.jpeg\" \/>\n\t<meta property=\"og:image:width\" content=\"1920\" \/>\n\t<meta property=\"og:image:height\" content=\"1534\" \/>\n\t<meta property=\"og:image:type\" content=\"image\/jpeg\" \/>\n<meta name=\"author\" content=\"luxiders\" \/>\n<meta name=\"twitter:card\" content=\"summary_large_image\" \/>\n<meta name=\"twitter:label1\" content=\"Written by\" \/>\n\t<meta name=\"twitter:data1\" content=\"luxiders\" \/>\n<script type=\"application\/ld+json\" class=\"yoast-schema-graph\">{\"@context\":\"https:\/\/schema.org\",\"@graph\":[{\"@type\":\"Article\",\"@id\":\"https:\/\/luxiders.com\/es\/florentina-leitner-sostenibilidad\/#article\",\"isPartOf\":{\"@id\":\"https:\/\/luxiders.com\/es\/florentina-leitner-sostenibilidad\/\"},\"author\":{\"name\":\"luxiders\",\"@id\":\"https:\/\/luxiders.com\/es\/#\/schema\/person\/8632fa702ae2ce98f66c396254633de8\"},\"headline\":\"Florentina Leitner | Convirtiendo lo ordinario en piezas \u00fanicas\",\"datePublished\":\"2023-05-13T15:17:21+00:00\",\"dateModified\":\"2023-05-22T12:58:43+00:00\",\"mainEntityOfPage\":{\"@id\":\"https:\/\/luxiders.com\/es\/florentina-leitner-sostenibilidad\/\"},\"wordCount\":8,\"publisher\":{\"@id\":\"https:\/\/luxiders.com\/es\/#organization\"},\"image\":{\"@id\":\"https:\/\/luxiders.com\/es\/florentina-leitner-sostenibilidad\/#primaryimage\"},\"thumbnailUrl\":\"https:\/\/luxiders.com\/content\/uploads\/Florentina-lietner-1.jpeg\",\"keywords\":[\"climate change\",\"sustainability\",\"sustainable fashion\",\"Sustainable luxury\"],\"articleSection\":[\"Moda\"],\"inLanguage\":\"es-ES\"},{\"@type\":\"WebPage\",\"@id\":\"https:\/\/luxiders.com\/es\/florentina-leitner-sostenibilidad\/\",\"url\":\"https:\/\/luxiders.com\/es\/florentina-leitner-sostenibilidad\/\",\"name\":\"Florentina Leitner | Convirtiendo lo ordinario en piezas \u00fanicas\",\"isPartOf\":{\"@id\":\"https:\/\/luxiders.com\/es\/#website\"},\"primaryImageOfPage\":{\"@id\":\"https:\/\/luxiders.com\/es\/florentina-leitner-sostenibilidad\/#primaryimage\"},\"image\":{\"@id\":\"https:\/\/luxiders.com\/es\/florentina-leitner-sostenibilidad\/#primaryimage\"},\"thumbnailUrl\":\"https:\/\/luxiders.com\/content\/uploads\/Florentina-lietner-1.jpeg\",\"datePublished\":\"2023-05-13T15:17:21+00:00\",\"dateModified\":\"2023-05-22T12:58:43+00:00\",\"description\":\"Lee nuestra entrevista con Florentina Leitner sobre sus colecciones elegantes con un toque muy l\u00fadico, con siluetas y formas fuertes.\",\"breadcrumb\":{\"@id\":\"https:\/\/luxiders.com\/es\/florentina-leitner-sostenibilidad\/#breadcrumb\"},\"inLanguage\":\"es-ES\",\"potentialAction\":[{\"@type\":\"ReadAction\",\"target\":[\"https:\/\/luxiders.com\/es\/florentina-leitner-sostenibilidad\/\"]}]},{\"@type\":\"ImageObject\",\"inLanguage\":\"es-ES\",\"@id\":\"https:\/\/luxiders.com\/es\/florentina-leitner-sostenibilidad\/#primaryimage\",\"url\":\"https:\/\/luxiders.com\/content\/uploads\/Florentina-lietner-1.jpeg\",\"contentUrl\":\"https:\/\/luxiders.com\/content\/uploads\/Florentina-lietner-1.jpeg\",\"width\":1920,\"height\":1534,\"caption\":\"buy less, choose well, climate change, diversity in fashion, environmental warrior, fashion protecting human rights, fashion supporting gender equality, fashion supporting sustainable topics, International Labour Organisation, luxury brand, make it last, News, political fashion, Savile Row, Sedex, sustainability, sustainable fashion, sustainable luxury, vivienne westwood\"},{\"@type\":\"BreadcrumbList\",\"@id\":\"https:\/\/luxiders.com\/es\/florentina-leitner-sostenibilidad\/#breadcrumb\",\"itemListElement\":[{\"@type\":\"ListItem\",\"position\":1,\"name\":\"Startseite\",\"item\":\"https:\/\/luxiders.com\/es\/\"},{\"@type\":\"ListItem\",\"position\":2,\"name\":\"Moda\",\"item\":\"https:\/\/luxiders.com\/es\/category\/moda-sostenible-lujo\/\"},{\"@type\":\"ListItem\",\"position\":3,\"name\":\"Florentina Leitner | Convirtiendo lo ordinario en piezas \u00fanicas\"}]},{\"@type\":\"WebSite\",\"@id\":\"https:\/\/luxiders.com\/es\/#website\",\"url\":\"https:\/\/luxiders.com\/es\/\",\"name\":\"Sustainable Fashion - Eco Design - Healthy Lifestyle - Luxiders Magazine\",\"description\":\"Luxiders is a sustainable luxury magazine highlighting the best stories about sustainable fashion, ethical fashion, eco-friendly design, green design, sustainable travel, natural beauty, organic beauty and healthy lifestyle. Know the best high-end, progressive and luxury sustainable brands and designers worldwide.\",\"publisher\":{\"@id\":\"https:\/\/luxiders.com\/es\/#organization\"},\"potentialAction\":[{\"@type\":\"SearchAction\",\"target\":{\"@type\":\"EntryPoint\",\"urlTemplate\":\"https:\/\/luxiders.com\/es\/?s={search_term_string}\"},\"query-input\":{\"@type\":\"PropertyValueSpecification\",\"valueRequired\":true,\"valueName\":\"search_term_string\"}}],\"inLanguage\":\"es-ES\"},{\"@type\":\"Organization\",\"@id\":\"https:\/\/luxiders.com\/es\/#organization\",\"name\":\"Sustainable Fashion - Eco Design - Healthy Lifestyle - Luxiders Magazine\",\"url\":\"https:\/\/luxiders.com\/es\/\",\"logo\":{\"@type\":\"ImageObject\",\"inLanguage\":\"es-ES\",\"@id\":\"https:\/\/luxiders.com\/es\/#\/schema\/logo\/image\/\",\"url\":\"https:\/\/luxiders.com\/content\/uploads\/lux-logo.svg\",\"contentUrl\":\"https:\/\/luxiders.com\/content\/uploads\/lux-logo.svg\",\"caption\":\"Sustainable Fashion - Eco Design - Healthy Lifestyle - Luxiders Magazine\"},\"image\":{\"@id\":\"https:\/\/luxiders.com\/es\/#\/schema\/logo\/image\/\"}},{\"@type\":\"Person\",\"@id\":\"https:\/\/luxiders.com\/es\/#\/schema\/person\/8632fa702ae2ce98f66c396254633de8\",\"name\":\"luxiders\",\"url\":\"https:\/\/luxiders.com\/es\/author\/luxiders\/\"}]}<\/script>","yoast_head_json":{"title":"Florentina Leitner | Convirtiendo lo ordinario en piezas \u00fanicas","description":"Lee nuestra entrevista con Florentina Leitner sobre sus colecciones elegantes con un toque muy l\u00fadico, con siluetas y formas fuertes.","robots":{"index":"index","follow":"follow","max-snippet":"max-snippet:-1","max-image-preview":"max-image-preview:large","max-video-preview":"max-video-preview:-1"},"canonical":"https:\/\/luxiders.com\/es\/florentina-leitner-sostenibilidad\/","og_locale":"es_ES","og_type":"article","og_title":"Florentina Leitner | Convirtiendo lo ordinario en piezas \u00fanicas","og_description":"Lee nuestra entrevista con Florentina Leitner sobre sus colecciones elegantes con un toque muy l\u00fadico, con siluetas y formas fuertes.","og_url":"https:\/\/luxiders.com\/es\/florentina-leitner-sostenibilidad\/","og_site_name":"Sustainable Fashion - Eco Design - Healthy Lifestyle - Luxiders Magazine","article_published_time":"2023-05-13T15:17:21+00:00","article_modified_time":"2023-05-22T12:58:43+00:00","og_image":[{"width":1920,"height":1534,"url":"https:\/\/luxiders.com\/content\/uploads\/Florentina-lietner-1.jpeg","type":"image\/jpeg"}],"author":"luxiders","twitter_card":"summary_large_image","twitter_misc":{"Written by":"luxiders"},"schema":{"@context":"https:\/\/schema.org","@graph":[{"@type":"Article","@id":"https:\/\/luxiders.com\/es\/florentina-leitner-sostenibilidad\/#article","isPartOf":{"@id":"https:\/\/luxiders.com\/es\/florentina-leitner-sostenibilidad\/"},"author":{"name":"luxiders","@id":"https:\/\/luxiders.com\/es\/#\/schema\/person\/8632fa702ae2ce98f66c396254633de8"},"headline":"Florentina Leitner | Convirtiendo lo ordinario en piezas \u00fanicas","datePublished":"2023-05-13T15:17:21+00:00","dateModified":"2023-05-22T12:58:43+00:00","mainEntityOfPage":{"@id":"https:\/\/luxiders.com\/es\/florentina-leitner-sostenibilidad\/"},"wordCount":8,"publisher":{"@id":"https:\/\/luxiders.com\/es\/#organization"},"image":{"@id":"https:\/\/luxiders.com\/es\/florentina-leitner-sostenibilidad\/#primaryimage"},"thumbnailUrl":"https:\/\/luxiders.com\/content\/uploads\/Florentina-lietner-1.jpeg","keywords":["climate change","sustainability","sustainable fashion","Sustainable luxury"],"articleSection":["Moda"],"inLanguage":"es-ES"},{"@type":"WebPage","@id":"https:\/\/luxiders.com\/es\/florentina-leitner-sostenibilidad\/","url":"https:\/\/luxiders.com\/es\/florentina-leitner-sostenibilidad\/","name":"Florentina Leitner | Convirtiendo lo ordinario en piezas \u00fanicas","isPartOf":{"@id":"https:\/\/luxiders.com\/es\/#website"},"primaryImageOfPage":{"@id":"https:\/\/luxiders.com\/es\/florentina-leitner-sostenibilidad\/#primaryimage"},"image":{"@id":"https:\/\/luxiders.com\/es\/florentina-leitner-sostenibilidad\/#primaryimage"},"thumbnailUrl":"https:\/\/luxiders.com\/content\/uploads\/Florentina-lietner-1.jpeg","datePublished":"2023-05-13T15:17:21+00:00","dateModified":"2023-05-22T12:58:43+00:00","description":"Lee nuestra entrevista con Florentina Leitner sobre sus colecciones elegantes con un toque muy l\u00fadico, con siluetas y formas fuertes.","breadcrumb":{"@id":"https:\/\/luxiders.com\/es\/florentina-leitner-sostenibilidad\/#breadcrumb"},"inLanguage":"es-ES","potentialAction":[{"@type":"ReadAction","target":["https:\/\/luxiders.com\/es\/florentina-leitner-sostenibilidad\/"]}]},{"@type":"ImageObject","inLanguage":"es-ES","@id":"https:\/\/luxiders.com\/es\/florentina-leitner-sostenibilidad\/#primaryimage","url":"https:\/\/luxiders.com\/content\/uploads\/Florentina-lietner-1.jpeg","contentUrl":"https:\/\/luxiders.com\/content\/uploads\/Florentina-lietner-1.jpeg","width":1920,"height":1534,"caption":"buy less, choose well, climate change, diversity in fashion, environmental warrior, fashion protecting human rights, fashion supporting gender equality, fashion supporting sustainable topics, International Labour Organisation, luxury brand, make it last, News, political fashion, Savile Row, Sedex, sustainability, sustainable fashion, sustainable luxury, vivienne westwood"},{"@type":"BreadcrumbList","@id":"https:\/\/luxiders.com\/es\/florentina-leitner-sostenibilidad\/#breadcrumb","itemListElement":[{"@type":"ListItem","position":1,"name":"Startseite","item":"https:\/\/luxiders.com\/es\/"},{"@type":"ListItem","position":2,"name":"Moda","item":"https:\/\/luxiders.com\/es\/category\/moda-sostenible-lujo\/"},{"@type":"ListItem","position":3,"name":"Florentina Leitner | Convirtiendo lo ordinario en piezas \u00fanicas"}]},{"@type":"WebSite","@id":"https:\/\/luxiders.com\/es\/#website","url":"https:\/\/luxiders.com\/es\/","name":"Sustainable Fashion - Eco Design - Healthy Lifestyle - Luxiders Magazine","description":"Luxiders is a sustainable luxury magazine highlighting the best stories about sustainable fashion, ethical fashion, eco-friendly design, green design, sustainable travel, natural beauty, organic beauty and healthy lifestyle. Know the best high-end, progressive and luxury sustainable brands and designers worldwide.","publisher":{"@id":"https:\/\/luxiders.com\/es\/#organization"},"potentialAction":[{"@type":"SearchAction","target":{"@type":"EntryPoint","urlTemplate":"https:\/\/luxiders.com\/es\/?s={search_term_string}"},"query-input":{"@type":"PropertyValueSpecification","valueRequired":true,"valueName":"search_term_string"}}],"inLanguage":"es-ES"},{"@type":"Organization","@id":"https:\/\/luxiders.com\/es\/#organization","name":"Sustainable Fashion - Eco Design - Healthy Lifestyle - Luxiders Magazine","url":"https:\/\/luxiders.com\/es\/","logo":{"@type":"ImageObject","inLanguage":"es-ES","@id":"https:\/\/luxiders.com\/es\/#\/schema\/logo\/image\/","url":"https:\/\/luxiders.com\/content\/uploads\/lux-logo.svg","contentUrl":"https:\/\/luxiders.com\/content\/uploads\/lux-logo.svg","caption":"Sustainable Fashion - Eco Design - Healthy Lifestyle - Luxiders Magazine"},"image":{"@id":"https:\/\/luxiders.com\/es\/#\/schema\/logo\/image\/"}},{"@type":"Person","@id":"https:\/\/luxiders.com\/es\/#\/schema\/person\/8632fa702ae2ce98f66c396254633de8","name":"luxiders","url":"https:\/\/luxiders.com\/es\/author\/luxiders\/"}]}},"_links":{"self":[{"href":"https:\/\/luxiders.com\/es\/wp-json\/wp\/v2\/posts\/23054","targetHints":{"allow":["GET"]}}],"collection":[{"href":"https:\/\/luxiders.com\/es\/wp-json\/wp\/v2\/posts"}],"about":[{"href":"https:\/\/luxiders.com\/es\/wp-json\/wp\/v2\/types\/post"}],"author":[{"embeddable":true,"href":"https:\/\/luxiders.com\/es\/wp-json\/wp\/v2\/users\/2"}],"replies":[{"embeddable":true,"href":"https:\/\/luxiders.com\/es\/wp-json\/wp\/v2\/comments?post=23054"}],"version-history":[{"count":3,"href":"https:\/\/luxiders.com\/es\/wp-json\/wp\/v2\/posts\/23054\/revisions"}],"predecessor-version":[{"id":23323,"href":"https:\/\/luxiders.com\/es\/wp-json\/wp\/v2\/posts\/23054\/revisions\/23323"}],"wp:featuredmedia":[{"embeddable":true,"href":"https:\/\/luxiders.com\/es\/wp-json\/wp\/v2\/media\/22916"}],"wp:attachment":[{"href":"https:\/\/luxiders.com\/es\/wp-json\/wp\/v2\/media?parent=23054"}],"wp:term":[{"taxonomy":"category","embeddable":true,"href":"https:\/\/luxiders.com\/es\/wp-json\/wp\/v2\/categories?post=23054"},{"taxonomy":"post_tag","embeddable":true,"href":"https:\/\/luxiders.com\/es\/wp-json\/wp\/v2\/tags?post=23054"}],"curies":[{"name":"wp","href":"https:\/\/api.w.org\/{rel}","templated":true}]}}