{"id":23210,"date":"2023-05-19T15:44:55","date_gmt":"2023-05-19T13:44:55","guid":{"rendered":"http:\/\/luxiders.com.w01cc729.kasserver.com\/?p=23210"},"modified":"2024-03-08T13:24:39","modified_gmt":"2024-03-08T12:24:39","slug":"premiere-vision-sostenibilidad-en-moda-2","status":"publish","type":"post","link":"https:\/\/luxiders.com\/es\/premiere-vision-sostenibilidad-en-moda-2\/","title":{"rendered":"Todas las respuestas sobre la sostenibilidad en la moda | Premiere Vision 2023"},"content":{"rendered":"    <section id=\"textblock-block_e02f539cb87553adfac09479d9a886f6\" class=\"section position-relative gp-block gp-textblock pt-0 pb-0\">\n        <div class=\"container\">\n            <div class=\"row g-0\">\n                <div class=\"col-lg-12 content\" data-aos=\"fade-in\" data-aos-duration=\"1000\">\n                                                                                    <div class=\"intro \">\n                            <p>&nbsp;<\/p>\n<p style=\"text-align: center;\">Convertir las adversidades en oportunidades. La \u00faltima edici\u00f3n de Premi\u00e8re Vision dibuj\u00f3 un arco iris entre las nubes. Un majestuoso Foro de Eco Innovaci\u00f3n mostr\u00f3 todas las historias que quer\u00edamos ver, a trav\u00e9s de numerosas innovaciones responsables en materiales y textiles de los principales l\u00edderes de la moda. Todav\u00eda estamos al principio del progreso, pero el futuro es esperanzador.<\/p>\n                        <\/div>\n                                                                                                <\/div>\n            <\/div>\n        <\/div>\n    <\/section>\n    \n\n    <section id=\"newsletter-block_098a0e209723b42cfe8b604f7218df84\" class=\"section position-relative gp-block gp-newsletter pt-0 pb-0 my-5\">\n        <div class=\"container\">\n            <div class=\"row g-0 pt-4 pb-3\">\n                <div class=\"col-lg-12 content text-center border pt-3\" data-aos=\"fade-in\" data-aos-duration=\"1000\">\n                                            <p><em>Para recibir el Newsletter de Luxiders Magazine,\u00a0<a href=\"https:\/\/landing.mailerlite.com\/webforms\/landing\/w2a1t0\" target=\"_blank\" rel=\"noopener\">suscr\u00edbete aqu\u00ed<\/a><\/em><\/p>\n                                    <\/div>\n            <\/div>\n        <\/div>\n    <\/section>\n    \n\n    <section id=\"textblock-block_1795f3bf5bf36187708bdd5e92439fc1\" class=\"section position-relative gp-block gp-textblock pt-0 pb-0\">\n        <div class=\"container\">\n            <div class=\"row g-0\">\n                <div class=\"col-lg-12 content\" data-aos=\"fade-in\" data-aos-duration=\"1000\">\n                                                                                <p>Cada vez resulta m\u00e1s dif\u00edcil clasificar la moda sostenible y, lo que es peor, diferenciarla de la no sostenible. La definici\u00f3n tan generalizada e inexacta de la palabra &#8220;sostenibilidad&#8221; y su uso indiscriminado como herramienta de marketing y greenwashing es incontrolable. La falta de informaci\u00f3n o la informaci\u00f3n enmascarada est\u00e1 ralentizando e incluso deteniendo el proceso de cambio que la segunda industria m\u00e1s contaminante del mundo, la industria de la moda, necesita obligatoriamente.<\/p>\n<p>&nbsp;<\/p>\n<h2>PREMIERE VISION ARROJA LUZ SOBRE LAS SOMBRAS<\/h2>\n<p>Con miles de preguntas llegamos a <a href=\"https:\/\/paris.premierevision.com\/en\/?utm_source=luxiders&amp;utm_medium=display&amp;utm_campaign=rpa20231\" target=\"_blank\" rel=\"noopener noreferrer\"><span style=\"color: #d6a16b;\">Premi\u00e8re Vision<\/span><\/a>, la feria de tejidos y materiales textiles l\u00edder en el mundo. La organizaci\u00f3n cuenta con los mayores expertos mundiales en materiales y tejidos. Con ellos nos reunimos durante nuestra visita. Nos aclaranlas dudas que tienen actualmente los dise\u00f1adores de textiles y, sobre todo, los dise\u00f1adores de moda, as\u00ed como los periodistas especializados en la materia.<\/p>\n<p>Ariane Bigot, Directora Asociada de Moda de Premi\u00e8re Vision, comprende bien nuestra angustia a la hora de valorar los tejidos, que ella nunca define como sostenibles, sino como reciclados, regenerativos, org\u00e1nicos&#8230; En lugar de utilizar un t\u00e9rmino tan general y ambiguo, siempre es clara y no generalista. Nos gusta.<\/p>\n<p>Nuestro encuentro de media hora se convierte en una intensa charla de hora y media en la que Bigot nos explica c\u00f3mo actuar en caso de duda, qu\u00e9 tejidos o materiales est\u00e1n revolucionando realmente la transici\u00f3n hacia una moda responsable y qu\u00e9 otros elementos debemos tener en cuenta a la hora de utilizar la palabra sostenibilidad.<\/p>\n<p>&#8220;Es el principio de la progresi\u00f3n&#8221; -comienza diciendo- &#8220;La evoluci\u00f3n est\u00e1 llegando lentamente. No hay nada realmente sorprendente, algo completamente nuevo. La industria de la moda busca algo completamente nuevo y revolucionario, pero los procesos necesitan tiempo para cambiar. Ahora en poli\u00e9ster reciclado tenemos alternativas de fantas\u00eda, como jacquards, guipur, encajes&#8230;, e incluso bordados de lentejuelas recicladas. Esto es nuevo, pero el poli\u00e9ster reciclado no es nuevo, est\u00e1 en evoluci\u00f3n. Otro ejemplo, al principio el poli\u00e9ster reciclado era realmente rudo, dif\u00edcil de tratar. Ahora a veces es incluso dif\u00edcil ver la diferencia entre el poli\u00e9ster reciclado y el nuevo&#8221;.<\/p>\n                                                        <\/div>\n            <\/div>\n        <\/div>\n    <\/section>\n    \n\n    <section id=\"media-block_57d2546c30d5dae32957e7c9f8ef7743\" class=\"section position-relative gp-block gp-media pt-0 pb-0\">\n        <div class=\"container\">\n            <div class=\"row g-0\">\n                <div class=\"col-lg-12 content\" data-aos=\"fade-in\" data-aos-duration=\"1000\">\n                                                                            <\/div>\n            <\/div>\n            <div class=\"row g-0\">\n                <div class=\"col-lg-12 img-scaled\">\n                                                                                                                                                <figure class=\"mb-4 pt-lg-5 mb-lg-5 ps-lg-3 pe-lg-3\" data-aos=\"fade-up\" data-aos-duration=\"1000\"><div class=\"img-container\"><img loading=\"lazy\" decoding=\"async\" width=\"1200\" height=\"800\" src=\"https:\/\/luxiders.com\/content\/uploads\/pv-paris-feb2023-francoisdurand-304019.jpeg\" class=\"img-fluid w-100\" alt=\"an intensity on natural dying, answers about sustainable textiles, premiere vision, premiere vision, Premi\u00e9re Vision 2023, the increase of ancestral plant fibers, the traceability of products\" srcset=\"https:\/\/luxiders.com\/content\/uploads\/pv-paris-feb2023-francoisdurand-304019.jpeg 1200w, https:\/\/luxiders.com\/content\/uploads\/pv-paris-feb2023-francoisdurand-304019-300x200.jpeg 300w, https:\/\/luxiders.com\/content\/uploads\/pv-paris-feb2023-francoisdurand-304019-1024x683.jpeg 1024w, https:\/\/luxiders.com\/content\/uploads\/pv-paris-feb2023-francoisdurand-304019-768x512.jpeg 768w\" sizes=\"(max-width: 1200px) 100vw, 1200px\" \/><\/div><figcaption>\u00a9 Courtesy by Premiere Vision<\/figcaption><\/figure>                                                                                            <\/div>\n                                            <\/div>\n        <\/div>\n    <\/section>\n    \n\n    <section id=\"media-block_ccb8c210d3fa9f5bc7ca05ca8fb95f98\" class=\"section position-relative gp-block gp-media pt-0 pb-0\">\n        <div class=\"container\">\n            <div class=\"row g-0\">\n                <div class=\"col-lg-12 content\" data-aos=\"fade-in\" data-aos-duration=\"1000\">\n                                                                            <\/div>\n            <\/div>\n            <div class=\"row g-0\">\n                <div class=\"col-lg-6 \">\n                                                                                                                                                <figure class=\"mb-4 pt-lg-5 mb-lg-5 ps-lg-3 pe-lg-3\" data-aos=\"fade-up\" data-aos-duration=\"1000\"><div class=\"img-container\"><img loading=\"lazy\" decoding=\"async\" width=\"600\" height=\"766\" src=\"https:\/\/luxiders.com\/content\/uploads\/PV10.jpeg\" class=\"img-fluid w-100\" alt=\"an intensity on natural dying, answers about sustainable textiles, premiere vision, premiere vision, Premi\u00e9re Vision 2023, the increase of ancestral plant fibers, the traceability of products\" srcset=\"https:\/\/luxiders.com\/content\/uploads\/PV10.jpeg 600w, https:\/\/luxiders.com\/content\/uploads\/PV10-235x300.jpeg 235w\" sizes=\"(max-width: 600px) 100vw, 600px\" \/><\/div><figcaption>The Evolo process recycles chrome-tanned waste leather and transforms this solid residue into liquid solution that can be used for retainning without additional chrome. Leather by Sciarada Industria Conciaria, from Italy.<\/figcaption><\/figure>                                                                                            <\/div>\n                                    <div class=\"col-lg-6\">\n                                                                                                                                                        <figure class=\"mb-4 pt-lg-5 mb-lg-5 ps-lg-3 pe-lg-3\" data-aos=\"fade-up\" data-aos-duration=\"1000\"><div class=\"img-container\"><img loading=\"lazy\" decoding=\"async\" width=\"500\" height=\"495\" src=\"https:\/\/luxiders.com\/content\/uploads\/PV11.jpeg\" class=\"img-fluid w-100\" alt=\"an intensity on natural dying, answers about sustainable textiles, premiere vision, premiere vision, Premi\u00e9re Vision 2023, the increase of ancestral plant fibers, the traceability of products\" srcset=\"https:\/\/luxiders.com\/content\/uploads\/PV11.jpeg 500w, https:\/\/luxiders.com\/content\/uploads\/PV11-300x297.jpeg 300w, https:\/\/luxiders.com\/content\/uploads\/PV11-150x150.jpeg 150w\" sizes=\"(max-width: 500px) 100vw, 500px\" \/><\/div><figcaption>This material was developed with a fibre made from 33% recycled leather residues, mixed with Lyocell. By Boshin Textile, Korea.<\/figcaption><\/figure>                                                                                                        <\/div>\n                                            <\/div>\n        <\/div>\n    <\/section>\n    \n\n    <section id=\"textblock-block_385029dd52b777a582c8b7cdff7815d8\" class=\"section position-relative gp-block gp-textblock pt-0 pb-0\">\n        <div class=\"container\">\n            <div class=\"row g-0\">\n                <div class=\"col-lg-12 content\" data-aos=\"fade-in\" data-aos-duration=\"1000\">\n                                                                                                                            <div class=\"highlighted mt-5 mt-lg-6 px-lg-5\">\n                            <p style=\"text-align: center;\"><span style=\"color: #d6a16b;\"><i style=\"caret-color: #d6a16b;\">Muchos avances han puesto de relieve el enfoque circular de las materias primas, con la reutilizaci\u00f3n de residuos textiles, agroalimentarios y cosm\u00e9ticos. Estos pueden optimizar los recursos para reducir la presi\u00f3n sobre las tierras cultivables y diversificar las fuentes.<\/i><\/span><\/p>\n<p>&nbsp;<\/p>\n<h2 style=\"text-align: center;\"><\/h2>\n                        <\/div>\n                                                        <\/div>\n            <\/div>\n        <\/div>\n    <\/section>\n    \n\n    <section id=\"media-block_96f1cdb7eb31409ef8ab81fa030e3956\" class=\"section position-relative gp-block gp-media pt-0 pb-0\">\n        <div class=\"container\">\n            <div class=\"row g-0\">\n                <div class=\"col-lg-12 content\" data-aos=\"fade-in\" data-aos-duration=\"1000\">\n                                                                            <\/div>\n            <\/div>\n            <div class=\"row g-0\">\n                <div class=\"col-lg-12 img-scaled\">\n                                                                                                                                                <figure class=\"mb-4 pt-lg-5 mb-lg-5 ps-lg-3 pe-lg-3\" data-aos=\"fade-up\" data-aos-duration=\"1000\"><div class=\"img-container\"><img loading=\"lazy\" decoding=\"async\" width=\"1200\" height=\"800\" src=\"https:\/\/luxiders.com\/content\/uploads\/pv-paris-feb2023-alexgallosi-alg9166-.jpeg\" class=\"img-fluid w-100\" alt=\"an intensity on natural dying, answers about sustainable textiles, premiere vision, premiere vision, Premi\u00e9re Vision 2023, the increase of ancestral plant fibers, the traceability of products\" srcset=\"https:\/\/luxiders.com\/content\/uploads\/pv-paris-feb2023-alexgallosi-alg9166-.jpeg 1200w, https:\/\/luxiders.com\/content\/uploads\/pv-paris-feb2023-alexgallosi-alg9166--300x200.jpeg 300w, https:\/\/luxiders.com\/content\/uploads\/pv-paris-feb2023-alexgallosi-alg9166--1024x683.jpeg 1024w, https:\/\/luxiders.com\/content\/uploads\/pv-paris-feb2023-alexgallosi-alg9166--768x512.jpeg 768w\" sizes=\"(max-width: 1200px) 100vw, 1200px\" \/><\/div><figcaption>\u00a9 Courtesy by Premiere Vision<\/figcaption><\/figure>                                                                                            <\/div>\n                                            <\/div>\n        <\/div>\n    <\/section>\n    \n\n    <section id=\"textblock-block_6748ba82dc5c031acc689d4bd46e2043\" class=\"section position-relative gp-block gp-textblock pt-0 pb-0\">\n        <div class=\"container\">\n            <div class=\"row g-0\">\n                <div class=\"col-lg-12 content\" data-aos=\"fade-in\" data-aos-duration=\"1000\">\n                                                                                <h2>BIENVENIDOS A LA TRANSFORMACI\u00d3N ECO-RESPONSABLE<\/h2>\n<p>La transformaci\u00f3n eco-responsable de la industria se deja sentir en todas las fases de la cadena de valor. El uso de residuos para la creaci\u00f3n de nuevos materiales y tambi\u00e9n para el te\u00f1ido, y por otro lado, la trazabilidad siguen ganando impulso, desde el abastecimiento hasta la medici\u00f3n del impacto social y medioambiental. Tambi\u00e9n las etapas de tintes, estampaci\u00f3n y acabado se alinean con criterios de gesti\u00f3n medioambiental para reducir el impacto del agua, la energ\u00eda, las emisiones de gases, el uso de sustancias qu\u00edmicas y el volumen de residuos.<\/p>\n<p>En el espacio Smart Creation de <a href=\"https:\/\/luxiders.com\/premiere-vision-2022\/\" target=\"_blank\" rel=\"noopener noreferrer\">Premi\u00e8re Vision Paris<\/a> se exhibieron las empresas m\u00e1s comprometidas, inspiradoras e incluso visionarias del sector. All\u00ed encontramos materiales ecodise\u00f1ados, org\u00e1nicos o reciclados; acabados y tratamientos sostenibles (tintes, tratamientos, estampados); procesos de dise\u00f1o y producci\u00f3n innovadores y responsables; productos y soluciones tecnol\u00f3gicas que facilitan el ecodise\u00f1o y la trazabilidad; enfoques circulares globales; y mucho m\u00e1s. Por otro lado, el foro Eco-Innovaci\u00f3n lanz\u00f3 una selecci\u00f3n puntera de la oferta creativa y responsable del sal\u00f3n para promocionar los productos, desarrollos y enfoques sostenibles de las empresas all\u00ed expositoras.<\/p>\n                                                        <\/div>\n            <\/div>\n        <\/div>\n    <\/section>\n    \n\n    <section id=\"textblock-block_a15d6d359e280646f2bc897a11964a31\" class=\"section position-relative gp-block gp-textblock pt-0 pb-0\">\n        <div class=\"container\">\n            <div class=\"row g-0\">\n                <div class=\"col-lg-12 content\" data-aos=\"fade-in\" data-aos-duration=\"1000\">\n                                                                                                                            <div class=\"highlighted mt-5 mt-lg-6 px-lg-5\">\n                            <p style=\"text-align: center;\"><span style=\"color: #d6a16b;\"><em>&#8220;Para ser m\u00e1s sostenibles no basta con ofrecer un producto respetuoso con el medio ambiente y certificado, se trata de contemplar toda la empresa y sus procesos desde una perspectiva eco-consciente&#8221; &#8211; afirma Ariane Bigot, Directora Asociada de Moda de Premiere Vision. El consumo limitado de agua, la calidad de los efluentes, el control de los insumos qu\u00edmicos, el consumo consciente de energ\u00eda, la gesti\u00f3n de las emisiones atmosf\u00e9ricas y del agua, la atenci\u00f3n a la salud y seguridad de los trabajadores y el bienestar de los animales deben estar en el punto de mira.<\/em><\/span><\/p>\n<p>&nbsp;<\/p>\n                        <\/div>\n                                                        <\/div>\n            <\/div>\n        <\/div>\n    <\/section>\n    \n\n    <section id=\"media-block_aa0cc941a460f14bfc4ea4dd99655a6a\" class=\"section position-relative gp-block gp-media pt-0 pb-0\">\n        <div class=\"container\">\n            <div class=\"row g-0\">\n                <div class=\"col-lg-12 content\" data-aos=\"fade-in\" data-aos-duration=\"1000\">\n                                                                            <\/div>\n            <\/div>\n            <div class=\"row g-0\">\n                <div class=\"col-lg-12 img-scaled\">\n                                                                                                                                                <figure class=\"mb-4 pt-lg-5 mb-lg-5 ps-lg-3 pe-lg-3\" data-aos=\"fade-up\" data-aos-duration=\"1000\"><div class=\"img-container\"><img loading=\"lazy\" decoding=\"async\" width=\"800\" height=\"1043\" src=\"https:\/\/luxiders.com\/content\/uploads\/PV2.jpeg\" class=\"img-fluid w-100\" alt=\"an intensity on natural dying, answers about sustainable textiles, premiere vision, premiere vision, Premi\u00e9re Vision 2023, the increase of ancestral plant fibers, the traceability of products\" srcset=\"https:\/\/luxiders.com\/content\/uploads\/PV2.jpeg 800w, https:\/\/luxiders.com\/content\/uploads\/PV2-230x300.jpeg 230w, https:\/\/luxiders.com\/content\/uploads\/PV2-785x1024.jpeg 785w, https:\/\/luxiders.com\/content\/uploads\/PV2-768x1001.jpeg 768w\" sizes=\"(max-width: 800px) 100vw, 800px\" \/><\/div><figcaption>Erica Industria Tessile, from Italy<\/figcaption><\/figure>                                                                                            <\/div>\n                                            <\/div>\n        <\/div>\n    <\/section>\n    \n\n    <section id=\"media-block_f9832686b00859ae8bd729932e8540bd\" class=\"section position-relative gp-block gp-media pt-0 pb-0\">\n        <div class=\"container\">\n            <div class=\"row g-0\">\n                <div class=\"col-lg-12 content\" data-aos=\"fade-in\" data-aos-duration=\"1000\">\n                                                                            <\/div>\n            <\/div>\n            <div class=\"row g-0\">\n                <div class=\"col-lg-4 \">\n                                                                                                                                                <figure class=\"mb-4 pt-lg-5 mb-lg-5 ps-lg-3 pe-lg-3\" data-aos=\"fade-up\" data-aos-duration=\"1000\"><div class=\"img-container\"><img loading=\"lazy\" decoding=\"async\" width=\"800\" height=\"1032\" src=\"https:\/\/luxiders.com\/content\/uploads\/PV3.jpeg\" class=\"img-fluid w-100\" alt=\"an intensity on natural dying, answers about sustainable textiles, premiere vision, premiere vision, Premi\u00e9re Vision 2023, the increase of ancestral plant fibers, the traceability of products\" srcset=\"https:\/\/luxiders.com\/content\/uploads\/PV3.jpeg 800w, https:\/\/luxiders.com\/content\/uploads\/PV3-233x300.jpeg 233w, https:\/\/luxiders.com\/content\/uploads\/PV3-794x1024.jpeg 794w, https:\/\/luxiders.com\/content\/uploads\/PV3-768x991.jpeg 768w\" sizes=\"(max-width: 800px) 100vw, 800px\" \/><\/div><figcaption>Hoh Hoferhecht Stickereien from Austria. Sedatex from Spain.<\/figcaption><\/figure>                                                                                                                                                            <figure class=\"mb-4 pt-lg-5 mb-lg-5 ps-lg-0 pe-lg-0\" data-aos=\"fade-up\" data-aos-duration=\"1000\"><div class=\"img-container\"><img loading=\"lazy\" decoding=\"async\" width=\"800\" height=\"1052\" src=\"https:\/\/luxiders.com\/content\/uploads\/PV7.jpeg\" class=\"img-fluid w-100\" alt=\"an intensity on natural dying, answers about sustainable textiles, premiere vision, premiere vision, Premi\u00e9re Vision 2023, the increase of ancestral plant fibers, the traceability of products\" srcset=\"https:\/\/luxiders.com\/content\/uploads\/PV7.jpeg 800w, https:\/\/luxiders.com\/content\/uploads\/PV7-228x300.jpeg 228w, https:\/\/luxiders.com\/content\/uploads\/PV7-779x1024.jpeg 779w, https:\/\/luxiders.com\/content\/uploads\/PV7-768x1010.jpeg 768w\" sizes=\"(max-width: 800px) 100vw, 800px\" \/><\/div><figcaption>Recycled, traceable and organic textile made from orange waste by Tearfil Textile Yarns, from Portugal.<\/figcaption><\/figure>                                                                                            <\/div>\n                                    <div class=\"col-lg-4\">\n                                                                                                                                                        <figure class=\"mb-4 pt-lg-5 mb-lg-5 ps-lg-3 pe-lg-3\" data-aos=\"fade-up\" data-aos-duration=\"1000\"><div class=\"img-container\"><img loading=\"lazy\" decoding=\"async\" width=\"800\" height=\"1048\" src=\"https:\/\/luxiders.com\/content\/uploads\/PV4.jpeg\" class=\"img-fluid w-100\" alt=\"an intensity on natural dying, answers about sustainable textiles, premiere vision, premiere vision, Premi\u00e9re Vision 2023, the increase of ancestral plant fibers, the traceability of products\" srcset=\"https:\/\/luxiders.com\/content\/uploads\/PV4.jpeg 800w, https:\/\/luxiders.com\/content\/uploads\/PV4-229x300.jpeg 229w, https:\/\/luxiders.com\/content\/uploads\/PV4-782x1024.jpeg 782w, https:\/\/luxiders.com\/content\/uploads\/PV4-768x1006.jpeg 768w\" sizes=\"(max-width: 800px) 100vw, 800px\" \/><\/div><figcaption>Waterless, Recycled, Low Chemical impact finishing and traceable textile by Shanghai Skytex, from China.<\/figcaption><\/figure>                                                                                                        <\/div>\n                                                    <div class=\"col-lg-4\">\n                                                                                                                                                        <figure class=\"mb-4 pt-lg-5 mb-lg-5 ps-lg-3 pe-lg-3\" data-aos=\"fade-up\" data-aos-duration=\"1000\"><div class=\"img-container\"><img loading=\"lazy\" decoding=\"async\" width=\"800\" height=\"1019\" src=\"https:\/\/luxiders.com\/content\/uploads\/PV5.jpeg\" class=\"img-fluid w-100\" alt=\"an intensity on natural dying, answers about sustainable textiles, premiere vision, premiere vision, Premi\u00e9re Vision 2023, the increase of ancestral plant fibers, the traceability of products\" srcset=\"https:\/\/luxiders.com\/content\/uploads\/PV5.jpeg 800w, https:\/\/luxiders.com\/content\/uploads\/PV5-236x300.jpeg 236w, https:\/\/luxiders.com\/content\/uploads\/PV5-768x978.jpeg 768w\" sizes=\"(max-width: 800px) 100vw, 800px\" \/><\/div><figcaption>Organic, traceable, low chemical impact finishing, waterless textile by Recyctex, from China.<\/figcaption><\/figure>                                                                                                                                                                <figure class=\"mb-4 pt-lg-5 mb-lg-5 ps-lg-0 pe-lg-0\" data-aos=\"fade-up\" data-aos-duration=\"1000\"><div class=\"img-container\"><img loading=\"lazy\" decoding=\"async\" width=\"800\" height=\"1044\" src=\"https:\/\/luxiders.com\/content\/uploads\/PV6.jpeg\" class=\"img-fluid w-100\" alt=\"an intensity on natural dying, answers about sustainable textiles, premiere vision, premiere vision, Premi\u00e9re Vision 2023, the increase of ancestral plant fibers, the traceability of products\" srcset=\"https:\/\/luxiders.com\/content\/uploads\/PV6.jpeg 800w, https:\/\/luxiders.com\/content\/uploads\/PV6-230x300.jpeg 230w, https:\/\/luxiders.com\/content\/uploads\/PV6-785x1024.jpeg 785w, https:\/\/luxiders.com\/content\/uploads\/PV6-768x1002.jpeg 768w\" sizes=\"(max-width: 800px) 100vw, 800px\" \/><\/div><figcaption>Made out from hemp, by Acatel-Impetus Group, from Portugal.<\/figcaption><\/figure>                                                                                                        <\/div>\n                            <\/div>\n        <\/div>\n    <\/section>\n    \n\n    <section id=\"textblock-block_cc5f7d3011e4ff6c0a24ae16d76edcf8\" class=\"section position-relative gp-block gp-textblock pt-0 pb-0\">\n        <div class=\"container\">\n            <div class=\"row g-0\">\n                <div class=\"col-lg-12 content\" data-aos=\"fade-in\" data-aos-duration=\"1000\">\n                                                                                <h2>NOVEDADES EN TEJIDOS<\/h2>\n<p><strong>Viscosa con certificaci\u00f3n FSC<\/strong><\/p>\n<p>Entre los nuevos materiales que descubrimos, destaca la viscosa con certificaci\u00f3n FSC, que ahora permite crear satenes y encajes utilizando fibras de celulosa procedentes de madera de bosques con certificaci\u00f3n FSC.<\/p>\n<p><strong>De los residuos a los textiles celul\u00f3sicos<\/strong><\/p>\n<ul>\n<li><strong>Naia Renew<\/strong>, en este sentido, merece nuestra atenci\u00f3n. Se trata de una fibra celul\u00f3sica de bajo impacto, procedente en un 60% de pulpa de madera gestionada de forma sostenible y en un 40% de residuos pl\u00e1sticos reciclados certificados. Cuenta tanto con la certificaci\u00f3n FSC (Forest Stewardship Council) como con la PEFC (Pan European Forest Certification).<\/li>\n<li><strong>Refibra<\/strong> combina un 30% de textiles reciclados antes o despu\u00e9s del consumo y un 70% de pulpa de madera procedente de bosques gestionados de forma sostenible.<\/li>\n<li><strong>Circulose<\/strong>, obtenida exclusivamente mediante el reciclado qu\u00edmico de algod\u00f3n pre o post consumo, a partir de recortes de producci\u00f3n de ropa al final de su vida \u00fatil.<\/li>\n<li><strong>Regino<\/strong>, residuos de lino regenerados en fibra artificial.<\/li>\n<\/ul>\n<p><strong>Pla. Polil\u00e1ctidos de origen biol\u00f3gico<\/strong><\/p>\n<p>Tambi\u00e9n encontramos una diversificaci\u00f3n de los desarrollos que utilizan polilactidos de origen biol\u00f3gico fabricados a partir de residuos de ma\u00edz, remolacha o ca\u00f1a de az\u00facar, para su uso en sedas o tejidos de punto listos para llevar. Destaca en este apartado el ecoh\u00edbrido <strong>Solotex<\/strong>, una fibra muy el\u00e1stica dise\u00f1ada con una mezcla de PTT de origen biol\u00f3gico que contiene un 40% de materias primas vegetales y PET reciclado.<\/p>\n<p><strong>Membranas de origen biol\u00f3gico<\/strong><\/p>\n<p>Se trata de otro gran avance. &#8220;Puede acabar con el problema de los micropl\u00e1sticos&#8221;, afirma Bigot. Composiciones virtuosas de tejidos de membrana, con una base de poli\u00e9ster reciclado o biodegradable y una membrana de poliuretano de origen biol\u00f3gico, con propiedades impermeables, transpirables o resistentes al viento.<\/p>\n<p><strong>Recubrimientos de origen biol\u00f3gico<\/strong><\/p>\n<p>Reducen el impacto qu\u00edmico mediante el uso de hidr\u00f3fugos con aceite de oliva o recubrimientos de origen biol\u00f3gico.<\/p>\n<p><strong>Materiales nobles reciclados<\/strong><\/p>\n<p>Tambi\u00e9n es importante la tendencia hacia el uso de materiales nobles reciclados derivados de animales: 90% al 100% de seda, lana de camello o cachemir en mezclas, utilizados para tejidos de punto. La seda schappe reciclada se fabrica a partir de los residuos acumulados durante el hilado o el tejido.<\/p>\n<p><strong>Algod\u00f3n regenerativo<\/strong><\/p>\n<p>&#8220;Las t\u00e9cnicas agr\u00edcolas regenerativas son una soluci\u00f3n sorprendente&#8221; &#8211; nos comenta Bigot. Incluyen el no laboreo y la no aplicaci\u00f3n de insumos qu\u00edmicos sint\u00e9ticos, la aplicaci\u00f3n de rotaciones de cultivos y cultivos itinerantes que mejoran el estado de los nutrientes del suelo, y el pastoreo gestionado de forma sostenible. Estas pr\u00e1cticas restauran la fertilidad del suelo, mejoran la retenci\u00f3n de agua y preservan la biodiversidad. La agricultura ecol\u00f3gica impone normas de cultivo, mientras que la agricultura regenerativa se centra en los resultados, y sus pr\u00e1cticas pueden diferir.<\/p>\n<p><strong>Sint\u00e9ticos reciclados<\/strong><\/p>\n<p>Con el objetivo de limpiar los oc\u00e9anos, el reto de los sint\u00e9ticos reciclados est\u00e1 transformando la industria de la moda. Tras conocer Seaqual, un poli\u00e9ster fabricado a partir de desechos marinos reciclados y botellas de PET; Econyl, una poliamida regenerada a partir de redes de pesca recicladas; y Repreve, fabricado a partir de botellas recogidas en el oc\u00e9ano, a menos de 50 km de la costa; saludamos a otros materiales:<\/p>\n<ul>\n<li><strong>NewLife<\/strong>, un filamento de poli\u00e9ster reciclado trazable, obtenido mediante el reciclado mec\u00e1nico de botellas de PET, sin adici\u00f3n de productos qu\u00edmicos. Cuenta con la certificaci\u00f3n GRS.<\/li>\n<li><strong>Q-Nova<\/strong>, una poliamida reciclada sin aditivos qu\u00edmicos, fabricada a partir de m\u00e1s del 50% de residuos previos al consumo.<\/li>\n<li><strong>Q-Cycle<\/strong>, una poliamida desarrollada mediante reciclado qu\u00edmico. Puede utilizar residuos que no pueden reciclarse mec\u00e1nicamente, como los que han llegado al final de su vida \u00fatil, transform\u00e1ndolos en aceite de pir\u00f3lisis para sustituir los recursos f\u00f3siles utilizados para las poliamidas convencionales.<\/li>\n<li><strong>SeaWool<\/strong>. Poli\u00e9ster fabricado a partir de botellas de PET recicladas combinado con un fino polvo de conchas de ostra trituradas, que ofrece propiedades antibacterianas, transpirabilidad y termorregulaci\u00f3n.<\/li>\n<\/ul>\n<p>&#8220;Si reciclas algod\u00f3n, tienes que separar las fibras, las fibras se rompen y, por tanto, la calidad del algod\u00f3n posterior pierde calidad. As\u00ed que para unos vaqueros o una camiseta est\u00e1 bien. Pero para prendas de alta calidad, hay que utilizar algod\u00f3n nuevo&#8221;, es uno de los consejos que subraya Ariane Bigot, Directora Asociada de Moda de Premiere Vision.<\/p>\n                                                        <\/div>\n            <\/div>\n        <\/div>\n    <\/section>\n    \n\n    <section id=\"textblock-block_fb19d45829551b182c20ab743ddef4af\" class=\"section position-relative gp-block gp-textblock pt-0 pb-0\">\n        <div class=\"container\">\n            <div class=\"row g-0\">\n                <div class=\"col-lg-12 content\" data-aos=\"fade-in\" data-aos-duration=\"1000\">\n                                                                                                                            <div class=\"highlighted mt-5 mt-lg-6 px-lg-5\">\n                            <p style=\"text-align: center;\"><span style=\"color: #d6a16b;\"><i>&#8220;Si reciclas algod\u00f3n, tienes que separar las fibras, las fibras se rompen y, por tanto, la calidad del algod\u00f3n posterior pierde calidad. As\u00ed que para unos vaqueros o una camiseta est\u00e1 bien, pero para prendas de alta calidad, hay que mezclarlo con algod\u00f3n nuevo&#8221;, es uno de los consejos que subraya Ariane Bigot, Directora Asociada de Moda de Premiere Vision.\u00a0<\/i><\/span><\/p>\n<p>&nbsp;<\/p>\n                        <\/div>\n                                                        <\/div>\n            <\/div>\n        <\/div>\n    <\/section>\n    \n\n    <section id=\"media-block_af95fbdda0b9acf4a4162f0a120ecb60\" class=\"section position-relative gp-block gp-media pt-0 pb-0\">\n        <div class=\"container\">\n            <div class=\"row g-0\">\n                <div class=\"col-lg-12 content\" data-aos=\"fade-in\" data-aos-duration=\"1000\">\n                                                                            <\/div>\n            <\/div>\n            <div class=\"row g-0\">\n                <div class=\"col-lg-6 \">\n                                                                                                                                                <figure class=\"mb-4 pt-lg-5 mb-lg-5 ps-lg-3 pe-lg-3\" data-aos=\"fade-up\" data-aos-duration=\"1000\"><div class=\"img-container\"><img loading=\"lazy\" decoding=\"async\" width=\"2560\" height=\"1707\" src=\"https:\/\/luxiders.com\/content\/uploads\/pv-paris-feb2023-alexgallosi-alg9534-2-scaled-1.jpeg\" class=\"img-fluid w-100\" alt=\"an intensity on natural dying, answers about sustainable textiles, premiere vision, premiere vision, Premi\u00e9re Vision 2023, the increase of ancestral plant fibers, the traceability of products\" srcset=\"https:\/\/luxiders.com\/content\/uploads\/pv-paris-feb2023-alexgallosi-alg9534-2-scaled-1.jpeg 2560w, https:\/\/luxiders.com\/content\/uploads\/pv-paris-feb2023-alexgallosi-alg9534-2-scaled-1-300x200.jpeg 300w, https:\/\/luxiders.com\/content\/uploads\/pv-paris-feb2023-alexgallosi-alg9534-2-scaled-1-1024x683.jpeg 1024w, https:\/\/luxiders.com\/content\/uploads\/pv-paris-feb2023-alexgallosi-alg9534-2-scaled-1-768x512.jpeg 768w, https:\/\/luxiders.com\/content\/uploads\/pv-paris-feb2023-alexgallosi-alg9534-2-scaled-1-1536x1024.jpeg 1536w, https:\/\/luxiders.com\/content\/uploads\/pv-paris-feb2023-alexgallosi-alg9534-2-scaled-1-2048x1366.jpeg 2048w\" sizes=\"(max-width: 2560px) 100vw, 2560px\" \/><\/div><\/figure>                                                                                            <\/div>\n                                    <div class=\"col-lg-6\">\n                                                                                                                                                        <figure class=\"mb-4 pt-lg-5 mb-lg-5 ps-lg-3 pe-lg-3\" data-aos=\"fade-up\" data-aos-duration=\"1000\"><div class=\"img-container\"><img loading=\"lazy\" decoding=\"async\" width=\"800\" height=\"1027\" src=\"https:\/\/luxiders.com\/content\/uploads\/PV9.jpeg\" class=\"img-fluid w-100\" alt=\"an intensity on natural dying, answers about sustainable textiles, premiere vision, premiere vision, Premi\u00e9re Vision 2023, the increase of ancestral plant fibers, the traceability of products\" srcset=\"https:\/\/luxiders.com\/content\/uploads\/PV9.jpeg 800w, https:\/\/luxiders.com\/content\/uploads\/PV9-234x300.jpeg 234w, https:\/\/luxiders.com\/content\/uploads\/PV9-798x1024.jpeg 798w, https:\/\/luxiders.com\/content\/uploads\/PV9-768x986.jpeg 768w\" sizes=\"(max-width: 800px) 100vw, 800px\" \/><\/div><figcaption>Undyed cotton from post-consumer denim for new denim fabrics, jacquards or knits. By Ecosimple Sustainable Fabrics, from Brazil.<\/figcaption><\/figure>                                                                                                        <\/div>\n                                            <\/div>\n        <\/div>\n    <\/section>\n    \n\n    <section id=\"textblock-block_67006d13ae28f51ff7ae45d8e87d155f\" class=\"section position-relative gp-block gp-textblock pt-0 pb-0\">\n        <div class=\"container\">\n            <div class=\"row g-0\">\n                <div class=\"col-lg-12 content\" data-aos=\"fade-in\" data-aos-duration=\"1000\">\n                                                                                <h3>THE RISE OF NATURALS<\/h3>\n<p>For a long time, linen, hemp, nettles and kapok have had a discreet market presence. Their inveronmental performances have enabled them to make a comeback. They now blend in with all kind of composition to create varied end products, enlivened by bright colours. All of them assure economic use of water, minimum imputs, crop rotation, carbon sink and zero waste.<\/p>\n<ul>\n<li><strong>Kapok<\/strong> is drought resistant and requires little water. It is insulating and naturally water repellent.<\/li>\n<li><strong>Cork<\/strong>. We have seen yarns using cork residue combined with cotton to add texture to marl yarns.<\/li>\n<li><strong>Nettle<\/strong> is a long fiber extracted from the stem of the plant. Its growth requires little water, is fast and allows up to 5 harvests per year. It absorbs dyes very well, is resistant and brings fabrics a crunchy aspect.<\/li>\n<li><strong>Soybean<\/strong>. We have seen a protein fiber derived from soybean by-products, transformed with a non-toxic, solvent in a closed loop process.<\/li>\n<li><strong>S-Caf\u00e9 \u00ae<\/strong> is a technology using coffee grinds blended with polymers, Cradle to Cradle and Bluesign certified.<\/li>\n<li><strong>Orange fiber<\/strong>. Another technology based on the extraction of high-quality cellulose from the lelfovers of the citrus fruit juice industry, representing 60% of the initial weight of the processed fruit.<\/li>\n<li><strong>Hemp<\/strong>. Cultivated in soil rotation, it cleans and strengthens the soil for the next crops. It requires little water and phytosanitary imputs. This zero waste plant is fully valorized and is an excellent carbon sink.<\/li>\n<li><strong>Abaca<\/strong> is a banana fiber, extracted from the leaves. Its culture requires only rainwater, no pesticides or fertilizers.<\/li>\n<li><strong>Pinayarn<\/strong> or <strong>Pinacell<\/strong> are based on the extraction of pineapple leaf fibres, an agricultural waste product, with resistant properties.<\/li>\n<li><strong>Agraloop\u00a0<\/strong>TM is using banana, pineapple, hemp or linen residues. Using responsible production that recycles water. The only effluents are organic amendments returned to the farmers for soil regeneration. The sub-products are used to make paper, bio-composites for construction, or for bio-energy to supply the factory.<\/li>\n<li><strong>Seacell<\/strong> TM, artificial fibre made from seaweed and wood pulp from sustainably managed forests using a process with a reduced chemical impact.<\/li>\n<li><strong>Ecovero<\/strong> TM, a viscose fibre, sourced from sustainably-managed and FSC-certified forests, optimized processing and FSC-certified.<\/li>\n<\/ul>\n<h3>NATURAL DYES EVOLVE. FROM WASTE TO FABRIC<\/h3>\n<p>The <strong>Spring-Summer 2024 color range<\/strong> encourages us to discover a variety of options and solutions, balanced between dream and reality.There is an evolution in natural dyes, made out of plants (indigo, genet) or fruits (Japanese plum), or Nano Earth dye technology with minerals. They provoque color ranges from pale to saturated tones, processes without tonic mordant, used on natural plant and animal fibers (cotton and silk) and cellulosic fibers (viscose and lyocell)<\/p>\n<p>The novelties come from food dyes made from food waste: matcha tea, rooibos tee, and coffee. Also from the use of\u00a0the natural colours of animal hair and plant fibres, in their range of white, greys and browns. In this case, it is very important the strict control of substances used and pigments coming from recycling, machines and technologies enabling greater\u00a0colour absorption, reduced water and energy use and the\u00a0generation of fewer effluents. As new technologies, we love:<\/p>\n<ul>\n<li><strong>COLOURIZD\u2122<\/strong> , a dyeing technology for cellulosic fibres, acting on the molecular structure of the cellulose to enable better dyeability, without bleaching the yarn before coloration, and saving 98% of water compared with traditional procedures, thus drastically reducing effluents.<\/li>\n<li><strong>Nano Earth<\/strong> dye uses non-toxic minerals with a nanotechnology that can permeate the colouring in the heart of the fibre, for an optimal use of the pigments and a reduction in the effluents to treat. There are fewer stages in the coloration process than in the conventional techniques for obtaining reduced water and energy consumption.<\/li>\n<li><strong>Recycrom\u00ae<\/strong> develops pigments using textile residues, worn-out clothing and production offcuts, processed into an extra-fine coloured power that can be used on cotton and plant fibres, wool, and polyamide. Easier to filter, this pigment colouring requires minimal wastewater treatment.<\/li>\n<li>New plant-based dying processes, using fruits, flowers, plants or agri-food vegetable residues to dye, without the use of toxic mordants, in a wide range of colours and stand the test of time and use.<\/li>\n<li>The <strong>Colorifix\u00ae<\/strong> technology is based on microbiology and on replicating DNA as it is found in nature in order to produce pigments. The fermentation of agricultural by-products can be used to create colorants thanks to the action of micro- organisms whose DNA contains enzymatic colour catalysts.<\/li>\n<\/ul>\n                                                        <\/div>\n            <\/div>\n        <\/div>\n    <\/section>\n    \n\n    <section id=\"media-block_9bb04547f7b8a2546e3bb807f739c612\" class=\"section position-relative gp-block gp-media pt-0 pb-0\">\n        <div class=\"container\">\n            <div class=\"row g-0\">\n                <div class=\"col-lg-12 content\" data-aos=\"fade-in\" data-aos-duration=\"1000\">\n                                                                            <\/div>\n            <\/div>\n            <div class=\"row g-0\">\n                <div class=\"col-lg-6 \">\n                                                                                                                                                <figure class=\"mb-4 pt-lg-0 mb-lg-5 ps-lg-3 pe-lg-3\" data-aos=\"fade-up\" data-aos-duration=\"1000\"><div class=\"img-container\"><img loading=\"lazy\" decoding=\"async\" width=\"800\" height=\"1285\" src=\"https:\/\/luxiders.com\/content\/uploads\/PV8.jpeg\" class=\"img-fluid w-100\" alt=\"an intensity on natural dying, answers about sustainable textiles, premiere vision, premiere vision, Premi\u00e9re Vision 2023, the increase of ancestral plant fibers, the traceability of products\" srcset=\"https:\/\/luxiders.com\/content\/uploads\/PV8.jpeg 800w, https:\/\/luxiders.com\/content\/uploads\/PV8-187x300.jpeg 187w, https:\/\/luxiders.com\/content\/uploads\/PV8-638x1024.jpeg 638w, https:\/\/luxiders.com\/content\/uploads\/PV8-768x1234.jpeg 768w\" sizes=\"(max-width: 800px) 100vw, 800px\" \/><\/div><figcaption>Made from Nettle, long fiber extracted from the stem of the plant. By Migra Since 1988, from Italy.<\/figcaption><\/figure>                                                                                            <\/div>\n                                    <div class=\"col-lg-6\">\n                                                                                                                                                        <figure class=\"mb-4 pt-lg-5 mb-lg-5 ps-lg-3 pe-lg-3\" data-aos=\"fade-up\" data-aos-duration=\"1000\"><div class=\"img-container\"><img loading=\"lazy\" decoding=\"async\" width=\"800\" height=\"533\" src=\"https:\/\/luxiders.com\/content\/uploads\/pv-paris-feb2023-francoisdurand-401285.jpeg\" class=\"img-fluid w-100\" alt=\"an intensity on natural dying, answers about sustainable textiles, premiere vision, premiere vision, Premi\u00e9re Vision 2023, the increase of ancestral plant fibers, the traceability of products\" srcset=\"https:\/\/luxiders.com\/content\/uploads\/pv-paris-feb2023-francoisdurand-401285.jpeg 800w, https:\/\/luxiders.com\/content\/uploads\/pv-paris-feb2023-francoisdurand-401285-300x200.jpeg 300w, https:\/\/luxiders.com\/content\/uploads\/pv-paris-feb2023-francoisdurand-401285-768x512.jpeg 768w\" sizes=\"(max-width: 800px) 100vw, 800px\" \/><\/div><\/figure>                                                                                                        <\/div>\n                                            <\/div>\n        <\/div>\n    <\/section>\n    \n\n    <section id=\"textblock-block_b4822a05c85fe548471c121ca3a241db\" class=\"section position-relative gp-block gp-textblock pt-0 pb-0\">\n        <div class=\"container\">\n            <div class=\"row g-0\">\n                <div class=\"col-lg-12 content\" data-aos=\"fade-in\" data-aos-duration=\"1000\">\n                                                                                <p style=\"text-align: center;\"><em><strong>+ Words:\u00a0<\/strong><\/em><\/p>\n<p style=\"text-align: center;\"><em><strong>Belvis Soler<\/strong><\/em><br \/>\n<em><strong>Luxiders Magazine<\/strong><\/em><\/p>\n                                                        <\/div>\n            <\/div>\n        <\/div>\n    <\/section>\n    ","protected":false},"excerpt":{"rendered":"","protected":false},"author":2,"featured_media":23204,"comment_status":"closed","ping_status":"closed","sticky":false,"template":"","format":"standard","meta":{"_acf_changed":false,"footnotes":""},"categories":[130],"tags":[4269,4270,5159,4271],"class_list":{"0":"post-23210","1":"post","2":"type-post","3":"status-publish","4":"format-standard","5":"has-post-thumbnail","7":"category-moda-sostenible-lujo","8":"tag-an-intensity-on-natural-dying-3","9":"tag-answers-about-sustainable-textiles-3","10":"tag-premiere-vision-3-es","11":"tag-premiere-vision-2023-3"},"acf":[],"yoast_head":"<title>Todas las respuestas sobre la sostenibilidad en la moda | Premiere Vision<\/title>\n<meta name=\"description\" content=\"Premi\u00e8re Vision inaugur\u00f3 un majestuoso Foro de Eco-Innovaci\u00f3n que mostr\u00f3 todos los innovadores tejidos sostenibles de los principales l\u00edderes\" \/>\n<meta name=\"robots\" content=\"index, follow, max-snippet:-1, max-image-preview:large, max-video-preview:-1\" \/>\n<link rel=\"canonical\" href=\"https:\/\/luxiders.com\/es\/premiere-vision-sostenibilidad-en-moda-2\/\" \/>\n<meta property=\"og:locale\" content=\"es_ES\" \/>\n<meta property=\"og:type\" content=\"article\" \/>\n<meta property=\"og:title\" content=\"Todas las respuestas sobre la sostenibilidad en la moda | Premiere Vision\" \/>\n<meta property=\"og:description\" content=\"Premi\u00e8re Vision inaugur\u00f3 un majestuoso Foro de Eco-Innovaci\u00f3n que mostr\u00f3 todos los innovadores tejidos sostenibles de los principales l\u00edderes\" \/>\n<meta property=\"og:url\" content=\"https:\/\/luxiders.com\/es\/premiere-vision-sostenibilidad-en-moda-2\/\" \/>\n<meta property=\"og:site_name\" content=\"Sustainable Fashion - Eco Design - Healthy Lifestyle - Luxiders Magazine\" \/>\n<meta property=\"article:published_time\" content=\"2023-05-19T13:44:55+00:00\" \/>\n<meta property=\"article:modified_time\" content=\"2024-03-08T12:24:39+00:00\" \/>\n<meta property=\"og:image\" content=\"https:\/\/luxiders.com\/content\/uploads\/pv-paris-feb2023-francoisdurand-302235.jpeg\" \/>\n\t<meta property=\"og:image:width\" content=\"1920\" \/>\n\t<meta property=\"og:image:height\" content=\"1281\" \/>\n\t<meta property=\"og:image:type\" content=\"image\/jpeg\" \/>\n<meta name=\"author\" content=\"luxiders\" \/>\n<meta name=\"twitter:card\" content=\"summary_large_image\" \/>\n<meta name=\"twitter:label1\" content=\"Written by\" \/>\n\t<meta name=\"twitter:data1\" content=\"luxiders\" \/>\n\t<meta name=\"twitter:label2\" content=\"Est. reading time\" \/>\n\t<meta name=\"twitter:data2\" content=\"14 minutes\" \/>\n<script type=\"application\/ld+json\" class=\"yoast-schema-graph\">{\"@context\":\"https:\/\/schema.org\",\"@graph\":[{\"@type\":\"Article\",\"@id\":\"https:\/\/luxiders.com\/es\/premiere-vision-sostenibilidad-en-moda-2\/#article\",\"isPartOf\":{\"@id\":\"https:\/\/luxiders.com\/es\/premiere-vision-sostenibilidad-en-moda-2\/\"},\"author\":{\"name\":\"luxiders\",\"@id\":\"https:\/\/luxiders.com\/es\/#\/schema\/person\/8632fa702ae2ce98f66c396254633de8\"},\"headline\":\"Todas las respuestas sobre la sostenibilidad en la moda | Premiere Vision 2023\",\"datePublished\":\"2023-05-19T13:44:55+00:00\",\"dateModified\":\"2024-03-08T12:24:39+00:00\",\"mainEntityOfPage\":{\"@id\":\"https:\/\/luxiders.com\/es\/premiere-vision-sostenibilidad-en-moda-2\/\"},\"wordCount\":11,\"publisher\":{\"@id\":\"https:\/\/luxiders.com\/es\/#organization\"},\"image\":{\"@id\":\"https:\/\/luxiders.com\/es\/premiere-vision-sostenibilidad-en-moda-2\/#primaryimage\"},\"thumbnailUrl\":\"https:\/\/luxiders.com\/content\/uploads\/pv-paris-feb2023-francoisdurand-302235.jpeg\",\"keywords\":[\"an intensity on natural dying.\",\"answers about sustainable textiles\",\"premiere vision\",\"Premi\u00e8re Vision 2023\"],\"articleSection\":[\"Moda\"],\"inLanguage\":\"es-ES\"},{\"@type\":\"WebPage\",\"@id\":\"https:\/\/luxiders.com\/es\/premiere-vision-sostenibilidad-en-moda-2\/\",\"url\":\"https:\/\/luxiders.com\/es\/premiere-vision-sostenibilidad-en-moda-2\/\",\"name\":\"Todas las respuestas sobre la sostenibilidad en la moda | Premiere Vision\",\"isPartOf\":{\"@id\":\"https:\/\/luxiders.com\/es\/#website\"},\"primaryImageOfPage\":{\"@id\":\"https:\/\/luxiders.com\/es\/premiere-vision-sostenibilidad-en-moda-2\/#primaryimage\"},\"image\":{\"@id\":\"https:\/\/luxiders.com\/es\/premiere-vision-sostenibilidad-en-moda-2\/#primaryimage\"},\"thumbnailUrl\":\"https:\/\/luxiders.com\/content\/uploads\/pv-paris-feb2023-francoisdurand-302235.jpeg\",\"datePublished\":\"2023-05-19T13:44:55+00:00\",\"dateModified\":\"2024-03-08T12:24:39+00:00\",\"description\":\"Premi\u00e8re Vision inaugur\u00f3 un majestuoso Foro de Eco-Innovaci\u00f3n que mostr\u00f3 todos los innovadores tejidos sostenibles de los principales l\u00edderes\",\"breadcrumb\":{\"@id\":\"https:\/\/luxiders.com\/es\/premiere-vision-sostenibilidad-en-moda-2\/#breadcrumb\"},\"inLanguage\":\"es-ES\",\"potentialAction\":[{\"@type\":\"ReadAction\",\"target\":[\"https:\/\/luxiders.com\/es\/premiere-vision-sostenibilidad-en-moda-2\/\"]}]},{\"@type\":\"ImageObject\",\"inLanguage\":\"es-ES\",\"@id\":\"https:\/\/luxiders.com\/es\/premiere-vision-sostenibilidad-en-moda-2\/#primaryimage\",\"url\":\"https:\/\/luxiders.com\/content\/uploads\/pv-paris-feb2023-francoisdurand-302235.jpeg\",\"contentUrl\":\"https:\/\/luxiders.com\/content\/uploads\/pv-paris-feb2023-francoisdurand-302235.jpeg\",\"width\":1920,\"height\":1281,\"caption\":\"an intensity on natural dying, answers about sustainable textiles, premiere vision, premiere vision, Premi\u00e9re Vision 2023, the increase of ancestral plant fibers, the traceability of products\"},{\"@type\":\"BreadcrumbList\",\"@id\":\"https:\/\/luxiders.com\/es\/premiere-vision-sostenibilidad-en-moda-2\/#breadcrumb\",\"itemListElement\":[{\"@type\":\"ListItem\",\"position\":1,\"name\":\"Startseite\",\"item\":\"https:\/\/luxiders.com\/es\/\"},{\"@type\":\"ListItem\",\"position\":2,\"name\":\"Moda\",\"item\":\"https:\/\/luxiders.com\/es\/category\/moda-sostenible-lujo\/\"},{\"@type\":\"ListItem\",\"position\":3,\"name\":\"Todas las respuestas sobre la sostenibilidad en la moda | Premiere Vision 2023\"}]},{\"@type\":\"WebSite\",\"@id\":\"https:\/\/luxiders.com\/es\/#website\",\"url\":\"https:\/\/luxiders.com\/es\/\",\"name\":\"Sustainable Fashion - Eco Design - Healthy Lifestyle - Luxiders Magazine\",\"description\":\"Luxiders is a sustainable luxury magazine highlighting the best stories about sustainable fashion, ethical fashion, eco-friendly design, green design, sustainable travel, natural beauty, organic beauty and healthy lifestyle. Know the best high-end, progressive and luxury sustainable brands and designers worldwide.\",\"publisher\":{\"@id\":\"https:\/\/luxiders.com\/es\/#organization\"},\"potentialAction\":[{\"@type\":\"SearchAction\",\"target\":{\"@type\":\"EntryPoint\",\"urlTemplate\":\"https:\/\/luxiders.com\/es\/?s={search_term_string}\"},\"query-input\":{\"@type\":\"PropertyValueSpecification\",\"valueRequired\":true,\"valueName\":\"search_term_string\"}}],\"inLanguage\":\"es-ES\"},{\"@type\":\"Organization\",\"@id\":\"https:\/\/luxiders.com\/es\/#organization\",\"name\":\"Sustainable Fashion - Eco Design - Healthy Lifestyle - Luxiders Magazine\",\"url\":\"https:\/\/luxiders.com\/es\/\",\"logo\":{\"@type\":\"ImageObject\",\"inLanguage\":\"es-ES\",\"@id\":\"https:\/\/luxiders.com\/es\/#\/schema\/logo\/image\/\",\"url\":\"https:\/\/luxiders.com\/content\/uploads\/lux-logo.svg\",\"contentUrl\":\"https:\/\/luxiders.com\/content\/uploads\/lux-logo.svg\",\"caption\":\"Sustainable Fashion - Eco Design - Healthy Lifestyle - Luxiders Magazine\"},\"image\":{\"@id\":\"https:\/\/luxiders.com\/es\/#\/schema\/logo\/image\/\"}},{\"@type\":\"Person\",\"@id\":\"https:\/\/luxiders.com\/es\/#\/schema\/person\/8632fa702ae2ce98f66c396254633de8\",\"name\":\"luxiders\",\"url\":\"https:\/\/luxiders.com\/es\/author\/luxiders\/\"}]}<\/script>","yoast_head_json":{"title":"Todas las respuestas sobre la sostenibilidad en la moda | Premiere Vision","description":"Premi\u00e8re Vision inaugur\u00f3 un majestuoso Foro de Eco-Innovaci\u00f3n que mostr\u00f3 todos los innovadores tejidos sostenibles de los principales l\u00edderes","robots":{"index":"index","follow":"follow","max-snippet":"max-snippet:-1","max-image-preview":"max-image-preview:large","max-video-preview":"max-video-preview:-1"},"canonical":"https:\/\/luxiders.com\/es\/premiere-vision-sostenibilidad-en-moda-2\/","og_locale":"es_ES","og_type":"article","og_title":"Todas las respuestas sobre la sostenibilidad en la moda | Premiere Vision","og_description":"Premi\u00e8re Vision inaugur\u00f3 un majestuoso Foro de Eco-Innovaci\u00f3n que mostr\u00f3 todos los innovadores tejidos sostenibles de los principales l\u00edderes","og_url":"https:\/\/luxiders.com\/es\/premiere-vision-sostenibilidad-en-moda-2\/","og_site_name":"Sustainable Fashion - Eco Design - Healthy Lifestyle - Luxiders Magazine","article_published_time":"2023-05-19T13:44:55+00:00","article_modified_time":"2024-03-08T12:24:39+00:00","og_image":[{"width":1920,"height":1281,"url":"https:\/\/luxiders.com\/content\/uploads\/pv-paris-feb2023-francoisdurand-302235.jpeg","type":"image\/jpeg"}],"author":"luxiders","twitter_card":"summary_large_image","twitter_misc":{"Written by":"luxiders","Est. reading time":"14 minutes"},"schema":{"@context":"https:\/\/schema.org","@graph":[{"@type":"Article","@id":"https:\/\/luxiders.com\/es\/premiere-vision-sostenibilidad-en-moda-2\/#article","isPartOf":{"@id":"https:\/\/luxiders.com\/es\/premiere-vision-sostenibilidad-en-moda-2\/"},"author":{"name":"luxiders","@id":"https:\/\/luxiders.com\/es\/#\/schema\/person\/8632fa702ae2ce98f66c396254633de8"},"headline":"Todas las respuestas sobre la sostenibilidad en la moda | Premiere Vision 2023","datePublished":"2023-05-19T13:44:55+00:00","dateModified":"2024-03-08T12:24:39+00:00","mainEntityOfPage":{"@id":"https:\/\/luxiders.com\/es\/premiere-vision-sostenibilidad-en-moda-2\/"},"wordCount":11,"publisher":{"@id":"https:\/\/luxiders.com\/es\/#organization"},"image":{"@id":"https:\/\/luxiders.com\/es\/premiere-vision-sostenibilidad-en-moda-2\/#primaryimage"},"thumbnailUrl":"https:\/\/luxiders.com\/content\/uploads\/pv-paris-feb2023-francoisdurand-302235.jpeg","keywords":["an intensity on natural dying.","answers about sustainable textiles","premiere vision","Premi\u00e8re Vision 2023"],"articleSection":["Moda"],"inLanguage":"es-ES"},{"@type":"WebPage","@id":"https:\/\/luxiders.com\/es\/premiere-vision-sostenibilidad-en-moda-2\/","url":"https:\/\/luxiders.com\/es\/premiere-vision-sostenibilidad-en-moda-2\/","name":"Todas las respuestas sobre la sostenibilidad en la moda | Premiere Vision","isPartOf":{"@id":"https:\/\/luxiders.com\/es\/#website"},"primaryImageOfPage":{"@id":"https:\/\/luxiders.com\/es\/premiere-vision-sostenibilidad-en-moda-2\/#primaryimage"},"image":{"@id":"https:\/\/luxiders.com\/es\/premiere-vision-sostenibilidad-en-moda-2\/#primaryimage"},"thumbnailUrl":"https:\/\/luxiders.com\/content\/uploads\/pv-paris-feb2023-francoisdurand-302235.jpeg","datePublished":"2023-05-19T13:44:55+00:00","dateModified":"2024-03-08T12:24:39+00:00","description":"Premi\u00e8re Vision inaugur\u00f3 un majestuoso Foro de Eco-Innovaci\u00f3n que mostr\u00f3 todos los innovadores tejidos sostenibles de los principales l\u00edderes","breadcrumb":{"@id":"https:\/\/luxiders.com\/es\/premiere-vision-sostenibilidad-en-moda-2\/#breadcrumb"},"inLanguage":"es-ES","potentialAction":[{"@type":"ReadAction","target":["https:\/\/luxiders.com\/es\/premiere-vision-sostenibilidad-en-moda-2\/"]}]},{"@type":"ImageObject","inLanguage":"es-ES","@id":"https:\/\/luxiders.com\/es\/premiere-vision-sostenibilidad-en-moda-2\/#primaryimage","url":"https:\/\/luxiders.com\/content\/uploads\/pv-paris-feb2023-francoisdurand-302235.jpeg","contentUrl":"https:\/\/luxiders.com\/content\/uploads\/pv-paris-feb2023-francoisdurand-302235.jpeg","width":1920,"height":1281,"caption":"an intensity on natural dying, answers about sustainable textiles, premiere vision, premiere vision, Premi\u00e9re Vision 2023, the increase of ancestral plant fibers, the traceability of products"},{"@type":"BreadcrumbList","@id":"https:\/\/luxiders.com\/es\/premiere-vision-sostenibilidad-en-moda-2\/#breadcrumb","itemListElement":[{"@type":"ListItem","position":1,"name":"Startseite","item":"https:\/\/luxiders.com\/es\/"},{"@type":"ListItem","position":2,"name":"Moda","item":"https:\/\/luxiders.com\/es\/category\/moda-sostenible-lujo\/"},{"@type":"ListItem","position":3,"name":"Todas las respuestas sobre la sostenibilidad en la moda | Premiere Vision 2023"}]},{"@type":"WebSite","@id":"https:\/\/luxiders.com\/es\/#website","url":"https:\/\/luxiders.com\/es\/","name":"Sustainable Fashion - Eco Design - Healthy Lifestyle - Luxiders Magazine","description":"Luxiders is a sustainable luxury magazine highlighting the best stories about sustainable fashion, ethical fashion, eco-friendly design, green design, sustainable travel, natural beauty, organic beauty and healthy lifestyle. Know the best high-end, progressive and luxury sustainable brands and designers worldwide.","publisher":{"@id":"https:\/\/luxiders.com\/es\/#organization"},"potentialAction":[{"@type":"SearchAction","target":{"@type":"EntryPoint","urlTemplate":"https:\/\/luxiders.com\/es\/?s={search_term_string}"},"query-input":{"@type":"PropertyValueSpecification","valueRequired":true,"valueName":"search_term_string"}}],"inLanguage":"es-ES"},{"@type":"Organization","@id":"https:\/\/luxiders.com\/es\/#organization","name":"Sustainable Fashion - Eco Design - Healthy Lifestyle - Luxiders Magazine","url":"https:\/\/luxiders.com\/es\/","logo":{"@type":"ImageObject","inLanguage":"es-ES","@id":"https:\/\/luxiders.com\/es\/#\/schema\/logo\/image\/","url":"https:\/\/luxiders.com\/content\/uploads\/lux-logo.svg","contentUrl":"https:\/\/luxiders.com\/content\/uploads\/lux-logo.svg","caption":"Sustainable Fashion - Eco Design - Healthy Lifestyle - Luxiders Magazine"},"image":{"@id":"https:\/\/luxiders.com\/es\/#\/schema\/logo\/image\/"}},{"@type":"Person","@id":"https:\/\/luxiders.com\/es\/#\/schema\/person\/8632fa702ae2ce98f66c396254633de8","name":"luxiders","url":"https:\/\/luxiders.com\/es\/author\/luxiders\/"}]}},"_links":{"self":[{"href":"https:\/\/luxiders.com\/es\/wp-json\/wp\/v2\/posts\/23210","targetHints":{"allow":["GET"]}}],"collection":[{"href":"https:\/\/luxiders.com\/es\/wp-json\/wp\/v2\/posts"}],"about":[{"href":"https:\/\/luxiders.com\/es\/wp-json\/wp\/v2\/types\/post"}],"author":[{"embeddable":true,"href":"https:\/\/luxiders.com\/es\/wp-json\/wp\/v2\/users\/2"}],"replies":[{"embeddable":true,"href":"https:\/\/luxiders.com\/es\/wp-json\/wp\/v2\/comments?post=23210"}],"version-history":[{"count":3,"href":"https:\/\/luxiders.com\/es\/wp-json\/wp\/v2\/posts\/23210\/revisions"}],"predecessor-version":[{"id":42084,"href":"https:\/\/luxiders.com\/es\/wp-json\/wp\/v2\/posts\/23210\/revisions\/42084"}],"wp:featuredmedia":[{"embeddable":true,"href":"https:\/\/luxiders.com\/es\/wp-json\/wp\/v2\/media\/23204"}],"wp:attachment":[{"href":"https:\/\/luxiders.com\/es\/wp-json\/wp\/v2\/media?parent=23210"}],"wp:term":[{"taxonomy":"category","embeddable":true,"href":"https:\/\/luxiders.com\/es\/wp-json\/wp\/v2\/categories?post=23210"},{"taxonomy":"post_tag","embeddable":true,"href":"https:\/\/luxiders.com\/es\/wp-json\/wp\/v2\/tags?post=23210"}],"curies":[{"name":"wp","href":"https:\/\/api.w.org\/{rel}","templated":true}]}}