{"id":25925,"date":"2023-09-27T13:12:00","date_gmt":"2023-09-27T11:12:00","guid":{"rendered":"http:\/\/luxiders.com.w01cc729.kasserver.com\/?p=25925"},"modified":"2023-12-19T13:38:56","modified_gmt":"2023-12-19T12:38:56","slug":"estos-han-sido-los-disenadores-sostenibles-que-han-desfilado-en-mbfwmadrid","status":"publish","type":"post","link":"https:\/\/luxiders.com\/es\/estos-han-sido-los-disenadores-sostenibles-que-han-desfilado-en-mbfwmadrid\/","title":{"rendered":"Estos han sido los dise\u00f1adores sostenibles que han desfilado en MBFW Madrid"},"content":{"rendered":"    <section id=\"textblock-block_a1c65e9c12deeddc5ba1ef146e417473\" class=\"section position-relative gp-block gp-textblock pt-0 pb-0\">\n        <div class=\"container\">\n            <div class=\"row g-0\">\n                <div class=\"col-lg-12 content\" data-aos=\"fade-in\" data-aos-duration=\"1000\">\n                                                                                    <div class=\"intro \">\n                            <p style=\"text-align: center;\">La 78\u00baedicion de la\u00a0Mercedes-Benz Fashion Week Madrid\u00a0trajo consigo la innovaci\u00f3n en los tejidos y en la artesan\u00eda por bandera, permitiendo hacer m\u00e1s visible la importancia de proteger el planeta dando estos pasos tan importantes.<\/p>\n                        <\/div>\n                                                                                                <\/div>\n            <\/div>\n        <\/div>\n    <\/section>\n    \n\n    <section id=\"newsletter-block_7593c2c8071623559d6a026e5b00afbf\" class=\"section position-relative gp-block gp-newsletter pt-0 pb-0 my-5\">\n        <div class=\"container\">\n            <div class=\"row g-0 pt-4 pb-3\">\n                <div class=\"col-lg-12 content text-center border pt-3\" data-aos=\"fade-in\" data-aos-duration=\"1000\">\n                                            <p><em>Para recibir el Newsletter de Luxiders Magazine,\u00a0<a href=\"https:\/\/landing.mailerlite.com\/webforms\/landing\/w2a1t0\" target=\"_blank\" rel=\"noopener\">suscr\u00edbete aqu\u00ed<\/a><\/em><\/p>\n                                    <\/div>\n            <\/div>\n        <\/div>\n    <\/section>\n    \n\n    <section id=\"textblock-block_c5d3629b92847cb7e74f2bdf88c7d678\" class=\"section position-relative gp-block gp-textblock pt-0 pb-0\">\n        <div class=\"container\">\n            <div class=\"row g-0\">\n                <div class=\"col-lg-12 content\" data-aos=\"fade-in\" data-aos-duration=\"1000\">\n                                                                                <p>Edici\u00f3n tras edici\u00f3n, la pasarela madrile\u00f1a MBFWMadrid nos sorprende con nuevas apuestas de dise\u00f1adores y sobre todo con nuevas t\u00e9cnicas para sorprender con sus colecciones. En mucho casos, el reciclaje de residuos es protagonista, pero tambi\u00e9n el empleo de t\u00e9cnicas que se convierte en innovaci\u00f3n en la actualidad. No obstante, se les quita el polvo de los libros de historia para crear colecciones \u00fanicas e inigualables.<span class=\"Apple-converted-space\">\u00a0<\/span><\/p>\n<p>Es lo que ha ocurrido con la colecci\u00f3n de\u00a0<a href=\"https:\/\/www.instagram.com\/jcpajares\/\" target=\"_blank\" rel=\"noopener\">JC Pajares,\u00a0<\/a>quien volvi\u00f3 a apostar por la artesan\u00eda de su tierra, de Castilla La Mancha, haciendo hincapi\u00e9 en su colecci\u00f3n que la mayor t\u00e9cnica sostenible que existe es la artesan\u00eda local, un peque\u00f1o lujo que pocos pueden disfrutar pero que sobre todo ofrece un resultado exquisito, una aut\u00e9ntica obra de arte.<\/p>\n<p>Por otro lado, la granadina\u00a0<a href=\"https:\/\/luxiders.com\/pilar-dalbat-the-transmission-of-memories-and-the-emotion-of-a-devoted-audience\/\" target=\"_blank\" rel=\"noopener\">Pilar Dalbat<\/a>\u00a0volvi\u00f3 a recuperar t\u00e9cnicas de Mario Fortuny, en quien ya se hab\u00eda inspirado en colecciones anteriores. Su inspiraci\u00f3n siempre eleva sus trajes a otro nivel y consigue emocionar a un p\u00fablico que muestra inter\u00e9s por la historia y tambi\u00e9n por la recuperaci\u00f3n de estas t\u00e9cnicas que se convierten en un aut\u00e9ntico lujo y en la aut\u00e9ntica sostenibilidad.<\/p>\n                                                        <\/div>\n            <\/div>\n        <\/div>\n    <\/section>\n    \n\n    <section id=\"media-block_93a3f0b3a645be504ba75d09efae5751\" class=\"section position-relative gp-block gp-media pt-0 pb-0\">\n        <div class=\"container\">\n            <div class=\"row g-0\">\n                <div class=\"col-lg-12 content\" data-aos=\"fade-in\" data-aos-duration=\"1000\">\n                                                                            <\/div>\n            <\/div>\n            <div class=\"row g-0\">\n                <div class=\"col-lg-6 \">\n                                                                                                                                                <figure class=\"mb-4 pt-lg-5 mb-lg-5 ps-lg-0 pe-lg-6\" data-aos=\"fade-up\" data-aos-duration=\"1000\"><div class=\"img-container\"><img loading=\"lazy\" decoding=\"async\" width=\"800\" height=\"1200\" src=\"https:\/\/luxiders.com\/content\/uploads\/Madrid_M_PS23_JCPajares_-0070.jpeg\" class=\"img-fluid w-100\" alt=\"\" srcset=\"https:\/\/luxiders.com\/content\/uploads\/Madrid_M_PS23_JCPajares_-0070.jpeg 800w, https:\/\/luxiders.com\/content\/uploads\/Madrid_M_PS23_JCPajares_-0070-200x300.jpeg 200w, https:\/\/luxiders.com\/content\/uploads\/Madrid_M_PS23_JCPajares_-0070-683x1024.jpeg 683w, https:\/\/luxiders.com\/content\/uploads\/Madrid_M_PS23_JCPajares_-0070-768x1152.jpeg 768w\" sizes=\"(max-width: 800px) 100vw, 800px\" \/><\/div><figcaption>JC Pajares\n\n<\/figcaption><\/figure>                                                                                            <\/div>\n                                    <div class=\"col-lg-6\">\n                                                                                                                                                        <figure class=\"mb-4 pt-lg-5 mb-lg-5 ps-lg-6 pe-lg-0\" data-aos=\"fade-up\" data-aos-duration=\"1000\"><div class=\"img-container\"><img loading=\"lazy\" decoding=\"async\" width=\"800\" height=\"1200\" src=\"https:\/\/luxiders.com\/content\/uploads\/Madrid_M_PS23_JCPajares_-0223.jpeg\" class=\"img-fluid w-100\" alt=\"\" srcset=\"https:\/\/luxiders.com\/content\/uploads\/Madrid_M_PS23_JCPajares_-0223.jpeg 800w, https:\/\/luxiders.com\/content\/uploads\/Madrid_M_PS23_JCPajares_-0223-200x300.jpeg 200w, https:\/\/luxiders.com\/content\/uploads\/Madrid_M_PS23_JCPajares_-0223-683x1024.jpeg 683w, https:\/\/luxiders.com\/content\/uploads\/Madrid_M_PS23_JCPajares_-0223-768x1152.jpeg 768w\" sizes=\"(max-width: 800px) 100vw, 800px\" \/><\/div><figcaption>JC Pajares\n\n<\/figcaption><\/figure>                                                                                                        <\/div>\n                                            <\/div>\n        <\/div>\n    <\/section>\n    \n\n    <section id=\"media-block_d49d8c87db59bcdf9f17c9b350e38d20\" class=\"section position-relative gp-block gp-media pt-0 pb-0\">\n        <div class=\"container\">\n            <div class=\"row g-0\">\n                <div class=\"col-lg-12 content\" data-aos=\"fade-in\" data-aos-duration=\"1000\">\n                                                                            <\/div>\n            <\/div>\n            <div class=\"row g-0\">\n                <div class=\"col-lg-6 \">\n                                                                                                                                                <figure class=\"mb-4 pt-lg-5 mb-lg-5 ps-lg-0 pe-lg-6\" data-aos=\"fade-up\" data-aos-duration=\"1000\"><div class=\"img-container\"><img loading=\"lazy\" decoding=\"async\" width=\"1706\" height=\"2560\" src=\"https:\/\/luxiders.com\/content\/uploads\/Madrid_M_PS23_JCPajares_-0235-scaled-1.jpeg\" class=\"img-fluid w-100\" alt=\"\" srcset=\"https:\/\/luxiders.com\/content\/uploads\/Madrid_M_PS23_JCPajares_-0235-scaled-1.jpeg 1706w, https:\/\/luxiders.com\/content\/uploads\/Madrid_M_PS23_JCPajares_-0235-scaled-1-200x300.jpeg 200w, https:\/\/luxiders.com\/content\/uploads\/Madrid_M_PS23_JCPajares_-0235-scaled-1-682x1024.jpeg 682w, https:\/\/luxiders.com\/content\/uploads\/Madrid_M_PS23_JCPajares_-0235-scaled-1-768x1152.jpeg 768w, https:\/\/luxiders.com\/content\/uploads\/Madrid_M_PS23_JCPajares_-0235-scaled-1-1024x1536.jpeg 1024w, https:\/\/luxiders.com\/content\/uploads\/Madrid_M_PS23_JCPajares_-0235-scaled-1-1365x2048.jpeg 1365w\" sizes=\"(max-width: 1706px) 100vw, 1706px\" \/><\/div><figcaption>JC Pajares\n\n<\/figcaption><\/figure>                                                                                            <\/div>\n                                    <div class=\"col-lg-6\">\n                                                                                                                                                        <figure class=\"mb-4 pt-lg-5 mb-lg-5 ps-lg-6 pe-lg-0\" data-aos=\"fade-up\" data-aos-duration=\"1000\"><div class=\"img-container\"><img loading=\"lazy\" decoding=\"async\" width=\"1000\" height=\"1500\" src=\"https:\/\/luxiders.com\/content\/uploads\/Madrid_M_PS23_JCPajares_-0447.jpeg\" class=\"img-fluid w-100\" alt=\"\" srcset=\"https:\/\/luxiders.com\/content\/uploads\/Madrid_M_PS23_JCPajares_-0447.jpeg 1000w, https:\/\/luxiders.com\/content\/uploads\/Madrid_M_PS23_JCPajares_-0447-200x300.jpeg 200w, https:\/\/luxiders.com\/content\/uploads\/Madrid_M_PS23_JCPajares_-0447-683x1024.jpeg 683w, https:\/\/luxiders.com\/content\/uploads\/Madrid_M_PS23_JCPajares_-0447-768x1152.jpeg 768w\" sizes=\"(max-width: 1000px) 100vw, 1000px\" \/><\/div><figcaption>JC Pajares\n\n<\/figcaption><\/figure>                                                                                                        <\/div>\n                                            <\/div>\n        <\/div>\n    <\/section>\n    \n\n    <section id=\"textblock-block_8077d17d15aff06858bd2cf6eb007a38\" class=\"section position-relative gp-block gp-textblock pt-0 pb-0\">\n        <div class=\"container\">\n            <div class=\"row g-0\">\n                <div class=\"col-lg-12 content\" data-aos=\"fade-in\" data-aos-duration=\"1000\">\n                                                                                <p>No obstante, los materiales que se utilizan son siempre los que m\u00e1s llaman la atenci\u00f3n. En esta l\u00ednea,\u00a0<a href=\"https:\/\/www.instagram.com\/isabelsanchiscostura\/\" target=\"_blank\" rel=\"noopener\">Isabel Sanch\u00eds<\/a>\u00a0present\u00f3 una colecci\u00f3n en la que experiment\u00f3 no s\u00f3lo con sus vol\u00famenes y cortes en sus patrones, sino sobre todo en sus tejidos. En ellos experimenta con crines, pl\u00e1sticos reciclados y nuevos acabados manuales, empuj\u00e1ndolos a nuevos l\u00edmites y resultados.<span class=\"Apple-converted-space\">\u00a0<\/span><\/p>\n<p>Igual ocurri\u00f3 con\u00a0<a href=\"https:\/\/www.instagram.com\/marialafuentefashion\/\" target=\"_blank\" rel=\"noopener\">Mar\u00eda Lafuente<\/a>, quien incorpor\u00f3 a sus dise\u00f1os el tejido de corcho, tencel de textil Santanderina certificado PEFC y encaje Tire-X, sorprendiendo con sus grandes vol\u00famenes y con una colecci\u00f3n llena de color.<\/p>\n<p>Pero la sostenibilidad tambi\u00e9n est\u00e1 presente en la historia que se cuenta a trav\u00e9s de la colecci\u00f3n sobre la pasarela. Es el caso de\u00a0<a href=\"https:\/\/luxiders.com\/ynesuelves-my-collections-are-my-memories\/\" target=\"_blank\" rel=\"noopener\">YneSuelves<\/a>\u00a0quien cont\u00f3 los destrozos que est\u00e1 sufriendo el oc\u00e9ano y de toda la contaminaci\u00f3n de los micropl\u00e1sticos. Tanto sus tejidos como el coraz\u00f3n del relato que contaba a trav\u00e9s de sus trajes, explicaba que se necesitaban grandes cambios para poder evitar grandes destrozos.<\/p>\n<p>Cada vez son m\u00e1s las firmas que apuestan por el empleo de tejidos sostenibles y por concienciar al p\u00fablico a trav\u00e9s de sus colecciones, en esta misma l\u00ednea contin\u00faa la\u00a0<a href=\"https:\/\/luxiders.com\/fashion-week-madrid-2021-sustainable-designers-to-watch\/\" target=\"_blank\" rel=\"noopener\">Mercedes Benz Fashion Week Madrid<\/a>\u00a0apostando por todo ello. Un progreso que no s\u00f3lo seguir\u00e1 siendo protagonista, sino que tambi\u00e9n tendr\u00e1 mayor protagonismo.<span class=\"Apple-converted-space\">\u00a0<\/span><\/p>\n                                                        <\/div>\n            <\/div>\n        <\/div>\n    <\/section>\n    \n\n    <section id=\"media-block_c42857faca4a8f3499e22b7fc1c55172\" class=\"section position-relative gp-block gp-media pt-0 pb-0\">\n        <div class=\"container\">\n            <div class=\"row g-0\">\n                <div class=\"col-lg-12 content\" data-aos=\"fade-in\" data-aos-duration=\"1000\">\n                                                                            <\/div>\n            <\/div>\n            <div class=\"row g-0\">\n                <div class=\"col-lg-6 \">\n                                                                                                                                                <figure class=\"mb-4 pt-lg-5 mb-lg-5 ps-lg-0 pe-lg-6\" data-aos=\"fade-up\" data-aos-duration=\"1000\"><div class=\"img-container\"><img loading=\"lazy\" decoding=\"async\" width=\"667\" height=\"1000\" src=\"https:\/\/luxiders.com\/content\/uploads\/Madrid_PASARELA-29.jpeg\" class=\"img-fluid w-100\" alt=\"\" srcset=\"https:\/\/luxiders.com\/content\/uploads\/Madrid_PASARELA-29.jpeg 667w, https:\/\/luxiders.com\/content\/uploads\/Madrid_PASARELA-29-200x300.jpeg 200w\" sizes=\"(max-width: 667px) 100vw, 667px\" \/><\/div><figcaption>Ynesuelves<\/figcaption><\/figure>                                                                                            <\/div>\n                                    <div class=\"col-lg-6\">\n                                                                                                                                                        <figure class=\"mb-4 pt-lg-5 mb-lg-5 ps-lg-6 pe-lg-0\" data-aos=\"fade-up\" data-aos-duration=\"1000\"><div class=\"img-container\"><img loading=\"lazy\" decoding=\"async\" width=\"667\" height=\"1000\" src=\"https:\/\/luxiders.com\/content\/uploads\/Madrid_PASARELA-20.jpeg\" class=\"img-fluid w-100\" alt=\"\" srcset=\"https:\/\/luxiders.com\/content\/uploads\/Madrid_PASARELA-20.jpeg 667w, https:\/\/luxiders.com\/content\/uploads\/Madrid_PASARELA-20-200x300.jpeg 200w\" sizes=\"(max-width: 667px) 100vw, 667px\" \/><\/div><figcaption>Ynesuelves<\/figcaption><\/figure>                                                                                                        <\/div>\n                                            <\/div>\n        <\/div>\n    <\/section>\n    \n\n    <section id=\"media-block_5080f9715e6166ac5060b24bc8bfa90c\" class=\"section position-relative gp-block gp-media pt-0 pb-0\">\n        <div class=\"container\">\n            <div class=\"row g-0\">\n                <div class=\"col-lg-12 content\" data-aos=\"fade-in\" data-aos-duration=\"1000\">\n                                                                            <\/div>\n            <\/div>\n            <div class=\"row g-0\">\n                <div class=\"col-lg-6 \">\n                                                                                                                                                <figure class=\"mb-4 pt-lg-5 mb-lg-5 ps-lg-3 pe-lg-8\" data-aos=\"fade-up\" data-aos-duration=\"1000\"><div class=\"img-container\"><img loading=\"lazy\" decoding=\"async\" width=\"667\" height=\"1000\" src=\"https:\/\/luxiders.com\/content\/uploads\/Madrid_PASARELA-19.jpeg\" class=\"img-fluid w-100\" alt=\"\" srcset=\"https:\/\/luxiders.com\/content\/uploads\/Madrid_PASARELA-19.jpeg 667w, https:\/\/luxiders.com\/content\/uploads\/Madrid_PASARELA-19-200x300.jpeg 200w\" sizes=\"(max-width: 667px) 100vw, 667px\" \/><\/div><figcaption>Ynesuelves<\/figcaption><\/figure>                                                                                            <\/div>\n                                    <div class=\"col-lg-6\">\n                                                                                                                                                        <figure class=\"mb-4 pt-lg-5 mb-lg-5 ps-lg-2 pe-lg-0\" data-aos=\"fade-up\" data-aos-duration=\"1000\"><div class=\"img-container\"><img loading=\"lazy\" decoding=\"async\" width=\"667\" height=\"1000\" src=\"https:\/\/luxiders.com\/content\/uploads\/Madrid_PASARELA-18.jpeg\" class=\"img-fluid w-100\" alt=\"\" srcset=\"https:\/\/luxiders.com\/content\/uploads\/Madrid_PASARELA-18.jpeg 667w, https:\/\/luxiders.com\/content\/uploads\/Madrid_PASARELA-18-200x300.jpeg 200w\" sizes=\"(max-width: 667px) 100vw, 667px\" \/><\/div><figcaption>Ynesuelves<\/figcaption><\/figure>                                                                                                        <\/div>\n                                            <\/div>\n        <\/div>\n    <\/section>\n    \n\n    <section id=\"media-block_8e1f74254387e1d03846b867a16a77a1\" class=\"section position-relative gp-block gp-media pt-0 pb-0\">\n        <div class=\"container\">\n            <div class=\"row g-0\">\n                <div class=\"col-lg-12 content\" data-aos=\"fade-in\" data-aos-duration=\"1000\">\n                                                                            <\/div>\n            <\/div>\n            <div class=\"row g-0\">\n                <div class=\"col-lg-6 \">\n                                                                                                                                                <figure class=\"mb-4 pt-lg-5 mb-lg-5 ps-lg-0 pe-lg-0\" data-aos=\"fade-up\" data-aos-duration=\"1000\"><div class=\"img-container\"><img loading=\"lazy\" decoding=\"async\" width=\"1200\" height=\"800\" src=\"https:\/\/luxiders.com\/content\/uploads\/Madrid_MBFWM_PS23_Mans_0794.jpeg\" class=\"img-fluid w-100\" alt=\"\" srcset=\"https:\/\/luxiders.com\/content\/uploads\/Madrid_MBFWM_PS23_Mans_0794.jpeg 1200w, https:\/\/luxiders.com\/content\/uploads\/Madrid_MBFWM_PS23_Mans_0794-300x200.jpeg 300w, https:\/\/luxiders.com\/content\/uploads\/Madrid_MBFWM_PS23_Mans_0794-1024x683.jpeg 1024w, https:\/\/luxiders.com\/content\/uploads\/Madrid_MBFWM_PS23_Mans_0794-768x512.jpeg 768w\" sizes=\"(max-width: 1200px) 100vw, 1200px\" \/><\/div><figcaption>Mercedes-Benz Fashion Week Madrid 2023\n\n<\/figcaption><\/figure>                                                                                            <\/div>\n                                    <div class=\"col-lg-6\">\n                                                                                                                                                        <figure class=\"mb-4 pt-lg-5 mb-lg-5 ps-lg-8 pe-lg-8\" data-aos=\"fade-up\" data-aos-duration=\"1000\"><div class=\"img-container\"><img loading=\"lazy\" decoding=\"async\" width=\"1000\" height=\"1500\" src=\"https:\/\/luxiders.com\/content\/uploads\/Madrid_M_PS23_Maria_Lafuente_0021.jpeg\" class=\"img-fluid w-100\" alt=\"\" srcset=\"https:\/\/luxiders.com\/content\/uploads\/Madrid_M_PS23_Maria_Lafuente_0021.jpeg 1000w, https:\/\/luxiders.com\/content\/uploads\/Madrid_M_PS23_Maria_Lafuente_0021-200x300.jpeg 200w, https:\/\/luxiders.com\/content\/uploads\/Madrid_M_PS23_Maria_Lafuente_0021-683x1024.jpeg 683w, https:\/\/luxiders.com\/content\/uploads\/Madrid_M_PS23_Maria_Lafuente_0021-768x1152.jpeg 768w\" sizes=\"(max-width: 1000px) 100vw, 1000px\" \/><\/div><figcaption>Maria LaFuente\n\n<\/figcaption><\/figure>                                                                                                        <\/div>\n                                            <\/div>\n        <\/div>\n    <\/section>\n    \n\n    <section id=\"media-block_68032db56a931755a084cb7fc4f3a511\" class=\"section position-relative gp-block gp-media pt-0 pb-0\">\n        <div class=\"container\">\n            <div class=\"row g-0\">\n                <div class=\"col-lg-12 content\" data-aos=\"fade-in\" data-aos-duration=\"1000\">\n                                                                            <\/div>\n            <\/div>\n            <div class=\"row g-0\">\n                <div class=\"col-lg-6 \">\n                                                                                                                                                <figure class=\"mb-4 pt-lg-5 mb-lg-5 ps-lg-3 pe-lg-8\" data-aos=\"fade-up\" data-aos-duration=\"1000\"><div class=\"img-container\"><img loading=\"lazy\" decoding=\"async\" width=\"800\" height=\"1200\" src=\"https:\/\/luxiders.com\/content\/uploads\/Madrid_M_PS23_Maria_Lafuente_0947.jpeg\" class=\"img-fluid w-100\" alt=\"\" srcset=\"https:\/\/luxiders.com\/content\/uploads\/Madrid_M_PS23_Maria_Lafuente_0947.jpeg 800w, https:\/\/luxiders.com\/content\/uploads\/Madrid_M_PS23_Maria_Lafuente_0947-200x300.jpeg 200w, https:\/\/luxiders.com\/content\/uploads\/Madrid_M_PS23_Maria_Lafuente_0947-683x1024.jpeg 683w, https:\/\/luxiders.com\/content\/uploads\/Madrid_M_PS23_Maria_Lafuente_0947-768x1152.jpeg 768w\" sizes=\"(max-width: 800px) 100vw, 800px\" \/><\/div><figcaption>Maria LaFuente\n\n<\/figcaption><\/figure>                                                                                            <\/div>\n                                    <div class=\"col-lg-6\">\n                                                                                                                                                        <figure class=\"mb-4 pt-lg-5 mb-lg-5 ps-lg-2 pe-lg-0\" data-aos=\"fade-up\" data-aos-duration=\"1000\"><div class=\"img-container\"><img loading=\"lazy\" decoding=\"async\" width=\"1000\" height=\"1500\" src=\"https:\/\/luxiders.com\/content\/uploads\/Madrid_M_PS23_Maria_Lafuente_0970.jpeg\" class=\"img-fluid w-100\" alt=\"\" srcset=\"https:\/\/luxiders.com\/content\/uploads\/Madrid_M_PS23_Maria_Lafuente_0970.jpeg 1000w, https:\/\/luxiders.com\/content\/uploads\/Madrid_M_PS23_Maria_Lafuente_0970-200x300.jpeg 200w, https:\/\/luxiders.com\/content\/uploads\/Madrid_M_PS23_Maria_Lafuente_0970-683x1024.jpeg 683w, https:\/\/luxiders.com\/content\/uploads\/Madrid_M_PS23_Maria_Lafuente_0970-768x1152.jpeg 768w\" sizes=\"(max-width: 1000px) 100vw, 1000px\" \/><\/div><figcaption>Maria LaFuente\n\n<\/figcaption><\/figure>                                                                                                        <\/div>\n                                            <\/div>\n        <\/div>\n    <\/section>\n    \n\n    <section id=\"textblock-block_c61b2afe17ea09e08b87c7094a2830f5\" class=\"section position-relative gp-block gp-textblock pt-0 pb-0\">\n        <div class=\"container\">\n            <div class=\"row g-0\">\n                <div class=\"col-lg-12 content\" data-aos=\"fade-in\" data-aos-duration=\"1000\">\n                                                                                <p>&nbsp;<\/p>\n<p style=\"text-align: center;\"><strong><i>+\u00a0All Images: \u00a9 Courtesy MBFWMadrid<\/i><\/strong><\/p>\n<p style=\"text-align: center;\"><strong><em>Words:<br \/>\n<\/em><\/strong><strong><em>Ana F. V\u00e1zquez<br \/>\nLuxiders Magazine Contributor<\/em><\/strong><\/p>\n                                                        <\/div>\n            <\/div>\n        <\/div>\n    <\/section>\n    ","protected":false},"excerpt":{"rendered":"","protected":false},"author":2,"featured_media":25934,"comment_status":"closed","ping_status":"closed","sticky":false,"template":"","format":"standard","meta":{"_acf_changed":false,"footnotes":""},"categories":[130],"tags":[5012,385,5013,5014,5015],"class_list":{"0":"post-25925","1":"post","2":"type-post","3":"status-publish","4":"format-standard","5":"has-post-thumbnail","7":"category-moda-sostenible-lujo","8":"tag-catwalk-es","9":"tag-fashion-es","10":"tag-mercedes-benz-madrid-fashion-week-es","11":"tag-sustainable-fashion-event-es","12":"tag-sustainable-fashion-madrid-es"},"acf":[],"yoast_head":"<title>Dise\u00f1adores sostenibles en MBFWMadrid | Luxiders Magazine<\/title>\n<meta name=\"description\" content=\"La 78\u00aa edici\u00f3n de Mercedes-Benz Fashion Week Madrid trajo consigo la innovaci\u00f3n en tejidos y la artesan\u00eda como bandera,...\" \/>\n<meta name=\"robots\" content=\"index, follow, max-snippet:-1, max-image-preview:large, max-video-preview:-1\" \/>\n<link rel=\"canonical\" href=\"https:\/\/luxiders.com\/es\/estos-han-sido-los-disenadores-sostenibles-que-han-desfilado-en-mbfwmadrid\/\" \/>\n<meta property=\"og:locale\" content=\"es_ES\" \/>\n<meta property=\"og:type\" content=\"article\" \/>\n<meta property=\"og:title\" content=\"Dise\u00f1adores sostenibles en MBFWMadrid | Luxiders Magazine\" \/>\n<meta property=\"og:description\" content=\"La 78\u00aa edici\u00f3n de Mercedes-Benz Fashion Week Madrid trajo consigo la innovaci\u00f3n en tejidos y la artesan\u00eda como bandera,...\" \/>\n<meta property=\"og:url\" content=\"https:\/\/luxiders.com\/es\/estos-han-sido-los-disenadores-sostenibles-que-han-desfilado-en-mbfwmadrid\/\" \/>\n<meta property=\"og:site_name\" content=\"Sustainable Fashion - Eco Design - Healthy Lifestyle - Luxiders Magazine\" \/>\n<meta property=\"article:published_time\" content=\"2023-09-27T11:12:00+00:00\" \/>\n<meta property=\"article:modified_time\" content=\"2023-12-19T12:38:56+00:00\" \/>\n<meta property=\"og:image\" content=\"https:\/\/luxiders.com\/content\/uploads\/Madrid_H_MM_PS23_JCPajares_-0235.jpeg\" \/>\n\t<meta property=\"og:image:width\" content=\"1920\" \/>\n\t<meta property=\"og:image:height\" content=\"1337\" \/>\n\t<meta property=\"og:image:type\" content=\"image\/jpeg\" \/>\n<meta name=\"author\" content=\"luxiders\" \/>\n<meta name=\"twitter:card\" content=\"summary_large_image\" \/>\n<meta name=\"twitter:label1\" content=\"Written by\" \/>\n\t<meta name=\"twitter:data1\" content=\"luxiders\" \/>\n<script type=\"application\/ld+json\" class=\"yoast-schema-graph\">{\"@context\":\"https:\/\/schema.org\",\"@graph\":[{\"@type\":\"Article\",\"@id\":\"https:\/\/luxiders.com\/es\/estos-han-sido-los-disenadores-sostenibles-que-han-desfilado-en-mbfwmadrid\/#article\",\"isPartOf\":{\"@id\":\"https:\/\/luxiders.com\/es\/estos-han-sido-los-disenadores-sostenibles-que-han-desfilado-en-mbfwmadrid\/\"},\"author\":{\"name\":\"luxiders\",\"@id\":\"https:\/\/luxiders.com\/es\/#\/schema\/person\/8632fa702ae2ce98f66c396254633de8\"},\"headline\":\"Estos han sido los dise\u00f1adores sostenibles que han desfilado en MBFW Madrid\",\"datePublished\":\"2023-09-27T11:12:00+00:00\",\"dateModified\":\"2023-12-19T12:38:56+00:00\",\"mainEntityOfPage\":{\"@id\":\"https:\/\/luxiders.com\/es\/estos-han-sido-los-disenadores-sostenibles-que-han-desfilado-en-mbfwmadrid\/\"},\"wordCount\":13,\"publisher\":{\"@id\":\"https:\/\/luxiders.com\/es\/#organization\"},\"image\":{\"@id\":\"https:\/\/luxiders.com\/es\/estos-han-sido-los-disenadores-sostenibles-que-han-desfilado-en-mbfwmadrid\/#primaryimage\"},\"thumbnailUrl\":\"https:\/\/luxiders.com\/content\/uploads\/Madrid_H_MM_PS23_JCPajares_-0235.jpeg\",\"keywords\":[\"catwalk\",\"fashion\",\"Mercedes Benz Madrid Fashion Week\",\"sustainable fashion event\",\"sustainable fashion madrid\"],\"articleSection\":[\"Moda\"],\"inLanguage\":\"es-ES\"},{\"@type\":\"WebPage\",\"@id\":\"https:\/\/luxiders.com\/es\/estos-han-sido-los-disenadores-sostenibles-que-han-desfilado-en-mbfwmadrid\/\",\"url\":\"https:\/\/luxiders.com\/es\/estos-han-sido-los-disenadores-sostenibles-que-han-desfilado-en-mbfwmadrid\/\",\"name\":\"Dise\u00f1adores sostenibles en MBFWMadrid | Luxiders Magazine\",\"isPartOf\":{\"@id\":\"https:\/\/luxiders.com\/es\/#website\"},\"primaryImageOfPage\":{\"@id\":\"https:\/\/luxiders.com\/es\/estos-han-sido-los-disenadores-sostenibles-que-han-desfilado-en-mbfwmadrid\/#primaryimage\"},\"image\":{\"@id\":\"https:\/\/luxiders.com\/es\/estos-han-sido-los-disenadores-sostenibles-que-han-desfilado-en-mbfwmadrid\/#primaryimage\"},\"thumbnailUrl\":\"https:\/\/luxiders.com\/content\/uploads\/Madrid_H_MM_PS23_JCPajares_-0235.jpeg\",\"datePublished\":\"2023-09-27T11:12:00+00:00\",\"dateModified\":\"2023-12-19T12:38:56+00:00\",\"description\":\"La 78\u00aa edici\u00f3n de Mercedes-Benz Fashion Week Madrid trajo consigo la innovaci\u00f3n en tejidos y la artesan\u00eda como bandera,...\",\"breadcrumb\":{\"@id\":\"https:\/\/luxiders.com\/es\/estos-han-sido-los-disenadores-sostenibles-que-han-desfilado-en-mbfwmadrid\/#breadcrumb\"},\"inLanguage\":\"es-ES\",\"potentialAction\":[{\"@type\":\"ReadAction\",\"target\":[\"https:\/\/luxiders.com\/es\/estos-han-sido-los-disenadores-sostenibles-que-han-desfilado-en-mbfwmadrid\/\"]}]},{\"@type\":\"ImageObject\",\"inLanguage\":\"es-ES\",\"@id\":\"https:\/\/luxiders.com\/es\/estos-han-sido-los-disenadores-sostenibles-que-han-desfilado-en-mbfwmadrid\/#primaryimage\",\"url\":\"https:\/\/luxiders.com\/content\/uploads\/Madrid_H_MM_PS23_JCPajares_-0235.jpeg\",\"contentUrl\":\"https:\/\/luxiders.com\/content\/uploads\/Madrid_H_MM_PS23_JCPajares_-0235.jpeg\",\"width\":1920,\"height\":1337},{\"@type\":\"BreadcrumbList\",\"@id\":\"https:\/\/luxiders.com\/es\/estos-han-sido-los-disenadores-sostenibles-que-han-desfilado-en-mbfwmadrid\/#breadcrumb\",\"itemListElement\":[{\"@type\":\"ListItem\",\"position\":1,\"name\":\"Startseite\",\"item\":\"https:\/\/luxiders.com\/es\/\"},{\"@type\":\"ListItem\",\"position\":2,\"name\":\"Moda\",\"item\":\"https:\/\/luxiders.com\/es\/category\/moda-sostenible-lujo\/\"},{\"@type\":\"ListItem\",\"position\":3,\"name\":\"Estos han sido los dise\u00f1adores sostenibles que han desfilado en MBFW Madrid\"}]},{\"@type\":\"WebSite\",\"@id\":\"https:\/\/luxiders.com\/es\/#website\",\"url\":\"https:\/\/luxiders.com\/es\/\",\"name\":\"Sustainable Fashion - Eco Design - Healthy Lifestyle - Luxiders Magazine\",\"description\":\"Luxiders is a sustainable luxury magazine highlighting the best stories about sustainable fashion, ethical fashion, eco-friendly design, green design, sustainable travel, natural beauty, organic beauty and healthy lifestyle. Know the best high-end, progressive and luxury sustainable brands and designers worldwide.\",\"publisher\":{\"@id\":\"https:\/\/luxiders.com\/es\/#organization\"},\"potentialAction\":[{\"@type\":\"SearchAction\",\"target\":{\"@type\":\"EntryPoint\",\"urlTemplate\":\"https:\/\/luxiders.com\/es\/?s={search_term_string}\"},\"query-input\":{\"@type\":\"PropertyValueSpecification\",\"valueRequired\":true,\"valueName\":\"search_term_string\"}}],\"inLanguage\":\"es-ES\"},{\"@type\":\"Organization\",\"@id\":\"https:\/\/luxiders.com\/es\/#organization\",\"name\":\"Sustainable Fashion - Eco Design - Healthy Lifestyle - Luxiders Magazine\",\"url\":\"https:\/\/luxiders.com\/es\/\",\"logo\":{\"@type\":\"ImageObject\",\"inLanguage\":\"es-ES\",\"@id\":\"https:\/\/luxiders.com\/es\/#\/schema\/logo\/image\/\",\"url\":\"https:\/\/luxiders.com\/content\/uploads\/lux-logo.svg\",\"contentUrl\":\"https:\/\/luxiders.com\/content\/uploads\/lux-logo.svg\",\"caption\":\"Sustainable Fashion - Eco Design - Healthy Lifestyle - Luxiders Magazine\"},\"image\":{\"@id\":\"https:\/\/luxiders.com\/es\/#\/schema\/logo\/image\/\"}},{\"@type\":\"Person\",\"@id\":\"https:\/\/luxiders.com\/es\/#\/schema\/person\/8632fa702ae2ce98f66c396254633de8\",\"name\":\"luxiders\",\"url\":\"https:\/\/luxiders.com\/es\/author\/luxiders\/\"}]}<\/script>","yoast_head_json":{"title":"Dise\u00f1adores sostenibles en MBFWMadrid | Luxiders Magazine","description":"La 78\u00aa edici\u00f3n de Mercedes-Benz Fashion Week Madrid trajo consigo la innovaci\u00f3n en tejidos y la artesan\u00eda como bandera,...","robots":{"index":"index","follow":"follow","max-snippet":"max-snippet:-1","max-image-preview":"max-image-preview:large","max-video-preview":"max-video-preview:-1"},"canonical":"https:\/\/luxiders.com\/es\/estos-han-sido-los-disenadores-sostenibles-que-han-desfilado-en-mbfwmadrid\/","og_locale":"es_ES","og_type":"article","og_title":"Dise\u00f1adores sostenibles en MBFWMadrid | Luxiders Magazine","og_description":"La 78\u00aa edici\u00f3n de Mercedes-Benz Fashion Week Madrid trajo consigo la innovaci\u00f3n en tejidos y la artesan\u00eda como bandera,...","og_url":"https:\/\/luxiders.com\/es\/estos-han-sido-los-disenadores-sostenibles-que-han-desfilado-en-mbfwmadrid\/","og_site_name":"Sustainable Fashion - Eco Design - Healthy Lifestyle - Luxiders Magazine","article_published_time":"2023-09-27T11:12:00+00:00","article_modified_time":"2023-12-19T12:38:56+00:00","og_image":[{"width":1920,"height":1337,"url":"https:\/\/luxiders.com\/content\/uploads\/Madrid_H_MM_PS23_JCPajares_-0235.jpeg","type":"image\/jpeg"}],"author":"luxiders","twitter_card":"summary_large_image","twitter_misc":{"Written by":"luxiders"},"schema":{"@context":"https:\/\/schema.org","@graph":[{"@type":"Article","@id":"https:\/\/luxiders.com\/es\/estos-han-sido-los-disenadores-sostenibles-que-han-desfilado-en-mbfwmadrid\/#article","isPartOf":{"@id":"https:\/\/luxiders.com\/es\/estos-han-sido-los-disenadores-sostenibles-que-han-desfilado-en-mbfwmadrid\/"},"author":{"name":"luxiders","@id":"https:\/\/luxiders.com\/es\/#\/schema\/person\/8632fa702ae2ce98f66c396254633de8"},"headline":"Estos han sido los dise\u00f1adores sostenibles que han desfilado en MBFW Madrid","datePublished":"2023-09-27T11:12:00+00:00","dateModified":"2023-12-19T12:38:56+00:00","mainEntityOfPage":{"@id":"https:\/\/luxiders.com\/es\/estos-han-sido-los-disenadores-sostenibles-que-han-desfilado-en-mbfwmadrid\/"},"wordCount":13,"publisher":{"@id":"https:\/\/luxiders.com\/es\/#organization"},"image":{"@id":"https:\/\/luxiders.com\/es\/estos-han-sido-los-disenadores-sostenibles-que-han-desfilado-en-mbfwmadrid\/#primaryimage"},"thumbnailUrl":"https:\/\/luxiders.com\/content\/uploads\/Madrid_H_MM_PS23_JCPajares_-0235.jpeg","keywords":["catwalk","fashion","Mercedes Benz Madrid Fashion Week","sustainable fashion event","sustainable fashion madrid"],"articleSection":["Moda"],"inLanguage":"es-ES"},{"@type":"WebPage","@id":"https:\/\/luxiders.com\/es\/estos-han-sido-los-disenadores-sostenibles-que-han-desfilado-en-mbfwmadrid\/","url":"https:\/\/luxiders.com\/es\/estos-han-sido-los-disenadores-sostenibles-que-han-desfilado-en-mbfwmadrid\/","name":"Dise\u00f1adores sostenibles en MBFWMadrid | Luxiders Magazine","isPartOf":{"@id":"https:\/\/luxiders.com\/es\/#website"},"primaryImageOfPage":{"@id":"https:\/\/luxiders.com\/es\/estos-han-sido-los-disenadores-sostenibles-que-han-desfilado-en-mbfwmadrid\/#primaryimage"},"image":{"@id":"https:\/\/luxiders.com\/es\/estos-han-sido-los-disenadores-sostenibles-que-han-desfilado-en-mbfwmadrid\/#primaryimage"},"thumbnailUrl":"https:\/\/luxiders.com\/content\/uploads\/Madrid_H_MM_PS23_JCPajares_-0235.jpeg","datePublished":"2023-09-27T11:12:00+00:00","dateModified":"2023-12-19T12:38:56+00:00","description":"La 78\u00aa edici\u00f3n de Mercedes-Benz Fashion Week Madrid trajo consigo la innovaci\u00f3n en tejidos y la artesan\u00eda como bandera,...","breadcrumb":{"@id":"https:\/\/luxiders.com\/es\/estos-han-sido-los-disenadores-sostenibles-que-han-desfilado-en-mbfwmadrid\/#breadcrumb"},"inLanguage":"es-ES","potentialAction":[{"@type":"ReadAction","target":["https:\/\/luxiders.com\/es\/estos-han-sido-los-disenadores-sostenibles-que-han-desfilado-en-mbfwmadrid\/"]}]},{"@type":"ImageObject","inLanguage":"es-ES","@id":"https:\/\/luxiders.com\/es\/estos-han-sido-los-disenadores-sostenibles-que-han-desfilado-en-mbfwmadrid\/#primaryimage","url":"https:\/\/luxiders.com\/content\/uploads\/Madrid_H_MM_PS23_JCPajares_-0235.jpeg","contentUrl":"https:\/\/luxiders.com\/content\/uploads\/Madrid_H_MM_PS23_JCPajares_-0235.jpeg","width":1920,"height":1337},{"@type":"BreadcrumbList","@id":"https:\/\/luxiders.com\/es\/estos-han-sido-los-disenadores-sostenibles-que-han-desfilado-en-mbfwmadrid\/#breadcrumb","itemListElement":[{"@type":"ListItem","position":1,"name":"Startseite","item":"https:\/\/luxiders.com\/es\/"},{"@type":"ListItem","position":2,"name":"Moda","item":"https:\/\/luxiders.com\/es\/category\/moda-sostenible-lujo\/"},{"@type":"ListItem","position":3,"name":"Estos han sido los dise\u00f1adores sostenibles que han desfilado en MBFW Madrid"}]},{"@type":"WebSite","@id":"https:\/\/luxiders.com\/es\/#website","url":"https:\/\/luxiders.com\/es\/","name":"Sustainable Fashion - Eco Design - Healthy Lifestyle - Luxiders Magazine","description":"Luxiders is a sustainable luxury magazine highlighting the best stories about sustainable fashion, ethical fashion, eco-friendly design, green design, sustainable travel, natural beauty, organic beauty and healthy lifestyle. Know the best high-end, progressive and luxury sustainable brands and designers worldwide.","publisher":{"@id":"https:\/\/luxiders.com\/es\/#organization"},"potentialAction":[{"@type":"SearchAction","target":{"@type":"EntryPoint","urlTemplate":"https:\/\/luxiders.com\/es\/?s={search_term_string}"},"query-input":{"@type":"PropertyValueSpecification","valueRequired":true,"valueName":"search_term_string"}}],"inLanguage":"es-ES"},{"@type":"Organization","@id":"https:\/\/luxiders.com\/es\/#organization","name":"Sustainable Fashion - Eco Design - Healthy Lifestyle - Luxiders Magazine","url":"https:\/\/luxiders.com\/es\/","logo":{"@type":"ImageObject","inLanguage":"es-ES","@id":"https:\/\/luxiders.com\/es\/#\/schema\/logo\/image\/","url":"https:\/\/luxiders.com\/content\/uploads\/lux-logo.svg","contentUrl":"https:\/\/luxiders.com\/content\/uploads\/lux-logo.svg","caption":"Sustainable Fashion - Eco Design - Healthy Lifestyle - Luxiders Magazine"},"image":{"@id":"https:\/\/luxiders.com\/es\/#\/schema\/logo\/image\/"}},{"@type":"Person","@id":"https:\/\/luxiders.com\/es\/#\/schema\/person\/8632fa702ae2ce98f66c396254633de8","name":"luxiders","url":"https:\/\/luxiders.com\/es\/author\/luxiders\/"}]}},"_links":{"self":[{"href":"https:\/\/luxiders.com\/es\/wp-json\/wp\/v2\/posts\/25925","targetHints":{"allow":["GET"]}}],"collection":[{"href":"https:\/\/luxiders.com\/es\/wp-json\/wp\/v2\/posts"}],"about":[{"href":"https:\/\/luxiders.com\/es\/wp-json\/wp\/v2\/types\/post"}],"author":[{"embeddable":true,"href":"https:\/\/luxiders.com\/es\/wp-json\/wp\/v2\/users\/2"}],"replies":[{"embeddable":true,"href":"https:\/\/luxiders.com\/es\/wp-json\/wp\/v2\/comments?post=25925"}],"version-history":[{"count":2,"href":"https:\/\/luxiders.com\/es\/wp-json\/wp\/v2\/posts\/25925\/revisions"}],"predecessor-version":[{"id":25987,"href":"https:\/\/luxiders.com\/es\/wp-json\/wp\/v2\/posts\/25925\/revisions\/25987"}],"wp:featuredmedia":[{"embeddable":true,"href":"https:\/\/luxiders.com\/es\/wp-json\/wp\/v2\/media\/25934"}],"wp:attachment":[{"href":"https:\/\/luxiders.com\/es\/wp-json\/wp\/v2\/media?parent=25925"}],"wp:term":[{"taxonomy":"category","embeddable":true,"href":"https:\/\/luxiders.com\/es\/wp-json\/wp\/v2\/categories?post=25925"},{"taxonomy":"post_tag","embeddable":true,"href":"https:\/\/luxiders.com\/es\/wp-json\/wp\/v2\/tags?post=25925"}],"curies":[{"name":"wp","href":"https:\/\/api.w.org\/{rel}","templated":true}]}}