{"id":28416,"date":"2023-06-13T11:24:00","date_gmt":"2023-06-13T09:24:00","guid":{"rendered":"http:\/\/luxiders.com.w01cc729.kasserver.com\/?p=28416"},"modified":"2024-01-03T11:52:33","modified_gmt":"2024-01-03T10:52:33","slug":"reflexion-sobre-la-huella-del-hombre-jacob-howard","status":"publish","type":"post","link":"https:\/\/luxiders.com\/es\/reflexion-sobre-la-huella-del-hombre-jacob-howard\/","title":{"rendered":"Reflexi\u00f3n sobre la huella del hombre | Jacob Howard"},"content":{"rendered":"    <section id=\"textblock-block_38eaead4d614cd58472eab482821c150\" class=\"section position-relative gp-block gp-textblock pt-0 pb-0\">\n        <div class=\"container\">\n            <div class=\"row g-0\">\n                <div class=\"col-lg-12 content\" data-aos=\"fade-in\" data-aos-duration=\"1000\">\n                                                                                    <div class=\"intro \">\n                            <p style=\"text-align: center;\">Jacob Howard utiliza palabras y fotograf\u00edas para poner en relieve la naturaleza temporal de nuestro ser. Acomp\u00e1\u00f1anos en una conversaci\u00f3n con este artista innovador y original, transformador de la fotograf\u00eda de paisaje.<\/p>\n                        <\/div>\n                                                                                                <\/div>\n            <\/div>\n        <\/div>\n    <\/section>\n    \n\n    <section id=\"newsletter-block_fe2db298fc057273efff545065671930\" class=\"section position-relative gp-block gp-newsletter pt-0 pb-0 my-5\">\n        <div class=\"container\">\n            <div class=\"row g-0 pt-4 pb-3\">\n                <div class=\"col-lg-12 content text-center border pt-3\" data-aos=\"fade-in\" data-aos-duration=\"1000\">\n                                            <p><em>Para recibir el Newsletter de Luxiders Magazine,\u00a0<a href=\"https:\/\/landing.mailerlite.com\/webforms\/landing\/w2a1t0\" target=\"_blank\" rel=\"noopener\">suscr\u00edbete aqu\u00ed<\/a><\/em><\/p>\n                                    <\/div>\n            <\/div>\n        <\/div>\n    <\/section>\n    \n\n    <section id=\"textblock-block_6e340744808725b77bf100b19181e386\" class=\"section position-relative gp-block gp-textblock pt-0 pb-0\">\n        <div class=\"container\">\n            <div class=\"row g-0\">\n                <div class=\"col-lg-12 content\" data-aos=\"fade-in\" data-aos-duration=\"1000\">\n                                                                                <p>Jacob Howard es un talentoso fot\u00f3grafo y escritor afincado en Nueva Zelanda que exterioriza breves y bellos momentos.\u00a0<a href=\"https:\/\/jacobhoward.work\/\" target=\"_blank\" rel=\"noopener\">Su obra\u00a0<\/a>capta la delgada l\u00ednea que separa el crep\u00fasculo del amanecer y la yuxtaposici\u00f3n entre la luz y la sombra. Con formaci\u00f3n en dise\u00f1o gr\u00e1fico, adopta una perspectiva alternativa del espacio de transici\u00f3n.<\/p>\n<p>Detenerse a apreciar el momento, ignorar nuestros temores al futuro y elegir no centrarnos en la incertidumbre que envuelve nuestra existencia es muy importante. La obra de Howard nos presenta a uno en medio del momento, atrapado entre dos estados del ser. Nos anima a deleitarnos en este estado de incertidumbre, a ver la\u00a0<a href=\"https:\/\/luxiders.com\/es\/cop-26-artistas-unidos-por-un-mundo-mejor\/\" target=\"_blank\" rel=\"noopener\">belleza de los desconocido.\u00a0<\/a>Cuando estamos perdidos, estamos en la &#8220;c\u00faspide&#8221; de nuevas realidades.<\/p>\n<p>&nbsp;<\/p>\n<p><strong><em>\u00bfCu\u00e1ndo empezaste a hacer fotograf\u00edas y qu\u00e9 te llev\u00f3 a elegir esta forma de arte como expresi\u00f3n?<\/em><\/strong><\/p>\n<p>Llevo muchos a\u00f1os sintiendo curiosidad por la fotograf\u00eda y por las historias que la gente cuenta a trav\u00e9s de este medio. Al principio me motiv\u00f3 intentar captar el lado m\u00e1s oscuro del entorno neozeland\u00e9s, normalmente pr\u00edstino y siempre dominante.\u00a0Una gran naturaleza, pero tambi\u00e9n una reflexi\u00f3n sobre la huella del hombre. Para m\u00ed no eran s\u00f3lo paisajes, sino algo m\u00e1s. Me interesaba c\u00f3mo me impactaba el paisaje, como espectador distante, y a las personas que existen en \u00e9l.<\/p>\n<p>La sobrecogedora escala y belleza del entorno natural. Un lugar donde el paisaje exhala una naturaleza sagrada en la que el hombre es una mera figura decorativa. Hasta cierto punto, este tema sigue presente en mi trabajo actual.<\/p>\n<p>&nbsp;<\/p>\n<p><strong><em>\u00bfC\u00f3mo describir\u00edas tu fotograf\u00eda? \u00bfC\u00f3mo ha influido en tu trabajo tu formaci\u00f3n en dise\u00f1o gr\u00e1fico?<\/em><\/strong><\/p>\n<p>Siempre me he sentido un poco reacio a ponerle palabras a mi trabajo. Por eso me gusta que mis ensayos fotogr\u00e1ficos sean bastante ambiguos y abiertos a la interpretaci\u00f3n. Me gusta cuestionar o insinuar algo que he captado&#8230; pero no demasiado para que la gente pueda sacar sus propias conclusiones, del mismo modo que yo saco las m\u00edas. Mi enfoque de la fotograf\u00eda es honesto, sencillo pero reflexivo. Encuentro im\u00e1genes y las secuencias para contar una historia sobre el mundo que me rodea. El dise\u00f1o gr\u00e1fico desempe\u00f1a un papel importante en mi fotograf\u00eda y viceversa. Me gusta la interacci\u00f3n entre im\u00e1genes, entre colores y composiciones, las relaciones entre las fotos. As\u00ed construyo mis proyectos.<\/p>\n                                                        <\/div>\n            <\/div>\n        <\/div>\n    <\/section>\n    \n\n    <section id=\"media-block_c6062d261fa61aa1fae7688577a03d70\" class=\"section position-relative gp-block gp-media pt-0 pb-0\">\n        <div class=\"container\">\n            <div class=\"row g-0\">\n                <div class=\"col-lg-12 content\" data-aos=\"fade-in\" data-aos-duration=\"1000\">\n                                                                            <\/div>\n            <\/div>\n            <div class=\"row g-0\">\n                <div class=\"col-lg-12 img-scaled\">\n                                                                                                                                                <figure class=\"mb-4 pt-lg-5 mb-lg-5 ps-lg-0 pe-lg-0\" data-aos=\"fade-up\" data-aos-duration=\"1000\"><div class=\"img-container\"><img loading=\"lazy\" decoding=\"async\" width=\"1800\" height=\"1440\" src=\"https:\/\/luxiders.com\/content\/uploads\/Jacob_Howard_5.jpg\" class=\"img-fluid w-100\" alt=\"Stacked up Chairs\" srcset=\"https:\/\/luxiders.com\/content\/uploads\/Jacob_Howard_5.jpg 1800w, https:\/\/luxiders.com\/content\/uploads\/Jacob_Howard_5-300x240.jpg 300w, https:\/\/luxiders.com\/content\/uploads\/Jacob_Howard_5-1024x819.jpg 1024w, https:\/\/luxiders.com\/content\/uploads\/Jacob_Howard_5-768x614.jpg 768w, https:\/\/luxiders.com\/content\/uploads\/Jacob_Howard_5-1536x1229.jpg 1536w\" sizes=\"(max-width: 1800px) 100vw, 1800px\" \/><\/div><figcaption>\u00a9 Jacob Howard<\/figcaption><\/figure>                                                                                            <\/div>\n                                            <\/div>\n        <\/div>\n    <\/section>\n    \n\n    <section id=\"media-block_89b3c4a17b7a56c8e2e656c15dfbaea8\" class=\"section position-relative gp-block gp-media pt-0 pb-0\">\n        <div class=\"container\">\n            <div class=\"row g-0\">\n                <div class=\"col-lg-12 content\" data-aos=\"fade-in\" data-aos-duration=\"1000\">\n                                                                            <\/div>\n            <\/div>\n            <div class=\"row g-0\">\n                <div class=\"col-lg-12 img-scaled\">\n                                                                                                                                                <figure class=\"mb-4 pt-lg-5 mb-lg-5 ps-lg-0 pe-lg-0\" data-aos=\"fade-up\" data-aos-duration=\"1000\"><div class=\"img-container\"><img loading=\"lazy\" decoding=\"async\" width=\"1800\" height=\"1440\" src=\"https:\/\/luxiders.com\/content\/uploads\/Jacob_Howard_3.jpg\" class=\"img-fluid w-100\" alt=\"Metal Structure In A Desert Landscape\" srcset=\"https:\/\/luxiders.com\/content\/uploads\/Jacob_Howard_3.jpg 1800w, https:\/\/luxiders.com\/content\/uploads\/Jacob_Howard_3-300x240.jpg 300w, https:\/\/luxiders.com\/content\/uploads\/Jacob_Howard_3-1024x819.jpg 1024w, https:\/\/luxiders.com\/content\/uploads\/Jacob_Howard_3-768x614.jpg 768w, https:\/\/luxiders.com\/content\/uploads\/Jacob_Howard_3-1536x1229.jpg 1536w\" sizes=\"(max-width: 1800px) 100vw, 1800px\" \/><\/div><figcaption>\u00a9 Jacob Howard<\/figcaption><\/figure>                                                                                            <\/div>\n                                            <\/div>\n        <\/div>\n    <\/section>\n    \n\n    <section id=\"textblock-block_b9464654f24ae20e9af040638e3c647f\" class=\"section position-relative gp-block gp-textblock pt-0 pb-0\">\n        <div class=\"container\">\n            <div class=\"row g-0\">\n                <div class=\"col-lg-12 content\" data-aos=\"fade-in\" data-aos-duration=\"1000\">\n                                                                                <p><strong><em>La calma de la luz yuxtapuesta a lo inesperado hace que tus fotos destaquen. \u00bfQu\u00e9 pretendes comunicar con tu objetivo?<\/em><\/strong><\/p>\n<p>Creo que la yuxtaposici\u00f3n de luz y sujeto puede ser muy simb\u00f3lica. Especialmente cuando la foto se toma al atardecer o al amanecer, en un momento intermedio, entre las fases del d\u00eda y la noche. Luces y sombras. Ese momento m\u00e1gico, capturado antes de que pase a mejor vida. Antes de que oscurezca.<\/p>\n<p>&nbsp;<\/p>\n<p><em><strong>Dices que busca capturar momentos de cambio, h\u00e1blanos de estos momentos de transici\u00f3n y de lo que significan.<\/strong><\/em><\/p>\n<p>Los espacios representan un momento de transici\u00f3n en mi vida. Yo tambi\u00e9n estaba atravesando una transici\u00f3n, de la que estaba saliendo, intentando sacar el m\u00e1ximo partido. Intent\u00e9 no verlo como un espacio negativo, sino positivo. Un espacio para el optimismo. Uno que deb\u00eda abrazar. Uno que traer\u00eda el cambio.\u00a0Conect\u00e9 con el desierto y estos espacios por muchas razones, pero una de las principales fue que me daban tiempo para contemplar, para estar presente&#8230; para detenerme un rato, para mirar a mi alrededor, para mirar al pasado y para mirar al futuro. Para volver a empezar, pero de otra manera.<\/p>\n<p>&nbsp;<\/p>\n<p><em><strong>Nos encantan las estructuras enigm\u00e1ticas de estos paisajes vac\u00edos. \u00bfC\u00f3mo las encuentras? No debe ser f\u00e1cil&#8230;<\/strong><\/em><\/p>\n<p>Me siento m\u00e1s inspirado cuando viajo. Normalmente mantengo mis expectativas de los lugares bastante bajas y s\u00f3lo intento disfrutar del viaje en s\u00ed, independientemente del destino final. No investigo mucho, as\u00ed que normalmente es un poco casual, pero eso hace que sea muy especial cuando descubres algo nuevo.<\/p>\n<p>No estaba buscando ruinas o estructuras, por as\u00ed decirlo, pero reaparecen una y otra vez, a veces en los lugares m\u00e1s aislados, y veo un patr\u00f3n en ellas, una repetici\u00f3n que me parece significativa.<\/p>\n<p>&nbsp;<\/p>\n<p><strong><em>Tu colecci\u00f3n &#8220;the in between&#8221; contiene muchas im\u00e1genes de personas y cosas en medio de dos espacios diferentes. \u00bfQu\u00e9 te parece interesante de los espacios lim\u00edtrofes?<\/em><\/strong><\/p>\n<p>Fotografiarlas, las ruinas, es cuestionarlas, cuestionar su significado, el de construir cosas para el futuro. \u00bfEs un intento, un comienzo, un final? \u00bfQu\u00e9 estamos construyendo, qu\u00e9 quedar\u00e1 de ello, qu\u00e9 quedar\u00e1 de nosotros? Es esa sensaci\u00f3n de estar en la c\u00faspide de algo lo que me parece realmente interesante, tanto en los espacios f\u00edsicos como en los estados mentales.<\/p>\n<p>Ese tiempo de transici\u00f3n entre &#8220;lo que fue&#8221; y &#8220;lo que ser\u00e1&#8221;. Es el &#8220;qu\u00e9 ser\u00e1 lo pr\u00f3ximo&#8221; lo que me inspira, porque tiene que ver con el crecimiento personal y la creaci\u00f3n de un nuevo futuro. Es ese espacio en el que todo puede suceder. Estar lleno de esperanza y lleno de sue\u00f1os y perspectivas.<\/p>\n                                                        <\/div>\n            <\/div>\n        <\/div>\n    <\/section>\n    \n\n    <section id=\"media-block_6a516d698f252cab9772f87050489226\" class=\"section position-relative gp-block gp-media pt-0 pb-0\">\n        <div class=\"container\">\n            <div class=\"row g-0\">\n                <div class=\"col-lg-12 content\" data-aos=\"fade-in\" data-aos-duration=\"1000\">\n                                                                            <\/div>\n            <\/div>\n            <div class=\"row g-0\">\n                <div class=\"col-lg-12 img-scaled\">\n                                                                                                                                                <figure class=\"mb-4 pt-lg-5 mb-lg-5 ps-lg-0 pe-lg-0\" data-aos=\"fade-up\" data-aos-duration=\"1000\"><div class=\"img-container\"><img loading=\"lazy\" decoding=\"async\" width=\"1800\" height=\"1440\" src=\"https:\/\/luxiders.com\/content\/uploads\/Jacob_Howard_2.jpg\" class=\"img-fluid w-100\" alt=\"Two people walking\" srcset=\"https:\/\/luxiders.com\/content\/uploads\/Jacob_Howard_2.jpg 1800w, https:\/\/luxiders.com\/content\/uploads\/Jacob_Howard_2-300x240.jpg 300w, https:\/\/luxiders.com\/content\/uploads\/Jacob_Howard_2-1024x819.jpg 1024w, https:\/\/luxiders.com\/content\/uploads\/Jacob_Howard_2-768x614.jpg 768w, https:\/\/luxiders.com\/content\/uploads\/Jacob_Howard_2-1536x1229.jpg 1536w\" sizes=\"(max-width: 1800px) 100vw, 1800px\" \/><\/div><figcaption>\u00a9 Jacob Howard<\/figcaption><\/figure>                                                                                            <\/div>\n                                            <\/div>\n        <\/div>\n    <\/section>\n    \n\n    <section id=\"media-block_fe3db7a69bb14be3d94fa98ba0ee75b2\" class=\"section position-relative gp-block gp-media pt-0 pb-0\">\n        <div class=\"container\">\n            <div class=\"row g-0\">\n                <div class=\"col-lg-12 content\" data-aos=\"fade-in\" data-aos-duration=\"1000\">\n                                                                            <\/div>\n            <\/div>\n            <div class=\"row g-0\">\n                <div class=\"col-lg-12 img-scaled\">\n                                                                                                                                                <figure class=\"mb-4 pt-lg-5 mb-lg-5 ps-lg-0 pe-lg-0\" data-aos=\"fade-up\" data-aos-duration=\"1000\"><div class=\"img-container\"><img loading=\"lazy\" decoding=\"async\" width=\"1800\" height=\"1440\" src=\"https:\/\/luxiders.com\/content\/uploads\/Jacob_Howard_1.jpg\" class=\"img-fluid w-100\" alt=\"Car With Cover\" srcset=\"https:\/\/luxiders.com\/content\/uploads\/Jacob_Howard_1.jpg 1800w, https:\/\/luxiders.com\/content\/uploads\/Jacob_Howard_1-300x240.jpg 300w, https:\/\/luxiders.com\/content\/uploads\/Jacob_Howard_1-1024x819.jpg 1024w, https:\/\/luxiders.com\/content\/uploads\/Jacob_Howard_1-768x614.jpg 768w, https:\/\/luxiders.com\/content\/uploads\/Jacob_Howard_1-1536x1229.jpg 1536w\" sizes=\"(max-width: 1800px) 100vw, 1800px\" \/><\/div><figcaption>\u00a9 Jacob Howard<\/figcaption><\/figure>                                                                                            <\/div>\n                                            <\/div>\n        <\/div>\n    <\/section>\n    \n\n    <section id=\"textblock-block_391d37fa767964b917718816d74238a9\" class=\"section position-relative gp-block gp-textblock pt-0 pb-0\">\n        <div class=\"container\">\n            <div class=\"row g-0\">\n                <div class=\"col-lg-12 content\" data-aos=\"fade-in\" data-aos-duration=\"1000\">\n                                                                                <div class=\"section mcb-section   \">\n<div class=\"section_wrapper mcb-section-inner\">\n<div class=\"wrap mcb-wrap one  valign-top clearfix\">\n<div class=\"mcb-wrap-inner\">\n<div class=\"column mcb-column two-third column_visual \">\n<p><strong><em>Tus \u00faltimos cuatro proyectos -Atlas Obscure 2012, The In-Between (2019), The Land between the Seas (2020) y What Remains (2020)- est\u00e1n conectados con una l\u00ednea visual y una historia contada a trav\u00e9s de cap\u00edtulos. \u00bfForman parte de una narrativa m\u00e1s amplia y de su visi\u00f3n general como artista? Cu\u00e9ntanos m\u00e1s sobre esta narrativa y este viaje.<\/em><\/strong><\/p>\n<p>Los proyectos se realizaron mientras viajaba por Marruecos, Egipto y Jordania. Animado por una curiosidad por lo desconocido, por un inter\u00e9s por los espacios lim\u00edtrofes, los encuentros inesperados y los momentos de cambio.\u00a0El tema general de la obra gira en torno a las transiciones. Cuestionar mi propia interinidad y c\u00f3mo encajo en el mundo que me rodea. Los espacios son un reflejo de esta transitoriedad.<\/p>\n<p>Me sent\u00eda un poco intermedio, inquieto y un poco perdido. Estaba en la carretera, de camino a alg\u00fan sitio. No estaba seguro de ad\u00f3nde iba. Llevaba tiempo viajando, cruzando tierras, mares, ciudades y fronteras. Entre culturas, entre realidades. Hab\u00eda llegado a ese punto en la vida en el que me preguntaba &#8220;\u00bfqu\u00e9 es lo siguiente?&#8221; \u00bfHacia d\u00f3nde iba mi vida?<\/p>\n<p>Fue un intento de capturar mi propia realidad. Captar lo transitorio y revelar lo oculto.<\/p>\n<p>&nbsp;<\/p>\n<p><strong><em>Lanzaste tu \u00faltimo proyecto en 2020 y entonces lleg\u00f3 la pandemia. \u00bfC\u00f3mo cambia esto tu forma de entender el tema de que nuestro entorno y nuestro ser es algo transitorio?<\/em><\/strong><\/p>\n<p>Mi comprensi\u00f3n de la importancia de las transiciones no ha cambiado. Vivimos en un estado de flujo. Nunca fue mi intenci\u00f3n&#8230; pero creo que mi trabajo se alinea con la pandemia por este v\u00ednculo con las transiciones y el cambio. Cuando reflexiono sobre la obra y el concepto de los l\u00edmites en el arte, lo que realmente me interesa es hasta qu\u00e9 punto puedes estar arraigado en tu persona, y c\u00f3mo eso puede trasladarse a tu obra.<\/p>\n<p>Creo que la liminalidad ha desempe\u00f1ado un papel importante en mi desarrollo personal a lo largo de mis \u00faltimos cuatro proyectos. Tambi\u00e9n creo que puede desempe\u00f1ar un papel en el desarrollo y la transici\u00f3n de sociedades a gran escala, provocando el cambio.<\/p>\n<p>El autor franc\u00e9s Alain Damasio dijo sobre la pandemia: &#8220;Puede que esta pandemia no sea s\u00f3lo un desastre. Es mucho m\u00e1s que eso, es mucho mejor: es una promesa&#8230; (Nadie sabe) si nada volver\u00e1 a ser lo mismo&#8230;. pero algo se abri\u00f3 sin duda. Una brecha. Profundicemos en ella&#8221;.<\/p>\n<\/div>\n<div class=\"column mcb-column one-sixth column_placeholder\">\n<div class=\"placeholder\"><\/div>\n<\/div>\n<\/div>\n<\/div>\n<\/div>\n<\/div>\n<div class=\"section mcb-section   \">\n<div class=\"section_wrapper mcb-section-inner\">\n<div class=\"wrap mcb-wrap one  valign-top clearfix\">\n<div class=\"mcb-wrap-inner\">\n<div class=\"column mcb-column one-fifth column_placeholder\">\n<div class=\"placeholder\"><\/div>\n<\/div>\n<div class=\"column mcb-column three-fifth column_visual \">\n<p style=\"text-align: center;\">Parte de esta entrevista fue publicada en Luxiders\u00a0Magazine Edici\u00f3n Impresa N. 8<br \/>\nPara comprar la revista,\u00a0<u>haz<\/u><a href=\"https:\/\/luxiders.com\/produkt\/luxiders-print-issue-8\/\" target=\"_blank\" rel=\"noopener\">\u00a0click aqu\u00ed.<\/a><\/p>\n<\/div>\n<\/div>\n<\/div>\n<\/div>\n<\/div>\n                                                        <\/div>\n            <\/div>\n        <\/div>\n    <\/section>\n    \n\n    <section id=\"textblock-block_e204f49b7df3336abd2da397c6146939\" class=\"section position-relative gp-block gp-textblock pt-0 pb-0\">\n        <div class=\"container\">\n            <div class=\"row g-0\">\n                <div class=\"col-lg-12 content\" data-aos=\"fade-in\" data-aos-duration=\"1000\">\n                                                                                <p>&nbsp;<\/p>\n<p style=\"text-align: center;\"><em><strong>All Images:<br \/>\n\u00a9 Jacob Howard<\/strong><\/em><\/p>\n<p style=\"text-align: center;\"><em><strong><br \/>\nWords:<br \/>\nFlorenne Earle Ledger<br \/>\nLuxiders Magazine<\/strong><\/em><\/p>\n<p>&nbsp;<\/p>\n<p>&nbsp;<\/p>\n                                                        <\/div>\n            <\/div>\n        <\/div>\n    <\/section>\n    ","protected":false},"excerpt":{"rendered":"","protected":false},"author":2,"featured_media":28435,"comment_status":"closed","ping_status":"closed","sticky":false,"template":"","format":"standard","meta":{"_acf_changed":false,"footnotes":""},"categories":[378,1187,314],"tags":[5390,5391,5392],"class_list":{"0":"post-28416","1":"post","2":"type-post","3":"status-publish","4":"format-standard","5":"has-post-thumbnail","7":"category-arte-cultura","8":"category-lujo-sostenible-diseno","9":"category-food","10":"tag-jacob-howard-3","11":"tag-landscape-photography-3","12":"tag-natural-photography-3"},"acf":[],"yoast_head":"<title>Reflexi\u00f3n sobre la huella del hombre | Jacob Howard<\/title>\n<meta name=\"description\" content=\"Jacob Howard es un talentoso fot\u00f3grafo y orador afincado en Nueva Zelanda, que exterioriza breves y bellos momentos.\" \/>\n<meta name=\"robots\" content=\"index, follow, max-snippet:-1, max-image-preview:large, max-video-preview:-1\" \/>\n<link rel=\"canonical\" href=\"https:\/\/luxiders.com\/es\/reflexion-sobre-la-huella-del-hombre-jacob-howard\/\" \/>\n<meta property=\"og:locale\" content=\"es_ES\" \/>\n<meta property=\"og:type\" content=\"article\" \/>\n<meta property=\"og:title\" content=\"Reflexi\u00f3n sobre la huella del hombre | Jacob Howard\" \/>\n<meta property=\"og:description\" content=\"Jacob Howard es un talentoso fot\u00f3grafo y orador afincado en Nueva Zelanda, que exterioriza breves y bellos momentos.\" \/>\n<meta property=\"og:url\" content=\"https:\/\/luxiders.com\/es\/reflexion-sobre-la-huella-del-hombre-jacob-howard\/\" \/>\n<meta property=\"og:site_name\" content=\"Sustainable Fashion - Eco Design - Healthy Lifestyle - Luxiders Magazine\" \/>\n<meta property=\"article:published_time\" content=\"2023-06-13T09:24:00+00:00\" \/>\n<meta property=\"article:modified_time\" content=\"2024-01-03T10:52:33+00:00\" \/>\n<meta property=\"og:image\" content=\"https:\/\/luxiders.com\/content\/uploads\/Jacob_Howard_4-e16494224398741.jpg\" \/>\n\t<meta property=\"og:image:width\" content=\"1800\" \/>\n\t<meta property=\"og:image:height\" content=\"846\" \/>\n\t<meta property=\"og:image:type\" content=\"image\/jpeg\" \/>\n<meta name=\"author\" content=\"luxiders\" \/>\n<meta name=\"twitter:card\" content=\"summary_large_image\" \/>\n<meta name=\"twitter:label1\" content=\"Written by\" \/>\n\t<meta name=\"twitter:data1\" content=\"luxiders\" \/>\n<script type=\"application\/ld+json\" class=\"yoast-schema-graph\">{\"@context\":\"https:\/\/schema.org\",\"@graph\":[{\"@type\":\"Article\",\"@id\":\"https:\/\/luxiders.com\/es\/reflexion-sobre-la-huella-del-hombre-jacob-howard\/#article\",\"isPartOf\":{\"@id\":\"https:\/\/luxiders.com\/es\/reflexion-sobre-la-huella-del-hombre-jacob-howard\/\"},\"author\":{\"name\":\"luxiders\",\"@id\":\"https:\/\/luxiders.com\/es\/#\/schema\/person\/8632fa702ae2ce98f66c396254633de8\"},\"headline\":\"Reflexi\u00f3n sobre la huella del hombre | Jacob Howard\",\"datePublished\":\"2023-06-13T09:24:00+00:00\",\"dateModified\":\"2024-01-03T10:52:33+00:00\",\"mainEntityOfPage\":{\"@id\":\"https:\/\/luxiders.com\/es\/reflexion-sobre-la-huella-del-hombre-jacob-howard\/\"},\"wordCount\":9,\"publisher\":{\"@id\":\"https:\/\/luxiders.com\/es\/#organization\"},\"image\":{\"@id\":\"https:\/\/luxiders.com\/es\/reflexion-sobre-la-huella-del-hombre-jacob-howard\/#primaryimage\"},\"thumbnailUrl\":\"https:\/\/luxiders.com\/content\/uploads\/Jacob_Howard_4-e16494224398741.jpg\",\"keywords\":[\"Jacob Howard\",\"Landscape Photography\",\"Natural Photography\"],\"articleSection\":[\"Arte\/Cultura\",\"Dise\u00f1o\",\"Food\"],\"inLanguage\":\"es-ES\"},{\"@type\":\"WebPage\",\"@id\":\"https:\/\/luxiders.com\/es\/reflexion-sobre-la-huella-del-hombre-jacob-howard\/\",\"url\":\"https:\/\/luxiders.com\/es\/reflexion-sobre-la-huella-del-hombre-jacob-howard\/\",\"name\":\"Reflexi\u00f3n sobre la huella del hombre | Jacob Howard\",\"isPartOf\":{\"@id\":\"https:\/\/luxiders.com\/es\/#website\"},\"primaryImageOfPage\":{\"@id\":\"https:\/\/luxiders.com\/es\/reflexion-sobre-la-huella-del-hombre-jacob-howard\/#primaryimage\"},\"image\":{\"@id\":\"https:\/\/luxiders.com\/es\/reflexion-sobre-la-huella-del-hombre-jacob-howard\/#primaryimage\"},\"thumbnailUrl\":\"https:\/\/luxiders.com\/content\/uploads\/Jacob_Howard_4-e16494224398741.jpg\",\"datePublished\":\"2023-06-13T09:24:00+00:00\",\"dateModified\":\"2024-01-03T10:52:33+00:00\",\"description\":\"Jacob Howard es un talentoso fot\u00f3grafo y orador afincado en Nueva Zelanda, que exterioriza breves y bellos momentos.\",\"breadcrumb\":{\"@id\":\"https:\/\/luxiders.com\/es\/reflexion-sobre-la-huella-del-hombre-jacob-howard\/#breadcrumb\"},\"inLanguage\":\"es-ES\",\"potentialAction\":[{\"@type\":\"ReadAction\",\"target\":[\"https:\/\/luxiders.com\/es\/reflexion-sobre-la-huella-del-hombre-jacob-howard\/\"]}]},{\"@type\":\"ImageObject\",\"inLanguage\":\"es-ES\",\"@id\":\"https:\/\/luxiders.com\/es\/reflexion-sobre-la-huella-del-hombre-jacob-howard\/#primaryimage\",\"url\":\"https:\/\/luxiders.com\/content\/uploads\/Jacob_Howard_4-e16494224398741.jpg\",\"contentUrl\":\"https:\/\/luxiders.com\/content\/uploads\/Jacob_Howard_4-e16494224398741.jpg\",\"width\":1800,\"height\":846},{\"@type\":\"BreadcrumbList\",\"@id\":\"https:\/\/luxiders.com\/es\/reflexion-sobre-la-huella-del-hombre-jacob-howard\/#breadcrumb\",\"itemListElement\":[{\"@type\":\"ListItem\",\"position\":1,\"name\":\"Startseite\",\"item\":\"https:\/\/luxiders.com\/es\/\"},{\"@type\":\"ListItem\",\"position\":2,\"name\":\"Arte\/Cultura\",\"item\":\"https:\/\/luxiders.com\/es\/category\/arte-cultura\/\"},{\"@type\":\"ListItem\",\"position\":3,\"name\":\"Reflexi\u00f3n sobre la huella del hombre | Jacob Howard\"}]},{\"@type\":\"WebSite\",\"@id\":\"https:\/\/luxiders.com\/es\/#website\",\"url\":\"https:\/\/luxiders.com\/es\/\",\"name\":\"Sustainable Fashion - Eco Design - Healthy Lifestyle - Luxiders Magazine\",\"description\":\"Luxiders is a sustainable luxury magazine highlighting the best stories about sustainable fashion, ethical fashion, eco-friendly design, green design, sustainable travel, natural beauty, organic beauty and healthy lifestyle. Know the best high-end, progressive and luxury sustainable brands and designers worldwide.\",\"publisher\":{\"@id\":\"https:\/\/luxiders.com\/es\/#organization\"},\"potentialAction\":[{\"@type\":\"SearchAction\",\"target\":{\"@type\":\"EntryPoint\",\"urlTemplate\":\"https:\/\/luxiders.com\/es\/?s={search_term_string}\"},\"query-input\":{\"@type\":\"PropertyValueSpecification\",\"valueRequired\":true,\"valueName\":\"search_term_string\"}}],\"inLanguage\":\"es-ES\"},{\"@type\":\"Organization\",\"@id\":\"https:\/\/luxiders.com\/es\/#organization\",\"name\":\"Sustainable Fashion - Eco Design - Healthy Lifestyle - Luxiders Magazine\",\"url\":\"https:\/\/luxiders.com\/es\/\",\"logo\":{\"@type\":\"ImageObject\",\"inLanguage\":\"es-ES\",\"@id\":\"https:\/\/luxiders.com\/es\/#\/schema\/logo\/image\/\",\"url\":\"https:\/\/luxiders.com\/content\/uploads\/lux-logo.svg\",\"contentUrl\":\"https:\/\/luxiders.com\/content\/uploads\/lux-logo.svg\",\"caption\":\"Sustainable Fashion - Eco Design - Healthy Lifestyle - Luxiders Magazine\"},\"image\":{\"@id\":\"https:\/\/luxiders.com\/es\/#\/schema\/logo\/image\/\"}},{\"@type\":\"Person\",\"@id\":\"https:\/\/luxiders.com\/es\/#\/schema\/person\/8632fa702ae2ce98f66c396254633de8\",\"name\":\"luxiders\",\"url\":\"https:\/\/luxiders.com\/es\/author\/luxiders\/\"}]}<\/script>","yoast_head_json":{"title":"Reflexi\u00f3n sobre la huella del hombre | Jacob Howard","description":"Jacob Howard es un talentoso fot\u00f3grafo y orador afincado en Nueva Zelanda, que exterioriza breves y bellos momentos.","robots":{"index":"index","follow":"follow","max-snippet":"max-snippet:-1","max-image-preview":"max-image-preview:large","max-video-preview":"max-video-preview:-1"},"canonical":"https:\/\/luxiders.com\/es\/reflexion-sobre-la-huella-del-hombre-jacob-howard\/","og_locale":"es_ES","og_type":"article","og_title":"Reflexi\u00f3n sobre la huella del hombre | Jacob Howard","og_description":"Jacob Howard es un talentoso fot\u00f3grafo y orador afincado en Nueva Zelanda, que exterioriza breves y bellos momentos.","og_url":"https:\/\/luxiders.com\/es\/reflexion-sobre-la-huella-del-hombre-jacob-howard\/","og_site_name":"Sustainable Fashion - Eco Design - Healthy Lifestyle - Luxiders Magazine","article_published_time":"2023-06-13T09:24:00+00:00","article_modified_time":"2024-01-03T10:52:33+00:00","og_image":[{"width":1800,"height":846,"url":"https:\/\/luxiders.com\/content\/uploads\/Jacob_Howard_4-e16494224398741.jpg","type":"image\/jpeg"}],"author":"luxiders","twitter_card":"summary_large_image","twitter_misc":{"Written by":"luxiders"},"schema":{"@context":"https:\/\/schema.org","@graph":[{"@type":"Article","@id":"https:\/\/luxiders.com\/es\/reflexion-sobre-la-huella-del-hombre-jacob-howard\/#article","isPartOf":{"@id":"https:\/\/luxiders.com\/es\/reflexion-sobre-la-huella-del-hombre-jacob-howard\/"},"author":{"name":"luxiders","@id":"https:\/\/luxiders.com\/es\/#\/schema\/person\/8632fa702ae2ce98f66c396254633de8"},"headline":"Reflexi\u00f3n sobre la huella del hombre | Jacob Howard","datePublished":"2023-06-13T09:24:00+00:00","dateModified":"2024-01-03T10:52:33+00:00","mainEntityOfPage":{"@id":"https:\/\/luxiders.com\/es\/reflexion-sobre-la-huella-del-hombre-jacob-howard\/"},"wordCount":9,"publisher":{"@id":"https:\/\/luxiders.com\/es\/#organization"},"image":{"@id":"https:\/\/luxiders.com\/es\/reflexion-sobre-la-huella-del-hombre-jacob-howard\/#primaryimage"},"thumbnailUrl":"https:\/\/luxiders.com\/content\/uploads\/Jacob_Howard_4-e16494224398741.jpg","keywords":["Jacob Howard","Landscape Photography","Natural Photography"],"articleSection":["Arte\/Cultura","Dise\u00f1o","Food"],"inLanguage":"es-ES"},{"@type":"WebPage","@id":"https:\/\/luxiders.com\/es\/reflexion-sobre-la-huella-del-hombre-jacob-howard\/","url":"https:\/\/luxiders.com\/es\/reflexion-sobre-la-huella-del-hombre-jacob-howard\/","name":"Reflexi\u00f3n sobre la huella del hombre | Jacob Howard","isPartOf":{"@id":"https:\/\/luxiders.com\/es\/#website"},"primaryImageOfPage":{"@id":"https:\/\/luxiders.com\/es\/reflexion-sobre-la-huella-del-hombre-jacob-howard\/#primaryimage"},"image":{"@id":"https:\/\/luxiders.com\/es\/reflexion-sobre-la-huella-del-hombre-jacob-howard\/#primaryimage"},"thumbnailUrl":"https:\/\/luxiders.com\/content\/uploads\/Jacob_Howard_4-e16494224398741.jpg","datePublished":"2023-06-13T09:24:00+00:00","dateModified":"2024-01-03T10:52:33+00:00","description":"Jacob Howard es un talentoso fot\u00f3grafo y orador afincado en Nueva Zelanda, que exterioriza breves y bellos momentos.","breadcrumb":{"@id":"https:\/\/luxiders.com\/es\/reflexion-sobre-la-huella-del-hombre-jacob-howard\/#breadcrumb"},"inLanguage":"es-ES","potentialAction":[{"@type":"ReadAction","target":["https:\/\/luxiders.com\/es\/reflexion-sobre-la-huella-del-hombre-jacob-howard\/"]}]},{"@type":"ImageObject","inLanguage":"es-ES","@id":"https:\/\/luxiders.com\/es\/reflexion-sobre-la-huella-del-hombre-jacob-howard\/#primaryimage","url":"https:\/\/luxiders.com\/content\/uploads\/Jacob_Howard_4-e16494224398741.jpg","contentUrl":"https:\/\/luxiders.com\/content\/uploads\/Jacob_Howard_4-e16494224398741.jpg","width":1800,"height":846},{"@type":"BreadcrumbList","@id":"https:\/\/luxiders.com\/es\/reflexion-sobre-la-huella-del-hombre-jacob-howard\/#breadcrumb","itemListElement":[{"@type":"ListItem","position":1,"name":"Startseite","item":"https:\/\/luxiders.com\/es\/"},{"@type":"ListItem","position":2,"name":"Arte\/Cultura","item":"https:\/\/luxiders.com\/es\/category\/arte-cultura\/"},{"@type":"ListItem","position":3,"name":"Reflexi\u00f3n sobre la huella del hombre | Jacob Howard"}]},{"@type":"WebSite","@id":"https:\/\/luxiders.com\/es\/#website","url":"https:\/\/luxiders.com\/es\/","name":"Sustainable Fashion - Eco Design - Healthy Lifestyle - Luxiders Magazine","description":"Luxiders is a sustainable luxury magazine highlighting the best stories about sustainable fashion, ethical fashion, eco-friendly design, green design, sustainable travel, natural beauty, organic beauty and healthy lifestyle. Know the best high-end, progressive and luxury sustainable brands and designers worldwide.","publisher":{"@id":"https:\/\/luxiders.com\/es\/#organization"},"potentialAction":[{"@type":"SearchAction","target":{"@type":"EntryPoint","urlTemplate":"https:\/\/luxiders.com\/es\/?s={search_term_string}"},"query-input":{"@type":"PropertyValueSpecification","valueRequired":true,"valueName":"search_term_string"}}],"inLanguage":"es-ES"},{"@type":"Organization","@id":"https:\/\/luxiders.com\/es\/#organization","name":"Sustainable Fashion - Eco Design - Healthy Lifestyle - Luxiders Magazine","url":"https:\/\/luxiders.com\/es\/","logo":{"@type":"ImageObject","inLanguage":"es-ES","@id":"https:\/\/luxiders.com\/es\/#\/schema\/logo\/image\/","url":"https:\/\/luxiders.com\/content\/uploads\/lux-logo.svg","contentUrl":"https:\/\/luxiders.com\/content\/uploads\/lux-logo.svg","caption":"Sustainable Fashion - Eco Design - Healthy Lifestyle - Luxiders Magazine"},"image":{"@id":"https:\/\/luxiders.com\/es\/#\/schema\/logo\/image\/"}},{"@type":"Person","@id":"https:\/\/luxiders.com\/es\/#\/schema\/person\/8632fa702ae2ce98f66c396254633de8","name":"luxiders","url":"https:\/\/luxiders.com\/es\/author\/luxiders\/"}]}},"_links":{"self":[{"href":"https:\/\/luxiders.com\/es\/wp-json\/wp\/v2\/posts\/28416","targetHints":{"allow":["GET"]}}],"collection":[{"href":"https:\/\/luxiders.com\/es\/wp-json\/wp\/v2\/posts"}],"about":[{"href":"https:\/\/luxiders.com\/es\/wp-json\/wp\/v2\/types\/post"}],"author":[{"embeddable":true,"href":"https:\/\/luxiders.com\/es\/wp-json\/wp\/v2\/users\/2"}],"replies":[{"embeddable":true,"href":"https:\/\/luxiders.com\/es\/wp-json\/wp\/v2\/comments?post=28416"}],"version-history":[{"count":3,"href":"https:\/\/luxiders.com\/es\/wp-json\/wp\/v2\/posts\/28416\/revisions"}],"predecessor-version":[{"id":28445,"href":"https:\/\/luxiders.com\/es\/wp-json\/wp\/v2\/posts\/28416\/revisions\/28445"}],"wp:featuredmedia":[{"embeddable":true,"href":"https:\/\/luxiders.com\/es\/wp-json\/wp\/v2\/media\/28435"}],"wp:attachment":[{"href":"https:\/\/luxiders.com\/es\/wp-json\/wp\/v2\/media?parent=28416"}],"wp:term":[{"taxonomy":"category","embeddable":true,"href":"https:\/\/luxiders.com\/es\/wp-json\/wp\/v2\/categories?post=28416"},{"taxonomy":"post_tag","embeddable":true,"href":"https:\/\/luxiders.com\/es\/wp-json\/wp\/v2\/tags?post=28416"}],"curies":[{"name":"wp","href":"https:\/\/api.w.org\/{rel}","templated":true}]}}