{"id":29167,"date":"2023-04-14T09:40:00","date_gmt":"2023-04-14T07:40:00","guid":{"rendered":"http:\/\/luxiders.com.w01cc729.kasserver.com\/?p=29167"},"modified":"2024-03-15T14:25:37","modified_gmt":"2024-03-15T13:25:37","slug":"el-futuro-del-denim-es-glorioso-entrevista-con-fabio-adami-dalla-val-director-de-denim-premiere-vision","status":"publish","type":"post","link":"https:\/\/luxiders.com\/es\/el-futuro-del-denim-es-glorioso-entrevista-con-fabio-adami-dalla-val-director-de-denim-premiere-vision\/","title":{"rendered":"&#8220;El futuro del denim es glorioso&#8221; | Entrevista con Fabio Adami Dalla Val, Director de Denim Premi\u00e8re Vision"},"content":{"rendered":"    <section id=\"textblock-block_2cbe0aa3f738a4b872e12433dee47114\" class=\"section position-relative gp-block gp-textblock pt-0 pb-0\">\n        <div class=\"container\">\n            <div class=\"row g-0\">\n                <div class=\"col-lg-12 content\" data-aos=\"fade-in\" data-aos-duration=\"1000\">\n                                                                                    <div class=\"intro \">\n                            <p>&nbsp;<\/p>\n<p style=\"text-align: center;\"><em><strong><a href=\"https:\/\/denim.premierevision.com\/en\/\" target=\"_blank\" rel=\"noreferrer noopener\">Denim Premi\u00e8re Vision\u00a0<\/a><\/strong>vuelve al Arena de Berl\u00edn los d\u00edas 31 de mayo y 1 de junio. Esta edici\u00f3n en Berl\u00edn se presenta sorprendente y desafiante. Habr\u00e1 una selecta lista de expositores que mostrar\u00e1n por primera vez sus \u00faltimas novedades y un incre\u00edble nivel de contenidos que garantizar\u00e1n a los visitantes dos d\u00edas llenos de creatividad y negocio. Luxiders Magazine entrevista en exclusiva a Fabio Adami Dalla Val, Denim Premi\u00e8re Vision Show Director, para conocer todos los detalles.<\/em><\/p>\n                        <\/div>\n                                                                                                <\/div>\n            <\/div>\n        <\/div>\n    <\/section>\n    \n\n    <section id=\"newsletter-block_005e59e89118375304d8731963c4d396\" class=\"section position-relative gp-block gp-newsletter pt-0 pb-0 my-5\">\n        <div class=\"container\">\n            <div class=\"row g-0 pt-4 pb-3\">\n                <div class=\"col-lg-12 content text-center border pt-3\" data-aos=\"fade-in\" data-aos-duration=\"1000\">\n                                            <p><em>Para recibir el Newsletter de Luxiders Magazine,\u00a0<a href=\"https:\/\/landing.mailerlite.com\/webforms\/landing\/w2a1t0\" target=\"_blank\" rel=\"noopener\">suscr\u00edbete aqu\u00ed<\/a><\/em><\/p>\n                                    <\/div>\n            <\/div>\n        <\/div>\n    <\/section>\n    \n\n    <section id=\"textblock-block_1cf66808322c16b148e47cc3b00872ca\" class=\"section position-relative gp-block gp-textblock pt-0 pb-0\">\n        <div class=\"container\">\n            <div class=\"row g-0\">\n                <div class=\"col-lg-12 content\" data-aos=\"fade-in\" data-aos-duration=\"1000\">\n                                                                                <p>&nbsp;<\/p>\n<p><em>Luxiders Magazine (LM)<br \/>\nFabio Adami Dalla Val (FA)<\/em><\/p>\n<p>&nbsp;<\/p>\n<p><strong><em>LM: \u00bfC\u00f3mo ser\u00e1 el futuro de la industria del denim?<\/em><\/strong><\/p>\n<p>FA: \u00a1Glorioso! En la moda, el denim\/vaquero es una marca ic\u00f3nica capaz de conectar generaciones y de adaptarse a los retos que presenta el mundo. La producci\u00f3n mejorar\u00e1 para satisfacer el aumento de la demanda y los nuevos dise\u00f1adores cambiar\u00e1n la imagen del denim: es simplemente un nuevo futuro.<\/p>\n<p>&nbsp;<\/p>\n<p><strong><em>LM: Denim Premi\u00e8re Vision est\u00e1 a la vuelta de la esquina. \u00bfC\u00f3mo se presenta esta edici\u00f3n hasta ahora?<\/em><\/strong><\/p>\n<p>FA: Sorprendente y desafiante. Contaremos con una selecta lista de expositores que mostrar\u00e1n en primicia sus \u00faltimas novedades y un incre\u00edble nivel de contenidos que garantizar\u00e1n a los visitantes dos d\u00edas llenos de creatividad y negocio. Ya hemos definido todos los contenidos y estamos trabajando con expositores, marcas y colaboradores para crear una experiencia \u00fanica desde el principio hasta el final del sal\u00f3n.<\/p>\n<p>Estamos dise\u00f1ando proyectos, entre otros, con Michiko Koshino, Ksenia Schnaider, que tambi\u00e9n ha firmado nuestra campa\u00f1a, Adriano Goldschmied y Stefano Chiassai, uno de los dise\u00f1adores italianos m\u00e1s importantes del momento.<\/p>\n<p>Al final del primer d\u00eda esperaremos la puesta de sol en el r\u00edo Spree, como en la pasada edici\u00f3n. El evento nocturno se organizar\u00e1 en colaboraci\u00f3n con ISKO. Acogeremos un dj set de Chris Sullivan (el icono londinense) y Alessio Berto, un mito del acid jazz italiano. La comida ser\u00e1 una degustaci\u00f3n casera italiana de la regi\u00f3n de Le Marche curada para nosotros por el chef Davide Vitelli y su incre\u00edble &#8220;brigata&#8221;.<\/p>\n<p>&nbsp;<\/p>\n<p><strong><em>LM: \u00a1Vaya! La fiesta promete. El 90% de la industria del denim se reuni\u00f3 en un solo lugar (Arena Berl\u00edn) el pasado mes de mayo en Berl\u00edn. \u00bfPuede darnos un adelanto de lo que los asistentes pueden esperar ver en la feria Denim Premiere Vision de este a\u00f1o en la capital alemana?<\/em><\/strong><\/p>\n<p>FA: Es imposible compartir la lista por orden de importancia, pero dir\u00eda que la tercera edici\u00f3n de Denim PV*Fashion District cambiar\u00e1 totalmente la perspectiva del evento. Tendremos una colaboraci\u00f3n con AMD Akademie Mode &amp; Design, dos talleres: uno dise\u00f1ado con Alessio Berto &#8211; The tailor Pattern Support &#8211; y en colaboraci\u00f3n con Sharabati Denim que presentar\u00e1 por primera vez en Denim Premi\u00e8re Vision la nueva l\u00ednea de orillos &#8220;Loomes&#8221;. Durante el taller los visitantes tendr\u00e1n la oportunidad de crear su propio proyecto basado en &#8220;EL HABIBI BADLAH BORSOL THE SELVEDGED FRIENDSHIP SUIT&#8221; y al final recoger\u00e1n un pack con todos los materiales necesarios para hacerlo incluyendo el tejido de orillo de Sharabati Denim.<\/p>\n<p>&nbsp;<\/p>\n<p style=\"text-align: center;\"><span style=\"color: #d6a16d;\"><em>&#8220;Tendremos tambi\u00e9n un taller de upcycling y una fabulosa instalaci\u00f3n de Stefano Chiassai dedicada a su libro Blue Tailoring.&#8221;<\/em><\/span><\/p>\n<p>&nbsp;<\/p>\n<p>No hay que olvidar el exclusivo cartel de seminarios y conversaciones que comenzar\u00e1 con Denim Premi\u00e8re Vision Trend Tasting; Chris Sullivan y Michiko Koshino moderados por Alessio Berto: THE 80&#8217;s LONDON CULTURE SCENE &#8211; a new &#8220;fashion stories&#8221; event; Corinna y Stefano Chiassai con Berto denim: &#8220;BlueTailoring: el denim se vuelve sartorial. Where research, style, craftsmanship and technology meet. hablar\u00e1n de las inspiraciones del libro &#8221; entre otros.<\/p>\n<p>&nbsp;<\/p>\n<p style=\"text-align: center;\"><span style=\"color: #d6a16d;\"><em>\u00a0&#8220;La Trend Area comisariada por nuestro equipo de Moda dirigido por Desolina Suter se dise\u00f1ar\u00e1 en colaboraci\u00f3n con RIKKERT PAAUW y ser\u00e1 una experiencia inmersiva&#8221;.<\/em><\/span><\/p>\n<p>&nbsp;<\/p>\n                                                        <\/div>\n            <\/div>\n        <\/div>\n    <\/section>\n    \n\n    <section id=\"media-block_bbffbdf4da774f24a7512565afc67c0b\" class=\"section position-relative gp-block gp-media pt-0 pb-0\">\n        <div class=\"container\">\n            <div class=\"row g-0\">\n                <div class=\"col-lg-12 content\" data-aos=\"fade-in\" data-aos-duration=\"1000\">\n                                                                            <\/div>\n            <\/div>\n            <div class=\"row g-0\">\n                <div class=\"col-lg-6 \">\n                                                                                                                                                <figure class=\"mb-4 pt-lg-4 mb-lg-3 ps-lg-0 pe-lg-0\" data-aos=\"fade-up\" data-aos-duration=\"1000\"><div class=\"img-container\"><img loading=\"lazy\" decoding=\"async\" width=\"1068\" height=\"1600\" src=\"https:\/\/luxiders.com\/content\/uploads\/fabio-2023-1.jpeg\" class=\"img-fluid w-100\" alt=\"Fabio Adami Dalla Val, Denim Premi\u00e8re Vision Show Director\" srcset=\"https:\/\/luxiders.com\/content\/uploads\/fabio-2023-1.jpeg 1068w, https:\/\/luxiders.com\/content\/uploads\/fabio-2023-1-200x300.jpeg 200w, https:\/\/luxiders.com\/content\/uploads\/fabio-2023-1-684x1024.jpeg 684w, https:\/\/luxiders.com\/content\/uploads\/fabio-2023-1-768x1151.jpeg 768w, https:\/\/luxiders.com\/content\/uploads\/fabio-2023-1-1025x1536.jpeg 1025w\" sizes=\"(max-width: 1068px) 100vw, 1068px\" \/><\/div><figcaption>Fabio Adami Dalla Val, Denim Premi\u00e8re Vision Show Director<\/figcaption><\/figure>                                                                                            <\/div>\n                                    <div class=\"col-lg-6\">\n                                                                                                                                                        <figure class=\"mb-4 pt-lg-6 mb-lg-3 ps-lg-5 pe-lg-0\" data-aos=\"fade-up\" data-aos-duration=\"1000\"><div class=\"img-container\"><img loading=\"lazy\" decoding=\"async\" width=\"1920\" height=\"1280\" src=\"https:\/\/luxiders.com\/content\/uploads\/denim-pv-nov22-7317-1.jpg\" class=\"img-fluid w-100\" alt=\"\" srcset=\"https:\/\/luxiders.com\/content\/uploads\/denim-pv-nov22-7317-1.jpg 1920w, https:\/\/luxiders.com\/content\/uploads\/denim-pv-nov22-7317-1-300x200.jpg 300w, https:\/\/luxiders.com\/content\/uploads\/denim-pv-nov22-7317-1-1024x683.jpg 1024w, https:\/\/luxiders.com\/content\/uploads\/denim-pv-nov22-7317-1-768x512.jpg 768w, https:\/\/luxiders.com\/content\/uploads\/denim-pv-nov22-7317-1-1536x1024.jpg 1536w\" sizes=\"(max-width: 1920px) 100vw, 1920px\" \/><\/div><\/figure>                                                                                                        <\/div>\n                                            <\/div>\n        <\/div>\n    <\/section>\n    \n\n    <section id=\"media-block_8f43ca651d3de5cb7b9763bb6c50c2a2\" class=\"section position-relative gp-block gp-media pt-0 pb-0\">\n        <div class=\"container\">\n            <div class=\"row g-0\">\n                <div class=\"col-lg-12 content\" data-aos=\"fade-in\" data-aos-duration=\"1000\">\n                                                                            <\/div>\n            <\/div>\n            <div class=\"row g-0\">\n                <div class=\"col-lg-6 \">\n                                                                                                                                                <figure class=\"mb-4 pt-lg-4 mb-lg-5 ps-lg-0 pe-lg-3\" data-aos=\"fade-up\" data-aos-duration=\"1000\"><div class=\"img-container\"><img loading=\"lazy\" decoding=\"async\" width=\"1000\" height=\"666\" src=\"https:\/\/luxiders.com\/content\/uploads\/denim-pv-nov22-4429-1.jpeg\" class=\"img-fluid w-100\" alt=\"\" srcset=\"https:\/\/luxiders.com\/content\/uploads\/denim-pv-nov22-4429-1.jpeg 1000w, https:\/\/luxiders.com\/content\/uploads\/denim-pv-nov22-4429-1-300x200.jpeg 300w, https:\/\/luxiders.com\/content\/uploads\/denim-pv-nov22-4429-1-768x511.jpeg 768w\" sizes=\"(max-width: 1000px) 100vw, 1000px\" \/><\/div><\/figure>                                                                                            <\/div>\n                                    <div class=\"col-lg-6\">\n                                                                                                                                                        <figure class=\"mb-4 pt-lg-6 mb-lg-4 ps-lg-5 pe-lg-0\" data-aos=\"fade-up\" data-aos-duration=\"1000\"><div class=\"img-container\"><img loading=\"lazy\" decoding=\"async\" width=\"1000\" height=\"666\" src=\"https:\/\/luxiders.com\/content\/uploads\/denim-pv-nov22-7516-1.jpeg\" class=\"img-fluid w-100\" alt=\"\" srcset=\"https:\/\/luxiders.com\/content\/uploads\/denim-pv-nov22-7516-1.jpeg 1000w, https:\/\/luxiders.com\/content\/uploads\/denim-pv-nov22-7516-1-300x200.jpeg 300w, https:\/\/luxiders.com\/content\/uploads\/denim-pv-nov22-7516-1-768x511.jpeg 768w\" sizes=\"(max-width: 1000px) 100vw, 1000px\" \/><\/div><\/figure>                                                                                                        <\/div>\n                                            <\/div>\n        <\/div>\n    <\/section>\n    \n\n    <section id=\"textblock-block_0df282b3a054fe502e7337173dfb6795\" class=\"section position-relative gp-block gp-textblock pt-0 pb-0\">\n        <div class=\"container\">\n            <div class=\"row g-0\">\n                <div class=\"col-lg-12 content\" data-aos=\"fade-in\" data-aos-duration=\"1000\">\n                                                                                <p>&nbsp;<\/p>\n<p><em><strong>LM: El programa de esta temporada es sumamente interesante. Una demostraci\u00f3n de tejido vaquero en un antiguo telar manual; una exposici\u00f3n sobre la historia del algod\u00f3n siciliano 100% ecol\u00f3gico; el Premi\u00e8re Vintage Market. Todo indica que Denim by PV habla cada vez m\u00e1s de moda sostenible, \u00bfme equivoco?<\/strong><\/em><\/p>\n<p>FA: Tienes toda la raz\u00f3n. En Premi\u00e8re Vision, la sostenibilidad es un punto clave y empezamos a invertir en ella hace muchos a\u00f1os con un enfoque exploratorio. Somos el espejo de nuestros socios y tenemos un punto de vista exclusivo sobre el mercado. Esto nos permite presentar cada vez nuevos aspectos interesantes de la moda, siempre con la sostenibilidad en mente. Creemos que la sostenibilidad debe tener un enfoque hol\u00edstico que tiene que considerar el estado de la t\u00e9cnica en t\u00e9rminos de materias primas, productos, procesos, soluciones innovadoras, sino tambi\u00e9n el lado \u00e9tico y empresarial de la misma. Todos nuestros socios han pasado por una selecci\u00f3n en la que tambi\u00e9n se han tenido en cuenta estos aspectos, lo que tambi\u00e9n es una garant\u00eda para los visitantes del sal\u00f3n. Intentamos crear sinergias y colaboraciones entre los expositores y, como saben, la colaboraci\u00f3n es uno de los pilares de la econom\u00eda circular. Creo firmemente que es uno de los puntos principales si queremos redise\u00f1ar la industria de la moda.<\/p>\n<p>&nbsp;<\/p>\n<p><strong><em>LM: \u00bfQu\u00e9 otras medidas est\u00e1 tomando Denim Premi\u00e8re Vision para promover la sostenibilidad en la industria del denim?<\/em><\/strong><\/p>\n<p>FA: Continuaremos con nuestra investigaci\u00f3n y exploraci\u00f3n de innovaciones y nuestro enfoque pedag\u00f3gico en la difusi\u00f3n de las mismas. Al formar parte de Premi\u00e8re Vision tenemos la oportunidad \u00fanica de observar cada rinc\u00f3n de la industria en todo el mundo, manteni\u00e9ndonos al d\u00eda de las \u00faltimas novedades. Compartimos nuestra visi\u00f3n temporada tras temporada con nuestros socios, y ellos tambi\u00e9n lo hacen con nosotros, de modo que se genera un c\u00edrculo virtuoso. Nuestra misi\u00f3n es crear la mejor plataforma posible para nuestros socios, donde puedan hacer su negocio como es debido, y tenemos que crearla en torno al concepto de sostenibilidad.<\/p>\n<p>&nbsp;<\/p>\n<p><strong><em>LM: Hechos de c\u00e1\u00f1amo y otras fibras regenerativas. Te\u00f1idos de forma natural o incluso sin te\u00f1ir. Fabricados a partir de materiales de reciclaje inesperados. Con c\u00f3digos QR que informan sobre el origen, los materiales y los certificados. Con etiquetas, botones y cintas hechas de tela vaquera 100% postindustrial. Esas fueron las innovaciones que encontramos durante la \u00faltima edici\u00f3n de Denim by PV en Berl\u00edn. \u00bfPodr\u00eda compartir con nosotros alguna novedad o tendencia interesante en el sector del denim que vayamos a descubrir en la pr\u00f3xima edici\u00f3n y a la que debamos estar atentos?<\/em><\/strong><\/p>\n<p>FA: Por supuesto, la mejor manera de descubrir innovaciones y novedades exclusivas es venir a explorar el sal\u00f3n. No obstante, aqu\u00ed van algunos adelantos. Calik presentar\u00e1 los \u00faltimos avances de su proyecto B210 de tejidos biodegradables; Casati Flock presentar\u00e1 la evoluci\u00f3n de su l\u00ednea Eco flock y el proyecto Circular, cuyo objetivo es reciclar tejidos preconsumidos y postconsumidos. Tambi\u00e9n habr\u00e1 una interesante oportunidad de ver c\u00f3mo empresas como el Grupo M&amp;J abordan la sostenibilidad desde un punto de vista cient\u00edfico con una fuerte actitud \u00e9tica.<\/p>\n<p>Tambi\u00e9n nos complace anunciar el regreso a Denim PV de Bluesign, que pondr\u00e1 de relieve un nuevo proyecto que ayuda a conectar toda la cadena de valor y a ofrecer a los consumidores finales una mejor comprensi\u00f3n de los valores del producto. Con m\u00e1s de 60 expositores seleccionados, cabe esperar una gran cantidad de novedades, pero en general la sensaci\u00f3n es que volvemos a hablar de producto y moda ante todo.<\/p>\n<p>&nbsp;<\/p>\n<p><strong><em>LM: Tambi\u00e9n encontramos dise\u00f1os e ideas novedosas que abren puertas al upcycling, downcycling, reciclaje y reutilizaci\u00f3n del tejido vaquero. No hay nada m\u00e1s sostenible que lo que ya existe. \u00bfHa primado el tema del upcycling \/ reciclaje en el sal\u00f3n? \u00bfPuede adelantarnos algo de lo que descubriremos en este sentido?<\/em><\/strong><\/p>\n<p>FA: Incluso cuando hablamos de upcycling tenemos que ser cuidadosos y evitar discursos f\u00e1ciles que puedan crear malentendidos, pero en general tienes toda la raz\u00f3n.<\/p>\n<p>Para esta edici\u00f3n organizaremos un taller en colaboraci\u00f3n con THERAPY BERLIN dedicado al upcycling donde los visitantes tendr\u00e1n la oportunidad de experimentar ellos mismos &#8220;c\u00f3mo se hace&#8221; y c\u00f3mo ser creativos. Algunas de las marcas del Distrito de la Moda est\u00e1n basadas en el upcycling: Regenes, Common parts, Therapy Berlin, Fade out Label, Infinit Denim, Resap Paris,&#8230; y muchas otras que tuvimos en la edici\u00f3n anterior.<\/p>\n<p>Pero tambi\u00e9n tendremos casos industriales y empresas que tienen un papel central al respecto. Por ejemplo, Casati Flock es capaz de crear nuevos materiales a partir de residuos textiles (por nuevos materiales se entiende papel, textil, productos qu\u00edmicos,&#8230;). Por parte de Denim Premi\u00e8re Vision, desde 2017 abordamos el concepto tambi\u00e9n desde la perspectiva de la organizaci\u00f3n: estamos utilizando y reutilizando la mayor parte de los materiales, reduciendo los residuos y el transporte. Tambi\u00e9n estamos tratando de reciclar los materiales que eventualmente han de ser considerados como residuos.<\/p>\n<p>&nbsp;<\/p>\n<p style=\"text-align: center;\"><span style=\"color: #d6a16d;\"><em>&#8220;Estamos dise\u00f1ando la zona FASHION TREND y el Distrito de la Moda en colaboraci\u00f3n con RIKKERT PAAUW que tiene una historia basada en el reciclaje de materiales. La zona de tendencias ser\u00e1 un mensaje de tendencia no s\u00f3lo por los materiales y productos presentados, sino tambi\u00e9n por la escenograf\u00eda.&#8221;<\/em><\/span><\/p>\n<p>&nbsp;<\/p>\n                                                        <\/div>\n            <\/div>\n        <\/div>\n    <\/section>\n    \n\n    <section id=\"media-block_979ca8a0be95413b0681c309da432927\" class=\"section position-relative gp-block gp-media pt-0 pb-0\">\n        <div class=\"container\">\n            <div class=\"row g-0\">\n                <div class=\"col-lg-12 content\" data-aos=\"fade-in\" data-aos-duration=\"1000\">\n                                                                            <\/div>\n            <\/div>\n            <div class=\"row g-0\">\n                <div class=\"col-lg-6 \">\n                                                                                                                                                <figure class=\"mb-4 pt-lg-4 mb-lg-3 ps-lg-0 pe-lg-4\" data-aos=\"fade-up\" data-aos-duration=\"1000\"><div class=\"img-container\"><img loading=\"lazy\" decoding=\"async\" width=\"1000\" height=\"667\" src=\"https:\/\/luxiders.com\/content\/uploads\/denim-pv-nov22-3176-1.jpeg\" class=\"img-fluid w-100\" alt=\"\" srcset=\"https:\/\/luxiders.com\/content\/uploads\/denim-pv-nov22-3176-1.jpeg 1000w, https:\/\/luxiders.com\/content\/uploads\/denim-pv-nov22-3176-1-300x200.jpeg 300w, https:\/\/luxiders.com\/content\/uploads\/denim-pv-nov22-3176-1-768x512.jpeg 768w\" sizes=\"(max-width: 1000px) 100vw, 1000px\" \/><\/div><\/figure>                                                                                            <\/div>\n                                    <div class=\"col-lg-6\">\n                                                                                                                                                        <figure class=\"mb-4 pt-lg-6 mb-lg-3 ps-lg-4 pe-lg-0\" data-aos=\"fade-up\" data-aos-duration=\"1000\"><div class=\"img-container\"><img loading=\"lazy\" decoding=\"async\" width=\"800\" height=\"533\" src=\"https:\/\/luxiders.com\/content\/uploads\/denim-pv-nov22-1813-1.jpeg\" class=\"img-fluid w-100\" alt=\"\" srcset=\"https:\/\/luxiders.com\/content\/uploads\/denim-pv-nov22-1813-1.jpeg 800w, https:\/\/luxiders.com\/content\/uploads\/denim-pv-nov22-1813-1-300x200.jpeg 300w, https:\/\/luxiders.com\/content\/uploads\/denim-pv-nov22-1813-1-768x512.jpeg 768w\" sizes=\"(max-width: 800px) 100vw, 800px\" \/><\/div><\/figure>                                                                                                        <\/div>\n                                            <\/div>\n        <\/div>\n    <\/section>\n    \n\n    <section id=\"media-block_15bd81ab4805acaf6f1a59746f52ddbc\" class=\"section position-relative gp-block gp-media pt-0 pb-0\">\n        <div class=\"container\">\n            <div class=\"row g-0\">\n                <div class=\"col-lg-12 content\" data-aos=\"fade-in\" data-aos-duration=\"1000\">\n                                                                            <\/div>\n            <\/div>\n            <div class=\"row g-0\">\n                <div class=\"col-lg-12 img-scaled\">\n                                                                                                                                                <figure class=\"mb-4 pt-lg-4 mb-lg-4 ps-lg-2 pe-lg-2\" data-aos=\"fade-up\" data-aos-duration=\"1000\"><div class=\"img-container\"><img loading=\"lazy\" decoding=\"async\" width=\"1000\" height=\"667\" src=\"https:\/\/luxiders.com\/content\/uploads\/denim-pv-nov22-2075-1.jpeg\" class=\"img-fluid w-100\" alt=\"\" srcset=\"https:\/\/luxiders.com\/content\/uploads\/denim-pv-nov22-2075-1.jpeg 1000w, https:\/\/luxiders.com\/content\/uploads\/denim-pv-nov22-2075-1-300x200.jpeg 300w, https:\/\/luxiders.com\/content\/uploads\/denim-pv-nov22-2075-1-768x512.jpeg 768w\" sizes=\"(max-width: 1000px) 100vw, 1000px\" \/><\/div><\/figure>                                                                                            <\/div>\n                                            <\/div>\n        <\/div>\n    <\/section>\n    \n\n    <section id=\"media-block_8dea3ef3d5b6002149e7a28d259687e4\" class=\"section position-relative gp-block gp-media pt-0 pb-0\">\n        <div class=\"container\">\n            <div class=\"row g-0\">\n                <div class=\"col-lg-12 content\" data-aos=\"fade-in\" data-aos-duration=\"1000\">\n                                                                            <\/div>\n            <\/div>\n            <div class=\"row g-0\">\n                <div class=\"col-lg-6 \">\n                                                                                                                                                <figure class=\"mb-4 pt-lg-4 mb-lg-3 ps-lg-0 pe-lg-4\" data-aos=\"fade-up\" data-aos-duration=\"1000\"><div class=\"img-container\"><img loading=\"lazy\" decoding=\"async\" width=\"800\" height=\"533\" src=\"https:\/\/luxiders.com\/content\/uploads\/denim-pv-nov22-2128.jpeg\" class=\"img-fluid w-100\" alt=\"\" srcset=\"https:\/\/luxiders.com\/content\/uploads\/denim-pv-nov22-2128.jpeg 800w, https:\/\/luxiders.com\/content\/uploads\/denim-pv-nov22-2128-300x200.jpeg 300w, https:\/\/luxiders.com\/content\/uploads\/denim-pv-nov22-2128-768x512.jpeg 768w\" sizes=\"(max-width: 800px) 100vw, 800px\" \/><\/div><\/figure>                                                                                            <\/div>\n                                    <div class=\"col-lg-6\">\n                                                                                                                                                        <figure class=\"mb-4 pt-lg-6 mb-lg-3 ps-lg-4 pe-lg-0\" data-aos=\"fade-up\" data-aos-duration=\"1000\"><div class=\"img-container\"><img loading=\"lazy\" decoding=\"async\" width=\"1000\" height=\"667\" src=\"https:\/\/luxiders.com\/content\/uploads\/denim-pv-nov22-1650-1.jpeg\" class=\"img-fluid w-100\" alt=\"\" srcset=\"https:\/\/luxiders.com\/content\/uploads\/denim-pv-nov22-1650-1.jpeg 1000w, https:\/\/luxiders.com\/content\/uploads\/denim-pv-nov22-1650-1-300x200.jpeg 300w, https:\/\/luxiders.com\/content\/uploads\/denim-pv-nov22-1650-1-768x512.jpeg 768w\" sizes=\"(max-width: 1000px) 100vw, 1000px\" \/><\/div><\/figure>                                                                                                        <\/div>\n                                            <\/div>\n        <\/div>\n    <\/section>\n    \n\n    <section id=\"textblock-block_c5461de571742704d005b8483cdd0b09\" class=\"section position-relative gp-block gp-textblock pt-0 pb-0\">\n        <div class=\"container\">\n            <div class=\"row g-0\">\n                <div class=\"col-lg-12 content\" data-aos=\"fade-in\" data-aos-duration=\"1000\">\n                                                                                <p>&nbsp;<\/p>\n<p><em><b>LM: Durante la pasada edici\u00f3n, disfrutamos mucho de su Denim Fashion District, con colecciones c\u00e1psula producidas gracias a los materiales y el saber hacer de los expositores de Denim PV. \u00bfQui\u00e9n puede formar parte de \u00e9l y qui\u00e9n participar\u00e1 en esta edici\u00f3n?<\/b><\/em><\/p>\n<p>FA: Para esta edici\u00f3n, el Fashion District da un gran paso adelante manteniendo un papel central en el paisaje del futuro Denim Premiere Vision. La inspiraci\u00f3n de marcas que pueden mostrar una actualizaci\u00f3n de la tendencia y los expositores habituales de PV Denim que presentan las novedades de AW 24-25 generan una incre\u00edble oportunidad de mirar al futuro desde una ventana privilegiada. Para esta edici\u00f3n daremos la bienvenida a: Michiko Koshino y presentaremos algunos momentos destacados de su ic\u00f3nica historia, Ksenia Schnaider que firma tambi\u00e9n nuestra campa\u00f1a, Daily Blue (Adriano Goldschmied), Fade Out Label, Denzilpatrick, Kentroy Yearwood, Stripe of-f Road, Milena Andrade, Resap Paris, Common Parts, The Sparkle Collection, Regenes, Tria Maria Jaakkola, 8IGB, Infinit Denim, Therapy Berlin y algunos m\u00e1s que vendr\u00e1n.<\/p>\n<p>Ya han empezado a trabajar con los tejidos de los expositores de Denim PV para presentar nuevos art\u00edculos exclusivos entre su \u00faltima colecci\u00f3n.<\/p>\n<p>&nbsp;<\/p>\n<p style=\"text-align: center;\"><span style=\"color: #d6a16d;\"><em>&#8220;Denim PV * Fashion District est\u00e1 creciendo y tambi\u00e9n se est\u00e1 convirtiendo en una cita interesante para show rooms, minoristas, e-tailers, etc&#8230; que tienen la oportunidad de ver las \u00faltimas colecciones con pocas semanas de antelaci\u00f3n y al mismo tiempo explorar las materias primas que se utilizan para ello.&#8221;<\/em><\/span><\/p>\n<p>&nbsp;<\/p>\n<p><strong><em>LM: \u00bfQu\u00e9 consejo dar\u00edas a los j\u00f3venes dise\u00f1adores o emprendedores que buscan introducirse en la industria del denim?<\/em><\/strong><\/p>\n<p>FA: No tengo edad para dar consejos, pero puedo decir que mantengan la mente abierta, exploren y COLABOREN. No teng\u00e1is miedo de compartir lo que hac\u00e9is porque la colaboraci\u00f3n es clave para vuestro futuro y pasad tiempo en producci\u00f3n para aprender c\u00f3mo se hace todo porque s\u00f3lo as\u00ed vuestra creatividad puede transformar y redise\u00f1ar el\u00a0<em>status quo<\/em>. Las mayores innovaciones en el textil se crearon a partir de personas con incre\u00edbles habilidades de producci\u00f3n (Adriano Goldshmied, Francois Girbaud, Etro, Massimo Osti, Jean-Paul Gaultier y muchos otros).<\/p>\n<p>&nbsp;<\/p>\n<p><em><strong>LM: Por \u00faltimo, \u00bfcu\u00e1les cree que son los mayores retos a los que se enfrenta la industria del denim en la actualidad?<\/strong><\/em><\/p>\n<p>FA: Creo que la brecha entre productores y marcas es mayor que nunca.<\/p>\n<p>&nbsp;<\/p>\n<p style=\"text-align: center;\"><span style=\"color: #d6a16d;\"><em>&#8220;La industria necesita colaboraci\u00f3n (pero no colaboraci\u00f3n de marketing) para redise\u00f1arse a s\u00ed misma. Afortunadamente, la industria (el lado de la producci\u00f3n) y las nuevas normativas est\u00e1n empezando a generar una nueva conciencia en la gente y a impulsar este enfoque. La transparencia tambi\u00e9n es otro gran reto. Hoy estamos en la fase en la que mostramos de forma transparente lo que nos gusta mostrar, pero pronto necesitaremos ser totalmente transparentes y ser\u00e1 un momento interesante&#8221;.<\/em><\/span><\/p>\n<p>&nbsp;<\/p>\n                                                        <\/div>\n            <\/div>\n        <\/div>\n    <\/section>\n    \n\n    <section id=\"textblock-block_7f7f4a73e4683502f9689307b3e7cc2a\" class=\"section position-relative gp-block gp-textblock pt-0 pb-0\">\n        <div class=\"container\">\n            <div class=\"row g-0\">\n                <div class=\"col-lg-12 content\" data-aos=\"fade-in\" data-aos-duration=\"1000\">\n                                                                                <p>&nbsp;<\/p>\n<p style=\"text-align: center;\"><em><strong>All Images:\u00a0<\/strong><strong>\u00a9\u00a0<\/strong><b>Denim Premi\u00e8re Vision<\/b><\/em><\/p>\n<p style=\"text-align: center;\"><em><strong>.<\/strong><\/em><\/p>\n<p style=\"text-align: center;\"><em><strong>+ Interviewer:<br \/>\nBelvis Soler<br \/>\nLuxiders Magazine<\/strong><\/em><\/p>\n<p>&nbsp;<\/p>\n<p>&nbsp;<\/p>\n                                                        <\/div>\n            <\/div>\n        <\/div>\n    <\/section>\n    ","protected":false},"excerpt":{"rendered":"","protected":false},"author":2,"featured_media":29200,"comment_status":"closed","ping_status":"closed","sticky":false,"template":"","format":"standard","meta":{"_acf_changed":false,"footnotes":""},"categories":[130],"tags":[4968,4017,8337,8336,4018,4969],"class_list":{"0":"post-29167","1":"post","2":"type-post","3":"status-publish","4":"format-standard","5":"has-post-thumbnail","7":"category-moda-sostenible-lujo","8":"tag-denim-premiere-vision-2-es","9":"tag-denim-premiere-vision-es","10":"tag-el-futuro-del-denim","11":"tag-entrevista-con-fabio-adami-dalla-val","12":"tag-fabio-adami-dalla-val-es","13":"tag-sustainable-denim-es"},"acf":[],"yoast_head":"<title>Entrevista Fabio Adami Dalla Val, Director de Denim Premi\u00e8re Vision<\/title>\n<meta name=\"description\" content=\"Lea nuestra entrevista con Fabio Adami Dalla Val, Director del Sal\u00f3n Denim Premi\u00e8re Vision. Nos explica todos los detalles del sal\u00f3n...\" \/>\n<meta name=\"robots\" content=\"index, follow, max-snippet:-1, max-image-preview:large, max-video-preview:-1\" \/>\n<link rel=\"canonical\" href=\"https:\/\/luxiders.com\/es\/el-futuro-del-denim-es-glorioso-entrevista-con-fabio-adami-dalla-val-director-de-denim-premiere-vision\/\" \/>\n<meta property=\"og:locale\" content=\"es_ES\" \/>\n<meta property=\"og:type\" content=\"article\" \/>\n<meta property=\"og:title\" content=\"Entrevista Fabio Adami Dalla Val, Director de Denim Premi\u00e8re Vision\" \/>\n<meta property=\"og:description\" content=\"Lea nuestra entrevista con Fabio Adami Dalla Val, Director del Sal\u00f3n Denim Premi\u00e8re Vision. Nos explica todos los detalles del sal\u00f3n...\" \/>\n<meta property=\"og:url\" content=\"https:\/\/luxiders.com\/es\/el-futuro-del-denim-es-glorioso-entrevista-con-fabio-adami-dalla-val-director-de-denim-premiere-vision\/\" \/>\n<meta property=\"og:site_name\" content=\"Sustainable Fashion - Eco Design - Healthy Lifestyle - Luxiders Magazine\" \/>\n<meta property=\"article:published_time\" content=\"2023-04-14T07:40:00+00:00\" \/>\n<meta property=\"article:modified_time\" content=\"2024-03-15T13:25:37+00:00\" \/>\n<meta property=\"og:image\" content=\"https:\/\/luxiders.com\/content\/uploads\/fabio-2023-2-e1704444183113.jpeg\" \/>\n\t<meta property=\"og:image:width\" content=\"1068\" \/>\n\t<meta property=\"og:image:height\" content=\"1600\" \/>\n\t<meta property=\"og:image:type\" content=\"image\/jpeg\" \/>\n<meta name=\"author\" content=\"luxiders\" \/>\n<meta name=\"twitter:card\" content=\"summary_large_image\" \/>\n<meta name=\"twitter:label1\" content=\"Written by\" \/>\n\t<meta name=\"twitter:data1\" content=\"luxiders\" \/>\n\t<meta name=\"twitter:label2\" content=\"Est. reading time\" \/>\n\t<meta name=\"twitter:data2\" content=\"11 minutes\" \/>\n<script type=\"application\/ld+json\" class=\"yoast-schema-graph\">{\"@context\":\"https:\/\/schema.org\",\"@graph\":[{\"@type\":\"Article\",\"@id\":\"https:\/\/luxiders.com\/es\/el-futuro-del-denim-es-glorioso-entrevista-con-fabio-adami-dalla-val-director-de-denim-premiere-vision\/#article\",\"isPartOf\":{\"@id\":\"https:\/\/luxiders.com\/es\/el-futuro-del-denim-es-glorioso-entrevista-con-fabio-adami-dalla-val-director-de-denim-premiere-vision\/\"},\"author\":{\"name\":\"luxiders\",\"@id\":\"https:\/\/luxiders.com\/es\/#\/schema\/person\/8632fa702ae2ce98f66c396254633de8\"},\"headline\":\"&#8220;El futuro del denim es glorioso&#8221; | Entrevista con Fabio Adami Dalla Val, Director de Denim Premi\u00e8re Vision\",\"datePublished\":\"2023-04-14T07:40:00+00:00\",\"dateModified\":\"2024-03-15T13:25:37+00:00\",\"mainEntityOfPage\":{\"@id\":\"https:\/\/luxiders.com\/es\/el-futuro-del-denim-es-glorioso-entrevista-con-fabio-adami-dalla-val-director-de-denim-premiere-vision\/\"},\"wordCount\":18,\"publisher\":{\"@id\":\"https:\/\/luxiders.com\/es\/#organization\"},\"image\":{\"@id\":\"https:\/\/luxiders.com\/es\/el-futuro-del-denim-es-glorioso-entrevista-con-fabio-adami-dalla-val-director-de-denim-premiere-vision\/#primaryimage\"},\"thumbnailUrl\":\"https:\/\/luxiders.com\/content\/uploads\/fabio-2023-2-e1704444183113.jpeg\",\"keywords\":[\"Denim Premi\u00e8re Vision\",\"denim premiere vision\",\"El futuro del denim\",\"Entrevista con Fabio Adami Dalla Val\",\"Fabio Adami Dalla Val\",\"sustainable denim\"],\"articleSection\":[\"Moda\"],\"inLanguage\":\"es-ES\"},{\"@type\":\"WebPage\",\"@id\":\"https:\/\/luxiders.com\/es\/el-futuro-del-denim-es-glorioso-entrevista-con-fabio-adami-dalla-val-director-de-denim-premiere-vision\/\",\"url\":\"https:\/\/luxiders.com\/es\/el-futuro-del-denim-es-glorioso-entrevista-con-fabio-adami-dalla-val-director-de-denim-premiere-vision\/\",\"name\":\"Entrevista Fabio Adami Dalla Val, Director de Denim Premi\u00e8re Vision\",\"isPartOf\":{\"@id\":\"https:\/\/luxiders.com\/es\/#website\"},\"primaryImageOfPage\":{\"@id\":\"https:\/\/luxiders.com\/es\/el-futuro-del-denim-es-glorioso-entrevista-con-fabio-adami-dalla-val-director-de-denim-premiere-vision\/#primaryimage\"},\"image\":{\"@id\":\"https:\/\/luxiders.com\/es\/el-futuro-del-denim-es-glorioso-entrevista-con-fabio-adami-dalla-val-director-de-denim-premiere-vision\/#primaryimage\"},\"thumbnailUrl\":\"https:\/\/luxiders.com\/content\/uploads\/fabio-2023-2-e1704444183113.jpeg\",\"datePublished\":\"2023-04-14T07:40:00+00:00\",\"dateModified\":\"2024-03-15T13:25:37+00:00\",\"description\":\"Lea nuestra entrevista con Fabio Adami Dalla Val, Director del Sal\u00f3n Denim Premi\u00e8re Vision. Nos explica todos los detalles del sal\u00f3n...\",\"breadcrumb\":{\"@id\":\"https:\/\/luxiders.com\/es\/el-futuro-del-denim-es-glorioso-entrevista-con-fabio-adami-dalla-val-director-de-denim-premiere-vision\/#breadcrumb\"},\"inLanguage\":\"es-ES\",\"potentialAction\":[{\"@type\":\"ReadAction\",\"target\":[\"https:\/\/luxiders.com\/es\/el-futuro-del-denim-es-glorioso-entrevista-con-fabio-adami-dalla-val-director-de-denim-premiere-vision\/\"]}]},{\"@type\":\"ImageObject\",\"inLanguage\":\"es-ES\",\"@id\":\"https:\/\/luxiders.com\/es\/el-futuro-del-denim-es-glorioso-entrevista-con-fabio-adami-dalla-val-director-de-denim-premiere-vision\/#primaryimage\",\"url\":\"https:\/\/luxiders.com\/content\/uploads\/fabio-2023-2-e1704444183113.jpeg\",\"contentUrl\":\"https:\/\/luxiders.com\/content\/uploads\/fabio-2023-2-e1704444183113.jpeg\",\"width\":1068,\"height\":1600},{\"@type\":\"BreadcrumbList\",\"@id\":\"https:\/\/luxiders.com\/es\/el-futuro-del-denim-es-glorioso-entrevista-con-fabio-adami-dalla-val-director-de-denim-premiere-vision\/#breadcrumb\",\"itemListElement\":[{\"@type\":\"ListItem\",\"position\":1,\"name\":\"Startseite\",\"item\":\"https:\/\/luxiders.com\/es\/\"},{\"@type\":\"ListItem\",\"position\":2,\"name\":\"Moda\",\"item\":\"https:\/\/luxiders.com\/es\/category\/moda-sostenible-lujo\/\"},{\"@type\":\"ListItem\",\"position\":3,\"name\":\"&#8220;El futuro del denim es glorioso&#8221; | Entrevista con Fabio Adami Dalla Val, Director de Denim Premi\u00e8re Vision\"}]},{\"@type\":\"WebSite\",\"@id\":\"https:\/\/luxiders.com\/es\/#website\",\"url\":\"https:\/\/luxiders.com\/es\/\",\"name\":\"Sustainable Fashion - Eco Design - Healthy Lifestyle - Luxiders Magazine\",\"description\":\"Luxiders is a sustainable luxury magazine highlighting the best stories about sustainable fashion, ethical fashion, eco-friendly design, green design, sustainable travel, natural beauty, organic beauty and healthy lifestyle. Know the best high-end, progressive and luxury sustainable brands and designers worldwide.\",\"publisher\":{\"@id\":\"https:\/\/luxiders.com\/es\/#organization\"},\"potentialAction\":[{\"@type\":\"SearchAction\",\"target\":{\"@type\":\"EntryPoint\",\"urlTemplate\":\"https:\/\/luxiders.com\/es\/?s={search_term_string}\"},\"query-input\":{\"@type\":\"PropertyValueSpecification\",\"valueRequired\":true,\"valueName\":\"search_term_string\"}}],\"inLanguage\":\"es-ES\"},{\"@type\":\"Organization\",\"@id\":\"https:\/\/luxiders.com\/es\/#organization\",\"name\":\"Sustainable Fashion - Eco Design - Healthy Lifestyle - Luxiders Magazine\",\"url\":\"https:\/\/luxiders.com\/es\/\",\"logo\":{\"@type\":\"ImageObject\",\"inLanguage\":\"es-ES\",\"@id\":\"https:\/\/luxiders.com\/es\/#\/schema\/logo\/image\/\",\"url\":\"https:\/\/luxiders.com\/content\/uploads\/lux-logo.svg\",\"contentUrl\":\"https:\/\/luxiders.com\/content\/uploads\/lux-logo.svg\",\"caption\":\"Sustainable Fashion - Eco Design - Healthy Lifestyle - Luxiders Magazine\"},\"image\":{\"@id\":\"https:\/\/luxiders.com\/es\/#\/schema\/logo\/image\/\"}},{\"@type\":\"Person\",\"@id\":\"https:\/\/luxiders.com\/es\/#\/schema\/person\/8632fa702ae2ce98f66c396254633de8\",\"name\":\"luxiders\",\"url\":\"https:\/\/luxiders.com\/es\/author\/luxiders\/\"}]}<\/script>","yoast_head_json":{"title":"Entrevista Fabio Adami Dalla Val, Director de Denim Premi\u00e8re Vision","description":"Lea nuestra entrevista con Fabio Adami Dalla Val, Director del Sal\u00f3n Denim Premi\u00e8re Vision. Nos explica todos los detalles del sal\u00f3n...","robots":{"index":"index","follow":"follow","max-snippet":"max-snippet:-1","max-image-preview":"max-image-preview:large","max-video-preview":"max-video-preview:-1"},"canonical":"https:\/\/luxiders.com\/es\/el-futuro-del-denim-es-glorioso-entrevista-con-fabio-adami-dalla-val-director-de-denim-premiere-vision\/","og_locale":"es_ES","og_type":"article","og_title":"Entrevista Fabio Adami Dalla Val, Director de Denim Premi\u00e8re Vision","og_description":"Lea nuestra entrevista con Fabio Adami Dalla Val, Director del Sal\u00f3n Denim Premi\u00e8re Vision. Nos explica todos los detalles del sal\u00f3n...","og_url":"https:\/\/luxiders.com\/es\/el-futuro-del-denim-es-glorioso-entrevista-con-fabio-adami-dalla-val-director-de-denim-premiere-vision\/","og_site_name":"Sustainable Fashion - Eco Design - Healthy Lifestyle - Luxiders Magazine","article_published_time":"2023-04-14T07:40:00+00:00","article_modified_time":"2024-03-15T13:25:37+00:00","og_image":[{"width":1068,"height":1600,"url":"https:\/\/luxiders.com\/content\/uploads\/fabio-2023-2-e1704444183113.jpeg","type":"image\/jpeg"}],"author":"luxiders","twitter_card":"summary_large_image","twitter_misc":{"Written by":"luxiders","Est. reading time":"11 minutes"},"schema":{"@context":"https:\/\/schema.org","@graph":[{"@type":"Article","@id":"https:\/\/luxiders.com\/es\/el-futuro-del-denim-es-glorioso-entrevista-con-fabio-adami-dalla-val-director-de-denim-premiere-vision\/#article","isPartOf":{"@id":"https:\/\/luxiders.com\/es\/el-futuro-del-denim-es-glorioso-entrevista-con-fabio-adami-dalla-val-director-de-denim-premiere-vision\/"},"author":{"name":"luxiders","@id":"https:\/\/luxiders.com\/es\/#\/schema\/person\/8632fa702ae2ce98f66c396254633de8"},"headline":"&#8220;El futuro del denim es glorioso&#8221; | Entrevista con Fabio Adami Dalla Val, Director de Denim Premi\u00e8re Vision","datePublished":"2023-04-14T07:40:00+00:00","dateModified":"2024-03-15T13:25:37+00:00","mainEntityOfPage":{"@id":"https:\/\/luxiders.com\/es\/el-futuro-del-denim-es-glorioso-entrevista-con-fabio-adami-dalla-val-director-de-denim-premiere-vision\/"},"wordCount":18,"publisher":{"@id":"https:\/\/luxiders.com\/es\/#organization"},"image":{"@id":"https:\/\/luxiders.com\/es\/el-futuro-del-denim-es-glorioso-entrevista-con-fabio-adami-dalla-val-director-de-denim-premiere-vision\/#primaryimage"},"thumbnailUrl":"https:\/\/luxiders.com\/content\/uploads\/fabio-2023-2-e1704444183113.jpeg","keywords":["Denim Premi\u00e8re Vision","denim premiere vision","El futuro del denim","Entrevista con Fabio Adami Dalla Val","Fabio Adami Dalla Val","sustainable denim"],"articleSection":["Moda"],"inLanguage":"es-ES"},{"@type":"WebPage","@id":"https:\/\/luxiders.com\/es\/el-futuro-del-denim-es-glorioso-entrevista-con-fabio-adami-dalla-val-director-de-denim-premiere-vision\/","url":"https:\/\/luxiders.com\/es\/el-futuro-del-denim-es-glorioso-entrevista-con-fabio-adami-dalla-val-director-de-denim-premiere-vision\/","name":"Entrevista Fabio Adami Dalla Val, Director de Denim Premi\u00e8re Vision","isPartOf":{"@id":"https:\/\/luxiders.com\/es\/#website"},"primaryImageOfPage":{"@id":"https:\/\/luxiders.com\/es\/el-futuro-del-denim-es-glorioso-entrevista-con-fabio-adami-dalla-val-director-de-denim-premiere-vision\/#primaryimage"},"image":{"@id":"https:\/\/luxiders.com\/es\/el-futuro-del-denim-es-glorioso-entrevista-con-fabio-adami-dalla-val-director-de-denim-premiere-vision\/#primaryimage"},"thumbnailUrl":"https:\/\/luxiders.com\/content\/uploads\/fabio-2023-2-e1704444183113.jpeg","datePublished":"2023-04-14T07:40:00+00:00","dateModified":"2024-03-15T13:25:37+00:00","description":"Lea nuestra entrevista con Fabio Adami Dalla Val, Director del Sal\u00f3n Denim Premi\u00e8re Vision. Nos explica todos los detalles del sal\u00f3n...","breadcrumb":{"@id":"https:\/\/luxiders.com\/es\/el-futuro-del-denim-es-glorioso-entrevista-con-fabio-adami-dalla-val-director-de-denim-premiere-vision\/#breadcrumb"},"inLanguage":"es-ES","potentialAction":[{"@type":"ReadAction","target":["https:\/\/luxiders.com\/es\/el-futuro-del-denim-es-glorioso-entrevista-con-fabio-adami-dalla-val-director-de-denim-premiere-vision\/"]}]},{"@type":"ImageObject","inLanguage":"es-ES","@id":"https:\/\/luxiders.com\/es\/el-futuro-del-denim-es-glorioso-entrevista-con-fabio-adami-dalla-val-director-de-denim-premiere-vision\/#primaryimage","url":"https:\/\/luxiders.com\/content\/uploads\/fabio-2023-2-e1704444183113.jpeg","contentUrl":"https:\/\/luxiders.com\/content\/uploads\/fabio-2023-2-e1704444183113.jpeg","width":1068,"height":1600},{"@type":"BreadcrumbList","@id":"https:\/\/luxiders.com\/es\/el-futuro-del-denim-es-glorioso-entrevista-con-fabio-adami-dalla-val-director-de-denim-premiere-vision\/#breadcrumb","itemListElement":[{"@type":"ListItem","position":1,"name":"Startseite","item":"https:\/\/luxiders.com\/es\/"},{"@type":"ListItem","position":2,"name":"Moda","item":"https:\/\/luxiders.com\/es\/category\/moda-sostenible-lujo\/"},{"@type":"ListItem","position":3,"name":"&#8220;El futuro del denim es glorioso&#8221; | Entrevista con Fabio Adami Dalla Val, Director de Denim Premi\u00e8re Vision"}]},{"@type":"WebSite","@id":"https:\/\/luxiders.com\/es\/#website","url":"https:\/\/luxiders.com\/es\/","name":"Sustainable Fashion - Eco Design - Healthy Lifestyle - Luxiders Magazine","description":"Luxiders is a sustainable luxury magazine highlighting the best stories about sustainable fashion, ethical fashion, eco-friendly design, green design, sustainable travel, natural beauty, organic beauty and healthy lifestyle. Know the best high-end, progressive and luxury sustainable brands and designers worldwide.","publisher":{"@id":"https:\/\/luxiders.com\/es\/#organization"},"potentialAction":[{"@type":"SearchAction","target":{"@type":"EntryPoint","urlTemplate":"https:\/\/luxiders.com\/es\/?s={search_term_string}"},"query-input":{"@type":"PropertyValueSpecification","valueRequired":true,"valueName":"search_term_string"}}],"inLanguage":"es-ES"},{"@type":"Organization","@id":"https:\/\/luxiders.com\/es\/#organization","name":"Sustainable Fashion - Eco Design - Healthy Lifestyle - Luxiders Magazine","url":"https:\/\/luxiders.com\/es\/","logo":{"@type":"ImageObject","inLanguage":"es-ES","@id":"https:\/\/luxiders.com\/es\/#\/schema\/logo\/image\/","url":"https:\/\/luxiders.com\/content\/uploads\/lux-logo.svg","contentUrl":"https:\/\/luxiders.com\/content\/uploads\/lux-logo.svg","caption":"Sustainable Fashion - Eco Design - Healthy Lifestyle - Luxiders Magazine"},"image":{"@id":"https:\/\/luxiders.com\/es\/#\/schema\/logo\/image\/"}},{"@type":"Person","@id":"https:\/\/luxiders.com\/es\/#\/schema\/person\/8632fa702ae2ce98f66c396254633de8","name":"luxiders","url":"https:\/\/luxiders.com\/es\/author\/luxiders\/"}]}},"_links":{"self":[{"href":"https:\/\/luxiders.com\/es\/wp-json\/wp\/v2\/posts\/29167","targetHints":{"allow":["GET"]}}],"collection":[{"href":"https:\/\/luxiders.com\/es\/wp-json\/wp\/v2\/posts"}],"about":[{"href":"https:\/\/luxiders.com\/es\/wp-json\/wp\/v2\/types\/post"}],"author":[{"embeddable":true,"href":"https:\/\/luxiders.com\/es\/wp-json\/wp\/v2\/users\/2"}],"replies":[{"embeddable":true,"href":"https:\/\/luxiders.com\/es\/wp-json\/wp\/v2\/comments?post=29167"}],"version-history":[{"count":2,"href":"https:\/\/luxiders.com\/es\/wp-json\/wp\/v2\/posts\/29167\/revisions"}],"predecessor-version":[{"id":42981,"href":"https:\/\/luxiders.com\/es\/wp-json\/wp\/v2\/posts\/29167\/revisions\/42981"}],"wp:featuredmedia":[{"embeddable":true,"href":"https:\/\/luxiders.com\/es\/wp-json\/wp\/v2\/media\/29200"}],"wp:attachment":[{"href":"https:\/\/luxiders.com\/es\/wp-json\/wp\/v2\/media?parent=29167"}],"wp:term":[{"taxonomy":"category","embeddable":true,"href":"https:\/\/luxiders.com\/es\/wp-json\/wp\/v2\/categories?post=29167"},{"taxonomy":"post_tag","embeddable":true,"href":"https:\/\/luxiders.com\/es\/wp-json\/wp\/v2\/tags?post=29167"}],"curies":[{"name":"wp","href":"https:\/\/api.w.org\/{rel}","templated":true}]}}