{"id":32194,"date":"2020-09-17T08:14:00","date_gmt":"2020-09-17T06:14:00","guid":{"rendered":"http:\/\/luxiders.com.w01cc729.kasserver.com\/?p=32194"},"modified":"2024-01-15T15:27:36","modified_gmt":"2024-01-15T14:27:36","slug":"espacio-armonia-cuerpo-mente","status":"publish","type":"post","link":"https:\/\/luxiders.com\/es\/espacio-armonia-cuerpo-mente\/","title":{"rendered":"C\u00f3mo crear un espacio en armon\u00eda para el cuerpo y la mente"},"content":{"rendered":"    <section id=\"textblock-block_9a89487e3942f2363decdcdc8ccb9d8e\" class=\"section position-relative gp-block gp-textblock pt-0 pb-0\">\n        <div class=\"container\">\n            <div class=\"row g-0\">\n                <div class=\"col-lg-12 content\" data-aos=\"fade-in\" data-aos-duration=\"1000\">\n                                                                                    <div class=\"intro \">\n                            <p>&nbsp;<\/p>\n<p class=\"p2\" style=\"text-align: center;\">La pandemia ha demostrado una vez m\u00e1s que nuestro hogar es nuestro refugio. Aqu\u00ed se explica c\u00f3mo crear una casa que se adapte no solo a las necesidades f\u00edsicas sino tambi\u00e9n mentales.<\/p>\n<p>&nbsp;<\/p>\n                        <\/div>\n                                                                                                <\/div>\n            <\/div>\n        <\/div>\n    <\/section>\n    \n\n    <section id=\"newsletter-block_79d55de89d9a809f98cfc2817fc4f87e\" class=\"section position-relative gp-block gp-newsletter pt-0 pb-0 my-5\">\n        <div class=\"container\">\n            <div class=\"row g-0 pt-4 pb-3\">\n                <div class=\"col-lg-12 content text-center border pt-3\" data-aos=\"fade-in\" data-aos-duration=\"1000\">\n                                            <p><em>Para recibir el Newsletter de Luxiders Magazine,\u00a0<a href=\"https:\/\/landing.mailerlite.com\/webforms\/landing\/w2a1t0\" target=\"_blank\" rel=\"noopener\">suscr\u00edbete aqu\u00ed<\/a><\/em><\/p>\n                                    <\/div>\n            <\/div>\n        <\/div>\n    <\/section>\n    \n\n    <section id=\"textblock-block_a508b5ecac2e7e9e8f97103514ff0486\" class=\"section position-relative gp-block gp-textblock pt-0 pb-0\">\n        <div class=\"container\">\n            <div class=\"row g-0\">\n                <div class=\"col-lg-12 content\" data-aos=\"fade-in\" data-aos-duration=\"1000\">\n                                                                                <p>Al caminar dentro de nuestra casa, la de un extra\u00f1o o la de un amigo cercano, la impresi\u00f3n de su apariencia impacta en nuestro ser interior quiz\u00e1s incluso sin que nos demos cuenta. A pesar de hechos como los aromas, los colores y la limpieza del lugar que nuestros ojos captan al principio, nuestra mente env\u00eda se\u00f1ales a nuestro cuerpo y esas se\u00f1ales nos pueden hacer sentir m\u00e1s\u00a0 te relajados o alarmados.<\/p>\n<p>A menudo subestimamos el poder que una combinaci\u00f3n de texturas, muebles y dise\u00f1o de interiores, en general, tiene en la mente de los humanos. Pensamos en el espacio interior que tenemos bajo nuestra posesi\u00f3n como algo habitual, y evitamos poner un esfuerzo extra en pensar c\u00f3mo todo el concepto de su apariencia nos har\u00e1 sentir a nosotros o a nuestros invitados. Supuestamente este error nunca fue tan obvio hasta el momento en que nos obligaron a quedarnos en casa m\u00e1s tiempo de lo habitual.<\/p>\n<p>Fue el momento crucial en el que creci\u00f3 el deseo de redecorar para evitar el aburrimiento y mantenernos productivos sin la posibilidad de salir de casa por m\u00e1s tiempo que ir de compras al supermercado. Los meses de aislamiento demostraron una vez m\u00e1s que ser propietario de un lugar es una bendici\u00f3n y un privilegio, y tener una casa que sustente no solo las necesidades f\u00edsicas sino tambi\u00e9n mentales es trabajo y esfuerzo. Hoy discutiremos algunas etapas de la creaci\u00f3n de ese espacio que van m\u00e1s all\u00e1 del color de los cojines del sof\u00e1.<\/p>\n<p>&nbsp;<\/p>\n                                                        <\/div>\n            <\/div>\n        <\/div>\n    <\/section>\n    \n\n    <section id=\"media-block_7d3b822f2922a568bbebd28a49148417\" class=\"section position-relative gp-block gp-media pt-0 pb-0\">\n        <div class=\"container\">\n            <div class=\"row g-0\">\n                <div class=\"col-lg-12 content\" data-aos=\"fade-in\" data-aos-duration=\"1000\">\n                                                                            <\/div>\n            <\/div>\n            <div class=\"row g-0\">\n                <div class=\"col-lg-12 img-scaled\">\n                                                                                                                                                <figure class=\"mb-4 pt-lg-5 mb-lg-5 ps-lg-0 pe-lg-0\" data-aos=\"fade-up\" data-aos-duration=\"1000\"><div class=\"img-container\"><img loading=\"lazy\" decoding=\"async\" width=\"1200\" height=\"1800\" src=\"https:\/\/luxiders.com\/content\/uploads\/minimal-decoration-luxiders-magazine-2.jpg\" class=\"img-fluid w-100\" alt=\"chair, minimal decoration\" srcset=\"https:\/\/luxiders.com\/content\/uploads\/minimal-decoration-luxiders-magazine-2.jpg 1200w, https:\/\/luxiders.com\/content\/uploads\/minimal-decoration-luxiders-magazine-2-200x300.jpg 200w, https:\/\/luxiders.com\/content\/uploads\/minimal-decoration-luxiders-magazine-2-683x1024.jpg 683w, https:\/\/luxiders.com\/content\/uploads\/minimal-decoration-luxiders-magazine-2-768x1152.jpg 768w, https:\/\/luxiders.com\/content\/uploads\/minimal-decoration-luxiders-magazine-2-1024x1536.jpg 1024w\" sizes=\"(max-width: 1200px) 100vw, 1200px\" \/><\/div><\/figure>                                                                                            <\/div>\n                                            <\/div>\n        <\/div>\n    <\/section>\n    \n\n    <section id=\"textblock-block_ac5523d9f8b1beada1cb7587ad6973c7\" class=\"section position-relative gp-block gp-textblock pt-0 pb-0\">\n        <div class=\"container\">\n            <div class=\"row g-0\">\n                <div class=\"col-lg-12 content\" data-aos=\"fade-in\" data-aos-duration=\"1000\">\n                                                                                <p>&nbsp;<\/p>\n<h3>UNA CASA QUE REFLEJA NUESTROS INTERESES: EL ESPACIO PARA VIVIR<\/h3>\n<p>Al principio, cuando empezamos a preguntarnos sobre la creaci\u00f3n de un espacio que nos permita relajarnos, que sea un refugio mental y f\u00edsico donde podamos restaurar el cuerpo y el esp\u00edritu cansados, nos referimos al lugar que ser\u00eda individual en nuestra organizaci\u00f3n. Como todos tenemos gustos y preferencias diferentes, es l\u00f3gico concluir que nuestras casas deben reflejar esas diferencias. El punto culminante del concepto \u201cun espacio para vivir, no para impresionar\u201d responde a toda la idea de crear ese espacio personal.<\/p>\n<p>Para facilitar el proceso de creaci\u00f3n de dicho espacio, uno debe distanciarse de todas las ideas de decoraci\u00f3n de moda anunciadas en Instagram, y preguntarse la visi\u00f3n de s\u00ed mismo y el deseo de qu\u00e9 estilo responder\u00eda a esa idea interior de un lugar perfecto. El dise\u00f1o interior que se eligi\u00f3 para satisfacer el gusto genuino del propietario le permite sentirse seguro y relajado, aunque esto puede diferir de las ideas populares de una casa perfecta. Sin embargo, ese es el punto. El primer paso para redecorar, o decorar desde el principio, es tener en cuenta la idea original y luego continuar con la b\u00fasqueda de colores, texturas, materiales y aromas que respalden esa visi\u00f3n.<\/p>\n<p>&nbsp;<\/p>\n                                                        <\/div>\n            <\/div>\n        <\/div>\n    <\/section>\n    \n\n    <section id=\"media-block_2a42950ba2ab2f16e68a97e0b0920c7d\" class=\"section position-relative gp-block gp-media pt-0 pb-0\">\n        <div class=\"container\">\n            <div class=\"row g-0\">\n                <div class=\"col-lg-12 content\" data-aos=\"fade-in\" data-aos-duration=\"1000\">\n                                                                            <\/div>\n            <\/div>\n            <div class=\"row g-0\">\n                <div class=\"col-lg-12 img-scaled\">\n                                                                                                                                                <figure class=\"mb-4 pt-lg-5 mb-lg-5 ps-lg-0 pe-lg-0\" data-aos=\"fade-up\" data-aos-duration=\"1000\"><div class=\"img-container\"><img loading=\"lazy\" decoding=\"async\" width=\"1200\" height=\"800\" src=\"https:\/\/luxiders.com\/content\/uploads\/asian-inspired-luxiders-magazine.jpg\" class=\"img-fluid w-100\" alt=\"Interior design, oriento\" srcset=\"https:\/\/luxiders.com\/content\/uploads\/asian-inspired-luxiders-magazine.jpg 1200w, https:\/\/luxiders.com\/content\/uploads\/asian-inspired-luxiders-magazine-300x200.jpg 300w, https:\/\/luxiders.com\/content\/uploads\/asian-inspired-luxiders-magazine-1024x683.jpg 1024w, https:\/\/luxiders.com\/content\/uploads\/asian-inspired-luxiders-magazine-768x512.jpg 768w\" sizes=\"(max-width: 1200px) 100vw, 1200px\" \/><\/div><figcaption>\u00a9 ORIENTO<\/figcaption><\/figure>                                                                                            <\/div>\n                                            <\/div>\n        <\/div>\n    <\/section>\n    \n\n    <section id=\"textblock-block_b9c3974b603e8ba3a5e04b5e64d2462b\" class=\"section position-relative gp-block gp-textblock pt-0 pb-0\">\n        <div class=\"container\">\n            <div class=\"row g-0\">\n                <div class=\"col-lg-12 content\" data-aos=\"fade-in\" data-aos-duration=\"1000\">\n                                                                                <div><\/div>\n<div class=\"column mcb-column two-third column_visual \">\n<div class=\"column mcb-column two-third column_visual \">\n<h3>OBSERVAR EL ESPACIO COMO UN SISTEMA COMPLETO, Y NO TEMER A LOS EXPERIMENTOS<\/h3>\n<p>Al dise\u00f1ar un interior, teniendo en cuenta todas esas ideas a implementar, el due\u00f1o de la casa debe observar cada habitaci\u00f3n y cada elemento como un sistema de trabajo completo. Si cada objeto cumple su prop\u00f3sito, incluso si es solo un prop\u00f3sito est\u00e9tico; si equilibra la funci\u00f3n y la belleza, tal interior ser\u00e1 satisfactorio no solo para ser admirado, sino tambi\u00e9n para vivirlo.<\/p>\n<p>Esta idea de observar el espacio y su dise\u00f1o como un organismo en funcionamiento que apoya y desarrolla el punto mencionado anteriormente: el lugar que refleja la personalidad de su propietario y que est\u00e1 bien organizado. Cuando nos paramos en medio de la habitaci\u00f3n, pensando en qu\u00e9 elementos la iluminar\u00edan, agregar\u00edan comodidad y coexistir\u00edan en perfecta armon\u00eda, debemos pensar en mezclar y combinar.<\/p>\n<p>Como personas, estamos llenos de opiniones, intereses y rasgos de personalidad diferentes, y ser\u00eda lamentable no traer estas diferencias a los espacios que poseemos. Para alcanzar la armon\u00eda del mundo interior y exterior, uno puede intentar traer algo de ambos: lo habitual y lo inesperado. Mezcla un sof\u00e1 amarillo con una pintura azul. Agrega un poco de glamour art-deco a una habitaci\u00f3n minimalista. Experimenta con plantas en los estantes. Como describe Variety Magazine, \u201cUno de los temas decorativos m\u00e1s importantes que surgi\u00f3 en la primera mitad del a\u00f1o y que est\u00e1 casi garantizado que ser\u00e1 un &#8220;bombazo&#8221; en breve, es el arte de llevar el aire libre al interior. Los propietarios de viviendas hambrientos de naturaleza han estado deseando lo que se les ha negado \u00faltimamente, as\u00ed que se espera ver un mayor n\u00famero de plantas y exuberantes jardines interiores, esquemas de colores en tonos tierra, pisos interiores de estilo exterior e incluso invernadero ocasionales de interior&#8221;.<\/p>\n<p>Nosotros, como propietarios del espacio, debemos involucrarnos en la idea de conectarnos m\u00e1s a la naturaleza y reflejar el deseo de esa conexi\u00f3n en nuestras habitaciones. El mismo enfoque se puede considerar con otros art\u00edculos que hace solo un tiempo no ten\u00edamos ni tiempo ni valor para probar en nuestros espacios. Bien, ahora es el momento perfecto, y tan pronto como uno se atreva a responder a la llamada interna para agregar algunos detalles de elecci\u00f3n m\u00e1s brillantes en el interior, uno estar\u00e1 satisfecho con el resultado del experimento. Si en el dise\u00f1o, cada habitaci\u00f3n obedece a ciertas reglas de equilibrio, ning\u00fan experimento de agregar algo nuevo lo arruinar\u00e1. Por el contrario, agregar\u00e1 una chispa y eso ayudar\u00e1 al propietario a sentirse renovado en habitaciones que ya son familiares.<\/p>\n<p>&nbsp;<\/p>\n<\/div>\n<\/div>\n                                                        <\/div>\n            <\/div>\n        <\/div>\n    <\/section>\n    \n\n    <section id=\"media-block_d9cfccdc1cf9b345beb5f8c4075c8e33\" class=\"section position-relative gp-block gp-media pt-0 pb-0\">\n        <div class=\"container\">\n            <div class=\"row g-0\">\n                <div class=\"col-lg-12 content\" data-aos=\"fade-in\" data-aos-duration=\"1000\">\n                                                                            <\/div>\n            <\/div>\n            <div class=\"row g-0\">\n                <div class=\"col-lg-12 img-scaled\">\n                                                                                                                                                <figure class=\"mb-4 pt-lg-5 mb-lg-5 ps-lg-0 pe-lg-0\" data-aos=\"fade-up\" data-aos-duration=\"1000\"><div class=\"img-container\"><img loading=\"lazy\" decoding=\"async\" width=\"1200\" height=\"1800\" src=\"https:\/\/luxiders.com\/content\/uploads\/minimal-decoration-luxiders-magazine-3.jpg\" class=\"img-fluid w-100\" alt=\"Minimal decoration\" srcset=\"https:\/\/luxiders.com\/content\/uploads\/minimal-decoration-luxiders-magazine-3.jpg 1200w, https:\/\/luxiders.com\/content\/uploads\/minimal-decoration-luxiders-magazine-3-200x300.jpg 200w, https:\/\/luxiders.com\/content\/uploads\/minimal-decoration-luxiders-magazine-3-683x1024.jpg 683w, https:\/\/luxiders.com\/content\/uploads\/minimal-decoration-luxiders-magazine-3-768x1152.jpg 768w, https:\/\/luxiders.com\/content\/uploads\/minimal-decoration-luxiders-magazine-3-1024x1536.jpg 1024w\" sizes=\"(max-width: 1200px) 100vw, 1200px\" \/><\/div><\/figure>                                                                                            <\/div>\n                                            <\/div>\n        <\/div>\n    <\/section>\n    \n\n    <section id=\"textblock-block_08b9f73d86fba962ad9eb46156249910\" class=\"section position-relative gp-block gp-textblock pt-0 pb-0\">\n        <div class=\"container\">\n            <div class=\"row g-0\">\n                <div class=\"col-lg-12 content\" data-aos=\"fade-in\" data-aos-duration=\"1000\">\n                                                                                <p>&nbsp;<\/p>\n<h3>MINIMIZANDO EL DESORDEN, MAXIMIZANDO LA RELAJACI\u00d3N Y LA ARMON\u00cdA<\/h3>\n<p>Por mucho que los colores de nuestro dise\u00f1o de interiores afecten a nuestro bienestar, es importante mantener las cosas ordenadas. Sea lo que sea en la vida: ropa, correos electr\u00f3nicos, trabajos, incluso conexiones y conversaciones, sin siquiera hablar de la casa, tienen una presi\u00f3n negativa significativa en la mente si est\u00e1n abarrotados de basura innecesaria y poco saludable.<\/p>\n<p>\u201cEl desorden es una sobreabundancia de posesiones que crean colectivamente espacios de vida ca\u00f3ticos y desordenados\u201d, dice Joseph Ferrari, profesor de psicolog\u00eda en la Universidad DePaul en Chicago que estudia las causas del desorden y su impacto en el bienestar emocional. Los investigadores est\u00e1n demostrando que un hogar desordenado puede ser un hogar estresante.<\/p>\n<p>Aunque mantener los espacios organizados y sin desorden puede suponer mucho trabajo, al final, supone mucho menos esfuerzo que lidiar con la depresi\u00f3n y el estr\u00e9s sin encontrar paz y armon\u00eda en su propio espacio. Una de las mejores y m\u00e1s f\u00e1ciles formas de mantenerse alejado del desorden constante es una combinaci\u00f3n de la mentalidad correcta, el consumismo consciente, la disciplina de poner los muslos donde pertenecen y el deseo de mantener la casa sin estr\u00e9s y en plena armon\u00eda. Despu\u00e9s de todo, esos esfuerzos no son in\u00fatiles; contribuyen al bienestar interior de la mente y el cuerpo.<\/p>\n                                                        <\/div>\n            <\/div>\n        <\/div>\n    <\/section>\n    \n\n    <section id=\"textblock-block_41175df1483c4f31b84bc5119749a58b\" class=\"section position-relative gp-block gp-textblock pt-0 pb-0\">\n        <div class=\"container\">\n            <div class=\"row g-0\">\n                <div class=\"col-lg-12 content\" data-aos=\"fade-in\" data-aos-duration=\"1000\">\n                                                                                <p style=\"text-align: center;\">\n<p style=\"text-align: center;\"><strong><em>+ Words:<br \/>\n<\/em><\/strong><strong><em>Maria Kossman<br \/>\n<\/em><\/strong><\/p>\n                                                        <\/div>\n            <\/div>\n        <\/div>\n    <\/section>\n    ","protected":false},"excerpt":{"rendered":"","protected":false},"author":2,"featured_media":32207,"comment_status":"closed","ping_status":"closed","sticky":false,"template":"","format":"standard","meta":{"_acf_changed":false,"footnotes":""},"categories":[1187],"tags":[3702,6009,6010,5211,2903,1523,6012,6011],"class_list":{"0":"post-32194","1":"post","2":"type-post","3":"status-publish","4":"format-standard","5":"has-post-thumbnail","7":"category-lujo-sostenible-diseno","8":"tag-armonia","9":"tag-armonia-para-cuerpo-y-mente","10":"tag-decoracion-de-interiores","11":"tag-decoration-es","12":"tag-design-es","13":"tag-diseno-de-interiores","14":"tag-espacio","15":"tag-home-2"},"acf":[],"yoast_head":"<title>C\u00f3mo crear un espacio en armon\u00eda para el cuerpo y la mente | Luxiders<\/title>\n<meta name=\"description\" content=\"La pandemia ha demostrado una vez m\u00e1s que nuestro hogar es nuestro refugio. Aqu\u00ed se explica c\u00f3mo crear un espacio en armon\u00eda que se adapte no solo a las necesidades f\u00edsicas sino tambi\u00e9n mentales.\" \/>\n<meta name=\"robots\" content=\"index, follow, max-snippet:-1, max-image-preview:large, max-video-preview:-1\" \/>\n<link rel=\"canonical\" href=\"https:\/\/luxiders.com\/es\/espacio-armonia-cuerpo-mente\/\" \/>\n<meta property=\"og:locale\" content=\"es_ES\" \/>\n<meta property=\"og:type\" content=\"article\" \/>\n<meta property=\"og:title\" content=\"C\u00f3mo crear un espacio en armon\u00eda para el cuerpo y la mente | Luxiders\" \/>\n<meta property=\"og:description\" content=\"La pandemia ha demostrado una vez m\u00e1s que nuestro hogar es nuestro refugio. Aqu\u00ed se explica c\u00f3mo crear un espacio en armon\u00eda que se adapte no solo a las necesidades f\u00edsicas sino tambi\u00e9n mentales.\" \/>\n<meta property=\"og:url\" content=\"https:\/\/luxiders.com\/es\/espacio-armonia-cuerpo-mente\/\" \/>\n<meta property=\"og:site_name\" content=\"Sustainable Fashion - Eco Design - Healthy Lifestyle - Luxiders Magazine\" \/>\n<meta property=\"article:published_time\" content=\"2020-09-17T06:14:00+00:00\" \/>\n<meta property=\"article:modified_time\" content=\"2024-01-15T14:27:36+00:00\" \/>\n<meta property=\"og:image\" content=\"https:\/\/luxiders.com\/content\/uploads\/Minimal-decoration-luxiders-magazine-1-1024x765-1.jpg\" \/>\n\t<meta property=\"og:image:width\" content=\"1024\" \/>\n\t<meta property=\"og:image:height\" content=\"765\" \/>\n\t<meta property=\"og:image:type\" content=\"image\/jpeg\" \/>\n<meta name=\"author\" content=\"luxiders\" \/>\n<meta name=\"twitter:card\" content=\"summary_large_image\" \/>\n<meta name=\"twitter:label1\" content=\"Written by\" \/>\n\t<meta name=\"twitter:data1\" content=\"luxiders\" \/>\n<script type=\"application\/ld+json\" class=\"yoast-schema-graph\">{\"@context\":\"https:\/\/schema.org\",\"@graph\":[{\"@type\":\"Article\",\"@id\":\"https:\/\/luxiders.com\/es\/espacio-armonia-cuerpo-mente\/#article\",\"isPartOf\":{\"@id\":\"https:\/\/luxiders.com\/es\/espacio-armonia-cuerpo-mente\/\"},\"author\":{\"name\":\"luxiders\",\"@id\":\"https:\/\/luxiders.com\/es\/#\/schema\/person\/8632fa702ae2ce98f66c396254633de8\"},\"headline\":\"C\u00f3mo crear un espacio en armon\u00eda para el cuerpo y la mente\",\"datePublished\":\"2020-09-17T06:14:00+00:00\",\"dateModified\":\"2024-01-15T14:27:36+00:00\",\"mainEntityOfPage\":{\"@id\":\"https:\/\/luxiders.com\/es\/espacio-armonia-cuerpo-mente\/\"},\"wordCount\":14,\"publisher\":{\"@id\":\"https:\/\/luxiders.com\/es\/#organization\"},\"image\":{\"@id\":\"https:\/\/luxiders.com\/es\/espacio-armonia-cuerpo-mente\/#primaryimage\"},\"thumbnailUrl\":\"https:\/\/luxiders.com\/content\/uploads\/Minimal-decoration-luxiders-magazine-1-1024x765-1.jpg\",\"keywords\":[\"armon\u00eda\",\"armon\u00eda para cuerpo y mente\",\"decoraci\u00f3n de interiores\",\"decoration\",\"design\",\"dise\u00f1o de interiores\",\"espacio\",\"home\"],\"articleSection\":[\"Dise\u00f1o\"],\"inLanguage\":\"es-ES\"},{\"@type\":\"WebPage\",\"@id\":\"https:\/\/luxiders.com\/es\/espacio-armonia-cuerpo-mente\/\",\"url\":\"https:\/\/luxiders.com\/es\/espacio-armonia-cuerpo-mente\/\",\"name\":\"C\u00f3mo crear un espacio en armon\u00eda para el cuerpo y la mente | Luxiders\",\"isPartOf\":{\"@id\":\"https:\/\/luxiders.com\/es\/#website\"},\"primaryImageOfPage\":{\"@id\":\"https:\/\/luxiders.com\/es\/espacio-armonia-cuerpo-mente\/#primaryimage\"},\"image\":{\"@id\":\"https:\/\/luxiders.com\/es\/espacio-armonia-cuerpo-mente\/#primaryimage\"},\"thumbnailUrl\":\"https:\/\/luxiders.com\/content\/uploads\/Minimal-decoration-luxiders-magazine-1-1024x765-1.jpg\",\"datePublished\":\"2020-09-17T06:14:00+00:00\",\"dateModified\":\"2024-01-15T14:27:36+00:00\",\"description\":\"La pandemia ha demostrado una vez m\u00e1s que nuestro hogar es nuestro refugio. Aqu\u00ed se explica c\u00f3mo crear un espacio en armon\u00eda que se adapte no solo a las necesidades f\u00edsicas sino tambi\u00e9n mentales.\",\"breadcrumb\":{\"@id\":\"https:\/\/luxiders.com\/es\/espacio-armonia-cuerpo-mente\/#breadcrumb\"},\"inLanguage\":\"es-ES\",\"potentialAction\":[{\"@type\":\"ReadAction\",\"target\":[\"https:\/\/luxiders.com\/es\/espacio-armonia-cuerpo-mente\/\"]}]},{\"@type\":\"ImageObject\",\"inLanguage\":\"es-ES\",\"@id\":\"https:\/\/luxiders.com\/es\/espacio-armonia-cuerpo-mente\/#primaryimage\",\"url\":\"https:\/\/luxiders.com\/content\/uploads\/Minimal-decoration-luxiders-magazine-1-1024x765-1.jpg\",\"contentUrl\":\"https:\/\/luxiders.com\/content\/uploads\/Minimal-decoration-luxiders-magazine-1-1024x765-1.jpg\",\"width\":1024,\"height\":765,\"caption\":\"Design, interior design, sustainable design, colours, indoor space, pandemic, productive, home, house, creating space, clutter, decluttering, decorating, redecorating, picture-perfect home, space, nature, plants, clutter-free, organized, organizing, conscious consumerism, stress-free, harmony, well-being\"},{\"@type\":\"BreadcrumbList\",\"@id\":\"https:\/\/luxiders.com\/es\/espacio-armonia-cuerpo-mente\/#breadcrumb\",\"itemListElement\":[{\"@type\":\"ListItem\",\"position\":1,\"name\":\"Startseite\",\"item\":\"https:\/\/luxiders.com\/es\/\"},{\"@type\":\"ListItem\",\"position\":2,\"name\":\"Dise\u00f1o\",\"item\":\"https:\/\/luxiders.com\/es\/category\/lujo-sostenible-diseno\/\"},{\"@type\":\"ListItem\",\"position\":3,\"name\":\"C\u00f3mo crear un espacio en armon\u00eda para el cuerpo y la mente\"}]},{\"@type\":\"WebSite\",\"@id\":\"https:\/\/luxiders.com\/es\/#website\",\"url\":\"https:\/\/luxiders.com\/es\/\",\"name\":\"Sustainable Fashion - Eco Design - Healthy Lifestyle - Luxiders Magazine\",\"description\":\"Luxiders is a sustainable luxury magazine highlighting the best stories about sustainable fashion, ethical fashion, eco-friendly design, green design, sustainable travel, natural beauty, organic beauty and healthy lifestyle. Know the best high-end, progressive and luxury sustainable brands and designers worldwide.\",\"publisher\":{\"@id\":\"https:\/\/luxiders.com\/es\/#organization\"},\"potentialAction\":[{\"@type\":\"SearchAction\",\"target\":{\"@type\":\"EntryPoint\",\"urlTemplate\":\"https:\/\/luxiders.com\/es\/?s={search_term_string}\"},\"query-input\":{\"@type\":\"PropertyValueSpecification\",\"valueRequired\":true,\"valueName\":\"search_term_string\"}}],\"inLanguage\":\"es-ES\"},{\"@type\":\"Organization\",\"@id\":\"https:\/\/luxiders.com\/es\/#organization\",\"name\":\"Sustainable Fashion - Eco Design - Healthy Lifestyle - Luxiders Magazine\",\"url\":\"https:\/\/luxiders.com\/es\/\",\"logo\":{\"@type\":\"ImageObject\",\"inLanguage\":\"es-ES\",\"@id\":\"https:\/\/luxiders.com\/es\/#\/schema\/logo\/image\/\",\"url\":\"https:\/\/luxiders.com\/content\/uploads\/lux-logo.svg\",\"contentUrl\":\"https:\/\/luxiders.com\/content\/uploads\/lux-logo.svg\",\"caption\":\"Sustainable Fashion - Eco Design - Healthy Lifestyle - Luxiders Magazine\"},\"image\":{\"@id\":\"https:\/\/luxiders.com\/es\/#\/schema\/logo\/image\/\"}},{\"@type\":\"Person\",\"@id\":\"https:\/\/luxiders.com\/es\/#\/schema\/person\/8632fa702ae2ce98f66c396254633de8\",\"name\":\"luxiders\",\"url\":\"https:\/\/luxiders.com\/es\/author\/luxiders\/\"}]}<\/script>","yoast_head_json":{"title":"C\u00f3mo crear un espacio en armon\u00eda para el cuerpo y la mente | Luxiders","description":"La pandemia ha demostrado una vez m\u00e1s que nuestro hogar es nuestro refugio. Aqu\u00ed se explica c\u00f3mo crear un espacio en armon\u00eda que se adapte no solo a las necesidades f\u00edsicas sino tambi\u00e9n mentales.","robots":{"index":"index","follow":"follow","max-snippet":"max-snippet:-1","max-image-preview":"max-image-preview:large","max-video-preview":"max-video-preview:-1"},"canonical":"https:\/\/luxiders.com\/es\/espacio-armonia-cuerpo-mente\/","og_locale":"es_ES","og_type":"article","og_title":"C\u00f3mo crear un espacio en armon\u00eda para el cuerpo y la mente | Luxiders","og_description":"La pandemia ha demostrado una vez m\u00e1s que nuestro hogar es nuestro refugio. Aqu\u00ed se explica c\u00f3mo crear un espacio en armon\u00eda que se adapte no solo a las necesidades f\u00edsicas sino tambi\u00e9n mentales.","og_url":"https:\/\/luxiders.com\/es\/espacio-armonia-cuerpo-mente\/","og_site_name":"Sustainable Fashion - Eco Design - Healthy Lifestyle - Luxiders Magazine","article_published_time":"2020-09-17T06:14:00+00:00","article_modified_time":"2024-01-15T14:27:36+00:00","og_image":[{"width":1024,"height":765,"url":"https:\/\/luxiders.com\/content\/uploads\/Minimal-decoration-luxiders-magazine-1-1024x765-1.jpg","type":"image\/jpeg"}],"author":"luxiders","twitter_card":"summary_large_image","twitter_misc":{"Written by":"luxiders"},"schema":{"@context":"https:\/\/schema.org","@graph":[{"@type":"Article","@id":"https:\/\/luxiders.com\/es\/espacio-armonia-cuerpo-mente\/#article","isPartOf":{"@id":"https:\/\/luxiders.com\/es\/espacio-armonia-cuerpo-mente\/"},"author":{"name":"luxiders","@id":"https:\/\/luxiders.com\/es\/#\/schema\/person\/8632fa702ae2ce98f66c396254633de8"},"headline":"C\u00f3mo crear un espacio en armon\u00eda para el cuerpo y la mente","datePublished":"2020-09-17T06:14:00+00:00","dateModified":"2024-01-15T14:27:36+00:00","mainEntityOfPage":{"@id":"https:\/\/luxiders.com\/es\/espacio-armonia-cuerpo-mente\/"},"wordCount":14,"publisher":{"@id":"https:\/\/luxiders.com\/es\/#organization"},"image":{"@id":"https:\/\/luxiders.com\/es\/espacio-armonia-cuerpo-mente\/#primaryimage"},"thumbnailUrl":"https:\/\/luxiders.com\/content\/uploads\/Minimal-decoration-luxiders-magazine-1-1024x765-1.jpg","keywords":["armon\u00eda","armon\u00eda para cuerpo y mente","decoraci\u00f3n de interiores","decoration","design","dise\u00f1o de interiores","espacio","home"],"articleSection":["Dise\u00f1o"],"inLanguage":"es-ES"},{"@type":"WebPage","@id":"https:\/\/luxiders.com\/es\/espacio-armonia-cuerpo-mente\/","url":"https:\/\/luxiders.com\/es\/espacio-armonia-cuerpo-mente\/","name":"C\u00f3mo crear un espacio en armon\u00eda para el cuerpo y la mente | Luxiders","isPartOf":{"@id":"https:\/\/luxiders.com\/es\/#website"},"primaryImageOfPage":{"@id":"https:\/\/luxiders.com\/es\/espacio-armonia-cuerpo-mente\/#primaryimage"},"image":{"@id":"https:\/\/luxiders.com\/es\/espacio-armonia-cuerpo-mente\/#primaryimage"},"thumbnailUrl":"https:\/\/luxiders.com\/content\/uploads\/Minimal-decoration-luxiders-magazine-1-1024x765-1.jpg","datePublished":"2020-09-17T06:14:00+00:00","dateModified":"2024-01-15T14:27:36+00:00","description":"La pandemia ha demostrado una vez m\u00e1s que nuestro hogar es nuestro refugio. Aqu\u00ed se explica c\u00f3mo crear un espacio en armon\u00eda que se adapte no solo a las necesidades f\u00edsicas sino tambi\u00e9n mentales.","breadcrumb":{"@id":"https:\/\/luxiders.com\/es\/espacio-armonia-cuerpo-mente\/#breadcrumb"},"inLanguage":"es-ES","potentialAction":[{"@type":"ReadAction","target":["https:\/\/luxiders.com\/es\/espacio-armonia-cuerpo-mente\/"]}]},{"@type":"ImageObject","inLanguage":"es-ES","@id":"https:\/\/luxiders.com\/es\/espacio-armonia-cuerpo-mente\/#primaryimage","url":"https:\/\/luxiders.com\/content\/uploads\/Minimal-decoration-luxiders-magazine-1-1024x765-1.jpg","contentUrl":"https:\/\/luxiders.com\/content\/uploads\/Minimal-decoration-luxiders-magazine-1-1024x765-1.jpg","width":1024,"height":765,"caption":"Design, interior design, sustainable design, colours, indoor space, pandemic, productive, home, house, creating space, clutter, decluttering, decorating, redecorating, picture-perfect home, space, nature, plants, clutter-free, organized, organizing, conscious consumerism, stress-free, harmony, well-being"},{"@type":"BreadcrumbList","@id":"https:\/\/luxiders.com\/es\/espacio-armonia-cuerpo-mente\/#breadcrumb","itemListElement":[{"@type":"ListItem","position":1,"name":"Startseite","item":"https:\/\/luxiders.com\/es\/"},{"@type":"ListItem","position":2,"name":"Dise\u00f1o","item":"https:\/\/luxiders.com\/es\/category\/lujo-sostenible-diseno\/"},{"@type":"ListItem","position":3,"name":"C\u00f3mo crear un espacio en armon\u00eda para el cuerpo y la mente"}]},{"@type":"WebSite","@id":"https:\/\/luxiders.com\/es\/#website","url":"https:\/\/luxiders.com\/es\/","name":"Sustainable Fashion - Eco Design - Healthy Lifestyle - Luxiders Magazine","description":"Luxiders is a sustainable luxury magazine highlighting the best stories about sustainable fashion, ethical fashion, eco-friendly design, green design, sustainable travel, natural beauty, organic beauty and healthy lifestyle. Know the best high-end, progressive and luxury sustainable brands and designers worldwide.","publisher":{"@id":"https:\/\/luxiders.com\/es\/#organization"},"potentialAction":[{"@type":"SearchAction","target":{"@type":"EntryPoint","urlTemplate":"https:\/\/luxiders.com\/es\/?s={search_term_string}"},"query-input":{"@type":"PropertyValueSpecification","valueRequired":true,"valueName":"search_term_string"}}],"inLanguage":"es-ES"},{"@type":"Organization","@id":"https:\/\/luxiders.com\/es\/#organization","name":"Sustainable Fashion - Eco Design - Healthy Lifestyle - Luxiders Magazine","url":"https:\/\/luxiders.com\/es\/","logo":{"@type":"ImageObject","inLanguage":"es-ES","@id":"https:\/\/luxiders.com\/es\/#\/schema\/logo\/image\/","url":"https:\/\/luxiders.com\/content\/uploads\/lux-logo.svg","contentUrl":"https:\/\/luxiders.com\/content\/uploads\/lux-logo.svg","caption":"Sustainable Fashion - Eco Design - Healthy Lifestyle - Luxiders Magazine"},"image":{"@id":"https:\/\/luxiders.com\/es\/#\/schema\/logo\/image\/"}},{"@type":"Person","@id":"https:\/\/luxiders.com\/es\/#\/schema\/person\/8632fa702ae2ce98f66c396254633de8","name":"luxiders","url":"https:\/\/luxiders.com\/es\/author\/luxiders\/"}]}},"_links":{"self":[{"href":"https:\/\/luxiders.com\/es\/wp-json\/wp\/v2\/posts\/32194","targetHints":{"allow":["GET"]}}],"collection":[{"href":"https:\/\/luxiders.com\/es\/wp-json\/wp\/v2\/posts"}],"about":[{"href":"https:\/\/luxiders.com\/es\/wp-json\/wp\/v2\/types\/post"}],"author":[{"embeddable":true,"href":"https:\/\/luxiders.com\/es\/wp-json\/wp\/v2\/users\/2"}],"replies":[{"embeddable":true,"href":"https:\/\/luxiders.com\/es\/wp-json\/wp\/v2\/comments?post=32194"}],"version-history":[{"count":2,"href":"https:\/\/luxiders.com\/es\/wp-json\/wp\/v2\/posts\/32194\/revisions"}],"predecessor-version":[{"id":32228,"href":"https:\/\/luxiders.com\/es\/wp-json\/wp\/v2\/posts\/32194\/revisions\/32228"}],"wp:featuredmedia":[{"embeddable":true,"href":"https:\/\/luxiders.com\/es\/wp-json\/wp\/v2\/media\/32207"}],"wp:attachment":[{"href":"https:\/\/luxiders.com\/es\/wp-json\/wp\/v2\/media?parent=32194"}],"wp:term":[{"taxonomy":"category","embeddable":true,"href":"https:\/\/luxiders.com\/es\/wp-json\/wp\/v2\/categories?post=32194"},{"taxonomy":"post_tag","embeddable":true,"href":"https:\/\/luxiders.com\/es\/wp-json\/wp\/v2\/tags?post=32194"}],"curies":[{"name":"wp","href":"https:\/\/api.w.org\/{rel}","templated":true}]}}