{"id":3221,"date":"2020-08-12T15:48:00","date_gmt":"2020-08-12T13:48:00","guid":{"rendered":"http:\/\/luxiders.com.w01cc729.kasserver.com\/?p=3221"},"modified":"2023-01-16T12:46:35","modified_gmt":"2023-01-16T11:46:35","slug":"lujo-sostenible-viktor-rolf","status":"publish","type":"post","link":"https:\/\/luxiders.com\/es\/lujo-sostenible-viktor-rolf\/","title":{"rendered":"Viktor &amp; Rolf | Estudio sobre el enfoque sostenible de la marca"},"content":{"rendered":"    <section id=\"textblock-block_1b8178e1cc0d24702aae487fa58d09b5\" class=\"section position-relative gp-block gp-textblock text-center pt-0 pb-5\">\n        <div class=\"container\">\n            <div class=\"row g-0\">\n                <div class=\"col-lg-12 content\" data-aos=\"fade-in\" data-aos-duration=\"1000\">\n                                                                                    <div class=\"intro px-lg-8\">\n                            <p style=\"text-align: center;\">En una entrevista con Vogue en 2019, la marca de moda de lujo Viktor &amp; Rolf, afirm\u00f3 que cuando se trata de sostenibilidad est\u00e1n &#8220;siendo activos al respecto y haciendo algo&#8221;. En este estudio, evaluaremos qu\u00e9 es ese \u201calgo\u201d y si es suficiente para la industria de la moda, o simplemente para que tengamos confianza en la sustentabilidad proclamada de esta marca.<\/p>\n                        <\/div>\n                                                                                                <\/div>\n            <\/div>\n        <\/div>\n    <\/section>\n    \n\n    <section id=\"newsletter-block_89bb5b04dbabe5ea2e299ca1630fc700\" class=\"section position-relative gp-block gp-newsletter pt-0 pb-0 my-5\">\n        <div class=\"container\">\n            <div class=\"row g-0 pt-4 pb-3\">\n                <div class=\"col-lg-12 content text-center border pt-3\" data-aos=\"fade-in\" data-aos-duration=\"1000\">\n                                            <p><em>Para recibir el Newsletter de Luxiders Magazine,\u00a0<a href=\"https:\/\/landing.mailerlite.com\/webforms\/landing\/w2a1t0\" target=\"_blank\" rel=\"noopener\">suscr\u00edbete aqu\u00ed<\/a><\/em><\/p>\n                                    <\/div>\n            <\/div>\n        <\/div>\n    <\/section>\n    \n\n    <section id=\"media-block_c3354d16032ed4f12b92d91ecf25f58e\" class=\"section position-relative gp-block gp-media pt-0 pb-0\">\n        <div class=\"container\">\n            <div class=\"row g-0\">\n                <div class=\"col-lg-12 content\" data-aos=\"fade-in\" data-aos-duration=\"1000\">\n                                                                            <\/div>\n            <\/div>\n            <div class=\"row g-0\">\n                <div class=\"col-lg-6 \">\n                                                                                                                                                <figure class=\"mb-4 pt-lg-3 mb-lg-6 ps-lg-0 pe-lg-3\" data-aos=\"fade-up\" data-aos-duration=\"1000\"><div class=\"img-container\"><img loading=\"lazy\" decoding=\"async\" width=\"700\" height=\"1046\" src=\"https:\/\/luxiders.com\/content\/uploads\/Webp.net-compress-image-99.jpg\" class=\"img-fluid w-100\" alt=\"\" srcset=\"https:\/\/luxiders.com\/content\/uploads\/Webp.net-compress-image-99.jpg 700w, https:\/\/luxiders.com\/content\/uploads\/Webp.net-compress-image-99-201x300.jpg 201w, https:\/\/luxiders.com\/content\/uploads\/Webp.net-compress-image-99-685x1024.jpg 685w\" sizes=\"(max-width: 700px) 100vw, 700px\" \/><\/div><\/figure>                                                                                            <\/div>\n                                    <div class=\"col-lg-6\">\n                                                                                                                                                        <figure class=\"mb-4 pt-lg-3 mb-lg-6 ps-lg-3 pe-lg-0\" data-aos=\"fade-up\" data-aos-duration=\"1000\"><div class=\"img-container\"><img loading=\"lazy\" decoding=\"async\" width=\"700\" height=\"1047\" src=\"https:\/\/luxiders.com\/content\/uploads\/Webp.net-compress-image-98.jpg\" class=\"img-fluid w-100\" alt=\"\" srcset=\"https:\/\/luxiders.com\/content\/uploads\/Webp.net-compress-image-98.jpg 700w, https:\/\/luxiders.com\/content\/uploads\/Webp.net-compress-image-98-201x300.jpg 201w, https:\/\/luxiders.com\/content\/uploads\/Webp.net-compress-image-98-685x1024.jpg 685w\" sizes=\"(max-width: 700px) 100vw, 700px\" \/><\/div><\/figure>                                                                                                        <\/div>\n                                            <\/div>\n        <\/div>\n    <\/section>\n    \n\n    <section id=\"media-block_773a47c5a8273ba8f539fd22cc3a8103\" class=\"section position-relative gp-block gp-media pt-0 pb-0\">\n        <div class=\"container\">\n            <div class=\"row g-0\">\n                <div class=\"col-lg-12 content\" data-aos=\"fade-in\" data-aos-duration=\"1000\">\n                                        <p>\u201cAlta costura provocativa. Elegancia inesperada. Glamour conceptual\u201d. Estas son algunas frases que se han utilizado para describir a Viktor &amp; Rolf. Fundada en 1993 por los dise\u00f1adores holandeses Viktor Horsting y Rolf Snoeren, sus colecciones de vanguardia, pr\u00eat-\u00e0-porter y alta costura se han hilado a trav\u00e9s del \u00e9xito conseguido en las pasarelas; &#8220;<a href=\"https:\/\/fashion-history.lovetoknow.com\/fashion-clothing-industry\/fashion-designers\/viktor-rolf\" target=\"_blank\" rel=\"noopener\">Sin campa\u00f1as publicitarias, sin boutiques independientes y sin ropa producida en masa para vender, su relaci\u00f3n inicial con el p\u00fablico depend\u00eda en gran medida de la generosa cobertura que recib\u00edan por parte de la prensa cada temporada&#8221;<\/a>. Esa \u201cgenerosa cobertura en la prensa\u201d generalmente se debi\u00f3 a las declaraciones audaces, escandalosas o humor\u00edsticas dentro de sus presentaciones. Son conocidos por cerrar la brecha entre la moda y el arte. Pero, con rese\u00f1as que los aclamaban como <a href=\"https:\/\/fashnerd.com\/2018\/01\/viktorrolf-zalando-sustainability-fashion-tech\/\" target=\"_blank\" rel=\"noopener\">\u201cno ajenos al concepto de moda sostenible\u201d<\/a>, queremos analizar los aspectos de la sostenibilidad en Viktor &amp; Rolf.<\/p>\n<p>&nbsp;<\/p>\n<h2>UN ENFOQUE SOSTENIBLE PARA LA ALTA COSTURA<\/h2>\n<p>En este estudio, evaluaremos las colecciones de alta costura de Viktor &amp; Rolf, espec\u00edficamente las colecciones desde 2015 en adelante. Esto se debe a que en 2015 Viktor &amp; Rolf anunci\u00f3 planes para &#8220;terminar su l\u00ednea de pr\u00eat-\u00e0-porter, siguiendo su colecci\u00f3n oto\u00f1o \/ invierno 2015&#8221; y, en cambio, &#8220;centrar la atenci\u00f3n en sus gamas de alta costura y fragancias&#8221;, seg\u00fan inform\u00f3 <a href=\"https:\/\/www.vogue.co.uk\/article\/viktor-and-rolf-stopping-ready-to-wear-collection\" target=\"_blank\" rel=\"noopener\">Vogue<\/a>. Viktor &amp; Rolf reorganizaba as\u00ed su marca para representar mejor su visi\u00f3n creativa. Para evaluar c\u00f3mo de sostenible es la marca en este momento, debemos mirar la colecciones m\u00e1s recientes que se crearon dentro de este nuevo formato. Por otro lado, eliminar el pr\u00eat-\u00e0-porter de su plan anual ya puede considerarse un movimiento sostenible: menos consumo y menos desperdicio.<\/p>\n<p>En 2016, la revista Turnabout declar\u00f3 que cuando se trata de sostenibilidad, la alta costura \u201cnunca ha sido parte de la conversaci\u00f3n. Eso fue hasta que el d\u00fao de dise\u00f1adores Viktor &amp; Rolf comenz\u00f3 a crear colecciones enteras a partir de los retales que sobraban en su taller&#8221;. Se han hecho famosos por sus colecciones de alta costura recicladas, la primera de las cuales fue\u00a0<span class=\"s2\"><a href=\"http:\/\/www.viktor-rolf.com\/haute-couture\/vagabonds\/\"><span class=\"s1\">AW16 \u2018Vagabonds\u2019<\/span><\/a><\/span>, que utilizaba piezas de colecciones pasadas excesivamente adornadas con telas desechadas, lentejuelas y cuentas.<\/p>\n<p>Otras colecciones renovadas notables incluyen los vestidos de c\u00f3ctel patchwork\u00a0<span class=\"s2\"><a href=\"http:\/\/www.viktor-rolf.com\/haute-couture\/boulevard-broken-dreams\/\" target=\"_blank\" rel=\"noopener\"><span class=\"s1\">SS17\u00a0<\/span><\/a><\/span>y la<span class=\"s2\">\u00a0<a href=\"http:\/\/www.viktor-rolf.com\/haute-couture\/immaculate-collection\/\" target=\"_blank\" rel=\"noopener\"><span class=\"s1\">AW18 collection<\/span><\/a> <\/span>de vestidos blancos, todos creados con stocks de otras colecciones. En total, cinco de sus doce colecciones, desde que se alejaron del pr\u00eat-\u00e0-porter en 2015, se han creado a partir de tejidos de colecciones anteriores. Una colecci\u00f3n m\u00e1s reveladora de su compromiso sostenible es la\u00a0\u00a0<span class=\"s2\"><a href=\"http:\/\/www.viktor-rolf.com\/haute-couture\/viktorrolf-haute-couture-ss20-patchworks\/\" target=\"_blank\" rel=\"noopener\"><span class=\"s1\">SS20 collection<\/span><\/a><\/span><span class=\"s2\">\u00a0<\/span> en la que casi todas las prendas existentes ya se hab\u00edan utilizado en colecciones anteriores recicladas; Viktor &amp; Rolf recurri\u00f3 a usar todas las muestras de telas que ten\u00eda.<\/p>\n<p>Viktor &amp; Rolf ha experimentado con muchas innovaciones en su deseo de presentar alta costura sostenible. Para su colecci\u00f3n AW19, la marca trabaj\u00f3 con la artista y dise\u00f1adora textil holandesa\u00a0<span class=\"s2\"><a href=\"https:\/\/archello.com\/brand\/studio-claudy-jongstra\" target=\"_blank\" rel=\"noopener\"><span class=\"s4\">Claudy Jongstra<\/span><\/a>,<\/span> con <a href=\"https:\/\/www.nytimes.com\/2019\/07\/04\/fashion\/valentino-couture-paris.html\" target=\"_blank\" rel=\"noopener\">\u201csu propio reba\u00f1o de ovejas Drenthe Heath, esquiv\u00e1ndolas, usando solo tintes naturales que desarroll\u00f3 en su propio laboratorio hechos con plantas que ella cultivaba &#8211; los dise\u00f1adores perforaron con agujas, zurcido, parcheado y acolchado una oda a la naturaleza&#8221;<\/a>. Adem\u00e1s, para la colecci\u00f3n AW20, &#8220;trabajaron con proveedores locales en \u00c1msterdam y sacaron de su propio taller su stock de telas&#8221;. Hubo cierta controversia en lo que respecta a la<span class=\"s2\"> <a href=\"http:\/\/www.viktor-rolf.com\/haute-couture\/surreal-satin\/\" target=\"_blank\" rel=\"noopener\"><span class=\"s1\">SS18 collecction<\/span><\/a><\/span>, que estaba hecha completamente de sat\u00e9n Duchesse. El uso de seda en sat\u00e9n la convierte en una tela insostenible, sin embargo, Viktor &amp; Rolf confirm\u00f3 a Vogue que <a href=\"https:\/\/www.vogue.com\/fashion-shows\/spring-2018-couture\/viktor-rolf\" target=\"_blank\" rel=\"noopener\">&#8220;no era seda real, sino una aproximaci\u00f3n t\u00e9cnica creada en Jap\u00f3n&#8221;<\/a>.<\/p>\n                                    <\/div>\n            <\/div>\n            <div class=\"row g-0\">\n                <div class=\"col-lg-12 img-scaled\">\n                                                                                                                                                <figure class=\"mb-4 pt-lg-5 mb-lg-6 ps-lg-0 pe-lg-0\" data-aos=\"fade-up\" data-aos-duration=\"1000\"><div class=\"img-container\"><img loading=\"lazy\" decoding=\"async\" width=\"700\" height=\"432\" src=\"https:\/\/luxiders.com\/content\/uploads\/Webp.net-compress-image-2020-08-08T073229.319.jpg\" class=\"img-fluid w-100\" alt=\"\" srcset=\"https:\/\/luxiders.com\/content\/uploads\/Webp.net-compress-image-2020-08-08T073229.319.jpg 700w, https:\/\/luxiders.com\/content\/uploads\/Webp.net-compress-image-2020-08-08T073229.319-300x185.jpg 300w\" sizes=\"(max-width: 700px) 100vw, 700px\" \/><\/div><\/figure>                                                                                            <\/div>\n                                            <\/div>\n        <\/div>\n    <\/section>\n    \n\n    <section id=\"media-block_036e945b7da4883f7e77d0ad6e301bed\" class=\"section position-relative gp-block gp-media pt-0 pb-0\">\n        <div class=\"container\">\n            <div class=\"row g-0\">\n                <div class=\"col-lg-12 content\" data-aos=\"fade-in\" data-aos-duration=\"1000\">\n                                        <p>Viktor &amp; Rolf lidera el camino hacia la alta costura sostenible. La alta costura siempre ha parecido intocable, en una liga propia, donde el movimiento sostenible no pod\u00eda abrirse paso. Pero existe la noci\u00f3n de que la alta costura podr\u00eda convertirse en el m\u00e1s sostenible de todos los sectores de la moda; <a href=\"https:\/\/www.a-zine.net\/blog\/2019\/7\/2\/haute-couture-is-sustainable-who-wouldve-thought\" target=\"_blank\" rel=\"noopener\">\u201cSi bien la alta costura parece ser un desperdicio debido a su extravagancia y su naturaleza inservible, es esta misma caracter\u00edstica la que la distingue del desperdicio de pr\u00eat-\u00e0-porter. Las piezas se crean para espect\u00e1culos o personas espec\u00edficas, en lugar de producirse en grandes cantidades con la esperanza de ser compradas&#8221;<\/a>. Viktor &amp; Rolf nos muestra c\u00f3mo dar un paso m\u00e1s y adoptar los aspectos \u00fanicos de la alta costura mediante el uso de la sostenibilidad.<\/p>\n<p>Sin embargo, hay una colecci\u00f3n y las prendas posteriores que estamos cuestionando. La <a href=\"http:\/\/www.viktor-rolf.com\/haute-couture\/fashion-statements\/\" target=\"_blank\" rel=\"noopener\">colecci\u00f3n SS18 &#8220;Fashion Statements&#8221;<\/a> cont\u00f3 con 18 vestidos de gala de tul, cada uno con frases como &#8220;No soy t\u00edmido, simplemente no me gustas&#8221; o &#8220;Soy mi propia musa&#8221;. Podr\u00eda ser la colecci\u00f3n m\u00e1s ic\u00f3nica de la marca. Como <a href=\"https:\/\/wwd.com\/fashion-news\/fashion-scoops\/viktor-rolf-couture-meme-dresses-spring-2019-1202988279\/\" target=\"_blank\" rel=\"noopener\">WWD<\/a> inform\u00f3, &#8220;la fant\u00e1stica colecci\u00f3n de vestidos de gala de tul de la marca en el desfile de alta costura de la primavera de 2019 del mi\u00e9rcoles ha estado inundando los feeds de Instagram e incluso ha inspirado una serie de memes&#8221;. Sin embargo, la colecci\u00f3n fue confeccionada con <a href=\"http:\/\/www.viktor-rolf.com\/haute-couture\/fashion-statements\/\" target=\"_blank\" rel=\"noopener\">\u201c8 kil\u00f3metros de tul\u201d<\/a> y en su sitio web figura el detalle de que el tul de Viktor &amp; Rolf es 100% nailon. Desafortunadamente, el<a href=\"https:\/\/www.thelifeimpact.com\/n-fabrics-materials-textiles\/nylon\" target=\"_blank\" rel=\"noopener\">\u00a0nailon no es un tejido sostenible<\/a>: est\u00e1 catalogado como &#8220;da\u00f1ino para la vida silvestre y los ecosistemas&#8221;, no es biodegradable y la producci\u00f3n de nailon es destructiva. Life Impact ha estudiado los efectos del nailon; &#8220;Las microfibras se lavan y contaminan los ecosistemas del agua, el nailon est\u00e1 hecho de productos petroqu\u00edmicos que contaminan el medio ambiente, la producci\u00f3n de nailon consume mucha energ\u00eda y genera altos niveles de contaminaci\u00f3n, el nailon libera \u00f3xido nitroso cuando se fabrica, los materiales sint\u00e9ticos dependen de las industrias petroqu\u00edmicas, es decir, los materiales sint\u00e9ticos depende de la extracci\u00f3n de combustibles f\u00f3siles \u201d. Hay una gran cantidad del<span class=\"s1\">\u00a0<a href=\"http:\/\/www.viktor-rolf.com\/concept-store\/archive\/\" target=\"_blank\" rel=\"noopener\"><span class=\"s2\">\u201ciconic tulle\u201d<\/span><\/a><\/span>en sus tiendas online, todos hechos de nailon 100%.<\/p>\n<p>Esto nos deja cuestion\u00e1ndonos si el esp\u00edritu de Viktor &amp; Rolf es la creatividad o la sostenibilidad. Porque, sus colecciones SS15, AW15 y SS16 son todas incre\u00edblemente art\u00edsticas, algunas se asemejan a pinturas de Van Gogh y esculturas surrealistas, sin embargo, carecen de sostenibilidad. \u00bfQuiz\u00e1s es algo que Viktor &amp; Rolf est\u00e1 estableciendo como su pilar, por as\u00ed decirlo, o quiz\u00e1s cuando su libertad creativa se ve amenazada, la sostenibilidad ocupa el segundo lugar?<\/p>\n                                    <\/div>\n            <\/div>\n            <div class=\"row g-0\">\n                <div class=\"col-lg-6 \">\n                                                                                                                                                <figure class=\"mb-4 pt-lg-5 mb-lg-6 ps-lg-0 pe-lg-3\" data-aos=\"fade-up\" data-aos-duration=\"1000\"><div class=\"img-container\"><img loading=\"lazy\" decoding=\"async\" width=\"700\" height=\"1052\" src=\"https:\/\/luxiders.com\/content\/uploads\/Webp.net-compress-image-2020-08-08T073644.237.jpg\" class=\"img-fluid w-100\" alt=\"\" srcset=\"https:\/\/luxiders.com\/content\/uploads\/Webp.net-compress-image-2020-08-08T073644.237.jpg 700w, https:\/\/luxiders.com\/content\/uploads\/Webp.net-compress-image-2020-08-08T073644.237-200x300.jpg 200w, https:\/\/luxiders.com\/content\/uploads\/Webp.net-compress-image-2020-08-08T073644.237-681x1024.jpg 681w\" sizes=\"(max-width: 700px) 100vw, 700px\" \/><\/div><\/figure>                                                                                            <\/div>\n                                    <div class=\"col-lg-6\">\n                                                                                                                                                        <figure class=\"mb-4 pt-lg-5 mb-lg-6 ps-lg-3 pe-lg-0\" data-aos=\"fade-up\" data-aos-duration=\"1000\"><div class=\"img-container\"><img loading=\"lazy\" decoding=\"async\" width=\"946\" height=\"1424\" src=\"https:\/\/luxiders.com\/content\/uploads\/Webp.net-compress-image-2020-08-08T073720.345.jpg\" class=\"img-fluid w-100\" alt=\"\" srcset=\"https:\/\/luxiders.com\/content\/uploads\/Webp.net-compress-image-2020-08-08T073720.345.jpg 946w, https:\/\/luxiders.com\/content\/uploads\/Webp.net-compress-image-2020-08-08T073720.345-199x300.jpg 199w, https:\/\/luxiders.com\/content\/uploads\/Webp.net-compress-image-2020-08-08T073720.345-680x1024.jpg 680w, https:\/\/luxiders.com\/content\/uploads\/Webp.net-compress-image-2020-08-08T073720.345-768x1156.jpg 768w\" sizes=\"(max-width: 946px) 100vw, 946px\" \/><\/div><\/figure>                                                                                                        <\/div>\n                                            <\/div>\n        <\/div>\n    <\/section>\n    \n\n    <section id=\"media-block_b4647f1d0c198e4fe109af2357771775\" class=\"section position-relative gp-block gp-media pt-0 pb-0\">\n        <div class=\"container\">\n            <div class=\"row g-0\">\n                <div class=\"col-lg-12 content\" data-aos=\"fade-in\" data-aos-duration=\"1000\">\n                                        <h3>COLABORACIONES QUE PROMUEVEN LA SOSTENIBILIDAD<\/h3>\n<p>Algunos podr\u00edan argumentar que la alta costura no tiene un efecto lo suficientemente grande en la industria de la moda y, a su vez, una colecci\u00f3n de alta costura sostenible no influir\u00e1 en el cambio en algunas de las \u00e1reas m\u00e1s da\u00f1inas de la moda: el mercado masivo. Despu\u00e9s de todo, se estima que solo <a href=\"https:\/\/www.vogue.co.uk\/fashion\/article\/couture-by-numbers\" target=\"_blank\" rel=\"noopener\">4000 personas en todo el mundo<\/a> realmente compran alta costura y <a href=\"https:\/\/www.glossy.co\/fashion\/have-we-experienced-our-last-fashion-week\" target=\"_blank\" rel=\"noopener\">el 70% de los consumidores siguen el estilo de la calle en lugar del las pasarelas<\/a>. Sin embargo, Viktor &amp; Rolf han estado involucrados en muchas colaboraciones que muestran su verdadero compromiso con la defensa de la sostenibilidad, todas ellas en los mismos cinco a\u00f1os que analizamos anteriormente para las colecciones de alta costura, desde 2015 en adelante.<\/p>\n<p>En 2018, Viktor &amp; Rolf entr\u00f3 en el mercado de la moda r\u00e1pida; de hecho, tom\u00f3 medidas para introducir la sostenibilidad en la moda r\u00e1pida a trav\u00e9s de una colaboraci\u00f3n con la empresa con sede en Berl\u00edn, Zalando. La colaboraci\u00f3n, Re: Cycle, fue una colecci\u00f3n c\u00e1psula de edici\u00f3n limitada de 17 piezas creada a partir de art\u00edculos devueltos que ya no se pod\u00edan vender. La marca demostraba as\u00ed c\u00f3mo se pueden revertir los efectos derrochadores de la moda r\u00e1pida. Viktor &amp; Rolf dijo de esta colaboraci\u00f3n, <a href=\"https:\/\/fashionunited.uk\/news\/fashion\/viktor-rolf-and-zalando-to-launch-sustainable-haute-couture-collection-re-cycle\/2018011127613\" target=\"_blank\" rel=\"noopener\">&#8220;con Zalando, estamos emocionados de traer este esp\u00edritu de moda sostenible de una manera audaz y accesible al dar una nueva vida a las prendas olvidadas&#8221;.<\/a> Era precioso ver c\u00f3mo marca de alta costura de lujo que trabaja dentro del mercado de la moda r\u00e1pida y accesible. muestra que su pasi\u00f3n por la sostenibilidad es m\u00e1s importante que su imagen de marca.<\/p>\n<p>En 2020, Viktor &amp; Rolf se asoci\u00f3 con la marca suiza de ropa interior premium Calida para lanzar <a href=\"http:\/\/www.viktor-rolf.com\/concept-store\/viktorrolf-x-calida\/\" target=\"_blank\" rel=\"noopener\">&#8220;A Truly Green Story &#8211; Una colecci\u00f3n 100% compostable para un mundo mejor&#8221;<\/a>. Janine Weiz-B\u00fchler, directora de marca y productos de Calida, dijo en un comunicado que <a href=\"https:\/\/fashionunited.uk\/news\/fashion\/viktor-rolf-links-with-calida-to-launch-100-percent-compostable-collection\/2020041048432\" target=\"_blank\" rel=\"noopener\">\u201cal trabajar con Viktor &amp; Rolf estamos demostrando que la alta moda y los m\u00e1s altos est\u00e1ndares de sostenibilidad no son mutuamente excluyentes\u201d<\/a>. Tambi\u00e9n en 2020, Viktor &amp; Rolf trabaj\u00f3 con la marca brasile\u00f1a Melissa para crear una colecci\u00f3n de edici\u00f3n limitada de bolsos de piel vegana y zapatos de gelatina. La colecci\u00f3n,\u00a0presentada con la colecci\u00f3n de alta costura SS20 en Par\u00eds, est\u00e1 <a href=\"http:\/\/www.viktor-rolf.com\/concept-store\/viktorrolf-x-melissa\/\" target=\"_blank\" rel=\"noopener\">&#8220;hecha con material Melfex, que es 100% vegano&#8221;<\/a>, pero tambi\u00e9n estos art\u00edculos se pueden &#8220;desmontar y reciclar f\u00e1cilmente&#8221; para lograr un viaje a\u00fan m\u00e1s sostenible.<\/p>\n<p>Todas estas colaboraciones muestran que Viktor &amp; Rolf est\u00e1 comprometido con utilizar su creatividad, posici\u00f3n financiera y exposici\u00f3n para resaltar la sostenibilidad en todos los aspectos de la industria de la moda. Al mismo tiempo que trabaja con marcas que han expresado su inter\u00e9s en mejorar o centrarse \u00fanicamente en la sostenibilidad.<\/p>\n<p>Sin embargo, al igual que con la alta costura, hay algo extra\u00f1o. En 2019, Viktor &amp; Rolf colabor\u00f3 con la empresa francesa de lencer\u00eda, experta en seducci\u00f3n, Aubade, para una colecci\u00f3n c\u00e1psula de lencer\u00eda. Sin embargo, la atenci\u00f3n se centr\u00f3 en la est\u00e9tica, con &#8220;el encaje presenta un motivo de lazo aplicado y delicadas guirnaldas de puntos sobre un fondo de malla, mientras que los lazos de sat\u00e9n planos agregan un toque inesperado tanto al frente como a la parte posterior de las piezas&#8221;. Esto podr\u00eda ser un descuido, pero esta colecci\u00f3n no menciona las cualidades sustentables, de hecho, la sustentabilidad no aparece en ning\u00fan anuncio, descripci\u00f3n ni rese\u00f1a. Lo que, lamentablemente, nos lleva a creer que simplemente no es sostenible.<\/p>\n                                    <\/div>\n            <\/div>\n            <div class=\"row g-0\">\n                <div class=\"col-lg-12 img-scaled\">\n                                                                                                                                                <figure class=\"mb-4 pt-lg-5 mb-lg-6 ps-lg-0 pe-lg-0\" data-aos=\"fade-up\" data-aos-duration=\"1000\"><div class=\"img-container\"><img loading=\"lazy\" decoding=\"async\" width=\"700\" height=\"464\" src=\"https:\/\/luxiders.com\/content\/uploads\/Webp.net-compress-image-2020-08-08T074145.270.jpg\" class=\"img-fluid w-100\" alt=\"\" srcset=\"https:\/\/luxiders.com\/content\/uploads\/Webp.net-compress-image-2020-08-08T074145.270.jpg 700w, https:\/\/luxiders.com\/content\/uploads\/Webp.net-compress-image-2020-08-08T074145.270-300x199.jpg 300w\" sizes=\"(max-width: 700px) 100vw, 700px\" \/><\/div><\/figure>                                                                                            <\/div>\n                                            <\/div>\n        <\/div>\n    <\/section>\n    \n\n    <section id=\"media-block_725a39635f3266ab4f167c34e28e320e\" class=\"section position-relative gp-block gp-media pt-0 pb-0\">\n        <div class=\"container\">\n            <div class=\"row g-0\">\n                <div class=\"col-lg-12 content\" data-aos=\"fade-in\" data-aos-duration=\"1000\">\n                                        <h3>SOSTENIBILIDAD EN LA INDUSTRIA DE LA BELLEZA<\/h3>\n<p>En 2015, The Independent anunci\u00f3 que, para Viktor y Rolf, <a href=\"https:\/\/www.independent.co.uk\/life-style\/fashion\/features\/viktor-and-rolf-abandons-ready-to-wear-its-the-perfume-that-brings-in-the-real-profit-10032305.html\" target=\"_blank\" rel=\"noopener\">&#8220;es el perfume el que genera el beneficio real&#8221;<\/a>. Una fragancia, para cualquier marca de lujo, ofrece &#8220;un punto de precio para que un cliente aspirante compre la marca&#8221;. Para Viktor &amp; Rolf, su perfume &#8220;Flowerbomb&#8221; resume toda su visi\u00f3n creativa. En una entrevista con Love Magazine, cuando se le pidi\u00f3 que <a href=\"https:\/\/www.thelovemagazine.co.uk\/article\/its-like-we-have-one-brain-victor-and-rolf-on-creating-a-cult-brand\" target=\"_blank\" rel=\"noopener\">\u201celigiera una pieza, una colecci\u00f3n, un momento, para resumir Viktor &amp; Rolf, Viktor eligi\u00f3 Flowerbomb, el perfume, con una certeza distinta&#8221;.<\/a><\/p>\n<p>Esta fragancia, que se lanz\u00f3 por primera vez en 2004, y sus otras dos fragancias, Spicebomb y Bonbon, han sido parte de una colaboraci\u00f3n con L&#8217;Oreal. En 2017, L&#8217;Oreal fue nombrada la \u201cempresa global con mejor desempe\u00f1o en sostenibilidad\u201d y en 2020 presentaron un plan para ser 100% sostenible para 2030. Una vez m\u00e1s, Viktor &amp; Rolf demuestran que solo est\u00e1n interesados \u200b\u200ben trabajar con aquellos que entienden la sostenibilidad.<\/p>\n<p>Sin embargo, los perfumes reales de Viktor &amp; Rolf no aprueban en sostenibilidad. S\u00ed, se enumeran para tener una <a href=\"https:\/\/www.goodhousekeeping.com\/uk\/fashion-beauty\/a29456734\/sustainable-perfume\/\" target=\"_blank\" rel=\"noopener\">opci\u00f3n de recarga<\/a>, que reduce el desperdicio de bombas de pl\u00e1stico utilizadas en los frascos de perfume; sin embargo, est\u00e1n listados en\u00a0 la lista de PETA como una marca de perfumes que no est\u00e1 libre de crueldad animal. Al da\u00f1ar a los animales, esta pr\u00e1ctica no puede considerarse sostenible. Una marca llamada Eden Perfumes, incluso ha comenzado a duplicar muchos perfumes de lujo que no cumplen con los requisitos veganos o sostenibles. Han desarrollado un perfume que es un &#8220;vegano alternativo natural libre de crueldad equivalente a Flowerbomb de Viktor &amp; Rolf&#8221;. Las rese\u00f1as dicen que &#8220;es perfecto, honestamente, no puedo notar la diferencia&#8221;. Entonces, si el perfume puede ser vegano, \u00bfpor qu\u00e9 Viktor &amp; Rolf no eligi\u00f3 esa opci\u00f3n? Vuelve a la idea de que la libertad creativa es m\u00e1s importante que la sostenibilidad.<\/p>\n                                    <\/div>\n            <\/div>\n            <div class=\"row g-0\">\n                <div class=\"col-lg-12 img-scaled\">\n                                                                                                                                                <figure class=\"mb-4 pt-lg-5 mb-lg-6 ps-lg-0 pe-lg-0\" data-aos=\"fade-up\" data-aos-duration=\"1000\"><div class=\"img-container\"><img loading=\"lazy\" decoding=\"async\" width=\"700\" height=\"1055\" src=\"https:\/\/luxiders.com\/content\/uploads\/Webp.net-compress-image-2020-08-08T074717.828.jpg\" class=\"img-fluid w-100\" alt=\"\" srcset=\"https:\/\/luxiders.com\/content\/uploads\/Webp.net-compress-image-2020-08-08T074717.828.jpg 700w, https:\/\/luxiders.com\/content\/uploads\/Webp.net-compress-image-2020-08-08T074717.828-199x300.jpg 199w, https:\/\/luxiders.com\/content\/uploads\/Webp.net-compress-image-2020-08-08T074717.828-679x1024.jpg 679w\" sizes=\"(max-width: 700px) 100vw, 700px\" \/><\/div><\/figure>                                                                                            <\/div>\n                                            <\/div>\n        <\/div>\n    <\/section>\n    \n\n    <section id=\"textblock-block_51def2af359f534af09c3049d549c7e1\" class=\"section position-relative gp-block gp-textblock pt-0 pb-0\">\n        <div class=\"container\">\n            <div class=\"row g-0\">\n                <div class=\"col-lg-12 content\" data-aos=\"fade-in\" data-aos-duration=\"1000\">\n                                                                                <h3>CONCLUSI\u00d3N<\/h3>\n<p>No hay duda de que Viktor &amp; Rolf es una marca sostenible. Est\u00e1 cambiando la imagen de la alta costura al presentar la sostenibilidad como un nuevo desaf\u00edo creativo. Adem\u00e1s, ha demostrado, a trav\u00e9s de colaboraciones, que no es solo una marca, sino una fuerza dentro de la industria, para promover la sostenibilidad.<\/p>\n<p>Sin embargo, hemos visto algunas incongruencias. Ese es el principal problema con Viktor &amp; Rolf; algunas colecciones y colaboraciones tienen un compromiso inspirador con la sostenibilidad, pero luego, otros proyectos lo contradice. Un ejemplo son los zapatos y bolsos creados con la marca brasile\u00f1a Melissa que son veganos, en contraposici\u00f3n con la l\u00ednea de perfumes Viktor &amp; Rolf, que no es vegana. Para los clientes, recomendamos investigar cada colecci\u00f3n, prenda o art\u00edculo antes de invertir. Para los clientes que quieren ir m\u00e1s all\u00e1 e investigan m\u00e1s sobre la marca, existe una falta de transparencia. No pudimos encontrar informaci\u00f3n sobre el uso de energ\u00eda de Viktor &amp; Rolf. \u00bfUsan energ\u00eda renovable? \u00bfC\u00f3mo son sus cadenas de suministro y de d\u00f3nde proviene su material y fabricaci\u00f3n, o sus emisiones de carbono?. La marca est\u00e1 produciendo colecciones sostenibles, pero no podemos verificar si la sostenibilidad penetra m\u00e1s profundamente en la conducta y el funcionamiento de la marca.<\/p>\n<p>A\u00fan as\u00ed, finalmente tenemos que estar de acuerdo con la declaraci\u00f3n de Viktor &amp; Rolf, cuando se trata de sustentabilidad, ellos est\u00e1n &#8220;siendo activos al respecto y realmente est\u00e1n haciendo algo&#8221;. Es posible que no tengan un informe sobre su sostenibilidad actual o sus objetivos sostenibles, como muchas otras marcas de lujo, pero estamos viendo resultados mucho m\u00e1s reales y sostenibles de Viktor &amp; Rolf que de cualquier otra marca de lujo.<br \/>\n&nbsp;<br \/>\n&nbsp;<\/p>\n                                                        <\/div>\n            <\/div>\n        <\/div>\n    <\/section>\n    ","protected":false},"excerpt":{"rendered":"","protected":false},"author":2,"featured_media":3230,"comment_status":"closed","ping_status":"closed","sticky":false,"template":"","format":"standard","meta":{"_acf_changed":false,"footnotes":""},"categories":[130],"tags":[865,193,864],"class_list":{"0":"post-3221","1":"post","2":"type-post","3":"status-publish","4":"format-standard","5":"has-post-thumbnail","7":"category-moda-sostenible-lujo","8":"tag-sustainable-couture-2","9":"tag-sustainable-fashion-es","10":"tag-vogue-interview"},"acf":[],"yoast_head":"<title>Viktor &amp; Rolf | Estudio sobre el enfoque sostenible de la marca<\/title>\n<meta name=\"description\" content=\"En una entrevista con Vogue en 2019, la marca de moda de lujo, Viktor &amp; Rolf, afirm\u00f3 que cuando se trata de sostenibilidad est\u00e1n &quot;siendo activos al respecto y haciendo algo&quot;. En este estudio, evaluaremos qu\u00e9 es ese &quot;algo&quot; y si es suficiente para la industria de la moda, o simplemente para nosotros.\" \/>\n<meta name=\"robots\" content=\"index, follow, max-snippet:-1, max-image-preview:large, max-video-preview:-1\" \/>\n<link rel=\"canonical\" href=\"https:\/\/luxiders.com\/es\/lujo-sostenible-viktor-rolf\/\" \/>\n<meta property=\"og:locale\" content=\"es_ES\" \/>\n<meta property=\"og:type\" content=\"article\" \/>\n<meta property=\"og:title\" content=\"Viktor &amp; Rolf | Estudio sobre el enfoque sostenible de la marca\" \/>\n<meta property=\"og:description\" content=\"En una entrevista con Vogue en 2019, la marca de moda de lujo, Viktor &amp; Rolf, afirm\u00f3 que cuando se trata de sostenibilidad est\u00e1n &quot;siendo activos al respecto y haciendo algo&quot;. En este estudio, evaluaremos qu\u00e9 es ese &quot;algo&quot; y si es suficiente para la industria de la moda, o simplemente para nosotros.\" \/>\n<meta property=\"og:url\" content=\"https:\/\/luxiders.com\/es\/lujo-sostenible-viktor-rolf\/\" \/>\n<meta property=\"og:site_name\" content=\"Sustainable Fashion - Eco Design - Healthy Lifestyle - Luxiders Magazine\" \/>\n<meta property=\"article:published_time\" content=\"2020-08-12T13:48:00+00:00\" \/>\n<meta property=\"article:modified_time\" content=\"2023-01-16T11:46:35+00:00\" \/>\n<meta property=\"og:image\" content=\"https:\/\/luxiders.com\/content\/uploads\/Webp.net-compress-image-97.jpg\" \/>\n\t<meta property=\"og:image:width\" content=\"1150\" \/>\n\t<meta property=\"og:image:height\" content=\"750\" \/>\n\t<meta property=\"og:image:type\" content=\"image\/jpeg\" \/>\n<meta name=\"author\" content=\"luxiders\" \/>\n<meta name=\"twitter:card\" content=\"summary_large_image\" \/>\n<meta name=\"twitter:label1\" content=\"Written by\" \/>\n\t<meta name=\"twitter:data1\" content=\"luxiders\" \/>\n<script type=\"application\/ld+json\" class=\"yoast-schema-graph\">{\"@context\":\"https:\/\/schema.org\",\"@graph\":[{\"@type\":\"Article\",\"@id\":\"https:\/\/luxiders.com\/es\/lujo-sostenible-viktor-rolf\/#article\",\"isPartOf\":{\"@id\":\"https:\/\/luxiders.com\/es\/lujo-sostenible-viktor-rolf\/\"},\"author\":{\"name\":\"luxiders\",\"@id\":\"https:\/\/luxiders.com\/es\/#\/schema\/person\/8632fa702ae2ce98f66c396254633de8\"},\"headline\":\"Viktor &amp; Rolf | Estudio sobre el enfoque sostenible de la marca\",\"datePublished\":\"2020-08-12T13:48:00+00:00\",\"dateModified\":\"2023-01-16T11:46:35+00:00\",\"mainEntityOfPage\":{\"@id\":\"https:\/\/luxiders.com\/es\/lujo-sostenible-viktor-rolf\/\"},\"wordCount\":11,\"publisher\":{\"@id\":\"https:\/\/luxiders.com\/es\/#organization\"},\"image\":{\"@id\":\"https:\/\/luxiders.com\/es\/lujo-sostenible-viktor-rolf\/#primaryimage\"},\"thumbnailUrl\":\"https:\/\/luxiders.com\/content\/uploads\/Webp.net-compress-image-97.jpg\",\"keywords\":[\"sustainable couture\",\"sustainable fashion\",\"vogue interview\"],\"articleSection\":[\"Moda\"],\"inLanguage\":\"es-ES\"},{\"@type\":\"WebPage\",\"@id\":\"https:\/\/luxiders.com\/es\/lujo-sostenible-viktor-rolf\/\",\"url\":\"https:\/\/luxiders.com\/es\/lujo-sostenible-viktor-rolf\/\",\"name\":\"Viktor & Rolf | Estudio sobre el enfoque sostenible de la marca\",\"isPartOf\":{\"@id\":\"https:\/\/luxiders.com\/es\/#website\"},\"primaryImageOfPage\":{\"@id\":\"https:\/\/luxiders.com\/es\/lujo-sostenible-viktor-rolf\/#primaryimage\"},\"image\":{\"@id\":\"https:\/\/luxiders.com\/es\/lujo-sostenible-viktor-rolf\/#primaryimage\"},\"thumbnailUrl\":\"https:\/\/luxiders.com\/content\/uploads\/Webp.net-compress-image-97.jpg\",\"datePublished\":\"2020-08-12T13:48:00+00:00\",\"dateModified\":\"2023-01-16T11:46:35+00:00\",\"description\":\"En una entrevista con Vogue en 2019, la marca de moda de lujo, Viktor & Rolf, afirm\u00f3 que cuando se trata de sostenibilidad est\u00e1n \\\"siendo activos al respecto y haciendo algo\\\". En este estudio, evaluaremos qu\u00e9 es ese \\\"algo\\\" y si es suficiente para la industria de la moda, o simplemente para nosotros.\",\"breadcrumb\":{\"@id\":\"https:\/\/luxiders.com\/es\/lujo-sostenible-viktor-rolf\/#breadcrumb\"},\"inLanguage\":\"es-ES\",\"potentialAction\":[{\"@type\":\"ReadAction\",\"target\":[\"https:\/\/luxiders.com\/es\/lujo-sostenible-viktor-rolf\/\"]}]},{\"@type\":\"ImageObject\",\"inLanguage\":\"es-ES\",\"@id\":\"https:\/\/luxiders.com\/es\/lujo-sostenible-viktor-rolf\/#primaryimage\",\"url\":\"https:\/\/luxiders.com\/content\/uploads\/Webp.net-compress-image-97.jpg\",\"contentUrl\":\"https:\/\/luxiders.com\/content\/uploads\/Webp.net-compress-image-97.jpg\",\"width\":1150,\"height\":750},{\"@type\":\"BreadcrumbList\",\"@id\":\"https:\/\/luxiders.com\/es\/lujo-sostenible-viktor-rolf\/#breadcrumb\",\"itemListElement\":[{\"@type\":\"ListItem\",\"position\":1,\"name\":\"Startseite\",\"item\":\"https:\/\/luxiders.com\/es\/\"},{\"@type\":\"ListItem\",\"position\":2,\"name\":\"Moda\",\"item\":\"https:\/\/luxiders.com\/es\/category\/moda-sostenible-lujo\/\"},{\"@type\":\"ListItem\",\"position\":3,\"name\":\"Viktor &amp; Rolf | Estudio sobre el enfoque sostenible de la marca\"}]},{\"@type\":\"WebSite\",\"@id\":\"https:\/\/luxiders.com\/es\/#website\",\"url\":\"https:\/\/luxiders.com\/es\/\",\"name\":\"Sustainable Fashion - Eco Design - Healthy Lifestyle - Luxiders Magazine\",\"description\":\"Luxiders is a sustainable luxury magazine highlighting the best stories about sustainable fashion, ethical fashion, eco-friendly design, green design, sustainable travel, natural beauty, organic beauty and healthy lifestyle. Know the best high-end, progressive and luxury sustainable brands and designers worldwide.\",\"publisher\":{\"@id\":\"https:\/\/luxiders.com\/es\/#organization\"},\"potentialAction\":[{\"@type\":\"SearchAction\",\"target\":{\"@type\":\"EntryPoint\",\"urlTemplate\":\"https:\/\/luxiders.com\/es\/?s={search_term_string}\"},\"query-input\":{\"@type\":\"PropertyValueSpecification\",\"valueRequired\":true,\"valueName\":\"search_term_string\"}}],\"inLanguage\":\"es-ES\"},{\"@type\":\"Organization\",\"@id\":\"https:\/\/luxiders.com\/es\/#organization\",\"name\":\"Sustainable Fashion - Eco Design - Healthy Lifestyle - Luxiders Magazine\",\"url\":\"https:\/\/luxiders.com\/es\/\",\"logo\":{\"@type\":\"ImageObject\",\"inLanguage\":\"es-ES\",\"@id\":\"https:\/\/luxiders.com\/es\/#\/schema\/logo\/image\/\",\"url\":\"https:\/\/luxiders.com\/content\/uploads\/lux-logo.svg\",\"contentUrl\":\"https:\/\/luxiders.com\/content\/uploads\/lux-logo.svg\",\"caption\":\"Sustainable Fashion - Eco Design - Healthy Lifestyle - Luxiders Magazine\"},\"image\":{\"@id\":\"https:\/\/luxiders.com\/es\/#\/schema\/logo\/image\/\"}},{\"@type\":\"Person\",\"@id\":\"https:\/\/luxiders.com\/es\/#\/schema\/person\/8632fa702ae2ce98f66c396254633de8\",\"name\":\"luxiders\",\"url\":\"https:\/\/luxiders.com\/es\/author\/luxiders\/\"}]}<\/script>","yoast_head_json":{"title":"Viktor & Rolf | Estudio sobre el enfoque sostenible de la marca","description":"En una entrevista con Vogue en 2019, la marca de moda de lujo, Viktor & Rolf, afirm\u00f3 que cuando se trata de sostenibilidad est\u00e1n \"siendo activos al respecto y haciendo algo\". En este estudio, evaluaremos qu\u00e9 es ese \"algo\" y si es suficiente para la industria de la moda, o simplemente para nosotros.","robots":{"index":"index","follow":"follow","max-snippet":"max-snippet:-1","max-image-preview":"max-image-preview:large","max-video-preview":"max-video-preview:-1"},"canonical":"https:\/\/luxiders.com\/es\/lujo-sostenible-viktor-rolf\/","og_locale":"es_ES","og_type":"article","og_title":"Viktor & Rolf | Estudio sobre el enfoque sostenible de la marca","og_description":"En una entrevista con Vogue en 2019, la marca de moda de lujo, Viktor & Rolf, afirm\u00f3 que cuando se trata de sostenibilidad est\u00e1n \"siendo activos al respecto y haciendo algo\". En este estudio, evaluaremos qu\u00e9 es ese \"algo\" y si es suficiente para la industria de la moda, o simplemente para nosotros.","og_url":"https:\/\/luxiders.com\/es\/lujo-sostenible-viktor-rolf\/","og_site_name":"Sustainable Fashion - Eco Design - Healthy Lifestyle - Luxiders Magazine","article_published_time":"2020-08-12T13:48:00+00:00","article_modified_time":"2023-01-16T11:46:35+00:00","og_image":[{"width":1150,"height":750,"url":"https:\/\/luxiders.com\/content\/uploads\/Webp.net-compress-image-97.jpg","type":"image\/jpeg"}],"author":"luxiders","twitter_card":"summary_large_image","twitter_misc":{"Written by":"luxiders"},"schema":{"@context":"https:\/\/schema.org","@graph":[{"@type":"Article","@id":"https:\/\/luxiders.com\/es\/lujo-sostenible-viktor-rolf\/#article","isPartOf":{"@id":"https:\/\/luxiders.com\/es\/lujo-sostenible-viktor-rolf\/"},"author":{"name":"luxiders","@id":"https:\/\/luxiders.com\/es\/#\/schema\/person\/8632fa702ae2ce98f66c396254633de8"},"headline":"Viktor &amp; Rolf | Estudio sobre el enfoque sostenible de la marca","datePublished":"2020-08-12T13:48:00+00:00","dateModified":"2023-01-16T11:46:35+00:00","mainEntityOfPage":{"@id":"https:\/\/luxiders.com\/es\/lujo-sostenible-viktor-rolf\/"},"wordCount":11,"publisher":{"@id":"https:\/\/luxiders.com\/es\/#organization"},"image":{"@id":"https:\/\/luxiders.com\/es\/lujo-sostenible-viktor-rolf\/#primaryimage"},"thumbnailUrl":"https:\/\/luxiders.com\/content\/uploads\/Webp.net-compress-image-97.jpg","keywords":["sustainable couture","sustainable fashion","vogue interview"],"articleSection":["Moda"],"inLanguage":"es-ES"},{"@type":"WebPage","@id":"https:\/\/luxiders.com\/es\/lujo-sostenible-viktor-rolf\/","url":"https:\/\/luxiders.com\/es\/lujo-sostenible-viktor-rolf\/","name":"Viktor & Rolf | Estudio sobre el enfoque sostenible de la marca","isPartOf":{"@id":"https:\/\/luxiders.com\/es\/#website"},"primaryImageOfPage":{"@id":"https:\/\/luxiders.com\/es\/lujo-sostenible-viktor-rolf\/#primaryimage"},"image":{"@id":"https:\/\/luxiders.com\/es\/lujo-sostenible-viktor-rolf\/#primaryimage"},"thumbnailUrl":"https:\/\/luxiders.com\/content\/uploads\/Webp.net-compress-image-97.jpg","datePublished":"2020-08-12T13:48:00+00:00","dateModified":"2023-01-16T11:46:35+00:00","description":"En una entrevista con Vogue en 2019, la marca de moda de lujo, Viktor & Rolf, afirm\u00f3 que cuando se trata de sostenibilidad est\u00e1n \"siendo activos al respecto y haciendo algo\". En este estudio, evaluaremos qu\u00e9 es ese \"algo\" y si es suficiente para la industria de la moda, o simplemente para nosotros.","breadcrumb":{"@id":"https:\/\/luxiders.com\/es\/lujo-sostenible-viktor-rolf\/#breadcrumb"},"inLanguage":"es-ES","potentialAction":[{"@type":"ReadAction","target":["https:\/\/luxiders.com\/es\/lujo-sostenible-viktor-rolf\/"]}]},{"@type":"ImageObject","inLanguage":"es-ES","@id":"https:\/\/luxiders.com\/es\/lujo-sostenible-viktor-rolf\/#primaryimage","url":"https:\/\/luxiders.com\/content\/uploads\/Webp.net-compress-image-97.jpg","contentUrl":"https:\/\/luxiders.com\/content\/uploads\/Webp.net-compress-image-97.jpg","width":1150,"height":750},{"@type":"BreadcrumbList","@id":"https:\/\/luxiders.com\/es\/lujo-sostenible-viktor-rolf\/#breadcrumb","itemListElement":[{"@type":"ListItem","position":1,"name":"Startseite","item":"https:\/\/luxiders.com\/es\/"},{"@type":"ListItem","position":2,"name":"Moda","item":"https:\/\/luxiders.com\/es\/category\/moda-sostenible-lujo\/"},{"@type":"ListItem","position":3,"name":"Viktor &amp; Rolf | Estudio sobre el enfoque sostenible de la marca"}]},{"@type":"WebSite","@id":"https:\/\/luxiders.com\/es\/#website","url":"https:\/\/luxiders.com\/es\/","name":"Sustainable Fashion - Eco Design - Healthy Lifestyle - Luxiders Magazine","description":"Luxiders is a sustainable luxury magazine highlighting the best stories about sustainable fashion, ethical fashion, eco-friendly design, green design, sustainable travel, natural beauty, organic beauty and healthy lifestyle. Know the best high-end, progressive and luxury sustainable brands and designers worldwide.","publisher":{"@id":"https:\/\/luxiders.com\/es\/#organization"},"potentialAction":[{"@type":"SearchAction","target":{"@type":"EntryPoint","urlTemplate":"https:\/\/luxiders.com\/es\/?s={search_term_string}"},"query-input":{"@type":"PropertyValueSpecification","valueRequired":true,"valueName":"search_term_string"}}],"inLanguage":"es-ES"},{"@type":"Organization","@id":"https:\/\/luxiders.com\/es\/#organization","name":"Sustainable Fashion - Eco Design - Healthy Lifestyle - Luxiders Magazine","url":"https:\/\/luxiders.com\/es\/","logo":{"@type":"ImageObject","inLanguage":"es-ES","@id":"https:\/\/luxiders.com\/es\/#\/schema\/logo\/image\/","url":"https:\/\/luxiders.com\/content\/uploads\/lux-logo.svg","contentUrl":"https:\/\/luxiders.com\/content\/uploads\/lux-logo.svg","caption":"Sustainable Fashion - Eco Design - Healthy Lifestyle - Luxiders Magazine"},"image":{"@id":"https:\/\/luxiders.com\/es\/#\/schema\/logo\/image\/"}},{"@type":"Person","@id":"https:\/\/luxiders.com\/es\/#\/schema\/person\/8632fa702ae2ce98f66c396254633de8","name":"luxiders","url":"https:\/\/luxiders.com\/es\/author\/luxiders\/"}]}},"_links":{"self":[{"href":"https:\/\/luxiders.com\/es\/wp-json\/wp\/v2\/posts\/3221","targetHints":{"allow":["GET"]}}],"collection":[{"href":"https:\/\/luxiders.com\/es\/wp-json\/wp\/v2\/posts"}],"about":[{"href":"https:\/\/luxiders.com\/es\/wp-json\/wp\/v2\/types\/post"}],"author":[{"embeddable":true,"href":"https:\/\/luxiders.com\/es\/wp-json\/wp\/v2\/users\/2"}],"replies":[{"embeddable":true,"href":"https:\/\/luxiders.com\/es\/wp-json\/wp\/v2\/comments?post=3221"}],"version-history":[{"count":3,"href":"https:\/\/luxiders.com\/es\/wp-json\/wp\/v2\/posts\/3221\/revisions"}],"predecessor-version":[{"id":9852,"href":"https:\/\/luxiders.com\/es\/wp-json\/wp\/v2\/posts\/3221\/revisions\/9852"}],"wp:featuredmedia":[{"embeddable":true,"href":"https:\/\/luxiders.com\/es\/wp-json\/wp\/v2\/media\/3230"}],"wp:attachment":[{"href":"https:\/\/luxiders.com\/es\/wp-json\/wp\/v2\/media?parent=3221"}],"wp:term":[{"taxonomy":"category","embeddable":true,"href":"https:\/\/luxiders.com\/es\/wp-json\/wp\/v2\/categories?post=3221"},{"taxonomy":"post_tag","embeddable":true,"href":"https:\/\/luxiders.com\/es\/wp-json\/wp\/v2\/tags?post=3221"}],"curies":[{"name":"wp","href":"https:\/\/api.w.org\/{rel}","templated":true}]}}