{"id":33550,"date":"2021-05-31T15:50:00","date_gmt":"2021-05-31T13:50:00","guid":{"rendered":"http:\/\/luxiders.com.w01cc729.kasserver.com\/?p=33550"},"modified":"2024-01-22T12:41:02","modified_gmt":"2024-01-22T11:41:02","slug":"mexico-acusa-grandes-marcas-de-moda-de-apropiacion-cultural","status":"publish","type":"post","link":"https:\/\/luxiders.com\/es\/mexico-acusa-grandes-marcas-de-moda-de-apropiacion-cultural\/","title":{"rendered":"M\u00e9xico acusa a grandes marcas de moda de apropiaci\u00f3n cultural"},"content":{"rendered":"    <section id=\"textblock-block_731613c353887f97a25821e5e6024e4a\" class=\"section position-relative gp-block gp-textblock pt-0 pb-0\">\n        <div class=\"container\">\n            <div class=\"row g-0\">\n                <div class=\"col-lg-12 content\" data-aos=\"fade-in\" data-aos-duration=\"1000\">\n                                                                                    <div class=\"intro \">\n                            <p>&nbsp;<\/p>\n<p style=\"text-align: center;\">M\u00e9xico va en contra de las grandes marcas de moda Zara, Anthropologie y Patowl por utilizar sin permiso patrones y otros elementos de textiles ind\u00edgenas mexicanos en sus colecciones. No es la primera vez que las marcas de moda internacionales explotan la cultura ind\u00edgena para su propio beneficio.<\/p>\n                        <\/div>\n                                                                                                <\/div>\n            <\/div>\n        <\/div>\n    <\/section>\n    \n\n    <section id=\"newsletter-block_fc92193cbcae57c2ecde898498d04204\" class=\"section position-relative gp-block gp-newsletter pt-0 pb-0 my-5\">\n        <div class=\"container\">\n            <div class=\"row g-0 pt-4 pb-3\">\n                <div class=\"col-lg-12 content text-center border pt-3\" data-aos=\"fade-in\" data-aos-duration=\"1000\">\n                                            <p><em>Para recibir el Newsletter de Luxiders Magazine,\u00a0<a href=\"https:\/\/landing.mailerlite.com\/webforms\/landing\/w2a1t0\" target=\"_blank\" rel=\"noopener\">suscr\u00edbete aqu\u00ed<\/a><\/em><\/p>\n                                    <\/div>\n            <\/div>\n        <\/div>\n    <\/section>\n    \n\n    <section id=\"textblock-block_7b5ea5a464e367836b4062eefe9d786f\" class=\"section position-relative gp-block gp-textblock pt-0 pb-0\">\n        <div class=\"container\">\n            <div class=\"row g-0\">\n                <div class=\"col-lg-12 content\" data-aos=\"fade-in\" data-aos-duration=\"1000\">\n                                                                                <div class=\"column mcb-column two-third column_visual \">\n<p>Alejandra Frausto, secretaria de Cultura de M\u00e9xico, ha enviado cartas a Zara, Anthropologie y Patowl pidi\u00e9ndoles que aclaren en qu\u00e9 se basan para privatizar la &#8220;propiedad colectiva&#8221; de los textiles ind\u00edgenas mexicanos en sus colecciones sin permiso. En las mismas cartas, Frausto pide a las marcas que indiquen c\u00f3mo piensan compensar a las comunidades afectadas.<\/p>\n<p>El gobierno mexicano acusa a Zara, la mayor empresa de venta de ropa del mundo, de utilizar un patr\u00f3n distintivo de la comunidad ind\u00edgena mixteca del sure\u00f1o estado de Oaxaca en uno de sus vestidos. Anthropologie incorpor\u00f3 elementos creados por la Comunidad Mixe de Santa Mar\u00eda Tlahuitoltepec en un par de pantalones cortos; mientras que Patowl hizo una &#8220;copia fiel&#8221; de la ropa tradicional de la comunidad zapoteca para una l\u00ednea de camisetas.<\/p>\n<p>Seg\u00fan Frausto, la protecci\u00f3n de los derechos de las comunidades ind\u00edgenas, &#8220;que hist\u00f3ricamente han sido invisibles&#8221;, es un principio \u00e9tico que debe abordarse a nivel local y global. Las tres cartas, enviadas por el Ministerio, proporcionaban fotos e informaci\u00f3n que probaban el uso de los patrones mexicanos en el dise\u00f1o de las colecciones de las marcas internacionales. En las cartas se ped\u00eda a las marcas que no atentaran contra la &#8220;identidad y la econom\u00eda&#8221; de las culturas.<\/p>\n<\/div>\n<p>&nbsp;<\/p>\n                                                        <\/div>\n            <\/div>\n        <\/div>\n    <\/section>\n    \n\n    <section id=\"media-block_6b1ffb60314d150212c63b1b3de64155\" class=\"section position-relative gp-block gp-media pt-0 pb-0\">\n        <div class=\"container\">\n            <div class=\"row g-0\">\n                <div class=\"col-lg-12 content\" data-aos=\"fade-in\" data-aos-duration=\"1000\">\n                                                                            <\/div>\n            <\/div>\n            <div class=\"row g-0\">\n                <div class=\"col-lg-6 \">\n                                                                                                                                                <figure class=\"mb-4 pt-lg-6 mb-lg-8 ps-lg-8 pe-lg-2\" data-aos=\"fade-up\" data-aos-duration=\"1000\"><div class=\"img-container\"><img loading=\"lazy\" decoding=\"async\" width=\"1200\" height=\"1800\" src=\"https:\/\/luxiders.com\/content\/uploads\/marisol-benitez-PbwKSCq9aVo-unsplash.jpg\" class=\"img-fluid w-100\" alt=\"Mexican indigenous textiles\" srcset=\"https:\/\/luxiders.com\/content\/uploads\/marisol-benitez-PbwKSCq9aVo-unsplash.jpg 1200w, https:\/\/luxiders.com\/content\/uploads\/marisol-benitez-PbwKSCq9aVo-unsplash-200x300.jpg 200w, https:\/\/luxiders.com\/content\/uploads\/marisol-benitez-PbwKSCq9aVo-unsplash-683x1024.jpg 683w, https:\/\/luxiders.com\/content\/uploads\/marisol-benitez-PbwKSCq9aVo-unsplash-768x1152.jpg 768w, https:\/\/luxiders.com\/content\/uploads\/marisol-benitez-PbwKSCq9aVo-unsplash-1024x1536.jpg 1024w\" sizes=\"(max-width: 1200px) 100vw, 1200px\" \/><\/div><figcaption>The motifs represent elements of the earth<\/figcaption><\/figure>                                                                                            <\/div>\n                                    <div class=\"col-lg-6\">\n                                                                                                                                                        <figure class=\"mb-4 pt-lg-5 mb-lg-5 ps-lg-2 pe-lg-0\" data-aos=\"fade-up\" data-aos-duration=\"1000\"><div class=\"img-container\"><img loading=\"lazy\" decoding=\"async\" width=\"1200\" height=\"1800\" src=\"https:\/\/luxiders.com\/content\/uploads\/marisol-benitez-nANd3Sgz0R4-unsplash.jpg\" class=\"img-fluid w-100\" alt=\"Mexican indigenous textiles\" srcset=\"https:\/\/luxiders.com\/content\/uploads\/marisol-benitez-nANd3Sgz0R4-unsplash.jpg 1200w, https:\/\/luxiders.com\/content\/uploads\/marisol-benitez-nANd3Sgz0R4-unsplash-200x300.jpg 200w, https:\/\/luxiders.com\/content\/uploads\/marisol-benitez-nANd3Sgz0R4-unsplash-683x1024.jpg 683w, https:\/\/luxiders.com\/content\/uploads\/marisol-benitez-nANd3Sgz0R4-unsplash-768x1152.jpg 768w, https:\/\/luxiders.com\/content\/uploads\/marisol-benitez-nANd3Sgz0R4-unsplash-1024x1536.jpg 1024w\" sizes=\"(max-width: 1200px) 100vw, 1200px\" \/><\/div><figcaption>Traditional Indigenous Garments can take months to be made<\/figcaption><\/figure>                                                                                                        <\/div>\n                                            <\/div>\n        <\/div>\n    <\/section>\n    \n\n    <section id=\"textblock-block_c390fc2946f5d8d829dd97df1464e072\" class=\"section position-relative gp-block gp-textblock pt-0 pb-0\">\n        <div class=\"container\">\n            <div class=\"row g-0\">\n                <div class=\"col-lg-12 content\" data-aos=\"fade-in\" data-aos-duration=\"1000\">\n                                                                                <p>&nbsp;<\/p>\n<p>Los dise\u00f1os que las marcas presuntamente copiaron de las comunidades ind\u00edgenas tienen un profundo significado y representan siglos de herencia y tradici\u00f3n para el pueblo mexicano. Los textiles de las comunidades ind\u00edgenas desempe\u00f1an diferentes papeles y tienen funciones sociales, culturales y econ\u00f3micas para sus comunidades. Adem\u00e1s, muchas de las t\u00e9cnicas utilizadas por los artesanos mexicanos tienen su origen en la \u00e9poca prehisp\u00e1nica. A menudo, la creaci\u00f3n de estas piezas tradicionales tarda entre semanas y meses en realizarse.<\/p>\n<p>En las cartas, Frausto pide a las marcas que &#8220;colaboren de forma respetuosa con las comunidades&#8221; sin menoscabar la identidad y la econom\u00eda de las mismas. En noviembre pasado, M\u00e9xico hizo el mismo reclamo a la dise\u00f1adora francesa\u00a0<a href=\"https:\/\/luxiders.com\/sustainable-brands-isabel-marant\/\" target=\"_blank\" rel=\"noopener\">Isabel Marant<\/a>, quien luego se disculp\u00f3 con el gobierno, y a la comunidad ind\u00edgena de Michoac\u00e1n. En 2019, la Secretar\u00eda de Cultura tambi\u00e9n se quej\u00f3 de que Carolina Herrera copiaba dise\u00f1os de la comunidad de Tenango. La marca espa\u00f1ola Mango, tambi\u00e9n propiedad de Inditex, ha sido se\u00f1alada en el pasado por el mismo tema.<\/p>\n<p>Es hora de que pongamos sobre la mesa el debate sobre la protecci\u00f3n de los derechos y el patrimonio de las comunidades ind\u00edgenas locales de todo el mundo, que a menudo no pueden hacer nada, ni siquiera competir con las grandes empresas. Para una marca de moda r\u00e1pida puede ser un dise\u00f1o m\u00e1s que estar\u00e1 en las tiendas durante un corto periodo de tiempo; pero para las comunidades locales estos dise\u00f1os transmiten historia, tradici\u00f3n y, muchas veces, son tambi\u00e9n su principal ingreso econ\u00f3mico.<\/p>\n                                                        <\/div>\n            <\/div>\n        <\/div>\n    <\/section>\n    \n\n    <section id=\"textblock-block_d82593073bdad8b3654e9c70cdfd1a21\" class=\"section position-relative gp-block gp-textblock pt-0 pb-0\">\n        <div class=\"container\">\n            <div class=\"row g-0\">\n                <div class=\"col-lg-12 content\" data-aos=\"fade-in\" data-aos-duration=\"1000\">\n                                                                                <p>&nbsp;<\/p>\n<p style=\"text-align: center;\"><strong><em>+ Words:<br \/>\n<\/em><\/strong><strong><em>Leila Salinas<br \/>\n<\/em><\/strong><strong><em>Luxiders Magazine<\/em><\/strong><\/p>\n<p style=\"text-align: center;\"><em>Journalist | Berlin-based\u00a0<\/em><\/p>\n<p style=\"text-align: center;\"><em>Connect with her on LinkedIn or Instagram (@leisalinas)<\/em><\/p>\n<p>&nbsp;<\/p>\n                                                        <\/div>\n            <\/div>\n        <\/div>\n    <\/section>\n    ","protected":false},"excerpt":{"rendered":"","protected":false},"author":2,"featured_media":33559,"comment_status":"closed","ping_status":"closed","sticky":false,"template":"","format":"standard","meta":{"_acf_changed":false,"footnotes":""},"categories":[130],"tags":[6512,1159,6516,6515,6509,6510,508,6513,6517,6514,6511],"class_list":{"0":"post-33550","1":"post","2":"type-post","3":"status-publish","4":"format-standard","5":"has-post-thumbnail","7":"category-moda-sostenible-lujo","8":"tag-anthropologie-3","9":"tag-apropiacion-cultural","10":"tag-comunidades-locales","11":"tag-cultura-indigena","12":"tag-mexico-2","13":"tag-mexico-acusa-a-grandes-marcas","14":"tag-noticias-de-moda","15":"tag-patowl-3","16":"tag-proteccion-de-las-comunidades-locales","17":"tag-textiles-indigenas-mexicanos","18":"tag-zara-3"},"acf":[],"yoast_head":"<title>M\u00e9xico acusa a grandes marcas de moda de apropiaci\u00f3n cultural<\/title>\n<meta name=\"description\" content=\"M\u00e9xico va en contra de las grandes marcas de moda Zara, Anthropologie y Patowl por utilizar patrones y otros elementos de textiles ind\u00edgenas mexicanos en sus colecciones sin permiso.\" \/>\n<meta name=\"robots\" content=\"index, follow, max-snippet:-1, max-image-preview:large, max-video-preview:-1\" \/>\n<link rel=\"canonical\" href=\"https:\/\/luxiders.com\/es\/mexico-acusa-grandes-marcas-de-moda-de-apropiacion-cultural\/\" \/>\n<meta property=\"og:locale\" content=\"es_ES\" \/>\n<meta property=\"og:type\" content=\"article\" \/>\n<meta property=\"og:title\" content=\"M\u00e9xico acusa a grandes marcas de moda de apropiaci\u00f3n cultural\" \/>\n<meta property=\"og:description\" content=\"M\u00e9xico va en contra de las grandes marcas de moda Zara, Anthropologie y Patowl por utilizar patrones y otros elementos de textiles ind\u00edgenas mexicanos en sus colecciones sin permiso.\" \/>\n<meta property=\"og:url\" content=\"https:\/\/luxiders.com\/es\/mexico-acusa-grandes-marcas-de-moda-de-apropiacion-cultural\/\" \/>\n<meta property=\"og:site_name\" content=\"Sustainable Fashion - Eco Design - Healthy Lifestyle - Luxiders Magazine\" \/>\n<meta property=\"article:published_time\" content=\"2021-05-31T13:50:00+00:00\" \/>\n<meta property=\"article:modified_time\" content=\"2024-01-22T11:41:02+00:00\" \/>\n<meta property=\"og:image\" content=\"https:\/\/luxiders.com\/content\/uploads\/analuisa-gamboa-0ohjyDUIUq0-unsplash.jpg\" \/>\n\t<meta property=\"og:image:width\" content=\"1900\" \/>\n\t<meta property=\"og:image:height\" content=\"1248\" \/>\n\t<meta property=\"og:image:type\" content=\"image\/jpeg\" \/>\n<meta name=\"author\" content=\"luxiders\" \/>\n<meta name=\"twitter:card\" content=\"summary_large_image\" \/>\n<meta name=\"twitter:label1\" content=\"Written by\" \/>\n\t<meta name=\"twitter:data1\" content=\"luxiders\" \/>\n<script type=\"application\/ld+json\" class=\"yoast-schema-graph\">{\"@context\":\"https:\/\/schema.org\",\"@graph\":[{\"@type\":\"Article\",\"@id\":\"https:\/\/luxiders.com\/es\/mexico-acusa-grandes-marcas-de-moda-de-apropiacion-cultural\/#article\",\"isPartOf\":{\"@id\":\"https:\/\/luxiders.com\/es\/mexico-acusa-grandes-marcas-de-moda-de-apropiacion-cultural\/\"},\"author\":{\"name\":\"luxiders\",\"@id\":\"https:\/\/luxiders.com\/es\/#\/schema\/person\/8632fa702ae2ce98f66c396254633de8\"},\"headline\":\"M\u00e9xico acusa a grandes marcas de moda de apropiaci\u00f3n cultural\",\"datePublished\":\"2021-05-31T13:50:00+00:00\",\"dateModified\":\"2024-01-22T11:41:02+00:00\",\"mainEntityOfPage\":{\"@id\":\"https:\/\/luxiders.com\/es\/mexico-acusa-grandes-marcas-de-moda-de-apropiacion-cultural\/\"},\"wordCount\":12,\"publisher\":{\"@id\":\"https:\/\/luxiders.com\/es\/#organization\"},\"image\":{\"@id\":\"https:\/\/luxiders.com\/es\/mexico-acusa-grandes-marcas-de-moda-de-apropiacion-cultural\/#primaryimage\"},\"thumbnailUrl\":\"https:\/\/luxiders.com\/content\/uploads\/analuisa-gamboa-0ohjyDUIUq0-unsplash.jpg\",\"keywords\":[\"Anthropologie\",\"apropiaci\u00f3n cultural\",\"comunidades locales\",\"cultura ind\u00edgena\",\"M\u00e9xico\",\"M\u00e9xico acusa a grandes marcas\",\"noticias de moda\",\"Patowl\",\"protecci\u00f3n de las comunidades locales\",\"textiles ind\u00edgenas mexicanos\",\"Zara\"],\"articleSection\":[\"Moda\"],\"inLanguage\":\"es-ES\"},{\"@type\":\"WebPage\",\"@id\":\"https:\/\/luxiders.com\/es\/mexico-acusa-grandes-marcas-de-moda-de-apropiacion-cultural\/\",\"url\":\"https:\/\/luxiders.com\/es\/mexico-acusa-grandes-marcas-de-moda-de-apropiacion-cultural\/\",\"name\":\"M\u00e9xico acusa a grandes marcas de moda de apropiaci\u00f3n cultural\",\"isPartOf\":{\"@id\":\"https:\/\/luxiders.com\/es\/#website\"},\"primaryImageOfPage\":{\"@id\":\"https:\/\/luxiders.com\/es\/mexico-acusa-grandes-marcas-de-moda-de-apropiacion-cultural\/#primaryimage\"},\"image\":{\"@id\":\"https:\/\/luxiders.com\/es\/mexico-acusa-grandes-marcas-de-moda-de-apropiacion-cultural\/#primaryimage\"},\"thumbnailUrl\":\"https:\/\/luxiders.com\/content\/uploads\/analuisa-gamboa-0ohjyDUIUq0-unsplash.jpg\",\"datePublished\":\"2021-05-31T13:50:00+00:00\",\"dateModified\":\"2024-01-22T11:41:02+00:00\",\"description\":\"M\u00e9xico va en contra de las grandes marcas de moda Zara, Anthropologie y Patowl por utilizar patrones y otros elementos de textiles ind\u00edgenas mexicanos en sus colecciones sin permiso.\",\"breadcrumb\":{\"@id\":\"https:\/\/luxiders.com\/es\/mexico-acusa-grandes-marcas-de-moda-de-apropiacion-cultural\/#breadcrumb\"},\"inLanguage\":\"es-ES\",\"potentialAction\":[{\"@type\":\"ReadAction\",\"target\":[\"https:\/\/luxiders.com\/es\/mexico-acusa-grandes-marcas-de-moda-de-apropiacion-cultural\/\"]}]},{\"@type\":\"ImageObject\",\"inLanguage\":\"es-ES\",\"@id\":\"https:\/\/luxiders.com\/es\/mexico-acusa-grandes-marcas-de-moda-de-apropiacion-cultural\/#primaryimage\",\"url\":\"https:\/\/luxiders.com\/content\/uploads\/analuisa-gamboa-0ohjyDUIUq0-unsplash.jpg\",\"contentUrl\":\"https:\/\/luxiders.com\/content\/uploads\/analuisa-gamboa-0ohjyDUIUq0-unsplash.jpg\",\"width\":1900,\"height\":1248,\"caption\":\"Mexican indigenous textiles\"},{\"@type\":\"BreadcrumbList\",\"@id\":\"https:\/\/luxiders.com\/es\/mexico-acusa-grandes-marcas-de-moda-de-apropiacion-cultural\/#breadcrumb\",\"itemListElement\":[{\"@type\":\"ListItem\",\"position\":1,\"name\":\"Startseite\",\"item\":\"https:\/\/luxiders.com\/es\/\"},{\"@type\":\"ListItem\",\"position\":2,\"name\":\"Moda\",\"item\":\"https:\/\/luxiders.com\/es\/category\/moda-sostenible-lujo\/\"},{\"@type\":\"ListItem\",\"position\":3,\"name\":\"M\u00e9xico acusa a grandes marcas de moda de apropiaci\u00f3n cultural\"}]},{\"@type\":\"WebSite\",\"@id\":\"https:\/\/luxiders.com\/es\/#website\",\"url\":\"https:\/\/luxiders.com\/es\/\",\"name\":\"Sustainable Fashion - Eco Design - Healthy Lifestyle - Luxiders Magazine\",\"description\":\"Luxiders is a sustainable luxury magazine highlighting the best stories about sustainable fashion, ethical fashion, eco-friendly design, green design, sustainable travel, natural beauty, organic beauty and healthy lifestyle. Know the best high-end, progressive and luxury sustainable brands and designers worldwide.\",\"publisher\":{\"@id\":\"https:\/\/luxiders.com\/es\/#organization\"},\"potentialAction\":[{\"@type\":\"SearchAction\",\"target\":{\"@type\":\"EntryPoint\",\"urlTemplate\":\"https:\/\/luxiders.com\/es\/?s={search_term_string}\"},\"query-input\":{\"@type\":\"PropertyValueSpecification\",\"valueRequired\":true,\"valueName\":\"search_term_string\"}}],\"inLanguage\":\"es-ES\"},{\"@type\":\"Organization\",\"@id\":\"https:\/\/luxiders.com\/es\/#organization\",\"name\":\"Sustainable Fashion - Eco Design - Healthy Lifestyle - Luxiders Magazine\",\"url\":\"https:\/\/luxiders.com\/es\/\",\"logo\":{\"@type\":\"ImageObject\",\"inLanguage\":\"es-ES\",\"@id\":\"https:\/\/luxiders.com\/es\/#\/schema\/logo\/image\/\",\"url\":\"https:\/\/luxiders.com\/content\/uploads\/lux-logo.svg\",\"contentUrl\":\"https:\/\/luxiders.com\/content\/uploads\/lux-logo.svg\",\"caption\":\"Sustainable Fashion - Eco Design - Healthy Lifestyle - Luxiders Magazine\"},\"image\":{\"@id\":\"https:\/\/luxiders.com\/es\/#\/schema\/logo\/image\/\"}},{\"@type\":\"Person\",\"@id\":\"https:\/\/luxiders.com\/es\/#\/schema\/person\/8632fa702ae2ce98f66c396254633de8\",\"name\":\"luxiders\",\"url\":\"https:\/\/luxiders.com\/es\/author\/luxiders\/\"}]}<\/script>","yoast_head_json":{"title":"M\u00e9xico acusa a grandes marcas de moda de apropiaci\u00f3n cultural","description":"M\u00e9xico va en contra de las grandes marcas de moda Zara, Anthropologie y Patowl por utilizar patrones y otros elementos de textiles ind\u00edgenas mexicanos en sus colecciones sin permiso.","robots":{"index":"index","follow":"follow","max-snippet":"max-snippet:-1","max-image-preview":"max-image-preview:large","max-video-preview":"max-video-preview:-1"},"canonical":"https:\/\/luxiders.com\/es\/mexico-acusa-grandes-marcas-de-moda-de-apropiacion-cultural\/","og_locale":"es_ES","og_type":"article","og_title":"M\u00e9xico acusa a grandes marcas de moda de apropiaci\u00f3n cultural","og_description":"M\u00e9xico va en contra de las grandes marcas de moda Zara, Anthropologie y Patowl por utilizar patrones y otros elementos de textiles ind\u00edgenas mexicanos en sus colecciones sin permiso.","og_url":"https:\/\/luxiders.com\/es\/mexico-acusa-grandes-marcas-de-moda-de-apropiacion-cultural\/","og_site_name":"Sustainable Fashion - Eco Design - Healthy Lifestyle - Luxiders Magazine","article_published_time":"2021-05-31T13:50:00+00:00","article_modified_time":"2024-01-22T11:41:02+00:00","og_image":[{"width":1900,"height":1248,"url":"https:\/\/luxiders.com\/content\/uploads\/analuisa-gamboa-0ohjyDUIUq0-unsplash.jpg","type":"image\/jpeg"}],"author":"luxiders","twitter_card":"summary_large_image","twitter_misc":{"Written by":"luxiders"},"schema":{"@context":"https:\/\/schema.org","@graph":[{"@type":"Article","@id":"https:\/\/luxiders.com\/es\/mexico-acusa-grandes-marcas-de-moda-de-apropiacion-cultural\/#article","isPartOf":{"@id":"https:\/\/luxiders.com\/es\/mexico-acusa-grandes-marcas-de-moda-de-apropiacion-cultural\/"},"author":{"name":"luxiders","@id":"https:\/\/luxiders.com\/es\/#\/schema\/person\/8632fa702ae2ce98f66c396254633de8"},"headline":"M\u00e9xico acusa a grandes marcas de moda de apropiaci\u00f3n cultural","datePublished":"2021-05-31T13:50:00+00:00","dateModified":"2024-01-22T11:41:02+00:00","mainEntityOfPage":{"@id":"https:\/\/luxiders.com\/es\/mexico-acusa-grandes-marcas-de-moda-de-apropiacion-cultural\/"},"wordCount":12,"publisher":{"@id":"https:\/\/luxiders.com\/es\/#organization"},"image":{"@id":"https:\/\/luxiders.com\/es\/mexico-acusa-grandes-marcas-de-moda-de-apropiacion-cultural\/#primaryimage"},"thumbnailUrl":"https:\/\/luxiders.com\/content\/uploads\/analuisa-gamboa-0ohjyDUIUq0-unsplash.jpg","keywords":["Anthropologie","apropiaci\u00f3n cultural","comunidades locales","cultura ind\u00edgena","M\u00e9xico","M\u00e9xico acusa a grandes marcas","noticias de moda","Patowl","protecci\u00f3n de las comunidades locales","textiles ind\u00edgenas mexicanos","Zara"],"articleSection":["Moda"],"inLanguage":"es-ES"},{"@type":"WebPage","@id":"https:\/\/luxiders.com\/es\/mexico-acusa-grandes-marcas-de-moda-de-apropiacion-cultural\/","url":"https:\/\/luxiders.com\/es\/mexico-acusa-grandes-marcas-de-moda-de-apropiacion-cultural\/","name":"M\u00e9xico acusa a grandes marcas de moda de apropiaci\u00f3n cultural","isPartOf":{"@id":"https:\/\/luxiders.com\/es\/#website"},"primaryImageOfPage":{"@id":"https:\/\/luxiders.com\/es\/mexico-acusa-grandes-marcas-de-moda-de-apropiacion-cultural\/#primaryimage"},"image":{"@id":"https:\/\/luxiders.com\/es\/mexico-acusa-grandes-marcas-de-moda-de-apropiacion-cultural\/#primaryimage"},"thumbnailUrl":"https:\/\/luxiders.com\/content\/uploads\/analuisa-gamboa-0ohjyDUIUq0-unsplash.jpg","datePublished":"2021-05-31T13:50:00+00:00","dateModified":"2024-01-22T11:41:02+00:00","description":"M\u00e9xico va en contra de las grandes marcas de moda Zara, Anthropologie y Patowl por utilizar patrones y otros elementos de textiles ind\u00edgenas mexicanos en sus colecciones sin permiso.","breadcrumb":{"@id":"https:\/\/luxiders.com\/es\/mexico-acusa-grandes-marcas-de-moda-de-apropiacion-cultural\/#breadcrumb"},"inLanguage":"es-ES","potentialAction":[{"@type":"ReadAction","target":["https:\/\/luxiders.com\/es\/mexico-acusa-grandes-marcas-de-moda-de-apropiacion-cultural\/"]}]},{"@type":"ImageObject","inLanguage":"es-ES","@id":"https:\/\/luxiders.com\/es\/mexico-acusa-grandes-marcas-de-moda-de-apropiacion-cultural\/#primaryimage","url":"https:\/\/luxiders.com\/content\/uploads\/analuisa-gamboa-0ohjyDUIUq0-unsplash.jpg","contentUrl":"https:\/\/luxiders.com\/content\/uploads\/analuisa-gamboa-0ohjyDUIUq0-unsplash.jpg","width":1900,"height":1248,"caption":"Mexican indigenous textiles"},{"@type":"BreadcrumbList","@id":"https:\/\/luxiders.com\/es\/mexico-acusa-grandes-marcas-de-moda-de-apropiacion-cultural\/#breadcrumb","itemListElement":[{"@type":"ListItem","position":1,"name":"Startseite","item":"https:\/\/luxiders.com\/es\/"},{"@type":"ListItem","position":2,"name":"Moda","item":"https:\/\/luxiders.com\/es\/category\/moda-sostenible-lujo\/"},{"@type":"ListItem","position":3,"name":"M\u00e9xico acusa a grandes marcas de moda de apropiaci\u00f3n cultural"}]},{"@type":"WebSite","@id":"https:\/\/luxiders.com\/es\/#website","url":"https:\/\/luxiders.com\/es\/","name":"Sustainable Fashion - Eco Design - Healthy Lifestyle - Luxiders Magazine","description":"Luxiders is a sustainable luxury magazine highlighting the best stories about sustainable fashion, ethical fashion, eco-friendly design, green design, sustainable travel, natural beauty, organic beauty and healthy lifestyle. Know the best high-end, progressive and luxury sustainable brands and designers worldwide.","publisher":{"@id":"https:\/\/luxiders.com\/es\/#organization"},"potentialAction":[{"@type":"SearchAction","target":{"@type":"EntryPoint","urlTemplate":"https:\/\/luxiders.com\/es\/?s={search_term_string}"},"query-input":{"@type":"PropertyValueSpecification","valueRequired":true,"valueName":"search_term_string"}}],"inLanguage":"es-ES"},{"@type":"Organization","@id":"https:\/\/luxiders.com\/es\/#organization","name":"Sustainable Fashion - Eco Design - Healthy Lifestyle - Luxiders Magazine","url":"https:\/\/luxiders.com\/es\/","logo":{"@type":"ImageObject","inLanguage":"es-ES","@id":"https:\/\/luxiders.com\/es\/#\/schema\/logo\/image\/","url":"https:\/\/luxiders.com\/content\/uploads\/lux-logo.svg","contentUrl":"https:\/\/luxiders.com\/content\/uploads\/lux-logo.svg","caption":"Sustainable Fashion - Eco Design - Healthy Lifestyle - Luxiders Magazine"},"image":{"@id":"https:\/\/luxiders.com\/es\/#\/schema\/logo\/image\/"}},{"@type":"Person","@id":"https:\/\/luxiders.com\/es\/#\/schema\/person\/8632fa702ae2ce98f66c396254633de8","name":"luxiders","url":"https:\/\/luxiders.com\/es\/author\/luxiders\/"}]}},"_links":{"self":[{"href":"https:\/\/luxiders.com\/es\/wp-json\/wp\/v2\/posts\/33550","targetHints":{"allow":["GET"]}}],"collection":[{"href":"https:\/\/luxiders.com\/es\/wp-json\/wp\/v2\/posts"}],"about":[{"href":"https:\/\/luxiders.com\/es\/wp-json\/wp\/v2\/types\/post"}],"author":[{"embeddable":true,"href":"https:\/\/luxiders.com\/es\/wp-json\/wp\/v2\/users\/2"}],"replies":[{"embeddable":true,"href":"https:\/\/luxiders.com\/es\/wp-json\/wp\/v2\/comments?post=33550"}],"version-history":[{"count":2,"href":"https:\/\/luxiders.com\/es\/wp-json\/wp\/v2\/posts\/33550\/revisions"}],"predecessor-version":[{"id":33585,"href":"https:\/\/luxiders.com\/es\/wp-json\/wp\/v2\/posts\/33550\/revisions\/33585"}],"wp:featuredmedia":[{"embeddable":true,"href":"https:\/\/luxiders.com\/es\/wp-json\/wp\/v2\/media\/33559"}],"wp:attachment":[{"href":"https:\/\/luxiders.com\/es\/wp-json\/wp\/v2\/media?parent=33550"}],"wp:term":[{"taxonomy":"category","embeddable":true,"href":"https:\/\/luxiders.com\/es\/wp-json\/wp\/v2\/categories?post=33550"},{"taxonomy":"post_tag","embeddable":true,"href":"https:\/\/luxiders.com\/es\/wp-json\/wp\/v2\/tags?post=33550"}],"curies":[{"name":"wp","href":"https:\/\/api.w.org\/{rel}","templated":true}]}}