{"id":33899,"date":"2024-01-19T16:55:00","date_gmt":"2024-01-19T15:55:00","guid":{"rendered":"http:\/\/luxiders.com.w01cc729.kasserver.com\/?p=33899"},"modified":"2024-03-15T15:06:19","modified_gmt":"2024-03-15T14:06:19","slug":"las-marcas-conscientes-conquistan-el-primer-show-individual-de-seek","status":"publish","type":"post","link":"https:\/\/luxiders.com\/es\/las-marcas-conscientes-conquistan-el-primer-show-individual-de-seek\/","title":{"rendered":"Las marcas conscientes conquistan el primer show de SEEK sin Premium"},"content":{"rendered":"    <section id=\"textblock-block_177227d16406a8bcca4f67a6d4a60a1c\" class=\"section position-relative gp-block gp-textblock pt-0 pb-0\">\n        <div class=\"container\">\n            <div class=\"row g-0\">\n                <div class=\"col-lg-12 content\" data-aos=\"fade-in\" data-aos-duration=\"1000\">\n                                                                                    <div class=\"intro \">\n                            <p>&nbsp;<\/p>\n<p style=\"text-align: center;\">Los pasados 16 y 17 de enero de 2024, SEEK celebr\u00f3 su primer evento sin Premium. En la feria de moda expusieron unas 200 marcas, 50% eco-conscientes y 50% de Streetwear. Entrevistamos en exclusiva a Marie-Luise Patzelt, Directora de SEEK, para entender mejor el futuro del evento y otras cuestiones de inter\u00e9s.<\/p>\n                        <\/div>\n                                                                                                <\/div>\n            <\/div>\n        <\/div>\n    <\/section>\n    \n\n    <section id=\"newsletter-block_dae62de38f54f0336b6aad907f3dfce8\" class=\"section position-relative gp-block gp-newsletter pt-0 pb-0 my-5\">\n        <div class=\"container\">\n            <div class=\"row g-0 pt-4 pb-3\">\n                <div class=\"col-lg-12 content text-center border pt-3\" data-aos=\"fade-in\" data-aos-duration=\"1000\">\n                                            <p><em>Para recibir el Newsletter de Luxiders Magazine,\u00a0<a href=\"https:\/\/landing.mailerlite.com\/webforms\/landing\/w2a1t0\" target=\"_blank\" rel=\"noopener\">suscr\u00edbete aqu\u00ed<\/a><\/em><\/p>\n                                    <\/div>\n            <\/div>\n        <\/div>\n    <\/section>\n    \n\n    <section id=\"textblock-block_d76229b722ca62cf4f9e3eb62bd0caf1\" class=\"section position-relative gp-block gp-textblock pt-0 pb-0\">\n        <div class=\"container\">\n            <div class=\"row g-0\">\n                <div class=\"col-lg-12 content\" data-aos=\"fade-in\" data-aos-duration=\"1000\">\n                                                                                <div class=\"column mcb-column two-third column_visual \">\n<p>En una \u00e9poca marcada por los desaf\u00edos para el panorama de la moda alemana, no cabe duda de que corren tiempos dif\u00edciles para las ferias de moda. Tanto el sector como la econom\u00eda del pa\u00eds atraviesan una coyuntura poco favorable. En medio de esta adversidad y de la notable ausencia de la influyente feria Premium, Seek inaugur\u00f3 audazmente su escaparate el pasado lunes con un comportamiento serio, cohesionado y entusiasta.<\/p>\n<p>La primera jornada fue testigo de una prometedora afluencia de visitantes, dejando a los expositores gratamente sorprendidos por el calibre de los compradores que visitaban sus stands. Lamentablemente, el optimismo dur\u00f3 poco, ya que el segundo d\u00eda se desarroll\u00f3 con una notable escasez de actividad. El escaso movimiento que se produjo estuvo impulsado principalmente por estudiantes en busca de inspiraci\u00f3n creativa.<\/p>\n<p>A pesar de la trayectoria desigual, la capacidad de resistencia de Seek para mantener un ambiente de sinceridad y unidad durante todo el certamen puso de manifiesto el esp\u00edritu indomable de la comunidad alemana de la moda. Los retos pueden ser grandes, pero el compromiso de fomentar conexiones genuinas y expresiones innovadoras sigue siendo inquebrantable. Para desentra\u00f1ar los entresijos del futuro, mantuvimos una entrevista exclusiva con Marie-Luise Patzelt, directora del sal\u00f3n.<\/p>\n<\/div>\n<p>&nbsp;<\/p>\n                                                        <\/div>\n            <\/div>\n        <\/div>\n    <\/section>\n    \n\n    <section id=\"media-block_8fb4073e4509c401f2ed5d7f4d196d76\" class=\"section position-relative gp-block gp-media pt-0 pb-0\">\n        <div class=\"container\">\n            <div class=\"row g-0\">\n                <div class=\"col-lg-12 content\" data-aos=\"fade-in\" data-aos-duration=\"1000\">\n                                                                            <\/div>\n            <\/div>\n            <div class=\"row g-0\">\n                <div class=\"col-lg-6 \">\n                                                                                                                                                <figure class=\"mb-4 pt-lg-5 mb-lg-5 ps-lg-0 pe-lg-5\" data-aos=\"fade-up\" data-aos-duration=\"1000\"><div class=\"img-container\"><img loading=\"lazy\" decoding=\"async\" width=\"1254\" height=\"941\" src=\"https:\/\/luxiders.com\/content\/uploads\/SEEKJan24_Press_8.jpeg\" class=\"img-fluid w-100\" alt=\"Seek\" srcset=\"https:\/\/luxiders.com\/content\/uploads\/SEEKJan24_Press_8.jpeg 1254w, https:\/\/luxiders.com\/content\/uploads\/SEEKJan24_Press_8-300x225.jpeg 300w, https:\/\/luxiders.com\/content\/uploads\/SEEKJan24_Press_8-1024x768.jpeg 1024w, https:\/\/luxiders.com\/content\/uploads\/SEEKJan24_Press_8-768x576.jpeg 768w\" sizes=\"(max-width: 1254px) 100vw, 1254px\" \/><\/div><figcaption>\u00a9 Seek<\/figcaption><\/figure>                                                                                            <\/div>\n                                    <div class=\"col-lg-6\">\n                                                                                                                                                        <figure class=\"mb-4 pt-lg-5 mb-lg-5 ps-lg-5 pe-lg-0\" data-aos=\"fade-up\" data-aos-duration=\"1000\"><div class=\"img-container\"><img loading=\"lazy\" decoding=\"async\" width=\"560\" height=\"840\" src=\"https:\/\/luxiders.com\/content\/uploads\/SEEK_Teamshot-1.jpeg\" class=\"img-fluid w-100\" alt=\"Seek\" srcset=\"https:\/\/luxiders.com\/content\/uploads\/SEEK_Teamshot-1.jpeg 560w, https:\/\/luxiders.com\/content\/uploads\/SEEK_Teamshot-1-200x300.jpeg 200w\" sizes=\"(max-width: 560px) 100vw, 560px\" \/><\/div><figcaption>\u00a9 Seek<\/figcaption><\/figure>                                                                                                        <\/div>\n                                            <\/div>\n        <\/div>\n    <\/section>\n    \n\n    <section id=\"textblock-block_28c272b52221e82e5abe17de082e6ea3\" class=\"section position-relative gp-block gp-textblock pt-0 pb-0\">\n        <div class=\"container\">\n            <div class=\"row g-0\">\n                <div class=\"col-lg-12 content\" data-aos=\"fade-in\" data-aos-duration=\"1000\">\n                                                                                <p>&nbsp;<\/p>\n<h2>ENTREVISTA CON MARIE-LUISE PATZELT, DIRECTORA DEL SAL\u00d3N SEEK<\/h2>\n<p><strong><em>Luxiders Magazine (LX)<\/em><\/strong><br \/>\n<strong><em>Marie-Luise Patzelt (MLP)<\/em><\/strong><\/p>\n<p>&nbsp;<\/p>\n<p><em><strong>LX: \u00bfCu\u00e1l es tu impresi\u00f3n sobre el primer d\u00eda de Seek?<\/strong><\/em><br \/>\n<strong><em>MLP:<\/em><\/strong>\u00a0Vemos la feria como una gran oportunidad para mostrar lo que podemos hacer. Siempre es un reencuentro muy agradable, porque tenemos muchos expositores que llevan con nosotros m\u00e1s de 10 a\u00f1os, como Veja. Aqu\u00ed la gente trabaja junta. El lema es:\u00a0<em>&#8220;No es trabajar unos contra otros; es trabajar juntos&#8221;<\/em>. El Conscious Club tambi\u00e9n tiene tanto \u00e9xito porque el n\u00facleo es ayudarse mutuamente.<\/p>\n<p>&nbsp;<\/p>\n<p><strong><i>LX: \u00bfQu\u00e9\u00a0porcentaje de los expositores pertenecen al Conscious Club y cu\u00e1ntos a SEEK en este momento?<\/i><\/strong><br \/>\n<em><strong>MLP:<\/strong><\/em>\u00a0En este momento, casi el 50% de las marcas son conscientes. El Conscious Club es SEEK. En el pasado, las marcas conscientes quer\u00edan estar mezcladas, pero las marcas de streetwear no, pero en un momento dado quisieron estar juntas. Veja, por ejemplo, es pionera en materia de sostenibilidad, pero no estaba interesada en exponer junto a las marcas conscientes. Pero ahora, como es un tema de moda, pensamos que es importante juntarlas. Para preparar el show, he investigado de d\u00f3nde proceden todas estas marcas, y la verdad es que estoy muy orgullosa de que el mercado alem\u00e1n sea pionero en materia de sostenibilidad.<\/p>\n<p>&nbsp;<\/p>\n<p><strong><em>LM: \u00bfEs una decisi\u00f3n tomada para satisfacer la visita de los compradores?<\/em><\/strong><br \/>\n<strong><em>MLP:<\/em><\/strong>\u00a0Ahora los minoristas lo buscan. Antes, les echaba para atr\u00e1s que le pusi\u00e9ramos la marca &#8220;Conscious&#8221;. Ahora los minoristas lo piden y ven que hay una necesidad. Quieren estar al d\u00eda.<\/p>\n<p>&nbsp;<\/p>\n<p><strong><em>LM: Este es el primer d\u00eda de la primera edici\u00f3n de SEEK sin Premium. \u00bfPuedes darnos tu opini\u00f3n sobre este primer d\u00eda? \u00bfHas hablado con los minoristas y con los expositores?<br \/>\n<\/em><\/strong><strong><em>MLP:<\/em><\/strong>\u00a0S\u00ed, con ambos. Tengo que decir que estoy muy agradecida a los expositores por habernos apoyado a la hora de invitar a sus compradores. Hicieron muy bien su trabajo. Adem\u00e1s, vi a algunos minoristas que hac\u00eda mucho tiempo que no ve\u00eda. Creo que era la primera vez que ve\u00eda colas en la entrada despu\u00e9s de la pandemia. Creo que la gente ten\u00eda curiosidad, lo que siempre es bueno generar. Lo que siempre les digo a los expositores y a los minoristas es que seamos realistas: vendemos y compramos ropa, \u00a1tenemos un trabajo estupendo!<\/p>\n<p>&nbsp;<\/p>\n                                                        <\/div>\n            <\/div>\n        <\/div>\n    <\/section>\n    \n\n    <section id=\"textblock-block_f953ea1499b822af96bf3eec127bf3e8\" class=\"section position-relative gp-block gp-textblock pt-0 pb-0\">\n        <div class=\"container\">\n            <div class=\"row g-0\">\n                <div class=\"col-lg-12 content\" data-aos=\"fade-in\" data-aos-duration=\"1000\">\n                                                                                <div><\/div>\n<div class=\"column mcb-column two-third column_visual \">\n<div class=\"column mcb-column two-third column_visual \">\n<h4 style=\"text-align: center;\"><span style=\"color: #d6a16b;\"><em>&#8220;Nuestro trabajo es hacer negocios con cosas bonitas. Si queremos seguir haci\u00e9ndolo, tenemos que dar un paso adelante. A veces ayuda salirse del tema y pensar: \u00bfqu\u00e9 estoy haciendo realmente? Entonces lo aprecias mucho m\u00e1s, y eso es lo que les pido a todos que hagan&#8221;.<\/em><\/span><\/h4>\n<p>&nbsp;<\/p>\n<p>&nbsp;<\/p>\n<\/div>\n<\/div>\n                                                        <\/div>\n            <\/div>\n        <\/div>\n    <\/section>\n    \n\n    <section id=\"media-block_0a58d13884f2bbb2a2ac2dd7eac21faa\" class=\"section position-relative gp-block gp-media pt-0 pb-0\">\n        <div class=\"container\">\n            <div class=\"row g-0\">\n                <div class=\"col-lg-12 content\" data-aos=\"fade-in\" data-aos-duration=\"1000\">\n                                                                            <\/div>\n            <\/div>\n            <div class=\"row g-0\">\n                <div class=\"col-lg-12 img-scaled\">\n                                                                                                                                                <figure class=\"mb-4 pt-lg-5 mb-lg-5 ps-lg-0 pe-lg-0\" data-aos=\"fade-up\" data-aos-duration=\"1000\"><div class=\"img-container\"><img loading=\"lazy\" decoding=\"async\" width=\"1200\" height=\"900\" src=\"https:\/\/luxiders.com\/content\/uploads\/SEEKJan24_Press_21.jpeg\" class=\"img-fluid w-100\" alt=\"Seek\" srcset=\"https:\/\/luxiders.com\/content\/uploads\/SEEKJan24_Press_21.jpeg 1200w, https:\/\/luxiders.com\/content\/uploads\/SEEKJan24_Press_21-300x225.jpeg 300w, https:\/\/luxiders.com\/content\/uploads\/SEEKJan24_Press_21-1024x768.jpeg 1024w, https:\/\/luxiders.com\/content\/uploads\/SEEKJan24_Press_21-768x576.jpeg 768w\" sizes=\"(max-width: 1200px) 100vw, 1200px\" \/><\/div><figcaption>\u00a9 Seek<\/figcaption><\/figure>                                                                                            <\/div>\n                                            <\/div>\n        <\/div>\n    <\/section>\n    \n\n    <section id=\"textblock-block_1955b999d9a2250e754f5b077d037686\" class=\"section position-relative gp-block gp-textblock pt-0 pb-0\">\n        <div class=\"container\">\n            <div class=\"row g-0\">\n                <div class=\"col-lg-12 content\" data-aos=\"fade-in\" data-aos-duration=\"1000\">\n                                                                                <p>&nbsp;<\/p>\n<p><strong><em>LM: Siendo el primer d\u00eda, estoy realmente sorprendida de forma positiva, sobre todo porque he visto muchos compradores, que es algo que no est\u00e1 ocurriendo \u00faltimamente en las ferias. \u00bfHab\u00e9is invertido dinero en traerlos?<br \/>\n<\/em><\/strong><em><strong>MLP:<\/strong><\/em>\u00a0\u00a1\u00a1\u00a1Nada de dinero, s\u00f3lo mano de obra!!! El tema de esta temporada era &#8220;Back to the Roots&#8221; (&#8220;Volver a las Ra\u00edces&#8221;). Llevo casi 13 a\u00f1os en la empresa y, al principio, no hab\u00eda equipos diferentes para la producci\u00f3n, marketing ni relaciones p\u00fablicas. Todos hac\u00edamos de todo. En esta ocasi\u00f3n, hemos vuelto a eso, lo que en realidad ha sido muy \u00fatil porque el equipo de ventas, que normalmente s\u00f3lo vend\u00eda espacio a los expositores y era el \u00fanico que ten\u00eda contacto con ellos, empez\u00f3 a llamar tambi\u00e9n a los minoristas. Fue m\u00e1s trabajo, pero muy interesante y valioso. De repente, lo haces todo t\u00fa solo, incluso hablar con la prensa y ser m\u00e1s activo en LinkedIn e Instagram. Estamos en medio de la tormenta. Recibimos las opiniones de los minoristas, los expositores y la prensa. Creo que es un momento \u00fanico en el que nos encontramos todos los que formamos parte del sector.<\/p>\n<p>&nbsp;<\/p>\n<p><strong><em>LM: \u00bfDe d\u00f3nde proceden los minoristas?<br \/>\n<\/em><\/strong><strong><em>MLP:<\/em><\/strong>\u00a0Hoy he o\u00eddo hablar mucho franc\u00e9s, pero yo dir\u00eda que el mercado de habla alemana es sin duda el m\u00e1s importante. Adem\u00e1s, tiene sentido para las marcas. Si vas a una feria alemana, es porque quieres vender en el mercado alem\u00e1n.<\/p>\n<p>&nbsp;<\/p>\n                                                        <\/div>\n            <\/div>\n        <\/div>\n    <\/section>\n    \n\n    <section id=\"media-block_c97933d96704a5eb3b8446e8817678d2\" class=\"section position-relative gp-block gp-media pt-0 pb-0\">\n        <div class=\"container\">\n            <div class=\"row g-0\">\n                <div class=\"col-lg-12 content\" data-aos=\"fade-in\" data-aos-duration=\"1000\">\n                                                                            <\/div>\n            <\/div>\n            <div class=\"row g-0\">\n                <div class=\"col-lg-12 img-scaled\">\n                                                                                                                                                <figure class=\"mb-4 pt-lg-5 mb-lg-5 ps-lg-0 pe-lg-0\" data-aos=\"fade-up\" data-aos-duration=\"1000\"><div class=\"img-container\"><img loading=\"lazy\" decoding=\"async\" width=\"800\" height=\"600\" src=\"https:\/\/luxiders.com\/content\/uploads\/SEEKJan24_Press_7.jpeg\" class=\"img-fluid w-100\" alt=\"Seek\" srcset=\"https:\/\/luxiders.com\/content\/uploads\/SEEKJan24_Press_7.jpeg 800w, https:\/\/luxiders.com\/content\/uploads\/SEEKJan24_Press_7-300x225.jpeg 300w, https:\/\/luxiders.com\/content\/uploads\/SEEKJan24_Press_7-768x576.jpeg 768w\" sizes=\"(max-width: 800px) 100vw, 800px\" \/><\/div><figcaption>\u00a9 Seek<\/figcaption><\/figure>                                                                                            <\/div>\n                                            <\/div>\n        <\/div>\n    <\/section>\n    \n\n    <section id=\"textblock-block_4964514365cb97fea268912e59c932b2\" class=\"section position-relative gp-block gp-textblock pt-0 pb-0\">\n        <div class=\"container\">\n            <div class=\"row g-0\">\n                <div class=\"col-lg-12 content\" data-aos=\"fade-in\" data-aos-duration=\"1000\">\n                                                                                <p>&nbsp;<\/p>\n<p><strong><em>LM: \u00bfC\u00f3mo ves la evoluci\u00f3n sostenible del mercado de la moda en Alemania? Tengo la sensaci\u00f3n de que todo el mundo llora mucho&#8230;<br \/>\n<\/em><\/strong><strong><em>MLP:<\/em><\/strong>\u00a0El mercado alem\u00e1n es muy complicado porque Alemania no tiene esa herencia o ese orgullo que tienen otros mercados como Francia o Italia. Pero, para ser sinceros, la principal raz\u00f3n es que no tenemos el apoyo del gobierno como lo tienen los italianos, los franceses o tambi\u00e9n la semana de la moda danesa o las ferias de all\u00ed. Tenemos las hist\u00f3ricas M\u00fanich, D\u00fcsseldorf y Berl\u00edn. Mi mayor objetivo es que todos nos acerquemos, que tengamos m\u00e1s conversaciones, que trabajemos juntos en lugar de unos contra otros.<\/p>\n<p>&nbsp;<\/p>\n<p><strong><em>LM: Para terminar, \u00bfqu\u00e9 opinas de la sostenibilidad?<br \/>\n<\/em><\/strong><strong><em>MPL:<\/em><\/strong>\u00a0Creo que ahora hay que ir m\u00e1s all\u00e1. Ya no basta con ser sostenible, hay que tener otra historia. Y eso es en lo que realmente quiero centrarme en el futuro. Creo que el futuro pasa por crear burbujas m\u00e1s peque\u00f1as pero m\u00e1s espec\u00edficas dentro de la feria, para que quede claro cu\u00e1l es la historia cuando veas cuatro, cinco, diez marcas una al lado de la otra. Creo que eso es muy importante, porque no hay nada locamente nuevo que te deje boquiabierto.<\/p>\n<p>&nbsp;<\/p>\n<p><strong><em>LM: \u00bfC\u00f3mo imaginas la pr\u00f3xima edici\u00f3n?<\/em><\/strong><br \/>\n<em><strong>MLP:<\/strong><\/em>\u00a0Tenemos que esperar a que se hagan los pedidos. Podemos dar a los minoristas un buen momento y ser la plataforma para conectar, pero luego lo que hagan al final con ello ya no est\u00e1 en nuestras manos. Estamos manteniendo conversaciones con todas las marcas e intentando averiguarlo. Como he dicho, creo que la clave est\u00e1 en contar historias. Ahora tenemos la oportunidad de reinventarnos, y eso es lo que realmente quiero hacer. Quiero sorprender a la gente.<\/p>\n                                                        <\/div>\n            <\/div>\n        <\/div>\n    <\/section>\n    \n\n    <section id=\"textblock-block_d8624f624107c273b33ed88475972607\" class=\"section position-relative gp-block gp-textblock pt-0 pb-0\">\n        <div class=\"container\">\n            <div class=\"row g-0\">\n                <div class=\"col-lg-12 content\" data-aos=\"fade-in\" data-aos-duration=\"1000\">\n                                                                                <p>&nbsp;<\/p>\n<p style=\"text-align: center;\"><strong><i>All Images: \u00a9 Courtesy Seek<\/i><\/strong><\/p>\n<p style=\"text-align: center;\"><strong><em><i>+<\/i>Interviewer:<br \/>\n<\/em><\/strong><strong><em>Belvis Soler<br \/>\nLuxiders Magazine<\/em><\/strong><\/p>\n<p>&nbsp;<\/p>\n                                                        <\/div>\n            <\/div>\n        <\/div>\n    <\/section>\n    ","protected":false},"excerpt":{"rendered":"","protected":false},"author":2,"featured_media":33927,"comment_status":"closed","ping_status":"closed","sticky":false,"template":"","format":"standard","meta":{"_acf_changed":false,"footnotes":""},"categories":[130],"tags":[6632,6633,6630,6631],"class_list":{"0":"post-33899","1":"post","2":"type-post","3":"status-publish","4":"format-standard","5":"has-post-thumbnail","7":"category-moda-sostenible-lujo","8":"tag-interview-with-marie-luise-patzelt-3","9":"tag-marcas-conscientes","10":"tag-marie-luise-patzelt-3","11":"tag-seek-3"},"acf":[],"yoast_head":"<title>Las marcas conscientes conquistan el primer show individual de SEEK<\/title>\n<meta name=\"description\" content=\"Esta semana, SEEK ha celebrado la primera edici\u00f3n sin Premium. Lee nuestra entrevista con Marie-Luise Patzelt, Directora de SEEK Exhibition\" \/>\n<meta name=\"robots\" content=\"index, follow, max-snippet:-1, max-image-preview:large, max-video-preview:-1\" \/>\n<link rel=\"canonical\" href=\"https:\/\/luxiders.com\/es\/las-marcas-conscientes-conquistan-el-primer-show-individual-de-seek\/\" \/>\n<meta property=\"og:locale\" content=\"es_ES\" \/>\n<meta property=\"og:type\" content=\"article\" \/>\n<meta property=\"og:title\" content=\"Las marcas conscientes conquistan el primer show individual de SEEK\" \/>\n<meta property=\"og:description\" content=\"Esta semana, SEEK ha celebrado la primera edici\u00f3n sin Premium. Lee nuestra entrevista con Marie-Luise Patzelt, Directora de SEEK Exhibition\" \/>\n<meta property=\"og:url\" content=\"https:\/\/luxiders.com\/es\/las-marcas-conscientes-conquistan-el-primer-show-individual-de-seek\/\" \/>\n<meta property=\"og:site_name\" content=\"Sustainable Fashion - Eco Design - Healthy Lifestyle - Luxiders Magazine\" \/>\n<meta property=\"article:published_time\" content=\"2024-01-19T15:55:00+00:00\" \/>\n<meta property=\"article:modified_time\" content=\"2024-03-15T14:06:19+00:00\" \/>\n<meta property=\"og:image\" content=\"https:\/\/luxiders.com\/content\/uploads\/Seek.jpeg\" \/>\n\t<meta property=\"og:image:width\" content=\"1920\" \/>\n\t<meta property=\"og:image:height\" content=\"1312\" \/>\n\t<meta property=\"og:image:type\" content=\"image\/jpeg\" \/>\n<meta name=\"author\" content=\"luxiders\" \/>\n<meta name=\"twitter:card\" content=\"summary_large_image\" \/>\n<meta name=\"twitter:label1\" content=\"Written by\" \/>\n\t<meta name=\"twitter:data1\" content=\"luxiders\" \/>\n\t<meta name=\"twitter:label2\" content=\"Est. reading time\" \/>\n\t<meta name=\"twitter:data2\" content=\"7 minutes\" \/>\n<script type=\"application\/ld+json\" class=\"yoast-schema-graph\">{\"@context\":\"https:\/\/schema.org\",\"@graph\":[{\"@type\":\"Article\",\"@id\":\"https:\/\/luxiders.com\/es\/las-marcas-conscientes-conquistan-el-primer-show-individual-de-seek\/#article\",\"isPartOf\":{\"@id\":\"https:\/\/luxiders.com\/es\/las-marcas-conscientes-conquistan-el-primer-show-individual-de-seek\/\"},\"author\":{\"name\":\"luxiders\",\"@id\":\"https:\/\/luxiders.com\/es\/#\/schema\/person\/8632fa702ae2ce98f66c396254633de8\"},\"headline\":\"Las marcas conscientes conquistan el primer show de SEEK sin Premium\",\"datePublished\":\"2024-01-19T15:55:00+00:00\",\"dateModified\":\"2024-03-15T14:06:19+00:00\",\"mainEntityOfPage\":{\"@id\":\"https:\/\/luxiders.com\/es\/las-marcas-conscientes-conquistan-el-primer-show-individual-de-seek\/\"},\"wordCount\":11,\"publisher\":{\"@id\":\"https:\/\/luxiders.com\/es\/#organization\"},\"image\":{\"@id\":\"https:\/\/luxiders.com\/es\/las-marcas-conscientes-conquistan-el-primer-show-individual-de-seek\/#primaryimage\"},\"thumbnailUrl\":\"https:\/\/luxiders.com\/content\/uploads\/Seek.jpeg\",\"keywords\":[\"Interview with Marie-Luise Patzelt\",\"marcas conscientes\",\"Marie-Luise Patzelt\",\"Seek\"],\"articleSection\":[\"Moda\"],\"inLanguage\":\"es-ES\"},{\"@type\":\"WebPage\",\"@id\":\"https:\/\/luxiders.com\/es\/las-marcas-conscientes-conquistan-el-primer-show-individual-de-seek\/\",\"url\":\"https:\/\/luxiders.com\/es\/las-marcas-conscientes-conquistan-el-primer-show-individual-de-seek\/\",\"name\":\"Las marcas conscientes conquistan el primer show individual de SEEK\",\"isPartOf\":{\"@id\":\"https:\/\/luxiders.com\/es\/#website\"},\"primaryImageOfPage\":{\"@id\":\"https:\/\/luxiders.com\/es\/las-marcas-conscientes-conquistan-el-primer-show-individual-de-seek\/#primaryimage\"},\"image\":{\"@id\":\"https:\/\/luxiders.com\/es\/las-marcas-conscientes-conquistan-el-primer-show-individual-de-seek\/#primaryimage\"},\"thumbnailUrl\":\"https:\/\/luxiders.com\/content\/uploads\/Seek.jpeg\",\"datePublished\":\"2024-01-19T15:55:00+00:00\",\"dateModified\":\"2024-03-15T14:06:19+00:00\",\"description\":\"Esta semana, SEEK ha celebrado la primera edici\u00f3n sin Premium. Lee nuestra entrevista con Marie-Luise Patzelt, Directora de SEEK Exhibition\",\"breadcrumb\":{\"@id\":\"https:\/\/luxiders.com\/es\/las-marcas-conscientes-conquistan-el-primer-show-individual-de-seek\/#breadcrumb\"},\"inLanguage\":\"es-ES\",\"potentialAction\":[{\"@type\":\"ReadAction\",\"target\":[\"https:\/\/luxiders.com\/es\/las-marcas-conscientes-conquistan-el-primer-show-individual-de-seek\/\"]}]},{\"@type\":\"ImageObject\",\"inLanguage\":\"es-ES\",\"@id\":\"https:\/\/luxiders.com\/es\/las-marcas-conscientes-conquistan-el-primer-show-individual-de-seek\/#primaryimage\",\"url\":\"https:\/\/luxiders.com\/content\/uploads\/Seek.jpeg\",\"contentUrl\":\"https:\/\/luxiders.com\/content\/uploads\/Seek.jpeg\",\"width\":1920,\"height\":1312,\"caption\":\"Seek\"},{\"@type\":\"BreadcrumbList\",\"@id\":\"https:\/\/luxiders.com\/es\/las-marcas-conscientes-conquistan-el-primer-show-individual-de-seek\/#breadcrumb\",\"itemListElement\":[{\"@type\":\"ListItem\",\"position\":1,\"name\":\"Startseite\",\"item\":\"https:\/\/luxiders.com\/es\/\"},{\"@type\":\"ListItem\",\"position\":2,\"name\":\"Moda\",\"item\":\"https:\/\/luxiders.com\/es\/category\/moda-sostenible-lujo\/\"},{\"@type\":\"ListItem\",\"position\":3,\"name\":\"Las marcas conscientes conquistan el primer show de SEEK sin Premium\"}]},{\"@type\":\"WebSite\",\"@id\":\"https:\/\/luxiders.com\/es\/#website\",\"url\":\"https:\/\/luxiders.com\/es\/\",\"name\":\"Sustainable Fashion - Eco Design - Healthy Lifestyle - Luxiders Magazine\",\"description\":\"Luxiders is a sustainable luxury magazine highlighting the best stories about sustainable fashion, ethical fashion, eco-friendly design, green design, sustainable travel, natural beauty, organic beauty and healthy lifestyle. Know the best high-end, progressive and luxury sustainable brands and designers worldwide.\",\"publisher\":{\"@id\":\"https:\/\/luxiders.com\/es\/#organization\"},\"potentialAction\":[{\"@type\":\"SearchAction\",\"target\":{\"@type\":\"EntryPoint\",\"urlTemplate\":\"https:\/\/luxiders.com\/es\/?s={search_term_string}\"},\"query-input\":{\"@type\":\"PropertyValueSpecification\",\"valueRequired\":true,\"valueName\":\"search_term_string\"}}],\"inLanguage\":\"es-ES\"},{\"@type\":\"Organization\",\"@id\":\"https:\/\/luxiders.com\/es\/#organization\",\"name\":\"Sustainable Fashion - Eco Design - Healthy Lifestyle - Luxiders Magazine\",\"url\":\"https:\/\/luxiders.com\/es\/\",\"logo\":{\"@type\":\"ImageObject\",\"inLanguage\":\"es-ES\",\"@id\":\"https:\/\/luxiders.com\/es\/#\/schema\/logo\/image\/\",\"url\":\"https:\/\/luxiders.com\/content\/uploads\/lux-logo.svg\",\"contentUrl\":\"https:\/\/luxiders.com\/content\/uploads\/lux-logo.svg\",\"caption\":\"Sustainable Fashion - Eco Design - Healthy Lifestyle - Luxiders Magazine\"},\"image\":{\"@id\":\"https:\/\/luxiders.com\/es\/#\/schema\/logo\/image\/\"}},{\"@type\":\"Person\",\"@id\":\"https:\/\/luxiders.com\/es\/#\/schema\/person\/8632fa702ae2ce98f66c396254633de8\",\"name\":\"luxiders\",\"url\":\"https:\/\/luxiders.com\/es\/author\/luxiders\/\"}]}<\/script>","yoast_head_json":{"title":"Las marcas conscientes conquistan el primer show individual de SEEK","description":"Esta semana, SEEK ha celebrado la primera edici\u00f3n sin Premium. Lee nuestra entrevista con Marie-Luise Patzelt, Directora de SEEK Exhibition","robots":{"index":"index","follow":"follow","max-snippet":"max-snippet:-1","max-image-preview":"max-image-preview:large","max-video-preview":"max-video-preview:-1"},"canonical":"https:\/\/luxiders.com\/es\/las-marcas-conscientes-conquistan-el-primer-show-individual-de-seek\/","og_locale":"es_ES","og_type":"article","og_title":"Las marcas conscientes conquistan el primer show individual de SEEK","og_description":"Esta semana, SEEK ha celebrado la primera edici\u00f3n sin Premium. Lee nuestra entrevista con Marie-Luise Patzelt, Directora de SEEK Exhibition","og_url":"https:\/\/luxiders.com\/es\/las-marcas-conscientes-conquistan-el-primer-show-individual-de-seek\/","og_site_name":"Sustainable Fashion - Eco Design - Healthy Lifestyle - Luxiders Magazine","article_published_time":"2024-01-19T15:55:00+00:00","article_modified_time":"2024-03-15T14:06:19+00:00","og_image":[{"width":1920,"height":1312,"url":"https:\/\/luxiders.com\/content\/uploads\/Seek.jpeg","type":"image\/jpeg"}],"author":"luxiders","twitter_card":"summary_large_image","twitter_misc":{"Written by":"luxiders","Est. reading time":"7 minutes"},"schema":{"@context":"https:\/\/schema.org","@graph":[{"@type":"Article","@id":"https:\/\/luxiders.com\/es\/las-marcas-conscientes-conquistan-el-primer-show-individual-de-seek\/#article","isPartOf":{"@id":"https:\/\/luxiders.com\/es\/las-marcas-conscientes-conquistan-el-primer-show-individual-de-seek\/"},"author":{"name":"luxiders","@id":"https:\/\/luxiders.com\/es\/#\/schema\/person\/8632fa702ae2ce98f66c396254633de8"},"headline":"Las marcas conscientes conquistan el primer show de SEEK sin Premium","datePublished":"2024-01-19T15:55:00+00:00","dateModified":"2024-03-15T14:06:19+00:00","mainEntityOfPage":{"@id":"https:\/\/luxiders.com\/es\/las-marcas-conscientes-conquistan-el-primer-show-individual-de-seek\/"},"wordCount":11,"publisher":{"@id":"https:\/\/luxiders.com\/es\/#organization"},"image":{"@id":"https:\/\/luxiders.com\/es\/las-marcas-conscientes-conquistan-el-primer-show-individual-de-seek\/#primaryimage"},"thumbnailUrl":"https:\/\/luxiders.com\/content\/uploads\/Seek.jpeg","keywords":["Interview with Marie-Luise Patzelt","marcas conscientes","Marie-Luise Patzelt","Seek"],"articleSection":["Moda"],"inLanguage":"es-ES"},{"@type":"WebPage","@id":"https:\/\/luxiders.com\/es\/las-marcas-conscientes-conquistan-el-primer-show-individual-de-seek\/","url":"https:\/\/luxiders.com\/es\/las-marcas-conscientes-conquistan-el-primer-show-individual-de-seek\/","name":"Las marcas conscientes conquistan el primer show individual de SEEK","isPartOf":{"@id":"https:\/\/luxiders.com\/es\/#website"},"primaryImageOfPage":{"@id":"https:\/\/luxiders.com\/es\/las-marcas-conscientes-conquistan-el-primer-show-individual-de-seek\/#primaryimage"},"image":{"@id":"https:\/\/luxiders.com\/es\/las-marcas-conscientes-conquistan-el-primer-show-individual-de-seek\/#primaryimage"},"thumbnailUrl":"https:\/\/luxiders.com\/content\/uploads\/Seek.jpeg","datePublished":"2024-01-19T15:55:00+00:00","dateModified":"2024-03-15T14:06:19+00:00","description":"Esta semana, SEEK ha celebrado la primera edici\u00f3n sin Premium. Lee nuestra entrevista con Marie-Luise Patzelt, Directora de SEEK Exhibition","breadcrumb":{"@id":"https:\/\/luxiders.com\/es\/las-marcas-conscientes-conquistan-el-primer-show-individual-de-seek\/#breadcrumb"},"inLanguage":"es-ES","potentialAction":[{"@type":"ReadAction","target":["https:\/\/luxiders.com\/es\/las-marcas-conscientes-conquistan-el-primer-show-individual-de-seek\/"]}]},{"@type":"ImageObject","inLanguage":"es-ES","@id":"https:\/\/luxiders.com\/es\/las-marcas-conscientes-conquistan-el-primer-show-individual-de-seek\/#primaryimage","url":"https:\/\/luxiders.com\/content\/uploads\/Seek.jpeg","contentUrl":"https:\/\/luxiders.com\/content\/uploads\/Seek.jpeg","width":1920,"height":1312,"caption":"Seek"},{"@type":"BreadcrumbList","@id":"https:\/\/luxiders.com\/es\/las-marcas-conscientes-conquistan-el-primer-show-individual-de-seek\/#breadcrumb","itemListElement":[{"@type":"ListItem","position":1,"name":"Startseite","item":"https:\/\/luxiders.com\/es\/"},{"@type":"ListItem","position":2,"name":"Moda","item":"https:\/\/luxiders.com\/es\/category\/moda-sostenible-lujo\/"},{"@type":"ListItem","position":3,"name":"Las marcas conscientes conquistan el primer show de SEEK sin Premium"}]},{"@type":"WebSite","@id":"https:\/\/luxiders.com\/es\/#website","url":"https:\/\/luxiders.com\/es\/","name":"Sustainable Fashion - Eco Design - Healthy Lifestyle - Luxiders Magazine","description":"Luxiders is a sustainable luxury magazine highlighting the best stories about sustainable fashion, ethical fashion, eco-friendly design, green design, sustainable travel, natural beauty, organic beauty and healthy lifestyle. Know the best high-end, progressive and luxury sustainable brands and designers worldwide.","publisher":{"@id":"https:\/\/luxiders.com\/es\/#organization"},"potentialAction":[{"@type":"SearchAction","target":{"@type":"EntryPoint","urlTemplate":"https:\/\/luxiders.com\/es\/?s={search_term_string}"},"query-input":{"@type":"PropertyValueSpecification","valueRequired":true,"valueName":"search_term_string"}}],"inLanguage":"es-ES"},{"@type":"Organization","@id":"https:\/\/luxiders.com\/es\/#organization","name":"Sustainable Fashion - Eco Design - Healthy Lifestyle - Luxiders Magazine","url":"https:\/\/luxiders.com\/es\/","logo":{"@type":"ImageObject","inLanguage":"es-ES","@id":"https:\/\/luxiders.com\/es\/#\/schema\/logo\/image\/","url":"https:\/\/luxiders.com\/content\/uploads\/lux-logo.svg","contentUrl":"https:\/\/luxiders.com\/content\/uploads\/lux-logo.svg","caption":"Sustainable Fashion - Eco Design - Healthy Lifestyle - Luxiders Magazine"},"image":{"@id":"https:\/\/luxiders.com\/es\/#\/schema\/logo\/image\/"}},{"@type":"Person","@id":"https:\/\/luxiders.com\/es\/#\/schema\/person\/8632fa702ae2ce98f66c396254633de8","name":"luxiders","url":"https:\/\/luxiders.com\/es\/author\/luxiders\/"}]}},"_links":{"self":[{"href":"https:\/\/luxiders.com\/es\/wp-json\/wp\/v2\/posts\/33899","targetHints":{"allow":["GET"]}}],"collection":[{"href":"https:\/\/luxiders.com\/es\/wp-json\/wp\/v2\/posts"}],"about":[{"href":"https:\/\/luxiders.com\/es\/wp-json\/wp\/v2\/types\/post"}],"author":[{"embeddable":true,"href":"https:\/\/luxiders.com\/es\/wp-json\/wp\/v2\/users\/2"}],"replies":[{"embeddable":true,"href":"https:\/\/luxiders.com\/es\/wp-json\/wp\/v2\/comments?post=33899"}],"version-history":[{"count":3,"href":"https:\/\/luxiders.com\/es\/wp-json\/wp\/v2\/posts\/33899\/revisions"}],"predecessor-version":[{"id":43014,"href":"https:\/\/luxiders.com\/es\/wp-json\/wp\/v2\/posts\/33899\/revisions\/43014"}],"wp:featuredmedia":[{"embeddable":true,"href":"https:\/\/luxiders.com\/es\/wp-json\/wp\/v2\/media\/33927"}],"wp:attachment":[{"href":"https:\/\/luxiders.com\/es\/wp-json\/wp\/v2\/media?parent=33899"}],"wp:term":[{"taxonomy":"category","embeddable":true,"href":"https:\/\/luxiders.com\/es\/wp-json\/wp\/v2\/categories?post=33899"},{"taxonomy":"post_tag","embeddable":true,"href":"https:\/\/luxiders.com\/es\/wp-json\/wp\/v2\/tags?post=33899"}],"curies":[{"name":"wp","href":"https:\/\/api.w.org\/{rel}","templated":true}]}}