{"id":3517,"date":"2022-04-05T11:33:00","date_gmt":"2022-04-05T09:33:00","guid":{"rendered":"http:\/\/luxiders.com.w01cc729.kasserver.com\/?p=3517"},"modified":"2023-01-16T12:31:41","modified_gmt":"2023-01-16T11:31:41","slug":"primavera-verano-2022-tendencias-desfile-estilo-y2k","status":"publish","type":"post","link":"https:\/\/luxiders.com\/es\/primavera-verano-2022-tendencias-desfile-estilo-y2k\/","title":{"rendered":"Tendencia de pasarela primavera\/verano 2022 | El estilo Y2K"},"content":{"rendered":"    <section id=\"textblock-block_f6133bb99db5528622038ef88a4f0e27\" class=\"section position-relative gp-block gp-textblock text-center pt-0 pb-5\">\n        <div class=\"container\">\n            <div class=\"row g-0\">\n                <div class=\"col-lg-12 content\" data-aos=\"fade-in\" data-aos-duration=\"1000\">\n                                                                                    <div class=\"intro px-lg-8\">\n                            <p class=\"p1\" style=\"text-align: center;\"><span class=\"s1\">La mayor\u00eda de las tendencias van y vienen, pero nunca se van para no volver. La moda nos lleva esta temporada a principios de los 2000 con un estilo Y2K que ha definido las colecciones de marcas como Blumarine y Dolce &amp; Gabbana. Echa un vistazo a las marcas que adoptaron el estilo Y2K en la pasarela primavera\/verano 2022.<\/span><\/p>\n                        <\/div>\n                                                                                                <\/div>\n            <\/div>\n        <\/div>\n    <\/section>\n    \n\n    <section id=\"newsletter-block_8dc71f3d8da8fcc558e796f28928402a\" class=\"section position-relative gp-block gp-newsletter pt-0 pb-0 my-5\">\n        <div class=\"container\">\n            <div class=\"row g-0 pt-4 pb-3\">\n                <div class=\"col-lg-12 content text-center border pt-3\" data-aos=\"fade-in\" data-aos-duration=\"1000\">\n                                            <p><em>Para recibir el Newsletter de Luxiders Magazine,\u00a0<a href=\"https:\/\/landing.mailerlite.com\/webforms\/landing\/w2a1t0\" target=\"_blank\" rel=\"noopener\">suscr\u00edbete aqu\u00ed<\/a><\/em><\/p>\n                                    <\/div>\n            <\/div>\n        <\/div>\n    <\/section>\n    \n\n    <section id=\"media-block_7eceba1ee765f2e396d26478f3a17960\" class=\"section position-relative gp-block gp-media pt-0 pb-0\">\n        <div class=\"container\">\n            <div class=\"row g-0\">\n                <div class=\"col-lg-12 content\" data-aos=\"fade-in\" data-aos-duration=\"1000\">\n                                        <p class=\"p1\"><span class=\"s1\">Es seguro decir que TikTok tiene una poderosa influencia en la moda de la Generaci\u00f3n Z. Haciendo referencia a la escena de la m\u00fasica y la cultura pop de finales de la d\u00e9cada de 1990 y principios de la de 2000, las marcas de hoy nos ofrecen pistas sutiles de esa era o nos dan un homenaje completo al look Y2K pero con un toque moderno adecuado para 2022.<\/span><\/p>\n<p>&nbsp;<\/p>\n<p>&nbsp;<\/p>\n<h2 class=\"p1\"><span class=\"s1\">EL ESTILO Y2K<\/span><\/h2>\n<p class=\"p1\"><span class=\"s1\">Aunque la gente sigue hablando del estilo Y2K, \u00bfqu\u00e9 significa exactamente? Al igual que a principios de milenio, la pasarela de esta temporada promet\u00eda crop tops y estampados de mariposas, exceso de denim y jeans de tiro bajo, abdomen descubierto y mini tops. No hab\u00eda escapatoria de esta muestra interminable de dedicaci\u00f3n a esa \u00e9poca. Pero eso no significa que sea algo malo. De hecho, esta explosi\u00f3n del pasado puede ser exactamente lo que la moda necesita para mostrar lo lejos que ha llegado y c\u00f3mo las tendencias nunca mueren, sino que simplemente renacen.<\/span><\/p>\n<p>&nbsp;<\/p>\n<p>&nbsp;<\/p>\n<h3 class=\"p1\"><span class=\"s1\">EL ESTILO Y2K EN LA PASARELA SS22<\/span><\/h3>\n<p><i>Blumarine<\/i><\/p>\n<p class=\"p1\"><span class=\"s1\">Ninguna marca ha abrazado con tanto entusiasmo el renacimiento del Y2K como Blumarine. La <a href=\"https:\/\/www.blumarine.com\/en\/corporate\/blumarine\/collections\/collection_blumarine_22_ss_show.php\">colecci\u00f3n SS22<\/a> de Nicola Brognano es como una carta de amor no correspondida a principios de la d\u00e9cada de 2000, con bikinis con flecos y cuentas, c\u00e1rdigan cortos, torsos expuestos, pantalones cargo de gasa y motivos de mariposa incluidos. Es casi como el cambio de milenio otra vez.<\/span><\/p>\n                                    <\/div>\n            <\/div>\n            <div class=\"row g-0\">\n                <div class=\"col-lg-12 img-scaled\">\n                                                                                                                                                <figure class=\"mb-4 pt-lg-5 mb-lg-3 ps-lg-0 pe-lg-0\" data-aos=\"fade-up\" data-aos-duration=\"1000\"><div class=\"img-container\"><img loading=\"lazy\" decoding=\"async\" width=\"1200\" height=\"1800\" src=\"https:\/\/luxiders.com\/content\/uploads\/14.jpg\" class=\"img-fluid w-100\" alt=\"\" srcset=\"https:\/\/luxiders.com\/content\/uploads\/14.jpg 1200w, https:\/\/luxiders.com\/content\/uploads\/14-200x300.jpg 200w, https:\/\/luxiders.com\/content\/uploads\/14-683x1024.jpg 683w, https:\/\/luxiders.com\/content\/uploads\/14-768x1152.jpg 768w, https:\/\/luxiders.com\/content\/uploads\/14-1024x1536.jpg 1024w\" sizes=\"(max-width: 1200px) 100vw, 1200px\" \/><\/div><figcaption>\u00a9 Blumarine<\/figcaption><\/figure>                                                                                                                                                            <figure class=\"mb-4 pt-lg-2 mb-lg-5 ps-lg-0 pe-lg-0\" data-aos=\"fade-up\" data-aos-duration=\"1000\"><div class=\"img-container\"><img loading=\"lazy\" decoding=\"async\" width=\"1200\" height=\"1800\" src=\"https:\/\/luxiders.com\/content\/uploads\/21.jpg\" class=\"img-fluid w-100\" alt=\"\" srcset=\"https:\/\/luxiders.com\/content\/uploads\/21.jpg 1200w, https:\/\/luxiders.com\/content\/uploads\/21-200x300.jpg 200w, https:\/\/luxiders.com\/content\/uploads\/21-683x1024.jpg 683w, https:\/\/luxiders.com\/content\/uploads\/21-768x1152.jpg 768w, https:\/\/luxiders.com\/content\/uploads\/21-1024x1536.jpg 1024w\" sizes=\"(max-width: 1200px) 100vw, 1200px\" \/><\/div><figcaption>\u00a9 Blumarine<\/figcaption><\/figure>                                                                                            <\/div>\n                                            <\/div>\n        <\/div>\n    <\/section>\n    \n\n    <section id=\"media-block_6ee2264f03970d8c98155050668bb6b5\" class=\"section position-relative gp-block gp-media pt-0 pb-0\">\n        <div class=\"container\">\n            <div class=\"row g-0\">\n                <div class=\"col-lg-12 content\" data-aos=\"fade-in\" data-aos-duration=\"1000\">\n                                        <p><i>Chanel<\/i><\/p>\n<p class=\"p1\"><span class=\"s1\">Incluso una marca con un atractivo tan cl\u00e1sico y atemporal como Chanel, la casa de lujo francesa no pudo evitar incorporar elementos de la obsesi\u00f3n Y2K en su <a href=\"https:\/\/luxiders.com\/chanel-spring-summer-2022-2\/\">colecci\u00f3n<\/a> m\u00e1s reciente. Es posible que Virginie Viard se haya inspirado en la d\u00e9cada de 1980 como homenaje a las ra\u00edces de Chanel para este desfile. Pero con looks de apertura, de trajes de ba\u00f1o de una pieza envueltos en cinturones de cadena, vestidos de mezclilla de retazos, minifaldas y estampados de mariposas, definitivamente fue un choque de d\u00e9cadas.<\/span><\/p>\n                                    <\/div>\n            <\/div>\n            <div class=\"row g-0\">\n                <div class=\"col-lg-12 img-scaled\">\n                                                                                                                                                <figure class=\"mb-4 pt-lg-5 mb-lg-3 ps-lg-10 pe-lg-0\" data-aos=\"fade-up\" data-aos-duration=\"1000\"><div class=\"img-container\"><img loading=\"lazy\" decoding=\"async\" width=\"640\" height=\"960\" src=\"https:\/\/luxiders.com\/content\/uploads\/chanel_ss22_047.jpg\" class=\"img-fluid w-100\" alt=\"\" srcset=\"https:\/\/luxiders.com\/content\/uploads\/chanel_ss22_047.jpg 640w, https:\/\/luxiders.com\/content\/uploads\/chanel_ss22_047-200x300.jpg 200w\" sizes=\"(max-width: 640px) 100vw, 640px\" \/><\/div><figcaption>\u00a9 Chanel<\/figcaption><\/figure>                                                                                                                                                            <figure class=\"mb-4 pt-lg-3 mb-lg-5 ps-lg-0 pe-lg-0\" data-aos=\"fade-up\" data-aos-duration=\"1000\"><div class=\"img-container\"><img loading=\"lazy\" decoding=\"async\" width=\"640\" height=\"960\" src=\"https:\/\/luxiders.com\/content\/uploads\/chanel_ss22_117.jpg\" class=\"img-fluid w-100\" alt=\"\" srcset=\"https:\/\/luxiders.com\/content\/uploads\/chanel_ss22_117.jpg 640w, https:\/\/luxiders.com\/content\/uploads\/chanel_ss22_117-200x300.jpg 200w\" sizes=\"(max-width: 640px) 100vw, 640px\" \/><\/div><figcaption>\u00a9 Chanel<\/figcaption><\/figure>                                                                                            <\/div>\n                                            <\/div>\n        <\/div>\n    <\/section>\n    \n\n    <section id=\"media-block_e993557f2bf706051633065892166561\" class=\"section position-relative gp-block gp-media pt-0 pb-0\">\n        <div class=\"container\">\n            <div class=\"row g-0\">\n                <div class=\"col-lg-12 content\" data-aos=\"fade-in\" data-aos-duration=\"1000\">\n                                        <p><i>Dolce &amp; Gabbana<\/i><\/p>\n<p class=\"p1\"><span class=\"s1\">Mientras la fiebre Y2K arrasaba la industria de la moda esta temporada, Domenico Dolce y Stefano Gabbana aprovecharon la oportunidad para volver a visitar la ic\u00f3nica colecci\u00f3n 2000 de la marca, que defini\u00f3 la est\u00e9tica de la moda de esa \u00e9poca. Los paralelismos son evidentes en su <a href=\"https:\/\/www.dolcegabbana.com\/en\/fashion-show-women-summer-2022-looks\/?fpls_ga_cid=3e5cSirRkfH&amp;fpls_ga_bnd=dolcegabbana\">colecci\u00f3n<\/a> para esta temporada SS22, que incluye faldas con flecos y cuentas, lencer\u00eda expuesta y la combinaci\u00f3n de minifalda con cenefa y camisa transparente.<\/span><\/p>\n                                    <\/div>\n            <\/div>\n            <div class=\"row g-0\">\n                <div class=\"col-lg-12 img-scaled\">\n                                                                                                                                                <figure class=\"mb-4 pt-lg-5 mb-lg-3 ps-lg-0 pe-lg-0\" data-aos=\"fade-up\" data-aos-duration=\"1000\"><div class=\"img-container\"><img loading=\"lazy\" decoding=\"async\" width=\"1200\" height=\"1800\" src=\"https:\/\/luxiders.com\/content\/uploads\/614f43631f3294001648fcbb.jpg\" class=\"img-fluid w-100\" alt=\"\" srcset=\"https:\/\/luxiders.com\/content\/uploads\/614f43631f3294001648fcbb.jpg 1200w, https:\/\/luxiders.com\/content\/uploads\/614f43631f3294001648fcbb-200x300.jpg 200w, https:\/\/luxiders.com\/content\/uploads\/614f43631f3294001648fcbb-683x1024.jpg 683w, https:\/\/luxiders.com\/content\/uploads\/614f43631f3294001648fcbb-768x1152.jpg 768w, https:\/\/luxiders.com\/content\/uploads\/614f43631f3294001648fcbb-1024x1536.jpg 1024w\" sizes=\"(max-width: 1200px) 100vw, 1200px\" \/><\/div><figcaption>\u00a9 Dolce &#038; Gabbana<\/figcaption><\/figure>                                                                                                                                                            <figure class=\"mb-4 pt-lg-3 mb-lg-4 ps-lg-10 pe-lg-0\" data-aos=\"fade-up\" data-aos-duration=\"1000\"><div class=\"img-container\"><img loading=\"lazy\" decoding=\"async\" width=\"1200\" height=\"1800\" src=\"https:\/\/luxiders.com\/content\/uploads\/614f43631f3294001648fca2.jpg\" class=\"img-fluid w-100\" alt=\"\" srcset=\"https:\/\/luxiders.com\/content\/uploads\/614f43631f3294001648fca2.jpg 1200w, https:\/\/luxiders.com\/content\/uploads\/614f43631f3294001648fca2-200x300.jpg 200w, https:\/\/luxiders.com\/content\/uploads\/614f43631f3294001648fca2-683x1024.jpg 683w, https:\/\/luxiders.com\/content\/uploads\/614f43631f3294001648fca2-768x1152.jpg 768w, https:\/\/luxiders.com\/content\/uploads\/614f43631f3294001648fca2-1024x1536.jpg 1024w\" sizes=\"(max-width: 1200px) 100vw, 1200px\" \/><\/div><figcaption>\u00a9 Dolce &#038; Gabbana<\/figcaption><\/figure>                                                                                            <\/div>\n                                            <\/div>\n        <\/div>\n    <\/section>\n    \n\n    <section id=\"media-block_501ce931e48ea625b998b33d7eb047c8\" class=\"section position-relative gp-block gp-media pt-0 pb-0\">\n        <div class=\"container\">\n            <div class=\"row g-0\">\n                <div class=\"col-lg-12 content\" data-aos=\"fade-in\" data-aos-duration=\"1000\">\n                                                                        <h2 class=\"\"><br data-mce-bogus=\"1\">\n<\/h2>\n                                                                <p><i>Balmain<\/i><\/p>\n<p class=\"p1\"><span class=\"s1\">Olivier Rousteing hizo historia como la primera persona negra en dirigir una casa francesa de lujo cuando fue nombrado director creativo de Balmain en 2011. Y despu\u00e9s de una d\u00e9cada al mando, ha convertido a Balmain en una de las marcas m\u00e1s demandadas y geniales de esta generaci\u00f3n. As\u00ed que no sorprende que aspectos del movimiento Y2K se abrieran paso en su <a href=\"https:\/\/luxiders.com\/balmain-spring-summer-2022-2\/\">colecci\u00f3n SS22<\/a>, como pantalones, cargo de tiro bajo, mini tops y faldas y ropa metalizada que brillaba en la pasarela.<\/span><\/p>\n                                    <\/div>\n            <\/div>\n            <div class=\"row g-0\">\n                <div class=\"col-lg-6 \">\n                                                                                                                                                <figure class=\"mb-4 pt-lg-5 mb-lg-7 ps-lg-0 pe-lg-3\" data-aos=\"fade-up\" data-aos-duration=\"1000\"><div class=\"img-container\"><img loading=\"lazy\" decoding=\"async\" width=\"639\" height=\"960\" src=\"https:\/\/luxiders.com\/content\/uploads\/balmain_ss22_041-1.jpg\" class=\"img-fluid w-100\" alt=\"\" srcset=\"https:\/\/luxiders.com\/content\/uploads\/balmain_ss22_041-1.jpg 639w, https:\/\/luxiders.com\/content\/uploads\/balmain_ss22_041-1-200x300.jpg 200w\" sizes=\"(max-width: 639px) 100vw, 639px\" \/><\/div><figcaption>\u00a9 Balmain<\/figcaption><\/figure>                                                                                            <\/div>\n                                    <div class=\"col-lg-6\">\n                                                                                                                                                        <figure class=\"mb-4 pt-lg-5 mb-lg-7 ps-lg-3 pe-lg-0\" data-aos=\"fade-up\" data-aos-duration=\"1000\"><div class=\"img-container\"><img loading=\"lazy\" decoding=\"async\" width=\"639\" height=\"960\" src=\"https:\/\/luxiders.com\/content\/uploads\/balmain_ss22_126.jpg\" class=\"img-fluid w-100\" alt=\"\" srcset=\"https:\/\/luxiders.com\/content\/uploads\/balmain_ss22_126.jpg 639w, https:\/\/luxiders.com\/content\/uploads\/balmain_ss22_126-200x300.jpg 200w\" sizes=\"(max-width: 639px) 100vw, 639px\" \/><\/div><figcaption>\u00a9 Balmain<\/figcaption><\/figure>                                                                                                        <\/div>\n                                            <\/div>\n        <\/div>\n    <\/section>\n    ","protected":false},"excerpt":{"rendered":"","protected":false},"author":2,"featured_media":3544,"comment_status":"closed","ping_status":"closed","sticky":false,"template":"","format":"standard","meta":{"_acf_changed":false,"footnotes":""},"categories":[130],"tags":[945,946,948,947],"class_list":{"0":"post-3517","1":"post","2":"type-post","3":"status-publish","4":"format-standard","5":"has-post-thumbnail","7":"category-moda-sostenible-lujo","8":"tag-abdomen-expuesto","9":"tag-estampados-de-mariposas","10":"tag-tops-cortos","11":"tag-y2k-3"},"acf":[],"yoast_head":"<title>El estilo Y2K | Tendencia de pasarela primavera\/verano 2022<\/title>\n<meta name=\"description\" content=\"Esta temporada nos lleva a principios de los 2000. Echa un vistazo a las marcas que adoptaron el estilo Y2K en primavera\/verano 2022.\" \/>\n<meta name=\"robots\" content=\"index, follow, max-snippet:-1, max-image-preview:large, max-video-preview:-1\" \/>\n<link rel=\"canonical\" href=\"https:\/\/luxiders.com\/es\/primavera-verano-2022-tendencias-desfile-estilo-y2k\/\" \/>\n<meta property=\"og:locale\" content=\"es_ES\" \/>\n<meta property=\"og:type\" content=\"article\" \/>\n<meta property=\"og:title\" content=\"El estilo Y2K | Tendencia de pasarela primavera\/verano 2022\" \/>\n<meta property=\"og:description\" content=\"Esta temporada nos lleva a principios de los 2000. Echa un vistazo a las marcas que adoptaron el estilo Y2K en primavera\/verano 2022.\" \/>\n<meta property=\"og:url\" content=\"https:\/\/luxiders.com\/es\/primavera-verano-2022-tendencias-desfile-estilo-y2k\/\" \/>\n<meta property=\"og:site_name\" content=\"Sustainable Fashion - Eco Design - Healthy Lifestyle - Luxiders Magazine\" \/>\n<meta property=\"article:published_time\" content=\"2022-04-05T09:33:00+00:00\" \/>\n<meta property=\"article:modified_time\" content=\"2023-01-16T11:31:41+00:00\" \/>\n<meta property=\"og:image\" content=\"https:\/\/luxiders.com\/content\/uploads\/jasmin-chew-KNu2oQ69bMw-unsplash-2.jpg\" \/>\n\t<meta property=\"og:image:width\" content=\"1990\" \/>\n\t<meta property=\"og:image:height\" content=\"1326\" \/>\n\t<meta property=\"og:image:type\" content=\"image\/jpeg\" \/>\n<meta name=\"author\" content=\"luxiders\" \/>\n<meta name=\"twitter:card\" content=\"summary_large_image\" \/>\n<meta name=\"twitter:label1\" content=\"Written by\" \/>\n\t<meta name=\"twitter:data1\" content=\"luxiders\" \/>\n<script type=\"application\/ld+json\" class=\"yoast-schema-graph\">{\"@context\":\"https:\/\/schema.org\",\"@graph\":[{\"@type\":\"Article\",\"@id\":\"https:\/\/luxiders.com\/es\/primavera-verano-2022-tendencias-desfile-estilo-y2k\/#article\",\"isPartOf\":{\"@id\":\"https:\/\/luxiders.com\/es\/primavera-verano-2022-tendencias-desfile-estilo-y2k\/\"},\"author\":{\"name\":\"luxiders\",\"@id\":\"https:\/\/luxiders.com\/es\/#\/schema\/person\/8632fa702ae2ce98f66c396254633de8\"},\"headline\":\"Tendencia de pasarela primavera\/verano 2022 | El estilo Y2K\",\"datePublished\":\"2022-04-05T09:33:00+00:00\",\"dateModified\":\"2023-01-16T11:31:41+00:00\",\"mainEntityOfPage\":{\"@id\":\"https:\/\/luxiders.com\/es\/primavera-verano-2022-tendencias-desfile-estilo-y2k\/\"},\"wordCount\":9,\"publisher\":{\"@id\":\"https:\/\/luxiders.com\/es\/#organization\"},\"image\":{\"@id\":\"https:\/\/luxiders.com\/es\/primavera-verano-2022-tendencias-desfile-estilo-y2k\/#primaryimage\"},\"thumbnailUrl\":\"https:\/\/luxiders.com\/content\/uploads\/jasmin-chew-KNu2oQ69bMw-unsplash-2.jpg\",\"keywords\":[\"abdomen expuesto\",\"estampados de mariposas\",\"tops cortos\",\"Y2K\"],\"articleSection\":[\"Moda\"],\"inLanguage\":\"es-ES\"},{\"@type\":\"WebPage\",\"@id\":\"https:\/\/luxiders.com\/es\/primavera-verano-2022-tendencias-desfile-estilo-y2k\/\",\"url\":\"https:\/\/luxiders.com\/es\/primavera-verano-2022-tendencias-desfile-estilo-y2k\/\",\"name\":\"El estilo Y2K | Tendencia de pasarela primavera\/verano 2022\",\"isPartOf\":{\"@id\":\"https:\/\/luxiders.com\/es\/#website\"},\"primaryImageOfPage\":{\"@id\":\"https:\/\/luxiders.com\/es\/primavera-verano-2022-tendencias-desfile-estilo-y2k\/#primaryimage\"},\"image\":{\"@id\":\"https:\/\/luxiders.com\/es\/primavera-verano-2022-tendencias-desfile-estilo-y2k\/#primaryimage\"},\"thumbnailUrl\":\"https:\/\/luxiders.com\/content\/uploads\/jasmin-chew-KNu2oQ69bMw-unsplash-2.jpg\",\"datePublished\":\"2022-04-05T09:33:00+00:00\",\"dateModified\":\"2023-01-16T11:31:41+00:00\",\"description\":\"Esta temporada nos lleva a principios de los 2000. Echa un vistazo a las marcas que adoptaron el estilo Y2K en primavera\/verano 2022.\",\"breadcrumb\":{\"@id\":\"https:\/\/luxiders.com\/es\/primavera-verano-2022-tendencias-desfile-estilo-y2k\/#breadcrumb\"},\"inLanguage\":\"es-ES\",\"potentialAction\":[{\"@type\":\"ReadAction\",\"target\":[\"https:\/\/luxiders.com\/es\/primavera-verano-2022-tendencias-desfile-estilo-y2k\/\"]}]},{\"@type\":\"ImageObject\",\"inLanguage\":\"es-ES\",\"@id\":\"https:\/\/luxiders.com\/es\/primavera-verano-2022-tendencias-desfile-estilo-y2k\/#primaryimage\",\"url\":\"https:\/\/luxiders.com\/content\/uploads\/jasmin-chew-KNu2oQ69bMw-unsplash-2.jpg\",\"contentUrl\":\"https:\/\/luxiders.com\/content\/uploads\/jasmin-chew-KNu2oQ69bMw-unsplash-2.jpg\",\"width\":1990,\"height\":1326},{\"@type\":\"BreadcrumbList\",\"@id\":\"https:\/\/luxiders.com\/es\/primavera-verano-2022-tendencias-desfile-estilo-y2k\/#breadcrumb\",\"itemListElement\":[{\"@type\":\"ListItem\",\"position\":1,\"name\":\"Startseite\",\"item\":\"https:\/\/luxiders.com\/es\/\"},{\"@type\":\"ListItem\",\"position\":2,\"name\":\"Moda\",\"item\":\"https:\/\/luxiders.com\/es\/category\/moda-sostenible-lujo\/\"},{\"@type\":\"ListItem\",\"position\":3,\"name\":\"Tendencia de pasarela primavera\/verano 2022 | El estilo Y2K\"}]},{\"@type\":\"WebSite\",\"@id\":\"https:\/\/luxiders.com\/es\/#website\",\"url\":\"https:\/\/luxiders.com\/es\/\",\"name\":\"Sustainable Fashion - Eco Design - Healthy Lifestyle - Luxiders Magazine\",\"description\":\"Luxiders is a sustainable luxury magazine highlighting the best stories about sustainable fashion, ethical fashion, eco-friendly design, green design, sustainable travel, natural beauty, organic beauty and healthy lifestyle. Know the best high-end, progressive and luxury sustainable brands and designers worldwide.\",\"publisher\":{\"@id\":\"https:\/\/luxiders.com\/es\/#organization\"},\"potentialAction\":[{\"@type\":\"SearchAction\",\"target\":{\"@type\":\"EntryPoint\",\"urlTemplate\":\"https:\/\/luxiders.com\/es\/?s={search_term_string}\"},\"query-input\":{\"@type\":\"PropertyValueSpecification\",\"valueRequired\":true,\"valueName\":\"search_term_string\"}}],\"inLanguage\":\"es-ES\"},{\"@type\":\"Organization\",\"@id\":\"https:\/\/luxiders.com\/es\/#organization\",\"name\":\"Sustainable Fashion - Eco Design - Healthy Lifestyle - Luxiders Magazine\",\"url\":\"https:\/\/luxiders.com\/es\/\",\"logo\":{\"@type\":\"ImageObject\",\"inLanguage\":\"es-ES\",\"@id\":\"https:\/\/luxiders.com\/es\/#\/schema\/logo\/image\/\",\"url\":\"https:\/\/luxiders.com\/content\/uploads\/lux-logo.svg\",\"contentUrl\":\"https:\/\/luxiders.com\/content\/uploads\/lux-logo.svg\",\"caption\":\"Sustainable Fashion - Eco Design - Healthy Lifestyle - Luxiders Magazine\"},\"image\":{\"@id\":\"https:\/\/luxiders.com\/es\/#\/schema\/logo\/image\/\"}},{\"@type\":\"Person\",\"@id\":\"https:\/\/luxiders.com\/es\/#\/schema\/person\/8632fa702ae2ce98f66c396254633de8\",\"name\":\"luxiders\",\"url\":\"https:\/\/luxiders.com\/es\/author\/luxiders\/\"}]}<\/script>","yoast_head_json":{"title":"El estilo Y2K | Tendencia de pasarela primavera\/verano 2022","description":"Esta temporada nos lleva a principios de los 2000. Echa un vistazo a las marcas que adoptaron el estilo Y2K en primavera\/verano 2022.","robots":{"index":"index","follow":"follow","max-snippet":"max-snippet:-1","max-image-preview":"max-image-preview:large","max-video-preview":"max-video-preview:-1"},"canonical":"https:\/\/luxiders.com\/es\/primavera-verano-2022-tendencias-desfile-estilo-y2k\/","og_locale":"es_ES","og_type":"article","og_title":"El estilo Y2K | Tendencia de pasarela primavera\/verano 2022","og_description":"Esta temporada nos lleva a principios de los 2000. Echa un vistazo a las marcas que adoptaron el estilo Y2K en primavera\/verano 2022.","og_url":"https:\/\/luxiders.com\/es\/primavera-verano-2022-tendencias-desfile-estilo-y2k\/","og_site_name":"Sustainable Fashion - Eco Design - Healthy Lifestyle - Luxiders Magazine","article_published_time":"2022-04-05T09:33:00+00:00","article_modified_time":"2023-01-16T11:31:41+00:00","og_image":[{"width":1990,"height":1326,"url":"https:\/\/luxiders.com\/content\/uploads\/jasmin-chew-KNu2oQ69bMw-unsplash-2.jpg","type":"image\/jpeg"}],"author":"luxiders","twitter_card":"summary_large_image","twitter_misc":{"Written by":"luxiders"},"schema":{"@context":"https:\/\/schema.org","@graph":[{"@type":"Article","@id":"https:\/\/luxiders.com\/es\/primavera-verano-2022-tendencias-desfile-estilo-y2k\/#article","isPartOf":{"@id":"https:\/\/luxiders.com\/es\/primavera-verano-2022-tendencias-desfile-estilo-y2k\/"},"author":{"name":"luxiders","@id":"https:\/\/luxiders.com\/es\/#\/schema\/person\/8632fa702ae2ce98f66c396254633de8"},"headline":"Tendencia de pasarela primavera\/verano 2022 | El estilo Y2K","datePublished":"2022-04-05T09:33:00+00:00","dateModified":"2023-01-16T11:31:41+00:00","mainEntityOfPage":{"@id":"https:\/\/luxiders.com\/es\/primavera-verano-2022-tendencias-desfile-estilo-y2k\/"},"wordCount":9,"publisher":{"@id":"https:\/\/luxiders.com\/es\/#organization"},"image":{"@id":"https:\/\/luxiders.com\/es\/primavera-verano-2022-tendencias-desfile-estilo-y2k\/#primaryimage"},"thumbnailUrl":"https:\/\/luxiders.com\/content\/uploads\/jasmin-chew-KNu2oQ69bMw-unsplash-2.jpg","keywords":["abdomen expuesto","estampados de mariposas","tops cortos","Y2K"],"articleSection":["Moda"],"inLanguage":"es-ES"},{"@type":"WebPage","@id":"https:\/\/luxiders.com\/es\/primavera-verano-2022-tendencias-desfile-estilo-y2k\/","url":"https:\/\/luxiders.com\/es\/primavera-verano-2022-tendencias-desfile-estilo-y2k\/","name":"El estilo Y2K | Tendencia de pasarela primavera\/verano 2022","isPartOf":{"@id":"https:\/\/luxiders.com\/es\/#website"},"primaryImageOfPage":{"@id":"https:\/\/luxiders.com\/es\/primavera-verano-2022-tendencias-desfile-estilo-y2k\/#primaryimage"},"image":{"@id":"https:\/\/luxiders.com\/es\/primavera-verano-2022-tendencias-desfile-estilo-y2k\/#primaryimage"},"thumbnailUrl":"https:\/\/luxiders.com\/content\/uploads\/jasmin-chew-KNu2oQ69bMw-unsplash-2.jpg","datePublished":"2022-04-05T09:33:00+00:00","dateModified":"2023-01-16T11:31:41+00:00","description":"Esta temporada nos lleva a principios de los 2000. Echa un vistazo a las marcas que adoptaron el estilo Y2K en primavera\/verano 2022.","breadcrumb":{"@id":"https:\/\/luxiders.com\/es\/primavera-verano-2022-tendencias-desfile-estilo-y2k\/#breadcrumb"},"inLanguage":"es-ES","potentialAction":[{"@type":"ReadAction","target":["https:\/\/luxiders.com\/es\/primavera-verano-2022-tendencias-desfile-estilo-y2k\/"]}]},{"@type":"ImageObject","inLanguage":"es-ES","@id":"https:\/\/luxiders.com\/es\/primavera-verano-2022-tendencias-desfile-estilo-y2k\/#primaryimage","url":"https:\/\/luxiders.com\/content\/uploads\/jasmin-chew-KNu2oQ69bMw-unsplash-2.jpg","contentUrl":"https:\/\/luxiders.com\/content\/uploads\/jasmin-chew-KNu2oQ69bMw-unsplash-2.jpg","width":1990,"height":1326},{"@type":"BreadcrumbList","@id":"https:\/\/luxiders.com\/es\/primavera-verano-2022-tendencias-desfile-estilo-y2k\/#breadcrumb","itemListElement":[{"@type":"ListItem","position":1,"name":"Startseite","item":"https:\/\/luxiders.com\/es\/"},{"@type":"ListItem","position":2,"name":"Moda","item":"https:\/\/luxiders.com\/es\/category\/moda-sostenible-lujo\/"},{"@type":"ListItem","position":3,"name":"Tendencia de pasarela primavera\/verano 2022 | El estilo Y2K"}]},{"@type":"WebSite","@id":"https:\/\/luxiders.com\/es\/#website","url":"https:\/\/luxiders.com\/es\/","name":"Sustainable Fashion - Eco Design - Healthy Lifestyle - Luxiders Magazine","description":"Luxiders is a sustainable luxury magazine highlighting the best stories about sustainable fashion, ethical fashion, eco-friendly design, green design, sustainable travel, natural beauty, organic beauty and healthy lifestyle. Know the best high-end, progressive and luxury sustainable brands and designers worldwide.","publisher":{"@id":"https:\/\/luxiders.com\/es\/#organization"},"potentialAction":[{"@type":"SearchAction","target":{"@type":"EntryPoint","urlTemplate":"https:\/\/luxiders.com\/es\/?s={search_term_string}"},"query-input":{"@type":"PropertyValueSpecification","valueRequired":true,"valueName":"search_term_string"}}],"inLanguage":"es-ES"},{"@type":"Organization","@id":"https:\/\/luxiders.com\/es\/#organization","name":"Sustainable Fashion - Eco Design - Healthy Lifestyle - Luxiders Magazine","url":"https:\/\/luxiders.com\/es\/","logo":{"@type":"ImageObject","inLanguage":"es-ES","@id":"https:\/\/luxiders.com\/es\/#\/schema\/logo\/image\/","url":"https:\/\/luxiders.com\/content\/uploads\/lux-logo.svg","contentUrl":"https:\/\/luxiders.com\/content\/uploads\/lux-logo.svg","caption":"Sustainable Fashion - Eco Design - Healthy Lifestyle - Luxiders Magazine"},"image":{"@id":"https:\/\/luxiders.com\/es\/#\/schema\/logo\/image\/"}},{"@type":"Person","@id":"https:\/\/luxiders.com\/es\/#\/schema\/person\/8632fa702ae2ce98f66c396254633de8","name":"luxiders","url":"https:\/\/luxiders.com\/es\/author\/luxiders\/"}]}},"_links":{"self":[{"href":"https:\/\/luxiders.com\/es\/wp-json\/wp\/v2\/posts\/3517","targetHints":{"allow":["GET"]}}],"collection":[{"href":"https:\/\/luxiders.com\/es\/wp-json\/wp\/v2\/posts"}],"about":[{"href":"https:\/\/luxiders.com\/es\/wp-json\/wp\/v2\/types\/post"}],"author":[{"embeddable":true,"href":"https:\/\/luxiders.com\/es\/wp-json\/wp\/v2\/users\/2"}],"replies":[{"embeddable":true,"href":"https:\/\/luxiders.com\/es\/wp-json\/wp\/v2\/comments?post=3517"}],"version-history":[{"count":3,"href":"https:\/\/luxiders.com\/es\/wp-json\/wp\/v2\/posts\/3517\/revisions"}],"predecessor-version":[{"id":9824,"href":"https:\/\/luxiders.com\/es\/wp-json\/wp\/v2\/posts\/3517\/revisions\/9824"}],"wp:featuredmedia":[{"embeddable":true,"href":"https:\/\/luxiders.com\/es\/wp-json\/wp\/v2\/media\/3544"}],"wp:attachment":[{"href":"https:\/\/luxiders.com\/es\/wp-json\/wp\/v2\/media?parent=3517"}],"wp:term":[{"taxonomy":"category","embeddable":true,"href":"https:\/\/luxiders.com\/es\/wp-json\/wp\/v2\/categories?post=3517"},{"taxonomy":"post_tag","embeddable":true,"href":"https:\/\/luxiders.com\/es\/wp-json\/wp\/v2\/tags?post=3517"}],"curies":[{"name":"wp","href":"https:\/\/api.w.org\/{rel}","templated":true}]}}