{"id":38352,"date":"2019-10-30T20:10:00","date_gmt":"2019-10-30T19:10:00","guid":{"rendered":"http:\/\/luxiders.com.w01cc729.kasserver.com\/?p=38352"},"modified":"2024-02-15T16:31:42","modified_gmt":"2024-02-15T15:31:42","slug":"moda-sostenible-oporto","status":"publish","type":"post","link":"https:\/\/luxiders.com\/es\/moda-sostenible-oporto\/","title":{"rendered":"Fashion Story | Despertar de una nueva Era | Oporto"},"content":{"rendered":"    <section id=\"textblock-block_cd3e40ec7b2d6178cd7e21068f882bca\" class=\"section position-relative gp-block gp-textblock pt-0 pb-0\">\n        <div class=\"container\">\n            <div class=\"row g-0\">\n                <div class=\"col-lg-12 content\" data-aos=\"fade-in\" data-aos-duration=\"1000\">\n                                                                                    <div class=\"intro \">\n                            <div class=\"section mcb-section \">\n<div class=\"section_wrapper mcb-section-inner\">\n<div class=\"wrap mcb-wrap one valign-top clearfix\">\n<div class=\"mcb-wrap-inner\">\n<div class=\"column mcb-column three-fifth column_visual \">\n<p>&nbsp;<\/p>\n<div class=\"section mcb-section \">\n<div class=\"section_wrapper mcb-section-inner\">\n<div class=\"wrap mcb-wrap one valign-top clearfix\">\n<div class=\"mcb-wrap-inner\">\n<div class=\"column mcb-column three-fifth column_visual \">\n<div class=\"column mcb-column one-second column_visual \">\n<div class=\"\">\n<div class=\"\">\n<div class=\"\">\n<div class=\"\">\n<div class=\"\">\n<div class=\"\">\n<div class=\"\">\n<div class=\"\">\n<p style=\"text-align: center;\">Este sonambulismo desagradecido\u2026<\/p>\n<div class=\"\">\n<div class=\"\">\n<p style=\"text-align: center;\">Se acab\u00f3.<\/p>\n<p style=\"text-align: center;\">No quiero que las cosas se aceleren m\u00e1s r\u00e1pido.<\/p>\n<div class=\"\">\n<p style=\"text-align: center;\">No necesito que las cosas se abaraten m\u00e1s r\u00e1pido.<\/p>\n<h3><\/h3>\n<h3 style=\"text-align: center;\">\u00bfD\u00f3nde qued\u00f3 el valor real de la vida?<\/h3>\n<h3><\/h3>\n<div class=\"\">\n<p style=\"text-align: center;\">Es el momento.<\/p>\n<p style=\"text-align: center;\">Ahora.<\/p>\n<p>&nbsp;<\/p>\n<\/div>\n<\/div>\n<\/div>\n<\/div>\n<\/div>\n<\/div>\n<\/div>\n<\/div>\n<\/div>\n<\/div>\n<\/div>\n<\/div>\n<p style=\"text-align: center;\"><em>El despertar de una nueva era.<\/em><\/p>\n<div class=\"\">\n<p style=\"text-align: center;\"><em>Aprendiendo mientras creo\u00a0<\/em><\/p>\n<p style=\"text-align: center;\"><em>consecuencias intencionadas&#8230;<\/em><\/p>\n<p style=\"text-align: center;\"><em>hacia el futuro.<\/em><\/p>\n<\/div>\n<\/div>\n<div class=\"column mcb-column one-fourth column_placeholder\">\n<div class=\"placeholder\"><\/div>\n<\/div>\n<div class=\"column mcb-column one column_placeholder\">\n<div class=\"placeholder\"><\/div>\n<\/div>\n<div class=\"column mcb-column one column_visual \">\n<div class=\"\">\n<div class=\"\">\n<div class=\"\">\n<div class=\"\">\n<div class=\"\">\n<div class=\"\">\n<div class=\"\">\n<div class=\"\"><\/div>\n<div class=\"\">\n<p style=\"text-align: right;\"><strong><em>Este proyecto cuenta con el apoyo de\u00a0<a href=\"https:\/\/www.portofashionweek.com\/?lang=en\" target=\"_blank\" rel=\"noopener\">PORTO FASHION WEEK<\/a><\/em><\/strong><\/p>\n<\/div>\n<\/div>\n<\/div>\n<\/div>\n<\/div>\n<\/div>\n<\/div>\n<\/div>\n<\/div>\n<\/div>\n<\/div>\n<\/div>\n<\/div>\n<\/div>\n<\/div>\n<\/div>\n<\/div>\n<\/div>\n<\/div>\n                        <\/div>\n                                                                                                <\/div>\n            <\/div>\n        <\/div>\n    <\/section>\n    \n\n    <section id=\"newsletter-block_a31959d3a7d8bae293703db54a1f1452\" class=\"section position-relative gp-block gp-newsletter pt-0 pb-0 my-5\">\n        <div class=\"container\">\n            <div class=\"row g-0 pt-4 pb-3\">\n                <div class=\"col-lg-12 content text-center border pt-3\" data-aos=\"fade-in\" data-aos-duration=\"1000\">\n                                            <p><em>Para recibir el Newsletter de Luxiders Magazine,\u00a0<a href=\"https:\/\/landing.mailerlite.com\/webforms\/landing\/w2a1t0\" target=\"_blank\" rel=\"noopener\">suscr\u00edbete aqu\u00ed<\/a><\/em><\/p>\n                                    <\/div>\n            <\/div>\n        <\/div>\n    <\/section>\n    \n\n    <section id=\"media-block_ff8e3c34148635f77142508acb75877e\" class=\"section position-relative gp-block gp-media pt-0 pb-0\">\n        <div class=\"container\">\n            <div class=\"row g-0\">\n                <div class=\"col-lg-12 content\" data-aos=\"fade-in\" data-aos-duration=\"1000\">\n                                                                            <\/div>\n            <\/div>\n            <div class=\"row g-0\">\n                <div class=\"col-lg-6 \">\n                                                                                                                                                <figure class=\"mb-4 pt-lg-5 mb-lg-5 ps-lg-7 pe-lg-0\" data-aos=\"fade-up\" data-aos-duration=\"1000\"><div class=\"img-container\"><img loading=\"lazy\" decoding=\"async\" width=\"512\" height=\"768\" src=\"https:\/\/luxiders.com\/content\/uploads\/Fashion-Story-Dawn-of-a-New-Age-Porto_1.jpg\" class=\"img-fluid w-100\" alt=\"Fashion-Story-Dawn-of-a-New-Age-Porto\" srcset=\"https:\/\/luxiders.com\/content\/uploads\/Fashion-Story-Dawn-of-a-New-Age-Porto_1.jpg 512w, https:\/\/luxiders.com\/content\/uploads\/Fashion-Story-Dawn-of-a-New-Age-Porto_1-200x300.jpg 200w\" sizes=\"(max-width: 512px) 100vw, 512px\" \/><\/div><\/figure>                                                                                            <\/div>\n                                    <div class=\"col-lg-6\">\n                                                                                                                                                        <figure class=\"mb-4 pt-lg-8 mb-lg-3 ps-lg-8 pe-lg-10\" data-aos=\"fade-up\" data-aos-duration=\"1000\"><div class=\"img-container\"><img loading=\"lazy\" decoding=\"async\" width=\"1330\" height=\"1995\" src=\"https:\/\/luxiders.com\/content\/uploads\/Fashion-Story-Dawn-of-a-New-Age-Porto_2.jpg\" class=\"img-fluid w-100\" alt=\"Fashion-Story-Dawn-of-a-New-Age-Porto\" srcset=\"https:\/\/luxiders.com\/content\/uploads\/Fashion-Story-Dawn-of-a-New-Age-Porto_2.jpg 1330w, https:\/\/luxiders.com\/content\/uploads\/Fashion-Story-Dawn-of-a-New-Age-Porto_2-200x300.jpg 200w, https:\/\/luxiders.com\/content\/uploads\/Fashion-Story-Dawn-of-a-New-Age-Porto_2-683x1024.jpg 683w, https:\/\/luxiders.com\/content\/uploads\/Fashion-Story-Dawn-of-a-New-Age-Porto_2-768x1152.jpg 768w, https:\/\/luxiders.com\/content\/uploads\/Fashion-Story-Dawn-of-a-New-Age-Porto_2-1024x1536.jpg 1024w\" sizes=\"(max-width: 1330px) 100vw, 1330px\" \/><\/div><\/figure>                                                                                                                                                                                                        <div class=\"text pt-lg-3 mb-lg-5 ps-lg-8 pe-lg-10\" data-aos=\"fade-in\" data-aos-duration=\"1000\">\n                                            <p style=\"text-align: center;\">Vestido dise\u00f1ado por\u00a0<a href=\"http:\/\/www.miguelvieira.pt\/\" target=\"_blank\" rel=\"noopener\">MIGUEL VIEIRA<\/a>\u00a0 con tejido de\u00a0<a href=\"https:\/\/www.somelos.pt\/\" target=\"_blank\" rel=\"noopener\">SOMELOS<\/a>, que combina el poli\u00e9ster Seaqual con un algod\u00f3n de fibra larga. Seaqual se elabora reciclando el pl\u00e1stico recogido del fondo del mar. La cadena de suministro tiene lugar en un \u00e1rea geogr\u00e1fica restringida, lo que reduce el impacto ambiental.<\/p>\n                                        <\/div>\n                                                                                                                                            <\/div>\n                                            <\/div>\n        <\/div>\n    <\/section>\n    \n\n    <section id=\"media-block_e7665d5275de7577a53f8815f2760dda\" class=\"section position-relative gp-block gp-media pt-0 pb-0\">\n        <div class=\"container\">\n            <div class=\"row g-0\">\n                <div class=\"col-lg-12 content\" data-aos=\"fade-in\" data-aos-duration=\"1000\">\n                                                                            <\/div>\n            <\/div>\n            <div class=\"row g-0\">\n                <div class=\"col-lg-6 \">\n                                                                                                                                                <figure class=\"mb-4 pt-lg-5 mb-lg-10 ps-lg-0 pe-lg-5\" data-aos=\"fade-up\" data-aos-duration=\"1000\"><div class=\"img-container\"><img loading=\"lazy\" decoding=\"async\" width=\"1920\" height=\"1425\" src=\"https:\/\/luxiders.com\/content\/uploads\/Fashion-Story-Dawn-of-a-New-Age-Porto_3.jpg\" class=\"img-fluid w-100\" alt=\"Fashion-Story-Dawn-of-a-New-Age-Porto\" srcset=\"https:\/\/luxiders.com\/content\/uploads\/Fashion-Story-Dawn-of-a-New-Age-Porto_3.jpg 1920w, https:\/\/luxiders.com\/content\/uploads\/Fashion-Story-Dawn-of-a-New-Age-Porto_3-300x223.jpg 300w, https:\/\/luxiders.com\/content\/uploads\/Fashion-Story-Dawn-of-a-New-Age-Porto_3-1024x760.jpg 1024w, https:\/\/luxiders.com\/content\/uploads\/Fashion-Story-Dawn-of-a-New-Age-Porto_3-768x570.jpg 768w, https:\/\/luxiders.com\/content\/uploads\/Fashion-Story-Dawn-of-a-New-Age-Porto_3-1536x1140.jpg 1536w\" sizes=\"(max-width: 1920px) 100vw, 1920px\" \/><\/div><\/figure>                                                                                                                                                            <figure class=\"mb-4 pt-lg-5 mb-lg-5 ps-lg-6 pe-lg-8\" data-aos=\"fade-up\" data-aos-duration=\"1000\"><div class=\"img-container\"><img loading=\"lazy\" decoding=\"async\" width=\"1330\" height=\"1995\" src=\"https:\/\/luxiders.com\/content\/uploads\/Fashion-Story-Dawn-of-a-New-Age-Porto_5.jpg\" class=\"img-fluid w-100\" alt=\"Fashion-Story-Dawn-of-a-New-Age-Porto\" srcset=\"https:\/\/luxiders.com\/content\/uploads\/Fashion-Story-Dawn-of-a-New-Age-Porto_5.jpg 1330w, https:\/\/luxiders.com\/content\/uploads\/Fashion-Story-Dawn-of-a-New-Age-Porto_5-200x300.jpg 200w, https:\/\/luxiders.com\/content\/uploads\/Fashion-Story-Dawn-of-a-New-Age-Porto_5-683x1024.jpg 683w, https:\/\/luxiders.com\/content\/uploads\/Fashion-Story-Dawn-of-a-New-Age-Porto_5-768x1152.jpg 768w, https:\/\/luxiders.com\/content\/uploads\/Fashion-Story-Dawn-of-a-New-Age-Porto_5-1024x1536.jpg 1024w\" sizes=\"(max-width: 1330px) 100vw, 1330px\" \/><\/div><\/figure>                                                                                            <\/div>\n                                    <div class=\"col-lg-6\">\n                                                                                                                                                        <figure class=\"mb-4 pt-lg-7 mb-lg-5 ps-lg-5 pe-lg-8\" data-aos=\"fade-up\" data-aos-duration=\"1000\"><div class=\"img-container\"><img loading=\"lazy\" decoding=\"async\" width=\"1330\" height=\"1995\" src=\"https:\/\/luxiders.com\/content\/uploads\/Fashion-Story-Dawn-of-a-New-Age-Porto_4.jpg\" class=\"img-fluid w-100\" alt=\"Fashion-Story-Dawn-of-a-New-Age-Porto\" srcset=\"https:\/\/luxiders.com\/content\/uploads\/Fashion-Story-Dawn-of-a-New-Age-Porto_4.jpg 1330w, https:\/\/luxiders.com\/content\/uploads\/Fashion-Story-Dawn-of-a-New-Age-Porto_4-200x300.jpg 200w, https:\/\/luxiders.com\/content\/uploads\/Fashion-Story-Dawn-of-a-New-Age-Porto_4-683x1024.jpg 683w, https:\/\/luxiders.com\/content\/uploads\/Fashion-Story-Dawn-of-a-New-Age-Porto_4-768x1152.jpg 768w, https:\/\/luxiders.com\/content\/uploads\/Fashion-Story-Dawn-of-a-New-Age-Porto_4-1024x1536.jpg 1024w\" sizes=\"(max-width: 1330px) 100vw, 1330px\" \/><\/div><\/figure>                                                                                                                                                                <figure class=\"mb-4 pt-lg-5 mb-lg-3 ps-lg-3 pe-lg-5\" data-aos=\"fade-up\" data-aos-duration=\"1000\"><div class=\"img-container\"><img loading=\"lazy\" decoding=\"async\" width=\"1330\" height=\"1995\" src=\"https:\/\/luxiders.com\/content\/uploads\/Fashion-Story-Dawn-of-a-New-Age-Porto_6.jpg\" class=\"img-fluid w-100\" alt=\"Fashion-Story-Dawn-of-a-New-Age-Porto\" srcset=\"https:\/\/luxiders.com\/content\/uploads\/Fashion-Story-Dawn-of-a-New-Age-Porto_6.jpg 1330w, https:\/\/luxiders.com\/content\/uploads\/Fashion-Story-Dawn-of-a-New-Age-Porto_6-200x300.jpg 200w, https:\/\/luxiders.com\/content\/uploads\/Fashion-Story-Dawn-of-a-New-Age-Porto_6-683x1024.jpg 683w, https:\/\/luxiders.com\/content\/uploads\/Fashion-Story-Dawn-of-a-New-Age-Porto_6-768x1152.jpg 768w, https:\/\/luxiders.com\/content\/uploads\/Fashion-Story-Dawn-of-a-New-Age-Porto_6-1024x1536.jpg 1024w\" sizes=\"(max-width: 1330px) 100vw, 1330px\" \/><\/div><\/figure>                                                                                                                                                                                                        <div class=\"text pt-lg-3 mb-lg-5 ps-lg-3 pe-lg-5\" data-aos=\"fade-in\" data-aos-duration=\"1000\">\n                                            <p>Prenda creada por DAVII con un tejido de punto de doble cara invertida producido con una mezcla de fibras ecol\u00f3gicas por\u00a0<a href=\"http:\/\/joaps.pt\/\" target=\"_blank\" rel=\"noopener\">JOAPS<\/a>. El tejido de punto fue producido con fibras naturales y dise\u00f1ado para aprovechar sus propiedades naturales.<\/p>\n                                        <\/div>\n                                                                                                                                            <\/div>\n                                            <\/div>\n        <\/div>\n    <\/section>\n    \n\n    <section id=\"media-block_1209ecfde063e26fa66a9b0920cdf55c\" class=\"section position-relative gp-block gp-media pt-0 pb-0\">\n        <div class=\"container\">\n            <div class=\"row g-0\">\n                <div class=\"col-lg-12 content\" data-aos=\"fade-in\" data-aos-duration=\"1000\">\n                                                                            <\/div>\n            <\/div>\n            <div class=\"row g-0\">\n                <div class=\"col-lg-6 \">\n                                                                                                                                                <figure class=\"mb-4 pt-lg-10 mb-lg-5 ps-lg-0 pe-lg-5\" data-aos=\"fade-up\" data-aos-duration=\"1000\"><div class=\"img-container\"><img loading=\"lazy\" decoding=\"async\" width=\"1330\" height=\"1995\" src=\"https:\/\/luxiders.com\/content\/uploads\/Fashion-Story-Dawn-of-a-New-Age-Porto_7.jpg\" class=\"img-fluid w-100\" alt=\"Fashion-Story-Dawn-of-a-New-Age-Porto\" srcset=\"https:\/\/luxiders.com\/content\/uploads\/Fashion-Story-Dawn-of-a-New-Age-Porto_7.jpg 1330w, https:\/\/luxiders.com\/content\/uploads\/Fashion-Story-Dawn-of-a-New-Age-Porto_7-200x300.jpg 200w, https:\/\/luxiders.com\/content\/uploads\/Fashion-Story-Dawn-of-a-New-Age-Porto_7-683x1024.jpg 683w, https:\/\/luxiders.com\/content\/uploads\/Fashion-Story-Dawn-of-a-New-Age-Porto_7-768x1152.jpg 768w, https:\/\/luxiders.com\/content\/uploads\/Fashion-Story-Dawn-of-a-New-Age-Porto_7-1024x1536.jpg 1024w\" sizes=\"(max-width: 1330px) 100vw, 1330px\" \/><\/div><\/figure>                                                                                            <\/div>\n                                    <div class=\"col-lg-6\">\n                                                                                                                                                        <figure class=\"mb-4 pt-lg-5 mb-lg-5 ps-lg-9 pe-lg-8\" data-aos=\"fade-up\" data-aos-duration=\"1000\"><div class=\"img-container\"><img loading=\"lazy\" decoding=\"async\" width=\"1330\" height=\"1995\" src=\"https:\/\/luxiders.com\/content\/uploads\/Fashion-Story-Dawn-of-a-New-Age-Porto_8.jpg\" class=\"img-fluid w-100\" alt=\"Fashion-Story-Dawn-of-a-New-Age-Porto\" srcset=\"https:\/\/luxiders.com\/content\/uploads\/Fashion-Story-Dawn-of-a-New-Age-Porto_8.jpg 1330w, https:\/\/luxiders.com\/content\/uploads\/Fashion-Story-Dawn-of-a-New-Age-Porto_8-200x300.jpg 200w, https:\/\/luxiders.com\/content\/uploads\/Fashion-Story-Dawn-of-a-New-Age-Porto_8-683x1024.jpg 683w, https:\/\/luxiders.com\/content\/uploads\/Fashion-Story-Dawn-of-a-New-Age-Porto_8-768x1152.jpg 768w, https:\/\/luxiders.com\/content\/uploads\/Fashion-Story-Dawn-of-a-New-Age-Porto_8-1024x1536.jpg 1024w\" sizes=\"(max-width: 1330px) 100vw, 1330px\" \/><\/div><\/figure>                                                                                                                                                                <figure class=\"mb-4 pt-lg-5 mb-lg-3 ps-lg-7 pe-lg-10\" data-aos=\"fade-up\" data-aos-duration=\"1000\"><div class=\"img-container\"><img loading=\"lazy\" decoding=\"async\" width=\"1330\" height=\"1995\" src=\"https:\/\/luxiders.com\/content\/uploads\/Fashion-Story-Dawn-of-a-New-Age-Porto_9.jpg\" class=\"img-fluid w-100\" alt=\"Fashion-Story-Dawn-of-a-New-Age-Porto\" srcset=\"https:\/\/luxiders.com\/content\/uploads\/Fashion-Story-Dawn-of-a-New-Age-Porto_9.jpg 1330w, https:\/\/luxiders.com\/content\/uploads\/Fashion-Story-Dawn-of-a-New-Age-Porto_9-200x300.jpg 200w, https:\/\/luxiders.com\/content\/uploads\/Fashion-Story-Dawn-of-a-New-Age-Porto_9-683x1024.jpg 683w, https:\/\/luxiders.com\/content\/uploads\/Fashion-Story-Dawn-of-a-New-Age-Porto_9-768x1152.jpg 768w, https:\/\/luxiders.com\/content\/uploads\/Fashion-Story-Dawn-of-a-New-Age-Porto_9-1024x1536.jpg 1024w\" sizes=\"(max-width: 1330px) 100vw, 1330px\" \/><\/div><\/figure>                                                                                                                                                                                                        <div class=\"text pt-lg-3 mb-lg-5 ps-lg-7 pe-lg-10\" data-aos=\"fade-in\" data-aos-duration=\"1000\">\n                                            <p style=\"text-align: center;\">Prenda creada por\u00a0<a href=\"https:\/\/goncalopeixoto.com\/\" target=\"_blank\" rel=\"noopener\">GON\u00c7ALO PEIXOTO<\/a>\u00a0con un tejido de punto en lino 100% org\u00e1nico elaborado por\u00a0<a href=\"http:\/\/joaps.pt\/\" target=\"_blank\" rel=\"noopener\">JOAPS<\/a>, una fibra natural obtenida bajo los est\u00e1ndares dignos de la producci\u00f3n org\u00e1nica.<\/p>\n                                        <\/div>\n                                                                                                                                            <\/div>\n                                            <\/div>\n        <\/div>\n    <\/section>\n    \n\n    <section id=\"media-block_4a4a3aa52fb7465d35d7b8311164cfca\" class=\"section position-relative gp-block gp-media pt-0 pb-0\">\n        <div class=\"container\">\n            <div class=\"row g-0\">\n                <div class=\"col-lg-12 content\" data-aos=\"fade-in\" data-aos-duration=\"1000\">\n                                                                            <\/div>\n            <\/div>\n            <div class=\"row g-0\">\n                <div class=\"col-lg-6 \">\n                                                                                                                                                <figure class=\"mb-4 pt-lg-0 mb-lg-3 ps-lg-10 pe-lg-0\" data-aos=\"fade-up\" data-aos-duration=\"1000\"><div class=\"img-container\"><img loading=\"lazy\" decoding=\"async\" width=\"1330\" height=\"1995\" src=\"https:\/\/luxiders.com\/content\/uploads\/Fashion-Story-Dawn-of-a-New-Age-Porto_10.jpg\" class=\"img-fluid w-100\" alt=\"Fashion-Story-Dawn-of-a-New-Age-Porto\" srcset=\"https:\/\/luxiders.com\/content\/uploads\/Fashion-Story-Dawn-of-a-New-Age-Porto_10.jpg 1330w, https:\/\/luxiders.com\/content\/uploads\/Fashion-Story-Dawn-of-a-New-Age-Porto_10-200x300.jpg 200w, https:\/\/luxiders.com\/content\/uploads\/Fashion-Story-Dawn-of-a-New-Age-Porto_10-683x1024.jpg 683w, https:\/\/luxiders.com\/content\/uploads\/Fashion-Story-Dawn-of-a-New-Age-Porto_10-768x1152.jpg 768w, https:\/\/luxiders.com\/content\/uploads\/Fashion-Story-Dawn-of-a-New-Age-Porto_10-1024x1536.jpg 1024w\" sizes=\"(max-width: 1330px) 100vw, 1330px\" \/><\/div><\/figure>                                                                                                                                                                                                    <div class=\"text pt-lg-3 mb-lg-5 ps-lg-10 pe-lg-0\" data-aos=\"fade-in\" data-aos-duration=\"1000\">\n                                            <p>Vestido realizado con desechos de la producci\u00f3n de moda, utilizando procesos artesanales \u00fanicos. Ha sido dise\u00f1ado por\u00a0<a href=\"https:\/\/www.pedechumbo.pt\/\" target=\"_blank\" rel=\"noopener\">P\u00c9 DE CHUMBO<\/a>\u00a0con desechos industriales, como desechos del proceso de corte, hilos y restos de tela y otros recursos no utilizados por el proceso textil industrial.<\/p>\n                                        <\/div>\n                                                                                                                                <\/div>\n                                    <div class=\"col-lg-6\">\n                                                                                                                                                                                                                                                                <\/div>\n                                            <\/div>\n        <\/div>\n    <\/section>\n    \n\n    <section id=\"media-block_21354ab4140c2fb37aed8366c61a46cb\" class=\"section position-relative gp-block gp-media pt-0 pb-0\">\n        <div class=\"container\">\n            <div class=\"row g-0\">\n                <div class=\"col-lg-12 content\" data-aos=\"fade-in\" data-aos-duration=\"1000\">\n                                                                            <\/div>\n            <\/div>\n            <div class=\"row g-0\">\n                <div class=\"col-lg-6 \">\n                                                                                                                                                <figure class=\"mb-4 pt-lg-8 mb-lg-3 ps-lg-8 pe-lg-5\" data-aos=\"fade-up\" data-aos-duration=\"1000\"><div class=\"img-container\"><img loading=\"lazy\" decoding=\"async\" width=\"1330\" height=\"1995\" src=\"https:\/\/luxiders.com\/content\/uploads\/Fashion-Story-Dawn-of-a-New-Age-Porto_11.jpg\" class=\"img-fluid w-100\" alt=\"Fashion-Story-Dawn-of-a-New-Age-Porto\" srcset=\"https:\/\/luxiders.com\/content\/uploads\/Fashion-Story-Dawn-of-a-New-Age-Porto_11.jpg 1330w, https:\/\/luxiders.com\/content\/uploads\/Fashion-Story-Dawn-of-a-New-Age-Porto_11-200x300.jpg 200w, https:\/\/luxiders.com\/content\/uploads\/Fashion-Story-Dawn-of-a-New-Age-Porto_11-683x1024.jpg 683w, https:\/\/luxiders.com\/content\/uploads\/Fashion-Story-Dawn-of-a-New-Age-Porto_11-768x1152.jpg 768w, https:\/\/luxiders.com\/content\/uploads\/Fashion-Story-Dawn-of-a-New-Age-Porto_11-1024x1536.jpg 1024w\" sizes=\"(max-width: 1330px) 100vw, 1330px\" \/><\/div><\/figure>                                                                                                                                                                                                    <div class=\"text pt-lg-3 mb-lg-5 ps-lg-8 pe-lg-5\" data-aos=\"fade-in\" data-aos-duration=\"1000\">\n                                            <p>Vestido dise\u00f1ado por\u00a0<a href=\"https:\/\/www.nunobaltazar.com\/\" target=\"_blank\" rel=\"noopener\">NUNO BALTAZAR<\/a>\u00a0para\u00a0<a href=\"https:\/\/www.riopele.pt\/\" target=\"_blank\" rel=\"noopener\">RIOPELE<\/a>\u00a0con telas de la segunda generaci\u00f3n de Tenowa &#8211; El renacimiento de los textiles. Esta pieza incorpora el concepto de econom\u00eda circular, utilizando un filamento continuo en fibra celul\u00f3sica, para producir un sat\u00e9n fluido y lujoso hecho de una materia prima reciclada r\u00fastica (residuos generados en la industria textil y restos de tela), te\u00f1idos en un proceso sostenible con bajo consumo de agua.<\/p>\n                                        <\/div>\n                                                                                                                                <\/div>\n                                    <div class=\"col-lg-6\">\n                                                                                                                                                        <figure class=\"mb-4 pt-lg-5 mb-lg-3 ps-lg-5 pe-lg-0\" data-aos=\"fade-up\" data-aos-duration=\"1000\"><div class=\"img-container\"><img loading=\"lazy\" decoding=\"async\" width=\"1200\" height=\"1800\" src=\"https:\/\/luxiders.com\/content\/uploads\/Fashion-Story-Dawn-of-a-New-Age-Porto_12.jpg\" class=\"img-fluid w-100\" alt=\"Fashion-Story-Dawn-of-a-New-Age-Porto\" srcset=\"https:\/\/luxiders.com\/content\/uploads\/Fashion-Story-Dawn-of-a-New-Age-Porto_12.jpg 1200w, https:\/\/luxiders.com\/content\/uploads\/Fashion-Story-Dawn-of-a-New-Age-Porto_12-200x300.jpg 200w, https:\/\/luxiders.com\/content\/uploads\/Fashion-Story-Dawn-of-a-New-Age-Porto_12-683x1024.jpg 683w, https:\/\/luxiders.com\/content\/uploads\/Fashion-Story-Dawn-of-a-New-Age-Porto_12-768x1152.jpg 768w, https:\/\/luxiders.com\/content\/uploads\/Fashion-Story-Dawn-of-a-New-Age-Porto_12-1024x1536.jpg 1024w\" sizes=\"(max-width: 1200px) 100vw, 1200px\" \/><\/div><\/figure>                                                                                                                                                                                                        <div class=\"text pt-lg-3 mb-lg-5 ps-lg-5 pe-lg-0\" data-aos=\"fade-in\" data-aos-duration=\"1000\">\n                                            <p>Prenda de la colecci\u00f3n Gaya desarrollada por\u00a0<a href=\"https:\/\/www.scoop.pt\/\" target=\"_blank\" rel=\"noopener\">SCORECODE<\/a>\u00a0utilizando materiales almacenados durante a\u00f1os en la empresa (stock muerto), ya sea estructura textil o prendas finales. Con las prendas de la colecci\u00f3n Gaya, la vida \u00fatil de los recursos textiles existentes se extiende y, por lo tanto, se reduce el uso de recursos v\u00edrgenes.<\/p>\n                                        <\/div>\n                                                                                                                                            <\/div>\n                                            <\/div>\n        <\/div>\n    <\/section>\n    \n\n    <section id=\"media-block_d12a689ef68af6b7270b09b0f242ad84\" class=\"section position-relative gp-block gp-media pt-0 pb-0\">\n        <div class=\"container\">\n            <div class=\"row g-0\">\n                <div class=\"col-lg-12 content\" data-aos=\"fade-in\" data-aos-duration=\"1000\">\n                                                                            <\/div>\n            <\/div>\n            <div class=\"row g-0\">\n                <div class=\"col-lg-6 \">\n                                                                                                                                                <figure class=\"mb-4 pt-lg-8 mb-lg-3 ps-lg-8 pe-lg-0\" data-aos=\"fade-up\" data-aos-duration=\"1000\"><div class=\"img-container\"><img loading=\"lazy\" decoding=\"async\" width=\"512\" height=\"768\" src=\"https:\/\/luxiders.com\/content\/uploads\/Fashion-Story-Dawn-of-a-New-Age-Porto_13.jpg\" class=\"img-fluid w-100\" alt=\"Fashion-Story-Dawn-of-a-New-Age-Porto\" srcset=\"https:\/\/luxiders.com\/content\/uploads\/Fashion-Story-Dawn-of-a-New-Age-Porto_13.jpg 512w, https:\/\/luxiders.com\/content\/uploads\/Fashion-Story-Dawn-of-a-New-Age-Porto_13-200x300.jpg 200w\" sizes=\"(max-width: 512px) 100vw, 512px\" \/><\/div><\/figure>                                                                                                                                                                                                    <div class=\"text pt-lg-3 mb-lg-5 ps-lg-8 pe-lg-0\" data-aos=\"fade-in\" data-aos-duration=\"1000\">\n                                            <p>Vestido dise\u00f1ado por\u00a0<a href=\"https:\/\/www.pedechumbo.pt\/\" target=\"_blank\" rel=\"noopener\">PE DE CHUMBO<\/a>\u00a0con hilo producido con poli\u00e9ster Repreve mezclado con algod\u00f3n org\u00e1nico y fibra de Kapok naturalmente biodegradable, fabricado por la empresa\u00a0<a href=\"http:\/\/inovafil.pt\/\" target=\"_blank\" rel=\"noopener\">INOVAFIL<\/a>. El poli\u00e9ster Repreve se obtiene de botellas de pl\u00e1stico recicladas, que tienen asociado un sistema marcador: la tecnolog\u00eda FiberPrint que permite la trazabilidad de la fibra desde la materia prima hasta el producto terminado. Con el sistema marcador es posible identificar cu\u00e1ntas botellas de pl\u00e1stico se reciclaron en la producci\u00f3n de hilo, desde la fase de materia prima hasta el producto final.<\/p>\n                                        <\/div>\n                                                                                                                                <\/div>\n                                    <div class=\"col-lg-6\">\n                                                                                                                                                        <figure class=\"mb-4 pt-lg-5 mb-lg-5 ps-lg-6 pe-lg-10\" data-aos=\"fade-up\" data-aos-duration=\"1000\"><div class=\"img-container\"><img loading=\"lazy\" decoding=\"async\" width=\"1330\" height=\"1995\" src=\"https:\/\/luxiders.com\/content\/uploads\/Fashion-Story-Dawn-of-a-New-Age-Porto_14.jpg\" class=\"img-fluid w-100\" alt=\"Fashion-Story-Dawn-of-a-New-Age-Porto\" srcset=\"https:\/\/luxiders.com\/content\/uploads\/Fashion-Story-Dawn-of-a-New-Age-Porto_14.jpg 1330w, https:\/\/luxiders.com\/content\/uploads\/Fashion-Story-Dawn-of-a-New-Age-Porto_14-200x300.jpg 200w, https:\/\/luxiders.com\/content\/uploads\/Fashion-Story-Dawn-of-a-New-Age-Porto_14-683x1024.jpg 683w, https:\/\/luxiders.com\/content\/uploads\/Fashion-Story-Dawn-of-a-New-Age-Porto_14-768x1152.jpg 768w, https:\/\/luxiders.com\/content\/uploads\/Fashion-Story-Dawn-of-a-New-Age-Porto_14-1024x1536.jpg 1024w\" sizes=\"(max-width: 1330px) 100vw, 1330px\" \/><\/div><\/figure>                                                                                                        <\/div>\n                                            <\/div>\n        <\/div>\n    <\/section>\n    \n\n    <section id=\"media-block_2ad05872fe33ba7697b890f9799f9f4d\" class=\"section position-relative gp-block gp-media pt-0 pb-0\">\n        <div class=\"container\">\n            <div class=\"row g-0\">\n                <div class=\"col-lg-12 content\" data-aos=\"fade-in\" data-aos-duration=\"1000\">\n                                                                            <\/div>\n            <\/div>\n            <div class=\"row g-0\">\n                <div class=\"col-lg-12 img-scaled\">\n                                                                                                                                                <figure class=\"mb-4 pt-lg-5 mb-lg-5 ps-lg-0 pe-lg-0\" data-aos=\"fade-up\" data-aos-duration=\"1000\"><div class=\"img-container\"><img loading=\"lazy\" decoding=\"async\" width=\"1920\" height=\"1280\" src=\"https:\/\/luxiders.com\/content\/uploads\/Fashion-Story-Dawn-of-a-New-Age-Porto_15.jpg\" class=\"img-fluid w-100\" alt=\"Fashion-Story-Dawn-of-a-New-Age-Porto\" srcset=\"https:\/\/luxiders.com\/content\/uploads\/Fashion-Story-Dawn-of-a-New-Age-Porto_15.jpg 1920w, https:\/\/luxiders.com\/content\/uploads\/Fashion-Story-Dawn-of-a-New-Age-Porto_15-300x200.jpg 300w, https:\/\/luxiders.com\/content\/uploads\/Fashion-Story-Dawn-of-a-New-Age-Porto_15-1024x683.jpg 1024w, https:\/\/luxiders.com\/content\/uploads\/Fashion-Story-Dawn-of-a-New-Age-Porto_15-768x512.jpg 768w, https:\/\/luxiders.com\/content\/uploads\/Fashion-Story-Dawn-of-a-New-Age-Porto_15-1536x1024.jpg 1536w\" sizes=\"(max-width: 1920px) 100vw, 1920px\" \/><\/div><\/figure>                                                                                            <\/div>\n                                            <\/div>\n        <\/div>\n    <\/section>\n    \n\n    <section id=\"media-block_260a60f8700da38691ba6fba8936dd64\" class=\"section position-relative gp-block gp-media pt-0 pb-0\">\n        <div class=\"container\">\n            <div class=\"row g-0\">\n                <div class=\"col-lg-12 content\" data-aos=\"fade-in\" data-aos-duration=\"1000\">\n                                                                            <\/div>\n            <\/div>\n            <div class=\"row g-0\">\n                <div class=\"col-lg-12 img-scaled\">\n                                                                                                                                                <figure class=\"mb-4 pt-lg-5 mb-lg-3 ps-lg-0 pe-lg-0\" data-aos=\"fade-up\" data-aos-duration=\"1000\"><div class=\"img-container\"><img loading=\"lazy\" decoding=\"async\" width=\"1200\" height=\"1800\" src=\"https:\/\/luxiders.com\/content\/uploads\/Fashion-Story-Dawn-of-a-New-Age-Porto_16.jpg\" class=\"img-fluid w-100\" alt=\"Fashion-Story-Dawn-of-a-New-Age-Porto\" srcset=\"https:\/\/luxiders.com\/content\/uploads\/Fashion-Story-Dawn-of-a-New-Age-Porto_16.jpg 1200w, https:\/\/luxiders.com\/content\/uploads\/Fashion-Story-Dawn-of-a-New-Age-Porto_16-200x300.jpg 200w, https:\/\/luxiders.com\/content\/uploads\/Fashion-Story-Dawn-of-a-New-Age-Porto_16-683x1024.jpg 683w, https:\/\/luxiders.com\/content\/uploads\/Fashion-Story-Dawn-of-a-New-Age-Porto_16-768x1152.jpg 768w, https:\/\/luxiders.com\/content\/uploads\/Fashion-Story-Dawn-of-a-New-Age-Porto_16-1024x1536.jpg 1024w\" sizes=\"(max-width: 1200px) 100vw, 1200px\" \/><\/div><\/figure>                                                                                                                                                                                                    <div class=\"text pt-lg-3 mb-lg-5 ps-lg-5 pe-lg-5\" data-aos=\"fade-in\" data-aos-duration=\"1000\">\n                                            <p style=\"text-align: center;\">Vestido dise\u00f1ado por\u00a0<a href=\"https:\/\/joaorolo.pt\/\" target=\"_blank\" rel=\"noopener\">JOAO R\u00d4LO<\/a><b>\u00a0<\/b>con hilo de punto de\u00a0<a href=\"http:\/\/www.asampaio.com\/\" target=\"_blank\" rel=\"noopener\">A. SAMPAIO &amp; FILHOS<\/a>, que combina un hilo de poli\u00e9ster Seaqual en el lado interno con una lana merina org\u00e1nica por fuera para optimizar la gesti\u00f3n de la humedad. El poli\u00e9ster Seaqual se fabrica reciclando el pl\u00e1stico recogido del fondo del mar. La cadena de suministro tiene lugar en un \u00e1rea geogr\u00e1fica restringida, lo que reduce el impacto ambiental causado por el reciclaje del pl\u00e1stico recogido en el fondo del mar.<\/p>\n                                        <\/div>\n                                                                                                                                <\/div>\n                                            <\/div>\n        <\/div>\n    <\/section>\n    \n\n    <section id=\"textblock-block_e37b9ad91ee8923cb238191fb623dae6\" class=\"section position-relative gp-block gp-textblock pt-0 pb-0\">\n        <div class=\"container\">\n            <div class=\"row g-0\">\n                <div class=\"col-lg-12 content\" data-aos=\"fade-in\" data-aos-duration=\"1000\">\n                                                                                <p>&nbsp;<\/p>\n<p>&nbsp;<\/p>\n<h3 class=\"p1\" style=\"text-align: center;\"><span class=\"s1\">CR\u00c9DITOS<\/span><\/h3>\n<div class=\"layoutArea\">\n<div class=\"column\">\n<div class=\"page\" title=\"Page 1\">\n<div class=\"layoutArea\">\n<div class=\"column\">\n<p style=\"text-align: center;\">Creative Direction &amp; Production\u00a0<a href=\"https:\/\/www.instagram.com\/luxiders_magazine\/\" target=\"_blank\" rel=\"noopener noreferrer\">LUXIDERS<\/a><br \/>\nPhotography\u00a0<a href=\"https:\/\/www.instagram.com\/jens_wittwer\/\" target=\"_blank\" rel=\"noopener\">JENS WITTWER<\/a><a href=\"http:\/\/www.andrewgrauman.com\/\" target=\"_blank\" rel=\"noopener noreferrer\"><br \/>\n<\/a>Stylist\u00a0<a href=\"https:\/\/www.instagram.com\/belvis_soler\/\" target=\"_blank\" rel=\"noopener\">BELVIS SOLER<\/a><br \/>\nModels\u00a0<a href=\"https:\/\/www.instagram.com\/joana_ccastro\/\" target=\"_blank\" rel=\"noopener\">JOANA CASTRO<\/a>\u00a0@\u00a0<a href=\"https:\/\/www.instagram.com\/elite_lisbon\/\" target=\"_blank\" rel=\"noopener\">ELITE LISBON<\/a>\u00a0|\u00a0\u00a0<a href=\"https:\/\/www.instagram.com\/carlancamodel\/?hl=pt\">CARLA BELYTAH NCA MARCOS<\/a>\u00a0@\u00a0<a href=\"http:\/\/www.karacteragency.pt\/\" target=\"_blank\" rel=\"noopener\">KARACTER AGENCY<\/a><a href=\"http:\/\/www.musenyc.com\/\" target=\"_blank\" rel=\"noopener noreferrer\"><br \/>\n<\/a>Make Up Artist\u00a0\u00a0<a href=\"https:\/\/www.instagram.com\/ana_raquel_ribeiro\/?hl=pt\" target=\"_blank\" rel=\"noopener\">RAQUEL RIBEIRO<\/a><br \/>\nHair Stylist\u00a0<a href=\"http:\/\/www.zetaipa.com\/\" target=\"_blank\" rel=\"noopener\">Z\u00c9 CARLOS TAIPA<\/a><\/p>\n<p>&nbsp;<\/p>\n<\/div>\n<\/div>\n<\/div>\n<\/div>\n<\/div>\n                                                        <\/div>\n            <\/div>\n        <\/div>\n    <\/section>\n    ","protected":false},"excerpt":{"rendered":"","protected":false},"author":2,"featured_media":38468,"comment_status":"closed","ping_status":"closed","sticky":false,"template":"","format":"standard","meta":{"_acf_changed":false,"footnotes":""},"categories":[6840,130],"tags":[7280,7285,6842,7282,7283,6843,7247,2284,7284,7232,170,7217,7281],"class_list":{"0":"post-38352","1":"post","2":"type-post","3":"status-publish","4":"format-standard","5":"has-post-thumbnail","7":"category-editorials-es","8":"category-moda-sostenible-lujo","9":"tag-coleccion-deadstock","10":"tag-editorial-de-moda-oporto","11":"tag-fashion-editorial-es","12":"tag-fibras-naturales","13":"tag-lino-organico","14":"tag-luxiders-magazine-2-es","15":"tag-marcas-de-moda-ecologica","16":"tag-marcas-sostenibles","17":"tag-materiales-biodegradables","18":"tag-materiales-organicos","19":"tag-moda-sostenible-es","20":"tag-ropa-organica","21":"tag-tejido-de-punto"},"acf":[],"yoast_head":"<title>Fashion Story | Despertar de una nueva Era | Oporto - Luxiders Magazine<\/title>\n<meta name=\"description\" content=\"Este editorial de moda producido en Oporto muestra c\u00f3mo los textiles sostenibles est\u00e1n rompiendo la forma en que los mejores dise\u00f1adores de moda de Portugal est\u00e1n dise\u00f1ando moda. Conoce la historia detr\u00e1s de cada prenda...\" \/>\n<meta name=\"robots\" content=\"index, follow, max-snippet:-1, max-image-preview:large, max-video-preview:-1\" \/>\n<link rel=\"canonical\" href=\"https:\/\/luxiders.com\/es\/moda-sostenible-oporto\/\" \/>\n<meta property=\"og:locale\" content=\"es_ES\" \/>\n<meta property=\"og:type\" content=\"article\" \/>\n<meta property=\"og:title\" content=\"Fashion Story | Despertar de una nueva Era | Oporto - Luxiders Magazine\" \/>\n<meta property=\"og:description\" content=\"Este editorial de moda producido en Oporto muestra c\u00f3mo los textiles sostenibles est\u00e1n rompiendo la forma en que los mejores dise\u00f1adores de moda de Portugal est\u00e1n dise\u00f1ando moda. Conoce la historia detr\u00e1s de cada prenda...\" \/>\n<meta property=\"og:url\" content=\"https:\/\/luxiders.com\/es\/moda-sostenible-oporto\/\" \/>\n<meta property=\"og:site_name\" content=\"Sustainable Fashion - Eco Design - Healthy Lifestyle - Luxiders Magazine\" \/>\n<meta property=\"article:published_time\" content=\"2019-10-30T19:10:00+00:00\" \/>\n<meta property=\"article:modified_time\" content=\"2024-02-15T15:31:42+00:00\" \/>\n<meta property=\"og:image\" content=\"https:\/\/luxiders.com\/content\/uploads\/Fashion-Story-Dawn-of-a-New-Age-Porto_17-e1708008806454.jpg\" \/>\n\t<meta property=\"og:image:width\" content=\"1330\" \/>\n\t<meta property=\"og:image:height\" content=\"998\" \/>\n\t<meta property=\"og:image:type\" content=\"image\/jpeg\" \/>\n<meta name=\"author\" content=\"luxiders\" \/>\n<meta name=\"twitter:card\" content=\"summary_large_image\" \/>\n<meta name=\"twitter:label1\" content=\"Written by\" \/>\n\t<meta name=\"twitter:data1\" content=\"luxiders\" \/>\n\t<meta name=\"twitter:label2\" content=\"Est. reading time\" \/>\n\t<meta name=\"twitter:data2\" content=\"6 minutes\" \/>\n<script type=\"application\/ld+json\" class=\"yoast-schema-graph\">{\"@context\":\"https:\/\/schema.org\",\"@graph\":[{\"@type\":\"Article\",\"@id\":\"https:\/\/luxiders.com\/es\/moda-sostenible-oporto\/#article\",\"isPartOf\":{\"@id\":\"https:\/\/luxiders.com\/es\/moda-sostenible-oporto\/\"},\"author\":{\"name\":\"luxiders\",\"@id\":\"https:\/\/luxiders.com\/es\/#\/schema\/person\/8632fa702ae2ce98f66c396254633de8\"},\"headline\":\"Fashion Story | Despertar de una nueva Era | Oporto\",\"datePublished\":\"2019-10-30T19:10:00+00:00\",\"dateModified\":\"2024-02-15T15:31:42+00:00\",\"mainEntityOfPage\":{\"@id\":\"https:\/\/luxiders.com\/es\/moda-sostenible-oporto\/\"},\"wordCount\":8,\"publisher\":{\"@id\":\"https:\/\/luxiders.com\/es\/#organization\"},\"image\":{\"@id\":\"https:\/\/luxiders.com\/es\/moda-sostenible-oporto\/#primaryimage\"},\"thumbnailUrl\":\"https:\/\/luxiders.com\/content\/uploads\/Fashion-Story-Dawn-of-a-New-Age-Porto_17-e1708008806454.jpg\",\"keywords\":[\"colecci\u00f3n deadstock\",\"editorial de moda Oporto\",\"fashion editorial\",\"fibras naturales\",\"lino org\u00e1nico\",\"luxiders magazine\",\"marcas de moda ecol\u00f3gica\",\"marcas sostenibles\",\"materiales biodegradables\",\"materiales org\u00e1nicos\",\"moda sostenible\",\"ropa org\u00e1nica\",\"tejido de punto\"],\"articleSection\":[\"Editorials\",\"Moda\"],\"inLanguage\":\"es-ES\"},{\"@type\":\"WebPage\",\"@id\":\"https:\/\/luxiders.com\/es\/moda-sostenible-oporto\/\",\"url\":\"https:\/\/luxiders.com\/es\/moda-sostenible-oporto\/\",\"name\":\"Fashion Story | Despertar de una nueva Era | Oporto - Luxiders Magazine\",\"isPartOf\":{\"@id\":\"https:\/\/luxiders.com\/es\/#website\"},\"primaryImageOfPage\":{\"@id\":\"https:\/\/luxiders.com\/es\/moda-sostenible-oporto\/#primaryimage\"},\"image\":{\"@id\":\"https:\/\/luxiders.com\/es\/moda-sostenible-oporto\/#primaryimage\"},\"thumbnailUrl\":\"https:\/\/luxiders.com\/content\/uploads\/Fashion-Story-Dawn-of-a-New-Age-Porto_17-e1708008806454.jpg\",\"datePublished\":\"2019-10-30T19:10:00+00:00\",\"dateModified\":\"2024-02-15T15:31:42+00:00\",\"description\":\"Este editorial de moda producido en Oporto muestra c\u00f3mo los textiles sostenibles est\u00e1n rompiendo la forma en que los mejores dise\u00f1adores de moda de Portugal est\u00e1n dise\u00f1ando moda. Conoce la historia detr\u00e1s de cada prenda...\",\"breadcrumb\":{\"@id\":\"https:\/\/luxiders.com\/es\/moda-sostenible-oporto\/#breadcrumb\"},\"inLanguage\":\"es-ES\",\"potentialAction\":[{\"@type\":\"ReadAction\",\"target\":[\"https:\/\/luxiders.com\/es\/moda-sostenible-oporto\/\"]}]},{\"@type\":\"ImageObject\",\"inLanguage\":\"es-ES\",\"@id\":\"https:\/\/luxiders.com\/es\/moda-sostenible-oporto\/#primaryimage\",\"url\":\"https:\/\/luxiders.com\/content\/uploads\/Fashion-Story-Dawn-of-a-New-Age-Porto_17-e1708008806454.jpg\",\"contentUrl\":\"https:\/\/luxiders.com\/content\/uploads\/Fashion-Story-Dawn-of-a-New-Age-Porto_17-e1708008806454.jpg\",\"width\":1330,\"height\":998,\"caption\":\"Fashion-Story-Dawn-of-a-New-Age-Porto\"},{\"@type\":\"BreadcrumbList\",\"@id\":\"https:\/\/luxiders.com\/es\/moda-sostenible-oporto\/#breadcrumb\",\"itemListElement\":[{\"@type\":\"ListItem\",\"position\":1,\"name\":\"Startseite\",\"item\":\"https:\/\/luxiders.com\/es\/\"},{\"@type\":\"ListItem\",\"position\":2,\"name\":\"Moda\",\"item\":\"https:\/\/luxiders.com\/es\/category\/moda-sostenible-lujo\/\"},{\"@type\":\"ListItem\",\"position\":3,\"name\":\"Fashion Story | Despertar de una nueva Era | Oporto\"}]},{\"@type\":\"WebSite\",\"@id\":\"https:\/\/luxiders.com\/es\/#website\",\"url\":\"https:\/\/luxiders.com\/es\/\",\"name\":\"Sustainable Fashion - Eco Design - Healthy Lifestyle - Luxiders Magazine\",\"description\":\"Luxiders is a sustainable luxury magazine highlighting the best stories about sustainable fashion, ethical fashion, eco-friendly design, green design, sustainable travel, natural beauty, organic beauty and healthy lifestyle. Know the best high-end, progressive and luxury sustainable brands and designers worldwide.\",\"publisher\":{\"@id\":\"https:\/\/luxiders.com\/es\/#organization\"},\"potentialAction\":[{\"@type\":\"SearchAction\",\"target\":{\"@type\":\"EntryPoint\",\"urlTemplate\":\"https:\/\/luxiders.com\/es\/?s={search_term_string}\"},\"query-input\":{\"@type\":\"PropertyValueSpecification\",\"valueRequired\":true,\"valueName\":\"search_term_string\"}}],\"inLanguage\":\"es-ES\"},{\"@type\":\"Organization\",\"@id\":\"https:\/\/luxiders.com\/es\/#organization\",\"name\":\"Sustainable Fashion - Eco Design - Healthy Lifestyle - Luxiders Magazine\",\"url\":\"https:\/\/luxiders.com\/es\/\",\"logo\":{\"@type\":\"ImageObject\",\"inLanguage\":\"es-ES\",\"@id\":\"https:\/\/luxiders.com\/es\/#\/schema\/logo\/image\/\",\"url\":\"https:\/\/luxiders.com\/content\/uploads\/lux-logo.svg\",\"contentUrl\":\"https:\/\/luxiders.com\/content\/uploads\/lux-logo.svg\",\"caption\":\"Sustainable Fashion - Eco Design - Healthy Lifestyle - Luxiders Magazine\"},\"image\":{\"@id\":\"https:\/\/luxiders.com\/es\/#\/schema\/logo\/image\/\"}},{\"@type\":\"Person\",\"@id\":\"https:\/\/luxiders.com\/es\/#\/schema\/person\/8632fa702ae2ce98f66c396254633de8\",\"name\":\"luxiders\",\"url\":\"https:\/\/luxiders.com\/es\/author\/luxiders\/\"}]}<\/script>","yoast_head_json":{"title":"Fashion Story | Despertar de una nueva Era | Oporto - Luxiders Magazine","description":"Este editorial de moda producido en Oporto muestra c\u00f3mo los textiles sostenibles est\u00e1n rompiendo la forma en que los mejores dise\u00f1adores de moda de Portugal est\u00e1n dise\u00f1ando moda. Conoce la historia detr\u00e1s de cada prenda...","robots":{"index":"index","follow":"follow","max-snippet":"max-snippet:-1","max-image-preview":"max-image-preview:large","max-video-preview":"max-video-preview:-1"},"canonical":"https:\/\/luxiders.com\/es\/moda-sostenible-oporto\/","og_locale":"es_ES","og_type":"article","og_title":"Fashion Story | Despertar de una nueva Era | Oporto - Luxiders Magazine","og_description":"Este editorial de moda producido en Oporto muestra c\u00f3mo los textiles sostenibles est\u00e1n rompiendo la forma en que los mejores dise\u00f1adores de moda de Portugal est\u00e1n dise\u00f1ando moda. Conoce la historia detr\u00e1s de cada prenda...","og_url":"https:\/\/luxiders.com\/es\/moda-sostenible-oporto\/","og_site_name":"Sustainable Fashion - Eco Design - Healthy Lifestyle - Luxiders Magazine","article_published_time":"2019-10-30T19:10:00+00:00","article_modified_time":"2024-02-15T15:31:42+00:00","og_image":[{"width":1330,"height":998,"url":"https:\/\/luxiders.com\/content\/uploads\/Fashion-Story-Dawn-of-a-New-Age-Porto_17-e1708008806454.jpg","type":"image\/jpeg"}],"author":"luxiders","twitter_card":"summary_large_image","twitter_misc":{"Written by":"luxiders","Est. reading time":"6 minutes"},"schema":{"@context":"https:\/\/schema.org","@graph":[{"@type":"Article","@id":"https:\/\/luxiders.com\/es\/moda-sostenible-oporto\/#article","isPartOf":{"@id":"https:\/\/luxiders.com\/es\/moda-sostenible-oporto\/"},"author":{"name":"luxiders","@id":"https:\/\/luxiders.com\/es\/#\/schema\/person\/8632fa702ae2ce98f66c396254633de8"},"headline":"Fashion Story | Despertar de una nueva Era | Oporto","datePublished":"2019-10-30T19:10:00+00:00","dateModified":"2024-02-15T15:31:42+00:00","mainEntityOfPage":{"@id":"https:\/\/luxiders.com\/es\/moda-sostenible-oporto\/"},"wordCount":8,"publisher":{"@id":"https:\/\/luxiders.com\/es\/#organization"},"image":{"@id":"https:\/\/luxiders.com\/es\/moda-sostenible-oporto\/#primaryimage"},"thumbnailUrl":"https:\/\/luxiders.com\/content\/uploads\/Fashion-Story-Dawn-of-a-New-Age-Porto_17-e1708008806454.jpg","keywords":["colecci\u00f3n deadstock","editorial de moda Oporto","fashion editorial","fibras naturales","lino org\u00e1nico","luxiders magazine","marcas de moda ecol\u00f3gica","marcas sostenibles","materiales biodegradables","materiales org\u00e1nicos","moda sostenible","ropa org\u00e1nica","tejido de punto"],"articleSection":["Editorials","Moda"],"inLanguage":"es-ES"},{"@type":"WebPage","@id":"https:\/\/luxiders.com\/es\/moda-sostenible-oporto\/","url":"https:\/\/luxiders.com\/es\/moda-sostenible-oporto\/","name":"Fashion Story | Despertar de una nueva Era | Oporto - Luxiders Magazine","isPartOf":{"@id":"https:\/\/luxiders.com\/es\/#website"},"primaryImageOfPage":{"@id":"https:\/\/luxiders.com\/es\/moda-sostenible-oporto\/#primaryimage"},"image":{"@id":"https:\/\/luxiders.com\/es\/moda-sostenible-oporto\/#primaryimage"},"thumbnailUrl":"https:\/\/luxiders.com\/content\/uploads\/Fashion-Story-Dawn-of-a-New-Age-Porto_17-e1708008806454.jpg","datePublished":"2019-10-30T19:10:00+00:00","dateModified":"2024-02-15T15:31:42+00:00","description":"Este editorial de moda producido en Oporto muestra c\u00f3mo los textiles sostenibles est\u00e1n rompiendo la forma en que los mejores dise\u00f1adores de moda de Portugal est\u00e1n dise\u00f1ando moda. Conoce la historia detr\u00e1s de cada prenda...","breadcrumb":{"@id":"https:\/\/luxiders.com\/es\/moda-sostenible-oporto\/#breadcrumb"},"inLanguage":"es-ES","potentialAction":[{"@type":"ReadAction","target":["https:\/\/luxiders.com\/es\/moda-sostenible-oporto\/"]}]},{"@type":"ImageObject","inLanguage":"es-ES","@id":"https:\/\/luxiders.com\/es\/moda-sostenible-oporto\/#primaryimage","url":"https:\/\/luxiders.com\/content\/uploads\/Fashion-Story-Dawn-of-a-New-Age-Porto_17-e1708008806454.jpg","contentUrl":"https:\/\/luxiders.com\/content\/uploads\/Fashion-Story-Dawn-of-a-New-Age-Porto_17-e1708008806454.jpg","width":1330,"height":998,"caption":"Fashion-Story-Dawn-of-a-New-Age-Porto"},{"@type":"BreadcrumbList","@id":"https:\/\/luxiders.com\/es\/moda-sostenible-oporto\/#breadcrumb","itemListElement":[{"@type":"ListItem","position":1,"name":"Startseite","item":"https:\/\/luxiders.com\/es\/"},{"@type":"ListItem","position":2,"name":"Moda","item":"https:\/\/luxiders.com\/es\/category\/moda-sostenible-lujo\/"},{"@type":"ListItem","position":3,"name":"Fashion Story | Despertar de una nueva Era | Oporto"}]},{"@type":"WebSite","@id":"https:\/\/luxiders.com\/es\/#website","url":"https:\/\/luxiders.com\/es\/","name":"Sustainable Fashion - Eco Design - Healthy Lifestyle - Luxiders Magazine","description":"Luxiders is a sustainable luxury magazine highlighting the best stories about sustainable fashion, ethical fashion, eco-friendly design, green design, sustainable travel, natural beauty, organic beauty and healthy lifestyle. Know the best high-end, progressive and luxury sustainable brands and designers worldwide.","publisher":{"@id":"https:\/\/luxiders.com\/es\/#organization"},"potentialAction":[{"@type":"SearchAction","target":{"@type":"EntryPoint","urlTemplate":"https:\/\/luxiders.com\/es\/?s={search_term_string}"},"query-input":{"@type":"PropertyValueSpecification","valueRequired":true,"valueName":"search_term_string"}}],"inLanguage":"es-ES"},{"@type":"Organization","@id":"https:\/\/luxiders.com\/es\/#organization","name":"Sustainable Fashion - Eco Design - Healthy Lifestyle - Luxiders Magazine","url":"https:\/\/luxiders.com\/es\/","logo":{"@type":"ImageObject","inLanguage":"es-ES","@id":"https:\/\/luxiders.com\/es\/#\/schema\/logo\/image\/","url":"https:\/\/luxiders.com\/content\/uploads\/lux-logo.svg","contentUrl":"https:\/\/luxiders.com\/content\/uploads\/lux-logo.svg","caption":"Sustainable Fashion - Eco Design - Healthy Lifestyle - Luxiders Magazine"},"image":{"@id":"https:\/\/luxiders.com\/es\/#\/schema\/logo\/image\/"}},{"@type":"Person","@id":"https:\/\/luxiders.com\/es\/#\/schema\/person\/8632fa702ae2ce98f66c396254633de8","name":"luxiders","url":"https:\/\/luxiders.com\/es\/author\/luxiders\/"}]}},"_links":{"self":[{"href":"https:\/\/luxiders.com\/es\/wp-json\/wp\/v2\/posts\/38352","targetHints":{"allow":["GET"]}}],"collection":[{"href":"https:\/\/luxiders.com\/es\/wp-json\/wp\/v2\/posts"}],"about":[{"href":"https:\/\/luxiders.com\/es\/wp-json\/wp\/v2\/types\/post"}],"author":[{"embeddable":true,"href":"https:\/\/luxiders.com\/es\/wp-json\/wp\/v2\/users\/2"}],"replies":[{"embeddable":true,"href":"https:\/\/luxiders.com\/es\/wp-json\/wp\/v2\/comments?post=38352"}],"version-history":[{"count":3,"href":"https:\/\/luxiders.com\/es\/wp-json\/wp\/v2\/posts\/38352\/revisions"}],"predecessor-version":[{"id":38493,"href":"https:\/\/luxiders.com\/es\/wp-json\/wp\/v2\/posts\/38352\/revisions\/38493"}],"wp:featuredmedia":[{"embeddable":true,"href":"https:\/\/luxiders.com\/es\/wp-json\/wp\/v2\/media\/38468"}],"wp:attachment":[{"href":"https:\/\/luxiders.com\/es\/wp-json\/wp\/v2\/media?parent=38352"}],"wp:term":[{"taxonomy":"category","embeddable":true,"href":"https:\/\/luxiders.com\/es\/wp-json\/wp\/v2\/categories?post=38352"},{"taxonomy":"post_tag","embeddable":true,"href":"https:\/\/luxiders.com\/es\/wp-json\/wp\/v2\/tags?post=38352"}],"curies":[{"name":"wp","href":"https:\/\/api.w.org\/{rel}","templated":true}]}}