{"id":40575,"date":"2018-09-12T15:51:00","date_gmt":"2018-09-12T13:51:00","guid":{"rendered":"http:\/\/luxiders.com.w01cc729.kasserver.com\/?p=40575"},"modified":"2024-02-23T17:34:41","modified_gmt":"2024-02-23T16:34:41","slug":"sustainable-street-style-real-color-madrid","status":"publish","type":"post","link":"https:\/\/luxiders.com\/es\/sustainable-street-style-real-color-madrid\/","title":{"rendered":"Sustainable Street Style * El color real * Madrid"},"content":{"rendered":"    <section id=\"textblock-block_2eb1edd35ca389fa8afc8562b16108c5\" class=\"section position-relative gp-block gp-textblock pt-0 pb-0\">\n        <div class=\"container\">\n            <div class=\"row g-0\">\n                <div class=\"col-lg-12 content\" data-aos=\"fade-in\" data-aos-duration=\"1000\">\n                                                                                    <div class=\"intro \">\n                            <p>&nbsp;<\/p>\n<div class=\"wrap mcb-wrap one valign-top clearfix\">\n<div class=\"mcb-wrap-inner\">\n<div class=\"column mcb-column three-fifth column_visual \">\n<div class=\"wrap mcb-wrap one valign-top clearfix\">\n<div class=\"mcb-wrap-inner\">\n<div class=\"column mcb-column three-fifth column_visual \">\n<p style=\"text-align: center;\">Soledad,<\/p>\n<p style=\"text-align: center;\">el origen y el final.<\/p>\n<p>&nbsp;<\/p>\n<p style=\"text-align: center;\">En medio del caos,<\/p>\n<p style=\"text-align: center;\">nuestro color real.<\/p>\n<p style=\"text-align: center;\">A trav\u00e9s de la utop\u00eda del progreso,<\/p>\n<p style=\"text-align: center;\">nuestro color real,<\/p>\n<p style=\"text-align: center;\">cortando el aire&#8230;<\/p>\n<p>&nbsp;<\/p>\n<p style=\"text-align: center;\">Como una especie de magia.<\/p>\n<p style=\"text-align: center;\"><strong><em>\u00a0<\/em><\/strong><\/p>\n<\/div>\n<div class=\"placeholder\"><\/div>\n<\/div>\n<\/div>\n<div class=\"wrap mcb-wrap one valign-top clearfix\">\n<div class=\"mcb-wrap-inner\">\n<div class=\"column mcb-column one column_visual \">\n<p style=\"text-align: right;\"><em>Este proyecto ha contado con el apoyo de<br \/>\n<a href=\"http:\/\/www.ifema.es\/momadmetropolis_06\/\" target=\"_blank\" rel=\"noopener\">MOMAD METR\u00d3POLIS<\/a><\/em><\/p>\n<\/div>\n<\/div>\n<\/div>\n<\/div>\n<\/div>\n<\/div>\n<div class=\"wrap mcb-wrap one valign-top clearfix\">\n<div class=\"mcb-wrap-inner\">\n<div class=\"column mcb-column one column_visual \"><\/div>\n<\/div>\n<\/div>\n                        <\/div>\n                                                                                                <\/div>\n            <\/div>\n        <\/div>\n    <\/section>\n    \n\n    <section id=\"newsletter-block_d998cc6960147084a9dabdf26ecf58dd\" class=\"section position-relative gp-block gp-newsletter pt-0 pb-0 my-5\">\n        <div class=\"container\">\n            <div class=\"row g-0 pt-4 pb-3\">\n                <div class=\"col-lg-12 content text-center border pt-3\" data-aos=\"fade-in\" data-aos-duration=\"1000\">\n                                            <p><em>Para recibir el Newsletter de Luxiders Magazine,\u00a0<a href=\"https:\/\/landing.mailerlite.com\/webforms\/landing\/w2a1t0\" target=\"_blank\" rel=\"noopener\">suscr\u00edbete aqu\u00ed<\/a><\/em><\/p>\n                                    <\/div>\n            <\/div>\n        <\/div>\n    <\/section>\n    \n\n    <section id=\"media-block_78db2c57ca27158dce5e22f0a5c28e19\" class=\"section position-relative gp-block gp-media pt-0 pb-0\">\n        <div class=\"container\">\n            <div class=\"row g-0\">\n                <div class=\"col-lg-12 content\" data-aos=\"fade-in\" data-aos-duration=\"1000\">\n                                                                            <\/div>\n            <\/div>\n            <div class=\"row g-0\">\n                <div class=\"col-lg-12 img-scaled\">\n                                                                                                                                                <figure class=\"mb-4 pt-lg-5 mb-lg-2 ps-lg-0 pe-lg-0\" data-aos=\"fade-up\" data-aos-duration=\"1000\"><div class=\"img-container\"><img loading=\"lazy\" decoding=\"async\" width=\"1200\" height=\"1800\" src=\"https:\/\/luxiders.com\/content\/uploads\/Sustainable-Street-Style-The-real-color-Madrid_1.jpg\" class=\"img-fluid w-100\" alt=\"Sustainable-Street-Style-The-real-color-Madrid\" srcset=\"https:\/\/luxiders.com\/content\/uploads\/Sustainable-Street-Style-The-real-color-Madrid_1.jpg 1200w, https:\/\/luxiders.com\/content\/uploads\/Sustainable-Street-Style-The-real-color-Madrid_1-200x300.jpg 200w, https:\/\/luxiders.com\/content\/uploads\/Sustainable-Street-Style-The-real-color-Madrid_1-683x1024.jpg 683w, https:\/\/luxiders.com\/content\/uploads\/Sustainable-Street-Style-The-real-color-Madrid_1-768x1152.jpg 768w, https:\/\/luxiders.com\/content\/uploads\/Sustainable-Street-Style-The-real-color-Madrid_1-1024x1536.jpg 1024w\" sizes=\"(max-width: 1200px) 100vw, 1200px\" \/><\/div><\/figure>                                                                                                                                                                                                    <div class=\"text pt-lg-2 mb-lg-5 ps-lg-10 pe-lg-10\" data-aos=\"fade-in\" data-aos-duration=\"1000\">\n                                            <p style=\"text-align: center;\">Diana lleva vestido drapeado Summer Sam de\u00a0<a href=\"http:\/\/www.biocracia.com\/\" target=\"_blank\" rel=\"noopener\"><strong>BIOCRACIA<\/strong>\u00a0y\u00a0<\/a>bolso Muscari de\u00a0<a href=\"https:\/\/www.araceligarciaillustration.com\/\" target=\"_blank\" rel=\"noopener\"><strong>ARACELI GARCIA ILLUSTRATION<\/strong><\/a>, a la venta en\u00a0<a href=\"http:\/\/thecircularproject.com\/\" target=\"_blank\" rel=\"noopener\"><strong>THE CIRCULAR PROJECT<\/strong><\/a>. Las sandalias Emma son de\u00a0<a href=\"https:\/\/suelashoes.com\/\" target=\"_blank\" rel=\"noopener\"><strong>SUELA SHOES<\/strong><\/a>.<\/p>\n                                        <\/div>\n                                                                                                                                <\/div>\n                                            <\/div>\n        <\/div>\n    <\/section>\n    \n\n    <section id=\"media-block_269cc9a313f5f14186dd9360d17f1382\" class=\"section position-relative gp-block gp-media pt-0 pb-0\">\n        <div class=\"container\">\n            <div class=\"row g-0\">\n                <div class=\"col-lg-12 content\" data-aos=\"fade-in\" data-aos-duration=\"1000\">\n                                                                            <\/div>\n            <\/div>\n            <div class=\"row g-0\">\n                <div class=\"col-lg-12 img-scaled\">\n                                                                                                                                                <figure class=\"mb-4 pt-lg-5 mb-lg-2 ps-lg-0 pe-lg-0\" data-aos=\"fade-up\" data-aos-duration=\"1000\"><div class=\"img-container\"><img loading=\"lazy\" decoding=\"async\" width=\"1200\" height=\"1765\" src=\"https:\/\/luxiders.com\/content\/uploads\/Sustainable-Street-Style-The-real-color-Madrid_2.jpg\" class=\"img-fluid w-100\" alt=\"Sustainable-Street-Style-The-real-color-Madrid\" srcset=\"https:\/\/luxiders.com\/content\/uploads\/Sustainable-Street-Style-The-real-color-Madrid_2.jpg 1200w, https:\/\/luxiders.com\/content\/uploads\/Sustainable-Street-Style-The-real-color-Madrid_2-204x300.jpg 204w, https:\/\/luxiders.com\/content\/uploads\/Sustainable-Street-Style-The-real-color-Madrid_2-696x1024.jpg 696w, https:\/\/luxiders.com\/content\/uploads\/Sustainable-Street-Style-The-real-color-Madrid_2-768x1130.jpg 768w, https:\/\/luxiders.com\/content\/uploads\/Sustainable-Street-Style-The-real-color-Madrid_2-1044x1536.jpg 1044w\" sizes=\"(max-width: 1200px) 100vw, 1200px\" \/><\/div><\/figure>                                                                                                                                                                                                    <div class=\"text pt-lg-2 mb-lg-5 ps-lg-10 pe-lg-10\" data-aos=\"fade-in\" data-aos-duration=\"1000\">\n                                            <p style=\"text-align: center;\">Vestido Mini de\u00a0<a href=\"https:\/\/www.inesdelacalzada.com\/\" target=\"_blank\" rel=\"noopener\"><strong>INES DE LA CALZADA<\/strong><\/a>. Es de lana 90% mohair color manzana tejida a mano. Las sneakers son fruto de la colaboraci\u00f3n de\u00a0<a href=\"http:\/\/www.veja-store.com\/\" target=\"_blank\" rel=\"noopener\"><strong>VEJA x OLIVER JEFFERS.<\/strong><\/a><\/p>\n                                        <\/div>\n                                                                                                                                <\/div>\n                                            <\/div>\n        <\/div>\n    <\/section>\n    \n\n    <section id=\"media-block_2d92b7324e23ffd521eaaa149a4cbdf4\" class=\"section position-relative gp-block gp-media pt-0 pb-0\">\n        <div class=\"container\">\n            <div class=\"row g-0\">\n                <div class=\"col-lg-12 content\" data-aos=\"fade-in\" data-aos-duration=\"1000\">\n                                                                            <\/div>\n            <\/div>\n            <div class=\"row g-0\">\n                <div class=\"col-lg-6 \">\n                                                                                                                                                <figure class=\"mb-4 pt-lg-10 mb-lg-2 ps-lg-10 pe-lg-8\" data-aos=\"fade-up\" data-aos-duration=\"1000\"><div class=\"img-container\"><img loading=\"lazy\" decoding=\"async\" width=\"1900\" height=\"1267\" src=\"https:\/\/luxiders.com\/content\/uploads\/Sustainable-Street-Style-The-real-color-Madrid_3.jpg\" class=\"img-fluid w-100\" alt=\"Sustainable-Street-Style-The-real-color-Madrid\" srcset=\"https:\/\/luxiders.com\/content\/uploads\/Sustainable-Street-Style-The-real-color-Madrid_3.jpg 1900w, https:\/\/luxiders.com\/content\/uploads\/Sustainable-Street-Style-The-real-color-Madrid_3-300x200.jpg 300w, https:\/\/luxiders.com\/content\/uploads\/Sustainable-Street-Style-The-real-color-Madrid_3-1024x683.jpg 1024w, https:\/\/luxiders.com\/content\/uploads\/Sustainable-Street-Style-The-real-color-Madrid_3-768x512.jpg 768w, https:\/\/luxiders.com\/content\/uploads\/Sustainable-Street-Style-The-real-color-Madrid_3-1536x1024.jpg 1536w\" sizes=\"(max-width: 1900px) 100vw, 1900px\" \/><\/div><\/figure>                                                                                            <\/div>\n                                    <div class=\"col-lg-6\">\n                                                                                                                                                        <figure class=\"mb-4 pt-lg-5 mb-lg-2 ps-lg-0 pe-lg-7\" data-aos=\"fade-up\" data-aos-duration=\"1000\"><div class=\"img-container\"><img loading=\"lazy\" decoding=\"async\" width=\"1200\" height=\"1800\" src=\"https:\/\/luxiders.com\/content\/uploads\/Sustainable-Street-Style-The-real-color-Madrid_4.jpg\" class=\"img-fluid w-100\" alt=\"Sustainable-Street-Style-The-real-color-Madrid\" srcset=\"https:\/\/luxiders.com\/content\/uploads\/Sustainable-Street-Style-The-real-color-Madrid_4.jpg 1200w, https:\/\/luxiders.com\/content\/uploads\/Sustainable-Street-Style-The-real-color-Madrid_4-200x300.jpg 200w, https:\/\/luxiders.com\/content\/uploads\/Sustainable-Street-Style-The-real-color-Madrid_4-683x1024.jpg 683w, https:\/\/luxiders.com\/content\/uploads\/Sustainable-Street-Style-The-real-color-Madrid_4-768x1152.jpg 768w, https:\/\/luxiders.com\/content\/uploads\/Sustainable-Street-Style-The-real-color-Madrid_4-1024x1536.jpg 1024w\" sizes=\"(max-width: 1200px) 100vw, 1200px\" \/><\/div><\/figure>                                                                                                        <\/div>\n                                            <\/div>\n        <\/div>\n    <\/section>\n    \n\n    <section id=\"textblock-block_899d837c799db08ae56c0298090269bd\" class=\"section position-relative gp-block gp-textblock pt-0 pb-0\">\n        <div class=\"container\">\n            <div class=\"row g-0\">\n                <div class=\"col-lg-12 content\" data-aos=\"fade-in\" data-aos-duration=\"1000\">\n                                                                                <p>&nbsp;<\/p>\n<p style=\"text-align: center;\">Esther viste top Niza de\u00a0<a href=\"https:\/\/www.maganbarcelona.eu\/\" target=\"_blank\" rel=\"noopener\"><strong>MAGAN BARCELONA<\/strong><\/a>. Es un chaleco fino de algod\u00f3n 100% org\u00e1nico con certificaci\u00f3n GOTS, disponible en 12 colores. Los pantalones son de\u00a0<a href=\"https:\/\/www.kingsofindigo.com\/\" target=\"_blank\" rel=\"noopener\"><strong>KINGS OF INDIGO<\/strong><\/a>.<\/p>\n<p>&nbsp;<\/p>\n                                                        <\/div>\n            <\/div>\n        <\/div>\n    <\/section>\n    \n\n    <section id=\"media-block_565d22c90e6f9f969445f35d3362cafc\" class=\"section position-relative gp-block gp-media pt-0 pb-0\">\n        <div class=\"container\">\n            <div class=\"row g-0\">\n                <div class=\"col-lg-12 content\" data-aos=\"fade-in\" data-aos-duration=\"1000\">\n                                                                            <\/div>\n            <\/div>\n            <div class=\"row g-0\">\n                <div class=\"col-lg-6 \">\n                                                                                                                                                <figure class=\"mb-4 pt-lg-5 mb-lg-2 ps-lg-7 pe-lg-0\" data-aos=\"fade-up\" data-aos-duration=\"1000\"><div class=\"img-container\"><img loading=\"lazy\" decoding=\"async\" width=\"1200\" height=\"1800\" src=\"https:\/\/luxiders.com\/content\/uploads\/Sustainable-Street-Style-The-real-color-Madrid_5.jpg\" class=\"img-fluid w-100\" alt=\"Sustainable-Street-Style-The-real-color-Madrid\" srcset=\"https:\/\/luxiders.com\/content\/uploads\/Sustainable-Street-Style-The-real-color-Madrid_5.jpg 1200w, https:\/\/luxiders.com\/content\/uploads\/Sustainable-Street-Style-The-real-color-Madrid_5-200x300.jpg 200w, https:\/\/luxiders.com\/content\/uploads\/Sustainable-Street-Style-The-real-color-Madrid_5-683x1024.jpg 683w, https:\/\/luxiders.com\/content\/uploads\/Sustainable-Street-Style-The-real-color-Madrid_5-768x1152.jpg 768w, https:\/\/luxiders.com\/content\/uploads\/Sustainable-Street-Style-The-real-color-Madrid_5-1024x1536.jpg 1024w\" sizes=\"(max-width: 1200px) 100vw, 1200px\" \/><\/div><\/figure>                                                                                            <\/div>\n                                    <div class=\"col-lg-6\">\n                                                                                                                                                        <figure class=\"mb-4 pt-lg-5 mb-lg-2 ps-lg-8 pe-lg-10\" data-aos=\"fade-up\" data-aos-duration=\"1000\"><div class=\"img-container\"><img loading=\"lazy\" decoding=\"async\" width=\"1200\" height=\"1800\" src=\"https:\/\/luxiders.com\/content\/uploads\/Sustainable-Street-Style-The-real-color-Madrid_6.jpg\" class=\"img-fluid w-100\" alt=\"Sustainable-Street-Style-The-real-color-Madrid\" srcset=\"https:\/\/luxiders.com\/content\/uploads\/Sustainable-Street-Style-The-real-color-Madrid_6.jpg 1200w, https:\/\/luxiders.com\/content\/uploads\/Sustainable-Street-Style-The-real-color-Madrid_6-200x300.jpg 200w, https:\/\/luxiders.com\/content\/uploads\/Sustainable-Street-Style-The-real-color-Madrid_6-683x1024.jpg 683w, https:\/\/luxiders.com\/content\/uploads\/Sustainable-Street-Style-The-real-color-Madrid_6-768x1152.jpg 768w, https:\/\/luxiders.com\/content\/uploads\/Sustainable-Street-Style-The-real-color-Madrid_6-1024x1536.jpg 1024w\" sizes=\"(max-width: 1200px) 100vw, 1200px\" \/><\/div><\/figure>                                                                                                        <\/div>\n                                            <\/div>\n        <\/div>\n    <\/section>\n    \n\n    <section id=\"textblock-block_4d05d7bce548836fe888876a481039f3\" class=\"section position-relative gp-block gp-textblock pt-0 pb-0\">\n        <div class=\"container\">\n            <div class=\"row g-0\">\n                <div class=\"col-lg-12 content\" data-aos=\"fade-in\" data-aos-duration=\"1000\">\n                                                                                <p>&nbsp;<\/p>\n<p style=\"text-align: center;\">\u00c1frica viste kimono Eco &#8220;Two in Blue&#8221; by\u00a0<a href=\"https:\/\/avasan.es\/\" target=\"_blank\" rel=\"noopener\"><strong>AVASAN<\/strong><\/a>. La tela procede de stocks de f\u00e1bricas espa\u00f1olas. Ha sido bordado a mano en Mosc\u00fa. Es una pieza \u00fanica. El top es un traje de ba\u00f1o de\u00a0<a href=\"https:\/\/www.koruswimwear.com\/\" target=\"_blank\" rel=\"noopener\"><strong>KORUSWIMWEAR<\/strong><\/a>. Los jeans son de\u00a0<a href=\"https:\/\/www.kingsofindigo.com\/\" target=\"_blank\" rel=\"noopener\"><strong>KINGS OF INDIGO<\/strong><\/a>.<\/p>\n<p>&nbsp;<\/p>\n                                                        <\/div>\n            <\/div>\n        <\/div>\n    <\/section>\n    \n\n    <section id=\"media-block_4de0c2f68dc57484d07b7ff21e8b86db\" class=\"section position-relative gp-block gp-media pt-0 pb-0\">\n        <div class=\"container\">\n            <div class=\"row g-0\">\n                <div class=\"col-lg-12 content\" data-aos=\"fade-in\" data-aos-duration=\"1000\">\n                                                                            <\/div>\n            <\/div>\n            <div class=\"row g-0\">\n                <div class=\"col-lg-12 img-scaled\">\n                                                                                                                                                <figure class=\"mb-4 pt-lg-5 mb-lg-3 ps-lg-0 pe-lg-0\" data-aos=\"fade-up\" data-aos-duration=\"1000\"><div class=\"img-container\"><img loading=\"lazy\" decoding=\"async\" width=\"1200\" height=\"1800\" src=\"https:\/\/luxiders.com\/content\/uploads\/Sustainable-Street-Style-The-real-color-Madrid_7.jpg\" class=\"img-fluid w-100\" alt=\"Sustainable-Street-Style-The-real-color-Madrid\" srcset=\"https:\/\/luxiders.com\/content\/uploads\/Sustainable-Street-Style-The-real-color-Madrid_7.jpg 1200w, https:\/\/luxiders.com\/content\/uploads\/Sustainable-Street-Style-The-real-color-Madrid_7-200x300.jpg 200w, https:\/\/luxiders.com\/content\/uploads\/Sustainable-Street-Style-The-real-color-Madrid_7-683x1024.jpg 683w, https:\/\/luxiders.com\/content\/uploads\/Sustainable-Street-Style-The-real-color-Madrid_7-768x1152.jpg 768w, https:\/\/luxiders.com\/content\/uploads\/Sustainable-Street-Style-The-real-color-Madrid_7-1024x1536.jpg 1024w\" sizes=\"(max-width: 1200px) 100vw, 1200px\" \/><\/div><\/figure>                                                                                                                                                            <figure class=\"mb-4 pt-lg-3 mb-lg-2 ps-lg-0 pe-lg-0\" data-aos=\"fade-up\" data-aos-duration=\"1000\"><div class=\"img-container\"><img loading=\"lazy\" decoding=\"async\" width=\"1200\" height=\"1800\" src=\"https:\/\/luxiders.com\/content\/uploads\/Sustainable-Street-Style-The-real-color-Madrid_8.jpg\" class=\"img-fluid w-100\" alt=\"Sustainable-Street-Style-The-real-color-Madrid\" srcset=\"https:\/\/luxiders.com\/content\/uploads\/Sustainable-Street-Style-The-real-color-Madrid_8.jpg 1200w, https:\/\/luxiders.com\/content\/uploads\/Sustainable-Street-Style-The-real-color-Madrid_8-200x300.jpg 200w, https:\/\/luxiders.com\/content\/uploads\/Sustainable-Street-Style-The-real-color-Madrid_8-683x1024.jpg 683w, https:\/\/luxiders.com\/content\/uploads\/Sustainable-Street-Style-The-real-color-Madrid_8-768x1152.jpg 768w, https:\/\/luxiders.com\/content\/uploads\/Sustainable-Street-Style-The-real-color-Madrid_8-1024x1536.jpg 1024w\" sizes=\"(max-width: 1200px) 100vw, 1200px\" \/><\/div><\/figure>                                                                                                                                                            <figure class=\"mb-4 pt-lg-3 mb-lg-2 ps-lg-0 pe-lg-0\" data-aos=\"fade-up\" data-aos-duration=\"1000\"><div class=\"img-container\"><img loading=\"lazy\" decoding=\"async\" width=\"1200\" height=\"1800\" src=\"https:\/\/luxiders.com\/content\/uploads\/Sustainable-Street-Style-The-real-color-Madrid_9.jpg\" class=\"img-fluid w-100\" alt=\"Sustainable-Street-Style-The-real-color-Madrid\" srcset=\"https:\/\/luxiders.com\/content\/uploads\/Sustainable-Street-Style-The-real-color-Madrid_9.jpg 1200w, https:\/\/luxiders.com\/content\/uploads\/Sustainable-Street-Style-The-real-color-Madrid_9-200x300.jpg 200w, https:\/\/luxiders.com\/content\/uploads\/Sustainable-Street-Style-The-real-color-Madrid_9-683x1024.jpg 683w, https:\/\/luxiders.com\/content\/uploads\/Sustainable-Street-Style-The-real-color-Madrid_9-768x1152.jpg 768w, https:\/\/luxiders.com\/content\/uploads\/Sustainable-Street-Style-The-real-color-Madrid_9-1024x1536.jpg 1024w\" sizes=\"(max-width: 1200px) 100vw, 1200px\" \/><\/div><\/figure>                                                                                                                                                                                                    <div class=\"text pt-lg-2 mb-lg-5 ps-lg-10 pe-lg-10\" data-aos=\"fade-in\" data-aos-duration=\"1000\">\n                                            <p style=\"text-align: center;\">Esther viste chaqueta Carol, realizada a mano por\u00a0<a href=\"https:\/\/sylviacalvobcn.com\/\" target=\"_blank\" rel=\"noopener\"><strong>SYLVIA CALVO BCN<\/strong><\/a>\u00a0y\u00a0vestido de\u00a0<strong><a href=\"http:\/\/greathical.net\/\" target=\"_blank\" rel=\"noopener\">GREATHICAL<\/a><\/strong>, bordado con na\u00f1unt\u00edes. Ambas prendas pueden adquirirse en\u00a0<a href=\"http:\/\/thecircularproject.com\/\" target=\"_blank\" rel=\"noopener\"><strong>THE CIRCULAR\u00a0PROJECT<\/strong><\/a>. Diana viste total look de\u00a0<strong><a href=\"https:\/\/sylviacalvobcn.com\/\" target=\"_blank\" rel=\"noopener\">SYLVIA CALVO BCN<\/a>.<\/strong><\/p>\n                                        <\/div>\n                                                                                                                                <\/div>\n                                            <\/div>\n        <\/div>\n    <\/section>\n    \n\n    <section id=\"media-block_37f4fa65a7303b746eed8084c2984bcd\" class=\"section position-relative gp-block gp-media pt-0 pb-0\">\n        <div class=\"container\">\n            <div class=\"row g-0\">\n                <div class=\"col-lg-12 content\" data-aos=\"fade-in\" data-aos-duration=\"1000\">\n                                                                            <\/div>\n            <\/div>\n            <div class=\"row g-0\">\n                <div class=\"col-lg-6 \">\n                                                                                                                                                <figure class=\"mb-4 pt-lg-10 mb-lg-2 ps-lg-7 pe-lg-0\" data-aos=\"fade-up\" data-aos-duration=\"1000\"><div class=\"img-container\"><img loading=\"lazy\" decoding=\"async\" width=\"1200\" height=\"1841\" src=\"https:\/\/luxiders.com\/content\/uploads\/Sustainable-Street-Style-The-real-color-Madrid_10.jpg\" class=\"img-fluid w-100\" alt=\"Sustainable-Street-Style-The-real-color-Madrid\" srcset=\"https:\/\/luxiders.com\/content\/uploads\/Sustainable-Street-Style-The-real-color-Madrid_10.jpg 1200w, https:\/\/luxiders.com\/content\/uploads\/Sustainable-Street-Style-The-real-color-Madrid_10-196x300.jpg 196w, https:\/\/luxiders.com\/content\/uploads\/Sustainable-Street-Style-The-real-color-Madrid_10-667x1024.jpg 667w, https:\/\/luxiders.com\/content\/uploads\/Sustainable-Street-Style-The-real-color-Madrid_10-768x1178.jpg 768w, https:\/\/luxiders.com\/content\/uploads\/Sustainable-Street-Style-The-real-color-Madrid_10-1001x1536.jpg 1001w\" sizes=\"(max-width: 1200px) 100vw, 1200px\" \/><\/div><\/figure>                                                                                            <\/div>\n                                    <div class=\"col-lg-6\">\n                                                                                                                                                        <figure class=\"mb-4 pt-lg-5 mb-lg-3 ps-lg-8 pe-lg-10\" data-aos=\"fade-up\" data-aos-duration=\"1000\"><div class=\"img-container\"><img loading=\"lazy\" decoding=\"async\" width=\"1200\" height=\"1800\" src=\"https:\/\/luxiders.com\/content\/uploads\/Sustainable-Street-Style-The-real-color-Madrid_11.jpg\" class=\"img-fluid w-100\" alt=\"Sustainable-Street-Style-The-real-color-Madrid\" srcset=\"https:\/\/luxiders.com\/content\/uploads\/Sustainable-Street-Style-The-real-color-Madrid_11.jpg 1200w, https:\/\/luxiders.com\/content\/uploads\/Sustainable-Street-Style-The-real-color-Madrid_11-200x300.jpg 200w, https:\/\/luxiders.com\/content\/uploads\/Sustainable-Street-Style-The-real-color-Madrid_11-683x1024.jpg 683w, https:\/\/luxiders.com\/content\/uploads\/Sustainable-Street-Style-The-real-color-Madrid_11-768x1152.jpg 768w, https:\/\/luxiders.com\/content\/uploads\/Sustainable-Street-Style-The-real-color-Madrid_11-1024x1536.jpg 1024w\" sizes=\"(max-width: 1200px) 100vw, 1200px\" \/><\/div><\/figure>                                                                                                                                                                <figure class=\"mb-4 pt-lg-3 mb-lg-2 ps-lg-8 pe-lg-10\" data-aos=\"fade-up\" data-aos-duration=\"1000\"><div class=\"img-container\"><img loading=\"lazy\" decoding=\"async\" width=\"1200\" height=\"1800\" src=\"https:\/\/luxiders.com\/content\/uploads\/Sustainable-Street-Style-The-real-color-Madrid_12.jpg\" class=\"img-fluid w-100\" alt=\"Sustainable-Street-Style-The-real-color-Madrid\" srcset=\"https:\/\/luxiders.com\/content\/uploads\/Sustainable-Street-Style-The-real-color-Madrid_12.jpg 1200w, https:\/\/luxiders.com\/content\/uploads\/Sustainable-Street-Style-The-real-color-Madrid_12-200x300.jpg 200w, https:\/\/luxiders.com\/content\/uploads\/Sustainable-Street-Style-The-real-color-Madrid_12-683x1024.jpg 683w, https:\/\/luxiders.com\/content\/uploads\/Sustainable-Street-Style-The-real-color-Madrid_12-768x1152.jpg 768w, https:\/\/luxiders.com\/content\/uploads\/Sustainable-Street-Style-The-real-color-Madrid_12-1024x1536.jpg 1024w\" sizes=\"(max-width: 1200px) 100vw, 1200px\" \/><\/div><\/figure>                                                                                                        <\/div>\n                                            <\/div>\n        <\/div>\n    <\/section>\n    \n\n    <section id=\"textblock-block_4d05d7bce548836fe888876a481039f3\" class=\"section position-relative gp-block gp-textblock pt-0 pb-0\">\n        <div class=\"container\">\n            <div class=\"row g-0\">\n                <div class=\"col-lg-12 content\" data-aos=\"fade-in\" data-aos-duration=\"1000\">\n                                                                                <p>&nbsp;<\/p>\n<p style=\"text-align: center;\">\u00c1frica viste kimono Eco &#8220;Two in Blue&#8221; by\u00a0<a href=\"https:\/\/avasan.es\/\" target=\"_blank\" rel=\"noopener\"><strong>AVASAN<\/strong><\/a>. La tela procede de stocks de f\u00e1bricas espa\u00f1olas. Ha sido bordado a mano en Mosc\u00fa. Es una pieza \u00fanica. El top es un traje de ba\u00f1o de\u00a0<a href=\"https:\/\/www.koruswimwear.com\/\" target=\"_blank\" rel=\"noopener\"><strong>KORUSWIMWEAR<\/strong><\/a>. Los jeans son de\u00a0<a href=\"https:\/\/www.kingsofindigo.com\/\" target=\"_blank\" rel=\"noopener\"><strong>KINGS OF INDIGO<\/strong><\/a>.<\/p>\n<p>&nbsp;<\/p>\n                                                        <\/div>\n            <\/div>\n        <\/div>\n    <\/section>\n    \n\n    <section id=\"media-block_53f414778b31656d9cb36f0f7dcf0fb1\" class=\"section position-relative gp-block gp-media pt-0 pb-0\">\n        <div class=\"container\">\n            <div class=\"row g-0\">\n                <div class=\"col-lg-12 content\" data-aos=\"fade-in\" data-aos-duration=\"1000\">\n                                                                            <\/div>\n            <\/div>\n            <div class=\"row g-0\">\n                <div class=\"col-lg-12 img-scaled\">\n                                                                                                                                                <figure class=\"mb-4 pt-lg-5 mb-lg-3 ps-lg-0 pe-lg-0\" data-aos=\"fade-up\" data-aos-duration=\"1000\"><div class=\"img-container\"><img loading=\"lazy\" decoding=\"async\" width=\"1200\" height=\"1734\" src=\"https:\/\/luxiders.com\/content\/uploads\/Sustainable-Street-Style-The-real-color-Madrid_13.jpg\" class=\"img-fluid w-100\" alt=\"Sustainable-Street-Style-The-real-color-Madrid\" srcset=\"https:\/\/luxiders.com\/content\/uploads\/Sustainable-Street-Style-The-real-color-Madrid_13.jpg 1200w, https:\/\/luxiders.com\/content\/uploads\/Sustainable-Street-Style-The-real-color-Madrid_13-208x300.jpg 208w, https:\/\/luxiders.com\/content\/uploads\/Sustainable-Street-Style-The-real-color-Madrid_13-709x1024.jpg 709w, https:\/\/luxiders.com\/content\/uploads\/Sustainable-Street-Style-The-real-color-Madrid_13-768x1110.jpg 768w, https:\/\/luxiders.com\/content\/uploads\/Sustainable-Street-Style-The-real-color-Madrid_13-1063x1536.jpg 1063w\" sizes=\"(max-width: 1200px) 100vw, 1200px\" \/><\/div><\/figure>                                                                                                                                                            <figure class=\"mb-4 pt-lg-3 mb-lg-2 ps-lg-0 pe-lg-0\" data-aos=\"fade-up\" data-aos-duration=\"1000\"><div class=\"img-container\"><img loading=\"lazy\" decoding=\"async\" width=\"1707\" height=\"2560\" src=\"https:\/\/luxiders.com\/content\/uploads\/Sustainable-Street-Style-The-real-color-Madrid_14-scaled.jpg\" class=\"img-fluid w-100\" alt=\"Sustainable-Street-Style-The-real-color-Madrid\" srcset=\"https:\/\/luxiders.com\/content\/uploads\/Sustainable-Street-Style-The-real-color-Madrid_14-scaled.jpg 1707w, https:\/\/luxiders.com\/content\/uploads\/Sustainable-Street-Style-The-real-color-Madrid_14-200x300.jpg 200w, https:\/\/luxiders.com\/content\/uploads\/Sustainable-Street-Style-The-real-color-Madrid_14-683x1024.jpg 683w, https:\/\/luxiders.com\/content\/uploads\/Sustainable-Street-Style-The-real-color-Madrid_14-768x1152.jpg 768w, https:\/\/luxiders.com\/content\/uploads\/Sustainable-Street-Style-The-real-color-Madrid_14-1024x1536.jpg 1024w, https:\/\/luxiders.com\/content\/uploads\/Sustainable-Street-Style-The-real-color-Madrid_14-1365x2048.jpg 1365w\" sizes=\"(max-width: 1707px) 100vw, 1707px\" \/><\/div><\/figure>                                                                                                                                                                                                    <div class=\"text pt-lg-2 mb-lg-5 ps-lg-10 pe-lg-10\" data-aos=\"fade-in\" data-aos-duration=\"1000\">\n                                            <p style=\"text-align: center;\">Africa lleva vestido de\u00a0<a href=\"https:\/\/marconeto6.wixsite.com\/dtalhes1\" target=\"_blank\" rel=\"noopener\"><strong>D\u00b4TALHES<\/strong><\/a>. Este vestido atemporal puede ser personalizado acoplando, mediante botones de coco, una sobrecapa te\u00f1ida a mano en color melocot\u00f3n. De esta manera, se puede cambiar la prenda al gusto de cada uno.<\/p>\n                                        <\/div>\n                                                                                                                                <\/div>\n                                            <\/div>\n        <\/div>\n    <\/section>\n    \n\n    <section id=\"media-block_6005e5999b7e2769646e1bab9f96f65d\" class=\"section position-relative gp-block gp-media pt-0 pb-0\">\n        <div class=\"container\">\n            <div class=\"row g-0\">\n                <div class=\"col-lg-12 content\" data-aos=\"fade-in\" data-aos-duration=\"1000\">\n                                                                            <\/div>\n            <\/div>\n            <div class=\"row g-0\">\n                <div class=\"col-lg-12 img-scaled\">\n                                                                                                                                                <figure class=\"mb-4 pt-lg-5 mb-lg-2 ps-lg-0 pe-lg-0\" data-aos=\"fade-up\" data-aos-duration=\"1000\"><div class=\"img-container\"><img loading=\"lazy\" decoding=\"async\" width=\"1200\" height=\"1800\" src=\"https:\/\/luxiders.com\/content\/uploads\/Sustainable-Street-Style-The-real-color-Madrid_15.jpg\" class=\"img-fluid w-100\" alt=\"Sustainable-Street-Style-The-real-color-Madrid\" srcset=\"https:\/\/luxiders.com\/content\/uploads\/Sustainable-Street-Style-The-real-color-Madrid_15.jpg 1200w, https:\/\/luxiders.com\/content\/uploads\/Sustainable-Street-Style-The-real-color-Madrid_15-200x300.jpg 200w, https:\/\/luxiders.com\/content\/uploads\/Sustainable-Street-Style-The-real-color-Madrid_15-683x1024.jpg 683w, https:\/\/luxiders.com\/content\/uploads\/Sustainable-Street-Style-The-real-color-Madrid_15-768x1152.jpg 768w, https:\/\/luxiders.com\/content\/uploads\/Sustainable-Street-Style-The-real-color-Madrid_15-1024x1536.jpg 1024w\" sizes=\"(max-width: 1200px) 100vw, 1200px\" \/><\/div><\/figure>                                                                                                                                                                                                    <div class=\"text pt-lg-2 mb-lg-5 ps-lg-10 pe-lg-10\" data-aos=\"fade-in\" data-aos-duration=\"1000\">\n                                            <p style=\"text-align: center;\">Esther viste kimono Ses\u00e9 de\u00a0<strong><a href=\"https:\/\/www.maganbarcelona.eu\/\" target=\"_blank\" rel=\"noopener\">MAGAN BARCELONA<\/a>\u00a0<\/strong>realizado con viscosa 100%.(Celulosa).\u00a0Est\u00e1 disponible en 8 colores.\u00a0El vestido es vintage, de la estilista.<\/p>\n                                        <\/div>\n                                                                                                                                <\/div>\n                                            <\/div>\n        <\/div>\n    <\/section>\n    \n\n    <section id=\"textblock-block_fcca985095b93a7eb610ba201dcf7e78\" class=\"section position-relative gp-block gp-textblock pt-0 pb-0\">\n        <div class=\"container\">\n            <div class=\"row g-0\">\n                <div class=\"col-lg-12 content\" data-aos=\"fade-in\" data-aos-duration=\"1000\">\n                                                                                <p>&nbsp;<\/p>\n<p style=\"text-align: center;\">Todas las marcas que aparecen en esta historia de moda tienen un compromiso con la sostenibilidad y un deseo com\u00fan: la coexistencia de la \u00e9tica y la est\u00e9tica en el mundo de la moda moderna.<\/p>\n<p>&nbsp;<\/p>\n<p>&nbsp;<\/p>\n<h3 class=\"p1\" style=\"text-align: center;\"><span class=\"s1\">CR\u00c9DITOS<\/span><\/h3>\n<p style=\"text-align: center;\">Direcci\u00f3n Creativa &amp; Producci\u00f3n\u00a0<a href=\"https:\/\/www.instagram.com\/luxiders_magazine\/\" target=\"_blank\" rel=\"noopener noreferrer\">LUXIDERS<\/a><br \/>\nFotograf\u00eda\u00a0<a href=\"https:\/\/www.instagram.com\/lucia_carmona_fotografia\/\" target=\"_blank\" rel=\"noopener\">LUCIA CARMONA<\/a><a href=\"https:\/\/www.instagram.com\/marinamakeupmb\/\" target=\"_blank\" rel=\"noopener noreferrer\"><br \/>\nEstilismos\u00a0<\/a><a href=\"https:\/\/www.instagram.com\/luxiders_magazine\/\" target=\"_blank\" rel=\"noopener noreferrer\">LUXIDERS<\/a><br \/>\nModelos\u00a0<a href=\"https:\/\/www.instagram.com\/domenikadiana\/\" target=\"_blank\" rel=\"noopener\">DIANA TITONA<\/a><a href=\"https:\/\/www.instagram.com\/marinamakeupmb\/\" target=\"_blank\" rel=\"noopener noreferrer\">\u00a0&amp;\u00a0<\/a><a href=\"https:\/\/www.instagram.com\/estherlnr\/\" target=\"_blank\" rel=\"noopener\">ESTHER GARCIA<\/a><a href=\"https:\/\/www.instagram.com\/marinamakeupmb\/\" target=\"_blank\" rel=\"noopener noreferrer\">\u00a0@\u00a0<\/a><a href=\"https:\/\/www.instagram.com\/unomodels\/\" target=\"_blank\" rel=\"noopener\">UNO MODELS<\/a>\u00a0\/\u00a0<a href=\"https:\/\/www.instagram.com\/africaprz\/\" target=\"_blank\" rel=\"noopener\">AFRICA P\u00c9REZ<\/a>\u00a0@<a href=\"https:\/\/www.instagram.com\/viewmanagement\/\" target=\"_blank\" rel=\"noopener\">VIEWMANAGEMENT<\/a><br \/>\nMaquillaje &amp; Peluquer\u00eda\u00a0<a href=\"https:\/\/www.instagram.com\/marinamakeupmb\/\" target=\"_blank\" rel=\"noopener noreferrer\">MARINA MONTERO<\/a><\/p>\n<p>&nbsp;<\/p>\n                                                        <\/div>\n            <\/div>\n        <\/div>\n    <\/section>\n    ","protected":false},"excerpt":{"rendered":"","protected":false},"author":2,"featured_media":40627,"comment_status":"closed","ping_status":"closed","sticky":false,"template":"","format":"standard","meta":{"_acf_changed":false,"footnotes":""},"categories":[6840,130],"tags":[2282,144,6843,7826,7824,7827,7825,7237,7828],"class_list":{"0":"post-40575","1":"post","2":"type-post","3":"status-publish","4":"format-standard","5":"has-post-thumbnail","7":"category-editorials-es","8":"category-moda-sostenible-lujo","9":"tag-editorial-de-moda","10":"tag-ethical-fashion-es","11":"tag-luxiders-magazine-2-es","12":"tag-marcas-de-moda-sostenible-espana","13":"tag-marcas-de-moda-sostenible-madrid","14":"tag-moda-sostenible-madrid","15":"tag-momad-metropolis-3","16":"tag-street-style-sostenible","17":"tag-street-style-sostenible-madrid"},"acf":[],"yoast_head":"<title>Street Style Sostenible * El color real * Madrid - Moda Sostenible - Luxiders Magazine<\/title>\n<meta name=\"description\" content=\"Captamos las mejores im\u00e1genes de Street Style sostenible de Momad Metr\u00f3polis. Avasan, In\u00e9s de la Calzada, Magan Barcelona, Suela Shoes, D-Ra\u00edz, Biocracia, Araceli Garc\u00eda, D&#039;Talhes, Greathical, Sylvia Calvo BCN, etc., componen una historia emocional que habla de la l\u00ednea natural de la vida.\" \/>\n<meta name=\"robots\" content=\"index, follow, max-snippet:-1, max-image-preview:large, max-video-preview:-1\" \/>\n<link rel=\"canonical\" href=\"https:\/\/luxiders.com\/es\/sustainable-street-style-real-color-madrid\/\" \/>\n<meta property=\"og:locale\" content=\"es_ES\" \/>\n<meta property=\"og:type\" content=\"article\" \/>\n<meta property=\"og:title\" content=\"Street Style Sostenible * El color real * Madrid - Moda Sostenible - Luxiders Magazine\" \/>\n<meta property=\"og:description\" content=\"Captamos las mejores im\u00e1genes de Street Style sostenible de Momad Metr\u00f3polis. Avasan, In\u00e9s de la Calzada, Magan Barcelona, Suela Shoes, D-Ra\u00edz, Biocracia, Araceli Garc\u00eda, D&#039;Talhes, Greathical, Sylvia Calvo BCN, etc., componen una historia emocional que habla de la l\u00ednea natural de la vida.\" \/>\n<meta property=\"og:url\" content=\"https:\/\/luxiders.com\/es\/sustainable-street-style-real-color-madrid\/\" \/>\n<meta property=\"og:site_name\" content=\"Sustainable Fashion - Eco Design - Healthy Lifestyle - Luxiders Magazine\" \/>\n<meta property=\"article:published_time\" content=\"2018-09-12T13:51:00+00:00\" \/>\n<meta property=\"article:modified_time\" content=\"2024-02-23T16:34:41+00:00\" \/>\n<meta property=\"og:image\" content=\"https:\/\/luxiders.com\/content\/uploads\/Sustainable-Street-Style-The-real-color-Madrid_16-e1708704843864.jpg\" \/>\n\t<meta property=\"og:image:width\" content=\"1200\" \/>\n\t<meta property=\"og:image:height\" content=\"954\" \/>\n\t<meta property=\"og:image:type\" content=\"image\/jpeg\" \/>\n<meta name=\"author\" content=\"luxiders\" \/>\n<meta name=\"twitter:card\" content=\"summary_large_image\" \/>\n<meta name=\"twitter:label1\" content=\"Written by\" \/>\n\t<meta name=\"twitter:data1\" content=\"luxiders\" \/>\n\t<meta name=\"twitter:label2\" content=\"Est. reading time\" \/>\n\t<meta name=\"twitter:data2\" content=\"5 minutes\" \/>\n<script type=\"application\/ld+json\" class=\"yoast-schema-graph\">{\"@context\":\"https:\/\/schema.org\",\"@graph\":[{\"@type\":\"Article\",\"@id\":\"https:\/\/luxiders.com\/es\/sustainable-street-style-real-color-madrid\/#article\",\"isPartOf\":{\"@id\":\"https:\/\/luxiders.com\/es\/sustainable-street-style-real-color-madrid\/\"},\"author\":{\"name\":\"luxiders\",\"@id\":\"https:\/\/luxiders.com\/es\/#\/schema\/person\/8632fa702ae2ce98f66c396254633de8\"},\"headline\":\"Sustainable Street Style * El color real * Madrid\",\"datePublished\":\"2018-09-12T13:51:00+00:00\",\"dateModified\":\"2024-02-23T16:34:41+00:00\",\"mainEntityOfPage\":{\"@id\":\"https:\/\/luxiders.com\/es\/sustainable-street-style-real-color-madrid\/\"},\"wordCount\":7,\"publisher\":{\"@id\":\"https:\/\/luxiders.com\/es\/#organization\"},\"image\":{\"@id\":\"https:\/\/luxiders.com\/es\/sustainable-street-style-real-color-madrid\/#primaryimage\"},\"thumbnailUrl\":\"https:\/\/luxiders.com\/content\/uploads\/Sustainable-Street-Style-The-real-color-Madrid_16-e1708704843864.jpg\",\"keywords\":[\"editorial de moda\",\"ethical fashion\",\"luxiders magazine\",\"marcas de moda sostenible Espa\u00f1a\",\"marcas de moda sostenible madrid\",\"moda sostenible Madrid\",\"Momad Metr\u00f3polis\",\"Street Style Sostenible\",\"Street Style Sostenible Madrid\"],\"articleSection\":[\"Editorials\",\"Moda\"],\"inLanguage\":\"es-ES\"},{\"@type\":\"WebPage\",\"@id\":\"https:\/\/luxiders.com\/es\/sustainable-street-style-real-color-madrid\/\",\"url\":\"https:\/\/luxiders.com\/es\/sustainable-street-style-real-color-madrid\/\",\"name\":\"Street Style Sostenible * El color real * Madrid - Moda Sostenible - Luxiders Magazine\",\"isPartOf\":{\"@id\":\"https:\/\/luxiders.com\/es\/#website\"},\"primaryImageOfPage\":{\"@id\":\"https:\/\/luxiders.com\/es\/sustainable-street-style-real-color-madrid\/#primaryimage\"},\"image\":{\"@id\":\"https:\/\/luxiders.com\/es\/sustainable-street-style-real-color-madrid\/#primaryimage\"},\"thumbnailUrl\":\"https:\/\/luxiders.com\/content\/uploads\/Sustainable-Street-Style-The-real-color-Madrid_16-e1708704843864.jpg\",\"datePublished\":\"2018-09-12T13:51:00+00:00\",\"dateModified\":\"2024-02-23T16:34:41+00:00\",\"description\":\"Captamos las mejores im\u00e1genes de Street Style sostenible de Momad Metr\u00f3polis. Avasan, In\u00e9s de la Calzada, Magan Barcelona, Suela Shoes, D-Ra\u00edz, Biocracia, Araceli Garc\u00eda, D'Talhes, Greathical, Sylvia Calvo BCN, etc., componen una historia emocional que habla de la l\u00ednea natural de la vida.\",\"breadcrumb\":{\"@id\":\"https:\/\/luxiders.com\/es\/sustainable-street-style-real-color-madrid\/#breadcrumb\"},\"inLanguage\":\"es-ES\",\"potentialAction\":[{\"@type\":\"ReadAction\",\"target\":[\"https:\/\/luxiders.com\/es\/sustainable-street-style-real-color-madrid\/\"]}]},{\"@type\":\"ImageObject\",\"inLanguage\":\"es-ES\",\"@id\":\"https:\/\/luxiders.com\/es\/sustainable-street-style-real-color-madrid\/#primaryimage\",\"url\":\"https:\/\/luxiders.com\/content\/uploads\/Sustainable-Street-Style-The-real-color-Madrid_16-e1708704843864.jpg\",\"contentUrl\":\"https:\/\/luxiders.com\/content\/uploads\/Sustainable-Street-Style-The-real-color-Madrid_16-e1708704843864.jpg\",\"width\":1200,\"height\":954,\"caption\":\"Sustainable-Street-Style-The-real-color-Madrid\"},{\"@type\":\"BreadcrumbList\",\"@id\":\"https:\/\/luxiders.com\/es\/sustainable-street-style-real-color-madrid\/#breadcrumb\",\"itemListElement\":[{\"@type\":\"ListItem\",\"position\":1,\"name\":\"Startseite\",\"item\":\"https:\/\/luxiders.com\/es\/\"},{\"@type\":\"ListItem\",\"position\":2,\"name\":\"Moda\",\"item\":\"https:\/\/luxiders.com\/es\/category\/moda-sostenible-lujo\/\"},{\"@type\":\"ListItem\",\"position\":3,\"name\":\"Sustainable Street Style * El color real * Madrid\"}]},{\"@type\":\"WebSite\",\"@id\":\"https:\/\/luxiders.com\/es\/#website\",\"url\":\"https:\/\/luxiders.com\/es\/\",\"name\":\"Sustainable Fashion - Eco Design - Healthy Lifestyle - Luxiders Magazine\",\"description\":\"Luxiders is a sustainable luxury magazine highlighting the best stories about sustainable fashion, ethical fashion, eco-friendly design, green design, sustainable travel, natural beauty, organic beauty and healthy lifestyle. Know the best high-end, progressive and luxury sustainable brands and designers worldwide.\",\"publisher\":{\"@id\":\"https:\/\/luxiders.com\/es\/#organization\"},\"potentialAction\":[{\"@type\":\"SearchAction\",\"target\":{\"@type\":\"EntryPoint\",\"urlTemplate\":\"https:\/\/luxiders.com\/es\/?s={search_term_string}\"},\"query-input\":{\"@type\":\"PropertyValueSpecification\",\"valueRequired\":true,\"valueName\":\"search_term_string\"}}],\"inLanguage\":\"es-ES\"},{\"@type\":\"Organization\",\"@id\":\"https:\/\/luxiders.com\/es\/#organization\",\"name\":\"Sustainable Fashion - Eco Design - Healthy Lifestyle - Luxiders Magazine\",\"url\":\"https:\/\/luxiders.com\/es\/\",\"logo\":{\"@type\":\"ImageObject\",\"inLanguage\":\"es-ES\",\"@id\":\"https:\/\/luxiders.com\/es\/#\/schema\/logo\/image\/\",\"url\":\"https:\/\/luxiders.com\/content\/uploads\/lux-logo.svg\",\"contentUrl\":\"https:\/\/luxiders.com\/content\/uploads\/lux-logo.svg\",\"caption\":\"Sustainable Fashion - Eco Design - Healthy Lifestyle - Luxiders Magazine\"},\"image\":{\"@id\":\"https:\/\/luxiders.com\/es\/#\/schema\/logo\/image\/\"}},{\"@type\":\"Person\",\"@id\":\"https:\/\/luxiders.com\/es\/#\/schema\/person\/8632fa702ae2ce98f66c396254633de8\",\"name\":\"luxiders\",\"url\":\"https:\/\/luxiders.com\/es\/author\/luxiders\/\"}]}<\/script>","yoast_head_json":{"title":"Street Style Sostenible * El color real * Madrid - Moda Sostenible - Luxiders Magazine","description":"Captamos las mejores im\u00e1genes de Street Style sostenible de Momad Metr\u00f3polis. Avasan, In\u00e9s de la Calzada, Magan Barcelona, Suela Shoes, D-Ra\u00edz, Biocracia, Araceli Garc\u00eda, D'Talhes, Greathical, Sylvia Calvo BCN, etc., componen una historia emocional que habla de la l\u00ednea natural de la vida.","robots":{"index":"index","follow":"follow","max-snippet":"max-snippet:-1","max-image-preview":"max-image-preview:large","max-video-preview":"max-video-preview:-1"},"canonical":"https:\/\/luxiders.com\/es\/sustainable-street-style-real-color-madrid\/","og_locale":"es_ES","og_type":"article","og_title":"Street Style Sostenible * El color real * Madrid - Moda Sostenible - Luxiders Magazine","og_description":"Captamos las mejores im\u00e1genes de Street Style sostenible de Momad Metr\u00f3polis. Avasan, In\u00e9s de la Calzada, Magan Barcelona, Suela Shoes, D-Ra\u00edz, Biocracia, Araceli Garc\u00eda, D'Talhes, Greathical, Sylvia Calvo BCN, etc., componen una historia emocional que habla de la l\u00ednea natural de la vida.","og_url":"https:\/\/luxiders.com\/es\/sustainable-street-style-real-color-madrid\/","og_site_name":"Sustainable Fashion - Eco Design - Healthy Lifestyle - Luxiders Magazine","article_published_time":"2018-09-12T13:51:00+00:00","article_modified_time":"2024-02-23T16:34:41+00:00","og_image":[{"width":1200,"height":954,"url":"https:\/\/luxiders.com\/content\/uploads\/Sustainable-Street-Style-The-real-color-Madrid_16-e1708704843864.jpg","type":"image\/jpeg"}],"author":"luxiders","twitter_card":"summary_large_image","twitter_misc":{"Written by":"luxiders","Est. reading time":"5 minutes"},"schema":{"@context":"https:\/\/schema.org","@graph":[{"@type":"Article","@id":"https:\/\/luxiders.com\/es\/sustainable-street-style-real-color-madrid\/#article","isPartOf":{"@id":"https:\/\/luxiders.com\/es\/sustainable-street-style-real-color-madrid\/"},"author":{"name":"luxiders","@id":"https:\/\/luxiders.com\/es\/#\/schema\/person\/8632fa702ae2ce98f66c396254633de8"},"headline":"Sustainable Street Style * El color real * Madrid","datePublished":"2018-09-12T13:51:00+00:00","dateModified":"2024-02-23T16:34:41+00:00","mainEntityOfPage":{"@id":"https:\/\/luxiders.com\/es\/sustainable-street-style-real-color-madrid\/"},"wordCount":7,"publisher":{"@id":"https:\/\/luxiders.com\/es\/#organization"},"image":{"@id":"https:\/\/luxiders.com\/es\/sustainable-street-style-real-color-madrid\/#primaryimage"},"thumbnailUrl":"https:\/\/luxiders.com\/content\/uploads\/Sustainable-Street-Style-The-real-color-Madrid_16-e1708704843864.jpg","keywords":["editorial de moda","ethical fashion","luxiders magazine","marcas de moda sostenible Espa\u00f1a","marcas de moda sostenible madrid","moda sostenible Madrid","Momad Metr\u00f3polis","Street Style Sostenible","Street Style Sostenible Madrid"],"articleSection":["Editorials","Moda"],"inLanguage":"es-ES"},{"@type":"WebPage","@id":"https:\/\/luxiders.com\/es\/sustainable-street-style-real-color-madrid\/","url":"https:\/\/luxiders.com\/es\/sustainable-street-style-real-color-madrid\/","name":"Street Style Sostenible * El color real * Madrid - Moda Sostenible - Luxiders Magazine","isPartOf":{"@id":"https:\/\/luxiders.com\/es\/#website"},"primaryImageOfPage":{"@id":"https:\/\/luxiders.com\/es\/sustainable-street-style-real-color-madrid\/#primaryimage"},"image":{"@id":"https:\/\/luxiders.com\/es\/sustainable-street-style-real-color-madrid\/#primaryimage"},"thumbnailUrl":"https:\/\/luxiders.com\/content\/uploads\/Sustainable-Street-Style-The-real-color-Madrid_16-e1708704843864.jpg","datePublished":"2018-09-12T13:51:00+00:00","dateModified":"2024-02-23T16:34:41+00:00","description":"Captamos las mejores im\u00e1genes de Street Style sostenible de Momad Metr\u00f3polis. Avasan, In\u00e9s de la Calzada, Magan Barcelona, Suela Shoes, D-Ra\u00edz, Biocracia, Araceli Garc\u00eda, D'Talhes, Greathical, Sylvia Calvo BCN, etc., componen una historia emocional que habla de la l\u00ednea natural de la vida.","breadcrumb":{"@id":"https:\/\/luxiders.com\/es\/sustainable-street-style-real-color-madrid\/#breadcrumb"},"inLanguage":"es-ES","potentialAction":[{"@type":"ReadAction","target":["https:\/\/luxiders.com\/es\/sustainable-street-style-real-color-madrid\/"]}]},{"@type":"ImageObject","inLanguage":"es-ES","@id":"https:\/\/luxiders.com\/es\/sustainable-street-style-real-color-madrid\/#primaryimage","url":"https:\/\/luxiders.com\/content\/uploads\/Sustainable-Street-Style-The-real-color-Madrid_16-e1708704843864.jpg","contentUrl":"https:\/\/luxiders.com\/content\/uploads\/Sustainable-Street-Style-The-real-color-Madrid_16-e1708704843864.jpg","width":1200,"height":954,"caption":"Sustainable-Street-Style-The-real-color-Madrid"},{"@type":"BreadcrumbList","@id":"https:\/\/luxiders.com\/es\/sustainable-street-style-real-color-madrid\/#breadcrumb","itemListElement":[{"@type":"ListItem","position":1,"name":"Startseite","item":"https:\/\/luxiders.com\/es\/"},{"@type":"ListItem","position":2,"name":"Moda","item":"https:\/\/luxiders.com\/es\/category\/moda-sostenible-lujo\/"},{"@type":"ListItem","position":3,"name":"Sustainable Street Style * El color real * Madrid"}]},{"@type":"WebSite","@id":"https:\/\/luxiders.com\/es\/#website","url":"https:\/\/luxiders.com\/es\/","name":"Sustainable Fashion - Eco Design - Healthy Lifestyle - Luxiders Magazine","description":"Luxiders is a sustainable luxury magazine highlighting the best stories about sustainable fashion, ethical fashion, eco-friendly design, green design, sustainable travel, natural beauty, organic beauty and healthy lifestyle. Know the best high-end, progressive and luxury sustainable brands and designers worldwide.","publisher":{"@id":"https:\/\/luxiders.com\/es\/#organization"},"potentialAction":[{"@type":"SearchAction","target":{"@type":"EntryPoint","urlTemplate":"https:\/\/luxiders.com\/es\/?s={search_term_string}"},"query-input":{"@type":"PropertyValueSpecification","valueRequired":true,"valueName":"search_term_string"}}],"inLanguage":"es-ES"},{"@type":"Organization","@id":"https:\/\/luxiders.com\/es\/#organization","name":"Sustainable Fashion - Eco Design - Healthy Lifestyle - Luxiders Magazine","url":"https:\/\/luxiders.com\/es\/","logo":{"@type":"ImageObject","inLanguage":"es-ES","@id":"https:\/\/luxiders.com\/es\/#\/schema\/logo\/image\/","url":"https:\/\/luxiders.com\/content\/uploads\/lux-logo.svg","contentUrl":"https:\/\/luxiders.com\/content\/uploads\/lux-logo.svg","caption":"Sustainable Fashion - Eco Design - Healthy Lifestyle - Luxiders Magazine"},"image":{"@id":"https:\/\/luxiders.com\/es\/#\/schema\/logo\/image\/"}},{"@type":"Person","@id":"https:\/\/luxiders.com\/es\/#\/schema\/person\/8632fa702ae2ce98f66c396254633de8","name":"luxiders","url":"https:\/\/luxiders.com\/es\/author\/luxiders\/"}]}},"_links":{"self":[{"href":"https:\/\/luxiders.com\/es\/wp-json\/wp\/v2\/posts\/40575","targetHints":{"allow":["GET"]}}],"collection":[{"href":"https:\/\/luxiders.com\/es\/wp-json\/wp\/v2\/posts"}],"about":[{"href":"https:\/\/luxiders.com\/es\/wp-json\/wp\/v2\/types\/post"}],"author":[{"embeddable":true,"href":"https:\/\/luxiders.com\/es\/wp-json\/wp\/v2\/users\/2"}],"replies":[{"embeddable":true,"href":"https:\/\/luxiders.com\/es\/wp-json\/wp\/v2\/comments?post=40575"}],"version-history":[{"count":3,"href":"https:\/\/luxiders.com\/es\/wp-json\/wp\/v2\/posts\/40575\/revisions"}],"predecessor-version":[{"id":40646,"href":"https:\/\/luxiders.com\/es\/wp-json\/wp\/v2\/posts\/40575\/revisions\/40646"}],"wp:featuredmedia":[{"embeddable":true,"href":"https:\/\/luxiders.com\/es\/wp-json\/wp\/v2\/media\/40627"}],"wp:attachment":[{"href":"https:\/\/luxiders.com\/es\/wp-json\/wp\/v2\/media?parent=40575"}],"wp:term":[{"taxonomy":"category","embeddable":true,"href":"https:\/\/luxiders.com\/es\/wp-json\/wp\/v2\/categories?post=40575"},{"taxonomy":"post_tag","embeddable":true,"href":"https:\/\/luxiders.com\/es\/wp-json\/wp\/v2\/tags?post=40575"}],"curies":[{"name":"wp","href":"https:\/\/api.w.org\/{rel}","templated":true}]}}