{"id":4420,"date":"2021-06-07T14:28:00","date_gmt":"2021-06-07T12:28:00","guid":{"rendered":"http:\/\/luxiders.com.w01cc729.kasserver.com\/?p=4420"},"modified":"2023-06-16T14:46:54","modified_gmt":"2023-06-16T12:46:54","slug":"apropiacion-cultural-la-manzana-envenenada-de-la-moda","status":"publish","type":"post","link":"https:\/\/luxiders.com\/es\/apropiacion-cultural-la-manzana-envenenada-de-la-moda\/","title":{"rendered":"Apropiaci\u00f3n cultural, la manzana envenenada de la moda"},"content":{"rendered":"    <section id=\"textblock-block_fbefa66e9ff69711f23fad58c4f5a4c2\" class=\"section position-relative gp-block gp-textblock text-center pt-0 pb-5\">\n        <div class=\"container\">\n            <div class=\"row g-0\">\n                <div class=\"col-lg-12 content\" data-aos=\"fade-in\" data-aos-duration=\"1000\">\n                                                                                    <div class=\"intro px-lg-8\">\n                            <p style=\"text-align: center;\">La industria de la moda se ha enfrentado en los \u00faltimos a\u00f1os a varias acusaciones de apropiaci\u00f3n cultural. La &#8220;zona gris&#8221; relativa a la apreciaci\u00f3n o la apropiaci\u00f3n parece cada vez m\u00e1s clara, pues la gente no deja de denunciar estos comportamientos.<\/p>\n                        <\/div>\n                                                                                                <\/div>\n            <\/div>\n        <\/div>\n    <\/section>\n    \n\n    <section id=\"newsletter-block_c21336a044f1081ddaefb6ad6f35fe1e\" class=\"section position-relative gp-block gp-newsletter pt-0 pb-0 my-5\">\n        <div class=\"container\">\n            <div class=\"row g-0 pt-4 pb-3\">\n                <div class=\"col-lg-12 content text-center border pt-3\" data-aos=\"fade-in\" data-aos-duration=\"1000\">\n                                            <p><em>Para recibir el Newsletter de Luxiders Magazine,\u00a0<a href=\"https:\/\/landing.mailerlite.com\/webforms\/landing\/w2a1t0\" target=\"_blank\" rel=\"noopener\">suscr\u00edbete aqu\u00ed<\/a><\/em><\/p>\n                                    <\/div>\n            <\/div>\n        <\/div>\n    <\/section>\n    \n\n    <section id=\"media-block_136a170c5398da81948271200c0a0d46\" class=\"section position-relative gp-block gp-media pt-0 pb-0\">\n        <div class=\"container\">\n            <div class=\"row g-0\">\n                <div class=\"col-lg-12 content\" data-aos=\"fade-in\" data-aos-duration=\"1000\">\n                                        <p>El debate sobre la apropiaci\u00f3n cultural en la industria de la moda ha vuelto a ser noticia. La \u00faltima noticia es que <a href=\"https:\/\/luxiders.com\/es\/mexico-acusa-grandes-marcas-de-moda-de-apropiacion-cultural\/\" target=\"_blank\" rel=\"noopener\">M\u00e9xico ha acusado a grandes marcas de moda<\/a> como Zara, Anthropologie y Patowl de utilizar patrones de comunidades ind\u00edgenas en su ropa y les insta a devolver el dinero a &#8220;las comunidades creativas&#8221; por el uso de patrones y bordados oaxaque\u00f1os en uno de sus vestidos.<\/p>\n<p>No es la primera vez que M\u00e9xico vive una pol\u00e9mica por el uso de dise\u00f1os de pueblos ind\u00edgenas en colecciones de moda. Todo comenz\u00f3 en 2015, cuando la dise\u00f1adora de moda francesa Isabel Marant confeccion\u00f3 un vestido que ten\u00eda un notable parecido con el huipil, un traje tradicional de los ind\u00edgenas de Santa Mar\u00eda Tlahuitoltepec, Oaxaca, al suroeste de M\u00e9xico.<\/p>\n                                    <\/div>\n            <\/div>\n            <div class=\"row g-0\">\n                <div class=\"col-lg-12 img-scaled\">\n                                                                                                                                                <figure class=\"mb-4 pt-lg-5 mb-lg-6 ps-lg-0 pe-lg-0\" data-aos=\"fade-up\" data-aos-duration=\"1000\"><div class=\"img-container\"><img loading=\"lazy\" decoding=\"async\" width=\"1200\" height=\"816\" src=\"https:\/\/luxiders.com\/content\/uploads\/sydney-rae-XIgj8Mk94ts-unsplash.jpg\" class=\"img-fluid w-100\" alt=\"\" srcset=\"https:\/\/luxiders.com\/content\/uploads\/sydney-rae-XIgj8Mk94ts-unsplash.jpg 1200w, https:\/\/luxiders.com\/content\/uploads\/sydney-rae-XIgj8Mk94ts-unsplash-300x204.jpg 300w, https:\/\/luxiders.com\/content\/uploads\/sydney-rae-XIgj8Mk94ts-unsplash-1024x696.jpg 1024w, https:\/\/luxiders.com\/content\/uploads\/sydney-rae-XIgj8Mk94ts-unsplash-768x522.jpg 768w\" sizes=\"(max-width: 1200px) 100vw, 1200px\" \/><\/div><\/figure>                                                                                            <\/div>\n                                            <\/div>\n        <\/div>\n    <\/section>\n    \n\n    <section id=\"media-block_8a7ef93b83312f28483b847f105b7bc8\" class=\"section position-relative gp-block gp-media pt-0 pb-0\">\n        <div class=\"container\">\n            <div class=\"row g-0\">\n                <div class=\"col-lg-12 content\" data-aos=\"fade-in\" data-aos-duration=\"1000\">\n                                        <p>Como s\u00edmbolo de su identidad, pidieron a <a href=\"https:\/\/luxiders.com\/sustainable-brands-isabel-marant\/\" target=\"_blank\" rel=\"noopener\">Marant<\/a> que reconociera el patrimonio de la comunidad y que retirara el vestido de su colecci\u00f3n. Originalmente, la prenda cuesta unos 300 pesos mexicanos. Sin embargo, la casa francesa lo vendi\u00f3 online por 365 d\u00f3lares, el equivalente a 4,500 pesos. Aunque posteriormente, en 2015, tuvo que retirar el vestido de la venta, no le dio su reconocimiento a la comunidad mixe.<\/p>\n<p>Sin embargo, un a\u00f1o despu\u00e9s se hizo justicia. De acuerdo con la publicaci\u00f3n de Brigitte V\u00e9zina <a href=\"https:\/\/www.cigionline.org\/static\/documents\/documents\/paper%20no.213.pdf\" target=\"_blank\" rel=\"noopener\">&#8220;Curbing Cultural Appropriation in the Fashion industry&#8221;<\/a>, el Congreso de Oaxaca, junto con la Organizaci\u00f3n de las Naciones Unidas para la Educaci\u00f3n, la Ciencia y la Cultura (UNESCO), proclam\u00f3 los dise\u00f1os tradicionales, los bordados y la lengua de los pueblos mixes como <a href=\"http:\/\/www.unesco.org\/new\/es\/media-services\/single-view\/news\/para_la_proteccion_de_sus_trajes_regionales_oaxaca_toma_co\/\" target=\"_blank\" rel=\"noopener\">patrimonio cultural inmaterial.<\/a><\/p>\n                                    <\/div>\n            <\/div>\n            <div class=\"row g-0\">\n                <div class=\"col-lg-6 \">\n                                                                                                                                                <figure class=\"mb-4 pt-lg-5 mb-lg-6 ps-lg-0 pe-lg-3\" data-aos=\"fade-up\" data-aos-duration=\"1000\"><div class=\"img-container\"><img loading=\"lazy\" decoding=\"async\" width=\"1200\" height=\"1800\" src=\"https:\/\/luxiders.com\/content\/uploads\/marisol-benitez-Gyr6rbkocjE-unsplash.jpg\" class=\"img-fluid w-100\" alt=\"\" srcset=\"https:\/\/luxiders.com\/content\/uploads\/marisol-benitez-Gyr6rbkocjE-unsplash.jpg 1200w, https:\/\/luxiders.com\/content\/uploads\/marisol-benitez-Gyr6rbkocjE-unsplash-200x300.jpg 200w, https:\/\/luxiders.com\/content\/uploads\/marisol-benitez-Gyr6rbkocjE-unsplash-683x1024.jpg 683w, https:\/\/luxiders.com\/content\/uploads\/marisol-benitez-Gyr6rbkocjE-unsplash-768x1152.jpg 768w, https:\/\/luxiders.com\/content\/uploads\/marisol-benitez-Gyr6rbkocjE-unsplash-1024x1536.jpg 1024w\" sizes=\"(max-width: 1200px) 100vw, 1200px\" \/><\/div><\/figure>                                                                                            <\/div>\n                                    <div class=\"col-lg-6\">\n                                                                                                                                                        <figure class=\"mb-4 pt-lg-5 mb-lg-6 ps-lg-3 pe-lg-0\" data-aos=\"fade-up\" data-aos-duration=\"1000\"><div class=\"img-container\"><img loading=\"lazy\" decoding=\"async\" width=\"1365\" height=\"2048\" src=\"https:\/\/luxiders.com\/content\/uploads\/annie-spratt-5GsbwkrCfuM-unsplash-Updated.jpg\" class=\"img-fluid w-100\" alt=\"\" srcset=\"https:\/\/luxiders.com\/content\/uploads\/annie-spratt-5GsbwkrCfuM-unsplash-Updated.jpg 1365w, https:\/\/luxiders.com\/content\/uploads\/annie-spratt-5GsbwkrCfuM-unsplash-Updated-200x300.jpg 200w, https:\/\/luxiders.com\/content\/uploads\/annie-spratt-5GsbwkrCfuM-unsplash-Updated-683x1024.jpg 683w, https:\/\/luxiders.com\/content\/uploads\/annie-spratt-5GsbwkrCfuM-unsplash-Updated-768x1152.jpg 768w, https:\/\/luxiders.com\/content\/uploads\/annie-spratt-5GsbwkrCfuM-unsplash-Updated-1024x1536.jpg 1024w\" sizes=\"(max-width: 1365px) 100vw, 1365px\" \/><\/div><\/figure>                                                                                                        <\/div>\n                                            <\/div>\n        <\/div>\n    <\/section>\n    \n\n    <section id=\"textblock-block_7f99049111e65ab761cca228c92dc8b3\" class=\"section position-relative gp-block gp-textblock pt-0 pb-0\">\n        <div class=\"container\">\n            <div class=\"row g-0\">\n                <div class=\"col-lg-12 content\" data-aos=\"fade-in\" data-aos-duration=\"1000\">\n                                                                                <h2>ENTENDER SU ORIGEN<\/h2>\n<p><a href=\"https:\/\/www.oxfordlearnersdictionaries.com\/definition\/english\/cultural-appropriation?q=cultural+appropriation\" target=\"_blank\" rel=\"noopener\">Oxford Dictionaries<\/a> incluy\u00f3 el t\u00e9rmino apropiaci\u00f3n cultural hace solo cuatro a\u00f1os, en 2017. Se define como &#8220;la adopci\u00f3n no reconocida o inapropiada de las costumbres, pr\u00e1cticas, ideas, etc. de un pueblo o sociedad por parte de los miembros de otro pueblo o sociedad t\u00edpicamente m\u00e1s dominante.&#8221; En pocas palabras, cuando alguien adopta algo de otra cultura. Edward Taylor, antrop\u00f3logo cultural, acu\u00f1\u00f3 el t\u00e9rmino <a href=\"https:\/\/www.encyclopedia.com\/social-sciences\/encyclopedias-almanacs-transcripts-and-maps\/diffusion-theories\" target=\"_blank\" rel=\"noopener\">difusi\u00f3n cultural<\/a> en el siglo XIX. Lo describe como la transferencia de elementos entre culturas y sociedades.<\/p>\n<p>La primera referencia a la apropiaci\u00f3n cultural se encuentra en 1979 en el libro &#8220;<a href=\"http:\/\/www.erikclabaugh.com\/wp-content\/uploads\/2014\/08\/181899847-Subculture.pdf\" target=\"_blank\" rel=\"noopener\">Subculture: El significado del estilo&#8221;<\/a>, escrito por el soci\u00f3logo Dick Hebdige. Examina c\u00f3mo nos interesan las subculturas, especialmente &#8220;las formas expresivas y los rituales de esos grupos subordinados&#8221; y c\u00f3mo lo tomamos prestado para convertirlo en parte de nuestro propio estilo. Utiliza el ejemplo de las subculturas blancas en Gran Breta\u00f1a; el estilo punk lo toma prestado de la cultura rastafari y de la ropa de la clase trabajadora.<\/p>\n<p>La apropiaci\u00f3n cultural se basa esencialmente en la espectacularizaci\u00f3n de la identidad cultural aut\u00f3ctona, que por lo general, no obtiene el merecido reconocimiento del elemento cultural o su valor por parte de terceros. Esta interrupci\u00f3n del proceso de identificaci\u00f3n, obliga a los miembros de los grupos racializados a aplicar estrategias de aculturaci\u00f3n, que a menudo tienen como resultado la desaparici\u00f3n de estos grupos culturales.<\/p>\n<p>Sin embargo, no todas las formas de &#8220;pr\u00e9stamo&#8221; e inspiraci\u00f3n cultural son perjudiciales. V\u00e9zina afirma que la reinterpretaci\u00f3n de elementos de diferentes culturas puede ser enriquecedora tanto para la cultura de origen como para la de destino. Frenar la apropiaci\u00f3n cultural no equivale a erradicar todas las formas de influencia cultural en general.<\/p>\n                                            <div class=\"highlighted mt-5 mt-lg-6 px-lg-5\">\n                            <p style=\"text-align: right;\">&#8220;Al fin y al cabo, las culturas son fluidas y restringir su libre circulaci\u00f3n ser\u00eda negar su propia esencia&#8221;, Brigitte V\u00e9zina.<\/p>\n                        <\/div>\n                                                        <\/div>\n            <\/div>\n        <\/div>\n    <\/section>\n    \n\n    <section id=\"media-block_cf4ec58788c69eaf86548840c307831a\" class=\"section position-relative gp-block gp-media pt-0 pb-0\">\n        <div class=\"container\">\n            <div class=\"row g-0\">\n                <div class=\"col-lg-12 content\" data-aos=\"fade-in\" data-aos-duration=\"1000\">\n                                                                            <\/div>\n            <\/div>\n            <div class=\"row g-0\">\n                <div class=\"col-lg-12 img-scaled\">\n                                                                                                                                                <figure class=\"mb-4 pt-lg-5 mb-lg-6 ps-lg-0 pe-lg-0\" data-aos=\"fade-up\" data-aos-duration=\"1000\"><div class=\"img-container\"><img loading=\"lazy\" decoding=\"async\" width=\"1200\" height=\"800\" src=\"https:\/\/luxiders.com\/content\/uploads\/jose-pablo-dominguez-RxMVTBu4QGM-unsplash.jpg\" class=\"img-fluid w-100\" alt=\"\" srcset=\"https:\/\/luxiders.com\/content\/uploads\/jose-pablo-dominguez-RxMVTBu4QGM-unsplash.jpg 1200w, https:\/\/luxiders.com\/content\/uploads\/jose-pablo-dominguez-RxMVTBu4QGM-unsplash-300x200.jpg 300w, https:\/\/luxiders.com\/content\/uploads\/jose-pablo-dominguez-RxMVTBu4QGM-unsplash-1024x683.jpg 1024w, https:\/\/luxiders.com\/content\/uploads\/jose-pablo-dominguez-RxMVTBu4QGM-unsplash-768x512.jpg 768w\" sizes=\"(max-width: 1200px) 100vw, 1200px\" \/><\/div><\/figure>                                                                                            <\/div>\n                                            <\/div>\n        <\/div>\n    <\/section>\n    \n\n    <section id=\"media-block_9d42a7272398197c7ecedb5a3d04bacf\" class=\"section position-relative gp-block gp-media pt-0 pb-0\">\n        <div class=\"container\">\n            <div class=\"row g-0\">\n                <div class=\"col-lg-12 content\" data-aos=\"fade-in\" data-aos-duration=\"1000\">\n                                        <h3>EL PODER DE LA MODA<\/h3>\n<p>Sabemos que la moda es una importante herramienta de expresi\u00f3n. El sector es conocido por su creatividad y su capacidad para crear prendas destacadas. Sin embargo, tiene un alto componente de copia e imitaci\u00f3n. Tomemos como ejemplo la moda r\u00e1pida: los art\u00edculos de las marcas de lujo se copian de forma descarada y apresurada para poder venderlos a los consumidores lo antes posible. Teniendo en cuenta esto, la apropiaci\u00f3n cultural es otra manifestaci\u00f3n de la tendencia a copiar e imitar.<\/p>\n<p>A lo largo de la historia, muchos dise\u00f1adores se han servido de las culturas del mundo para realizar sus colecciones. En palabras de V\u00e9zina: &#8220;Los ejemplos van desde los pantalones de har\u00e9n y las t\u00fanicas del dise\u00f1ador franc\u00e9s Paul Poiret en la d\u00e9cada de 1910, inspirados en las culturas de Oriente Medio y Turqu\u00eda, hasta la colecci\u00f3n africana de cuentas y plumas de Yves <a href=\"https:\/\/luxiders.com\/sustainable-brands-saint-laurent\/\" target=\"_blank\" rel=\"noopener\">Saint Laurent<\/a> en 1967, inspirada en la artesan\u00eda africana, entre otros. Incluso Coco <a href=\"https:\/\/luxiders.com\/sustainable-brands-chanel\/\" target=\"_blank\" rel=\"noopener\">Chanel<\/a> aplic\u00f3 bordados tradicionales rusos en t\u00fanicas en sus primeras colecciones de los a\u00f1os 20&#8243;.<\/p>\n                                    <\/div>\n            <\/div>\n            <div class=\"row g-0\">\n                <div class=\"col-lg-12 img-scaled\">\n                                                                                                                                                <figure class=\"mb-4 pt-lg-5 mb-lg-6 ps-lg-0 pe-lg-0\" data-aos=\"fade-up\" data-aos-duration=\"1000\"><div class=\"img-container\"><img loading=\"lazy\" decoding=\"async\" width=\"1200\" height=\"800\" src=\"https:\/\/luxiders.com\/content\/uploads\/john-mcarthur-Ue5kuMVmIhU-unsplash.jpg\" class=\"img-fluid w-100\" alt=\"\" srcset=\"https:\/\/luxiders.com\/content\/uploads\/john-mcarthur-Ue5kuMVmIhU-unsplash.jpg 1200w, https:\/\/luxiders.com\/content\/uploads\/john-mcarthur-Ue5kuMVmIhU-unsplash-300x200.jpg 300w, https:\/\/luxiders.com\/content\/uploads\/john-mcarthur-Ue5kuMVmIhU-unsplash-1024x683.jpg 1024w, https:\/\/luxiders.com\/content\/uploads\/john-mcarthur-Ue5kuMVmIhU-unsplash-768x512.jpg 768w\" sizes=\"(max-width: 1200px) 100vw, 1200px\" \/><\/div><\/figure>                                                                                            <\/div>\n                                            <\/div>\n        <\/div>\n    <\/section>\n    \n\n    <section id=\"textblock-block_2ddacf622797bc049638900d7891ea04\" class=\"section position-relative gp-block gp-textblock pt-0 pb-0\">\n        <div class=\"container\">\n            <div class=\"row g-0\">\n                <div class=\"col-lg-12 content\" data-aos=\"fade-in\" data-aos-duration=\"1000\">\n                                                                                <p>La clave es saber identificar cu\u00e1ndo alguien se est\u00e1 inspirando en otra cultura y cu\u00e1ndo se est\u00e1 apropiando de ella. La verdad es que es una &#8220;zona gris&#8221;. La principal diferencia es que cuando est\u00e1s apreciando pides permiso y muestras inter\u00e9s por la cultura. Compras directamente a los creadores y te tomas el tiempo de conocer los or\u00edgenes de la prenda. Por el contrario, cuando te apropias de una cultura, lo haces sin consentimiento, viniendo de un grupo privilegiado y con poco o ning\u00fan inter\u00e9s por la cultura.<\/p>\n<p>Las consecuencias de la apropiaci\u00f3n cultural son devastadoras para la cultura de la que se toma prestado. Se les despoja de las caracter\u00edsticas inherentes a su comunidad: identidad, dignidad, autonom\u00eda y autodeterminaci\u00f3n. En el plano econ\u00f3mico, se les arrebata el reconocimiento y la compensaci\u00f3n por utilizar sus dise\u00f1os.<\/p>\n<p>En definitiva, la base debe ser el respeto. Vivimos en un mundo lleno de culturas, cada una m\u00e1s especial y diversa que la anterior. Es l\u00f3gico que nos sintamos inspirados y nos guste la ropa de estas culturas, pero no debemos olvidar que su origen debe ser respetado. Inform\u00e9monos sobre la historia o las caracter\u00edsticas de la prenda para llevarla honrando y reconociendo su incre\u00edble cultura.<br \/>\n&nbsp;<br \/>\n&nbsp;<\/p>\n                                                        <\/div>\n            <\/div>\n        <\/div>\n    <\/section>\n    ","protected":false},"excerpt":{"rendered":"","protected":false},"author":2,"featured_media":4445,"comment_status":"closed","ping_status":"closed","sticky":false,"template":"","format":"standard","meta":{"_acf_changed":false,"footnotes":""},"categories":[130],"tags":[3060,1159,1158,568,1160],"class_list":{"0":"post-4420","1":"post","2":"type-post","3":"status-publish","4":"format-standard","5":"has-post-thumbnail","7":"category-moda-sostenible-lujo","8":"tag-africa-es","9":"tag-apropiacion-cultural","10":"tag-comunidades-indigenas","11":"tag-cultura-sostenible","12":"tag-diversidad-cultural"},"acf":[],"yoast_head":"<title>Apropiaci\u00f3n cultural, la manzana envenenada de la moda<\/title>\n<meta name=\"description\" content=\"La industria de la moda se ha enfrentado a m\u00faltiples acusaciones de apropiaci\u00f3n cultural en los \u00faltimos a\u00f1os.\" \/>\n<meta name=\"robots\" content=\"index, follow, max-snippet:-1, max-image-preview:large, max-video-preview:-1\" \/>\n<link rel=\"canonical\" href=\"https:\/\/luxiders.com\/es\/apropiacion-cultural-la-manzana-envenenada-de-la-moda\/\" \/>\n<meta property=\"og:locale\" content=\"es_ES\" \/>\n<meta property=\"og:type\" content=\"article\" \/>\n<meta property=\"og:title\" content=\"Apropiaci\u00f3n cultural, la manzana envenenada de la moda\" \/>\n<meta property=\"og:description\" content=\"La industria de la moda se ha enfrentado a m\u00faltiples acusaciones de apropiaci\u00f3n cultural en los \u00faltimos a\u00f1os.\" \/>\n<meta property=\"og:url\" content=\"https:\/\/luxiders.com\/es\/apropiacion-cultural-la-manzana-envenenada-de-la-moda\/\" \/>\n<meta property=\"og:site_name\" content=\"Sustainable Fashion - Eco Design - Healthy Lifestyle - Luxiders Magazine\" \/>\n<meta property=\"article:published_time\" content=\"2021-06-07T12:28:00+00:00\" \/>\n<meta property=\"article:modified_time\" content=\"2023-06-16T12:46:54+00:00\" \/>\n<meta property=\"og:image\" content=\"https:\/\/luxiders.com\/content\/uploads\/pablo-rebolledo-5ZhM2-ldd5M-unsplash.jpg\" \/>\n\t<meta property=\"og:image:width\" content=\"1900\" \/>\n\t<meta property=\"og:image:height\" content=\"1370\" \/>\n\t<meta property=\"og:image:type\" content=\"image\/jpeg\" \/>\n<meta name=\"author\" content=\"luxiders\" \/>\n<meta name=\"twitter:card\" content=\"summary_large_image\" \/>\n<meta name=\"twitter:label1\" content=\"Written by\" \/>\n\t<meta name=\"twitter:data1\" content=\"luxiders\" \/>\n<script type=\"application\/ld+json\" class=\"yoast-schema-graph\">{\"@context\":\"https:\/\/schema.org\",\"@graph\":[{\"@type\":\"Article\",\"@id\":\"https:\/\/luxiders.com\/es\/apropiacion-cultural-la-manzana-envenenada-de-la-moda\/#article\",\"isPartOf\":{\"@id\":\"https:\/\/luxiders.com\/es\/apropiacion-cultural-la-manzana-envenenada-de-la-moda\/\"},\"author\":{\"name\":\"luxiders\",\"@id\":\"https:\/\/luxiders.com\/es\/#\/schema\/person\/8632fa702ae2ce98f66c396254633de8\"},\"headline\":\"Apropiaci\u00f3n cultural, la manzana envenenada de la moda\",\"datePublished\":\"2021-06-07T12:28:00+00:00\",\"dateModified\":\"2023-06-16T12:46:54+00:00\",\"mainEntityOfPage\":{\"@id\":\"https:\/\/luxiders.com\/es\/apropiacion-cultural-la-manzana-envenenada-de-la-moda\/\"},\"wordCount\":9,\"publisher\":{\"@id\":\"https:\/\/luxiders.com\/es\/#organization\"},\"image\":{\"@id\":\"https:\/\/luxiders.com\/es\/apropiacion-cultural-la-manzana-envenenada-de-la-moda\/#primaryimage\"},\"thumbnailUrl\":\"https:\/\/luxiders.com\/content\/uploads\/pablo-rebolledo-5ZhM2-ldd5M-unsplash.jpg\",\"keywords\":[\"Africa\",\"apropiaci\u00f3n cultural\",\"comunidades indigenas\",\"cultura sostenible\",\"diversidad cultural\"],\"articleSection\":[\"Moda\"],\"inLanguage\":\"es-ES\"},{\"@type\":\"WebPage\",\"@id\":\"https:\/\/luxiders.com\/es\/apropiacion-cultural-la-manzana-envenenada-de-la-moda\/\",\"url\":\"https:\/\/luxiders.com\/es\/apropiacion-cultural-la-manzana-envenenada-de-la-moda\/\",\"name\":\"Apropiaci\u00f3n cultural, la manzana envenenada de la moda\",\"isPartOf\":{\"@id\":\"https:\/\/luxiders.com\/es\/#website\"},\"primaryImageOfPage\":{\"@id\":\"https:\/\/luxiders.com\/es\/apropiacion-cultural-la-manzana-envenenada-de-la-moda\/#primaryimage\"},\"image\":{\"@id\":\"https:\/\/luxiders.com\/es\/apropiacion-cultural-la-manzana-envenenada-de-la-moda\/#primaryimage\"},\"thumbnailUrl\":\"https:\/\/luxiders.com\/content\/uploads\/pablo-rebolledo-5ZhM2-ldd5M-unsplash.jpg\",\"datePublished\":\"2021-06-07T12:28:00+00:00\",\"dateModified\":\"2023-06-16T12:46:54+00:00\",\"description\":\"La industria de la moda se ha enfrentado a m\u00faltiples acusaciones de apropiaci\u00f3n cultural en los \u00faltimos a\u00f1os.\",\"breadcrumb\":{\"@id\":\"https:\/\/luxiders.com\/es\/apropiacion-cultural-la-manzana-envenenada-de-la-moda\/#breadcrumb\"},\"inLanguage\":\"es-ES\",\"potentialAction\":[{\"@type\":\"ReadAction\",\"target\":[\"https:\/\/luxiders.com\/es\/apropiacion-cultural-la-manzana-envenenada-de-la-moda\/\"]}]},{\"@type\":\"ImageObject\",\"inLanguage\":\"es-ES\",\"@id\":\"https:\/\/luxiders.com\/es\/apropiacion-cultural-la-manzana-envenenada-de-la-moda\/#primaryimage\",\"url\":\"https:\/\/luxiders.com\/content\/uploads\/pablo-rebolledo-5ZhM2-ldd5M-unsplash.jpg\",\"contentUrl\":\"https:\/\/luxiders.com\/content\/uploads\/pablo-rebolledo-5ZhM2-ldd5M-unsplash.jpg\",\"width\":1900,\"height\":1370},{\"@type\":\"BreadcrumbList\",\"@id\":\"https:\/\/luxiders.com\/es\/apropiacion-cultural-la-manzana-envenenada-de-la-moda\/#breadcrumb\",\"itemListElement\":[{\"@type\":\"ListItem\",\"position\":1,\"name\":\"Startseite\",\"item\":\"https:\/\/luxiders.com\/es\/\"},{\"@type\":\"ListItem\",\"position\":2,\"name\":\"Moda\",\"item\":\"https:\/\/luxiders.com\/es\/category\/moda-sostenible-lujo\/\"},{\"@type\":\"ListItem\",\"position\":3,\"name\":\"Apropiaci\u00f3n cultural, la manzana envenenada de la moda\"}]},{\"@type\":\"WebSite\",\"@id\":\"https:\/\/luxiders.com\/es\/#website\",\"url\":\"https:\/\/luxiders.com\/es\/\",\"name\":\"Sustainable Fashion - Eco Design - Healthy Lifestyle - Luxiders Magazine\",\"description\":\"Luxiders is a sustainable luxury magazine highlighting the best stories about sustainable fashion, ethical fashion, eco-friendly design, green design, sustainable travel, natural beauty, organic beauty and healthy lifestyle. Know the best high-end, progressive and luxury sustainable brands and designers worldwide.\",\"publisher\":{\"@id\":\"https:\/\/luxiders.com\/es\/#organization\"},\"potentialAction\":[{\"@type\":\"SearchAction\",\"target\":{\"@type\":\"EntryPoint\",\"urlTemplate\":\"https:\/\/luxiders.com\/es\/?s={search_term_string}\"},\"query-input\":{\"@type\":\"PropertyValueSpecification\",\"valueRequired\":true,\"valueName\":\"search_term_string\"}}],\"inLanguage\":\"es-ES\"},{\"@type\":\"Organization\",\"@id\":\"https:\/\/luxiders.com\/es\/#organization\",\"name\":\"Sustainable Fashion - Eco Design - Healthy Lifestyle - Luxiders Magazine\",\"url\":\"https:\/\/luxiders.com\/es\/\",\"logo\":{\"@type\":\"ImageObject\",\"inLanguage\":\"es-ES\",\"@id\":\"https:\/\/luxiders.com\/es\/#\/schema\/logo\/image\/\",\"url\":\"https:\/\/luxiders.com\/content\/uploads\/lux-logo.svg\",\"contentUrl\":\"https:\/\/luxiders.com\/content\/uploads\/lux-logo.svg\",\"caption\":\"Sustainable Fashion - Eco Design - Healthy Lifestyle - Luxiders Magazine\"},\"image\":{\"@id\":\"https:\/\/luxiders.com\/es\/#\/schema\/logo\/image\/\"}},{\"@type\":\"Person\",\"@id\":\"https:\/\/luxiders.com\/es\/#\/schema\/person\/8632fa702ae2ce98f66c396254633de8\",\"name\":\"luxiders\",\"url\":\"https:\/\/luxiders.com\/es\/author\/luxiders\/\"}]}<\/script>","yoast_head_json":{"title":"Apropiaci\u00f3n cultural, la manzana envenenada de la moda","description":"La industria de la moda se ha enfrentado a m\u00faltiples acusaciones de apropiaci\u00f3n cultural en los \u00faltimos a\u00f1os.","robots":{"index":"index","follow":"follow","max-snippet":"max-snippet:-1","max-image-preview":"max-image-preview:large","max-video-preview":"max-video-preview:-1"},"canonical":"https:\/\/luxiders.com\/es\/apropiacion-cultural-la-manzana-envenenada-de-la-moda\/","og_locale":"es_ES","og_type":"article","og_title":"Apropiaci\u00f3n cultural, la manzana envenenada de la moda","og_description":"La industria de la moda se ha enfrentado a m\u00faltiples acusaciones de apropiaci\u00f3n cultural en los \u00faltimos a\u00f1os.","og_url":"https:\/\/luxiders.com\/es\/apropiacion-cultural-la-manzana-envenenada-de-la-moda\/","og_site_name":"Sustainable Fashion - Eco Design - Healthy Lifestyle - Luxiders Magazine","article_published_time":"2021-06-07T12:28:00+00:00","article_modified_time":"2023-06-16T12:46:54+00:00","og_image":[{"width":1900,"height":1370,"url":"https:\/\/luxiders.com\/content\/uploads\/pablo-rebolledo-5ZhM2-ldd5M-unsplash.jpg","type":"image\/jpeg"}],"author":"luxiders","twitter_card":"summary_large_image","twitter_misc":{"Written by":"luxiders"},"schema":{"@context":"https:\/\/schema.org","@graph":[{"@type":"Article","@id":"https:\/\/luxiders.com\/es\/apropiacion-cultural-la-manzana-envenenada-de-la-moda\/#article","isPartOf":{"@id":"https:\/\/luxiders.com\/es\/apropiacion-cultural-la-manzana-envenenada-de-la-moda\/"},"author":{"name":"luxiders","@id":"https:\/\/luxiders.com\/es\/#\/schema\/person\/8632fa702ae2ce98f66c396254633de8"},"headline":"Apropiaci\u00f3n cultural, la manzana envenenada de la moda","datePublished":"2021-06-07T12:28:00+00:00","dateModified":"2023-06-16T12:46:54+00:00","mainEntityOfPage":{"@id":"https:\/\/luxiders.com\/es\/apropiacion-cultural-la-manzana-envenenada-de-la-moda\/"},"wordCount":9,"publisher":{"@id":"https:\/\/luxiders.com\/es\/#organization"},"image":{"@id":"https:\/\/luxiders.com\/es\/apropiacion-cultural-la-manzana-envenenada-de-la-moda\/#primaryimage"},"thumbnailUrl":"https:\/\/luxiders.com\/content\/uploads\/pablo-rebolledo-5ZhM2-ldd5M-unsplash.jpg","keywords":["Africa","apropiaci\u00f3n cultural","comunidades indigenas","cultura sostenible","diversidad cultural"],"articleSection":["Moda"],"inLanguage":"es-ES"},{"@type":"WebPage","@id":"https:\/\/luxiders.com\/es\/apropiacion-cultural-la-manzana-envenenada-de-la-moda\/","url":"https:\/\/luxiders.com\/es\/apropiacion-cultural-la-manzana-envenenada-de-la-moda\/","name":"Apropiaci\u00f3n cultural, la manzana envenenada de la moda","isPartOf":{"@id":"https:\/\/luxiders.com\/es\/#website"},"primaryImageOfPage":{"@id":"https:\/\/luxiders.com\/es\/apropiacion-cultural-la-manzana-envenenada-de-la-moda\/#primaryimage"},"image":{"@id":"https:\/\/luxiders.com\/es\/apropiacion-cultural-la-manzana-envenenada-de-la-moda\/#primaryimage"},"thumbnailUrl":"https:\/\/luxiders.com\/content\/uploads\/pablo-rebolledo-5ZhM2-ldd5M-unsplash.jpg","datePublished":"2021-06-07T12:28:00+00:00","dateModified":"2023-06-16T12:46:54+00:00","description":"La industria de la moda se ha enfrentado a m\u00faltiples acusaciones de apropiaci\u00f3n cultural en los \u00faltimos a\u00f1os.","breadcrumb":{"@id":"https:\/\/luxiders.com\/es\/apropiacion-cultural-la-manzana-envenenada-de-la-moda\/#breadcrumb"},"inLanguage":"es-ES","potentialAction":[{"@type":"ReadAction","target":["https:\/\/luxiders.com\/es\/apropiacion-cultural-la-manzana-envenenada-de-la-moda\/"]}]},{"@type":"ImageObject","inLanguage":"es-ES","@id":"https:\/\/luxiders.com\/es\/apropiacion-cultural-la-manzana-envenenada-de-la-moda\/#primaryimage","url":"https:\/\/luxiders.com\/content\/uploads\/pablo-rebolledo-5ZhM2-ldd5M-unsplash.jpg","contentUrl":"https:\/\/luxiders.com\/content\/uploads\/pablo-rebolledo-5ZhM2-ldd5M-unsplash.jpg","width":1900,"height":1370},{"@type":"BreadcrumbList","@id":"https:\/\/luxiders.com\/es\/apropiacion-cultural-la-manzana-envenenada-de-la-moda\/#breadcrumb","itemListElement":[{"@type":"ListItem","position":1,"name":"Startseite","item":"https:\/\/luxiders.com\/es\/"},{"@type":"ListItem","position":2,"name":"Moda","item":"https:\/\/luxiders.com\/es\/category\/moda-sostenible-lujo\/"},{"@type":"ListItem","position":3,"name":"Apropiaci\u00f3n cultural, la manzana envenenada de la moda"}]},{"@type":"WebSite","@id":"https:\/\/luxiders.com\/es\/#website","url":"https:\/\/luxiders.com\/es\/","name":"Sustainable Fashion - Eco Design - Healthy Lifestyle - Luxiders Magazine","description":"Luxiders is a sustainable luxury magazine highlighting the best stories about sustainable fashion, ethical fashion, eco-friendly design, green design, sustainable travel, natural beauty, organic beauty and healthy lifestyle. Know the best high-end, progressive and luxury sustainable brands and designers worldwide.","publisher":{"@id":"https:\/\/luxiders.com\/es\/#organization"},"potentialAction":[{"@type":"SearchAction","target":{"@type":"EntryPoint","urlTemplate":"https:\/\/luxiders.com\/es\/?s={search_term_string}"},"query-input":{"@type":"PropertyValueSpecification","valueRequired":true,"valueName":"search_term_string"}}],"inLanguage":"es-ES"},{"@type":"Organization","@id":"https:\/\/luxiders.com\/es\/#organization","name":"Sustainable Fashion - Eco Design - Healthy Lifestyle - Luxiders Magazine","url":"https:\/\/luxiders.com\/es\/","logo":{"@type":"ImageObject","inLanguage":"es-ES","@id":"https:\/\/luxiders.com\/es\/#\/schema\/logo\/image\/","url":"https:\/\/luxiders.com\/content\/uploads\/lux-logo.svg","contentUrl":"https:\/\/luxiders.com\/content\/uploads\/lux-logo.svg","caption":"Sustainable Fashion - Eco Design - Healthy Lifestyle - Luxiders Magazine"},"image":{"@id":"https:\/\/luxiders.com\/es\/#\/schema\/logo\/image\/"}},{"@type":"Person","@id":"https:\/\/luxiders.com\/es\/#\/schema\/person\/8632fa702ae2ce98f66c396254633de8","name":"luxiders","url":"https:\/\/luxiders.com\/es\/author\/luxiders\/"}]}},"_links":{"self":[{"href":"https:\/\/luxiders.com\/es\/wp-json\/wp\/v2\/posts\/4420","targetHints":{"allow":["GET"]}}],"collection":[{"href":"https:\/\/luxiders.com\/es\/wp-json\/wp\/v2\/posts"}],"about":[{"href":"https:\/\/luxiders.com\/es\/wp-json\/wp\/v2\/types\/post"}],"author":[{"embeddable":true,"href":"https:\/\/luxiders.com\/es\/wp-json\/wp\/v2\/users\/2"}],"replies":[{"embeddable":true,"href":"https:\/\/luxiders.com\/es\/wp-json\/wp\/v2\/comments?post=4420"}],"version-history":[{"count":3,"href":"https:\/\/luxiders.com\/es\/wp-json\/wp\/v2\/posts\/4420\/revisions"}],"predecessor-version":[{"id":24006,"href":"https:\/\/luxiders.com\/es\/wp-json\/wp\/v2\/posts\/4420\/revisions\/24006"}],"wp:featuredmedia":[{"embeddable":true,"href":"https:\/\/luxiders.com\/es\/wp-json\/wp\/v2\/media\/4445"}],"wp:attachment":[{"href":"https:\/\/luxiders.com\/es\/wp-json\/wp\/v2\/media?parent=4420"}],"wp:term":[{"taxonomy":"category","embeddable":true,"href":"https:\/\/luxiders.com\/es\/wp-json\/wp\/v2\/categories?post=4420"},{"taxonomy":"post_tag","embeddable":true,"href":"https:\/\/luxiders.com\/es\/wp-json\/wp\/v2\/tags?post=4420"}],"curies":[{"name":"wp","href":"https:\/\/api.w.org\/{rel}","templated":true}]}}