{"id":44294,"date":"2024-06-11T16:26:04","date_gmt":"2024-06-11T14:26:04","guid":{"rendered":"http:\/\/luxiders.com.w01cc729.kasserver.com\/?p=44294"},"modified":"2024-06-18T13:37:41","modified_gmt":"2024-06-18T11:37:41","slug":"cambio-climatico-ecologia-el-futuro-y-mas-10-exposiciones-para-visitar-este-verano","status":"publish","type":"post","link":"https:\/\/luxiders.com\/es\/cambio-climatico-ecologia-el-futuro-y-mas-10-exposiciones-para-visitar-este-verano\/","title":{"rendered":"Cambio clim\u00e1tico, ecolog\u00eda, el futuro y m\u00e1s: 10 exposiciones para visitar este verano"},"content":{"rendered":"    <section id=\"textblock-block_8dae51a0b989fe9644f4ab5f3db53cdc\" class=\"section position-relative gp-block gp-textblock pt-0 pb-0\">\n        <div class=\"container\">\n            <div class=\"row g-0\">\n                <div class=\"col-lg-12 content\" data-aos=\"fade-in\" data-aos-duration=\"1000\">\n                                                                                    <div class=\"intro \">\n                            <p>&nbsp;<\/p>\n<p style=\"text-align: center;\"><em>Este verano, aproveche la oportunidad para participar en exposiciones que invitan a la reflexi\u00f3n y que arrojan luz sobre las cuestiones apremiantes de las crisis clim\u00e1ticas y otras cuestiones sociales. Estas exposiciones ofrecen una oportunidad \u00fanica para comprender los desaf\u00edos que enfrentamos y explorar soluciones sostenibles. \u00danase a nosotros mientras exploramos 10 exposiciones impactantes que nos ayudar\u00e1n a fomentar una conexi\u00f3n m\u00e1s profunda entre nosotros y con nuestro planeta.<\/em><\/p>\n                        <\/div>\n                                                                                                <\/div>\n            <\/div>\n        <\/div>\n    <\/section>\n    \n\n    <section id=\"newsletter-block_22266971aee92fecb709d50efc7a15e8\" class=\"section position-relative gp-block gp-newsletter pt-0 pb-0 my-5\">\n        <div class=\"container\">\n            <div class=\"row g-0 pt-4 pb-3\">\n                <div class=\"col-lg-12 content text-center border pt-3\" data-aos=\"fade-in\" data-aos-duration=\"1000\">\n                                            <p><em>Para recibir el Newsletter de Luxiders Magazine,\u00a0<a href=\"https:\/\/landing.mailerlite.com\/webforms\/landing\/w2a1t0\" target=\"_blank\" rel=\"noopener\">suscr\u00edbete aqu\u00ed<\/a><\/em><\/p>\n                                    <\/div>\n            <\/div>\n        <\/div>\n    <\/section>\n    \n\n    <section id=\"textblock-block_99c80465581d312f742fb0e0563c0d4e\" class=\"section position-relative gp-block gp-textblock pt-5 pb-0\">\n        <div class=\"container\">\n            <div class=\"row g-0\">\n                <div class=\"col-lg-12 content\" data-aos=\"fade-in\" data-aos-duration=\"1000\">\n                                                                                <p>IMAGINE: CORAL REEF REGENERATIVE DESIGN<\/p>\n<p>Kunstgewerbemuseum Berlin<br \/>\nBerlin, Germany<br \/>\n3 May &#8211; 23 June<\/p>\n<p>Organizado conjuntamente por el Instituto de Investigaci\u00f3n del Dise\u00f1o de Viena y EOOS, &#8216;Imagine: Coral Reef. Regenerative Design&#8217; es una exposici\u00f3n de dise\u00f1o experimental destinada a explorar la intrincada biodiversidad y la belleza de los arrecifes de coral. Esta exposici\u00f3n destaca la inminente amenaza de extinci\u00f3n que enfrentan estos ecosistemas vitales y demuestra c\u00f3mo los arrecifes de coral inspiran nuevos principios de dise\u00f1o regenerativo, destacando cu\u00e1nto la humanidad a\u00fan tiene que aprender de la naturaleza. La exposici\u00f3n permite a los visitantes explorar el fascinante mundo de la selva submarina, interactuando con un entorno inmersivo y t\u00e1ctil de macrocorales, basado en las instrucciones de dise\u00f1o de Christine y Margaret Wertheim.<\/p>\n                                                        <\/div>\n            <\/div>\n        <\/div>\n    <\/section>\n    \n\n    <section id=\"media-block_c0e51b54f9528163b630aa983483f9b1\" class=\"section position-relative gp-block gp-media pt-0 pb-0\">\n        <div class=\"container\">\n            <div class=\"row g-0\">\n                <div class=\"col-lg-12 content\" data-aos=\"fade-in\" data-aos-duration=\"1000\">\n                                                                            <\/div>\n            <\/div>\n            <div class=\"row g-0\">\n                <div class=\"col-lg-12 img-scaled\">\n                                                                                                                                                <figure class=\"mb-4 pt-lg-3 mb-lg-3 ps-lg-8 pe-lg-8\" data-aos=\"fade-up\" data-aos-duration=\"1000\"><div class=\"img-container\"><img loading=\"lazy\" decoding=\"async\" width=\"1200\" height=\"710\" src=\"https:\/\/luxiders.com\/content\/uploads\/2IMAGINE_Coral_Reef_c_EOOS.jpg\" class=\"img-fluid w-100\" alt=\"Exhibitions to visit this Summer 2024\" srcset=\"https:\/\/luxiders.com\/content\/uploads\/2IMAGINE_Coral_Reef_c_EOOS.jpg 1200w, https:\/\/luxiders.com\/content\/uploads\/2IMAGINE_Coral_Reef_c_EOOS-300x178.jpg 300w, https:\/\/luxiders.com\/content\/uploads\/2IMAGINE_Coral_Reef_c_EOOS-1024x606.jpg 1024w, https:\/\/luxiders.com\/content\/uploads\/2IMAGINE_Coral_Reef_c_EOOS-768x454.jpg 768w\" sizes=\"(max-width: 1200px) 100vw, 1200px\" \/><\/div><figcaption>Imagine. Coral Reef, View of Exhibition, \u00a9 EOOS<\/figcaption><\/figure>                                                                                            <\/div>\n                                            <\/div>\n        <\/div>\n    <\/section>\n    \n\n    <section id=\"textblock-block_f3654becdc7c8ad48515dc347e0fb86e\" class=\"section position-relative gp-block gp-textblock pt-5 pb-0\">\n        <div class=\"container\">\n            <div class=\"row g-0\">\n                <div class=\"col-lg-12 content\" data-aos=\"fade-in\" data-aos-duration=\"1000\">\n                                                                                <p>FARMING FOR FUTURE<\/p>\n<p>Museo de Agricultura y Alimentaci\u00f3n de Canad\u00e1<br \/>\nOttawa, Canad\u00e1<br \/>\nExposici\u00f3n Permanente<\/p>\n<p>Esta exposici\u00f3n aborda el problema de la agricultura y su impacto en el medio ambiente. &#8216;Farming For Future&#8217; permite a los visitantes explorar nuevas tecnolog\u00edas y pr\u00e1cticas agr\u00edcolas que aumentan la eficiencia del cultivo y al mismo tiempo reducen los efectos negativos sobre nuestro clima. La exposici\u00f3n presenta una variedad de actividades interactivas que permiten a los visitantes experimentar c\u00f3mo es conducir un tractor y participar en otras operaciones agr\u00edcolas. \u00a1Aprenda todo sobre lo que hace que el suelo sea saludable y todos los dem\u00e1s factores que influyen en la obtenci\u00f3n de una buena cosecha! Esta es una exhibici\u00f3n permanente en el museo y est\u00e1 dirigida tanto a adultos como a ni\u00f1os.<\/p>\n                                                        <\/div>\n            <\/div>\n        <\/div>\n    <\/section>\n    \n\n    <section id=\"textblock-block_c115b73f23bac4e1ca96c98f0feeaab8\" class=\"section position-relative gp-block gp-textblock pt-0 pb-0\">\n        <div class=\"container\">\n            <div class=\"row g-0\">\n                <div class=\"col-lg-12 content\" data-aos=\"fade-in\" data-aos-duration=\"1000\">\n                                                                                \n<div class=\"brlbs-cmpnt-container brlbs-cmpnt-content-blocker brlbs-cmpnt-with-individual-styles\" data-borlabs-cookie-content-blocker-id=\"default\" data-borlabs-cookie-content=\"PGlmcmFtZSB0aXRsZT0iRmFybWluZyBGb3IgdGhlIEZ1dHVyZSIgd2lkdGg9IjE3NzgiIGhlaWdodD0iMTAwMCIgc3JjPSJodHRwczovL3d3dy55b3V0dWJlLmNvbS9lbWJlZC9wUXpJa1VxRGt2RT9mZWF0dXJlPW9lbWJlZCIgZnJhbWVib3JkZXI9IjAiIGFsbG93PSJhY2NlbGVyb21ldGVyOyBhdXRvcGxheTsgY2xpcGJvYXJkLXdyaXRlOyBlbmNyeXB0ZWQtbWVkaWE7IGd5cm9zY29wZTsgcGljdHVyZS1pbi1waWN0dXJlOyB3ZWItc2hhcmUiIHJlZmVycmVycG9saWN5PSJzdHJpY3Qtb3JpZ2luLXdoZW4tY3Jvc3Mtb3JpZ2luIiBhbGxvd2Z1bGxzY3JlZW4+PC9pZnJhbWU+\">\n<div class=\"brlbs-cmpnt-cb-preset-a\">\n<p class=\"brlbs-cmpnt-cb-description\">Sie sehen gerade einen Platzhalterinhalt von <strong>Standard<\/strong>. Um auf den eigentlichen Inhalt zuzugreifen, klicken Sie auf den Button unten. Bitte beachten Sie, dass dabei Daten an Drittanbieter weitergegeben werden.<\/p>\n<div class=\"brlbs-cmpnt-cb-buttons\"> <a class=\"brlbs-cmpnt-cb-btn\" href=\"#\" data-borlabs-cookie-unblock role=\"button\">Inhalt entsperren<\/a> <a class=\"brlbs-cmpnt-cb-btn\" href=\"#\" data-borlabs-cookie-accept-service role=\"button\" style=\"display: none\">Erforderlichen Service akzeptieren und Inhalte entsperren<\/a> <\/div>\n<p> <a class=\"brlbs-cmpnt-cb-provider-toggle\" href=\"#\" data-borlabs-cookie-show-provider-information role=\"button\">Weitere Informationen<\/a> <\/div>\n<\/div>\n                                                        <\/div>\n            <\/div>\n        <\/div>\n    <\/section>\n    \n\n    <section id=\"textblock-block_b497d0bbe6995a83ec8aa4a32a148c1f\" class=\"section position-relative gp-block gp-textblock pt-5 pb-0\">\n        <div class=\"container\">\n            <div class=\"row g-0\">\n                <div class=\"col-lg-12 content\" data-aos=\"fade-in\" data-aos-duration=\"1000\">\n                                                                                <p>\u00dcBER TOURISMUS<\/p>\n<p style=\"text-align: left;\">Architekturzentrum Wien<br \/>\nViena, Austria<br \/>\n21 de marzo &#8211; 9 de septiembre<\/p>\n<p>El turismo se ha convertido en una parte integral de los estilos de vida occidentales. Si bien la exposici\u00f3n reconoce los beneficios del turismo en el sentido de que genera un apetito saludable por los viajes y el inter\u00e9s por otras culturas, tambi\u00e9n alienta a los visitantes a considerar los impactos ambientales, sociales y clim\u00e1ticos de las vacaciones en el extranjero. Al resaltar las consecuencias negativas del turismo, la exposici\u00f3n invita a los visitantes a imaginar un enfoque diferente, uno que no se base en el consumo y el crecimiento constantes. A trav\u00e9s de ilustraciones, ejemplos y datos, explora diversos fen\u00f3menos que podr\u00edan hacer que el turismo sea m\u00e1s sostenible, beneficiando no s\u00f3lo al medio ambiente sino a la industria en su conjunto.<\/p>\n                                                        <\/div>\n            <\/div>\n        <\/div>\n    <\/section>\n    \n\n    <section id=\"textblock-block_ebc71a17b49a269941ef563aa44a6cda\" class=\"section position-relative gp-block gp-textblock pt-0 pb-0\">\n        <div class=\"container\">\n            <div class=\"row g-0\">\n                <div class=\"col-lg-12 content\" data-aos=\"fade-in\" data-aos-duration=\"1000\">\n                                                                                \n<div class=\"brlbs-cmpnt-container brlbs-cmpnt-content-blocker brlbs-cmpnt-with-individual-styles\" data-borlabs-cookie-content-blocker-id=\"default\" data-borlabs-cookie-content=\"PGlmcmFtZSB0aXRsZT0iQXVzc3RlbGx1bmcgLyBFeGhpYml0aW9uICZxdW90O8OcYmVyIFRvdXJpc211cyAvIFRvb3VyaXNtJnF1b3Q7IDIxLjAzLuKAkzA5LjA5LjIwMjQiIHdpZHRoPSIxNzc4IiBoZWlnaHQ9IjEwMDAiIHNyYz0iaHR0cHM6Ly93d3cueW91dHViZS5jb20vZW1iZWQvWnlPRUlRZ3lRV00\/ZmVhdHVyZT1vZW1iZWQiIGZyYW1lYm9yZGVyPSIwIiBhbGxvdz0iYWNjZWxlcm9tZXRlcjsgYXV0b3BsYXk7IGNsaXBib2FyZC13cml0ZTsgZW5jcnlwdGVkLW1lZGlhOyBneXJvc2NvcGU7IHBpY3R1cmUtaW4tcGljdHVyZTsgd2ViLXNoYXJlIiByZWZlcnJlcnBvbGljeT0ic3RyaWN0LW9yaWdpbi13aGVuLWNyb3NzLW9yaWdpbiIgYWxsb3dmdWxsc2NyZWVuPjwvaWZyYW1lPg==\">\n<div class=\"brlbs-cmpnt-cb-preset-a\">\n<p class=\"brlbs-cmpnt-cb-description\">Sie sehen gerade einen Platzhalterinhalt von <strong>Standard<\/strong>. Um auf den eigentlichen Inhalt zuzugreifen, klicken Sie auf den Button unten. Bitte beachten Sie, dass dabei Daten an Drittanbieter weitergegeben werden.<\/p>\n<div class=\"brlbs-cmpnt-cb-buttons\"> <a class=\"brlbs-cmpnt-cb-btn\" href=\"#\" data-borlabs-cookie-unblock role=\"button\">Inhalt entsperren<\/a> <a class=\"brlbs-cmpnt-cb-btn\" href=\"#\" data-borlabs-cookie-accept-service role=\"button\" style=\"display: none\">Erforderlichen Service akzeptieren und Inhalte entsperren<\/a> <\/div>\n<p> <a class=\"brlbs-cmpnt-cb-provider-toggle\" href=\"#\" data-borlabs-cookie-show-provider-information role=\"button\">Weitere Informationen<\/a> <\/div>\n<\/div>\n                                                        <\/div>\n            <\/div>\n        <\/div>\n    <\/section>\n    \n\n    <section id=\"textblock-block_4e89288277617413c723541e9fbceeea\" class=\"section position-relative gp-block gp-textblock pt-5 pb-0\">\n        <div class=\"container\">\n            <div class=\"row g-0\">\n                <div class=\"col-lg-12 content\" data-aos=\"fade-in\" data-aos-duration=\"1000\">\n                                                                                <p>RESTOR(Y)ING OCEANIA<\/p>\n<p>Ocean Space<br \/>\nVenecia, Italia<br \/>\n23 de marzo \u2013 13 de octubre<\/p>\n<p>Ocean Space presenta una perspectiva vital a los debates actuales sobre el mundo natural con su exposici\u00f3n &#8220;Re-Stor(y)ing Oceania&#8221;. Esta exposici\u00f3n destaca el trabajo y la vida de los m\u00e1s afectados por la crisis clim\u00e1tica: las comunidades ind\u00edgenas de las islas del Pac\u00edfico. Estas comunidades tienen una relaci\u00f3n profunda y antigua con la naturaleza, sin embargo, la colonizaci\u00f3n y su legado continuo han llevado a la explotaci\u00f3n de sus recursos naturales. En esta era de crisis ambientales, la exposici\u00f3n busca contrarrestar esta explotaci\u00f3n celebrando el arte, la m\u00fasica y la cultura ind\u00edgena oce\u00e1nica. Los visitantes pueden desarrollar una nueva comprensi\u00f3n y aprecio por estas culturas antiguas y aprender sobre los poderes ancestrales duraderos integrados en el mundo natural.<\/p>\n                                                        <\/div>\n            <\/div>\n        <\/div>\n    <\/section>\n    \n\n    <section id=\"media-block_6597f685582715ac8b699509fb6c6914\" class=\"section position-relative gp-block gp-media pt-0 pb-0\">\n        <div class=\"container\">\n            <div class=\"row g-0\">\n                <div class=\"col-lg-12 content\" data-aos=\"fade-in\" data-aos-duration=\"1000\">\n                                                                            <\/div>\n            <\/div>\n            <div class=\"row g-0\">\n                <div class=\"col-lg-6 \">\n                                                                                                                                                <figure class=\"mb-4 pt-lg-3 mb-lg-3 ps-lg-0 pe-lg-3\" data-aos=\"fade-up\" data-aos-duration=\"1000\"><div class=\"img-container\"><img loading=\"lazy\" decoding=\"async\" width=\"1200\" height=\"800\" src=\"https:\/\/luxiders.com\/content\/uploads\/1_OS_Exhibition_Re-Storying-Oceania_Latai-Taumoepeau_Ph.-Giacomo-Cosua_C1330141.jpg\" class=\"img-fluid w-100\" alt=\"\" srcset=\"https:\/\/luxiders.com\/content\/uploads\/1_OS_Exhibition_Re-Storying-Oceania_Latai-Taumoepeau_Ph.-Giacomo-Cosua_C1330141.jpg 1200w, https:\/\/luxiders.com\/content\/uploads\/1_OS_Exhibition_Re-Storying-Oceania_Latai-Taumoepeau_Ph.-Giacomo-Cosua_C1330141-300x200.jpg 300w, https:\/\/luxiders.com\/content\/uploads\/1_OS_Exhibition_Re-Storying-Oceania_Latai-Taumoepeau_Ph.-Giacomo-Cosua_C1330141-1024x683.jpg 1024w, https:\/\/luxiders.com\/content\/uploads\/1_OS_Exhibition_Re-Storying-Oceania_Latai-Taumoepeau_Ph.-Giacomo-Cosua_C1330141-768x512.jpg 768w\" sizes=\"(max-width: 1200px) 100vw, 1200px\" \/><\/div><figcaption>Latai Taumoepeau, \u201cDeep Communion sung in minor (ArchipelaGO, THIS IS NOT A DRILL)\u201d, 2024. Exhibition view of \u201cRe-Stor(y)ing Oceania\u201d, Ocean Space, Venice. Co-commissioned by TBA21\u2013Academy and Artspace, and produced in partnership with OGR Torino. Photo: Giacomo Cosua<\/figcaption><\/figure>                                                                                            <\/div>\n                                    <div class=\"col-lg-6\">\n                                                                                                                                                        <figure class=\"mb-4 pt-lg-3 mb-lg-3 ps-lg-3 pe-lg-0\" data-aos=\"fade-up\" data-aos-duration=\"1000\"><div class=\"img-container\"><img loading=\"lazy\" decoding=\"async\" width=\"1200\" height=\"800\" src=\"https:\/\/luxiders.com\/content\/uploads\/15_NM-223-1.jpg\" class=\"img-fluid w-100\" alt=\"\" srcset=\"https:\/\/luxiders.com\/content\/uploads\/15_NM-223-1.jpg 1200w, https:\/\/luxiders.com\/content\/uploads\/15_NM-223-1-300x200.jpg 300w, https:\/\/luxiders.com\/content\/uploads\/15_NM-223-1-1024x683.jpg 1024w, https:\/\/luxiders.com\/content\/uploads\/15_NM-223-1-768x512.jpg 768w\" sizes=\"(max-width: 1200px) 100vw, 1200px\" \/><\/div><figcaption>Elisapeta Hinemoa Heta, \u201cThe Body of Wainui\u0101tea\u201d, 2024. Exhibition view of \u201cRe-Stor(y)ing Oceania\u201d, Ocean Space, Venice. Co-commissioned by TBA21\u2013Academy and Artspace, and produced in partnership with OGR Torino. Photo: Giacomo Cosua<\/figcaption><\/figure>                                                                                                        <\/div>\n                                            <\/div>\n        <\/div>\n    <\/section>\n    \n\n    <section id=\"textblock-block_f2e279e7936001a276b7ecb09d6704c4\" class=\"section position-relative gp-block gp-textblock pt-5 pb-0\">\n        <div class=\"container\">\n            <div class=\"row g-0\">\n                <div class=\"col-lg-12 content\" data-aos=\"fade-in\" data-aos-duration=\"1000\">\n                                                                                <p>TS&#8217;UU CEDAR &#8211; OF TREES AND PEOPLE<\/p>\n<p>Humboldt Lab<br \/>\nBerl\u00edn, Alemania<br \/>\nHasta el 12 de enero de 2025<\/p>\n<p>Haci\u00e9ndose eco de los temas explorados por Ocean Space, esta exposici\u00f3n, organizada por el Laboratorio Humboldt de Berl\u00edn en colaboraci\u00f3n con el Museo Haida Gwaii de la Columbia Brit\u00e1nica, Canad\u00e1, profundiza en la antigua conexi\u00f3n entre la tierra y su gente. Se centra en la cultura y el arte de las comunidades ind\u00edgenas, destacando espec\u00edficamente las Primeras Naciones y su profundo v\u00ednculo con las selvas tropicales costeras, muchas de las cuales han sido devastadas por actividades industriales. Un elemento central de esta exposici\u00f3n es la importancia del cedro, que juega un papel crucial en el arte, el sustento y el conocimiento ecol\u00f3gico de estas comunidades.<\/p>\n                                                        <\/div>\n            <\/div>\n        <\/div>\n    <\/section>\n    \n\n    <section id=\"media-block_ecbbe8c4c31d5410314885b39533186c\" class=\"section position-relative gp-block gp-media pt-0 pb-0\">\n        <div class=\"container\">\n            <div class=\"row g-0\">\n                <div class=\"col-lg-12 content\" data-aos=\"fade-in\" data-aos-duration=\"1000\">\n                                                                            <\/div>\n            <\/div>\n            <div class=\"row g-0\">\n                <div class=\"col-lg-6 \">\n                                                                                                                                                <figure class=\"mb-4 pt-lg-3 mb-lg-3 ps-lg-0 pe-lg-3\" data-aos=\"fade-up\" data-aos-duration=\"1000\"><div class=\"img-container\"><img loading=\"lazy\" decoding=\"async\" width=\"1200\" height=\"791\" src=\"https:\/\/luxiders.com\/content\/uploads\/SHF_eb00207794.jpg\" class=\"img-fluid w-100\" alt=\"\" srcset=\"https:\/\/luxiders.com\/content\/uploads\/SHF_eb00207794.jpg 1200w, https:\/\/luxiders.com\/content\/uploads\/SHF_eb00207794-300x198.jpg 300w, https:\/\/luxiders.com\/content\/uploads\/SHF_eb00207794-1024x675.jpg 1024w, https:\/\/luxiders.com\/content\/uploads\/SHF_eb00207794-768x506.jpg 768w\" sizes=\"(max-width: 1200px) 100vw, 1200px\" \/><\/div><figcaption>View of the temporary exhibition \u201eTs&#8217;uu \u2013 Cedar. Of Trees and People\u201c Credit: Stiftung Humboldt Forum im Berliner Schloss, photo: Andreas K\u00f6nig<\/figcaption><\/figure>                                                                                            <\/div>\n                                    <div class=\"col-lg-6\">\n                                                                                                                                                        <figure class=\"mb-4 pt-lg-3 mb-lg-3 ps-lg-3 pe-lg-0\" data-aos=\"fade-up\" data-aos-duration=\"1000\"><div class=\"img-container\"><img loading=\"lazy\" decoding=\"async\" width=\"1200\" height=\"850\" src=\"https:\/\/luxiders.com\/content\/uploads\/SHF_eb00061444_Verwandlungsmaske-Klappmaske-fAr-den-Tanz.jpg\" class=\"img-fluid w-100\" alt=\"\" srcset=\"https:\/\/luxiders.com\/content\/uploads\/SHF_eb00061444_Verwandlungsmaske-Klappmaske-fAr-den-Tanz.jpg 1200w, https:\/\/luxiders.com\/content\/uploads\/SHF_eb00061444_Verwandlungsmaske-Klappmaske-fAr-den-Tanz-300x213.jpg 300w, https:\/\/luxiders.com\/content\/uploads\/SHF_eb00061444_Verwandlungsmaske-Klappmaske-fAr-den-Tanz-1024x725.jpg 1024w, https:\/\/luxiders.com\/content\/uploads\/SHF_eb00061444_Verwandlungsmaske-Klappmaske-fAr-den-Tanz-768x544.jpg 768w\" sizes=\"(max-width: 1200px) 100vw, 1200px\" \/><\/div><figcaption>Figure of an eagle showing the double-headed snake monster Sisiutl when opened Credit: Staatliche Museen zu Berlin, Ethnologisches Museum, digital reproduction: Lars Malareck<\/figcaption><\/figure>                                                                                                        <\/div>\n                                            <\/div>\n        <\/div>\n    <\/section>\n    \n\n    <section id=\"textblock-block_aa3226467d76edce4b073cdf87e8d4c5\" class=\"section position-relative gp-block gp-textblock pt-5 pb-0\">\n        <div class=\"container\">\n            <div class=\"row g-0\">\n                <div class=\"col-lg-12 content\" data-aos=\"fade-in\" data-aos-duration=\"1000\">\n                                                                                <p>PLANET OCEAN<\/p>\n<p>The Box<br \/>\nPlymouth, Reino Unido<br \/>\n16 de marzo &#8211; 23 de febrero<\/p>\n<p>Ubicado en la ciudad costera de Plymouth, Planet Ocean explora la ciudad y la relaci\u00f3n pasada y presente de sus habitantes con el oc\u00e9ano. La exposici\u00f3n muestra colecciones de espec\u00edmenes, objetos y obras de arte relacionados con los temas generales del plancton, la contaminaci\u00f3n, las personas y el planeta, para compartir los hechos, hallazgos e historias que traen esperanza frente a las crisis clim\u00e1ticas y promueven la defensa del oc\u00e9ano. en el futuro. La exposici\u00f3n cuenta con el apoyo de organizaciones con sede en los oc\u00e9anos del suroeste, como el Laboratorio Marino de Plymouth y la Asociaci\u00f3n de Biolog\u00eda Marina.<\/p>\n                                                        <\/div>\n            <\/div>\n        <\/div>\n    <\/section>\n    \n\n    <section id=\"media-block_22ed31ccf18795ba01a302014343e65e\" class=\"section position-relative gp-block gp-media pt-0 pb-0\">\n        <div class=\"container\">\n            <div class=\"row g-0\">\n                <div class=\"col-lg-12 content\" data-aos=\"fade-in\" data-aos-duration=\"1000\">\n                                                                            <\/div>\n            <\/div>\n            <div class=\"row g-0\">\n                <div class=\"col-lg-12 img-scaled\">\n                                                                                                                                                <figure class=\"mb-4 pt-lg-3 mb-lg-3 ps-lg-8 pe-lg-8\" data-aos=\"fade-up\" data-aos-duration=\"1000\"><div class=\"img-container\"><img loading=\"lazy\" decoding=\"async\" width=\"2546\" height=\"1180\" src=\"https:\/\/luxiders.com\/content\/uploads\/Screenshot-2024-06-06-at-22.15.29.jpg\" class=\"img-fluid w-100\" alt=\"\" srcset=\"https:\/\/luxiders.com\/content\/uploads\/Screenshot-2024-06-06-at-22.15.29.jpg 2546w, https:\/\/luxiders.com\/content\/uploads\/Screenshot-2024-06-06-at-22.15.29-300x139.jpg 300w, https:\/\/luxiders.com\/content\/uploads\/Screenshot-2024-06-06-at-22.15.29-1024x475.jpg 1024w, https:\/\/luxiders.com\/content\/uploads\/Screenshot-2024-06-06-at-22.15.29-768x356.jpg 768w, https:\/\/luxiders.com\/content\/uploads\/Screenshot-2024-06-06-at-22.15.29-1536x712.jpg 1536w, https:\/\/luxiders.com\/content\/uploads\/Screenshot-2024-06-06-at-22.15.29-2048x949.jpg 2048w\" sizes=\"(max-width: 2546px) 100vw, 2546px\" \/><\/div><figcaption>From The Opening Evening of Planet Ocean on 23rd March. Courtesy of The Box, Plymouth<\/figcaption><\/figure>                                                                                            <\/div>\n                                            <\/div>\n        <\/div>\n    <\/section>\n    \n\n    <section id=\"textblock-block_7f8b4b8f07cb15c5dbe3ae382061a26f\" class=\"section position-relative gp-block gp-textblock pt-5 pb-0\">\n        <div class=\"container\">\n            <div class=\"row g-0\">\n                <div class=\"col-lg-12 content\" data-aos=\"fade-in\" data-aos-duration=\"1000\">\n                                                                                <p>HUMAN\/NATURE: SELECTION FROM THE DEPARTMENT OF DRAWINGS AND PRINTS.<\/p>\n<p>The MET<br \/>\nNueva York, Estados Unidos<br \/>\n13 de junio &#8211; 24 de septiembre<\/p>\n<p>Centrada en dibujos, grabados e ilustraciones de Am\u00e9rica y Europa desde el siglo XV hasta el presente, esta exposici\u00f3n se centra en la evoluci\u00f3n de la relaci\u00f3n entre la naturaleza y la humanidad retratada por varios artistas a lo largo de los siglos. Ofrece una visi\u00f3n sorprendente de las cambiantes t\u00e9cnicas art\u00edsticas y pr\u00e1cticas visuales a trav\u00e9s de los tiempos, as\u00ed como una profunda exploraci\u00f3n de la comprensi\u00f3n de la humanidad y su perdurable fascinaci\u00f3n por el mundo natural. Desde los primeros dibujos de historia natural de insectos y plantas hasta grabados que representan desastres naturales del pasado y del presente, esta exposici\u00f3n captura v\u00edvidamente c\u00f3mo la humanidad oscila entre la admiraci\u00f3n por la naturaleza y una profunda sensaci\u00f3n de horror ante su poder.<\/p>\n                                                        <\/div>\n            <\/div>\n        <\/div>\n    <\/section>\n    \n\n    <section id=\"media-block_545762b6aab50f0ca28ec93d71e37dac\" class=\"section position-relative gp-block gp-media pt-0 pb-0\">\n        <div class=\"container\">\n            <div class=\"row g-0\">\n                <div class=\"col-lg-12 content\" data-aos=\"fade-in\" data-aos-duration=\"1000\">\n                                                                            <\/div>\n            <\/div>\n            <div class=\"row g-0\">\n                <div class=\"col-lg-12 img-scaled\">\n                                                                                                                                                <figure class=\"mb-4 pt-lg-3 mb-lg-3 ps-lg-8 pe-lg-8\" data-aos=\"fade-up\" data-aos-duration=\"1000\"><div class=\"img-container\"><img loading=\"lazy\" decoding=\"async\" width=\"1200\" height=\"523\" src=\"https:\/\/luxiders.com\/content\/uploads\/DP802108.jpg\" class=\"img-fluid w-100\" alt=\"\" srcset=\"https:\/\/luxiders.com\/content\/uploads\/DP802108.jpg 1200w, https:\/\/luxiders.com\/content\/uploads\/DP802108-300x131.jpg 300w, https:\/\/luxiders.com\/content\/uploads\/DP802108-1024x446.jpg 1024w, https:\/\/luxiders.com\/content\/uploads\/DP802108-768x335.jpg 768w\" sizes=\"(max-width: 1200px) 100vw, 1200px\" \/><\/div><figcaption>Jan van Kessel (Flemish, 1626\u20131679). Butterflies, a dragonfly, and other insects, 1662. Black chalk, watercolor and gouache on parchment. The Metropolitan Museum of Art, Purchase, Mrs. Howard J. Barnet Gift, 2004 (2004.129)<\/figcaption><\/figure>                                                                                            <\/div>\n                                            <\/div>\n        <\/div>\n    <\/section>\n    \n\n    <section id=\"textblock-block_cbed6bbcf30568af078039f1c332d506\" class=\"section position-relative gp-block gp-textblock pt-5 pb-0\">\n        <div class=\"container\">\n            <div class=\"row g-0\">\n                <div class=\"col-lg-12 content\" data-aos=\"fade-in\" data-aos-duration=\"1000\">\n                                                                                <p>COAL + ICE<\/p>\n<p>Asia Society and Museum<br \/>\nNueva York, Estados Unidos<br \/>\n13 de febrero &#8211; 11 de agosto<\/p>\n<p>Esta exposici\u00f3n aborda el coraz\u00f3n de la crisis clim\u00e1tica, presentando a los visitantes fotograf\u00edas y videos cautivadores que visualizan las causas y consecuencias devastadoras del cambio clim\u00e1tico, al tiempo que destacan las soluciones creativas que existen para combatir el problema. La exposici\u00f3n presenta el trabajo de m\u00e1s de 30 fot\u00f3grafos y artistas de todo el mundo, cuyo trabajo explora una progresi\u00f3n de un siglo de cambio clim\u00e1tico, desde las profundidades de las minas de carb\u00f3n hasta el derretimiento de los glaciares del Himalaya. La exposici\u00f3n tiene su origen en Beijing, China y desde entonces se ha exhibido en Par\u00eds, San Francisco, Washington DC y ahora en Nueva York.<\/p>\n                                                        <\/div>\n            <\/div>\n        <\/div>\n    <\/section>\n    \n\n    <section id=\"media-block_1d0b741dae39448283898d6c29a8bc24\" class=\"section position-relative gp-block gp-media pt-0 pb-0\">\n        <div class=\"container\">\n            <div class=\"row g-0\">\n                <div class=\"col-lg-12 content\" data-aos=\"fade-in\" data-aos-duration=\"1000\">\n                                                                            <\/div>\n            <\/div>\n            <div class=\"row g-0\">\n                <div class=\"col-lg-12 img-scaled\">\n                                                                                                                                                <figure class=\"mb-4 pt-lg-3 mb-lg-3 ps-lg-8 pe-lg-8\" data-aos=\"fade-up\" data-aos-duration=\"1000\"><div class=\"img-container\"><img loading=\"lazy\" decoding=\"async\" width=\"1500\" height=\"1000\" src=\"https:\/\/luxiders.com\/content\/uploads\/Camille-Seaman_Antarctica_2016-2.jpg\" class=\"img-fluid w-100\" alt=\"\" srcset=\"https:\/\/luxiders.com\/content\/uploads\/Camille-Seaman_Antarctica_2016-2.jpg 1500w, https:\/\/luxiders.com\/content\/uploads\/Camille-Seaman_Antarctica_2016-2-300x200.jpg 300w, https:\/\/luxiders.com\/content\/uploads\/Camille-Seaman_Antarctica_2016-2-1024x683.jpg 1024w, https:\/\/luxiders.com\/content\/uploads\/Camille-Seaman_Antarctica_2016-2-768x512.jpg 768w\" sizes=\"(max-width: 1500px) 100vw, 1500px\" \/><\/div><figcaption>Exhibit from COAL + ICE: Camille Seaman, Iceberg in Blood Red Sea, Lemaire Channel, Antarctica, 2016. Courtesy of the artist<\/figcaption><\/figure>                                                                                            <\/div>\n                                            <\/div>\n        <\/div>\n    <\/section>\n    \n\n    <section id=\"textblock-block_9a7d97e8c8b8d914a102cd46f0320b44\" class=\"section position-relative gp-block gp-textblock pt-5 pb-0\">\n        <div class=\"container\">\n            <div class=\"row g-0\">\n                <div class=\"col-lg-12 content\" data-aos=\"fade-in\" data-aos-duration=\"1000\">\n                                                                                <p>FUTURE NOW.<\/p>\n<p>Scone Administration Centre<br \/>\nNueva Gales del Sur, Australia.<br \/>\n10 junio &#8211; 15 noviembre<\/p>\n<p>Organizada por el Museo Australiano, la exposici\u00f3n The Future Now ha estado de gira por partes de Australia durante 2 a\u00f1os. Su \u00faltima parada ser\u00e1 en el Centro de Administraci\u00f3n Scone en Nueva Gales del Sur. Future now es una exposici\u00f3n repleta de nuevas e interesantes ideas que imaginan un futuro sostenible para todos. Con modelos a escala, contenido audiovisual y m\u00e1s, la exposici\u00f3n representa un futuro de autos voladores y jardines comunitarios. La exposici\u00f3n pretende mostrar las formas en que se pueden incorporar nuevas innovaciones a la vida diaria para que podamos formar una relaci\u00f3n simbi\u00f3tica con el mundo natural sin comprometer nuestro deseo de avance. Salga de esta exposici\u00f3n con un conjunto de herramientas lleno de ideas para ayudar a reducir costos, proteger la biodiversidad y combatir el cambio clim\u00e1tico.<\/p>\n                                                        <\/div>\n            <\/div>\n        <\/div>\n    <\/section>\n    \n\n    <section id=\"media-block_5f2e17dd1391dbe3325f3d74f5aa24b7\" class=\"section position-relative gp-block gp-media pt-0 pb-0\">\n        <div class=\"container\">\n            <div class=\"row g-0\">\n                <div class=\"col-lg-12 content\" data-aos=\"fade-in\" data-aos-duration=\"1000\">\n                                                                            <\/div>\n            <\/div>\n            <div class=\"row g-0\">\n                <div class=\"col-lg-6 \">\n                                                                                                                                                <figure class=\"mb-4 pt-lg-3 mb-lg-3 ps-lg-0 pe-lg-3\" data-aos=\"fade-up\" data-aos-duration=\"1000\"><div class=\"img-container\"><img loading=\"lazy\" decoding=\"async\" width=\"2011\" height=\"1432\" src=\"https:\/\/luxiders.com\/content\/uploads\/Screenshot-2024-06-06-at-22.23.31.jpg\" class=\"img-fluid w-100\" alt=\"\" srcset=\"https:\/\/luxiders.com\/content\/uploads\/Screenshot-2024-06-06-at-22.23.31.jpg 2011w, https:\/\/luxiders.com\/content\/uploads\/Screenshot-2024-06-06-at-22.23.31-300x214.jpg 300w, https:\/\/luxiders.com\/content\/uploads\/Screenshot-2024-06-06-at-22.23.31-1024x729.jpg 1024w, https:\/\/luxiders.com\/content\/uploads\/Screenshot-2024-06-06-at-22.23.31-768x547.jpg 768w, https:\/\/luxiders.com\/content\/uploads\/Screenshot-2024-06-06-at-22.23.31-1536x1094.jpg 1536w\" sizes=\"(max-width: 2011px) 100vw, 2011px\" \/><\/div><figcaption>Future Now Exhibition Opening at Stockland Burleigh Heads. \u00a9 Australian Museum<\/figcaption><\/figure>                                                                                            <\/div>\n                                    <div class=\"col-lg-6\">\n                                                                                                                                                        <figure class=\"mb-4 pt-lg-3 mb-lg-3 ps-lg-3 pe-lg-0\" data-aos=\"fade-up\" data-aos-duration=\"1000\"><div class=\"img-container\"><img loading=\"lazy\" decoding=\"async\" width=\"2046\" height=\"1418\" src=\"https:\/\/luxiders.com\/content\/uploads\/Screenshot-2024-06-06-at-22.24.07.jpg\" class=\"img-fluid w-100\" alt=\"\" srcset=\"https:\/\/luxiders.com\/content\/uploads\/Screenshot-2024-06-06-at-22.24.07.jpg 2046w, https:\/\/luxiders.com\/content\/uploads\/Screenshot-2024-06-06-at-22.24.07-300x208.jpg 300w, https:\/\/luxiders.com\/content\/uploads\/Screenshot-2024-06-06-at-22.24.07-1024x710.jpg 1024w, https:\/\/luxiders.com\/content\/uploads\/Screenshot-2024-06-06-at-22.24.07-768x532.jpg 768w, https:\/\/luxiders.com\/content\/uploads\/Screenshot-2024-06-06-at-22.24.07-1536x1065.jpg 1536w\" sizes=\"(max-width: 2046px) 100vw, 2046px\" \/><\/div><figcaption>Future Now Exhibition opening Stockland Burleigh Heads \u00a9 Stockland<\/figcaption><\/figure>                                                                                                        <\/div>\n                                            <\/div>\n        <\/div>\n    <\/section>\n    \n\n    <section id=\"textblock-block_3cef50c7696bd01903866af2e8c47852\" class=\"section position-relative gp-block gp-textblock pt-5 pb-0\">\n        <div class=\"container\">\n            <div class=\"row g-0\">\n                <div class=\"col-lg-12 content\" data-aos=\"fade-in\" data-aos-duration=\"1000\">\n                                                                                <p>EXTREME ICE<\/p>\n<p>Griffin Museum of Science + Industry<br \/>\nChicago, Estados Unidos<br \/>\nExposici\u00f3n Permanente<\/p>\n<p>La exposici\u00f3n \u201cExtreme Ice\u201d es actualmente una de las atracciones m\u00e1s atractivas e impactantes del Museo Griffin de Ciencia e Industria de Chicago. Esta experiencia de inmersi\u00f3n lleva a los visitantes a glaciares remotos del mundo para presenciar de cerca el impacto devastador del cambio clim\u00e1tico. La exposici\u00f3n tiene como objetivo inspirar asombro ante la belleza y la inmensidad de los glaciares cubiertos de hielo y al mismo tiempo crear conciencia sobre el tema cr\u00edtico del calentamiento global y el derretimiento del hielo. Es probable que los visitantes se vayan con un compromiso renovado de combatir el problema del calentamiento global y preservar lo que queda de belleza del mundo natural. Esta es una exhibici\u00f3n permanente en el instituto y es apropiada para todas las edades.<\/p>\n                                                        <\/div>\n            <\/div>\n        <\/div>\n    <\/section>\n    \n\n    <section id=\"media-block_cf287d9f2dbb001f8d78a4c3e8dee3be\" class=\"section position-relative gp-block gp-media pt-0 pb-0\">\n        <div class=\"container\">\n            <div class=\"row g-0\">\n                <div class=\"col-lg-12 content\" data-aos=\"fade-in\" data-aos-duration=\"1000\">\n                                                                            <\/div>\n            <\/div>\n            <div class=\"row g-0\">\n                <div class=\"col-lg-6 \">\n                                                                                                                                                <figure class=\"mb-4 pt-lg-3 mb-lg-3 ps-lg-0 pe-lg-3\" data-aos=\"fade-up\" data-aos-duration=\"1000\"><div class=\"img-container\"><img loading=\"lazy\" decoding=\"async\" width=\"1200\" height=\"800\" src=\"https:\/\/luxiders.com\/content\/uploads\/170324-PR-ExtremeIce-PressOpening-KC-14.jpg\" class=\"img-fluid w-100\" alt=\"\" srcset=\"https:\/\/luxiders.com\/content\/uploads\/170324-PR-ExtremeIce-PressOpening-KC-14.jpg 1200w, https:\/\/luxiders.com\/content\/uploads\/170324-PR-ExtremeIce-PressOpening-KC-14-300x200.jpg 300w, https:\/\/luxiders.com\/content\/uploads\/170324-PR-ExtremeIce-PressOpening-KC-14-1024x683.jpg 1024w, https:\/\/luxiders.com\/content\/uploads\/170324-PR-ExtremeIce-PressOpening-KC-14-768x512.jpg 768w\" sizes=\"(max-width: 1200px) 100vw, 1200px\" \/><\/div><figcaption>Opening day of Extreme Ice exhibit at Kasumi Chow\/Museum of Science and Industry, Chicago<\/figcaption><\/figure>                                                                                            <\/div>\n                                    <div class=\"col-lg-6\">\n                                                                                                                                                        <figure class=\"mb-4 pt-lg-3 mb-lg-3 ps-lg-3 pe-lg-0\" data-aos=\"fade-up\" data-aos-duration=\"1000\"><div class=\"img-container\"><img loading=\"lazy\" decoding=\"async\" width=\"1200\" height=\"802\" src=\"https:\/\/luxiders.com\/content\/uploads\/MM7792_090628_0391R_26x17_EDIT-R.jpg\" class=\"img-fluid w-100\" alt=\"\" srcset=\"https:\/\/luxiders.com\/content\/uploads\/MM7792_090628_0391R_26x17_EDIT-R.jpg 1200w, https:\/\/luxiders.com\/content\/uploads\/MM7792_090628_0391R_26x17_EDIT-R-300x201.jpg 300w, https:\/\/luxiders.com\/content\/uploads\/MM7792_090628_0391R_26x17_EDIT-R-1024x684.jpg 1024w, https:\/\/luxiders.com\/content\/uploads\/MM7792_090628_0391R_26x17_EDIT-R-768x513.jpg 768w\" sizes=\"(max-width: 1200px) 100vw, 1200px\" \/><\/div><figcaption>Exhibit : A water river formed by glacier melt in Greenland, by James Balog, Earth Vision Institute<\/figcaption><\/figure>                                                                                                        <\/div>\n                                            <\/div>\n        <\/div>\n    <\/section>\n    \n\n    <section id=\"textblock-block_b492791264636a75c1624c46c1e94e7a\" class=\"section position-relative gp-block gp-textblock pt-5 pb-0\">\n        <div class=\"container\">\n            <div class=\"row g-0\">\n                <div class=\"col-lg-12 content\" data-aos=\"fade-in\" data-aos-duration=\"1000\">\n                                                                                <p>&nbsp;<\/p>\n<p>&nbsp;<\/p>\n<p style=\"text-align: center;\"><strong><em>Highlight Image: <b><i>\u00a9 Courtesy The Australian Museum<\/i><\/b><br \/>\n<\/em><\/strong><\/p>\n<p style=\"text-align: center;\"><strong><em>+ Words:<br \/>\n<\/em><\/strong><strong><em>Liza Silva<br \/>\n<\/em><\/strong><strong><em>Luxiders Magazine<\/em><\/strong><\/p>\n<p>&nbsp;<\/p>\n                                                        <\/div>\n            <\/div>\n        <\/div>\n    <\/section>\n    ","protected":false},"excerpt":{"rendered":"","protected":false},"author":11,"featured_media":44323,"comment_status":"closed","ping_status":"closed","sticky":false,"template":"","format":"standard","meta":{"_acf_changed":false,"footnotes":""},"categories":[378,314,2733],"tags":[5112,3039,3276,2921,1724,5349,8306,242],"class_list":{"0":"post-44294","1":"post","2":"type-post","3":"status-publish","4":"format-standard","5":"has-post-thumbnail","7":"category-arte-cultura","8":"category-food","9":"category-lifestyle-es","10":"tag-art-es","11":"tag-berlin-2-es","12":"tag-climate-change-es","13":"tag-exhibitions-es","14":"tag-exposiciones-arte-sostenible","15":"tag-exposiciones-climaticas","16":"tag-exposiciones-relacionadas-con-la-sostenibilidad","17":"tag-sustainability-es"},"acf":[],"yoast_head":"<title>10 exposiciones para visitar este veran | Luxiders Magazine<\/title>\n<meta name=\"description\" content=\"Este verano, aproveche la oportunidad para participar en exposiciones que invitan a la reflexi\u00f3n y que arrojan luz sobre las cuestiones...\" \/>\n<meta name=\"robots\" content=\"index, follow, max-snippet:-1, max-image-preview:large, max-video-preview:-1\" \/>\n<link rel=\"canonical\" href=\"https:\/\/luxiders.com\/es\/cambio-climatico-ecologia-el-futuro-y-mas-10-exposiciones-para-visitar-este-verano\/\" \/>\n<meta property=\"og:locale\" content=\"es_ES\" \/>\n<meta property=\"og:type\" content=\"article\" \/>\n<meta property=\"og:title\" content=\"10 exposiciones para visitar este veran | Luxiders Magazine\" \/>\n<meta property=\"og:description\" content=\"Este verano, aproveche la oportunidad para participar en exposiciones que invitan a la reflexi\u00f3n y que arrojan luz sobre las cuestiones...\" \/>\n<meta property=\"og:url\" content=\"https:\/\/luxiders.com\/es\/cambio-climatico-ecologia-el-futuro-y-mas-10-exposiciones-para-visitar-este-verano\/\" \/>\n<meta property=\"og:site_name\" content=\"Sustainable Fashion - Eco Design - Healthy Lifestyle - Luxiders Magazine\" \/>\n<meta property=\"article:published_time\" content=\"2024-06-11T14:26:04+00:00\" \/>\n<meta property=\"article:modified_time\" content=\"2024-06-18T11:37:41+00:00\" \/>\n<meta property=\"og:image\" content=\"https:\/\/luxiders.com\/content\/uploads\/Screenshot-2024-06-06-at-22.23.31.jpg\" \/>\n\t<meta property=\"og:image:width\" content=\"2011\" \/>\n\t<meta property=\"og:image:height\" content=\"1432\" \/>\n\t<meta property=\"og:image:type\" content=\"image\/jpeg\" \/>\n<meta name=\"author\" content=\"Liza Silva\" \/>\n<meta name=\"twitter:card\" content=\"summary_large_image\" \/>\n<meta name=\"twitter:label1\" content=\"Written by\" \/>\n\t<meta name=\"twitter:data1\" content=\"Liza Silva\" \/>\n\t<meta name=\"twitter:label2\" content=\"Est. reading time\" \/>\n\t<meta name=\"twitter:data2\" content=\"10 minutes\" \/>\n<script type=\"application\/ld+json\" class=\"yoast-schema-graph\">{\"@context\":\"https:\/\/schema.org\",\"@graph\":[{\"@type\":\"Article\",\"@id\":\"https:\/\/luxiders.com\/es\/cambio-climatico-ecologia-el-futuro-y-mas-10-exposiciones-para-visitar-este-verano\/#article\",\"isPartOf\":{\"@id\":\"https:\/\/luxiders.com\/es\/cambio-climatico-ecologia-el-futuro-y-mas-10-exposiciones-para-visitar-este-verano\/\"},\"author\":{\"name\":\"Liza Silva\",\"@id\":\"https:\/\/luxiders.com\/es\/#\/schema\/person\/05cf4949ad2f6dd51ad9747ec79b9b48\"},\"headline\":\"Cambio clim\u00e1tico, ecolog\u00eda, el futuro y m\u00e1s: 10 exposiciones para visitar este verano\",\"datePublished\":\"2024-06-11T14:26:04+00:00\",\"dateModified\":\"2024-06-18T11:37:41+00:00\",\"mainEntityOfPage\":{\"@id\":\"https:\/\/luxiders.com\/es\/cambio-climatico-ecologia-el-futuro-y-mas-10-exposiciones-para-visitar-este-verano\/\"},\"wordCount\":15,\"publisher\":{\"@id\":\"https:\/\/luxiders.com\/es\/#organization\"},\"image\":{\"@id\":\"https:\/\/luxiders.com\/es\/cambio-climatico-ecologia-el-futuro-y-mas-10-exposiciones-para-visitar-este-verano\/#primaryimage\"},\"thumbnailUrl\":\"https:\/\/luxiders.com\/content\/uploads\/Screenshot-2024-06-06-at-22.23.31.jpg\",\"keywords\":[\"art\",\"berlin\",\"climate change\",\"exhibitions\",\"exposiciones arte sostenible\",\"Exposiciones clim\u00e1ticas\",\"Exposiciones relacionadas con la sostenibilidad\",\"sustainability\"],\"articleSection\":[\"Arte\/Cultura\",\"Food\",\"lifestyle\"],\"inLanguage\":\"es-ES\"},{\"@type\":\"WebPage\",\"@id\":\"https:\/\/luxiders.com\/es\/cambio-climatico-ecologia-el-futuro-y-mas-10-exposiciones-para-visitar-este-verano\/\",\"url\":\"https:\/\/luxiders.com\/es\/cambio-climatico-ecologia-el-futuro-y-mas-10-exposiciones-para-visitar-este-verano\/\",\"name\":\"10 exposiciones para visitar este veran | Luxiders Magazine\",\"isPartOf\":{\"@id\":\"https:\/\/luxiders.com\/es\/#website\"},\"primaryImageOfPage\":{\"@id\":\"https:\/\/luxiders.com\/es\/cambio-climatico-ecologia-el-futuro-y-mas-10-exposiciones-para-visitar-este-verano\/#primaryimage\"},\"image\":{\"@id\":\"https:\/\/luxiders.com\/es\/cambio-climatico-ecologia-el-futuro-y-mas-10-exposiciones-para-visitar-este-verano\/#primaryimage\"},\"thumbnailUrl\":\"https:\/\/luxiders.com\/content\/uploads\/Screenshot-2024-06-06-at-22.23.31.jpg\",\"datePublished\":\"2024-06-11T14:26:04+00:00\",\"dateModified\":\"2024-06-18T11:37:41+00:00\",\"description\":\"Este verano, aproveche la oportunidad para participar en exposiciones que invitan a la reflexi\u00f3n y que arrojan luz sobre las cuestiones...\",\"breadcrumb\":{\"@id\":\"https:\/\/luxiders.com\/es\/cambio-climatico-ecologia-el-futuro-y-mas-10-exposiciones-para-visitar-este-verano\/#breadcrumb\"},\"inLanguage\":\"es-ES\",\"potentialAction\":[{\"@type\":\"ReadAction\",\"target\":[\"https:\/\/luxiders.com\/es\/cambio-climatico-ecologia-el-futuro-y-mas-10-exposiciones-para-visitar-este-verano\/\"]}]},{\"@type\":\"ImageObject\",\"inLanguage\":\"es-ES\",\"@id\":\"https:\/\/luxiders.com\/es\/cambio-climatico-ecologia-el-futuro-y-mas-10-exposiciones-para-visitar-este-verano\/#primaryimage\",\"url\":\"https:\/\/luxiders.com\/content\/uploads\/Screenshot-2024-06-06-at-22.23.31.jpg\",\"contentUrl\":\"https:\/\/luxiders.com\/content\/uploads\/Screenshot-2024-06-06-at-22.23.31.jpg\",\"width\":2011,\"height\":1432,\"caption\":\"Future Now Exhibition Opening at Stockland Burleigh Heads. \u00a9 Australian Museum\"},{\"@type\":\"BreadcrumbList\",\"@id\":\"https:\/\/luxiders.com\/es\/cambio-climatico-ecologia-el-futuro-y-mas-10-exposiciones-para-visitar-este-verano\/#breadcrumb\",\"itemListElement\":[{\"@type\":\"ListItem\",\"position\":1,\"name\":\"Startseite\",\"item\":\"https:\/\/luxiders.com\/es\/\"},{\"@type\":\"ListItem\",\"position\":2,\"name\":\"Arte\/Cultura\",\"item\":\"https:\/\/luxiders.com\/es\/category\/arte-cultura\/\"},{\"@type\":\"ListItem\",\"position\":3,\"name\":\"Cambio clim\u00e1tico, ecolog\u00eda, el futuro y m\u00e1s: 10 exposiciones para visitar este verano\"}]},{\"@type\":\"WebSite\",\"@id\":\"https:\/\/luxiders.com\/es\/#website\",\"url\":\"https:\/\/luxiders.com\/es\/\",\"name\":\"Sustainable Fashion - Eco Design - Healthy Lifestyle - Luxiders Magazine\",\"description\":\"Luxiders is a sustainable luxury magazine highlighting the best stories about sustainable fashion, ethical fashion, eco-friendly design, green design, sustainable travel, natural beauty, organic beauty and healthy lifestyle. Know the best high-end, progressive and luxury sustainable brands and designers worldwide.\",\"publisher\":{\"@id\":\"https:\/\/luxiders.com\/es\/#organization\"},\"potentialAction\":[{\"@type\":\"SearchAction\",\"target\":{\"@type\":\"EntryPoint\",\"urlTemplate\":\"https:\/\/luxiders.com\/es\/?s={search_term_string}\"},\"query-input\":{\"@type\":\"PropertyValueSpecification\",\"valueRequired\":true,\"valueName\":\"search_term_string\"}}],\"inLanguage\":\"es-ES\"},{\"@type\":\"Organization\",\"@id\":\"https:\/\/luxiders.com\/es\/#organization\",\"name\":\"Sustainable Fashion - Eco Design - Healthy Lifestyle - Luxiders Magazine\",\"url\":\"https:\/\/luxiders.com\/es\/\",\"logo\":{\"@type\":\"ImageObject\",\"inLanguage\":\"es-ES\",\"@id\":\"https:\/\/luxiders.com\/es\/#\/schema\/logo\/image\/\",\"url\":\"https:\/\/luxiders.com\/content\/uploads\/lux-logo.svg\",\"contentUrl\":\"https:\/\/luxiders.com\/content\/uploads\/lux-logo.svg\",\"caption\":\"Sustainable Fashion - Eco Design - Healthy Lifestyle - Luxiders Magazine\"},\"image\":{\"@id\":\"https:\/\/luxiders.com\/es\/#\/schema\/logo\/image\/\"}},{\"@type\":\"Person\",\"@id\":\"https:\/\/luxiders.com\/es\/#\/schema\/person\/05cf4949ad2f6dd51ad9747ec79b9b48\",\"name\":\"Liza Silva\",\"url\":\"https:\/\/luxiders.com\/es\/author\/liza\/\"}]}<\/script>","yoast_head_json":{"title":"10 exposiciones para visitar este veran | Luxiders Magazine","description":"Este verano, aproveche la oportunidad para participar en exposiciones que invitan a la reflexi\u00f3n y que arrojan luz sobre las cuestiones...","robots":{"index":"index","follow":"follow","max-snippet":"max-snippet:-1","max-image-preview":"max-image-preview:large","max-video-preview":"max-video-preview:-1"},"canonical":"https:\/\/luxiders.com\/es\/cambio-climatico-ecologia-el-futuro-y-mas-10-exposiciones-para-visitar-este-verano\/","og_locale":"es_ES","og_type":"article","og_title":"10 exposiciones para visitar este veran | Luxiders Magazine","og_description":"Este verano, aproveche la oportunidad para participar en exposiciones que invitan a la reflexi\u00f3n y que arrojan luz sobre las cuestiones...","og_url":"https:\/\/luxiders.com\/es\/cambio-climatico-ecologia-el-futuro-y-mas-10-exposiciones-para-visitar-este-verano\/","og_site_name":"Sustainable Fashion - Eco Design - Healthy Lifestyle - Luxiders Magazine","article_published_time":"2024-06-11T14:26:04+00:00","article_modified_time":"2024-06-18T11:37:41+00:00","og_image":[{"width":2011,"height":1432,"url":"https:\/\/luxiders.com\/content\/uploads\/Screenshot-2024-06-06-at-22.23.31.jpg","type":"image\/jpeg"}],"author":"Liza Silva","twitter_card":"summary_large_image","twitter_misc":{"Written by":"Liza Silva","Est. reading time":"10 minutes"},"schema":{"@context":"https:\/\/schema.org","@graph":[{"@type":"Article","@id":"https:\/\/luxiders.com\/es\/cambio-climatico-ecologia-el-futuro-y-mas-10-exposiciones-para-visitar-este-verano\/#article","isPartOf":{"@id":"https:\/\/luxiders.com\/es\/cambio-climatico-ecologia-el-futuro-y-mas-10-exposiciones-para-visitar-este-verano\/"},"author":{"name":"Liza Silva","@id":"https:\/\/luxiders.com\/es\/#\/schema\/person\/05cf4949ad2f6dd51ad9747ec79b9b48"},"headline":"Cambio clim\u00e1tico, ecolog\u00eda, el futuro y m\u00e1s: 10 exposiciones para visitar este verano","datePublished":"2024-06-11T14:26:04+00:00","dateModified":"2024-06-18T11:37:41+00:00","mainEntityOfPage":{"@id":"https:\/\/luxiders.com\/es\/cambio-climatico-ecologia-el-futuro-y-mas-10-exposiciones-para-visitar-este-verano\/"},"wordCount":15,"publisher":{"@id":"https:\/\/luxiders.com\/es\/#organization"},"image":{"@id":"https:\/\/luxiders.com\/es\/cambio-climatico-ecologia-el-futuro-y-mas-10-exposiciones-para-visitar-este-verano\/#primaryimage"},"thumbnailUrl":"https:\/\/luxiders.com\/content\/uploads\/Screenshot-2024-06-06-at-22.23.31.jpg","keywords":["art","berlin","climate change","exhibitions","exposiciones arte sostenible","Exposiciones clim\u00e1ticas","Exposiciones relacionadas con la sostenibilidad","sustainability"],"articleSection":["Arte\/Cultura","Food","lifestyle"],"inLanguage":"es-ES"},{"@type":"WebPage","@id":"https:\/\/luxiders.com\/es\/cambio-climatico-ecologia-el-futuro-y-mas-10-exposiciones-para-visitar-este-verano\/","url":"https:\/\/luxiders.com\/es\/cambio-climatico-ecologia-el-futuro-y-mas-10-exposiciones-para-visitar-este-verano\/","name":"10 exposiciones para visitar este veran | Luxiders Magazine","isPartOf":{"@id":"https:\/\/luxiders.com\/es\/#website"},"primaryImageOfPage":{"@id":"https:\/\/luxiders.com\/es\/cambio-climatico-ecologia-el-futuro-y-mas-10-exposiciones-para-visitar-este-verano\/#primaryimage"},"image":{"@id":"https:\/\/luxiders.com\/es\/cambio-climatico-ecologia-el-futuro-y-mas-10-exposiciones-para-visitar-este-verano\/#primaryimage"},"thumbnailUrl":"https:\/\/luxiders.com\/content\/uploads\/Screenshot-2024-06-06-at-22.23.31.jpg","datePublished":"2024-06-11T14:26:04+00:00","dateModified":"2024-06-18T11:37:41+00:00","description":"Este verano, aproveche la oportunidad para participar en exposiciones que invitan a la reflexi\u00f3n y que arrojan luz sobre las cuestiones...","breadcrumb":{"@id":"https:\/\/luxiders.com\/es\/cambio-climatico-ecologia-el-futuro-y-mas-10-exposiciones-para-visitar-este-verano\/#breadcrumb"},"inLanguage":"es-ES","potentialAction":[{"@type":"ReadAction","target":["https:\/\/luxiders.com\/es\/cambio-climatico-ecologia-el-futuro-y-mas-10-exposiciones-para-visitar-este-verano\/"]}]},{"@type":"ImageObject","inLanguage":"es-ES","@id":"https:\/\/luxiders.com\/es\/cambio-climatico-ecologia-el-futuro-y-mas-10-exposiciones-para-visitar-este-verano\/#primaryimage","url":"https:\/\/luxiders.com\/content\/uploads\/Screenshot-2024-06-06-at-22.23.31.jpg","contentUrl":"https:\/\/luxiders.com\/content\/uploads\/Screenshot-2024-06-06-at-22.23.31.jpg","width":2011,"height":1432,"caption":"Future Now Exhibition Opening at Stockland Burleigh Heads. \u00a9 Australian Museum"},{"@type":"BreadcrumbList","@id":"https:\/\/luxiders.com\/es\/cambio-climatico-ecologia-el-futuro-y-mas-10-exposiciones-para-visitar-este-verano\/#breadcrumb","itemListElement":[{"@type":"ListItem","position":1,"name":"Startseite","item":"https:\/\/luxiders.com\/es\/"},{"@type":"ListItem","position":2,"name":"Arte\/Cultura","item":"https:\/\/luxiders.com\/es\/category\/arte-cultura\/"},{"@type":"ListItem","position":3,"name":"Cambio clim\u00e1tico, ecolog\u00eda, el futuro y m\u00e1s: 10 exposiciones para visitar este verano"}]},{"@type":"WebSite","@id":"https:\/\/luxiders.com\/es\/#website","url":"https:\/\/luxiders.com\/es\/","name":"Sustainable Fashion - Eco Design - Healthy Lifestyle - Luxiders Magazine","description":"Luxiders is a sustainable luxury magazine highlighting the best stories about sustainable fashion, ethical fashion, eco-friendly design, green design, sustainable travel, natural beauty, organic beauty and healthy lifestyle. Know the best high-end, progressive and luxury sustainable brands and designers worldwide.","publisher":{"@id":"https:\/\/luxiders.com\/es\/#organization"},"potentialAction":[{"@type":"SearchAction","target":{"@type":"EntryPoint","urlTemplate":"https:\/\/luxiders.com\/es\/?s={search_term_string}"},"query-input":{"@type":"PropertyValueSpecification","valueRequired":true,"valueName":"search_term_string"}}],"inLanguage":"es-ES"},{"@type":"Organization","@id":"https:\/\/luxiders.com\/es\/#organization","name":"Sustainable Fashion - Eco Design - Healthy Lifestyle - Luxiders Magazine","url":"https:\/\/luxiders.com\/es\/","logo":{"@type":"ImageObject","inLanguage":"es-ES","@id":"https:\/\/luxiders.com\/es\/#\/schema\/logo\/image\/","url":"https:\/\/luxiders.com\/content\/uploads\/lux-logo.svg","contentUrl":"https:\/\/luxiders.com\/content\/uploads\/lux-logo.svg","caption":"Sustainable Fashion - Eco Design - Healthy Lifestyle - Luxiders Magazine"},"image":{"@id":"https:\/\/luxiders.com\/es\/#\/schema\/logo\/image\/"}},{"@type":"Person","@id":"https:\/\/luxiders.com\/es\/#\/schema\/person\/05cf4949ad2f6dd51ad9747ec79b9b48","name":"Liza Silva","url":"https:\/\/luxiders.com\/es\/author\/liza\/"}]}},"_links":{"self":[{"href":"https:\/\/luxiders.com\/es\/wp-json\/wp\/v2\/posts\/44294","targetHints":{"allow":["GET"]}}],"collection":[{"href":"https:\/\/luxiders.com\/es\/wp-json\/wp\/v2\/posts"}],"about":[{"href":"https:\/\/luxiders.com\/es\/wp-json\/wp\/v2\/types\/post"}],"author":[{"embeddable":true,"href":"https:\/\/luxiders.com\/es\/wp-json\/wp\/v2\/users\/11"}],"replies":[{"embeddable":true,"href":"https:\/\/luxiders.com\/es\/wp-json\/wp\/v2\/comments?post=44294"}],"version-history":[{"count":3,"href":"https:\/\/luxiders.com\/es\/wp-json\/wp\/v2\/posts\/44294\/revisions"}],"predecessor-version":[{"id":45065,"href":"https:\/\/luxiders.com\/es\/wp-json\/wp\/v2\/posts\/44294\/revisions\/45065"}],"wp:featuredmedia":[{"embeddable":true,"href":"https:\/\/luxiders.com\/es\/wp-json\/wp\/v2\/media\/44323"}],"wp:attachment":[{"href":"https:\/\/luxiders.com\/es\/wp-json\/wp\/v2\/media?parent=44294"}],"wp:term":[{"taxonomy":"category","embeddable":true,"href":"https:\/\/luxiders.com\/es\/wp-json\/wp\/v2\/categories?post=44294"},{"taxonomy":"post_tag","embeddable":true,"href":"https:\/\/luxiders.com\/es\/wp-json\/wp\/v2\/tags?post=44294"}],"curies":[{"name":"wp","href":"https:\/\/api.w.org\/{rel}","templated":true}]}}