{"id":45164,"date":"2024-06-01T19:12:04","date_gmt":"2024-06-01T17:12:04","guid":{"rendered":"http:\/\/luxiders.com.w01cc729.kasserver.com\/?p=45164"},"modified":"2024-06-19T19:25:22","modified_gmt":"2024-06-19T17:25:22","slug":"neonyt-dusseldorf-abre-sus-puertas-a-los-consumidores-concienciados-este-verano","status":"publish","type":"post","link":"https:\/\/luxiders.com\/es\/neonyt-dusseldorf-abre-sus-puertas-a-los-consumidores-concienciados-este-verano\/","title":{"rendered":"Neonyt D\u00fcsseldorf abre sus puertas a los consumidores concienciados este verano"},"content":{"rendered":"    <section id=\"textblock-block_37fae22a3e9d5278b7b3ffee8c216e7a\" class=\"section position-relative gp-block gp-textblock pt-0 pb-0\">\n        <div class=\"container\">\n            <div class=\"row g-0\">\n                <div class=\"col-lg-12 content\" data-aos=\"fade-in\" data-aos-duration=\"1000\">\n                                                                                    <div class=\"intro \">\n                            <p>&nbsp;<\/p>\n<p style=\"text-align: center;\"><em>Haciendo un cambio innovador hacia la inclusi\u00f3n y la accesibilidad, Neonyt D\u00fcsseldorf, la famosa feria de moda sostenible, rompe barreras y abre sus puertas m\u00e1s que nunca. La edici\u00f3n de verano 2024 presenta un nuevo concepto B2C (Business to Consumer), que invita no solo a los profesionales del sector, sino tambi\u00e9n a los consumidores concienciados a participar en la transici\u00f3n hacia una moda justa y sostenible.<\/em><\/p>\n                        <\/div>\n                                                                                                <\/div>\n            <\/div>\n        <\/div>\n    <\/section>\n    \n\n    <section id=\"newsletter-block_be9db652453f8e59b243d1c1dece9b30\" class=\"section position-relative gp-block gp-newsletter pt-0 pb-0 my-5\">\n        <div class=\"container\">\n            <div class=\"row g-0 pt-4 pb-3\">\n                <div class=\"col-lg-12 content text-center border pt-3\" data-aos=\"fade-in\" data-aos-duration=\"1000\">\n                                            <p><em>Para recibir el Newsletter de Luxiders Magazine,\u00a0<a href=\"https:\/\/landing.mailerlite.com\/webforms\/landing\/w2a1t0\" target=\"_blank\" rel=\"noopener\">suscr\u00edbete aqu\u00ed<\/a><\/em><\/p>\n                                    <\/div>\n            <\/div>\n        <\/div>\n    <\/section>\n    \n\n    <section id=\"textblock-block_ea6e28fb177af8c447345e41d6c25061\" class=\"section position-relative gp-block gp-textblock pt-5 pb-5\">\n        <div class=\"container\">\n            <div class=\"row g-0\">\n                <div class=\"col-lg-12 content\" data-aos=\"fade-in\" data-aos-duration=\"1000\">\n                                                                                <p>Tradicionalmente basti\u00f3n de las interacciones B2B (Business to Business), Neonyt D\u00fcsseldorf ha defendido sistem\u00e1ticamente la moda sostenible junto a su hom\u00f3loga convencionalFASHN ROOMS. Sin embargo, reconociendo<span style=\"color: #d6a16b;\"> <a style=\"color: #d6a16b;\" href=\"https:\/\/luxiders.com\/es\/neonyt-dusseldorf-resiste-a-la-congelacion-del-mercado-aleman-de-la-moda-con-nuevas-marcas\/\" target=\"_blank\" rel=\"noopener\">reconociendo la necesidad de un impacto m\u00e1s amplio y un compromiso m\u00e1s profundo<\/a><\/span>, los organizadores se hacen pioneros en un nuevo enfoque. Este verano, el Bilker Bunker, situado en el coraz\u00f3n del centro creativo de D\u00fcsseldorf, ser\u00e1 el vibrante tel\u00f3n de fondo del viaje transformador de Neonyt D\u00fcsseldorf.<\/p>\n<p>Bajo el lema \u00abDonde el cambio se hace realidad\u00bb, Neonyt D\u00fcsseldorf se dispone a redefinir los l\u00edmites del compromiso con la moda sostenible. Abriendo sus puertas a los consumidores finales a partir de las 15.00 horas cada d\u00eda, el evento promete una plataforma din\u00e1mica de interacci\u00f3n. Los asistentes tendr\u00e1n la oportunidad \u00fanica de interactuar directamente con los representantes y fundadores de las marcas y conocer de primera mano las \u00faltimas tendencias de la moda justa.<\/p>\n                                                        <\/div>\n            <\/div>\n        <\/div>\n    <\/section>\n    \n\n    <section id=\"media-block_a9f082497465553e596ee96274255bce\" class=\"section position-relative gp-block gp-media pt-0 pb-0\">\n        <div class=\"container\">\n            <div class=\"row g-0\">\n                <div class=\"col-lg-12 content\" data-aos=\"fade-in\" data-aos-duration=\"1000\">\n                                                                            <\/div>\n            <\/div>\n            <div class=\"row g-0\">\n                <div class=\"col-lg-12 img-scaled\">\n                                                                                                                                                <figure class=\"mb-4 pt-lg-3 mb-lg-3 ps-lg-8 pe-lg-8\" data-aos=\"fade-up\" data-aos-duration=\"1000\"><div class=\"img-container\"><img loading=\"lazy\" decoding=\"async\" width=\"1198\" height=\"798\" src=\"https:\/\/luxiders.com\/content\/uploads\/fashnrooms_neonyt_impressionen_480.jpeg\" class=\"img-fluid w-100\" alt=\"\" srcset=\"https:\/\/luxiders.com\/content\/uploads\/fashnrooms_neonyt_impressionen_480.jpeg 1198w, https:\/\/luxiders.com\/content\/uploads\/fashnrooms_neonyt_impressionen_480-300x200.jpeg 300w, https:\/\/luxiders.com\/content\/uploads\/fashnrooms_neonyt_impressionen_480-1024x682.jpeg 1024w, https:\/\/luxiders.com\/content\/uploads\/fashnrooms_neonyt_impressionen_480-768x512.jpeg 768w\" sizes=\"(max-width: 1198px) 100vw, 1198px\" \/><\/div><figcaption>\u00a9 Neonyt Dusseldorf<\/figcaption><\/figure>                                                                                            <\/div>\n                                            <\/div>\n        <\/div>\n    <\/section>\n    \n\n    <section id=\"textblock-block_f40369934a18cbf5cf6e783700a4162f\" class=\"section position-relative gp-block gp-textblock pt-5 pb-5\">\n        <div class=\"container\">\n            <div class=\"row g-0\">\n                <div class=\"col-lg-12 content\" data-aos=\"fade-in\" data-aos-duration=\"1000\">\n                                                                                <h2>ALENTANDO A LOS VISITANTES PARA CAMBIAR EL MUNDO DE LA MODA<\/h2>\n<p>Pero la evoluci\u00f3n de Neonyt D\u00fcsseldorf no se detiene ah\u00ed. M\u00e1s all\u00e1 de la mera observaci\u00f3n, los visitantes podr\u00e1n participar activamente en el movimiento. Talleres interactivos, mesas redondas esclarecedoras y un rinc\u00f3n dedicado a las boutiques facilitar\u00e1n intercambios significativos e inspirar\u00e1n cambios tangibles. Adem\u00e1s, la introducci\u00f3n de la venta de muestras de las marcas expositoras subraya el compromiso con la accesibilidad, garantizando que la moda sostenible no sea solo una aspiraci\u00f3n, sino que est\u00e9 al alcance de todos.<\/p>\n<p>Al abrazar esta nueva frontera, Neonyt D\u00fcsseldorf trasciende su papel de mera feria comercial y se transforma en una plataforma hol\u00edstica que une a marcas, compradores y usuarios finales en una visi\u00f3n compartida de un futuro m\u00e1s sostenible. El cambio hacia la participaci\u00f3n de los consumidores marca un momento crucial en la evoluci\u00f3n de la moda \u00e9tica y anuncia una nueva era de inclusi\u00f3n y cambio impulsado por la comunidad.<\/p>\n<p>Mientras tanto, FASHN ROOMS, la estimada plataforma de pedidos directos a showrooms, experimenta su propia transformaci\u00f3n para la edici\u00f3n de verano de 2024. Tras trasladarse a la pintoresca Kaltstahlhalle desde su antigua sede en el Alte Schmiedehallen, el evento promete un entorno revitalizado que combina el encanto industrial con una amplia luz natural. El nuevo dise\u00f1o fomenta un ambiente m\u00e1s \u00edntimo y acogedor, propicio para interacciones significativas y una navegaci\u00f3n fluida.<\/p>\n<p><span style=\"color: #d6a16b;\"><a style=\"color: #d6a16b;\" href=\"https:\/\/luxiders.com\/es\/ulrike-kahler-impulsando-la-moda-sostenible-a-traves-de-neonyt-dusseldorf\/\" target=\"_blank\" rel=\"noopener\">Ulrike K\u00e4hler, Directora General de Igedo Exhibitions<\/a><\/span>,\u00a0declara el traslado y destaca la disposici\u00f3n en forma de O del pabell\u00f3n, que ofrece a los expositores mejores oportunidades de presentaci\u00f3n. Adem\u00e1s, la integraci\u00f3n de espacios al aire libre invita a los asistentes a detenerse y conectar con la belleza del entorno. Esta reubicaci\u00f3n estrat\u00e9gica no s\u00f3lo mejora el atractivo est\u00e9tico, sino que tambi\u00e9n agiliza el proceso de pedido, creando una experiencia cohesiva y envolvente para todos los implicados.<\/p>\n<p>A medida que aumenta la expectaci\u00f3n por la edici\u00f3n de verano de 2024, la industria de la moda se llena de entusiasmo. Con Neonyt D\u00fcsseldorf y FASHN ROOMS a la cabeza, el escenario est\u00e1 preparado para un escaparate transformador que trascienda fronteras y fomente conexiones genuinas.<\/p>\n                                                        <\/div>\n            <\/div>\n        <\/div>\n    <\/section>\n    \n\n    <section id=\"textblock-block_164fd0966bc7951de4e4b8def6c2adea\" class=\"section position-relative gp-block gp-textblock pt-0 pb-0\">\n        <div class=\"container\">\n            <div class=\"row g-0\">\n                <div class=\"col-lg-12 content\" data-aos=\"fade-in\" data-aos-duration=\"1000\">\n                                                                                <p>&nbsp;<\/p>\n<p>&nbsp;<\/p>\n<p style=\"text-align: center;\"><strong><em>Highlight Image: <b><i>\u00a9 Neonyt Dusseldorf<\/i><\/b><br \/>\n<\/em><\/strong><\/p>\n<p style=\"text-align: center;\"><strong><em>+ Words:<\/em><\/strong><strong><em><br \/>\n<\/em><\/strong><strong><em>Luxiders Magazine<\/em><\/strong><\/p>\n<p>&nbsp;<\/p>\n                                                        <\/div>\n            <\/div>\n        <\/div>\n    <\/section>\n    ","protected":false},"excerpt":{"rendered":"","protected":false},"author":11,"featured_media":45167,"comment_status":"closed","ping_status":"closed","sticky":false,"template":"","format":"standard","meta":{"_acf_changed":false,"footnotes":""},"categories":[314,14],"tags":[170,2994,5128,189,242,2036,2833,193,359],"class_list":{"0":"post-45164","1":"post","2":"type-post","3":"status-publish","4":"format-standard","5":"has-post-thumbnail","7":"category-food","8":"category-sustainable-luxury-fashion","9":"tag-moda-sostenible-es","10":"tag-neonyt-es","11":"tag-neonyt-dusseldorf-6","12":"tag-slow-fashion-es","13":"tag-sustainability-es","14":"tag-sustainable-brands-es","15":"tag-sustainable-fashion-2-2","16":"tag-sustainable-fashion-es","17":"tag-sustainable-luxury-es"},"acf":[],"yoast_head":"<title>Neonyt D\u00fcsseldorf abre sus puertas a los consumidores concienciados este verano<\/title>\n<meta name=\"description\" content=\"Haciendo un cambio innovador hacia la inclusi\u00f3n y la accesibilidad, Neonyt D\u00fcsseldorf, la famosa feria de moda sostenible, rompe...\" \/>\n<meta name=\"robots\" content=\"index, follow, max-snippet:-1, max-image-preview:large, max-video-preview:-1\" \/>\n<link rel=\"canonical\" href=\"https:\/\/luxiders.com\/es\/neonyt-dusseldorf-abre-sus-puertas-a-los-consumidores-concienciados-este-verano\/\" \/>\n<meta property=\"og:locale\" content=\"es_ES\" \/>\n<meta property=\"og:type\" content=\"article\" \/>\n<meta property=\"og:title\" content=\"Neonyt D\u00fcsseldorf abre sus puertas a los consumidores concienciados este verano\" \/>\n<meta property=\"og:description\" content=\"Haciendo un cambio innovador hacia la inclusi\u00f3n y la accesibilidad, Neonyt D\u00fcsseldorf, la famosa feria de moda sostenible, rompe...\" \/>\n<meta property=\"og:url\" content=\"https:\/\/luxiders.com\/es\/neonyt-dusseldorf-abre-sus-puertas-a-los-consumidores-concienciados-este-verano\/\" \/>\n<meta property=\"og:site_name\" content=\"Sustainable Fashion - Eco Design - Healthy Lifestyle - Luxiders Magazine\" \/>\n<meta property=\"article:published_time\" content=\"2024-06-01T17:12:04+00:00\" \/>\n<meta property=\"article:modified_time\" content=\"2024-06-19T17:25:22+00:00\" \/>\n<meta property=\"og:image\" content=\"https:\/\/luxiders.com\/content\/uploads\/N_Ausenansicht_rechteckig.jpeg\" \/>\n\t<meta property=\"og:image:width\" content=\"1234\" \/>\n\t<meta property=\"og:image:height\" content=\"806\" \/>\n\t<meta property=\"og:image:type\" content=\"image\/jpeg\" \/>\n<meta name=\"author\" content=\"Liza Silva\" \/>\n<meta name=\"twitter:card\" content=\"summary_large_image\" \/>\n<meta name=\"twitter:label1\" content=\"Written by\" \/>\n\t<meta name=\"twitter:data1\" content=\"Liza Silva\" \/>\n\t<meta name=\"twitter:label2\" content=\"Est. reading time\" \/>\n\t<meta name=\"twitter:data2\" content=\"3 minutes\" \/>\n<script type=\"application\/ld+json\" class=\"yoast-schema-graph\">{\"@context\":\"https:\/\/schema.org\",\"@graph\":[{\"@type\":\"Article\",\"@id\":\"https:\/\/luxiders.com\/es\/neonyt-dusseldorf-abre-sus-puertas-a-los-consumidores-concienciados-este-verano\/#article\",\"isPartOf\":{\"@id\":\"https:\/\/luxiders.com\/es\/neonyt-dusseldorf-abre-sus-puertas-a-los-consumidores-concienciados-este-verano\/\"},\"author\":{\"name\":\"Liza Silva\",\"@id\":\"https:\/\/luxiders.com\/es\/#\/schema\/person\/05cf4949ad2f6dd51ad9747ec79b9b48\"},\"headline\":\"Neonyt D\u00fcsseldorf abre sus puertas a los consumidores concienciados este verano\",\"datePublished\":\"2024-06-01T17:12:04+00:00\",\"dateModified\":\"2024-06-19T17:25:22+00:00\",\"mainEntityOfPage\":{\"@id\":\"https:\/\/luxiders.com\/es\/neonyt-dusseldorf-abre-sus-puertas-a-los-consumidores-concienciados-este-verano\/\"},\"wordCount\":12,\"publisher\":{\"@id\":\"https:\/\/luxiders.com\/es\/#organization\"},\"image\":{\"@id\":\"https:\/\/luxiders.com\/es\/neonyt-dusseldorf-abre-sus-puertas-a-los-consumidores-concienciados-este-verano\/#primaryimage\"},\"thumbnailUrl\":\"https:\/\/luxiders.com\/content\/uploads\/N_Ausenansicht_rechteckig.jpeg\",\"keywords\":[\"moda sostenible\",\"neonyt\",\"Neonyt Dusseldorf\",\"slow fashion\",\"sustainability\",\"sustainable brands\",\"sustainable fashion\",\"sustainable fashion\",\"Sustainable luxury\"],\"articleSection\":[\"Food\",\"Sustainable Fashion\"],\"inLanguage\":\"es-ES\"},{\"@type\":\"WebPage\",\"@id\":\"https:\/\/luxiders.com\/es\/neonyt-dusseldorf-abre-sus-puertas-a-los-consumidores-concienciados-este-verano\/\",\"url\":\"https:\/\/luxiders.com\/es\/neonyt-dusseldorf-abre-sus-puertas-a-los-consumidores-concienciados-este-verano\/\",\"name\":\"Neonyt D\u00fcsseldorf abre sus puertas a los consumidores concienciados este verano\",\"isPartOf\":{\"@id\":\"https:\/\/luxiders.com\/es\/#website\"},\"primaryImageOfPage\":{\"@id\":\"https:\/\/luxiders.com\/es\/neonyt-dusseldorf-abre-sus-puertas-a-los-consumidores-concienciados-este-verano\/#primaryimage\"},\"image\":{\"@id\":\"https:\/\/luxiders.com\/es\/neonyt-dusseldorf-abre-sus-puertas-a-los-consumidores-concienciados-este-verano\/#primaryimage\"},\"thumbnailUrl\":\"https:\/\/luxiders.com\/content\/uploads\/N_Ausenansicht_rechteckig.jpeg\",\"datePublished\":\"2024-06-01T17:12:04+00:00\",\"dateModified\":\"2024-06-19T17:25:22+00:00\",\"description\":\"Haciendo un cambio innovador hacia la inclusi\u00f3n y la accesibilidad, Neonyt D\u00fcsseldorf, la famosa feria de moda sostenible, rompe...\",\"breadcrumb\":{\"@id\":\"https:\/\/luxiders.com\/es\/neonyt-dusseldorf-abre-sus-puertas-a-los-consumidores-concienciados-este-verano\/#breadcrumb\"},\"inLanguage\":\"es-ES\",\"potentialAction\":[{\"@type\":\"ReadAction\",\"target\":[\"https:\/\/luxiders.com\/es\/neonyt-dusseldorf-abre-sus-puertas-a-los-consumidores-concienciados-este-verano\/\"]}]},{\"@type\":\"ImageObject\",\"inLanguage\":\"es-ES\",\"@id\":\"https:\/\/luxiders.com\/es\/neonyt-dusseldorf-abre-sus-puertas-a-los-consumidores-concienciados-este-verano\/#primaryimage\",\"url\":\"https:\/\/luxiders.com\/content\/uploads\/N_Ausenansicht_rechteckig.jpeg\",\"contentUrl\":\"https:\/\/luxiders.com\/content\/uploads\/N_Ausenansicht_rechteckig.jpeg\",\"width\":1234,\"height\":806,\"caption\":\"\u00a9 Neonyt Dusseldorf\"},{\"@type\":\"BreadcrumbList\",\"@id\":\"https:\/\/luxiders.com\/es\/neonyt-dusseldorf-abre-sus-puertas-a-los-consumidores-concienciados-este-verano\/#breadcrumb\",\"itemListElement\":[{\"@type\":\"ListItem\",\"position\":1,\"name\":\"Startseite\",\"item\":\"https:\/\/luxiders.com\/es\/\"},{\"@type\":\"ListItem\",\"position\":2,\"name\":\"Food\",\"item\":\"https:\/\/luxiders.com\/es\/category\/food\/\"},{\"@type\":\"ListItem\",\"position\":3,\"name\":\"Neonyt D\u00fcsseldorf abre sus puertas a los consumidores concienciados este verano\"}]},{\"@type\":\"WebSite\",\"@id\":\"https:\/\/luxiders.com\/es\/#website\",\"url\":\"https:\/\/luxiders.com\/es\/\",\"name\":\"Sustainable Fashion - Eco Design - Healthy Lifestyle - Luxiders Magazine\",\"description\":\"Luxiders is a sustainable luxury magazine highlighting the best stories about sustainable fashion, ethical fashion, eco-friendly design, green design, sustainable travel, natural beauty, organic beauty and healthy lifestyle. Know the best high-end, progressive and luxury sustainable brands and designers worldwide.\",\"publisher\":{\"@id\":\"https:\/\/luxiders.com\/es\/#organization\"},\"potentialAction\":[{\"@type\":\"SearchAction\",\"target\":{\"@type\":\"EntryPoint\",\"urlTemplate\":\"https:\/\/luxiders.com\/es\/?s={search_term_string}\"},\"query-input\":{\"@type\":\"PropertyValueSpecification\",\"valueRequired\":true,\"valueName\":\"search_term_string\"}}],\"inLanguage\":\"es-ES\"},{\"@type\":\"Organization\",\"@id\":\"https:\/\/luxiders.com\/es\/#organization\",\"name\":\"Sustainable Fashion - Eco Design - Healthy Lifestyle - Luxiders Magazine\",\"url\":\"https:\/\/luxiders.com\/es\/\",\"logo\":{\"@type\":\"ImageObject\",\"inLanguage\":\"es-ES\",\"@id\":\"https:\/\/luxiders.com\/es\/#\/schema\/logo\/image\/\",\"url\":\"https:\/\/luxiders.com\/content\/uploads\/lux-logo.svg\",\"contentUrl\":\"https:\/\/luxiders.com\/content\/uploads\/lux-logo.svg\",\"caption\":\"Sustainable Fashion - Eco Design - Healthy Lifestyle - Luxiders Magazine\"},\"image\":{\"@id\":\"https:\/\/luxiders.com\/es\/#\/schema\/logo\/image\/\"}},{\"@type\":\"Person\",\"@id\":\"https:\/\/luxiders.com\/es\/#\/schema\/person\/05cf4949ad2f6dd51ad9747ec79b9b48\",\"name\":\"Liza Silva\",\"url\":\"https:\/\/luxiders.com\/es\/author\/liza\/\"}]}<\/script>","yoast_head_json":{"title":"Neonyt D\u00fcsseldorf abre sus puertas a los consumidores concienciados este verano","description":"Haciendo un cambio innovador hacia la inclusi\u00f3n y la accesibilidad, Neonyt D\u00fcsseldorf, la famosa feria de moda sostenible, rompe...","robots":{"index":"index","follow":"follow","max-snippet":"max-snippet:-1","max-image-preview":"max-image-preview:large","max-video-preview":"max-video-preview:-1"},"canonical":"https:\/\/luxiders.com\/es\/neonyt-dusseldorf-abre-sus-puertas-a-los-consumidores-concienciados-este-verano\/","og_locale":"es_ES","og_type":"article","og_title":"Neonyt D\u00fcsseldorf abre sus puertas a los consumidores concienciados este verano","og_description":"Haciendo un cambio innovador hacia la inclusi\u00f3n y la accesibilidad, Neonyt D\u00fcsseldorf, la famosa feria de moda sostenible, rompe...","og_url":"https:\/\/luxiders.com\/es\/neonyt-dusseldorf-abre-sus-puertas-a-los-consumidores-concienciados-este-verano\/","og_site_name":"Sustainable Fashion - Eco Design - Healthy Lifestyle - Luxiders Magazine","article_published_time":"2024-06-01T17:12:04+00:00","article_modified_time":"2024-06-19T17:25:22+00:00","og_image":[{"width":1234,"height":806,"url":"https:\/\/luxiders.com\/content\/uploads\/N_Ausenansicht_rechteckig.jpeg","type":"image\/jpeg"}],"author":"Liza Silva","twitter_card":"summary_large_image","twitter_misc":{"Written by":"Liza Silva","Est. reading time":"3 minutes"},"schema":{"@context":"https:\/\/schema.org","@graph":[{"@type":"Article","@id":"https:\/\/luxiders.com\/es\/neonyt-dusseldorf-abre-sus-puertas-a-los-consumidores-concienciados-este-verano\/#article","isPartOf":{"@id":"https:\/\/luxiders.com\/es\/neonyt-dusseldorf-abre-sus-puertas-a-los-consumidores-concienciados-este-verano\/"},"author":{"name":"Liza Silva","@id":"https:\/\/luxiders.com\/es\/#\/schema\/person\/05cf4949ad2f6dd51ad9747ec79b9b48"},"headline":"Neonyt D\u00fcsseldorf abre sus puertas a los consumidores concienciados este verano","datePublished":"2024-06-01T17:12:04+00:00","dateModified":"2024-06-19T17:25:22+00:00","mainEntityOfPage":{"@id":"https:\/\/luxiders.com\/es\/neonyt-dusseldorf-abre-sus-puertas-a-los-consumidores-concienciados-este-verano\/"},"wordCount":12,"publisher":{"@id":"https:\/\/luxiders.com\/es\/#organization"},"image":{"@id":"https:\/\/luxiders.com\/es\/neonyt-dusseldorf-abre-sus-puertas-a-los-consumidores-concienciados-este-verano\/#primaryimage"},"thumbnailUrl":"https:\/\/luxiders.com\/content\/uploads\/N_Ausenansicht_rechteckig.jpeg","keywords":["moda sostenible","neonyt","Neonyt Dusseldorf","slow fashion","sustainability","sustainable brands","sustainable fashion","sustainable fashion","Sustainable luxury"],"articleSection":["Food","Sustainable Fashion"],"inLanguage":"es-ES"},{"@type":"WebPage","@id":"https:\/\/luxiders.com\/es\/neonyt-dusseldorf-abre-sus-puertas-a-los-consumidores-concienciados-este-verano\/","url":"https:\/\/luxiders.com\/es\/neonyt-dusseldorf-abre-sus-puertas-a-los-consumidores-concienciados-este-verano\/","name":"Neonyt D\u00fcsseldorf abre sus puertas a los consumidores concienciados este verano","isPartOf":{"@id":"https:\/\/luxiders.com\/es\/#website"},"primaryImageOfPage":{"@id":"https:\/\/luxiders.com\/es\/neonyt-dusseldorf-abre-sus-puertas-a-los-consumidores-concienciados-este-verano\/#primaryimage"},"image":{"@id":"https:\/\/luxiders.com\/es\/neonyt-dusseldorf-abre-sus-puertas-a-los-consumidores-concienciados-este-verano\/#primaryimage"},"thumbnailUrl":"https:\/\/luxiders.com\/content\/uploads\/N_Ausenansicht_rechteckig.jpeg","datePublished":"2024-06-01T17:12:04+00:00","dateModified":"2024-06-19T17:25:22+00:00","description":"Haciendo un cambio innovador hacia la inclusi\u00f3n y la accesibilidad, Neonyt D\u00fcsseldorf, la famosa feria de moda sostenible, rompe...","breadcrumb":{"@id":"https:\/\/luxiders.com\/es\/neonyt-dusseldorf-abre-sus-puertas-a-los-consumidores-concienciados-este-verano\/#breadcrumb"},"inLanguage":"es-ES","potentialAction":[{"@type":"ReadAction","target":["https:\/\/luxiders.com\/es\/neonyt-dusseldorf-abre-sus-puertas-a-los-consumidores-concienciados-este-verano\/"]}]},{"@type":"ImageObject","inLanguage":"es-ES","@id":"https:\/\/luxiders.com\/es\/neonyt-dusseldorf-abre-sus-puertas-a-los-consumidores-concienciados-este-verano\/#primaryimage","url":"https:\/\/luxiders.com\/content\/uploads\/N_Ausenansicht_rechteckig.jpeg","contentUrl":"https:\/\/luxiders.com\/content\/uploads\/N_Ausenansicht_rechteckig.jpeg","width":1234,"height":806,"caption":"\u00a9 Neonyt Dusseldorf"},{"@type":"BreadcrumbList","@id":"https:\/\/luxiders.com\/es\/neonyt-dusseldorf-abre-sus-puertas-a-los-consumidores-concienciados-este-verano\/#breadcrumb","itemListElement":[{"@type":"ListItem","position":1,"name":"Startseite","item":"https:\/\/luxiders.com\/es\/"},{"@type":"ListItem","position":2,"name":"Food","item":"https:\/\/luxiders.com\/es\/category\/food\/"},{"@type":"ListItem","position":3,"name":"Neonyt D\u00fcsseldorf abre sus puertas a los consumidores concienciados este verano"}]},{"@type":"WebSite","@id":"https:\/\/luxiders.com\/es\/#website","url":"https:\/\/luxiders.com\/es\/","name":"Sustainable Fashion - Eco Design - Healthy Lifestyle - Luxiders Magazine","description":"Luxiders is a sustainable luxury magazine highlighting the best stories about sustainable fashion, ethical fashion, eco-friendly design, green design, sustainable travel, natural beauty, organic beauty and healthy lifestyle. Know the best high-end, progressive and luxury sustainable brands and designers worldwide.","publisher":{"@id":"https:\/\/luxiders.com\/es\/#organization"},"potentialAction":[{"@type":"SearchAction","target":{"@type":"EntryPoint","urlTemplate":"https:\/\/luxiders.com\/es\/?s={search_term_string}"},"query-input":{"@type":"PropertyValueSpecification","valueRequired":true,"valueName":"search_term_string"}}],"inLanguage":"es-ES"},{"@type":"Organization","@id":"https:\/\/luxiders.com\/es\/#organization","name":"Sustainable Fashion - Eco Design - Healthy Lifestyle - Luxiders Magazine","url":"https:\/\/luxiders.com\/es\/","logo":{"@type":"ImageObject","inLanguage":"es-ES","@id":"https:\/\/luxiders.com\/es\/#\/schema\/logo\/image\/","url":"https:\/\/luxiders.com\/content\/uploads\/lux-logo.svg","contentUrl":"https:\/\/luxiders.com\/content\/uploads\/lux-logo.svg","caption":"Sustainable Fashion - Eco Design - Healthy Lifestyle - Luxiders Magazine"},"image":{"@id":"https:\/\/luxiders.com\/es\/#\/schema\/logo\/image\/"}},{"@type":"Person","@id":"https:\/\/luxiders.com\/es\/#\/schema\/person\/05cf4949ad2f6dd51ad9747ec79b9b48","name":"Liza Silva","url":"https:\/\/luxiders.com\/es\/author\/liza\/"}]}},"_links":{"self":[{"href":"https:\/\/luxiders.com\/es\/wp-json\/wp\/v2\/posts\/45164","targetHints":{"allow":["GET"]}}],"collection":[{"href":"https:\/\/luxiders.com\/es\/wp-json\/wp\/v2\/posts"}],"about":[{"href":"https:\/\/luxiders.com\/es\/wp-json\/wp\/v2\/types\/post"}],"author":[{"embeddable":true,"href":"https:\/\/luxiders.com\/es\/wp-json\/wp\/v2\/users\/11"}],"replies":[{"embeddable":true,"href":"https:\/\/luxiders.com\/es\/wp-json\/wp\/v2\/comments?post=45164"}],"version-history":[{"count":3,"href":"https:\/\/luxiders.com\/es\/wp-json\/wp\/v2\/posts\/45164\/revisions"}],"predecessor-version":[{"id":45178,"href":"https:\/\/luxiders.com\/es\/wp-json\/wp\/v2\/posts\/45164\/revisions\/45178"}],"wp:featuredmedia":[{"embeddable":true,"href":"https:\/\/luxiders.com\/es\/wp-json\/wp\/v2\/media\/45167"}],"wp:attachment":[{"href":"https:\/\/luxiders.com\/es\/wp-json\/wp\/v2\/media?parent=45164"}],"wp:term":[{"taxonomy":"category","embeddable":true,"href":"https:\/\/luxiders.com\/es\/wp-json\/wp\/v2\/categories?post=45164"},{"taxonomy":"post_tag","embeddable":true,"href":"https:\/\/luxiders.com\/es\/wp-json\/wp\/v2\/tags?post=45164"}],"curies":[{"name":"wp","href":"https:\/\/api.w.org\/{rel}","templated":true}]}}