{"id":4582,"date":"2020-07-22T11:56:00","date_gmt":"2020-07-22T09:56:00","guid":{"rendered":"http:\/\/luxiders.com.w01cc729.kasserver.com\/?p=4582"},"modified":"2023-01-16T10:49:59","modified_gmt":"2023-01-16T09:49:59","slug":"pieles-siamesas-dos-naturalezas-un-cuerpo","status":"publish","type":"post","link":"https:\/\/luxiders.com\/es\/pieles-siamesas-dos-naturalezas-un-cuerpo\/","title":{"rendered":"Pieles siamesas. Dos naturalezas. Un cuerpo."},"content":{"rendered":"    <section id=\"textblock-block_f09219e025ef0f105148c26ea86416b2\" class=\"section position-relative gp-block gp-textblock text-center pt-0 pb-5\">\n        <div class=\"container\">\n            <div class=\"row g-0\">\n                <div class=\"col-lg-12 content\" data-aos=\"fade-in\" data-aos-duration=\"1000\">\n                                                                                    <div class=\"intro px-lg-8\">\n                            <p style=\"text-align: center;\">La intersecci\u00f3n entre moda y microbiolog\u00eda ilustra c\u00f3mo las fibras naturales, el dise\u00f1o de moda y la experiencia en salud de las plantas pueden incorporar la naturaleza a la moda. Conoce a la joven talento Paula Ulargui, una dise\u00f1adora de moda cuyas prendas prosperan con las plantas.<\/p>\n                        <\/div>\n                                                                                                <\/div>\n            <\/div>\n        <\/div>\n    <\/section>\n    \n\n    <section id=\"newsletter-block_0d47d64c319bb52c3c1a740ce9fabab9\" class=\"section position-relative gp-block gp-newsletter pt-0 pb-0 my-5\">\n        <div class=\"container\">\n            <div class=\"row g-0 pt-4 pb-3\">\n                <div class=\"col-lg-12 content text-center border pt-3\" data-aos=\"fade-in\" data-aos-duration=\"1000\">\n                                            <p><em>Para recibir el Newsletter de Luxiders Magazine,\u00a0<a href=\"https:\/\/landing.mailerlite.com\/webforms\/landing\/w2a1t0\" target=\"_blank\" rel=\"noopener\">suscr\u00edbete aqu\u00ed<\/a><\/em><\/p>\n                                    <\/div>\n            <\/div>\n        <\/div>\n    <\/section>\n    \n\n    <section id=\"media-block_3c162aaefec6e1452cee99d555be7665\" class=\"section position-relative gp-block gp-media pt-0 pb-0\">\n        <div class=\"container\">\n            <div class=\"row g-0\">\n                <div class=\"col-lg-12 content\" data-aos=\"fade-in\" data-aos-duration=\"1000\">\n                                        <p>En conversaci\u00f3n con\u00a0<a href=\"https:\/\/paulaularguiescalona.com\/\" target=\"_blank\" rel=\"noopener\">Paula Ulargui<\/a>, la graduada de moda con sede en Madrid nos cuenta sobre su proyecto de final de carrera &#8220;Pieles Siamesas. Dos naturalezas. Un cuerpo&#8221; y c\u00f3mo explora la reconexi\u00f3n entre los humanos y la naturaleza. El trabajo de Paula, como su nombre indica, ilustra la comprensi\u00f3n com\u00fan y egoc\u00e9ntrica de los humanos como algo separado de la naturaleza, y proyecta la relaci\u00f3n t\u00f3xica que actualmente tenemos con el medio ambiente. El proyecto es una visi\u00f3n id\u00edlica de una simbiosis entre la moda y los procesos naturales, y la armoniosa convivencia de los humanos en el eje de estos dos.<\/p>\n                                    <\/div>\n            <\/div>\n            <div class=\"row g-0\">\n                <div class=\"col-lg-6 \">\n                                                                                                                                                <figure class=\"mb-4 pt-lg-6 mb-lg-5 ps-lg-0 pe-lg-3\" data-aos=\"fade-up\" data-aos-duration=\"1000\"><div class=\"img-container\"><img loading=\"lazy\" decoding=\"async\" width=\"1300\" height=\"1950\" src=\"https:\/\/luxiders.com\/content\/uploads\/DSC_3056__1595242303_185.199.104.14.jpg\" class=\"img-fluid w-100\" alt=\"\" srcset=\"https:\/\/luxiders.com\/content\/uploads\/DSC_3056__1595242303_185.199.104.14.jpg 1300w, https:\/\/luxiders.com\/content\/uploads\/DSC_3056__1595242303_185.199.104.14-200x300.jpg 200w, https:\/\/luxiders.com\/content\/uploads\/DSC_3056__1595242303_185.199.104.14-683x1024.jpg 683w, https:\/\/luxiders.com\/content\/uploads\/DSC_3056__1595242303_185.199.104.14-768x1152.jpg 768w, https:\/\/luxiders.com\/content\/uploads\/DSC_3056__1595242303_185.199.104.14-1024x1536.jpg 1024w\" sizes=\"(max-width: 1300px) 100vw, 1300px\" \/><\/div><\/figure>                                                                                            <\/div>\n                                    <div class=\"col-lg-6\">\n                                                                                                                                                        <figure class=\"mb-4 pt-lg-4 mb-lg-6 ps-lg-3 pe-lg-0\" data-aos=\"fade-up\" data-aos-duration=\"1000\"><div class=\"img-container\"><img loading=\"lazy\" decoding=\"async\" width=\"1300\" height=\"1950\" src=\"https:\/\/luxiders.com\/content\/uploads\/DSC_3092__1595242386_185.199.104.14.jpg\" class=\"img-fluid w-100\" alt=\"\" srcset=\"https:\/\/luxiders.com\/content\/uploads\/DSC_3092__1595242386_185.199.104.14.jpg 1300w, https:\/\/luxiders.com\/content\/uploads\/DSC_3092__1595242386_185.199.104.14-200x300.jpg 200w, https:\/\/luxiders.com\/content\/uploads\/DSC_3092__1595242386_185.199.104.14-683x1024.jpg 683w, https:\/\/luxiders.com\/content\/uploads\/DSC_3092__1595242386_185.199.104.14-768x1152.jpg 768w, https:\/\/luxiders.com\/content\/uploads\/DSC_3092__1595242386_185.199.104.14-1024x1536.jpg 1024w\" sizes=\"(max-width: 1300px) 100vw, 1300px\" \/><\/div><\/figure>                                                                                                        <\/div>\n                                            <\/div>\n        <\/div>\n    <\/section>\n    \n\n    <section id=\"media-block_bfece3dd69cb6d7867e1ec4482598ee3\" class=\"section position-relative gp-block gp-media pt-0 pb-0\">\n        <div class=\"container\">\n            <div class=\"row g-0\">\n                <div class=\"col-lg-12 content\" data-aos=\"fade-in\" data-aos-duration=\"1000\">\n                                        <p><strong><em>Hola Paula. Hablemos de Pieles siamesas. Dos naturalezas. Un cuerpo \u00bfC\u00f3mo se te ocurri\u00f3 esta idea: entrelazar la microbiolog\u00eda y la moda no parece ser una tarea f\u00e1cil?<\/em><\/strong><\/p>\n<p>Durante muchos a\u00f1os he estado investigando y buscando formas de incorporar valores sostenibles en mi trabajo. Se me ocurri\u00f3 la idea de este proyecto durante una charla a la que asist\u00ed sobre la &#8220;Era del Antropoceno&#8221;, un concepto creado en el a\u00f1o 2000 para referirse a la era geol\u00f3gica actual, marcada por el da\u00f1o ecol\u00f3gico como resultado de la acci\u00f3n humana. Fue entonces cuando me di cuenta de que mi trabajo estaba relacionado de alguna manera con la restauraci\u00f3n de nuestro planeta. La ropa se puede usar como una herramienta para reconectar a los humanos con la naturaleza; una herramienta para crear conciencia sobre la industria de la moda de hoy; una herramienta para hacer que la moda sea m\u00e1s equilibrada y sostenible.<\/p>\n                                    <\/div>\n            <\/div>\n            <div class=\"row g-0\">\n                <div class=\"col-lg-12 img-scaled\">\n                                                                                                                                                <figure class=\"mb-4 pt-lg-5 mb-lg-5 ps-lg-0 pe-lg-2\" data-aos=\"fade-up\" data-aos-duration=\"1000\"><div class=\"img-container\"><img loading=\"lazy\" decoding=\"async\" width=\"1300\" height=\"1950\" src=\"https:\/\/luxiders.com\/content\/uploads\/DSC_3311__1595243314_185.199.104.14.jpg\" class=\"img-fluid w-100\" alt=\"\" srcset=\"https:\/\/luxiders.com\/content\/uploads\/DSC_3311__1595243314_185.199.104.14.jpg 1300w, https:\/\/luxiders.com\/content\/uploads\/DSC_3311__1595243314_185.199.104.14-200x300.jpg 200w, https:\/\/luxiders.com\/content\/uploads\/DSC_3311__1595243314_185.199.104.14-683x1024.jpg 683w, https:\/\/luxiders.com\/content\/uploads\/DSC_3311__1595243314_185.199.104.14-768x1152.jpg 768w, https:\/\/luxiders.com\/content\/uploads\/DSC_3311__1595243314_185.199.104.14-1024x1536.jpg 1024w\" sizes=\"(max-width: 1300px) 100vw, 1300px\" \/><\/div><\/figure>                                                                                            <\/div>\n                                            <\/div>\n        <\/div>\n    <\/section>\n    \n\n    <section id=\"textblock-block_881dedbaf046fdc86e7abf230b4c93af\" class=\"section position-relative gp-block gp-textblock pt-0 pb-0\">\n        <div class=\"container\">\n            <div class=\"row g-0\">\n                <div class=\"col-lg-12 content\" data-aos=\"fade-in\" data-aos-duration=\"1000\">\n                                                                                <p><strong><em>\u00bfQu\u00e9 t\u00e9cnicas y procesos has seguido para crear estas prendas? \u00bfY cu\u00e1l es la longevidad de las prendas, es decir, de las plantas<\/em><\/strong><\/p>\n<p>Durante los primeros meses me concentr\u00e9 en aprender y comprender el ciclo de vida de las plantas y sus necesidades. Prob\u00e9 m\u00e1s de 20 tipos de semillas en m\u00e1s de 10 tipos de fibras naturales y formatos textiles. Analic\u00e9 y estudi\u00e9 sus necesidades de luz, temperatura, agua y, en general, su ciclo de vida. Este per\u00edodo fue el m\u00e1s largo y complejo pero, sin duda, el m\u00e1s bello.<\/p>\n                                            <div class=\"highlighted mt-5 mt-lg-6 px-lg-5\">\n                            <p style=\"text-align: center;\">&#8220;Algunas plantas necesitaban tanto cuidado que pas\u00e9 horas en el estudio mirando como crec\u00edan&#8221;.<\/p>\n                        <\/div>\n                                                        <\/div>\n            <\/div>\n        <\/div>\n    <\/section>\n    \n\n    <section id=\"textblock-block_39af4485f58e32c65c2ce974ee131adf\" class=\"section position-relative gp-block gp-textblock pt-0 pb-0\">\n        <div class=\"container\">\n            <div class=\"row g-0\">\n                <div class=\"col-lg-12 content\" data-aos=\"fade-in\" data-aos-duration=\"1000\">\n                                                                                <p>&nbsp;<br \/>\nUna vez que supe qu\u00e9 semillas mostraron mejores resultados, profundic\u00e9 en la parte est\u00e9tica del proyecto. Seleccion\u00e9 las plantas visualmente m\u00e1s atractivas en funci\u00f3n de su color. Lo m\u00e1s dif\u00edcil fue aprender a mantener vivas estas plantas el mayor tiempo posible. As\u00ed que tuve que estudiar diferentes telas con sus respectivos grosores y patrones para crear prendas que fueran lo suficientemente fuertes como para que las semillas crecieran y vivieran.<\/p>\n<p>Las prendas de vestir se montan y desmontan f\u00e1cilmente, lo que nos permite cuidar las plantas y regarlas cuando no se usan. Si se cuidan adecuadamente, estas prendas pueden vivir y usarse durante semanas. He logrado mantener viva una de las prendas durante unos dos meses, todo depende del entorno y la temporada.<\/p>\n                                            <div class=\"highlighted mt-5 mt-lg-6 px-lg-5\">\n                            <p style=\"text-align: center;\">&#8220;Uno de mis deseos es seguir investigando en el futuro para mejorar la t\u00e9cnica y extender la vida \u00fatil de estas prendas&#8221;.<\/p>\n                        <\/div>\n                                                        <\/div>\n            <\/div>\n        <\/div>\n    <\/section>\n    \n\n    <section id=\"media-block_ad24557fe70412b15317d2094d1be8a0\" class=\"section position-relative gp-block gp-media pt-0 pb-0\">\n        <div class=\"container\">\n            <div class=\"row g-0\">\n                <div class=\"col-lg-12 content\" data-aos=\"fade-in\" data-aos-duration=\"1000\">\n                                                                            <\/div>\n            <\/div>\n            <div class=\"row g-0\">\n                <div class=\"col-lg-12 img-scaled\">\n                                                                                                                                                <figure class=\"mb-4 pt-lg-5 mb-lg-4 ps-lg-0 pe-lg-0\" data-aos=\"fade-up\" data-aos-duration=\"1000\"><div class=\"img-container\"><img loading=\"lazy\" decoding=\"async\" width=\"1300\" height=\"1950\" src=\"https:\/\/luxiders.com\/content\/uploads\/DSC_3179__1595242539_185.199.104.14.jpg\" class=\"img-fluid w-100\" alt=\"\" srcset=\"https:\/\/luxiders.com\/content\/uploads\/DSC_3179__1595242539_185.199.104.14.jpg 1300w, https:\/\/luxiders.com\/content\/uploads\/DSC_3179__1595242539_185.199.104.14-200x300.jpg 200w, https:\/\/luxiders.com\/content\/uploads\/DSC_3179__1595242539_185.199.104.14-683x1024.jpg 683w, https:\/\/luxiders.com\/content\/uploads\/DSC_3179__1595242539_185.199.104.14-768x1152.jpg 768w, https:\/\/luxiders.com\/content\/uploads\/DSC_3179__1595242539_185.199.104.14-1024x1536.jpg 1024w\" sizes=\"(max-width: 1300px) 100vw, 1300px\" \/><\/div><\/figure>                                                                                            <\/div>\n                                            <\/div>\n        <\/div>\n    <\/section>\n    \n\n    <section id=\"media-block_7e2c5f5a0c8815fd7b165aa470448b4e\" class=\"section position-relative gp-block gp-media pt-0 pb-0\">\n        <div class=\"container\">\n            <div class=\"row g-0\">\n                <div class=\"col-lg-12 content\" data-aos=\"fade-in\" data-aos-duration=\"1000\">\n                                                                            <\/div>\n            <\/div>\n            <div class=\"row g-0\">\n                <div class=\"col-lg-6 \">\n                                                                                                                                                <figure class=\"mb-4 pt-lg-3 mb-lg-6 ps-lg-0 pe-lg-3\" data-aos=\"fade-up\" data-aos-duration=\"1000\"><div class=\"img-container\"><img loading=\"lazy\" decoding=\"async\" width=\"1300\" height=\"1950\" src=\"https:\/\/luxiders.com\/content\/uploads\/DSC_3207__1595242887_185.199.104.14.jpg\" class=\"img-fluid w-100\" alt=\"\" srcset=\"https:\/\/luxiders.com\/content\/uploads\/DSC_3207__1595242887_185.199.104.14.jpg 1300w, https:\/\/luxiders.com\/content\/uploads\/DSC_3207__1595242887_185.199.104.14-200x300.jpg 200w, https:\/\/luxiders.com\/content\/uploads\/DSC_3207__1595242887_185.199.104.14-683x1024.jpg 683w, https:\/\/luxiders.com\/content\/uploads\/DSC_3207__1595242887_185.199.104.14-768x1152.jpg 768w, https:\/\/luxiders.com\/content\/uploads\/DSC_3207__1595242887_185.199.104.14-1024x1536.jpg 1024w\" sizes=\"(max-width: 1300px) 100vw, 1300px\" \/><\/div><\/figure>                                                                                            <\/div>\n                                    <div class=\"col-lg-6\">\n                                                                                                                                                        <figure class=\"mb-4 pt-lg-3 mb-lg-4 ps-lg-3 pe-lg-0\" data-aos=\"fade-up\" data-aos-duration=\"1000\"><div class=\"img-container\"><img loading=\"lazy\" decoding=\"async\" width=\"1300\" height=\"1950\" src=\"https:\/\/luxiders.com\/content\/uploads\/DSC_3188__1595242768_185.199.104.14.jpg\" class=\"img-fluid w-100\" alt=\"\" srcset=\"https:\/\/luxiders.com\/content\/uploads\/DSC_3188__1595242768_185.199.104.14.jpg 1300w, https:\/\/luxiders.com\/content\/uploads\/DSC_3188__1595242768_185.199.104.14-200x300.jpg 200w, https:\/\/luxiders.com\/content\/uploads\/DSC_3188__1595242768_185.199.104.14-683x1024.jpg 683w, https:\/\/luxiders.com\/content\/uploads\/DSC_3188__1595242768_185.199.104.14-768x1152.jpg 768w, https:\/\/luxiders.com\/content\/uploads\/DSC_3188__1595242768_185.199.104.14-1024x1536.jpg 1024w\" sizes=\"(max-width: 1300px) 100vw, 1300px\" \/><\/div><\/figure>                                                                                                        <\/div>\n                                            <\/div>\n        <\/div>\n    <\/section>\n    \n\n    <section id=\"textblock-block_2217130e0f433f93489d193a50420794\" class=\"section position-relative gp-block gp-textblock pt-0 pb-0\">\n        <div class=\"container\">\n            <div class=\"row g-0\">\n                <div class=\"col-lg-12 content\" data-aos=\"fade-in\" data-aos-duration=\"1000\">\n                                                                                <p><strong><em>\u00bfQu\u00e9 significa la naturaleza para ti?<\/em><\/strong><\/p>\n<p>Esta es una hermosa pregunta que creo que todos deber\u00edamos hacernos. En mi caso, la naturaleza significa sabidur\u00eda, orden, armon\u00eda. Cuanto m\u00e1s investigo y estudio c\u00f3mo funciona, m\u00e1s me sorprende el gran ejemplo que la naturaleza da a los seres humanos.<\/p>\n<p>Un ejemplo de esto es el proceso natural de la simbiosis, un t\u00e9rmino cient\u00edfico que se refiere a la persistencia y la relaci\u00f3n paralela entre organismos de diferentes especies. Hay plantas que se ayudan mutuamente a fortalecerse; las especies pueden coexistir en armon\u00eda y paz. En el mundo animal, las diferentes especies funcionan jer\u00e1rquicamente y eso garantiza la supervivencia de las especies.<\/p>\n                                            <div class=\"highlighted mt-5 mt-lg-6 px-lg-5\">\n                            <p dir=\"ltr\" style=\"text-align: center;\">&#8220;Si tuviese que definir la naturaleza con una sola<br \/>\npalabra, yo dir\u00eda que la naturaleza, por encima de<br \/>\ntodo, significa &#8216;sabidur\u00eda&#8217;&#8221;<\/p>\n                        <\/div>\n                                                        <\/div>\n            <\/div>\n        <\/div>\n    <\/section>\n    \n\n    <section id=\"media-block_fc424505227b214109bee0b354599348\" class=\"section position-relative gp-block gp-media pt-0 pb-0\">\n        <div class=\"container\">\n            <div class=\"row g-0\">\n                <div class=\"col-lg-12 content\" data-aos=\"fade-in\" data-aos-duration=\"1000\">\n                                                                            <\/div>\n            <\/div>\n            <div class=\"row g-0\">\n                <div class=\"col-lg-12 img-scaled\">\n                                                                                                                                                <figure class=\"mb-4 pt-lg-5 mb-lg-5 ps-lg-0 pe-lg-0\" data-aos=\"fade-up\" data-aos-duration=\"1000\"><div class=\"img-container\"><img loading=\"lazy\" decoding=\"async\" width=\"1300\" height=\"1950\" src=\"https:\/\/luxiders.com\/content\/uploads\/IMG_6160__1595243220_185.199.104.14.jpg\" class=\"img-fluid w-100\" alt=\"\" srcset=\"https:\/\/luxiders.com\/content\/uploads\/IMG_6160__1595243220_185.199.104.14.jpg 1300w, https:\/\/luxiders.com\/content\/uploads\/IMG_6160__1595243220_185.199.104.14-200x300.jpg 200w, https:\/\/luxiders.com\/content\/uploads\/IMG_6160__1595243220_185.199.104.14-683x1024.jpg 683w, https:\/\/luxiders.com\/content\/uploads\/IMG_6160__1595243220_185.199.104.14-768x1152.jpg 768w, https:\/\/luxiders.com\/content\/uploads\/IMG_6160__1595243220_185.199.104.14-1024x1536.jpg 1024w\" sizes=\"(max-width: 1300px) 100vw, 1300px\" \/><\/div><\/figure>                                                                                            <\/div>\n                                            <\/div>\n        <\/div>\n    <\/section>\n    \n\n    <section id=\"media-block_c4dc0e7a96fb134dca1b80c6c84a68ec\" class=\"section position-relative gp-block gp-media pt-0 pb-0\">\n        <div class=\"container\">\n            <div class=\"row g-0\">\n                <div class=\"col-lg-12 content\" data-aos=\"fade-in\" data-aos-duration=\"1000\">\n                                        <p><strong><em>Este proyecto refleja, de manera po\u00e9tica, las preocupaciones actuales sobre nuestra posici\u00f3n como humanos en relaci\u00f3n con nuestro entorno. \u00bfC\u00f3mo sientes que estas ansiedades est\u00e1n siendo expresadas por artistas emergentes y manejadas por las j\u00f3venes generaciones?<\/em><\/strong><\/p>\n<p>Puedo decir que finalmente estamos entrando en una etapa en la que la sostenibilidad, la investigaci\u00f3n y la reconexi\u00f3n con el planeta ya no son un valor, sino un imperativo llamado a la acci\u00f3n. Cuanto m\u00e1s avanzo en mi investigaci\u00f3n, m\u00e1s proyectos y artistas cuya lucha y objetivos son los mismos encuentro.<\/p>\n<p>Obviamente, debemos continuar trabajando e investigando para crear una industria m\u00e1s controlada y responsable en todos los aspectos, no solo con respecto a los materiales y recursos que se est\u00e1n utilizando, sino tambi\u00e9n en relaci\u00f3n con el bienestar de quienes la producen.<\/p>\n<p>Si hay algo que he aprendido, es lo conectados que est\u00e1n la sostenibilidad y la innovaci\u00f3n. Como siempre digo, la moda sostenible tiene poco que ver con volver a los tejidos y materiales del pasado. Por el contrario, debe ser el resultado de un an\u00e1lisis en profundidad: rescatar el valor de las buenas prendas del pasado mientras se trabaja con la tecnolog\u00eda actual. As\u00ed es como podemos crear una industria de la moda que sea ambiental y socialmente sostenible. Ya no podemos posponer este objetivo.<\/p>\n<p>Sin lugar a dudas, hay m\u00e1s consumidores conscientes de la urgencia de remodelar la industria de la moda, y s\u00e9 que con gusto comenzar\u00e1n a apoyar ofertas innovadoras hechas por nuevos artistas y j\u00f3venes. Este ser\u00e1 el trabajo y el desaf\u00edo de los futuros dise\u00f1adores: ser los visionarios y los arquitectos de este gran cambio.<\/p>\n                                    <\/div>\n            <\/div>\n            <div class=\"row g-0\">\n                <div class=\"col-lg-12 img-scaled\">\n                                                                                                                                                <figure class=\"mb-4 pt-lg-5 mb-lg-5 ps-lg-0 pe-lg-0\" data-aos=\"fade-up\" data-aos-duration=\"1000\"><div class=\"img-container\"><img loading=\"lazy\" decoding=\"async\" width=\"1300\" height=\"1950\" src=\"https:\/\/luxiders.com\/content\/uploads\/DSC_3414__1595243166_185.199.104.14.jpg\" class=\"img-fluid w-100\" alt=\"\" srcset=\"https:\/\/luxiders.com\/content\/uploads\/DSC_3414__1595243166_185.199.104.14.jpg 1300w, https:\/\/luxiders.com\/content\/uploads\/DSC_3414__1595243166_185.199.104.14-200x300.jpg 200w, https:\/\/luxiders.com\/content\/uploads\/DSC_3414__1595243166_185.199.104.14-683x1024.jpg 683w, https:\/\/luxiders.com\/content\/uploads\/DSC_3414__1595243166_185.199.104.14-768x1152.jpg 768w, https:\/\/luxiders.com\/content\/uploads\/DSC_3414__1595243166_185.199.104.14-1024x1536.jpg 1024w\" sizes=\"(max-width: 1300px) 100vw, 1300px\" \/><\/div><\/figure>                                                                                            <\/div>\n                                            <\/div>\n        <\/div>\n    <\/section>\n    \n\n    <section id=\"textblock-block_6b2b89582bd786c646ab11eab1129d70\" class=\"section position-relative gp-block gp-textblock pt-0 pb-0\">\n        <div class=\"container\">\n            <div class=\"row g-0\">\n                <div class=\"col-lg-12 content\" data-aos=\"fade-in\" data-aos-duration=\"1000\">\n                                                                                <p><strong><em>Pronto te graduar\u00e1s de la Universidad IED de Madrid, en el momento de una pandemia mundial. \u00bfC\u00f3mo te gustar\u00eda tener \u00e9xito en tu carrera? \u00bfCu\u00e1les son tus esperanzas para el futuro cercano?<\/em><\/strong><\/p>\n<p>Pr\u00e1cticamente me gradu\u00e9 hace un par de d\u00edas, por lo que finalmente puedo celebrar que he completado mi licenciatura en dise\u00f1o de moda y comunicaci\u00f3n.<\/p>\n<p>Sin duda, la situaci\u00f3n laboral es dif\u00edcil en este momento y ser\u00e1 un desaf\u00edo para todos. Mi sue\u00f1o siempre ha sido continuar investigando y trabajando dentro de la industria textil para encontrar soluciones a muchas de las cosas que hoy no funcionan en el mundo de la moda. La rama de la biotecnolog\u00eda aplicada a los textiles es la que m\u00e1s me interesa ya que soy una persona muy curiosa. Sin embargo, con todo lo que est\u00e1 sucediendo, solo tenemos la opci\u00f3n de improvisar y fluir con la situaci\u00f3n, as\u00ed que tambi\u00e9n estoy entusiasmada y abierta a trabajar en otros departamentos o sectores. Lo \u00fanico que tengo muy claro es que me gustar\u00eda que mi trabajo est\u00e9 estrechamente relacionado con la sostenibilidad.<\/p>\n<p>&nbsp;<\/p>\n<h3>CREDITS<\/h3>\n<p>Designer: <a href=\"https:\/\/www.instagram.com\/ulargui_escalona\/\" target=\"_blank\" rel=\"noopener\">Paula Ulargui<\/a><\/p>\n<p>Photographer:\u00a0<a href=\"https:\/\/www.instagram.com\/blanmaza\/\" target=\"_blank\" rel=\"noopener\">Blanca Mazariegos<\/a><\/p>\n<p>Models:\u00a0<a href=\"https:\/\/www.instagram.com\/mariuchico\/\" target=\"_blank\" rel=\"noopener\">Maria Garcia<\/a>;\u00a0<a href=\"https:\/\/www.instagram.com\/marcosescobaar\/\" target=\"_blank\" rel=\"noopener\">Marcos Escobar;<\/a>\u00a0<a href=\"https:\/\/www.instagram.com\/edithval.mp\/\" target=\"_blank\" rel=\"noopener\">Edith Martinez-Val;<\/a>\u00a0Tim Lutter;\u00a0<a href=\"https:\/\/www.instagram.com\/lauraleyvasanchez\/\" target=\"_blank\" rel=\"noopener\">Laura Leyva<\/a><\/p>\n<p>Mua: <a href=\"https:\/\/www.instagram.com\/makeup_camilasilveira\/\" target=\"_blank\" rel=\"noopener\">Camila Silveira<\/a><\/p>\n<p>Video: <a href=\"https:\/\/www.instagram.com\/jimenatercero_\/\" target=\"_blank\" rel=\"noopener\">Jimena Martin<\/a><\/p>\n<p>&nbsp;<br \/>\n&nbsp;<\/p>\n                                                        <\/div>\n            <\/div>\n        <\/div>\n    <\/section>\n    ","protected":false},"excerpt":{"rendered":"","protected":false},"author":2,"featured_media":4611,"comment_status":"closed","ping_status":"closed","sticky":false,"template":"","format":"standard","meta":{"_acf_changed":false,"footnotes":""},"categories":[1187,130],"tags":[738,1189,358,193],"class_list":{"0":"post-4582","1":"post","2":"type-post","3":"status-publish","4":"format-standard","5":"has-post-thumbnail","7":"category-lujo-sostenible-diseno","8":"category-moda-sostenible-lujo","9":"tag-biotechnology","10":"tag-green-technology-2","11":"tag-sustainable-design-es","12":"tag-sustainable-fashion-es"},"acf":[],"yoast_head":"<title>Pieles siamesas. Dos naturalezas. Un cuerpo. | Luxiders Magazine<\/title>\n<meta name=\"description\" content=\"En conversaci\u00f3n con Paula Ulargui, la graduada de moda con sede en Madrid nos habla sobre su proyecto final de carrera &quot;Pieles Siamesas. Dos naturalezas Un cuerpo&quot; y c\u00f3mo explora la reconexi\u00f3n entre los humanos y la naturaleza.\" \/>\n<meta name=\"robots\" content=\"index, follow, max-snippet:-1, max-image-preview:large, max-video-preview:-1\" \/>\n<link rel=\"canonical\" href=\"https:\/\/luxiders.com\/es\/pieles-siamesas-dos-naturalezas-un-cuerpo\/\" \/>\n<meta property=\"og:locale\" content=\"es_ES\" \/>\n<meta property=\"og:type\" content=\"article\" \/>\n<meta property=\"og:title\" content=\"Pieles siamesas. Dos naturalezas. Un cuerpo. | Luxiders Magazine\" \/>\n<meta property=\"og:description\" content=\"En conversaci\u00f3n con Paula Ulargui, la graduada de moda con sede en Madrid nos habla sobre su proyecto final de carrera &quot;Pieles Siamesas. Dos naturalezas Un cuerpo&quot; y c\u00f3mo explora la reconexi\u00f3n entre los humanos y la naturaleza.\" \/>\n<meta property=\"og:url\" content=\"https:\/\/luxiders.com\/es\/pieles-siamesas-dos-naturalezas-un-cuerpo\/\" \/>\n<meta property=\"og:site_name\" content=\"Sustainable Fashion - Eco Design - Healthy Lifestyle - Luxiders Magazine\" \/>\n<meta property=\"article:published_time\" content=\"2020-07-22T09:56:00+00:00\" \/>\n<meta property=\"article:modified_time\" content=\"2023-01-16T09:49:59+00:00\" \/>\n<meta property=\"og:image\" content=\"https:\/\/luxiders.com\/content\/uploads\/IMG_6160__1595243220_185.199.104.14-1-e1672657916519.jpg\" \/>\n\t<meta property=\"og:image:width\" content=\"1300\" \/>\n\t<meta property=\"og:image:height\" content=\"1462\" \/>\n\t<meta property=\"og:image:type\" content=\"image\/jpeg\" \/>\n<meta name=\"author\" content=\"luxiders\" \/>\n<meta name=\"twitter:card\" content=\"summary_large_image\" \/>\n<meta name=\"twitter:label1\" content=\"Written by\" \/>\n\t<meta name=\"twitter:data1\" content=\"luxiders\" \/>\n<script type=\"application\/ld+json\" class=\"yoast-schema-graph\">{\"@context\":\"https:\/\/schema.org\",\"@graph\":[{\"@type\":\"Article\",\"@id\":\"https:\/\/luxiders.com\/es\/pieles-siamesas-dos-naturalezas-un-cuerpo\/#article\",\"isPartOf\":{\"@id\":\"https:\/\/luxiders.com\/es\/pieles-siamesas-dos-naturalezas-un-cuerpo\/\"},\"author\":{\"name\":\"luxiders\",\"@id\":\"https:\/\/luxiders.com\/es\/#\/schema\/person\/8632fa702ae2ce98f66c396254633de8\"},\"headline\":\"Pieles siamesas. Dos naturalezas. Un cuerpo.\",\"datePublished\":\"2020-07-22T09:56:00+00:00\",\"dateModified\":\"2023-01-16T09:49:59+00:00\",\"mainEntityOfPage\":{\"@id\":\"https:\/\/luxiders.com\/es\/pieles-siamesas-dos-naturalezas-un-cuerpo\/\"},\"wordCount\":6,\"publisher\":{\"@id\":\"https:\/\/luxiders.com\/es\/#organization\"},\"image\":{\"@id\":\"https:\/\/luxiders.com\/es\/pieles-siamesas-dos-naturalezas-un-cuerpo\/#primaryimage\"},\"thumbnailUrl\":\"https:\/\/luxiders.com\/content\/uploads\/IMG_6160__1595243220_185.199.104.14-1-e1672657916519.jpg\",\"keywords\":[\"biotechnology\",\"green technology\",\"sustainable design\",\"sustainable fashion\"],\"articleSection\":[\"Dise\u00f1o\",\"Moda\"],\"inLanguage\":\"es-ES\"},{\"@type\":\"WebPage\",\"@id\":\"https:\/\/luxiders.com\/es\/pieles-siamesas-dos-naturalezas-un-cuerpo\/\",\"url\":\"https:\/\/luxiders.com\/es\/pieles-siamesas-dos-naturalezas-un-cuerpo\/\",\"name\":\"Pieles siamesas. Dos naturalezas. Un cuerpo. | Luxiders Magazine\",\"isPartOf\":{\"@id\":\"https:\/\/luxiders.com\/es\/#website\"},\"primaryImageOfPage\":{\"@id\":\"https:\/\/luxiders.com\/es\/pieles-siamesas-dos-naturalezas-un-cuerpo\/#primaryimage\"},\"image\":{\"@id\":\"https:\/\/luxiders.com\/es\/pieles-siamesas-dos-naturalezas-un-cuerpo\/#primaryimage\"},\"thumbnailUrl\":\"https:\/\/luxiders.com\/content\/uploads\/IMG_6160__1595243220_185.199.104.14-1-e1672657916519.jpg\",\"datePublished\":\"2020-07-22T09:56:00+00:00\",\"dateModified\":\"2023-01-16T09:49:59+00:00\",\"description\":\"En conversaci\u00f3n con Paula Ulargui, la graduada de moda con sede en Madrid nos habla sobre su proyecto final de carrera \\\"Pieles Siamesas. Dos naturalezas Un cuerpo\\\" y c\u00f3mo explora la reconexi\u00f3n entre los humanos y la naturaleza.\",\"breadcrumb\":{\"@id\":\"https:\/\/luxiders.com\/es\/pieles-siamesas-dos-naturalezas-un-cuerpo\/#breadcrumb\"},\"inLanguage\":\"es-ES\",\"potentialAction\":[{\"@type\":\"ReadAction\",\"target\":[\"https:\/\/luxiders.com\/es\/pieles-siamesas-dos-naturalezas-un-cuerpo\/\"]}]},{\"@type\":\"ImageObject\",\"inLanguage\":\"es-ES\",\"@id\":\"https:\/\/luxiders.com\/es\/pieles-siamesas-dos-naturalezas-un-cuerpo\/#primaryimage\",\"url\":\"https:\/\/luxiders.com\/content\/uploads\/IMG_6160__1595243220_185.199.104.14-1-e1672657916519.jpg\",\"contentUrl\":\"https:\/\/luxiders.com\/content\/uploads\/IMG_6160__1595243220_185.199.104.14-1-e1672657916519.jpg\",\"width\":1300,\"height\":1462},{\"@type\":\"BreadcrumbList\",\"@id\":\"https:\/\/luxiders.com\/es\/pieles-siamesas-dos-naturalezas-un-cuerpo\/#breadcrumb\",\"itemListElement\":[{\"@type\":\"ListItem\",\"position\":1,\"name\":\"Startseite\",\"item\":\"https:\/\/luxiders.com\/es\/\"},{\"@type\":\"ListItem\",\"position\":2,\"name\":\"Moda\",\"item\":\"https:\/\/luxiders.com\/es\/category\/moda-sostenible-lujo\/\"},{\"@type\":\"ListItem\",\"position\":3,\"name\":\"Pieles siamesas. Dos naturalezas. Un cuerpo.\"}]},{\"@type\":\"WebSite\",\"@id\":\"https:\/\/luxiders.com\/es\/#website\",\"url\":\"https:\/\/luxiders.com\/es\/\",\"name\":\"Sustainable Fashion - Eco Design - Healthy Lifestyle - Luxiders Magazine\",\"description\":\"Luxiders is a sustainable luxury magazine highlighting the best stories about sustainable fashion, ethical fashion, eco-friendly design, green design, sustainable travel, natural beauty, organic beauty and healthy lifestyle. Know the best high-end, progressive and luxury sustainable brands and designers worldwide.\",\"publisher\":{\"@id\":\"https:\/\/luxiders.com\/es\/#organization\"},\"potentialAction\":[{\"@type\":\"SearchAction\",\"target\":{\"@type\":\"EntryPoint\",\"urlTemplate\":\"https:\/\/luxiders.com\/es\/?s={search_term_string}\"},\"query-input\":{\"@type\":\"PropertyValueSpecification\",\"valueRequired\":true,\"valueName\":\"search_term_string\"}}],\"inLanguage\":\"es-ES\"},{\"@type\":\"Organization\",\"@id\":\"https:\/\/luxiders.com\/es\/#organization\",\"name\":\"Sustainable Fashion - Eco Design - Healthy Lifestyle - Luxiders Magazine\",\"url\":\"https:\/\/luxiders.com\/es\/\",\"logo\":{\"@type\":\"ImageObject\",\"inLanguage\":\"es-ES\",\"@id\":\"https:\/\/luxiders.com\/es\/#\/schema\/logo\/image\/\",\"url\":\"https:\/\/luxiders.com\/content\/uploads\/lux-logo.svg\",\"contentUrl\":\"https:\/\/luxiders.com\/content\/uploads\/lux-logo.svg\",\"caption\":\"Sustainable Fashion - Eco Design - Healthy Lifestyle - Luxiders Magazine\"},\"image\":{\"@id\":\"https:\/\/luxiders.com\/es\/#\/schema\/logo\/image\/\"}},{\"@type\":\"Person\",\"@id\":\"https:\/\/luxiders.com\/es\/#\/schema\/person\/8632fa702ae2ce98f66c396254633de8\",\"name\":\"luxiders\",\"url\":\"https:\/\/luxiders.com\/es\/author\/luxiders\/\"}]}<\/script>","yoast_head_json":{"title":"Pieles siamesas. Dos naturalezas. Un cuerpo. | Luxiders Magazine","description":"En conversaci\u00f3n con Paula Ulargui, la graduada de moda con sede en Madrid nos habla sobre su proyecto final de carrera \"Pieles Siamesas. Dos naturalezas Un cuerpo\" y c\u00f3mo explora la reconexi\u00f3n entre los humanos y la naturaleza.","robots":{"index":"index","follow":"follow","max-snippet":"max-snippet:-1","max-image-preview":"max-image-preview:large","max-video-preview":"max-video-preview:-1"},"canonical":"https:\/\/luxiders.com\/es\/pieles-siamesas-dos-naturalezas-un-cuerpo\/","og_locale":"es_ES","og_type":"article","og_title":"Pieles siamesas. Dos naturalezas. Un cuerpo. | Luxiders Magazine","og_description":"En conversaci\u00f3n con Paula Ulargui, la graduada de moda con sede en Madrid nos habla sobre su proyecto final de carrera \"Pieles Siamesas. Dos naturalezas Un cuerpo\" y c\u00f3mo explora la reconexi\u00f3n entre los humanos y la naturaleza.","og_url":"https:\/\/luxiders.com\/es\/pieles-siamesas-dos-naturalezas-un-cuerpo\/","og_site_name":"Sustainable Fashion - Eco Design - Healthy Lifestyle - Luxiders Magazine","article_published_time":"2020-07-22T09:56:00+00:00","article_modified_time":"2023-01-16T09:49:59+00:00","og_image":[{"width":1300,"height":1462,"url":"https:\/\/luxiders.com\/content\/uploads\/IMG_6160__1595243220_185.199.104.14-1-e1672657916519.jpg","type":"image\/jpeg"}],"author":"luxiders","twitter_card":"summary_large_image","twitter_misc":{"Written by":"luxiders"},"schema":{"@context":"https:\/\/schema.org","@graph":[{"@type":"Article","@id":"https:\/\/luxiders.com\/es\/pieles-siamesas-dos-naturalezas-un-cuerpo\/#article","isPartOf":{"@id":"https:\/\/luxiders.com\/es\/pieles-siamesas-dos-naturalezas-un-cuerpo\/"},"author":{"name":"luxiders","@id":"https:\/\/luxiders.com\/es\/#\/schema\/person\/8632fa702ae2ce98f66c396254633de8"},"headline":"Pieles siamesas. Dos naturalezas. Un cuerpo.","datePublished":"2020-07-22T09:56:00+00:00","dateModified":"2023-01-16T09:49:59+00:00","mainEntityOfPage":{"@id":"https:\/\/luxiders.com\/es\/pieles-siamesas-dos-naturalezas-un-cuerpo\/"},"wordCount":6,"publisher":{"@id":"https:\/\/luxiders.com\/es\/#organization"},"image":{"@id":"https:\/\/luxiders.com\/es\/pieles-siamesas-dos-naturalezas-un-cuerpo\/#primaryimage"},"thumbnailUrl":"https:\/\/luxiders.com\/content\/uploads\/IMG_6160__1595243220_185.199.104.14-1-e1672657916519.jpg","keywords":["biotechnology","green technology","sustainable design","sustainable fashion"],"articleSection":["Dise\u00f1o","Moda"],"inLanguage":"es-ES"},{"@type":"WebPage","@id":"https:\/\/luxiders.com\/es\/pieles-siamesas-dos-naturalezas-un-cuerpo\/","url":"https:\/\/luxiders.com\/es\/pieles-siamesas-dos-naturalezas-un-cuerpo\/","name":"Pieles siamesas. Dos naturalezas. Un cuerpo. | Luxiders Magazine","isPartOf":{"@id":"https:\/\/luxiders.com\/es\/#website"},"primaryImageOfPage":{"@id":"https:\/\/luxiders.com\/es\/pieles-siamesas-dos-naturalezas-un-cuerpo\/#primaryimage"},"image":{"@id":"https:\/\/luxiders.com\/es\/pieles-siamesas-dos-naturalezas-un-cuerpo\/#primaryimage"},"thumbnailUrl":"https:\/\/luxiders.com\/content\/uploads\/IMG_6160__1595243220_185.199.104.14-1-e1672657916519.jpg","datePublished":"2020-07-22T09:56:00+00:00","dateModified":"2023-01-16T09:49:59+00:00","description":"En conversaci\u00f3n con Paula Ulargui, la graduada de moda con sede en Madrid nos habla sobre su proyecto final de carrera \"Pieles Siamesas. Dos naturalezas Un cuerpo\" y c\u00f3mo explora la reconexi\u00f3n entre los humanos y la naturaleza.","breadcrumb":{"@id":"https:\/\/luxiders.com\/es\/pieles-siamesas-dos-naturalezas-un-cuerpo\/#breadcrumb"},"inLanguage":"es-ES","potentialAction":[{"@type":"ReadAction","target":["https:\/\/luxiders.com\/es\/pieles-siamesas-dos-naturalezas-un-cuerpo\/"]}]},{"@type":"ImageObject","inLanguage":"es-ES","@id":"https:\/\/luxiders.com\/es\/pieles-siamesas-dos-naturalezas-un-cuerpo\/#primaryimage","url":"https:\/\/luxiders.com\/content\/uploads\/IMG_6160__1595243220_185.199.104.14-1-e1672657916519.jpg","contentUrl":"https:\/\/luxiders.com\/content\/uploads\/IMG_6160__1595243220_185.199.104.14-1-e1672657916519.jpg","width":1300,"height":1462},{"@type":"BreadcrumbList","@id":"https:\/\/luxiders.com\/es\/pieles-siamesas-dos-naturalezas-un-cuerpo\/#breadcrumb","itemListElement":[{"@type":"ListItem","position":1,"name":"Startseite","item":"https:\/\/luxiders.com\/es\/"},{"@type":"ListItem","position":2,"name":"Moda","item":"https:\/\/luxiders.com\/es\/category\/moda-sostenible-lujo\/"},{"@type":"ListItem","position":3,"name":"Pieles siamesas. Dos naturalezas. Un cuerpo."}]},{"@type":"WebSite","@id":"https:\/\/luxiders.com\/es\/#website","url":"https:\/\/luxiders.com\/es\/","name":"Sustainable Fashion - Eco Design - Healthy Lifestyle - Luxiders Magazine","description":"Luxiders is a sustainable luxury magazine highlighting the best stories about sustainable fashion, ethical fashion, eco-friendly design, green design, sustainable travel, natural beauty, organic beauty and healthy lifestyle. Know the best high-end, progressive and luxury sustainable brands and designers worldwide.","publisher":{"@id":"https:\/\/luxiders.com\/es\/#organization"},"potentialAction":[{"@type":"SearchAction","target":{"@type":"EntryPoint","urlTemplate":"https:\/\/luxiders.com\/es\/?s={search_term_string}"},"query-input":{"@type":"PropertyValueSpecification","valueRequired":true,"valueName":"search_term_string"}}],"inLanguage":"es-ES"},{"@type":"Organization","@id":"https:\/\/luxiders.com\/es\/#organization","name":"Sustainable Fashion - Eco Design - Healthy Lifestyle - Luxiders Magazine","url":"https:\/\/luxiders.com\/es\/","logo":{"@type":"ImageObject","inLanguage":"es-ES","@id":"https:\/\/luxiders.com\/es\/#\/schema\/logo\/image\/","url":"https:\/\/luxiders.com\/content\/uploads\/lux-logo.svg","contentUrl":"https:\/\/luxiders.com\/content\/uploads\/lux-logo.svg","caption":"Sustainable Fashion - Eco Design - Healthy Lifestyle - Luxiders Magazine"},"image":{"@id":"https:\/\/luxiders.com\/es\/#\/schema\/logo\/image\/"}},{"@type":"Person","@id":"https:\/\/luxiders.com\/es\/#\/schema\/person\/8632fa702ae2ce98f66c396254633de8","name":"luxiders","url":"https:\/\/luxiders.com\/es\/author\/luxiders\/"}]}},"_links":{"self":[{"href":"https:\/\/luxiders.com\/es\/wp-json\/wp\/v2\/posts\/4582","targetHints":{"allow":["GET"]}}],"collection":[{"href":"https:\/\/luxiders.com\/es\/wp-json\/wp\/v2\/posts"}],"about":[{"href":"https:\/\/luxiders.com\/es\/wp-json\/wp\/v2\/types\/post"}],"author":[{"embeddable":true,"href":"https:\/\/luxiders.com\/es\/wp-json\/wp\/v2\/users\/2"}],"replies":[{"embeddable":true,"href":"https:\/\/luxiders.com\/es\/wp-json\/wp\/v2\/comments?post=4582"}],"version-history":[{"count":3,"href":"https:\/\/luxiders.com\/es\/wp-json\/wp\/v2\/posts\/4582\/revisions"}],"predecessor-version":[{"id":9703,"href":"https:\/\/luxiders.com\/es\/wp-json\/wp\/v2\/posts\/4582\/revisions\/9703"}],"wp:featuredmedia":[{"embeddable":true,"href":"https:\/\/luxiders.com\/es\/wp-json\/wp\/v2\/media\/4611"}],"wp:attachment":[{"href":"https:\/\/luxiders.com\/es\/wp-json\/wp\/v2\/media?parent=4582"}],"wp:term":[{"taxonomy":"category","embeddable":true,"href":"https:\/\/luxiders.com\/es\/wp-json\/wp\/v2\/categories?post=4582"},{"taxonomy":"post_tag","embeddable":true,"href":"https:\/\/luxiders.com\/es\/wp-json\/wp\/v2\/tags?post=4582"}],"curies":[{"name":"wp","href":"https:\/\/api.w.org\/{rel}","templated":true}]}}