{"id":4632,"date":"2021-12-10T13:18:00","date_gmt":"2021-12-10T12:18:00","guid":{"rendered":"http:\/\/luxiders.com.w01cc729.kasserver.com\/?p=4632"},"modified":"2023-01-16T10:45:46","modified_gmt":"2023-01-16T09:45:46","slug":"es-generacion-z-realmente-la-mas-eco-consciente","status":"publish","type":"post","link":"https:\/\/luxiders.com\/es\/es-generacion-z-realmente-la-mas-eco-consciente\/","title":{"rendered":"\u00bfEs la generaci\u00f3n Z realmente la generaci\u00f3n m\u00e1s consciente sobre el medio ambiente?"},"content":{"rendered":"    <section id=\"textblock-block_dce139b6123fcfcf17cf74bdce37fb2f\" class=\"section position-relative gp-block gp-textblock text-center pt-0 pb-5\">\n        <div class=\"container\">\n            <div class=\"row g-0\">\n                <div class=\"col-lg-12 content\" data-aos=\"fade-in\" data-aos-duration=\"1000\">\n                                                                                    <div class=\"intro px-lg-8\">\n                            <p class=\"p1\" style=\"text-align: center;\"><span class=\"s1\">A menudo se elogia a la Generaci\u00f3n Z por ser la generaci\u00f3n m\u00e1s consciente del medio ambiente, quiz\u00e1s debido al hecho de que es una generaci\u00f3n de personas que ha crecido con el conocimiento de los efectos del cambio clim\u00e1tico. Al ver el agotamiento de los recursos de nuestro planeta, parece natural que esa generaci\u00f3n empuje hacia un estilo de vida sostenible y una mayor conciencia ecol\u00f3gica. Aqu\u00ed, nos sumergimos en los h\u00e1bitos de la Generaci\u00f3n Z, cuestionando hasta qu\u00e9 punto esta mentalidad sostenible se extiende a sus pr\u00e1cticas de compra.<\/span><\/p>\n                        <\/div>\n                                                                                                <\/div>\n            <\/div>\n        <\/div>\n    <\/section>\n    \n\n    <section id=\"newsletter-block_8290f60454766bc2af6533314b95b57d\" class=\"section position-relative gp-block gp-newsletter pt-0 pb-0 my-5\">\n        <div class=\"container\">\n            <div class=\"row g-0 pt-4 pb-3\">\n                <div class=\"col-lg-12 content text-center border pt-3\" data-aos=\"fade-in\" data-aos-duration=\"1000\">\n                                            <p><em>Para recibir el Newsletter de Luxiders Magazine,\u00a0<a href=\"https:\/\/landing.mailerlite.com\/webforms\/landing\/w2a1t0\" target=\"_blank\" rel=\"noopener\">suscr\u00edbete aqu\u00ed<\/a><\/em><\/p>\n                                    <\/div>\n            <\/div>\n        <\/div>\n    <\/section>\n    \n\n    <section id=\"media-block_9f2486202d5fdc772ca7f88dccb31356\" class=\"section position-relative gp-block gp-media pt-0 pb-0\">\n        <div class=\"container\">\n            <div class=\"row g-0\">\n                <div class=\"col-lg-12 content\" data-aos=\"fade-in\" data-aos-duration=\"1000\">\n                                        <p class=\"p1\"><span class=\"s1\">\u00bfQu\u00e9 muestran los h\u00e1bitos de compra de la Generaci\u00f3n Z sobre su supuesta conciencia ecol\u00f3gica? Nos sumergiremos en las formas de experimentar la moda que han sido popularizadas por la Generaci\u00f3n Z y nos preguntaremos hasta qu\u00e9 punto se pueden culpabilizar del da\u00f1o que causa la industria de la moda. Contemplamos si se trata de un tema generacional o de consumidor. \u00bfNo deber\u00edan responsabilizarse las grandes empresas que causan el mayor da\u00f1o? Despu\u00e9s de todo, el marketing puede llevar las generaciones hacia lugares donde comprar, al igual que la presi\u00f3n social, las circunstancias financieras, la accesibilidad e incluso el <i>greenwashing<\/i>. Exploramos el da\u00f1o de la moda r\u00e1pida y cuestionamos hasta qu\u00e9 punto el cuidado de la generaci\u00f3n Z por el medio ambiente, sus buenas intenciones y los planes de crecimiento personal se extienden a sus h\u00e1bitos de compra.<\/span><\/p>\n<p class=\"p1\"><span class=\"s1\">Los miembros de la Generaci\u00f3n Z no est\u00e1n definidos por fechas de nacimiento espec\u00edficas, pero tendr\u00edan aproximadamente entre 9 y 24 a\u00f1os en 2021.<\/span><\/p>\n                                    <\/div>\n            <\/div>\n            <div class=\"row g-0\">\n                <div class=\"col-lg-6 \">\n                                                                                                                                                <figure class=\"mb-4 pt-lg-5 mb-lg-5 ps-lg-2 pe-lg-3\" data-aos=\"fade-up\" data-aos-duration=\"1000\"><div class=\"img-container\"><img loading=\"lazy\" decoding=\"async\" width=\"900\" height=\"1350\" src=\"https:\/\/luxiders.com\/content\/uploads\/6-gen-z-online-shopping-luxiders-magazine.jpg\" class=\"img-fluid w-100\" alt=\"\" srcset=\"https:\/\/luxiders.com\/content\/uploads\/6-gen-z-online-shopping-luxiders-magazine.jpg 900w, https:\/\/luxiders.com\/content\/uploads\/6-gen-z-online-shopping-luxiders-magazine-200x300.jpg 200w, https:\/\/luxiders.com\/content\/uploads\/6-gen-z-online-shopping-luxiders-magazine-683x1024.jpg 683w, https:\/\/luxiders.com\/content\/uploads\/6-gen-z-online-shopping-luxiders-magazine-768x1152.jpg 768w\" sizes=\"(max-width: 900px) 100vw, 900px\" \/><\/div><\/figure>                                                                                            <\/div>\n                                    <div class=\"col-lg-6\">\n                                                                                                                                                        <figure class=\"mb-4 pt-lg-5 mb-lg-6 ps-lg-3 pe-lg-0\" data-aos=\"fade-up\" data-aos-duration=\"1000\"><div class=\"img-container\"><img loading=\"lazy\" decoding=\"async\" width=\"1000\" height=\"1500\" src=\"https:\/\/luxiders.com\/content\/uploads\/3-no-fast-fashion-protest-luxiders-magazine.jpg\" class=\"img-fluid w-100\" alt=\"\" srcset=\"https:\/\/luxiders.com\/content\/uploads\/3-no-fast-fashion-protest-luxiders-magazine.jpg 1000w, https:\/\/luxiders.com\/content\/uploads\/3-no-fast-fashion-protest-luxiders-magazine-200x300.jpg 200w, https:\/\/luxiders.com\/content\/uploads\/3-no-fast-fashion-protest-luxiders-magazine-683x1024.jpg 683w, https:\/\/luxiders.com\/content\/uploads\/3-no-fast-fashion-protest-luxiders-magazine-768x1152.jpg 768w\" sizes=\"(max-width: 1000px) 100vw, 1000px\" \/><\/div><\/figure>                                                                                                        <\/div>\n                                            <\/div>\n        <\/div>\n    <\/section>\n    \n\n    <section id=\"media-block_fc5fa90deea764216772adf161c522af\" class=\"section position-relative gp-block gp-media pt-0 pb-0\">\n        <div class=\"container\">\n            <div class=\"row g-0\">\n                <div class=\"col-lg-12 content\" data-aos=\"fade-in\" data-aos-duration=\"1000\">\n                                        <h2 class=\"p1\"><span class=\"s1\">MARCAS POCO \u00c9TICAS<\/span><\/h2>\n<p class=\"p1\"><span class=\"s1\">Las marcas de moda r\u00e1pida notoriamente poco \u00e9ticas como Shein, Pretty Little Thing, BooHoo, Missguided y Fashion Nova han aumentado enormemente su popularidad en los \u00faltimos a\u00f1os. Obviamente, la Generaci\u00f3n Z no son los \u00fanicos consumidores de marcas de moda r\u00e1pida, ni la Generaci\u00f3n Z tiene la culpa de las pr\u00e1cticas nocivas que llevan a cabo estas empresas. Sin embargo, est\u00e1n aumentando la demanda de ropa y el volumen de oferta a un precio m\u00e1s bajo.<\/span><\/p>\n<p class=\"p1\"><span class=\"s1\">Tambi\u00e9n est\u00e1 la cuesti\u00f3n del <i>greenwashing<\/i>. Las marcas aprovechan la creciente conciencia ecol\u00f3gica de la Generaci\u00f3n Z y, por lo tanto, publicitan su ropa como sostenible y ecol\u00f3gica. A menudo, hay poca o ninguna evidencia de las operaciones y pr\u00e1cticas sostenibles que tiene la empresa. Esto significa que los consumidores compran prendas con falsos pretextos y contribuyen al problema m\u00e1s extenso de la moda r\u00e1pida en contra de sus intenciones. Este enga\u00f1o puede llevarse a cabo pintando y coloreando de verde la publicidad, con etiquetas sugerentes y ecol\u00f3gicas, mediante afirmaciones generales y una falta de transparencia real.<\/span><\/p>\n<p class=\"p1\"><span class=\"s1\">Encuentra m\u00e1s sobre por qu\u00e9 se necesita la moda circular y sobre los efectos de la industria de la moda r\u00e1pida <\/span><a href=\"https:\/\/luxiders.com\/es\/textiles-circulares-moda-sostenible\/\" target=\"_blank\" rel=\"noopener\">aqu\u00ed<\/a>.<\/p>\n<p>&nbsp;<\/p>\n<h3 class=\"p1\"><span class=\"s1\">MODA ULTRA R\u00c1PIDA<\/span><\/h3>\n<p class=\"p1\"><span class=\"s1\">Shein, a la que nos hemos referido como una marca de moda &#8220;ultra&#8221; r\u00e1pida debido a sus precios inquietantemente bajos, vende muchas prendas que tienen un precio por debajo de los 10 d\u00f3lares. Tambi\u00e9n fue, en 2020, la tienda de ropa en l\u00ednea m\u00e1s popular en una\u00a0<\/span><a href=\"https:\/\/baijiahao.baidu.com\/s?id=1692267100622778650&amp;wfr=spider&amp;for=pc\" target=\"_blank\" rel=\"noopener\">encuesta <\/a><span class=\"s1\">de adolescentes estadounidenses con una edad promedio de 15,8 a\u00f1os. <\/span><span class=\"s1\">A menudo utilizan la plataforma de redes sociales TikTok para promocionar sus productos. Sus estrategias de marketing garantizan que los j\u00f3venes sean el objetivo, ya que <\/span><a href=\"https:\/\/blog.gwi.com\/trends\/tiktok-music-social-media\/\" target=\"_blank\" rel=\"noopener\">el 41% de los usuarios de TikTok <\/a><span class=\"s1\">tienen entre 16 y 24 a\u00f1os.<\/span><\/p>\n<p class=\"p1\"><span class=\"s1\">La influencia de Shein ha crecido en TikTok, dado que los creadores populares anuncian sus productos constantemente. Los creadores exhiben cantidades masivas de ropa en los conocidos <i>hauls<\/i>. Esto, como efecto, anima a sus seguidores a comprar una gran colecci\u00f3n de prendas de tiendas de moda de bajo costo como Shein, en lugar de algunos buenos productos b\u00e1sicos de marcas \u00e9ticas. En muchos casos, se gastan cientos de d\u00f3lares en dichos <i>hauls<\/i>. Las circunstancias financieras no siempre son un problema: el dinero gastado para hacer estos v\u00eddeos podr\u00eda invertirse en otra marca, comprando menos prendas pero m\u00e1s sostenibles.<\/span><\/p>\n<p class=\"p1\"><span class=\"s1\">Dicho esto, recuerda que comprar ropa barata de estas empresas a veces es lo que alguna gente se puede permitir. Tambi\u00e9n existe una presi\u00f3n social para mantenerse al d\u00eda con las tendencias que cambian r\u00e1pidamente. Es importante tener en cuenta estos hechos al criticar a los j\u00f3venes por usar estas marcas.<\/span><\/p>\n                                    <\/div>\n            <\/div>\n            <div class=\"row g-0\">\n                <div class=\"col-lg-12 img-scaled\">\n                                                                                                                                                <figure class=\"mb-4 pt-lg-5 mb-lg-5 ps-lg-0 pe-lg-0\" data-aos=\"fade-up\" data-aos-duration=\"1000\"><div class=\"img-container\"><img loading=\"lazy\" decoding=\"async\" width=\"1400\" height=\"900\" src=\"https:\/\/luxiders.com\/content\/uploads\/4-thrift-shop-caravan-luxiders-magazine.jpg\" class=\"img-fluid w-100\" alt=\"\" srcset=\"https:\/\/luxiders.com\/content\/uploads\/4-thrift-shop-caravan-luxiders-magazine.jpg 1400w, https:\/\/luxiders.com\/content\/uploads\/4-thrift-shop-caravan-luxiders-magazine-300x193.jpg 300w, https:\/\/luxiders.com\/content\/uploads\/4-thrift-shop-caravan-luxiders-magazine-1024x658.jpg 1024w, https:\/\/luxiders.com\/content\/uploads\/4-thrift-shop-caravan-luxiders-magazine-768x494.jpg 768w\" sizes=\"(max-width: 1400px) 100vw, 1400px\" \/><\/div><\/figure>                                                                                            <\/div>\n                                            <\/div>\n        <\/div>\n    <\/section>\n    \n\n    <section id=\"media-block_b76998e3afe4e1bf1262e3a5d81d7007\" class=\"section position-relative gp-block gp-media pt-0 pb-0\">\n        <div class=\"container\">\n            <div class=\"row g-0\">\n                <div class=\"col-lg-12 content\" data-aos=\"fade-in\" data-aos-duration=\"1000\">\n                                        <h3 class=\"p1\"><span class=\"s1\">COMPRAS DE SEGUNDA MANO<\/span><\/h3>\n<p class=\"p1\"><span class=\"s1\">Aunque las marcas de moda &#8220;ultra&#8221; r\u00e1pida son cada vez m\u00e1s populares entre la Generaci\u00f3n Z, tambi\u00e9n lo son los sitios y tiendas de segunda mano y de reventa. Se sabe que las tiendas Depop, Vinted y Vintage, Thrift y Charity son las favoritas de la generaci\u00f3n m\u00e1s joven. Pero, \u00bfpueden estas opciones coexistir con la moda r\u00e1pida? Pueden alentar a los compradores a comprar art\u00edculos baratos al por mayor, solo para venderlos o donarlos cuando est\u00e9n pasados \u200b\u200bde moda.<\/span><\/p>\n<p><span class=\"s1\">Depop est\u00e1 dominado por la Generaci\u00f3n Z, con un enorme<\/span>\u00a0<a href=\"https:\/\/www.fastcompany.com\/90686730\/how-depop-became-both-a-style-and-social-hub-for-gen-z\" target=\"_blank\" rel=\"noopener\">90% <\/a><span class=\"s1\">de sus usuarios menores de 26 a\u00f1os. Estos sitios se pueden usar de manera \u00e9tica y responsable, y son una mejor soluci\u00f3n en comparaci\u00f3n con la ropa que termina en un vertedero o se quema. Sin embargo, est\u00e1n lejos de ser utilizados a la perfecci\u00f3n. La ropa que no se puede vender en las tiendas ben\u00e9ficas acaba en un vertedero, y el r\u00e1pido cambio de tendencias anima a los compradores a actualizar su armario con regularidad. <\/span><span class=\"s1\">Quiz\u00e1s \u00fanicamente los cambios en la cima puedan hacer que estas formas de comprar sean realmente circulares. A pesar de esto, el sector minorista de caridad desv\u00eda m\u00e1s de <a href=\"https:\/\/www.huffingtonpost.co.uk\/entry\/charity-shops-forced-to-spend-thousands-sending-broken-donations-to-landfill_uk_5d825329e4b0957256afcd86?guccounter=1&amp;guce_referrer=aHR0cHM6Ly93d3cuZ29vZ2xlLmNvbS8&amp;guce_referrer_sig=AQAAAEHc5QhB84GKIbwhx5SRRurd4JmdgoH6DXb40fMnNzv0gU1_xglWD0sDOhQ2EH9UYlUwoF9pHvoLMib5WmRPI8lor1xvBmXhwLsKObZ1yQT_tdz-nCg_VD08ocT9KvwBVXOUTXIgEiKzfJ-agx7XdBmd31IBjdPbvjmSiP71McQh\">327,000 toneladas de textiles<\/a> fuera de los vertederos cada a\u00f1o.<\/span><\/p>\n<p>&nbsp;<\/p>\n<h3 class=\"p1\"><span class=\"s1\">LA INFLUENCIA DE GEN Z<\/span><\/h3>\n<p class=\"p1\"><span class=\"s1\">Las soluciones de segunda mano pueden ser imperfectas, pero hay evidencia de que la Generaci\u00f3n Z se esfuerza por la acci\u00f3n ambiental. Es una generaci\u00f3n que se preocupa por lograr que la moda sea sostenible. No solo el mercado de segunda mano est\u00e1 creciendo 11 veces m\u00e1s r\u00e1pido que el sector minorista en general, sino que la Generaci\u00f3n Z es responsable de esto. En<\/span><a href=\"https:\/\/www.thredup.com\/resale\/?mkt_tok=MjExLU5KWS0xNjUAAAF_tt2t-Cbo-INnOrNXAn2Jey4Br0SIk3vt9K8FMXRe9PBJJin37PN7DTR8wkJ7HioM2WuQyEV5KYlWur2eoDAPB508kogG4AMrmZEE_AIc-aKvH6o#size-and-impact\" target=\"_blank\" rel=\"noopener\"> un estudio <\/a><span class=\"s1\">realizado por la firma de an\u00e1lisis minorista GlobalData y la tienda de segunda mano en l\u00ednea ThredUp, se demostr\u00f3 que la Generaci\u00f3n Z tiene un 33% m\u00e1s de probabilidades que los Boomers de revender ropa. Adem\u00e1s, en una encuesta de First Insight de 2019, se demostr\u00f3 que el 73% de los consumidores de la Generaci\u00f3n Z encuestados estaban dispuestos a pagar m\u00e1s por productos sostenibles, m\u00e1s que cualquier otra generaci\u00f3n.<\/span><\/p>\n<p class=\"p1\"><span class=\"s1\">La Generaci\u00f3n Z se est\u00e1 volviendo cada vez m\u00e1s consciente del medio ambiente. Esto no solamente est\u00e1 probado por las estad\u00edsticas anteriores, sino que tambi\u00e9n est\u00e1 marcado por activistas clim\u00e1ticos de la Generaci\u00f3n Z como Greta Thunberg, que presionan en motivo del cambio clim\u00e1tico. La generaci\u00f3n Z, en 2021, tambi\u00e9n es la generaci\u00f3n m\u00e1s libre de consumo de carne, seg\u00fan <\/span><a href=\"https:\/\/www.finder.com\/uk\/uk-diet-trends\" target=\"_blank\" rel=\"noopener\">un estudio de las tendencias de las dietas en el Reino Unido. <\/a><span class=\"s1\">Esta es una prueba m\u00e1s de que esta es una generaci\u00f3n espec\u00edfica que se preocupa por el cambio sist\u00e9mico que ayudar\u00e1 al medio ambiente. Muchos j\u00f3venes est\u00e1n cambiando su dieta, cambiando sus h\u00e1bitos de compra y presionando por un cambio ambiental positivo. Todo esto tiene la esperanza de revertir los problemas que varias industrias han causado en nuestro planeta. La Generaci\u00f3n Z ha crecido expuesta a las aterradoras estad\u00edsticas que rodean el cambio clim\u00e1tico y ahora quiere que las cosas cambien.<\/span><\/p>\n                                    <\/div>\n            <\/div>\n            <div class=\"row g-0\">\n                <div class=\"col-lg-6 \">\n                                                                                                                                                <figure class=\"mb-4 pt-lg-5 mb-lg-5 ps-lg-1 pe-lg-3\" data-aos=\"fade-up\" data-aos-duration=\"1000\"><div class=\"img-container\"><img loading=\"lazy\" decoding=\"async\" width=\"750\" height=\"1125\" src=\"https:\/\/luxiders.com\/content\/uploads\/2-greta-thunberg-mural-luxiders-magazine.jpg\" class=\"img-fluid w-100\" alt=\"\" srcset=\"https:\/\/luxiders.com\/content\/uploads\/2-greta-thunberg-mural-luxiders-magazine.jpg 750w, https:\/\/luxiders.com\/content\/uploads\/2-greta-thunberg-mural-luxiders-magazine-200x300.jpg 200w, https:\/\/luxiders.com\/content\/uploads\/2-greta-thunberg-mural-luxiders-magazine-683x1024.jpg 683w\" sizes=\"(max-width: 750px) 100vw, 750px\" \/><\/div><\/figure>                                                                                            <\/div>\n                                    <div class=\"col-lg-6\">\n                                                                                                                                                        <figure class=\"mb-4 pt-lg-8 mb-lg-6 ps-lg-3 pe-lg-0\" data-aos=\"fade-up\" data-aos-duration=\"1000\"><div class=\"img-container\"><img loading=\"lazy\" decoding=\"async\" width=\"1000\" height=\"668\" src=\"https:\/\/luxiders.com\/content\/uploads\/5-climate-justice-protest-luxiders-magazine.jpg\" class=\"img-fluid w-100\" alt=\"\" srcset=\"https:\/\/luxiders.com\/content\/uploads\/5-climate-justice-protest-luxiders-magazine.jpg 1000w, https:\/\/luxiders.com\/content\/uploads\/5-climate-justice-protest-luxiders-magazine-300x200.jpg 300w, https:\/\/luxiders.com\/content\/uploads\/5-climate-justice-protest-luxiders-magazine-768x513.jpg 768w\" sizes=\"(max-width: 1000px) 100vw, 1000px\" \/><\/div><\/figure>                                                                                                        <\/div>\n                                            <\/div>\n        <\/div>\n    <\/section>\n    \n\n    <section id=\"textblock-block_1816c660a5084ab61f042d6f2df07776\" class=\"section position-relative gp-block gp-textblock pt-0 pb-0\">\n        <div class=\"container\">\n            <div class=\"row g-0\">\n                <div class=\"col-lg-12 content\" data-aos=\"fade-in\" data-aos-duration=\"1000\">\n                                                                                <p>Es importante recordar que sin la demanda de moda r\u00e1pida, estas grandes empresas no podr\u00edan sobrevivir. El cuidado de la generaci\u00f3n Z por el medio ambiente, las buenas intenciones y los planes de crecimiento personal son innegables. Sin embargo, algo en lo que todas las generaciones deben participar es la inversi\u00f3n en piezas sostenibles y \u00e9ticas cuando sea necesario. Esto puede reemplazar la compra de <i>hauls<\/i> masivos de marcas de moda r\u00e1pida. Todos deber\u00edamos comprar atentamente, incluso cuando compremos art\u00edculos de segunda mano, y siempre exigir transparencia a las empresas.<br \/>\n&nbsp;<br \/>\n&nbsp;<\/p>\n                                                        <\/div>\n            <\/div>\n        <\/div>\n    <\/section>\n    ","protected":false},"excerpt":{"rendered":"","protected":false},"author":2,"featured_media":4652,"comment_status":"closed","ping_status":"closed","sticky":false,"template":"","format":"standard","meta":{"_acf_changed":false,"footnotes":""},"categories":[130],"tags":[1195,1196,288,1197],"class_list":{"0":"post-4632","1":"post","2":"type-post","3":"status-publish","4":"format-standard","5":"has-post-thumbnail","7":"category-moda-sostenible-lujo","8":"tag-compra-de-segunda-mano","9":"tag-eco-conciencia","10":"tag-gen-z-2","11":"tag-moda-rapida"},"acf":[],"yoast_head":"<title>\u00bfEs la generaci\u00f3n Z la generaci\u00f3n m\u00e1s eco consciente? | Luxiders<\/title>\n<meta name=\"description\" content=\"A menudo se elogia a la Generaci\u00f3n Z por ser la generaci\u00f3n m\u00e1s consciente del medio ambiente, quiz\u00e1s debido al hecho de que...\" \/>\n<meta name=\"robots\" content=\"index, follow, max-snippet:-1, max-image-preview:large, max-video-preview:-1\" \/>\n<link rel=\"canonical\" href=\"https:\/\/luxiders.com\/es\/es-generacion-z-realmente-la-mas-eco-consciente\/\" \/>\n<meta property=\"og:locale\" content=\"es_ES\" \/>\n<meta property=\"og:type\" content=\"article\" \/>\n<meta property=\"og:title\" content=\"\u00bfEs la generaci\u00f3n Z la generaci\u00f3n m\u00e1s eco consciente? | Luxiders\" \/>\n<meta property=\"og:description\" content=\"A menudo se elogia a la Generaci\u00f3n Z por ser la generaci\u00f3n m\u00e1s consciente del medio ambiente, quiz\u00e1s debido al hecho de que...\" \/>\n<meta property=\"og:url\" content=\"https:\/\/luxiders.com\/es\/es-generacion-z-realmente-la-mas-eco-consciente\/\" \/>\n<meta property=\"og:site_name\" content=\"Sustainable Fashion - Eco Design - Healthy Lifestyle - Luxiders Magazine\" \/>\n<meta property=\"article:published_time\" content=\"2021-12-10T12:18:00+00:00\" \/>\n<meta property=\"article:modified_time\" content=\"2023-01-16T09:45:46+00:00\" \/>\n<meta property=\"og:image\" content=\"https:\/\/luxiders.com\/content\/uploads\/feature-gen-z-eco-conscious.jpg\" \/>\n\t<meta property=\"og:image:width\" content=\"1200\" \/>\n\t<meta property=\"og:image:height\" content=\"960\" \/>\n\t<meta property=\"og:image:type\" content=\"image\/jpeg\" \/>\n<meta name=\"author\" content=\"luxiders\" \/>\n<meta name=\"twitter:card\" content=\"summary_large_image\" \/>\n<meta name=\"twitter:label1\" content=\"Written by\" \/>\n\t<meta name=\"twitter:data1\" content=\"luxiders\" \/>\n<script type=\"application\/ld+json\" class=\"yoast-schema-graph\">{\"@context\":\"https:\/\/schema.org\",\"@graph\":[{\"@type\":\"Article\",\"@id\":\"https:\/\/luxiders.com\/es\/es-generacion-z-realmente-la-mas-eco-consciente\/#article\",\"isPartOf\":{\"@id\":\"https:\/\/luxiders.com\/es\/es-generacion-z-realmente-la-mas-eco-consciente\/\"},\"author\":{\"name\":\"luxiders\",\"@id\":\"https:\/\/luxiders.com\/es\/#\/schema\/person\/8632fa702ae2ce98f66c396254633de8\"},\"headline\":\"\u00bfEs la generaci\u00f3n Z realmente la generaci\u00f3n m\u00e1s consciente sobre el medio ambiente?\",\"datePublished\":\"2021-12-10T12:18:00+00:00\",\"dateModified\":\"2023-01-16T09:45:46+00:00\",\"mainEntityOfPage\":{\"@id\":\"https:\/\/luxiders.com\/es\/es-generacion-z-realmente-la-mas-eco-consciente\/\"},\"wordCount\":16,\"publisher\":{\"@id\":\"https:\/\/luxiders.com\/es\/#organization\"},\"image\":{\"@id\":\"https:\/\/luxiders.com\/es\/es-generacion-z-realmente-la-mas-eco-consciente\/#primaryimage\"},\"thumbnailUrl\":\"https:\/\/luxiders.com\/content\/uploads\/feature-gen-z-eco-conscious.jpg\",\"keywords\":[\"compra de segunda mano\",\"eco conciencia\",\"gen z\",\"moda r\u00e1pida\"],\"articleSection\":[\"Moda\"],\"inLanguage\":\"es-ES\"},{\"@type\":\"WebPage\",\"@id\":\"https:\/\/luxiders.com\/es\/es-generacion-z-realmente-la-mas-eco-consciente\/\",\"url\":\"https:\/\/luxiders.com\/es\/es-generacion-z-realmente-la-mas-eco-consciente\/\",\"name\":\"\u00bfEs la generaci\u00f3n Z la generaci\u00f3n m\u00e1s eco consciente? | Luxiders\",\"isPartOf\":{\"@id\":\"https:\/\/luxiders.com\/es\/#website\"},\"primaryImageOfPage\":{\"@id\":\"https:\/\/luxiders.com\/es\/es-generacion-z-realmente-la-mas-eco-consciente\/#primaryimage\"},\"image\":{\"@id\":\"https:\/\/luxiders.com\/es\/es-generacion-z-realmente-la-mas-eco-consciente\/#primaryimage\"},\"thumbnailUrl\":\"https:\/\/luxiders.com\/content\/uploads\/feature-gen-z-eco-conscious.jpg\",\"datePublished\":\"2021-12-10T12:18:00+00:00\",\"dateModified\":\"2023-01-16T09:45:46+00:00\",\"description\":\"A menudo se elogia a la Generaci\u00f3n Z por ser la generaci\u00f3n m\u00e1s consciente del medio ambiente, quiz\u00e1s debido al hecho de que...\",\"breadcrumb\":{\"@id\":\"https:\/\/luxiders.com\/es\/es-generacion-z-realmente-la-mas-eco-consciente\/#breadcrumb\"},\"inLanguage\":\"es-ES\",\"potentialAction\":[{\"@type\":\"ReadAction\",\"target\":[\"https:\/\/luxiders.com\/es\/es-generacion-z-realmente-la-mas-eco-consciente\/\"]}]},{\"@type\":\"ImageObject\",\"inLanguage\":\"es-ES\",\"@id\":\"https:\/\/luxiders.com\/es\/es-generacion-z-realmente-la-mas-eco-consciente\/#primaryimage\",\"url\":\"https:\/\/luxiders.com\/content\/uploads\/feature-gen-z-eco-conscious.jpg\",\"contentUrl\":\"https:\/\/luxiders.com\/content\/uploads\/feature-gen-z-eco-conscious.jpg\",\"width\":1200,\"height\":960},{\"@type\":\"BreadcrumbList\",\"@id\":\"https:\/\/luxiders.com\/es\/es-generacion-z-realmente-la-mas-eco-consciente\/#breadcrumb\",\"itemListElement\":[{\"@type\":\"ListItem\",\"position\":1,\"name\":\"Startseite\",\"item\":\"https:\/\/luxiders.com\/es\/\"},{\"@type\":\"ListItem\",\"position\":2,\"name\":\"Moda\",\"item\":\"https:\/\/luxiders.com\/es\/category\/moda-sostenible-lujo\/\"},{\"@type\":\"ListItem\",\"position\":3,\"name\":\"\u00bfEs la generaci\u00f3n Z realmente la generaci\u00f3n m\u00e1s consciente sobre el medio ambiente?\"}]},{\"@type\":\"WebSite\",\"@id\":\"https:\/\/luxiders.com\/es\/#website\",\"url\":\"https:\/\/luxiders.com\/es\/\",\"name\":\"Sustainable Fashion - Eco Design - Healthy Lifestyle - Luxiders Magazine\",\"description\":\"Luxiders is a sustainable luxury magazine highlighting the best stories about sustainable fashion, ethical fashion, eco-friendly design, green design, sustainable travel, natural beauty, organic beauty and healthy lifestyle. Know the best high-end, progressive and luxury sustainable brands and designers worldwide.\",\"publisher\":{\"@id\":\"https:\/\/luxiders.com\/es\/#organization\"},\"potentialAction\":[{\"@type\":\"SearchAction\",\"target\":{\"@type\":\"EntryPoint\",\"urlTemplate\":\"https:\/\/luxiders.com\/es\/?s={search_term_string}\"},\"query-input\":{\"@type\":\"PropertyValueSpecification\",\"valueRequired\":true,\"valueName\":\"search_term_string\"}}],\"inLanguage\":\"es-ES\"},{\"@type\":\"Organization\",\"@id\":\"https:\/\/luxiders.com\/es\/#organization\",\"name\":\"Sustainable Fashion - Eco Design - Healthy Lifestyle - Luxiders Magazine\",\"url\":\"https:\/\/luxiders.com\/es\/\",\"logo\":{\"@type\":\"ImageObject\",\"inLanguage\":\"es-ES\",\"@id\":\"https:\/\/luxiders.com\/es\/#\/schema\/logo\/image\/\",\"url\":\"https:\/\/luxiders.com\/content\/uploads\/lux-logo.svg\",\"contentUrl\":\"https:\/\/luxiders.com\/content\/uploads\/lux-logo.svg\",\"caption\":\"Sustainable Fashion - Eco Design - Healthy Lifestyle - Luxiders Magazine\"},\"image\":{\"@id\":\"https:\/\/luxiders.com\/es\/#\/schema\/logo\/image\/\"}},{\"@type\":\"Person\",\"@id\":\"https:\/\/luxiders.com\/es\/#\/schema\/person\/8632fa702ae2ce98f66c396254633de8\",\"name\":\"luxiders\",\"url\":\"https:\/\/luxiders.com\/es\/author\/luxiders\/\"}]}<\/script>","yoast_head_json":{"title":"\u00bfEs la generaci\u00f3n Z la generaci\u00f3n m\u00e1s eco consciente? | Luxiders","description":"A menudo se elogia a la Generaci\u00f3n Z por ser la generaci\u00f3n m\u00e1s consciente del medio ambiente, quiz\u00e1s debido al hecho de que...","robots":{"index":"index","follow":"follow","max-snippet":"max-snippet:-1","max-image-preview":"max-image-preview:large","max-video-preview":"max-video-preview:-1"},"canonical":"https:\/\/luxiders.com\/es\/es-generacion-z-realmente-la-mas-eco-consciente\/","og_locale":"es_ES","og_type":"article","og_title":"\u00bfEs la generaci\u00f3n Z la generaci\u00f3n m\u00e1s eco consciente? | Luxiders","og_description":"A menudo se elogia a la Generaci\u00f3n Z por ser la generaci\u00f3n m\u00e1s consciente del medio ambiente, quiz\u00e1s debido al hecho de que...","og_url":"https:\/\/luxiders.com\/es\/es-generacion-z-realmente-la-mas-eco-consciente\/","og_site_name":"Sustainable Fashion - Eco Design - Healthy Lifestyle - Luxiders Magazine","article_published_time":"2021-12-10T12:18:00+00:00","article_modified_time":"2023-01-16T09:45:46+00:00","og_image":[{"width":1200,"height":960,"url":"https:\/\/luxiders.com\/content\/uploads\/feature-gen-z-eco-conscious.jpg","type":"image\/jpeg"}],"author":"luxiders","twitter_card":"summary_large_image","twitter_misc":{"Written by":"luxiders"},"schema":{"@context":"https:\/\/schema.org","@graph":[{"@type":"Article","@id":"https:\/\/luxiders.com\/es\/es-generacion-z-realmente-la-mas-eco-consciente\/#article","isPartOf":{"@id":"https:\/\/luxiders.com\/es\/es-generacion-z-realmente-la-mas-eco-consciente\/"},"author":{"name":"luxiders","@id":"https:\/\/luxiders.com\/es\/#\/schema\/person\/8632fa702ae2ce98f66c396254633de8"},"headline":"\u00bfEs la generaci\u00f3n Z realmente la generaci\u00f3n m\u00e1s consciente sobre el medio ambiente?","datePublished":"2021-12-10T12:18:00+00:00","dateModified":"2023-01-16T09:45:46+00:00","mainEntityOfPage":{"@id":"https:\/\/luxiders.com\/es\/es-generacion-z-realmente-la-mas-eco-consciente\/"},"wordCount":16,"publisher":{"@id":"https:\/\/luxiders.com\/es\/#organization"},"image":{"@id":"https:\/\/luxiders.com\/es\/es-generacion-z-realmente-la-mas-eco-consciente\/#primaryimage"},"thumbnailUrl":"https:\/\/luxiders.com\/content\/uploads\/feature-gen-z-eco-conscious.jpg","keywords":["compra de segunda mano","eco conciencia","gen z","moda r\u00e1pida"],"articleSection":["Moda"],"inLanguage":"es-ES"},{"@type":"WebPage","@id":"https:\/\/luxiders.com\/es\/es-generacion-z-realmente-la-mas-eco-consciente\/","url":"https:\/\/luxiders.com\/es\/es-generacion-z-realmente-la-mas-eco-consciente\/","name":"\u00bfEs la generaci\u00f3n Z la generaci\u00f3n m\u00e1s eco consciente? | Luxiders","isPartOf":{"@id":"https:\/\/luxiders.com\/es\/#website"},"primaryImageOfPage":{"@id":"https:\/\/luxiders.com\/es\/es-generacion-z-realmente-la-mas-eco-consciente\/#primaryimage"},"image":{"@id":"https:\/\/luxiders.com\/es\/es-generacion-z-realmente-la-mas-eco-consciente\/#primaryimage"},"thumbnailUrl":"https:\/\/luxiders.com\/content\/uploads\/feature-gen-z-eco-conscious.jpg","datePublished":"2021-12-10T12:18:00+00:00","dateModified":"2023-01-16T09:45:46+00:00","description":"A menudo se elogia a la Generaci\u00f3n Z por ser la generaci\u00f3n m\u00e1s consciente del medio ambiente, quiz\u00e1s debido al hecho de que...","breadcrumb":{"@id":"https:\/\/luxiders.com\/es\/es-generacion-z-realmente-la-mas-eco-consciente\/#breadcrumb"},"inLanguage":"es-ES","potentialAction":[{"@type":"ReadAction","target":["https:\/\/luxiders.com\/es\/es-generacion-z-realmente-la-mas-eco-consciente\/"]}]},{"@type":"ImageObject","inLanguage":"es-ES","@id":"https:\/\/luxiders.com\/es\/es-generacion-z-realmente-la-mas-eco-consciente\/#primaryimage","url":"https:\/\/luxiders.com\/content\/uploads\/feature-gen-z-eco-conscious.jpg","contentUrl":"https:\/\/luxiders.com\/content\/uploads\/feature-gen-z-eco-conscious.jpg","width":1200,"height":960},{"@type":"BreadcrumbList","@id":"https:\/\/luxiders.com\/es\/es-generacion-z-realmente-la-mas-eco-consciente\/#breadcrumb","itemListElement":[{"@type":"ListItem","position":1,"name":"Startseite","item":"https:\/\/luxiders.com\/es\/"},{"@type":"ListItem","position":2,"name":"Moda","item":"https:\/\/luxiders.com\/es\/category\/moda-sostenible-lujo\/"},{"@type":"ListItem","position":3,"name":"\u00bfEs la generaci\u00f3n Z realmente la generaci\u00f3n m\u00e1s consciente sobre el medio ambiente?"}]},{"@type":"WebSite","@id":"https:\/\/luxiders.com\/es\/#website","url":"https:\/\/luxiders.com\/es\/","name":"Sustainable Fashion - Eco Design - Healthy Lifestyle - Luxiders Magazine","description":"Luxiders is a sustainable luxury magazine highlighting the best stories about sustainable fashion, ethical fashion, eco-friendly design, green design, sustainable travel, natural beauty, organic beauty and healthy lifestyle. Know the best high-end, progressive and luxury sustainable brands and designers worldwide.","publisher":{"@id":"https:\/\/luxiders.com\/es\/#organization"},"potentialAction":[{"@type":"SearchAction","target":{"@type":"EntryPoint","urlTemplate":"https:\/\/luxiders.com\/es\/?s={search_term_string}"},"query-input":{"@type":"PropertyValueSpecification","valueRequired":true,"valueName":"search_term_string"}}],"inLanguage":"es-ES"},{"@type":"Organization","@id":"https:\/\/luxiders.com\/es\/#organization","name":"Sustainable Fashion - Eco Design - Healthy Lifestyle - Luxiders Magazine","url":"https:\/\/luxiders.com\/es\/","logo":{"@type":"ImageObject","inLanguage":"es-ES","@id":"https:\/\/luxiders.com\/es\/#\/schema\/logo\/image\/","url":"https:\/\/luxiders.com\/content\/uploads\/lux-logo.svg","contentUrl":"https:\/\/luxiders.com\/content\/uploads\/lux-logo.svg","caption":"Sustainable Fashion - Eco Design - Healthy Lifestyle - Luxiders Magazine"},"image":{"@id":"https:\/\/luxiders.com\/es\/#\/schema\/logo\/image\/"}},{"@type":"Person","@id":"https:\/\/luxiders.com\/es\/#\/schema\/person\/8632fa702ae2ce98f66c396254633de8","name":"luxiders","url":"https:\/\/luxiders.com\/es\/author\/luxiders\/"}]}},"_links":{"self":[{"href":"https:\/\/luxiders.com\/es\/wp-json\/wp\/v2\/posts\/4632","targetHints":{"allow":["GET"]}}],"collection":[{"href":"https:\/\/luxiders.com\/es\/wp-json\/wp\/v2\/posts"}],"about":[{"href":"https:\/\/luxiders.com\/es\/wp-json\/wp\/v2\/types\/post"}],"author":[{"embeddable":true,"href":"https:\/\/luxiders.com\/es\/wp-json\/wp\/v2\/users\/2"}],"replies":[{"embeddable":true,"href":"https:\/\/luxiders.com\/es\/wp-json\/wp\/v2\/comments?post=4632"}],"version-history":[{"count":3,"href":"https:\/\/luxiders.com\/es\/wp-json\/wp\/v2\/posts\/4632\/revisions"}],"predecessor-version":[{"id":9701,"href":"https:\/\/luxiders.com\/es\/wp-json\/wp\/v2\/posts\/4632\/revisions\/9701"}],"wp:featuredmedia":[{"embeddable":true,"href":"https:\/\/luxiders.com\/es\/wp-json\/wp\/v2\/media\/4652"}],"wp:attachment":[{"href":"https:\/\/luxiders.com\/es\/wp-json\/wp\/v2\/media?parent=4632"}],"wp:term":[{"taxonomy":"category","embeddable":true,"href":"https:\/\/luxiders.com\/es\/wp-json\/wp\/v2\/categories?post=4632"},{"taxonomy":"post_tag","embeddable":true,"href":"https:\/\/luxiders.com\/es\/wp-json\/wp\/v2\/tags?post=4632"}],"curies":[{"name":"wp","href":"https:\/\/api.w.org\/{rel}","templated":true}]}}