{"id":46564,"date":"2024-07-10T18:59:26","date_gmt":"2024-07-10T16:59:26","guid":{"rendered":"https:\/\/luxiders.com\/?p=46564"},"modified":"2024-07-12T10:31:42","modified_gmt":"2024-07-12T08:31:42","slug":"texworld-se-celebrara-en-le-bourget-el-proximo-febrero-y-se-prepara-para-grandes-cambios","status":"publish","type":"post","link":"https:\/\/luxiders.com\/es\/texworld-se-celebrara-en-le-bourget-el-proximo-febrero-y-se-prepara-para-grandes-cambios\/","title":{"rendered":"Texworld se celebrar\u00e1 en Le Bourget el pr\u00f3ximo febrero y se prepara para grandes cambios"},"content":{"rendered":"    <section id=\"textblock-block_49973df011983581caf1bf53f36effa1\" class=\"section position-relative gp-block gp-textblock pt-0 pb-0\">\n        <div class=\"container\">\n            <div class=\"row g-0\">\n                <div class=\"col-lg-12 content\" data-aos=\"fade-in\" data-aos-duration=\"1000\">\n                                                                                    <div class=\"intro \">\n                            <p>&nbsp;<\/p>\n<p style=\"text-align: center;\">\u00bfC\u00f3mo responder\u00e1 Texworld a la din\u00e1mica del mercado y a las demandas de los compradores? Adapt\u00e1ndose al cambio. Los organizadores han anunciado su regreso al recinto ferial de Le Bourget a partir de febrero de 2025, permaneciendo en Porte de Versailles durante las ediciones de verano. Tambi\u00e9n han anunciado su compromiso de aunar sinergias a trav\u00e9s de un sal\u00f3n m\u00e1s diversificado, que incluya joyer\u00eda, bolsos y otros productos, e insisten en la ecorresponsabilidad como camino a seguir en el futuro.<\/p>\n                        <\/div>\n                                                                                                <\/div>\n            <\/div>\n        <\/div>\n    <\/section>\n    \n\n    <section id=\"newsletter-block_51680c11ebc41fad2b4f1cd647010aa6\" class=\"section position-relative gp-block gp-newsletter pt-0 pb-0 my-5\">\n        <div class=\"container\">\n            <div class=\"row g-0 pt-4 pb-3\">\n                <div class=\"col-lg-12 content text-center border pt-3\" data-aos=\"fade-in\" data-aos-duration=\"1000\">\n                                            <p><em>Para recibir el Newsletter de Luxiders Magazine,\u00a0<a href=\"https:\/\/landing.mailerlite.com\/webforms\/landing\/w2a1t0\" target=\"_blank\" rel=\"noopener\">suscr\u00edbete aqu\u00ed<\/a><\/em><\/p>\n                                    <\/div>\n            <\/div>\n        <\/div>\n    <\/section>\n    \n\n    <section id=\"textblock-block_5f85e6d643a3ddbd3d52a24acc53deb3\" class=\"section position-relative gp-block gp-textblock pt-0 pb-0\">\n        <div class=\"container\">\n            <div class=\"row g-0\">\n                <div class=\"col-lg-12 content\" data-aos=\"fade-in\" data-aos-duration=\"1000\">\n                                                                                <p>Las ferias textiles de Par\u00eds se han celebrado este mes de julio con menos afluencia de visitantes de lo habitual. Aparte de la proximidad de los Juegos Ol\u00edmpicos en Par\u00eds y de la conmoci\u00f3n que supuso el liderazgo de la extrema derecha en la primera vuelta de las elecciones francesas del 30 de junio, hay una raz\u00f3n de peso para que la tranquila apertura de Texworld Apparel Sourcing Paris, el 1 de julio, fuera una realidad: el mercado.<\/p>\n<p>El mercado textil evoluciona y toda evoluci\u00f3n conlleva una crisis de dinamismo. Para todos los actores, es el momento de pensar antes de actuar. Llegamos a <a href=\"https:\/\/luxiders.com\/texworld-evolution-paris-2024-will-embrace-sustainability-again\/\" target=\"_blank\" rel=\"noopener\">Texworld Apparel Sourcing Paris<\/a> con la ilusi\u00f3n de que la feria ser\u00eda capaz de superar la crisis con colas de visitantes. Es lo que estamos acostumbrados a encontrar cada vez que visitamos las ferias textiles de Par\u00eds. Sin embargo, Par\u00eds estaba tranquila a nuestra llegada: calles silenciosas, tr\u00e1fico modesto&#8230; Texworld Apparel Sourcing Paris nos abri\u00f3 las puertas a la realidad del mercado\u00a0 actual: menos visitantes pero m\u00e1s importantes; necesidad de sinergia y colaboraci\u00f3n; y compromiso eco-responsable como \u00fanica forma de afrontar el futuro.<\/p>\n<p>&nbsp;<\/p>\n                                                        <\/div>\n            <\/div>\n        <\/div>\n    <\/section>\n    \n\n    <section id=\"textblock-block_40ba534ff26ae25a738f1501c9b0a207\" class=\"section position-relative gp-block gp-textblock pt-0 pb-0\">\n        <div class=\"container\">\n            <div class=\"row g-0\">\n                <div class=\"col-lg-12 content\" data-aos=\"fade-in\" data-aos-duration=\"1000\">\n                                                                        <h2 class=\"\"><h2>CAMBIOS EN LA EXPOSICI\u00d3N<\/h2>\n<\/h2>\n                                                                                                        <p>A primera vista, observamos un crecimiento de la oferta de prendas de vestir. Tambi\u00e9n vimos c\u00f3mo el s\u00edmbolo Econogy, creado y presentado por primera vez en la \u00faltima edici\u00f3n, nos guiaba en nuestra misi\u00f3n de encontrar empresas internacionales ecorresponsables. Para nuestra sorpresa, cada vez son m\u00e1s las empresas de India, Pakist\u00e1n y China que empiezan a ofrecer pedidos de menos de 100 unidades y un compromiso con la ecolog\u00eda y la responsabilidad social que, si en ocasiones anteriores nos resultaba demasiado remilgado, hoy creemos firmemente porque nos mostraban todos los papeles, los certificados. Quieren ser transparentes.<\/p>\n<p>Para nosotros, el lugar m\u00e1s emocionante fue Avantex. El sector Avantex contaba con m\u00e1s de veinte proveedores que ofrec\u00edan soluciones innovadoras para la transformaci\u00f3n digital y ecol\u00f3gica de la industria de la moda, abarcando \u00e1reas como la producci\u00f3n, el abastecimiento, la digitalizaci\u00f3n y mucho m\u00e1s. Este a\u00f1o introduc\u00eda un Nuevo Hub de Dise\u00f1adores, que fomenta la colaboraci\u00f3n creativa. El programa de Avantex tambi\u00e9n inclu\u00eda ReSources, con una selecci\u00f3n de materiales innovadores y materias primas t\u00e9cnicas en modo phygital: al escanear el c\u00f3digo QR asociado a las muestras expuestas, los visitantes eran redirigidos a la plataforma de redes Foursource para obtener m\u00e1s informaci\u00f3n. Muy interesante tambi\u00e9n.<\/p>\n                                                        <\/div>\n            <\/div>\n        <\/div>\n    <\/section>\n    \n\n    <section id=\"media-block_c1752f5eeb45b9ca90d21437ea84b0a1\" class=\"section position-relative gp-block gp-media pt-0 pb-0\">\n        <div class=\"container\">\n            <div class=\"row g-0\">\n                <div class=\"col-lg-12 content\" data-aos=\"fade-in\" data-aos-duration=\"1000\">\n                                                                            <\/div>\n            <\/div>\n            <div class=\"row g-0\">\n                <div class=\"col-lg-12 img-scaled\">\n                                                                                                                                                <figure class=\"mb-4 pt-lg-5 mb-lg-0 ps-lg-8 pe-lg-8\" data-aos=\"fade-up\" data-aos-duration=\"1000\"><div class=\"img-container\"><img loading=\"lazy\" decoding=\"async\" width=\"1920\" height=\"1280\" src=\"https:\/\/luxiders.com\/content\/uploads\/MesseFrankfurt0724Day1Selection-043.jpeg\" class=\"img-fluid w-100\" alt=\"Texworld ApparelSourcing Paris 2024\" srcset=\"https:\/\/luxiders.com\/content\/uploads\/MesseFrankfurt0724Day1Selection-043.jpeg 1920w, https:\/\/luxiders.com\/content\/uploads\/MesseFrankfurt0724Day1Selection-043-300x200.jpeg 300w, https:\/\/luxiders.com\/content\/uploads\/MesseFrankfurt0724Day1Selection-043-1024x683.jpeg 1024w, https:\/\/luxiders.com\/content\/uploads\/MesseFrankfurt0724Day1Selection-043-768x512.jpeg 768w, https:\/\/luxiders.com\/content\/uploads\/MesseFrankfurt0724Day1Selection-043-1536x1024.jpeg 1536w\" sizes=\"(max-width: 1920px) 100vw, 1920px\" \/><\/div><figcaption>\u00a9 Texworld ApparelSourcing Paris 2024<\/figcaption><\/figure>                                                                                            <\/div>\n                                            <\/div>\n        <\/div>\n    <\/section>\n    \n\n    <section id=\"textblock-block_a6ce097f98746cc39baa849dc0699849\" class=\"section position-relative gp-block gp-textblock pt-5 pt-lg-8 pb-5\">\n        <div class=\"container\">\n            <div class=\"row g-0\">\n                <div class=\"col-lg-12 content\" data-aos=\"fade-in\" data-aos-duration=\"1000\">\n                                                                        <h2 class=\"\"><h2>INTERESANTES LOS ECONOGY TOURS<\/h2>\n<\/h2>\n                                                                                                        <p>Los Econogy Tours fueron muy interesantes. En ellos, Bern M\u00fcller, Director de Relaciones y Sostenibilidad del Rat f\u00fcr Formgebung &#8211; German Design Council, nos condujo al futuro a trav\u00e9s de un recorrido en el que pudimos conocer empresas como Cradle-To-Cradle o T\u00dcVRheinlad, donde Luisa Balaban, Sustainability Business Development Lead in Western Europe en T\u00dcVRheinlad, nos explic\u00f3 que actualmente existen m\u00e1s de 200 certificados relacionados con la &#8220;sostenibilidad&#8221; de una u otra forma en todo el mundo. Obviamente, algo tendr\u00e1 que cambiar. No tiene sentido seguir creando certificados por los que hay que pagar si dentro de dos a\u00f1os la Uni\u00f3n Europea va a lanzar su propio Pasaporte y sus propias leyes en materia de ecorresponsabilidad. \u00bfO no? \u00a1Interesante charla!<\/p>\n<p>&#8220;La integraci\u00f3n de las Declaraciones Ambientales de Producto (DAP) mejora a\u00fan m\u00e1s la transparencia, proporcionando una forma estandarizada de comunicar el impacto ambiental de los productos. Esto es cada vez m\u00e1s crucial, ya que la nueva legislaci\u00f3n mundial obliga a las empresas a comprender y revelar todas las ramificaciones medioambientales de sus productos&#8221;. Para eso est\u00e1 la herramienta SustainAbility de T\u00dcVRheinlad.<\/p>\n<p>Tambi\u00e9n conocimos al propietario de Kiziari, una plataforma japonesa de abastecimiento de tejidos, que nos explic\u00f3 su forma de trabajar a trav\u00e9s de la inteligencia artificial. Seg\u00fan el ejecutivo, las empresas de lujo ya compran tejidos japoneses directamente online gracias a las nuevas tecnolog\u00edas. Todav\u00eda somos esc\u00e9pticos ante esta realidad: \u00bfpodemos realmente comprar un tejido sin conocer su comportamiento real, su textura real, su color real? Porque, no nos enga\u00f1emos, lo que vemos en la pantalla nos puede dar una idea de lo que vamos a recibir, pero en lo que a tejidos se refiere, a\u00fan estamos muy lejos de que la IA nos garantice el acierto. Por eso seguimos necesitando ferias textiles: no es lo mismo una muestra digital que una real.<\/p>\n<p>Nos gust\u00f3 conocer al propietario de Skosh, una empresa con 20 a\u00f1os de experiencia en la industria de la confecci\u00f3n, la producci\u00f3n, el abastecimiento, el control de calidad y la exportaci\u00f3n. &#8220;Nuestra visi\u00f3n es crear una empresa de calidad y producci\u00f3n \u00e9tica. No queremos convertirnos en una empresa enorme, s\u00f3lo hacer colecciones en peque\u00f1as cantidades con la mejor calidad y pr\u00e1cticas \u00e9ticas&#8221;. &#8211; declar\u00f3.<\/p>\n<p>&nbsp;<\/p>\n                                                        <\/div>\n            <\/div>\n        <\/div>\n    <\/section>\n    \n\n    <section id=\"media-block_32ca4edae65a44c080504ad33a13b1b9\" class=\"section position-relative gp-block gp-media pt-0 pb-0\">\n        <div class=\"container\">\n            <div class=\"row g-0\">\n                <div class=\"col-lg-12 content\" data-aos=\"fade-in\" data-aos-duration=\"1000\">\n                                                                            <\/div>\n            <\/div>\n            <div class=\"row g-0\">\n                <div class=\"col-lg-6 \">\n                                                                                                                                                <figure class=\"mb-4 pt-lg-0 mb-lg-0 ps-lg-0 pe-lg-4\" data-aos=\"fade-up\" data-aos-duration=\"1000\"><div class=\"img-container\"><img loading=\"lazy\" decoding=\"async\" width=\"800\" height=\"533\" src=\"https:\/\/luxiders.com\/content\/uploads\/MesseFrankfurt0724Day2Selection-031.jpeg\" class=\"img-fluid w-100\" alt=\"Texworld ApparelSourcing Paris 2024\" srcset=\"https:\/\/luxiders.com\/content\/uploads\/MesseFrankfurt0724Day2Selection-031.jpeg 800w, https:\/\/luxiders.com\/content\/uploads\/MesseFrankfurt0724Day2Selection-031-300x200.jpeg 300w, https:\/\/luxiders.com\/content\/uploads\/MesseFrankfurt0724Day2Selection-031-768x512.jpeg 768w\" sizes=\"(max-width: 800px) 100vw, 800px\" \/><\/div><figcaption>\u00a9 Texworld ApparelSourcing Paris 2024<\/figcaption><\/figure>                                                                                            <\/div>\n                                    <div class=\"col-lg-6\">\n                                                                                                                                                        <figure class=\"mb-4 pt-lg-0 mb-lg-0 ps-lg-3 pe-lg-0\" data-aos=\"fade-up\" data-aos-duration=\"1000\"><div class=\"img-container\"><img loading=\"lazy\" decoding=\"async\" width=\"1200\" height=\"800\" src=\"https:\/\/luxiders.com\/content\/uploads\/MesseFrankfurt0724Day2Selection-021.jpeg\" class=\"img-fluid w-100\" alt=\"Texworld ApparelSourcing Paris 2024\" srcset=\"https:\/\/luxiders.com\/content\/uploads\/MesseFrankfurt0724Day2Selection-021.jpeg 1200w, https:\/\/luxiders.com\/content\/uploads\/MesseFrankfurt0724Day2Selection-021-300x200.jpeg 300w, https:\/\/luxiders.com\/content\/uploads\/MesseFrankfurt0724Day2Selection-021-1024x683.jpeg 1024w, https:\/\/luxiders.com\/content\/uploads\/MesseFrankfurt0724Day2Selection-021-768x512.jpeg 768w\" sizes=\"(max-width: 1200px) 100vw, 1200px\" \/><\/div><figcaption>\u00a9 Texworld ApparelSourcing Paris 2024<\/figcaption><\/figure>                                                                                                        <\/div>\n                                            <\/div>\n        <\/div>\n    <\/section>\n    \n\n    <section id=\"media-block_27f5b540643e3aa20eae8a12d9f5f9fe\" class=\"section position-relative gp-block gp-media pt-0 pb-0\">\n        <div class=\"container\">\n            <div class=\"row g-0\">\n                <div class=\"col-lg-12 content\" data-aos=\"fade-in\" data-aos-duration=\"1000\">\n                                                                            <\/div>\n            <\/div>\n            <div class=\"row g-0\">\n                <div class=\"col-lg-12 img-scaled\">\n                                                                                                                                                <figure class=\"mb-4 pt-lg-3 mb-lg-0 ps-lg-0 pe-lg-0\" data-aos=\"fade-up\" data-aos-duration=\"1000\"><div class=\"img-container\"><img loading=\"lazy\" decoding=\"async\" width=\"1200\" height=\"800\" src=\"https:\/\/luxiders.com\/content\/uploads\/MesseFrankfurt0724Day1Selection-023.jpeg\" class=\"img-fluid w-100\" alt=\"Texworld ApparelSourcing Paris 2024\" srcset=\"https:\/\/luxiders.com\/content\/uploads\/MesseFrankfurt0724Day1Selection-023.jpeg 1200w, https:\/\/luxiders.com\/content\/uploads\/MesseFrankfurt0724Day1Selection-023-300x200.jpeg 300w, https:\/\/luxiders.com\/content\/uploads\/MesseFrankfurt0724Day1Selection-023-1024x683.jpeg 1024w, https:\/\/luxiders.com\/content\/uploads\/MesseFrankfurt0724Day1Selection-023-768x512.jpeg 768w\" sizes=\"(max-width: 1200px) 100vw, 1200px\" \/><\/div><figcaption>\u00a9 Texworld ApparelSourcing Paris 2024<\/figcaption><\/figure>                                                                                            <\/div>\n                                            <\/div>\n        <\/div>\n    <\/section>\n    \n\n    <section id=\"textblock-block_31b278e7875887b78fcf63fe06033e40\" class=\"section position-relative gp-block gp-textblock pt-5 pt-lg-8 pb-0\">\n        <div class=\"container\">\n            <div class=\"row g-0\">\n                <div class=\"col-lg-12 content\" data-aos=\"fade-in\" data-aos-duration=\"1000\">\n                                                                        <h2 class=\"\">NEAR SOURCING, PHYGITAL EN TEXWORLD\n<\/h2>\n                                                                                                        <p>Pudimos descubrir la oferta de unas 50 empresas de Portugal, Turqu\u00eda, Serbia y Marruecos, entre otros pa\u00edses, en el Near Sourcing Hub. Las muestras presentadas en esta zona espec\u00edfica est\u00e1n vinculadas mediante un c\u00f3digo QR a la plataforma digital B2B de Foursource, socio de Messe Frankfurt France. Esta caracter\u00edstica permite a los visitantes obtener informaci\u00f3n detallada, o ser guiados a trav\u00e9s de un posible contacto comercial a trav\u00e9s de la plataforma de intercambio.<\/p>\n                                                        <\/div>\n            <\/div>\n        <\/div>\n    <\/section>\n    \n\n    <section id=\"media-block_dbe18f4ca1d8f51ce2d6eaf9aa020b1c\" class=\"section position-relative gp-block gp-media pt-5 pb-0\">\n        <div class=\"container\">\n            <div class=\"row g-0\">\n                <div class=\"col-lg-12 content\" data-aos=\"fade-in\" data-aos-duration=\"1000\">\n                                                                            <\/div>\n            <\/div>\n            <div class=\"row g-0\">\n                <div class=\"col-lg-6 \">\n                                                                                                                                                <figure class=\"mb-4 pt-lg-0 mb-lg-0 ps-lg-0 pe-lg-5\" data-aos=\"fade-up\" data-aos-duration=\"1000\"><div class=\"img-container\"><img loading=\"lazy\" decoding=\"async\" width=\"800\" height=\"533\" src=\"https:\/\/luxiders.com\/content\/uploads\/MesseFrankfurt0724Day3Selection-002.jpeg\" class=\"img-fluid w-100\" alt=\"Texworld ApparelSourcing Paris 2024\" srcset=\"https:\/\/luxiders.com\/content\/uploads\/MesseFrankfurt0724Day3Selection-002.jpeg 800w, https:\/\/luxiders.com\/content\/uploads\/MesseFrankfurt0724Day3Selection-002-300x200.jpeg 300w, https:\/\/luxiders.com\/content\/uploads\/MesseFrankfurt0724Day3Selection-002-768x512.jpeg 768w\" sizes=\"(max-width: 800px) 100vw, 800px\" \/><\/div><figcaption>\u00a9 Texworld ApparelSourcing Paris 2024<\/figcaption><\/figure>                                                                                            <\/div>\n                                    <div class=\"col-lg-6\">\n                                                                                                                                                        <figure class=\"mb-4 pt-lg-0 mb-lg-0 ps-lg-4 pe-lg-0\" data-aos=\"fade-up\" data-aos-duration=\"1000\"><div class=\"img-container\"><img loading=\"lazy\" decoding=\"async\" width=\"1200\" height=\"800\" src=\"https:\/\/luxiders.com\/content\/uploads\/MesseFrankfurt0724Day2Selection-003.jpeg\" class=\"img-fluid w-100\" alt=\"Texworld ApparelSourcing Paris 2024\" srcset=\"https:\/\/luxiders.com\/content\/uploads\/MesseFrankfurt0724Day2Selection-003.jpeg 1200w, https:\/\/luxiders.com\/content\/uploads\/MesseFrankfurt0724Day2Selection-003-300x200.jpeg 300w, https:\/\/luxiders.com\/content\/uploads\/MesseFrankfurt0724Day2Selection-003-1024x683.jpeg 1024w, https:\/\/luxiders.com\/content\/uploads\/MesseFrankfurt0724Day2Selection-003-768x512.jpeg 768w\" sizes=\"(max-width: 1200px) 100vw, 1200px\" \/><\/div><figcaption>\u00a9 Texworld ApparelSourcing Paris 2024<\/figcaption><\/figure>                                                                                                        <\/div>\n                                            <\/div>\n        <\/div>\n    <\/section>\n    \n\n    <section id=\"textblock-block_647a47824d7dd93fc8e670bd9318f1f5\" class=\"section position-relative gp-block gp-textblock pt-0 pb-0\">\n        <div class=\"container\">\n            <div class=\"row g-0\">\n                <div class=\"col-lg-12 content\" data-aos=\"fade-in\" data-aos-duration=\"1000\">\n                                                                        <h2 class=\"\">Las Tendencias\n<\/h2>\n                                                                                                        <p>A partir del cruce y el an\u00e1lisis de se\u00f1ales emergentes detectadas en los \u00e1mbitos art\u00edstico, econ\u00f3mico y social, Texworld Apparel Sourcing Paris dibuja un vestuario en cuatro temas inspiradores para los dise\u00f1adores de moda. Tableros de dise\u00f1o que agrupan los universos crom\u00e1ticos en torno a 3 &#8220;colores estrella&#8221;. Los looks y siluetas escenificados para cada universo creativo permiten explorar las tendencias para el Oto\u00f1o Invierno 2025-2026. Los cuatro universos se presentaron en dos Foros de Tendencias: uno en Texworld Par\u00eds para los tejidos y otro en Apparel Sourcing Par\u00eds para los productos acabados. Los visitantes pudieron descubrir looks inspirados en los tejidos y productos seleccionados por los directores art\u00edsticos del sal\u00f3n. Los espacios Highlights Elite y Highlights Denim ofrecieron tambi\u00e9n algunas variaciones sobre estos temas, con muestras y escenarios para ilustrar cada uno de ellos.<\/p>\n<p><strong>#1 Confrontaci\u00f3n<\/strong>. Esta primera propuesta prepara el terreno: al exponer el infinito potencial de la IA, nos recuerda nuestra inmadurez. Expresa la fragilidad de la condici\u00f3n humana y su necesidad de protecci\u00f3n. El universo crom\u00e1tico, m\u00e1s bien puro, se orienta hacia matices vegetales, dominados por el marfil, el verde suave y las paletas amaderadas. Las texturas protectoras y esponjosas \u2013a la vez que toman prestado del mundo geol\u00f3gico\u2013 transmiten la sensorialidad de este tema.<\/p>\n<p><strong>#2 Seducci\u00f3n.<\/strong> \u00a1No queda m\u00e1s que disfrutar del espect\u00e1culo! La segunda fase de nuestra fascinaci\u00f3n por estas tecnolog\u00edas que nos superan es la seducci\u00f3n. La magia est\u00e1 en el coraz\u00f3n de este tema, donde la vida, en todas sus formas, es m\u00e1s visible. Emerge en el coraz\u00f3n de la materia, a trav\u00e9s de texturas de inspiraci\u00f3n org\u00e1nica, figuras humanas e incrustaciones minerales. Esta &#8220;vida prolongada&#8221; se expresa a trav\u00e9s de una paleta de colores carnales, l\u00e1nguidos y encarnados, pero tambi\u00e9n con tonos brillantes, florales y dulces.<\/p>\n<p><strong>#3 Alienaci\u00f3n.<\/strong> El abandono dur\u00f3 poco: la seducci\u00f3n ya no funciona y la inteligencia [artificial] toma el relevo. Hab\u00edamos cre\u00eddo que la libertad significaba dejar de tener que elegir. Era todo lo contrario. Abandonamos nuestras decisiones. El algoritmo supera al pensamiento, se apodera y ocupa el espacio&#8230; La materia se distorsiona y se dispersa&#8230; Se sale del espacio en el que estamos acostumbrados a verla. Los colores clave son c\u00e1lidos y asertivos, y se aplican a materiales que expresan universos cercanos a la vida, con texturas drapeadas y bordados.<\/p>\n<p><strong>#4 Aniquilaci\u00f3n.<\/strong> Los humanos desaparecen, se desvanecen y se someten a la IA. Es el tema del borrado. Nos hemos vuelto simplemente insignificantes [&#8230;] Expulsados de la ecuaci\u00f3n. Aqu\u00ed, los colores est\u00e1n ausentes, las paletas desencarnadas, extremadamente minerales, met\u00e1licas y polvorientas. Aqu\u00ed, los tejidos t\u00e9cnicos traducen perfectamente esta b\u00fasqueda de neutralidad, con aspectos lisos y lacados: los revestimientos encuentran aqu\u00ed un terreno de expresi\u00f3n privilegiado con efectos de relieve lunares, de inspiraci\u00f3n sedimentaria.<\/p>\n                                            <div class=\"highlighted mt-5 mt-lg-6 px-lg-5\">\n                            <p>\u00ab IMPERFaiCTION \u00bb, the trend book for the Autumn-Winter 2025-2026 season explores the limits of Man in confronting the potential of AI.<\/p>\n                        <\/div>\n                                                        <\/div>\n            <\/div>\n        <\/div>\n    <\/section>\n    \n\n    <section id=\"media-block_5aac0701aed6c506ee86b9d3aa9ae4b8\" class=\"section position-relative gp-block gp-media pt-5 pb-0\">\n        <div class=\"container\">\n            <div class=\"row g-0\">\n                <div class=\"col-lg-12 content\" data-aos=\"fade-in\" data-aos-duration=\"1000\">\n                                                                            <\/div>\n            <\/div>\n            <div class=\"row g-0\">\n                <div class=\"col-lg-12 img-scaled\">\n                                                                                                                                                <figure class=\"mb-4 pt-lg-0 mb-lg-0 ps-lg-0 pe-lg-0\" data-aos=\"fade-up\" data-aos-duration=\"1000\"><div class=\"img-container\"><img loading=\"lazy\" decoding=\"async\" width=\"1200\" height=\"799\" src=\"https:\/\/luxiders.com\/content\/uploads\/MesseFrankfurt0724Day1Selection-044-1.jpeg\" class=\"img-fluid w-100\" alt=\"Texworld ApparelSourcing Paris 2024\" srcset=\"https:\/\/luxiders.com\/content\/uploads\/MesseFrankfurt0724Day1Selection-044-1.jpeg 1200w, https:\/\/luxiders.com\/content\/uploads\/MesseFrankfurt0724Day1Selection-044-1-300x200.jpeg 300w, https:\/\/luxiders.com\/content\/uploads\/MesseFrankfurt0724Day1Selection-044-1-1024x682.jpeg 1024w, https:\/\/luxiders.com\/content\/uploads\/MesseFrankfurt0724Day1Selection-044-1-768x511.jpeg 768w\" sizes=\"(max-width: 1200px) 100vw, 1200px\" \/><\/div><figcaption>\u00a9 Texworld ApparelSourcing Paris 2024<\/figcaption><\/figure>                                                                                            <\/div>\n                                            <\/div>\n        <\/div>\n    <\/section>\n    \n\n    <section id=\"textblock-block_13c2d55168b07097329ffda878b7df44\" class=\"section position-relative gp-block gp-textblock pt-5 pt-lg-8 pb-0\">\n        <div class=\"container\">\n            <div class=\"row g-0\">\n                <div class=\"col-lg-12 content\" data-aos=\"fade-in\" data-aos-duration=\"1000\">\n                                                                        <h2 class=\"\">Materra gana el Avantex Fashion Pitch 2024\n<\/h2>\n                                                                                                        <p>El jurado de Avantex Fashion Pitch ha concedido el premio 2024 a Materra. La joven empresa brit\u00e1nica, fundada en 2019, dise\u00f1a soluciones para apoyar el cultivo de algod\u00f3n adaptado al cambio clim\u00e1tico en un modelo de comercio justo. En el otro extremo de la cadena, anima a las empresas de moda a abastecerse de los productores a los que apoya, ofreciendo a las marcas (Mango, Ecoalf, Positive Materials&#8230;) un servicio dise\u00f1ado sobre un modelo Cotton-As-A-Service, garantizando una cadena de suministro totalmente transparente y con total trazabilidad.<\/p>\n<p>La final del 7\u00ba concurso Avantex Fashion Pitch, organizado por Messe Frankfurt France, premia los proyectos m\u00e1s innovadores, sostenibles y relevantes para el futuro de la moda. Cada uno de los once finalistas -Darwie, Drippy, Finds, GoldenEye Smart Vision, Imki, Materra, Podium, Style Shifter, Swyco, Synovance y Trace For Good- dispuso de cinco minutos para convencer al jurado, compuesto por Claudia Cesiro, mentora de start-ups y fundadora de la agencia The Ace Project, \u00c9lodie Lemaire Nowinski, historiadora, especialista en innovaci\u00f3n y desarrollo sostenible en la moda e investigadora de la Glasgow School of Art, Jayne Simone Est\u00e8ve-Cur\u00e9, consultora experta en moda y lujo y Yoobin Jung, ventures associate sustainability del Plug and Play Tech Center.<\/p>\n                                            <div class=\"highlighted mt-5 mt-lg-6 px-lg-5\">\n                            <p>&#8220;Nuestros equipos de Messe Frankfurt, al igual que los miembros del jurado, quedaron muy impresionados por la calidad de los modelos presentados en esta 7\u00aa edici\u00f3n del Avantex Fashion Pitch. Al destacar el proyecto de Materra, el jurado ha optado por apoyar una respuesta ambiciosa a un problema urgente al que se enfrenta la industria de la moda. Es una decisi\u00f3n que no podemos sino aplaudir&#8221;. &#8211; Fr\u00e9d\u00e9ric Bougeard, Presidente de Messe Frankfurt France.<\/p>\n                        <\/div>\n                                                        <\/div>\n            <\/div>\n        <\/div>\n    <\/section>\n    \n\n    <section id=\"media-block_34b0c6301e217c1359baa5843592ed87\" class=\"section position-relative gp-block gp-media pt-0 pb-0\">\n        <div class=\"container\">\n            <div class=\"row g-0\">\n                <div class=\"col-lg-12 content\" data-aos=\"fade-in\" data-aos-duration=\"1000\">\n                                                                            <\/div>\n            <\/div>\n            <div class=\"row g-0\">\n                <div class=\"col-lg-6 \">\n                                                                                                                                                <figure class=\"mb-4 pt-lg-3 mb-lg-0 ps-lg-0 pe-lg-5\" data-aos=\"fade-up\" data-aos-duration=\"1000\"><div class=\"img-container\"><img loading=\"lazy\" decoding=\"async\" width=\"800\" height=\"533\" src=\"https:\/\/luxiders.com\/content\/uploads\/MesseFrankfurt0724Day3Selection-007.jpeg\" class=\"img-fluid w-100\" alt=\"Texworld ApparelSourcing Paris 2024\" srcset=\"https:\/\/luxiders.com\/content\/uploads\/MesseFrankfurt0724Day3Selection-007.jpeg 800w, https:\/\/luxiders.com\/content\/uploads\/MesseFrankfurt0724Day3Selection-007-300x200.jpeg 300w, https:\/\/luxiders.com\/content\/uploads\/MesseFrankfurt0724Day3Selection-007-768x512.jpeg 768w\" sizes=\"(max-width: 800px) 100vw, 800px\" \/><\/div><figcaption>\u00a9 Texworld ApparelSourcing Paris 2024<\/figcaption><\/figure>                                                                                            <\/div>\n                                    <div class=\"col-lg-6\">\n                                                                                                                                                        <figure class=\"mb-4 pt-lg-2 mb-lg-0 ps-lg-4 pe-lg-0\" data-aos=\"fade-up\" data-aos-duration=\"1000\"><div class=\"img-container\"><img loading=\"lazy\" decoding=\"async\" width=\"800\" height=\"533\" src=\"https:\/\/luxiders.com\/content\/uploads\/MesseFrankfurt0724Day3Selection-002.jpeg\" class=\"img-fluid w-100\" alt=\"Texworld ApparelSourcing Paris 2024\" srcset=\"https:\/\/luxiders.com\/content\/uploads\/MesseFrankfurt0724Day3Selection-002.jpeg 800w, https:\/\/luxiders.com\/content\/uploads\/MesseFrankfurt0724Day3Selection-002-300x200.jpeg 300w, https:\/\/luxiders.com\/content\/uploads\/MesseFrankfurt0724Day3Selection-002-768x512.jpeg 768w\" sizes=\"(max-width: 800px) 100vw, 800px\" \/><\/div><figcaption>\u00a9 Texworld ApparelSourcing Paris 2024<\/figcaption><\/figure>                                                                                                        <\/div>\n                                            <\/div>\n        <\/div>\n    <\/section>\n    \n\n    <section id=\"media-block_653adc12c834d81be8b497863a3e782b\" class=\"section position-relative gp-block gp-media pt-0 pb-0\">\n        <div class=\"container\">\n            <div class=\"row g-0\">\n                <div class=\"col-lg-12 content\" data-aos=\"fade-in\" data-aos-duration=\"1000\">\n                                                                            <\/div>\n            <\/div>\n            <div class=\"row g-0\">\n                <div class=\"col-lg-6 \">\n                                                                                                                                                <figure class=\"mb-4 pt-lg-0 mb-lg-0 ps-lg-0 pe-lg-5\" data-aos=\"fade-up\" data-aos-duration=\"1000\"><div class=\"img-container\"><img loading=\"lazy\" decoding=\"async\" width=\"1200\" height=\"800\" src=\"https:\/\/luxiders.com\/content\/uploads\/MesseFrankfurt0724Day2Selection-011.jpeg\" class=\"img-fluid w-100\" alt=\"Texworld ApparelSourcing Paris 2024\" srcset=\"https:\/\/luxiders.com\/content\/uploads\/MesseFrankfurt0724Day2Selection-011.jpeg 1200w, https:\/\/luxiders.com\/content\/uploads\/MesseFrankfurt0724Day2Selection-011-300x200.jpeg 300w, https:\/\/luxiders.com\/content\/uploads\/MesseFrankfurt0724Day2Selection-011-1024x683.jpeg 1024w, https:\/\/luxiders.com\/content\/uploads\/MesseFrankfurt0724Day2Selection-011-768x512.jpeg 768w\" sizes=\"(max-width: 1200px) 100vw, 1200px\" \/><\/div><figcaption>\u00a9 Texworld ApparelSourcing Paris 2024<\/figcaption><\/figure>                                                                                            <\/div>\n                                    <div class=\"col-lg-6\">\n                                                                                                                                                        <figure class=\"mb-4 pt-lg-0 mb-lg-0 ps-lg-3 pe-lg-0\" data-aos=\"fade-up\" data-aos-duration=\"1000\"><div class=\"img-container\"><img loading=\"lazy\" decoding=\"async\" width=\"1200\" height=\"799\" src=\"https:\/\/luxiders.com\/content\/uploads\/MesseFrankfurt0724Day1Selection-031.jpeg\" class=\"img-fluid w-100\" alt=\"Texworld ApparelSourcing Paris 2024\" srcset=\"https:\/\/luxiders.com\/content\/uploads\/MesseFrankfurt0724Day1Selection-031.jpeg 1200w, https:\/\/luxiders.com\/content\/uploads\/MesseFrankfurt0724Day1Selection-031-300x200.jpeg 300w, https:\/\/luxiders.com\/content\/uploads\/MesseFrankfurt0724Day1Selection-031-1024x682.jpeg 1024w, https:\/\/luxiders.com\/content\/uploads\/MesseFrankfurt0724Day1Selection-031-768x511.jpeg 768w\" sizes=\"(max-width: 1200px) 100vw, 1200px\" \/><\/div><figcaption>\u00a9 Texworld ApparelSourcing Paris 2024<\/figcaption><\/figure>                                                                                                        <\/div>\n                                            <\/div>\n        <\/div>\n    <\/section>\n    \n\n    <section id=\"textblock-block_dd007231e1327302fc23cb63062252be\" class=\"section position-relative gp-block gp-textblock pt-0 pb-0\">\n        <div class=\"container\">\n            <div class=\"row g-0\">\n                <div class=\"col-lg-12 content\" data-aos=\"fade-in\" data-aos-duration=\"1000\">\n                                                                                <p>&nbsp;<\/p>\n<p>&nbsp;<\/p>\n<p style=\"text-align: center;\"><strong><i>Highlight Image:<\/i><i><br \/>\n<\/i><i>@ <em>Courtesy by <span style=\"color: #d6a16b;\"><a style=\"color: #d6a16b;\" href=\"https:\/\/texworld-paris.fr.messefrankfurt.com\/paris\/en.html\" target=\"_blank\" rel=\"noopener\"><b>Texworld Apparel Sourcing Paris<\/b><\/a><\/span><\/em><\/i><\/strong><\/p>\n                                                        <\/div>\n            <\/div>\n        <\/div>\n    <\/section>\n    ","protected":false},"excerpt":{"rendered":"","protected":false},"author":2,"featured_media":46720,"comment_status":"closed","ping_status":"closed","sticky":false,"template":"","format":"standard","meta":{"_acf_changed":false,"footnotes":""},"categories":[130],"tags":[7150,8729,3071,8972,385,8973,8974,8975,8976,2594,242,8978,8979],"class_list":{"0":"post-46564","1":"post","2":"type-post","3":"status-publish","4":"format-standard","5":"has-post-thumbnail","7":"category-moda-sostenible-lujo","8":"tag-apparel-sourcing-3","9":"tag-avantex-3","10":"tag-climate-change-2-es","11":"tag-exhibition-2024-es","12":"tag-fashion-es","13":"tag-leatherworld-es","14":"tag-luxury-wear-es","15":"tag-pas-es","16":"tag-ris-es","17":"tag-summer-exhibition","18":"tag-sustainability-es","19":"tag-sustainable-solutions-es","20":"tag-texworld-evolution-2024-es"},"acf":[],"yoast_head":"<title>Texworld Will Be Held At Le Bourget next February With Changes<\/title>\n<meta name=\"description\" content=\"How is Texworld responding to market dynamics and buyer demands? Adapting to change. The organisers have announced its return\" \/>\n<meta name=\"robots\" content=\"index, follow, max-snippet:-1, max-image-preview:large, max-video-preview:-1\" \/>\n<link rel=\"canonical\" href=\"https:\/\/luxiders.com\/es\/texworld-se-celebrara-en-le-bourget-el-proximo-febrero-y-se-prepara-para-grandes-cambios\/\" \/>\n<meta property=\"og:locale\" content=\"es_ES\" \/>\n<meta property=\"og:type\" content=\"article\" \/>\n<meta property=\"og:title\" content=\"Texworld Will Be Held At Le Bourget next February With Changes\" \/>\n<meta property=\"og:description\" content=\"How is Texworld responding to market dynamics and buyer demands? Adapting to change. The organisers have announced its return\" \/>\n<meta property=\"og:url\" content=\"https:\/\/luxiders.com\/es\/texworld-se-celebrara-en-le-bourget-el-proximo-febrero-y-se-prepara-para-grandes-cambios\/\" \/>\n<meta property=\"og:site_name\" content=\"Sustainable Fashion - Eco Design - Healthy Lifestyle - Luxiders Magazine\" \/>\n<meta property=\"article:published_time\" content=\"2024-07-10T16:59:26+00:00\" \/>\n<meta property=\"article:modified_time\" content=\"2024-07-12T08:31:42+00:00\" \/>\n<meta property=\"og:image\" content=\"https:\/\/luxiders.com\/content\/uploads\/MesseFrankfurt0724Day1Selection-001-1.jpeg\" \/>\n\t<meta property=\"og:image:width\" content=\"1900\" \/>\n\t<meta property=\"og:image:height\" content=\"1267\" \/>\n\t<meta property=\"og:image:type\" content=\"image\/jpeg\" \/>\n<meta name=\"author\" content=\"luxiders\" \/>\n<meta name=\"twitter:card\" content=\"summary_large_image\" \/>\n<meta name=\"twitter:label1\" content=\"Written by\" \/>\n\t<meta name=\"twitter:data1\" content=\"luxiders\" \/>\n\t<meta name=\"twitter:label2\" content=\"Est. reading time\" \/>\n\t<meta name=\"twitter:data2\" content=\"8 minutes\" \/>\n<script type=\"application\/ld+json\" class=\"yoast-schema-graph\">{\"@context\":\"https:\/\/schema.org\",\"@graph\":[{\"@type\":\"Article\",\"@id\":\"https:\/\/luxiders.com\/es\/texworld-se-celebrara-en-le-bourget-el-proximo-febrero-y-se-prepara-para-grandes-cambios\/#article\",\"isPartOf\":{\"@id\":\"https:\/\/luxiders.com\/es\/texworld-se-celebrara-en-le-bourget-el-proximo-febrero-y-se-prepara-para-grandes-cambios\/\"},\"author\":{\"name\":\"luxiders\",\"@id\":\"https:\/\/luxiders.com\/es\/#\/schema\/person\/8632fa702ae2ce98f66c396254633de8\"},\"headline\":\"Texworld se celebrar\u00e1 en Le Bourget el pr\u00f3ximo febrero y se prepara para grandes cambios\",\"datePublished\":\"2024-07-10T16:59:26+00:00\",\"dateModified\":\"2024-07-12T08:31:42+00:00\",\"mainEntityOfPage\":{\"@id\":\"https:\/\/luxiders.com\/es\/texworld-se-celebrara-en-le-bourget-el-proximo-febrero-y-se-prepara-para-grandes-cambios\/\"},\"wordCount\":16,\"publisher\":{\"@id\":\"https:\/\/luxiders.com\/es\/#organization\"},\"image\":{\"@id\":\"https:\/\/luxiders.com\/es\/texworld-se-celebrara-en-le-bourget-el-proximo-febrero-y-se-prepara-para-grandes-cambios\/#primaryimage\"},\"thumbnailUrl\":\"https:\/\/luxiders.com\/content\/uploads\/MesseFrankfurt0724Day1Selection-001-1.jpeg\",\"keywords\":[\"Apparel Sourcing\",\"avantex\",\"climate change\",\"exhibition 2024\",\"fashion\",\"Leatherworld\",\"Luxury wear\",\"pas\",\"ris\",\"summer exhibition\",\"sustainability\",\"Sustainable Solutions\",\"Texworld Evolution 2024\"],\"articleSection\":[\"Moda\"],\"inLanguage\":\"es-ES\"},{\"@type\":\"WebPage\",\"@id\":\"https:\/\/luxiders.com\/es\/texworld-se-celebrara-en-le-bourget-el-proximo-febrero-y-se-prepara-para-grandes-cambios\/\",\"url\":\"https:\/\/luxiders.com\/es\/texworld-se-celebrara-en-le-bourget-el-proximo-febrero-y-se-prepara-para-grandes-cambios\/\",\"name\":\"Texworld Will Be Held At Le Bourget next February With Changes\",\"isPartOf\":{\"@id\":\"https:\/\/luxiders.com\/es\/#website\"},\"primaryImageOfPage\":{\"@id\":\"https:\/\/luxiders.com\/es\/texworld-se-celebrara-en-le-bourget-el-proximo-febrero-y-se-prepara-para-grandes-cambios\/#primaryimage\"},\"image\":{\"@id\":\"https:\/\/luxiders.com\/es\/texworld-se-celebrara-en-le-bourget-el-proximo-febrero-y-se-prepara-para-grandes-cambios\/#primaryimage\"},\"thumbnailUrl\":\"https:\/\/luxiders.com\/content\/uploads\/MesseFrankfurt0724Day1Selection-001-1.jpeg\",\"datePublished\":\"2024-07-10T16:59:26+00:00\",\"dateModified\":\"2024-07-12T08:31:42+00:00\",\"description\":\"How is Texworld responding to market dynamics and buyer demands? Adapting to change. The organisers have announced its return\",\"breadcrumb\":{\"@id\":\"https:\/\/luxiders.com\/es\/texworld-se-celebrara-en-le-bourget-el-proximo-febrero-y-se-prepara-para-grandes-cambios\/#breadcrumb\"},\"inLanguage\":\"es-ES\",\"potentialAction\":[{\"@type\":\"ReadAction\",\"target\":[\"https:\/\/luxiders.com\/es\/texworld-se-celebrara-en-le-bourget-el-proximo-febrero-y-se-prepara-para-grandes-cambios\/\"]}]},{\"@type\":\"ImageObject\",\"inLanguage\":\"es-ES\",\"@id\":\"https:\/\/luxiders.com\/es\/texworld-se-celebrara-en-le-bourget-el-proximo-febrero-y-se-prepara-para-grandes-cambios\/#primaryimage\",\"url\":\"https:\/\/luxiders.com\/content\/uploads\/MesseFrankfurt0724Day1Selection-001-1.jpeg\",\"contentUrl\":\"https:\/\/luxiders.com\/content\/uploads\/MesseFrankfurt0724Day1Selection-001-1.jpeg\",\"width\":1900,\"height\":1267,\"caption\":\"\u00a9 Texworld ApparelSourcing Paris 2024\"},{\"@type\":\"BreadcrumbList\",\"@id\":\"https:\/\/luxiders.com\/es\/texworld-se-celebrara-en-le-bourget-el-proximo-febrero-y-se-prepara-para-grandes-cambios\/#breadcrumb\",\"itemListElement\":[{\"@type\":\"ListItem\",\"position\":1,\"name\":\"Startseite\",\"item\":\"https:\/\/luxiders.com\/es\/\"},{\"@type\":\"ListItem\",\"position\":2,\"name\":\"Moda\",\"item\":\"https:\/\/luxiders.com\/es\/category\/moda-sostenible-lujo\/\"},{\"@type\":\"ListItem\",\"position\":3,\"name\":\"Texworld se celebrar\u00e1 en Le Bourget el pr\u00f3ximo febrero y se prepara para grandes cambios\"}]},{\"@type\":\"WebSite\",\"@id\":\"https:\/\/luxiders.com\/es\/#website\",\"url\":\"https:\/\/luxiders.com\/es\/\",\"name\":\"Sustainable Fashion - Eco Design - Healthy Lifestyle - Luxiders Magazine\",\"description\":\"Luxiders is a sustainable luxury magazine highlighting the best stories about sustainable fashion, ethical fashion, eco-friendly design, green design, sustainable travel, natural beauty, organic beauty and healthy lifestyle. Know the best high-end, progressive and luxury sustainable brands and designers worldwide.\",\"publisher\":{\"@id\":\"https:\/\/luxiders.com\/es\/#organization\"},\"potentialAction\":[{\"@type\":\"SearchAction\",\"target\":{\"@type\":\"EntryPoint\",\"urlTemplate\":\"https:\/\/luxiders.com\/es\/?s={search_term_string}\"},\"query-input\":{\"@type\":\"PropertyValueSpecification\",\"valueRequired\":true,\"valueName\":\"search_term_string\"}}],\"inLanguage\":\"es-ES\"},{\"@type\":\"Organization\",\"@id\":\"https:\/\/luxiders.com\/es\/#organization\",\"name\":\"Sustainable Fashion - Eco Design - Healthy Lifestyle - Luxiders Magazine\",\"url\":\"https:\/\/luxiders.com\/es\/\",\"logo\":{\"@type\":\"ImageObject\",\"inLanguage\":\"es-ES\",\"@id\":\"https:\/\/luxiders.com\/es\/#\/schema\/logo\/image\/\",\"url\":\"https:\/\/luxiders.com\/content\/uploads\/lux-logo.svg\",\"contentUrl\":\"https:\/\/luxiders.com\/content\/uploads\/lux-logo.svg\",\"caption\":\"Sustainable Fashion - Eco Design - Healthy Lifestyle - Luxiders Magazine\"},\"image\":{\"@id\":\"https:\/\/luxiders.com\/es\/#\/schema\/logo\/image\/\"}},{\"@type\":\"Person\",\"@id\":\"https:\/\/luxiders.com\/es\/#\/schema\/person\/8632fa702ae2ce98f66c396254633de8\",\"name\":\"luxiders\",\"url\":\"https:\/\/luxiders.com\/es\/author\/luxiders\/\"}]}<\/script>","yoast_head_json":{"title":"Texworld Will Be Held At Le Bourget next February With Changes","description":"How is Texworld responding to market dynamics and buyer demands? Adapting to change. The organisers have announced its return","robots":{"index":"index","follow":"follow","max-snippet":"max-snippet:-1","max-image-preview":"max-image-preview:large","max-video-preview":"max-video-preview:-1"},"canonical":"https:\/\/luxiders.com\/es\/texworld-se-celebrara-en-le-bourget-el-proximo-febrero-y-se-prepara-para-grandes-cambios\/","og_locale":"es_ES","og_type":"article","og_title":"Texworld Will Be Held At Le Bourget next February With Changes","og_description":"How is Texworld responding to market dynamics and buyer demands? Adapting to change. The organisers have announced its return","og_url":"https:\/\/luxiders.com\/es\/texworld-se-celebrara-en-le-bourget-el-proximo-febrero-y-se-prepara-para-grandes-cambios\/","og_site_name":"Sustainable Fashion - Eco Design - Healthy Lifestyle - Luxiders Magazine","article_published_time":"2024-07-10T16:59:26+00:00","article_modified_time":"2024-07-12T08:31:42+00:00","og_image":[{"width":1900,"height":1267,"url":"https:\/\/luxiders.com\/content\/uploads\/MesseFrankfurt0724Day1Selection-001-1.jpeg","type":"image\/jpeg"}],"author":"luxiders","twitter_card":"summary_large_image","twitter_misc":{"Written by":"luxiders","Est. reading time":"8 minutes"},"schema":{"@context":"https:\/\/schema.org","@graph":[{"@type":"Article","@id":"https:\/\/luxiders.com\/es\/texworld-se-celebrara-en-le-bourget-el-proximo-febrero-y-se-prepara-para-grandes-cambios\/#article","isPartOf":{"@id":"https:\/\/luxiders.com\/es\/texworld-se-celebrara-en-le-bourget-el-proximo-febrero-y-se-prepara-para-grandes-cambios\/"},"author":{"name":"luxiders","@id":"https:\/\/luxiders.com\/es\/#\/schema\/person\/8632fa702ae2ce98f66c396254633de8"},"headline":"Texworld se celebrar\u00e1 en Le Bourget el pr\u00f3ximo febrero y se prepara para grandes cambios","datePublished":"2024-07-10T16:59:26+00:00","dateModified":"2024-07-12T08:31:42+00:00","mainEntityOfPage":{"@id":"https:\/\/luxiders.com\/es\/texworld-se-celebrara-en-le-bourget-el-proximo-febrero-y-se-prepara-para-grandes-cambios\/"},"wordCount":16,"publisher":{"@id":"https:\/\/luxiders.com\/es\/#organization"},"image":{"@id":"https:\/\/luxiders.com\/es\/texworld-se-celebrara-en-le-bourget-el-proximo-febrero-y-se-prepara-para-grandes-cambios\/#primaryimage"},"thumbnailUrl":"https:\/\/luxiders.com\/content\/uploads\/MesseFrankfurt0724Day1Selection-001-1.jpeg","keywords":["Apparel Sourcing","avantex","climate change","exhibition 2024","fashion","Leatherworld","Luxury wear","pas","ris","summer exhibition","sustainability","Sustainable Solutions","Texworld Evolution 2024"],"articleSection":["Moda"],"inLanguage":"es-ES"},{"@type":"WebPage","@id":"https:\/\/luxiders.com\/es\/texworld-se-celebrara-en-le-bourget-el-proximo-febrero-y-se-prepara-para-grandes-cambios\/","url":"https:\/\/luxiders.com\/es\/texworld-se-celebrara-en-le-bourget-el-proximo-febrero-y-se-prepara-para-grandes-cambios\/","name":"Texworld Will Be Held At Le Bourget next February With Changes","isPartOf":{"@id":"https:\/\/luxiders.com\/es\/#website"},"primaryImageOfPage":{"@id":"https:\/\/luxiders.com\/es\/texworld-se-celebrara-en-le-bourget-el-proximo-febrero-y-se-prepara-para-grandes-cambios\/#primaryimage"},"image":{"@id":"https:\/\/luxiders.com\/es\/texworld-se-celebrara-en-le-bourget-el-proximo-febrero-y-se-prepara-para-grandes-cambios\/#primaryimage"},"thumbnailUrl":"https:\/\/luxiders.com\/content\/uploads\/MesseFrankfurt0724Day1Selection-001-1.jpeg","datePublished":"2024-07-10T16:59:26+00:00","dateModified":"2024-07-12T08:31:42+00:00","description":"How is Texworld responding to market dynamics and buyer demands? Adapting to change. The organisers have announced its return","breadcrumb":{"@id":"https:\/\/luxiders.com\/es\/texworld-se-celebrara-en-le-bourget-el-proximo-febrero-y-se-prepara-para-grandes-cambios\/#breadcrumb"},"inLanguage":"es-ES","potentialAction":[{"@type":"ReadAction","target":["https:\/\/luxiders.com\/es\/texworld-se-celebrara-en-le-bourget-el-proximo-febrero-y-se-prepara-para-grandes-cambios\/"]}]},{"@type":"ImageObject","inLanguage":"es-ES","@id":"https:\/\/luxiders.com\/es\/texworld-se-celebrara-en-le-bourget-el-proximo-febrero-y-se-prepara-para-grandes-cambios\/#primaryimage","url":"https:\/\/luxiders.com\/content\/uploads\/MesseFrankfurt0724Day1Selection-001-1.jpeg","contentUrl":"https:\/\/luxiders.com\/content\/uploads\/MesseFrankfurt0724Day1Selection-001-1.jpeg","width":1900,"height":1267,"caption":"\u00a9 Texworld ApparelSourcing Paris 2024"},{"@type":"BreadcrumbList","@id":"https:\/\/luxiders.com\/es\/texworld-se-celebrara-en-le-bourget-el-proximo-febrero-y-se-prepara-para-grandes-cambios\/#breadcrumb","itemListElement":[{"@type":"ListItem","position":1,"name":"Startseite","item":"https:\/\/luxiders.com\/es\/"},{"@type":"ListItem","position":2,"name":"Moda","item":"https:\/\/luxiders.com\/es\/category\/moda-sostenible-lujo\/"},{"@type":"ListItem","position":3,"name":"Texworld se celebrar\u00e1 en Le Bourget el pr\u00f3ximo febrero y se prepara para grandes cambios"}]},{"@type":"WebSite","@id":"https:\/\/luxiders.com\/es\/#website","url":"https:\/\/luxiders.com\/es\/","name":"Sustainable Fashion - Eco Design - Healthy Lifestyle - Luxiders Magazine","description":"Luxiders is a sustainable luxury magazine highlighting the best stories about sustainable fashion, ethical fashion, eco-friendly design, green design, sustainable travel, natural beauty, organic beauty and healthy lifestyle. Know the best high-end, progressive and luxury sustainable brands and designers worldwide.","publisher":{"@id":"https:\/\/luxiders.com\/es\/#organization"},"potentialAction":[{"@type":"SearchAction","target":{"@type":"EntryPoint","urlTemplate":"https:\/\/luxiders.com\/es\/?s={search_term_string}"},"query-input":{"@type":"PropertyValueSpecification","valueRequired":true,"valueName":"search_term_string"}}],"inLanguage":"es-ES"},{"@type":"Organization","@id":"https:\/\/luxiders.com\/es\/#organization","name":"Sustainable Fashion - Eco Design - Healthy Lifestyle - Luxiders Magazine","url":"https:\/\/luxiders.com\/es\/","logo":{"@type":"ImageObject","inLanguage":"es-ES","@id":"https:\/\/luxiders.com\/es\/#\/schema\/logo\/image\/","url":"https:\/\/luxiders.com\/content\/uploads\/lux-logo.svg","contentUrl":"https:\/\/luxiders.com\/content\/uploads\/lux-logo.svg","caption":"Sustainable Fashion - Eco Design - Healthy Lifestyle - Luxiders Magazine"},"image":{"@id":"https:\/\/luxiders.com\/es\/#\/schema\/logo\/image\/"}},{"@type":"Person","@id":"https:\/\/luxiders.com\/es\/#\/schema\/person\/8632fa702ae2ce98f66c396254633de8","name":"luxiders","url":"https:\/\/luxiders.com\/es\/author\/luxiders\/"}]}},"_links":{"self":[{"href":"https:\/\/luxiders.com\/es\/wp-json\/wp\/v2\/posts\/46564","targetHints":{"allow":["GET"]}}],"collection":[{"href":"https:\/\/luxiders.com\/es\/wp-json\/wp\/v2\/posts"}],"about":[{"href":"https:\/\/luxiders.com\/es\/wp-json\/wp\/v2\/types\/post"}],"author":[{"embeddable":true,"href":"https:\/\/luxiders.com\/es\/wp-json\/wp\/v2\/users\/2"}],"replies":[{"embeddable":true,"href":"https:\/\/luxiders.com\/es\/wp-json\/wp\/v2\/comments?post=46564"}],"version-history":[{"count":3,"href":"https:\/\/luxiders.com\/es\/wp-json\/wp\/v2\/posts\/46564\/revisions"}],"predecessor-version":[{"id":46821,"href":"https:\/\/luxiders.com\/es\/wp-json\/wp\/v2\/posts\/46564\/revisions\/46821"}],"wp:featuredmedia":[{"embeddable":true,"href":"https:\/\/luxiders.com\/es\/wp-json\/wp\/v2\/media\/46720"}],"wp:attachment":[{"href":"https:\/\/luxiders.com\/es\/wp-json\/wp\/v2\/media?parent=46564"}],"wp:term":[{"taxonomy":"category","embeddable":true,"href":"https:\/\/luxiders.com\/es\/wp-json\/wp\/v2\/categories?post=46564"},{"taxonomy":"post_tag","embeddable":true,"href":"https:\/\/luxiders.com\/es\/wp-json\/wp\/v2\/tags?post=46564"}],"curies":[{"name":"wp","href":"https:\/\/api.w.org\/{rel}","templated":true}]}}