{"id":47705,"date":"2024-07-29T00:43:39","date_gmt":"2024-07-28T22:43:39","guid":{"rendered":"https:\/\/luxiders.com\/?p=47705"},"modified":"2024-11-25T12:14:34","modified_gmt":"2024-11-25T11:14:34","slug":"imagine-diseno-regenerativo-de-arrecifes-de-coral-entrevista-con-harald-grundl","status":"publish","type":"post","link":"https:\/\/luxiders.com\/es\/imagine-diseno-regenerativo-de-arrecifes-de-coral-entrevista-con-harald-grundl\/","title":{"rendered":"Imagine: Dise\u00f1o regenerativo de arrecifes de coral | Entrevista con Harald Gr\u00fcndl"},"content":{"rendered":"    <section id=\"textblock-block_0caffa17c22be96388bed671b4a0c888\" class=\"section position-relative gp-block gp-textblock pt-0 pb-0\">\n        <div class=\"container\">\n            <div class=\"row g-0\">\n                <div class=\"col-lg-12 content\" data-aos=\"fade-in\" data-aos-duration=\"1000\">\n                                                                                    <div class=\"intro \">\n                            <p style=\"text-align: center;\">Sum\u00e9rgete en el mundo visionario de Harald Gr\u00fcndl, un reconocido te\u00f3rico del dise\u00f1o y curador de exposiciones, mientras habla sobre su trabajo para \u2018Imagine: Coral Reef Regenerative Design\u2019. Descubre c\u00f3mo esta innovadora y envolvente exposici\u00f3n utiliza el arte y el dise\u00f1o para inspirar soluciones para salvar los arrecifes de coral. Pr\u00f3xima parada: Belgrado.<\/p>\n                        <\/div>\n                                                                                                <\/div>\n            <\/div>\n        <\/div>\n    <\/section>\n    \n\n    <section id=\"newsletter-block_3ee33280283ed1f1e5001d7f4ea75ef6\" class=\"section position-relative gp-block gp-newsletter pt-0 pb-0 my-5\">\n        <div class=\"container\">\n            <div class=\"row g-0 pt-4 pb-3\">\n                <div class=\"col-lg-12 content text-center border pt-3\" data-aos=\"fade-in\" data-aos-duration=\"1000\">\n                                            <p><em>Para recibir el Newsletter de Luxiders Magazine,\u00a0<a href=\"https:\/\/landing.mailerlite.com\/webforms\/landing\/w2a1t0\" target=\"_blank\" rel=\"noopener\">suscr\u00edbete aqu\u00ed<\/a><\/em><\/p>\n                                    <\/div>\n            <\/div>\n        <\/div>\n    <\/section>\n    \n\n    <section id=\"media-block_635641fdb99e90c5600d73799f1b79c0\" class=\"section position-relative gp-block gp-media pt-0 pb-0\">\n        <div class=\"container\">\n            <div class=\"row g-0\">\n                <div class=\"col-lg-12 content\" data-aos=\"fade-in\" data-aos-duration=\"1000\">\n                                                                            <\/div>\n            <\/div>\n            <div class=\"row g-0\">\n                <div class=\"col-lg-6 \">\n                                                                                                                                                                                        <div class=\"text pt-lg-0 mb-lg-0 ps-lg-0 pe-lg-3\" data-aos=\"fade-in\" data-aos-duration=\"1000\">\n                                            <p>En esta entrevista, nos adentramos en el mundo visionario de Harald Gr\u00fcndl, reconocido te\u00f3rico del dise\u00f1o y curador de exposiciones. Gr\u00fcndl nos gu\u00eda a trav\u00e9s del viaje conceptual y pr\u00e1ctico de la exposici\u00f3n \u2018Imagine: Coral Reef Regenerative Design\u2019. Tambi\u00e9n hablamos sobre la naturaleza itinerante de la exposici\u00f3n, que contin\u00faa su recorrido por el mundo.<\/p>\n<p>La exposici\u00f3n estar\u00e1 en el Museo de Artes Aplicadas de Belgrado del 7 de febrero al 9 de marzo de 2025, en colaboraci\u00f3n con la Universidad de las Artes de Belgrado y la New Design University. Harald Gr\u00fcndl comparte sus profundos conocimientos sobre la inspiraci\u00f3n detr\u00e1s del proyecto, los desaf\u00edos enfrentados y los principios del dise\u00f1o regenerativo que gu\u00edan esta iniciativa innovadora.<\/p>\n                                        <\/div>\n                                                                                                                                <\/div>\n                                    <div class=\"col-lg-6\">\n                                                                                                                                                        <figure class=\"mb-4 pt-lg-0 mb-lg-0 ps-lg-3 pe-lg-0\" data-aos=\"fade-up\" data-aos-duration=\"1000\"><div class=\"img-container\"><img loading=\"lazy\" decoding=\"async\" width=\"1200\" height=\"1800\" src=\"https:\/\/luxiders.com\/content\/uploads\/Harald-Gruendl-c-Udo-Titz.jpg\" class=\"img-fluid w-100\" alt=\"Harold Gruendl\" srcset=\"https:\/\/luxiders.com\/content\/uploads\/Harald-Gruendl-c-Udo-Titz.jpg 1200w, https:\/\/luxiders.com\/content\/uploads\/Harald-Gruendl-c-Udo-Titz-200x300.jpg 200w, https:\/\/luxiders.com\/content\/uploads\/Harald-Gruendl-c-Udo-Titz-683x1024.jpg 683w, https:\/\/luxiders.com\/content\/uploads\/Harald-Gruendl-c-Udo-Titz-768x1152.jpg 768w, https:\/\/luxiders.com\/content\/uploads\/Harald-Gruendl-c-Udo-Titz-1024x1536.jpg 1024w\" sizes=\"(max-width: 1200px) 100vw, 1200px\" \/><\/div><figcaption>Harold Gruendl \u00a9Udo Titz<\/figcaption><\/figure>                                                                                                        <\/div>\n                                            <\/div>\n        <\/div>\n    <\/section>\n    \n\n    <section id=\"textblock-block_b4f27a03c9060a19bd4e84b66d06da93\" class=\"section position-relative gp-block gp-textblock pt-5 pb-5\">\n        <div class=\"container\">\n            <div class=\"row g-0\">\n                <div class=\"col-lg-12 content\" data-aos=\"fade-in\" data-aos-duration=\"1000\">\n                                                                        <h2 class=\"\">IMAGINE: DISE\u00d1O REGENERATIVO DE ARRECIFES DE CORAL\n<\/h2>\n                                                                                                        <p>Del 3 de mayo al 23 de junio de 2024, la exposici\u00f3n \u2018Imagine: Coral Reef Regenerative Design\u2019 tuvo lugar en el Kunstgewerbemuseum de Berl\u00edn. Esta exposici\u00f3n de dise\u00f1o experimental retrat\u00f3 los arrecifes de coral en un mundo que enfrenta m\u00faltiples crisis. El complejo ecosistema de un arrecife de coral est\u00e1 muriendo debido al cambio clim\u00e1tico provocado por el hombre. \u2018Imagine: Coral Reef Regenerative Design\u2019 demuestra esto al tejer papeles blancos y exponerlos bajo luz ultravioleta para simular el blanqueamiento de los arrecifes. Posteriormente, la exposici\u00f3n aplica procesos de dise\u00f1o para mostrar a los espectadores posibles caminos para salvar los arrecifes.<\/p>\n<p>La exposici\u00f3n cre\u00f3 un espacio inmersivo donde macro-corales, basados en las instrucciones de dise\u00f1o abierto del proyecto \u201cCrochet Coral Reef\u201d de Christine y Margaret Wertheim (Institute for Figuring), destacaron el problema que supone el blanqueamiento de corales. El arrecife de coral se pobl\u00f3 con objetos que representaban temas centrales de los principios del dise\u00f1o regenerativo, inspirados en el texto <em>Enlivenment<\/em> de Andreas Weber. Estas exposiciones sirvieron como iniciadores de conversaciones, alentando a los visitantes a reflexionar sobre los posibles roles que el dise\u00f1o puede desempe\u00f1ar en la creaci\u00f3n de futuros regenerativos.<\/p>\n                                                        <\/div>\n            <\/div>\n        <\/div>\n    <\/section>\n    \n\n    <section id=\"media-block_c33e3c0df04be54881dbc1d615676e5e\" class=\"section position-relative gp-block gp-media pt-5 pb-5\">\n        <div class=\"container\">\n            <div class=\"row g-0\">\n                <div class=\"col-lg-12 content\" data-aos=\"fade-in\" data-aos-duration=\"1000\">\n                                                                            <\/div>\n            <\/div>\n            <div class=\"row g-0\">\n                <div class=\"col-lg-12 img-scaled\">\n                                                                                                                                                <figure class=\"mb-4 pt-lg-3 mb-lg-3 ps-lg-0 pe-lg-0\" data-aos=\"fade-up\" data-aos-duration=\"1000\"><div class=\"img-container\"><img loading=\"lazy\" decoding=\"async\" width=\"1200\" height=\"904\" src=\"https:\/\/luxiders.com\/content\/uploads\/Coral-Reef-62.jpeg\" class=\"img-fluid w-100\" alt=\"Coral Reef Poster\" srcset=\"https:\/\/luxiders.com\/content\/uploads\/Coral-Reef-62.jpeg 1200w, https:\/\/luxiders.com\/content\/uploads\/Coral-Reef-62-300x226.jpeg 300w, https:\/\/luxiders.com\/content\/uploads\/Coral-Reef-62-1024x771.jpeg 1024w, https:\/\/luxiders.com\/content\/uploads\/Coral-Reef-62-768x579.jpeg 768w\" sizes=\"(max-width: 1200px) 100vw, 1200px\" \/><\/div><figcaption>\u00a9Vanja \u010cerimagi\u0107<\/figcaption><\/figure>                                                                                            <\/div>\n                                            <\/div>\n        <\/div>\n    <\/section>\n    \n\n    <section id=\"textblock-block_f291984d5ac9f00b3479e0fd54ede664\" class=\"section position-relative gp-block gp-textblock pt-5 pb-5\">\n        <div class=\"container\">\n            <div class=\"row g-0\">\n                <div class=\"col-lg-12 content\" data-aos=\"fade-in\" data-aos-duration=\"1000\">\n                                                                                <p><b>\u00bfQu\u00e9 fue lo que te inspir\u00f3 acerca de los arrecifes de coral? <\/b><\/p>\n<p>Este podr\u00eda ser el primer sistema biol\u00f3gico que va a desaparecer por completo. El coral es una imagen muy intuitiva, colorida y vivaz. Cuando digo arrecife de coral, todos tienen esta imagen de peces nadando y todos esos colores. Lo segundo que podr\u00edas pensar es en el blanqueamiento de corales, que es algo que los ecosistemas enfrentan cada vez m\u00e1s. Encontramos que esta doble imagen era una configuraci\u00f3n interesante para pensar en un tema que todav\u00eda es bastante abstracto cuando hablamos de dise\u00f1o regenerativo.<\/p>\n<p>No soy bi\u00f3logo, pero lo que me fascina como dise\u00f1ador y en la serie de dise\u00f1o es: \u00bfc\u00f3mo puede un ecosistema tan vivo y rico formarse en \u00e1reas donde no hay absolutamente nada? Entonces, solo es la infraestructura de los corales, la que produce este incre\u00edble ecosistema. Creo que esto sirve como una met\u00e1fora cuando piensas en c\u00f3mo podr\u00edamos permitir este tipo de ecosistema floreciente en nuestro contexto cultural.<\/p>\n<p>\u00a0<\/p>\n<p><b>\u00bfHubo alg\u00fan momento en particular en el que te diste cuenta de que esto era lo que quer\u00edas hacer? <\/b><\/p>\n<p>En la investigaci\u00f3n preliminar de la exposici\u00f3n, nos encontramos con una herramienta de inteligencia del Foro Econ\u00f3mico Mundial. Es una especie de herramienta de red donde al presionar cualquier cosa se crean todas estas otras relaciones. Investigamos el dise\u00f1o circular y hacia d\u00f3nde va, y uno de esos caminos va hacia el oc\u00e9ano. Esto fue lo que nos llev\u00f3 a esta idea tan loca de pensar en el mar.<\/p>\n<p>\u00a0<\/p>\n<p><b>\u00bfC\u00f3mo esperas que reaccione la gente ante la exposici\u00f3n? \u00bfTu objetivo es inspirar la realizaci\u00f3n de nuevas formas regenerativas de actuar?<\/b><\/p>\n<p>La exposici\u00f3n tiene diferentes aspectos. Un aspecto es lo que llamamos la sala del arrecife de coral, porque generalmente en las otras exposiciones todo estaba en una sola sala. As\u00ed que, al adaptarnos a estas condiciones en el Kunstgewerbemuseum, tuvimos que separar las cosas, lo que nos llev\u00f3 a tener esta instalaci\u00f3n m\u00e1s inmersiva en una sala con una proyecci\u00f3n bastante impactante de estos tipos de biodiversidad frente a materiales producidos por el hombre apil\u00e1ndose. La otra sala es lo que llamamos el laboratorio de dise\u00f1o regenerativo. Este formato no es solo una exposici\u00f3n, sino que tambi\u00e9n cubre los talleres que hacemos con universidades cuando la exposici\u00f3n se traslada de un lugar a otro.<\/p>\n<p>Ves siete objetos que representan los siete principios y, por supuesto, esto es una investigaci\u00f3n en curso, por lo que es muy dif\u00edcil encontrar ejemplos realmente audaces, pero lo intentamos con mucho esfuerzo.<\/p>\n<p>Creo que no siempre se trata de decir &#8220;mira, as\u00ed es como vamos a hacerlo&#8221;, pero por ejemplo, el zapato de pasto es algo que representa los bienes comunes. Entonces, las mujeres mayores van al bosque, encuentran el lugar secreto y all\u00ed cosechan la hierba, luego la llevan de vuelta y la secan. Por supuesto, no es un tipo de plan o receta para que Adidas o Nike produzcan sus zapatos. Pero creo que deber\u00eda ser una inspiraci\u00f3n para mirar todo el proceso de qu\u00e9 tipo de materiales se utilizan y a qui\u00e9n pertenecen.<\/p>\n<p>Creo que el dise\u00f1o debe ser una toma de decisiones m\u00e1s informada. Necesita dise\u00f1ar toda la cadena de valor tambi\u00e9n. A veces los dise\u00f1adores solo quieren una soluci\u00f3n sencilla, as\u00ed que eligen biopl\u00e1stico, pero no creo que sea tan f\u00e1cil.<\/p>\n                                                        <\/div>\n            <\/div>\n        <\/div>\n    <\/section>\n    \n\n    <section id=\"media-block_a4d34ec21c57f25920f9bc3ab147fc1f\" class=\"section position-relative gp-block gp-media pt-5 pb-5\">\n        <div class=\"container\">\n            <div class=\"row g-0\">\n                <div class=\"col-lg-12 content\" data-aos=\"fade-in\" data-aos-duration=\"1000\">\n                                                                            <\/div>\n            <\/div>\n            <div class=\"row g-0\">\n                <div class=\"col-lg-6 \">\n                                                                                                                                                <figure class=\"mb-4 pt-lg-3 mb-lg-4 ps-lg-0 pe-lg-4\" data-aos=\"fade-up\" data-aos-duration=\"1000\"><div class=\"img-container\"><img loading=\"lazy\" decoding=\"async\" width=\"1200\" height=\"1800\" src=\"https:\/\/luxiders.com\/content\/uploads\/DSC02423.jpeg\" class=\"img-fluid w-100\" alt=\"Coral Reef Crochet\" srcset=\"https:\/\/luxiders.com\/content\/uploads\/DSC02423.jpeg 1200w, https:\/\/luxiders.com\/content\/uploads\/DSC02423-200x300.jpeg 200w, https:\/\/luxiders.com\/content\/uploads\/DSC02423-683x1024.jpeg 683w, https:\/\/luxiders.com\/content\/uploads\/DSC02423-768x1152.jpeg 768w, https:\/\/luxiders.com\/content\/uploads\/DSC02423-1024x1536.jpeg 1024w\" sizes=\"(max-width: 1200px) 100vw, 1200px\" \/><\/div><figcaption>\u00a9EOOS<\/figcaption><\/figure>                                                                                                                                                            <figure class=\"mb-4 pt-lg-3 mb-lg-4 ps-lg-0 pe-lg-8\" data-aos=\"fade-up\" data-aos-duration=\"1000\"><div class=\"img-container\"><img loading=\"lazy\" decoding=\"async\" width=\"1200\" height=\"904\" src=\"https:\/\/luxiders.com\/content\/uploads\/Coral-Reef-49.jpg\" class=\"img-fluid w-100\" alt=\"Coral Reef Viewers\" srcset=\"https:\/\/luxiders.com\/content\/uploads\/Coral-Reef-49.jpg 1200w, https:\/\/luxiders.com\/content\/uploads\/Coral-Reef-49-300x226.jpg 300w, https:\/\/luxiders.com\/content\/uploads\/Coral-Reef-49-1024x771.jpg 1024w, https:\/\/luxiders.com\/content\/uploads\/Coral-Reef-49-768x579.jpg 768w\" sizes=\"(max-width: 1200px) 100vw, 1200px\" \/><\/div><figcaption>\u00a9Vanja \u010cerimagi\u0107<\/figcaption><\/figure>                                                                                            <\/div>\n                                    <div class=\"col-lg-6\">\n                                                                                                                                                        <figure class=\"mb-4 pt-lg-10 mb-lg-3 ps-lg-3 pe-lg-0\" data-aos=\"fade-up\" data-aos-duration=\"1000\"><div class=\"img-container\"><img loading=\"lazy\" decoding=\"async\" width=\"1200\" height=\"2133\" src=\"https:\/\/luxiders.com\/content\/uploads\/DSC02848.jpg\" class=\"img-fluid w-100\" alt=\"Coral Reef Crochet Statistics\" srcset=\"https:\/\/luxiders.com\/content\/uploads\/DSC02848.jpg 1200w, https:\/\/luxiders.com\/content\/uploads\/DSC02848-169x300.jpg 169w, https:\/\/luxiders.com\/content\/uploads\/DSC02848-576x1024.jpg 576w, https:\/\/luxiders.com\/content\/uploads\/DSC02848-768x1365.jpg 768w, https:\/\/luxiders.com\/content\/uploads\/DSC02848-864x1536.jpg 864w, https:\/\/luxiders.com\/content\/uploads\/DSC02848-1152x2048.jpg 1152w\" sizes=\"(max-width: 1200px) 100vw, 1200px\" \/><\/div><figcaption>\u00a9EOOS\n<\/figcaption><\/figure>                                                                                                        <\/div>\n                                            <\/div>\n        <\/div>\n    <\/section>\n    \n\n    <section id=\"textblock-block_3d0cda3ce983b83688e4e700253e04ec\" class=\"section position-relative gp-block gp-textblock pt-5 pb-5\">\n        <div class=\"container\">\n            <div class=\"row g-0\">\n                <div class=\"col-lg-12 content\" data-aos=\"fade-in\" data-aos-duration=\"1000\">\n                                                                                <p><b>Hubo mucha investigaci\u00f3n diferente e informaci\u00f3n t\u00e9cnica en la exposici\u00f3n. \u00bfC\u00f3mo fue la experiencia de colaboraci\u00f3n entre todos? <\/b><\/p>\n<p>Cuando comenzamos las exposiciones el a\u00f1o pasado, fue esta instalaci\u00f3n inmersiva. Dijimos que quer\u00edamos una exposici\u00f3n experimental de una manera que creo que hemos logrado, especialmente a trav\u00e9s de la arquitectura de la exposici\u00f3n. Lo otro que dijimos es que quer\u00edamos que fuera auto-aprendizaje. Este es uno de los principios naturales. Quer\u00edamos este tipo de apertura y de cosas no planeadas. As\u00ed que una de estas cosas fue la colaboraci\u00f3n con estudiantes. No tuvimos esto en Berl\u00edn, pero estoy muy agradecido por la colaboraci\u00f3n con otras bandas del Kunstgewerbemuseum. La curadora del museo construy\u00f3 una plataforma humana moderna que encaja muy bien. Encontr\u00f3 objetos realmente maravillosos de la Renacimiento. Esto desaf\u00eda las teor\u00edas del dise\u00f1o moderno, ya que antes cre\u00edamos que pod\u00edamos hacer la naturaleza a\u00fan m\u00e1s hermosa poni\u00e9ndole oro y contando historias mitol\u00f3gicas. Es una locura que un artesano pudiera quitar la c\u00e1scara exterior, dejando solo la superficie de la perla. Esto resalta la necesidad de una investigaci\u00f3n interdisciplinaria. Los museos a veces no se conectan ni cuestionan c\u00f3mo embellecer\u00edamos la naturaleza hoy en d\u00eda. Revisar las pr\u00e1cticas pasadas y entender c\u00f3mo reintegrarlas en nuestra sociedad actual es crucial. Tenemos que encontrar mejores soluciones muy r\u00e1pido.<\/p>\n<p>\u00a0<\/p>\n<p><b>\u00bfPodr\u00edas contarnos algo sobre tu decisi\u00f3n de hacerla una exposici\u00f3n itinerante? <\/b><\/p>\n<p>La exposici\u00f3n itinerante fue una posibilidad dada por nuestros clientes. Cuando Austria empieza a financiar exposiciones, a veces se presenta como una especie de cosa relacionada con estilo colonial para mostrar lo buenos que somos y nuestros productos, nuestro arte y nuestra arquitectura. Esta exposici\u00f3n est\u00e1 realmente trabajando conscientemente en contra de eso, yendo a alg\u00fan lugar y siendo m\u00e1s inteligentes que el lugar. Para Belgrado, estamos colaborando en una de las exhibiciones con una organizaci\u00f3n llamada <a href=\"https:\/\/www.instagram.com\/corizom\/\">Co\/Rizom<\/a>. Es una red que cubre artesan\u00edas individuales muy talentosas, principalmente en la regi\u00f3n de los Balcanes y en Tirana. En Belgrado, activaremos una de estas exhibiciones para crear un impacto all\u00ed.<\/p>\n<p>Las siguientes paradas son Delhi y Bangalore, que es una ciudad de alta tecnolog\u00eda. Es inspirador encontrar socios locales y encontrar el lugar adecuado para mostrarla.<\/p>\n<p>\u00a0<\/p>\n<p><b>\u00bfCu\u00e1l es tu visi\u00f3n para futuros proyectos? <\/b><\/p>\n<p>Tenemos los siete principios y estos fueron traducidos de un libro de un fil\u00f3sofo y bi\u00f3logo alem\u00e1n que describe la naturaleza. Intentamos preguntar \u201c\u00bfQu\u00e9 es el dise\u00f1o regenerativo?\u201d La respuesta m\u00e1s simple que encontramos es aplicar estos principios de la naturaleza y el dise\u00f1o. Esta es una respuesta muy corta que conlleva mucha complejidad.<\/p>\n<p>Con los talleres de estudiantes, a cada grupo de estudiantes solo se le asigna uno de los principios. Por supuesto, el siguiente nivel es integrar m\u00e1s principios.<\/p>\n<p>Estoy ense\u00f1ando teor\u00eda del dise\u00f1o en la Universidad de Artes Aplicadas y propuse un proyecto donde me encargo de los estudiantes que est\u00e1n dispuestos a desafiarse a s\u00ed mismos tomando m\u00e1s de un proyecto. Esto se convierte en un proyecto educativo. Es dif\u00edcil, es desafiante, pero tambi\u00e9n creo que es inspirador.<\/p>\n                                                        <\/div>\n            <\/div>\n        <\/div>\n    <\/section>\n    \n\n    <section id=\"media-block_e773f8afc390352cf9ba9624821f3383\" class=\"section position-relative gp-block gp-media pt-0 pb-0\">\n        <div class=\"container\">\n            <div class=\"row g-0\">\n                <div class=\"col-lg-12 content\" data-aos=\"fade-in\" data-aos-duration=\"1000\">\n                                                                            <\/div>\n            <\/div>\n            <div class=\"row g-0\">\n                <div class=\"col-lg-4 \">\n                                                                                                                                                <figure class=\"mb-4 pt-lg-3 mb-lg-2 ps-lg-3 pe-lg-5\" data-aos=\"fade-up\" data-aos-duration=\"1000\"><div class=\"img-container\"><img loading=\"lazy\" decoding=\"async\" width=\"1200\" height=\"1599\" src=\"https:\/\/luxiders.com\/content\/uploads\/Screenshot-2024-07-26-at-14.14.43.jpg\" class=\"img-fluid w-100\" alt=\"Coral Sculpture\" srcset=\"https:\/\/luxiders.com\/content\/uploads\/Screenshot-2024-07-26-at-14.14.43.jpg 1200w, https:\/\/luxiders.com\/content\/uploads\/Screenshot-2024-07-26-at-14.14.43-225x300.jpg 225w, https:\/\/luxiders.com\/content\/uploads\/Screenshot-2024-07-26-at-14.14.43-768x1023.jpg 768w, https:\/\/luxiders.com\/content\/uploads\/Screenshot-2024-07-26-at-14.14.43-1153x1536.jpg 1153w\" sizes=\"(max-width: 1200px) 100vw, 1200px\" \/><\/div><\/figure>                                                                                            <\/div>\n                                    <div class=\"col-lg-4\">\n                                                                                                                                                        <figure class=\"mb-4 pt-lg-5 mb-lg-5 ps-lg-2 pe-lg-2\" data-aos=\"fade-up\" data-aos-duration=\"1000\"><div class=\"img-container\"><img loading=\"lazy\" decoding=\"async\" width=\"1200\" height=\"1200\" src=\"https:\/\/luxiders.com\/content\/uploads\/IMG_1064.jpg\" class=\"img-fluid w-100\" alt=\"Pearl Chalace\" srcset=\"https:\/\/luxiders.com\/content\/uploads\/IMG_1064.jpg 1200w, https:\/\/luxiders.com\/content\/uploads\/IMG_1064-300x300.jpg 300w, https:\/\/luxiders.com\/content\/uploads\/IMG_1064-1024x1024.jpg 1024w, https:\/\/luxiders.com\/content\/uploads\/IMG_1064-150x150.jpg 150w, https:\/\/luxiders.com\/content\/uploads\/IMG_1064-768x768.jpg 768w\" sizes=\"(max-width: 1200px) 100vw, 1200px\" \/><\/div><\/figure>                                                                                                        <\/div>\n                                                    <div class=\"col-lg-4\">\n                                                                                                                                                        <figure class=\"mb-4 pt-lg-3 mb-lg-2 ps-lg-5 pe-lg-3\" data-aos=\"fade-up\" data-aos-duration=\"1000\"><div class=\"img-container\"><img loading=\"lazy\" decoding=\"async\" width=\"1200\" height=\"1598\" src=\"https:\/\/luxiders.com\/content\/uploads\/Screenshot-2024-07-26-at-14.16.22.jpg\" class=\"img-fluid w-100\" alt=\"Coarl Reef Objects\" srcset=\"https:\/\/luxiders.com\/content\/uploads\/Screenshot-2024-07-26-at-14.16.22.jpg 1200w, https:\/\/luxiders.com\/content\/uploads\/Screenshot-2024-07-26-at-14.16.22-225x300.jpg 225w, https:\/\/luxiders.com\/content\/uploads\/Screenshot-2024-07-26-at-14.16.22-769x1024.jpg 769w, https:\/\/luxiders.com\/content\/uploads\/Screenshot-2024-07-26-at-14.16.22-768x1023.jpg 768w, https:\/\/luxiders.com\/content\/uploads\/Screenshot-2024-07-26-at-14.16.22-1153x1536.jpg 1153w\" sizes=\"(max-width: 1200px) 100vw, 1200px\" \/><\/div><\/figure>                                                                                                        <\/div>\n                            <\/div>\n        <\/div>\n    <\/section>\n    \n\n    <section id=\"textblock-block_3b6f8a3083cf8d625332eedec88584f8\" class=\"section position-relative gp-block gp-textblock pt-5 pb-5\">\n        <div class=\"container\">\n            <div class=\"row g-0\">\n                <div class=\"col-lg-12 content\" data-aos=\"fade-in\" data-aos-duration=\"1000\">\n                                                                                <p><b>\u00bfHubo alguna raz\u00f3n por la que decidiste usar crochet?<\/b><\/p>\n<p>Cuando dise\u00f1amos la exposici\u00f3n, sab\u00edamos que quer\u00edamos seguir nuestro propio t\u00edtulo. El tejer las estructuras de coral nos intrig\u00f3 porque va m\u00e1s all\u00e1 del trabajo de dise\u00f1o t\u00edpico hecho en un ordenador. Solo hay dos formas en las que estos patrones de crochet crecen, creando formas hiperb\u00f3licas. Experimentamos con estas formas, tratando de entender qu\u00e9 tipo de nuevo ejercicio de adaptaci\u00f3n ser\u00eda. Nos pareci\u00f3 interesante c\u00f3mo variaban seg\u00fan la disposici\u00f3n de la sala. Elegimos material biodegradable que proviene de un ciclo natural. Se volvi\u00f3 m\u00e1s avanzado cuando quer\u00edamos recrear esta situaci\u00f3n de muerte de los corales, que ocurre cuando empieza el blanqueamiento. Comienzan a expulsar las algas y se vuelven blancos. En Chasing Coral hay una secuencia incre\u00edble donde el coral comienza a verse bajo la luz ultravioleta en estos tonos azul, blanco y violeta, y quer\u00edamos recrearlo. Encontramos diferentes calidades de este papel, que son diferentes tipos de blanco. Fue un proceso experimental, mucho juego y aprendizaje y, por supuesto, este tipo de producci\u00f3n de crochet llev\u00f3 semanas.<\/p>\n                                                        <\/div>\n            <\/div>\n        <\/div>\n    <\/section>\n    \n\n    <section id=\"media-block_2535e1107d4b25f991d138b843956a6a\" class=\"section position-relative gp-block gp-media pt-5 pb-5\">\n        <div class=\"container\">\n            <div class=\"row g-0\">\n                <div class=\"col-lg-12 content\" data-aos=\"fade-in\" data-aos-duration=\"1000\">\n                                                                            <\/div>\n            <\/div>\n            <div class=\"row g-0\">\n                <div class=\"col-lg-12 img-scaled\">\n                                                                                                                                                <figure class=\"mb-4 pt-lg-3 mb-lg-3 ps-lg-0 pe-lg-0\" data-aos=\"fade-up\" data-aos-duration=\"1000\"><div class=\"img-container\"><img loading=\"lazy\" decoding=\"async\" width=\"1200\" height=\"1800\" src=\"https:\/\/luxiders.com\/content\/uploads\/D3.jpeg\" class=\"img-fluid w-100\" alt=\"Crochet Hands\" srcset=\"https:\/\/luxiders.com\/content\/uploads\/D3.jpeg 1200w, https:\/\/luxiders.com\/content\/uploads\/D3-200x300.jpeg 200w, https:\/\/luxiders.com\/content\/uploads\/D3-683x1024.jpeg 683w, https:\/\/luxiders.com\/content\/uploads\/D3-768x1152.jpeg 768w, https:\/\/luxiders.com\/content\/uploads\/D3-1024x1536.jpeg 1024w\" sizes=\"(max-width: 1200px) 100vw, 1200px\" \/><\/div><figcaption>\u00a9EOOS<\/figcaption><\/figure>                                                                                            <\/div>\n                                            <\/div>\n        <\/div>\n    <\/section>\n    \n\n    <section id=\"textblock-block_d5833fdcd24ef05454cf7929f2997190\" class=\"section position-relative gp-block gp-textblock pt-5 pb-5\">\n        <div class=\"container\">\n            <div class=\"row g-0\">\n                <div class=\"col-lg-12 content\" data-aos=\"fade-in\" data-aos-duration=\"1000\">\n                                                                                <p><b>\u00bfHubo otros grandes desaf\u00edos con los que luchaste? <\/b><\/p>\n<p>Cuando tienes una exposici\u00f3n itinerante, lograr una expresi\u00f3n similar dependiendo del lugar es bastante dif\u00edcil, as\u00ed que optamos por la idea de tener solo salas negras, y esto funciona bastante bien. No es necesario pintar las paredes de negro. Aqu\u00ed es donde las exposiciones tambi\u00e9n desperdician muchos materiales y recursos. La luz UV pone todo en el mismo tono y se usa muy poca energ\u00eda, mucho menos que un foco normal.<\/p>\n<p>\u00a0<\/p>\n<p><b>La exposici\u00f3n fue acompa\u00f1ada de mucha informaci\u00f3n t\u00e9cnica. \u00bfC\u00f3mo equilibraste la informaci\u00f3n y las im\u00e1genes? <\/b><\/p>\n<p>Equilibrar esto es un desaf\u00edo. La clave est\u00e1 en la transici\u00f3n de pr\u00e1cticas degenerativas a regenerativas. Muchos ven la sostenibilidad como el objetivo, pero es solo un paso hacia lo que necesitamos lograr. Las personas a menudo piensan que &#8220;lo verde&#8221; es suficiente, pero la sostenibilidad, incluso con los objetivos de las Naciones Unidas, es solo una transici\u00f3n, no el objetivo final.<\/p>\n                                                        <\/div>\n            <\/div>\n        <\/div>\n    <\/section>\n    \n\n    <section id=\"media-block_d7aa9e33e1f40fceb9bdc8e15ebbc73d\" class=\"section position-relative gp-block gp-media pt-5 pb-5\">\n        <div class=\"container\">\n            <div class=\"row g-0\">\n                <div class=\"col-lg-12 content\" data-aos=\"fade-in\" data-aos-duration=\"1000\">\n                                                                            <\/div>\n            <\/div>\n            <div class=\"row g-0\">\n                <div class=\"col-lg-12 img-scaled\">\n                                                                                                                                                <figure class=\"mb-4 pt-lg-3 mb-lg-3 ps-lg-0 pe-lg-0\" data-aos=\"fade-up\" data-aos-duration=\"1000\"><div class=\"img-container\"><img loading=\"lazy\" decoding=\"async\" width=\"1200\" height=\"675\" src=\"https:\/\/luxiders.com\/content\/uploads\/DSC02919.jpeg\" class=\"img-fluid w-100\" alt=\"Coral Reef Vistors\" srcset=\"https:\/\/luxiders.com\/content\/uploads\/DSC02919.jpeg 1200w, https:\/\/luxiders.com\/content\/uploads\/DSC02919-300x169.jpeg 300w, https:\/\/luxiders.com\/content\/uploads\/DSC02919-1024x576.jpeg 1024w, https:\/\/luxiders.com\/content\/uploads\/DSC02919-768x432.jpeg 768w\" sizes=\"(max-width: 1200px) 100vw, 1200px\" \/><\/div><figcaption>\u00a9EOOS<\/figcaption><\/figure>                                                                                            <\/div>\n                                            <\/div>\n        <\/div>\n    <\/section>\n    \n\n    <section id=\"textblock-block_cbe2d6e3782ac2e99d34f28f0e884983\" class=\"section position-relative gp-block gp-textblock pt-5 pb-5\">\n        <div class=\"container\">\n            <div class=\"row g-0\">\n                <div class=\"col-lg-12 content\" data-aos=\"fade-in\" data-aos-duration=\"1000\">\n                                                                                <p><b>\u00bfCu\u00e1l fue tu aspecto favorito de la exposici\u00f3n? \u00bfDe qu\u00e9 te sientes m\u00e1s orgulloso? <\/b><\/p>\n<p>Estoy bastante orgulloso de que parece atraer a las personas hacia diversas preguntas serias sobre el futuro de una manera entretenida e inspiradora. Tuvimos mucho miedo de que solo hubiera siete exhibiciones. Pero luego recibimos comentarios de la gente que dec\u00edan que estaba bien que fueran solo siete, porque empezaron a pensar en lo que faltaba. Creo que eso funcion\u00f3 bastante bien y veremos c\u00f3mo lo hacemos en el futuro.<\/p>\n<p><b>\u00bfTienes una expectativa positiva sobre los arrecifes y la capacidad de la humanidad para regenerarlos?<\/b><\/p>\n<p>Creo que la disposici\u00f3n a salvar ecosistemas tan hermosos es alta. Creo que es una met\u00e1fora de lo que el dise\u00f1o puede hacer. Crea este futuro hermoso en el que podemos creer y nos gusta.<\/p>\n<p><b>\u00bfHas tenido alguna respuesta que te haya impresionado? <\/b><\/p>\n<p>Para m\u00ed, la experiencia m\u00e1s hermosa es este intercambio con actores locales. Hubo una historia en Sarajevo. La universidad de arte tiene un curso de dise\u00f1o y lo llamaron dise\u00f1o sostenible. Luego, despu\u00e9s de la exposici\u00f3n, el profesor me dijo que tal vez deber\u00edamos renombrarlo como dise\u00f1o regenerativo.<\/p>\n<p><b>\u00bfD\u00f3nde ves los arrecifes de coral en 10 a\u00f1os? <\/b><\/p>\n<p>Las preguntas clave son qu\u00e9 pr\u00e1cticas queremos eliminar y qu\u00e9 cambios buscamos. Si las personas salen de sus roles habituales, ver\u00e1n la necesidad de abandonar las pr\u00e1cticas da\u00f1inas. Estamos atrapados en conceptos de negocios obsoletos, no porque no sepamos mejor, sino porque nos falta confianza en las alternativas. Esta es una fase t\u00edpica de transici\u00f3n. Espero que esta iniciativa anime a algunos a probar estas alternativas.<\/p>\n                                                        <\/div>\n            <\/div>\n        <\/div>\n    <\/section>\n    \n\n    <section id=\"media-block_84f81e1b636360eb0d93110a80e76b42\" class=\"section position-relative gp-block gp-media pt-5 pb-5\">\n        <div class=\"container\">\n            <div class=\"row g-0\">\n                <div class=\"col-lg-12 content\" data-aos=\"fade-in\" data-aos-duration=\"1000\">\n                                                                            <\/div>\n            <\/div>\n            <div class=\"row g-0\">\n                <div class=\"col-lg-12 img-scaled\">\n                                                                                                                                                <figure class=\"mb-4 pt-lg-3 mb-lg-3 ps-lg-0 pe-lg-0\" data-aos=\"fade-up\" data-aos-duration=\"1000\"><div class=\"img-container\"><img loading=\"lazy\" decoding=\"async\" width=\"1200\" height=\"675\" src=\"https:\/\/luxiders.com\/content\/uploads\/DSC02471.jpeg\" class=\"img-fluid w-100\" alt=\"Coral Reef Info\" srcset=\"https:\/\/luxiders.com\/content\/uploads\/DSC02471.jpeg 1200w, https:\/\/luxiders.com\/content\/uploads\/DSC02471-300x169.jpeg 300w, https:\/\/luxiders.com\/content\/uploads\/DSC02471-1024x576.jpeg 1024w, https:\/\/luxiders.com\/content\/uploads\/DSC02471-768x432.jpeg 768w\" sizes=\"(max-width: 1200px) 100vw, 1200px\" \/><\/div><figcaption>\u00a9EOOS<\/figcaption><\/figure>                                                                                            <\/div>\n                                            <\/div>\n        <\/div>\n    <\/section>\n    \n\n    <section id=\"textblock-block_d16833ae2c48980a620fe278b81c2c33\" class=\"section position-relative gp-block gp-textblock pt-5 pb-5\">\n        <div class=\"container\">\n            <div class=\"row g-0\">\n                <div class=\"col-lg-12 content\" data-aos=\"fade-in\" data-aos-duration=\"1000\">\n                                                                                <p style=\"text-align: center;\">+ Highlight Image:<br \/>\n\u00a9EOOS<\/p>\n                                                        <\/div>\n            <\/div>\n        <\/div>\n    <\/section>\n    ","protected":false},"excerpt":{"rendered":"","protected":false},"author":12,"featured_media":47731,"comment_status":"closed","ping_status":"closed","sticky":false,"template":"","format":"standard","meta":{"_acf_changed":false,"footnotes":""},"categories":[378,2733],"tags":[9508],"class_list":{"0":"post-47705","1":"post","2":"type-post","3":"status-publish","4":"format-standard","5":"has-post-thumbnail","7":"category-arte-cultura","8":"category-lifestyle-es","9":"tag-arrecifes-de-coral"},"acf":[],"yoast_head":"<title>Dise\u00f1o regenerativo de arrecifes de coral | Con Harald Gr\u00fcndl<\/title>\n<meta name=\"description\" content=\"Descubre c\u00f3mo esta exposici\u00f3n inmersiva e innovadora utiliza el arte y el dise\u00f1o para inspirar soluciones para salvar los arrecifes de coral.\" \/>\n<meta name=\"robots\" content=\"index, follow, max-snippet:-1, max-image-preview:large, max-video-preview:-1\" \/>\n<link rel=\"canonical\" href=\"https:\/\/luxiders.com\/es\/imagine-diseno-regenerativo-de-arrecifes-de-coral-entrevista-con-harald-grundl\/\" \/>\n<meta property=\"og:locale\" content=\"es_ES\" \/>\n<meta property=\"og:type\" content=\"article\" \/>\n<meta property=\"og:title\" content=\"Dise\u00f1o regenerativo de arrecifes de coral | Con Harald Gr\u00fcndl\" \/>\n<meta property=\"og:description\" content=\"Descubre c\u00f3mo esta exposici\u00f3n inmersiva e innovadora utiliza el arte y el dise\u00f1o para inspirar soluciones para salvar los arrecifes de coral.\" \/>\n<meta property=\"og:url\" content=\"https:\/\/luxiders.com\/es\/imagine-diseno-regenerativo-de-arrecifes-de-coral-entrevista-con-harald-grundl\/\" \/>\n<meta property=\"og:site_name\" content=\"Sustainable Fashion - Eco Design - Healthy Lifestyle - Luxiders Magazine\" \/>\n<meta property=\"article:published_time\" content=\"2024-07-28T22:43:39+00:00\" \/>\n<meta property=\"article:modified_time\" content=\"2024-11-25T11:14:34+00:00\" \/>\n<meta property=\"og:image\" content=\"https:\/\/luxiders.com\/content\/uploads\/DSC02465.jpeg\" \/>\n\t<meta property=\"og:image:width\" content=\"1200\" \/>\n\t<meta property=\"og:image:height\" content=\"675\" \/>\n\t<meta property=\"og:image:type\" content=\"image\/jpeg\" \/>\n<meta name=\"author\" content=\"Saskia Fry\" \/>\n<meta name=\"twitter:card\" content=\"summary_large_image\" \/>\n<meta name=\"twitter:label1\" content=\"Written by\" \/>\n\t<meta name=\"twitter:data1\" content=\"Saskia Fry\" \/>\n\t<meta name=\"twitter:label2\" content=\"Est. reading time\" \/>\n\t<meta name=\"twitter:data2\" content=\"10 minutes\" \/>\n<script type=\"application\/ld+json\" class=\"yoast-schema-graph\">{\"@context\":\"https:\/\/schema.org\",\"@graph\":[{\"@type\":\"Article\",\"@id\":\"https:\/\/luxiders.com\/es\/imagine-diseno-regenerativo-de-arrecifes-de-coral-entrevista-con-harald-grundl\/#article\",\"isPartOf\":{\"@id\":\"https:\/\/luxiders.com\/es\/imagine-diseno-regenerativo-de-arrecifes-de-coral-entrevista-con-harald-grundl\/\"},\"author\":{\"name\":\"Saskia Fry\",\"@id\":\"https:\/\/luxiders.com\/es\/#\/schema\/person\/6622476763b6623b4df2dce058ca586b\"},\"headline\":\"Imagine: Dise\u00f1o regenerativo de arrecifes de coral | Entrevista con Harald Gr\u00fcndl\",\"datePublished\":\"2024-07-28T22:43:39+00:00\",\"dateModified\":\"2024-11-25T11:14:34+00:00\",\"mainEntityOfPage\":{\"@id\":\"https:\/\/luxiders.com\/es\/imagine-diseno-regenerativo-de-arrecifes-de-coral-entrevista-con-harald-grundl\/\"},\"wordCount\":13,\"publisher\":{\"@id\":\"https:\/\/luxiders.com\/es\/#organization\"},\"image\":{\"@id\":\"https:\/\/luxiders.com\/es\/imagine-diseno-regenerativo-de-arrecifes-de-coral-entrevista-con-harald-grundl\/#primaryimage\"},\"thumbnailUrl\":\"https:\/\/luxiders.com\/content\/uploads\/DSC02465.jpeg\",\"keywords\":[\"arrecifes de coral\"],\"articleSection\":[\"Arte\/Cultura\",\"lifestyle\"],\"inLanguage\":\"es-ES\"},{\"@type\":\"WebPage\",\"@id\":\"https:\/\/luxiders.com\/es\/imagine-diseno-regenerativo-de-arrecifes-de-coral-entrevista-con-harald-grundl\/\",\"url\":\"https:\/\/luxiders.com\/es\/imagine-diseno-regenerativo-de-arrecifes-de-coral-entrevista-con-harald-grundl\/\",\"name\":\"Dise\u00f1o regenerativo de arrecifes de coral | Con Harald Gr\u00fcndl\",\"isPartOf\":{\"@id\":\"https:\/\/luxiders.com\/es\/#website\"},\"primaryImageOfPage\":{\"@id\":\"https:\/\/luxiders.com\/es\/imagine-diseno-regenerativo-de-arrecifes-de-coral-entrevista-con-harald-grundl\/#primaryimage\"},\"image\":{\"@id\":\"https:\/\/luxiders.com\/es\/imagine-diseno-regenerativo-de-arrecifes-de-coral-entrevista-con-harald-grundl\/#primaryimage\"},\"thumbnailUrl\":\"https:\/\/luxiders.com\/content\/uploads\/DSC02465.jpeg\",\"datePublished\":\"2024-07-28T22:43:39+00:00\",\"dateModified\":\"2024-11-25T11:14:34+00:00\",\"description\":\"Descubre c\u00f3mo esta exposici\u00f3n inmersiva e innovadora utiliza el arte y el dise\u00f1o para inspirar soluciones para salvar los arrecifes de coral.\",\"breadcrumb\":{\"@id\":\"https:\/\/luxiders.com\/es\/imagine-diseno-regenerativo-de-arrecifes-de-coral-entrevista-con-harald-grundl\/#breadcrumb\"},\"inLanguage\":\"es-ES\",\"potentialAction\":[{\"@type\":\"ReadAction\",\"target\":[\"https:\/\/luxiders.com\/es\/imagine-diseno-regenerativo-de-arrecifes-de-coral-entrevista-con-harald-grundl\/\"]}]},{\"@type\":\"ImageObject\",\"inLanguage\":\"es-ES\",\"@id\":\"https:\/\/luxiders.com\/es\/imagine-diseno-regenerativo-de-arrecifes-de-coral-entrevista-con-harald-grundl\/#primaryimage\",\"url\":\"https:\/\/luxiders.com\/content\/uploads\/DSC02465.jpeg\",\"contentUrl\":\"https:\/\/luxiders.com\/content\/uploads\/DSC02465.jpeg\",\"width\":1200,\"height\":675,\"caption\":\"\u00a9\"},{\"@type\":\"BreadcrumbList\",\"@id\":\"https:\/\/luxiders.com\/es\/imagine-diseno-regenerativo-de-arrecifes-de-coral-entrevista-con-harald-grundl\/#breadcrumb\",\"itemListElement\":[{\"@type\":\"ListItem\",\"position\":1,\"name\":\"Startseite\",\"item\":\"https:\/\/luxiders.com\/es\/\"},{\"@type\":\"ListItem\",\"position\":2,\"name\":\"Arte\/Cultura\",\"item\":\"https:\/\/luxiders.com\/es\/category\/arte-cultura\/\"},{\"@type\":\"ListItem\",\"position\":3,\"name\":\"Imagine: Dise\u00f1o regenerativo de arrecifes de coral | Entrevista con Harald Gr\u00fcndl\"}]},{\"@type\":\"WebSite\",\"@id\":\"https:\/\/luxiders.com\/es\/#website\",\"url\":\"https:\/\/luxiders.com\/es\/\",\"name\":\"Sustainable Fashion - Eco Design - Healthy Lifestyle - Luxiders Magazine\",\"description\":\"Luxiders is a sustainable luxury magazine highlighting the best stories about sustainable fashion, ethical fashion, eco-friendly design, green design, sustainable travel, natural beauty, organic beauty and healthy lifestyle. Know the best high-end, progressive and luxury sustainable brands and designers worldwide.\",\"publisher\":{\"@id\":\"https:\/\/luxiders.com\/es\/#organization\"},\"potentialAction\":[{\"@type\":\"SearchAction\",\"target\":{\"@type\":\"EntryPoint\",\"urlTemplate\":\"https:\/\/luxiders.com\/es\/?s={search_term_string}\"},\"query-input\":{\"@type\":\"PropertyValueSpecification\",\"valueRequired\":true,\"valueName\":\"search_term_string\"}}],\"inLanguage\":\"es-ES\"},{\"@type\":\"Organization\",\"@id\":\"https:\/\/luxiders.com\/es\/#organization\",\"name\":\"Sustainable Fashion - Eco Design - Healthy Lifestyle - Luxiders Magazine\",\"url\":\"https:\/\/luxiders.com\/es\/\",\"logo\":{\"@type\":\"ImageObject\",\"inLanguage\":\"es-ES\",\"@id\":\"https:\/\/luxiders.com\/es\/#\/schema\/logo\/image\/\",\"url\":\"https:\/\/luxiders.com\/content\/uploads\/lux-logo.svg\",\"contentUrl\":\"https:\/\/luxiders.com\/content\/uploads\/lux-logo.svg\",\"caption\":\"Sustainable Fashion - Eco Design - Healthy Lifestyle - Luxiders Magazine\"},\"image\":{\"@id\":\"https:\/\/luxiders.com\/es\/#\/schema\/logo\/image\/\"}},{\"@type\":\"Person\",\"@id\":\"https:\/\/luxiders.com\/es\/#\/schema\/person\/6622476763b6623b4df2dce058ca586b\",\"name\":\"Saskia Fry\",\"url\":\"https:\/\/luxiders.com\/es\/author\/saskia\/\"}]}<\/script>","yoast_head_json":{"title":"Dise\u00f1o regenerativo de arrecifes de coral | Con Harald Gr\u00fcndl","description":"Descubre c\u00f3mo esta exposici\u00f3n inmersiva e innovadora utiliza el arte y el dise\u00f1o para inspirar soluciones para salvar los arrecifes de coral.","robots":{"index":"index","follow":"follow","max-snippet":"max-snippet:-1","max-image-preview":"max-image-preview:large","max-video-preview":"max-video-preview:-1"},"canonical":"https:\/\/luxiders.com\/es\/imagine-diseno-regenerativo-de-arrecifes-de-coral-entrevista-con-harald-grundl\/","og_locale":"es_ES","og_type":"article","og_title":"Dise\u00f1o regenerativo de arrecifes de coral | Con Harald Gr\u00fcndl","og_description":"Descubre c\u00f3mo esta exposici\u00f3n inmersiva e innovadora utiliza el arte y el dise\u00f1o para inspirar soluciones para salvar los arrecifes de coral.","og_url":"https:\/\/luxiders.com\/es\/imagine-diseno-regenerativo-de-arrecifes-de-coral-entrevista-con-harald-grundl\/","og_site_name":"Sustainable Fashion - Eco Design - Healthy Lifestyle - Luxiders Magazine","article_published_time":"2024-07-28T22:43:39+00:00","article_modified_time":"2024-11-25T11:14:34+00:00","og_image":[{"width":1200,"height":675,"url":"https:\/\/luxiders.com\/content\/uploads\/DSC02465.jpeg","type":"image\/jpeg"}],"author":"Saskia Fry","twitter_card":"summary_large_image","twitter_misc":{"Written by":"Saskia Fry","Est. reading time":"10 minutes"},"schema":{"@context":"https:\/\/schema.org","@graph":[{"@type":"Article","@id":"https:\/\/luxiders.com\/es\/imagine-diseno-regenerativo-de-arrecifes-de-coral-entrevista-con-harald-grundl\/#article","isPartOf":{"@id":"https:\/\/luxiders.com\/es\/imagine-diseno-regenerativo-de-arrecifes-de-coral-entrevista-con-harald-grundl\/"},"author":{"name":"Saskia Fry","@id":"https:\/\/luxiders.com\/es\/#\/schema\/person\/6622476763b6623b4df2dce058ca586b"},"headline":"Imagine: Dise\u00f1o regenerativo de arrecifes de coral | Entrevista con Harald Gr\u00fcndl","datePublished":"2024-07-28T22:43:39+00:00","dateModified":"2024-11-25T11:14:34+00:00","mainEntityOfPage":{"@id":"https:\/\/luxiders.com\/es\/imagine-diseno-regenerativo-de-arrecifes-de-coral-entrevista-con-harald-grundl\/"},"wordCount":13,"publisher":{"@id":"https:\/\/luxiders.com\/es\/#organization"},"image":{"@id":"https:\/\/luxiders.com\/es\/imagine-diseno-regenerativo-de-arrecifes-de-coral-entrevista-con-harald-grundl\/#primaryimage"},"thumbnailUrl":"https:\/\/luxiders.com\/content\/uploads\/DSC02465.jpeg","keywords":["arrecifes de coral"],"articleSection":["Arte\/Cultura","lifestyle"],"inLanguage":"es-ES"},{"@type":"WebPage","@id":"https:\/\/luxiders.com\/es\/imagine-diseno-regenerativo-de-arrecifes-de-coral-entrevista-con-harald-grundl\/","url":"https:\/\/luxiders.com\/es\/imagine-diseno-regenerativo-de-arrecifes-de-coral-entrevista-con-harald-grundl\/","name":"Dise\u00f1o regenerativo de arrecifes de coral | Con Harald Gr\u00fcndl","isPartOf":{"@id":"https:\/\/luxiders.com\/es\/#website"},"primaryImageOfPage":{"@id":"https:\/\/luxiders.com\/es\/imagine-diseno-regenerativo-de-arrecifes-de-coral-entrevista-con-harald-grundl\/#primaryimage"},"image":{"@id":"https:\/\/luxiders.com\/es\/imagine-diseno-regenerativo-de-arrecifes-de-coral-entrevista-con-harald-grundl\/#primaryimage"},"thumbnailUrl":"https:\/\/luxiders.com\/content\/uploads\/DSC02465.jpeg","datePublished":"2024-07-28T22:43:39+00:00","dateModified":"2024-11-25T11:14:34+00:00","description":"Descubre c\u00f3mo esta exposici\u00f3n inmersiva e innovadora utiliza el arte y el dise\u00f1o para inspirar soluciones para salvar los arrecifes de coral.","breadcrumb":{"@id":"https:\/\/luxiders.com\/es\/imagine-diseno-regenerativo-de-arrecifes-de-coral-entrevista-con-harald-grundl\/#breadcrumb"},"inLanguage":"es-ES","potentialAction":[{"@type":"ReadAction","target":["https:\/\/luxiders.com\/es\/imagine-diseno-regenerativo-de-arrecifes-de-coral-entrevista-con-harald-grundl\/"]}]},{"@type":"ImageObject","inLanguage":"es-ES","@id":"https:\/\/luxiders.com\/es\/imagine-diseno-regenerativo-de-arrecifes-de-coral-entrevista-con-harald-grundl\/#primaryimage","url":"https:\/\/luxiders.com\/content\/uploads\/DSC02465.jpeg","contentUrl":"https:\/\/luxiders.com\/content\/uploads\/DSC02465.jpeg","width":1200,"height":675,"caption":"\u00a9"},{"@type":"BreadcrumbList","@id":"https:\/\/luxiders.com\/es\/imagine-diseno-regenerativo-de-arrecifes-de-coral-entrevista-con-harald-grundl\/#breadcrumb","itemListElement":[{"@type":"ListItem","position":1,"name":"Startseite","item":"https:\/\/luxiders.com\/es\/"},{"@type":"ListItem","position":2,"name":"Arte\/Cultura","item":"https:\/\/luxiders.com\/es\/category\/arte-cultura\/"},{"@type":"ListItem","position":3,"name":"Imagine: Dise\u00f1o regenerativo de arrecifes de coral | Entrevista con Harald Gr\u00fcndl"}]},{"@type":"WebSite","@id":"https:\/\/luxiders.com\/es\/#website","url":"https:\/\/luxiders.com\/es\/","name":"Sustainable Fashion - Eco Design - Healthy Lifestyle - Luxiders Magazine","description":"Luxiders is a sustainable luxury magazine highlighting the best stories about sustainable fashion, ethical fashion, eco-friendly design, green design, sustainable travel, natural beauty, organic beauty and healthy lifestyle. Know the best high-end, progressive and luxury sustainable brands and designers worldwide.","publisher":{"@id":"https:\/\/luxiders.com\/es\/#organization"},"potentialAction":[{"@type":"SearchAction","target":{"@type":"EntryPoint","urlTemplate":"https:\/\/luxiders.com\/es\/?s={search_term_string}"},"query-input":{"@type":"PropertyValueSpecification","valueRequired":true,"valueName":"search_term_string"}}],"inLanguage":"es-ES"},{"@type":"Organization","@id":"https:\/\/luxiders.com\/es\/#organization","name":"Sustainable Fashion - Eco Design - Healthy Lifestyle - Luxiders Magazine","url":"https:\/\/luxiders.com\/es\/","logo":{"@type":"ImageObject","inLanguage":"es-ES","@id":"https:\/\/luxiders.com\/es\/#\/schema\/logo\/image\/","url":"https:\/\/luxiders.com\/content\/uploads\/lux-logo.svg","contentUrl":"https:\/\/luxiders.com\/content\/uploads\/lux-logo.svg","caption":"Sustainable Fashion - Eco Design - Healthy Lifestyle - Luxiders Magazine"},"image":{"@id":"https:\/\/luxiders.com\/es\/#\/schema\/logo\/image\/"}},{"@type":"Person","@id":"https:\/\/luxiders.com\/es\/#\/schema\/person\/6622476763b6623b4df2dce058ca586b","name":"Saskia Fry","url":"https:\/\/luxiders.com\/es\/author\/saskia\/"}]}},"_links":{"self":[{"href":"https:\/\/luxiders.com\/es\/wp-json\/wp\/v2\/posts\/47705","targetHints":{"allow":["GET"]}}],"collection":[{"href":"https:\/\/luxiders.com\/es\/wp-json\/wp\/v2\/posts"}],"about":[{"href":"https:\/\/luxiders.com\/es\/wp-json\/wp\/v2\/types\/post"}],"author":[{"embeddable":true,"href":"https:\/\/luxiders.com\/es\/wp-json\/wp\/v2\/users\/12"}],"replies":[{"embeddable":true,"href":"https:\/\/luxiders.com\/es\/wp-json\/wp\/v2\/comments?post=47705"}],"version-history":[{"count":3,"href":"https:\/\/luxiders.com\/es\/wp-json\/wp\/v2\/posts\/47705\/revisions"}],"predecessor-version":[{"id":50889,"href":"https:\/\/luxiders.com\/es\/wp-json\/wp\/v2\/posts\/47705\/revisions\/50889"}],"wp:featuredmedia":[{"embeddable":true,"href":"https:\/\/luxiders.com\/es\/wp-json\/wp\/v2\/media\/47731"}],"wp:attachment":[{"href":"https:\/\/luxiders.com\/es\/wp-json\/wp\/v2\/media?parent=47705"}],"wp:term":[{"taxonomy":"category","embeddable":true,"href":"https:\/\/luxiders.com\/es\/wp-json\/wp\/v2\/categories?post=47705"},{"taxonomy":"post_tag","embeddable":true,"href":"https:\/\/luxiders.com\/es\/wp-json\/wp\/v2\/tags?post=47705"}],"curies":[{"name":"wp","href":"https:\/\/api.w.org\/{rel}","templated":true}]}}