{"id":49242,"date":"2024-10-04T09:08:02","date_gmt":"2024-10-04T07:08:02","guid":{"rendered":"https:\/\/luxiders.com\/?p=49242"},"modified":"2024-10-04T09:33:36","modified_gmt":"2024-10-04T07:33:36","slug":"la-moda-es-feminista-la-revolucion-feminista-de-la-moda-etica","status":"publish","type":"post","link":"https:\/\/luxiders.com\/es\/la-moda-es-feminista-la-revolucion-feminista-de-la-moda-etica\/","title":{"rendered":"La moda es feminista | La revoluci\u00f3n feminista de la moda \u00e9tica"},"content":{"rendered":"    <section id=\"textblock-block_8212c88ce4be270fbe033e58428ef64d\" class=\"section position-relative gp-block gp-textblock pt-0 pb-0\">\n        <div class=\"container\">\n            <div class=\"row g-0\">\n                <div class=\"col-lg-12 content\" data-aos=\"fade-in\" data-aos-duration=\"1000\">\n                                                                                    <div class=\"intro \">\n                            <p>&nbsp;<\/p>\n<p style=\"text-align: center;\">El auge de la moda sostenible no es solo una tendencia, sino un movimiento significativo que intersecta con el feminismo, defendiendo los derechos de las mujeres, la igualdad y su empoderamiento en todo el mundo. La moda \u00e9tica, basada en la sostenibilidad, prioriza salarios justos, condiciones laborales seguras e igualdad de g\u00e9nero, especialmente para las mujeres en f\u00e1bricas de confecci\u00f3n ubicadas en pa\u00edses en desarrollo. A medida que este poderoso movimiento contin\u00faa ganando impulso, sus efectos positivos en las mujeres a nivel mundial se fortalecen y profundizan.<\/p>\n                        <\/div>\n                                                                                                <\/div>\n            <\/div>\n        <\/div>\n    <\/section>\n    \n\n    <section id=\"newsletter-block_d4523b38341acf60167f03154879a0ea\" class=\"section position-relative gp-block gp-newsletter pt-0 pb-0 my-5\">\n        <div class=\"container\">\n            <div class=\"row g-0 pt-4 pb-3\">\n                <div class=\"col-lg-12 content text-center border pt-3\" data-aos=\"fade-in\" data-aos-duration=\"1000\">\n                                            <p><em>Para recibir el Newsletter de Luxiders Magazine,\u00a0<a href=\"https:\/\/landing.mailerlite.com\/webforms\/landing\/w2a1t0\" target=\"_blank\" rel=\"noopener\">suscr\u00edbete aqu\u00ed<\/a><\/em><\/p>\n                                    <\/div>\n            <\/div>\n        <\/div>\n    <\/section>\n    \n\n    <section id=\"textblock-block_6a3de28f4ceb3981a6105956369f5c02\" class=\"section position-relative gp-block gp-textblock pt-0 pb-0\">\n        <div class=\"container\">\n            <div class=\"row g-0\">\n                <div class=\"col-lg-12 content\" data-aos=\"fade-in\" data-aos-duration=\"1000\">\n                                                                        <h2 class=\"\">LAS MUJERES EN EL CORAZ\u00d3N DE LA INDUSTRIA DE LA MODA\n<\/h2>\n                                                                                                        <p>La industria mundial de la moda es vasta, empleando a m\u00e1s de 75 millones de personas, de las cuales un abrumador 80% son mujeres, que trabajan predominantemente en pa\u00edses en desarrollo como Bangladesh, Vietnam e India. A pesar de su presencia dominante en la fuerza laboral, muchas de estas mujeres soportan con frecuencia condiciones laborales duras y reciben salarios apenas suficientes para mantenerse a s\u00ed mismas o a sus familias. La demanda implacable de producci\u00f3n r\u00e1pida y barata de la moda r\u00e1pida agrava la explotaci\u00f3n de estas mujeres, atrap\u00e1ndolas en entornos laborales inseguros con derechos y protecciones m\u00ednimas.<\/p>\n<p>Sin embargo, el crecimiento de la moda sostenible comienza a desafiar este <em>status quo<\/em> preocupante. Las marcas de moda \u00e9tica destacan la transparencia y la equidad, asegur\u00e1ndose de que los trabajadores, especialmente las mujeres, sean tratados con dignidad y respeto. Seg\u00fan la organizaci\u00f3n <span style=\"font-weight: 400;\"><a href=\"https:\/\/www.fashionrevolution.org\">Fashion Revolution<\/a><\/span>, solo el 2% de las trabajadoras de la moda ganan un salario digno, lo que subraya la necesidad urgente de una reforma significativa en la industria. Los principios de comercio justo son fundamentales para abordar estas desigualdades, garantizando que las mujeres en las f\u00e1bricas de confecci\u00f3n sean justamente compensadas por su labor, ayudando a romper el ciclo de pobreza que ha aquejado a la industria por tanto tiempo.<\/p>\n                                                        <\/div>\n            <\/div>\n        <\/div>\n    <\/section>\n    \n\n    <section id=\"media-block_9b95b3e3bf25045aed587cc8203cf18c\" class=\"section position-relative gp-block gp-media pt-0 pb-0\">\n        <div class=\"container\">\n            <div class=\"row g-0\">\n                <div class=\"col-lg-12 content\" data-aos=\"fade-in\" data-aos-duration=\"1000\">\n                                                                            <\/div>\n            <\/div>\n            <div class=\"row g-0\">\n                <div class=\"col-lg-12 img-scaled\">\n                                                                                                                                                <figure class=\"mb-4 pt-lg-3 mb-lg-3 ps-lg-3 pe-lg-3\" data-aos=\"fade-up\" data-aos-duration=\"1000\"><div class=\"img-container\"><img loading=\"lazy\" decoding=\"async\" width=\"1200\" height=\"800\" src=\"https:\/\/luxiders.com\/content\/uploads\/luxiders-magazine-fashion-as-feminism-roya-ann-miller-kTL-4Io9DDs-unsplash.jpeg\" class=\"img-fluid w-100\" alt=\"fashion as feminism\" srcset=\"https:\/\/luxiders.com\/content\/uploads\/luxiders-magazine-fashion-as-feminism-roya-ann-miller-kTL-4Io9DDs-unsplash.jpeg 1200w, https:\/\/luxiders.com\/content\/uploads\/luxiders-magazine-fashion-as-feminism-roya-ann-miller-kTL-4Io9DDs-unsplash-300x200.jpeg 300w, https:\/\/luxiders.com\/content\/uploads\/luxiders-magazine-fashion-as-feminism-roya-ann-miller-kTL-4Io9DDs-unsplash-1024x683.jpeg 1024w, https:\/\/luxiders.com\/content\/uploads\/luxiders-magazine-fashion-as-feminism-roya-ann-miller-kTL-4Io9DDs-unsplash-768x512.jpeg 768w\" sizes=\"(max-width: 1200px) 100vw, 1200px\" \/><\/div><figcaption>\u00a9 Roya Ann Miller<\/figcaption><\/figure>                                                                                            <\/div>\n                                            <\/div>\n        <\/div>\n    <\/section>\n    \n\n    <section id=\"textblock-block_320ece94368cf6616aca67dbbdc76625\" class=\"section position-relative gp-block gp-textblock pt-0 pb-0\">\n        <div class=\"container\">\n            <div class=\"row g-0\">\n                <div class=\"col-lg-12 content\" data-aos=\"fade-in\" data-aos-duration=\"1000\">\n                                                                        <h2 class=\"\">EXPLOTACI\u00d3N DE MUJERES EN LA INDUSTRIA DE LA CONFECCI\u00d3N\n<\/h2>\n                                                                                                        <p>Aunque las mujeres son la columna vertebral de la industria de la confecci\u00f3n, tambi\u00e9n son sus trabajadoras m\u00e1s vulnerables. En muchos casos, las mujeres ganan menos que los hombres por desempe\u00f1ar las mismas funciones. Por ejemplo, en Bangladesh, las mujeres ganan frecuentemente mucho menos que sus hom\u00f3logos masculinos y tienen menos probabilidades de ser ascendidas a puestos de supervisi\u00f3n. Los trabajadores masculinos tienden a ser preferidos para empleos mejor remunerados, mientras que las mujeres permanecen en roles de bajo salario e intensivos en mano de obra, reforzando una profunda y sist\u00e9mica divisi\u00f3n de g\u00e9nero que es dif\u00edcil de superar.<\/p>\n<p>Adem\u00e1s, las mujeres en f\u00e1bricas de confecci\u00f3n enfrentan con frecuencia acoso f\u00edsico y verbal. <a href=\"https:\/\/www.hrw.org\" target=\"_blank\" rel=\"noopener\">Un informe de 2020 de Human Rights Watch<\/a> revel\u00f3 que las trabajadoras en Camboya y Bangladesh experimentaban a menudo acoso sexual por parte de supervisores, sin apenas recursos disponibles para ellas. Este tipo de explotaci\u00f3n dirigida es desproporcionadamente raro entre los trabajadores masculinos, lo que resalta la marcada desigualdad de g\u00e9nero incrustada en la industria y sus operaciones.<\/p>\n                                            <div class=\"highlighted mt-5 mt-lg-6 px-lg-5\">\n                            <p style=\"text-align: center;\">\n<p>&nbsp;<\/p>\n                        <\/div>\n                                                        <\/div>\n            <\/div>\n        <\/div>\n    <\/section>\n    \n\n    <section id=\"media-block_2653403caf3627514aadf3a7fdb24704\" class=\"section position-relative gp-block gp-media pt-0 pb-0\">\n        <div class=\"container\">\n            <div class=\"row g-0\">\n                <div class=\"col-lg-12 content\" data-aos=\"fade-in\" data-aos-duration=\"1000\">\n                                                                            <\/div>\n            <\/div>\n            <div class=\"row g-0\">\n                <div class=\"col-lg-12 img-scaled\">\n                                                                                                                                                <figure class=\"mb-4 pt-lg-5 mb-lg-3 ps-lg-0 pe-lg-0\" data-aos=\"fade-up\" data-aos-duration=\"1000\"><div class=\"img-container\"><img loading=\"lazy\" decoding=\"async\" width=\"1000\" height=\"1500\" src=\"https:\/\/luxiders.com\/content\/uploads\/Luxiders-magazine-handholdingposter-AndrejLisakov-unsplash.jpeg\" class=\"img-fluid w-100\" alt=\"hand holding poster fashion as feminism\" srcset=\"https:\/\/luxiders.com\/content\/uploads\/Luxiders-magazine-handholdingposter-AndrejLisakov-unsplash.jpeg 1000w, https:\/\/luxiders.com\/content\/uploads\/Luxiders-magazine-handholdingposter-AndrejLisakov-unsplash-200x300.jpeg 200w, https:\/\/luxiders.com\/content\/uploads\/Luxiders-magazine-handholdingposter-AndrejLisakov-unsplash-683x1024.jpeg 683w, https:\/\/luxiders.com\/content\/uploads\/Luxiders-magazine-handholdingposter-AndrejLisakov-unsplash-768x1152.jpeg 768w\" sizes=\"(max-width: 1000px) 100vw, 1000px\" \/><\/div><figcaption>\u00a9 Andrej Lisakov<\/figcaption><\/figure>                                                                                            <\/div>\n                                            <\/div>\n        <\/div>\n    <\/section>\n    \n\n    <section id=\"textblock-block_cd7873314fded0e406f851bed746201f\" class=\"section position-relative gp-block gp-textblock pt-0 pb-0\">\n        <div class=\"container\">\n            <div class=\"row g-0\">\n                <div class=\"col-lg-12 content\" data-aos=\"fade-in\" data-aos-duration=\"1000\">\n                                                                        <h2 class=\"\">CONDICIONES LABORALES SEGURAS: UN IMPERATIVO FEMINISTA\n&nbsp;\n<\/h2>\n                                                                                                        <p>El tr\u00e1gico colapso de la f\u00e1brica Rana Plaza en Bangladesh en 2013, que se cobr\u00f3 la vida de 1.134 trabajadores \u2014la mayor\u00eda mujeres\u2014, sigue siendo un ejemplo alarmante de los peligros que enfrentan las trabajadoras de la moda r\u00e1pida. Este desastre llam\u00f3 la atenci\u00f3n mundial sobre las condiciones inseguras y peligrosas en las que estas mujeres se ve\u00edan obligadas a trabajar. En contraste, la moda sostenible prioriza la seguridad de los trabajadores, colaborando con f\u00e1bricas que proporcionan entornos de trabajo limpios y seguros. Las marcas \u00e9ticas aseguran que las mujeres no tengan que arriesgar sus vidas por un sueldo, convirtiendo la seguridad laboral en un imperativo feminista que debe ser defendido en toda la industria.<\/p>\n                                            <div class=\"highlighted mt-5 mt-lg-6 px-lg-5\">\n                            <p style=\"text-align: center;\">\n<p>&nbsp;<\/p>\n                        <\/div>\n                                                        <\/div>\n            <\/div>\n        <\/div>\n    <\/section>\n    \n\n    <section id=\"textblock-block_3c12d077feb84f3555ca3c72ab08dee6\" class=\"section position-relative gp-block gp-textblock pt-0 pb-0\">\n        <div class=\"container\">\n            <div class=\"row g-0\">\n                <div class=\"col-lg-12 content\" data-aos=\"fade-in\" data-aos-duration=\"1000\">\n                                                                        <h2 class=\"\"><strong>IGUALDAD DE G\u00c9NERO EN LA CADENA DE SUMINISTRO DE LA MODA<\/strong>\n&nbsp;\n<\/h2>\n                                                                                                        <div class=\"flex max-w-full flex-col flex-grow\">\n<div class=\"min-h-8 text-message flex w-full flex-col items-end gap-2 whitespace-normal break-words [.text-message+&amp;]:mt-5\" dir=\"auto\" data-message-author-role=\"assistant\" data-message-id=\"818c1307-6349-46de-ac38-e68226e14e37\">\n<div class=\"flex w-full flex-col gap-1 empty:hidden first:pt-[3px]\">\n<div class=\"markdown prose w-full break-words dark:prose-invert light\">\n<p>Las marcas de moda sostenible tambi\u00e9n trabajan activamente para abordar la desigualdad de g\u00e9nero dentro de sus cadenas de suministro, promoviendo a las mujeres a roles de liderazgo. Empresas como Patagonia y Everlane est\u00e1n marcando el camino al garantizar que las mujeres no solo sean tratadas de manera justa en el proceso de producci\u00f3n, sino que tambi\u00e9n tengan oportunidades de avanzar a posiciones de toma de decisiones.<\/p>\n<p>La moda sostenible es, en su esencia, un movimiento feminista. Al priorizar salarios justos, condiciones laborales seguras e igualdad de g\u00e9nero, la moda \u00e9tica empodera a las mujeres, especialmente en los pa\u00edses en desarrollo donde la explotaci\u00f3n es desenfrenada y sist\u00e9mica.<\/p>\n<p>Al fomentar un entorno m\u00e1s inclusivo, <a href=\"https:\/\/luxiders.com\/growing-inclusivity-in-the-modelling-industry\/\" target=\"_blank\" rel=\"noopener\">las marcas de moda \u00e9tica est\u00e1n desmantelando barreras y prejuicios de g\u00e9nero que han perdurado por mucho tiempo<\/a>. Las mujeres ya no son solo trabajadoras; son l\u00edderes y agentes de cambio dentro de la industria de la moda, ayudando a dar forma a su futuro y estableciendo nuevos est\u00e1ndares sobre c\u00f3mo deber\u00edan ser las pr\u00e1cticas \u00e9ticas.<\/p>\n<p><a href=\"https:\/\/luxiders.com\/the-evolution-of-feminist-slogans-in-fashion-the-slogan-tee\/\" target=\"_blank\" rel=\"noopener\">La moda sostenible es, en su esencia, un movimiento feminista<\/a>. Al priorizar salarios justos, condiciones laborales seguras e igualdad de g\u00e9nero, la moda \u00e9tica empodera a las mujeres, particularmente en los pa\u00edses en desarrollo, donde la explotaci\u00f3n es desenfrenada y sist\u00e9mica. A medida que los consumidores se vuelven cada vez m\u00e1s conscientes del impacto general de sus decisiones de compra, el impulso detr\u00e1s de la moda sostenible sigue creciendo. Apoyar a las marcas \u00e9ticas significa no solo contribuir a la sostenibilidad ambiental, sino tambi\u00e9n abogar por los derechos de las mujeres y fomentar una industria de la moda global m\u00e1s equitativa para las generaciones venideras.<\/p>\n<\/div>\n<\/div>\n<\/div>\n<\/div>\n                                            <div class=\"highlighted mt-5 mt-lg-6 px-lg-5\">\n                            <p style=\"text-align: center;\">\n<p>&nbsp;<\/p>\n                        <\/div>\n                                                        <\/div>\n            <\/div>\n        <\/div>\n    <\/section>\n    \n\n    <section id=\"textblock-block_f7a11cc12e95a52d6fc0c5c0a02afaf7\" class=\"section position-relative gp-block gp-textblock pt-5 pb-5\">\n        <div class=\"container\">\n            <div class=\"row g-0\">\n                <div class=\"col-lg-12 content\" data-aos=\"fade-in\" data-aos-duration=\"1000\">\n                                                                                <p style=\"text-align: center;\"><strong><em>+ Words: <\/em><\/strong><br \/>\n<strong><em>Aoife Morrall<br \/>\n<\/em><\/strong><strong><em>Luxiders Magazine Contributor<\/em><\/strong><\/p>\n<p>&nbsp;<\/p>\n<p style=\"text-align: center;\"><strong><em>+ Image Highlight:<br \/>\n\u00a9 Lindsey Lamont via Unsplash<\/em><\/strong><\/p>\n<p style=\"text-align: center;\">\n                                            <div class=\"highlighted mt-5 mt-lg-6 px-lg-5\">\n                            <p>&nbsp;<\/p>\n<p>&nbsp;<\/p>\n                        <\/div>\n                                                        <\/div>\n            <\/div>\n        <\/div>\n    <\/section>\n    ","protected":false},"excerpt":{"rendered":"","protected":false},"author":2,"featured_media":49248,"comment_status":"closed","ping_status":"closed","sticky":false,"template":"","format":"standard","meta":{"_acf_changed":false,"footnotes":""},"categories":[130],"tags":[],"class_list":{"0":"post-49242","1":"post","2":"type-post","3":"status-publish","4":"format-standard","5":"has-post-thumbnail","7":"category-moda-sostenible-lujo"},"acf":[],"yoast_head":"<title>La moda es feminista | La revoluci\u00f3n feminista de la moda \u00e9tica<\/title>\n<meta name=\"description\" content=\"El auge de la moda sostenible no es simplemente una tendencia, sino un movimiento significativo que se cruza con el feminismo, defendiendo\" \/>\n<meta name=\"robots\" content=\"index, follow, max-snippet:-1, max-image-preview:large, max-video-preview:-1\" \/>\n<link rel=\"canonical\" href=\"https:\/\/luxiders.com\/es\/la-moda-es-feminista-la-revolucion-feminista-de-la-moda-etica\/\" \/>\n<meta property=\"og:locale\" content=\"es_ES\" \/>\n<meta property=\"og:type\" content=\"article\" \/>\n<meta property=\"og:title\" content=\"La moda es feminista | La revoluci\u00f3n feminista de la moda \u00e9tica\" \/>\n<meta property=\"og:description\" content=\"El auge de la moda sostenible no es simplemente una tendencia, sino un movimiento significativo que se cruza con el feminismo, defendiendo\" \/>\n<meta property=\"og:url\" content=\"https:\/\/luxiders.com\/es\/la-moda-es-feminista-la-revolucion-feminista-de-la-moda-etica\/\" \/>\n<meta property=\"og:site_name\" content=\"Sustainable Fashion - Eco Design - Healthy Lifestyle - Luxiders Magazine\" \/>\n<meta property=\"article:published_time\" content=\"2024-10-04T07:08:02+00:00\" \/>\n<meta property=\"article:modified_time\" content=\"2024-10-04T07:33:36+00:00\" \/>\n<meta property=\"og:image\" content=\"https:\/\/luxiders.com\/content\/uploads\/luxiders-magazine-fashion-as-feminism-lindsey-lamont-hUWINRMPvsc-unsplash.jpeg\" \/>\n\t<meta property=\"og:image:width\" content=\"1200\" \/>\n\t<meta property=\"og:image:height\" content=\"800\" \/>\n\t<meta property=\"og:image:type\" content=\"image\/jpeg\" \/>\n<meta name=\"author\" content=\"luxiders\" \/>\n<meta name=\"twitter:card\" content=\"summary_large_image\" \/>\n<meta name=\"twitter:label1\" content=\"Written by\" \/>\n\t<meta name=\"twitter:data1\" content=\"luxiders\" \/>\n\t<meta name=\"twitter:label2\" content=\"Est. reading time\" \/>\n\t<meta name=\"twitter:data2\" content=\"5 minutes\" \/>\n<script type=\"application\/ld+json\" class=\"yoast-schema-graph\">{\"@context\":\"https:\/\/schema.org\",\"@graph\":[{\"@type\":\"Article\",\"@id\":\"https:\/\/luxiders.com\/es\/la-moda-es-feminista-la-revolucion-feminista-de-la-moda-etica\/#article\",\"isPartOf\":{\"@id\":\"https:\/\/luxiders.com\/es\/la-moda-es-feminista-la-revolucion-feminista-de-la-moda-etica\/\"},\"author\":{\"name\":\"luxiders\",\"@id\":\"https:\/\/luxiders.com\/es\/#\/schema\/person\/8632fa702ae2ce98f66c396254633de8\"},\"headline\":\"La moda es feminista | La revoluci\u00f3n feminista de la moda \u00e9tica\",\"datePublished\":\"2024-10-04T07:08:02+00:00\",\"dateModified\":\"2024-10-04T07:33:36+00:00\",\"mainEntityOfPage\":{\"@id\":\"https:\/\/luxiders.com\/es\/la-moda-es-feminista-la-revolucion-feminista-de-la-moda-etica\/\"},\"wordCount\":12,\"publisher\":{\"@id\":\"https:\/\/luxiders.com\/es\/#organization\"},\"image\":{\"@id\":\"https:\/\/luxiders.com\/es\/la-moda-es-feminista-la-revolucion-feminista-de-la-moda-etica\/#primaryimage\"},\"thumbnailUrl\":\"https:\/\/luxiders.com\/content\/uploads\/luxiders-magazine-fashion-as-feminism-lindsey-lamont-hUWINRMPvsc-unsplash.jpeg\",\"articleSection\":[\"Moda\"],\"inLanguage\":\"es-ES\"},{\"@type\":\"WebPage\",\"@id\":\"https:\/\/luxiders.com\/es\/la-moda-es-feminista-la-revolucion-feminista-de-la-moda-etica\/\",\"url\":\"https:\/\/luxiders.com\/es\/la-moda-es-feminista-la-revolucion-feminista-de-la-moda-etica\/\",\"name\":\"La moda es feminista | La revoluci\u00f3n feminista de la moda \u00e9tica\",\"isPartOf\":{\"@id\":\"https:\/\/luxiders.com\/es\/#website\"},\"primaryImageOfPage\":{\"@id\":\"https:\/\/luxiders.com\/es\/la-moda-es-feminista-la-revolucion-feminista-de-la-moda-etica\/#primaryimage\"},\"image\":{\"@id\":\"https:\/\/luxiders.com\/es\/la-moda-es-feminista-la-revolucion-feminista-de-la-moda-etica\/#primaryimage\"},\"thumbnailUrl\":\"https:\/\/luxiders.com\/content\/uploads\/luxiders-magazine-fashion-as-feminism-lindsey-lamont-hUWINRMPvsc-unsplash.jpeg\",\"datePublished\":\"2024-10-04T07:08:02+00:00\",\"dateModified\":\"2024-10-04T07:33:36+00:00\",\"description\":\"El auge de la moda sostenible no es simplemente una tendencia, sino un movimiento significativo que se cruza con el feminismo, defendiendo\",\"breadcrumb\":{\"@id\":\"https:\/\/luxiders.com\/es\/la-moda-es-feminista-la-revolucion-feminista-de-la-moda-etica\/#breadcrumb\"},\"inLanguage\":\"es-ES\",\"potentialAction\":[{\"@type\":\"ReadAction\",\"target\":[\"https:\/\/luxiders.com\/es\/la-moda-es-feminista-la-revolucion-feminista-de-la-moda-etica\/\"]}]},{\"@type\":\"ImageObject\",\"inLanguage\":\"es-ES\",\"@id\":\"https:\/\/luxiders.com\/es\/la-moda-es-feminista-la-revolucion-feminista-de-la-moda-etica\/#primaryimage\",\"url\":\"https:\/\/luxiders.com\/content\/uploads\/luxiders-magazine-fashion-as-feminism-lindsey-lamont-hUWINRMPvsc-unsplash.jpeg\",\"contentUrl\":\"https:\/\/luxiders.com\/content\/uploads\/luxiders-magazine-fashion-as-feminism-lindsey-lamont-hUWINRMPvsc-unsplash.jpeg\",\"width\":1200,\"height\":800,\"caption\":\"\u00a9 Lindsey Lamont\"},{\"@type\":\"BreadcrumbList\",\"@id\":\"https:\/\/luxiders.com\/es\/la-moda-es-feminista-la-revolucion-feminista-de-la-moda-etica\/#breadcrumb\",\"itemListElement\":[{\"@type\":\"ListItem\",\"position\":1,\"name\":\"Startseite\",\"item\":\"https:\/\/luxiders.com\/es\/\"},{\"@type\":\"ListItem\",\"position\":2,\"name\":\"Moda\",\"item\":\"https:\/\/luxiders.com\/es\/category\/moda-sostenible-lujo\/\"},{\"@type\":\"ListItem\",\"position\":3,\"name\":\"La moda es feminista | La revoluci\u00f3n feminista de la moda \u00e9tica\"}]},{\"@type\":\"WebSite\",\"@id\":\"https:\/\/luxiders.com\/es\/#website\",\"url\":\"https:\/\/luxiders.com\/es\/\",\"name\":\"Sustainable Fashion - Eco Design - Healthy Lifestyle - Luxiders Magazine\",\"description\":\"Luxiders is a sustainable luxury magazine highlighting the best stories about sustainable fashion, ethical fashion, eco-friendly design, green design, sustainable travel, natural beauty, organic beauty and healthy lifestyle. Know the best high-end, progressive and luxury sustainable brands and designers worldwide.\",\"publisher\":{\"@id\":\"https:\/\/luxiders.com\/es\/#organization\"},\"potentialAction\":[{\"@type\":\"SearchAction\",\"target\":{\"@type\":\"EntryPoint\",\"urlTemplate\":\"https:\/\/luxiders.com\/es\/?s={search_term_string}\"},\"query-input\":{\"@type\":\"PropertyValueSpecification\",\"valueRequired\":true,\"valueName\":\"search_term_string\"}}],\"inLanguage\":\"es-ES\"},{\"@type\":\"Organization\",\"@id\":\"https:\/\/luxiders.com\/es\/#organization\",\"name\":\"Sustainable Fashion - Eco Design - Healthy Lifestyle - Luxiders Magazine\",\"url\":\"https:\/\/luxiders.com\/es\/\",\"logo\":{\"@type\":\"ImageObject\",\"inLanguage\":\"es-ES\",\"@id\":\"https:\/\/luxiders.com\/es\/#\/schema\/logo\/image\/\",\"url\":\"https:\/\/luxiders.com\/content\/uploads\/lux-logo.svg\",\"contentUrl\":\"https:\/\/luxiders.com\/content\/uploads\/lux-logo.svg\",\"caption\":\"Sustainable Fashion - Eco Design - Healthy Lifestyle - Luxiders Magazine\"},\"image\":{\"@id\":\"https:\/\/luxiders.com\/es\/#\/schema\/logo\/image\/\"}},{\"@type\":\"Person\",\"@id\":\"https:\/\/luxiders.com\/es\/#\/schema\/person\/8632fa702ae2ce98f66c396254633de8\",\"name\":\"luxiders\",\"url\":\"https:\/\/luxiders.com\/es\/author\/luxiders\/\"}]}<\/script>","yoast_head_json":{"title":"La moda es feminista | La revoluci\u00f3n feminista de la moda \u00e9tica","description":"El auge de la moda sostenible no es simplemente una tendencia, sino un movimiento significativo que se cruza con el feminismo, defendiendo","robots":{"index":"index","follow":"follow","max-snippet":"max-snippet:-1","max-image-preview":"max-image-preview:large","max-video-preview":"max-video-preview:-1"},"canonical":"https:\/\/luxiders.com\/es\/la-moda-es-feminista-la-revolucion-feminista-de-la-moda-etica\/","og_locale":"es_ES","og_type":"article","og_title":"La moda es feminista | La revoluci\u00f3n feminista de la moda \u00e9tica","og_description":"El auge de la moda sostenible no es simplemente una tendencia, sino un movimiento significativo que se cruza con el feminismo, defendiendo","og_url":"https:\/\/luxiders.com\/es\/la-moda-es-feminista-la-revolucion-feminista-de-la-moda-etica\/","og_site_name":"Sustainable Fashion - Eco Design - Healthy Lifestyle - Luxiders Magazine","article_published_time":"2024-10-04T07:08:02+00:00","article_modified_time":"2024-10-04T07:33:36+00:00","og_image":[{"width":1200,"height":800,"url":"https:\/\/luxiders.com\/content\/uploads\/luxiders-magazine-fashion-as-feminism-lindsey-lamont-hUWINRMPvsc-unsplash.jpeg","type":"image\/jpeg"}],"author":"luxiders","twitter_card":"summary_large_image","twitter_misc":{"Written by":"luxiders","Est. reading time":"5 minutes"},"schema":{"@context":"https:\/\/schema.org","@graph":[{"@type":"Article","@id":"https:\/\/luxiders.com\/es\/la-moda-es-feminista-la-revolucion-feminista-de-la-moda-etica\/#article","isPartOf":{"@id":"https:\/\/luxiders.com\/es\/la-moda-es-feminista-la-revolucion-feminista-de-la-moda-etica\/"},"author":{"name":"luxiders","@id":"https:\/\/luxiders.com\/es\/#\/schema\/person\/8632fa702ae2ce98f66c396254633de8"},"headline":"La moda es feminista | La revoluci\u00f3n feminista de la moda \u00e9tica","datePublished":"2024-10-04T07:08:02+00:00","dateModified":"2024-10-04T07:33:36+00:00","mainEntityOfPage":{"@id":"https:\/\/luxiders.com\/es\/la-moda-es-feminista-la-revolucion-feminista-de-la-moda-etica\/"},"wordCount":12,"publisher":{"@id":"https:\/\/luxiders.com\/es\/#organization"},"image":{"@id":"https:\/\/luxiders.com\/es\/la-moda-es-feminista-la-revolucion-feminista-de-la-moda-etica\/#primaryimage"},"thumbnailUrl":"https:\/\/luxiders.com\/content\/uploads\/luxiders-magazine-fashion-as-feminism-lindsey-lamont-hUWINRMPvsc-unsplash.jpeg","articleSection":["Moda"],"inLanguage":"es-ES"},{"@type":"WebPage","@id":"https:\/\/luxiders.com\/es\/la-moda-es-feminista-la-revolucion-feminista-de-la-moda-etica\/","url":"https:\/\/luxiders.com\/es\/la-moda-es-feminista-la-revolucion-feminista-de-la-moda-etica\/","name":"La moda es feminista | La revoluci\u00f3n feminista de la moda \u00e9tica","isPartOf":{"@id":"https:\/\/luxiders.com\/es\/#website"},"primaryImageOfPage":{"@id":"https:\/\/luxiders.com\/es\/la-moda-es-feminista-la-revolucion-feminista-de-la-moda-etica\/#primaryimage"},"image":{"@id":"https:\/\/luxiders.com\/es\/la-moda-es-feminista-la-revolucion-feminista-de-la-moda-etica\/#primaryimage"},"thumbnailUrl":"https:\/\/luxiders.com\/content\/uploads\/luxiders-magazine-fashion-as-feminism-lindsey-lamont-hUWINRMPvsc-unsplash.jpeg","datePublished":"2024-10-04T07:08:02+00:00","dateModified":"2024-10-04T07:33:36+00:00","description":"El auge de la moda sostenible no es simplemente una tendencia, sino un movimiento significativo que se cruza con el feminismo, defendiendo","breadcrumb":{"@id":"https:\/\/luxiders.com\/es\/la-moda-es-feminista-la-revolucion-feminista-de-la-moda-etica\/#breadcrumb"},"inLanguage":"es-ES","potentialAction":[{"@type":"ReadAction","target":["https:\/\/luxiders.com\/es\/la-moda-es-feminista-la-revolucion-feminista-de-la-moda-etica\/"]}]},{"@type":"ImageObject","inLanguage":"es-ES","@id":"https:\/\/luxiders.com\/es\/la-moda-es-feminista-la-revolucion-feminista-de-la-moda-etica\/#primaryimage","url":"https:\/\/luxiders.com\/content\/uploads\/luxiders-magazine-fashion-as-feminism-lindsey-lamont-hUWINRMPvsc-unsplash.jpeg","contentUrl":"https:\/\/luxiders.com\/content\/uploads\/luxiders-magazine-fashion-as-feminism-lindsey-lamont-hUWINRMPvsc-unsplash.jpeg","width":1200,"height":800,"caption":"\u00a9 Lindsey Lamont"},{"@type":"BreadcrumbList","@id":"https:\/\/luxiders.com\/es\/la-moda-es-feminista-la-revolucion-feminista-de-la-moda-etica\/#breadcrumb","itemListElement":[{"@type":"ListItem","position":1,"name":"Startseite","item":"https:\/\/luxiders.com\/es\/"},{"@type":"ListItem","position":2,"name":"Moda","item":"https:\/\/luxiders.com\/es\/category\/moda-sostenible-lujo\/"},{"@type":"ListItem","position":3,"name":"La moda es feminista | La revoluci\u00f3n feminista de la moda \u00e9tica"}]},{"@type":"WebSite","@id":"https:\/\/luxiders.com\/es\/#website","url":"https:\/\/luxiders.com\/es\/","name":"Sustainable Fashion - Eco Design - Healthy Lifestyle - Luxiders Magazine","description":"Luxiders is a sustainable luxury magazine highlighting the best stories about sustainable fashion, ethical fashion, eco-friendly design, green design, sustainable travel, natural beauty, organic beauty and healthy lifestyle. Know the best high-end, progressive and luxury sustainable brands and designers worldwide.","publisher":{"@id":"https:\/\/luxiders.com\/es\/#organization"},"potentialAction":[{"@type":"SearchAction","target":{"@type":"EntryPoint","urlTemplate":"https:\/\/luxiders.com\/es\/?s={search_term_string}"},"query-input":{"@type":"PropertyValueSpecification","valueRequired":true,"valueName":"search_term_string"}}],"inLanguage":"es-ES"},{"@type":"Organization","@id":"https:\/\/luxiders.com\/es\/#organization","name":"Sustainable Fashion - Eco Design - Healthy Lifestyle - Luxiders Magazine","url":"https:\/\/luxiders.com\/es\/","logo":{"@type":"ImageObject","inLanguage":"es-ES","@id":"https:\/\/luxiders.com\/es\/#\/schema\/logo\/image\/","url":"https:\/\/luxiders.com\/content\/uploads\/lux-logo.svg","contentUrl":"https:\/\/luxiders.com\/content\/uploads\/lux-logo.svg","caption":"Sustainable Fashion - Eco Design - Healthy Lifestyle - Luxiders Magazine"},"image":{"@id":"https:\/\/luxiders.com\/es\/#\/schema\/logo\/image\/"}},{"@type":"Person","@id":"https:\/\/luxiders.com\/es\/#\/schema\/person\/8632fa702ae2ce98f66c396254633de8","name":"luxiders","url":"https:\/\/luxiders.com\/es\/author\/luxiders\/"}]}},"_links":{"self":[{"href":"https:\/\/luxiders.com\/es\/wp-json\/wp\/v2\/posts\/49242","targetHints":{"allow":["GET"]}}],"collection":[{"href":"https:\/\/luxiders.com\/es\/wp-json\/wp\/v2\/posts"}],"about":[{"href":"https:\/\/luxiders.com\/es\/wp-json\/wp\/v2\/types\/post"}],"author":[{"embeddable":true,"href":"https:\/\/luxiders.com\/es\/wp-json\/wp\/v2\/users\/2"}],"replies":[{"embeddable":true,"href":"https:\/\/luxiders.com\/es\/wp-json\/wp\/v2\/comments?post=49242"}],"version-history":[{"count":3,"href":"https:\/\/luxiders.com\/es\/wp-json\/wp\/v2\/posts\/49242\/revisions"}],"predecessor-version":[{"id":49260,"href":"https:\/\/luxiders.com\/es\/wp-json\/wp\/v2\/posts\/49242\/revisions\/49260"}],"wp:featuredmedia":[{"embeddable":true,"href":"https:\/\/luxiders.com\/es\/wp-json\/wp\/v2\/media\/49248"}],"wp:attachment":[{"href":"https:\/\/luxiders.com\/es\/wp-json\/wp\/v2\/media?parent=49242"}],"wp:term":[{"taxonomy":"category","embeddable":true,"href":"https:\/\/luxiders.com\/es\/wp-json\/wp\/v2\/categories?post=49242"},{"taxonomy":"post_tag","embeddable":true,"href":"https:\/\/luxiders.com\/es\/wp-json\/wp\/v2\/tags?post=49242"}],"curies":[{"name":"wp","href":"https:\/\/api.w.org\/{rel}","templated":true}]}}