{"id":49495,"date":"2024-10-28T12:36:49","date_gmt":"2024-10-28T11:36:49","guid":{"rendered":"https:\/\/luxiders.com\/?p=49495"},"modified":"2024-10-28T16:31:14","modified_gmt":"2024-10-28T15:31:14","slug":"semana-de-la-moda-de-taipei-ss25-conciencia-digital-en-la-moda","status":"publish","type":"post","link":"https:\/\/luxiders.com\/es\/semana-de-la-moda-de-taipei-ss25-conciencia-digital-en-la-moda\/","title":{"rendered":"Semana de la Moda de Taip\u00e9i SS25: Una audaz exploraci\u00f3n de la conciencia digital y el amor a la moda"},"content":{"rendered":"    <section id=\"textblock-block_599759d508bf2f115a7f8e8e6d616522\" class=\"section position-relative gp-block gp-textblock pt-0 pb-0\">\n        <div class=\"container\">\n            <div class=\"row g-0\">\n                <div class=\"col-lg-12 content\" data-aos=\"fade-in\" data-aos-duration=\"1000\">\n                                                                                    <div class=\"intro \">\n                            <p>&nbsp;<\/p>\n<p class=\"p1\" style=\"text-align: center;\">En una impresionante fusi\u00f3n de tecnolog\u00eda, arte y emoci\u00f3n, la Semana de la Moda de Taip\u00e9i SS25 deslumbr\u00f3 al p\u00fablico del 17 al 21 de octubre en el Parque Cultural y Creativo Songshan. Esta temporada, los dise\u00f1adores redefinieron la relaci\u00f3n entre la moda, la conciencia digital y las conexiones humanas, mostrando colecciones que resuenan profundamente con temas sociales contempor\u00e1neos. Aqu\u00ed echamos un vistazo a c\u00f3mo estos talentosos dise\u00f1adores crearon narrativas que hablan al esp\u00edritu moderno a trav\u00e9s de su arte.<\/p>\n                        <\/div>\n                                                                                                <\/div>\n            <\/div>\n        <\/div>\n    <\/section>\n    \n\n    <section id=\"newsletter-block_803b424ad33fc529464df186ff1bcfe2\" class=\"section position-relative gp-block gp-newsletter pt-0 pb-0 my-5\">\n        <div class=\"container\">\n            <div class=\"row g-0 pt-4 pb-3\">\n                <div class=\"col-lg-12 content text-center border pt-3\" data-aos=\"fade-in\" data-aos-duration=\"1000\">\n                                            <p><em>Para recibir el Newsletter de Luxiders Magazine,\u00a0<a href=\"https:\/\/landing.mailerlite.com\/webforms\/landing\/w2a1t0\" target=\"_blank\" rel=\"noopener\">suscr\u00edbete aqu\u00ed<\/a><\/em><\/p>\n                                    <\/div>\n            <\/div>\n        <\/div>\n    <\/section>\n    \n\n    <section id=\"textblock-block_cd82787eb75a0ff6a424daeaec238f19\" class=\"section position-relative gp-block gp-textblock pt-5 pt-lg-8 pb-0\">\n        <div class=\"container\">\n            <div class=\"row g-0\">\n                <div class=\"col-lg-12 content\" data-aos=\"fade-in\" data-aos-duration=\"1000\">\n                                                                                <p class=\"p1\">La Semana de la Moda de Taip\u00e9i SS25 destac\u00f3 no solo por su impresionante arte visual, sino por la profundidad y la conciencia que ofreci\u00f3 cada colecci\u00f3n. Como el principal evento de moda de Taiw\u00e1n, contin\u00faa elevando a los dise\u00f1adores locales al escenario global, expandiendo los l\u00edmites tanto de la creatividad como del discurso cultural. Desde temas de conciencia digital y resiliencia hasta exploraciones sobre el amor, las colecciones de esta temporada nos invitan a ver la moda como un reflejo de las narrativas sociales m\u00e1s urgentes.<\/p>\n                                            <div class=\"highlighted mt-5 mt-lg-6 px-lg-5\">\n                            <p style=\"text-align: center;\">El Ministro de Cultura Li Yuan enfatiza: <em>&#8220;La comida, la vestimenta, la vivienda y el transporte son partes integrales de nuestra identidad cultural&#8221;.<\/em> Este esp\u00edritu permea la Semana de la Moda de Taip\u00e9i, donde la moda se convierte en un lienzo para la identidad de Taiw\u00e1n, conectando el dise\u00f1o local con audiencias globales.<\/p>\n                        <\/div>\n                                                        <\/div>\n            <\/div>\n        <\/div>\n    <\/section>\n    \n\n    <section id=\"textblock-block_e7567d6e8eb22a5debb341008b329ab0\" class=\"section position-relative gp-block gp-textblock pt-5 pt-lg-8 pb-5 pb-lg-8\">\n        <div class=\"container\">\n            <div class=\"row g-0\">\n                <div class=\"col-lg-12 content\" data-aos=\"fade-in\" data-aos-duration=\"1000\">\n                                                                                <div style=\"text-align: center;\"> <div class=\"brlbs-cmpnt-container brlbs-cmpnt-content-blocker brlbs-cmpnt-with-individual-styles\" data-borlabs-cookie-content-blocker-id=\"default\" data-borlabs-cookie-content=\"PGlmcmFtZSBzcmM9Imh0dHBzOi8vd3d3LnlvdXR1YmUuY29tL2VtYmVkL3ZsQkNzWVpMWTNFP3NpPU9JTjVyRHRxNVlFSHUwYVYiIHdpZHRoPSI1NjAiIGhlaWdodD0iMzE1IiBmcmFtZWJvcmRlcj0iMCIgYWxsb3dmdWxsc2NyZWVuPSJhbGxvd2Z1bGxzY3JlZW4iPjwvaWZyYW1lPg==\"><div class=\"brlbs-cmpnt-cb-preset-a\"> <p class=\"brlbs-cmpnt-cb-description\">Sie sehen gerade einen Platzhalterinhalt von <strong>Standard<\/strong>. Um auf den eigentlichen Inhalt zuzugreifen, klicken Sie auf den Button unten. Bitte beachten Sie, dass dabei Daten an Drittanbieter weitergegeben werden.<\/p> <div class=\"brlbs-cmpnt-cb-buttons\"> <a class=\"brlbs-cmpnt-cb-btn\" href=\"#\" data-borlabs-cookie-unblock role=\"button\">Inhalt entsperren<\/a> <a class=\"brlbs-cmpnt-cb-btn\" href=\"#\" data-borlabs-cookie-accept-service role=\"button\" style=\"display: none\">Erforderlichen Service akzeptieren und Inhalte entsperren<\/a> <\/div> <a class=\"brlbs-cmpnt-cb-provider-toggle\" href=\"#\" data-borlabs-cookie-show-provider-information role=\"button\">Weitere Informationen<\/a> <\/div><\/div><\/div>\n                                                        <\/div>\n            <\/div>\n        <\/div>\n    <\/section>\n    \n\n    <section id=\"textblock-block_40bb297c66982bafd9eee39c096af8a2\" class=\"section position-relative gp-block gp-textblock pt-5 pt-lg-8 pb-0\">\n        <div class=\"container\">\n            <div class=\"row g-0\">\n                <div class=\"col-lg-12 content\" data-aos=\"fade-in\" data-aos-duration=\"1000\">\n                                                                        <h2 class=\"\">Conciencia Digital en la Semana de la moda de Taipei SS25\n<\/h2>\n                                                                                                        <h3>CHOW des HOMME: &#8220;Invisible Victims&#8221;<\/h3>\n<p><a href=\"https:\/\/www.instagram.com\/chowdeshomme\/\" target=\"_blank\" rel=\"noopener\">CHOW des HOMME<\/a> present\u00f3 una colecci\u00f3n provocadora titulada <em>\u201cV\u00edctimas Invisibles\u201d<\/em>, inspirada en aquellos que se pierden en la b\u00fasqueda interminable de validaci\u00f3n social y aquellos marcados por la difamaci\u00f3n. Esta colecci\u00f3n es un comentario audaz sobre los rumores digitales y los ideales superficiales de belleza, especialmente relevante en la est\u00e9tica inspirada en el streetwear de la Generaci\u00f3n Z. A trav\u00e9s de sastrer\u00eda intrincada y motivos de estilo urbano rebelde, <em>V\u00edctimas Invisibles<\/em> refleja las luchas silenciosas que muchos enfrentan hoy, poniendo al descubierto las injusticias sociales ocultas.<\/p>\n                                                        <\/div>\n            <\/div>\n        <\/div>\n    <\/section>\n    \n\n    <section id=\"media-block_d6fdb5e4df6a9fc0089b5d04547f7618\" class=\"section position-relative gp-block gp-media pt-0 pb-0\">\n        <div class=\"container\">\n            <div class=\"row g-0\">\n                <div class=\"col-lg-12 content\" data-aos=\"fade-in\" data-aos-duration=\"1000\">\n                                                                            <\/div>\n            <\/div>\n            <div class=\"row g-0\">\n                <div class=\"col-lg-6 \">\n                                                                                                                                                <figure class=\"mb-4 pt-lg-4 mb-lg-4 ps-lg-4 pe-lg-4\" data-aos=\"fade-up\" data-aos-duration=\"1000\"><div class=\"img-container\"><img loading=\"lazy\" decoding=\"async\" width=\"1200\" height=\"1800\" src=\"https:\/\/luxiders.com\/content\/uploads\/tpfw_CHOW-des-HOMME-29.jpeg\" class=\"img-fluid w-100\" alt=\"\u00a9 CHOW des HOMME at Taipei Fashion Week SS25\" srcset=\"https:\/\/luxiders.com\/content\/uploads\/tpfw_CHOW-des-HOMME-29.jpeg 1200w, https:\/\/luxiders.com\/content\/uploads\/tpfw_CHOW-des-HOMME-29-200x300.jpeg 200w, https:\/\/luxiders.com\/content\/uploads\/tpfw_CHOW-des-HOMME-29-683x1024.jpeg 683w, https:\/\/luxiders.com\/content\/uploads\/tpfw_CHOW-des-HOMME-29-768x1152.jpeg 768w, https:\/\/luxiders.com\/content\/uploads\/tpfw_CHOW-des-HOMME-29-1024x1536.jpeg 1024w\" sizes=\"(max-width: 1200px) 100vw, 1200px\" \/><\/div><figcaption>\u00a9 CHOW des HOMME at Taipei Fashion Week SS25<\/figcaption><\/figure>                                                                                            <\/div>\n                                    <div class=\"col-lg-6\">\n                                                                                                                                                        <figure class=\"mb-4 pt-lg-3 mb-lg-0 ps-lg-3 pe-lg-3\" data-aos=\"fade-up\" data-aos-duration=\"1000\"><div class=\"img-container\"><img loading=\"lazy\" decoding=\"async\" width=\"800\" height=\"1200\" src=\"https:\/\/luxiders.com\/content\/uploads\/tpfw_CHOW-des-HOMME-10.jpeg\" class=\"img-fluid w-100\" alt=\"\u00a9 CHOW des HOMME at Taipei Fashion Week SS25\" srcset=\"https:\/\/luxiders.com\/content\/uploads\/tpfw_CHOW-des-HOMME-10.jpeg 800w, https:\/\/luxiders.com\/content\/uploads\/tpfw_CHOW-des-HOMME-10-200x300.jpeg 200w, https:\/\/luxiders.com\/content\/uploads\/tpfw_CHOW-des-HOMME-10-683x1024.jpeg 683w, https:\/\/luxiders.com\/content\/uploads\/tpfw_CHOW-des-HOMME-10-768x1152.jpeg 768w\" sizes=\"(max-width: 800px) 100vw, 800px\" \/><\/div><figcaption>\u00a9 CHOW des HOMME at Taipei Fashion Week SS25<\/figcaption><\/figure>                                                                                                        <\/div>\n                                            <\/div>\n        <\/div>\n    <\/section>\n    \n\n    <section id=\"media-block_850365e5060e1f59a78767fe2515d7f9\" class=\"section position-relative gp-block gp-media pt-0 pb-0\">\n        <div class=\"container\">\n            <div class=\"row g-0\">\n                <div class=\"col-lg-12 content\" data-aos=\"fade-in\" data-aos-duration=\"1000\">\n                                                                            <\/div>\n            <\/div>\n            <div class=\"row g-0\">\n                <div class=\"col-lg-12 img-scaled\">\n                                                                                                                                                <figure class=\"mb-4 pt-lg-3 mb-lg-4 ps-lg-4 pe-lg-4\" data-aos=\"fade-up\" data-aos-duration=\"1000\"><div class=\"img-container\"><img loading=\"lazy\" decoding=\"async\" width=\"800\" height=\"1200\" src=\"https:\/\/luxiders.com\/content\/uploads\/tpfw_CHOW-des-HOMME-4.jpeg\" class=\"img-fluid w-100\" alt=\"\u00a9 CHOW des HOMME at Taipei Fashion Week SS25\" srcset=\"https:\/\/luxiders.com\/content\/uploads\/tpfw_CHOW-des-HOMME-4.jpeg 800w, https:\/\/luxiders.com\/content\/uploads\/tpfw_CHOW-des-HOMME-4-200x300.jpeg 200w, https:\/\/luxiders.com\/content\/uploads\/tpfw_CHOW-des-HOMME-4-683x1024.jpeg 683w, https:\/\/luxiders.com\/content\/uploads\/tpfw_CHOW-des-HOMME-4-768x1152.jpeg 768w\" sizes=\"(max-width: 800px) 100vw, 800px\" \/><\/div><figcaption>\u00a9 CHOW des HOMME at Taipei Fashion Week SS25<\/figcaption><\/figure>                                                                                            <\/div>\n                                            <\/div>\n        <\/div>\n    <\/section>\n    \n\n    <section id=\"textblock-block_0f7e1c2234e1dce06bc15c36b06a1fda\" class=\"section position-relative gp-block gp-textblock pt-0 pb-0\">\n        <div class=\"container\">\n            <div class=\"row g-0\">\n                <div class=\"col-lg-12 content\" data-aos=\"fade-in\" data-aos-duration=\"1000\">\n                                                                                <h3>Seivson: &#8220;TRACES&#8221;<\/h3>\n<p>La colecci\u00f3n <em>\u201cHuellas\u201d<\/em> de <a href=\"https:\/\/www.instagram.com\/seivson\/\" target=\"_blank\" rel=\"noopener\">Seivson<\/a> rinde homenaje a la fortaleza y la resiliencia de las mujeres. Inspirada en las cicatrices visibles e invisibles que reflejan el crecimiento personal, <em>Huellas<\/em> reimagina los abrigos cl\u00e1sicos y los dise\u00f1os plisados en piezas texturizadas y en capas que revelan los viajes multifac\u00e9ticos de las mujeres. Esta colecci\u00f3n combina audazmente la tradici\u00f3n con la modernidad, invitando a la audiencia a admirar la resiliencia como una parte inherente de la belleza, especialmente en un mundo dominado por personas y momentos seleccionados en redes sociales.<\/p>\n                                                        <\/div>\n            <\/div>\n        <\/div>\n    <\/section>\n    \n\n    <section id=\"media-block_0f3bfc6305bd26ec5b373f1f5ecce396\" class=\"section position-relative gp-block gp-media pt-0 pb-0\">\n        <div class=\"container\">\n            <div class=\"row g-0\">\n                <div class=\"col-lg-12 content\" data-aos=\"fade-in\" data-aos-duration=\"1000\">\n                                                                            <\/div>\n            <\/div>\n            <div class=\"row g-0\">\n                <div class=\"col-lg-6 \">\n                                                                                                                                                <figure class=\"mb-4 pt-lg-2 mb-lg-3 ps-lg-0 pe-lg-3\" data-aos=\"fade-up\" data-aos-duration=\"1000\"><div class=\"img-container\"><img loading=\"lazy\" decoding=\"async\" width=\"800\" height=\"1200\" src=\"https:\/\/luxiders.com\/content\/uploads\/tpfw_Seivson-34.jpeg\" class=\"img-fluid w-100\" alt=\"Seivson at Taipei Fashion Week SS25\" srcset=\"https:\/\/luxiders.com\/content\/uploads\/tpfw_Seivson-34.jpeg 800w, https:\/\/luxiders.com\/content\/uploads\/tpfw_Seivson-34-200x300.jpeg 200w, https:\/\/luxiders.com\/content\/uploads\/tpfw_Seivson-34-683x1024.jpeg 683w, https:\/\/luxiders.com\/content\/uploads\/tpfw_Seivson-34-768x1152.jpeg 768w\" sizes=\"(max-width: 800px) 100vw, 800px\" \/><\/div><figcaption>\u00a9 Seivson at Taipei Fashion Week SS25<\/figcaption><\/figure>                                                                                            <\/div>\n                                    <div class=\"col-lg-6\">\n                                                                                                                                                        <figure class=\"mb-4 pt-lg-5 mb-lg-5 ps-lg-5 pe-lg-5\" data-aos=\"fade-up\" data-aos-duration=\"1000\"><div class=\"img-container\"><img loading=\"lazy\" decoding=\"async\" width=\"800\" height=\"1200\" src=\"https:\/\/luxiders.com\/content\/uploads\/tpfw_Seivson-39.jpeg\" class=\"img-fluid w-100\" alt=\"Seivson at Taipei Fashion Week SS25\" srcset=\"https:\/\/luxiders.com\/content\/uploads\/tpfw_Seivson-39.jpeg 800w, https:\/\/luxiders.com\/content\/uploads\/tpfw_Seivson-39-200x300.jpeg 200w, https:\/\/luxiders.com\/content\/uploads\/tpfw_Seivson-39-683x1024.jpeg 683w, https:\/\/luxiders.com\/content\/uploads\/tpfw_Seivson-39-768x1152.jpeg 768w\" sizes=\"(max-width: 800px) 100vw, 800px\" \/><\/div><figcaption>\u00a9 Seivson at Taipei Fashion Week SS25<\/figcaption><\/figure>                                                                                                        <\/div>\n                                            <\/div>\n        <\/div>\n    <\/section>\n    \n\n    <section id=\"media-block_e3c0548490d7dee9c66d190262fc3be2\" class=\"section position-relative gp-block gp-media pt-0 pb-0\">\n        <div class=\"container\">\n            <div class=\"row g-0\">\n                <div class=\"col-lg-12 content\" data-aos=\"fade-in\" data-aos-duration=\"1000\">\n                                                                            <\/div>\n            <\/div>\n            <div class=\"row g-0\">\n                <div class=\"col-lg-12 img-scaled\">\n                                                                                                                                                <figure class=\"mb-4 pt-lg-3 mb-lg-0 ps-lg-0 pe-lg-0\" data-aos=\"fade-up\" data-aos-duration=\"1000\"><div class=\"img-container\"><img loading=\"lazy\" decoding=\"async\" width=\"800\" height=\"1200\" src=\"https:\/\/luxiders.com\/content\/uploads\/tpfw_Seivson-14.jpeg\" class=\"img-fluid w-100\" alt=\"Seivson at Taipei Fashion Week SS25\" srcset=\"https:\/\/luxiders.com\/content\/uploads\/tpfw_Seivson-14.jpeg 800w, https:\/\/luxiders.com\/content\/uploads\/tpfw_Seivson-14-200x300.jpeg 200w, https:\/\/luxiders.com\/content\/uploads\/tpfw_Seivson-14-683x1024.jpeg 683w, https:\/\/luxiders.com\/content\/uploads\/tpfw_Seivson-14-768x1152.jpeg 768w\" sizes=\"(max-width: 800px) 100vw, 800px\" \/><\/div><figcaption>\u00a9 Seivson at Taipei Fashion Week SS25<\/figcaption><\/figure>                                                                                            <\/div>\n                                            <\/div>\n        <\/div>\n    <\/section>\n    \n\n    <section id=\"textblock-block_42ef4bc75c19f83abd116a46d421486e\" class=\"section position-relative gp-block gp-textblock pt-0 pb-0\">\n        <div class=\"container\">\n            <div class=\"row g-0\">\n                <div class=\"col-lg-12 content\" data-aos=\"fade-in\" data-aos-duration=\"1000\">\n                                                                                <p>&nbsp;<\/p>\n<h3>Dleet: &#8220;After the Party&#8221;<\/h3>\n<p>Con <em>\u201cDespu\u00e9s de la Fiesta\u201d<\/em>, <a href=\"https:\/\/www.instagram.com\/dleet____\/\" target=\"_blank\" rel=\"noopener\">Dleet<\/a> adopt\u00f3 un enfoque minimalista pero emocionalmente cargado para explorar los reflejos agridulces de la vida. La paleta monocrom\u00e1tica y las siluetas experimentales reflejan la energ\u00eda persistente posterior a una celebraci\u00f3n. La entrada surrealista de las modelos a trav\u00e9s de una puerta simboliz\u00f3 el viaje transformador de un \u201cfinal\u201d que se convierte en un nuevo \u201ccomienzo\u201d. La colecci\u00f3n de Dleet no solo resuena con los amantes de la moda, sino que tambi\u00e9n habla a aquellos que encuentran belleza en los recuerdos conmovedores y las emociones complejas de la vida.<\/p>\n<p>&nbsp;<\/p>\n                                                        <\/div>\n            <\/div>\n        <\/div>\n    <\/section>\n    \n\n    <section id=\"media-block_cf1bf2ef858ae6a0f12717cd2e3ced45\" class=\"section position-relative gp-block gp-media pt-0 pb-0\">\n        <div class=\"container\">\n            <div class=\"row g-0\">\n                <div class=\"col-lg-12 content\" data-aos=\"fade-in\" data-aos-duration=\"1000\">\n                                                                            <\/div>\n            <\/div>\n            <div class=\"row g-0\">\n                <div class=\"col-lg-6 \">\n                                                                                                                                                <figure class=\"mb-4 pt-lg-4 mb-lg-4 ps-lg-6 pe-lg-6\" data-aos=\"fade-up\" data-aos-duration=\"1000\"><div class=\"img-container\"><img loading=\"lazy\" decoding=\"async\" width=\"800\" height=\"1200\" src=\"https:\/\/luxiders.com\/content\/uploads\/tpfw_Dleet-1.jpeg\" class=\"img-fluid w-100\" alt=\"\u00a9 Dleet at Taipei Fashion Week SS25\" srcset=\"https:\/\/luxiders.com\/content\/uploads\/tpfw_Dleet-1.jpeg 800w, https:\/\/luxiders.com\/content\/uploads\/tpfw_Dleet-1-200x300.jpeg 200w, https:\/\/luxiders.com\/content\/uploads\/tpfw_Dleet-1-683x1024.jpeg 683w, https:\/\/luxiders.com\/content\/uploads\/tpfw_Dleet-1-768x1152.jpeg 768w\" sizes=\"(max-width: 800px) 100vw, 800px\" \/><\/div><figcaption>\u00a9 Dleet at Taipei Fashion Week SS25<\/figcaption><\/figure>                                                                                            <\/div>\n                                    <div class=\"col-lg-6\">\n                                                                                                                                                        <figure class=\"mb-4 pt-lg-3 mb-lg-0 ps-lg-4 pe-lg-0\" data-aos=\"fade-up\" data-aos-duration=\"1000\"><div class=\"img-container\"><img loading=\"lazy\" decoding=\"async\" width=\"800\" height=\"1200\" src=\"https:\/\/luxiders.com\/content\/uploads\/tpfw_Dleet-22.jpeg\" class=\"img-fluid w-100\" alt=\"\u00a9 Dleet at Taipei Fashion Week SS25\" srcset=\"https:\/\/luxiders.com\/content\/uploads\/tpfw_Dleet-22.jpeg 800w, https:\/\/luxiders.com\/content\/uploads\/tpfw_Dleet-22-200x300.jpeg 200w, https:\/\/luxiders.com\/content\/uploads\/tpfw_Dleet-22-683x1024.jpeg 683w, https:\/\/luxiders.com\/content\/uploads\/tpfw_Dleet-22-768x1152.jpeg 768w\" sizes=\"(max-width: 800px) 100vw, 800px\" \/><\/div><figcaption>\u00a9 Dleet at Taipei Fashion Week SS25<\/figcaption><\/figure>                                                                                                        <\/div>\n                                            <\/div>\n        <\/div>\n    <\/section>\n    \n\n    <section id=\"media-block_07db747ec8e764cbb60fb10c538108b8\" class=\"section position-relative gp-block gp-media pt-0 pb-0\">\n        <div class=\"container\">\n            <div class=\"row g-0\">\n                <div class=\"col-lg-12 content\" data-aos=\"fade-in\" data-aos-duration=\"1000\">\n                                                                            <\/div>\n            <\/div>\n            <div class=\"row g-0\">\n                <div class=\"col-lg-12 img-scaled\">\n                                                                                                                                                <figure class=\"mb-4 pt-lg-3 mb-lg-3 ps-lg-0 pe-lg-0\" data-aos=\"fade-up\" data-aos-duration=\"1000\"><div class=\"img-container\"><img loading=\"lazy\" decoding=\"async\" width=\"800\" height=\"1200\" src=\"https:\/\/luxiders.com\/content\/uploads\/tpfw_Dleet-42.jpeg\" class=\"img-fluid w-100\" alt=\"\u00a9 Dleet at Taipei Fashion Week SS25\" srcset=\"https:\/\/luxiders.com\/content\/uploads\/tpfw_Dleet-42.jpeg 800w, https:\/\/luxiders.com\/content\/uploads\/tpfw_Dleet-42-200x300.jpeg 200w, https:\/\/luxiders.com\/content\/uploads\/tpfw_Dleet-42-683x1024.jpeg 683w, https:\/\/luxiders.com\/content\/uploads\/tpfw_Dleet-42-768x1152.jpeg 768w\" sizes=\"(max-width: 800px) 100vw, 800px\" \/><\/div><figcaption>\u00a9 Dleet at Taipei Fashion Week SS25<\/figcaption><\/figure>                                                                                            <\/div>\n                                            <\/div>\n        <\/div>\n    <\/section>\n    \n\n    <section id=\"textblock-block_fbf606425adf3e8ae616a44926dd241a\" class=\"section position-relative gp-block gp-textblock pt-5 pt-lg-8 pb-5\">\n        <div class=\"container\">\n            <div class=\"row g-0\">\n                <div class=\"col-lg-12 content\" data-aos=\"fade-in\" data-aos-duration=\"1000\">\n                                                                                <h3>Jenn Lee: &#8220;Echoes of Youth&#8221;<\/h3>\n<p>Inspir\u00e1ndose en las alegr\u00edas despreocupadas de la infancia, la colecci\u00f3n <em>\u201cEcos de Juventud\u201d<\/em> de <a href=\"https:\/\/www.instagram.com\/jennlee_official\/\" target=\"_blank\" rel=\"noopener\">Jenn Lee<\/a> da vida a los v\u00edvidos recuerdos escolares de su hijo. Esta colecci\u00f3n evoca nostalgia con formas juguetonas inspiradas en el viento suave a trav\u00e9s de los uniformes, las cuadr\u00edculas de los cuadernos y las aulas llenas de luz solar. La est\u00e9tica vanguardista y nost\u00e1lgica de Jenn Lee recuerda a la audiencia la libertad de la curiosidad juvenil, celebrando la creatividad desestructurada a trav\u00e9s de formas org\u00e1nicas y contornos alegres.<\/p>\n<p>&nbsp;<\/p>\n                                                        <\/div>\n            <\/div>\n        <\/div>\n    <\/section>\n    \n\n    <section id=\"media-block_1b5003cdb47fa40447fe9bc47533c246\" class=\"section position-relative gp-block gp-media pt-0 pb-0\">\n        <div class=\"container\">\n            <div class=\"row g-0\">\n                <div class=\"col-lg-12 content\" data-aos=\"fade-in\" data-aos-duration=\"1000\">\n                                                                            <\/div>\n            <\/div>\n            <div class=\"row g-0\">\n                <div class=\"col-lg-12 img-scaled\">\n                                                                                                                                                <figure class=\"mb-4 pt-lg-2 mb-lg-3 ps-lg-0 pe-lg-4\" data-aos=\"fade-up\" data-aos-duration=\"1000\"><div class=\"img-container\"><img loading=\"lazy\" decoding=\"async\" width=\"800\" height=\"1200\" src=\"https:\/\/luxiders.com\/content\/uploads\/tpfw_JENN-LEE-10.jpeg\" class=\"img-fluid w-100\" alt=\"\" srcset=\"https:\/\/luxiders.com\/content\/uploads\/tpfw_JENN-LEE-10.jpeg 800w, https:\/\/luxiders.com\/content\/uploads\/tpfw_JENN-LEE-10-200x300.jpeg 200w, https:\/\/luxiders.com\/content\/uploads\/tpfw_JENN-LEE-10-683x1024.jpeg 683w, https:\/\/luxiders.com\/content\/uploads\/tpfw_JENN-LEE-10-768x1152.jpeg 768w\" sizes=\"(max-width: 800px) 100vw, 800px\" \/><\/div><figcaption>\u00a9 Jenn Lee during Taipei Fashion Week SS25<\/figcaption><\/figure>                                                                                            <\/div>\n                                            <\/div>\n        <\/div>\n    <\/section>\n    \n\n    <section id=\"media-block_eb56d15fe306316d666be9d75740b9d4\" class=\"section position-relative gp-block gp-media pt-0 pb-0\">\n        <div class=\"container\">\n            <div class=\"row g-0\">\n                <div class=\"col-lg-12 content\" data-aos=\"fade-in\" data-aos-duration=\"1000\">\n                                                                            <\/div>\n            <\/div>\n            <div class=\"row g-0\">\n                <div class=\"col-lg-6 \">\n                                                                                                                                                <figure class=\"mb-4 pt-lg-3 mb-lg-3 ps-lg-4 pe-lg-4\" data-aos=\"fade-up\" data-aos-duration=\"1000\"><div class=\"img-container\"><img loading=\"lazy\" decoding=\"async\" width=\"800\" height=\"1200\" src=\"https:\/\/luxiders.com\/content\/uploads\/tpfw_JENN-LEE-18.jpeg\" class=\"img-fluid w-100\" alt=\"Jenn Lee during Taipei Fashion Week SS25\" srcset=\"https:\/\/luxiders.com\/content\/uploads\/tpfw_JENN-LEE-18.jpeg 800w, https:\/\/luxiders.com\/content\/uploads\/tpfw_JENN-LEE-18-200x300.jpeg 200w, https:\/\/luxiders.com\/content\/uploads\/tpfw_JENN-LEE-18-683x1024.jpeg 683w, https:\/\/luxiders.com\/content\/uploads\/tpfw_JENN-LEE-18-768x1152.jpeg 768w\" sizes=\"(max-width: 800px) 100vw, 800px\" \/><\/div><figcaption>\u00a9 Jenn Lee during Taipei Fashion Week SS25<\/figcaption><\/figure>                                                                                            <\/div>\n                                    <div class=\"col-lg-6\">\n                                                                                                                                                        <figure class=\"mb-4 pt-lg-2 mb-lg-2 ps-lg-3 pe-lg-0\" data-aos=\"fade-up\" data-aos-duration=\"1000\"><div class=\"img-container\"><img loading=\"lazy\" decoding=\"async\" width=\"800\" height=\"1200\" src=\"https:\/\/luxiders.com\/content\/uploads\/tpfw_JENN-LEE-12.jpeg\" class=\"img-fluid w-100\" alt=\"Jenn Lee during Taipei Fashion Week SS25\" srcset=\"https:\/\/luxiders.com\/content\/uploads\/tpfw_JENN-LEE-12.jpeg 800w, https:\/\/luxiders.com\/content\/uploads\/tpfw_JENN-LEE-12-200x300.jpeg 200w, https:\/\/luxiders.com\/content\/uploads\/tpfw_JENN-LEE-12-683x1024.jpeg 683w, https:\/\/luxiders.com\/content\/uploads\/tpfw_JENN-LEE-12-768x1152.jpeg 768w\" sizes=\"(max-width: 800px) 100vw, 800px\" \/><\/div><figcaption>\u00a9 Jenn Lee during Taipei Fashion Week SS25<\/figcaption><\/figure>                                                                                                        <\/div>\n                                            <\/div>\n        <\/div>\n    <\/section>\n    \n\n    <section id=\"textblock-block_2f49640b1e63ef1fe3655397199a8b2d\" class=\"section position-relative gp-block gp-textblock pt-5 pt-lg-8 pb-0\">\n        <div class=\"container\">\n            <div class=\"row g-0\">\n                <div class=\"col-lg-12 content\" data-aos=\"fade-in\" data-aos-duration=\"1000\">\n                                                                                <p>&nbsp;<\/p>\n<h3>#DAMUR: &#8220;13 Artists, 13 Love Stories&#8221;<\/h3>\n<p>El dise\u00f1ador taiwan\u00e9s radicado en Berl\u00edn, <a href=\"https:\/\/www.instagram.com\/damur.fashion\/\" target=\"_blank\" rel=\"noopener\">Damur Huang<\/a>, desafi\u00f3 las normas de g\u00e9nero y abraz\u00f3 la naturaleza multifac\u00e9tica del amor con su colecci\u00f3n <em>\u201c13 Artistas, 13 Historias de Amor\u201d<\/em>. Inspirado en recuerdos de ballet de su infancia, Huang colabora con 13 artistas para ofrecer una narrativa que abarca g\u00e9nero, orientaci\u00f3n y experiencias individuales. La colecci\u00f3n redefine poderosamente la feminidad y la masculinidad, honrando las diversas expresiones del amor e invitando al espectador a comprometerse con la fluidez de la autoexpresi\u00f3n.<\/p>\n<p>&nbsp;<\/p>\n                                                        <\/div>\n            <\/div>\n        <\/div>\n    <\/section>\n    \n\n    <section id=\"media-block_b26c1009f3861b51b84e80db4cd15b5b\" class=\"section position-relative gp-block gp-media pt-5 pb-0\">\n        <div class=\"container\">\n            <div class=\"row g-0\">\n                <div class=\"col-lg-12 content\" data-aos=\"fade-in\" data-aos-duration=\"1000\">\n                                                                            <\/div>\n            <\/div>\n            <div class=\"row g-0\">\n                <div class=\"col-lg-6 \">\n                                                                                                                                                <figure class=\"mb-4 pt-lg-2 mb-lg-2 ps-lg-6 pe-lg-6\" data-aos=\"fade-up\" data-aos-duration=\"1000\"><div class=\"img-container\"><img loading=\"lazy\" decoding=\"async\" width=\"800\" height=\"1200\" src=\"https:\/\/luxiders.com\/content\/uploads\/tpfw_DAMUR-25.jpeg\" class=\"img-fluid w-100\" alt=\"Taipei Fashion Week SS25. Damur Catwalk\" srcset=\"https:\/\/luxiders.com\/content\/uploads\/tpfw_DAMUR-25.jpeg 800w, https:\/\/luxiders.com\/content\/uploads\/tpfw_DAMUR-25-200x300.jpeg 200w, https:\/\/luxiders.com\/content\/uploads\/tpfw_DAMUR-25-683x1024.jpeg 683w, https:\/\/luxiders.com\/content\/uploads\/tpfw_DAMUR-25-768x1152.jpeg 768w\" sizes=\"(max-width: 800px) 100vw, 800px\" \/><\/div><figcaption>\u00a9 Damur at Taipei Fashion Week<\/figcaption><\/figure>                                                                                            <\/div>\n                                    <div class=\"col-lg-6\">\n                                                                                                                                                        <figure class=\"mb-4 pt-lg-0 mb-lg-0 ps-lg-4 pe-lg-0\" data-aos=\"fade-up\" data-aos-duration=\"1000\"><div class=\"img-container\"><img loading=\"lazy\" decoding=\"async\" width=\"800\" height=\"1200\" src=\"https:\/\/luxiders.com\/content\/uploads\/tpfw_DAMUR-26.jpeg\" class=\"img-fluid w-100\" alt=\"Taipei Fashion Week SS25. Damur Catwalk\" srcset=\"https:\/\/luxiders.com\/content\/uploads\/tpfw_DAMUR-26.jpeg 800w, https:\/\/luxiders.com\/content\/uploads\/tpfw_DAMUR-26-200x300.jpeg 200w, https:\/\/luxiders.com\/content\/uploads\/tpfw_DAMUR-26-683x1024.jpeg 683w, https:\/\/luxiders.com\/content\/uploads\/tpfw_DAMUR-26-768x1152.jpeg 768w\" sizes=\"(max-width: 800px) 100vw, 800px\" \/><\/div><figcaption>\u00a9 Damur at Taipei Fashion Week<\/figcaption><\/figure>                                                                                                        <\/div>\n                                            <\/div>\n        <\/div>\n    <\/section>\n    \n\n    <section id=\"media-block_d5c35d40aab3fa3ec91ab6c5bc426c56\" class=\"section position-relative gp-block gp-media pt-0 pb-0\">\n        <div class=\"container\">\n            <div class=\"row g-0\">\n                <div class=\"col-lg-12 content\" data-aos=\"fade-in\" data-aos-duration=\"1000\">\n                                                                            <\/div>\n            <\/div>\n            <div class=\"row g-0\">\n                <div class=\"col-lg-12 img-scaled\">\n                                                                                                                                                <figure class=\"mb-4 pt-lg-2 mb-lg-2 ps-lg-0 pe-lg-0\" data-aos=\"fade-up\" data-aos-duration=\"1000\"><div class=\"img-container\"><img loading=\"lazy\" decoding=\"async\" width=\"800\" height=\"1200\" src=\"https:\/\/luxiders.com\/content\/uploads\/tpfw_DAMUR-2.jpeg\" class=\"img-fluid w-100\" alt=\"Taipei Fashion Week SS25. Damur Catwalk\" srcset=\"https:\/\/luxiders.com\/content\/uploads\/tpfw_DAMUR-2.jpeg 800w, https:\/\/luxiders.com\/content\/uploads\/tpfw_DAMUR-2-200x300.jpeg 200w, https:\/\/luxiders.com\/content\/uploads\/tpfw_DAMUR-2-683x1024.jpeg 683w, https:\/\/luxiders.com\/content\/uploads\/tpfw_DAMUR-2-768x1152.jpeg 768w\" sizes=\"(max-width: 800px) 100vw, 800px\" \/><\/div><figcaption>\u00a9 Damur at Taipei Fashion Week<\/figcaption><\/figure>                                                                                            <\/div>\n                                            <\/div>\n        <\/div>\n    <\/section>\n    \n\n    <section id=\"textblock-block_156820bdc7c392260db1e379259fc1e8\" class=\"section position-relative gp-block gp-textblock pt-5 pt-lg-8 pb-0\">\n        <div class=\"container\">\n            <div class=\"row g-0\">\n                <div class=\"col-lg-12 content\" data-aos=\"fade-in\" data-aos-duration=\"1000\">\n                                                                                                                                        <\/div>\n            <\/div>\n        <\/div>\n    <\/section>\n    \n\n    <section id=\"textblock-block_ff45c777f149176ce1eba2d051e8d177\" class=\"section position-relative gp-block gp-textblock pt-0 pb-0\">\n        <div class=\"container\">\n            <div class=\"row g-0\">\n                <div class=\"col-lg-12 content\" data-aos=\"fade-in\" data-aos-duration=\"1000\">\n                                                                        <h2 class=\"\">UNA COLABORACI\u00d3N L\u00daDICA CON EL ARTE IP: \u201cLIBRO ILUSTRADO DE TIPOGRAF\u00cdA TAIWANESA\u201d\n<\/h2>\n                                                                                                        <p>La Semana de la Moda de Taip\u00e9i SS25 llev\u00f3 su tema un paso m\u00e1s all\u00e1 con el espect\u00e1culo grupal <em>\u201cLibro Ilustrado de Tipograf\u00eda Taiwanesa\u201d<\/em>, una colaboraci\u00f3n entre seis dise\u00f1adores emergentes y seis ilustradores populares de IP. Estas asociaciones muestran la din\u00e1mica interacci\u00f3n entre la moda y el arte gr\u00e1fico, dando vida a la cultura de la moda de Taiw\u00e1n a trav\u00e9s de ilustraciones que reflejan la est\u00e9tica y la energ\u00eda de la Generaci\u00f3n Z.<\/p>\n<p><strong>67ARROW x <a href=\"https:\/\/www.instagram.com\/saitemiss\/\" target=\"_blank\" rel=\"noopener\">@saitemiss<\/a><\/strong>: El streetwear atrevido se encuentra con ilustraciones so\u00f1adoras con <em>Needle<\/em>, un personaje que simboliza la supervivencia y la esperanza en medio del caos postapocal\u00edptico.<\/p>\n<p><strong>#DAMUR x <a href=\"https:\/\/www.instagram.com\/weiweiboy\/\" target=\"_blank\" rel=\"noopener\">@weiweiboy<\/a>:<\/strong>: <em>\u201cWeiweiboy Goes to Berlin\u201d<\/em> combina tonos suaves y patrones atrevidos, inspir\u00e1ndose en la vida nocturna de Berl\u00edn y la cultura pop, creando una colecci\u00f3n que yuxtapone visuales de ensue\u00f1o con la crudeza urbana.<\/p>\n<p><strong>DYCTEAM x <a href=\"https:\/\/www.instagram.com\/raimochi\/\" target=\"_blank\" rel=\"noopener\">@Raimochi<\/a>:<\/strong>\u00a0Combinando moda pr\u00e1ctica con escenas de la vida callejera taiwanesa, esta colaboraci\u00f3n personifica la resiliencia, empoderando a los usuarios para que abracen sus propios ritmos \u00fanicos.<\/p>\n<p><strong>RAY CHU x <a href=\"https:\/\/www.instagram.com\/mich_un\/\" target=\"_blank\" rel=\"noopener\">@mich_un<\/a><\/strong>: Inspirada en los paisajes florales de Taiw\u00e1n, esta colecci\u00f3n da vida a <em>Crinum asiaticum<\/em> con impresi\u00f3n 3D, celebrando la libertad de la comunidad y la danza en los parques p\u00fablicos.<\/p>\n<p><strong>Story Wear x <a href=\"https:\/\/www.instagram.com\/chimney_animation\/\" target=\"_blank\" rel=\"noopener\">@chimney_animation<\/a>: <\/strong>Adoptando la sostenibilidad, <em>ONE<\/em> de Story Wear y Fish Wang encarna la calidez del pasado, evocando un resplandor naranja vintage que unifica cada elemento.<\/p>\n<p><strong>TANGTSUNGCHIEN x <a href=\"https:\/\/www.instagram.com\/sammi_00712\/\" target=\"_blank\" rel=\"noopener\">@sammi_00712<\/a><\/strong>: Bas\u00e1ndose en los paisajes naturales y urbanos de Taiw\u00e1n, esta colaboraci\u00f3n fusiona ilustraciones caprichosas en siluetas vibrantes y relajadas que capturan la esencia de la juventud y la cultura de Taiw\u00e1n.<\/p>\n                                                        <\/div>\n            <\/div>\n        <\/div>\n    <\/section>\n    \n\n    <section id=\"media-block_85c8c0b3b7a2b4e1c45dbbdff8c7d09e\" class=\"section position-relative gp-block gp-media pt-0 pb-0\">\n        <div class=\"container\">\n            <div class=\"row g-0\">\n                <div class=\"col-lg-12 content\" data-aos=\"fade-in\" data-aos-duration=\"1000\">\n                                                                            <\/div>\n            <\/div>\n            <div class=\"row g-0\">\n                <div class=\"col-lg-6 \">\n                                                                                                                                                <figure class=\"mb-4 pt-lg-7 mb-lg-0 ps-lg-3 pe-lg-5\" data-aos=\"fade-up\" data-aos-duration=\"1000\"><div class=\"img-container\"><img loading=\"lazy\" decoding=\"async\" width=\"1200\" height=\"1800\" src=\"https:\/\/luxiders.com\/content\/uploads\/ttpfw_TANGTSUNGCHIEN-X-\u590f\u4ed9-1.jpeg\" class=\"img-fluid w-100\" alt=\"TANGTSUNGCHIEN X \u590f\u4ed9 1\" srcset=\"https:\/\/luxiders.com\/content\/uploads\/ttpfw_TANGTSUNGCHIEN-X-\u590f\u4ed9-1.jpeg 1200w, https:\/\/luxiders.com\/content\/uploads\/ttpfw_TANGTSUNGCHIEN-X-\u590f\u4ed9-1-200x300.jpeg 200w, https:\/\/luxiders.com\/content\/uploads\/ttpfw_TANGTSUNGCHIEN-X-\u590f\u4ed9-1-683x1024.jpeg 683w, https:\/\/luxiders.com\/content\/uploads\/ttpfw_TANGTSUNGCHIEN-X-\u590f\u4ed9-1-768x1152.jpeg 768w, https:\/\/luxiders.com\/content\/uploads\/ttpfw_TANGTSUNGCHIEN-X-\u590f\u4ed9-1-1024x1536.jpeg 1024w\" sizes=\"(max-width: 1200px) 100vw, 1200px\" \/><\/div><figcaption>\u00a9 TANGTSUNGCHIEN X \u590f\u4ed9 1 during Taipei Fashion Week SS25<\/figcaption><\/figure>                                                                                            <\/div>\n                                    <div class=\"col-lg-6\">\n                                                                                                                                                        <figure class=\"mb-4 pt-lg-2 mb-lg-4 ps-lg-3 pe-lg-3\" data-aos=\"fade-up\" data-aos-duration=\"1000\"><div class=\"img-container\"><img loading=\"lazy\" decoding=\"async\" width=\"800\" height=\"1200\" src=\"https:\/\/luxiders.com\/content\/uploads\/ttpfw_TANGTSUNGCHIEN-X-\u590f\u4ed9-10.jpeg\" class=\"img-fluid w-100\" alt=\"\u00a9 TANGTSUNGCHIEN X \u590f\u4ed9 1 during Taipei Fashion Week SS25\" srcset=\"https:\/\/luxiders.com\/content\/uploads\/ttpfw_TANGTSUNGCHIEN-X-\u590f\u4ed9-10.jpeg 800w, https:\/\/luxiders.com\/content\/uploads\/ttpfw_TANGTSUNGCHIEN-X-\u590f\u4ed9-10-200x300.jpeg 200w, https:\/\/luxiders.com\/content\/uploads\/ttpfw_TANGTSUNGCHIEN-X-\u590f\u4ed9-10-683x1024.jpeg 683w, https:\/\/luxiders.com\/content\/uploads\/ttpfw_TANGTSUNGCHIEN-X-\u590f\u4ed9-10-768x1152.jpeg 768w\" sizes=\"(max-width: 800px) 100vw, 800px\" \/><\/div><figcaption>\u00a9 TANGTSUNGCHIEN X \u590f\u4ed9 1 during Taipei Fashion Week SS25<\/figcaption><\/figure>                                                                                                                                                                                                                                                                        <\/div>\n                                            <\/div>\n        <\/div>\n    <\/section>\n    \n\n    <section id=\"media-block_7f9c030472ce113c8629933f284c2d0a\" class=\"section position-relative gp-block gp-media pt-0 pb-0\">\n        <div class=\"container\">\n            <div class=\"row g-0\">\n                <div class=\"col-lg-12 content\" data-aos=\"fade-in\" data-aos-duration=\"1000\">\n                                                                            <\/div>\n            <\/div>\n            <div class=\"row g-0\">\n                <div class=\"col-lg-6 \">\n                                                                                                                                                <figure class=\"mb-4 pt-lg-7 mb-lg-3 ps-lg-3 pe-lg-3\" data-aos=\"fade-up\" data-aos-duration=\"1000\"><div class=\"img-container\"><img loading=\"lazy\" decoding=\"async\" width=\"1200\" height=\"800\" src=\"https:\/\/luxiders.com\/content\/uploads\/ttpfw_DYCTEAM\u8a2d\u8a08\u5e2bFly\u8207-\u63d2\u756b\u85dd\u8853\u5bb6Raimochi-.jpeg\" class=\"img-fluid w-100\" alt=\"\" srcset=\"https:\/\/luxiders.com\/content\/uploads\/ttpfw_DYCTEAM\u8a2d\u8a08\u5e2bFly\u8207-\u63d2\u756b\u85dd\u8853\u5bb6Raimochi-.jpeg 1200w, https:\/\/luxiders.com\/content\/uploads\/ttpfw_DYCTEAM\u8a2d\u8a08\u5e2bFly\u8207-\u63d2\u756b\u85dd\u8853\u5bb6Raimochi--300x200.jpeg 300w, https:\/\/luxiders.com\/content\/uploads\/ttpfw_DYCTEAM\u8a2d\u8a08\u5e2bFly\u8207-\u63d2\u756b\u85dd\u8853\u5bb6Raimochi--1024x683.jpeg 1024w, https:\/\/luxiders.com\/content\/uploads\/ttpfw_DYCTEAM\u8a2d\u8a08\u5e2bFly\u8207-\u63d2\u756b\u85dd\u8853\u5bb6Raimochi--768x512.jpeg 768w\" sizes=\"(max-width: 1200px) 100vw, 1200px\" \/><\/div><\/figure>                                                                                            <\/div>\n                                    <div class=\"col-lg-6\">\n                                                                                                                                                        <figure class=\"mb-4 pt-lg-3 mb-lg-4 ps-lg-4 pe-lg-3\" data-aos=\"fade-up\" data-aos-duration=\"1000\"><div class=\"img-container\"><img loading=\"lazy\" decoding=\"async\" width=\"800\" height=\"1200\" src=\"https:\/\/luxiders.com\/content\/uploads\/ttpfw_DYCTEAM-X-Raimochi-9.jpeg\" class=\"img-fluid w-100\" alt=\"DYCTEAM X Raimochi\" srcset=\"https:\/\/luxiders.com\/content\/uploads\/ttpfw_DYCTEAM-X-Raimochi-9.jpeg 800w, https:\/\/luxiders.com\/content\/uploads\/ttpfw_DYCTEAM-X-Raimochi-9-200x300.jpeg 200w, https:\/\/luxiders.com\/content\/uploads\/ttpfw_DYCTEAM-X-Raimochi-9-683x1024.jpeg 683w, https:\/\/luxiders.com\/content\/uploads\/ttpfw_DYCTEAM-X-Raimochi-9-768x1152.jpeg 768w\" sizes=\"(max-width: 800px) 100vw, 800px\" \/><\/div><figcaption>\u00a9 DYCTEAM X Raimochi during Taipei Fashion Week<\/figcaption><\/figure>                                                                                                        <\/div>\n                                            <\/div>\n        <\/div>\n    <\/section>\n    \n\n    <section id=\"media-block_f1373e7e5800194611d85b6e6a37ba4b\" class=\"section position-relative gp-block gp-media pt-0 pb-0\">\n        <div class=\"container\">\n            <div class=\"row g-0\">\n                <div class=\"col-lg-12 content\" data-aos=\"fade-in\" data-aos-duration=\"1000\">\n                                                                            <\/div>\n            <\/div>\n            <div class=\"row g-0\">\n                <div class=\"col-lg-6 \">\n                                                                                                                                                <figure class=\"mb-4 pt-lg-5 mb-lg-4 ps-lg-6 pe-lg-4\" data-aos=\"fade-up\" data-aos-duration=\"1000\"><div class=\"img-container\"><img loading=\"lazy\" decoding=\"async\" width=\"800\" height=\"1200\" src=\"https:\/\/luxiders.com\/content\/uploads\/ttpfw_Story-Wear-X-\u738b\u767b\u923a3.jpeg\" class=\"img-fluid w-100\" alt=\"Story Wear X\" srcset=\"https:\/\/luxiders.com\/content\/uploads\/ttpfw_Story-Wear-X-\u738b\u767b\u923a3.jpeg 800w, https:\/\/luxiders.com\/content\/uploads\/ttpfw_Story-Wear-X-\u738b\u767b\u923a3-200x300.jpeg 200w, https:\/\/luxiders.com\/content\/uploads\/ttpfw_Story-Wear-X-\u738b\u767b\u923a3-683x1024.jpeg 683w, https:\/\/luxiders.com\/content\/uploads\/ttpfw_Story-Wear-X-\u738b\u767b\u923a3-768x1152.jpeg 768w\" sizes=\"(max-width: 800px) 100vw, 800px\" \/><\/div><figcaption>\u00a9 Story Wear X during Taipei Fashion Week<\/figcaption><\/figure>                                                                                            <\/div>\n                                    <div class=\"col-lg-6\">\n                                                                                                                                                        <figure class=\"mb-4 pt-lg-7 mb-lg-5 ps-lg-5 pe-lg-2\" data-aos=\"fade-up\" data-aos-duration=\"1000\"><div class=\"img-container\"><img loading=\"lazy\" decoding=\"async\" width=\"800\" height=\"1200\" src=\"https:\/\/luxiders.com\/content\/uploads\/ttpfw_RAY-CHU-X-michun-9.jpeg\" class=\"img-fluid w-100\" alt=\"RAY CHU X michun\" srcset=\"https:\/\/luxiders.com\/content\/uploads\/ttpfw_RAY-CHU-X-michun-9.jpeg 800w, https:\/\/luxiders.com\/content\/uploads\/ttpfw_RAY-CHU-X-michun-9-200x300.jpeg 200w, https:\/\/luxiders.com\/content\/uploads\/ttpfw_RAY-CHU-X-michun-9-683x1024.jpeg 683w, https:\/\/luxiders.com\/content\/uploads\/ttpfw_RAY-CHU-X-michun-9-768x1152.jpeg 768w\" sizes=\"(max-width: 800px) 100vw, 800px\" \/><\/div><figcaption>\u00a9 RAY CHU X michun<\/figcaption><\/figure>                                                                                                        <\/div>\n                                            <\/div>\n        <\/div>\n    <\/section>\n    \n\n    <section id=\"media-block_99224a0222762c65698035dbe017eeea\" class=\"section position-relative gp-block gp-media text-center pt-5 pb-5 pb-lg-8\">\n        <div class=\"container\">\n            <div class=\"row g-0\">\n                <div class=\"col-lg-12 content\" data-aos=\"fade-in\" data-aos-duration=\"1000\">\n                                        <p>&nbsp;<\/p>\n<p style=\"text-align: center;\"><strong>+ Highlight Image: \u00a9 Taipei Fashion Week SS25<\/strong><\/p>\n                                    <\/div>\n            <\/div>\n            <div class=\"row g-0\">\n                <div class=\"col-lg-12 img-scaled\">\n                                    <\/div>\n                                            <\/div>\n        <\/div>\n    <\/section>\n    \n\n    <section id=\"media-block_ac75b1c33cf8e50711c28fbbee471886\" class=\"section position-relative gp-block gp-media text-center pt-0 pb-5\">\n        <div class=\"container\">\n            <div class=\"row g-0\">\n                <div class=\"col-lg-12 content\" data-aos=\"fade-in\" data-aos-duration=\"1000\">\n                                                                                    <div class=\"mt-4 mt-lg-5\"><\/div>\n                                                                \n                    <p class=\"mb-0\"><a class=\"btn btn-secondary extern text-white\" href=\"https:\/\/tpefw.com\" title=\"DESCUBRE M\u00c1S SOBRE TAIPEI FASHION WEEK SS25\" target=\"_blank\"><span>DESCUBRE M\u00c1S SOBRE TAIPEI FASHION WEEK SS25<\/span><\/a><\/p>\n                                                <\/div>\n            <\/div>\n            <div class=\"row g-0\">\n                <div class=\"col-lg-12 img-scaled\">\n                                    <\/div>\n                                            <\/div>\n        <\/div>\n    <\/section>\n    ","protected":false},"excerpt":{"rendered":"","protected":false},"author":2,"featured_media":49623,"comment_status":"closed","ping_status":"closed","sticky":false,"template":"","format":"standard","meta":{"_acf_changed":false,"footnotes":""},"categories":[130],"tags":[9390,9391],"class_list":{"0":"post-49495","1":"post","2":"type-post","3":"status-publish","4":"format-standard","5":"has-post-thumbnail","7":"category-moda-sostenible-lujo","8":"tag-taipei-fashion-es","9":"tag-taipei-fashion-week-ss25-es"},"acf":[],"yoast_head":"<title>Semana de la Moda de Taip\u00e9i SS25: Conciencia digital en la moda<\/title>\n<meta name=\"description\" content=\"La Semana de la Moda de Taip\u00e9i SS25 deslumbr\u00f3 al p\u00fablico a trav\u00e9s de dise\u00f1os que redefinieron la relaci\u00f3n entre moda, la conciencia digital y\" \/>\n<meta name=\"robots\" content=\"index, follow, max-snippet:-1, max-image-preview:large, max-video-preview:-1\" \/>\n<link rel=\"canonical\" href=\"https:\/\/luxiders.com\/es\/semana-de-la-moda-de-taipei-ss25-conciencia-digital-en-la-moda\/\" \/>\n<meta property=\"og:locale\" content=\"es_ES\" \/>\n<meta property=\"og:type\" content=\"article\" \/>\n<meta property=\"og:title\" content=\"Semana de la Moda de Taip\u00e9i SS25: Conciencia digital en la moda\" \/>\n<meta property=\"og:description\" content=\"La Semana de la Moda de Taip\u00e9i SS25 deslumbr\u00f3 al p\u00fablico a trav\u00e9s de dise\u00f1os que redefinieron la relaci\u00f3n entre moda, la conciencia digital y\" \/>\n<meta property=\"og:url\" content=\"https:\/\/luxiders.com\/es\/semana-de-la-moda-de-taipei-ss25-conciencia-digital-en-la-moda\/\" \/>\n<meta property=\"og:site_name\" content=\"Sustainable Fashion - Eco Design - Healthy Lifestyle - Luxiders Magazine\" \/>\n<meta property=\"article:published_time\" content=\"2024-10-28T11:36:49+00:00\" \/>\n<meta property=\"article:modified_time\" content=\"2024-10-28T15:31:14+00:00\" \/>\n<meta property=\"og:image\" content=\"https:\/\/luxiders.com\/content\/uploads\/ttpfw_TANGTSUNGCHIEN-X-\u590f\u4ed9-1.jpeg\" \/>\n\t<meta property=\"og:image:width\" content=\"1200\" \/>\n\t<meta property=\"og:image:height\" content=\"1800\" \/>\n\t<meta property=\"og:image:type\" content=\"image\/jpeg\" \/>\n<meta name=\"author\" content=\"luxiders\" \/>\n<meta name=\"twitter:card\" content=\"summary_large_image\" \/>\n<meta name=\"twitter:label1\" content=\"Written by\" \/>\n\t<meta name=\"twitter:data1\" content=\"luxiders\" \/>\n\t<meta name=\"twitter:label2\" content=\"Est. reading time\" \/>\n\t<meta name=\"twitter:data2\" content=\"5 minutes\" \/>\n<script type=\"application\/ld+json\" class=\"yoast-schema-graph\">{\"@context\":\"https:\/\/schema.org\",\"@graph\":[{\"@type\":\"Article\",\"@id\":\"https:\/\/luxiders.com\/es\/semana-de-la-moda-de-taipei-ss25-conciencia-digital-en-la-moda\/#article\",\"isPartOf\":{\"@id\":\"https:\/\/luxiders.com\/es\/semana-de-la-moda-de-taipei-ss25-conciencia-digital-en-la-moda\/\"},\"author\":{\"name\":\"luxiders\",\"@id\":\"https:\/\/luxiders.com\/es\/#\/schema\/person\/8632fa702ae2ce98f66c396254633de8\"},\"headline\":\"Semana de la Moda de Taip\u00e9i SS25: Una audaz exploraci\u00f3n de la conciencia digital y el amor a la moda\",\"datePublished\":\"2024-10-28T11:36:49+00:00\",\"dateModified\":\"2024-10-28T15:31:14+00:00\",\"mainEntityOfPage\":{\"@id\":\"https:\/\/luxiders.com\/es\/semana-de-la-moda-de-taipei-ss25-conciencia-digital-en-la-moda\/\"},\"wordCount\":22,\"publisher\":{\"@id\":\"https:\/\/luxiders.com\/es\/#organization\"},\"image\":{\"@id\":\"https:\/\/luxiders.com\/es\/semana-de-la-moda-de-taipei-ss25-conciencia-digital-en-la-moda\/#primaryimage\"},\"thumbnailUrl\":\"https:\/\/luxiders.com\/content\/uploads\/ttpfw_TANGTSUNGCHIEN-X-\u590f\u4ed9-1.jpeg\",\"keywords\":[\"Taipei fashion\",\"Taipei Fashion Week SS25\"],\"articleSection\":[\"Moda\"],\"inLanguage\":\"es-ES\"},{\"@type\":\"WebPage\",\"@id\":\"https:\/\/luxiders.com\/es\/semana-de-la-moda-de-taipei-ss25-conciencia-digital-en-la-moda\/\",\"url\":\"https:\/\/luxiders.com\/es\/semana-de-la-moda-de-taipei-ss25-conciencia-digital-en-la-moda\/\",\"name\":\"Semana de la Moda de Taip\u00e9i SS25: Conciencia digital en la moda\",\"isPartOf\":{\"@id\":\"https:\/\/luxiders.com\/es\/#website\"},\"primaryImageOfPage\":{\"@id\":\"https:\/\/luxiders.com\/es\/semana-de-la-moda-de-taipei-ss25-conciencia-digital-en-la-moda\/#primaryimage\"},\"image\":{\"@id\":\"https:\/\/luxiders.com\/es\/semana-de-la-moda-de-taipei-ss25-conciencia-digital-en-la-moda\/#primaryimage\"},\"thumbnailUrl\":\"https:\/\/luxiders.com\/content\/uploads\/ttpfw_TANGTSUNGCHIEN-X-\u590f\u4ed9-1.jpeg\",\"datePublished\":\"2024-10-28T11:36:49+00:00\",\"dateModified\":\"2024-10-28T15:31:14+00:00\",\"description\":\"La Semana de la Moda de Taip\u00e9i SS25 deslumbr\u00f3 al p\u00fablico a trav\u00e9s de dise\u00f1os que redefinieron la relaci\u00f3n entre moda, la conciencia digital y\",\"breadcrumb\":{\"@id\":\"https:\/\/luxiders.com\/es\/semana-de-la-moda-de-taipei-ss25-conciencia-digital-en-la-moda\/#breadcrumb\"},\"inLanguage\":\"es-ES\",\"potentialAction\":[{\"@type\":\"ReadAction\",\"target\":[\"https:\/\/luxiders.com\/es\/semana-de-la-moda-de-taipei-ss25-conciencia-digital-en-la-moda\/\"]}]},{\"@type\":\"ImageObject\",\"inLanguage\":\"es-ES\",\"@id\":\"https:\/\/luxiders.com\/es\/semana-de-la-moda-de-taipei-ss25-conciencia-digital-en-la-moda\/#primaryimage\",\"url\":\"https:\/\/luxiders.com\/content\/uploads\/ttpfw_TANGTSUNGCHIEN-X-\u590f\u4ed9-1.jpeg\",\"contentUrl\":\"https:\/\/luxiders.com\/content\/uploads\/ttpfw_TANGTSUNGCHIEN-X-\u590f\u4ed9-1.jpeg\",\"width\":1200,\"height\":1800,\"caption\":\"\u00a9 TANGTSUNGCHIEN X \u590f\u4ed9 1\"},{\"@type\":\"BreadcrumbList\",\"@id\":\"https:\/\/luxiders.com\/es\/semana-de-la-moda-de-taipei-ss25-conciencia-digital-en-la-moda\/#breadcrumb\",\"itemListElement\":[{\"@type\":\"ListItem\",\"position\":1,\"name\":\"Startseite\",\"item\":\"https:\/\/luxiders.com\/es\/\"},{\"@type\":\"ListItem\",\"position\":2,\"name\":\"Moda\",\"item\":\"https:\/\/luxiders.com\/es\/category\/moda-sostenible-lujo\/\"},{\"@type\":\"ListItem\",\"position\":3,\"name\":\"Semana de la Moda de Taip\u00e9i SS25: Una audaz exploraci\u00f3n de la conciencia digital y el amor a la moda\"}]},{\"@type\":\"WebSite\",\"@id\":\"https:\/\/luxiders.com\/es\/#website\",\"url\":\"https:\/\/luxiders.com\/es\/\",\"name\":\"Sustainable Fashion - Eco Design - Healthy Lifestyle - Luxiders Magazine\",\"description\":\"Luxiders is a sustainable luxury magazine highlighting the best stories about sustainable fashion, ethical fashion, eco-friendly design, green design, sustainable travel, natural beauty, organic beauty and healthy lifestyle. Know the best high-end, progressive and luxury sustainable brands and designers worldwide.\",\"publisher\":{\"@id\":\"https:\/\/luxiders.com\/es\/#organization\"},\"potentialAction\":[{\"@type\":\"SearchAction\",\"target\":{\"@type\":\"EntryPoint\",\"urlTemplate\":\"https:\/\/luxiders.com\/es\/?s={search_term_string}\"},\"query-input\":{\"@type\":\"PropertyValueSpecification\",\"valueRequired\":true,\"valueName\":\"search_term_string\"}}],\"inLanguage\":\"es-ES\"},{\"@type\":\"Organization\",\"@id\":\"https:\/\/luxiders.com\/es\/#organization\",\"name\":\"Sustainable Fashion - Eco Design - Healthy Lifestyle - Luxiders Magazine\",\"url\":\"https:\/\/luxiders.com\/es\/\",\"logo\":{\"@type\":\"ImageObject\",\"inLanguage\":\"es-ES\",\"@id\":\"https:\/\/luxiders.com\/es\/#\/schema\/logo\/image\/\",\"url\":\"https:\/\/luxiders.com\/content\/uploads\/lux-logo.svg\",\"contentUrl\":\"https:\/\/luxiders.com\/content\/uploads\/lux-logo.svg\",\"caption\":\"Sustainable Fashion - Eco Design - Healthy Lifestyle - Luxiders Magazine\"},\"image\":{\"@id\":\"https:\/\/luxiders.com\/es\/#\/schema\/logo\/image\/\"}},{\"@type\":\"Person\",\"@id\":\"https:\/\/luxiders.com\/es\/#\/schema\/person\/8632fa702ae2ce98f66c396254633de8\",\"name\":\"luxiders\",\"url\":\"https:\/\/luxiders.com\/es\/author\/luxiders\/\"}]}<\/script>","yoast_head_json":{"title":"Semana de la Moda de Taip\u00e9i SS25: Conciencia digital en la moda","description":"La Semana de la Moda de Taip\u00e9i SS25 deslumbr\u00f3 al p\u00fablico a trav\u00e9s de dise\u00f1os que redefinieron la relaci\u00f3n entre moda, la conciencia digital y","robots":{"index":"index","follow":"follow","max-snippet":"max-snippet:-1","max-image-preview":"max-image-preview:large","max-video-preview":"max-video-preview:-1"},"canonical":"https:\/\/luxiders.com\/es\/semana-de-la-moda-de-taipei-ss25-conciencia-digital-en-la-moda\/","og_locale":"es_ES","og_type":"article","og_title":"Semana de la Moda de Taip\u00e9i SS25: Conciencia digital en la moda","og_description":"La Semana de la Moda de Taip\u00e9i SS25 deslumbr\u00f3 al p\u00fablico a trav\u00e9s de dise\u00f1os que redefinieron la relaci\u00f3n entre moda, la conciencia digital y","og_url":"https:\/\/luxiders.com\/es\/semana-de-la-moda-de-taipei-ss25-conciencia-digital-en-la-moda\/","og_site_name":"Sustainable Fashion - Eco Design - Healthy Lifestyle - Luxiders Magazine","article_published_time":"2024-10-28T11:36:49+00:00","article_modified_time":"2024-10-28T15:31:14+00:00","og_image":[{"width":1200,"height":1800,"url":"https:\/\/luxiders.com\/content\/uploads\/ttpfw_TANGTSUNGCHIEN-X-\u590f\u4ed9-1.jpeg","type":"image\/jpeg"}],"author":"luxiders","twitter_card":"summary_large_image","twitter_misc":{"Written by":"luxiders","Est. reading time":"5 minutes"},"schema":{"@context":"https:\/\/schema.org","@graph":[{"@type":"Article","@id":"https:\/\/luxiders.com\/es\/semana-de-la-moda-de-taipei-ss25-conciencia-digital-en-la-moda\/#article","isPartOf":{"@id":"https:\/\/luxiders.com\/es\/semana-de-la-moda-de-taipei-ss25-conciencia-digital-en-la-moda\/"},"author":{"name":"luxiders","@id":"https:\/\/luxiders.com\/es\/#\/schema\/person\/8632fa702ae2ce98f66c396254633de8"},"headline":"Semana de la Moda de Taip\u00e9i SS25: Una audaz exploraci\u00f3n de la conciencia digital y el amor a la moda","datePublished":"2024-10-28T11:36:49+00:00","dateModified":"2024-10-28T15:31:14+00:00","mainEntityOfPage":{"@id":"https:\/\/luxiders.com\/es\/semana-de-la-moda-de-taipei-ss25-conciencia-digital-en-la-moda\/"},"wordCount":22,"publisher":{"@id":"https:\/\/luxiders.com\/es\/#organization"},"image":{"@id":"https:\/\/luxiders.com\/es\/semana-de-la-moda-de-taipei-ss25-conciencia-digital-en-la-moda\/#primaryimage"},"thumbnailUrl":"https:\/\/luxiders.com\/content\/uploads\/ttpfw_TANGTSUNGCHIEN-X-\u590f\u4ed9-1.jpeg","keywords":["Taipei fashion","Taipei Fashion Week SS25"],"articleSection":["Moda"],"inLanguage":"es-ES"},{"@type":"WebPage","@id":"https:\/\/luxiders.com\/es\/semana-de-la-moda-de-taipei-ss25-conciencia-digital-en-la-moda\/","url":"https:\/\/luxiders.com\/es\/semana-de-la-moda-de-taipei-ss25-conciencia-digital-en-la-moda\/","name":"Semana de la Moda de Taip\u00e9i SS25: Conciencia digital en la moda","isPartOf":{"@id":"https:\/\/luxiders.com\/es\/#website"},"primaryImageOfPage":{"@id":"https:\/\/luxiders.com\/es\/semana-de-la-moda-de-taipei-ss25-conciencia-digital-en-la-moda\/#primaryimage"},"image":{"@id":"https:\/\/luxiders.com\/es\/semana-de-la-moda-de-taipei-ss25-conciencia-digital-en-la-moda\/#primaryimage"},"thumbnailUrl":"https:\/\/luxiders.com\/content\/uploads\/ttpfw_TANGTSUNGCHIEN-X-\u590f\u4ed9-1.jpeg","datePublished":"2024-10-28T11:36:49+00:00","dateModified":"2024-10-28T15:31:14+00:00","description":"La Semana de la Moda de Taip\u00e9i SS25 deslumbr\u00f3 al p\u00fablico a trav\u00e9s de dise\u00f1os que redefinieron la relaci\u00f3n entre moda, la conciencia digital y","breadcrumb":{"@id":"https:\/\/luxiders.com\/es\/semana-de-la-moda-de-taipei-ss25-conciencia-digital-en-la-moda\/#breadcrumb"},"inLanguage":"es-ES","potentialAction":[{"@type":"ReadAction","target":["https:\/\/luxiders.com\/es\/semana-de-la-moda-de-taipei-ss25-conciencia-digital-en-la-moda\/"]}]},{"@type":"ImageObject","inLanguage":"es-ES","@id":"https:\/\/luxiders.com\/es\/semana-de-la-moda-de-taipei-ss25-conciencia-digital-en-la-moda\/#primaryimage","url":"https:\/\/luxiders.com\/content\/uploads\/ttpfw_TANGTSUNGCHIEN-X-\u590f\u4ed9-1.jpeg","contentUrl":"https:\/\/luxiders.com\/content\/uploads\/ttpfw_TANGTSUNGCHIEN-X-\u590f\u4ed9-1.jpeg","width":1200,"height":1800,"caption":"\u00a9 TANGTSUNGCHIEN X \u590f\u4ed9 1"},{"@type":"BreadcrumbList","@id":"https:\/\/luxiders.com\/es\/semana-de-la-moda-de-taipei-ss25-conciencia-digital-en-la-moda\/#breadcrumb","itemListElement":[{"@type":"ListItem","position":1,"name":"Startseite","item":"https:\/\/luxiders.com\/es\/"},{"@type":"ListItem","position":2,"name":"Moda","item":"https:\/\/luxiders.com\/es\/category\/moda-sostenible-lujo\/"},{"@type":"ListItem","position":3,"name":"Semana de la Moda de Taip\u00e9i SS25: Una audaz exploraci\u00f3n de la conciencia digital y el amor a la moda"}]},{"@type":"WebSite","@id":"https:\/\/luxiders.com\/es\/#website","url":"https:\/\/luxiders.com\/es\/","name":"Sustainable Fashion - Eco Design - Healthy Lifestyle - Luxiders Magazine","description":"Luxiders is a sustainable luxury magazine highlighting the best stories about sustainable fashion, ethical fashion, eco-friendly design, green design, sustainable travel, natural beauty, organic beauty and healthy lifestyle. Know the best high-end, progressive and luxury sustainable brands and designers worldwide.","publisher":{"@id":"https:\/\/luxiders.com\/es\/#organization"},"potentialAction":[{"@type":"SearchAction","target":{"@type":"EntryPoint","urlTemplate":"https:\/\/luxiders.com\/es\/?s={search_term_string}"},"query-input":{"@type":"PropertyValueSpecification","valueRequired":true,"valueName":"search_term_string"}}],"inLanguage":"es-ES"},{"@type":"Organization","@id":"https:\/\/luxiders.com\/es\/#organization","name":"Sustainable Fashion - Eco Design - Healthy Lifestyle - Luxiders Magazine","url":"https:\/\/luxiders.com\/es\/","logo":{"@type":"ImageObject","inLanguage":"es-ES","@id":"https:\/\/luxiders.com\/es\/#\/schema\/logo\/image\/","url":"https:\/\/luxiders.com\/content\/uploads\/lux-logo.svg","contentUrl":"https:\/\/luxiders.com\/content\/uploads\/lux-logo.svg","caption":"Sustainable Fashion - Eco Design - Healthy Lifestyle - Luxiders Magazine"},"image":{"@id":"https:\/\/luxiders.com\/es\/#\/schema\/logo\/image\/"}},{"@type":"Person","@id":"https:\/\/luxiders.com\/es\/#\/schema\/person\/8632fa702ae2ce98f66c396254633de8","name":"luxiders","url":"https:\/\/luxiders.com\/es\/author\/luxiders\/"}]}},"_links":{"self":[{"href":"https:\/\/luxiders.com\/es\/wp-json\/wp\/v2\/posts\/49495","targetHints":{"allow":["GET"]}}],"collection":[{"href":"https:\/\/luxiders.com\/es\/wp-json\/wp\/v2\/posts"}],"about":[{"href":"https:\/\/luxiders.com\/es\/wp-json\/wp\/v2\/types\/post"}],"author":[{"embeddable":true,"href":"https:\/\/luxiders.com\/es\/wp-json\/wp\/v2\/users\/2"}],"replies":[{"embeddable":true,"href":"https:\/\/luxiders.com\/es\/wp-json\/wp\/v2\/comments?post=49495"}],"version-history":[{"count":3,"href":"https:\/\/luxiders.com\/es\/wp-json\/wp\/v2\/posts\/49495\/revisions"}],"predecessor-version":[{"id":49704,"href":"https:\/\/luxiders.com\/es\/wp-json\/wp\/v2\/posts\/49495\/revisions\/49704"}],"wp:featuredmedia":[{"embeddable":true,"href":"https:\/\/luxiders.com\/es\/wp-json\/wp\/v2\/media\/49623"}],"wp:attachment":[{"href":"https:\/\/luxiders.com\/es\/wp-json\/wp\/v2\/media?parent=49495"}],"wp:term":[{"taxonomy":"category","embeddable":true,"href":"https:\/\/luxiders.com\/es\/wp-json\/wp\/v2\/categories?post=49495"},{"taxonomy":"post_tag","embeddable":true,"href":"https:\/\/luxiders.com\/es\/wp-json\/wp\/v2\/tags?post=49495"}],"curies":[{"name":"wp","href":"https:\/\/api.w.org\/{rel}","templated":true}]}}