{"id":49756,"date":"2024-10-30T14:29:24","date_gmt":"2024-10-30T13:29:24","guid":{"rendered":"https:\/\/luxiders.com\/?p=49756"},"modified":"2024-10-30T16:04:31","modified_gmt":"2024-10-30T15:04:31","slug":"koki-nakano-sobre-musica-moda-y-su-vinculo-con-issey-miyake","status":"publish","type":"post","link":"https:\/\/luxiders.com\/es\/koki-nakano-sobre-musica-moda-y-su-vinculo-con-issey-miyake\/","title":{"rendered":"Koki Nakano | Sobre m\u00fasica, moda y su v\u00ednculo inquebrantable con Satoshi Kondo, de Issey Miyake"},"content":{"rendered":"    <section id=\"textblock-block_cb06aff3a2a9378c068610b34093375c\" class=\"section position-relative gp-block gp-textblock pt-0 pb-0\">\n        <div class=\"container\">\n            <div class=\"row g-0\">\n                <div class=\"col-lg-12 content\" data-aos=\"fade-in\" data-aos-duration=\"1000\">\n                                                                                    <div class=\"intro \">\n                            <p>&nbsp;<\/p>\n<p class=\"p1\" style=\"text-align: center;\">El compositor y pianista japon\u00e9s Koki Nakano ha cautivado a las audiencias durante a\u00f1os con sus composiciones llenas de alma, pero su talento va m\u00e1s all\u00e1 de la sala de conciertos. Durante a\u00f1os, Nakano ha sido una fuerza creativa fundamental detr\u00e1s de la ic\u00f3nica casa de moda Issey Miyake, moldeando su paisaje musical y aportando un sonido \u00fanico a sus dise\u00f1os vanguardistas. En una entrevista exclusiva con Luxiders Magazine, Nakano revela la profunda sinergia entre su m\u00fasica y la visi\u00f3n creativa del director creativo de Issey Miyake, Satoshi Kondo.<\/p>\n                        <\/div>\n                                                                                                <\/div>\n            <\/div>\n        <\/div>\n    <\/section>\n    \n\n    <section id=\"newsletter-block_a885afbded6ba0f1bd7eda1e7acf8c1a\" class=\"section position-relative gp-block gp-newsletter pt-0 pb-0 my-5\">\n        <div class=\"container\">\n            <div class=\"row g-0 pt-4 pb-3\">\n                <div class=\"col-lg-12 content text-center border pt-3\" data-aos=\"fade-in\" data-aos-duration=\"1000\">\n                                            <p><em>Para recibir el Newsletter de Luxiders Magazine,\u00a0<a href=\"https:\/\/landing.mailerlite.com\/webforms\/landing\/w2a1t0\" target=\"_blank\" rel=\"noopener\">suscr\u00edbete aqu\u00ed<\/a><\/em><\/p>\n                                    <\/div>\n            <\/div>\n        <\/div>\n    <\/section>\n    \n\n    <section id=\"textblock-block_b0862edaa6fe79dbff11194265611479\" class=\"section position-relative gp-block gp-textblock pt-0 pb-0\">\n        <div class=\"container\">\n            <div class=\"row g-0\">\n                <div class=\"col-lg-12 content\" data-aos=\"fade-in\" data-aos-duration=\"1000\">\n                                                                        <h2 class=\"\"><b>Entrevista con el compositor y pianista japon\u00e9s Koki Nakano<\/b>\n<\/h2>\n                                                                                                        <p><strong>\u00bfC\u00f3mo surgi\u00f3 inicialmente tu colaboraci\u00f3n con Issey Miyake?<\/strong><\/p>\n<p>Me pidieron que compusiera m\u00fasica para la colecci\u00f3n Primavera\/Verano 2023 en Par\u00eds. Me emocion\u00f3 saber que el dise\u00f1ador principal, el Sr. Satoshi Kondo, tiene todos mis \u00e1lbumes y los escucha mientras dise\u00f1a. Me lo coment\u00f3 durante nuestra primera reuni\u00f3n, lo cual fue un excelente comienzo para nuestra colaboraci\u00f3n.<\/p>\n<p>&nbsp;<\/p>\n<p><strong>\u00bfQu\u00e9 aspectos de la filosof\u00eda del dise\u00f1o de Issey Miyake resuenan m\u00e1s con tu propio enfoque al componer m\u00fasica?<\/strong><\/p>\n<p>Admiro su concepto de continuidad y fluidez, explorando nuevas formas mientras cortan la tela lo menos posible. El Sr. Kondo no teme colocar principios simples como \u201calegr\u00eda\u201d o \u201cesperanza\u201d en el centro de su innovadora y sutil artesan\u00eda. Me fascina su enfoque, que siempre celebra la humanidad mientras explora los l\u00edmites del dise\u00f1o contempor\u00e1neo con perspectivas \u00fanicas. A menudo reflexiono sobre la idea de un compositor famoso que dec\u00eda que una frase contiene toda la informaci\u00f3n necesaria para su desarrollo. Me tomo mi tiempo para descubrir la progresi\u00f3n m\u00e1s aut\u00e9ntica de cualquier material con potencial, lo cual se alinea con el principio de Issey Miyake de \u201cUna Pieza de Tela.\u201d<\/p>\n<p>&nbsp;<\/p>\n<p><strong>\u00bfPodr\u00edas describir el proceso de creaci\u00f3n musical para los desfiles de Issey Miyake? \u00bfC\u00f3mo traduces los aspectos visuales y t\u00e1ctiles de la moda en sonido?<\/strong><\/p>\n<p>He trabajado en dos colecciones con ellos. Para ambas, tuvimos reuniones extensas antes de que comenzara a componer. El Sr. Kondo y su equipo me compartieron los conceptos, prototipos y tableros de inspiraci\u00f3n de las colecciones. A partir de ah\u00ed, investigo materiales que reflejen el tema y trato de crear una narrativa emocional que abarque los 15-18 minutos de duraci\u00f3n del desfile. Siempre intento crear una experiencia en la que modelos y p\u00fablico se sumerjan en el universo que Issey Miyake ha creado. En l\u00ednea con su principio de \u201cUna Pieza de Tela\u201d, intento que la m\u00fasica fluya como un \u201clargo suspiro\u201d a lo largo de todo el desfile.<\/p>\n<p>&nbsp;<\/p>\n<p><strong>Issey Miyake es conocido por combinar la artesan\u00eda tradicional con tecnolog\u00eda de vanguardia. \u00bfC\u00f3mo influye esta mezcla de tradici\u00f3n e innovaci\u00f3n en tu proceso creativo en esta colaboraci\u00f3n?<\/strong><\/p>\n<p>Mi formaci\u00f3n cl\u00e1sica, mi cari\u00f1o por los sonidos ac\u00fasticos y naturales, y mi curiosidad por los nuevos materiales, especialmente en la m\u00fasica electr\u00f3nica, encajan bien con su enfoque. Esta mezcla de tradici\u00f3n e innovaci\u00f3n resuena naturalmente con mi propio trabajo.<\/p>\n<p>&nbsp;<\/p>\n<p><strong>La moda y la m\u00fasica tienen el poder de evocar emociones y contar historias. \u00bfC\u00f3mo sientes que tu m\u00fasica complementa o contrasta con la ropa en las colecciones de Issey Miyake?<\/strong><\/p>\n<p>Me considero una persona y un int\u00e9rprete emocional. He actuado en vivo para mis colaboraciones anteriores con ellos, y lo que busco aportar a la colecci\u00f3n es un viaje emocional.<\/p>\n                                                        <\/div>\n            <\/div>\n        <\/div>\n    <\/section>\n    \n\n    <section id=\"media-block_2eab3bca35f5233816d4bb746a448028\" class=\"section position-relative gp-block gp-media pt-5 pb-0\">\n        <div class=\"container\">\n            <div class=\"row g-0\">\n                <div class=\"col-lg-12 content\" data-aos=\"fade-in\" data-aos-duration=\"1000\">\n                                                                            <\/div>\n            <\/div>\n            <div class=\"row g-0\">\n                <div class=\"col-lg-12 img-scaled\">\n                                                                                                                                                <figure class=\"mb-4 pt-lg-2 mb-lg-3 ps-lg-0 pe-lg-4\" data-aos=\"fade-up\" data-aos-duration=\"1000\"><div class=\"img-container\"><img loading=\"lazy\" decoding=\"async\" width=\"1200\" height=\"800\" src=\"https:\/\/luxiders.com\/content\/uploads\/Luxiders-magazine-ISSEY-MIYAKE_AW24_SHOW-IMAGES_07_High.jpeg\" class=\"img-fluid w-100\" alt=\"\" srcset=\"https:\/\/luxiders.com\/content\/uploads\/Luxiders-magazine-ISSEY-MIYAKE_AW24_SHOW-IMAGES_07_High.jpeg 1200w, https:\/\/luxiders.com\/content\/uploads\/Luxiders-magazine-ISSEY-MIYAKE_AW24_SHOW-IMAGES_07_High-300x200.jpeg 300w, https:\/\/luxiders.com\/content\/uploads\/Luxiders-magazine-ISSEY-MIYAKE_AW24_SHOW-IMAGES_07_High-1024x683.jpeg 1024w, https:\/\/luxiders.com\/content\/uploads\/Luxiders-magazine-ISSEY-MIYAKE_AW24_SHOW-IMAGES_07_High-768x512.jpeg 768w\" sizes=\"(max-width: 1200px) 100vw, 1200px\" \/><\/div><figcaption>\u00a9\ufe0e ISSEY MIYAKE INC.<\/figcaption><\/figure>                                                                                            <\/div>\n                                            <\/div>\n        <\/div>\n    <\/section>\n    \n\n    <section id=\"textblock-block_25768366be9374dc43d7afee20ea8b8c\" class=\"section position-relative gp-block gp-textblock pt-0 pb-0\">\n        <div class=\"container\">\n            <div class=\"row g-0\">\n                <div class=\"col-lg-12 content\" data-aos=\"fade-in\" data-aos-duration=\"1000\">\n                                                                                                                            <div class=\"highlighted mt-5 mt-lg-6 px-lg-5\">\n                            <p style=\"text-align: center;\">\u201cCuando Satoshi comparti\u00f3 que dise\u00f1a mientras escucha mis \u00e1lbumes, me sent\u00ed profundamente conmovido,\u201d confiesa Nakano. Esta colaboraci\u00f3n es m\u00e1s que un encuentro de dos formas de arte; es una conversaci\u00f3n continua de texturas, emociones e inspiraci\u00f3n, que fusiona la moda y la m\u00fasica en una experiencia inmersiva.<\/p>\n                        <\/div>\n                                                        <\/div>\n            <\/div>\n        <\/div>\n    <\/section>\n    \n\n    <section id=\"media-block_6fd5155aacb7da15422a2900a952cfca\" class=\"section position-relative gp-block gp-media pt-0 pb-0\">\n        <div class=\"container\">\n            <div class=\"row g-0\">\n                <div class=\"col-lg-12 content\" data-aos=\"fade-in\" data-aos-duration=\"1000\">\n                                                                            <\/div>\n            <\/div>\n            <div class=\"row g-0\">\n                <div class=\"col-lg-6 \">\n                                                                                                                                                <figure class=\"mb-4 pt-lg-7 mb-lg-4 ps-lg-4 pe-lg-4\" data-aos=\"fade-up\" data-aos-duration=\"1000\"><div class=\"img-container\"><img loading=\"lazy\" decoding=\"async\" width=\"800\" height=\"664\" src=\"https:\/\/luxiders.com\/content\/uploads\/KOKI_HD_V2_01_LOW.jpeg\" class=\"img-fluid w-100\" alt=\"Koki Nakano at ISSEY MIYAKE AW24 SHOW\" srcset=\"https:\/\/luxiders.com\/content\/uploads\/KOKI_HD_V2_01_LOW.jpeg 800w, https:\/\/luxiders.com\/content\/uploads\/KOKI_HD_V2_01_LOW-300x249.jpeg 300w, https:\/\/luxiders.com\/content\/uploads\/KOKI_HD_V2_01_LOW-768x637.jpeg 768w\" sizes=\"(max-width: 800px) 100vw, 800px\" \/><\/div><figcaption>Koki Nakano at ISSEY MIYAKE AW24 SHOW<\/figcaption><\/figure>                                                                                            <\/div>\n                                    <div class=\"col-lg-6\">\n                                                                                                                                                        <figure class=\"mb-4 pt-lg-10 mb-lg-4 ps-lg-3 pe-lg-3\" data-aos=\"fade-up\" data-aos-duration=\"1000\"><div class=\"img-container\"><img loading=\"lazy\" decoding=\"async\" width=\"800\" height=\"964\" src=\"https:\/\/luxiders.com\/content\/uploads\/KOKI_HD_V2_02_LOW.jpeg\" class=\"img-fluid w-100\" alt=\"Koki Nakano at ISSEY MIYAKE AW24 SHOW\" srcset=\"https:\/\/luxiders.com\/content\/uploads\/KOKI_HD_V2_02_LOW.jpeg 800w, https:\/\/luxiders.com\/content\/uploads\/KOKI_HD_V2_02_LOW-249x300.jpeg 249w, https:\/\/luxiders.com\/content\/uploads\/KOKI_HD_V2_02_LOW-768x925.jpeg 768w, https:\/\/luxiders.com\/content\/uploads\/KOKI_HD_V2_02_LOW-80x95.jpeg 80w\" sizes=\"(max-width: 800px) 100vw, 800px\" \/><\/div><figcaption>Koki Nakano at ISSEY MIYAKE AW24 SHOW<\/figcaption><\/figure>                                                                                                        <\/div>\n                                            <\/div>\n        <\/div>\n    <\/section>\n    \n\n    <section id=\"textblock-block_100baa0301913d7fce4e1c2df627cffd\" class=\"section position-relative gp-block gp-textblock pt-0 pb-0\">\n        <div class=\"container\">\n            <div class=\"row g-0\">\n                <div class=\"col-lg-12 content\" data-aos=\"fade-in\" data-aos-duration=\"1000\">\n                                                                        <h2 class=\"\">Sostenibilidad en m\u00fasica y moda\n<\/h2>\n                                                                                                        <p><strong>La sostenibilidad se est\u00e1 convirtiendo en un tema importante tanto en la industria de la moda como en la de la m\u00fasica. \u00bfDe qu\u00e9 formas ves que tu m\u00fasica interact\u00faa con ideas de sostenibilidad? \u00bfC\u00f3mo ha influido tu colaboraci\u00f3n con Issey Miyake en tus perspectivas sobre la conciencia ambiental en el arte?<\/strong><\/p>\n<p>Me gusta pensar en nuestros cuerpos como extensiones del entorno, en lugar de verlos en oposici\u00f3n a \u00e9l. Issey Miyake a menudo utiliza expresiones como \u201cvestidos por la naturaleza\u201d, y sus prendas a veces act\u00faan como modelos \u00fanicos de la conexi\u00f3n entre el entorno y nuestros cuerpos. Este concepto ha sido inspirador para m\u00ed.<\/p>\n<p>&nbsp;<\/p>\n<p><strong>\u00bfCrees que la m\u00fasica, al igual que la moda, puede contribuir a las conversaciones sobre sostenibilidad? \u00bfC\u00f3mo?<\/strong><\/p>\n<p>S\u00ed, creo que los creadores pueden introducir diversas formas de alegr\u00eda y juego, lo cual puede cambiar nuestra forma de pensar sobre el desarrollo y el consumo. Al fomentar una progresi\u00f3n no lineal, podemos promover una mentalidad m\u00e1s sostenible. Veo esto como uno de los roles m\u00e1s importantes de la creaci\u00f3n en la actualidad.<\/p>\n<p>&nbsp;<\/p>\n<p><strong>En tus composiciones, \u00bfpiensas conscientemente en crear de una manera \u201csostenible\u201d art\u00edsticamente, tal vez enfoc\u00e1ndote en la longevidad o en la resonancia emocional en lugar de en obras impulsadas por las tendencias? \u00bfPuedes dar un ejemplo de una pieza o proyecto en el que hayas incorporado principios de sostenibilidad, ya sea conceptualmente o pr\u00e1cticamente?<\/strong><\/p>\n<p>Mi primer \u00e1lbum, <em>Pre-choreographed<\/em>, explor\u00f3 la inseparabilidad entre el movimiento y el sonido. Mi \u00e1lbum anterior, <em>Oceanic Feeling<\/em>, se inspir\u00f3 en el concepto del poeta franc\u00e9s Romain Rolland de \u201cuna sensaci\u00f3n de eternidad\u201d y \u201cun sentimiento de unidad con el mundo externo.\u201d Mi \u00faltimo \u00e1lbum, <em>Ulul\u014d<\/em>, se centra en las luchas de la existencia en un mundo definido por limitaciones, con un sentido de romanticismo.<\/p>\n<p>Mi inter\u00e9s radica en crear m\u00fasica que explore los marcos y limitaciones que nos rodean, haci\u00e9ndolos tan fluidos y suaves como sea posible. Por ejemplo, cada vez que escucho el segundo movimiento del <em>Concierto para piano en sol mayor<\/em> de M. Ravel, me conmueve c\u00f3mo sus melod\u00edas me llenan y acompa\u00f1an. Tengo un respeto inmenso por los m\u00e9todos de la m\u00fasica occidental que logran esta sensaci\u00f3n a trav\u00e9s de armon\u00edas y orquestaciones. Como artista no occidental, busco aportar algo nuevo a esta calidez, utilizando tanto instrumentos tradicionales como tecnolog\u00eda moderna.<\/p>\n                                                        <\/div>\n            <\/div>\n        <\/div>\n    <\/section>\n    \n\n    <section id=\"media-block_28aa5e95507801084b537abd21cc6b64\" class=\"section position-relative gp-block gp-media pt-0 pb-0\">\n        <div class=\"container\">\n            <div class=\"row g-0\">\n                <div class=\"col-lg-12 content\" data-aos=\"fade-in\" data-aos-duration=\"1000\">\n                                                                            <\/div>\n            <\/div>\n            <div class=\"row g-0\">\n                <div class=\"col-lg-6 \">\n                                                                                                                                                <figure class=\"mb-4 pt-lg-7 mb-lg-4 ps-lg-1 pe-lg-4\" data-aos=\"fade-up\" data-aos-duration=\"1000\"><div class=\"img-container\"><img loading=\"lazy\" decoding=\"async\" width=\"1200\" height=\"800\" src=\"https:\/\/luxiders.com\/content\/uploads\/Luxiders-magazine-imi_SS23_HD_25.jpeg\" class=\"img-fluid w-100\" alt=\"Koki Nakano at ISSEY MIYAKE AW24 SHOW\" srcset=\"https:\/\/luxiders.com\/content\/uploads\/Luxiders-magazine-imi_SS23_HD_25.jpeg 1200w, https:\/\/luxiders.com\/content\/uploads\/Luxiders-magazine-imi_SS23_HD_25-300x200.jpeg 300w, https:\/\/luxiders.com\/content\/uploads\/Luxiders-magazine-imi_SS23_HD_25-1024x683.jpeg 1024w, https:\/\/luxiders.com\/content\/uploads\/Luxiders-magazine-imi_SS23_HD_25-768x512.jpeg 768w\" sizes=\"(max-width: 1200px) 100vw, 1200px\" \/><\/div><figcaption>Koki Nakano at ISSEY MIYAKE AW24 SHOW<\/figcaption><\/figure>                                                                                            <\/div>\n                                    <div class=\"col-lg-6\">\n                                                                                                                                                        <figure class=\"mb-4 pt-lg-10 mb-lg-6 ps-lg-4 pe-lg-1\" data-aos=\"fade-up\" data-aos-duration=\"1000\"><div class=\"img-container\"><img loading=\"lazy\" decoding=\"async\" width=\"1200\" height=\"800\" src=\"https:\/\/luxiders.com\/content\/uploads\/ILuxiders-magazine-SSEY-MIYAKE_SS23_3.jpeg\" class=\"img-fluid w-100\" alt=\"Koki Nakano at ISSEY MIYAKE AW24 SHOW\" srcset=\"https:\/\/luxiders.com\/content\/uploads\/ILuxiders-magazine-SSEY-MIYAKE_SS23_3.jpeg 1200w, https:\/\/luxiders.com\/content\/uploads\/ILuxiders-magazine-SSEY-MIYAKE_SS23_3-300x200.jpeg 300w, https:\/\/luxiders.com\/content\/uploads\/ILuxiders-magazine-SSEY-MIYAKE_SS23_3-1024x683.jpeg 1024w, https:\/\/luxiders.com\/content\/uploads\/ILuxiders-magazine-SSEY-MIYAKE_SS23_3-768x512.jpeg 768w\" sizes=\"(max-width: 1200px) 100vw, 1200px\" \/><\/div><figcaption>Koki Nakano at ISSEY MIYAKE AW24 SHOW<\/figcaption><\/figure>                                                                                                        <\/div>\n                                            <\/div>\n        <\/div>\n    <\/section>\n    \n\n    <section id=\"media-block_1943ccc6ad59f0d6c8c18511f7ca043f\" class=\"section position-relative gp-block gp-media pt-0 pb-0\">\n        <div class=\"container\">\n            <div class=\"row g-0\">\n                <div class=\"col-lg-12 content\" data-aos=\"fade-in\" data-aos-duration=\"1000\">\n                                        <div style=\"text-align: center;\">\u00a0 \u00a0  <div class=\"brlbs-cmpnt-container brlbs-cmpnt-content-blocker brlbs-cmpnt-with-individual-styles\" data-borlabs-cookie-content-blocker-id=\"default\" data-borlabs-cookie-content=\"PGlmcmFtZSBzcmM9Imh0dHBzOi8vd3d3LnlvdXR1YmUuY29tL2VtYmVkL0hfVGszWXhHNHhvP3NpPTdzOHpkTlZ0a1JJZmFQNlYiIHdpZHRoPSI1NjAiIGhlaWdodD0iMzE1IiBmcmFtZWJvcmRlcj0iMCIgYWxsb3dmdWxsc2NyZWVuPSJhbGxvd2Z1bGxzY3JlZW4iPjwvaWZyYW1lPg==\"><div class=\"brlbs-cmpnt-cb-preset-a\"> <p class=\"brlbs-cmpnt-cb-description\">Sie sehen gerade einen Platzhalterinhalt von <strong>Standard<\/strong>. Um auf den eigentlichen Inhalt zuzugreifen, klicken Sie auf den Button unten. Bitte beachten Sie, dass dabei Daten an Drittanbieter weitergegeben werden.<\/p> <div class=\"brlbs-cmpnt-cb-buttons\"> <a class=\"brlbs-cmpnt-cb-btn\" href=\"#\" data-borlabs-cookie-unblock role=\"button\">Inhalt entsperren<\/a> <a class=\"brlbs-cmpnt-cb-btn\" href=\"#\" data-borlabs-cookie-accept-service role=\"button\" style=\"display: none\">Erforderlichen Service akzeptieren und Inhalte entsperren<\/a> <\/div> <a class=\"brlbs-cmpnt-cb-provider-toggle\" href=\"#\" data-borlabs-cookie-show-provider-information role=\"button\">Weitere Informationen<\/a> <\/div><\/div><\/div>\n                                    <\/div>\n            <\/div>\n            <div class=\"row g-0\">\n                <div class=\"col-lg-12 img-scaled\">\n                                                                                                                                                                                                                                            <\/div>\n                                            <\/div>\n        <\/div>\n    <\/section>\n    \n\n    <section id=\"textblock-block_9159d5fde9ccd08b607d5a771c70e390\" class=\"section position-relative gp-block gp-textblock pt-5 pb-0\">\n        <div class=\"container\">\n            <div class=\"row g-0\">\n                <div class=\"col-lg-12 content\" data-aos=\"fade-in\" data-aos-duration=\"1000\">\n                                                                        <h2 class=\"\">Filosof\u00eda Creativa y Direcciones Futuras\n<\/h2>\n                                                                                                        <p><strong>Muchas de tus composiciones parecen estar profundamente conectadas con la naturaleza y el flujo org\u00e1nico de la vida. \u00bfC\u00f3mo ves que estos elementos naturales se vinculan con el mensaje de sostenibilidad en tu m\u00fasica?<\/strong><\/p>\n<p>A menudo considero los sonidos del piano como mi voz o cuerpo, y otros elementos como su entorno o un paisaje dentro de mis composiciones. Suelo explorar diferentes equilibrios y relaciones entre estos dos aspectos; es una especie de investigaci\u00f3n personal para encontrar una relaci\u00f3n alternativa y mejor con el entorno.<\/p>\n<p>&nbsp;<\/p>\n<p><strong>Como compositor, \u00bfc\u00f3mo equilibras la innovaci\u00f3n con el respeto por la tradici\u00f3n, especialmente en el contexto de la sostenibilidad?<\/strong><\/p>\n<p>Mi enfoque en el movimiento corporal y la sensaci\u00f3n de gravedad siempre me lleva a la pregunta de \u201c\u00bfQu\u00e9 es la humanidad hoy en d\u00eda?\u201d Vivimos en una era en la que debemos navegar innumerables opciones sobre c\u00f3mo usamos la tecnolog\u00eda, y esta pregunta sigue siendo central en mi trabajo.<\/p>\n                                                        <\/div>\n            <\/div>\n        <\/div>\n    <\/section>\n    \n\n    <section id=\"media-block_90f7ae094a075a358948c7ac4f8493da\" class=\"section position-relative gp-block gp-media pt-0 pb-0\">\n        <div class=\"container\">\n            <div class=\"row g-0\">\n                <div class=\"col-lg-12 content\" data-aos=\"fade-in\" data-aos-duration=\"1000\">\n                                                                            <\/div>\n            <\/div>\n            <div class=\"row g-0\">\n                <div class=\"col-lg-12 img-scaled\">\n                                                                                                                                                <figure class=\"mb-4 pt-lg-3 mb-lg-0 ps-lg-1 pe-lg-1\" data-aos=\"fade-up\" data-aos-duration=\"1000\"><div class=\"img-container\"><img loading=\"lazy\" decoding=\"async\" width=\"1200\" height=\"800\" src=\"https:\/\/luxiders.com\/content\/uploads\/Luxiders-magazine-ISSEY-MIYAKE_AW24_SHOW-IMAGES_06_High.jpeg\" class=\"img-fluid w-100\" alt=\"\" srcset=\"https:\/\/luxiders.com\/content\/uploads\/Luxiders-magazine-ISSEY-MIYAKE_AW24_SHOW-IMAGES_06_High.jpeg 1200w, https:\/\/luxiders.com\/content\/uploads\/Luxiders-magazine-ISSEY-MIYAKE_AW24_SHOW-IMAGES_06_High-300x200.jpeg 300w, https:\/\/luxiders.com\/content\/uploads\/Luxiders-magazine-ISSEY-MIYAKE_AW24_SHOW-IMAGES_06_High-1024x683.jpeg 1024w, https:\/\/luxiders.com\/content\/uploads\/Luxiders-magazine-ISSEY-MIYAKE_AW24_SHOW-IMAGES_06_High-768x512.jpeg 768w\" sizes=\"(max-width: 1200px) 100vw, 1200px\" \/><\/div><figcaption>\u00a9\ufe0e ISSEY MIYAKE INC.<\/figcaption><\/figure>                                                                                            <\/div>\n                                            <\/div>\n        <\/div>\n    <\/section>\n    \n\n    <section id=\"textblock-block_b9dff559c0afba651f733668e4e22c6c\" class=\"section position-relative gp-block gp-textblock pt-5 pt-lg-8 pb-0\">\n        <div class=\"container\">\n            <div class=\"row g-0\">\n                <div class=\"col-lg-12 content\" data-aos=\"fade-in\" data-aos-duration=\"1000\">\n                                                                                                                                        <\/div>\n            <\/div>\n        <\/div>\n    <\/section>\n    \n\n    <section id=\"media-block_89aec6522b18b7ad97c064abff2a9eb8\" class=\"section position-relative gp-block gp-media text-center pt-0 pb-5 pb-lg-8\">\n        <div class=\"container\">\n            <div class=\"row g-0\">\n                <div class=\"col-lg-12 content\" data-aos=\"fade-in\" data-aos-duration=\"1000\">\n                                        <p style=\"text-align: center;\"><strong>+ All Images: \u00a9\ufe0e ISSEY MIYAKE INC.<\/strong><\/p>\n                                    <\/div>\n            <\/div>\n            <div class=\"row g-0\">\n                <div class=\"col-lg-12 img-scaled\">\n                                    <\/div>\n                                            <\/div>\n        <\/div>\n    <\/section>\n    ","protected":false},"excerpt":{"rendered":"","protected":false},"author":13,"featured_media":49786,"comment_status":"closed","ping_status":"closed","sticky":false,"template":"","format":"standard","meta":{"_acf_changed":false,"footnotes":""},"categories":[378,130],"tags":[],"class_list":{"0":"post-49756","1":"post","2":"type-post","3":"status-publish","4":"format-standard","5":"has-post-thumbnail","7":"category-arte-cultura","8":"category-moda-sostenible-lujo"},"acf":[],"yoast_head":"<title>Koki Nakano | Sobre m\u00fasica, moda y su v\u00ednculo con Issey Miyake<\/title>\n<meta name=\"description\" content=\"El compositor y pianista Koki Nakano ha cautivado al p\u00fablico con sus composiciones llenas de alma. Nakano ha colaborado con Issey Miyake.\" \/>\n<meta name=\"robots\" content=\"index, follow, max-snippet:-1, max-image-preview:large, max-video-preview:-1\" \/>\n<link rel=\"canonical\" href=\"https:\/\/luxiders.com\/es\/koki-nakano-sobre-musica-moda-y-su-vinculo-con-issey-miyake\/\" \/>\n<meta property=\"og:locale\" content=\"es_ES\" \/>\n<meta property=\"og:type\" content=\"article\" \/>\n<meta property=\"og:title\" content=\"Koki Nakano | Sobre m\u00fasica, moda y su v\u00ednculo con Issey Miyake\" \/>\n<meta property=\"og:description\" content=\"El compositor y pianista Koki Nakano ha cautivado al p\u00fablico con sus composiciones llenas de alma. Nakano ha colaborado con Issey Miyake.\" \/>\n<meta property=\"og:url\" content=\"https:\/\/luxiders.com\/es\/koki-nakano-sobre-musica-moda-y-su-vinculo-con-issey-miyake\/\" \/>\n<meta property=\"og:site_name\" content=\"Sustainable Fashion - Eco Design - Healthy Lifestyle - Luxiders Magazine\" \/>\n<meta property=\"article:published_time\" content=\"2024-10-30T13:29:24+00:00\" \/>\n<meta property=\"article:modified_time\" content=\"2024-10-30T15:04:31+00:00\" \/>\n<meta property=\"og:image\" content=\"https:\/\/luxiders.com\/content\/uploads\/Luxiders-magazine-imi_SS23_HD_25.jpeg\" \/>\n\t<meta property=\"og:image:width\" content=\"1200\" \/>\n\t<meta property=\"og:image:height\" content=\"800\" \/>\n\t<meta property=\"og:image:type\" content=\"image\/jpeg\" \/>\n<meta name=\"author\" content=\"Belvis Soler\" \/>\n<meta name=\"twitter:card\" content=\"summary_large_image\" \/>\n<meta name=\"twitter:label1\" content=\"Written by\" \/>\n\t<meta name=\"twitter:data1\" content=\"Belvis Soler\" \/>\n\t<meta name=\"twitter:label2\" content=\"Est. reading time\" \/>\n\t<meta name=\"twitter:data2\" content=\"6 minutes\" \/>\n<script type=\"application\/ld+json\" class=\"yoast-schema-graph\">{\"@context\":\"https:\/\/schema.org\",\"@graph\":[{\"@type\":\"Article\",\"@id\":\"https:\/\/luxiders.com\/es\/koki-nakano-sobre-musica-moda-y-su-vinculo-con-issey-miyake\/#article\",\"isPartOf\":{\"@id\":\"https:\/\/luxiders.com\/es\/koki-nakano-sobre-musica-moda-y-su-vinculo-con-issey-miyake\/\"},\"author\":{\"name\":\"Belvis Soler\",\"@id\":\"https:\/\/luxiders.com\/es\/#\/schema\/person\/217f552b70818614c3ca79c0fa2140dc\"},\"headline\":\"Koki Nakano | Sobre m\u00fasica, moda y su v\u00ednculo inquebrantable con Satoshi Kondo, de Issey Miyake\",\"datePublished\":\"2024-10-30T13:29:24+00:00\",\"dateModified\":\"2024-10-30T15:04:31+00:00\",\"mainEntityOfPage\":{\"@id\":\"https:\/\/luxiders.com\/es\/koki-nakano-sobre-musica-moda-y-su-vinculo-con-issey-miyake\/\"},\"wordCount\":17,\"publisher\":{\"@id\":\"https:\/\/luxiders.com\/es\/#organization\"},\"image\":{\"@id\":\"https:\/\/luxiders.com\/es\/koki-nakano-sobre-musica-moda-y-su-vinculo-con-issey-miyake\/#primaryimage\"},\"thumbnailUrl\":\"https:\/\/luxiders.com\/content\/uploads\/Luxiders-magazine-imi_SS23_HD_25.jpeg\",\"articleSection\":[\"Arte\/Cultura\",\"Moda\"],\"inLanguage\":\"es-ES\"},{\"@type\":\"WebPage\",\"@id\":\"https:\/\/luxiders.com\/es\/koki-nakano-sobre-musica-moda-y-su-vinculo-con-issey-miyake\/\",\"url\":\"https:\/\/luxiders.com\/es\/koki-nakano-sobre-musica-moda-y-su-vinculo-con-issey-miyake\/\",\"name\":\"Koki Nakano | Sobre m\u00fasica, moda y su v\u00ednculo con Issey Miyake\",\"isPartOf\":{\"@id\":\"https:\/\/luxiders.com\/es\/#website\"},\"primaryImageOfPage\":{\"@id\":\"https:\/\/luxiders.com\/es\/koki-nakano-sobre-musica-moda-y-su-vinculo-con-issey-miyake\/#primaryimage\"},\"image\":{\"@id\":\"https:\/\/luxiders.com\/es\/koki-nakano-sobre-musica-moda-y-su-vinculo-con-issey-miyake\/#primaryimage\"},\"thumbnailUrl\":\"https:\/\/luxiders.com\/content\/uploads\/Luxiders-magazine-imi_SS23_HD_25.jpeg\",\"datePublished\":\"2024-10-30T13:29:24+00:00\",\"dateModified\":\"2024-10-30T15:04:31+00:00\",\"description\":\"El compositor y pianista Koki Nakano ha cautivado al p\u00fablico con sus composiciones llenas de alma. Nakano ha colaborado con Issey Miyake.\",\"breadcrumb\":{\"@id\":\"https:\/\/luxiders.com\/es\/koki-nakano-sobre-musica-moda-y-su-vinculo-con-issey-miyake\/#breadcrumb\"},\"inLanguage\":\"es-ES\",\"potentialAction\":[{\"@type\":\"ReadAction\",\"target\":[\"https:\/\/luxiders.com\/es\/koki-nakano-sobre-musica-moda-y-su-vinculo-con-issey-miyake\/\"]}]},{\"@type\":\"ImageObject\",\"inLanguage\":\"es-ES\",\"@id\":\"https:\/\/luxiders.com\/es\/koki-nakano-sobre-musica-moda-y-su-vinculo-con-issey-miyake\/#primaryimage\",\"url\":\"https:\/\/luxiders.com\/content\/uploads\/Luxiders-magazine-imi_SS23_HD_25.jpeg\",\"contentUrl\":\"https:\/\/luxiders.com\/content\/uploads\/Luxiders-magazine-imi_SS23_HD_25.jpeg\",\"width\":1200,\"height\":800,\"caption\":\"Koki Nakano at ISSEY MIYAKE AW24 SHOW\"},{\"@type\":\"BreadcrumbList\",\"@id\":\"https:\/\/luxiders.com\/es\/koki-nakano-sobre-musica-moda-y-su-vinculo-con-issey-miyake\/#breadcrumb\",\"itemListElement\":[{\"@type\":\"ListItem\",\"position\":1,\"name\":\"Startseite\",\"item\":\"https:\/\/luxiders.com\/es\/\"},{\"@type\":\"ListItem\",\"position\":2,\"name\":\"Arte\/Cultura\",\"item\":\"https:\/\/luxiders.com\/es\/category\/arte-cultura\/\"},{\"@type\":\"ListItem\",\"position\":3,\"name\":\"Koki Nakano | Sobre m\u00fasica, moda y su v\u00ednculo inquebrantable con Satoshi Kondo, de Issey Miyake\"}]},{\"@type\":\"WebSite\",\"@id\":\"https:\/\/luxiders.com\/es\/#website\",\"url\":\"https:\/\/luxiders.com\/es\/\",\"name\":\"Sustainable Fashion - Eco Design - Healthy Lifestyle - Luxiders Magazine\",\"description\":\"Luxiders is a sustainable luxury magazine highlighting the best stories about sustainable fashion, ethical fashion, eco-friendly design, green design, sustainable travel, natural beauty, organic beauty and healthy lifestyle. Know the best high-end, progressive and luxury sustainable brands and designers worldwide.\",\"publisher\":{\"@id\":\"https:\/\/luxiders.com\/es\/#organization\"},\"potentialAction\":[{\"@type\":\"SearchAction\",\"target\":{\"@type\":\"EntryPoint\",\"urlTemplate\":\"https:\/\/luxiders.com\/es\/?s={search_term_string}\"},\"query-input\":{\"@type\":\"PropertyValueSpecification\",\"valueRequired\":true,\"valueName\":\"search_term_string\"}}],\"inLanguage\":\"es-ES\"},{\"@type\":\"Organization\",\"@id\":\"https:\/\/luxiders.com\/es\/#organization\",\"name\":\"Sustainable Fashion - Eco Design - Healthy Lifestyle - Luxiders Magazine\",\"url\":\"https:\/\/luxiders.com\/es\/\",\"logo\":{\"@type\":\"ImageObject\",\"inLanguage\":\"es-ES\",\"@id\":\"https:\/\/luxiders.com\/es\/#\/schema\/logo\/image\/\",\"url\":\"https:\/\/luxiders.com\/content\/uploads\/lux-logo.svg\",\"contentUrl\":\"https:\/\/luxiders.com\/content\/uploads\/lux-logo.svg\",\"caption\":\"Sustainable Fashion - Eco Design - Healthy Lifestyle - Luxiders Magazine\"},\"image\":{\"@id\":\"https:\/\/luxiders.com\/es\/#\/schema\/logo\/image\/\"}},{\"@type\":\"Person\",\"@id\":\"https:\/\/luxiders.com\/es\/#\/schema\/person\/217f552b70818614c3ca79c0fa2140dc\",\"name\":\"Belvis Soler\",\"url\":\"https:\/\/luxiders.com\/es\/author\/belvis-soler\/\"}]}<\/script>","yoast_head_json":{"title":"Koki Nakano | Sobre m\u00fasica, moda y su v\u00ednculo con Issey Miyake","description":"El compositor y pianista Koki Nakano ha cautivado al p\u00fablico con sus composiciones llenas de alma. Nakano ha colaborado con Issey Miyake.","robots":{"index":"index","follow":"follow","max-snippet":"max-snippet:-1","max-image-preview":"max-image-preview:large","max-video-preview":"max-video-preview:-1"},"canonical":"https:\/\/luxiders.com\/es\/koki-nakano-sobre-musica-moda-y-su-vinculo-con-issey-miyake\/","og_locale":"es_ES","og_type":"article","og_title":"Koki Nakano | Sobre m\u00fasica, moda y su v\u00ednculo con Issey Miyake","og_description":"El compositor y pianista Koki Nakano ha cautivado al p\u00fablico con sus composiciones llenas de alma. Nakano ha colaborado con Issey Miyake.","og_url":"https:\/\/luxiders.com\/es\/koki-nakano-sobre-musica-moda-y-su-vinculo-con-issey-miyake\/","og_site_name":"Sustainable Fashion - Eco Design - Healthy Lifestyle - Luxiders Magazine","article_published_time":"2024-10-30T13:29:24+00:00","article_modified_time":"2024-10-30T15:04:31+00:00","og_image":[{"width":1200,"height":800,"url":"https:\/\/luxiders.com\/content\/uploads\/Luxiders-magazine-imi_SS23_HD_25.jpeg","type":"image\/jpeg"}],"author":"Belvis Soler","twitter_card":"summary_large_image","twitter_misc":{"Written by":"Belvis Soler","Est. reading time":"6 minutes"},"schema":{"@context":"https:\/\/schema.org","@graph":[{"@type":"Article","@id":"https:\/\/luxiders.com\/es\/koki-nakano-sobre-musica-moda-y-su-vinculo-con-issey-miyake\/#article","isPartOf":{"@id":"https:\/\/luxiders.com\/es\/koki-nakano-sobre-musica-moda-y-su-vinculo-con-issey-miyake\/"},"author":{"name":"Belvis Soler","@id":"https:\/\/luxiders.com\/es\/#\/schema\/person\/217f552b70818614c3ca79c0fa2140dc"},"headline":"Koki Nakano | Sobre m\u00fasica, moda y su v\u00ednculo inquebrantable con Satoshi Kondo, de Issey Miyake","datePublished":"2024-10-30T13:29:24+00:00","dateModified":"2024-10-30T15:04:31+00:00","mainEntityOfPage":{"@id":"https:\/\/luxiders.com\/es\/koki-nakano-sobre-musica-moda-y-su-vinculo-con-issey-miyake\/"},"wordCount":17,"publisher":{"@id":"https:\/\/luxiders.com\/es\/#organization"},"image":{"@id":"https:\/\/luxiders.com\/es\/koki-nakano-sobre-musica-moda-y-su-vinculo-con-issey-miyake\/#primaryimage"},"thumbnailUrl":"https:\/\/luxiders.com\/content\/uploads\/Luxiders-magazine-imi_SS23_HD_25.jpeg","articleSection":["Arte\/Cultura","Moda"],"inLanguage":"es-ES"},{"@type":"WebPage","@id":"https:\/\/luxiders.com\/es\/koki-nakano-sobre-musica-moda-y-su-vinculo-con-issey-miyake\/","url":"https:\/\/luxiders.com\/es\/koki-nakano-sobre-musica-moda-y-su-vinculo-con-issey-miyake\/","name":"Koki Nakano | Sobre m\u00fasica, moda y su v\u00ednculo con Issey Miyake","isPartOf":{"@id":"https:\/\/luxiders.com\/es\/#website"},"primaryImageOfPage":{"@id":"https:\/\/luxiders.com\/es\/koki-nakano-sobre-musica-moda-y-su-vinculo-con-issey-miyake\/#primaryimage"},"image":{"@id":"https:\/\/luxiders.com\/es\/koki-nakano-sobre-musica-moda-y-su-vinculo-con-issey-miyake\/#primaryimage"},"thumbnailUrl":"https:\/\/luxiders.com\/content\/uploads\/Luxiders-magazine-imi_SS23_HD_25.jpeg","datePublished":"2024-10-30T13:29:24+00:00","dateModified":"2024-10-30T15:04:31+00:00","description":"El compositor y pianista Koki Nakano ha cautivado al p\u00fablico con sus composiciones llenas de alma. Nakano ha colaborado con Issey Miyake.","breadcrumb":{"@id":"https:\/\/luxiders.com\/es\/koki-nakano-sobre-musica-moda-y-su-vinculo-con-issey-miyake\/#breadcrumb"},"inLanguage":"es-ES","potentialAction":[{"@type":"ReadAction","target":["https:\/\/luxiders.com\/es\/koki-nakano-sobre-musica-moda-y-su-vinculo-con-issey-miyake\/"]}]},{"@type":"ImageObject","inLanguage":"es-ES","@id":"https:\/\/luxiders.com\/es\/koki-nakano-sobre-musica-moda-y-su-vinculo-con-issey-miyake\/#primaryimage","url":"https:\/\/luxiders.com\/content\/uploads\/Luxiders-magazine-imi_SS23_HD_25.jpeg","contentUrl":"https:\/\/luxiders.com\/content\/uploads\/Luxiders-magazine-imi_SS23_HD_25.jpeg","width":1200,"height":800,"caption":"Koki Nakano at ISSEY MIYAKE AW24 SHOW"},{"@type":"BreadcrumbList","@id":"https:\/\/luxiders.com\/es\/koki-nakano-sobre-musica-moda-y-su-vinculo-con-issey-miyake\/#breadcrumb","itemListElement":[{"@type":"ListItem","position":1,"name":"Startseite","item":"https:\/\/luxiders.com\/es\/"},{"@type":"ListItem","position":2,"name":"Arte\/Cultura","item":"https:\/\/luxiders.com\/es\/category\/arte-cultura\/"},{"@type":"ListItem","position":3,"name":"Koki Nakano | Sobre m\u00fasica, moda y su v\u00ednculo inquebrantable con Satoshi Kondo, de Issey Miyake"}]},{"@type":"WebSite","@id":"https:\/\/luxiders.com\/es\/#website","url":"https:\/\/luxiders.com\/es\/","name":"Sustainable Fashion - Eco Design - Healthy Lifestyle - Luxiders Magazine","description":"Luxiders is a sustainable luxury magazine highlighting the best stories about sustainable fashion, ethical fashion, eco-friendly design, green design, sustainable travel, natural beauty, organic beauty and healthy lifestyle. Know the best high-end, progressive and luxury sustainable brands and designers worldwide.","publisher":{"@id":"https:\/\/luxiders.com\/es\/#organization"},"potentialAction":[{"@type":"SearchAction","target":{"@type":"EntryPoint","urlTemplate":"https:\/\/luxiders.com\/es\/?s={search_term_string}"},"query-input":{"@type":"PropertyValueSpecification","valueRequired":true,"valueName":"search_term_string"}}],"inLanguage":"es-ES"},{"@type":"Organization","@id":"https:\/\/luxiders.com\/es\/#organization","name":"Sustainable Fashion - Eco Design - Healthy Lifestyle - Luxiders Magazine","url":"https:\/\/luxiders.com\/es\/","logo":{"@type":"ImageObject","inLanguage":"es-ES","@id":"https:\/\/luxiders.com\/es\/#\/schema\/logo\/image\/","url":"https:\/\/luxiders.com\/content\/uploads\/lux-logo.svg","contentUrl":"https:\/\/luxiders.com\/content\/uploads\/lux-logo.svg","caption":"Sustainable Fashion - Eco Design - Healthy Lifestyle - Luxiders Magazine"},"image":{"@id":"https:\/\/luxiders.com\/es\/#\/schema\/logo\/image\/"}},{"@type":"Person","@id":"https:\/\/luxiders.com\/es\/#\/schema\/person\/217f552b70818614c3ca79c0fa2140dc","name":"Belvis Soler","url":"https:\/\/luxiders.com\/es\/author\/belvis-soler\/"}]}},"_links":{"self":[{"href":"https:\/\/luxiders.com\/es\/wp-json\/wp\/v2\/posts\/49756","targetHints":{"allow":["GET"]}}],"collection":[{"href":"https:\/\/luxiders.com\/es\/wp-json\/wp\/v2\/posts"}],"about":[{"href":"https:\/\/luxiders.com\/es\/wp-json\/wp\/v2\/types\/post"}],"author":[{"embeddable":true,"href":"https:\/\/luxiders.com\/es\/wp-json\/wp\/v2\/users\/13"}],"replies":[{"embeddable":true,"href":"https:\/\/luxiders.com\/es\/wp-json\/wp\/v2\/comments?post=49756"}],"version-history":[{"count":3,"href":"https:\/\/luxiders.com\/es\/wp-json\/wp\/v2\/posts\/49756\/revisions"}],"predecessor-version":[{"id":49866,"href":"https:\/\/luxiders.com\/es\/wp-json\/wp\/v2\/posts\/49756\/revisions\/49866"}],"wp:featuredmedia":[{"embeddable":true,"href":"https:\/\/luxiders.com\/es\/wp-json\/wp\/v2\/media\/49786"}],"wp:attachment":[{"href":"https:\/\/luxiders.com\/es\/wp-json\/wp\/v2\/media?parent=49756"}],"wp:term":[{"taxonomy":"category","embeddable":true,"href":"https:\/\/luxiders.com\/es\/wp-json\/wp\/v2\/categories?post=49756"},{"taxonomy":"post_tag","embeddable":true,"href":"https:\/\/luxiders.com\/es\/wp-json\/wp\/v2\/tags?post=49756"}],"curies":[{"name":"wp","href":"https:\/\/api.w.org\/{rel}","templated":true}]}}