{"id":5069,"date":"2021-04-19T07:36:00","date_gmt":"2021-04-19T05:36:00","guid":{"rendered":"http:\/\/luxiders.com.w01cc729.kasserver.com\/?p=5069"},"modified":"2023-01-05T17:31:04","modified_gmt":"2023-01-05T16:31:04","slug":"moda-plus-size-inclusion","status":"publish","type":"post","link":"https:\/\/luxiders.com\/es\/moda-plus-size-inclusion\/","title":{"rendered":"Moda Plus Size | Una charla sobre la inclusi\u00f3n"},"content":{"rendered":"    <section id=\"textblock-block_0714dcc7cc139a73fed51c609f0ddfef\" class=\"section position-relative gp-block gp-textblock text-center pt-0 pb-5\">\n        <div class=\"container\">\n            <div class=\"row g-0\">\n                <div class=\"col-lg-12 content\" data-aos=\"fade-in\" data-aos-duration=\"1000\">\n                                                                                    <div class=\"intro px-lg-8\">\n                            <p style=\"text-align: center;\"><em>La moda plus size es un mercado que no para de crecer a nivel mundial, pero las empresas de moda se est\u00e1n quedando atr\u00e1s y no se ocupan de ello. Analicemos el tema m\u00e1s de cerca.<\/em><\/p>\n                        <\/div>\n                                                                                                <\/div>\n            <\/div>\n        <\/div>\n    <\/section>\n    \n\n    <section id=\"newsletter-block_a04b34b522863f0d483130d42f460a76\" class=\"section position-relative gp-block gp-newsletter pt-0 pb-0 my-5\">\n        <div class=\"container\">\n            <div class=\"row g-0 pt-4 pb-3\">\n                <div class=\"col-lg-12 content text-center border pt-3\" data-aos=\"fade-in\" data-aos-duration=\"1000\">\n                                            <p><em>Para recibir el Newsletter de Luxiders Magazine,\u00a0<a href=\"https:\/\/landing.mailerlite.com\/webforms\/landing\/w2a1t0\" target=\"_blank\" rel=\"noopener\">suscr\u00edbete aqu\u00ed<\/a><\/em><\/p>\n                                    <\/div>\n            <\/div>\n        <\/div>\n    <\/section>\n    \n\n    <section id=\"textblock-block_a8e149ff9f4f1f05688771f7eae9848e\" class=\"section position-relative gp-block gp-textblock pt-0 pb-0\">\n        <div class=\"container\">\n            <div class=\"row g-0\">\n                <div class=\"col-lg-12 content\" data-aos=\"fade-in\" data-aos-duration=\"1000\">\n                                                                                <p>&nbsp;<\/p>\n<p style=\"text-align: left;\">\nSi entras en lo que se cataloga como talla regular <em>(es decir, de 0 a 10 seg\u00fan los est\u00e1ndares de Estados Unidos)<\/em> lo m\u00e1s probable es que no tengas ning\u00fan problema a la hora de comprar ese vestido de \u00faltima moda que todas las influencers est\u00e1n usando, o la pr\u00f3xima pieza para la pr\u00f3xima temporada. Pero, si caes bajo el paraguas de la moda Plus Size, entonces las cosas se complican. La variedad de tallas grandes suele quedar relegada a un rinc\u00f3n oscuro de las tiendas, con suerte. Los consumidores se ven a menudo obligados a llevar s\u00f3lo unas pocas opciones que muchas veces no se ajustan bien y no tienen estilo.\u00a0 La industria de la moda ignora constantemente una realidad: hay personas de todas las tallas, no s\u00f3lo las que se nos muestran constantemente.<\/p>\n<p style=\"text-align: left;\">Los estudios han demostrado que s\u00f3lo en Estados Unidos alrededor del 67% de la poblaci\u00f3n femenina es de talla 14 en adelante, y es una constante tambi\u00e9n en Europa. Por ejemplo, mientras que en el Reino Unido el rango de talles habitualmente llega hasta el 10, la media de las mujeres es una talla 16. Las mujeres reales son de media m\u00e1s grandes que las tallas que nos ofrecen las tiendas.<\/p>\n                                            <div class=\"highlighted mt-5 mt-lg-6 px-lg-5\">\n                            <p style=\"text-align: center;\"><em>El mercado de tallas grandes para mujeres ha sido valorado en 9.800 millones de d\u00f3lares en 2019; <a href=\"https:\/\/www.prnewswire.com\/news-releases\/plus-size-clothing-market-to-reach-696-71-billion-globally-by-2027-at-5-9-cagr-says-allied-market-research-301262695.html\" target=\"_blank\" rel=\"noopener\">y seg\u00fan un estudio reciente, se espera que alcance los 697.712,1 millones de d\u00f3lares de 2021 a 2027.\u00a0<\/a><\/em><\/p>\n<p>&nbsp;<\/p>\n                        <\/div>\n                                                        <\/div>\n            <\/div>\n        <\/div>\n    <\/section>\n    \n\n    <section id=\"media-block_c1abcba27ef123e0e01b0080e7044743\" class=\"section position-relative gp-block gp-media pt-0 pb-0\">\n        <div class=\"container\">\n            <div class=\"row g-0\">\n                <div class=\"col-lg-12 content\" data-aos=\"fade-in\" data-aos-duration=\"1000\">\n                                                                            <\/div>\n            <\/div>\n            <div class=\"row g-0\">\n                <div class=\"col-lg-6 \">\n                                                                                                                                                <figure class=\"mb-4 pt-lg-2 mb-lg-0 ps-lg-0 pe-lg-0\" data-aos=\"fade-up\" data-aos-duration=\"1000\"><div class=\"img-container\"><img loading=\"lazy\" decoding=\"async\" width=\"640\" height=\"960\" src=\"https:\/\/luxiders.com\/content\/uploads\/marni_ss21_020-1.jpg\" class=\"img-fluid w-100\" alt=\"\" srcset=\"https:\/\/luxiders.com\/content\/uploads\/marni_ss21_020-1.jpg 640w, https:\/\/luxiders.com\/content\/uploads\/marni_ss21_020-1-200x300.jpg 200w\" sizes=\"(max-width: 640px) 100vw, 640px\" \/><\/div><figcaption>Marni SS21<\/figcaption><\/figure>                                                                                            <\/div>\n                                    <div class=\"col-lg-6\">\n                                                                                                                                                        <figure class=\"mb-4 pt-lg-2 mb-lg-8 ps-lg-4 pe-lg-0\" data-aos=\"fade-up\" data-aos-duration=\"1000\"><div class=\"img-container\"><img loading=\"lazy\" decoding=\"async\" width=\"640\" height=\"960\" src=\"https:\/\/luxiders.com\/content\/uploads\/Collina_strada-1.jpg\" class=\"img-fluid w-100\" alt=\"\" srcset=\"https:\/\/luxiders.com\/content\/uploads\/Collina_strada-1.jpg 640w, https:\/\/luxiders.com\/content\/uploads\/Collina_strada-1-200x300.jpg 200w\" sizes=\"(max-width: 640px) 100vw, 640px\" \/><\/div><figcaption>Collina Strada SS21<\/figcaption><\/figure>                                                                                                        <\/div>\n                                            <\/div>\n        <\/div>\n    <\/section>\n    \n\n    <section id=\"media-block_319c311c408cd2679a114f28c3d736ac\" class=\"section position-relative gp-block gp-media pt-0 pb-0\">\n        <div class=\"container\">\n            <div class=\"row g-0\">\n                <div class=\"col-lg-12 content\" data-aos=\"fade-in\" data-aos-duration=\"1000\">\n                                        <p>Si miramos las cifras, parece un mercado realmente rentable en el que muchas casas de moda estar\u00edan interesadas en aprovechar; pero, \u00bfpor qu\u00e9 la industria de la moda sigue ignorando la moda plus size?<\/p>\n<h3><\/h3>\n<h3>RETOS DE LA MODA PLUS SIZE<\/h3>\n<p>Hemos o\u00eddo muchas veces que la moda de tallas grandes no es rentable, porque requiere m\u00e1s tela y suele ser m\u00e1s cara. Pero los problemas van m\u00e1s all\u00e1. Hay una falta de estandarizaci\u00f3n de los cuerpos para todas las tallas. Las tallas m\u00e1s grandes requieren muchas veces un reajuste o cambio de los patrones.<\/p>\n<p>La percepci\u00f3n y comprensi\u00f3n de las diferentes formas y cuerpos es una dificultad constante. Una <a href=\"https:\/\/alvanon.com\/making-plus-size-clothing-is-more-complicated-than-just-extending-sizes\/\" target=\"_blank\" rel=\"noopener\">encuesta<\/a> realizada por Alvanon, una empresa de innovaci\u00f3n en moda, mostr\u00f3 que el 81% de las mujeres tienen una concepci\u00f3n err\u00f3nea de su propio tipo de cuerpo. Las marcas de moda suelen crear patrones pensando en el cuerpo femenino de &#8220;reloj de arena&#8221;; pero en realidad, ese no es el tipo de cuerpo m\u00e1s com\u00fan. Una vez m\u00e1s, a la industria de la moda le falta visi\u00f3n y diversidad.<\/p>\n<h3><\/h3>\n<h3>LA MODA SOSTENIBLE SIGUE FALTANDO<\/h3>\n<p style=\"text-align: left;\">La industria de la moda tiene una larga historia de marginaci\u00f3n y falta de diversidad, y nos alegra ver que las marcas sostenibles est\u00e1n trabajando para eliminarlas. Pero, en lo que respecta a la moda de tallas grandes, a\u00fan queda mucho camino por recorrer. Cuando se buscan opciones sostenibles, no hay muchas marcas que ofrezcan variedad de tallas grandes; y cuando se trata de moda de lujo, las opciones disminuyen a\u00fan m\u00e1s.<a href=\"https:\/\/luxiders.com\/sustainable-brands-erdem\/\" target=\"_blank\" rel=\"noopener\"> Erdem<\/a>, con sus estampados florales y su aire vintage, es una de las pocas casas que defienden la inclusi\u00f3n en su rango de talles.<\/p>\n                                    <\/div>\n            <\/div>\n            <div class=\"row g-0\">\n                <div class=\"col-lg-6 \">\n                                                                                                                                                <figure class=\"mb-4 pt-lg-5 mb-lg-1 ps-lg-0 pe-lg-0\" data-aos=\"fade-up\" data-aos-duration=\"1000\"><div class=\"img-container\"><img loading=\"lazy\" decoding=\"async\" width=\"640\" height=\"960\" src=\"https:\/\/luxiders.com\/content\/uploads\/versace_ss21_068-1.jpg\" class=\"img-fluid w-100\" alt=\"\" srcset=\"https:\/\/luxiders.com\/content\/uploads\/versace_ss21_068-1.jpg 640w, https:\/\/luxiders.com\/content\/uploads\/versace_ss21_068-1-200x300.jpg 200w\" sizes=\"(max-width: 640px) 100vw, 640px\" \/><\/div><figcaption>Versace SS21<\/figcaption><\/figure>                                                                                            <\/div>\n                                    <div class=\"col-lg-6\">\n                                                                                                                                                        <figure class=\"mb-4 pt-lg-5 mb-lg-6 ps-lg-10 pe-lg-0\" data-aos=\"fade-up\" data-aos-duration=\"1000\"><div class=\"img-container\"><img loading=\"lazy\" decoding=\"async\" width=\"640\" height=\"960\" src=\"https:\/\/luxiders.com\/content\/uploads\/ph5_ss21_015-1.jpg\" class=\"img-fluid w-100\" alt=\"\" srcset=\"https:\/\/luxiders.com\/content\/uploads\/ph5_ss21_015-1.jpg 640w, https:\/\/luxiders.com\/content\/uploads\/ph5_ss21_015-1-200x300.jpg 200w\" sizes=\"(max-width: 640px) 100vw, 640px\" \/><\/div><figcaption>PH5 SS21<\/figcaption><\/figure>                                                                                                        <\/div>\n                                            <\/div>\n        <\/div>\n    <\/section>\n    \n\n    <section id=\"media-block_1a18c04390991d32add50c42a259e179\" class=\"section position-relative gp-block gp-media pt-0 pb-0\">\n        <div class=\"container\">\n            <div class=\"row g-0\">\n                <div class=\"col-lg-12 content\" data-aos=\"fade-in\" data-aos-duration=\"1000\">\n                                        <p>&nbsp;<\/p>\n<h3 style=\"text-align: left;\">PARTE DE LA SOLUCI\u00d3N<\/h3>\n<p>Cuando comenz\u00f3 la pandemia y todas las tiendas tuvieron que cerrar r\u00e1pidamente, se produjo un aumento de las ventas online y de las aplicaciones que ayudan a los consumidores en el proceso de selecci\u00f3n. Stitch Fix es una app que, a trav\u00e9s de un algoritmo, sirve de asistente personal, proporcionando a los usuarios una variedad de opciones. En esta aplicaci\u00f3n, tienes que responder a una encuesta y proporcionar tus medidas para recibir en el futuro ropa que se ajuste a tu cuerpo.<\/p>\n<p>Con el aumento de personas que utilizan Stitch Fix, ha habido un aumento en la disponibilidad de las tallas que fueron compartidas por sus consumidores. Stitch Fix no s\u00f3lo pudo a\u00f1adir m\u00e1s variedad de tallas grandes, sino que tambi\u00e9n comparti\u00f3 las medidas proporcionadas a sus marcas asociadas; as\u00ed pudieron trabajar juntos para ofrecer una gama m\u00e1s amplia de opciones a sus consumidores. Si el patronaje y la falta de modelos era un problema para la creaci\u00f3n de moda de tallas grandes, esto bien podr\u00eda ser el comienzo de una soluci\u00f3n que las marcas de todo el mundo podr\u00edan implementar.<\/p>\n<p>Las nuevas generaciones, Millenials y Gen-Z, quieren sentirse identificadas con las marcas. Cada d\u00eda vemos m\u00e1s influencers de tallas grandes en las redes sociales que abogan por la inclusi\u00f3n de tallas en la moda. Tal vez sea el momento de decir adi\u00f3s a la moda plus size tal y como la conoc\u00edamos antes, y dar espacio a la inclusi\u00f3n en la industria para que dejemos de ignorar a las mujeres de todo el mundo que no encajan en los antiguos puntos de vista que ten\u00edamos sobre lo que debe ser la moda. Esperamos que los talles inclusivos dejen de ser una tendencia y se conviertan en una norma.<br \/>\n&nbsp;<\/p>\n<p><em><strong>+\u00a0 Words: Leila Salinas, Luxiders Magazine\u00a0<\/strong><\/em><br \/>\n&nbsp;<\/p>\n                                    <\/div>\n            <\/div>\n            <div class=\"row g-0\">\n                <div class=\"col-lg-12 img-scaled\">\n                                    <\/div>\n                                            <\/div>\n        <\/div>\n    <\/section>\n    ","protected":false},"excerpt":{"rendered":"","protected":false},"author":2,"featured_media":5558,"comment_status":"closed","ping_status":"closed","sticky":false,"template":"","format":"standard","meta":{"_acf_changed":false,"footnotes":""},"categories":[130],"tags":[380,1349,1347,193,2833],"class_list":["post-5069","post","type-post","status-publish","format-standard","has-post-thumbnail","category-moda-sostenible-lujo","tag-body-image-es","tag-inclusividad","tag-moda-plus-size","tag-sustainable-fashion-es","tag-sustainable-fashion-2-2"],"acf":[],"yoast_head":"<title>Moda Plus Size | Una charla sobre la inclusi\u00f3n | Luxiders<\/title>\n<meta name=\"description\" content=\"La exposici\u00f3n, concebida como una \u00f3pera en seis actos, echa un vistazo a la imaginaci\u00f3n y la imaginaci\u00f3n del dise\u00f1ador franc\u00e9s, con quien ha revolucionado el mundo de la moda desde los a\u00f1os 80.\" \/>\n<meta name=\"robots\" content=\"index, follow, max-snippet:-1, max-image-preview:large, max-video-preview:-1\" \/>\n<link rel=\"canonical\" href=\"https:\/\/luxiders.com\/es\/moda-plus-size-inclusion\/\" \/>\n<meta property=\"og:locale\" content=\"es_ES\" \/>\n<meta property=\"og:type\" content=\"article\" \/>\n<meta property=\"og:title\" content=\"Moda Plus Size | Una charla sobre la inclusi\u00f3n | Luxiders\" \/>\n<meta property=\"og:description\" content=\"La exposici\u00f3n, concebida como una \u00f3pera en seis actos, echa un vistazo a la imaginaci\u00f3n y la imaginaci\u00f3n del dise\u00f1ador franc\u00e9s, con quien ha revolucionado el mundo de la moda desde los a\u00f1os 80.\" \/>\n<meta property=\"og:url\" content=\"https:\/\/luxiders.com\/es\/moda-plus-size-inclusion\/\" \/>\n<meta property=\"og:site_name\" content=\"Sustainable Fashion - Eco Design - Healthy Lifestyle - Luxiders Magazine\" \/>\n<meta property=\"article:published_time\" content=\"2021-04-19T05:36:00+00:00\" \/>\n<meta property=\"article:modified_time\" content=\"2023-01-05T16:31:04+00:00\" \/>\n<meta property=\"og:image\" content=\"https:\/\/luxiders.com\/content\/uploads\/collina_ss21_028-1-1.jpg\" \/>\n\t<meta property=\"og:image:width\" content=\"1900\" \/>\n\t<meta property=\"og:image:height\" content=\"1028\" \/>\n\t<meta property=\"og:image:type\" content=\"image\/jpeg\" \/>\n<meta name=\"author\" content=\"luxiders\" \/>\n<meta name=\"twitter:card\" content=\"summary_large_image\" \/>\n<meta name=\"twitter:label1\" content=\"Written by\" \/>\n\t<meta name=\"twitter:data1\" content=\"luxiders\" \/>\n<script type=\"application\/ld+json\" class=\"yoast-schema-graph\">{\"@context\":\"https:\/\/schema.org\",\"@graph\":[{\"@type\":\"Article\",\"@id\":\"https:\/\/luxiders.com\/es\/moda-plus-size-inclusion\/#article\",\"isPartOf\":{\"@id\":\"https:\/\/luxiders.com\/es\/moda-plus-size-inclusion\/\"},\"author\":{\"name\":\"luxiders\",\"@id\":\"https:\/\/luxiders.com\/es\/#\/schema\/person\/8632fa702ae2ce98f66c396254633de8\"},\"headline\":\"Moda Plus Size | Una charla sobre la inclusi\u00f3n\",\"datePublished\":\"2021-04-19T05:36:00+00:00\",\"dateModified\":\"2023-01-05T16:31:04+00:00\",\"mainEntityOfPage\":{\"@id\":\"https:\/\/luxiders.com\/es\/moda-plus-size-inclusion\/\"},\"wordCount\":9,\"publisher\":{\"@id\":\"https:\/\/luxiders.com\/es\/#organization\"},\"image\":{\"@id\":\"https:\/\/luxiders.com\/es\/moda-plus-size-inclusion\/#primaryimage\"},\"thumbnailUrl\":\"https:\/\/luxiders.com\/content\/uploads\/collina_ss21_028-1-1.jpg\",\"keywords\":[\"body image\",\"inclusividad\",\"moda plus size\",\"sustainable fashion\",\"sustainable fashion\"],\"articleSection\":[\"Moda\"],\"inLanguage\":\"es-ES\"},{\"@type\":\"WebPage\",\"@id\":\"https:\/\/luxiders.com\/es\/moda-plus-size-inclusion\/\",\"url\":\"https:\/\/luxiders.com\/es\/moda-plus-size-inclusion\/\",\"name\":\"Moda Plus Size | Una charla sobre la inclusi\u00f3n | Luxiders\",\"isPartOf\":{\"@id\":\"https:\/\/luxiders.com\/es\/#website\"},\"primaryImageOfPage\":{\"@id\":\"https:\/\/luxiders.com\/es\/moda-plus-size-inclusion\/#primaryimage\"},\"image\":{\"@id\":\"https:\/\/luxiders.com\/es\/moda-plus-size-inclusion\/#primaryimage\"},\"thumbnailUrl\":\"https:\/\/luxiders.com\/content\/uploads\/collina_ss21_028-1-1.jpg\",\"datePublished\":\"2021-04-19T05:36:00+00:00\",\"dateModified\":\"2023-01-05T16:31:04+00:00\",\"description\":\"La exposici\u00f3n, concebida como una \u00f3pera en seis actos, echa un vistazo a la imaginaci\u00f3n y la imaginaci\u00f3n del dise\u00f1ador franc\u00e9s, con quien ha revolucionado el mundo de la moda desde los a\u00f1os 80.\",\"breadcrumb\":{\"@id\":\"https:\/\/luxiders.com\/es\/moda-plus-size-inclusion\/#breadcrumb\"},\"inLanguage\":\"es-ES\",\"potentialAction\":[{\"@type\":\"ReadAction\",\"target\":[\"https:\/\/luxiders.com\/es\/moda-plus-size-inclusion\/\"]}]},{\"@type\":\"ImageObject\",\"inLanguage\":\"es-ES\",\"@id\":\"https:\/\/luxiders.com\/es\/moda-plus-size-inclusion\/#primaryimage\",\"url\":\"https:\/\/luxiders.com\/content\/uploads\/collina_ss21_028-1-1.jpg\",\"contentUrl\":\"https:\/\/luxiders.com\/content\/uploads\/collina_ss21_028-1-1.jpg\",\"width\":1900,\"height\":1028},{\"@type\":\"BreadcrumbList\",\"@id\":\"https:\/\/luxiders.com\/es\/moda-plus-size-inclusion\/#breadcrumb\",\"itemListElement\":[{\"@type\":\"ListItem\",\"position\":1,\"name\":\"Startseite\",\"item\":\"https:\/\/luxiders.com\/es\/\"},{\"@type\":\"ListItem\",\"position\":2,\"name\":\"Moda\",\"item\":\"https:\/\/luxiders.com\/es\/category\/moda-sostenible-lujo\/\"},{\"@type\":\"ListItem\",\"position\":3,\"name\":\"Moda Plus Size | Una charla sobre la inclusi\u00f3n\"}]},{\"@type\":\"WebSite\",\"@id\":\"https:\/\/luxiders.com\/es\/#website\",\"url\":\"https:\/\/luxiders.com\/es\/\",\"name\":\"Sustainable Fashion - Eco Design - Healthy Lifestyle - Luxiders Magazine\",\"description\":\"Luxiders is a sustainable luxury magazine highlighting the best stories about sustainable fashion, ethical fashion, eco-friendly design, green design, sustainable travel, natural beauty, organic beauty and healthy lifestyle. Know the best high-end, progressive and luxury sustainable brands and designers worldwide.\",\"publisher\":{\"@id\":\"https:\/\/luxiders.com\/es\/#organization\"},\"potentialAction\":[{\"@type\":\"SearchAction\",\"target\":{\"@type\":\"EntryPoint\",\"urlTemplate\":\"https:\/\/luxiders.com\/es\/?s={search_term_string}\"},\"query-input\":{\"@type\":\"PropertyValueSpecification\",\"valueRequired\":true,\"valueName\":\"search_term_string\"}}],\"inLanguage\":\"es-ES\"},{\"@type\":\"Organization\",\"@id\":\"https:\/\/luxiders.com\/es\/#organization\",\"name\":\"Sustainable Fashion - Eco Design - Healthy Lifestyle - Luxiders Magazine\",\"url\":\"https:\/\/luxiders.com\/es\/\",\"logo\":{\"@type\":\"ImageObject\",\"inLanguage\":\"es-ES\",\"@id\":\"https:\/\/luxiders.com\/es\/#\/schema\/logo\/image\/\",\"url\":\"https:\/\/luxiders.com\/content\/uploads\/lux-logo.svg\",\"contentUrl\":\"https:\/\/luxiders.com\/content\/uploads\/lux-logo.svg\",\"caption\":\"Sustainable Fashion - Eco Design - Healthy Lifestyle - Luxiders Magazine\"},\"image\":{\"@id\":\"https:\/\/luxiders.com\/es\/#\/schema\/logo\/image\/\"}},{\"@type\":\"Person\",\"@id\":\"https:\/\/luxiders.com\/es\/#\/schema\/person\/8632fa702ae2ce98f66c396254633de8\",\"name\":\"luxiders\",\"url\":\"https:\/\/luxiders.com\/es\/author\/luxiders\/\"}]}<\/script>","yoast_head_json":{"title":"Moda Plus Size | Una charla sobre la inclusi\u00f3n | Luxiders","description":"La exposici\u00f3n, concebida como una \u00f3pera en seis actos, echa un vistazo a la imaginaci\u00f3n y la imaginaci\u00f3n del dise\u00f1ador franc\u00e9s, con quien ha revolucionado el mundo de la moda desde los a\u00f1os 80.","robots":{"index":"index","follow":"follow","max-snippet":"max-snippet:-1","max-image-preview":"max-image-preview:large","max-video-preview":"max-video-preview:-1"},"canonical":"https:\/\/luxiders.com\/es\/moda-plus-size-inclusion\/","og_locale":"es_ES","og_type":"article","og_title":"Moda Plus Size | Una charla sobre la inclusi\u00f3n | Luxiders","og_description":"La exposici\u00f3n, concebida como una \u00f3pera en seis actos, echa un vistazo a la imaginaci\u00f3n y la imaginaci\u00f3n del dise\u00f1ador franc\u00e9s, con quien ha revolucionado el mundo de la moda desde los a\u00f1os 80.","og_url":"https:\/\/luxiders.com\/es\/moda-plus-size-inclusion\/","og_site_name":"Sustainable Fashion - Eco Design - Healthy Lifestyle - Luxiders Magazine","article_published_time":"2021-04-19T05:36:00+00:00","article_modified_time":"2023-01-05T16:31:04+00:00","og_image":[{"width":1900,"height":1028,"url":"https:\/\/luxiders.com\/content\/uploads\/collina_ss21_028-1-1.jpg","type":"image\/jpeg"}],"author":"luxiders","twitter_card":"summary_large_image","twitter_misc":{"Written by":"luxiders"},"schema":{"@context":"https:\/\/schema.org","@graph":[{"@type":"Article","@id":"https:\/\/luxiders.com\/es\/moda-plus-size-inclusion\/#article","isPartOf":{"@id":"https:\/\/luxiders.com\/es\/moda-plus-size-inclusion\/"},"author":{"name":"luxiders","@id":"https:\/\/luxiders.com\/es\/#\/schema\/person\/8632fa702ae2ce98f66c396254633de8"},"headline":"Moda Plus Size | Una charla sobre la inclusi\u00f3n","datePublished":"2021-04-19T05:36:00+00:00","dateModified":"2023-01-05T16:31:04+00:00","mainEntityOfPage":{"@id":"https:\/\/luxiders.com\/es\/moda-plus-size-inclusion\/"},"wordCount":9,"publisher":{"@id":"https:\/\/luxiders.com\/es\/#organization"},"image":{"@id":"https:\/\/luxiders.com\/es\/moda-plus-size-inclusion\/#primaryimage"},"thumbnailUrl":"https:\/\/luxiders.com\/content\/uploads\/collina_ss21_028-1-1.jpg","keywords":["body image","inclusividad","moda plus size","sustainable fashion","sustainable fashion"],"articleSection":["Moda"],"inLanguage":"es-ES"},{"@type":"WebPage","@id":"https:\/\/luxiders.com\/es\/moda-plus-size-inclusion\/","url":"https:\/\/luxiders.com\/es\/moda-plus-size-inclusion\/","name":"Moda Plus Size | Una charla sobre la inclusi\u00f3n | Luxiders","isPartOf":{"@id":"https:\/\/luxiders.com\/es\/#website"},"primaryImageOfPage":{"@id":"https:\/\/luxiders.com\/es\/moda-plus-size-inclusion\/#primaryimage"},"image":{"@id":"https:\/\/luxiders.com\/es\/moda-plus-size-inclusion\/#primaryimage"},"thumbnailUrl":"https:\/\/luxiders.com\/content\/uploads\/collina_ss21_028-1-1.jpg","datePublished":"2021-04-19T05:36:00+00:00","dateModified":"2023-01-05T16:31:04+00:00","description":"La exposici\u00f3n, concebida como una \u00f3pera en seis actos, echa un vistazo a la imaginaci\u00f3n y la imaginaci\u00f3n del dise\u00f1ador franc\u00e9s, con quien ha revolucionado el mundo de la moda desde los a\u00f1os 80.","breadcrumb":{"@id":"https:\/\/luxiders.com\/es\/moda-plus-size-inclusion\/#breadcrumb"},"inLanguage":"es-ES","potentialAction":[{"@type":"ReadAction","target":["https:\/\/luxiders.com\/es\/moda-plus-size-inclusion\/"]}]},{"@type":"ImageObject","inLanguage":"es-ES","@id":"https:\/\/luxiders.com\/es\/moda-plus-size-inclusion\/#primaryimage","url":"https:\/\/luxiders.com\/content\/uploads\/collina_ss21_028-1-1.jpg","contentUrl":"https:\/\/luxiders.com\/content\/uploads\/collina_ss21_028-1-1.jpg","width":1900,"height":1028},{"@type":"BreadcrumbList","@id":"https:\/\/luxiders.com\/es\/moda-plus-size-inclusion\/#breadcrumb","itemListElement":[{"@type":"ListItem","position":1,"name":"Startseite","item":"https:\/\/luxiders.com\/es\/"},{"@type":"ListItem","position":2,"name":"Moda","item":"https:\/\/luxiders.com\/es\/category\/moda-sostenible-lujo\/"},{"@type":"ListItem","position":3,"name":"Moda Plus Size | Una charla sobre la inclusi\u00f3n"}]},{"@type":"WebSite","@id":"https:\/\/luxiders.com\/es\/#website","url":"https:\/\/luxiders.com\/es\/","name":"Sustainable Fashion - Eco Design - Healthy Lifestyle - Luxiders Magazine","description":"Luxiders is a sustainable luxury magazine highlighting the best stories about sustainable fashion, ethical fashion, eco-friendly design, green design, sustainable travel, natural beauty, organic beauty and healthy lifestyle. Know the best high-end, progressive and luxury sustainable brands and designers worldwide.","publisher":{"@id":"https:\/\/luxiders.com\/es\/#organization"},"potentialAction":[{"@type":"SearchAction","target":{"@type":"EntryPoint","urlTemplate":"https:\/\/luxiders.com\/es\/?s={search_term_string}"},"query-input":{"@type":"PropertyValueSpecification","valueRequired":true,"valueName":"search_term_string"}}],"inLanguage":"es-ES"},{"@type":"Organization","@id":"https:\/\/luxiders.com\/es\/#organization","name":"Sustainable Fashion - Eco Design - Healthy Lifestyle - Luxiders Magazine","url":"https:\/\/luxiders.com\/es\/","logo":{"@type":"ImageObject","inLanguage":"es-ES","@id":"https:\/\/luxiders.com\/es\/#\/schema\/logo\/image\/","url":"https:\/\/luxiders.com\/content\/uploads\/lux-logo.svg","contentUrl":"https:\/\/luxiders.com\/content\/uploads\/lux-logo.svg","caption":"Sustainable Fashion - Eco Design - Healthy Lifestyle - Luxiders Magazine"},"image":{"@id":"https:\/\/luxiders.com\/es\/#\/schema\/logo\/image\/"}},{"@type":"Person","@id":"https:\/\/luxiders.com\/es\/#\/schema\/person\/8632fa702ae2ce98f66c396254633de8","name":"luxiders","url":"https:\/\/luxiders.com\/es\/author\/luxiders\/"}]}},"_links":{"self":[{"href":"https:\/\/luxiders.com\/es\/wp-json\/wp\/v2\/posts\/5069","targetHints":{"allow":["GET"]}}],"collection":[{"href":"https:\/\/luxiders.com\/es\/wp-json\/wp\/v2\/posts"}],"about":[{"href":"https:\/\/luxiders.com\/es\/wp-json\/wp\/v2\/types\/post"}],"author":[{"embeddable":true,"href":"https:\/\/luxiders.com\/es\/wp-json\/wp\/v2\/users\/2"}],"replies":[{"embeddable":true,"href":"https:\/\/luxiders.com\/es\/wp-json\/wp\/v2\/comments?post=5069"}],"version-history":[{"count":3,"href":"https:\/\/luxiders.com\/es\/wp-json\/wp\/v2\/posts\/5069\/revisions"}],"predecessor-version":[{"id":5762,"href":"https:\/\/luxiders.com\/es\/wp-json\/wp\/v2\/posts\/5069\/revisions\/5762"}],"wp:featuredmedia":[{"embeddable":true,"href":"https:\/\/luxiders.com\/es\/wp-json\/wp\/v2\/media\/5558"}],"wp:attachment":[{"href":"https:\/\/luxiders.com\/es\/wp-json\/wp\/v2\/media?parent=5069"}],"wp:term":[{"taxonomy":"category","embeddable":true,"href":"https:\/\/luxiders.com\/es\/wp-json\/wp\/v2\/categories?post=5069"},{"taxonomy":"post_tag","embeddable":true,"href":"https:\/\/luxiders.com\/es\/wp-json\/wp\/v2\/tags?post=5069"}],"curies":[{"name":"wp","href":"https:\/\/api.w.org\/{rel}","templated":true}]}}