{"id":51358,"date":"2024-12-13T16:57:50","date_gmt":"2024-12-13T15:57:50","guid":{"rendered":"https:\/\/luxiders.com\/?p=51358"},"modified":"2024-12-16T14:40:02","modified_gmt":"2024-12-16T13:40:02","slug":"es-la-politica-el-hilo-que-falta-circular-fashion-collective-de-premiere-vision-paris-revela-los-desafios-de-la-moda-circular","status":"publish","type":"post","link":"https:\/\/luxiders.com\/es\/es-la-politica-el-hilo-que-falta-circular-fashion-collective-de-premiere-vision-paris-revela-los-desafios-de-la-moda-circular\/","title":{"rendered":"\u00bfEs la pol\u00edtica el hilo flojo? Circular Fashion Collective de Premi\u00e8re Vision Paris revela los desaf\u00edos de la moda circular"},"content":{"rendered":"    <section id=\"textblock-block_8e63183b909832a0882cb035d04de057\" class=\"section position-relative gp-block gp-textblock pt-0 pb-0\">\n        <div class=\"container\">\n            <div class=\"row g-0\">\n                <div class=\"col-lg-12 content\" data-aos=\"fade-in\" data-aos-duration=\"1000\">\n                                                                                    <div class=\"intro \">\n                            <p style=\"text-align: center;\">El futuro de la moda reside en su capacidad para adoptar la circularidad y la sostenibilidad. El Circular Fashion Collective de Premi\u00e8re Vision Paris celebr\u00f3 recientemente su evento de lanzamiento en Berl\u00edn, reuniendo a ocho dise\u00f1adores visionarios para explorar los desaf\u00edos y oportunidades de la moda circular. Desde sistemas innovadores de reciclaje hasta llamados a una transparencia unificada, el evento destac\u00f3 la urgente necesidad de colaboraci\u00f3n y cambios sist\u00e9micos en la industria.<\/p>\n                        <\/div>\n                                                                                                <\/div>\n            <\/div>\n        <\/div>\n    <\/section>\n    \n\n    <section id=\"newsletter-block_64e9e57d64c8c83aa35618fdb8cf1e88\" class=\"section position-relative gp-block gp-newsletter pt-0 pb-0 my-5\">\n        <div class=\"container\">\n            <div class=\"row g-0 pt-4 pb-3\">\n                <div class=\"col-lg-12 content text-center border pt-3\" data-aos=\"fade-in\" data-aos-duration=\"1000\">\n                                            <p><em>Para recibir el Newsletter de Luxiders Magazine,\u00a0<a href=\"https:\/\/landing.mailerlite.com\/webforms\/landing\/w2a1t0\" target=\"_blank\" rel=\"noopener\">suscr\u00edbete aqu\u00ed<\/a><\/em><\/p>\n                                    <\/div>\n            <\/div>\n        <\/div>\n    <\/section>\n    \n\n    <section id=\"textblock-block_1b3cbb7a3db5181cb87d2752a7c21dc7\" class=\"section position-relative gp-block gp-textblock pt-5 pb-5\">\n        <div class=\"container\">\n            <div class=\"row g-0\">\n                <div class=\"col-lg-12 content\" data-aos=\"fade-in\" data-aos-duration=\"1000\">\n                                                                                <p class=\"p1\">Cada a\u00f1o, el mundo genera 92 millones de toneladas de residuos textiles. Menos del 1% de la ropa desechada se recicla en nuevas prendas. La ineficiencia de las pr\u00e1cticas actuales de reciclaje ha dado lugar a una industria responsable del 10% de las emisiones globales de carbono. Estas estad\u00edsticas exigen una reforma urgente de los sistemas tradicionales de la moda.<\/p>\n                                                        <\/div>\n            <\/div>\n        <\/div>\n    <\/section>\n    \n\n    <section id=\"textblock-block_2280c3f4e768e9e40f51428a3e08b4ca\" class=\"section position-relative gp-block gp-textblock pt-5 pb-0\">\n        <div class=\"container\">\n            <div class=\"row g-0\">\n                <div class=\"col-lg-12 content\" data-aos=\"fade-in\" data-aos-duration=\"1000\">\n                                                                        <h2 class=\"\"><p data-pm-slice=\"1 1 []\">Nuevas Regulaciones Europeas: Un Catalizador para el Cambio\n<\/h2>\n                                                                                                        <p>La UE cuenta con una Estrategia para Textiles Sostenibles y Circulares, que incluye la <a href=\"https:\/\/luxiders.com\/es\/la-directiva-green-claims-el-siguiente-paso-de-la-ue-en-la-transicion-ecologica\/\" target=\"_blank\" rel=\"noopener\">Directiva de Green Claims<\/a>, el Plan de Acci\u00f3n para la Econom\u00eda Circular y la Estrategia Industrial Europea. Estas nuevas regulaciones tienen como objetivo abordar estos desaf\u00edos con pol\u00edticas que exigen que todos los productos textiles sean duraderos, reparables y reciclables. Los productores asumir\u00e1n una mayor responsabilidad por sus productos a lo largo de toda la cadena de suministro, allanando el camino para servicios rentables de reutilizaci\u00f3n y reparaci\u00f3n.<\/p>\n<p>Durante el evento de lanzamiento del <a href=\"https:\/\/luxiders.com\/es\/circular-fashion-collective-el-nuevo-proyecto-de-premiere-vision-paris\/\" target=\"_blank\" rel=\"noopener\">Circular Fashion Collective by Premi\u00e8re Vision Paris<\/a>, Mayouri Sengchanh, CEO de Exalis y representante de Premi\u00e8re Vision para Alemania, Austria, Suiza, los Pa\u00edses Bajos y Polonia, enfatiz\u00f3 la importancia de prepararse para estos cambios. Destac\u00f3 las iniciativas de Premi\u00e8re Vision Paris para introducir opciones de abastecimiento m\u00e1s \u00e9ticas y transparentes en su pr\u00f3xima edici\u00f3n, programada del 10 al 13 de febrero de 2025.<\/p>\n                                                        <\/div>\n            <\/div>\n        <\/div>\n    <\/section>\n    \n\n    <section id=\"media-block_23a0ba9d6615d7fa0f11235549e9fade\" class=\"section position-relative gp-block gp-media pt-5 pb-5\">\n        <div class=\"container\">\n            <div class=\"row g-0\">\n                <div class=\"col-lg-12 content\" data-aos=\"fade-in\" data-aos-duration=\"1000\">\n                                                                            <\/div>\n            <\/div>\n            <div class=\"row g-0\">\n                <div class=\"col-lg-6 \">\n                                                                                                                                                <figure class=\"mb-4 pt-lg-0 mb-lg-0 ps-lg-0 pe-lg-0\" data-aos=\"fade-up\" data-aos-duration=\"1000\"><div class=\"img-container\"><img loading=\"lazy\" decoding=\"async\" width=\"1200\" height=\"1800\" src=\"https:\/\/luxiders.com\/content\/uploads\/circular-fashion-collective_Societe_Angelique24869-Kopie.jpeg\" class=\"img-fluid w-100\" alt=\"\" srcset=\"https:\/\/luxiders.com\/content\/uploads\/circular-fashion-collective_Societe_Angelique24869-Kopie.jpeg 1200w, https:\/\/luxiders.com\/content\/uploads\/circular-fashion-collective_Societe_Angelique24869-Kopie-200x300.jpeg 200w, https:\/\/luxiders.com\/content\/uploads\/circular-fashion-collective_Societe_Angelique24869-Kopie-683x1024.jpeg 683w, https:\/\/luxiders.com\/content\/uploads\/circular-fashion-collective_Societe_Angelique24869-Kopie-768x1152.jpeg 768w, https:\/\/luxiders.com\/content\/uploads\/circular-fashion-collective_Societe_Angelique24869-Kopie-1024x1536.jpeg 1024w\" sizes=\"(max-width: 1200px) 100vw, 1200px\" \/><\/div><figcaption>\u00a9 Socie\u0301te\u0301 Angelique<\/figcaption><\/figure>                                                                                            <\/div>\n                                    <div class=\"col-lg-6\">\n                                                                                                                                                        <figure class=\"mb-4 pt-lg-0 mb-lg-0 ps-lg-0 pe-lg-0\" data-aos=\"fade-up\" data-aos-duration=\"1000\"><div class=\"img-container\"><img loading=\"lazy\" decoding=\"async\" width=\"1200\" height=\"1600\" src=\"https:\/\/luxiders.com\/content\/uploads\/circular-fashion-collective-Societe-Angelique_Day-1_0237-EDITED.jpeg\" class=\"img-fluid w-100\" alt=\"\" srcset=\"https:\/\/luxiders.com\/content\/uploads\/circular-fashion-collective-Societe-Angelique_Day-1_0237-EDITED.jpeg 1200w, https:\/\/luxiders.com\/content\/uploads\/circular-fashion-collective-Societe-Angelique_Day-1_0237-EDITED-225x300.jpeg 225w, https:\/\/luxiders.com\/content\/uploads\/circular-fashion-collective-Societe-Angelique_Day-1_0237-EDITED-768x1024.jpeg 768w, https:\/\/luxiders.com\/content\/uploads\/circular-fashion-collective-Societe-Angelique_Day-1_0237-EDITED-1152x1536.jpeg 1152w\" sizes=\"(max-width: 1200px) 100vw, 1200px\" \/><\/div><figcaption>\u00a9 Socie\u0301te\u0301 Angelique<\/figcaption><\/figure>                                                                                                        <\/div>\n                                            <\/div>\n        <\/div>\n    <\/section>\n    \n\n    <section id=\"media-block_472e23f19122e43e5b37e97a2f04b890\" class=\"section position-relative gp-block gp-media pt-5 pb-5\">\n        <div class=\"container\">\n            <div class=\"row g-0\">\n                <div class=\"col-lg-12 content\" data-aos=\"fade-in\" data-aos-duration=\"1000\">\n                                                                            <\/div>\n            <\/div>\n            <div class=\"row g-0\">\n                <div class=\"col-lg-6 \">\n                                                                                                                                                <figure class=\"mb-4 pt-lg-0 mb-lg-0 ps-lg-0 pe-lg-0\" data-aos=\"fade-up\" data-aos-duration=\"1000\"><div class=\"img-container\"><img loading=\"lazy\" decoding=\"async\" width=\"854\" height=\"1280\" src=\"https:\/\/luxiders.com\/content\/uploads\/circular-fashion-collective_PlaidAPorter_3276-0187.jpeg\" class=\"img-fluid w-100\" alt=\"upcycling coat\" srcset=\"https:\/\/luxiders.com\/content\/uploads\/circular-fashion-collective_PlaidAPorter_3276-0187.jpeg 854w, https:\/\/luxiders.com\/content\/uploads\/circular-fashion-collective_PlaidAPorter_3276-0187-200x300.jpeg 200w, https:\/\/luxiders.com\/content\/uploads\/circular-fashion-collective_PlaidAPorter_3276-0187-683x1024.jpeg 683w, https:\/\/luxiders.com\/content\/uploads\/circular-fashion-collective_PlaidAPorter_3276-0187-768x1151.jpeg 768w\" sizes=\"(max-width: 854px) 100vw, 854px\" \/><\/div><figcaption>\u00a9 Svenja Blobel for Plaid-A-Porter<\/figcaption><\/figure>                                                                                            <\/div>\n                                    <div class=\"col-lg-6\">\n                                                                                                                                                        <figure class=\"mb-4 pt-lg-10 mb-lg-0 ps-lg-5 pe-lg-0\" data-aos=\"fade-up\" data-aos-duration=\"1000\"><div class=\"img-container\"><img loading=\"lazy\" decoding=\"async\" width=\"854\" height=\"1280\" src=\"https:\/\/luxiders.com\/content\/uploads\/circular-fashion-collective__PlaidAPorter_0513-0187.jpeg\" class=\"img-fluid w-100\" alt=\"upcycling collection by Plaid A Porter\" srcset=\"https:\/\/luxiders.com\/content\/uploads\/circular-fashion-collective__PlaidAPorter_0513-0187.jpeg 854w, https:\/\/luxiders.com\/content\/uploads\/circular-fashion-collective__PlaidAPorter_0513-0187-200x300.jpeg 200w, https:\/\/luxiders.com\/content\/uploads\/circular-fashion-collective__PlaidAPorter_0513-0187-683x1024.jpeg 683w, https:\/\/luxiders.com\/content\/uploads\/circular-fashion-collective__PlaidAPorter_0513-0187-768x1151.jpeg 768w\" sizes=\"(max-width: 854px) 100vw, 854px\" \/><\/div><figcaption>\u00a9 Svenja Blobel for Plaid-A-Porter<\/figcaption><\/figure>                                                                                                        <\/div>\n                                            <\/div>\n        <\/div>\n    <\/section>\n    \n\n    <section id=\"textblock-block_3132b70cc30545c7fbf3fb72a3ab0dab\" class=\"section position-relative gp-block gp-textblock pt-0 pb-5\">\n        <div class=\"container\">\n            <div class=\"row g-0\">\n                <div class=\"col-lg-12 content\" data-aos=\"fade-in\" data-aos-duration=\"1000\">\n                                                                        <h2 class=\"\">Reflexiones de Dise\u00f1adores de Moda Circular\n<\/h2>\n                                                                                                        <p>Despu\u00e9s de la presentaci\u00f3n, <a href=\"https:\/\/www.instagram.com\/mayouri_s\/\" target=\"_blank\" rel=\"noopener\"><strong>Mayouri Sengchanh<\/strong><\/a> co-moder\u00f3 una mesa redonda junto a <strong><a href=\"https:\/\/www.instagram.com\/belvis_soler\/\" target=\"_blank\" rel=\"noopener\">Belvis Soler<\/a><\/strong>, cofundadora y editora en jefe de <strong>Luxiders Magazine<\/strong>, en la que participaron ocho dise\u00f1adores de moda para debatir en profundidad sobre los desaf\u00edos y las oportunidades de la moda circular.<\/p>\n<p>El <strong>upcycling<\/strong> se ha convertido en el nuevo est\u00e1ndar de lujo, transformando desechos en piezas \u00fanicas y exclusivas. Este proceso reta a los dise\u00f1adores a superar los l\u00edmites de la creatividad, reinventando materiales desechados en dise\u00f1os innovadores y significativos. Sus reflexiones revelaron tanto el inmenso potencial como los importantes obst\u00e1culos para lograr la circularidad.<\/p>\n                                            <div class=\"highlighted mt-5 mt-lg-6 px-lg-5\">\n                            <p style=\"text-align: center;\">\u201cHow many percent of the garments sold worldwide are coming from the vintage or upcycling processes? Only 2%. So we have a long way to go,\u201d said Mayouri Sengchanh, from Premi\u00e8re Vision Paris.<\/p>\n                        <\/div>\n                                                        <\/div>\n            <\/div>\n        <\/div>\n    <\/section>\n    \n\n    <section id=\"media-block_63d94a98c5b8cb6be42efedcb36263c7\" class=\"section position-relative gp-block gp-media pt-5 pb-0\">\n        <div class=\"container\">\n            <div class=\"row g-0\">\n                <div class=\"col-lg-12 content\" data-aos=\"fade-in\" data-aos-duration=\"1000\">\n                                                                            <\/div>\n            <\/div>\n            <div class=\"row g-0\">\n                <div class=\"col-lg-12 img-scaled\">\n                                                                                                                                                <figure class=\"mb-4 pt-lg-0 mb-lg-0 ps-lg-0 pe-lg-0\" data-aos=\"fade-up\" data-aos-duration=\"1000\"><div class=\"img-container\"><img loading=\"lazy\" decoding=\"async\" width=\"1024\" height=\"835\" src=\"https:\/\/luxiders.com\/content\/uploads\/Circular-Fashion-Collective1.jpg\" class=\"img-fluid w-100\" alt=\"\" srcset=\"https:\/\/luxiders.com\/content\/uploads\/Circular-Fashion-Collective1.jpg 1024w, https:\/\/luxiders.com\/content\/uploads\/Circular-Fashion-Collective1-300x245.jpg 300w, https:\/\/luxiders.com\/content\/uploads\/Circular-Fashion-Collective1-768x626.jpg 768w\" sizes=\"(max-width: 1024px) 100vw, 1024px\" \/><\/div><figcaption>\u00a9 GA\u00cbLLE LANG HALLOO<\/figcaption><\/figure>                                                                                            <\/div>\n                                            <\/div>\n        <\/div>\n    <\/section>\n    \n\n    <section id=\"media-block_5cebfae0c57c707cbc272cd4e6133772\" class=\"section position-relative gp-block gp-media pt-5 pb-5\">\n        <div class=\"container\">\n            <div class=\"row g-0\">\n                <div class=\"col-lg-12 content\" data-aos=\"fade-in\" data-aos-duration=\"1000\">\n                                                                            <\/div>\n            <\/div>\n            <div class=\"row g-0\">\n                <div class=\"col-lg-6 \">\n                                                                                                                                                <figure class=\"mb-4 pt-lg-10 mb-lg-0 ps-lg-0 pe-lg-0\" data-aos=\"fade-up\" data-aos-duration=\"1000\"><div class=\"img-container\"><img loading=\"lazy\" decoding=\"async\" width=\"768\" height=\"1024\" src=\"https:\/\/luxiders.com\/content\/uploads\/circular-fashion-collective__e0c64548-bc12-48de-9923-7644b786c9f6_1024x1024.jpg\" class=\"img-fluid w-100\" alt=\"Upcycling collection by Laura Gerte\" srcset=\"https:\/\/luxiders.com\/content\/uploads\/circular-fashion-collective__e0c64548-bc12-48de-9923-7644b786c9f6_1024x1024.jpg 768w, https:\/\/luxiders.com\/content\/uploads\/circular-fashion-collective__e0c64548-bc12-48de-9923-7644b786c9f6_1024x1024-225x300.jpg 225w\" sizes=\"(max-width: 768px) 100vw, 768px\" \/><\/div><figcaption>\u00a9 Upcycling collection by Laura Gerte<\/figcaption><\/figure>                                                                                            <\/div>\n                                    <div class=\"col-lg-6\">\n                                                                                                                                                        <figure class=\"mb-4 pt-lg-0 mb-lg-0 ps-lg-0 pe-lg-0\" data-aos=\"fade-up\" data-aos-duration=\"1000\"><div class=\"img-container\"><img loading=\"lazy\" decoding=\"async\" width=\"768\" height=\"1024\" src=\"https:\/\/luxiders.com\/content\/uploads\/circular-fashion-collective__490cbead-3a9e-4b6e-88f0-506c716cdbe1_1024x1024.jpg\" class=\"img-fluid w-100\" alt=\"Upcycling collection by Laura Gerte\" srcset=\"https:\/\/luxiders.com\/content\/uploads\/circular-fashion-collective__490cbead-3a9e-4b6e-88f0-506c716cdbe1_1024x1024.jpg 768w, https:\/\/luxiders.com\/content\/uploads\/circular-fashion-collective__490cbead-3a9e-4b6e-88f0-506c716cdbe1_1024x1024-225x300.jpg 225w\" sizes=\"(max-width: 768px) 100vw, 768px\" \/><\/div><figcaption>\u00a9 Laura Gerte<\/figcaption><\/figure>                                                                                                        <\/div>\n                                            <\/div>\n        <\/div>\n    <\/section>\n    \n\n    <section id=\"media-block_4f20d9ce165505073252897324bf53fa\" class=\"section position-relative gp-block gp-media pt-0 pb-0\">\n        <div class=\"container\">\n            <div class=\"row g-0\">\n                <div class=\"col-lg-12 content\" data-aos=\"fade-in\" data-aos-duration=\"1000\">\n                                                                            <\/div>\n            <\/div>\n            <div class=\"row g-0\">\n                <div class=\"col-lg-6 \">\n                                                                                                                                                <figure class=\"mb-4 pt-lg-0 mb-lg-0 ps-lg-0 pe-lg-0\" data-aos=\"fade-up\" data-aos-duration=\"1000\"><div class=\"img-container\"><img loading=\"lazy\" decoding=\"async\" width=\"1800\" height=\"2250\" src=\"https:\/\/luxiders.com\/content\/uploads\/Copy-of-Kopie-von-studiomime_humantouch_Isha_brueder_300dpi__DSC3999.jpeg\" class=\"img-fluid w-100\" alt=\"\" srcset=\"https:\/\/luxiders.com\/content\/uploads\/Copy-of-Kopie-von-studiomime_humantouch_Isha_brueder_300dpi__DSC3999.jpeg 1800w, https:\/\/luxiders.com\/content\/uploads\/Copy-of-Kopie-von-studiomime_humantouch_Isha_brueder_300dpi__DSC3999-240x300.jpeg 240w, https:\/\/luxiders.com\/content\/uploads\/Copy-of-Kopie-von-studiomime_humantouch_Isha_brueder_300dpi__DSC3999-819x1024.jpeg 819w, https:\/\/luxiders.com\/content\/uploads\/Copy-of-Kopie-von-studiomime_humantouch_Isha_brueder_300dpi__DSC3999-768x960.jpeg 768w, https:\/\/luxiders.com\/content\/uploads\/Copy-of-Kopie-von-studiomime_humantouch_Isha_brueder_300dpi__DSC3999-1229x1536.jpeg 1229w, https:\/\/luxiders.com\/content\/uploads\/Copy-of-Kopie-von-studiomime_humantouch_Isha_brueder_300dpi__DSC3999-1638x2048.jpeg 1638w\" sizes=\"(max-width: 1800px) 100vw, 1800px\" \/><\/div><figcaption>\u00a9 Human Touch<\/figcaption><\/figure>                                                                                            <\/div>\n                                    <div class=\"col-lg-6\">\n                                                                                                                                                        <figure class=\"mb-4 pt-lg-4 mb-lg-0 ps-lg-3 pe-lg-0\" data-aos=\"fade-up\" data-aos-duration=\"1000\"><div class=\"img-container\"><img loading=\"lazy\" decoding=\"async\" width=\"1200\" height=\"1500\" src=\"https:\/\/luxiders.com\/content\/uploads\/Human-touch-3.jpg\" class=\"img-fluid w-100\" alt=\"\" srcset=\"https:\/\/luxiders.com\/content\/uploads\/Human-touch-3.jpg 1200w, https:\/\/luxiders.com\/content\/uploads\/Human-touch-3-240x300.jpg 240w, https:\/\/luxiders.com\/content\/uploads\/Human-touch-3-819x1024.jpg 819w, https:\/\/luxiders.com\/content\/uploads\/Human-touch-3-768x960.jpg 768w\" sizes=\"(max-width: 1200px) 100vw, 1200px\" \/><\/div><figcaption>\u00a9 Human Touch<\/figcaption><\/figure>                                                                                                        <\/div>\n                                            <\/div>\n        <\/div>\n    <\/section>\n    \n\n    <section id=\"textblock-block_e26ae2d0e4dc4b83dd67cff5351009af\" class=\"section position-relative gp-block gp-textblock pt-0 pb-5\">\n        <div class=\"container\">\n            <div class=\"row g-0\">\n                <div class=\"col-lg-12 content\" data-aos=\"fade-in\" data-aos-duration=\"1000\">\n                                                                                <p class=\"p1\"><a href=\"https:\/\/www.instagram.com\/laura_gerte\/\" target=\"_blank\" rel=\"noopener\"><b>Laura Gerte<\/b><\/a>, especializada en el upcycling de materiales deadstock para crear dise\u00f1os innovadores, destac\u00f3 la necesidad de una red de abastecimiento a gran escala para prendas de segunda mano y textiles descartados. \u201c\u00bfQu\u00e9 tal iniciar una plataforma centralizada para distribuir prendas descartadas como materia prima? Esto podr\u00eda hacer que el upcycling a gran escala sea m\u00e1s accesible\u201d, propuso.<\/p>\n<p class=\"p1\"><a href=\"https:\/\/www.instagram.com\/thehumantouch_clothing\/\" target=\"_blank\" rel=\"noopener\"><b>Human Touch<\/b><\/a>, la marca berlinesa conocida por su t\u00e9cnica de costura con pintura, que imprime el trabajo humano directamente en las prendas, tambi\u00e9n form\u00f3 parte de la mesa redonda. Uno de los principales desaf\u00edos con el material deadstock es la inconsistencia en la calidad y la trazabilidad. Es como una b\u00fasqueda del tesoro: emocionante, pero arriesgada, subray\u00f3 <strong>Juliette Seger<\/strong>, cofundadora de la marca. \u201cLos principales problemas a los que nos enfrentamos son la confiabilidad de la calidad y la informaci\u00f3n de los materiales deadstock que compramos, como los datos del material. A menudo obtenemos telas supuestamente de algod\u00f3n 100% o camisetas de algod\u00f3n 100%, y luego, al trabajar con ellas, nos damos cuenta de que no se sienten como algod\u00f3n 100%. Pueden tener manchas de origen animal o la calidad es deficiente. Y entonces surge la pregunta: \u00bfqui\u00e9n es responsable de eso? Si compras tela nueva directamente de un proveedor, puedes decir: \u2018Tu producto no funciona para m\u00ed, por favor, reemb\u00f3lsame&#8221;. Pero con el material deadstock, corres ese riesgo. Es divertido usar deadstock, es como encontrar gemas ocultas, pero al mismo tiempo, tienes ese riesgo de no saber exactamente lo que est\u00e1s obteniendo\u201d, explic\u00f3.<\/p>\n<p class=\"p1\">Christine Rochlitz, fundadora de la marca de lujo vegana y sostenible <a href=\"https:\/\/www.instagram.com\/luckynelly_berlin\/\" target=\"_blank\" rel=\"noopener\"><strong>LuckyNelly Berlin<\/strong><\/a>, utiliza materiales biodegradables y de origen vegetal como fresas, corcho y residuos agr\u00edcolas. Para ella, el lujo no se trata solo de materiales, sino tambi\u00e9n de historias y valores. Por eso experimenta en su cocina con materiales innovadores como hojas de col. \u201cComenc\u00e9 a trabajar con corcho porque me encanta el corcho. Es un material biodegradable. Se puede imprimir y grabar como si fuera piel de cocodrilo. Luego quise probar otras cosas. Encontr\u00e9 una madera aut\u00e9ntica y cosible. Es un chapado de madera muy delgado y tan flexible que se puede coser. As\u00ed que hice cinturones y algunas bolsas con \u00e9l. Adem\u00e1s, descubr\u00ed una aut\u00e9ntica piedra de pizarra. Es realmente piedra, pero se puede coser. Es dif\u00edcil creer que sea piedra real. Ahora estoy usando Wastea, que se fabrica con residuos de la industria del t\u00e9, es hasta un 95 % de base biol\u00f3gica, vegano y sostenible. Se siente como cuero. Me encanta. Tambi\u00e9n trabajo con otro material. Est\u00e1 hecho de m\u00e1rmol o tiza. Es 100 % de base biol\u00f3gica, y la empresa alemana que ha desarrollado este material incre\u00edble se llama <strong>NUVI<\/strong>. Otro material de nueva generaci\u00f3n de base biol\u00f3gica llamado &#8220;Shorai&#8221;, creado por <strong>Rheom Materials<\/strong>, que tambi\u00e9n usamos para nuestras colecciones, est\u00e1 hecho de bacterias\u201d. Como a\u00f1adi\u00f3 Mayouri Sengchanh, Premi\u00e8re Vision Paris ofrece una amplia \u00e1rea para quienes buscan alternativas al cuero, muchas de ellas provenientes de residuos agr\u00edcolas y tambi\u00e9n de \u00e1rboles.<\/p>\n<p class=\"p1\"><a href=\"https:\/\/www.instagram.com\/gaelle_lang_halloo\/\" target=\"_blank\" rel=\"noopener\"><b>Ga\u00eblle Lang Halloo<\/b><\/a>, cuya marca de streetwear integra fibras naturales como el lino para lograr funcionalidad y sostenibilidad, destac\u00f3: \u201cNo me interesa realmente la poliamida. Quer\u00eda explorar algunos tejidos diferentes, simplemente para adentrarme un poco m\u00e1s en lo complicado. \u00bfPor qu\u00e9 no probar fibras naturales en ropa deportiva? Para ello, habl\u00e9 con la <strong>Alliance for European Flax-Linen and Hemp<\/strong> sobre lino biodegradable y sostenible. Creo que el lino es realmente interesante porque es transpirable. Es natural. Es m\u00e1s ecol\u00f3gico que el algod\u00f3n. As\u00ed que comenc\u00e9 a trabajar con lino. Y lo que me encanta del lino es que es m\u00e1s casual (&#8230;) De hecho, fue uno de los atuendos de los que m\u00e1s me hablaron las personas.\u201d Sin duda, se trata de encontrar formas creativas de fusionar tejidos t\u00e9cnicos con materiales naturales.<\/p>\n<p class=\"p1\"><a href=\"https:\/\/www.instagram.com\/panosgotsis\/\" target=\"_blank\" rel=\"noopener\"><b>Panos Gotsis<\/b><\/a> dise\u00f1a ropa de lujo masculina atemporal utilizando un 95% de materiales descartados. Tambi\u00e9n colabora con escuelas de artesan\u00eda tradicionales en Grecia, donde se produce tela de algod\u00f3n org\u00e1nico griego en telares tradicionales. \u201cEn lugar de esperar cambios, debemos ser el cambio que queremos ver. Apoyar la artesan\u00eda local y eliminar el pl\u00e1stico son esenciales para mis valores\u201d, declar\u00f3 Panos. \u201cAhorrar recursos como agua y energ\u00eda es un desaf\u00edo. Pero debes tener una visi\u00f3n clara de lo que quieres presentar al mundo\u201d, a\u00f1adi\u00f3.<\/p>\n<p class=\"p1\">Angelika Kammann, Directora Art\u00edstica y Fundadora de <a href=\"https:\/\/www.instagram.com\/societe__angelique\/\" target=\"_blank\" rel=\"noopener\"><strong>Soci\u00e9t\u00e9 Angelique<\/strong><\/a>, se enfoca en la sostenibilidad honesta y la transparencia. \u201cMi \u00faltima colecci\u00f3n se hizo con material denim descartado de C&amp;A. A veces, como sabemos, compran m\u00e1s tela de la que necesitan. Y yo uso esa tela para crear una nueva colecci\u00f3n, no con C&amp;A, sino con mis propios proveedores.\u201d Al ser consultada sobre qu\u00e9 procesos circulares e innovaciones se pueden implementar para reducir los desechos de producci\u00f3n, Angelika respondi\u00f3: \u201cDurante el proceso de corte, hay muchos desechos. Estoy trabajando con una startup llamada Brain of Materials. Juntos, estamos recolectando los residuos del corte y reutiliz\u00e1ndolos en nuevos materiales. Ya lo hacen para la industria automotriz. Por ejemplo, us\u00e9 uno de estos materiales para un proyecto. Y funcion\u00f3 muy bien. Tambi\u00e9n est\u00e1 en las tiendas. Y a los clientes les encanta. As\u00ed que estamos cerca de un concepto creativo. Pero a\u00fan queda un largo camino por recorrer.\u201d Angelika est\u00e1 utilizando un c\u00f3digo QR en cada prenda. De esta forma, el consumidor final puede escanearlo\u00a0 y ver d\u00f3nde se realiz\u00f3 la producci\u00f3n, qui\u00e9n toc\u00f3 la prenda y conocer la composici\u00f3n exacta.<\/p>\n<p class=\"p1\"><a href=\"https:\/\/www.instagram.com\/damur.fashion\/\" target=\"_blank\" rel=\"noopener\"><b>Damur, <\/b><\/a>marca que se centra en el lujo urbano, enfatiz\u00f3: \u201cLa sostenibilidad no deber\u00eda ser solo una palabra de moda. Necesitamos sistemas de certificaci\u00f3n unificados que faciliten el cumplimiento para los dise\u00f1adores y generen confianza para los consumidores\u201d, argument\u00f3. Damur, originario de Taip\u00e9i, Taiw\u00e1n, ha vivido en Europa durante 20 a\u00f1os. El pr\u00f3ximo a\u00f1o ser\u00e1 su d\u00e9cimo aniversario. \u201cDespu\u00e9s de vivir en Alemania casi 10 a\u00f1os, a veces siento que los objetivos son demasiado altos. Un solo dise\u00f1ador independiente no quiere cambiar todo, pero no es posible.\u201d<\/p>\n<p>Para Damur, el gran problema es la burocracia. \u201cTenemos que pagar altos impuestos de aduana, y eso es muy molesto. El impuesto es muy caro. Esto es algo que otros pa\u00edses no tienen (\u2026) Nuestra lana proviene de Polonia, pero la ropa de punto, jacquard y jersey proviene de Taiw\u00e1n. Por mucho que quiera producir todo en Europa, simplemente no lo encuentro. As\u00ed que a veces siento que, s\u00ed, en la teor\u00eda, todo es genial. Pero cuando pasamos a la producci\u00f3n, no se puede cambiar eso\u201d, subray\u00f3.<\/p>\n<p class=\"p1\">Estelle Adeline Trasoglu, de <a href=\"https:\/\/www.instagram.com\/plaid_a_porter\/\" target=\"_blank\" rel=\"noopener\"><strong>Plaid-\u00c0-Porter<\/strong><\/a>, transforma textiles artesanales vintage en arte usable. \u201cEsos nuevos tesoros de vestuario que pasas de generaci\u00f3n en generaci\u00f3n, a menudo representan un tercer uso de una tela. Por ejemplo, si tomas un kilt de patchwork como el que estoy usando hoy, que en realidad es de 1940, ya es una reutilizaci\u00f3n creativa de tela.\u201d<\/p>\n<p>\u201cCada pieza cuenta una historia. A trav\u00e9s de etiquetas de historia, conecto a los consumidores con los or\u00edgenes de la tela, creando un v\u00ednculo personal y emocional\u201d, dijo. \u201cMe gustar\u00eda construir una marca con clientes leales, lo que est\u00e1 funcionando muy bien. Una vez que compran, vuelven a m\u00ed para obtener una segunda pieza. Les tiene que encantar ser individuales. Les tiene que gustar vestir su personalidad.\u201d<\/p>\n<p>Hablando sobre la mejor manera de comunicarse, dijo: \u201cEl marketing digital, las redes sociales son mis pr\u00e1cticas principales, muchos videos, las historias sobre c\u00f3mo creamos nuestras piezas. Adem\u00e1s, la participaci\u00f3n del cliente es muy importante. Les doy la posibilidad de dise\u00f1ar un poco ellos mismos, lo que significa que pueden elegir entre nuestros materiales, entre nuestras siluetas&#8230; Tambi\u00e9n pueden comprar prendas a juego para mam\u00e1s e hijos.\u201d<\/p>\n                                                        <\/div>\n            <\/div>\n        <\/div>\n    <\/section>\n    \n\n    <section id=\"media-block_45eb6fa9aedb6f220ca93a32d81870d3\" class=\"section position-relative gp-block gp-media pt-5 pb-5\">\n        <div class=\"container\">\n            <div class=\"row g-0\">\n                <div class=\"col-lg-12 content\" data-aos=\"fade-in\" data-aos-duration=\"1000\">\n                                                                            <\/div>\n            <\/div>\n            <div class=\"row g-0\">\n                <div class=\"col-lg-6 \">\n                                                                                                                                                <figure class=\"mb-4 pt-lg-0 mb-lg-0 ps-lg-0 pe-lg-0\" data-aos=\"fade-up\" data-aos-duration=\"1000\"><div class=\"img-container\"><img loading=\"lazy\" decoding=\"async\" width=\"800\" height=\"1200\" src=\"https:\/\/luxiders.com\/content\/uploads\/Pagos2.jpeg\" class=\"img-fluid w-100\" alt=\"Panos Gotsis\" srcset=\"https:\/\/luxiders.com\/content\/uploads\/Pagos2.jpeg 800w, https:\/\/luxiders.com\/content\/uploads\/Pagos2-200x300.jpeg 200w, https:\/\/luxiders.com\/content\/uploads\/Pagos2-683x1024.jpeg 683w, https:\/\/luxiders.com\/content\/uploads\/Pagos2-768x1152.jpeg 768w\" sizes=\"(max-width: 800px) 100vw, 800px\" \/><\/div><figcaption>\u00a9 Panos Gotsis<\/figcaption><\/figure>                                                                                            <\/div>\n                                    <div class=\"col-lg-6\">\n                                                                                                                                                        <figure class=\"mb-4 pt-lg-5 mb-lg-5 ps-lg-3 pe-lg-3\" data-aos=\"fade-up\" data-aos-duration=\"1000\"><div class=\"img-container\"><img loading=\"lazy\" decoding=\"async\" width=\"800\" height=\"1205\" src=\"https:\/\/luxiders.com\/content\/uploads\/Pagos1.jpeg\" class=\"img-fluid w-100\" alt=\"Panos Gotsis\" srcset=\"https:\/\/luxiders.com\/content\/uploads\/Pagos1.jpeg 800w, https:\/\/luxiders.com\/content\/uploads\/Pagos1-199x300.jpeg 199w, https:\/\/luxiders.com\/content\/uploads\/Pagos1-680x1024.jpeg 680w, https:\/\/luxiders.com\/content\/uploads\/Pagos1-768x1157.jpeg 768w\" sizes=\"(max-width: 800px) 100vw, 800px\" \/><\/div><figcaption>\u00a9 Panos Gotsis<\/figcaption><\/figure>                                                                                                        <\/div>\n                                            <\/div>\n        <\/div>\n    <\/section>\n    \n\n    <section id=\"media-block_bba6413b0a21c4b121ec353df88975dd\" class=\"section position-relative gp-block gp-media pt-5 pb-5\">\n        <div class=\"container\">\n            <div class=\"row g-0\">\n                <div class=\"col-lg-12 content\" data-aos=\"fade-in\" data-aos-duration=\"1000\">\n                                                                            <\/div>\n            <\/div>\n            <div class=\"row g-0\">\n                <div class=\"col-lg-6 \">\n                                                                                                                                                <figure class=\"mb-4 pt-lg-0 mb-lg-0 ps-lg-0 pe-lg-0\" data-aos=\"fade-up\" data-aos-duration=\"1000\"><div class=\"img-container\"><img loading=\"lazy\" decoding=\"async\" width=\"934\" height=\"1400\" src=\"https:\/\/luxiders.com\/content\/uploads\/damur40-5.jpeg\" class=\"img-fluid w-100\" alt=\"Man wearing an upcycling jacket\" srcset=\"https:\/\/luxiders.com\/content\/uploads\/damur40-5.jpeg 934w, https:\/\/luxiders.com\/content\/uploads\/damur40-5-200x300.jpeg 200w, https:\/\/luxiders.com\/content\/uploads\/damur40-5-683x1024.jpeg 683w, https:\/\/luxiders.com\/content\/uploads\/damur40-5-768x1151.jpeg 768w\" sizes=\"(max-width: 934px) 100vw, 934px\" \/><\/div><figcaption>\u00a9 Damur<\/figcaption><\/figure>                                                                                            <\/div>\n                                    <div class=\"col-lg-6\">\n                                                                                                                                                        <figure class=\"mb-4 pt-lg-0 mb-lg-0 ps-lg-0 pe-lg-0\" data-aos=\"fade-up\" data-aos-duration=\"1000\"><div class=\"img-container\"><img loading=\"lazy\" decoding=\"async\" width=\"934\" height=\"1400\" src=\"https:\/\/luxiders.com\/content\/uploads\/damur49-1.jpeg\" class=\"img-fluid w-100\" alt=\"Woman wearing an upcycling jacket\" srcset=\"https:\/\/luxiders.com\/content\/uploads\/damur49-1.jpeg 934w, https:\/\/luxiders.com\/content\/uploads\/damur49-1-200x300.jpeg 200w, https:\/\/luxiders.com\/content\/uploads\/damur49-1-683x1024.jpeg 683w, https:\/\/luxiders.com\/content\/uploads\/damur49-1-768x1151.jpeg 768w\" sizes=\"(max-width: 934px) 100vw, 934px\" \/><\/div><figcaption>\u00a9 Damur<\/figcaption><\/figure>                                                                                                        <\/div>\n                                            <\/div>\n        <\/div>\n    <\/section>\n    \n\n    <section id=\"media-block_8c038b729929ec7a14bca5110bf4a155\" class=\"section position-relative gp-block gp-media pt-5 pb-5\">\n        <div class=\"container\">\n            <div class=\"row g-0\">\n                <div class=\"col-lg-12 content\" data-aos=\"fade-in\" data-aos-duration=\"1000\">\n                                                                            <\/div>\n            <\/div>\n            <div class=\"row g-0\">\n                <div class=\"col-lg-12 img-scaled\">\n                                                                                                                                                <figure class=\"mb-4 pt-lg-0 mb-lg-0 ps-lg-0 pe-lg-0\" data-aos=\"fade-up\" data-aos-duration=\"1000\"><div class=\"img-container\"><img loading=\"lazy\" decoding=\"async\" width=\"800\" height=\"1024\" src=\"https:\/\/luxiders.com\/content\/uploads\/circular-fashion-collective_LARISSA-MARCHIORI_24.jpeg\" class=\"img-fluid w-100\" alt=\"LuckyNelly Berlin\" srcset=\"https:\/\/luxiders.com\/content\/uploads\/circular-fashion-collective_LARISSA-MARCHIORI_24.jpeg 800w, https:\/\/luxiders.com\/content\/uploads\/circular-fashion-collective_LARISSA-MARCHIORI_24-234x300.jpeg 234w, https:\/\/luxiders.com\/content\/uploads\/circular-fashion-collective_LARISSA-MARCHIORI_24-768x983.jpeg 768w\" sizes=\"(max-width: 800px) 100vw, 800px\" \/><\/div><figcaption>\u00a9 Courtesy by LuckyNelly Berlin<\/figcaption><\/figure>                                                                                            <\/div>\n                                            <\/div>\n        <\/div>\n    <\/section>\n    \n\n    <section id=\"textblock-block_446327d5b0ffe74cb2f6de044b4a2fb6\" class=\"section position-relative gp-block gp-textblock pt-5 pb-0\">\n        <div class=\"container\">\n            <div class=\"row g-0\">\n                <div class=\"col-lg-12 content\" data-aos=\"fade-in\" data-aos-duration=\"1000\">\n                                                                        <h2 class=\"\"><b>El futuro de la moda circular: temas y visiones<\/b>\n<\/h2>\n                                                                                                        <p>Las discusiones revelaron temas clave que definen el futuro de la moda circular.<\/p>\n<ul>\n<li><strong>Dise\u00f1o Regenerativo:<\/strong> Crear sistemas que restauren y renueven los recursos.<\/li>\n<li><strong>Longevidad:<\/strong> Dise\u00f1ar prendas duraderas y reparables con materiales de alta calidad para extender su ciclo de vida.<\/li>\n<li><strong>Transparencia:<\/strong> Implementar sistemas de certificaci\u00f3n unificados para rastrear materiales y garantizar pr\u00e1cticas \u00e9ticas.<\/li>\n<li><strong>Creatividad y Exclusividad:<\/strong> Aprovechar el upcycling para producir piezas \u00fanicas y de alta calidad que redefinan el lujo.<\/li>\n<li><strong>Innovaci\u00f3n Tecnol\u00f3gica:<\/strong> Desarrollar tecnolog\u00edas de reciclaje para hacer que el upcycling sea deseable y escalable.<\/li>\n<\/ul>\n                                                        <\/div>\n            <\/div>\n        <\/div>\n    <\/section>\n    \n\n    <section id=\"media-block_5e8fb7c3b95c2fc36df397dd74da91c6\" class=\"section position-relative gp-block gp-media pt-5 pb-5\">\n        <div class=\"container\">\n            <div class=\"row g-0\">\n                <div class=\"col-lg-12 content\" data-aos=\"fade-in\" data-aos-duration=\"1000\">\n                                                                            <\/div>\n            <\/div>\n            <div class=\"row g-0\">\n                <div class=\"col-lg-6 \">\n                                                                                                                                                <figure class=\"mb-4 pt-lg-0 mb-lg-0 ps-lg-0 pe-lg-0\" data-aos=\"fade-up\" data-aos-duration=\"1000\"><div class=\"img-container\"><img loading=\"lazy\" decoding=\"async\" width=\"934\" height=\"1000\" src=\"https:\/\/luxiders.com\/content\/uploads\/circular-fashion-collective_5.jpg\" class=\"img-fluid w-100\" alt=\"Circular Fashion Collective by Premiere Vision in media partnership with Luxiders Magazine\" srcset=\"https:\/\/luxiders.com\/content\/uploads\/circular-fashion-collective_5.jpg 934w, https:\/\/luxiders.com\/content\/uploads\/circular-fashion-collective_5-280x300.jpg 280w, https:\/\/luxiders.com\/content\/uploads\/circular-fashion-collective_5-768x822.jpg 768w\" sizes=\"(max-width: 934px) 100vw, 934px\" \/><\/div><figcaption>\u00a9 Courtesy The Human Touch<\/figcaption><\/figure>                                                                                            <\/div>\n                                    <div class=\"col-lg-6\">\n                                                                                                                                                        <figure class=\"mb-4 pt-lg-10 mb-lg-0 ps-lg-3 pe-lg-3\" data-aos=\"fade-up\" data-aos-duration=\"1000\"><div class=\"img-container\"><img loading=\"lazy\" decoding=\"async\" width=\"706\" height=\"556\" src=\"https:\/\/luxiders.com\/content\/uploads\/circular-fashion-collective_3.jpg\" class=\"img-fluid w-100\" alt=\"Belvis Soler leading Circular Fashion Collective by Premiere Vision in media partnership with Luxiders Magazine\" srcset=\"https:\/\/luxiders.com\/content\/uploads\/circular-fashion-collective_3.jpg 706w, https:\/\/luxiders.com\/content\/uploads\/circular-fashion-collective_3-300x236.jpg 300w\" sizes=\"(max-width: 706px) 100vw, 706px\" \/><\/div><figcaption>\u00a9 Courtesy by Human Touch <\/figcaption><\/figure>                                                                                                        <\/div>\n                                            <\/div>\n        <\/div>\n    <\/section>\n    \n\n    <section id=\"textblock-block_8d7f8676300ef425370aad43cbe602ff\" class=\"section position-relative gp-block gp-textblock pt-5 pb-5\">\n        <div class=\"container\">\n            <div class=\"row g-0\">\n                <div class=\"col-lg-12 content\" data-aos=\"fade-in\" data-aos-duration=\"1000\">\n                                                                        <h2 class=\"\"><div class=\"flex-shrink-0 flex flex-col relative items-end\">\n<div>\n<div class=\"pt-0\">\n<div class=\"gizmo-bot-avatar flex h-8 w-8 items-center justify-center overflow-hidden rounded-full\">\n<div class=\"relative p-1 rounded-sm flex items-center justify-center bg-token-main-surface-primary text-token-text-primary h-8 w-8\"><strong>Cerrando la Brecha entre la Pol\u00edtica y la Pr\u00e1ctica<\/strong><\/div>\n<\/div>\n<\/div>\n<\/div>\n<\/div>\n<\/h2>\n                                                                                                        <p>Aunque el Circular Fashion Collective de Premi\u00e8re Vision present\u00f3 innovaciones inspiradoras, tambi\u00e9n puso de manifiesto brechas sist\u00e9micas. La mayor\u00eda de los dise\u00f1adores subrayaron que existe una infraestructura de reciclaje inadecuada, lo que representa un desaf\u00edo significativo. La necesidad de intercambio de conocimientos, mejores pr\u00e1cticas y apoyo gubernamental es m\u00e1s crucial que nunca.<\/p>\n<p>En este contexto, el Circular Fashion Collective de Premi\u00e8re Vision representa una oportunidad transformadora para la industria. Al unir a dise\u00f1adores, legisladores, medios de comunicaci\u00f3n y consumidores, podemos construir un futuro en el que la moda no solo minimice su impacto ambiental, sino que tambi\u00e9n se convierta en una fuerza para la regeneraci\u00f3n. El Circular Fashion Collective de Premi\u00e8re Vision Paris ha dado un paso importante en esta direcci\u00f3n, pero el viaje apenas comienza. Te invitamos a seguir de cerca la evoluci\u00f3n de esta plataforma. Estamos seguros de que aportar\u00e1 muchas soluciones a la industria.<\/p>\n                                                        <\/div>\n            <\/div>\n        <\/div>\n    <\/section>\n    \n\n    <section id=\"textblock-block_2176d37b0d8fda42ba2675d2cfbd7fc2\" class=\"section position-relative gp-block gp-textblock pt-5 pb-5 pb-lg-8\">\n        <div class=\"container\">\n            <div class=\"row g-0\">\n                <div class=\"col-lg-12 content\" data-aos=\"fade-in\" data-aos-duration=\"1000\">\n                                                                                <div style=\"text-align: center;\"><strong><a href=\"http:\/\/www.premierevision.com\/\" target=\"_blank\" rel=\"noopener\">www.premierevision.com<\/a><\/strong><\/div>\n<div style=\"text-align: center;\"><strong>Premi\u00e8re Vision Office for D\/A\/CH, Netherlands &amp; Poland:<\/strong><\/div>\n<div style=\"text-align: center;\"><strong>Exalis GmbH \/ Contact: Mayouri Sengchanh\u00a0<a href=\"mailto:m.sengchanh@premierevision.com\" target=\"_blank\" rel=\"noopener\">m.sengchanh@premierevision.com<\/a><\/strong><\/div>\n<div><\/div>\n<div style=\"text-align: center;\"><em><strong>Highlight Image: \u00a9 Svenja Blobel for Plaid-\u00e0-Porter<\/strong><\/em><\/div>\n                                                        <\/div>\n            <\/div>\n        <\/div>\n    <\/section>\n    ","protected":false},"excerpt":{"rendered":"","protected":false},"author":2,"featured_media":51390,"comment_status":"closed","ping_status":"closed","sticky":false,"template":"","format":"standard","meta":{"_acf_changed":false,"footnotes":""},"categories":[130],"tags":[],"class_list":{"0":"post-51358","1":"post","2":"type-post","3":"status-publish","4":"format-standard","5":"has-post-thumbnail","7":"category-moda-sostenible-lujo"},"acf":[],"yoast_head":"<title>Circular Fashion Collective revela los Desaf\u00edos de la Moda Circular<\/title>\n<meta name=\"description\" content=\"Circular Fashion Collective de Premi\u00e8re Vision Paris celebr\u00f3 recientemente su evento de lanzamiento en Berl\u00edn. Desde sistemas innovadores de\" \/>\n<meta name=\"robots\" content=\"index, follow, max-snippet:-1, max-image-preview:large, max-video-preview:-1\" \/>\n<link rel=\"canonical\" href=\"https:\/\/luxiders.com\/es\/es-la-politica-el-hilo-que-falta-circular-fashion-collective-de-premiere-vision-paris-revela-los-desafios-de-la-moda-circular\/\" \/>\n<meta property=\"og:locale\" content=\"es_ES\" \/>\n<meta property=\"og:type\" content=\"article\" \/>\n<meta property=\"og:title\" content=\"Circular Fashion Collective revela los Desaf\u00edos de la Moda Circular\" \/>\n<meta property=\"og:description\" content=\"Circular Fashion Collective de Premi\u00e8re Vision Paris celebr\u00f3 recientemente su evento de lanzamiento en Berl\u00edn. Desde sistemas innovadores de\" \/>\n<meta property=\"og:url\" content=\"https:\/\/luxiders.com\/es\/es-la-politica-el-hilo-que-falta-circular-fashion-collective-de-premiere-vision-paris-revela-los-desafios-de-la-moda-circular\/\" \/>\n<meta property=\"og:site_name\" content=\"Sustainable Fashion - Eco Design - Healthy Lifestyle - Luxiders Magazine\" \/>\n<meta property=\"article:published_time\" content=\"2024-12-13T15:57:50+00:00\" \/>\n<meta property=\"article:modified_time\" content=\"2024-12-16T13:40:02+00:00\" \/>\n<meta property=\"og:image\" content=\"https:\/\/luxiders.com\/content\/uploads\/circular-fashion-collective__PlaidAPorter_1657-0187.jpeg\" \/>\n\t<meta property=\"og:image:width\" content=\"854\" \/>\n\t<meta property=\"og:image:height\" content=\"1280\" \/>\n\t<meta property=\"og:image:type\" content=\"image\/jpeg\" \/>\n<meta name=\"author\" content=\"luxiders\" \/>\n<meta name=\"twitter:card\" content=\"summary_large_image\" \/>\n<meta name=\"twitter:label1\" content=\"Written by\" \/>\n\t<meta name=\"twitter:data1\" content=\"luxiders\" \/>\n\t<meta name=\"twitter:label2\" content=\"Est. reading time\" \/>\n\t<meta name=\"twitter:data2\" content=\"10 minutes\" \/>\n<script type=\"application\/ld+json\" class=\"yoast-schema-graph\">{\"@context\":\"https:\/\/schema.org\",\"@graph\":[{\"@type\":\"Article\",\"@id\":\"https:\/\/luxiders.com\/es\/es-la-politica-el-hilo-que-falta-circular-fashion-collective-de-premiere-vision-paris-revela-los-desafios-de-la-moda-circular\/#article\",\"isPartOf\":{\"@id\":\"https:\/\/luxiders.com\/es\/es-la-politica-el-hilo-que-falta-circular-fashion-collective-de-premiere-vision-paris-revela-los-desafios-de-la-moda-circular\/\"},\"author\":{\"name\":\"luxiders\",\"@id\":\"https:\/\/luxiders.com\/es\/#\/schema\/person\/8632fa702ae2ce98f66c396254633de8\"},\"headline\":\"\u00bfEs la pol\u00edtica el hilo flojo? Circular Fashion Collective de Premi\u00e8re Vision Paris revela los desaf\u00edos de la moda circular\",\"datePublished\":\"2024-12-13T15:57:50+00:00\",\"dateModified\":\"2024-12-16T13:40:02+00:00\",\"mainEntityOfPage\":{\"@id\":\"https:\/\/luxiders.com\/es\/es-la-politica-el-hilo-que-falta-circular-fashion-collective-de-premiere-vision-paris-revela-los-desafios-de-la-moda-circular\/\"},\"wordCount\":23,\"publisher\":{\"@id\":\"https:\/\/luxiders.com\/es\/#organization\"},\"image\":{\"@id\":\"https:\/\/luxiders.com\/es\/es-la-politica-el-hilo-que-falta-circular-fashion-collective-de-premiere-vision-paris-revela-los-desafios-de-la-moda-circular\/#primaryimage\"},\"thumbnailUrl\":\"https:\/\/luxiders.com\/content\/uploads\/circular-fashion-collective__PlaidAPorter_1657-0187.jpeg\",\"articleSection\":[\"Moda\"],\"inLanguage\":\"es-ES\"},{\"@type\":\"WebPage\",\"@id\":\"https:\/\/luxiders.com\/es\/es-la-politica-el-hilo-que-falta-circular-fashion-collective-de-premiere-vision-paris-revela-los-desafios-de-la-moda-circular\/\",\"url\":\"https:\/\/luxiders.com\/es\/es-la-politica-el-hilo-que-falta-circular-fashion-collective-de-premiere-vision-paris-revela-los-desafios-de-la-moda-circular\/\",\"name\":\"Circular Fashion Collective revela los Desaf\u00edos de la Moda Circular\",\"isPartOf\":{\"@id\":\"https:\/\/luxiders.com\/es\/#website\"},\"primaryImageOfPage\":{\"@id\":\"https:\/\/luxiders.com\/es\/es-la-politica-el-hilo-que-falta-circular-fashion-collective-de-premiere-vision-paris-revela-los-desafios-de-la-moda-circular\/#primaryimage\"},\"image\":{\"@id\":\"https:\/\/luxiders.com\/es\/es-la-politica-el-hilo-que-falta-circular-fashion-collective-de-premiere-vision-paris-revela-los-desafios-de-la-moda-circular\/#primaryimage\"},\"thumbnailUrl\":\"https:\/\/luxiders.com\/content\/uploads\/circular-fashion-collective__PlaidAPorter_1657-0187.jpeg\",\"datePublished\":\"2024-12-13T15:57:50+00:00\",\"dateModified\":\"2024-12-16T13:40:02+00:00\",\"description\":\"Circular Fashion Collective de Premi\u00e8re Vision Paris celebr\u00f3 recientemente su evento de lanzamiento en Berl\u00edn. Desde sistemas innovadores de\",\"breadcrumb\":{\"@id\":\"https:\/\/luxiders.com\/es\/es-la-politica-el-hilo-que-falta-circular-fashion-collective-de-premiere-vision-paris-revela-los-desafios-de-la-moda-circular\/#breadcrumb\"},\"inLanguage\":\"es-ES\",\"potentialAction\":[{\"@type\":\"ReadAction\",\"target\":[\"https:\/\/luxiders.com\/es\/es-la-politica-el-hilo-que-falta-circular-fashion-collective-de-premiere-vision-paris-revela-los-desafios-de-la-moda-circular\/\"]}]},{\"@type\":\"ImageObject\",\"inLanguage\":\"es-ES\",\"@id\":\"https:\/\/luxiders.com\/es\/es-la-politica-el-hilo-que-falta-circular-fashion-collective-de-premiere-vision-paris-revela-los-desafios-de-la-moda-circular\/#primaryimage\",\"url\":\"https:\/\/luxiders.com\/content\/uploads\/circular-fashion-collective__PlaidAPorter_1657-0187.jpeg\",\"contentUrl\":\"https:\/\/luxiders.com\/content\/uploads\/circular-fashion-collective__PlaidAPorter_1657-0187.jpeg\",\"width\":854,\"height\":1280},{\"@type\":\"BreadcrumbList\",\"@id\":\"https:\/\/luxiders.com\/es\/es-la-politica-el-hilo-que-falta-circular-fashion-collective-de-premiere-vision-paris-revela-los-desafios-de-la-moda-circular\/#breadcrumb\",\"itemListElement\":[{\"@type\":\"ListItem\",\"position\":1,\"name\":\"Startseite\",\"item\":\"https:\/\/luxiders.com\/es\/\"},{\"@type\":\"ListItem\",\"position\":2,\"name\":\"Moda\",\"item\":\"https:\/\/luxiders.com\/es\/category\/moda-sostenible-lujo\/\"},{\"@type\":\"ListItem\",\"position\":3,\"name\":\"\u00bfEs la pol\u00edtica el hilo flojo? Circular Fashion Collective de Premi\u00e8re Vision Paris revela los desaf\u00edos de la moda circular\"}]},{\"@type\":\"WebSite\",\"@id\":\"https:\/\/luxiders.com\/es\/#website\",\"url\":\"https:\/\/luxiders.com\/es\/\",\"name\":\"Sustainable Fashion - Eco Design - Healthy Lifestyle - Luxiders Magazine\",\"description\":\"Luxiders is a sustainable luxury magazine highlighting the best stories about sustainable fashion, ethical fashion, eco-friendly design, green design, sustainable travel, natural beauty, organic beauty and healthy lifestyle. Know the best high-end, progressive and luxury sustainable brands and designers worldwide.\",\"publisher\":{\"@id\":\"https:\/\/luxiders.com\/es\/#organization\"},\"potentialAction\":[{\"@type\":\"SearchAction\",\"target\":{\"@type\":\"EntryPoint\",\"urlTemplate\":\"https:\/\/luxiders.com\/es\/?s={search_term_string}\"},\"query-input\":{\"@type\":\"PropertyValueSpecification\",\"valueRequired\":true,\"valueName\":\"search_term_string\"}}],\"inLanguage\":\"es-ES\"},{\"@type\":\"Organization\",\"@id\":\"https:\/\/luxiders.com\/es\/#organization\",\"name\":\"Sustainable Fashion - Eco Design - Healthy Lifestyle - Luxiders Magazine\",\"url\":\"https:\/\/luxiders.com\/es\/\",\"logo\":{\"@type\":\"ImageObject\",\"inLanguage\":\"es-ES\",\"@id\":\"https:\/\/luxiders.com\/es\/#\/schema\/logo\/image\/\",\"url\":\"https:\/\/luxiders.com\/content\/uploads\/lux-logo.svg\",\"contentUrl\":\"https:\/\/luxiders.com\/content\/uploads\/lux-logo.svg\",\"caption\":\"Sustainable Fashion - Eco Design - Healthy Lifestyle - Luxiders Magazine\"},\"image\":{\"@id\":\"https:\/\/luxiders.com\/es\/#\/schema\/logo\/image\/\"}},{\"@type\":\"Person\",\"@id\":\"https:\/\/luxiders.com\/es\/#\/schema\/person\/8632fa702ae2ce98f66c396254633de8\",\"name\":\"luxiders\",\"url\":\"https:\/\/luxiders.com\/es\/author\/luxiders\/\"}]}<\/script>","yoast_head_json":{"title":"Circular Fashion Collective revela los Desaf\u00edos de la Moda Circular","description":"Circular Fashion Collective de Premi\u00e8re Vision Paris celebr\u00f3 recientemente su evento de lanzamiento en Berl\u00edn. Desde sistemas innovadores de","robots":{"index":"index","follow":"follow","max-snippet":"max-snippet:-1","max-image-preview":"max-image-preview:large","max-video-preview":"max-video-preview:-1"},"canonical":"https:\/\/luxiders.com\/es\/es-la-politica-el-hilo-que-falta-circular-fashion-collective-de-premiere-vision-paris-revela-los-desafios-de-la-moda-circular\/","og_locale":"es_ES","og_type":"article","og_title":"Circular Fashion Collective revela los Desaf\u00edos de la Moda Circular","og_description":"Circular Fashion Collective de Premi\u00e8re Vision Paris celebr\u00f3 recientemente su evento de lanzamiento en Berl\u00edn. Desde sistemas innovadores de","og_url":"https:\/\/luxiders.com\/es\/es-la-politica-el-hilo-que-falta-circular-fashion-collective-de-premiere-vision-paris-revela-los-desafios-de-la-moda-circular\/","og_site_name":"Sustainable Fashion - Eco Design - Healthy Lifestyle - Luxiders Magazine","article_published_time":"2024-12-13T15:57:50+00:00","article_modified_time":"2024-12-16T13:40:02+00:00","og_image":[{"width":854,"height":1280,"url":"https:\/\/luxiders.com\/content\/uploads\/circular-fashion-collective__PlaidAPorter_1657-0187.jpeg","type":"image\/jpeg"}],"author":"luxiders","twitter_card":"summary_large_image","twitter_misc":{"Written by":"luxiders","Est. reading time":"10 minutes"},"schema":{"@context":"https:\/\/schema.org","@graph":[{"@type":"Article","@id":"https:\/\/luxiders.com\/es\/es-la-politica-el-hilo-que-falta-circular-fashion-collective-de-premiere-vision-paris-revela-los-desafios-de-la-moda-circular\/#article","isPartOf":{"@id":"https:\/\/luxiders.com\/es\/es-la-politica-el-hilo-que-falta-circular-fashion-collective-de-premiere-vision-paris-revela-los-desafios-de-la-moda-circular\/"},"author":{"name":"luxiders","@id":"https:\/\/luxiders.com\/es\/#\/schema\/person\/8632fa702ae2ce98f66c396254633de8"},"headline":"\u00bfEs la pol\u00edtica el hilo flojo? Circular Fashion Collective de Premi\u00e8re Vision Paris revela los desaf\u00edos de la moda circular","datePublished":"2024-12-13T15:57:50+00:00","dateModified":"2024-12-16T13:40:02+00:00","mainEntityOfPage":{"@id":"https:\/\/luxiders.com\/es\/es-la-politica-el-hilo-que-falta-circular-fashion-collective-de-premiere-vision-paris-revela-los-desafios-de-la-moda-circular\/"},"wordCount":23,"publisher":{"@id":"https:\/\/luxiders.com\/es\/#organization"},"image":{"@id":"https:\/\/luxiders.com\/es\/es-la-politica-el-hilo-que-falta-circular-fashion-collective-de-premiere-vision-paris-revela-los-desafios-de-la-moda-circular\/#primaryimage"},"thumbnailUrl":"https:\/\/luxiders.com\/content\/uploads\/circular-fashion-collective__PlaidAPorter_1657-0187.jpeg","articleSection":["Moda"],"inLanguage":"es-ES"},{"@type":"WebPage","@id":"https:\/\/luxiders.com\/es\/es-la-politica-el-hilo-que-falta-circular-fashion-collective-de-premiere-vision-paris-revela-los-desafios-de-la-moda-circular\/","url":"https:\/\/luxiders.com\/es\/es-la-politica-el-hilo-que-falta-circular-fashion-collective-de-premiere-vision-paris-revela-los-desafios-de-la-moda-circular\/","name":"Circular Fashion Collective revela los Desaf\u00edos de la Moda Circular","isPartOf":{"@id":"https:\/\/luxiders.com\/es\/#website"},"primaryImageOfPage":{"@id":"https:\/\/luxiders.com\/es\/es-la-politica-el-hilo-que-falta-circular-fashion-collective-de-premiere-vision-paris-revela-los-desafios-de-la-moda-circular\/#primaryimage"},"image":{"@id":"https:\/\/luxiders.com\/es\/es-la-politica-el-hilo-que-falta-circular-fashion-collective-de-premiere-vision-paris-revela-los-desafios-de-la-moda-circular\/#primaryimage"},"thumbnailUrl":"https:\/\/luxiders.com\/content\/uploads\/circular-fashion-collective__PlaidAPorter_1657-0187.jpeg","datePublished":"2024-12-13T15:57:50+00:00","dateModified":"2024-12-16T13:40:02+00:00","description":"Circular Fashion Collective de Premi\u00e8re Vision Paris celebr\u00f3 recientemente su evento de lanzamiento en Berl\u00edn. Desde sistemas innovadores de","breadcrumb":{"@id":"https:\/\/luxiders.com\/es\/es-la-politica-el-hilo-que-falta-circular-fashion-collective-de-premiere-vision-paris-revela-los-desafios-de-la-moda-circular\/#breadcrumb"},"inLanguage":"es-ES","potentialAction":[{"@type":"ReadAction","target":["https:\/\/luxiders.com\/es\/es-la-politica-el-hilo-que-falta-circular-fashion-collective-de-premiere-vision-paris-revela-los-desafios-de-la-moda-circular\/"]}]},{"@type":"ImageObject","inLanguage":"es-ES","@id":"https:\/\/luxiders.com\/es\/es-la-politica-el-hilo-que-falta-circular-fashion-collective-de-premiere-vision-paris-revela-los-desafios-de-la-moda-circular\/#primaryimage","url":"https:\/\/luxiders.com\/content\/uploads\/circular-fashion-collective__PlaidAPorter_1657-0187.jpeg","contentUrl":"https:\/\/luxiders.com\/content\/uploads\/circular-fashion-collective__PlaidAPorter_1657-0187.jpeg","width":854,"height":1280},{"@type":"BreadcrumbList","@id":"https:\/\/luxiders.com\/es\/es-la-politica-el-hilo-que-falta-circular-fashion-collective-de-premiere-vision-paris-revela-los-desafios-de-la-moda-circular\/#breadcrumb","itemListElement":[{"@type":"ListItem","position":1,"name":"Startseite","item":"https:\/\/luxiders.com\/es\/"},{"@type":"ListItem","position":2,"name":"Moda","item":"https:\/\/luxiders.com\/es\/category\/moda-sostenible-lujo\/"},{"@type":"ListItem","position":3,"name":"\u00bfEs la pol\u00edtica el hilo flojo? Circular Fashion Collective de Premi\u00e8re Vision Paris revela los desaf\u00edos de la moda circular"}]},{"@type":"WebSite","@id":"https:\/\/luxiders.com\/es\/#website","url":"https:\/\/luxiders.com\/es\/","name":"Sustainable Fashion - Eco Design - Healthy Lifestyle - Luxiders Magazine","description":"Luxiders is a sustainable luxury magazine highlighting the best stories about sustainable fashion, ethical fashion, eco-friendly design, green design, sustainable travel, natural beauty, organic beauty and healthy lifestyle. Know the best high-end, progressive and luxury sustainable brands and designers worldwide.","publisher":{"@id":"https:\/\/luxiders.com\/es\/#organization"},"potentialAction":[{"@type":"SearchAction","target":{"@type":"EntryPoint","urlTemplate":"https:\/\/luxiders.com\/es\/?s={search_term_string}"},"query-input":{"@type":"PropertyValueSpecification","valueRequired":true,"valueName":"search_term_string"}}],"inLanguage":"es-ES"},{"@type":"Organization","@id":"https:\/\/luxiders.com\/es\/#organization","name":"Sustainable Fashion - Eco Design - Healthy Lifestyle - Luxiders Magazine","url":"https:\/\/luxiders.com\/es\/","logo":{"@type":"ImageObject","inLanguage":"es-ES","@id":"https:\/\/luxiders.com\/es\/#\/schema\/logo\/image\/","url":"https:\/\/luxiders.com\/content\/uploads\/lux-logo.svg","contentUrl":"https:\/\/luxiders.com\/content\/uploads\/lux-logo.svg","caption":"Sustainable Fashion - Eco Design - Healthy Lifestyle - Luxiders Magazine"},"image":{"@id":"https:\/\/luxiders.com\/es\/#\/schema\/logo\/image\/"}},{"@type":"Person","@id":"https:\/\/luxiders.com\/es\/#\/schema\/person\/8632fa702ae2ce98f66c396254633de8","name":"luxiders","url":"https:\/\/luxiders.com\/es\/author\/luxiders\/"}]}},"_links":{"self":[{"href":"https:\/\/luxiders.com\/es\/wp-json\/wp\/v2\/posts\/51358","targetHints":{"allow":["GET"]}}],"collection":[{"href":"https:\/\/luxiders.com\/es\/wp-json\/wp\/v2\/posts"}],"about":[{"href":"https:\/\/luxiders.com\/es\/wp-json\/wp\/v2\/types\/post"}],"author":[{"embeddable":true,"href":"https:\/\/luxiders.com\/es\/wp-json\/wp\/v2\/users\/2"}],"replies":[{"embeddable":true,"href":"https:\/\/luxiders.com\/es\/wp-json\/wp\/v2\/comments?post=51358"}],"version-history":[{"count":3,"href":"https:\/\/luxiders.com\/es\/wp-json\/wp\/v2\/posts\/51358\/revisions"}],"predecessor-version":[{"id":51493,"href":"https:\/\/luxiders.com\/es\/wp-json\/wp\/v2\/posts\/51358\/revisions\/51493"}],"wp:featuredmedia":[{"embeddable":true,"href":"https:\/\/luxiders.com\/es\/wp-json\/wp\/v2\/media\/51390"}],"wp:attachment":[{"href":"https:\/\/luxiders.com\/es\/wp-json\/wp\/v2\/media?parent=51358"}],"wp:term":[{"taxonomy":"category","embeddable":true,"href":"https:\/\/luxiders.com\/es\/wp-json\/wp\/v2\/categories?post=51358"},{"taxonomy":"post_tag","embeddable":true,"href":"https:\/\/luxiders.com\/es\/wp-json\/wp\/v2\/tags?post=51358"}],"curies":[{"name":"wp","href":"https:\/\/api.w.org\/{rel}","templated":true}]}}