{"id":54542,"date":"2025-05-12T15:37:53","date_gmt":"2025-05-12T13:37:53","guid":{"rendered":"https:\/\/luxiders.com\/?p=54542"},"modified":"2025-06-07T17:45:33","modified_gmt":"2025-06-07T15:45:33","slug":"fuera-de-los-limites-la-fotografia-poetica-de-anne-nobels","status":"publish","type":"post","link":"https:\/\/luxiders.com\/es\/fuera-de-los-limites-la-fotografia-poetica-de-anne-nobels\/","title":{"rendered":"Fuera de los l\u00edmites | La fotograf\u00eda po\u00e9tica de Anne Nobels"},"content":{"rendered":"    <section id=\"textblock-block_b4d131dde037b4212bfd2f64625bed13\" class=\"section position-relative gp-block gp-textblock pt-5 pb-5\">\n        <div class=\"container\">\n            <div class=\"row g-0\">\n                <div class=\"col-lg-12 content\" data-aos=\"fade-in\" data-aos-duration=\"1000\">\n                                                                                    <div class=\"intro \">\n                            <p class=\"p1\" style=\"text-align: center;\">Un d\u00eda, de la nada, el padre de Anne Nobels le dijo: \u201cLo siento mucho por c\u00f3mo mi generaci\u00f3n ha da\u00f1ado el mundo y ahora t\u00fa tendr\u00e1s que sufrir las consecuencias\u201d. Aquellas palabras la marcaron profundamente y, para ser sincera, la asustaron. Ten\u00eda alrededor de dieciocho a\u00f1os y, aunque ya sab\u00eda que el medio ambiente no estaba en buen estado, no fue hasta ese momento que realmente lo sinti\u00f3 de forma intensa.<\/p>\n                        <\/div>\n                                                                                                <\/div>\n            <\/div>\n        <\/div>\n    <\/section>\n    \n\n    <section id=\"newsletter-block_1cd3508b3ec181542ef520dfb1e85345\" class=\"section position-relative gp-block gp-newsletter pt-0 pb-0 my-5\">\n        <div class=\"container\">\n            <div class=\"row g-0 pt-4 pb-3\">\n                <div class=\"col-lg-12 content text-center border pt-3\" data-aos=\"fade-in\" data-aos-duration=\"1000\">\n                                            <p><em>Para recibir el Newsletter de Luxiders Magazine,\u00a0<a href=\"https:\/\/landing.mailerlite.com\/webforms\/landing\/w2a1t0\" target=\"_blank\" rel=\"noopener\">suscr\u00edbete aqu\u00ed<\/a><\/em><\/p>\n                                    <\/div>\n            <\/div>\n        <\/div>\n    <\/section>\n    \n\n    <section id=\"textblock-block_122566cf989743ccf45c6c5687d84977\" class=\"section position-relative gp-block gp-textblock pt-5 pb-5\">\n        <div class=\"container\">\n            <div class=\"row g-0\">\n                <div class=\"col-lg-12 content\" data-aos=\"fade-in\" data-aos-duration=\"1000\">\n                                                                                <p class=\"p1\">La idea de su serie \u201cOutside the lines\u201d naci\u00f3 de la necesidad de ver el lado positivo de su trastorno de p\u00e1nico. \u201cEstaba en un lugar oscuro y quer\u00eda salir de all\u00ed. As\u00ed que me obligu\u00e9 a verlo desde otra perspectiva. \u00bfQu\u00e9 me estaba aportando? Mis sentidos estaban m\u00e1s agudizados debido a mi condici\u00f3n y, aunque era dif\u00edcil de sobrellevar, tambi\u00e9n parec\u00eda hacer mi vida m\u00e1s hermosa. Todo se volv\u00eda m\u00e1s intenso, y eso ha influido en la forma en que percibo mi entorno ahora.\u201d<\/p>\n                                                        <\/div>\n            <\/div>\n        <\/div>\n    <\/section>\n    \n\n    <section id=\"media-block_1124a72d80096229c08e476c4f0ff8aa\" class=\"section position-relative gp-block gp-media pt-5 pb-5\">\n        <div class=\"container\">\n            <div class=\"row g-0\">\n                <div class=\"col-lg-12 content\" data-aos=\"fade-in\" data-aos-duration=\"1000\">\n                                                                            <\/div>\n            <\/div>\n            <div class=\"row g-0\">\n                <div class=\"col-lg-12 img-scaled\">\n                                                                                                                                                <figure class=\"mb-4 pt-lg-0 mb-lg-0 ps-lg-0 pe-lg-0\" data-aos=\"fade-up\" data-aos-duration=\"1000\"><div class=\"img-container\"><img loading=\"lazy\" decoding=\"async\" width=\"1200\" height=\"800\" src=\"https:\/\/luxiders.com\/content\/uploads\/W_AnneNobels_6.jpg\" class=\"img-fluid w-100\" alt=\"girl swimming\" srcset=\"https:\/\/luxiders.com\/content\/uploads\/W_AnneNobels_6.jpg 1200w, https:\/\/luxiders.com\/content\/uploads\/W_AnneNobels_6-300x200.jpg 300w, https:\/\/luxiders.com\/content\/uploads\/W_AnneNobels_6-1024x683.jpg 1024w, https:\/\/luxiders.com\/content\/uploads\/W_AnneNobels_6-768x512.jpg 768w\" sizes=\"(max-width: 1200px) 100vw, 1200px\" \/><\/div><figcaption>\u00a9 Anna Nobels<\/figcaption><\/figure>                                                                                            <\/div>\n                                            <\/div>\n        <\/div>\n    <\/section>\n    \n\n    <section id=\"textblock-block_b2c11cc424751eaefdd56e25469a35ad\" class=\"section position-relative gp-block gp-textblock pt-0 pb-0\">\n        <div class=\"container\">\n            <div class=\"row g-0\">\n                <div class=\"col-lg-12 content\" data-aos=\"fade-in\" data-aos-duration=\"1000\">\n                                                                                <p class=\"p1\">\u201cOutside the lines\u201d tiene una historia en su conjunto; no cada fotograf\u00eda individual posee una narrativa propia. Con esta serie, Anne Nobels demuestra que las cosas negativas que no se pueden controlar pueden tener efectos positivos si uno est\u00e1 dispuesto a buscarlos. \u201cLo que se ve en las im\u00e1genes es el efecto secundario positivo que mi trastorno tiene en m\u00ed. Literalmente hace que mi entorno parezca de otro mundo.\u201d<\/p>\n                                                        <\/div>\n            <\/div>\n        <\/div>\n    <\/section>\n    \n\n    <section id=\"media-block_5c1bd43e16f3b657ba1755c77c35effc\" class=\"section position-relative gp-block gp-media pt-5 pb-5\">\n        <div class=\"container\">\n            <div class=\"row g-0\">\n                <div class=\"col-lg-12 content\" data-aos=\"fade-in\" data-aos-duration=\"1000\">\n                                                                            <\/div>\n            <\/div>\n            <div class=\"row g-0\">\n                <div class=\"col-lg-12 img-scaled\">\n                                                                                                                                                <figure class=\"mb-4 pt-lg-0 mb-lg-0 ps-lg-0 pe-lg-0\" data-aos=\"fade-up\" data-aos-duration=\"1000\"><div class=\"img-container\"><img loading=\"lazy\" decoding=\"async\" width=\"1200\" height=\"800\" src=\"https:\/\/luxiders.com\/content\/uploads\/W_AnneNobels_8.jpg\" class=\"img-fluid w-100\" alt=\"girl in nature\" srcset=\"https:\/\/luxiders.com\/content\/uploads\/W_AnneNobels_8.jpg 1200w, https:\/\/luxiders.com\/content\/uploads\/W_AnneNobels_8-300x200.jpg 300w, https:\/\/luxiders.com\/content\/uploads\/W_AnneNobels_8-1024x683.jpg 1024w, https:\/\/luxiders.com\/content\/uploads\/W_AnneNobels_8-768x512.jpg 768w\" sizes=\"(max-width: 1200px) 100vw, 1200px\" \/><\/div><figcaption>\u00a9 Anna Nobels<\/figcaption><\/figure>                                                                                            <\/div>\n                                            <\/div>\n        <\/div>\n    <\/section>\n    \n\n    <section id=\"textblock-block_1b8284ea333361a3595b372fd112abbd\" class=\"section position-relative gp-block gp-textblock pt-0 pb-0\">\n        <div class=\"container\">\n            <div class=\"row g-0\">\n                <div class=\"col-lg-12 content\" data-aos=\"fade-in\" data-aos-duration=\"1000\">\n                                                                                <p class=\"p1\">Para esta serie, Anne Nobels recorri\u00f3 un radio de 20 km desde su casa en busca de naturaleza (mayormente) intacta. La mayor\u00eda de las im\u00e1genes fueron tomadas con un temporizador de 10 segundos; para algunas utiliz\u00f3 un control remoto. Mientras caminaba, escuchaba realmente su intuici\u00f3n y sus emociones, intentando traducir lo que sent\u00eda en una imagen. Las posturas surg\u00edan de forma natural, y la mayor\u00eda est\u00e1n vinculadas a una emoci\u00f3n espec\u00edfica.<\/p>\n<p class=\"p1\">Ella espera que esta serie inspire a otras personas a ver que aquello que nos hace vulnerables es precisamente lo que nos hace humanos. Y que, si sentimos verg\u00fcenza de ese lado, estamos reprimiendo una gran parte de nosotros mismos. \u201cEsa verg\u00fcenza se interpone en el camino hacia nuestra felicidad. No podemos ser perfectos, no podemos hacer todo lo que queremos y, desde luego, no podemos hacerlo todo bien. Todos tenemos l\u00edmites, y est\u00e1 bien. Es bueno poner a prueba esos l\u00edmites y fracasar. As\u00ed es como se crece.\u201d<\/p>\n                                                        <\/div>\n            <\/div>\n        <\/div>\n    <\/section>\n    \n\n    <section id=\"media-block_90cbbd20a0927530afe7d5e762b165f6\" class=\"section position-relative gp-block gp-media pt-5 pb-5\">\n        <div class=\"container\">\n            <div class=\"row g-0\">\n                <div class=\"col-lg-12 content\" data-aos=\"fade-in\" data-aos-duration=\"1000\">\n                                                                            <\/div>\n            <\/div>\n            <div class=\"row g-0\">\n                <div class=\"col-lg-6 \">\n                                                                                                                                                <figure class=\"mb-4 pt-lg-0 mb-lg-0 ps-lg-0 pe-lg-7\" data-aos=\"fade-up\" data-aos-duration=\"1000\"><div class=\"img-container\"><img loading=\"lazy\" decoding=\"async\" width=\"1200\" height=\"800\" src=\"https:\/\/luxiders.com\/content\/uploads\/W_AnneNobels_3.jpg\" class=\"img-fluid w-100\" alt=\"girl swimming\" srcset=\"https:\/\/luxiders.com\/content\/uploads\/W_AnneNobels_3.jpg 1200w, https:\/\/luxiders.com\/content\/uploads\/W_AnneNobels_3-300x200.jpg 300w, https:\/\/luxiders.com\/content\/uploads\/W_AnneNobels_3-1024x683.jpg 1024w, https:\/\/luxiders.com\/content\/uploads\/W_AnneNobels_3-768x512.jpg 768w\" sizes=\"(max-width: 1200px) 100vw, 1200px\" \/><\/div><figcaption>\u00a9 Anna Nobels<\/figcaption><\/figure>                                                                                            <\/div>\n                                    <div class=\"col-lg-6\">\n                                                                                                                                                        <figure class=\"mb-4 pt-lg-4 mb-lg-4 ps-lg-4 pe-lg-4\" data-aos=\"fade-up\" data-aos-duration=\"1000\"><div class=\"img-container\"><img loading=\"lazy\" decoding=\"async\" width=\"1200\" height=\"799\" src=\"https:\/\/luxiders.com\/content\/uploads\/W_AnneNobels_1.jpg\" class=\"img-fluid w-100\" alt=\"girl swimming\" srcset=\"https:\/\/luxiders.com\/content\/uploads\/W_AnneNobels_1.jpg 1200w, https:\/\/luxiders.com\/content\/uploads\/W_AnneNobels_1-300x200.jpg 300w, https:\/\/luxiders.com\/content\/uploads\/W_AnneNobels_1-1024x682.jpg 1024w, https:\/\/luxiders.com\/content\/uploads\/W_AnneNobels_1-768x511.jpg 768w\" sizes=\"(max-width: 1200px) 100vw, 1200px\" \/><\/div><figcaption>\u00a9 Anna Nobels<\/figcaption><\/figure>                                                                                                        <\/div>\n                                            <\/div>\n        <\/div>\n    <\/section>\n    \n\n    <section id=\"media-block_41e778370397498a4d2588885b43ccdf\" class=\"section position-relative gp-block gp-media pt-5 pb-5\">\n        <div class=\"container\">\n            <div class=\"row g-0\">\n                <div class=\"col-lg-12 content\" data-aos=\"fade-in\" data-aos-duration=\"1000\">\n                                                                            <\/div>\n            <\/div>\n            <div class=\"row g-0\">\n                <div class=\"col-lg-12 img-scaled\">\n                                                                                                                                                <figure class=\"mb-4 pt-lg-0 mb-lg-0 ps-lg-0 pe-lg-0\" data-aos=\"fade-up\" data-aos-duration=\"1000\"><div class=\"img-container\"><img loading=\"lazy\" decoding=\"async\" width=\"1200\" height=\"807\" src=\"https:\/\/luxiders.com\/content\/uploads\/W_AnneNobels_2.jpg\" class=\"img-fluid w-100\" alt=\"girl in nature\" srcset=\"https:\/\/luxiders.com\/content\/uploads\/W_AnneNobels_2.jpg 1200w, https:\/\/luxiders.com\/content\/uploads\/W_AnneNobels_2-300x202.jpg 300w, https:\/\/luxiders.com\/content\/uploads\/W_AnneNobels_2-1024x689.jpg 1024w, https:\/\/luxiders.com\/content\/uploads\/W_AnneNobels_2-768x516.jpg 768w\" sizes=\"(max-width: 1200px) 100vw, 1200px\" \/><\/div><figcaption>\u00a9 Anna Nobels<\/figcaption><\/figure>                                                                                            <\/div>\n                                            <\/div>\n        <\/div>\n    <\/section>\n    \n\n    <section id=\"media-block_36c8cd2d1d77b6389194424a29d1802d\" class=\"section position-relative gp-block gp-media text-center pt-5 pb-5 pb-lg-8\">\n        <div class=\"container\">\n            <div class=\"row g-0\">\n                <div class=\"col-lg-12 content\" data-aos=\"fade-in\" data-aos-duration=\"1000\">\n                                                                                    <div class=\"mt-4 mt-lg-5\"><\/div>\n                                                                \n                    <p class=\"mb-0\"><a class=\"btn btn-secondary extern text-white\" href=\"https:\/\/www.instagram.com\/nobelsphotos\/\" title=\"DESCUBRE M\u00c1S SOBRE ANNE NOBELS\" target=\"_blank\"><span>DESCUBRE M\u00c1S SOBRE ANNE NOBELS<\/span><\/a><\/p>\n                                                <\/div>\n            <\/div>\n            <div class=\"row g-0\">\n                <div class=\"col-lg-12 img-scaled\">\n                                    <\/div>\n                                            <\/div>\n        <\/div>\n    <\/section>\n    ","protected":false},"excerpt":{"rendered":"","protected":false},"author":2,"featured_media":54545,"comment_status":"closed","ping_status":"closed","sticky":false,"template":"","format":"standard","meta":{"_acf_changed":false,"footnotes":""},"categories":[378,2733],"tags":[],"class_list":{"0":"post-54542","1":"post","2":"type-post","3":"status-publish","4":"format-standard","5":"has-post-thumbnail","7":"category-arte-cultura","8":"category-lifestyle-es"},"acf":[],"yoast_head":"<title>Fuera de los l\u00edmites | La fotograf\u00eda po\u00e9tica de Anne Nobels<\/title>\n<meta name=\"description\" content=\"\u201cOutside the lines\u201d tiene una historia como conjunto; no cada fotograf\u00eda cuenta una historia individual. Con esta serie, Anne Nobels muestra que las cosas negativas que no puedes controlar pueden tener efectos positivos si est\u00e1s dispuesto a buscarlos.\" \/>\n<meta name=\"robots\" content=\"index, follow, max-snippet:-1, max-image-preview:large, max-video-preview:-1\" \/>\n<link rel=\"canonical\" href=\"https:\/\/luxiders.com\/es\/fuera-de-los-limites-la-fotografia-poetica-de-anne-nobels\/\" \/>\n<meta property=\"og:locale\" content=\"es_ES\" \/>\n<meta property=\"og:type\" content=\"article\" \/>\n<meta property=\"og:title\" content=\"Fuera de los l\u00edmites | La fotograf\u00eda po\u00e9tica de Anne Nobels\" \/>\n<meta property=\"og:description\" content=\"\u201cOutside the lines\u201d tiene una historia como conjunto; no cada fotograf\u00eda cuenta una historia individual. Con esta serie, Anne Nobels muestra que las cosas negativas que no puedes controlar pueden tener efectos positivos si est\u00e1s dispuesto a buscarlos.\" \/>\n<meta property=\"og:url\" content=\"https:\/\/luxiders.com\/es\/fuera-de-los-limites-la-fotografia-poetica-de-anne-nobels\/\" \/>\n<meta property=\"og:site_name\" content=\"Sustainable Fashion - Eco Design - Healthy Lifestyle - Luxiders Magazine\" \/>\n<meta property=\"article:published_time\" content=\"2025-05-12T13:37:53+00:00\" \/>\n<meta property=\"article:modified_time\" content=\"2025-06-07T15:45:33+00:00\" \/>\n<meta property=\"og:image\" content=\"https:\/\/luxiders.com\/content\/uploads\/W_AnneNobels_1.jpg\" \/>\n\t<meta property=\"og:image:width\" content=\"1200\" \/>\n\t<meta property=\"og:image:height\" content=\"799\" \/>\n\t<meta property=\"og:image:type\" content=\"image\/jpeg\" \/>\n<meta name=\"author\" content=\"luxiders\" \/>\n<meta name=\"twitter:card\" content=\"summary_large_image\" \/>\n<meta name=\"twitter:label1\" content=\"Written by\" \/>\n\t<meta name=\"twitter:data1\" content=\"luxiders\" \/>\n\t<meta name=\"twitter:label2\" content=\"Est. reading time\" \/>\n\t<meta name=\"twitter:data2\" content=\"2 minutes\" \/>\n<script type=\"application\/ld+json\" class=\"yoast-schema-graph\">{\"@context\":\"https:\/\/schema.org\",\"@graph\":[{\"@type\":\"Article\",\"@id\":\"https:\/\/luxiders.com\/es\/fuera-de-los-limites-la-fotografia-poetica-de-anne-nobels\/#article\",\"isPartOf\":{\"@id\":\"https:\/\/luxiders.com\/es\/fuera-de-los-limites-la-fotografia-poetica-de-anne-nobels\/\"},\"author\":{\"name\":\"luxiders\",\"@id\":\"https:\/\/luxiders.com\/es\/#\/schema\/person\/8632fa702ae2ce98f66c396254633de8\"},\"headline\":\"Fuera de los l\u00edmites | La fotograf\u00eda po\u00e9tica de Anne Nobels\",\"datePublished\":\"2025-05-12T13:37:53+00:00\",\"dateModified\":\"2025-06-07T15:45:33+00:00\",\"mainEntityOfPage\":{\"@id\":\"https:\/\/luxiders.com\/es\/fuera-de-los-limites-la-fotografia-poetica-de-anne-nobels\/\"},\"wordCount\":13,\"publisher\":{\"@id\":\"https:\/\/luxiders.com\/es\/#organization\"},\"image\":{\"@id\":\"https:\/\/luxiders.com\/es\/fuera-de-los-limites-la-fotografia-poetica-de-anne-nobels\/#primaryimage\"},\"thumbnailUrl\":\"https:\/\/luxiders.com\/content\/uploads\/W_AnneNobels_1.jpg\",\"articleSection\":[\"Arte\/Cultura\",\"lifestyle\"],\"inLanguage\":\"es-ES\"},{\"@type\":\"WebPage\",\"@id\":\"https:\/\/luxiders.com\/es\/fuera-de-los-limites-la-fotografia-poetica-de-anne-nobels\/\",\"url\":\"https:\/\/luxiders.com\/es\/fuera-de-los-limites-la-fotografia-poetica-de-anne-nobels\/\",\"name\":\"Fuera de los l\u00edmites | La fotograf\u00eda po\u00e9tica de Anne Nobels\",\"isPartOf\":{\"@id\":\"https:\/\/luxiders.com\/es\/#website\"},\"primaryImageOfPage\":{\"@id\":\"https:\/\/luxiders.com\/es\/fuera-de-los-limites-la-fotografia-poetica-de-anne-nobels\/#primaryimage\"},\"image\":{\"@id\":\"https:\/\/luxiders.com\/es\/fuera-de-los-limites-la-fotografia-poetica-de-anne-nobels\/#primaryimage\"},\"thumbnailUrl\":\"https:\/\/luxiders.com\/content\/uploads\/W_AnneNobels_1.jpg\",\"datePublished\":\"2025-05-12T13:37:53+00:00\",\"dateModified\":\"2025-06-07T15:45:33+00:00\",\"description\":\"\u201cOutside the lines\u201d tiene una historia como conjunto; no cada fotograf\u00eda cuenta una historia individual. Con esta serie, Anne Nobels muestra que las cosas negativas que no puedes controlar pueden tener efectos positivos si est\u00e1s dispuesto a buscarlos.\",\"breadcrumb\":{\"@id\":\"https:\/\/luxiders.com\/es\/fuera-de-los-limites-la-fotografia-poetica-de-anne-nobels\/#breadcrumb\"},\"inLanguage\":\"es-ES\",\"potentialAction\":[{\"@type\":\"ReadAction\",\"target\":[\"https:\/\/luxiders.com\/es\/fuera-de-los-limites-la-fotografia-poetica-de-anne-nobels\/\"]}]},{\"@type\":\"ImageObject\",\"inLanguage\":\"es-ES\",\"@id\":\"https:\/\/luxiders.com\/es\/fuera-de-los-limites-la-fotografia-poetica-de-anne-nobels\/#primaryimage\",\"url\":\"https:\/\/luxiders.com\/content\/uploads\/W_AnneNobels_1.jpg\",\"contentUrl\":\"https:\/\/luxiders.com\/content\/uploads\/W_AnneNobels_1.jpg\",\"width\":1200,\"height\":799,\"caption\":\"\u00a9 Anna Nobels\"},{\"@type\":\"BreadcrumbList\",\"@id\":\"https:\/\/luxiders.com\/es\/fuera-de-los-limites-la-fotografia-poetica-de-anne-nobels\/#breadcrumb\",\"itemListElement\":[{\"@type\":\"ListItem\",\"position\":1,\"name\":\"Startseite\",\"item\":\"https:\/\/luxiders.com\/es\/\"},{\"@type\":\"ListItem\",\"position\":2,\"name\":\"Arte\/Cultura\",\"item\":\"https:\/\/luxiders.com\/es\/category\/arte-cultura\/\"},{\"@type\":\"ListItem\",\"position\":3,\"name\":\"Fuera de los l\u00edmites | La fotograf\u00eda po\u00e9tica de Anne Nobels\"}]},{\"@type\":\"WebSite\",\"@id\":\"https:\/\/luxiders.com\/es\/#website\",\"url\":\"https:\/\/luxiders.com\/es\/\",\"name\":\"Sustainable Fashion - Eco Design - Healthy Lifestyle - Luxiders Magazine\",\"description\":\"Luxiders is a sustainable luxury magazine highlighting the best stories about sustainable fashion, ethical fashion, eco-friendly design, green design, sustainable travel, natural beauty, organic beauty and healthy lifestyle. Know the best high-end, progressive and luxury sustainable brands and designers worldwide.\",\"publisher\":{\"@id\":\"https:\/\/luxiders.com\/es\/#organization\"},\"potentialAction\":[{\"@type\":\"SearchAction\",\"target\":{\"@type\":\"EntryPoint\",\"urlTemplate\":\"https:\/\/luxiders.com\/es\/?s={search_term_string}\"},\"query-input\":{\"@type\":\"PropertyValueSpecification\",\"valueRequired\":true,\"valueName\":\"search_term_string\"}}],\"inLanguage\":\"es-ES\"},{\"@type\":\"Organization\",\"@id\":\"https:\/\/luxiders.com\/es\/#organization\",\"name\":\"Sustainable Fashion - Eco Design - Healthy Lifestyle - Luxiders Magazine\",\"url\":\"https:\/\/luxiders.com\/es\/\",\"logo\":{\"@type\":\"ImageObject\",\"inLanguage\":\"es-ES\",\"@id\":\"https:\/\/luxiders.com\/es\/#\/schema\/logo\/image\/\",\"url\":\"https:\/\/luxiders.com\/content\/uploads\/lux-logo.svg\",\"contentUrl\":\"https:\/\/luxiders.com\/content\/uploads\/lux-logo.svg\",\"caption\":\"Sustainable Fashion - Eco Design - Healthy Lifestyle - Luxiders Magazine\"},\"image\":{\"@id\":\"https:\/\/luxiders.com\/es\/#\/schema\/logo\/image\/\"}},{\"@type\":\"Person\",\"@id\":\"https:\/\/luxiders.com\/es\/#\/schema\/person\/8632fa702ae2ce98f66c396254633de8\",\"name\":\"luxiders\",\"url\":\"https:\/\/luxiders.com\/es\/author\/luxiders\/\"}]}<\/script>","yoast_head_json":{"title":"Fuera de los l\u00edmites | La fotograf\u00eda po\u00e9tica de Anne Nobels","description":"\u201cOutside the lines\u201d tiene una historia como conjunto; no cada fotograf\u00eda cuenta una historia individual. Con esta serie, Anne Nobels muestra que las cosas negativas que no puedes controlar pueden tener efectos positivos si est\u00e1s dispuesto a buscarlos.","robots":{"index":"index","follow":"follow","max-snippet":"max-snippet:-1","max-image-preview":"max-image-preview:large","max-video-preview":"max-video-preview:-1"},"canonical":"https:\/\/luxiders.com\/es\/fuera-de-los-limites-la-fotografia-poetica-de-anne-nobels\/","og_locale":"es_ES","og_type":"article","og_title":"Fuera de los l\u00edmites | La fotograf\u00eda po\u00e9tica de Anne Nobels","og_description":"\u201cOutside the lines\u201d tiene una historia como conjunto; no cada fotograf\u00eda cuenta una historia individual. Con esta serie, Anne Nobels muestra que las cosas negativas que no puedes controlar pueden tener efectos positivos si est\u00e1s dispuesto a buscarlos.","og_url":"https:\/\/luxiders.com\/es\/fuera-de-los-limites-la-fotografia-poetica-de-anne-nobels\/","og_site_name":"Sustainable Fashion - Eco Design - Healthy Lifestyle - Luxiders Magazine","article_published_time":"2025-05-12T13:37:53+00:00","article_modified_time":"2025-06-07T15:45:33+00:00","og_image":[{"width":1200,"height":799,"url":"https:\/\/luxiders.com\/content\/uploads\/W_AnneNobels_1.jpg","type":"image\/jpeg"}],"author":"luxiders","twitter_card":"summary_large_image","twitter_misc":{"Written by":"luxiders","Est. reading time":"2 minutes"},"schema":{"@context":"https:\/\/schema.org","@graph":[{"@type":"Article","@id":"https:\/\/luxiders.com\/es\/fuera-de-los-limites-la-fotografia-poetica-de-anne-nobels\/#article","isPartOf":{"@id":"https:\/\/luxiders.com\/es\/fuera-de-los-limites-la-fotografia-poetica-de-anne-nobels\/"},"author":{"name":"luxiders","@id":"https:\/\/luxiders.com\/es\/#\/schema\/person\/8632fa702ae2ce98f66c396254633de8"},"headline":"Fuera de los l\u00edmites | La fotograf\u00eda po\u00e9tica de Anne Nobels","datePublished":"2025-05-12T13:37:53+00:00","dateModified":"2025-06-07T15:45:33+00:00","mainEntityOfPage":{"@id":"https:\/\/luxiders.com\/es\/fuera-de-los-limites-la-fotografia-poetica-de-anne-nobels\/"},"wordCount":13,"publisher":{"@id":"https:\/\/luxiders.com\/es\/#organization"},"image":{"@id":"https:\/\/luxiders.com\/es\/fuera-de-los-limites-la-fotografia-poetica-de-anne-nobels\/#primaryimage"},"thumbnailUrl":"https:\/\/luxiders.com\/content\/uploads\/W_AnneNobels_1.jpg","articleSection":["Arte\/Cultura","lifestyle"],"inLanguage":"es-ES"},{"@type":"WebPage","@id":"https:\/\/luxiders.com\/es\/fuera-de-los-limites-la-fotografia-poetica-de-anne-nobels\/","url":"https:\/\/luxiders.com\/es\/fuera-de-los-limites-la-fotografia-poetica-de-anne-nobels\/","name":"Fuera de los l\u00edmites | La fotograf\u00eda po\u00e9tica de Anne Nobels","isPartOf":{"@id":"https:\/\/luxiders.com\/es\/#website"},"primaryImageOfPage":{"@id":"https:\/\/luxiders.com\/es\/fuera-de-los-limites-la-fotografia-poetica-de-anne-nobels\/#primaryimage"},"image":{"@id":"https:\/\/luxiders.com\/es\/fuera-de-los-limites-la-fotografia-poetica-de-anne-nobels\/#primaryimage"},"thumbnailUrl":"https:\/\/luxiders.com\/content\/uploads\/W_AnneNobels_1.jpg","datePublished":"2025-05-12T13:37:53+00:00","dateModified":"2025-06-07T15:45:33+00:00","description":"\u201cOutside the lines\u201d tiene una historia como conjunto; no cada fotograf\u00eda cuenta una historia individual. Con esta serie, Anne Nobels muestra que las cosas negativas que no puedes controlar pueden tener efectos positivos si est\u00e1s dispuesto a buscarlos.","breadcrumb":{"@id":"https:\/\/luxiders.com\/es\/fuera-de-los-limites-la-fotografia-poetica-de-anne-nobels\/#breadcrumb"},"inLanguage":"es-ES","potentialAction":[{"@type":"ReadAction","target":["https:\/\/luxiders.com\/es\/fuera-de-los-limites-la-fotografia-poetica-de-anne-nobels\/"]}]},{"@type":"ImageObject","inLanguage":"es-ES","@id":"https:\/\/luxiders.com\/es\/fuera-de-los-limites-la-fotografia-poetica-de-anne-nobels\/#primaryimage","url":"https:\/\/luxiders.com\/content\/uploads\/W_AnneNobels_1.jpg","contentUrl":"https:\/\/luxiders.com\/content\/uploads\/W_AnneNobels_1.jpg","width":1200,"height":799,"caption":"\u00a9 Anna Nobels"},{"@type":"BreadcrumbList","@id":"https:\/\/luxiders.com\/es\/fuera-de-los-limites-la-fotografia-poetica-de-anne-nobels\/#breadcrumb","itemListElement":[{"@type":"ListItem","position":1,"name":"Startseite","item":"https:\/\/luxiders.com\/es\/"},{"@type":"ListItem","position":2,"name":"Arte\/Cultura","item":"https:\/\/luxiders.com\/es\/category\/arte-cultura\/"},{"@type":"ListItem","position":3,"name":"Fuera de los l\u00edmites | La fotograf\u00eda po\u00e9tica de Anne Nobels"}]},{"@type":"WebSite","@id":"https:\/\/luxiders.com\/es\/#website","url":"https:\/\/luxiders.com\/es\/","name":"Sustainable Fashion - Eco Design - Healthy Lifestyle - Luxiders Magazine","description":"Luxiders is a sustainable luxury magazine highlighting the best stories about sustainable fashion, ethical fashion, eco-friendly design, green design, sustainable travel, natural beauty, organic beauty and healthy lifestyle. Know the best high-end, progressive and luxury sustainable brands and designers worldwide.","publisher":{"@id":"https:\/\/luxiders.com\/es\/#organization"},"potentialAction":[{"@type":"SearchAction","target":{"@type":"EntryPoint","urlTemplate":"https:\/\/luxiders.com\/es\/?s={search_term_string}"},"query-input":{"@type":"PropertyValueSpecification","valueRequired":true,"valueName":"search_term_string"}}],"inLanguage":"es-ES"},{"@type":"Organization","@id":"https:\/\/luxiders.com\/es\/#organization","name":"Sustainable Fashion - Eco Design - Healthy Lifestyle - Luxiders Magazine","url":"https:\/\/luxiders.com\/es\/","logo":{"@type":"ImageObject","inLanguage":"es-ES","@id":"https:\/\/luxiders.com\/es\/#\/schema\/logo\/image\/","url":"https:\/\/luxiders.com\/content\/uploads\/lux-logo.svg","contentUrl":"https:\/\/luxiders.com\/content\/uploads\/lux-logo.svg","caption":"Sustainable Fashion - Eco Design - Healthy Lifestyle - Luxiders Magazine"},"image":{"@id":"https:\/\/luxiders.com\/es\/#\/schema\/logo\/image\/"}},{"@type":"Person","@id":"https:\/\/luxiders.com\/es\/#\/schema\/person\/8632fa702ae2ce98f66c396254633de8","name":"luxiders","url":"https:\/\/luxiders.com\/es\/author\/luxiders\/"}]}},"_links":{"self":[{"href":"https:\/\/luxiders.com\/es\/wp-json\/wp\/v2\/posts\/54542","targetHints":{"allow":["GET"]}}],"collection":[{"href":"https:\/\/luxiders.com\/es\/wp-json\/wp\/v2\/posts"}],"about":[{"href":"https:\/\/luxiders.com\/es\/wp-json\/wp\/v2\/types\/post"}],"author":[{"embeddable":true,"href":"https:\/\/luxiders.com\/es\/wp-json\/wp\/v2\/users\/2"}],"replies":[{"embeddable":true,"href":"https:\/\/luxiders.com\/es\/wp-json\/wp\/v2\/comments?post=54542"}],"version-history":[{"count":3,"href":"https:\/\/luxiders.com\/es\/wp-json\/wp\/v2\/posts\/54542\/revisions"}],"predecessor-version":[{"id":55431,"href":"https:\/\/luxiders.com\/es\/wp-json\/wp\/v2\/posts\/54542\/revisions\/55431"}],"wp:featuredmedia":[{"embeddable":true,"href":"https:\/\/luxiders.com\/es\/wp-json\/wp\/v2\/media\/54545"}],"wp:attachment":[{"href":"https:\/\/luxiders.com\/es\/wp-json\/wp\/v2\/media?parent=54542"}],"wp:term":[{"taxonomy":"category","embeddable":true,"href":"https:\/\/luxiders.com\/es\/wp-json\/wp\/v2\/categories?post=54542"},{"taxonomy":"post_tag","embeddable":true,"href":"https:\/\/luxiders.com\/es\/wp-json\/wp\/v2\/tags?post=54542"}],"curies":[{"name":"wp","href":"https:\/\/api.w.org\/{rel}","templated":true}]}}