{"id":54796,"date":"2025-05-19T13:20:41","date_gmt":"2025-05-19T11:20:41","guid":{"rendered":"https:\/\/luxiders.com\/?p=54796"},"modified":"2025-05-20T13:08:24","modified_gmt":"2025-05-20T11:08:24","slug":"green-product-awards-2025-los-disenos-sostenibles-mas-innovadores-del-mundo","status":"publish","type":"post","link":"https:\/\/luxiders.com\/es\/green-product-awards-2025-los-disenos-sostenibles-mas-innovadores-del-mundo\/","title":{"rendered":"Green Product Awards 2025 | Los dise\u00f1os sostenibles m\u00e1s innovadores del mundo"},"content":{"rendered":"    <section id=\"textblock-block_1f2a711f562bdcd3a1e98fcea0df586a\" class=\"section position-relative gp-block gp-textblock pt-0 pb-0\">\n        <div class=\"container\">\n            <div class=\"row g-0\">\n                <div class=\"col-lg-12 content\" data-aos=\"fade-in\" data-aos-duration=\"1000\">\n                                                                                    <div class=\"intro \">\n                            <p style=\"text-align: center;\">Desde gafas hechas con jud\u00edas hasta paneles ac\u00fasticos elaborados con pelotas de tenis recicladas, los Green Product Awards de este a\u00f1o demostraron que la innovaci\u00f3n y la sostenibilidad van de la mano. El 15 de mayo de 2025, el Felleshus de las Embajadas N\u00f3rdicas en Berl\u00edn se transform\u00f3 en el escenario de los \u201cJuegos Ol\u00edmpicos Verdes\u201d, dando visibilidad a dise\u00f1os ecol\u00f3gicos revolucionarios en categor\u00edas como moda, movilidad, interiorismo y nuevos materiales. La propia cofundadora y redactora jefe de Luxiders Magazine, Belvis Soler, form\u00f3 parte del jurado de este evento. Los proyectos galardonados representan el futuro del dise\u00f1o consciente. Sum\u00e9rgete y descubre los productos verdes m\u00e1s visionarios de 2025.<\/p>\n                        <\/div>\n                                                                                                <\/div>\n            <\/div>\n        <\/div>\n    <\/section>\n    \n\n    <section id=\"newsletter-block_908dfe0046cb25ed7235201562062861\" class=\"section position-relative gp-block gp-newsletter pt-0 pb-0 my-5\">\n        <div class=\"container\">\n            <div class=\"row g-0 pt-4 pb-3\">\n                <div class=\"col-lg-12 content text-center border pt-3\" data-aos=\"fade-in\" data-aos-duration=\"1000\">\n                                            <p><em>Para recibir el Newsletter de Luxiders Magazine,\u00a0<a href=\"https:\/\/landing.mailerlite.com\/webforms\/landing\/w2a1t0\" target=\"_blank\" rel=\"noopener\">suscr\u00edbete aqu\u00ed<\/a><\/em><\/p>\n                                    <\/div>\n            <\/div>\n        <\/div>\n    <\/section>\n    \n\n\n\n    <section id=\"media-block_67ae01f880a51072193360a249330595\" class=\"section position-relative gp-block gp-media pt-5 pb-5\">\n        <div class=\"container\">\n            <div class=\"row g-0\">\n                <div class=\"col-lg-12 content\" data-aos=\"fade-in\" data-aos-duration=\"1000\">\n                                                                            <\/div>\n            <\/div>\n            <div class=\"row g-0\">\n                <div class=\"col-lg-6 \">\n                                                                                                                                                <figure class=\"mb-4 pt-lg-6 mb-lg-0 ps-lg-2 pe-lg-2\" data-aos=\"fade-up\" data-aos-duration=\"1000\"><div class=\"img-container\"><img loading=\"lazy\" decoding=\"async\" width=\"1200\" height=\"800\" src=\"https:\/\/luxiders.com\/content\/uploads\/Green-Product-Award-2025_DSC_1134.jpeg\" class=\"img-fluid w-100\" alt=\"Benedikt Stolberg, from Embassy of Austria; Joshua Sisskin, from British Embassy in Berlin; and Pilar Mu\u00f1oz Juncosa, Embassy of Spain, at Green Product Award 2025.\" srcset=\"https:\/\/luxiders.com\/content\/uploads\/Green-Product-Award-2025_DSC_1134.jpeg 1200w, https:\/\/luxiders.com\/content\/uploads\/Green-Product-Award-2025_DSC_1134-300x200.jpeg 300w, https:\/\/luxiders.com\/content\/uploads\/Green-Product-Award-2025_DSC_1134-1024x683.jpeg 1024w, https:\/\/luxiders.com\/content\/uploads\/Green-Product-Award-2025_DSC_1134-768x512.jpeg 768w\" sizes=\"(max-width: 1200px) 100vw, 1200px\" \/><\/div><figcaption>Benedikt Stolberg, from Embassy of Austria; Joshua Sisskin, from British Embassy in Berlin; and Pilar Mu\u00f1oz Juncosa, Embassy of Spain, participated on the Ceremony.<\/figcaption><\/figure>                                                                                            <\/div>\n                                    <div class=\"col-lg-6\">\n                                                                                                                                                        <figure class=\"mb-4 pt-lg-0 mb-lg-0 ps-lg-0 pe-lg-0\" data-aos=\"fade-up\" data-aos-duration=\"1000\"><div class=\"img-container\"><img loading=\"lazy\" decoding=\"async\" width=\"1200\" height=\"1800\" src=\"https:\/\/luxiders.com\/content\/uploads\/Green-Product-Award-2025_DSC_3516-1.jpeg\" class=\"img-fluid w-100\" alt=\"\" srcset=\"https:\/\/luxiders.com\/content\/uploads\/Green-Product-Award-2025_DSC_3516-1.jpeg 1200w, https:\/\/luxiders.com\/content\/uploads\/Green-Product-Award-2025_DSC_3516-1-200x300.jpeg 200w, https:\/\/luxiders.com\/content\/uploads\/Green-Product-Award-2025_DSC_3516-1-683x1024.jpeg 683w, https:\/\/luxiders.com\/content\/uploads\/Green-Product-Award-2025_DSC_3516-1-768x1152.jpeg 768w, https:\/\/luxiders.com\/content\/uploads\/Green-Product-Award-2025_DSC_3516-1-1024x1536.jpeg 1024w\" sizes=\"(max-width: 1200px) 100vw, 1200px\" \/><\/div><figcaption>John Zachau, Minister Counsellor, Deputy Head of Mission Sweden Embassy Berlin, at Green Product Award 2025 Summit and Ceremony.<\/figcaption><\/figure>                                                                                                        <\/div>\n                                            <\/div>\n        <\/div>\n    <\/section>\n    \n\n    <section id=\"media-block_a10f47ad159e69c7f0cdd8ecfc03ccef\" class=\"section position-relative gp-block gp-media pt-5 pb-5\">\n        <div class=\"container\">\n            <div class=\"row g-0\">\n                <div class=\"col-lg-12 content\" data-aos=\"fade-in\" data-aos-duration=\"1000\">\n                                                                            <\/div>\n            <\/div>\n            <div class=\"row g-0\">\n                <div class=\"col-lg-12 img-scaled\">\n                                                                                                                                                <figure class=\"mb-4 pt-lg-3 mb-lg-3 ps-lg-8 pe-lg-8\" data-aos=\"fade-up\" data-aos-duration=\"1000\"><div class=\"img-container\"><img loading=\"lazy\" decoding=\"async\" width=\"1200\" height=\"800\" src=\"https:\/\/luxiders.com\/content\/uploads\/Green-Product-Award-2025_DSC_3531.jpeg\" class=\"img-fluid w-100\" alt=\"Nils Bader, Iniciator at Green Product Award 2025 Summit and Ceremony\" srcset=\"https:\/\/luxiders.com\/content\/uploads\/Green-Product-Award-2025_DSC_3531.jpeg 1200w, https:\/\/luxiders.com\/content\/uploads\/Green-Product-Award-2025_DSC_3531-300x200.jpeg 300w, https:\/\/luxiders.com\/content\/uploads\/Green-Product-Award-2025_DSC_3531-1024x683.jpeg 1024w, https:\/\/luxiders.com\/content\/uploads\/Green-Product-Award-2025_DSC_3531-768x512.jpeg 768w\" sizes=\"(max-width: 1200px) 100vw, 1200px\" \/><\/div><figcaption>Nils Bader, Iniciator at Green Product Award 2025 Summit and Ceremony <\/figcaption><\/figure>                                                                                            <\/div>\n                                            <\/div>\n        <\/div>\n    <\/section>\n    \n\n    <section id=\"media-block_90840061cb730054e6f5f1364c2f372e\" class=\"section position-relative gp-block gp-media pt-5 pb-5\">\n        <div class=\"container\">\n            <div class=\"row g-0\">\n                <div class=\"col-lg-12 content\" data-aos=\"fade-in\" data-aos-duration=\"1000\">\n                                                                            <\/div>\n            <\/div>\n            <div class=\"row g-0\">\n                <div class=\"col-lg-6 \">\n                                                                                                                                                <figure class=\"mb-4 pt-lg-3 mb-lg-3 ps-lg-5 pe-lg-5\" data-aos=\"fade-up\" data-aos-duration=\"1000\"><div class=\"img-container\"><img loading=\"lazy\" decoding=\"async\" width=\"1200\" height=\"800\" src=\"https:\/\/luxiders.com\/content\/uploads\/Green-Product-Award-2025_DSC_3413.jpeg\" class=\"img-fluid w-100\" alt=\"At Green Product Award 2025 Summit and Ceremony Berlin, 15.05.2025.\" srcset=\"https:\/\/luxiders.com\/content\/uploads\/Green-Product-Award-2025_DSC_3413.jpeg 1200w, https:\/\/luxiders.com\/content\/uploads\/Green-Product-Award-2025_DSC_3413-300x200.jpeg 300w, https:\/\/luxiders.com\/content\/uploads\/Green-Product-Award-2025_DSC_3413-1024x683.jpeg 1024w, https:\/\/luxiders.com\/content\/uploads\/Green-Product-Award-2025_DSC_3413-768x512.jpeg 768w\" sizes=\"(max-width: 1200px) 100vw, 1200px\" \/><\/div><figcaption>There were free workshops for the creatives to help them elevate the eco-responsibility even more in all sectors. At Green Product Award 2025 Summit and Ceremony Berlin, 15.05.2025. <\/figcaption><\/figure>                                                                                            <\/div>\n                                    <div class=\"col-lg-6\">\n                                                                                                                                                        <figure class=\"mb-4 pt-lg-0 mb-lg-0 ps-lg-0 pe-lg-0\" data-aos=\"fade-up\" data-aos-duration=\"1000\"><div class=\"img-container\"><img loading=\"lazy\" decoding=\"async\" width=\"1200\" height=\"799\" src=\"https:\/\/luxiders.com\/content\/uploads\/Green-Product-Award-2025_DSC_3417.jpeg\" class=\"img-fluid w-100\" alt=\"At Green Product Award 2025 Summit and Ceremony Berlin, 15.05.2025.\" srcset=\"https:\/\/luxiders.com\/content\/uploads\/Green-Product-Award-2025_DSC_3417.jpeg 1200w, https:\/\/luxiders.com\/content\/uploads\/Green-Product-Award-2025_DSC_3417-300x200.jpeg 300w, https:\/\/luxiders.com\/content\/uploads\/Green-Product-Award-2025_DSC_3417-1024x682.jpeg 1024w, https:\/\/luxiders.com\/content\/uploads\/Green-Product-Award-2025_DSC_3417-768x511.jpeg 768w\" sizes=\"(max-width: 1200px) 100vw, 1200px\" \/><\/div><\/figure>                                                                                                        <\/div>\n                                            <\/div>\n        <\/div>\n    <\/section>\n    \n\n    <section id=\"media-block_c7c04b38658d0238101b07fb566a5e4f\" class=\"section position-relative gp-block gp-media pt-5 pb-5\">\n        <div class=\"container\">\n            <div class=\"row g-0\">\n                <div class=\"col-lg-12 content\" data-aos=\"fade-in\" data-aos-duration=\"1000\">\n                                                                            <\/div>\n            <\/div>\n            <div class=\"row g-0\">\n                <div class=\"col-lg-6 \">\n                                                                                                                                                <figure class=\"mb-4 pt-lg-3 mb-lg-3 ps-lg-5 pe-lg-5\" data-aos=\"fade-up\" data-aos-duration=\"1000\"><div class=\"img-container\"><img loading=\"lazy\" decoding=\"async\" width=\"1200\" height=\"800\" src=\"https:\/\/luxiders.com\/content\/uploads\/Green-Product-Award-2025_DSC_1005.jpeg\" class=\"img-fluid w-100\" alt=\"The workshop on DPP was full of attendees. Green Product Award 2025 Summit and Ceremony Berlin, 15.05.2025.\" srcset=\"https:\/\/luxiders.com\/content\/uploads\/Green-Product-Award-2025_DSC_1005.jpeg 1200w, https:\/\/luxiders.com\/content\/uploads\/Green-Product-Award-2025_DSC_1005-300x200.jpeg 300w, https:\/\/luxiders.com\/content\/uploads\/Green-Product-Award-2025_DSC_1005-1024x683.jpeg 1024w, https:\/\/luxiders.com\/content\/uploads\/Green-Product-Award-2025_DSC_1005-768x512.jpeg 768w\" sizes=\"(max-width: 1200px) 100vw, 1200px\" \/><\/div><figcaption>They offer also workshop, for instance about DPP (Digital Product Passport).<\/figcaption><\/figure>                                                                                            <\/div>\n                                    <div class=\"col-lg-6\">\n                                                                                                                                                        <figure class=\"mb-4 pt-lg-0 mb-lg-0 ps-lg-0 pe-lg-0\" data-aos=\"fade-up\" data-aos-duration=\"1000\"><div class=\"img-container\"><img loading=\"lazy\" decoding=\"async\" width=\"1200\" height=\"800\" src=\"https:\/\/luxiders.com\/content\/uploads\/Green-Product-Award-2025_DSC_0998.jpeg\" class=\"img-fluid w-100\" alt=\"The workshop on New Materials, leaded by Dipl. Des. Karsten Bleymehl, was very succesfull. At Green Product Award 2025 Summit and Ceremony Berlin, 15.05.2025.\" srcset=\"https:\/\/luxiders.com\/content\/uploads\/Green-Product-Award-2025_DSC_0998.jpeg 1200w, https:\/\/luxiders.com\/content\/uploads\/Green-Product-Award-2025_DSC_0998-300x200.jpeg 300w, https:\/\/luxiders.com\/content\/uploads\/Green-Product-Award-2025_DSC_0998-1024x683.jpeg 1024w, https:\/\/luxiders.com\/content\/uploads\/Green-Product-Award-2025_DSC_0998-768x512.jpeg 768w\" sizes=\"(max-width: 1200px) 100vw, 1200px\" \/><\/div><figcaption>Workshop on New Materials are very successful.<\/figcaption><\/figure>                                                                                                        <\/div>\n                                            <\/div>\n        <\/div>\n    <\/section>\n    \n\n    <section id=\"textblock-block_a8a3d414949e2039721294ac9f35ba8e\" class=\"section position-relative gp-block gp-textblock pt-5 pb-5\">\n        <div class=\"container\">\n            <div class=\"row g-0\">\n                <div class=\"col-lg-12 content\" data-aos=\"fade-in\" data-aos-duration=\"1000\">\n                                                                        <h2 class=\"\">MEJORES PRODUCTOS EN INTERIOR &amp; LIFESTYLE\n<\/h2>\n                                                                                                        <h3>Aufgetankt<\/h3>\n<p>Dise\u00f1adorr: Robin Woll &amp; Luca Ganzert<br \/>\nCompa\u00f1\u00eda: <a href=\"https:\/\/www.instagram.com\/city_decks\/\" target=\"_blank\" rel=\"noopener\">CITY DECKS<\/a><br \/>\nPa\u00eds: Alemania<\/p>\n<p>Este mobiliario de calidad lleva la naturaleza verde que necesitas a tu ciudad. Con zonas de descanso elegantes y plantas que \u201creciben agua de forma continua\u201d gracias a un sistema de riego solar autom\u00e1tico, Aufgetankt es la soluci\u00f3n perfecta para un mobiliario respetuoso con el medio ambiente y para crear \u201cespacios de encuentro verdes y llenos de vida\u201d.<\/p>\n<p>&nbsp;<\/p>\n<h3>From Dutch Wool and Seaweed<\/h3>\n<p><span style=\"font-size: 16px;\">Dise\u00f1ador: Nienke Hoogvliet<br \/>\n<\/span>Compa\u00f1\u00eda: <a href=\"https:\/\/www.instagram.com\/zee.fier\/\" target=\"_blank\" rel=\"noopener\">Zeefier BV<\/a><br \/>\nPa\u00eds: Pa\u00edses Bajos<\/p>\n<p>The Knitwit Stable y Zeefier colaboraron para producir esta alfombra sostenible e intrincada. Llamada \u201cFrom Dutch Woof and Seaweed\u201d, est\u00e1 elaborada \u201ccon lana local te\u00f1ida con algas marinas ecol\u00f3gicas\u201d. Zeefier, fundada por Nienke Hoogvliet y Anne Boermans, desarrolla tintes a base de algas. The Knitwit Stable, fundada por Reina Ovinge, est\u00e1 revitalizando la producci\u00f3n lanera en los Pa\u00edses Bajos. A trav\u00e9s de este producto extraordinario, ambas marcas unen sus valores: honrar la sostenibilidad, ponerla en valor y mostrar su innegable belleza.<\/p>\n<p>&nbsp;<\/p>\n<h3>ZEN<\/h3>\n<p>Dise\u00f1adora: Julia Vegh<br \/>\nInstituci\u00f3n: <a href=\"https:\/\/www.instagram.com\/fhnw.ch\/?hl=en\" target=\"_blank\" rel=\"noopener\">Fachhochschule Nordwestschweiz\u00a0<\/a><br \/>\nPa\u00eds: Suiza<\/p>\n<p>Otro producto modular e intrincado que \u201c[estimula] cuerpo y mente\u201d. Con tres patrones \u00fanicos integrados, ofrece una experiencia sensorial transformadora gracias al incre\u00edble fieltro de lana virgen suiza que lo compone. Desde fortalecer los m\u00fasculos del pie hasta aliviar la tensi\u00f3n \u201cen todo el sistema musculoesquel\u00e9tico\u201d, esta pieza \u00fanica invita al individuo a sumergirse en un mundo de calma y sonidos, anim\u00e1ndolo a no marcharse nunca y a sentir la naturaleza en todo su entorno.<\/p>\n<p>&nbsp;<\/p>\n<h3>Top bed system<\/h3>\n<p>Dise\u00f1adora: Daniela Puppa<br \/>\nCompa\u00f1\u00eda: <a href=\"https:\/\/www.instagram.com\/midsummermilano\/\" target=\"_blank\" rel=\"noopener\">Frugone 1885 srl<\/a><br \/>\nPa\u00eds: Italia<\/p>\n<p>Este \u201csistema de cama innovador\u201d, dise\u00f1ado por Daniela Puppa, es un conjunto completo compuesto por base boxspring, colch\u00f3n y topper. Con un acolchado mejorado gracias al ic\u00f3nico Orange Fiber, este sistema de descanso ofrece una comodidad perfecta para el verano, con incre\u00edbles \u201cpropiedades de transpirabilidad y frescor\u201d, y cuenta adem\u00e1s con una \u201cmezcla de lino y cachemir\u201d ideal para el invierno. En otras palabras, \u00bfqui\u00e9n no querr\u00eda tenerlo?<\/p>\n                                                        <\/div>\n            <\/div>\n        <\/div>\n    <\/section>\n    \n\n    <section id=\"media-block_a8d31a12c7be5ebc76351ab7f8da6cb4\" class=\"section position-relative gp-block gp-media pt-5 pb-5\">\n        <div class=\"container\">\n            <div class=\"row g-0\">\n                <div class=\"col-lg-12 content\" data-aos=\"fade-in\" data-aos-duration=\"1000\">\n                                                                            <\/div>\n            <\/div>\n            <div class=\"row g-0\">\n                <div class=\"col-lg-6 \">\n                                                                                                                                                <figure class=\"mb-4 pt-lg-0 mb-lg-2 ps-lg-3 pe-lg-4\" data-aos=\"fade-up\" data-aos-duration=\"1000\"><div class=\"img-container\"><img loading=\"lazy\" decoding=\"async\" width=\"1200\" height=\"800\" src=\"https:\/\/luxiders.com\/content\/uploads\/Green-Product-Award-2025_DSC_3580-1.jpeg\" class=\"img-fluid w-100\" alt=\"The team from Audi, with their Green Product Award 2025.\" srcset=\"https:\/\/luxiders.com\/content\/uploads\/Green-Product-Award-2025_DSC_3580-1.jpeg 1200w, https:\/\/luxiders.com\/content\/uploads\/Green-Product-Award-2025_DSC_3580-1-300x200.jpeg 300w, https:\/\/luxiders.com\/content\/uploads\/Green-Product-Award-2025_DSC_3580-1-1024x683.jpeg 1024w, https:\/\/luxiders.com\/content\/uploads\/Green-Product-Award-2025_DSC_3580-1-768x512.jpeg 768w\" sizes=\"(max-width: 1200px) 100vw, 1200px\" \/><\/div><figcaption>The team from Audi, with their Green Product Award 2025.<\/figcaption><\/figure>                                                                                            <\/div>\n                                    <div class=\"col-lg-6\">\n                                                                                                                                                        <figure class=\"mb-4 pt-lg-6 mb-lg-0 ps-lg-3 pe-lg-3\" data-aos=\"fade-up\" data-aos-duration=\"1000\"><div class=\"img-container\"><img loading=\"lazy\" decoding=\"async\" width=\"1200\" height=\"800\" src=\"https:\/\/luxiders.com\/content\/uploads\/Green-Product-Award-2025_DSC_3566-1.jpeg\" class=\"img-fluid w-100\" alt=\"Green Product Award 2025 Summit and Ceremony Berlin.\" srcset=\"https:\/\/luxiders.com\/content\/uploads\/Green-Product-Award-2025_DSC_3566-1.jpeg 1200w, https:\/\/luxiders.com\/content\/uploads\/Green-Product-Award-2025_DSC_3566-1-300x200.jpeg 300w, https:\/\/luxiders.com\/content\/uploads\/Green-Product-Award-2025_DSC_3566-1-1024x683.jpeg 1024w, https:\/\/luxiders.com\/content\/uploads\/Green-Product-Award-2025_DSC_3566-1-768x512.jpeg 768w\" sizes=\"(max-width: 1200px) 100vw, 1200px\" \/><\/div><figcaption>Green Product Award 2025 Summit and Ceremony Berlin.<\/figcaption><\/figure>                                                                                                        <\/div>\n                                            <\/div>\n        <\/div>\n    <\/section>\n    \n\n    <section id=\"textblock-block_2bf5541df9fcbf34e269aa8bc5b15704\" class=\"section position-relative gp-block gp-textblock pt-5 pb-5\">\n        <div class=\"container\">\n            <div class=\"row g-0\">\n                <div class=\"col-lg-12 content\" data-aos=\"fade-in\" data-aos-duration=\"1000\">\n                                                                        <h2 class=\"\">MEJORES PRODUCTOS EN WORKSPACE\n<\/h2>\n                                                                                                        <h3>Soundbounce<\/h3>\n<p>Dise\u00f1adora: <a href=\"https:\/\/www.mwodesign.com\/\" target=\"_blank\" rel=\"noopener\">Mathilde Wittock<\/a><br \/>\nInstituci\u00f3n: Central Saint Martins<br \/>\nPa\u00eds: Reino Unido<\/p>\n<p>Este incre\u00edble producto, dise\u00f1ado por Mathilde Wittock, literalmente salva un elemento esencial del tenis. \u00bfAdivinas cu\u00e1l? Las pelotas de tenis. Solo el 1% de los 400 millones de pelotas que se producen cada a\u00f1o se recicla, y el dise\u00f1o de Wittock aborda directamente este problema al reducir este tipo de residuos. Con Soundbounce, las pelotas de tenis \u201cdesechadas\u201d se transforman en \u201cmateriales circulares y modulares para separadores ac\u00fasticos, paneles de pared y mobiliario\u201d. Gracias a esta innovaci\u00f3n, el futuro de las pelotas de tenis descartadas podr\u00eda tener los d\u00edas contados, y todo es gracias a Soundbounce.<\/p>\n<p>&nbsp;<\/p>\n<h3>CQuest\u2122BioX Erweiterung<\/h3>\n<p>Dise\u00f1ador: Interface Inc.<br \/>\nCompa\u00f1\u00eda: <a href=\"https:\/\/www.instagram.com\/interface\" target=\"_blank\" rel=\"noopener\">Interface Deutschland GmbH<\/a><br \/>\nPa\u00eds: Alemania<\/p>\n<p>Dise\u00f1ado por la empresa de soluciones para suelos Interface, CQuest\u2122BioX ha sido calificado como su \u201cbase m\u00e1s sostenible hasta la fecha\u201d. Se trata de losetas de moqueta con huella de carbono negativa, disponibles en 363 colores, elaboradas con \u201cmateriales de origen biol\u00f3gico y rellenos reciclados\u201d. Adem\u00e1s, \u00a1este innovador producto est\u00e1 libre de PVC y bet\u00fan! \u00bfNo es incre\u00edble?<\/p>\n<p>&nbsp;<\/p>\n<h3>Second Use f\u00fcr E-Motoren<\/h3>\n<p>Dise\u00f1adores: Michael-Andreas Spreng &amp; Francisco Trigueros Morera de la Vall.<br \/>\nCompa\u00f1\u00eda: <a href=\"https:\/\/www.instagram.com\/audi_de\/?hl=en\" target=\"_blank\" rel=\"noopener\">Audi AG<\/a><br \/>\nPa\u00eds: Alemania<\/p>\n<p>Dise\u00f1ado por Michael-Andreas Spreng y Francisco Trigueros Morera de la Vall, <em data-start=\"77\" data-end=\"103\">Second Use f\u00fcr E-Motoren<\/em> (\u201cSegundo uso para motores el\u00e9ctricos\u201d) es un enfoque de dise\u00f1o extraordinario que permite \u201creacondicionar los motores el\u00e9ctricos tras su primer uso\u201d. Gracias a una renovaci\u00f3n cuidadosa, no solo se alarga la vida \u00fatil de los motores, sino que tambi\u00e9n se reduce la basura electr\u00f3nica y se \u201cconservan recursos valiosos\u201d. Este proyecto es simplemente genial.<\/p>\n<p>&nbsp;<\/p>\n<p>&nbsp;<\/p>\n<h2>MEJORES PRODUCTOS PARA NI\u00d1OS<\/h2>\n<h3>Bloom<\/h3>\n<p>Dise\u00f1adores: Thibault Lerailler, Philippe Marchand, Enora Labidurie, Gabrielle Lachance, Olivia Handfield<br \/>\nCompa\u00f1\u00eda: Punctuate Design<br \/>\nPa\u00eds: Canad\u00e1<\/p>\n<p>Este producto celestial, dise\u00f1ado por Thibault Lerailler, Philippe Marchand, Enora Labidurie, Gabrielle Lachance y Olivia Handfield, es una soluci\u00f3n de dise\u00f1o flexible creada con el prop\u00f3sito de formar parte de la vida feliz de tu hijo o hija. Un dise\u00f1o que representa \u201cuna alternativa low-tech\u201d y que permite a los ni\u00f1os \u201cconstruir lo que deseen\u201d, este conjunto entra\u00f1able acompa\u00f1a a los m\u00e1s peque\u00f1os mientras crecen, convirti\u00e9ndose en un recuerdo valioso o en un tesoro listo para ser transmitido a futuras generaciones.<\/p>\n<p>&nbsp;<\/p>\n<h3>CIRCLE<\/h3>\n<p>Dise\u00f1adora: Lydia Junker<br \/>\nCompa\u00f1\u00eda: Hama GmbH Co. KG \/ Step by Step Schulranzen<br \/>\nPa\u00eds: Alemania<\/p>\n<p>Apodada como \u201cla primera mochila escolar reciclable\u201d para ni\u00f1os de entre 5 y 9 a\u00f1os, este \u201cset de mochila de 5 piezas\u201d est\u00e1 compuesto por \u201cun 97 % de materiales reutilizables o reciclables\u201d. Adem\u00e1s de contar con componentes fabricados con \u201cmateriales de origen \u00fanico\u201d, puede desmontarse por completo en sus distintas piezas, convirti\u00e9ndola en la mochila pr\u00e1ctica ideal para un d\u00eda escolar perfecto.<\/p>\n<p>&nbsp;<\/p>\n<h3>Natural Crayon Kit<\/h3>\n<p>Dise\u00f1adora: Sofia Catalan Garcia<br \/>\nInstituci\u00f3n: Universitat Polit\u00e8cnica de Catalunya (UPC)<br \/>\nPa\u00eds: Espa\u00f1a<\/p>\n<article class=\"text-token-text-primary w-full\" dir=\"auto\" data-testid=\"conversation-turn-26\" data-scroll-anchor=\"true\">\n<div class=\"text-base my-auto mx-auto py-5 [--thread-content-margin:--spacing(4)] @[37rem]:[--thread-content-margin:--spacing(6)] @[72rem]:[--thread-content-margin:--spacing(16)] px-(--thread-content-margin)\">\n<div class=\"[--thread-content-max-width:32rem] @[34rem]:[--thread-content-max-width:40rem] @[64rem]:[--thread-content-max-width:48rem] mx-auto flex max-w-(--thread-content-max-width) flex-1 text-base gap-4 md:gap-5 lg:gap-6 group\/turn-messages focus-visible:outline-hidden\" tabindex=\"-1\">\n<div class=\"group\/conversation-turn relative flex w-full min-w-0 flex-col agent-turn\">\n<div class=\"relative flex-col gap-1 md:gap-3\">\n<div class=\"flex max-w-full flex-col grow\">\n<div class=\"min-h-8 text-message relative flex w-full flex-col items-end gap-2 text-start break-words whitespace-normal [.text-message+&amp;]:mt-5\" dir=\"auto\" data-message-author-role=\"assistant\" data-message-id=\"fef93b4c-27c4-42b7-a479-67bfef6c1620\" data-message-model-slug=\"gpt-4o\">\n<div class=\"flex w-full flex-col gap-1 empty:hidden first:pt-[3px]\">\n<div class=\"markdown prose dark:prose-invert w-full break-words light\">\n<p class=\"\" data-start=\"0\" data-end=\"327\">Earthly Palette, el kit de ceras naturales que necesitas. Este original \u201ckit experimental\u201d incluye una gu\u00eda que ense\u00f1a a los ni\u00f1os a crear \u201csus propias ceras de colores\u201d. As\u00ed, no solo aprenden el valor de la sostenibilidad, sino que tambi\u00e9n \u201cfomenta una visi\u00f3n circular de los materiales y se basa en la metodolog\u00eda STEAM\u201d.<\/p>\n<\/div>\n<\/div>\n<\/div>\n<\/div>\n<\/div>\n<\/div>\n<\/div>\n<\/div>\n<\/article>\n                                                        <\/div>\n            <\/div>\n        <\/div>\n    <\/section>\n    \n\n    <section id=\"media-block_c83d230cb1f55487f02b6ab8b65e2426\" class=\"section position-relative gp-block gp-media pt-5 pb-5\">\n        <div class=\"container\">\n            <div class=\"row g-0\">\n                <div class=\"col-lg-12 content\" data-aos=\"fade-in\" data-aos-duration=\"1000\">\n                                                                            <\/div>\n            <\/div>\n            <div class=\"row g-0\">\n                <div class=\"col-lg-6 \">\n                                                                                                                                                <figure class=\"mb-4 pt-lg-1 mb-lg-1 ps-lg-5 pe-lg-5\" data-aos=\"fade-up\" data-aos-duration=\"1000\"><div class=\"img-container\"><img loading=\"lazy\" decoding=\"async\" width=\"1200\" height=\"799\" src=\"https:\/\/luxiders.com\/content\/uploads\/Green-Product-Award-2025_DSC_1150.jpeg\" class=\"img-fluid w-100\" alt=\"Lydia Junker, receiving the Green Product Award 2025 from Katja Keinburg, CEO at Baby&amp;Junior Magazine\" srcset=\"https:\/\/luxiders.com\/content\/uploads\/Green-Product-Award-2025_DSC_1150.jpeg 1200w, https:\/\/luxiders.com\/content\/uploads\/Green-Product-Award-2025_DSC_1150-300x200.jpeg 300w, https:\/\/luxiders.com\/content\/uploads\/Green-Product-Award-2025_DSC_1150-1024x682.jpeg 1024w, https:\/\/luxiders.com\/content\/uploads\/Green-Product-Award-2025_DSC_1150-768x511.jpeg 768w\" sizes=\"(max-width: 1200px) 100vw, 1200px\" \/><\/div><figcaption>Lydia Junker, receiving the Green Product Award 2025 from Katja Keinburg, CEO at Baby&#038;Junior Magazine<\/figcaption><\/figure>                                                                                            <\/div>\n                                    <div class=\"col-lg-6\">\n                                                                                                                                                        <figure class=\"mb-4 pt-lg-0 mb-lg-0 ps-lg-0 pe-lg-0\" data-aos=\"fade-up\" data-aos-duration=\"1000\"><div class=\"img-container\"><img loading=\"lazy\" decoding=\"async\" width=\"1200\" height=\"800\" src=\"https:\/\/luxiders.com\/content\/uploads\/Green-Product-Award-2025_DSC_1178.jpeg\" class=\"img-fluid w-100\" alt=\"Sofia Catalan Garcia receiving the Award from Pilar Mu\u00f1oz Juncosa, Embassy of Spain, at Green Product Award 2025 Summit and Ceremony.\" srcset=\"https:\/\/luxiders.com\/content\/uploads\/Green-Product-Award-2025_DSC_1178.jpeg 1200w, https:\/\/luxiders.com\/content\/uploads\/Green-Product-Award-2025_DSC_1178-300x200.jpeg 300w, https:\/\/luxiders.com\/content\/uploads\/Green-Product-Award-2025_DSC_1178-1024x683.jpeg 1024w, https:\/\/luxiders.com\/content\/uploads\/Green-Product-Award-2025_DSC_1178-768x512.jpeg 768w\" sizes=\"(max-width: 1200px) 100vw, 1200px\" \/><\/div><figcaption>Sofia Catalan Garcia receiving the Award from Pilar Mu\u00f1oz Juncosa, Embassy of Spain, at Green Product Award 2025 Summit and Ceremony.<\/figcaption><\/figure>                                                                                                        <\/div>\n                                            <\/div>\n        <\/div>\n    <\/section>\n    \n\n    <section id=\"media-block_081687c44b489470e4bb52f2c7a315cc\" class=\"section position-relative gp-block gp-media pt-5 pb-5\">\n        <div class=\"container\">\n            <div class=\"row g-0\">\n                <div class=\"col-lg-12 content\" data-aos=\"fade-in\" data-aos-duration=\"1000\">\n                                                                            <\/div>\n            <\/div>\n            <div class=\"row g-0\">\n                <div class=\"col-lg-6 \">\n                                                                                                                                                <figure class=\"mb-4 pt-lg-2 mb-lg-2 ps-lg-0 pe-lg-3\" data-aos=\"fade-up\" data-aos-duration=\"1000\"><div class=\"img-container\"><img loading=\"lazy\" decoding=\"async\" width=\"1200\" height=\"800\" src=\"https:\/\/luxiders.com\/content\/uploads\/Green-Product-Award-2025_DSC_1233.jpeg\" class=\"img-fluid w-100\" alt=\"\" srcset=\"https:\/\/luxiders.com\/content\/uploads\/Green-Product-Award-2025_DSC_1233.jpeg 1200w, https:\/\/luxiders.com\/content\/uploads\/Green-Product-Award-2025_DSC_1233-300x200.jpeg 300w, https:\/\/luxiders.com\/content\/uploads\/Green-Product-Award-2025_DSC_1233-1024x683.jpeg 1024w, https:\/\/luxiders.com\/content\/uploads\/Green-Product-Award-2025_DSC_1233-768x512.jpeg 768w\" sizes=\"(max-width: 1200px) 100vw, 1200px\" \/><\/div><figcaption>Green Product Award 2025 Summit and Ceremony Berlin, 15.05.2025.<\/figcaption><\/figure>                                                                                            <\/div>\n                                    <div class=\"col-lg-6\">\n                                                                                                                                                        <figure class=\"mb-4 pt-lg-2 mb-lg-2 ps-lg-3 pe-lg-0\" data-aos=\"fade-up\" data-aos-duration=\"1000\"><div class=\"img-container\"><img loading=\"lazy\" decoding=\"async\" width=\"1200\" height=\"800\" src=\"https:\/\/luxiders.com\/content\/uploads\/Green-Product-Award-2025_DSC_1257.jpeg\" class=\"img-fluid w-100\" alt=\"\" srcset=\"https:\/\/luxiders.com\/content\/uploads\/Green-Product-Award-2025_DSC_1257.jpeg 1200w, https:\/\/luxiders.com\/content\/uploads\/Green-Product-Award-2025_DSC_1257-300x200.jpeg 300w, https:\/\/luxiders.com\/content\/uploads\/Green-Product-Award-2025_DSC_1257-1024x683.jpeg 1024w, https:\/\/luxiders.com\/content\/uploads\/Green-Product-Award-2025_DSC_1257-768x512.jpeg 768w\" sizes=\"(max-width: 1200px) 100vw, 1200px\" \/><\/div><figcaption>Green Product Award 2025 Summit and Ceremony Berlin, 15.05.2025.<\/figcaption><\/figure>                                                                                                        <\/div>\n                                            <\/div>\n        <\/div>\n    <\/section>\n    \n\n    <section id=\"textblock-block_ebf007baae4bc93afe541c0e41d86b97\" class=\"section position-relative gp-block gp-textblock pt-5 pb-5\">\n        <div class=\"container\">\n            <div class=\"row g-0\">\n                <div class=\"col-lg-12 content\" data-aos=\"fade-in\" data-aos-duration=\"1000\">\n                                                                        <h2 class=\"\">MEJORES PRODUCTOS EN LA CATEGOR\u00cdA MOBILITY\n<\/h2>\n                                                                                                        <h3>URWAHN STADTFUCHS<\/h3>\n<p>Dise\u00f1ador: Sebastian Meinecke<br \/>\nCompa\u00f1\u00eda: <a href=\"https:\/\/www.instagram.com\/urwahnbikes\/\" target=\"_blank\" rel=\"noopener\">Urwahn Engineering GmbH<\/a><br \/>\nPa\u00eds: Alemania<\/p>\n<p>Este elegante producto est\u00e1 hecho para acompa\u00f1arte en tus aventuras urbanas. Dise\u00f1ada por Sebastian Meinecke, surge de la \u201crevolucionaria impresi\u00f3n 3D\u201d, la especialidad de Urwahn Engineering GmbH. Gracias a un acero totalmente reciclable y adaptable mediante impresi\u00f3n 3D, esta bicicleta FAIRFRAME puede llevarte a cualquier rinc\u00f3n de la ciudad.<\/p>\n<p>&nbsp;<\/p>\n<h3>VER-TEC<\/h3>\n<p>Dise\u00f1ador: Tobias Spr\u00f6te<br \/>\nCompa\u00f1\u00eda: <a href=\"https:\/\/www.instagram.com\/moeve_bikes\/\" target=\"_blank\" rel=\"noopener\">M\u00f6ve Mobility GmbH<\/a><br \/>\nPa\u00eds: Alemania<\/p>\n<p>Este dise\u00f1o revolucionario \u201cpermite reducir dr\u00e1sticamente los costes del proceso de uni\u00f3n estructural en todas las industrias\u201d. No solo sustituye la soldadura \u201ccomo m\u00e9todo de ensamblaje\u201d, sino que tambi\u00e9n facilita la producci\u00f3n en series peque\u00f1as y favorece los procesos de reciclaje y reparaci\u00f3n.<\/p>\n<p>&nbsp;<\/p>\n<h3>NEXA und LINK<\/h3>\n<p>Dise\u00f1ador: Betreuender Professor: Prof. Detlef Rhein; LINK: Jessica Kaufmann, Katrine Struve, Laura Esteban, Lina Steinbock, John Feldmann, William Hoier; NEXA: Lisa Dethloff, Alicia Kastner-P\u00f6hlmann.<br \/>\nInstituci\u00f3n: <a href=\"https:\/\/www.instagram.com\/muthesiuskunsthochschulekiel\/?hl=en\" target=\"_blank\" rel=\"noopener\">Muthesius Kunsthochschule<\/a><br \/>\nPa\u00eds: Alemania<\/p>\n<p>En este proyecto pionero, \u201cdos equipos de estudiantes desarrollaron conceptos de transbordadores totalmente el\u00e9ctricos y aut\u00f3nomos que reducen el tr\u00e1fico de coches y promueven un transporte local clim\u00e1ticamente neutro\u201d. Adem\u00e1s de ser \u201crentables\u201d, estos transbordadores minimalistas incorporan \u201csistemas aut\u00f3nomos para contrarrestar la escasez de mano de obra cualificada\u201d.<\/p>\n<p>&nbsp;<\/p>\n<p>&nbsp;<\/p>\n                                                        <\/div>\n            <\/div>\n        <\/div>\n    <\/section>\n    \n\n    <section id=\"media-block_f287fa502b676129cf919e36d7ac05ea\" class=\"section position-relative gp-block gp-media pt-5 pb-5\">\n        <div class=\"container\">\n            <div class=\"row g-0\">\n                <div class=\"col-lg-12 content\" data-aos=\"fade-in\" data-aos-duration=\"1000\">\n                                                                            <\/div>\n            <\/div>\n            <div class=\"row g-0\">\n                <div class=\"col-lg-6 \">\n                                                                                                                                                <figure class=\"mb-4 pt-lg-3 mb-lg-0 ps-lg-0 pe-lg-3\" data-aos=\"fade-up\" data-aos-duration=\"1000\"><div class=\"img-container\"><img loading=\"lazy\" decoding=\"async\" width=\"1200\" height=\"799\" src=\"https:\/\/luxiders.com\/content\/uploads\/Green-Product-Award-2025_DSC_1330.jpeg\" class=\"img-fluid w-100\" alt=\"\" srcset=\"https:\/\/luxiders.com\/content\/uploads\/Green-Product-Award-2025_DSC_1330.jpeg 1200w, https:\/\/luxiders.com\/content\/uploads\/Green-Product-Award-2025_DSC_1330-300x200.jpeg 300w, https:\/\/luxiders.com\/content\/uploads\/Green-Product-Award-2025_DSC_1330-1024x682.jpeg 1024w, https:\/\/luxiders.com\/content\/uploads\/Green-Product-Award-2025_DSC_1330-768x511.jpeg 768w\" sizes=\"(max-width: 1200px) 100vw, 1200px\" \/><\/div><figcaption>Green Product Award 2025 Summit and Ceremony Berlin, 15.05.2025.<\/figcaption><\/figure>                                                                                            <\/div>\n                                    <div class=\"col-lg-6\">\n                                                                                                                                                        <figure class=\"mb-4 pt-lg-5 mb-lg-0 ps-lg-3 pe-lg-0\" data-aos=\"fade-up\" data-aos-duration=\"1000\"><div class=\"img-container\"><img loading=\"lazy\" decoding=\"async\" width=\"1200\" height=\"799\" src=\"https:\/\/luxiders.com\/content\/uploads\/Green-Product-Award-2025_DSC_1321.jpeg\" class=\"img-fluid w-100\" alt=\"\" srcset=\"https:\/\/luxiders.com\/content\/uploads\/Green-Product-Award-2025_DSC_1321.jpeg 1200w, https:\/\/luxiders.com\/content\/uploads\/Green-Product-Award-2025_DSC_1321-300x200.jpeg 300w, https:\/\/luxiders.com\/content\/uploads\/Green-Product-Award-2025_DSC_1321-1024x682.jpeg 1024w, https:\/\/luxiders.com\/content\/uploads\/Green-Product-Award-2025_DSC_1321-768x511.jpeg 768w\" sizes=\"(max-width: 1200px) 100vw, 1200px\" \/><\/div><figcaption>Green Product Award 2025 Summit and Ceremony Berlin, 15.05.2025.<\/figcaption><\/figure>                                                                                                        <\/div>\n                                            <\/div>\n        <\/div>\n    <\/section>\n    \n\n    <section id=\"textblock-block_c610d1f8c5670e278fa6beee565c2ced\" class=\"section position-relative gp-block gp-textblock pt-5 pb-5\">\n        <div class=\"container\">\n            <div class=\"row g-0\">\n                <div class=\"col-lg-12 content\" data-aos=\"fade-in\" data-aos-duration=\"1000\">\n                                                                        <h2 class=\"\">MEJORES PRODUCTOS VERDES EN CUIDADO PERSONAL\n<\/h2>\n                                                                                                        <h3>Naturhautpflege \u201cOliPhenolia\u00ae<\/h3>\n<p>Dise\u00f1ador: Fattoria La Vialla<br \/>\nCompa\u00f1\u00eda: <a href=\"https:\/\/www.instagram.com\/fattorialavialla\/\" target=\"_blank\" rel=\"noopener\">Fattoria La Vialla<\/a><br \/>\nPa\u00eds: Italia<\/p>\n<p>Basada en OliPhenolia y desarrollada por los laboratorios RSC Pharma, esta l\u00ednea de cuidado de la piel natural ha sido creada pensando en todo tipo de pieles. Con ingredientes naturales procedentes directamente de materias primas con certificaci\u00f3n Demeter cultivadas en la finca La Vialla, esta l\u00ednea encarna el verdadero concepto de belleza natural. Desde cremas faciales y b\u00e1lsamos de belleza, hasta cremas de manos y geles limpiadores, <em data-start=\"439\" data-end=\"469\">Naturhautpflege OliPhenolia\u00ae<\/em> es el regalo celestial y natural que todos est\u00e1bamos esperando.<\/p>\n<p>&nbsp;<\/p>\n<div class=\"page\" title=\"Page 18\">\n<div class=\"layoutArea\">\n<div class=\"column\">\n<h3>no excuses LANUR<\/h3>\n<p>Dise\u00f1o: Design Studio Saloon Z\u00fcrich<br \/>\nInstituci\u00f3n: <a href=\"https:\/\/www.instagram.com\/lanur.swiss\/\" target=\"_blank\" rel=\"noopener\">Lanz Natur AG<\/a><br \/>\nPa\u00eds: Suiza<\/p>\n<p>LANUR ofrece productos esenciales para el cuidado de la piel circular, dise\u00f1ados para consumidores exigentes que priorizan tanto el rendimiento como la sostenibilidad. Sus f\u00f3rmulas promueven el well-ageing, potencian la luminosidad de la piel y reparan da\u00f1os cut\u00e1neos mientras equilibran el microbioma. &#8220;Somos la primera marca de cuidado de la piel en el mundo con la certificaci\u00f3n Cradle to Cradle Certified Gold&#8221;, lo que garantiza transparencia en toda la cadena de suministro y equidad social en la producci\u00f3n. &#8220;Nuestro packaging es no t\u00f3xico y completamente circular, retornando de forma segura a la naturaleza&#8221;.<\/p>\n<p>&nbsp;<\/p>\n<h3>AphroHerb<\/h3>\n<p>Dise\u00f1o: WANG HUANGYUTIAN<br \/>\nInstituci\u00f3n: <a href=\"https:\/\/www.instagram.com\/royalcollegeofart\/\" target=\"_blank\" rel=\"noopener\">Royal College of Art<\/a><br \/>\nPa\u00eds: Reino Unido<\/p>\n<article class=\"text-token-text-primary w-full\" dir=\"auto\" data-testid=\"conversation-turn-38\" data-scroll-anchor=\"true\">\n<div class=\"text-base my-auto mx-auto py-5 [--thread-content-margin:--spacing(4)] @[37rem]:[--thread-content-margin:--spacing(6)] @[72rem]:[--thread-content-margin:--spacing(16)] px-(--thread-content-margin)\">\n<div class=\"[--thread-content-max-width:32rem] @[34rem]:[--thread-content-max-width:40rem] @[64rem]:[--thread-content-max-width:48rem] mx-auto flex max-w-(--thread-content-max-width) flex-1 text-base gap-4 md:gap-5 lg:gap-6 group\/turn-messages focus-visible:outline-hidden\" tabindex=\"-1\">\n<div class=\"group\/conversation-turn relative flex w-full min-w-0 flex-col agent-turn\">\n<div class=\"relative flex-col gap-1 md:gap-3\">\n<div class=\"flex max-w-full flex-col grow\">\n<div class=\"min-h-8 text-message relative flex w-full flex-col items-end gap-2 text-start break-words whitespace-normal [.text-message+&amp;]:mt-5\" dir=\"auto\" data-message-author-role=\"assistant\" data-message-id=\"5711c386-a0e1-49ca-8ff9-7edc18e69df2\" data-message-model-slug=\"gpt-4o\">\n<div class=\"flex w-full flex-col gap-1 empty:hidden first:pt-[3px]\">\n<div class=\"markdown prose dark:prose-invert w-full break-words light\">\n<p class=\"\" data-start=\"0\" data-end=\"585\">Dise\u00f1o innovador de una m\u00e1quina de destilaci\u00f3n dom\u00e9stica para plantas medicinales. Esta m\u00e1quina pionera permite a los usuarios producir aceites a muy bajo coste y con una pureza y calidad excepcionales. Se pueden destilar aceites a partir de distintas plantas medicinales seg\u00fan las necesidades individuales. Seg\u00fan el jurado: \u201c<em data-start=\"326\" data-end=\"337\">AphroHerb<\/em> combina la tradici\u00f3n con la tecnolog\u00eda m\u00e1s avanzada y permite procesar plantas medicinales de forma individual y sostenible. Este concepto innovador devuelve el conocimiento de los principios activos naturales a la vida cotidiana de las personas.\u201d<\/p>\n<\/div>\n<\/div>\n<\/div>\n<\/div>\n<div class=\"flex justify-start\">\n<div class=\"touch:-me-2 touch:-ms-3.5 -ms-2.5 -me-1 flex items-center p-1 select-none -mt-1 duration-[1.5s] focus-within:transition-none hover:transition-none pointer-events-none [mask-image:linear-gradient(to_right,black_33%,transparent_66%)] [mask-size:300%_100%] [mask-position:100%_0%] motion-safe:transition-[mask-position] group-hover\/turn-messages:pointer-events-auto group-hover\/turn-messages:[mask-position:0_0] group-focus-within\/turn-messages:pointer-events-auto group-focus-within\/turn-messages:[mask-position:0_0] has-data-[state=open]:pointer-events-auto has-data-[state=open]:[mask-position:0_0]\"><\/div>\n<\/div>\n<div class=\"mt-3 w-full empty:hidden\">\n<div class=\"text-center\"><\/div>\n<\/div>\n<\/div>\n<div class=\"absolute\">\n<div class=\"flex items-center justify-center\"><\/div>\n<\/div>\n<\/div>\n<\/div>\n<\/div>\n<\/article>\n<div class=\"pointer-events-none h-px w-px\" aria-hidden=\"true\" data-edge=\"true\"><\/div>\n<\/div>\n<\/div>\n<\/div>\n                                                        <\/div>\n            <\/div>\n        <\/div>\n    <\/section>\n    \n\n    <section id=\"media-block_01c9b2cdafa7fe605f0b634eee682d82\" class=\"section position-relative gp-block gp-media pt-5 pb-5\">\n        <div class=\"container\">\n            <div class=\"row g-0\">\n                <div class=\"col-lg-12 content\" data-aos=\"fade-in\" data-aos-duration=\"1000\">\n                                                                            <\/div>\n            <\/div>\n            <div class=\"row g-0\">\n                <div class=\"col-lg-12 img-scaled\">\n                                                                                                                                                <figure class=\"mb-4 pt-lg-2 mb-lg-3 ps-lg-10 pe-lg-10\" data-aos=\"fade-up\" data-aos-duration=\"1000\"><div class=\"img-container\"><img loading=\"lazy\" decoding=\"async\" width=\"1200\" height=\"800\" src=\"https:\/\/luxiders.com\/content\/uploads\/Green-Product-Award-2025_DSC_1339.jpeg\" class=\"img-fluid w-100\" alt=\"\" srcset=\"https:\/\/luxiders.com\/content\/uploads\/Green-Product-Award-2025_DSC_1339.jpeg 1200w, https:\/\/luxiders.com\/content\/uploads\/Green-Product-Award-2025_DSC_1339-300x200.jpeg 300w, https:\/\/luxiders.com\/content\/uploads\/Green-Product-Award-2025_DSC_1339-1024x683.jpeg 1024w, https:\/\/luxiders.com\/content\/uploads\/Green-Product-Award-2025_DSC_1339-768x512.jpeg 768w\" sizes=\"(max-width: 1200px) 100vw, 1200px\" \/><\/div><figcaption>Green Product Award 2025 Summit and Ceremony Berlin, 15.05.2025.<\/figcaption><\/figure>                                                                                            <\/div>\n                                            <\/div>\n        <\/div>\n    <\/section>\n    \n\n    <section id=\"media-block_3b3aea6cb29b9fe7fc37d84e37e0ac15\" class=\"section position-relative gp-block gp-media pt-5 pb-5\">\n        <div class=\"container\">\n            <div class=\"row g-0\">\n                <div class=\"col-lg-12 content\" data-aos=\"fade-in\" data-aos-duration=\"1000\">\n                                                                            <\/div>\n            <\/div>\n            <div class=\"row g-0\">\n                <div class=\"col-lg-6 \">\n                                                                                                                                                <figure class=\"mb-4 pt-lg-5 mb-lg-0 ps-lg-3 pe-lg-3\" data-aos=\"fade-up\" data-aos-duration=\"1000\"><div class=\"img-container\"><img loading=\"lazy\" decoding=\"async\" width=\"1200\" height=\"800\" src=\"https:\/\/luxiders.com\/content\/uploads\/Green-Product-Award-2025_DSC_3573-1.jpeg\" class=\"img-fluid w-100\" alt=\"Karin Lanz, from No Excuses Lanur, with the Green Product Award 2025.\" srcset=\"https:\/\/luxiders.com\/content\/uploads\/Green-Product-Award-2025_DSC_3573-1.jpeg 1200w, https:\/\/luxiders.com\/content\/uploads\/Green-Product-Award-2025_DSC_3573-1-300x200.jpeg 300w, https:\/\/luxiders.com\/content\/uploads\/Green-Product-Award-2025_DSC_3573-1-1024x683.jpeg 1024w, https:\/\/luxiders.com\/content\/uploads\/Green-Product-Award-2025_DSC_3573-1-768x512.jpeg 768w\" sizes=\"(max-width: 1200px) 100vw, 1200px\" \/><\/div><figcaption>Karin Lanz, from No Excuses Lanur, with the Green Product Award 2025.<\/figcaption><\/figure>                                                                                            <\/div>\n                                    <div class=\"col-lg-6\">\n                                                                                                                                                        <figure class=\"mb-4 pt-lg-0 mb-lg-0 ps-lg-0 pe-lg-0\" data-aos=\"fade-up\" data-aos-duration=\"1000\"><div class=\"img-container\"><img loading=\"lazy\" decoding=\"async\" width=\"1200\" height=\"800\" src=\"https:\/\/luxiders.com\/content\/uploads\/Green-Product-Award-2025_DSC_1384.jpeg\" class=\"img-fluid w-100\" alt=\"Winners in Personal Care Category, with Nils Bader and Belvis Soler, co-founder of Luxiders Magazine, at Green Product Award 2025 Summit and Ceremony.\" srcset=\"https:\/\/luxiders.com\/content\/uploads\/Green-Product-Award-2025_DSC_1384.jpeg 1200w, https:\/\/luxiders.com\/content\/uploads\/Green-Product-Award-2025_DSC_1384-300x200.jpeg 300w, https:\/\/luxiders.com\/content\/uploads\/Green-Product-Award-2025_DSC_1384-1024x683.jpeg 1024w, https:\/\/luxiders.com\/content\/uploads\/Green-Product-Award-2025_DSC_1384-768x512.jpeg 768w\" sizes=\"(max-width: 1200px) 100vw, 1200px\" \/><\/div><figcaption>Winners in Personal Care Category, with Nils Bader and Belvis Soler, co-founder of Luxiders Magazine, at Green Product Award 2025 Summit and Ceremony.<\/figcaption><\/figure>                                                                                                        <\/div>\n                                            <\/div>\n        <\/div>\n    <\/section>\n    \n\n    <section id=\"textblock-block_adec2ae72eb7408e1ae7175de285ab14\" class=\"section position-relative gp-block gp-textblock pt-5 pb-5\">\n        <div class=\"container\">\n            <div class=\"row g-0\">\n                <div class=\"col-lg-12 content\" data-aos=\"fade-in\" data-aos-duration=\"1000\">\n                                                                        <h2 class=\"\">MEJORES PRODUCTOS VERDES EN MODA\n<\/h2>\n                                                                                                        <h3>RAIS<\/h3>\n<p>Dise\u00f1o: Johannes Wacker<br \/>\nCompa\u00f1\u00eda: <a href=\"https:\/\/www.instagram.com\/rolf.eyewear\/\" target=\"_blank\" rel=\"noopener\">rolf.produktions GmbH<\/a><br \/>\nPa\u00eds: Austria<\/p>\n<p>RAIS es una gafa sostenible hecha a base de jud\u00edas. Parte de la <em data-start=\"65\" data-end=\"87\">Substance Collection<\/em>, este innovador producto \u2014creado en \u201cforma de polvo\u201d y \u201ccombinado con la bisagra patentada Rolf Flexlock\u201d\u2014 logra un dise\u00f1o elegante y sostenible que cuida del medio ambiente. C\u00f3modas de llevar, ligeras y respetuosas con la piel, estas gafas marcan un antes y un despu\u00e9s en la moda sostenible.<\/p>\n<p>&nbsp;<\/p>\n<h3>Bouretteseide<\/h3>\n<p>Dise\u00f1o: Helena Harfst<br \/>\nCompa\u00f1\u00eda: <a href=\"https:\/\/www.instagram.com\/kapireshoes\/\" target=\"_blank\" rel=\"noopener\">Helena Harfst<\/a><br \/>\nPa\u00eds: Alemania<\/p>\n<p>Esta colecci\u00f3n de seda bourrette incluye elegantes vestidos y camisas unisex con un \u201cestilo distintivo\u201d. Una colecci\u00f3n perfecta para todas las estaciones, chic y c\u00f3moda, confeccionada con seda bourrette, un material que \u201ces f\u00e1cil de cuidar y se puede lavar a m\u00e1quina sin ning\u00fan problema\u201d. Esta l\u00ednea de ropa es la soluci\u00f3n m\u00e1s reconfortante y sostenible para tus necesidades de moda.<\/p>\n<p>&nbsp;<\/p>\n<h3>BackPaq<\/h3>\n<p>Dise\u00f1o: Oscar Wei\u00df<br \/>\nInstituci\u00f3n: <a href=\"https:\/\/oscarweiss.com\/\" target=\"_blank\" rel=\"noopener\">ecosign<\/a> \/ <a href=\"https:\/\/www.instagram.com\/ecosignakademie\/?hl=en\" target=\"_blank\" rel=\"noopener\">Akademie f\u00fcr Gestaltung<\/a><br \/>\nPa\u00eds: Alemania<\/p>\n<article class=\"text-token-text-primary w-full\" dir=\"auto\" data-testid=\"conversation-turn-46\" data-scroll-anchor=\"true\">\n<div class=\"text-base my-auto mx-auto py-5 [--thread-content-margin:--spacing(4)] @[37rem]:[--thread-content-margin:--spacing(6)] @[72rem]:[--thread-content-margin:--spacing(16)] px-(--thread-content-margin)\">\n<div class=\"[--thread-content-max-width:32rem] @[34rem]:[--thread-content-max-width:40rem] @[64rem]:[--thread-content-max-width:48rem] mx-auto flex max-w-(--thread-content-max-width) flex-1 text-base gap-4 md:gap-5 lg:gap-6 group\/turn-messages focus-visible:outline-hidden\" tabindex=\"-1\">\n<div class=\"group\/conversation-turn relative flex w-full min-w-0 flex-col agent-turn\">\n<div class=\"relative flex-col gap-1 md:gap-3\">\n<div class=\"flex max-w-full flex-col grow\">\n<div class=\"min-h-8 text-message relative flex w-full flex-col items-end gap-2 text-start break-words whitespace-normal [.text-message+&amp;]:mt-5\" dir=\"auto\" data-message-author-role=\"assistant\" data-message-id=\"10d2251e-145d-4aaf-9f54-7ff443a185f9\" data-message-model-slug=\"gpt-4o\">\n<div class=\"flex w-full flex-col gap-1 empty:hidden first:pt-[3px]\">\n<div class=\"markdown prose dark:prose-invert w-full break-words light\">\n<p class=\"\" data-start=\"0\" data-end=\"409\">Este producto multifac\u00e9tico \u2014equipado con un pasaporte digital de producto (DPP)\u2014 puede ampliarse y transformarse de m\u00faltiples formas, \u201chasta casi cinco veces su tama\u00f1o gracias a una innovadora tecnolog\u00eda de giro\u201d. De ri\u00f1onera a bandolera, o incluso mochila si lo prefieres, <em data-start=\"275\" data-end=\"284\">BackPaq<\/em> es tu compa\u00f1ero sostenible ideal para el transporte, listo para adaptarse a tus necesidades y transformarse seg\u00fan tu estilo.<\/p>\n<p data-start=\"0\" data-end=\"409\">\n<\/div>\n<\/div>\n<\/div>\n<\/div>\n<\/div>\n<\/div>\n<\/div>\n<\/div>\n<\/article>\n<h3>Upcycling Sneaker Minou<\/h3>\n<p>Dise\u00f1o: Karina Ranft<br \/>\nCompa\u00f1\u00eda: <a href=\"https:\/\/www.instagram.com\/kapireshoes\/\" target=\"_blank\" rel=\"noopener\">KAPIRE UNIKAT\u00a0<\/a><br \/>\nPa\u00eds: Alemania<\/p>\n<p>Estas zapatillas unisex, simplemente celestiales, est\u00e1n hechas a partir de mantas de lana desechadas. Con un forro interior de cuero curtido sin cromo y una fabricaci\u00f3n artesanal en Italia, estas zapatillas \u00fanicas se convierten en el calzado ideal para acompa\u00f1arte en tus rincones favoritos de la ciudad.<\/p>\n<p>&nbsp;<\/p>\n<h3>Eco-tech bijoux<\/h3>\n<p>Dise\u00f1o: Ludovica Cirillo<br \/>\nCompa\u00f1\u00eda: <a href=\"https:\/\/www.instagram.com\/byludo_ecotech\/\" target=\"_blank\" rel=\"noopener\">ByLUDO srls<\/a><br \/>\nPa\u00eds: Italia<\/p>\n<p>Los \u201ceco-tech bijoux\u201d son joyas ingeniosas elaboradas a partir de residuos electr\u00f3nicos como \u201cauriculares, cables y antiguos teclados\u201d. Combinan innovaci\u00f3n y sostenibilidad, ofreciendo una forma \u00fanica y consciente de crear arte que es, a la vez, brillante y valioso. \u201cDise\u00f1adas para amantes de la tecnolog\u00eda y personas con conciencia ecol\u00f3gica\u2026 cada pieza es un recordatorio de que, en un mundo acelerado, nada es realmente obsoleto\u201d.<\/p>\n<p>&nbsp;<\/p>\n<h3>Homage to Mountain<\/h3>\n<p>Dise\u00f1o: Jehnna Yang<br \/>\nInstituci\u00f3n: <a href=\"https:\/\/www.instagram.com\/csm_news\/?hl=en\" target=\"_blank\" rel=\"noopener\">Central Saint Martins<\/a><br \/>\nPa\u00eds: UK<\/p>\n<p>\u201cHomage to Mountain\u201d es un equipamiento alpino creado \u201cpara cineastas que documentan la vida salvaje en terrenos monta\u00f1osos\u201d. No solo incorpora flavonoides impermeables y con protecci\u00f3n UV, inspirados en la flora alpina, sino que tambi\u00e9n presenta un dise\u00f1o \u00fanico que \u201cimita a las plantas de alta monta\u00f1a, ofreciendo resistencia al viento y camuflaje visual\u201d. Ideal para soportar condiciones clim\u00e1ticas extremas, este equipamiento es el compa\u00f1ero perfecto para tus aventuras en la naturaleza.<\/p>\n                                                        <\/div>\n            <\/div>\n        <\/div>\n    <\/section>\n    \n\n    <section id=\"media-block_8e5612e14d82527e7c4c00e6e3ba235d\" class=\"section position-relative gp-block gp-media pt-5 pb-5\">\n        <div class=\"container\">\n            <div class=\"row g-0\">\n                <div class=\"col-lg-12 content\" data-aos=\"fade-in\" data-aos-duration=\"1000\">\n                                                                            <\/div>\n            <\/div>\n            <div class=\"row g-0\">\n                <div class=\"col-lg-6 \">\n                                                                                                                                                <figure class=\"mb-4 pt-lg-2 mb-lg-2 ps-lg-0 pe-lg-4\" data-aos=\"fade-up\" data-aos-duration=\"1000\"><div class=\"img-container\"><img loading=\"lazy\" decoding=\"async\" width=\"1200\" height=\"800\" src=\"https:\/\/luxiders.com\/content\/uploads\/Green-Product-Award-2025_DSC_1437-1.jpeg\" class=\"img-fluid w-100\" alt=\"Johannes Wacker, receiving the Green Product Award 2025 from Benedikt Stolberg, Embassy of Austria.\" srcset=\"https:\/\/luxiders.com\/content\/uploads\/Green-Product-Award-2025_DSC_1437-1.jpeg 1200w, https:\/\/luxiders.com\/content\/uploads\/Green-Product-Award-2025_DSC_1437-1-300x200.jpeg 300w, https:\/\/luxiders.com\/content\/uploads\/Green-Product-Award-2025_DSC_1437-1-1024x683.jpeg 1024w, https:\/\/luxiders.com\/content\/uploads\/Green-Product-Award-2025_DSC_1437-1-768x512.jpeg 768w\" sizes=\"(max-width: 1200px) 100vw, 1200px\" \/><\/div><figcaption>Johannes Wacker, receiving the Green Product Award 2025 from Benedikt Stolberg, Embassy of Austria. <\/figcaption><\/figure>                                                                                            <\/div>\n                                    <div class=\"col-lg-6\">\n                                                                                                                                                        <figure class=\"mb-4 pt-lg-4 mb-lg-0 ps-lg-4 pe-lg-0\" data-aos=\"fade-up\" data-aos-duration=\"1000\"><div class=\"img-container\"><img loading=\"lazy\" decoding=\"async\" width=\"1200\" height=\"799\" src=\"https:\/\/luxiders.com\/content\/uploads\/Green-Product-Award-2025_DSC_1466-1.jpeg\" class=\"img-fluid w-100\" alt=\"Karina Ranft, receiving the Green Product Award 2025 from Belvis Soler, Luxiders Magazine.\" srcset=\"https:\/\/luxiders.com\/content\/uploads\/Green-Product-Award-2025_DSC_1466-1.jpeg 1200w, https:\/\/luxiders.com\/content\/uploads\/Green-Product-Award-2025_DSC_1466-1-300x200.jpeg 300w, https:\/\/luxiders.com\/content\/uploads\/Green-Product-Award-2025_DSC_1466-1-1024x682.jpeg 1024w, https:\/\/luxiders.com\/content\/uploads\/Green-Product-Award-2025_DSC_1466-1-768x511.jpeg 768w\" sizes=\"(max-width: 1200px) 100vw, 1200px\" \/><\/div><figcaption>Karina Ranft, receiving the Green Product Award 2025 from Belvis Soler, Luxiders Magazine.<\/figcaption><\/figure>                                                                                                        <\/div>\n                                            <\/div>\n        <\/div>\n    <\/section>\n    \n\n    <section id=\"media-block_f6bbc517251f07bd4bfb06eeb3638d21\" class=\"section position-relative gp-block gp-media pt-5 pb-5\">\n        <div class=\"container\">\n            <div class=\"row g-0\">\n                <div class=\"col-lg-12 content\" data-aos=\"fade-in\" data-aos-duration=\"1000\">\n                                                                            <\/div>\n            <\/div>\n            <div class=\"row g-0\">\n                <div class=\"col-lg-6 \">\n                                                                                                                                                <figure class=\"mb-4 pt-lg-2 mb-lg-2 ps-lg-0 pe-lg-4\" data-aos=\"fade-up\" data-aos-duration=\"1000\"><div class=\"img-container\"><img loading=\"lazy\" decoding=\"async\" width=\"1200\" height=\"799\" src=\"https:\/\/luxiders.com\/content\/uploads\/Green-Product-Award-2025_DSC_1445-1.jpeg\" class=\"img-fluid w-100\" alt=\"Ludovica Cirillo received the Green Product Award 2025 Summit and Ceremony.\" srcset=\"https:\/\/luxiders.com\/content\/uploads\/Green-Product-Award-2025_DSC_1445-1.jpeg 1200w, https:\/\/luxiders.com\/content\/uploads\/Green-Product-Award-2025_DSC_1445-1-300x200.jpeg 300w, https:\/\/luxiders.com\/content\/uploads\/Green-Product-Award-2025_DSC_1445-1-1024x682.jpeg 1024w, https:\/\/luxiders.com\/content\/uploads\/Green-Product-Award-2025_DSC_1445-1-768x511.jpeg 768w\" sizes=\"(max-width: 1200px) 100vw, 1200px\" \/><\/div><figcaption>Ludovica Cirillo received the Green Product Award 2025 Summit and Ceremony.<\/figcaption><\/figure>                                                                                            <\/div>\n                                    <div class=\"col-lg-6\">\n                                                                                                                                                        <figure class=\"mb-4 pt-lg-4 mb-lg-0 ps-lg-4 pe-lg-0\" data-aos=\"fade-up\" data-aos-duration=\"1000\"><div class=\"img-container\"><img loading=\"lazy\" decoding=\"async\" width=\"1200\" height=\"800\" src=\"https:\/\/luxiders.com\/content\/uploads\/Green-Product-Award-2025_DSC_1460-1.jpeg\" class=\"img-fluid w-100\" alt=\"Anna-Lisa, founder of Helena Harfst, receiving the Green Product Award 2025.\" srcset=\"https:\/\/luxiders.com\/content\/uploads\/Green-Product-Award-2025_DSC_1460-1.jpeg 1200w, https:\/\/luxiders.com\/content\/uploads\/Green-Product-Award-2025_DSC_1460-1-300x200.jpeg 300w, https:\/\/luxiders.com\/content\/uploads\/Green-Product-Award-2025_DSC_1460-1-1024x683.jpeg 1024w, https:\/\/luxiders.com\/content\/uploads\/Green-Product-Award-2025_DSC_1460-1-768x512.jpeg 768w\" sizes=\"(max-width: 1200px) 100vw, 1200px\" \/><\/div><figcaption>Anna-Lisa, founder of Helena Harfst, receiving the Green Product Award 2025.<\/figcaption><\/figure>                                                                                                        <\/div>\n                                            <\/div>\n        <\/div>\n    <\/section>\n    \n\n    <section id=\"media-block_4c71f4cd2d87b170e01a135da76a6b9e\" class=\"section position-relative gp-block gp-media pt-5 pb-5\">\n        <div class=\"container\">\n            <div class=\"row g-0\">\n                <div class=\"col-lg-12 content\" data-aos=\"fade-in\" data-aos-duration=\"1000\">\n                                                                            <\/div>\n            <\/div>\n            <div class=\"row g-0\">\n                <div class=\"col-lg-12 img-scaled\">\n                                                                                                                                                <figure class=\"mb-4 pt-lg-2 mb-lg-3 ps-lg-10 pe-lg-10\" data-aos=\"fade-up\" data-aos-duration=\"1000\"><div class=\"img-container\"><img loading=\"lazy\" decoding=\"async\" width=\"1200\" height=\"800\" src=\"https:\/\/luxiders.com\/content\/uploads\/Green-Product-Award-2025_DSC_1429-1.jpeg\" class=\"img-fluid w-100\" alt=\"\" srcset=\"https:\/\/luxiders.com\/content\/uploads\/Green-Product-Award-2025_DSC_1429-1.jpeg 1200w, https:\/\/luxiders.com\/content\/uploads\/Green-Product-Award-2025_DSC_1429-1-300x200.jpeg 300w, https:\/\/luxiders.com\/content\/uploads\/Green-Product-Award-2025_DSC_1429-1-1024x683.jpeg 1024w, https:\/\/luxiders.com\/content\/uploads\/Green-Product-Award-2025_DSC_1429-1-768x512.jpeg 768w\" sizes=\"(max-width: 1200px) 100vw, 1200px\" \/><\/div><figcaption>Green Product Award 2025 Summit and Ceremony Berlin, 15.05.2025.<\/figcaption><\/figure>                                                                                            <\/div>\n                                            <\/div>\n        <\/div>\n    <\/section>\n    \n\n    <section id=\"textblock-block_c67e79a53fb435d80e52f640ce05caed\" class=\"section position-relative gp-block gp-textblock pt-5 pb-5\">\n        <div class=\"container\">\n            <div class=\"row g-0\">\n                <div class=\"col-lg-12 content\" data-aos=\"fade-in\" data-aos-duration=\"1000\">\n                                                                        <h2 class=\"\">MEJORES PRODUCTOS VERDES EN BUILDING DESIGN\n<\/h2>\n                                                                                                        <h3>KiTa aus Re-Use Bauelementen<\/h3>\n<p>Dise\u00f1o: blrm Architekt*innen<br \/>\nCompa\u00f1\u00eda: <a href=\"https:\/\/www.instagram.com\/blrm.eu\/\" target=\"_blank\" rel=\"noopener\">blrm Architekt*innen GmbH<\/a><br \/>\nPa\u00eds: Alemania<\/p>\n<p>Este dise\u00f1o incluye materiales reutilizados \u201cde un antiguo edificio en ruinas de una guarder\u00eda y de otras construcciones desmontadas en Darmstadt\u201d. Concebido para permanecer en el mismo lugar con el objetivo de proteger y preservar la naturaleza, este edificio se centra en el concepto de identidad y en la \u201cconstrucci\u00f3n circular\u201d. Al mantenerse en su emplazamiento original, conservar el entorno natural y dar nueva vida a materiales que no necesitan ser desechados, esta construcci\u00f3n demuestra por qu\u00e9 la sostenibilidad importa de verdad.<\/p>\n<p>&nbsp;<\/p>\n<div class=\"page\" title=\"Page 8\">\n<div class=\"layoutArea\">\n<div class=\"column\">\n<h3>Reclaimed Design<\/h3>\n<\/div>\n<\/div>\n<\/div>\n<div class=\"page\" title=\"Page 8\">\n<div class=\"layoutArea\">\n<div class=\"column\">\n<p>Dise\u00f1o: Clara Blum, Laura Marsillo, Gonzalo Mun\u0303oz Guerrero<br \/>\nInstituci\u00f3n: <a href=\"https:\/\/www.instagram.com\/icdstuttgart\/\" target=\"_blank\" rel=\"noopener\">University of Stuttgart<\/a><br \/>\nPa\u00eds: Alemania<\/p>\n<p>En una era marcada por el cambio clim\u00e1tico y la escasez de recursos, <em data-start=\"69\" data-end=\"87\">Reclaimed Design<\/em> presenta una metodolog\u00eda revolucionaria que redefine la integraci\u00f3n de la madera recuperada en el dise\u00f1o y la construcci\u00f3n arquitect\u00f3nica. Aprovechando herramientas computacionales avanzadas, an\u00e1lisis de materiales e inteligencia artificial, esta investigaci\u00f3n introduce un marco integral para maximizar el potencial estructural y est\u00e9tico de la madera reutilizada, promoviendo la sostenibilidad, la circularidad y la innovaci\u00f3n en la industria de la construcci\u00f3n.<\/p>\n<p>&nbsp;<\/p>\n<h3>Hanfplatten f\u00fcr Klimaschutz<\/h3>\n<p>Dise\u00f1o: Naporo Klima D\u00e4mmstoff Team<br \/>\nInstituci\u00f3n: Naporo Klima D\u00e4mmstoff GmbH<br \/>\nPa\u00eds: Austria<\/p>\n<p>El innovador <em data-start=\"13\" data-end=\"42\">panel de sustrato de c\u00e1\u00f1amo<\/em>, concebido como componente para cubiertas verdes, es un sistema de reverdecimiento sostenible que permite a las ciudades hacer frente a retos como las islas de calor, las superficies selladas y la contaminaci\u00f3n por CO2. El c\u00e1\u00f1amo almacena CO2, retiene agua y mejora la refrigeraci\u00f3n de los edificios, siendo \u201cideal\u201d para las llamadas <em data-start=\"377\" data-end=\"395\">ciudades esponja<\/em>. Gracias a su bajo peso y amplia gama de aplicaciones, esta soluci\u00f3n es apta tanto para nuevas construcciones como para reformas, mejora la eficiencia de los sistemas fotovoltaicos y promueve una edificaci\u00f3n sostenible. El objetivo: lograr ciudades resilientes al clima y mejorar la calidad de vida.<\/p>\n<p>&nbsp;<\/p>\n<h3>TRIQBRIQ WS25-System<\/h3>\n<p>Dise\u00f1o: Max W\u00f6rner &amp; Werner Grosse<br \/>\nInstituci\u00f3n: <a href=\"https:\/\/www.instagram.com\/triqbriq\/\" target=\"_blank\" rel=\"noopener\">TRIQBRIQ AG<\/a><br \/>\nPa\u00eds: Alemania<\/p>\n<article class=\"text-token-text-primary w-full\" dir=\"auto\" data-testid=\"conversation-turn-58\" data-scroll-anchor=\"true\">\n<div class=\"text-base my-auto mx-auto py-5 [--thread-content-margin:--spacing(4)] @[37rem]:[--thread-content-margin:--spacing(6)] @[72rem]:[--thread-content-margin:--spacing(16)] px-(--thread-content-margin)\">\n<div class=\"[--thread-content-max-width:32rem] @[34rem]:[--thread-content-max-width:40rem] @[64rem]:[--thread-content-max-width:48rem] mx-auto flex max-w-(--thread-content-max-width) flex-1 text-base gap-4 md:gap-5 lg:gap-6 group\/turn-messages focus-visible:outline-hidden\" tabindex=\"-1\">\n<div class=\"group\/conversation-turn relative flex w-full min-w-0 flex-col agent-turn\">\n<div class=\"relative flex-col gap-1 md:gap-3\">\n<div class=\"flex max-w-full flex-col grow\">\n<div class=\"min-h-8 text-message relative flex w-full flex-col items-end gap-2 text-start break-words whitespace-normal [.text-message+&amp;]:mt-5\" dir=\"auto\" data-message-author-role=\"assistant\" data-message-id=\"4bc0be54-1b82-4ee4-9c72-2d49f4c680cb\" data-message-model-slug=\"gpt-4o\">\n<div class=\"flex w-full flex-col gap-1 empty:hidden first:pt-[3px]\">\n<div class=\"markdown prose dark:prose-invert w-full break-words light\">\n<p class=\"\" data-start=\"0\" data-end=\"587\">El sistema <em data-start=\"11\" data-end=\"21\">TRIQBRIQ<\/em> utiliza bloques de construcci\u00f3n de madera micromodulares, conocidos como <em data-start=\"95\" data-end=\"102\">BRIQs<\/em>, fabricados a partir de madera de bajo coste, d\u00e9bil o da\u00f1ada, as\u00ed como de madera recuperada. Estos bloques se ensamblan directamente en obra y se fijan entre s\u00ed mediante espigas de madera, lo que permite construir muros portantes de forma r\u00e1pida y econ\u00f3mica. Gracias a la ausencia de uniones adhesivas y a su dise\u00f1o circular, los <em data-start=\"433\" data-end=\"440\">BRIQs<\/em> pueden reutilizarse tras el desmontaje de un edificio. Adem\u00e1s, una envolvente construida con <em data-start=\"534\" data-end=\"544\">TRIQBRIQ<\/em> almacena cantidades significativas de CO2.<\/p>\n<p data-start=\"0\" data-end=\"587\">\n<\/div>\n<\/div>\n<\/div>\n<\/div>\n<\/div>\n<\/div>\n<\/div>\n<\/div>\n<\/article>\n<h3>BioPower Cell<\/h3>\n<p>Dise\u00f1o: Aldrei Zyv Bismilla &amp; Dr. Ulugbek Azimov<br \/>\nInstituci\u00f3n: <a href=\"https:\/\/www.instagram.com\/northumbriauni\/\" target=\"_blank\" rel=\"noopener\">Northumbria University<\/a><br \/>\nPa\u00eds: Reino Unido<\/p>\n<p>BioPower Cells es una bater\u00eda ecol\u00f3gica, sostenible, recargable y resistente al fuego, basada en materiales org\u00e1nicos totalmente reciclables disponibles en todo el mundo. No utiliza litio, cobalto ni otros metales de tierras raras y, al final de su vida \u00fatil, puede reutilizarse como fertilizante i\u00f3nico. Esta innovaci\u00f3n est\u00e1 llamada a revolucionar la forma en que almacenamos la electricidad generada. La bater\u00eda propuesta tendr\u00e1 una amplia gama de aplicaciones, desde sistemas de almacenamiento de energ\u00edas renovables, drones y veh\u00edculos el\u00e9ctricos, hasta dispositivos electr\u00f3nicos port\u00e1tiles, entre otros. Nuestra tecnolog\u00eda cumple plenamente con los principios de la econom\u00eda circular.<\/p>\n<p>&nbsp;<\/p>\n<\/div>\n<\/div>\n<\/div>\n                                                        <\/div>\n            <\/div>\n        <\/div>\n    <\/section>\n    \n\n    <section id=\"media-block_87c5e52e89e4b9702f1ba26ffefb3bb8\" class=\"section position-relative gp-block gp-media pt-0 pb-0\">\n        <div class=\"container\">\n            <div class=\"row g-0\">\n                <div class=\"col-lg-12 content\" data-aos=\"fade-in\" data-aos-duration=\"1000\">\n                                                                            <\/div>\n            <\/div>\n            <div class=\"row g-0\">\n                <div class=\"col-lg-6 \">\n                                                                                                                                                <figure class=\"mb-4 pt-lg-7 mb-lg-3 ps-lg-0 pe-lg-4\" data-aos=\"fade-up\" data-aos-duration=\"1000\"><div class=\"img-container\"><img loading=\"lazy\" decoding=\"async\" width=\"1200\" height=\"800\" src=\"https:\/\/luxiders.com\/content\/uploads\/Green-Product-Award-2025_DSC_3569-1.jpeg\" class=\"img-fluid w-100\" alt=\"\" srcset=\"https:\/\/luxiders.com\/content\/uploads\/Green-Product-Award-2025_DSC_3569-1.jpeg 1200w, https:\/\/luxiders.com\/content\/uploads\/Green-Product-Award-2025_DSC_3569-1-300x200.jpeg 300w, https:\/\/luxiders.com\/content\/uploads\/Green-Product-Award-2025_DSC_3569-1-1024x683.jpeg 1024w, https:\/\/luxiders.com\/content\/uploads\/Green-Product-Award-2025_DSC_3569-1-768x512.jpeg 768w\" sizes=\"(max-width: 1200px) 100vw, 1200px\" \/><\/div><figcaption>Green Product Award 2025 Summit and Ceremony Berlin, 15.05.2025.<\/figcaption><\/figure>                                                                                            <\/div>\n                                    <div class=\"col-lg-6\">\n                                                                                                                                                        <figure class=\"mb-4 pt-lg-3 mb-lg-0 ps-lg-4 pe-lg-0\" data-aos=\"fade-up\" data-aos-duration=\"1000\"><div class=\"img-container\"><img loading=\"lazy\" decoding=\"async\" width=\"1200\" height=\"800\" src=\"https:\/\/luxiders.com\/content\/uploads\/Green-Product-Award-2025_DSC_3543-1.jpeg\" class=\"img-fluid w-100\" alt=\"Green Product Award 2025 Summit and Ceremony Berlin.\" srcset=\"https:\/\/luxiders.com\/content\/uploads\/Green-Product-Award-2025_DSC_3543-1.jpeg 1200w, https:\/\/luxiders.com\/content\/uploads\/Green-Product-Award-2025_DSC_3543-1-300x200.jpeg 300w, https:\/\/luxiders.com\/content\/uploads\/Green-Product-Award-2025_DSC_3543-1-1024x683.jpeg 1024w, https:\/\/luxiders.com\/content\/uploads\/Green-Product-Award-2025_DSC_3543-1-768x512.jpeg 768w\" sizes=\"(max-width: 1200px) 100vw, 1200px\" \/><\/div><figcaption>Green Product Award 2025 Summit and Ceremony Berlin, 15.05.2025.<\/figcaption><\/figure>                                                                                                        <\/div>\n                                            <\/div>\n        <\/div>\n    <\/section>\n    \n\n    <section id=\"textblock-block_f3f168a6d36dcca68b52705b7a6e89d5\" class=\"section position-relative gp-block gp-textblock pt-0 pb-0\">\n        <div class=\"container\">\n            <div class=\"row g-0\">\n                <div class=\"col-lg-12 content\" data-aos=\"fade-in\" data-aos-duration=\"1000\">\n                                                                        <h2 class=\"\"><h3>MEJORES PRODUCTOS VERDES EN NUEVOS MATERIALES<\/h3>\n<\/h2>\n                                                                                                        <h3>Organoid\u00ae CARPE DIEM<\/h3>\n<p>Dise\u00f1o: Organoid\u00ae Natural Surfaces Team<br \/>\nCompa\u00f1\u00eda: <a href=\"https:\/\/www.instagram.com\/organoid.naturalsurfaces\/\" target=\"_blank\" rel=\"noopener\">Organoid\u00ae Technologies<\/a> GmbH<br \/>\nPa\u00eds: Austria<\/p>\n<p>Este producto, un interior sostenible que evoca \u201cel aroma del Mediterr\u00e1neo\u201d, incluye \u201chierbas cuidadosamente seleccionadas\u201d que realzan un dise\u00f1o de interiores respetuoso con el medio ambiente. Para los amantes del interiorismo, es un imprescindible, porque \u00bfqui\u00e9n no querr\u00eda sentir la esencia del Mediterr\u00e1neo en su propio dormitorio?<\/p>\n<p>&nbsp;<\/p>\n<h3>TRASHBOARD<\/h3>\n<p>Dise\u00f1o: Fran\u00e7ois Jaubert<br \/>\nCompa\u00f1\u00eda: <a href=\"https:\/\/www.instagram.com\/trashboardshop\/\" target=\"_blank\" rel=\"noopener\">TRASHBOARD<\/a><br \/>\nPa\u00eds: Francia<\/p>\n<p>Dise\u00f1ado por Fran\u00e7ois Jaubert, <em data-start=\"31\" data-end=\"43\">TRASHBOARD<\/em> presenta un nuevo material reciclado \u201cavanzado\u201d y un proceso de producci\u00f3n innovador. Con productos deportivos como monopatines de alto rendimiento y \u201cbaja huella de carbono\u201d, <em data-start=\"220\" data-end=\"232\">TRASHBOARD<\/em> abre un nuevo camino hacia el reciclaje sostenible, demostrando que el arte de reutilizar supera con creces las consecuencias de desperdiciar.<\/p>\n<p>&nbsp;<\/p>\n<h3>terrazzoflex<\/h3>\n<p>Dise\u00f1o: Julia Linnig<br \/>\nInstituci\u00f3n: <a href=\"https:\/\/www.instagram.com\/hsduesseldorf\/\" target=\"_blank\" rel=\"noopener\">Hochschule D\u00fcsseldorf<\/a><br \/>\nPa\u00eds: Alemania<\/p>\n<p class=\"\" data-start=\"0\" data-end=\"431\">El <em data-start=\"3\" data-end=\"14\">flex foil<\/em> es conocido por ser una \u201cimportante fuente de residuos\u201d. Julia Linnig aborda este problema con el ingenioso <em data-start=\"123\" data-end=\"137\">terrazzoflex<\/em>, un material reciclado revolucionario \u201cproducido sin aditivos y caracterizado por su gran versatilidad\u201d. Este innovador dise\u00f1o pone el foco en la problem\u00e1tica de los residuos y demuestra que el reciclaje puede convertirse en arte y, a la vez, en una poderosa herramienta para mejorar el mundo.<\/p>\n                                                        <\/div>\n            <\/div>\n        <\/div>\n    <\/section>\n    \n\n    <section id=\"media-block_7cc7c77f4f90ec5860fe5a1374f87541\" class=\"section position-relative gp-block gp-media pt-0 pb-0\">\n        <div class=\"container\">\n            <div class=\"row g-0\">\n                <div class=\"col-lg-12 content\" data-aos=\"fade-in\" data-aos-duration=\"1000\">\n                                                                            <\/div>\n            <\/div>\n            <div class=\"row g-0\">\n                <div class=\"col-lg-12 img-scaled\">\n                                                                                                                                                <figure class=\"mb-4 pt-lg-3 mb-lg-3 ps-lg-10 pe-lg-10\" data-aos=\"fade-up\" data-aos-duration=\"1000\"><div class=\"img-container\"><img loading=\"lazy\" decoding=\"async\" width=\"1200\" height=\"799\" src=\"https:\/\/luxiders.com\/content\/uploads\/Green-Product-Award-2025_DSC_1572-1.jpeg\" class=\"img-fluid w-100\" alt=\"Winners on the Green Product Award 2025 Interior &amp; Lifestyle, with Prof. Claus-Christian Eckhardt at the Summit and Ceremony Berlin.\" srcset=\"https:\/\/luxiders.com\/content\/uploads\/Green-Product-Award-2025_DSC_1572-1.jpeg 1200w, https:\/\/luxiders.com\/content\/uploads\/Green-Product-Award-2025_DSC_1572-1-300x200.jpeg 300w, https:\/\/luxiders.com\/content\/uploads\/Green-Product-Award-2025_DSC_1572-1-1024x682.jpeg 1024w, https:\/\/luxiders.com\/content\/uploads\/Green-Product-Award-2025_DSC_1572-1-768x511.jpeg 768w\" sizes=\"(max-width: 1200px) 100vw, 1200px\" \/><\/div><figcaption>Winners on the Green Product Award 2025 Interior &#038; Lifestyle, with Prof. Claus-Christian Eckhardt at the Summit and Ceremony Berlin.<\/figcaption><\/figure>                                                                                            <\/div>\n                                            <\/div>\n        <\/div>\n    <\/section>\n    \n\n    <section id=\"textblock-block_34af4c86951796637172788927c07071\" class=\"section position-relative gp-block gp-textblock pt-5 pb-5\">\n        <div class=\"container\">\n            <div class=\"row g-0\">\n                <div class=\"col-lg-12 content\" data-aos=\"fade-in\" data-aos-duration=\"1000\">\n                                                                        <h2 class=\"\">MEJORES PRODUCTOS EN INITIATIVES\n<\/h2>\n                                                                                                        <h3>Tire repurposing<\/h3>\n<p>Dise\u00f1o: Jean Francois Cassier<br \/>\nInstituci\u00f3n: REGOM<br \/>\nPa\u00eds: Francia<\/p>\n<p>REGOM ofrece soluciones impulsadas por inteligencia artificial para identificar y clasificar neum\u00e1ticos usados a una velocidad industrial de uno cada tres segundos. Dise\u00f1ada para recicladores de neum\u00e1ticos, su tecnolog\u00eda optimiza la clasificaci\u00f3n para su reutilizaci\u00f3n, reventa, recauchutado, recuperaci\u00f3n de materiales y pir\u00f3lisis. El sector del reciclaje de neum\u00e1ticos ha sido tradicionalmente lento en adoptar la transformaci\u00f3n digital, dependiendo durante d\u00e9cadas de inspecciones manuales. REGOM rompe con este statu quo al introducir eficiencia y tecnolog\u00eda basada en IA, aumentando el rendimiento de los procesos de reutilizaci\u00f3n, alargando la vida \u00fatil de los neum\u00e1ticos, reduciendo residuos, minimizando el impacto ambiental y evitando la acumulaci\u00f3n en vertederos.<\/p>\n<p>&nbsp;<\/p>\n<h3>BeeHaven<\/h3>\n<p>Dise\u00f1o: Yao Yulu, Liu Xinyi &amp; Dai Yanning<br \/>\nInstituci\u00f3n: \u4e2d\u56fd\u7f8e\u672f\u5b66\u9662<br \/>\nPa\u00eds: China<\/p>\n<p>&#8220;BeeHaven&#8221; es un innovador dise\u00f1o de colmena urbana que ofrece h\u00e1bitats sostenibles para abejas polinizadoras en entornos urbanos. Est\u00e1 pensado para urbanistas, organizaciones medioambientales y comunidades que buscan fomentar la biodiversidad en las ciudades y apoyar a las poblaciones de abejas. Su sostenibilidad e innovaci\u00f3n radican en la integraci\u00f3n de escaneos digitales de formas arb\u00f3reas con fabricaci\u00f3n aditiva a base de micelio, creando h\u00e1bitats adaptativos que responden a las necesidades ecol\u00f3gicas de las abejas. Adem\u00e1s, mediante an\u00e1lisis ambientales y el uso del algoritmo A-star para seleccionar ubicaciones \u00f3ptimas, se garantiza una colocaci\u00f3n cient\u00edficamente fundamentada.<\/p>\n<p>&nbsp;<\/p>\n                                                        <\/div>\n            <\/div>\n        <\/div>\n    <\/section>\n    \n\n    <section id=\"media-block_e7959b7cb8faf4f145df5f22bae3d66f\" class=\"section position-relative gp-block gp-media pt-5 pb-5\">\n        <div class=\"container\">\n            <div class=\"row g-0\">\n                <div class=\"col-lg-12 content\" data-aos=\"fade-in\" data-aos-duration=\"1000\">\n                                                                            <\/div>\n            <\/div>\n            <div class=\"row g-0\">\n                <div class=\"col-lg-6 \">\n                                                                                                                                                <figure class=\"mb-4 pt-lg-3 mb-lg-3 ps-lg-0 pe-lg-4\" data-aos=\"fade-up\" data-aos-duration=\"1000\"><div class=\"img-container\"><img loading=\"lazy\" decoding=\"async\" width=\"1200\" height=\"800\" src=\"https:\/\/luxiders.com\/content\/uploads\/Green-Product-Award-2025_DSC_1618-1.jpeg\" class=\"img-fluid w-100\" alt=\"Winners of Green Product Award 2025 in Packaging, receiving the Award from Uwe Melichar, Touch Design Partner Europe.\" srcset=\"https:\/\/luxiders.com\/content\/uploads\/Green-Product-Award-2025_DSC_1618-1.jpeg 1200w, https:\/\/luxiders.com\/content\/uploads\/Green-Product-Award-2025_DSC_1618-1-300x200.jpeg 300w, https:\/\/luxiders.com\/content\/uploads\/Green-Product-Award-2025_DSC_1618-1-1024x683.jpeg 1024w, https:\/\/luxiders.com\/content\/uploads\/Green-Product-Award-2025_DSC_1618-1-768x512.jpeg 768w\" sizes=\"(max-width: 1200px) 100vw, 1200px\" \/><\/div><figcaption>Winners of Green Product Award 2025 in Packaging, receiving the Award from Uwe Melichar, Touch Design Partner Europe.<\/figcaption><\/figure>                                                                                            <\/div>\n                                    <div class=\"col-lg-6\">\n                                                                                                                                                        <figure class=\"mb-4 pt-lg-2 mb-lg-2 ps-lg-3 pe-lg-0\" data-aos=\"fade-up\" data-aos-duration=\"1000\"><div class=\"img-container\"><img loading=\"lazy\" decoding=\"async\" width=\"1200\" height=\"800\" src=\"https:\/\/luxiders.com\/content\/uploads\/Green-Product-Award-2025_DSC_1585-1.jpeg\" class=\"img-fluid w-100\" alt=\"\" srcset=\"https:\/\/luxiders.com\/content\/uploads\/Green-Product-Award-2025_DSC_1585-1.jpeg 1200w, https:\/\/luxiders.com\/content\/uploads\/Green-Product-Award-2025_DSC_1585-1-300x200.jpeg 300w, https:\/\/luxiders.com\/content\/uploads\/Green-Product-Award-2025_DSC_1585-1-1024x683.jpeg 1024w, https:\/\/luxiders.com\/content\/uploads\/Green-Product-Award-2025_DSC_1585-1-768x512.jpeg 768w\" sizes=\"(max-width: 1200px) 100vw, 1200px\" \/><\/div><figcaption>Green Product Award 2025 Summit and Ceremony Berlin, 15.05.2025.<\/figcaption><\/figure>                                                                                                        <\/div>\n                                            <\/div>\n        <\/div>\n    <\/section>\n    \n\n    <section id=\"textblock-block_f4e5e7af687c61f81b2f9cdd60557199\" class=\"section position-relative gp-block gp-textblock pt-5 pb-5\">\n        <div class=\"container\">\n            <div class=\"row g-0\">\n                <div class=\"col-lg-12 content\" data-aos=\"fade-in\" data-aos-duration=\"1000\">\n                                                                        <h2 class=\"\"><div class=\"page\" title=\"Page 36\">\n<div class=\"layoutArea\">\n<div class=\"column\">\nBEST PRODUCTS IN PACKAGING\n<\/div>\n<\/div>\n<\/div>\n<\/h2>\n                                                                                                        <h3>Kelpi High-Barrier Coating<\/h3>\n<p>Dise\u00f1o: Kelpi Technical Team<br \/>\nInstituci\u00f3n: Kelpi<br \/>\nPa\u00eds: Reino Unido<\/p>\n<p>Kelpi tiene la misi\u00f3n de combatir la contaminaci\u00f3n por pl\u00e1sticos reduciendo la dependencia de combustibles f\u00f3siles y sustituyendo los pl\u00e1sticos de un solo uso por innovadores materiales a base de algas marinas. Aplicado como recubrimiento sobre papel, cart\u00f3n y otros sustratos de fibra, <em data-start=\"291\" data-end=\"319\">Kelpi High-Barrier Coating<\/em> est\u00e1 dise\u00f1ado para replicar el rendimiento del pl\u00e1stico, convirti\u00e9ndose en una alternativa ideal para grandes empresas de bienes de consumo (FMCG) que buscan reducir su uso de pl\u00e1sticos. Gracias a los enlaces naturales incorporados en la qu\u00edmica del material, este recubrimiento es reciclable y biodegradable, descomponi\u00e9ndose por completo en el entorno sin dejar toxinas ni micropl\u00e1sticos.<\/p>\n<p>&nbsp;<\/p>\n<h3>Augenbrauen-Rasierer-Blister<\/h3>\n<p>Dise\u00f1o: Chocal Packaging Solutions<br \/>\nInstituci\u00f3n: Chocal Packaging Solutions GmbH<br \/>\nPa\u00eds: Alemania<\/p>\n<p>El blister para perfilador de cejas de Chocal est\u00e1 hecho de papel y sustituye los envases de pl\u00e1stico convencionales. El papel proviene de bosques gestionados de forma sostenible y es completamente reciclable y compostable. El envase se adapta al producto como una segunda piel y es tan grande como necesario y tan peque\u00f1o como posible, lo que supone un enorme ahorro de material. Adem\u00e1s, el proceso de termoformado energ\u00e9ticamente eficiente contribuye a reducir las emisiones de CO2. &#8220;De este modo, ofrecemos una alternativa de packaging que preserva los recursos y devuelve los materiales usados a la naturaleza.&#8221;<\/p>\n<p>&nbsp;<\/p>\n<h3>WOODMER Seal<\/h3>\n<p>Dise\u00f1o: Petri Oinonen<br \/>\nInstituci\u00f3n: Ecohelix<br \/>\nPa\u00eds: Suecia<\/p>\n<p>WOODMER\u00ae Seal es un revolucionario recubrimiento termosellable a base de madera para packaging. Derivado de biomasa renovable de origen forestal, ofrece una alternativa mucho m\u00e1s ecol\u00f3gica frente a los recubrimientos pl\u00e1sticos tradicionales, con una reducci\u00f3n de emisiones de hasta un 90 %. No solo es respetuoso con el medio ambiente, sino que tambi\u00e9n garantiza un alto rendimiento, proporcionando sellados t\u00e9rmicos fuertes y fiables para envases de comercio electr\u00f3nico, industriales y agr\u00edcolas. WOODMER\u00ae Seal permite estructuras monomateriales, mejorando la circularidad y reduciendo los residuos. Un recubrimiento termosellable sostenible y de alto rendimiento que te ayuda a cumplir con los requisitos del mercado y las normativas medioambientales actuales.<\/p>\n<p>&nbsp;<\/p>\n<p>Estos son los ganadores de los Green Product Awards de este a\u00f1o: innovadores que crean, desarrolladores sostenibles que sue\u00f1an, verdaderos maestros en el arte de construir un mundo mejor por y para la sostenibilidad.<\/p>\n                                                        <\/div>\n            <\/div>\n        <\/div>\n    <\/section>\n    \n\n    <section id=\"media-block_df9b8cc91af7d11d9d219c67c1a317d8\" class=\"section position-relative gp-block gp-media pt-5 pb-5\">\n        <div class=\"container\">\n            <div class=\"row g-0\">\n                <div class=\"col-lg-12 content\" data-aos=\"fade-in\" data-aos-duration=\"1000\">\n                                                                            <\/div>\n            <\/div>\n            <div class=\"row g-0\">\n                <div class=\"col-lg-6 \">\n                                                                                                                                                <figure class=\"mb-4 pt-lg-7 mb-lg-0 ps-lg-4 pe-lg-4\" data-aos=\"fade-up\" data-aos-duration=\"1000\"><div class=\"img-container\"><img loading=\"lazy\" decoding=\"async\" width=\"1200\" height=\"799\" src=\"https:\/\/luxiders.com\/content\/uploads\/Green-Product-Award-2025_DSC_3427-1.jpeg\" class=\"img-fluid w-100\" alt=\"\" srcset=\"https:\/\/luxiders.com\/content\/uploads\/Green-Product-Award-2025_DSC_3427-1.jpeg 1200w, https:\/\/luxiders.com\/content\/uploads\/Green-Product-Award-2025_DSC_3427-1-300x200.jpeg 300w, https:\/\/luxiders.com\/content\/uploads\/Green-Product-Award-2025_DSC_3427-1-1024x682.jpeg 1024w, https:\/\/luxiders.com\/content\/uploads\/Green-Product-Award-2025_DSC_3427-1-768x511.jpeg 768w\" sizes=\"(max-width: 1200px) 100vw, 1200px\" \/><\/div><figcaption>Green Product Award 2025 Summit and Ceremony Berlin, 15.05.2025.<\/figcaption><\/figure>                                                                                            <\/div>\n                                    <div class=\"col-lg-6\">\n                                                                                                                                                        <figure class=\"mb-4 pt-lg-1 mb-lg-0 ps-lg-6 pe-lg-0\" data-aos=\"fade-up\" data-aos-duration=\"1000\"><div class=\"img-container\"><img loading=\"lazy\" decoding=\"async\" width=\"1200\" height=\"1800\" src=\"https:\/\/luxiders.com\/content\/uploads\/Green-Product-Award-2025_DSC_1231.jpeg\" class=\"img-fluid w-100\" alt=\"\" srcset=\"https:\/\/luxiders.com\/content\/uploads\/Green-Product-Award-2025_DSC_1231.jpeg 1200w, https:\/\/luxiders.com\/content\/uploads\/Green-Product-Award-2025_DSC_1231-200x300.jpeg 200w, https:\/\/luxiders.com\/content\/uploads\/Green-Product-Award-2025_DSC_1231-683x1024.jpeg 683w, https:\/\/luxiders.com\/content\/uploads\/Green-Product-Award-2025_DSC_1231-768x1152.jpeg 768w, https:\/\/luxiders.com\/content\/uploads\/Green-Product-Award-2025_DSC_1231-1024x1536.jpeg 1024w\" sizes=\"(max-width: 1200px) 100vw, 1200px\" \/><\/div><figcaption>Green Product Award 2025 Summit and Ceremony Berlin, 15.05.2025.<\/figcaption><\/figure>                                                                                                        <\/div>\n                                            <\/div>\n        <\/div>\n    <\/section>\n    \n\n    <section id=\"media-block_63383c3af72da8824755dc5dfca8c568\" class=\"section position-relative gp-block gp-media text-center pt-5 pb-5\">\n        <div class=\"container\">\n            <div class=\"row g-0\">\n                <div class=\"col-lg-12 content\" data-aos=\"fade-in\" data-aos-duration=\"1000\">\n                                                                                    <div class=\"mt-4 mt-lg-5\"><\/div>\n                                                                \n                    <p class=\"mb-0\"><a class=\"btn btn-secondary extern text-white\" href=\"https:\/\/www.gp-award.com\/es\/book25\" title=\"THE GREEN TREND BOOK 25\" target=\"_blank\"><span>THE GREEN TREND BOOK 25<\/span><\/a><\/p>\n                                                <\/div>\n            <\/div>\n            <div class=\"row g-0\">\n                <div class=\"col-lg-12 img-scaled\">\n                                    <\/div>\n                                            <\/div>\n        <\/div>\n    <\/section>\n    ","protected":false},"excerpt":{"rendered":"","protected":false},"author":2,"featured_media":54882,"comment_status":"closed","ping_status":"closed","sticky":false,"template":"","format":"standard","meta":{"_acf_changed":false,"footnotes":""},"categories":[1187],"tags":[9935,3408,3039,9936,9937,3276,3068,230,385,9938,9939,9940,9941,9942,9943,9944,9945,8974,9946,9947,9948,9949,193,359,9950,9951,9390,9952,9953,9954],"class_list":{"0":"post-54796","1":"post","2":"type-post","3":"status-publish","4":"format-standard","5":"has-post-thumbnail","7":"category-lujo-sostenible-diseno","8":"tag-3d-wood-wind-es","9":"tag-architecture-es","10":"tag-berlin-2-es","11":"tag-building-components-es","12":"tag-c-jean-es","13":"tag-climate-change-es","14":"tag-climate-change-2-2","15":"tag-eco-friendly-es","16":"tag-fashion-es","17":"tag-fashion-week-es","18":"tag-flor-de-cana-terra-rum-es","19":"tag-forest-slat-lines-es","20":"tag-green-concept-award-winners-es","21":"tag-green-product-awards-es","22":"tag-green-product-awards-2024-es","23":"tag-jaime-wei-huang-es","24":"tag-justin-xx-es","25":"tag-luxury-wear-es","26":"tag-olympics-2024-es","27":"tag-pebbles-e-u-es","28":"tag-ready-to-wear-es","29":"tag-storywear-es","30":"tag-sustainable-fashion-es","31":"tag-sustainable-luxury-es","32":"tag-sustainablity-es","33":"tag-taipei-es","34":"tag-taipei-fashion-es","35":"tag-taipei-fashion-week-es","36":"tag-taipei-fashion-week-2024-es","37":"tag-urban-soundscape-es"},"acf":[],"yoast_head":"<title>Green Product Awards 2025 | Los dise\u00f1os sostenibles m\u00e1s innovadores del mundo<\/title>\n<meta name=\"description\" content=\"Desde gafas hechas de habas hasta paneles ac\u00fasticos elaborados con pelotas de tenis recicladas, los Green Product Awards 2025 de este a\u00f1o demostraron\u2026\" \/>\n<meta name=\"robots\" content=\"index, follow, max-snippet:-1, max-image-preview:large, max-video-preview:-1\" \/>\n<link rel=\"canonical\" href=\"https:\/\/luxiders.com\/es\/green-product-awards-2025-los-disenos-sostenibles-mas-innovadores-del-mundo\/\" \/>\n<meta property=\"og:locale\" content=\"es_ES\" \/>\n<meta property=\"og:type\" content=\"article\" \/>\n<meta property=\"og:title\" content=\"Green Product Awards 2025 | Los dise\u00f1os sostenibles m\u00e1s innovadores del mundo\" \/>\n<meta property=\"og:description\" content=\"Desde gafas hechas de habas hasta paneles ac\u00fasticos elaborados con pelotas de tenis recicladas, los Green Product Awards 2025 de este a\u00f1o demostraron\u2026\" \/>\n<meta property=\"og:url\" content=\"https:\/\/luxiders.com\/es\/green-product-awards-2025-los-disenos-sostenibles-mas-innovadores-del-mundo\/\" \/>\n<meta property=\"og:site_name\" content=\"Sustainable Fashion - Eco Design - Healthy Lifestyle - Luxiders Magazine\" \/>\n<meta property=\"article:published_time\" content=\"2025-05-19T11:20:41+00:00\" \/>\n<meta property=\"article:modified_time\" content=\"2025-05-20T11:08:24+00:00\" \/>\n<meta property=\"og:image\" content=\"https:\/\/luxiders.com\/content\/uploads\/Green-Product-Award-2025_DSC_0981.jpeg\" \/>\n\t<meta property=\"og:image:width\" content=\"1200\" \/>\n\t<meta property=\"og:image:height\" content=\"800\" \/>\n\t<meta property=\"og:image:type\" content=\"image\/jpeg\" \/>\n<meta name=\"author\" content=\"luxiders\" \/>\n<meta name=\"twitter:card\" content=\"summary_large_image\" \/>\n<meta name=\"twitter:label1\" content=\"Written by\" \/>\n\t<meta name=\"twitter:data1\" content=\"luxiders\" \/>\n\t<meta name=\"twitter:label2\" content=\"Est. reading time\" \/>\n\t<meta name=\"twitter:data2\" content=\"15 minutes\" \/>\n<script type=\"application\/ld+json\" class=\"yoast-schema-graph\">{\"@context\":\"https:\/\/schema.org\",\"@graph\":[{\"@type\":\"Article\",\"@id\":\"https:\/\/luxiders.com\/es\/green-product-awards-2025-los-disenos-sostenibles-mas-innovadores-del-mundo\/#article\",\"isPartOf\":{\"@id\":\"https:\/\/luxiders.com\/es\/green-product-awards-2025-los-disenos-sostenibles-mas-innovadores-del-mundo\/\"},\"author\":{\"name\":\"luxiders\",\"@id\":\"https:\/\/luxiders.com\/es\/#\/schema\/person\/8632fa702ae2ce98f66c396254633de8\"},\"headline\":\"Green Product Awards 2025 | Los dise\u00f1os sostenibles m\u00e1s innovadores del mundo\",\"datePublished\":\"2025-05-19T11:20:41+00:00\",\"dateModified\":\"2025-05-20T11:08:24+00:00\",\"mainEntityOfPage\":{\"@id\":\"https:\/\/luxiders.com\/es\/green-product-awards-2025-los-disenos-sostenibles-mas-innovadores-del-mundo\/\"},\"wordCount\":12,\"publisher\":{\"@id\":\"https:\/\/luxiders.com\/es\/#organization\"},\"image\":{\"@id\":\"https:\/\/luxiders.com\/es\/green-product-awards-2025-los-disenos-sostenibles-mas-innovadores-del-mundo\/#primaryimage\"},\"thumbnailUrl\":\"https:\/\/luxiders.com\/content\/uploads\/Green-Product-Award-2025_DSC_0981.jpeg\",\"keywords\":[\"3D Wood Wind\",\"architecture\",\"berlin\",\"Building Components\",\"C Jean\",\"climate change\",\"climate change\",\"eco-friendly\",\"fashion\",\"Fashion week\",\"Flor de Cana Terra Rum\",\"Forest slat lines\",\"Green Concept Award Winners\",\"Green Product Awards\",\"Green Product Awards 2024\",\"Jaime Wei Huang\",\"Justin xx\",\"Luxury wear\",\"Olympics 2024\",\"Pebbles e.U\",\"ready-to-wear\",\"Storywear\",\"sustainable fashion\",\"Sustainable luxury\",\"Sustainablity\",\"Taipei\",\"Taipei fashion\",\"Taipei fashion week\",\"Taipei fashion week 2024\",\"Urban Soundscape\"],\"articleSection\":[\"Dise\u00f1o\"],\"inLanguage\":\"es-ES\"},{\"@type\":\"WebPage\",\"@id\":\"https:\/\/luxiders.com\/es\/green-product-awards-2025-los-disenos-sostenibles-mas-innovadores-del-mundo\/\",\"url\":\"https:\/\/luxiders.com\/es\/green-product-awards-2025-los-disenos-sostenibles-mas-innovadores-del-mundo\/\",\"name\":\"Green Product Awards 2025 | Los dise\u00f1os sostenibles m\u00e1s innovadores del mundo\",\"isPartOf\":{\"@id\":\"https:\/\/luxiders.com\/es\/#website\"},\"primaryImageOfPage\":{\"@id\":\"https:\/\/luxiders.com\/es\/green-product-awards-2025-los-disenos-sostenibles-mas-innovadores-del-mundo\/#primaryimage\"},\"image\":{\"@id\":\"https:\/\/luxiders.com\/es\/green-product-awards-2025-los-disenos-sostenibles-mas-innovadores-del-mundo\/#primaryimage\"},\"thumbnailUrl\":\"https:\/\/luxiders.com\/content\/uploads\/Green-Product-Award-2025_DSC_0981.jpeg\",\"datePublished\":\"2025-05-19T11:20:41+00:00\",\"dateModified\":\"2025-05-20T11:08:24+00:00\",\"description\":\"Desde gafas hechas de habas hasta paneles ac\u00fasticos elaborados con pelotas de tenis recicladas, los Green Product Awards 2025 de este a\u00f1o demostraron\u2026\",\"breadcrumb\":{\"@id\":\"https:\/\/luxiders.com\/es\/green-product-awards-2025-los-disenos-sostenibles-mas-innovadores-del-mundo\/#breadcrumb\"},\"inLanguage\":\"es-ES\",\"potentialAction\":[{\"@type\":\"ReadAction\",\"target\":[\"https:\/\/luxiders.com\/es\/green-product-awards-2025-los-disenos-sostenibles-mas-innovadores-del-mundo\/\"]}]},{\"@type\":\"ImageObject\",\"inLanguage\":\"es-ES\",\"@id\":\"https:\/\/luxiders.com\/es\/green-product-awards-2025-los-disenos-sostenibles-mas-innovadores-del-mundo\/#primaryimage\",\"url\":\"https:\/\/luxiders.com\/content\/uploads\/Green-Product-Award-2025_DSC_0981.jpeg\",\"contentUrl\":\"https:\/\/luxiders.com\/content\/uploads\/Green-Product-Award-2025_DSC_0981.jpeg\",\"width\":1200,\"height\":800,\"caption\":\"Green Product Award 2025 Summit and Ceremony Berlin, 15.05.2025.\"},{\"@type\":\"BreadcrumbList\",\"@id\":\"https:\/\/luxiders.com\/es\/green-product-awards-2025-los-disenos-sostenibles-mas-innovadores-del-mundo\/#breadcrumb\",\"itemListElement\":[{\"@type\":\"ListItem\",\"position\":1,\"name\":\"Startseite\",\"item\":\"https:\/\/luxiders.com\/es\/\"},{\"@type\":\"ListItem\",\"position\":2,\"name\":\"Dise\u00f1o\",\"item\":\"https:\/\/luxiders.com\/es\/category\/lujo-sostenible-diseno\/\"},{\"@type\":\"ListItem\",\"position\":3,\"name\":\"Green Product Awards 2025 | Los dise\u00f1os sostenibles m\u00e1s innovadores del mundo\"}]},{\"@type\":\"WebSite\",\"@id\":\"https:\/\/luxiders.com\/es\/#website\",\"url\":\"https:\/\/luxiders.com\/es\/\",\"name\":\"Sustainable Fashion - Eco Design - Healthy Lifestyle - Luxiders Magazine\",\"description\":\"Luxiders is a sustainable luxury magazine highlighting the best stories about sustainable fashion, ethical fashion, eco-friendly design, green design, sustainable travel, natural beauty, organic beauty and healthy lifestyle. Know the best high-end, progressive and luxury sustainable brands and designers worldwide.\",\"publisher\":{\"@id\":\"https:\/\/luxiders.com\/es\/#organization\"},\"potentialAction\":[{\"@type\":\"SearchAction\",\"target\":{\"@type\":\"EntryPoint\",\"urlTemplate\":\"https:\/\/luxiders.com\/es\/?s={search_term_string}\"},\"query-input\":{\"@type\":\"PropertyValueSpecification\",\"valueRequired\":true,\"valueName\":\"search_term_string\"}}],\"inLanguage\":\"es-ES\"},{\"@type\":\"Organization\",\"@id\":\"https:\/\/luxiders.com\/es\/#organization\",\"name\":\"Sustainable Fashion - Eco Design - Healthy Lifestyle - Luxiders Magazine\",\"url\":\"https:\/\/luxiders.com\/es\/\",\"logo\":{\"@type\":\"ImageObject\",\"inLanguage\":\"es-ES\",\"@id\":\"https:\/\/luxiders.com\/es\/#\/schema\/logo\/image\/\",\"url\":\"https:\/\/luxiders.com\/content\/uploads\/lux-logo.svg\",\"contentUrl\":\"https:\/\/luxiders.com\/content\/uploads\/lux-logo.svg\",\"caption\":\"Sustainable Fashion - Eco Design - Healthy Lifestyle - Luxiders Magazine\"},\"image\":{\"@id\":\"https:\/\/luxiders.com\/es\/#\/schema\/logo\/image\/\"}},{\"@type\":\"Person\",\"@id\":\"https:\/\/luxiders.com\/es\/#\/schema\/person\/8632fa702ae2ce98f66c396254633de8\",\"name\":\"luxiders\",\"url\":\"https:\/\/luxiders.com\/es\/author\/luxiders\/\"}]}<\/script>","yoast_head_json":{"title":"Green Product Awards 2025 | Los dise\u00f1os sostenibles m\u00e1s innovadores del mundo","description":"Desde gafas hechas de habas hasta paneles ac\u00fasticos elaborados con pelotas de tenis recicladas, los Green Product Awards 2025 de este a\u00f1o demostraron\u2026","robots":{"index":"index","follow":"follow","max-snippet":"max-snippet:-1","max-image-preview":"max-image-preview:large","max-video-preview":"max-video-preview:-1"},"canonical":"https:\/\/luxiders.com\/es\/green-product-awards-2025-los-disenos-sostenibles-mas-innovadores-del-mundo\/","og_locale":"es_ES","og_type":"article","og_title":"Green Product Awards 2025 | Los dise\u00f1os sostenibles m\u00e1s innovadores del mundo","og_description":"Desde gafas hechas de habas hasta paneles ac\u00fasticos elaborados con pelotas de tenis recicladas, los Green Product Awards 2025 de este a\u00f1o demostraron\u2026","og_url":"https:\/\/luxiders.com\/es\/green-product-awards-2025-los-disenos-sostenibles-mas-innovadores-del-mundo\/","og_site_name":"Sustainable Fashion - Eco Design - Healthy Lifestyle - Luxiders Magazine","article_published_time":"2025-05-19T11:20:41+00:00","article_modified_time":"2025-05-20T11:08:24+00:00","og_image":[{"width":1200,"height":800,"url":"https:\/\/luxiders.com\/content\/uploads\/Green-Product-Award-2025_DSC_0981.jpeg","type":"image\/jpeg"}],"author":"luxiders","twitter_card":"summary_large_image","twitter_misc":{"Written by":"luxiders","Est. reading time":"15 minutes"},"schema":{"@context":"https:\/\/schema.org","@graph":[{"@type":"Article","@id":"https:\/\/luxiders.com\/es\/green-product-awards-2025-los-disenos-sostenibles-mas-innovadores-del-mundo\/#article","isPartOf":{"@id":"https:\/\/luxiders.com\/es\/green-product-awards-2025-los-disenos-sostenibles-mas-innovadores-del-mundo\/"},"author":{"name":"luxiders","@id":"https:\/\/luxiders.com\/es\/#\/schema\/person\/8632fa702ae2ce98f66c396254633de8"},"headline":"Green Product Awards 2025 | Los dise\u00f1os sostenibles m\u00e1s innovadores del mundo","datePublished":"2025-05-19T11:20:41+00:00","dateModified":"2025-05-20T11:08:24+00:00","mainEntityOfPage":{"@id":"https:\/\/luxiders.com\/es\/green-product-awards-2025-los-disenos-sostenibles-mas-innovadores-del-mundo\/"},"wordCount":12,"publisher":{"@id":"https:\/\/luxiders.com\/es\/#organization"},"image":{"@id":"https:\/\/luxiders.com\/es\/green-product-awards-2025-los-disenos-sostenibles-mas-innovadores-del-mundo\/#primaryimage"},"thumbnailUrl":"https:\/\/luxiders.com\/content\/uploads\/Green-Product-Award-2025_DSC_0981.jpeg","keywords":["3D Wood Wind","architecture","berlin","Building Components","C Jean","climate change","climate change","eco-friendly","fashion","Fashion week","Flor de Cana Terra Rum","Forest slat lines","Green Concept Award Winners","Green Product Awards","Green Product Awards 2024","Jaime Wei Huang","Justin xx","Luxury wear","Olympics 2024","Pebbles e.U","ready-to-wear","Storywear","sustainable fashion","Sustainable luxury","Sustainablity","Taipei","Taipei fashion","Taipei fashion week","Taipei fashion week 2024","Urban Soundscape"],"articleSection":["Dise\u00f1o"],"inLanguage":"es-ES"},{"@type":"WebPage","@id":"https:\/\/luxiders.com\/es\/green-product-awards-2025-los-disenos-sostenibles-mas-innovadores-del-mundo\/","url":"https:\/\/luxiders.com\/es\/green-product-awards-2025-los-disenos-sostenibles-mas-innovadores-del-mundo\/","name":"Green Product Awards 2025 | Los dise\u00f1os sostenibles m\u00e1s innovadores del mundo","isPartOf":{"@id":"https:\/\/luxiders.com\/es\/#website"},"primaryImageOfPage":{"@id":"https:\/\/luxiders.com\/es\/green-product-awards-2025-los-disenos-sostenibles-mas-innovadores-del-mundo\/#primaryimage"},"image":{"@id":"https:\/\/luxiders.com\/es\/green-product-awards-2025-los-disenos-sostenibles-mas-innovadores-del-mundo\/#primaryimage"},"thumbnailUrl":"https:\/\/luxiders.com\/content\/uploads\/Green-Product-Award-2025_DSC_0981.jpeg","datePublished":"2025-05-19T11:20:41+00:00","dateModified":"2025-05-20T11:08:24+00:00","description":"Desde gafas hechas de habas hasta paneles ac\u00fasticos elaborados con pelotas de tenis recicladas, los Green Product Awards 2025 de este a\u00f1o demostraron\u2026","breadcrumb":{"@id":"https:\/\/luxiders.com\/es\/green-product-awards-2025-los-disenos-sostenibles-mas-innovadores-del-mundo\/#breadcrumb"},"inLanguage":"es-ES","potentialAction":[{"@type":"ReadAction","target":["https:\/\/luxiders.com\/es\/green-product-awards-2025-los-disenos-sostenibles-mas-innovadores-del-mundo\/"]}]},{"@type":"ImageObject","inLanguage":"es-ES","@id":"https:\/\/luxiders.com\/es\/green-product-awards-2025-los-disenos-sostenibles-mas-innovadores-del-mundo\/#primaryimage","url":"https:\/\/luxiders.com\/content\/uploads\/Green-Product-Award-2025_DSC_0981.jpeg","contentUrl":"https:\/\/luxiders.com\/content\/uploads\/Green-Product-Award-2025_DSC_0981.jpeg","width":1200,"height":800,"caption":"Green Product Award 2025 Summit and Ceremony Berlin, 15.05.2025."},{"@type":"BreadcrumbList","@id":"https:\/\/luxiders.com\/es\/green-product-awards-2025-los-disenos-sostenibles-mas-innovadores-del-mundo\/#breadcrumb","itemListElement":[{"@type":"ListItem","position":1,"name":"Startseite","item":"https:\/\/luxiders.com\/es\/"},{"@type":"ListItem","position":2,"name":"Dise\u00f1o","item":"https:\/\/luxiders.com\/es\/category\/lujo-sostenible-diseno\/"},{"@type":"ListItem","position":3,"name":"Green Product Awards 2025 | Los dise\u00f1os sostenibles m\u00e1s innovadores del mundo"}]},{"@type":"WebSite","@id":"https:\/\/luxiders.com\/es\/#website","url":"https:\/\/luxiders.com\/es\/","name":"Sustainable Fashion - Eco Design - Healthy Lifestyle - Luxiders Magazine","description":"Luxiders is a sustainable luxury magazine highlighting the best stories about sustainable fashion, ethical fashion, eco-friendly design, green design, sustainable travel, natural beauty, organic beauty and healthy lifestyle. Know the best high-end, progressive and luxury sustainable brands and designers worldwide.","publisher":{"@id":"https:\/\/luxiders.com\/es\/#organization"},"potentialAction":[{"@type":"SearchAction","target":{"@type":"EntryPoint","urlTemplate":"https:\/\/luxiders.com\/es\/?s={search_term_string}"},"query-input":{"@type":"PropertyValueSpecification","valueRequired":true,"valueName":"search_term_string"}}],"inLanguage":"es-ES"},{"@type":"Organization","@id":"https:\/\/luxiders.com\/es\/#organization","name":"Sustainable Fashion - Eco Design - Healthy Lifestyle - Luxiders Magazine","url":"https:\/\/luxiders.com\/es\/","logo":{"@type":"ImageObject","inLanguage":"es-ES","@id":"https:\/\/luxiders.com\/es\/#\/schema\/logo\/image\/","url":"https:\/\/luxiders.com\/content\/uploads\/lux-logo.svg","contentUrl":"https:\/\/luxiders.com\/content\/uploads\/lux-logo.svg","caption":"Sustainable Fashion - Eco Design - Healthy Lifestyle - Luxiders Magazine"},"image":{"@id":"https:\/\/luxiders.com\/es\/#\/schema\/logo\/image\/"}},{"@type":"Person","@id":"https:\/\/luxiders.com\/es\/#\/schema\/person\/8632fa702ae2ce98f66c396254633de8","name":"luxiders","url":"https:\/\/luxiders.com\/es\/author\/luxiders\/"}]}},"_links":{"self":[{"href":"https:\/\/luxiders.com\/es\/wp-json\/wp\/v2\/posts\/54796","targetHints":{"allow":["GET"]}}],"collection":[{"href":"https:\/\/luxiders.com\/es\/wp-json\/wp\/v2\/posts"}],"about":[{"href":"https:\/\/luxiders.com\/es\/wp-json\/wp\/v2\/types\/post"}],"author":[{"embeddable":true,"href":"https:\/\/luxiders.com\/es\/wp-json\/wp\/v2\/users\/2"}],"replies":[{"embeddable":true,"href":"https:\/\/luxiders.com\/es\/wp-json\/wp\/v2\/comments?post=54796"}],"version-history":[{"count":2,"href":"https:\/\/luxiders.com\/es\/wp-json\/wp\/v2\/posts\/54796\/revisions"}],"predecessor-version":[{"id":55069,"href":"https:\/\/luxiders.com\/es\/wp-json\/wp\/v2\/posts\/54796\/revisions\/55069"}],"wp:featuredmedia":[{"embeddable":true,"href":"https:\/\/luxiders.com\/es\/wp-json\/wp\/v2\/media\/54882"}],"wp:attachment":[{"href":"https:\/\/luxiders.com\/es\/wp-json\/wp\/v2\/media?parent=54796"}],"wp:term":[{"taxonomy":"category","embeddable":true,"href":"https:\/\/luxiders.com\/es\/wp-json\/wp\/v2\/categories?post=54796"},{"taxonomy":"post_tag","embeddable":true,"href":"https:\/\/luxiders.com\/es\/wp-json\/wp\/v2\/tags?post=54796"}],"curies":[{"name":"wp","href":"https:\/\/api.w.org\/{rel}","templated":true}]}}