{"id":55832,"date":"2025-06-23T09:18:14","date_gmt":"2025-06-23T07:18:14","guid":{"rendered":"https:\/\/luxiders.com\/?p=55832"},"modified":"2025-06-24T16:28:21","modified_gmt":"2025-06-24T14:28:21","slug":"sobre-retreat-la-sostenibilidad-y-el-arte-en-si-mismo-entrevista-con-jacopo-di-cera","status":"publish","type":"post","link":"https:\/\/luxiders.com\/es\/sobre-retreat-la-sostenibilidad-y-el-arte-en-si-mismo-entrevista-con-jacopo-di-cera\/","title":{"rendered":"Sobre \u201cRetreat\u201d, la sostenibilidad y el arte en s\u00ed mismo | Entrevista con Jacopo Di Cera"},"content":{"rendered":"    <section id=\"textblock-block_46355b1b4586462583fc779fa3c18471\" class=\"section position-relative gp-block gp-textblock pt-5 pb-5\">\n        <div class=\"container\">\n            <div class=\"row g-0\">\n                <div class=\"col-lg-12 content\" data-aos=\"fade-in\" data-aos-duration=\"1000\">\n                                                                                    <div class=\"intro \">\n                            <div style=\"text-align: center;\">\n<p class=\"p1\">Una conversaci\u00f3n con el reconocido artista italiano Jacopo Di Cera. Desde su instalaci\u00f3n art\u00edstica con enfoque ecol\u00f3gico <i>\u201cRetreat\u201d<\/i> hasta otras de sus grandes obras, pasando por una profunda reflexi\u00f3n sobre la conexi\u00f3n entre arte y sostenibilidad, esta entrevista invita al lector a adentrarse en la brillante mente de Jacopo. Aqu\u00ed no solo conoceremos al artista, sino tambi\u00e9n las obras que rodean su universo creativo y dan lo mejor de s\u00ed al servicio de la sostenibilidad. Sigue leyendo y descubre a Jacopo Di Cera.<\/p>\n<\/div>\n                        <\/div>\n                                                                                                <\/div>\n            <\/div>\n        <\/div>\n    <\/section>\n    \n\n    <section id=\"newsletter-block_db9e16b23464210b88985f16b12dc378\" class=\"section position-relative gp-block gp-newsletter pt-0 pb-0 my-5\">\n        <div class=\"container\">\n            <div class=\"row g-0 pt-4 pb-3\">\n                <div class=\"col-lg-12 content text-center border pt-3\" data-aos=\"fade-in\" data-aos-duration=\"1000\">\n                                            <p><em>Para recibir el Newsletter de Luxiders Magazine,\u00a0<a href=\"https:\/\/landing.mailerlite.com\/webforms\/landing\/w2a1t0\" target=\"_blank\" rel=\"noopener\">suscr\u00edbete aqu\u00ed<\/a><\/em><\/p>\n                                    <\/div>\n            <\/div>\n        <\/div>\n    <\/section>\n    \n\n    <section id=\"textblock-block_ad1f07aa5130f84a3f0d7e5767e7b57a\" class=\"section position-relative gp-block gp-textblock pt-5 pb-5\">\n        <div class=\"container\">\n            <div class=\"row g-0\">\n                <div class=\"col-lg-12 content\" data-aos=\"fade-in\" data-aos-duration=\"1000\">\n                                                                                <p><strong>L &#8211; Luxiders Magazine<\/strong><br \/>\n<strong>JDC &#8211; Jacopo Di Cera<\/strong><\/p>\n<p>&nbsp;<\/p>\n<p><strong>L: Tus obras \u201cFino alla fine del Mare\u201d e \u201cIl rumore dell\u2019assenza\u201d evocan poderosas huellas de fotomaterialismo, emoci\u00f3n, fractura y memoria. \u00bfPodr\u00edas contarnos m\u00e1s sobre ellas y qu\u00e9 otros temas se te vienen a la mente al imaginarlas?<\/strong><\/p>\n<p><em><strong>JDC: <\/strong><\/em>\u201cFino alla fine del Mare\u201d es una obra nacida de la urgencia de la migraci\u00f3n. Est\u00e1 compuesta por im\u00e1genes en primer plano de embarcaciones de migrantes abandonadas en las costas de Lampedusa\u2014objetos que han transportado vidas, miedos y esperanzas. A trav\u00e9s del lenguaje del fotomaterialismo, integro fragmentos de materiales reales\u2014sal, \u00f3xido, madera\u2014para transformar rastros documentales en composiciones abstractas. As\u00ed, la materia se convierte en testimonio, y la abstracci\u00f3n en memoria.<br \/>\n\u201cIl rumore dell\u2019assenza\u201d habla de otro tipo de trauma: el devastador terremoto de Amatrice. Las obras son fr\u00e1giles, fracturadas, intencionadamente incompletas\u2014cada pieza es un eco de lo perdido y de lo que permanece en silencio. Ambos proyectos exploran temas como la ruptura, la supervivencia y los residuos invisibles de la presencia humana.<\/p>\n                                                        <\/div>\n            <\/div>\n        <\/div>\n    <\/section>\n    \n\n    <section id=\"media-block_7174da7292ddcdc764e17e75bf07623b\" class=\"section position-relative gp-block gp-media pt-0 pb-0\">\n        <div class=\"container\">\n            <div class=\"row g-0\">\n                <div class=\"col-lg-12 content\" data-aos=\"fade-in\" data-aos-duration=\"1000\">\n                                                                            <\/div>\n            <\/div>\n            <div class=\"row g-0\">\n                <div class=\"col-lg-12 img-scaled\">\n                                                                                                                                                <figure class=\"mb-4 pt-lg-5 mb-lg-5 ps-lg-5 pe-lg-5\" data-aos=\"fade-up\" data-aos-duration=\"1000\"><div class=\"img-container\"><img loading=\"lazy\" decoding=\"async\" width=\"1200\" height=\"800\" src=\"https:\/\/luxiders.com\/content\/uploads\/Fino-alla-fine-del-Mare-by-Jacopo-Di-Cera.-Image-Courtesy-of-the-Artist-2-luxiders-magazine3.jpg\" class=\"img-fluid w-100\" alt=\"\" srcset=\"https:\/\/luxiders.com\/content\/uploads\/Fino-alla-fine-del-Mare-by-Jacopo-Di-Cera.-Image-Courtesy-of-the-Artist-2-luxiders-magazine3.jpg 1200w, https:\/\/luxiders.com\/content\/uploads\/Fino-alla-fine-del-Mare-by-Jacopo-Di-Cera.-Image-Courtesy-of-the-Artist-2-luxiders-magazine3-300x200.jpg 300w, https:\/\/luxiders.com\/content\/uploads\/Fino-alla-fine-del-Mare-by-Jacopo-Di-Cera.-Image-Courtesy-of-the-Artist-2-luxiders-magazine3-1024x683.jpg 1024w, https:\/\/luxiders.com\/content\/uploads\/Fino-alla-fine-del-Mare-by-Jacopo-Di-Cera.-Image-Courtesy-of-the-Artist-2-luxiders-magazine3-768x512.jpg 768w\" sizes=\"(max-width: 1200px) 100vw, 1200px\" \/><\/div><figcaption>Fino alla fine del Mare by Jacopo Di Cera.<\/figcaption><\/figure>                                                                                                                                                            <figure class=\"mb-4 pt-lg-5 mb-lg-5 ps-lg-5 pe-lg-5\" data-aos=\"fade-up\" data-aos-duration=\"1000\"><div class=\"img-container\"><img loading=\"lazy\" decoding=\"async\" width=\"1200\" height=\"800\" src=\"https:\/\/luxiders.com\/content\/uploads\/Il-rumore-dellAssenza-by-Jacopo-Di-Cera.-Image-Courtesy-of-the-Artist-3-luxiders-magazine2.jpg\" class=\"img-fluid w-100\" alt=\"\" srcset=\"https:\/\/luxiders.com\/content\/uploads\/Il-rumore-dellAssenza-by-Jacopo-Di-Cera.-Image-Courtesy-of-the-Artist-3-luxiders-magazine2.jpg 1200w, https:\/\/luxiders.com\/content\/uploads\/Il-rumore-dellAssenza-by-Jacopo-Di-Cera.-Image-Courtesy-of-the-Artist-3-luxiders-magazine2-300x200.jpg 300w, https:\/\/luxiders.com\/content\/uploads\/Il-rumore-dellAssenza-by-Jacopo-Di-Cera.-Image-Courtesy-of-the-Artist-3-luxiders-magazine2-1024x683.jpg 1024w, https:\/\/luxiders.com\/content\/uploads\/Il-rumore-dellAssenza-by-Jacopo-Di-Cera.-Image-Courtesy-of-the-Artist-3-luxiders-magazine2-768x512.jpg 768w\" sizes=\"(max-width: 1200px) 100vw, 1200px\" \/><\/div><figcaption>Il rumore dell&#8217;Assenza by Jacopo Di Cera.<\/figcaption><\/figure>                                                                                            <\/div>\n                                            <\/div>\n        <\/div>\n    <\/section>\n    \n\n    <section id=\"textblock-block_b0c1166b2cd725fbdb63d1253c218758\" class=\"section position-relative gp-block gp-textblock pt-0 pb-0\">\n        <div class=\"container\">\n            <div class=\"row g-0\">\n                <div class=\"col-lg-12 content\" data-aos=\"fade-in\" data-aos-duration=\"1000\">\n                                                                                <p><strong>L: <\/strong><strong>Tu obra maestra con enfoque ecol\u00f3gico \u201cRetreat\u201d, que fue presentada en la <a href=\"https:\/\/www.instagram.com\/artdubai\" target=\"_blank\" rel=\"noopener\">Art Dubai<\/a> 2025, fue creada en colaboraci\u00f3n con <a href=\"https:\/\/www.instagram.com\/cifraworld\/\" target=\"_blank\" rel=\"noopener\">CIFRA<\/a>, Tim Maiwald de <a href=\"https:\/\/www.instagram.com\/somuchtrash.studio\/\" target=\"_blank\" rel=\"noopener\">So Much (Trash) Studio<\/a> y <a href=\"https:\/\/www.instagram.com\/theastronutstudio\/\" target=\"_blank\" rel=\"noopener\">The Astronut<\/a> (Massimiliano Ionta). \u00bfC\u00f3mo surgi\u00f3 la idea y el nombre del proyecto, y qu\u00e9 temas se destacaron m\u00e1s durante el proceso creativo?<\/strong><\/p>\n<p><strong><em>JDC: <\/em><\/strong>\u201cRetreat\u201d fue concebida como una eleg\u00eda vertical para un mundo que desaparece. La idea surgi\u00f3 investigando el glaciar Brenva \u2014 c\u00f3mo su retroceso f\u00edsico refleja nuestro propio desapego emocional de la naturaleza. El nombre alude tanto a una retirada geogr\u00e1fica como psicol\u00f3gica. Esto es una emergencia. Las cifras demuestran la aceleraci\u00f3n de esta tendencia. Pero la gente no quiere verlo. La \u00fanica forma de crear \u201cconciencia\u201d es a trav\u00e9s de la emoci\u00f3n. Un golpe directo al est\u00f3mago. Eso es Retreat.<\/p>\n<p>&nbsp;<\/p>\n<p><strong>L: <\/strong><strong>La obra ecol\u00f3gica \u201cRetreat\u201d no solo es una instalaci\u00f3n sin impacto ambiental \u2014presentada en 40 monitores completamente sostenibles y reciclados\u2014, tambi\u00e9n es un bucle digital infinito que documenta el tr\u00e1gico declive, o \u201cretirada\u201d, del glaciar Brenva, uno de los m\u00e1s queridos del mundo. \u00bfPodr\u00edas contarnos la narrativa y la motivaci\u00f3n detr\u00e1s de la obra?<\/strong><\/p>\n<p><strong><em>JDC: <\/em><\/strong>La narrativa se despliega de forma vertical, como un glaciar. Cuarenta monitores, apilados y alineados como capas de hielo, muestran el lento colapso del glaciar Brenva \u2014 una sinfon\u00eda visual en la que el hielo se convierte en agua en un ciclo sin fin. La estructura misma se transforma en met\u00e1fora: con cada monitor vendido, se elimina un segmento, igual que cada a\u00f1o funde una parte del glaciar. La motivaci\u00f3n era traducir los datos cient\u00edficos a un lenguaje emocional, para que las personas puedan sentir la p\u00e9rdida, no solo comprenderla. Es una eleg\u00eda en p\u00edxeles.<\/p>\n<div><\/div>\n<p><strong>L: <\/strong><strong>\u201cRetreat\u201d aborda temas como la conciencia ecol\u00f3gica, el declive tr\u00e1gico del glaciar Brenva y un sentimiento de nostalgia. \u00bfEs la nostalgia un tema recurrente en tu obra?<\/strong><\/p>\n<p><strong><em>JDC: <\/em><\/strong>S\u00ed y no. La nostalgia es, a veces, un filtro a trav\u00e9s del cual observo la realidad. Pero no en un sentido rom\u00e1ntico. Es la nostalgia por lo que desaparece ante nuestros ojos. Una nostalgia por el futuro que estamos perdiendo. \u201cRetreat\u201d genera justamente este tipo de emoci\u00f3n. En otras de mis investigaciones sociales, el enfoque es diferente: en \u201cSospesi\u201d, en mis fotograf\u00edas cenitales que capturan el aliento del verano y el invierno, hay m\u00e1s de diez a\u00f1os de trabajo. Las im\u00e1genes m\u00e1s antiguas generan esa sensaci\u00f3n de forma distinta a las m\u00e1s recientes. Creo que es una evoluci\u00f3n natural: lo que puede generar una fotograf\u00eda hist\u00f3rica frente a una contempor\u00e1nea.<\/p>\n                                                        <\/div>\n            <\/div>\n        <\/div>\n    <\/section>\n    \n\n    <section id=\"media-block_e528e14a1064d39bba800b8e7a44450e\" class=\"section position-relative gp-block gp-media pt-0 pb-0\">\n        <div class=\"container\">\n            <div class=\"row g-0\">\n                <div class=\"col-lg-12 content\" data-aos=\"fade-in\" data-aos-duration=\"1000\">\n                                                                            <\/div>\n            <\/div>\n            <div class=\"row g-0\">\n                <div class=\"col-lg-12 img-scaled\">\n                                                                                                                                                <figure class=\"mb-4 pt-lg-5 mb-lg-5 ps-lg-5 pe-lg-5\" data-aos=\"fade-up\" data-aos-duration=\"1000\"><div class=\"img-container\"><img loading=\"lazy\" decoding=\"async\" width=\"914\" height=\"1280\" src=\"https:\/\/luxiders.com\/content\/uploads\/Retreat-by-Jacopo-Di-Cera-x-CIFRA.-Art-Dubai-2025.-Image-Courtesy-of-the-Artist-2-luxiders-magazine.jpeg\" class=\"img-fluid w-100\" alt=\"\" srcset=\"https:\/\/luxiders.com\/content\/uploads\/Retreat-by-Jacopo-Di-Cera-x-CIFRA.-Art-Dubai-2025.-Image-Courtesy-of-the-Artist-2-luxiders-magazine.jpeg 914w, https:\/\/luxiders.com\/content\/uploads\/Retreat-by-Jacopo-Di-Cera-x-CIFRA.-Art-Dubai-2025.-Image-Courtesy-of-the-Artist-2-luxiders-magazine-214x300.jpeg 214w, https:\/\/luxiders.com\/content\/uploads\/Retreat-by-Jacopo-Di-Cera-x-CIFRA.-Art-Dubai-2025.-Image-Courtesy-of-the-Artist-2-luxiders-magazine-731x1024.jpeg 731w, https:\/\/luxiders.com\/content\/uploads\/Retreat-by-Jacopo-Di-Cera-x-CIFRA.-Art-Dubai-2025.-Image-Courtesy-of-the-Artist-2-luxiders-magazine-768x1076.jpeg 768w\" sizes=\"(max-width: 914px) 100vw, 914px\" \/><\/div><figcaption>Retreat by Jacopo Di Cera x CIFRA. Art Dubai 2025.<\/figcaption><\/figure>                                                                                                                                                            <figure class=\"mb-4 pt-lg-5 mb-lg-5 ps-lg-5 pe-lg-5\" data-aos=\"fade-up\" data-aos-duration=\"1000\"><div class=\"img-container\"><img loading=\"lazy\" decoding=\"async\" width=\"914\" height=\"1280\" src=\"https:\/\/luxiders.com\/content\/uploads\/Retreat-by-Jacopo-Di-Cera-x-CIFRA.-Art-Dubai-2025.-Image-Courtesy-of-the-Artist-4-luxiders-magazine.jpeg\" class=\"img-fluid w-100\" alt=\"\" srcset=\"https:\/\/luxiders.com\/content\/uploads\/Retreat-by-Jacopo-Di-Cera-x-CIFRA.-Art-Dubai-2025.-Image-Courtesy-of-the-Artist-4-luxiders-magazine.jpeg 914w, https:\/\/luxiders.com\/content\/uploads\/Retreat-by-Jacopo-Di-Cera-x-CIFRA.-Art-Dubai-2025.-Image-Courtesy-of-the-Artist-4-luxiders-magazine-214x300.jpeg 214w, https:\/\/luxiders.com\/content\/uploads\/Retreat-by-Jacopo-Di-Cera-x-CIFRA.-Art-Dubai-2025.-Image-Courtesy-of-the-Artist-4-luxiders-magazine-731x1024.jpeg 731w, https:\/\/luxiders.com\/content\/uploads\/Retreat-by-Jacopo-Di-Cera-x-CIFRA.-Art-Dubai-2025.-Image-Courtesy-of-the-Artist-4-luxiders-magazine-768x1076.jpeg 768w\" sizes=\"(max-width: 914px) 100vw, 914px\" \/><\/div><figcaption>Retreat by Jacopo Di Cera x CIFRA. Art Dubai 2025.<\/figcaption><\/figure>                                                                                            <\/div>\n                                            <\/div>\n        <\/div>\n    <\/section>\n    \n\n    <section id=\"textblock-block_2762404d2a8e083301d172b4e2f51ac1\" class=\"section position-relative gp-block gp-textblock pt-0 pb-0\">\n        <div class=\"container\">\n            <div class=\"row g-0\">\n                <div class=\"col-lg-12 content\" data-aos=\"fade-in\" data-aos-duration=\"1000\">\n                                                                                <div class=\"column mcb-column three-fifth column_visual \">\n<p><strong>L: <\/strong><strong>Cuando creas una obra que genera una conciencia profunda sobre la sostenibilidad, \u00bfla inspiraci\u00f3n surge antes, durante o despu\u00e9s del proceso creativo?<\/strong><\/p>\n<p><strong><em>JDC: <\/em><\/strong>La sostenibilidad es un tema tan actual y potente que nos envuelve en cualquier momento, en cualquier estaci\u00f3n del a\u00f1o. Cada vez m\u00e1s. \u201cRetreat\u201d naci\u00f3 cuando me encontraba en la cima del Mont Blanc por un trabajo comercial, y al volar con mis drones vi desde arriba el efecto del retroceso del glaciar. Mis ojos se detuvieron, mi mente qued\u00f3 impresionada. Empec\u00e9 a sentir la necesidad de hacer algo, de decir algo.<\/p>\n<p>&nbsp;<\/p>\n<\/div>\n<p><strong>L: <\/strong><strong>Si pudieras compartir con el mundo unas palabras de sabidur\u00eda sobre el cuidado del medio ambiente, \u00bfcu\u00e1les ser\u00edan?<\/strong><\/p>\n<p><em><strong>JDC: <\/strong><\/em>No esperes a que algo desaparezca para darte cuenta de que era sagrado. Aprende a ver lo invisible antes de que se haya ido.<\/p>\n<div><\/div>\n<p><strong>L: <\/strong><strong>Adem\u00e1s de ser un componente potente e inspirador en tu obra, \u00bfhay otros lenguajes art\u00edsticos (como el cine o la literatura) que tambi\u00e9n te inspiran a crear con conciencia ambiental?<\/strong><\/p>\n<p><em><strong>JDC: <\/strong><\/em>Absolutamente. La literatura, como los escritos de *Italo Calvino* en <i>Ciudades invisibles<\/i>, me recuerda la fragilidad de los mundos \u2014tanto reales como imaginados.<br \/>\nPel\u00edculas como <i>Leviathan<\/i> o <i>Anthropocene<\/i> ofrecen experiencias sensoriales de tensi\u00f3n ecol\u00f3gica. Pero el contenido m\u00e1s inspirador es la realidad misma.<\/p>\n                                                        <\/div>\n            <\/div>\n        <\/div>\n    <\/section>\n    \n\n    <section id=\"media-block_b29bee1f929bbcecb4e2772413de4bf2\" class=\"section position-relative gp-block gp-media pt-0 pb-0\">\n        <div class=\"container\">\n            <div class=\"row g-0\">\n                <div class=\"col-lg-12 content\" data-aos=\"fade-in\" data-aos-duration=\"1000\">\n                                                                            <\/div>\n            <\/div>\n            <div class=\"row g-0\">\n                <div class=\"col-lg-12 img-scaled\">\n                                                                                                                                                <figure class=\"mb-4 pt-lg-5 mb-lg-5 ps-lg-5 pe-lg-5\" data-aos=\"fade-up\" data-aos-duration=\"1000\"><div class=\"img-container\"><img loading=\"lazy\" decoding=\"async\" width=\"2560\" height=\"1438\" src=\"https:\/\/luxiders.com\/content\/uploads\/Fake-Heaven-from-Sospesi-Series-by-Jacopo-Di-Cera-Rosignano-Solvay-2017.-Image-Courtesy-of-the-Artist-luxiders-magazine2-scaled.jpeg\" class=\"img-fluid w-100\" alt=\"\" srcset=\"https:\/\/luxiders.com\/content\/uploads\/Fake-Heaven-from-Sospesi-Series-by-Jacopo-Di-Cera-Rosignano-Solvay-2017.-Image-Courtesy-of-the-Artist-luxiders-magazine2-scaled.jpeg 2560w, https:\/\/luxiders.com\/content\/uploads\/Fake-Heaven-from-Sospesi-Series-by-Jacopo-Di-Cera-Rosignano-Solvay-2017.-Image-Courtesy-of-the-Artist-luxiders-magazine2-300x168.jpeg 300w, https:\/\/luxiders.com\/content\/uploads\/Fake-Heaven-from-Sospesi-Series-by-Jacopo-Di-Cera-Rosignano-Solvay-2017.-Image-Courtesy-of-the-Artist-luxiders-magazine2-1024x575.jpeg 1024w, https:\/\/luxiders.com\/content\/uploads\/Fake-Heaven-from-Sospesi-Series-by-Jacopo-Di-Cera-Rosignano-Solvay-2017.-Image-Courtesy-of-the-Artist-luxiders-magazine2-768x431.jpeg 768w, https:\/\/luxiders.com\/content\/uploads\/Fake-Heaven-from-Sospesi-Series-by-Jacopo-Di-Cera-Rosignano-Solvay-2017.-Image-Courtesy-of-the-Artist-luxiders-magazine2-1536x863.jpeg 1536w, https:\/\/luxiders.com\/content\/uploads\/Fake-Heaven-from-Sospesi-Series-by-Jacopo-Di-Cera-Rosignano-Solvay-2017.-Image-Courtesy-of-the-Artist-luxiders-magazine2-2048x1150.jpeg 2048w\" sizes=\"(max-width: 2560px) 100vw, 2560px\" \/><\/div><figcaption>Fake Heaven from Sospesi Series by Jacopo Di Cera, Rosignano Solvay, 2017. <\/figcaption><\/figure>                                                                                            <\/div>\n                                            <\/div>\n        <\/div>\n    <\/section>\n    \n\n    <section id=\"textblock-block_4589257c1334515c635ffac947ef1df6\" class=\"section position-relative gp-block gp-textblock pt-0 pb-0\">\n        <div class=\"container\">\n            <div class=\"row g-0\">\n                <div class=\"col-lg-12 content\" data-aos=\"fade-in\" data-aos-duration=\"1000\">\n                                                                                <p><strong>L: <\/strong><strong>Dado que \u201cRetreat\u201d es una de tus creaciones m\u00e1s recientes y, sin duda, extraordinarias, \u00bfqu\u00e9 ideas futuras est\u00e1s deseando llevar a cabo?<\/strong><\/p>\n<p><strong><em>JDC: <\/em><\/strong>Con \u201cRetreat\u201d sent\u00ed que hab\u00eda abierto una puerta: un lenguaje hecho de bucles de video verticales, tecnolog\u00eda reciclada y paisajes sonoros que transforman los datos ecol\u00f3gicos en emoci\u00f3n. Ahora quiero llevar ese lenguaje m\u00e1s all\u00e1. Estoy trabajando en ampliar \u201cRetreat\u201d hacia un cuerpo de obra m\u00e1s amplio que aborde otras grandes crisis medioambientales causadas por el cambio clim\u00e1tico: la sequ\u00eda, las inundaciones, los incendios forestales. Cada uno de estos fen\u00f3menos deja cicatrices, tanto visibles como invisibles, y mi intenci\u00f3n es traducirlos en instalaciones de nuevos medios que se mantengan fieles a la misma gram\u00e1tica visual y sonora.<\/p>\n<p>La ambici\u00f3n es crear una constelaci\u00f3n de obras que hablen de nuestra ansiedad ambiental compartida, utilizando el arte como medio para testimoniar, traducir y recordar.<br \/>\nEse mismo formato inmersivo y sensorial \u2014donde lo que desaparece se convierte en forma\u2014 puede convertirse en un veh\u00edculo para nuevas narrativas de fragilidad, urgencia y cuidado.<\/p>\n<p>&nbsp;<\/p>\n<p><strong>L: <\/strong><strong>\u00bfQu\u00e9 palabra te viene a la mente al crear una obra que une los mundos del arte y la naturaleza?<\/strong><\/p>\n<p><strong><em>JDC: <\/em><\/strong>Interdependencia.<\/p>\n<div><\/div>\n<p><strong>L: <\/strong><strong>Si tuvieras que compartir con el mundo otra frase de sabidur\u00eda sobre el cuidado del medio ambiente, \u00bfcu\u00e1l ser\u00eda?<\/strong><\/p>\n<p><strong><em>JDC: <\/em><\/strong>Protejamos lo que no podemos volver a crear. No solo por nosotros, sino por todas las generaciones que vendr\u00e1n.<\/p>\n                                                        <\/div>\n            <\/div>\n        <\/div>\n    <\/section>\n    \n\n    <section id=\"media-block_59d7b15375905673b6e0f48e41660116\" class=\"section position-relative gp-block gp-media pt-0 pb-0\">\n        <div class=\"container\">\n            <div class=\"row g-0\">\n                <div class=\"col-lg-12 content\" data-aos=\"fade-in\" data-aos-duration=\"1000\">\n                                                                            <\/div>\n            <\/div>\n            <div class=\"row g-0\">\n                <div class=\"col-lg-12 img-scaled\">\n                                                                                                                                                <figure class=\"mb-4 pt-lg-5 mb-lg-5 ps-lg-5 pe-lg-5\" data-aos=\"fade-up\" data-aos-duration=\"1000\"><div class=\"img-container\"><img loading=\"lazy\" decoding=\"async\" width=\"1444\" height=\"1396\" src=\"https:\/\/luxiders.com\/content\/uploads\/Artist-Jacopo-Di-Cera.-Image-Courtesy-of-the-artist.jpg\" class=\"img-fluid w-100\" alt=\"\" srcset=\"https:\/\/luxiders.com\/content\/uploads\/Artist-Jacopo-Di-Cera.-Image-Courtesy-of-the-artist.jpg 1444w, https:\/\/luxiders.com\/content\/uploads\/Artist-Jacopo-Di-Cera.-Image-Courtesy-of-the-artist-300x290.jpg 300w, https:\/\/luxiders.com\/content\/uploads\/Artist-Jacopo-Di-Cera.-Image-Courtesy-of-the-artist-1024x990.jpg 1024w, https:\/\/luxiders.com\/content\/uploads\/Artist-Jacopo-Di-Cera.-Image-Courtesy-of-the-artist-768x742.jpg 768w\" sizes=\"(max-width: 1444px) 100vw, 1444px\" \/><\/div><figcaption>Artist Jacopo Di Cera.<\/figcaption><\/figure>                                                                                            <\/div>\n                                            <\/div>\n        <\/div>\n    <\/section>\n    \n\n    <section id=\"textblock-block_33316c5a869a071e667fee2d831aca4e\" class=\"section position-relative gp-block gp-textblock text-center pt-5 pb-5\">\n        <div class=\"container\">\n            <div class=\"row g-0\">\n                <div class=\"col-lg-12 content\" data-aos=\"fade-in\" data-aos-duration=\"1000\">\n                                                                                <p style=\"text-align: center;\">S\u00cdGUELE A JACOPO DI CERA EN <a href=\"https:\/\/www.instagram.com\/jacopodicera\/?hl=en\" target=\"_blank\" rel=\"noopener\">INSTAGRAM<\/a><\/p>\n<p style=\"text-align: center;\"><strong><em>All Images:<br \/>\n<\/em><\/strong><em><b><span lang=\"EN-GB\">\u00a9 Courtesy by Jacopo Di Cera<\/span><\/b><\/em><\/p>\n<p style=\"text-align: center;\"><strong><em>\u00a0<\/em><\/strong><\/p>\n<div><\/div>\n                                                                <div class=\"mt-4\"><\/div>\n                                                                \n                    <p class=\"mb-0\"><a class=\"btn btn-secondary extern text-white\" href=\"https:\/\/jacopodicera.it\/en\/homepage\/\" title=\"VISITE EL SITIO WEB DE JACOPO DI CERA\" target=\"_blank\"><span>VISITE EL SITIO WEB DE JACOPO DI CERA<\/span><\/a><\/p>\n                                                <\/div>\n            <\/div>\n        <\/div>\n    <\/section>\n    ","protected":false},"excerpt":{"rendered":"","protected":false},"author":14,"featured_media":55838,"comment_status":"closed","ping_status":"closed","sticky":false,"template":"","format":"standard","meta":{"_acf_changed":false,"footnotes":""},"categories":[378,2733],"tags":[4314,5043,10093,10094,9375],"class_list":{"0":"post-55832","1":"post","2":"type-post","3":"status-publish","4":"format-standard","5":"has-post-thumbnail","7":"category-arte-cultura","8":"category-lifestyle-es","9":"tag-art-3","10":"tag-artist-es","11":"tag-interview-with-jacopo-di-cera-es","12":"tag-jacopo-di-cera-es","13":"tag-retreat-es"},"acf":[],"yoast_head":"<title>Sobre \u201cRetreat\u201d, la sostenibilidad y el arte | Entrevista con Jacopo Di Cera<\/title>\n<meta name=\"description\" content=\"Descubre \u201cRetreat\u201d de Jacopo Di Cera y su visi\u00f3n sobre el arte, la sostenibilidad y la urgencia emocional del cambio clim\u00e1tico en esta entrevista.\" \/>\n<meta name=\"robots\" content=\"index, follow, max-snippet:-1, max-image-preview:large, max-video-preview:-1\" \/>\n<link rel=\"canonical\" href=\"https:\/\/luxiders.com\/es\/sobre-retreat-la-sostenibilidad-y-el-arte-en-si-mismo-entrevista-con-jacopo-di-cera\/\" \/>\n<meta property=\"og:locale\" content=\"es_ES\" \/>\n<meta property=\"og:type\" content=\"article\" \/>\n<meta property=\"og:title\" content=\"Sobre \u201cRetreat\u201d, la sostenibilidad y el arte | Entrevista con Jacopo Di Cera\" \/>\n<meta property=\"og:description\" content=\"Descubre \u201cRetreat\u201d de Jacopo Di Cera y su visi\u00f3n sobre el arte, la sostenibilidad y la urgencia emocional del cambio clim\u00e1tico en esta entrevista.\" \/>\n<meta property=\"og:url\" content=\"https:\/\/luxiders.com\/es\/sobre-retreat-la-sostenibilidad-y-el-arte-en-si-mismo-entrevista-con-jacopo-di-cera\/\" \/>\n<meta property=\"og:site_name\" content=\"Sustainable Fashion - Eco Design - Healthy Lifestyle - Luxiders Magazine\" \/>\n<meta property=\"article:published_time\" content=\"2025-06-23T07:18:14+00:00\" \/>\n<meta property=\"article:modified_time\" content=\"2025-06-24T14:28:21+00:00\" \/>\n<meta property=\"og:image\" content=\"https:\/\/luxiders.com\/content\/uploads\/Il-rumore-dellAssenza-by-Jacopo-Di-Cera.-Image-Courtesy-of-the-Artist-3-luxiders-magazine2.jpg\" \/>\n\t<meta property=\"og:image:width\" content=\"1200\" \/>\n\t<meta property=\"og:image:height\" content=\"800\" \/>\n\t<meta property=\"og:image:type\" content=\"image\/jpeg\" \/>\n<meta name=\"author\" content=\"May Zaben\" \/>\n<meta name=\"twitter:card\" content=\"summary_large_image\" \/>\n<meta name=\"twitter:label1\" content=\"Written by\" \/>\n\t<meta name=\"twitter:data1\" content=\"May Zaben\" \/>\n\t<meta name=\"twitter:label2\" content=\"Est. reading time\" \/>\n\t<meta name=\"twitter:data2\" content=\"6 minutes\" \/>\n<script type=\"application\/ld+json\" class=\"yoast-schema-graph\">{\"@context\":\"https:\/\/schema.org\",\"@graph\":[{\"@type\":\"Article\",\"@id\":\"https:\/\/luxiders.com\/es\/sobre-retreat-la-sostenibilidad-y-el-arte-en-si-mismo-entrevista-con-jacopo-di-cera\/#article\",\"isPartOf\":{\"@id\":\"https:\/\/luxiders.com\/es\/sobre-retreat-la-sostenibilidad-y-el-arte-en-si-mismo-entrevista-con-jacopo-di-cera\/\"},\"author\":{\"name\":\"May Zaben\",\"@id\":\"https:\/\/luxiders.com\/es\/#\/schema\/person\/4361f353f4d17bbb50434c29908d1eef\"},\"headline\":\"Sobre \u201cRetreat\u201d, la sostenibilidad y el arte en s\u00ed mismo | Entrevista con Jacopo Di Cera\",\"datePublished\":\"2025-06-23T07:18:14+00:00\",\"dateModified\":\"2025-06-24T14:28:21+00:00\",\"mainEntityOfPage\":{\"@id\":\"https:\/\/luxiders.com\/es\/sobre-retreat-la-sostenibilidad-y-el-arte-en-si-mismo-entrevista-con-jacopo-di-cera\/\"},\"wordCount\":15,\"publisher\":{\"@id\":\"https:\/\/luxiders.com\/es\/#organization\"},\"image\":{\"@id\":\"https:\/\/luxiders.com\/es\/sobre-retreat-la-sostenibilidad-y-el-arte-en-si-mismo-entrevista-con-jacopo-di-cera\/#primaryimage\"},\"thumbnailUrl\":\"https:\/\/luxiders.com\/content\/uploads\/Il-rumore-dellAssenza-by-Jacopo-Di-Cera.-Image-Courtesy-of-the-Artist-3-luxiders-magazine2.jpg\",\"keywords\":[\"art\",\"artist\",\"Interview with Jacopo Di Cera\",\"Jacopo Di Cera\",\"retreat\"],\"articleSection\":[\"Arte\/Cultura\",\"lifestyle\"],\"inLanguage\":\"es-ES\"},{\"@type\":\"WebPage\",\"@id\":\"https:\/\/luxiders.com\/es\/sobre-retreat-la-sostenibilidad-y-el-arte-en-si-mismo-entrevista-con-jacopo-di-cera\/\",\"url\":\"https:\/\/luxiders.com\/es\/sobre-retreat-la-sostenibilidad-y-el-arte-en-si-mismo-entrevista-con-jacopo-di-cera\/\",\"name\":\"Sobre \u201cRetreat\u201d, la sostenibilidad y el arte | Entrevista con Jacopo Di Cera\",\"isPartOf\":{\"@id\":\"https:\/\/luxiders.com\/es\/#website\"},\"primaryImageOfPage\":{\"@id\":\"https:\/\/luxiders.com\/es\/sobre-retreat-la-sostenibilidad-y-el-arte-en-si-mismo-entrevista-con-jacopo-di-cera\/#primaryimage\"},\"image\":{\"@id\":\"https:\/\/luxiders.com\/es\/sobre-retreat-la-sostenibilidad-y-el-arte-en-si-mismo-entrevista-con-jacopo-di-cera\/#primaryimage\"},\"thumbnailUrl\":\"https:\/\/luxiders.com\/content\/uploads\/Il-rumore-dellAssenza-by-Jacopo-Di-Cera.-Image-Courtesy-of-the-Artist-3-luxiders-magazine2.jpg\",\"datePublished\":\"2025-06-23T07:18:14+00:00\",\"dateModified\":\"2025-06-24T14:28:21+00:00\",\"description\":\"Descubre \u201cRetreat\u201d de Jacopo Di Cera y su visi\u00f3n sobre el arte, la sostenibilidad y la urgencia emocional del cambio clim\u00e1tico en esta entrevista.\",\"breadcrumb\":{\"@id\":\"https:\/\/luxiders.com\/es\/sobre-retreat-la-sostenibilidad-y-el-arte-en-si-mismo-entrevista-con-jacopo-di-cera\/#breadcrumb\"},\"inLanguage\":\"es-ES\",\"potentialAction\":[{\"@type\":\"ReadAction\",\"target\":[\"https:\/\/luxiders.com\/es\/sobre-retreat-la-sostenibilidad-y-el-arte-en-si-mismo-entrevista-con-jacopo-di-cera\/\"]}]},{\"@type\":\"ImageObject\",\"inLanguage\":\"es-ES\",\"@id\":\"https:\/\/luxiders.com\/es\/sobre-retreat-la-sostenibilidad-y-el-arte-en-si-mismo-entrevista-con-jacopo-di-cera\/#primaryimage\",\"url\":\"https:\/\/luxiders.com\/content\/uploads\/Il-rumore-dellAssenza-by-Jacopo-Di-Cera.-Image-Courtesy-of-the-Artist-3-luxiders-magazine2.jpg\",\"contentUrl\":\"https:\/\/luxiders.com\/content\/uploads\/Il-rumore-dellAssenza-by-Jacopo-Di-Cera.-Image-Courtesy-of-the-Artist-3-luxiders-magazine2.jpg\",\"width\":1200,\"height\":800,\"caption\":\"Il rumore dell'Assenza by Jacopo Di Cera\"},{\"@type\":\"BreadcrumbList\",\"@id\":\"https:\/\/luxiders.com\/es\/sobre-retreat-la-sostenibilidad-y-el-arte-en-si-mismo-entrevista-con-jacopo-di-cera\/#breadcrumb\",\"itemListElement\":[{\"@type\":\"ListItem\",\"position\":1,\"name\":\"Startseite\",\"item\":\"https:\/\/luxiders.com\/es\/\"},{\"@type\":\"ListItem\",\"position\":2,\"name\":\"Arte\/Cultura\",\"item\":\"https:\/\/luxiders.com\/es\/category\/arte-cultura\/\"},{\"@type\":\"ListItem\",\"position\":3,\"name\":\"Sobre \u201cRetreat\u201d, la sostenibilidad y el arte en s\u00ed mismo | Entrevista con Jacopo Di Cera\"}]},{\"@type\":\"WebSite\",\"@id\":\"https:\/\/luxiders.com\/es\/#website\",\"url\":\"https:\/\/luxiders.com\/es\/\",\"name\":\"Sustainable Fashion - Eco Design - Healthy Lifestyle - Luxiders Magazine\",\"description\":\"Luxiders is a sustainable luxury magazine highlighting the best stories about sustainable fashion, ethical fashion, eco-friendly design, green design, sustainable travel, natural beauty, organic beauty and healthy lifestyle. Know the best high-end, progressive and luxury sustainable brands and designers worldwide.\",\"publisher\":{\"@id\":\"https:\/\/luxiders.com\/es\/#organization\"},\"potentialAction\":[{\"@type\":\"SearchAction\",\"target\":{\"@type\":\"EntryPoint\",\"urlTemplate\":\"https:\/\/luxiders.com\/es\/?s={search_term_string}\"},\"query-input\":{\"@type\":\"PropertyValueSpecification\",\"valueRequired\":true,\"valueName\":\"search_term_string\"}}],\"inLanguage\":\"es-ES\"},{\"@type\":\"Organization\",\"@id\":\"https:\/\/luxiders.com\/es\/#organization\",\"name\":\"Sustainable Fashion - Eco Design - Healthy Lifestyle - Luxiders Magazine\",\"url\":\"https:\/\/luxiders.com\/es\/\",\"logo\":{\"@type\":\"ImageObject\",\"inLanguage\":\"es-ES\",\"@id\":\"https:\/\/luxiders.com\/es\/#\/schema\/logo\/image\/\",\"url\":\"https:\/\/luxiders.com\/content\/uploads\/lux-logo.svg\",\"contentUrl\":\"https:\/\/luxiders.com\/content\/uploads\/lux-logo.svg\",\"caption\":\"Sustainable Fashion - Eco Design - Healthy Lifestyle - Luxiders Magazine\"},\"image\":{\"@id\":\"https:\/\/luxiders.com\/es\/#\/schema\/logo\/image\/\"}},{\"@type\":\"Person\",\"@id\":\"https:\/\/luxiders.com\/es\/#\/schema\/person\/4361f353f4d17bbb50434c29908d1eef\",\"name\":\"May Zaben\",\"url\":\"https:\/\/luxiders.com\/es\/author\/may\/\"}]}<\/script>","yoast_head_json":{"title":"Sobre \u201cRetreat\u201d, la sostenibilidad y el arte | Entrevista con Jacopo Di Cera","description":"Descubre \u201cRetreat\u201d de Jacopo Di Cera y su visi\u00f3n sobre el arte, la sostenibilidad y la urgencia emocional del cambio clim\u00e1tico en esta entrevista.","robots":{"index":"index","follow":"follow","max-snippet":"max-snippet:-1","max-image-preview":"max-image-preview:large","max-video-preview":"max-video-preview:-1"},"canonical":"https:\/\/luxiders.com\/es\/sobre-retreat-la-sostenibilidad-y-el-arte-en-si-mismo-entrevista-con-jacopo-di-cera\/","og_locale":"es_ES","og_type":"article","og_title":"Sobre \u201cRetreat\u201d, la sostenibilidad y el arte | Entrevista con Jacopo Di Cera","og_description":"Descubre \u201cRetreat\u201d de Jacopo Di Cera y su visi\u00f3n sobre el arte, la sostenibilidad y la urgencia emocional del cambio clim\u00e1tico en esta entrevista.","og_url":"https:\/\/luxiders.com\/es\/sobre-retreat-la-sostenibilidad-y-el-arte-en-si-mismo-entrevista-con-jacopo-di-cera\/","og_site_name":"Sustainable Fashion - Eco Design - Healthy Lifestyle - Luxiders Magazine","article_published_time":"2025-06-23T07:18:14+00:00","article_modified_time":"2025-06-24T14:28:21+00:00","og_image":[{"width":1200,"height":800,"url":"https:\/\/luxiders.com\/content\/uploads\/Il-rumore-dellAssenza-by-Jacopo-Di-Cera.-Image-Courtesy-of-the-Artist-3-luxiders-magazine2.jpg","type":"image\/jpeg"}],"author":"May Zaben","twitter_card":"summary_large_image","twitter_misc":{"Written by":"May Zaben","Est. reading time":"6 minutes"},"schema":{"@context":"https:\/\/schema.org","@graph":[{"@type":"Article","@id":"https:\/\/luxiders.com\/es\/sobre-retreat-la-sostenibilidad-y-el-arte-en-si-mismo-entrevista-con-jacopo-di-cera\/#article","isPartOf":{"@id":"https:\/\/luxiders.com\/es\/sobre-retreat-la-sostenibilidad-y-el-arte-en-si-mismo-entrevista-con-jacopo-di-cera\/"},"author":{"name":"May Zaben","@id":"https:\/\/luxiders.com\/es\/#\/schema\/person\/4361f353f4d17bbb50434c29908d1eef"},"headline":"Sobre \u201cRetreat\u201d, la sostenibilidad y el arte en s\u00ed mismo | Entrevista con Jacopo Di Cera","datePublished":"2025-06-23T07:18:14+00:00","dateModified":"2025-06-24T14:28:21+00:00","mainEntityOfPage":{"@id":"https:\/\/luxiders.com\/es\/sobre-retreat-la-sostenibilidad-y-el-arte-en-si-mismo-entrevista-con-jacopo-di-cera\/"},"wordCount":15,"publisher":{"@id":"https:\/\/luxiders.com\/es\/#organization"},"image":{"@id":"https:\/\/luxiders.com\/es\/sobre-retreat-la-sostenibilidad-y-el-arte-en-si-mismo-entrevista-con-jacopo-di-cera\/#primaryimage"},"thumbnailUrl":"https:\/\/luxiders.com\/content\/uploads\/Il-rumore-dellAssenza-by-Jacopo-Di-Cera.-Image-Courtesy-of-the-Artist-3-luxiders-magazine2.jpg","keywords":["art","artist","Interview with Jacopo Di Cera","Jacopo Di Cera","retreat"],"articleSection":["Arte\/Cultura","lifestyle"],"inLanguage":"es-ES"},{"@type":"WebPage","@id":"https:\/\/luxiders.com\/es\/sobre-retreat-la-sostenibilidad-y-el-arte-en-si-mismo-entrevista-con-jacopo-di-cera\/","url":"https:\/\/luxiders.com\/es\/sobre-retreat-la-sostenibilidad-y-el-arte-en-si-mismo-entrevista-con-jacopo-di-cera\/","name":"Sobre \u201cRetreat\u201d, la sostenibilidad y el arte | Entrevista con Jacopo Di Cera","isPartOf":{"@id":"https:\/\/luxiders.com\/es\/#website"},"primaryImageOfPage":{"@id":"https:\/\/luxiders.com\/es\/sobre-retreat-la-sostenibilidad-y-el-arte-en-si-mismo-entrevista-con-jacopo-di-cera\/#primaryimage"},"image":{"@id":"https:\/\/luxiders.com\/es\/sobre-retreat-la-sostenibilidad-y-el-arte-en-si-mismo-entrevista-con-jacopo-di-cera\/#primaryimage"},"thumbnailUrl":"https:\/\/luxiders.com\/content\/uploads\/Il-rumore-dellAssenza-by-Jacopo-Di-Cera.-Image-Courtesy-of-the-Artist-3-luxiders-magazine2.jpg","datePublished":"2025-06-23T07:18:14+00:00","dateModified":"2025-06-24T14:28:21+00:00","description":"Descubre \u201cRetreat\u201d de Jacopo Di Cera y su visi\u00f3n sobre el arte, la sostenibilidad y la urgencia emocional del cambio clim\u00e1tico en esta entrevista.","breadcrumb":{"@id":"https:\/\/luxiders.com\/es\/sobre-retreat-la-sostenibilidad-y-el-arte-en-si-mismo-entrevista-con-jacopo-di-cera\/#breadcrumb"},"inLanguage":"es-ES","potentialAction":[{"@type":"ReadAction","target":["https:\/\/luxiders.com\/es\/sobre-retreat-la-sostenibilidad-y-el-arte-en-si-mismo-entrevista-con-jacopo-di-cera\/"]}]},{"@type":"ImageObject","inLanguage":"es-ES","@id":"https:\/\/luxiders.com\/es\/sobre-retreat-la-sostenibilidad-y-el-arte-en-si-mismo-entrevista-con-jacopo-di-cera\/#primaryimage","url":"https:\/\/luxiders.com\/content\/uploads\/Il-rumore-dellAssenza-by-Jacopo-Di-Cera.-Image-Courtesy-of-the-Artist-3-luxiders-magazine2.jpg","contentUrl":"https:\/\/luxiders.com\/content\/uploads\/Il-rumore-dellAssenza-by-Jacopo-Di-Cera.-Image-Courtesy-of-the-Artist-3-luxiders-magazine2.jpg","width":1200,"height":800,"caption":"Il rumore dell'Assenza by Jacopo Di Cera"},{"@type":"BreadcrumbList","@id":"https:\/\/luxiders.com\/es\/sobre-retreat-la-sostenibilidad-y-el-arte-en-si-mismo-entrevista-con-jacopo-di-cera\/#breadcrumb","itemListElement":[{"@type":"ListItem","position":1,"name":"Startseite","item":"https:\/\/luxiders.com\/es\/"},{"@type":"ListItem","position":2,"name":"Arte\/Cultura","item":"https:\/\/luxiders.com\/es\/category\/arte-cultura\/"},{"@type":"ListItem","position":3,"name":"Sobre \u201cRetreat\u201d, la sostenibilidad y el arte en s\u00ed mismo | Entrevista con Jacopo Di Cera"}]},{"@type":"WebSite","@id":"https:\/\/luxiders.com\/es\/#website","url":"https:\/\/luxiders.com\/es\/","name":"Sustainable Fashion - Eco Design - Healthy Lifestyle - Luxiders Magazine","description":"Luxiders is a sustainable luxury magazine highlighting the best stories about sustainable fashion, ethical fashion, eco-friendly design, green design, sustainable travel, natural beauty, organic beauty and healthy lifestyle. Know the best high-end, progressive and luxury sustainable brands and designers worldwide.","publisher":{"@id":"https:\/\/luxiders.com\/es\/#organization"},"potentialAction":[{"@type":"SearchAction","target":{"@type":"EntryPoint","urlTemplate":"https:\/\/luxiders.com\/es\/?s={search_term_string}"},"query-input":{"@type":"PropertyValueSpecification","valueRequired":true,"valueName":"search_term_string"}}],"inLanguage":"es-ES"},{"@type":"Organization","@id":"https:\/\/luxiders.com\/es\/#organization","name":"Sustainable Fashion - Eco Design - Healthy Lifestyle - Luxiders Magazine","url":"https:\/\/luxiders.com\/es\/","logo":{"@type":"ImageObject","inLanguage":"es-ES","@id":"https:\/\/luxiders.com\/es\/#\/schema\/logo\/image\/","url":"https:\/\/luxiders.com\/content\/uploads\/lux-logo.svg","contentUrl":"https:\/\/luxiders.com\/content\/uploads\/lux-logo.svg","caption":"Sustainable Fashion - Eco Design - Healthy Lifestyle - Luxiders Magazine"},"image":{"@id":"https:\/\/luxiders.com\/es\/#\/schema\/logo\/image\/"}},{"@type":"Person","@id":"https:\/\/luxiders.com\/es\/#\/schema\/person\/4361f353f4d17bbb50434c29908d1eef","name":"May Zaben","url":"https:\/\/luxiders.com\/es\/author\/may\/"}]}},"_links":{"self":[{"href":"https:\/\/luxiders.com\/es\/wp-json\/wp\/v2\/posts\/55832","targetHints":{"allow":["GET"]}}],"collection":[{"href":"https:\/\/luxiders.com\/es\/wp-json\/wp\/v2\/posts"}],"about":[{"href":"https:\/\/luxiders.com\/es\/wp-json\/wp\/v2\/types\/post"}],"author":[{"embeddable":true,"href":"https:\/\/luxiders.com\/es\/wp-json\/wp\/v2\/users\/14"}],"replies":[{"embeddable":true,"href":"https:\/\/luxiders.com\/es\/wp-json\/wp\/v2\/comments?post=55832"}],"version-history":[{"count":2,"href":"https:\/\/luxiders.com\/es\/wp-json\/wp\/v2\/posts\/55832\/revisions"}],"predecessor-version":[{"id":56209,"href":"https:\/\/luxiders.com\/es\/wp-json\/wp\/v2\/posts\/55832\/revisions\/56209"}],"wp:featuredmedia":[{"embeddable":true,"href":"https:\/\/luxiders.com\/es\/wp-json\/wp\/v2\/media\/55838"}],"wp:attachment":[{"href":"https:\/\/luxiders.com\/es\/wp-json\/wp\/v2\/media?parent=55832"}],"wp:term":[{"taxonomy":"category","embeddable":true,"href":"https:\/\/luxiders.com\/es\/wp-json\/wp\/v2\/categories?post=55832"},{"taxonomy":"post_tag","embeddable":true,"href":"https:\/\/luxiders.com\/es\/wp-json\/wp\/v2\/tags?post=55832"}],"curies":[{"name":"wp","href":"https:\/\/api.w.org\/{rel}","templated":true}]}}