{"id":57702,"date":"2025-09-24T09:28:47","date_gmt":"2025-09-24T07:28:47","guid":{"rendered":"https:\/\/luxiders.com\/?p=57702"},"modified":"2025-09-25T11:21:08","modified_gmt":"2025-09-25T09:21:08","slug":"premiere-vision-paris-septiembre-2025-las-experiencias-inmersivas-redefinen-el-futuro-de-la-moda","status":"publish","type":"post","link":"https:\/\/luxiders.com\/es\/premiere-vision-paris-septiembre-2025-las-experiencias-inmersivas-redefinen-el-futuro-de-la-moda\/","title":{"rendered":"Premi\u00e8re Vision Par\u00eds Septiembre 2025: Las experiencias inmersivas redefinen el futuro de la moda"},"content":{"rendered":"    <section id=\"textblock-block_697bc41e6ebaee29a346f7745c0f1dad\" class=\"section position-relative gp-block gp-textblock pt-0 pb-0\">\n        <div class=\"container\">\n            <div class=\"row g-0\">\n                <div class=\"col-lg-12 content\" data-aos=\"fade-in\" data-aos-duration=\"1000\">\n                                                                                    <div class=\"intro \">\n                            <p style=\"text-align: center;\">Premi\u00e8re Vision Par\u00eds 2025 reinvent\u00f3 la feria con start-ups, belleza, sostenibilidad y experiencias inmersivas que est\u00e1n dando forma al futuro de la moda. Del 16 al 18 de septiembre de 2025, el evento regres\u00f3 al Parc des Expositions Paris Nord Villepinte con el lema \u00abLa imprevisibilidad es la nueva normalidad\u00bb. La feria abraz\u00f3 la transformaci\u00f3n, yendo m\u00e1s all\u00e1 de sus or\u00edgenes como feria textil para convertirse en una experiencia multisensorial, intersectorial y basada en la tecnolog\u00eda.<\/p>\n                        <\/div>\n                                                                                                <\/div>\n            <\/div>\n        <\/div>\n    <\/section>\n    \n\n    <section id=\"newsletter-block_5945067b9577223601f380897cd54bd8\" class=\"section position-relative gp-block gp-newsletter pt-0 pb-0 my-5\">\n        <div class=\"container\">\n            <div class=\"row g-0 pt-4 pb-3\">\n                <div class=\"col-lg-12 content text-center border pt-3\" data-aos=\"fade-in\" data-aos-duration=\"1000\">\n                                            <p><em>Para recibir el Newsletter de Luxiders Magazine,\u00a0<a href=\"https:\/\/landing.mailerlite.com\/webforms\/landing\/w2a1t0\" target=\"_blank\" rel=\"noopener\">suscr\u00edbete aqu\u00ed<\/a><\/em><\/p>\n                                    <\/div>\n            <\/div>\n        <\/div>\n    <\/section>\n    \n\n    <section id=\"textblock-block_5ee28ff64814a84c77a472adaff2afcb\" class=\"section position-relative gp-block gp-textblock pt-5 pb-5\">\n        <div class=\"container\">\n            <div class=\"row g-0\">\n                <div class=\"col-lg-12 content\" data-aos=\"fade-in\" data-aos-duration=\"1000\">\n                                                                        <h2 class=\"\">La belleza se encuentra con la moda: una nueva sinergia\n<\/h2>\n                                                                                                        <p>Por primera vez, Premi\u00e8re Vision Par\u00eds 2025 difumin\u00f3 las fronteras entre industrias al introducir un segmento de belleza dentro de la feria. Con la moda y la belleza cada vez m\u00e1s interconectadas en las estrategias de marca, este movimiento cre\u00f3 un nuevo espacio para la exploraci\u00f3n y la colaboraci\u00f3n. Esta visi\u00f3n intersectorial refleja c\u00f3mo operan hoy las marcas: no solo dise\u00f1ando prendas, sino tambi\u00e9n creando experiencias que se extienden a la belleza, el estilo de vida y el bienestar.<\/p>\n<p>Adem\u00e1s, en esta edici\u00f3n, Premi\u00e8re Vision situ\u00f3 la innovaci\u00f3n y la sostenibilidad en el centro de su programa. Introdujo una zona dedicada a start-ups enfocadas en digitalizaci\u00f3n, trazabilidad y medici\u00f3n del impacto ambiental. Fusion\u00f3 moda, belleza y arte inmersivo, y present\u00f3 su espacio Smart Creation m\u00e1s s\u00f3lido hasta la fecha \u2014destacando materiales ecol\u00f3gicos, biotecnolog\u00eda y herramientas digitales que est\u00e1n transformando la industria.<\/p>\n<p>Como explic\u00f3 Florence Rousson, directora general de Premi\u00e8re Vision, la nueva ambici\u00f3n de la feria no es solo mostrar textiles, sino guiar a la industria en su transici\u00f3n.<\/p>\n                                            <div class=\"highlighted mt-5 mt-lg-6 px-lg-5\">\n                            <p style=\"text-align: center;\">Al combinar start-ups, biotecnolog\u00eda, ecoinnovaciones, experiencias sensoriales y voces influyentes como la de Arizona Muse, PV Par\u00eds demostr\u00f3 que el futuro de la moda se encuentra en la intersecci\u00f3n de la sostenibilidad, la tecnolog\u00eda y la emoci\u00f3n..<\/p>\n                        <\/div>\n                                                        <\/div>\n            <\/div>\n        <\/div>\n    <\/section>\n    \n\n    <section id=\"media-block_102d0356cac2b6ffda36d6aa3caf4a87\" class=\"section position-relative gp-block gp-media pt-5 pb-5\">\n        <div class=\"container\">\n            <div class=\"row g-0\">\n                <div class=\"col-lg-12 content\" data-aos=\"fade-in\" data-aos-duration=\"1000\">\n                                                                            <\/div>\n            <\/div>\n            <div class=\"row g-0\">\n                <div class=\"col-lg-6 \">\n                                                                                                                                                <figure class=\"mb-4 pt-lg-4 mb-lg-0 ps-lg-0 pe-lg-0\" data-aos=\"fade-up\" data-aos-duration=\"1000\"><div class=\"img-container\"><img loading=\"lazy\" decoding=\"async\" width=\"1200\" height=\"800\" src=\"https:\/\/luxiders.com\/content\/uploads\/PremiereVision_luxiders-Magazine_september-2025_4.jpeg\" class=\"img-fluid w-100\" alt=\"\" srcset=\"https:\/\/luxiders.com\/content\/uploads\/PremiereVision_luxiders-Magazine_september-2025_4.jpeg 1200w, https:\/\/luxiders.com\/content\/uploads\/PremiereVision_luxiders-Magazine_september-2025_4-300x200.jpeg 300w, https:\/\/luxiders.com\/content\/uploads\/PremiereVision_luxiders-Magazine_september-2025_4-1024x683.jpeg 1024w, https:\/\/luxiders.com\/content\/uploads\/PremiereVision_luxiders-Magazine_september-2025_4-768x512.jpeg 768w\" sizes=\"(max-width: 1200px) 100vw, 1200px\" \/><\/div><\/figure>                                                                                            <\/div>\n                                    <div class=\"col-lg-6\">\n                                                                                                                                                        <figure class=\"mb-4 pt-lg-0 mb-lg-3 ps-lg-3 pe-lg-3\" data-aos=\"fade-up\" data-aos-duration=\"1000\"><div class=\"img-container\"><img loading=\"lazy\" decoding=\"async\" width=\"1200\" height=\"1800\" src=\"https:\/\/luxiders.com\/content\/uploads\/PremiereVision_luxiders-Magazine_september-2025_14.jpeg\" class=\"img-fluid w-100\" alt=\"\" srcset=\"https:\/\/luxiders.com\/content\/uploads\/PremiereVision_luxiders-Magazine_september-2025_14.jpeg 1200w, https:\/\/luxiders.com\/content\/uploads\/PremiereVision_luxiders-Magazine_september-2025_14-200x300.jpeg 200w, https:\/\/luxiders.com\/content\/uploads\/PremiereVision_luxiders-Magazine_september-2025_14-683x1024.jpeg 683w, https:\/\/luxiders.com\/content\/uploads\/PremiereVision_luxiders-Magazine_september-2025_14-768x1152.jpeg 768w, https:\/\/luxiders.com\/content\/uploads\/PremiereVision_luxiders-Magazine_september-2025_14-1024x1536.jpeg 1024w\" sizes=\"(max-width: 1200px) 100vw, 1200px\" \/><\/div><\/figure>                                                                                                        <\/div>\n                                            <\/div>\n        <\/div>\n    <\/section>\n    \n\n    <section id=\"textblock-block_997bfe7805d16398f5f6f9636a27df17\" class=\"section position-relative gp-block gp-textblock pt-0 pb-0\">\n        <div class=\"container\">\n            <div class=\"row g-0\">\n                <div class=\"col-lg-12 content\" data-aos=\"fade-in\" data-aos-duration=\"1000\">\n                                                                        <h2 class=\"\">Belleza y experiencias multisensoriales\n<\/h2>\n                                                                                                        <p>En el Prospective Trend Area (al que llamaremos \u201cBeauty Area\u201d), uno de los expositores m\u00e1s atractivos fue Fiabilai, fabricante de esmaltes de u\u00f1as que ofrec\u00eda acabados inspirados en textiles \u2014algod\u00f3n, terciopelo, vinilo\u2014 disponibles en cualquier color. Como declar\u00f3 la responsable de la marca: \u00abEl 90% del producto es de origen biol\u00f3gico\u00bb. Su divertido nail bar fue uno de los espacios m\u00e1s concurridos de PV, con visitantes haciendo fila para probar texturas que resonaban con los tejidos presentados en la feria y con la paleta crom\u00e1tica de Oto\u00f1o-Invierno 26-27.<\/p>\n<p>Pero la nueva direcci\u00f3n de PV no se detuvo en las u\u00f1as. Los organizadores tambi\u00e9n invitaron a Emanuele Balestra, ex jefe de cocteler\u00eda del Majestic Barri\u00e8re en Cannes, para dise\u00f1ar una experiencia multisensorial junto con la perfumista Sidonie Lancesseur. Inspir\u00e1ndose en el Color del A\u00f1o de PV, crearon una propuesta que combinaba fragancia, cera de vela y c\u00f3cteles, fusionando sabor, aroma y dise\u00f1o.<\/p>\n<p>Estos conceptos ilustran perfectamente la estrategia de Premi\u00e8re Vision: no convertirse \u00fanicamente en una feria de negocios, sino experimentar con nuevas colaboraciones que enriquezcan el lenguaje creativo de la moda.<\/p>\n<p>\u00bfPor qu\u00e9 la belleza importa para el futuro de la moda? La integraci\u00f3n de la belleza respondi\u00f3 tambi\u00e9n a una demanda m\u00e1s amplia de experiencias sensoriales en la moda. Como explic\u00f3 Desolina Suter, directora de moda de PV, la belleza no es un accesorio, sino una herramienta estrat\u00e9gica para reintroducir emoci\u00f3n, placer e individualidad en la moda. Para las marcas, significa adem\u00e1s nuevas oportunidades de storytelling intersectorial que conectan textiles, estilo de vida e identidad personal.<\/p>\n                                            <div class=\"highlighted mt-5 mt-lg-6 px-lg-5\">\n                            <p style=\"text-align: center;\">Como recalc\u00f3 Florence Rousson, el papel de PV no es solo presentar proveedores, sino ayudar a la industria a adaptarse a la imprevisibilidad. Y si esta edici\u00f3n sirve de indicador, la pr\u00f3xima d\u00e9cada de la moda estar\u00e1 marcada por materiales circulares, herramientas digitales, dise\u00f1o multisensorial y estrategias valientes.<\/p>\n                        <\/div>\n                                                        <\/div>\n            <\/div>\n        <\/div>\n    <\/section>\n    \n\n    <section id=\"media-block_5e1873152227d388be32833710eea9fc\" class=\"section position-relative gp-block gp-media pt-5 pb-5\">\n        <div class=\"container\">\n            <div class=\"row g-0\">\n                <div class=\"col-lg-12 content\" data-aos=\"fade-in\" data-aos-duration=\"1000\">\n                                                                            <\/div>\n            <\/div>\n            <div class=\"row g-0\">\n                <div class=\"col-lg-6 \">\n                                                                                                                                                <figure class=\"mb-4 pt-lg-3 mb-lg-3 ps-lg-0 pe-lg-4\" data-aos=\"fade-up\" data-aos-duration=\"1000\"><div class=\"img-container\"><img loading=\"lazy\" decoding=\"async\" width=\"1200\" height=\"800\" src=\"https:\/\/luxiders.com\/content\/uploads\/PremiereVision_luxiders-Magazine_september-2025_9.jpeg\" class=\"img-fluid w-100\" alt=\"\" srcset=\"https:\/\/luxiders.com\/content\/uploads\/PremiereVision_luxiders-Magazine_september-2025_9.jpeg 1200w, https:\/\/luxiders.com\/content\/uploads\/PremiereVision_luxiders-Magazine_september-2025_9-300x200.jpeg 300w, https:\/\/luxiders.com\/content\/uploads\/PremiereVision_luxiders-Magazine_september-2025_9-1024x683.jpeg 1024w, https:\/\/luxiders.com\/content\/uploads\/PremiereVision_luxiders-Magazine_september-2025_9-768x512.jpeg 768w\" sizes=\"(max-width: 1200px) 100vw, 1200px\" \/><\/div><\/figure>                                                                                            <\/div>\n                                    <div class=\"col-lg-6\">\n                                                                                                                                                        <figure class=\"mb-4 pt-lg-0 mb-lg-0 ps-lg-3 pe-lg-3\" data-aos=\"fade-up\" data-aos-duration=\"1000\"><div class=\"img-container\"><img loading=\"lazy\" decoding=\"async\" width=\"1200\" height=\"1800\" src=\"https:\/\/luxiders.com\/content\/uploads\/PremiereVision_luxiders-Magazine_september-2025_16.jpeg\" class=\"img-fluid w-100\" alt=\"\" srcset=\"https:\/\/luxiders.com\/content\/uploads\/PremiereVision_luxiders-Magazine_september-2025_16.jpeg 1200w, https:\/\/luxiders.com\/content\/uploads\/PremiereVision_luxiders-Magazine_september-2025_16-200x300.jpeg 200w, https:\/\/luxiders.com\/content\/uploads\/PremiereVision_luxiders-Magazine_september-2025_16-683x1024.jpeg 683w, https:\/\/luxiders.com\/content\/uploads\/PremiereVision_luxiders-Magazine_september-2025_16-768x1152.jpeg 768w, https:\/\/luxiders.com\/content\/uploads\/PremiereVision_luxiders-Magazine_september-2025_16-1024x1536.jpeg 1024w\" sizes=\"(max-width: 1200px) 100vw, 1200px\" \/><\/div><\/figure>                                                                                                        <\/div>\n                                            <\/div>\n        <\/div>\n    <\/section>\n    \n\n    <section id=\"textblock-block_7622021945261bd38b3e70cdd7e896d8\" class=\"section position-relative gp-block gp-textblock pt-5 pb-5\">\n        <div class=\"container\">\n            <div class=\"row g-0\">\n                <div class=\"col-lg-12 content\" data-aos=\"fade-in\" data-aos-duration=\"1000\">\n                                                                        <h2 class=\"\"><p class=\"p1\">Tecnolog\u00eda al Servicio de la Sostenibilidad\n<\/h2>\n                                                                                                        <p>Premi\u00e8re Vision profundiz\u00f3 su colaboraci\u00f3n con ANDAM (Association nationale pour le d\u00e9veloppement des arts de la mode), llevando a los finalistas del Premio a la Innovaci\u00f3n ANDAM 2025 a la zona de Innovaci\u00f3n &amp; Tecnolog\u00eda. La lista incluy\u00f3 a ER <a href=\"https:\/\/www.instagram.com\/oceanrecherche\/\"><span class=\"s1\">Ocean Recherche<\/span><\/a>, <a href=\"https:\/\/www.instagram.com\/biostrap\/\"><span class=\"s1\">Bioastrap<\/span><\/a>, Supercab, <a href=\"https:\/\/www.instagram.com\/smobya\/\"><span class=\"s1\">Smobya<\/span><\/a>, <a href=\"https:\/\/www.instagram.com\/rodinia.generation\/\"><span class=\"s1\">Rodinia Generation<\/span><\/a>, Petshka, <a href=\"https:\/\/www.instagram.com\/wef.fan\/\"><span class=\"s1\">Weffan<\/span><\/a> y Alphalyr, junto a <a href=\"https:\/\/www.instagram.com\/losanje\/\"><span class=\"s1\">Losanje<\/span><\/a>, ganadora del Premio a la Innovaci\u00f3n 2025, y <a href=\"https:\/\/luxiders.com\/avantex-fashion-pitch-2025-crowns-goldeneye-smart-vision-and-green-worms-as-champions-of-fashion-innovation-and-sustainability\/\"><span class=\"s1\">GoldenEye Smart Vision<\/span><\/a>, que recibi\u00f3 un Premio Especial del Jurado por su sistema de control de calidad textil basado en IA.<\/p>\n<p>Estas start-ups abordan retos como materiales biotecnol\u00f3gicos con menor impacto ambiental; plataformas de trazabilidad alineadas con el Pacto Verde Europeo; herramientas digitales de prototipado y muestreo que reducen residuos; o servicios de econom\u00eda circular para la reventa y la optimizaci\u00f3n de stocks. Al dar un escenario a estas j\u00f3venes empresas, PV no solo celebra su creatividad, sino que tambi\u00e9n se consolida como un centro donde nacen soluciones de moda preparadas para el futuro.<\/p>\n<p>Como explic\u00f3 Nathalie Dufour, fundadora y directora general de <a href=\"https:\/\/www.instagram.com\/andamfashionawards\/\"><span class=\"s1\">ANDAM<\/span><\/a>: \u00abA trav\u00e9s de este espacio dedicado a la &#8216;Innovaci\u00f3n &amp; Tecnolog\u00eda&#8217;, no solo celebramos la innovaci\u00f3n, sino tambi\u00e9n el coraje y la visi\u00f3n de los j\u00f3venes emprendedores que est\u00e1n reinventando nuestra industria. Apoyar su surgimiento reafirma nuestra convicci\u00f3n de que el futuro de la creaci\u00f3n se est\u00e1 construyendo ahora \u2014 en la intersecci\u00f3n entre la excelencia art\u00edstica, la innovaci\u00f3n tecnol\u00f3gica y la responsabilidad social\u00bb.<\/p>\n                                                        <\/div>\n            <\/div>\n        <\/div>\n    <\/section>\n    \n\n    <section id=\"media-block_0fd1aa2b03ea427c0f833b957ec36078\" class=\"section position-relative gp-block gp-media pt-5 pb-5\">\n        <div class=\"container\">\n            <div class=\"row g-0\">\n                <div class=\"col-lg-12 content\" data-aos=\"fade-in\" data-aos-duration=\"1000\">\n                                                                            <\/div>\n            <\/div>\n            <div class=\"row g-0\">\n                <div class=\"col-lg-12 img-scaled\">\n                                                                                                                                                <figure class=\"mb-4 pt-lg-3 mb-lg-3 ps-lg-0 pe-lg-0\" data-aos=\"fade-up\" data-aos-duration=\"1000\"><div class=\"img-container\"><img loading=\"lazy\" decoding=\"async\" width=\"1200\" height=\"800\" src=\"https:\/\/luxiders.com\/content\/uploads\/PremiereVision_luxiders-Magazine_september-2025_17.jpeg\" class=\"img-fluid w-100\" alt=\"\" srcset=\"https:\/\/luxiders.com\/content\/uploads\/PremiereVision_luxiders-Magazine_september-2025_17.jpeg 1200w, https:\/\/luxiders.com\/content\/uploads\/PremiereVision_luxiders-Magazine_september-2025_17-300x200.jpeg 300w, https:\/\/luxiders.com\/content\/uploads\/PremiereVision_luxiders-Magazine_september-2025_17-1024x683.jpeg 1024w, https:\/\/luxiders.com\/content\/uploads\/PremiereVision_luxiders-Magazine_september-2025_17-768x512.jpeg 768w\" sizes=\"(max-width: 1200px) 100vw, 1200px\" \/><\/div><\/figure>                                                                                            <\/div>\n                                            <\/div>\n        <\/div>\n    <\/section>\n    \n\n    <section id=\"textblock-block_740707744d253e7bdfaa64017072d8a8\" class=\"section position-relative gp-block gp-textblock pt-0 pb-0\">\n        <div class=\"container\">\n            <div class=\"row g-0\">\n                <div class=\"col-lg-12 content\" data-aos=\"fade-in\" data-aos-duration=\"1000\">\n                                                                        <h2 class=\"\">Smart Creation: El coraz\u00f3n palpitante de la innovaci\u00f3n\n<\/h2>\n                                                                                                        <p>Mientras la zona de belleza capt\u00f3 la atenci\u00f3n, fue Smart Creation la que una vez m\u00e1s se posicion\u00f3 como el n\u00facleo intelectual e innovador de Premi\u00e8re Vision. Dise\u00f1ada como una plataforma para empresas visionarias, Smart Creation present\u00f3 tecnolog\u00edas, materiales y servicios que abordan los desaf\u00edos m\u00e1s urgentes de la industria: transici\u00f3n ecol\u00f3gica, trazabilidad, digitalizaci\u00f3n y rendimiento. Estructurada en tres \u00e1reas complementarias, Smart Creation ofreci\u00f3 una perspectiva de 360 grados sobre la innovaci\u00f3n en la moda.<\/p>\n<p><strong>Smart Materials<\/strong>, con fibras ecodise\u00f1adas y biomateriales. Esta zona present\u00f3 fibras y procesos ecodise\u00f1ados que minimizan el impacto ambiental manteniendo un alto rendimiento y atractivo est\u00e9tico. Entre los destacados:<\/p>\n<ul>\n<li><a href=\"https:\/\/www.instagram.com\/colorifix_\/\" target=\"_blank\" rel=\"noopener\"><strong>Colorifix<\/strong><\/a>: Pigmentos biotecnol\u00f3gicos creados mediante replicaci\u00f3n de ADN y fermentaci\u00f3n bacteriana, que eliminan los tintes t\u00f3xicos y reducen el uso de agua y energ\u00eda.<\/li>\n<li><strong>Frumat<\/strong>: Residuos de manzana transformados en materiales duraderos similares al cuero.<\/li>\n<li><strong>Reishi<\/strong> de <strong><a href=\"https:\/\/www.instagram.com\/mycoworks\/\" target=\"_blank\" rel=\"noopener\">MycoWorks<\/a><\/strong>: Material a base de micelio posicionado como la alternativa de lujo al cuero.<\/li>\n<li><a href=\"https:\/\/www.instagram.com\/spiber_inc\/\" target=\"_blank\" rel=\"noopener\"><strong>Spiber<\/strong><\/a>: Fibras de prote\u00edna bioingenierizadas que imitan la seda y la lana, dise\u00f1adas para aplicaciones circulares.<\/li>\n<li><a href=\"https:\/\/www.instagram.com\/ever_dye\/\" target=\"_blank\" rel=\"noopener\"><strong>Everdye<\/strong><\/a>: Proceso de te\u00f1ido de bajo consumo energ\u00e9tico que reduce dr\u00e1sticamente el uso de qu\u00edmicos.<\/li>\n<\/ul>\n<p>Estos materiales ilustran el cambio hacia la innovaci\u00f3n basada en biotecnolog\u00eda y en residuos, ofreciendo alternativas tangibles a los textiles derivados de f\u00f3siles y de alto consumo de recursos.<\/p>\n<p>La zona <strong>Smart Tech<\/strong> reuni\u00f3 a empresas que trabajan en digitalizaci\u00f3n, trazabilidad y optimizaci\u00f3n de la cadena de suministro. Entre los actores clave:<\/p>\n<ul>\n<li><strong><a href=\"https:\/\/www.instagram.com\/shimaseiki.official\/\" target=\"_blank\" rel=\"noopener\">Shima Seiki<\/a>:<\/strong> M\u00e1quinas de punto circular apoyadas en un nuevo software que acelera el prototipado y reduce residuos.<\/li>\n<li><a href=\"https:\/\/www.instagram.com\/heuritech\/\" target=\"_blank\" rel=\"noopener\"><strong>Heuritech<\/strong><\/a>: Plataforma de predicci\u00f3n de tendencias impulsada por IA que traduce el comportamiento del consumidor en dise\u00f1o basado en datos.<\/li>\n<li><a href=\"https:\/\/www.instagram.com\/refabric_studio\/\" target=\"_blank\" rel=\"noopener\"><strong>Refabric<\/strong><\/a>: Soluciones de gemelo digital para prendas, que permiten a las marcas monitorear y optimizar el ciclo de vida de los productos.<\/li>\n<li><a href=\"https:\/\/www.instagram.com\/farmers_360_link\/\" target=\"_blank\" rel=\"noopener\"><strong>Farmers 360\u00b0 Link<\/strong><\/a>: Herramienta de trazabilidad que conecta a los productores de materias primas con las marcas en tiempo real.<\/li>\n<\/ul>\n<p>En conjunto, estas soluciones muestran c\u00f3mo la tecnolog\u00eda es ahora la columna vertebral de la moda sostenible: ninguna marca puede reclamar responsabilidad sin la capacidad de medir, trazar y optimizar.<\/p>\n<p><strong>Smart Services<\/strong> se centr\u00f3 en orientaci\u00f3n y certificaciones. La tercera zona estuvo dedicada a servicios que ayudan a las marcas a escalar la sostenibilidad. Aqu\u00ed, las empresas ofrecieron experiencia en certificaciones, auditor\u00edas ambientales y aprovisionamiento responsable. Expositores como <a href=\"https:\/\/www.instagram.com\/zerow_it\/\" target=\"_blank\" rel=\"noopener\"><strong>ZEROW<\/strong><\/a> y <a href=\"https:\/\/www.instagram.com\/maebaint\/\" target=\"_blank\" rel=\"noopener\"><strong>Maeba International<\/strong><\/a> presentaron marcos de consultor\u00eda que gu\u00edan a las casas de moda hacia un impacto medible y el cumplimiento de la UE.<\/p>\n<p>Esta parte de Smart Creation subraya una realidad crucial: la innovaci\u00f3n por s\u00ed sola no es suficiente. Para que la moda se transforme, debe estar respaldada por normas, certificaciones y un cambio sist\u00e9mico.<\/p>\n<p>&nbsp;<\/p>\n<h3>CLO Virtual Fashion: Una instalaci\u00f3n inmersiva de 250 m\u00b2<\/h3>\n<p>Una de las principales atracciones de Smart Creation fue la instalaci\u00f3n inmersiva de 250 metros cuadrados de **CLO Virtual Fashion**. Rara vez presente en ferias, CLO llev\u00f3 a su equipo internacional a Par\u00eds para demostrar el poder del dise\u00f1o 3D, el ecodise\u00f1o y la simulaci\u00f3n digital. Los visitantes experimentaron prendas en universos virtuales, interactuando con texturas y ajustes sin producir muestras f\u00edsicas. Esto no solo acelera el dise\u00f1o, sino que tambi\u00e9n reduce residuos, marcando un **cambio de paradigma en la concepci\u00f3n y evaluaci\u00f3n de prototipos de moda**.<\/p>\n<p>Para PV, acoger a CLO fue una declaraci\u00f3n estrat\u00e9gica: el futuro de la moda no se trata solo de nuevos tejidos, sino tambi\u00e9n de ecosistemas digitales que redefinen el propio proceso creativo.<\/p>\n                                                        <\/div>\n            <\/div>\n        <\/div>\n    <\/section>\n    \n\n    <section id=\"media-block_cd803e40a2a750639f74bd2d2d29cb91\" class=\"section position-relative gp-block gp-media pt-5 pb-5\">\n        <div class=\"container\">\n            <div class=\"row g-0\">\n                <div class=\"col-lg-12 content\" data-aos=\"fade-in\" data-aos-duration=\"1000\">\n                                                                            <\/div>\n            <\/div>\n            <div class=\"row g-0\">\n                <div class=\"col-lg-6 \">\n                                                                                                                                                <figure class=\"mb-4 pt-lg-0 mb-lg-0 ps-lg-0 pe-lg-0\" data-aos=\"fade-up\" data-aos-duration=\"1000\"><div class=\"img-container\"><img loading=\"lazy\" decoding=\"async\" width=\"1200\" height=\"712\" src=\"https:\/\/luxiders.com\/content\/uploads\/PremiereVision_luxiders-Magazine_september-2025_2.jpeg\" class=\"img-fluid w-100\" alt=\"\" srcset=\"https:\/\/luxiders.com\/content\/uploads\/PremiereVision_luxiders-Magazine_september-2025_2.jpeg 1200w, https:\/\/luxiders.com\/content\/uploads\/PremiereVision_luxiders-Magazine_september-2025_2-300x178.jpeg 300w, https:\/\/luxiders.com\/content\/uploads\/PremiereVision_luxiders-Magazine_september-2025_2-1024x608.jpeg 1024w, https:\/\/luxiders.com\/content\/uploads\/PremiereVision_luxiders-Magazine_september-2025_2-768x456.jpeg 768w\" sizes=\"(max-width: 1200px) 100vw, 1200px\" \/><\/div><\/figure>                                                                                            <\/div>\n                                    <div class=\"col-lg-6\">\n                                                                                                                                                        <figure class=\"mb-4 pt-lg-6 mb-lg-0 ps-lg-3 pe-lg-3\" data-aos=\"fade-up\" data-aos-duration=\"1000\"><div class=\"img-container\"><img loading=\"lazy\" decoding=\"async\" width=\"1200\" height=\"800\" src=\"https:\/\/luxiders.com\/content\/uploads\/PremiereVision_luxiders-Magazine_september-2025_1.jpeg\" class=\"img-fluid w-100\" alt=\"\" srcset=\"https:\/\/luxiders.com\/content\/uploads\/PremiereVision_luxiders-Magazine_september-2025_1.jpeg 1200w, https:\/\/luxiders.com\/content\/uploads\/PremiereVision_luxiders-Magazine_september-2025_1-300x200.jpeg 300w, https:\/\/luxiders.com\/content\/uploads\/PremiereVision_luxiders-Magazine_september-2025_1-1024x683.jpeg 1024w, https:\/\/luxiders.com\/content\/uploads\/PremiereVision_luxiders-Magazine_september-2025_1-768x512.jpeg 768w\" sizes=\"(max-width: 1200px) 100vw, 1200px\" \/><\/div><\/figure>                                                                                                        <\/div>\n                                            <\/div>\n        <\/div>\n    <\/section>\n    \n\n    <section id=\"media-block_30fa4b5da2e10cdb229805ed7e3f95bc\" class=\"section position-relative gp-block gp-media pt-5 pb-5\">\n        <div class=\"container\">\n            <div class=\"row g-0\">\n                <div class=\"col-lg-12 content\" data-aos=\"fade-in\" data-aos-duration=\"1000\">\n                                                                            <\/div>\n            <\/div>\n            <div class=\"row g-0\">\n                <div class=\"col-lg-6 \">\n                                                                                                                                                <figure class=\"mb-4 pt-lg-0 mb-lg-0 ps-lg-5 pe-lg-5\" data-aos=\"fade-up\" data-aos-duration=\"1000\"><div class=\"img-container\"><img loading=\"lazy\" decoding=\"async\" width=\"1200\" height=\"800\" src=\"https:\/\/luxiders.com\/content\/uploads\/PremiereVision_luxiders-Magazine_september-2025_21.jpeg\" class=\"img-fluid w-100\" alt=\"\" srcset=\"https:\/\/luxiders.com\/content\/uploads\/PremiereVision_luxiders-Magazine_september-2025_21.jpeg 1200w, https:\/\/luxiders.com\/content\/uploads\/PremiereVision_luxiders-Magazine_september-2025_21-300x200.jpeg 300w, https:\/\/luxiders.com\/content\/uploads\/PremiereVision_luxiders-Magazine_september-2025_21-1024x683.jpeg 1024w, https:\/\/luxiders.com\/content\/uploads\/PremiereVision_luxiders-Magazine_september-2025_21-768x512.jpeg 768w\" sizes=\"(max-width: 1200px) 100vw, 1200px\" \/><\/div><\/figure>                                                                                            <\/div>\n                                    <div class=\"col-lg-6\">\n                                                                                                                                                        <figure class=\"mb-4 pt-lg-0 mb-lg-0 ps-lg-2 pe-lg-5\" data-aos=\"fade-up\" data-aos-duration=\"1000\"><div class=\"img-container\"><img loading=\"lazy\" decoding=\"async\" width=\"1200\" height=\"800\" src=\"https:\/\/luxiders.com\/content\/uploads\/PremiereVision_luxiders-Magazine_september-2025_6.jpeg\" class=\"img-fluid w-100\" alt=\"\" srcset=\"https:\/\/luxiders.com\/content\/uploads\/PremiereVision_luxiders-Magazine_september-2025_6.jpeg 1200w, https:\/\/luxiders.com\/content\/uploads\/PremiereVision_luxiders-Magazine_september-2025_6-300x200.jpeg 300w, https:\/\/luxiders.com\/content\/uploads\/PremiereVision_luxiders-Magazine_september-2025_6-1024x683.jpeg 1024w, https:\/\/luxiders.com\/content\/uploads\/PremiereVision_luxiders-Magazine_september-2025_6-768x512.jpeg 768w\" sizes=\"(max-width: 1200px) 100vw, 1200px\" \/><\/div><\/figure>                                                                                                        <\/div>\n                                            <\/div>\n        <\/div>\n    <\/section>\n    \n\n    <section id=\"textblock-block_323743f7b78c830a1b45964409173415\" class=\"section position-relative gp-block gp-textblock pt-0 pb-0\">\n        <div class=\"container\">\n            <div class=\"row g-0\">\n                <div class=\"col-lg-12 content\" data-aos=\"fade-in\" data-aos-duration=\"1000\">\n                                                                        <h2 class=\"\">Eco-innovaci\u00f3n en el color: biotecnolog\u00eda y alternativas naturales\n<\/h2>\n                                                                                                        <p>El color siempre ha sido uno de los motores m\u00e1s poderosos de la identidad de la moda \u2014sin embargo, el te\u00f1ido tradicional sigue siendo uno de los procesos m\u00e1s contaminantes de la industria. Los tintes sint\u00e9ticos provienen en su mayor\u00eda de productos petroqu\u00edmicos y requieren enormes cantidades de agua, energ\u00eda y productos qu\u00edmicos t\u00f3xicos. En Premi\u00e8re Vision Par\u00eds 2025, los expositores mostraron una nueva generaci\u00f3n de eco-innovaciones en el color, demostrando que la creatividad y la sostenibilidad pueden coexistir.<\/p>\n<p><strong>Prints sin tintes: dise\u00f1o desde la naturaleza.<\/strong> Los cuadros, el pata de gallo y los tejidos lisos fueron reinventados en lanas creadas sin ning\u00fan tinte. Aprovechando los tonos naturales del vell\u00f3n \u2014crudo, marr\u00f3n, gris\u2014 los dise\u00f1adores demostraron c\u00f3mo el patr\u00f3n y la textura pueden surgir directamente de la biodiversidad, eliminando la necesidad de colorantes qu\u00edmicos.<\/p>\n<p><strong>Tintes naturales de nueva generaci\u00f3n.<\/strong> Empresas como IndiDye presentaron colorantes derivados \u00edntegramente de ra\u00edces, cortezas, hojas y frutos, con procesos a base de agua o fermentaci\u00f3n natural. Estos m\u00e9todos cumplen con las normas ZDHC, garantizando la ausencia total de vertidos de productos qu\u00edmicos peligrosos.<\/p>\n<p><strong>Las algas como recurso renovable.<\/strong> El proceso ALGAEING\u2122 utiliza algas para producir tintes no t\u00f3xicos, reduciendo dr\u00e1sticamente la huella h\u00eddrica y de carbono. Los colorantes a base de algas tambi\u00e9n conectan la moda con una narrativa m\u00e1s amplia de restauraci\u00f3n oce\u00e1nica y materiales regenerativos.<\/p>\n<p><strong>Biotecnolog\u00eda y fermentaci\u00f3n bacteriana.<\/strong> Quiz\u00e1s los desarrollos m\u00e1s futuristas llegaron de la mano de Colorifix, pionero en el uso de ADN replicado de organismos vivos para producir pigmentos mediante fermentaci\u00f3n bacteriana. Este proceso cuenta con la certificaci\u00f3n OEKO-TEX\u00ae, requiere un gasto m\u00ednimo de energ\u00eda y evita completamente los productos qu\u00edmicos t\u00f3xicos.<\/p>\n<p><strong>Hacia el color estructural.<\/strong> Start-ups tambi\u00e9n est\u00e1n experimentando con nanocristales de celulosa vegetal para crear tonos iridiscentes y duraderos a trav\u00e9s de la difracci\u00f3n de la luz \u2014un color estructural que no necesita tinte alguno. Estas nanopel\u00edculas pueden transformarse en polvos, lentejuelas o purpurina, proporcionando un lenguaje de dise\u00f1o completamente nuevo para la moda sostenible.<\/p>\n<p>&nbsp;<\/p>\n<h3>La llamada a la acci\u00f3n de Arizona Muse<\/h3>\n<p>La sostenibilidad no fue solo t\u00e9cnica, sino tambi\u00e9n personal y emocional en PV, encarnada por Arizona Muse, modelo y activista clim\u00e1tica. Muse particip\u00f3 en la charla: &#8220;<span class=\"fieldval\"><span class=\"fieldtext\">Fashion Break Free from Fossil Fibers?&#8221;<\/span><\/span> y exhort\u00f3 a las marcas a eliminar los pl\u00e1sticos de sus cadenas de suministro.<\/p>\n<p>Muse tambi\u00e9n present\u00f3 su trabajo con Dirt, su fundaci\u00f3n clim\u00e1tica sin \u00e1nimo de lucro, y su colaboraci\u00f3n con Demeter en un sistema de etiquetado medioambiental de 10 partes. El primer est\u00e1ndar, centrado en los tintes, ya est\u00e1 en vigor, y pronto llegar\u00e1n certificaciones para el algod\u00f3n y la lana. La firma holandesa Loads Collection fue la primera marca en ponerlo a prueba, mostrando c\u00f3mo la sostenibilidad puede integrarse primero en la moda de lujo y premium, donde los m\u00e1rgenes permiten mayor inversi\u00f3n.<\/p>\n<p>Muse tambi\u00e9n destac\u00f3 c\u00f3mo la reacci\u00f3n pol\u00edtica contra los ESG ha reducido las oportunidades de financiaci\u00f3n para las ONG. \u00abEste a\u00f1o hemos tenido muchas dificultades econ\u00f3micas debido a los impactos desde EE. UU.\u00bb, admiti\u00f3. Esta perspectiva record\u00f3 a los visitantes que el cambio sist\u00e9mico requiere tanto innovaci\u00f3n como inversi\u00f3n. Su presencia inyect\u00f3 urgencia, responsabilidad y estatus de celebridad en la agenda de sostenibilidad de PV.<\/p>\n                                            <div class=\"highlighted mt-5 mt-lg-6 px-lg-5\">\n                            <p style=\"text-align: center;\">La era de los tintes derivados de f\u00f3siles est\u00e1 llegando a su fin. PV Par\u00eds se posicion\u00f3 como la feria donde comienza la revoluci\u00f3n del color.<\/p>\n                        <\/div>\n                                                        <\/div>\n            <\/div>\n        <\/div>\n    <\/section>\n    \n\n    <section id=\"media-block_eeb1072901df206abb05bc37ef1312a6\" class=\"section position-relative gp-block gp-media pt-5 pb-5\">\n        <div class=\"container\">\n            <div class=\"row g-0\">\n                <div class=\"col-lg-12 content\" data-aos=\"fade-in\" data-aos-duration=\"1000\">\n                                                                            <\/div>\n            <\/div>\n            <div class=\"row g-0\">\n                <div class=\"col-lg-6 \">\n                                                                                                                                                <figure class=\"mb-4 pt-lg-7 mb-lg-0 ps-lg-2 pe-lg-4\" data-aos=\"fade-up\" data-aos-duration=\"1000\"><div class=\"img-container\"><img loading=\"lazy\" decoding=\"async\" width=\"1200\" height=\"800\" src=\"https:\/\/luxiders.com\/content\/uploads\/PremiereVision_luxiders-Magazine_september-2025_18.jpeg\" class=\"img-fluid w-100\" alt=\"\" srcset=\"https:\/\/luxiders.com\/content\/uploads\/PremiereVision_luxiders-Magazine_september-2025_18.jpeg 1200w, https:\/\/luxiders.com\/content\/uploads\/PremiereVision_luxiders-Magazine_september-2025_18-300x200.jpeg 300w, https:\/\/luxiders.com\/content\/uploads\/PremiereVision_luxiders-Magazine_september-2025_18-1024x683.jpeg 1024w, https:\/\/luxiders.com\/content\/uploads\/PremiereVision_luxiders-Magazine_september-2025_18-768x512.jpeg 768w\" sizes=\"(max-width: 1200px) 100vw, 1200px\" \/><\/div><\/figure>                                                                                            <\/div>\n                                    <div class=\"col-lg-6\">\n                                                                                                                                                        <figure class=\"mb-4 pt-lg-0 mb-lg-0 ps-lg-2 pe-lg-2\" data-aos=\"fade-up\" data-aos-duration=\"1000\"><div class=\"img-container\"><img loading=\"lazy\" decoding=\"async\" width=\"1200\" height=\"800\" src=\"https:\/\/luxiders.com\/content\/uploads\/PremiereVision_luxiders-Magazine_september-2025_19.jpeg\" class=\"img-fluid w-100\" alt=\"Arizona Muse during her Talk\" srcset=\"https:\/\/luxiders.com\/content\/uploads\/PremiereVision_luxiders-Magazine_september-2025_19.jpeg 1200w, https:\/\/luxiders.com\/content\/uploads\/PremiereVision_luxiders-Magazine_september-2025_19-300x200.jpeg 300w, https:\/\/luxiders.com\/content\/uploads\/PremiereVision_luxiders-Magazine_september-2025_19-1024x683.jpeg 1024w, https:\/\/luxiders.com\/content\/uploads\/PremiereVision_luxiders-Magazine_september-2025_19-768x512.jpeg 768w\" sizes=\"(max-width: 1200px) 100vw, 1200px\" \/><\/div><figcaption>Arizona Muse during her Talk<\/figcaption><\/figure>                                                                                                        <\/div>\n                                            <\/div>\n        <\/div>\n    <\/section>\n    \n\n    <section id=\"textblock-block_cf5428391c00b725181f7406006707df\" class=\"section position-relative gp-block gp-textblock pt-5 pb-5 pb-lg-8\">\n        <div class=\"container\">\n            <div class=\"row g-0\">\n                <div class=\"col-lg-12 content\" data-aos=\"fade-in\" data-aos-duration=\"1000\">\n                                                                                <p style=\"text-align: center;\"><strong><i>All Images:<\/i><i><br \/>\n<\/i><i>@ <em>Courtesy by <a href=\"https:\/\/paris.premierevision.com\/?utm_source=luxiders&amp;utm_medium=display&amp;utm_campaign=rpa20252\" target=\"_blank\" rel=\"noopener\"><span style=\"color: #d6a16b;\"><b>Premiere Vision Paris 2024<\/b><\/span><\/a><\/em><\/i><\/strong><\/p>\n                                                        <\/div>\n            <\/div>\n        <\/div>\n    <\/section>\n    ","protected":false},"excerpt":{"rendered":"","protected":false},"author":13,"featured_media":57709,"comment_status":"closed","ping_status":"closed","sticky":false,"template":"","format":"standard","meta":{"_acf_changed":false,"footnotes":""},"categories":[130],"tags":[10191],"class_list":{"0":"post-57702","1":"post","2":"type-post","3":"status-publish","4":"format-standard","5":"has-post-thumbnail","7":"category-moda-sostenible-lujo","8":"tag-premiere-vision-es"},"acf":[],"yoast_head":"<title>Premi\u00e8re Vision Paris September 2025: la redefinici\u00f3n de la moda<\/title>\n<meta name=\"description\" content=\"Premi\u00e8re Vision Par\u00eds septiembre 2025 reinvent\u00f3 la feria con start-ups, belleza, sostenibilidad y experiencias inmersivas que dan forma\u2026\" \/>\n<meta name=\"robots\" content=\"index, follow, max-snippet:-1, max-image-preview:large, max-video-preview:-1\" \/>\n<link rel=\"canonical\" href=\"https:\/\/luxiders.com\/es\/premiere-vision-paris-septiembre-2025-las-experiencias-inmersivas-redefinen-el-futuro-de-la-moda\/\" \/>\n<meta property=\"og:locale\" content=\"es_ES\" \/>\n<meta property=\"og:type\" content=\"article\" \/>\n<meta property=\"og:title\" content=\"Premi\u00e8re Vision Paris September 2025: la redefinici\u00f3n de la moda\" \/>\n<meta property=\"og:description\" content=\"Premi\u00e8re Vision Par\u00eds septiembre 2025 reinvent\u00f3 la feria con start-ups, belleza, sostenibilidad y experiencias inmersivas que dan forma\u2026\" \/>\n<meta property=\"og:url\" content=\"https:\/\/luxiders.com\/es\/premiere-vision-paris-septiembre-2025-las-experiencias-inmersivas-redefinen-el-futuro-de-la-moda\/\" \/>\n<meta property=\"og:site_name\" content=\"Sustainable Fashion - Eco Design - Healthy Lifestyle - Luxiders Magazine\" \/>\n<meta property=\"article:published_time\" content=\"2025-09-24T07:28:47+00:00\" \/>\n<meta property=\"article:modified_time\" content=\"2025-09-25T09:21:08+00:00\" \/>\n<meta property=\"og:image\" content=\"https:\/\/luxiders.com\/content\/uploads\/PremiereVision1.jpg\" \/>\n\t<meta property=\"og:image:width\" content=\"1088\" \/>\n\t<meta property=\"og:image:height\" content=\"1394\" \/>\n\t<meta property=\"og:image:type\" content=\"image\/jpeg\" \/>\n<meta name=\"author\" content=\"Belvis Soler\" \/>\n<meta name=\"twitter:card\" content=\"summary_large_image\" \/>\n<meta name=\"twitter:label1\" content=\"Written by\" \/>\n\t<meta name=\"twitter:data1\" content=\"Belvis Soler\" \/>\n\t<meta name=\"twitter:label2\" content=\"Est. reading time\" \/>\n\t<meta name=\"twitter:data2\" content=\"12 minutes\" \/>\n<script type=\"application\/ld+json\" class=\"yoast-schema-graph\">{\"@context\":\"https:\/\/schema.org\",\"@graph\":[{\"@type\":\"Article\",\"@id\":\"https:\/\/luxiders.com\/es\/premiere-vision-paris-septiembre-2025-las-experiencias-inmersivas-redefinen-el-futuro-de-la-moda\/#article\",\"isPartOf\":{\"@id\":\"https:\/\/luxiders.com\/es\/premiere-vision-paris-septiembre-2025-las-experiencias-inmersivas-redefinen-el-futuro-de-la-moda\/\"},\"author\":{\"name\":\"Belvis Soler\",\"@id\":\"https:\/\/luxiders.com\/es\/#\/schema\/person\/217f552b70818614c3ca79c0fa2140dc\"},\"headline\":\"Premi\u00e8re Vision Par\u00eds Septiembre 2025: Las experiencias inmersivas redefinen el futuro de la moda\",\"datePublished\":\"2025-09-24T07:28:47+00:00\",\"dateModified\":\"2025-09-25T09:21:08+00:00\",\"mainEntityOfPage\":{\"@id\":\"https:\/\/luxiders.com\/es\/premiere-vision-paris-septiembre-2025-las-experiencias-inmersivas-redefinen-el-futuro-de-la-moda\/\"},\"wordCount\":15,\"publisher\":{\"@id\":\"https:\/\/luxiders.com\/es\/#organization\"},\"image\":{\"@id\":\"https:\/\/luxiders.com\/es\/premiere-vision-paris-septiembre-2025-las-experiencias-inmersivas-redefinen-el-futuro-de-la-moda\/#primaryimage\"},\"thumbnailUrl\":\"https:\/\/luxiders.com\/content\/uploads\/PremiereVision1.jpg\",\"keywords\":[\"Premi\u00e8re Vision\"],\"articleSection\":[\"Moda\"],\"inLanguage\":\"es-ES\"},{\"@type\":\"WebPage\",\"@id\":\"https:\/\/luxiders.com\/es\/premiere-vision-paris-septiembre-2025-las-experiencias-inmersivas-redefinen-el-futuro-de-la-moda\/\",\"url\":\"https:\/\/luxiders.com\/es\/premiere-vision-paris-septiembre-2025-las-experiencias-inmersivas-redefinen-el-futuro-de-la-moda\/\",\"name\":\"Premi\u00e8re Vision Paris September 2025: la redefinici\u00f3n de la moda\",\"isPartOf\":{\"@id\":\"https:\/\/luxiders.com\/es\/#website\"},\"primaryImageOfPage\":{\"@id\":\"https:\/\/luxiders.com\/es\/premiere-vision-paris-septiembre-2025-las-experiencias-inmersivas-redefinen-el-futuro-de-la-moda\/#primaryimage\"},\"image\":{\"@id\":\"https:\/\/luxiders.com\/es\/premiere-vision-paris-septiembre-2025-las-experiencias-inmersivas-redefinen-el-futuro-de-la-moda\/#primaryimage\"},\"thumbnailUrl\":\"https:\/\/luxiders.com\/content\/uploads\/PremiereVision1.jpg\",\"datePublished\":\"2025-09-24T07:28:47+00:00\",\"dateModified\":\"2025-09-25T09:21:08+00:00\",\"description\":\"Premi\u00e8re Vision Par\u00eds septiembre 2025 reinvent\u00f3 la feria con start-ups, belleza, sostenibilidad y experiencias inmersivas que dan forma\u2026\",\"breadcrumb\":{\"@id\":\"https:\/\/luxiders.com\/es\/premiere-vision-paris-septiembre-2025-las-experiencias-inmersivas-redefinen-el-futuro-de-la-moda\/#breadcrumb\"},\"inLanguage\":\"es-ES\",\"potentialAction\":[{\"@type\":\"ReadAction\",\"target\":[\"https:\/\/luxiders.com\/es\/premiere-vision-paris-septiembre-2025-las-experiencias-inmersivas-redefinen-el-futuro-de-la-moda\/\"]}]},{\"@type\":\"ImageObject\",\"inLanguage\":\"es-ES\",\"@id\":\"https:\/\/luxiders.com\/es\/premiere-vision-paris-septiembre-2025-las-experiencias-inmersivas-redefinen-el-futuro-de-la-moda\/#primaryimage\",\"url\":\"https:\/\/luxiders.com\/content\/uploads\/PremiereVision1.jpg\",\"contentUrl\":\"https:\/\/luxiders.com\/content\/uploads\/PremiereVision1.jpg\",\"width\":1088,\"height\":1394,\"caption\":\"Premiere Vision\"},{\"@type\":\"BreadcrumbList\",\"@id\":\"https:\/\/luxiders.com\/es\/premiere-vision-paris-septiembre-2025-las-experiencias-inmersivas-redefinen-el-futuro-de-la-moda\/#breadcrumb\",\"itemListElement\":[{\"@type\":\"ListItem\",\"position\":1,\"name\":\"Startseite\",\"item\":\"https:\/\/luxiders.com\/es\/\"},{\"@type\":\"ListItem\",\"position\":2,\"name\":\"Moda\",\"item\":\"https:\/\/luxiders.com\/es\/category\/moda-sostenible-lujo\/\"},{\"@type\":\"ListItem\",\"position\":3,\"name\":\"Premi\u00e8re Vision Par\u00eds Septiembre 2025: Las experiencias inmersivas redefinen el futuro de la moda\"}]},{\"@type\":\"WebSite\",\"@id\":\"https:\/\/luxiders.com\/es\/#website\",\"url\":\"https:\/\/luxiders.com\/es\/\",\"name\":\"Sustainable Fashion - Eco Design - Healthy Lifestyle - Luxiders Magazine\",\"description\":\"Luxiders is a sustainable luxury magazine highlighting the best stories about sustainable fashion, ethical fashion, eco-friendly design, green design, sustainable travel, natural beauty, organic beauty and healthy lifestyle. Know the best high-end, progressive and luxury sustainable brands and designers worldwide.\",\"publisher\":{\"@id\":\"https:\/\/luxiders.com\/es\/#organization\"},\"potentialAction\":[{\"@type\":\"SearchAction\",\"target\":{\"@type\":\"EntryPoint\",\"urlTemplate\":\"https:\/\/luxiders.com\/es\/?s={search_term_string}\"},\"query-input\":{\"@type\":\"PropertyValueSpecification\",\"valueRequired\":true,\"valueName\":\"search_term_string\"}}],\"inLanguage\":\"es-ES\"},{\"@type\":\"Organization\",\"@id\":\"https:\/\/luxiders.com\/es\/#organization\",\"name\":\"Sustainable Fashion - Eco Design - Healthy Lifestyle - Luxiders Magazine\",\"url\":\"https:\/\/luxiders.com\/es\/\",\"logo\":{\"@type\":\"ImageObject\",\"inLanguage\":\"es-ES\",\"@id\":\"https:\/\/luxiders.com\/es\/#\/schema\/logo\/image\/\",\"url\":\"https:\/\/luxiders.com\/content\/uploads\/lux-logo.svg\",\"contentUrl\":\"https:\/\/luxiders.com\/content\/uploads\/lux-logo.svg\",\"caption\":\"Sustainable Fashion - Eco Design - Healthy Lifestyle - Luxiders Magazine\"},\"image\":{\"@id\":\"https:\/\/luxiders.com\/es\/#\/schema\/logo\/image\/\"}},{\"@type\":\"Person\",\"@id\":\"https:\/\/luxiders.com\/es\/#\/schema\/person\/217f552b70818614c3ca79c0fa2140dc\",\"name\":\"Belvis Soler\",\"url\":\"https:\/\/luxiders.com\/es\/author\/belvis-soler\/\"}]}<\/script>","yoast_head_json":{"title":"Premi\u00e8re Vision Paris September 2025: la redefinici\u00f3n de la moda","description":"Premi\u00e8re Vision Par\u00eds septiembre 2025 reinvent\u00f3 la feria con start-ups, belleza, sostenibilidad y experiencias inmersivas que dan forma\u2026","robots":{"index":"index","follow":"follow","max-snippet":"max-snippet:-1","max-image-preview":"max-image-preview:large","max-video-preview":"max-video-preview:-1"},"canonical":"https:\/\/luxiders.com\/es\/premiere-vision-paris-septiembre-2025-las-experiencias-inmersivas-redefinen-el-futuro-de-la-moda\/","og_locale":"es_ES","og_type":"article","og_title":"Premi\u00e8re Vision Paris September 2025: la redefinici\u00f3n de la moda","og_description":"Premi\u00e8re Vision Par\u00eds septiembre 2025 reinvent\u00f3 la feria con start-ups, belleza, sostenibilidad y experiencias inmersivas que dan forma\u2026","og_url":"https:\/\/luxiders.com\/es\/premiere-vision-paris-septiembre-2025-las-experiencias-inmersivas-redefinen-el-futuro-de-la-moda\/","og_site_name":"Sustainable Fashion - Eco Design - Healthy Lifestyle - Luxiders Magazine","article_published_time":"2025-09-24T07:28:47+00:00","article_modified_time":"2025-09-25T09:21:08+00:00","og_image":[{"width":1088,"height":1394,"url":"https:\/\/luxiders.com\/content\/uploads\/PremiereVision1.jpg","type":"image\/jpeg"}],"author":"Belvis Soler","twitter_card":"summary_large_image","twitter_misc":{"Written by":"Belvis Soler","Est. reading time":"12 minutes"},"schema":{"@context":"https:\/\/schema.org","@graph":[{"@type":"Article","@id":"https:\/\/luxiders.com\/es\/premiere-vision-paris-septiembre-2025-las-experiencias-inmersivas-redefinen-el-futuro-de-la-moda\/#article","isPartOf":{"@id":"https:\/\/luxiders.com\/es\/premiere-vision-paris-septiembre-2025-las-experiencias-inmersivas-redefinen-el-futuro-de-la-moda\/"},"author":{"name":"Belvis Soler","@id":"https:\/\/luxiders.com\/es\/#\/schema\/person\/217f552b70818614c3ca79c0fa2140dc"},"headline":"Premi\u00e8re Vision Par\u00eds Septiembre 2025: Las experiencias inmersivas redefinen el futuro de la moda","datePublished":"2025-09-24T07:28:47+00:00","dateModified":"2025-09-25T09:21:08+00:00","mainEntityOfPage":{"@id":"https:\/\/luxiders.com\/es\/premiere-vision-paris-septiembre-2025-las-experiencias-inmersivas-redefinen-el-futuro-de-la-moda\/"},"wordCount":15,"publisher":{"@id":"https:\/\/luxiders.com\/es\/#organization"},"image":{"@id":"https:\/\/luxiders.com\/es\/premiere-vision-paris-septiembre-2025-las-experiencias-inmersivas-redefinen-el-futuro-de-la-moda\/#primaryimage"},"thumbnailUrl":"https:\/\/luxiders.com\/content\/uploads\/PremiereVision1.jpg","keywords":["Premi\u00e8re Vision"],"articleSection":["Moda"],"inLanguage":"es-ES"},{"@type":"WebPage","@id":"https:\/\/luxiders.com\/es\/premiere-vision-paris-septiembre-2025-las-experiencias-inmersivas-redefinen-el-futuro-de-la-moda\/","url":"https:\/\/luxiders.com\/es\/premiere-vision-paris-septiembre-2025-las-experiencias-inmersivas-redefinen-el-futuro-de-la-moda\/","name":"Premi\u00e8re Vision Paris September 2025: la redefinici\u00f3n de la moda","isPartOf":{"@id":"https:\/\/luxiders.com\/es\/#website"},"primaryImageOfPage":{"@id":"https:\/\/luxiders.com\/es\/premiere-vision-paris-septiembre-2025-las-experiencias-inmersivas-redefinen-el-futuro-de-la-moda\/#primaryimage"},"image":{"@id":"https:\/\/luxiders.com\/es\/premiere-vision-paris-septiembre-2025-las-experiencias-inmersivas-redefinen-el-futuro-de-la-moda\/#primaryimage"},"thumbnailUrl":"https:\/\/luxiders.com\/content\/uploads\/PremiereVision1.jpg","datePublished":"2025-09-24T07:28:47+00:00","dateModified":"2025-09-25T09:21:08+00:00","description":"Premi\u00e8re Vision Par\u00eds septiembre 2025 reinvent\u00f3 la feria con start-ups, belleza, sostenibilidad y experiencias inmersivas que dan forma\u2026","breadcrumb":{"@id":"https:\/\/luxiders.com\/es\/premiere-vision-paris-septiembre-2025-las-experiencias-inmersivas-redefinen-el-futuro-de-la-moda\/#breadcrumb"},"inLanguage":"es-ES","potentialAction":[{"@type":"ReadAction","target":["https:\/\/luxiders.com\/es\/premiere-vision-paris-septiembre-2025-las-experiencias-inmersivas-redefinen-el-futuro-de-la-moda\/"]}]},{"@type":"ImageObject","inLanguage":"es-ES","@id":"https:\/\/luxiders.com\/es\/premiere-vision-paris-septiembre-2025-las-experiencias-inmersivas-redefinen-el-futuro-de-la-moda\/#primaryimage","url":"https:\/\/luxiders.com\/content\/uploads\/PremiereVision1.jpg","contentUrl":"https:\/\/luxiders.com\/content\/uploads\/PremiereVision1.jpg","width":1088,"height":1394,"caption":"Premiere Vision"},{"@type":"BreadcrumbList","@id":"https:\/\/luxiders.com\/es\/premiere-vision-paris-septiembre-2025-las-experiencias-inmersivas-redefinen-el-futuro-de-la-moda\/#breadcrumb","itemListElement":[{"@type":"ListItem","position":1,"name":"Startseite","item":"https:\/\/luxiders.com\/es\/"},{"@type":"ListItem","position":2,"name":"Moda","item":"https:\/\/luxiders.com\/es\/category\/moda-sostenible-lujo\/"},{"@type":"ListItem","position":3,"name":"Premi\u00e8re Vision Par\u00eds Septiembre 2025: Las experiencias inmersivas redefinen el futuro de la moda"}]},{"@type":"WebSite","@id":"https:\/\/luxiders.com\/es\/#website","url":"https:\/\/luxiders.com\/es\/","name":"Sustainable Fashion - Eco Design - Healthy Lifestyle - Luxiders Magazine","description":"Luxiders is a sustainable luxury magazine highlighting the best stories about sustainable fashion, ethical fashion, eco-friendly design, green design, sustainable travel, natural beauty, organic beauty and healthy lifestyle. Know the best high-end, progressive and luxury sustainable brands and designers worldwide.","publisher":{"@id":"https:\/\/luxiders.com\/es\/#organization"},"potentialAction":[{"@type":"SearchAction","target":{"@type":"EntryPoint","urlTemplate":"https:\/\/luxiders.com\/es\/?s={search_term_string}"},"query-input":{"@type":"PropertyValueSpecification","valueRequired":true,"valueName":"search_term_string"}}],"inLanguage":"es-ES"},{"@type":"Organization","@id":"https:\/\/luxiders.com\/es\/#organization","name":"Sustainable Fashion - Eco Design - Healthy Lifestyle - Luxiders Magazine","url":"https:\/\/luxiders.com\/es\/","logo":{"@type":"ImageObject","inLanguage":"es-ES","@id":"https:\/\/luxiders.com\/es\/#\/schema\/logo\/image\/","url":"https:\/\/luxiders.com\/content\/uploads\/lux-logo.svg","contentUrl":"https:\/\/luxiders.com\/content\/uploads\/lux-logo.svg","caption":"Sustainable Fashion - Eco Design - Healthy Lifestyle - Luxiders Magazine"},"image":{"@id":"https:\/\/luxiders.com\/es\/#\/schema\/logo\/image\/"}},{"@type":"Person","@id":"https:\/\/luxiders.com\/es\/#\/schema\/person\/217f552b70818614c3ca79c0fa2140dc","name":"Belvis Soler","url":"https:\/\/luxiders.com\/es\/author\/belvis-soler\/"}]}},"_links":{"self":[{"href":"https:\/\/luxiders.com\/es\/wp-json\/wp\/v2\/posts\/57702","targetHints":{"allow":["GET"]}}],"collection":[{"href":"https:\/\/luxiders.com\/es\/wp-json\/wp\/v2\/posts"}],"about":[{"href":"https:\/\/luxiders.com\/es\/wp-json\/wp\/v2\/types\/post"}],"author":[{"embeddable":true,"href":"https:\/\/luxiders.com\/es\/wp-json\/wp\/v2\/users\/13"}],"replies":[{"embeddable":true,"href":"https:\/\/luxiders.com\/es\/wp-json\/wp\/v2\/comments?post=57702"}],"version-history":[{"count":3,"href":"https:\/\/luxiders.com\/es\/wp-json\/wp\/v2\/posts\/57702\/revisions"}],"predecessor-version":[{"id":57828,"href":"https:\/\/luxiders.com\/es\/wp-json\/wp\/v2\/posts\/57702\/revisions\/57828"}],"wp:featuredmedia":[{"embeddable":true,"href":"https:\/\/luxiders.com\/es\/wp-json\/wp\/v2\/media\/57709"}],"wp:attachment":[{"href":"https:\/\/luxiders.com\/es\/wp-json\/wp\/v2\/media?parent=57702"}],"wp:term":[{"taxonomy":"category","embeddable":true,"href":"https:\/\/luxiders.com\/es\/wp-json\/wp\/v2\/categories?post=57702"},{"taxonomy":"post_tag","embeddable":true,"href":"https:\/\/luxiders.com\/es\/wp-json\/wp\/v2\/tags?post=57702"}],"curies":[{"name":"wp","href":"https:\/\/api.w.org\/{rel}","templated":true}]}}