{"id":5796,"date":"2019-04-12T10:25:00","date_gmt":"2019-04-12T08:25:00","guid":{"rendered":"http:\/\/luxiders.com.w01cc729.kasserver.com\/?p=5796"},"modified":"2023-01-06T10:34:17","modified_gmt":"2023-01-06T09:34:17","slug":"neo2","status":"publish","type":"post","link":"https:\/\/luxiders.com\/es\/neo2\/","title":{"rendered":"Neo2, 25 a\u00f1os de pura inspiraci\u00f3n"},"content":{"rendered":"    <section id=\"textblock-block_0a2341bcb29f634152c76cce628ed477\" class=\"section position-relative gp-block gp-textblock pt-0 pb-0\">\n        <div class=\"container\">\n            <div class=\"row g-0\">\n                <div class=\"col-lg-12 content\" data-aos=\"fade-in\" data-aos-duration=\"1000\">\n                                                                                    <div class=\"intro \">\n                            <p style=\"text-align: center;\">Si no es vanguardia, no es Neo2. Nuevos dise\u00f1adores, dise\u00f1o avant-garde, grupos de m\u00fasica desconocidos&#8230; La revista espa\u00f1ola Neo2 naci\u00f3 a finales de los a\u00f1os 80 en Madrid para\u00a0informar sobre creatividad aplicada a la cultura, descubrir j\u00f3venes creadores de diferentes \u00e1reas, proyectos impactantes&#8230; Ahora, celebra su 25 aniversario. Entrevistamos a uno de sus fundadores, Javier Abio, para saber m\u00e1s sobre su historia y la fiesta que van a preparar para celebrar 25 de a\u00f1os inspir\u00e1ndonos.<\/p>\n                        <\/div>\n                                                                                                <\/div>\n            <\/div>\n        <\/div>\n    <\/section>\n    \n\n    <section id=\"newsletter-block_baf31c5c4fc2adbd16195153aac41dbf\" class=\"section position-relative gp-block gp-newsletter pt-0 pb-0 my-5\">\n        <div class=\"container\">\n            <div class=\"row g-0 pt-4 pb-3\">\n                <div class=\"col-lg-12 content text-center border pt-3\" data-aos=\"fade-in\" data-aos-duration=\"1000\">\n                                            <p><em>Para recibir el Newsletter de Luxiders Magazine,\u00a0<a href=\"https:\/\/landing.mailerlite.com\/webforms\/landing\/w2a1t0\" target=\"_blank\" rel=\"noopener\">suscr\u00edbete aqu\u00ed<\/a><\/em><\/p>\n                                    <\/div>\n            <\/div>\n        <\/div>\n    <\/section>\n    \n\n    <section id=\"media-block_7b129652d71ca18050e953068cae0b8a\" class=\"section position-relative gp-block gp-media pt-0 pb-0\">\n        <div class=\"container\">\n            <div class=\"row g-0\">\n                <div class=\"col-lg-12 content\" data-aos=\"fade-in\" data-aos-duration=\"1000\">\n                                        <h2>\u00bfCu\u00e1ndo naci\u00f3 Neo2 y por qu\u00e9?<\/h2>\n<p>La idea de crear Neo2 naci\u00f3 a finales de los a\u00f1os 80, cuando mi socio Ram\u00f3n Fano y yo, Javier Abio, trabaj\u00e1bamos como becarios en una agencia de publicidad. En aquel momento fantase\u00e1bamos con hacer una revista como las que hab\u00eda en Inglaterra (The Face) o Italia (Per Lui), pero todav\u00eda los ordenadores no hab\u00edan llegado al mundo de la edici\u00f3n por lo que costaba much\u00edsimo producir una revista. Despu\u00e9s Ram\u00f3n y yo seguimos movi\u00e9ndonos por otras empresas. En 1994 nos volvimos a encontrar y es cuando decidimos crear el estudio creativo Ipsum Planet y a la vez lanzamos la revista Neo2. Hay que aclarar que los primeros n\u00fameros se llamaba Neoman\u00eda y que despu\u00e9s de varios n\u00fameros cambiamos el nombre a Neo2.<\/p>\n<p>Con Neo2 busc\u00e1bamos llenar un hueco que no hab\u00eda en Espa\u00f1a en ese momento, una revista de tendencias que hablara de creatividad.<\/p>\n<p>&nbsp;<\/p>\n<h3>\u00bfCu\u00e1l es el background de los fundadores?<\/h3>\n<p>Somos 3 socios, Rub\u00e9n Manrique que hab\u00eda trabajado en dise\u00f1o gr\u00e1fico y direcci\u00f3n de arte para agencias de publicidad y discogr\u00e1ficas, Ram\u00f3n Fano que hab\u00eda trabajado como copy en diferentes agencias de publicidad y hab\u00eda estudiado publicidad y cine. Yo, Javier Abio que estudi\u00e9 sociolog\u00eda y que trabaj\u00e9 como dise\u00f1ador gr\u00e1fico y director de arte en diferentes agencias de publicidad y como director creativo en una multinacional espa\u00f1ola del mundo de la moda.<\/p>\n<p>&nbsp;<\/p>\n<h3>Este a\u00f1o hab\u00e9is cumplido 25 a\u00f1os. Todo un logro teniendo en cuenta la crisis del papel, por no hablar de la de la crisis del periodismo en general y la econ\u00f3mica y pol\u00edtica espa\u00f1ola. \u00bfCu\u00e1l es la clave de vuestro \u00e9xito?<\/h3>\n<p>S\u00ed, cumplimos 25 a\u00f1os. Siendo una revista, es una edad para sentirse orgullosos. La crisis del 2007-2010 ha sido muy fuerte, no solo para el mundo del periodismo, tambi\u00e9n para el 99% de las profesiones. Se est\u00e1 cambiando la forma de consumir, lo digital ha cambiado totalmente la forma de producir y distribuir. Para nosotros, el mayor \u00e9xito ha sido poder seguir con la revista despu\u00e9s de la crisis y adem\u00e1s salir fortalecidos. Nos hemos adaptado a la nueva forma de generar contenidos y a como distribuirlos. Para nosotros la conversi\u00f3n al mundo digital ha sido muy natural, siempre hemos estado muy conectados a \u00e9l.<\/p>\n<p>&nbsp;<\/p>\n<h3>\u00bfC\u00f3mo ha cambiado el estilo de vida desde entonces?<\/h3>\n<p>Uno de los cambios m\u00e1s grandes es que hoy en d\u00eda hay mucha m\u00e1s oferta de todo y eso hace que haya m\u00e1s competencia, que para el consumidor es mucho mejor. Pero esta situaci\u00f3n genera a la vez un problema, y es que con tanto producto, tanta informaci\u00f3n, es dif\u00edcil decidir qu\u00e9 comprar o qu\u00e9 elegir. Por eso es tan importante la labor de una revista, ya que te filtra lo que realmente merece la pena, claro que siempre desde el punto de vista del editor.<\/p>\n<p>En Neo2, por nuestra parte, hemos pasado por muchas fases, desde el cambio de nombre, el cambio de formato, cambios en el tipo de contenidos y \u00faltimamente estamos cambiando, adem\u00e1s, m\u00e1s r\u00e1pidamente, desde el logo o maquetaci\u00f3n hasta el tipo de contenido.<\/p>\n<p>&nbsp;<\/p>\n<h3>Ahora, adem\u00e1s de revista, organiz\u00e1is premios, fiestas\u2026<\/h3>\n<p>Es algo que nos divierte y adem\u00e1s, como hoy en d\u00eda la mayor\u00eda de las relaciones sociales se hacen digitales, nos hace gracia que los lectores se vean cara a cara, ir m\u00e1s all\u00e1 de lo digital. Las fiestas y eventos es una buena excusa.<\/p>\n<p>&nbsp;<\/p>\n<h3>Hablando de fiestas, \u00bfc\u00f3mo y cuando vais a celebrar este 25 aniversario?<\/h3>\n<p>Tenemos varias fiestas planificadas que se llamar\u00e1n Black Parties y ser\u00e1n en Barcelona el 25 de abril, en Madrid el 7 de mayo (coincidir\u00e1 con los New Designers Awards), en Valencia el 18 de mayo y en Bilbao el 25 de mayo. Seguramente hagamos m\u00e1s, pero por ahora esto es lo que tenemos ya organizado.<\/p>\n<p>&nbsp;<\/p>\n<h3>H\u00e1blanos de esos New Designers Awards&#8230;<\/h3>\n<p>Quer\u00edamos hacer unos premios de Neo2 desde hace muchos, muchos a\u00f1os pero siempre se nos disparaban los gastos y al final no los lleg\u00e1bamos a hacer. El primer a\u00f1o que apareci\u00f3 el Madrid Design Festival hicimos un esfuerzo para estar en esa <a href=\"https:\/\/www.neo2.com\/premios-new-designers-awards-neo2-by-sancal\/\" target=\"_blank\" rel=\"noopener\"><u>primera edici\u00f3n de los New Designers Awards<\/u><\/a>, conseguimos a Sancal como partner y dimos 6 premios a j\u00f3venes dise\u00f1adores de moda y 6 premios a j\u00f3venes dise\u00f1adores del Home Design. Este a\u00f1o vamos a celebrar la segunda edici\u00f3n, ser\u00e1 el pr\u00f3ximo 7 mayo. En esta ocasi\u00f3n daremos 4 premios en moda: Ernesto Naranjo, Nouman, Paula C\u00e1novas y Shoop Clothing, m\u00e1s 4 premios a dise\u00f1adores de producto relacionados con el home design: Omayra Maymo, Bicolter, Cuatro Cuatros y Marta Ayala.<\/p>\n                                    <\/div>\n            <\/div>\n            <div class=\"row g-0\">\n                <div class=\"col-lg-12 img-scaled\">\n                                                                                                                                                <figure class=\"mb-4 pt-lg-5 mb-lg-4 ps-lg-0 pe-lg-0\" data-aos=\"fade-up\" data-aos-duration=\"1000\"><div class=\"img-container\"><img loading=\"lazy\" decoding=\"async\" width=\"1200\" height=\"770\" src=\"https:\/\/luxiders.com\/content\/uploads\/neo2-magazine-25-anos-01.jpg\" class=\"img-fluid w-100\" alt=\"\" srcset=\"https:\/\/luxiders.com\/content\/uploads\/neo2-magazine-25-anos-01.jpg 1200w, https:\/\/luxiders.com\/content\/uploads\/neo2-magazine-25-anos-01-300x193.jpg 300w, https:\/\/luxiders.com\/content\/uploads\/neo2-magazine-25-anos-01-1024x657.jpg 1024w, https:\/\/luxiders.com\/content\/uploads\/neo2-magazine-25-anos-01-768x493.jpg 768w\" sizes=\"(max-width: 1200px) 100vw, 1200px\" \/><\/div><figcaption>Portadas de los n\u00fameros 5 y 10. La portada del n\u00famero 5 tiene el precio en pesetas: 400 pts. La foto de la portada azul es de Andrea Savini y la foto de la portada n\u00famero 10 es de Andrew Hobbs.<\/figcaption><\/figure>                                                                                                                                                            <figure class=\"mb-4 pt-lg-3 mb-lg-4 ps-lg-0 pe-lg-0\" data-aos=\"fade-up\" data-aos-duration=\"1000\"><div class=\"img-container\"><img loading=\"lazy\" decoding=\"async\" width=\"1200\" height=\"782\" src=\"https:\/\/luxiders.com\/content\/uploads\/neo2-magazine-25-anos-02.jpg\" class=\"img-fluid w-100\" alt=\"\" srcset=\"https:\/\/luxiders.com\/content\/uploads\/neo2-magazine-25-anos-02.jpg 1200w, https:\/\/luxiders.com\/content\/uploads\/neo2-magazine-25-anos-02-300x196.jpg 300w, https:\/\/luxiders.com\/content\/uploads\/neo2-magazine-25-anos-02-1024x667.jpg 1024w, https:\/\/luxiders.com\/content\/uploads\/neo2-magazine-25-anos-02-768x500.jpg 768w\" sizes=\"(max-width: 1200px) 100vw, 1200px\" \/><\/div><figcaption>Un ejemplo de la secci\u00f3n ADNEO, dedicada a lo m\u00e1s nuevo en las diferentes disciplinas. En esta ocasi\u00f3n recomendaban la Bienal Internacional de Dise\u00f1o Saint-\u00c9tienne y publicaban algunas im\u00e1genes de los dise\u00f1os futuristas que se presentaron en la edici\u00f3n. (N\u00famero 98, Noviembre 2010).<\/figcaption><\/figure>                                                                                                                                                            <figure class=\"mb-4 pt-lg-3 mb-lg-4 ps-lg-0 pe-lg-0\" data-aos=\"fade-up\" data-aos-duration=\"1000\"><div class=\"img-container\"><img loading=\"lazy\" decoding=\"async\" width=\"1200\" height=\"781\" src=\"https:\/\/luxiders.com\/content\/uploads\/neo2-magazine-25-anos-07.jpg\" class=\"img-fluid w-100\" alt=\"\" srcset=\"https:\/\/luxiders.com\/content\/uploads\/neo2-magazine-25-anos-07.jpg 1200w, https:\/\/luxiders.com\/content\/uploads\/neo2-magazine-25-anos-07-300x195.jpg 300w, https:\/\/luxiders.com\/content\/uploads\/neo2-magazine-25-anos-07-1024x666.jpg 1024w, https:\/\/luxiders.com\/content\/uploads\/neo2-magazine-25-anos-07-768x500.jpg 768w\" sizes=\"(max-width: 1200px) 100vw, 1200px\" \/><\/div><figcaption>\u00bfEs un t\u00f3pico eso de que los humanos se parecen a sus perros? \u00bfO los perros se parecen a sus humanos? En este editorial titulado \u201cToledog\u201d, con fotograf\u00edas de Celia Peterson, se jug\u00f3 a comprobarlo. Apareci\u00f3 en el n\u00famero 19, especial Toledo. (Septiembre \/ Octubre 2001)<\/figcaption><\/figure>                                                                                                                                                            <figure class=\"mb-4 pt-lg-3 mb-lg-5 ps-lg-0 pe-lg-0\" data-aos=\"fade-up\" data-aos-duration=\"1000\"><div class=\"img-container\"><img loading=\"lazy\" decoding=\"async\" width=\"1200\" height=\"763\" src=\"https:\/\/luxiders.com\/content\/uploads\/neo2-magazine-25-anos-10.jpg\" class=\"img-fluid w-100\" alt=\"\" srcset=\"https:\/\/luxiders.com\/content\/uploads\/neo2-magazine-25-anos-10.jpg 1200w, https:\/\/luxiders.com\/content\/uploads\/neo2-magazine-25-anos-10-300x191.jpg 300w, https:\/\/luxiders.com\/content\/uploads\/neo2-magazine-25-anos-10-1024x651.jpg 1024w, https:\/\/luxiders.com\/content\/uploads\/neo2-magazine-25-anos-10-768x488.jpg 768w\" sizes=\"(max-width: 1200px) 100vw, 1200px\" \/><\/div><figcaption>Las dos portadas del n\u00famero 161. Mayka Merino y Silvia Alonso, disparadas las dos por Alfonso Ohnur.<\/figcaption><\/figure>                                                                                            <\/div>\n                                            <\/div>\n        <\/div>\n    <\/section>\n    \n\n    <section id=\"media-block_798b85d791baa70139d16ea1d03f7fcb\" class=\"section position-relative gp-block gp-media pt-0 pb-0\">\n        <div class=\"container\">\n            <div class=\"row g-0\">\n                <div class=\"col-lg-12 content\" data-aos=\"fade-in\" data-aos-duration=\"1000\">\n                                        <h2>Neo2 y la cultura<\/h2>\n<h3>Nuevos dise\u00f1adores, dise\u00f1o avant-garde, grupos de m\u00fasica desconocidos.. \u00bfD\u00f3nde encontr\u00e1is la informaci\u00f3n y c\u00f3mo seleccion\u00e1is los contenidos?<\/h3>\n<p>S\u00ed, buscamos creatividad aplicada a la cultura, j\u00f3venes creadores de diferentes \u00e1reas, proyectos impactantes. Por ejemplo, cuando sacamos a Rosal\u00eda en portada muchos lectores nos preguntaban que qui\u00e9n era. Buscamos lo nuevo, pero que creamos que aporta algo al panorama cultural. \u00bfNuestras fuentes? Mucha informaci\u00f3n nos llega sola, es lo bueno de llevar en el mercado 25 a\u00f1os, que est\u00e1s en muchas bases de datos. Otra informaci\u00f3n la buscamos en lo m\u00e1s underground a trav\u00e9s de nuestros colaboradores especializados.<\/p>\n<p>&nbsp;<\/p>\n<h3>Una de las cosas que m\u00e1s nos ha inspirado siempre de vuestra revista es, por una parte, los editoriales de moda, siempre rompedores, inesperados, a veces, perturbadores\u2026 \u00bfc\u00f3mo es el proceso de producci\u00f3n de vuestros editoriales? \u00bfC\u00f3mo os inspir\u00e1is? \u00bfSon made in house?<\/h3>\n<p>S\u00ed, el 90 por ciento de los editoriales y producciones est\u00e1n hechas expresamente para Neo2, tanto en la edici\u00f3n papel como los de web. Contamos con un equipo bastante amplio de colaboradores estables que de forma regular participan en los editoriales: fot\u00f3grafos, estilistas, maquilladores y peluqueros. Por lo general, compartimos un briefing en cuanto a estilo, concepto, tipolog\u00eda de modelos, moda\u2026 que a su vez ellos interpretan\u2026 Tambi\u00e9n depende mucho de lo que vayamos a fotografiar, si son personajes, modelos o bodegones\u2026 A veces tenemos que trabajar sobre una idea muy concreta y estar abiertos a improvisar porque nunca nada sale tal como lo tienes en la cabeza, hay mil imprevistos\u2026 Y a veces de algo inesperado sale algo fant\u00e1stico.<\/p>\n<p>&nbsp;<\/p>\n<h3>Neo2 tambi\u00e9n ha marcado un antes y un despu\u00e9s en el dise\u00f1o gr\u00e1fico de revistas. \u00bfC\u00f3mo os inspir\u00e1is y qu\u00e9 efecto tiene un nuevo dise\u00f1o en las ventas de la revista?<\/h3>\n<p>Dos de los fundadores de Neo2 tenemos formaci\u00f3n como dise\u00f1adores gr\u00e1ficos, eso ha hecho que la revista, desde el primer momento de su creaci\u00f3n, tuviera un especial cuidado con el dise\u00f1o gr\u00e1fico. Durante muchos a\u00f1os dise\u00f1\u00e1bamos la revista internamente pero en marzo de 2017 decidimos que la revista la dise\u00f1aran fuera j\u00f3venes dise\u00f1adores, empezamos por Naranjo y Etxebarr\u00eda y ahora est\u00e1n trabajando con nosotros las Yarza Twins. Nos encanta que nuevos estudios de dise\u00f1o gr\u00e1fico trabajen con nosotros, aportan frescura.<\/p>\n<p>&nbsp;<\/p>\n<h3>\u00bfQu\u00e9 es lo que m\u00e1s os motiva para seguir con la publicaci\u00f3n impresa? \u00bfPor qu\u00e9 crees que es importante tener una revista en papel?<\/h3>\n<p>La gente joven ve lo de las revistas en papel como lo de tener un plato de pinchar vinilos. A los dise\u00f1adores gr\u00e1ficos le encanta porque se pueden hacer cosas que en una web es imposible. Una web la puede tener cualquiera pero <u>una revista de papel<\/u> que tiene ya 25 a\u00f1os en el mercado, no es tan f\u00e1cil. Creemos que el soporte web y el soporte papel llega a diferentes p\u00fablicos, por eso nos gusta mantener los dos formatos.<\/p>\n                                    <\/div>\n            <\/div>\n            <div class=\"row g-0\">\n                <div class=\"col-lg-12 img-scaled\">\n                                                                                                                                                <figure class=\"mb-4 pt-lg-5 mb-lg-3 ps-lg-0 pe-lg-0\" data-aos=\"fade-up\" data-aos-duration=\"1000\"><div class=\"img-container\"><img loading=\"lazy\" decoding=\"async\" width=\"1200\" height=\"768\" src=\"https:\/\/luxiders.com\/content\/uploads\/Neo2-revista-02.jpg\" class=\"img-fluid w-100\" alt=\"\" srcset=\"https:\/\/luxiders.com\/content\/uploads\/Neo2-revista-02.jpg 1200w, https:\/\/luxiders.com\/content\/uploads\/Neo2-revista-02-300x192.jpg 300w, https:\/\/luxiders.com\/content\/uploads\/Neo2-revista-02-1024x655.jpg 1024w, https:\/\/luxiders.com\/content\/uploads\/Neo2-revista-02-768x492.jpg 768w\" sizes=\"(max-width: 1200px) 100vw, 1200px\" \/><\/div><figcaption>Las dos portadas del n\u00famero 163.<\/figcaption><\/figure>                                                                                                                                                            <figure class=\"mb-4 pt-lg-2 mb-lg-3 ps-lg-0 pe-lg-0\" data-aos=\"fade-up\" data-aos-duration=\"1000\"><div class=\"img-container\"><img loading=\"lazy\" decoding=\"async\" width=\"1200\" height=\"763\" src=\"https:\/\/luxiders.com\/content\/uploads\/Neo2-revista-07.jpg\" class=\"img-fluid w-100\" alt=\"\" srcset=\"https:\/\/luxiders.com\/content\/uploads\/Neo2-revista-07.jpg 1200w, https:\/\/luxiders.com\/content\/uploads\/Neo2-revista-07-300x191.jpg 300w, https:\/\/luxiders.com\/content\/uploads\/Neo2-revista-07-1024x651.jpg 1024w, https:\/\/luxiders.com\/content\/uploads\/Neo2-revista-07-768x488.jpg 768w\" sizes=\"(max-width: 1200px) 100vw, 1200px\" \/><\/div><\/figure>                                                                                                                                                            <figure class=\"mb-4 pt-lg-2 mb-lg-5 ps-lg-0 pe-lg-0\" data-aos=\"fade-up\" data-aos-duration=\"1000\"><div class=\"img-container\"><img loading=\"lazy\" decoding=\"async\" width=\"1200\" height=\"768\" src=\"https:\/\/luxiders.com\/content\/uploads\/Neo2-revista-03.jpg\" class=\"img-fluid w-100\" alt=\"\" srcset=\"https:\/\/luxiders.com\/content\/uploads\/Neo2-revista-03.jpg 1200w, https:\/\/luxiders.com\/content\/uploads\/Neo2-revista-03-300x192.jpg 300w, https:\/\/luxiders.com\/content\/uploads\/Neo2-revista-03-1024x655.jpg 1024w, https:\/\/luxiders.com\/content\/uploads\/Neo2-revista-03-768x492.jpg 768w\" sizes=\"(max-width: 1200px) 100vw, 1200px\" \/><\/div><\/figure>                                                                                            <\/div>\n                                            <\/div>\n        <\/div>\n    <\/section>\n    \n\n    <section id=\"textblock-block_f55b75503da26d2113eb8fd3ab3118b3\" class=\"section position-relative gp-block gp-textblock pt-0 pb-0\">\n        <div class=\"container\">\n            <div class=\"row g-0\">\n                <div class=\"col-lg-12 content\" data-aos=\"fade-in\" data-aos-duration=\"1000\">\n                                                                                <h2>Neo2 y sostenibilidad<\/h2>\n<h3>En Luxiders promocionamos el dise\u00f1o y la cultura sostenible, y nos gustar\u00eda conocer vuestro punto de vista sobre la sostenibilidad. \u00bfCu\u00e1l es vuestra relaci\u00f3n con la moda y el dise\u00f1o sostenible?<\/h3>\n<p><strong>\u00a0<\/strong>En los temas que llevo yo, tecnolog\u00eda, arquitectura, dise\u00f1o de producto y gastronom\u00eda el tema de la sostenibilidad es muy importante. Somos muchas personas en el mundo consumiendo y produciendo basura. Mi punto de vista es que aunque cada uno de nosotros intentemos hacer todo lo que podemos en nuestro d\u00eda a d\u00eda\u2026 no es suficiente si los grandes poderes y pol\u00edticas no est\u00e1n por la labor. Por lo tanto, es un tema que hay que tocarlo de arriba abajo. Normativas que obliguen a ser mas respetuosos con el medio ambiente y que a la vez ayuden a empresas y a investigadores para poder crear productos y procesos mas sostenibles. Me da pena la gente que cree que reutilizando unas botellas de agua y convirti\u00e9ndolas en unas patas para un mesilla, creen que est\u00e1n salvando el mundo.<\/p>\n<p>En moda damos voz a todos los ejercicios de sostenibilidad que est\u00e9ticamente nos parecen interesantes. Muchos de ellos proceden de la industria que se est\u00e1 poniendo las pilas en este sentido\u2026 Pero tambi\u00e9n por parte de los j\u00f3venes, como la dise\u00f1adora Alex Henkes que fue premiada en la primera edici\u00f3n de los Neo2 New Designers Awards por una colecci\u00f3n de prendas de segunda mano reutilizadas\u2026 El concepto de reutilizaci\u00f3n lo tenemos metido en la cabeza desde que empezamos a hacer Neo2 y nos enamoraron en su momento del trabajo de firmas como Maison Martin Margiela. Incluso en los primeros n\u00fameros, que \u00e9ramos m\u00e1s naif, hac\u00edamos editoriales con moda de segunda mano exclusivamente. Aparte de propuestas basadas en la reutilizaci\u00f3n, tambi\u00e9n damos voz a j\u00f3venes firmas cuyos dise\u00f1os est\u00e1n basados en el patronaje que deja residuo cero, siempre y cuando que la silueta resultante encaje con nuestra idea de contemporaneidad.<\/p>\n<p>Algo que creo que va a ocurrir en el consumo del futuro, es que la gente va a preferir algo bueno que dure que algo malo que se estropee r\u00e1pido. Esto es buen\u00edsimo para la sostenibilidad. Por eso la educaci\u00f3n tambi\u00e9n es un factor determinante para un mundo m\u00e1s sostenible.<\/p>\n<p>&nbsp;<\/p>\n<h3>\u00bfEs importante para una revista como la vuestra fomentar el dise\u00f1o sostenible?<\/h3>\n<p>Para que un dise\u00f1o sea de calidad tiene que tener muchos factores, su funci\u00f3n, su forma, su empat\u00eda, su ergonom\u00eda, su precio, sus materiales y tambi\u00e9n que sea lo m\u00e1s sostenible posible. La sostenibilidad por lo tanto, es una parte mas de un buen dise\u00f1o. No todos los dise\u00f1os son perfectos, a veces son muy buenos, pero tienen precios imposibles, otros son baratos y divertidos pero no son sostenibles\u2026 etc.. Nosotros fomentamos los dise\u00f1os que aportan algo al momento en el que vivimos. No todos son perfectos, pero preferimos la frescura que la perfecci\u00f3n.<\/p>\n<p>&nbsp;<\/p>\n<h3>\u00bfC\u00f3mo crees que se est\u00e1 implementando la sostenibilidad en el dise\u00f1o en general?<\/h3>\n<p>Creo que en general la sostenibilidad est\u00e1 mal entendida. A veces para reciclar algo, tienes que utilizar tantos recursos, que el proceso es muy poco sostenible. La sostenibilidad es mucho m\u00e1s compleja que decir que un papel es reciclado o que un algod\u00f3n es org\u00e1nico. Para saber si un producto es sostenible tienes que trazar todo el recorrido que se hace antes de fabricar, durante la fabricaci\u00f3n, durante su uso y cuando va a la basura.<\/p>\n<p>&nbsp;<\/p>\n<h3>\u00bfDe qu\u00e9 manera apoy\u00e1is el dise\u00f1o sostenible?<\/h3>\n<p>La sostenibilidad es un concepto relativamente reciente en la mayor\u00eda de las industrias. Un dise\u00f1o puede ser sostenible pero puede ser mal\u00edsimo en otras cuestiones. Nosotros apoyamos el buen dise\u00f1o y vemos la sostenibilidad es otro punto mas a tener en cuenta. Creo que no conozco ning\u00fan producto ni servicio que sea 100% sostenible. Te pongo un ejemplo: hay un cocinero que tiene su restaurante en el campo y usa energ\u00eda solar, cultiva su propio huerto, tiene sus propias gallinas, hace su propio pienso natural, tambi\u00e9n el abono, pero a la vez, tiene un iPhone que usa para que los clientes hagan las reservas y va en un Land Rover de gasoil a la ciudad a recoger la salsa de soja que le mandan desde China en un Boeing 747. Por m\u00e1s que el se empe\u00f1e en decir que su negocio es sostenible, hay partes que no lo son. Y esto creo que pasa con casi todo. As\u00ed que 100% sostenible creo que no hay nada. Habr\u00eda que hablar de grados de sostenibilidad en los productos, pero ser\u00eda muy complicado de medir y certificar.<\/p>\n<p>&nbsp;<\/p>\n<h3>Dise\u00f1ador\/es o marcas sostenibles que conozc\u00e1is y que os gusten en todos los campos:<\/h3>\n<p>Como te comentaba creo que no hay ninguna marca 100% sostenible, tendr\u00edamos que hablar de grados de sostenibilidad y eso ser\u00eda la mar de complicado de medir con precisi\u00f3n.<\/p>\n<p><strong>+ info: <a href=\"https:\/\/www.neo2.com\/\" target=\"_blank\" rel=\"noopener\">NEO 2<\/a><\/strong><\/p>\n<p><strong>+ curiosidades: <a href=\"https:\/\/youtu.be\/UtdEbBhR0pU\" target=\"_blank\" rel=\"noopener\">V\u00eddeo<\/a><\/strong><\/p>\n                                                        <\/div>\n            <\/div>\n        <\/div>\n    <\/section>\n    ","protected":false},"excerpt":{"rendered":"","protected":false},"author":2,"featured_media":5837,"comment_status":"closed","ping_status":"closed","sticky":false,"template":"","format":"standard","meta":{"_acf_changed":false,"footnotes":""},"categories":[378],"tags":[1360,1361,1362,1363],"class_list":{"0":"post-5796","1":"post","2":"type-post","3":"status-publish","4":"format-standard","5":"has-post-thumbnail","7":"category-arte-cultura","8":"tag-inspiration-2","9":"tag-neo-2","10":"tag-neo-2-y-sostenibilidad","11":"tag-revista-de-cultura"},"acf":[],"yoast_head":"<title>Neo2, 25 a\u00f1os de pura inspiraci\u00f3n<\/title>\n<meta name=\"description\" content=\"La revista espa\u00f1ola Neo2 naci\u00f3 a finales de los a\u00f1os 80 en Madrid para\u00a0informar sobre creatividad aplicada a la cultura, descubrir j\u00f3venes creadores de diferentes \u00e1reas, proyectos impactantes... Ahora, celebra su 25 aniversario.\" \/>\n<meta name=\"robots\" content=\"index, follow, max-snippet:-1, max-image-preview:large, max-video-preview:-1\" \/>\n<link rel=\"canonical\" href=\"https:\/\/luxiders.com\/es\/neo2\/\" \/>\n<meta property=\"og:locale\" content=\"es_ES\" \/>\n<meta property=\"og:type\" content=\"article\" \/>\n<meta property=\"og:title\" content=\"Neo2, 25 a\u00f1os de pura inspiraci\u00f3n\" \/>\n<meta property=\"og:description\" content=\"La revista espa\u00f1ola Neo2 naci\u00f3 a finales de los a\u00f1os 80 en Madrid para\u00a0informar sobre creatividad aplicada a la cultura, descubrir j\u00f3venes creadores de diferentes \u00e1reas, proyectos impactantes... Ahora, celebra su 25 aniversario.\" \/>\n<meta property=\"og:url\" content=\"https:\/\/luxiders.com\/es\/neo2\/\" \/>\n<meta property=\"og:site_name\" content=\"Sustainable Fashion - Eco Design - Healthy Lifestyle - Luxiders Magazine\" \/>\n<meta property=\"article:published_time\" content=\"2019-04-12T08:25:00+00:00\" \/>\n<meta property=\"article:modified_time\" content=\"2023-01-06T09:34:17+00:00\" \/>\n<meta property=\"og:image\" content=\"https:\/\/luxiders.com\/content\/uploads\/neo2-intro.jpg\" \/>\n\t<meta property=\"og:image:width\" content=\"1330\" \/>\n\t<meta property=\"og:image:height\" content=\"899\" \/>\n\t<meta property=\"og:image:type\" content=\"image\/jpeg\" \/>\n<meta name=\"author\" content=\"luxiders\" \/>\n<meta name=\"twitter:card\" content=\"summary_large_image\" \/>\n<meta name=\"twitter:label1\" content=\"Written by\" \/>\n\t<meta name=\"twitter:data1\" content=\"luxiders\" \/>\n<script type=\"application\/ld+json\" class=\"yoast-schema-graph\">{\"@context\":\"https:\/\/schema.org\",\"@graph\":[{\"@type\":\"Article\",\"@id\":\"https:\/\/luxiders.com\/es\/neo2\/#article\",\"isPartOf\":{\"@id\":\"https:\/\/luxiders.com\/es\/neo2\/\"},\"author\":{\"name\":\"luxiders\",\"@id\":\"https:\/\/luxiders.com\/es\/#\/schema\/person\/8632fa702ae2ce98f66c396254633de8\"},\"headline\":\"Neo2, 25 a\u00f1os de pura inspiraci\u00f3n\",\"datePublished\":\"2019-04-12T08:25:00+00:00\",\"dateModified\":\"2023-01-06T09:34:17+00:00\",\"mainEntityOfPage\":{\"@id\":\"https:\/\/luxiders.com\/es\/neo2\/\"},\"wordCount\":7,\"publisher\":{\"@id\":\"https:\/\/luxiders.com\/es\/#organization\"},\"image\":{\"@id\":\"https:\/\/luxiders.com\/es\/neo2\/#primaryimage\"},\"thumbnailUrl\":\"https:\/\/luxiders.com\/content\/uploads\/neo2-intro.jpg\",\"keywords\":[\"inspiration\",\"neo 2\",\"neo 2 y sostenibilidad\",\"revista de cultura\"],\"articleSection\":[\"Arte\/Cultura\"],\"inLanguage\":\"es-ES\"},{\"@type\":\"WebPage\",\"@id\":\"https:\/\/luxiders.com\/es\/neo2\/\",\"url\":\"https:\/\/luxiders.com\/es\/neo2\/\",\"name\":\"Neo2, 25 a\u00f1os de pura inspiraci\u00f3n\",\"isPartOf\":{\"@id\":\"https:\/\/luxiders.com\/es\/#website\"},\"primaryImageOfPage\":{\"@id\":\"https:\/\/luxiders.com\/es\/neo2\/#primaryimage\"},\"image\":{\"@id\":\"https:\/\/luxiders.com\/es\/neo2\/#primaryimage\"},\"thumbnailUrl\":\"https:\/\/luxiders.com\/content\/uploads\/neo2-intro.jpg\",\"datePublished\":\"2019-04-12T08:25:00+00:00\",\"dateModified\":\"2023-01-06T09:34:17+00:00\",\"description\":\"La revista espa\u00f1ola Neo2 naci\u00f3 a finales de los a\u00f1os 80 en Madrid para\u00a0informar sobre creatividad aplicada a la cultura, descubrir j\u00f3venes creadores de diferentes \u00e1reas, proyectos impactantes... Ahora, celebra su 25 aniversario.\",\"breadcrumb\":{\"@id\":\"https:\/\/luxiders.com\/es\/neo2\/#breadcrumb\"},\"inLanguage\":\"es-ES\",\"potentialAction\":[{\"@type\":\"ReadAction\",\"target\":[\"https:\/\/luxiders.com\/es\/neo2\/\"]}]},{\"@type\":\"ImageObject\",\"inLanguage\":\"es-ES\",\"@id\":\"https:\/\/luxiders.com\/es\/neo2\/#primaryimage\",\"url\":\"https:\/\/luxiders.com\/content\/uploads\/neo2-intro.jpg\",\"contentUrl\":\"https:\/\/luxiders.com\/content\/uploads\/neo2-intro.jpg\",\"width\":1330,\"height\":899},{\"@type\":\"BreadcrumbList\",\"@id\":\"https:\/\/luxiders.com\/es\/neo2\/#breadcrumb\",\"itemListElement\":[{\"@type\":\"ListItem\",\"position\":1,\"name\":\"Startseite\",\"item\":\"https:\/\/luxiders.com\/es\/\"},{\"@type\":\"ListItem\",\"position\":2,\"name\":\"Arte\/Cultura\",\"item\":\"https:\/\/luxiders.com\/es\/category\/arte-cultura\/\"},{\"@type\":\"ListItem\",\"position\":3,\"name\":\"Neo2, 25 a\u00f1os de pura inspiraci\u00f3n\"}]},{\"@type\":\"WebSite\",\"@id\":\"https:\/\/luxiders.com\/es\/#website\",\"url\":\"https:\/\/luxiders.com\/es\/\",\"name\":\"Sustainable Fashion - Eco Design - Healthy Lifestyle - Luxiders Magazine\",\"description\":\"Luxiders is a sustainable luxury magazine highlighting the best stories about sustainable fashion, ethical fashion, eco-friendly design, green design, sustainable travel, natural beauty, organic beauty and healthy lifestyle. Know the best high-end, progressive and luxury sustainable brands and designers worldwide.\",\"publisher\":{\"@id\":\"https:\/\/luxiders.com\/es\/#organization\"},\"potentialAction\":[{\"@type\":\"SearchAction\",\"target\":{\"@type\":\"EntryPoint\",\"urlTemplate\":\"https:\/\/luxiders.com\/es\/?s={search_term_string}\"},\"query-input\":{\"@type\":\"PropertyValueSpecification\",\"valueRequired\":true,\"valueName\":\"search_term_string\"}}],\"inLanguage\":\"es-ES\"},{\"@type\":\"Organization\",\"@id\":\"https:\/\/luxiders.com\/es\/#organization\",\"name\":\"Sustainable Fashion - Eco Design - Healthy Lifestyle - Luxiders Magazine\",\"url\":\"https:\/\/luxiders.com\/es\/\",\"logo\":{\"@type\":\"ImageObject\",\"inLanguage\":\"es-ES\",\"@id\":\"https:\/\/luxiders.com\/es\/#\/schema\/logo\/image\/\",\"url\":\"https:\/\/luxiders.com\/content\/uploads\/lux-logo.svg\",\"contentUrl\":\"https:\/\/luxiders.com\/content\/uploads\/lux-logo.svg\",\"caption\":\"Sustainable Fashion - Eco Design - Healthy Lifestyle - Luxiders Magazine\"},\"image\":{\"@id\":\"https:\/\/luxiders.com\/es\/#\/schema\/logo\/image\/\"}},{\"@type\":\"Person\",\"@id\":\"https:\/\/luxiders.com\/es\/#\/schema\/person\/8632fa702ae2ce98f66c396254633de8\",\"name\":\"luxiders\",\"url\":\"https:\/\/luxiders.com\/es\/author\/luxiders\/\"}]}<\/script>","yoast_head_json":{"title":"Neo2, 25 a\u00f1os de pura inspiraci\u00f3n","description":"La revista espa\u00f1ola Neo2 naci\u00f3 a finales de los a\u00f1os 80 en Madrid para\u00a0informar sobre creatividad aplicada a la cultura, descubrir j\u00f3venes creadores de diferentes \u00e1reas, proyectos impactantes... Ahora, celebra su 25 aniversario.","robots":{"index":"index","follow":"follow","max-snippet":"max-snippet:-1","max-image-preview":"max-image-preview:large","max-video-preview":"max-video-preview:-1"},"canonical":"https:\/\/luxiders.com\/es\/neo2\/","og_locale":"es_ES","og_type":"article","og_title":"Neo2, 25 a\u00f1os de pura inspiraci\u00f3n","og_description":"La revista espa\u00f1ola Neo2 naci\u00f3 a finales de los a\u00f1os 80 en Madrid para\u00a0informar sobre creatividad aplicada a la cultura, descubrir j\u00f3venes creadores de diferentes \u00e1reas, proyectos impactantes... Ahora, celebra su 25 aniversario.","og_url":"https:\/\/luxiders.com\/es\/neo2\/","og_site_name":"Sustainable Fashion - Eco Design - Healthy Lifestyle - Luxiders Magazine","article_published_time":"2019-04-12T08:25:00+00:00","article_modified_time":"2023-01-06T09:34:17+00:00","og_image":[{"width":1330,"height":899,"url":"https:\/\/luxiders.com\/content\/uploads\/neo2-intro.jpg","type":"image\/jpeg"}],"author":"luxiders","twitter_card":"summary_large_image","twitter_misc":{"Written by":"luxiders"},"schema":{"@context":"https:\/\/schema.org","@graph":[{"@type":"Article","@id":"https:\/\/luxiders.com\/es\/neo2\/#article","isPartOf":{"@id":"https:\/\/luxiders.com\/es\/neo2\/"},"author":{"name":"luxiders","@id":"https:\/\/luxiders.com\/es\/#\/schema\/person\/8632fa702ae2ce98f66c396254633de8"},"headline":"Neo2, 25 a\u00f1os de pura inspiraci\u00f3n","datePublished":"2019-04-12T08:25:00+00:00","dateModified":"2023-01-06T09:34:17+00:00","mainEntityOfPage":{"@id":"https:\/\/luxiders.com\/es\/neo2\/"},"wordCount":7,"publisher":{"@id":"https:\/\/luxiders.com\/es\/#organization"},"image":{"@id":"https:\/\/luxiders.com\/es\/neo2\/#primaryimage"},"thumbnailUrl":"https:\/\/luxiders.com\/content\/uploads\/neo2-intro.jpg","keywords":["inspiration","neo 2","neo 2 y sostenibilidad","revista de cultura"],"articleSection":["Arte\/Cultura"],"inLanguage":"es-ES"},{"@type":"WebPage","@id":"https:\/\/luxiders.com\/es\/neo2\/","url":"https:\/\/luxiders.com\/es\/neo2\/","name":"Neo2, 25 a\u00f1os de pura inspiraci\u00f3n","isPartOf":{"@id":"https:\/\/luxiders.com\/es\/#website"},"primaryImageOfPage":{"@id":"https:\/\/luxiders.com\/es\/neo2\/#primaryimage"},"image":{"@id":"https:\/\/luxiders.com\/es\/neo2\/#primaryimage"},"thumbnailUrl":"https:\/\/luxiders.com\/content\/uploads\/neo2-intro.jpg","datePublished":"2019-04-12T08:25:00+00:00","dateModified":"2023-01-06T09:34:17+00:00","description":"La revista espa\u00f1ola Neo2 naci\u00f3 a finales de los a\u00f1os 80 en Madrid para\u00a0informar sobre creatividad aplicada a la cultura, descubrir j\u00f3venes creadores de diferentes \u00e1reas, proyectos impactantes... Ahora, celebra su 25 aniversario.","breadcrumb":{"@id":"https:\/\/luxiders.com\/es\/neo2\/#breadcrumb"},"inLanguage":"es-ES","potentialAction":[{"@type":"ReadAction","target":["https:\/\/luxiders.com\/es\/neo2\/"]}]},{"@type":"ImageObject","inLanguage":"es-ES","@id":"https:\/\/luxiders.com\/es\/neo2\/#primaryimage","url":"https:\/\/luxiders.com\/content\/uploads\/neo2-intro.jpg","contentUrl":"https:\/\/luxiders.com\/content\/uploads\/neo2-intro.jpg","width":1330,"height":899},{"@type":"BreadcrumbList","@id":"https:\/\/luxiders.com\/es\/neo2\/#breadcrumb","itemListElement":[{"@type":"ListItem","position":1,"name":"Startseite","item":"https:\/\/luxiders.com\/es\/"},{"@type":"ListItem","position":2,"name":"Arte\/Cultura","item":"https:\/\/luxiders.com\/es\/category\/arte-cultura\/"},{"@type":"ListItem","position":3,"name":"Neo2, 25 a\u00f1os de pura inspiraci\u00f3n"}]},{"@type":"WebSite","@id":"https:\/\/luxiders.com\/es\/#website","url":"https:\/\/luxiders.com\/es\/","name":"Sustainable Fashion - Eco Design - Healthy Lifestyle - Luxiders Magazine","description":"Luxiders is a sustainable luxury magazine highlighting the best stories about sustainable fashion, ethical fashion, eco-friendly design, green design, sustainable travel, natural beauty, organic beauty and healthy lifestyle. Know the best high-end, progressive and luxury sustainable brands and designers worldwide.","publisher":{"@id":"https:\/\/luxiders.com\/es\/#organization"},"potentialAction":[{"@type":"SearchAction","target":{"@type":"EntryPoint","urlTemplate":"https:\/\/luxiders.com\/es\/?s={search_term_string}"},"query-input":{"@type":"PropertyValueSpecification","valueRequired":true,"valueName":"search_term_string"}}],"inLanguage":"es-ES"},{"@type":"Organization","@id":"https:\/\/luxiders.com\/es\/#organization","name":"Sustainable Fashion - Eco Design - Healthy Lifestyle - Luxiders Magazine","url":"https:\/\/luxiders.com\/es\/","logo":{"@type":"ImageObject","inLanguage":"es-ES","@id":"https:\/\/luxiders.com\/es\/#\/schema\/logo\/image\/","url":"https:\/\/luxiders.com\/content\/uploads\/lux-logo.svg","contentUrl":"https:\/\/luxiders.com\/content\/uploads\/lux-logo.svg","caption":"Sustainable Fashion - Eco Design - Healthy Lifestyle - Luxiders Magazine"},"image":{"@id":"https:\/\/luxiders.com\/es\/#\/schema\/logo\/image\/"}},{"@type":"Person","@id":"https:\/\/luxiders.com\/es\/#\/schema\/person\/8632fa702ae2ce98f66c396254633de8","name":"luxiders","url":"https:\/\/luxiders.com\/es\/author\/luxiders\/"}]}},"_links":{"self":[{"href":"https:\/\/luxiders.com\/es\/wp-json\/wp\/v2\/posts\/5796","targetHints":{"allow":["GET"]}}],"collection":[{"href":"https:\/\/luxiders.com\/es\/wp-json\/wp\/v2\/posts"}],"about":[{"href":"https:\/\/luxiders.com\/es\/wp-json\/wp\/v2\/types\/post"}],"author":[{"embeddable":true,"href":"https:\/\/luxiders.com\/es\/wp-json\/wp\/v2\/users\/2"}],"replies":[{"embeddable":true,"href":"https:\/\/luxiders.com\/es\/wp-json\/wp\/v2\/comments?post=5796"}],"version-history":[{"count":3,"href":"https:\/\/luxiders.com\/es\/wp-json\/wp\/v2\/posts\/5796\/revisions"}],"predecessor-version":[{"id":5843,"href":"https:\/\/luxiders.com\/es\/wp-json\/wp\/v2\/posts\/5796\/revisions\/5843"}],"wp:featuredmedia":[{"embeddable":true,"href":"https:\/\/luxiders.com\/es\/wp-json\/wp\/v2\/media\/5837"}],"wp:attachment":[{"href":"https:\/\/luxiders.com\/es\/wp-json\/wp\/v2\/media?parent=5796"}],"wp:term":[{"taxonomy":"category","embeddable":true,"href":"https:\/\/luxiders.com\/es\/wp-json\/wp\/v2\/categories?post=5796"},{"taxonomy":"post_tag","embeddable":true,"href":"https:\/\/luxiders.com\/es\/wp-json\/wp\/v2\/tags?post=5796"}],"curies":[{"name":"wp","href":"https:\/\/api.w.org\/{rel}","templated":true}]}}