{"id":59302,"date":"2025-12-02T11:50:45","date_gmt":"2025-12-02T10:50:45","guid":{"rendered":"https:\/\/luxiders.com\/?p=59302"},"modified":"2025-12-02T12:40:31","modified_gmt":"2025-12-02T11:40:31","slug":"iris-van-herpen-en-roterdam-una-retrospectiva-que-reimagina-el-cuerpo-y-el-futuro","status":"publish","type":"post","link":"https:\/\/luxiders.com\/es\/iris-van-herpen-en-roterdam-una-retrospectiva-que-reimagina-el-cuerpo-y-el-futuro\/","title":{"rendered":"Iris Van Herpen en R\u00f3terdam: una retrospectiva que reimagina el cuerpo y el futuro"},"content":{"rendered":"    <section id=\"textblock-block_429f6b5250b6f07c96f9284502b38da3\" class=\"section position-relative gp-block gp-textblock pt-0 pb-0\">\n        <div class=\"container\">\n            <div class=\"row g-0\">\n                <div class=\"col-lg-12 content\" data-aos=\"fade-in\" data-aos-duration=\"1000\">\n                                                                                    <div class=\"intro \">\n                            <p style=\"text-align: center;\">El 27 de septiembre, Kunsthal Rotterdam abri\u00f3 las puertas de su mayor espacio expositivo, HALL 2, a una de las dise\u00f1adoras m\u00e1s visionarias del siglo XXI: Iris Van Herpen. Con &#8220;Sculpting the Senses&#8221;, la instituci\u00f3n neerlandesa presenta una versi\u00f3n ampliada y renovada de la gran retrospectiva mostrada por primera vez en el Mus\u00e9e des Arts D\u00e9coratifs de Par\u00eds en 2023\u20132024. Concebida como un viaje sensorial, la exposici\u00f3n invita a los visitantes a adentrarse en el universo de Van Herpen, donde la moda, la ciencia, las artes visuales y la tecnolog\u00eda se entrelazan hasta disolver sus l\u00edmites.<\/p>\n                        <\/div>\n                                                                                                <\/div>\n            <\/div>\n        <\/div>\n    <\/section>\n    \n\n    <section id=\"newsletter-block_e21be839f6bb48fde7726f93fb006ab5\" class=\"section position-relative gp-block gp-newsletter pt-0 pb-0 my-5\">\n        <div class=\"container\">\n            <div class=\"row g-0 pt-4 pb-3\">\n                <div class=\"col-lg-12 content text-center border pt-3\" data-aos=\"fade-in\" data-aos-duration=\"1000\">\n                                            <p><em>Para recibir el Newsletter de Luxiders Magazine,\u00a0<a href=\"https:\/\/landing.mailerlite.com\/webforms\/landing\/w2a1t0\" target=\"_blank\" rel=\"noopener\">suscr\u00edbete aqu\u00ed<\/a><\/em><\/p>\n                                    <\/div>\n            <\/div>\n        <\/div>\n    <\/section>\n    \n\n    <section id=\"textblock-block_96e95be1a2bcedb056f70aabe10a697f\" class=\"section position-relative gp-block gp-textblock pt-0 pb-5\">\n        <div class=\"container\">\n            <div class=\"row g-0\">\n                <div class=\"col-lg-12 content\" data-aos=\"fade-in\" data-aos-duration=\"1000\">\n                                                                                <p>Pocas dise\u00f1adoras de su generaci\u00f3n han reinventado el lenguaje de la alta costura de manera tan radical como Van Herpen. Su pr\u00e1ctica, que oscila entre la artesan\u00eda meticulosa y la experimentaci\u00f3n cient\u00edfico-tecnol\u00f3gica, ampl\u00eda continuamente la definici\u00f3n de lo que un cuerpo puede ser y de c\u00f3mo puede habitar el espacio. En R\u00f3terdam, m\u00e1s de cien creaciones ic\u00f3nicas de sus colecciones m\u00e1s emblem\u00e1ticas se presentan junto a obras de artistas contempor\u00e1neos como Philip Beesley, Collectif M\u00e9, Kohei Nawa, Kate MccGwire, Damien Jalet y Rogan Brown, as\u00ed como <a href=\"https:\/\/luxiders.com\/neri-oxman-nature-inspired-design-design-inspired-nature\/\" target=\"_blank\" rel=\"noopener\">objetos de dise\u00f1o de Neri Oxman<\/a>, Ren Ri y Ferruccio Laviani. Juntos, estos di\u00e1logos forman una constelaci\u00f3n est\u00e9tica y conceptual que revela el alcance completo de su pensamiento creativo.<\/p>\n<p>La retrospectiva se despliega en nueve secciones tem\u00e1ticas que funcionan como puertas de entrada a su imaginaci\u00f3n. Temas que van desde el agua y los or\u00edgenes de la vida hasta la sinestesia, el miedo mitol\u00f3gico y los futuros h\u00edbridos del cuerpo humano. En Kunsthal Rotterdam, la escenograf\u00eda se vuelve a\u00fan m\u00e1s inmersiva gracias a un dise\u00f1o espacial adaptado a la escala del lugar, acompa\u00f1ado por la banda sonora multisensorial de Salvador Breed, que amplifica las cualidades atmosf\u00e9ricas de la muestra. No se trata simplemente de una exposici\u00f3n de vestidos, sino de una experiencia que invita a atravesar entornos, capas de materialidad, organismos hipot\u00e9ticos y estructuras que parecen casi vivas.<\/p>\n                                                        <\/div>\n            <\/div>\n        <\/div>\n    <\/section>\n    \n\n    <section id=\"media-block_fc70b77e31362fce07349d2490cecf7c\" class=\"section position-relative gp-block gp-media pt-5 pb-5\">\n        <div class=\"container\">\n            <div class=\"row g-0\">\n                <div class=\"col-lg-12 content\" data-aos=\"fade-in\" data-aos-duration=\"1000\">\n                                                                            <\/div>\n            <\/div>\n            <div class=\"row g-0\">\n                <div class=\"col-lg-6 \">\n                                                                                                                                                <figure class=\"mb-4 pt-lg-4 mb-lg-0 ps-lg-3 pe-lg-0\" data-aos=\"fade-up\" data-aos-duration=\"1000\"><div class=\"img-container\"><img loading=\"lazy\" decoding=\"async\" width=\"1000\" height=\"1500\" src=\"https:\/\/luxiders.com\/content\/uploads\/Iris-Van-Herpen_Luxiders-Magazine_14.jpeg\" class=\"img-fluid w-100\" alt=\"\" srcset=\"https:\/\/luxiders.com\/content\/uploads\/Iris-Van-Herpen_Luxiders-Magazine_14.jpeg 1000w, https:\/\/luxiders.com\/content\/uploads\/Iris-Van-Herpen_Luxiders-Magazine_14-200x300.jpeg 200w, https:\/\/luxiders.com\/content\/uploads\/Iris-Van-Herpen_Luxiders-Magazine_14-683x1024.jpeg 683w, https:\/\/luxiders.com\/content\/uploads\/Iris-Van-Herpen_Luxiders-Magazine_14-768x1152.jpeg 768w\" sizes=\"(max-width: 1000px) 100vw, 1000px\" \/><\/div><figcaption>IRIS VAN HERPEN &#8211; Collections Haute-Couture<\/figcaption><\/figure>                                                                                            <\/div>\n                                    <div class=\"col-lg-6\">\n                                                                                                                                                        <figure class=\"mb-4 pt-lg-0 mb-lg-0 ps-lg-4 pe-lg-4\" data-aos=\"fade-up\" data-aos-duration=\"1000\"><div class=\"img-container\"><img loading=\"lazy\" decoding=\"async\" width=\"1000\" height=\"1500\" src=\"https:\/\/luxiders.com\/content\/uploads\/Iris-Van-Herpen_Luxiders-Magazine_12.jpeg\" class=\"img-fluid w-100\" alt=\"\" srcset=\"https:\/\/luxiders.com\/content\/uploads\/Iris-Van-Herpen_Luxiders-Magazine_12.jpeg 1000w, https:\/\/luxiders.com\/content\/uploads\/Iris-Van-Herpen_Luxiders-Magazine_12-200x300.jpeg 200w, https:\/\/luxiders.com\/content\/uploads\/Iris-Van-Herpen_Luxiders-Magazine_12-683x1024.jpeg 683w, https:\/\/luxiders.com\/content\/uploads\/Iris-Van-Herpen_Luxiders-Magazine_12-768x1152.jpeg 768w\" sizes=\"(max-width: 1000px) 100vw, 1000px\" \/><\/div><figcaption>IRIS VAN HERPEN &#8211; Collections Haute-Couture<\/figcaption><\/figure>                                                                                                        <\/div>\n                                            <\/div>\n        <\/div>\n    <\/section>\n    \n\n    <section id=\"media-block_53d2f2697b791547a8a53346148a27f1\" class=\"section position-relative gp-block gp-media pt-5 pb-5\">\n        <div class=\"container\">\n            <div class=\"row g-0\">\n                <div class=\"col-lg-12 content\" data-aos=\"fade-in\" data-aos-duration=\"1000\">\n                                                                            <\/div>\n            <\/div>\n            <div class=\"row g-0\">\n                <div class=\"col-lg-4 \">\n                                                                                                                                                <figure class=\"mb-4 pt-lg-0 mb-lg-0 ps-lg-0 pe-lg-0\" data-aos=\"fade-up\" data-aos-duration=\"1000\"><div class=\"img-container\"><img loading=\"lazy\" decoding=\"async\" width=\"1000\" height=\"1333\" src=\"https:\/\/luxiders.com\/content\/uploads\/Iris-Van-Herpen_Luxiders-Magazine_05.jpg\" class=\"img-fluid w-100\" alt=\"\" srcset=\"https:\/\/luxiders.com\/content\/uploads\/Iris-Van-Herpen_Luxiders-Magazine_05.jpg 1000w, https:\/\/luxiders.com\/content\/uploads\/Iris-Van-Herpen_Luxiders-Magazine_05-225x300.jpg 225w, https:\/\/luxiders.com\/content\/uploads\/Iris-Van-Herpen_Luxiders-Magazine_05-768x1024.jpg 768w\" sizes=\"(max-width: 1000px) 100vw, 1000px\" \/><\/div><\/figure>                                                                                            <\/div>\n                                    <div class=\"col-lg-4\">\n                                                                                                                                                        <figure class=\"mb-4 pt-lg-7 mb-lg-0 ps-lg-3 pe-lg-3\" data-aos=\"fade-up\" data-aos-duration=\"1000\"><div class=\"img-container\"><img loading=\"lazy\" decoding=\"async\" width=\"1000\" height=\"750\" src=\"https:\/\/luxiders.com\/content\/uploads\/Iris-Van-Herpen_Luxiders-Magazine_13.jpeg\" class=\"img-fluid w-100\" alt=\"\" srcset=\"https:\/\/luxiders.com\/content\/uploads\/Iris-Van-Herpen_Luxiders-Magazine_13.jpeg 1000w, https:\/\/luxiders.com\/content\/uploads\/Iris-Van-Herpen_Luxiders-Magazine_13-300x225.jpeg 300w, https:\/\/luxiders.com\/content\/uploads\/Iris-Van-Herpen_Luxiders-Magazine_13-768x576.jpeg 768w\" sizes=\"(max-width: 1000px) 100vw, 1000px\" \/><\/div><\/figure>                                                                                                        <\/div>\n                                                    <div class=\"col-lg-4\">\n                                                                                                                                                        <figure class=\"mb-4 pt-lg-0 mb-lg-0 ps-lg-0 pe-lg-0\" data-aos=\"fade-up\" data-aos-duration=\"1000\"><div class=\"img-container\"><img loading=\"lazy\" decoding=\"async\" width=\"1000\" height=\"1000\" src=\"https:\/\/luxiders.com\/content\/uploads\/Iris-Van-Herpen_Luxiders-Magazine_22.jpeg\" class=\"img-fluid w-100\" alt=\"\" srcset=\"https:\/\/luxiders.com\/content\/uploads\/Iris-Van-Herpen_Luxiders-Magazine_22.jpeg 1000w, https:\/\/luxiders.com\/content\/uploads\/Iris-Van-Herpen_Luxiders-Magazine_22-300x300.jpeg 300w, https:\/\/luxiders.com\/content\/uploads\/Iris-Van-Herpen_Luxiders-Magazine_22-150x150.jpeg 150w, https:\/\/luxiders.com\/content\/uploads\/Iris-Van-Herpen_Luxiders-Magazine_22-768x768.jpeg 768w\" sizes=\"(max-width: 1000px) 100vw, 1000px\" \/><\/div><\/figure>                                                                                                        <\/div>\n                            <\/div>\n        <\/div>\n    <\/section>\n    \n\n    <section id=\"media-block_dcf683006a104929c5809ddb528a1592\" class=\"section position-relative gp-block gp-media pt-5 pb-5\">\n        <div class=\"container\">\n            <div class=\"row g-0\">\n                <div class=\"col-lg-12 content\" data-aos=\"fade-in\" data-aos-duration=\"1000\">\n                                                                            <\/div>\n            <\/div>\n            <div class=\"row g-0\">\n                <div class=\"col-lg-6 \">\n                                                                                                                                                <figure class=\"mb-4 pt-lg-0 mb-lg-0 ps-lg-3 pe-lg-0\" data-aos=\"fade-up\" data-aos-duration=\"1000\"><div class=\"img-container\"><img loading=\"lazy\" decoding=\"async\" width=\"1000\" height=\"1351\" src=\"https:\/\/luxiders.com\/content\/uploads\/Iris-Van-Herpen_Luxiders-Magazine_01.jpg\" class=\"img-fluid w-100\" alt=\"Iris van Herpen. Sensory Seas collection, Haute Couture spring\/summer 2020 - Micro collection, Haute Couture spring\/summer 2012. Photo by Carla van Puttelaar. Models: Julie Hoekstra I Adama Jobe I Eyes Rodgers\" srcset=\"https:\/\/luxiders.com\/content\/uploads\/Iris-Van-Herpen_Luxiders-Magazine_01.jpg 1000w, https:\/\/luxiders.com\/content\/uploads\/Iris-Van-Herpen_Luxiders-Magazine_01-222x300.jpg 222w, https:\/\/luxiders.com\/content\/uploads\/Iris-Van-Herpen_Luxiders-Magazine_01-758x1024.jpg 758w, https:\/\/luxiders.com\/content\/uploads\/Iris-Van-Herpen_Luxiders-Magazine_01-768x1038.jpg 768w\" sizes=\"(max-width: 1000px) 100vw, 1000px\" \/><\/div><figcaption>Iris van Herpen. Sensory Seas collection, Haute Couture spring\/summer 2020 &#8211; Micro collection, Haute Couture spring\/summer 2012. Photo by Carla van Puttelaar. Models: Julie Hoekstra I Adama Jobe I Eyes Rodgers<\/figcaption><\/figure>                                                                                            <\/div>\n                                    <div class=\"col-lg-6\">\n                                                                                                                                                        <figure class=\"mb-4 pt-lg-4 mb-lg-0 ps-lg-6 pe-lg-6\" data-aos=\"fade-up\" data-aos-duration=\"1000\"><div class=\"img-container\"><img loading=\"lazy\" decoding=\"async\" width=\"1000\" height=\"1290\" src=\"https:\/\/luxiders.com\/content\/uploads\/Iris-Van-Herpen_Luxiders-Magazine_00.jpg\" class=\"img-fluid w-100\" alt=\"Iris van Herpen. \u2018Hypnosis Speed\u2019 top, Capriole collection, Haute Couture fall\/winter 2011-12. Utilising selective-laser-sintering 3D printing technologies, made from polyamide Photo by S\u00f8lve Sundsb\u00f8. Model: Kyona van Santen\" srcset=\"https:\/\/luxiders.com\/content\/uploads\/Iris-Van-Herpen_Luxiders-Magazine_00.jpg 1000w, https:\/\/luxiders.com\/content\/uploads\/Iris-Van-Herpen_Luxiders-Magazine_00-233x300.jpg 233w, https:\/\/luxiders.com\/content\/uploads\/Iris-Van-Herpen_Luxiders-Magazine_00-794x1024.jpg 794w, https:\/\/luxiders.com\/content\/uploads\/Iris-Van-Herpen_Luxiders-Magazine_00-768x991.jpg 768w\" sizes=\"(max-width: 1000px) 100vw, 1000px\" \/><\/div><figcaption>Iris van Herpen. \u2018Hypnosis Speed\u2019 top, Capriole collection, Haute Couture fall\/winter 2011-12. Utilising selective-laser-sintering 3D printing technologies, made from polyamide Photo by S\u00f8lve Sundsb\u00f8. Model: Kyona van Santen\n<\/figcaption><\/figure>                                                                                                        <\/div>\n                                            <\/div>\n        <\/div>\n    <\/section>\n    \n\n    <section id=\"textblock-block_8060febf72fd071d55d909492eaabb77\" class=\"section position-relative gp-block gp-textblock pt-5 pb-5\">\n        <div class=\"container\">\n            <div class=\"row g-0\">\n                <div class=\"col-lg-12 content\" data-aos=\"fade-in\" data-aos-duration=\"1000\">\n                                                                                <p>La naturaleza sigue siendo un eje central de la exposici\u00f3n. Van Herpen se acerca al agua, al aire, a los ecosistemas marinos y a las formaciones geol\u00f3gicas como lenguajes capaces de expandir la forma del vestido. El c\u00e9lebre top Crystallization, su primera pieza impresa en 3D y creada en colaboraci\u00f3n con el arquitecto Daniel Widrig, reaparece aqu\u00ed como recordatorio del momento en que su trabajo se desplaz\u00f3 hacia lo digital sin abandonar el gesto artesanal. En colecciones como <em>Sensory Seas<\/em>, los pliegues transl\u00facidos evocan criaturas abisales y sistemas nerviosos; en <em>Earth Rise<\/em> trabaja con materiales reciclados como Parley Ocean Plastic, combinando innovaci\u00f3n formal con compromiso ecol\u00f3gico.<\/p>\n<p>Los mundos invisibles tambi\u00e9n se vuelven visibles: redes miceliales, estructuras anat\u00f3micas, esqueletos fant\u00e1sticos y arquitecturas g\u00f3ticas reinterpretadas como cuerpos porosos. Piezas como el vestido Henosis o el <em>Cathedral dress<\/em> revelan aquello que suele permanecer oculto bajo la piel o bajo la tierra. Van Herpen transforma estas geometr\u00edas naturales, arquitect\u00f3nicas e internas en superficies vestibles que vibran con el movimiento.<\/p>\n<p>La exposici\u00f3n dedica tambi\u00e9n una secci\u00f3n destacada a la mitolog\u00eda, trazando referencias desde Ovidio hasta la iconograf\u00eda japonesa y explorando el miedo y la hibridaci\u00f3n, hilos que conectan con la influencia temprana de El Bosco en la imaginaci\u00f3n de la dise\u00f1adora. Lo sobrenatural se convierte en un terreno f\u00e9rtil para cuestionar el l\u00edmite entre lo humano y lo no humano, lo org\u00e1nico y lo artificial.<\/p>\n                                            <div class=\"highlighted mt-5 mt-lg-6 px-lg-5\">\n                            <p style=\"text-align: center;\">Nature remains a central axis of the exhibition. Van Herpen approaches water, air, marine ecosystems, and geological formations as languages capable of expanding the shape of the garment.<\/p>\n                        <\/div>\n                                                        <\/div>\n            <\/div>\n        <\/div>\n    <\/section>\n    \n\n    <section id=\"media-block_de4d7289a5d738c9eb6059df1ec1bf8b\" class=\"section position-relative gp-block gp-media pt-5 pb-5\">\n        <div class=\"container\">\n            <div class=\"row g-0\">\n                <div class=\"col-lg-12 content\" data-aos=\"fade-in\" data-aos-duration=\"1000\">\n                                                                            <\/div>\n            <\/div>\n            <div class=\"row g-0\">\n                <div class=\"col-lg-6 \">\n                                                                                                                                                <figure class=\"mb-4 pt-lg-3 mb-lg-0 ps-lg-0 pe-lg-5\" data-aos=\"fade-up\" data-aos-duration=\"1000\"><div class=\"img-container\"><img loading=\"lazy\" decoding=\"async\" width=\"1000\" height=\"1333\" src=\"https:\/\/luxiders.com\/content\/uploads\/Iris-Van-Herpen_Luxiders-Magazine_06.jpg\" class=\"img-fluid w-100\" alt=\"Iris van Herpen. Skeleton dress, Capriole collection, Haute Couture fall\/winter 2011-12. Utilizing SLS technology and 3D-printing platform, in collaboration with Isa\u00efe Bloch and Materialise. Photo by Luigi &amp; Iango Model: Karen Elson\" srcset=\"https:\/\/luxiders.com\/content\/uploads\/Iris-Van-Herpen_Luxiders-Magazine_06.jpg 1000w, https:\/\/luxiders.com\/content\/uploads\/Iris-Van-Herpen_Luxiders-Magazine_06-225x300.jpg 225w, https:\/\/luxiders.com\/content\/uploads\/Iris-Van-Herpen_Luxiders-Magazine_06-768x1024.jpg 768w\" sizes=\"(max-width: 1000px) 100vw, 1000px\" \/><\/div><figcaption>Iris van Herpen. Skeleton dress, Capriole collection, Haute Couture fall\/winter 2011-12. Utilizing SLS technology and 3D-printing platform, in collaboration with Isa\u00efe Bloch and Materialise. Photo by Luigi &#038; Iango Model: Karen Elson<\/figcaption><\/figure>                                                                                            <\/div>\n                                    <div class=\"col-lg-6\">\n                                                                                                                                                        <figure class=\"mb-4 pt-lg-6 mb-lg-6 ps-lg-8 pe-lg-0\" data-aos=\"fade-up\" data-aos-duration=\"1000\"><div class=\"img-container\"><img loading=\"lazy\" decoding=\"async\" width=\"1000\" height=\"1333\" src=\"https:\/\/luxiders.com\/content\/uploads\/Iris-Van-Herpen_Luxiders-Magazine_07.jpeg\" class=\"img-fluid w-100\" alt=\"Iris van Herpen. Hydrozoa dress, Sensory Seas collection, Haute Couture spring\/summer 2020. Cellular deep-sea aquarelles, oil painted by Shelee Carruthers, with 3D layered transparent lasercut PetG leaves. Photo by David Uzochukwu Model: Cynthia Arrebola.\" srcset=\"https:\/\/luxiders.com\/content\/uploads\/Iris-Van-Herpen_Luxiders-Magazine_07.jpeg 1000w, https:\/\/luxiders.com\/content\/uploads\/Iris-Van-Herpen_Luxiders-Magazine_07-225x300.jpeg 225w, https:\/\/luxiders.com\/content\/uploads\/Iris-Van-Herpen_Luxiders-Magazine_07-768x1024.jpeg 768w\" sizes=\"(max-width: 1000px) 100vw, 1000px\" \/><\/div><figcaption>Iris van Herpen. Hydrozoa dress, Sensory Seas collection, Haute Couture spring\/summer 2020. Cellular deep-sea aquarelles, oil painted by Shelee Carruthers, with 3D layered transparent lasercut PetG leaves. Photo by David Uzochukwu Model: Cynthia Arrebola.<\/figcaption><\/figure>                                                                                                        <\/div>\n                                            <\/div>\n        <\/div>\n    <\/section>\n    \n\n    <section id=\"media-block_1abc53326e36c18598e2d1767d940d0d\" class=\"section position-relative gp-block gp-media pt-5 pb-5\">\n        <div class=\"container\">\n            <div class=\"row g-0\">\n                <div class=\"col-lg-12 content\" data-aos=\"fade-in\" data-aos-duration=\"1000\">\n                                                                            <\/div>\n            <\/div>\n            <div class=\"row g-0\">\n                <div class=\"col-lg-6 \">\n                                                                                                                                                <figure class=\"mb-4 pt-lg-5 mb-lg-0 ps-lg-0 pe-lg-5\" data-aos=\"fade-up\" data-aos-duration=\"1000\"><div class=\"img-container\"><img loading=\"lazy\" decoding=\"async\" width=\"1000\" height=\"1333\" src=\"https:\/\/luxiders.com\/content\/uploads\/Iris-Van-Herpen_Luxiders-Magazine_08.jpeg\" class=\"img-fluid w-100\" alt=\"Iris van Herpen. Sensory Seas dress &amp; Nautiloid dress, Sensory Seas collection, Haute Couture spring\/summer 2020. Cellular deep-sea aquarelles printed to silk organza, oil painted by Shelee Carruthers. Photo by David Uzochukwu. Models: Cynthia Arrebola I Yue Han.\" srcset=\"https:\/\/luxiders.com\/content\/uploads\/Iris-Van-Herpen_Luxiders-Magazine_08.jpeg 1000w, https:\/\/luxiders.com\/content\/uploads\/Iris-Van-Herpen_Luxiders-Magazine_08-225x300.jpeg 225w, https:\/\/luxiders.com\/content\/uploads\/Iris-Van-Herpen_Luxiders-Magazine_08-768x1024.jpeg 768w\" sizes=\"(max-width: 1000px) 100vw, 1000px\" \/><\/div><figcaption>Iris van Herpen. Sensory Seas dress &#038; Nautiloid dress, Sensory Seas collection, Haute Couture spring\/summer 2020. Cellular deep-sea aquarelles printed to silk organza, oil painted by Shelee Carruthers. Photo by David Uzochukwu. Models: Cynthia Arrebola I Yue Han.<\/figcaption><\/figure>                                                                                            <\/div>\n                                    <div class=\"col-lg-6\">\n                                                                                                                                                        <figure class=\"mb-4 pt-lg-0 mb-lg-0 ps-lg-0 pe-lg-0\" data-aos=\"fade-up\" data-aos-duration=\"1000\"><div class=\"img-container\"><img loading=\"lazy\" decoding=\"async\" width=\"1000\" height=\"1500\" src=\"https:\/\/luxiders.com\/content\/uploads\/Iris-Van-Herpen_Luxiders-Magazine_16.jpeg\" class=\"img-fluid w-100\" alt=\"\" srcset=\"https:\/\/luxiders.com\/content\/uploads\/Iris-Van-Herpen_Luxiders-Magazine_16.jpeg 1000w, https:\/\/luxiders.com\/content\/uploads\/Iris-Van-Herpen_Luxiders-Magazine_16-200x300.jpeg 200w, https:\/\/luxiders.com\/content\/uploads\/Iris-Van-Herpen_Luxiders-Magazine_16-683x1024.jpeg 683w, https:\/\/luxiders.com\/content\/uploads\/Iris-Van-Herpen_Luxiders-Magazine_16-768x1152.jpeg 768w\" sizes=\"(max-width: 1000px) 100vw, 1000px\" \/><\/div><figcaption>IRIS VAN HERPEN &#8211; Collections Haute-Couture<\/figcaption><\/figure>                                                                                                        <\/div>\n                                            <\/div>\n        <\/div>\n    <\/section>\n    \n\n    <section id=\"textblock-block_5ddd1e3e42385ed48ef1c448fa7507f9\" class=\"section position-relative gp-block gp-textblock pt-5 pb-5\">\n        <div class=\"container\">\n            <div class=\"row g-0\">\n                <div class=\"col-lg-12 content\" data-aos=\"fade-in\" data-aos-duration=\"1000\">\n                                                                                <p>La exposici\u00f3n culmina con una mirada hacia el cosmos. Im\u00e1genes de nebulosas, los mundos fotogr\u00e1ficos on\u00edricos de Kim Keever y siluetas suspendidas en el espacio crean un final et\u00e9reo, casi astron\u00f3mico. Aqu\u00ed, las prendas parecen flotar, despojadas del cuerpo, transformadas en constelaciones. Es una invitaci\u00f3n a pensar la moda como un campo para reflexionar sobre la existencia, el tiempo y la percepci\u00f3n.<\/p>\n<p>Junto a las piezas principales, la muestra incluye un gabinete de curiosidades y una r\u00e9plica del estudio de Van Herpen en \u00c1msterdam, con cientos de muestras, experimentos de materiales y prototipos. Esta mirada \u00edntima entre bastidores revela una pr\u00e1ctica en la que la precisi\u00f3n t\u00e9cnica y la imaginaci\u00f3n especulativa coexisten en equilibrio.<\/p>\n                                                        <\/div>\n            <\/div>\n        <\/div>\n    <\/section>\n    \n\n    <section id=\"media-block_706402e47fc28fe778cba3d6b53b1644\" class=\"section position-relative gp-block gp-media pt-5 pb-5\">\n        <div class=\"container\">\n            <div class=\"row g-0\">\n                <div class=\"col-lg-12 content\" data-aos=\"fade-in\" data-aos-duration=\"1000\">\n                                                                            <\/div>\n            <\/div>\n            <div class=\"row g-0\">\n                <div class=\"col-lg-6 \">\n                                                                                                                                                <figure class=\"mb-4 pt-lg-3 mb-lg-0 ps-lg-5 pe-lg-5\" data-aos=\"fade-up\" data-aos-duration=\"1000\"><div class=\"img-container\"><img loading=\"lazy\" decoding=\"async\" width=\"1000\" height=\"1500\" src=\"https:\/\/luxiders.com\/content\/uploads\/Iris-Van-Herpen_Luxiders-Magazine_18.jpeg\" class=\"img-fluid w-100\" alt=\"\" srcset=\"https:\/\/luxiders.com\/content\/uploads\/Iris-Van-Herpen_Luxiders-Magazine_18.jpeg 1000w, https:\/\/luxiders.com\/content\/uploads\/Iris-Van-Herpen_Luxiders-Magazine_18-200x300.jpeg 200w, https:\/\/luxiders.com\/content\/uploads\/Iris-Van-Herpen_Luxiders-Magazine_18-683x1024.jpeg 683w, https:\/\/luxiders.com\/content\/uploads\/Iris-Van-Herpen_Luxiders-Magazine_18-768x1152.jpeg 768w\" sizes=\"(max-width: 1000px) 100vw, 1000px\" \/><\/div><figcaption>IRIS VAN HERPEN &#8211; Collections Haute-Couture<\/figcaption><\/figure>                                                                                            <\/div>\n                                    <div class=\"col-lg-6\">\n                                                                                                                                                        <figure class=\"mb-4 pt-lg-0 mb-lg-0 ps-lg-0 pe-lg-0\" data-aos=\"fade-up\" data-aos-duration=\"1000\"><div class=\"img-container\"><img loading=\"lazy\" decoding=\"async\" width=\"1000\" height=\"1500\" src=\"https:\/\/luxiders.com\/content\/uploads\/Iris-Van-Herpen_Luxiders-Magazine_19.jpeg\" class=\"img-fluid w-100\" alt=\"\" srcset=\"https:\/\/luxiders.com\/content\/uploads\/Iris-Van-Herpen_Luxiders-Magazine_19.jpeg 1000w, https:\/\/luxiders.com\/content\/uploads\/Iris-Van-Herpen_Luxiders-Magazine_19-200x300.jpeg 200w, https:\/\/luxiders.com\/content\/uploads\/Iris-Van-Herpen_Luxiders-Magazine_19-683x1024.jpeg 683w, https:\/\/luxiders.com\/content\/uploads\/Iris-Van-Herpen_Luxiders-Magazine_19-768x1152.jpeg 768w\" sizes=\"(max-width: 1000px) 100vw, 1000px\" \/><\/div><figcaption>IRIS VAN HERPEN &#8211; Collections Haute-Couture<\/figcaption><\/figure>                                                                                                        <\/div>\n                                            <\/div>\n        <\/div>\n    <\/section>\n    \n\n    <section id=\"textblock-block_93909b770e761b1cf55c6e2dc99f9803\" class=\"section position-relative gp-block gp-textblock pt-5 pb-5\">\n        <div class=\"container\">\n            <div class=\"row g-0\">\n                <div class=\"col-lg-12 content\" data-aos=\"fade-in\" data-aos-duration=\"1000\">\n                                                                                <p data-start=\"0\" data-end=\"461\">Organizada en colaboraci\u00f3n con el Mus\u00e9e des Arts D\u00e9coratifs de Par\u00eds y Maison Iris van Herpen, y adaptada especialmente para la Kunsthal, esta exposici\u00f3n es m\u00e1s que una retrospectiva, <em data-start=\"184\" data-end=\"206\">Sculpting the Senses<\/em> es un manifiesto. Van Herpen concibe la moda como una forma ampliada de conocimiento, un lugar donde convergen la f\u00edsica, la biolog\u00eda, la danza, la artesan\u00eda y la tecnolog\u00eda. En R\u00f3terdam, esta visi\u00f3n encuentra un espacio que amplifica su poder magn\u00e9tico.<\/p>\n<p data-start=\"463\" data-end=\"732\" data-is-last-node=\"\" data-is-only-node=\"\"><em data-start=\"463\" data-end=\"485\">Sculpting the Senses<\/em> puede visitarse en Kunsthal Rotterdam del 27 de septiembre de 2025 al 1 de marzo de 2026, acompa\u00f1ada por un cat\u00e1logo en ingl\u00e9s que explora la exposici\u00f3n y la trayectoria de una dise\u00f1adora que ha convertido la experimentaci\u00f3n en una forma de vida.<\/p>\n                                            <div class=\"highlighted mt-5 mt-lg-6 px-lg-5\">\n                            <p style=\"text-align: center;\">Van Herpen conceives fashion as an expanded form of knowledge, a place where physics, biology, dance, craftsmanship, and technology converge.<\/p>\n                        <\/div>\n                                                        <\/div>\n            <\/div>\n        <\/div>\n    <\/section>\n    \n\n    <section id=\"media-block_0091b115c9df912e3cdde5ecd6631189\" class=\"section position-relative gp-block gp-media pt-5 pb-5\">\n        <div class=\"container\">\n            <div class=\"row g-0\">\n                <div class=\"col-lg-12 content\" data-aos=\"fade-in\" data-aos-duration=\"1000\">\n                                                                            <\/div>\n            <\/div>\n            <div class=\"row g-0\">\n                <div class=\"col-lg-12 img-scaled\">\n                                                                                                                                                <figure class=\"mb-4 pt-lg-0 mb-lg-0 ps-lg-0 pe-lg-0\" data-aos=\"fade-up\" data-aos-duration=\"1000\"><div class=\"img-container\"><img loading=\"lazy\" decoding=\"async\" width=\"1000\" height=\"506\" src=\"https:\/\/luxiders.com\/content\/uploads\/Iris-Van-Herpen_Luxiders-Magazine_03.jpeg\" class=\"img-fluid w-100\" alt=\"Iris van Herpen. Cosmica dress, Shift Souls collection, Haute Couture spring\/summer 2019. Colored clouds by Kim Keever printed on translucent organza. Photo by Warren du Preez &amp; Nick Thornton Jones. Model: Jazzelle\" srcset=\"https:\/\/luxiders.com\/content\/uploads\/Iris-Van-Herpen_Luxiders-Magazine_03.jpeg 1000w, https:\/\/luxiders.com\/content\/uploads\/Iris-Van-Herpen_Luxiders-Magazine_03-300x152.jpeg 300w, https:\/\/luxiders.com\/content\/uploads\/Iris-Van-Herpen_Luxiders-Magazine_03-768x389.jpeg 768w\" sizes=\"(max-width: 1000px) 100vw, 1000px\" \/><\/div><figcaption>Iris van Herpen. Cosmica dress, Shift Souls collection, Haute Couture spring\/summer 2019. Colored clouds by Kim Keever printed on translucent organza. Photo by Warren du Preez &#038; Nick Thornton Jones. Model: Jazzelle<\/figcaption><\/figure>                                                                                            <\/div>\n                                            <\/div>\n        <\/div>\n    <\/section>\n    \n\n    <section id=\"media-block_4dc96092196d3a83c455c5a09d87ff4b\" class=\"section position-relative gp-block gp-media pt-5 pb-5\">\n        <div class=\"container\">\n            <div class=\"row g-0\">\n                <div class=\"col-lg-12 content\" data-aos=\"fade-in\" data-aos-duration=\"1000\">\n                                                                            <\/div>\n            <\/div>\n            <div class=\"row g-0\">\n                <div class=\"col-lg-6 \">\n                                                                                                                                                <figure class=\"mb-4 pt-lg-3 mb-lg-3 ps-lg-5 pe-lg-5\" data-aos=\"fade-up\" data-aos-duration=\"1000\"><div class=\"img-container\"><img loading=\"lazy\" decoding=\"async\" width=\"1000\" height=\"1500\" src=\"https:\/\/luxiders.com\/content\/uploads\/Iris-Van-Herpen_Luxiders-Magazine_20.jpeg\" class=\"img-fluid w-100\" alt=\"\" srcset=\"https:\/\/luxiders.com\/content\/uploads\/Iris-Van-Herpen_Luxiders-Magazine_20.jpeg 1000w, https:\/\/luxiders.com\/content\/uploads\/Iris-Van-Herpen_Luxiders-Magazine_20-200x300.jpeg 200w, https:\/\/luxiders.com\/content\/uploads\/Iris-Van-Herpen_Luxiders-Magazine_20-683x1024.jpeg 683w, https:\/\/luxiders.com\/content\/uploads\/Iris-Van-Herpen_Luxiders-Magazine_20-768x1152.jpeg 768w\" sizes=\"(max-width: 1000px) 100vw, 1000px\" \/><\/div><figcaption>IRIS VAN HERPEN &#8211; Collections Haute-Couture<\/figcaption><\/figure>                                                                                            <\/div>\n                                    <div class=\"col-lg-6\">\n                                                                                                                                                        <figure class=\"mb-4 pt-lg-0 mb-lg-0 ps-lg-0 pe-lg-0\" data-aos=\"fade-up\" data-aos-duration=\"1000\"><div class=\"img-container\"><img loading=\"lazy\" decoding=\"async\" width=\"1000\" height=\"1500\" src=\"https:\/\/luxiders.com\/content\/uploads\/Iris-Van-Herpen_Luxiders-Magazine_21.jpeg\" class=\"img-fluid w-100\" alt=\"\" srcset=\"https:\/\/luxiders.com\/content\/uploads\/Iris-Van-Herpen_Luxiders-Magazine_21.jpeg 1000w, https:\/\/luxiders.com\/content\/uploads\/Iris-Van-Herpen_Luxiders-Magazine_21-200x300.jpeg 200w, https:\/\/luxiders.com\/content\/uploads\/Iris-Van-Herpen_Luxiders-Magazine_21-683x1024.jpeg 683w, https:\/\/luxiders.com\/content\/uploads\/Iris-Van-Herpen_Luxiders-Magazine_21-768x1152.jpeg 768w\" sizes=\"(max-width: 1000px) 100vw, 1000px\" \/><\/div><figcaption>IRIS VAN HERPEN &#8211; Collections Haute-Couture<\/figcaption><\/figure>                                                                                                        <\/div>\n                                            <\/div>\n        <\/div>\n    <\/section>\n    \n\n    <section id=\"media-block_69836b0203954ddd6386a4c1a431b20c\" class=\"section position-relative gp-block gp-media pt-5 pb-5\">\n        <div class=\"container\">\n            <div class=\"row g-0\">\n                <div class=\"col-lg-12 content\" data-aos=\"fade-in\" data-aos-duration=\"1000\">\n                                                                            <\/div>\n            <\/div>\n            <div class=\"row g-0\">\n                <div class=\"col-lg-6 \">\n                                                                                                                                                <figure class=\"mb-4 pt-lg-3 mb-lg-3 ps-lg-5 pe-lg-5\" data-aos=\"fade-up\" data-aos-duration=\"1000\"><div class=\"img-container\"><img loading=\"lazy\" decoding=\"async\" width=\"1000\" height=\"1500\" src=\"https:\/\/luxiders.com\/content\/uploads\/Iris-Van-Herpen_Luxiders-Magazine_23.jpeg\" class=\"img-fluid w-100\" alt=\"\" srcset=\"https:\/\/luxiders.com\/content\/uploads\/Iris-Van-Herpen_Luxiders-Magazine_23.jpeg 1000w, https:\/\/luxiders.com\/content\/uploads\/Iris-Van-Herpen_Luxiders-Magazine_23-200x300.jpeg 200w, https:\/\/luxiders.com\/content\/uploads\/Iris-Van-Herpen_Luxiders-Magazine_23-683x1024.jpeg 683w, https:\/\/luxiders.com\/content\/uploads\/Iris-Van-Herpen_Luxiders-Magazine_23-768x1152.jpeg 768w\" sizes=\"(max-width: 1000px) 100vw, 1000px\" \/><\/div><figcaption>IRIS VAN HERPEN &#8211; Collections Haute-Couture<\/figcaption><\/figure>                                                                                            <\/div>\n                                    <div class=\"col-lg-6\">\n                                                                                                                                                        <figure class=\"mb-4 pt-lg-0 mb-lg-0 ps-lg-0 pe-lg-0\" data-aos=\"fade-up\" data-aos-duration=\"1000\"><div class=\"img-container\"><img loading=\"lazy\" decoding=\"async\" width=\"1000\" height=\"1500\" src=\"https:\/\/luxiders.com\/content\/uploads\/Iris-Van-Herpen_Luxiders-Magazine_25.jpeg\" class=\"img-fluid w-100\" alt=\"\" srcset=\"https:\/\/luxiders.com\/content\/uploads\/Iris-Van-Herpen_Luxiders-Magazine_25.jpeg 1000w, https:\/\/luxiders.com\/content\/uploads\/Iris-Van-Herpen_Luxiders-Magazine_25-200x300.jpeg 200w, https:\/\/luxiders.com\/content\/uploads\/Iris-Van-Herpen_Luxiders-Magazine_25-683x1024.jpeg 683w, https:\/\/luxiders.com\/content\/uploads\/Iris-Van-Herpen_Luxiders-Magazine_25-768x1152.jpeg 768w\" sizes=\"(max-width: 1000px) 100vw, 1000px\" \/><\/div><figcaption>IRIS VAN HERPEN &#8211; Collections Haute-Couture<\/figcaption><\/figure>                                                                                                        <\/div>\n                                            <\/div>\n        <\/div>\n    <\/section>\n    \n\n    <section id=\"textblock-block_15f130c6c0daf31781879cea374f8d2b\" class=\"section position-relative gp-block gp-textblock text-center pt-5 pb-5 pb-lg-8\">\n        <div class=\"container\">\n            <div class=\"row g-0\">\n                <div class=\"col-lg-12 content\" data-aos=\"fade-in\" data-aos-duration=\"1000\">\n                                                                                <p style=\"text-align: center;\"><strong><i>\u00a0+ Textos:<br \/>\n<a href=\"https:\/\/luxiders.com\/dirty-looks-desire-and-decay-in-fashion\/\" target=\"_blank\" rel=\"noopener\">Bel\u00e9n Vera<\/a><\/i><\/strong><\/p>\n<p style=\"text-align: center;\"><strong><i>Todas las im\u00e1genes:<\/i><i><br \/>\n<\/i><em>\u00a9 Courtes\u00eda de Kunsthal Rotterdam<\/em><\/strong><\/p>\n<p class=\"p1\">\n                                                        <\/div>\n            <\/div>\n        <\/div>\n    <\/section>\n    ","protected":false},"excerpt":{"rendered":"","protected":false},"author":2,"featured_media":59359,"comment_status":"closed","ping_status":"closed","sticky":false,"template":"","format":"standard","meta":{"_acf_changed":false,"footnotes":""},"categories":[378,130],"tags":[10370,10371],"class_list":{"0":"post-59302","1":"post","2":"type-post","3":"status-publish","4":"format-standard","5":"has-post-thumbnail","7":"category-arte-cultura","8":"category-moda-sostenible-lujo","9":"tag-iris-van-herpen-es","10":"tag-kunsthal-rotterdam-es"},"acf":[],"yoast_head":"<title>Iris Van Herpen en R\u00f3terdam: Reimaginando el cuerpo y el futuro<\/title>\n<meta name=\"description\" content=\"En septiembre, Kunsthal Rotterdam abri\u00f3 sus puertas a una de las dise\u00f1adoras m\u00e1s visionarias del siglo XXI: Iris Van Herpen. &quot;Sculpting the\u2026\" \/>\n<meta name=\"robots\" content=\"index, follow, max-snippet:-1, max-image-preview:large, max-video-preview:-1\" \/>\n<link rel=\"canonical\" href=\"https:\/\/luxiders.com\/es\/iris-van-herpen-en-roterdam-una-retrospectiva-que-reimagina-el-cuerpo-y-el-futuro\/\" \/>\n<meta property=\"og:locale\" content=\"es_ES\" \/>\n<meta property=\"og:type\" content=\"article\" \/>\n<meta property=\"og:title\" content=\"Iris Van Herpen en R\u00f3terdam: Reimaginando el cuerpo y el futuro\" \/>\n<meta property=\"og:description\" content=\"En septiembre, Kunsthal Rotterdam abri\u00f3 sus puertas a una de las dise\u00f1adoras m\u00e1s visionarias del siglo XXI: Iris Van Herpen. &quot;Sculpting the\u2026\" \/>\n<meta property=\"og:url\" content=\"https:\/\/luxiders.com\/es\/iris-van-herpen-en-roterdam-una-retrospectiva-que-reimagina-el-cuerpo-y-el-futuro\/\" \/>\n<meta property=\"og:site_name\" content=\"Sustainable Fashion - Eco Design - Healthy Lifestyle - Luxiders Magazine\" \/>\n<meta property=\"article:published_time\" content=\"2025-12-02T10:50:45+00:00\" \/>\n<meta property=\"article:modified_time\" content=\"2025-12-02T11:40:31+00:00\" \/>\n<meta property=\"og:image\" content=\"https:\/\/luxiders.com\/content\/uploads\/Iris-Van-Herpen_Luxiders-Magazine_23.jpeg\" \/>\n\t<meta property=\"og:image:width\" content=\"1000\" \/>\n\t<meta property=\"og:image:height\" content=\"1500\" \/>\n\t<meta property=\"og:image:type\" content=\"image\/jpeg\" \/>\n<meta name=\"author\" content=\"luxiders\" \/>\n<meta name=\"twitter:card\" content=\"summary_large_image\" \/>\n<meta name=\"twitter:label1\" content=\"Written by\" \/>\n\t<meta name=\"twitter:data1\" content=\"luxiders\" \/>\n\t<meta name=\"twitter:label2\" content=\"Est. reading time\" \/>\n\t<meta name=\"twitter:data2\" content=\"4 minutes\" \/>\n<script type=\"application\/ld+json\" class=\"yoast-schema-graph\">{\"@context\":\"https:\/\/schema.org\",\"@graph\":[{\"@type\":\"Article\",\"@id\":\"https:\/\/luxiders.com\/es\/iris-van-herpen-en-roterdam-una-retrospectiva-que-reimagina-el-cuerpo-y-el-futuro\/#article\",\"isPartOf\":{\"@id\":\"https:\/\/luxiders.com\/es\/iris-van-herpen-en-roterdam-una-retrospectiva-que-reimagina-el-cuerpo-y-el-futuro\/\"},\"author\":{\"name\":\"luxiders\",\"@id\":\"https:\/\/luxiders.com\/es\/#\/schema\/person\/8632fa702ae2ce98f66c396254633de8\"},\"headline\":\"Iris Van Herpen en R\u00f3terdam: una retrospectiva que reimagina el cuerpo y el futuro\",\"datePublished\":\"2025-12-02T10:50:45+00:00\",\"dateModified\":\"2025-12-02T11:40:31+00:00\",\"mainEntityOfPage\":{\"@id\":\"https:\/\/luxiders.com\/es\/iris-van-herpen-en-roterdam-una-retrospectiva-que-reimagina-el-cuerpo-y-el-futuro\/\"},\"wordCount\":15,\"publisher\":{\"@id\":\"https:\/\/luxiders.com\/es\/#organization\"},\"image\":{\"@id\":\"https:\/\/luxiders.com\/es\/iris-van-herpen-en-roterdam-una-retrospectiva-que-reimagina-el-cuerpo-y-el-futuro\/#primaryimage\"},\"thumbnailUrl\":\"https:\/\/luxiders.com\/content\/uploads\/Iris-Van-Herpen_Luxiders-Magazine_23.jpeg\",\"keywords\":[\"Iris Van Herpen\",\"Kunsthal Rotterdam\"],\"articleSection\":[\"Arte\/Cultura\",\"Moda\"],\"inLanguage\":\"es-ES\"},{\"@type\":\"WebPage\",\"@id\":\"https:\/\/luxiders.com\/es\/iris-van-herpen-en-roterdam-una-retrospectiva-que-reimagina-el-cuerpo-y-el-futuro\/\",\"url\":\"https:\/\/luxiders.com\/es\/iris-van-herpen-en-roterdam-una-retrospectiva-que-reimagina-el-cuerpo-y-el-futuro\/\",\"name\":\"Iris Van Herpen en R\u00f3terdam: Reimaginando el cuerpo y el futuro\",\"isPartOf\":{\"@id\":\"https:\/\/luxiders.com\/es\/#website\"},\"primaryImageOfPage\":{\"@id\":\"https:\/\/luxiders.com\/es\/iris-van-herpen-en-roterdam-una-retrospectiva-que-reimagina-el-cuerpo-y-el-futuro\/#primaryimage\"},\"image\":{\"@id\":\"https:\/\/luxiders.com\/es\/iris-van-herpen-en-roterdam-una-retrospectiva-que-reimagina-el-cuerpo-y-el-futuro\/#primaryimage\"},\"thumbnailUrl\":\"https:\/\/luxiders.com\/content\/uploads\/Iris-Van-Herpen_Luxiders-Magazine_23.jpeg\",\"datePublished\":\"2025-12-02T10:50:45+00:00\",\"dateModified\":\"2025-12-02T11:40:31+00:00\",\"description\":\"En septiembre, Kunsthal Rotterdam abri\u00f3 sus puertas a una de las dise\u00f1adoras m\u00e1s visionarias del siglo XXI: Iris Van Herpen. \\\"Sculpting the\u2026\",\"breadcrumb\":{\"@id\":\"https:\/\/luxiders.com\/es\/iris-van-herpen-en-roterdam-una-retrospectiva-que-reimagina-el-cuerpo-y-el-futuro\/#breadcrumb\"},\"inLanguage\":\"es-ES\",\"potentialAction\":[{\"@type\":\"ReadAction\",\"target\":[\"https:\/\/luxiders.com\/es\/iris-van-herpen-en-roterdam-una-retrospectiva-que-reimagina-el-cuerpo-y-el-futuro\/\"]}]},{\"@type\":\"ImageObject\",\"inLanguage\":\"es-ES\",\"@id\":\"https:\/\/luxiders.com\/es\/iris-van-herpen-en-roterdam-una-retrospectiva-que-reimagina-el-cuerpo-y-el-futuro\/#primaryimage\",\"url\":\"https:\/\/luxiders.com\/content\/uploads\/Iris-Van-Herpen_Luxiders-Magazine_23.jpeg\",\"contentUrl\":\"https:\/\/luxiders.com\/content\/uploads\/Iris-Van-Herpen_Luxiders-Magazine_23.jpeg\",\"width\":1000,\"height\":1500,\"caption\":\"IRIS VAN HERPEN - Collections Haute-Couture\"},{\"@type\":\"BreadcrumbList\",\"@id\":\"https:\/\/luxiders.com\/es\/iris-van-herpen-en-roterdam-una-retrospectiva-que-reimagina-el-cuerpo-y-el-futuro\/#breadcrumb\",\"itemListElement\":[{\"@type\":\"ListItem\",\"position\":1,\"name\":\"Startseite\",\"item\":\"https:\/\/luxiders.com\/es\/\"},{\"@type\":\"ListItem\",\"position\":2,\"name\":\"Moda\",\"item\":\"https:\/\/luxiders.com\/es\/category\/moda-sostenible-lujo\/\"},{\"@type\":\"ListItem\",\"position\":3,\"name\":\"Iris Van Herpen en R\u00f3terdam: una retrospectiva que reimagina el cuerpo y el futuro\"}]},{\"@type\":\"WebSite\",\"@id\":\"https:\/\/luxiders.com\/es\/#website\",\"url\":\"https:\/\/luxiders.com\/es\/\",\"name\":\"Sustainable Fashion - Eco Design - Healthy Lifestyle - Luxiders Magazine\",\"description\":\"Luxiders is a sustainable luxury magazine highlighting the best stories about sustainable fashion, ethical fashion, eco-friendly design, green design, sustainable travel, natural beauty, organic beauty and healthy lifestyle. Know the best high-end, progressive and luxury sustainable brands and designers worldwide.\",\"publisher\":{\"@id\":\"https:\/\/luxiders.com\/es\/#organization\"},\"potentialAction\":[{\"@type\":\"SearchAction\",\"target\":{\"@type\":\"EntryPoint\",\"urlTemplate\":\"https:\/\/luxiders.com\/es\/?s={search_term_string}\"},\"query-input\":{\"@type\":\"PropertyValueSpecification\",\"valueRequired\":true,\"valueName\":\"search_term_string\"}}],\"inLanguage\":\"es-ES\"},{\"@type\":\"Organization\",\"@id\":\"https:\/\/luxiders.com\/es\/#organization\",\"name\":\"Sustainable Fashion - Eco Design - Healthy Lifestyle - Luxiders Magazine\",\"url\":\"https:\/\/luxiders.com\/es\/\",\"logo\":{\"@type\":\"ImageObject\",\"inLanguage\":\"es-ES\",\"@id\":\"https:\/\/luxiders.com\/es\/#\/schema\/logo\/image\/\",\"url\":\"https:\/\/luxiders.com\/content\/uploads\/lux-logo.svg\",\"contentUrl\":\"https:\/\/luxiders.com\/content\/uploads\/lux-logo.svg\",\"caption\":\"Sustainable Fashion - Eco Design - Healthy Lifestyle - Luxiders Magazine\"},\"image\":{\"@id\":\"https:\/\/luxiders.com\/es\/#\/schema\/logo\/image\/\"}},{\"@type\":\"Person\",\"@id\":\"https:\/\/luxiders.com\/es\/#\/schema\/person\/8632fa702ae2ce98f66c396254633de8\",\"name\":\"luxiders\",\"url\":\"https:\/\/luxiders.com\/es\/author\/luxiders\/\"}]}<\/script>","yoast_head_json":{"title":"Iris Van Herpen en R\u00f3terdam: Reimaginando el cuerpo y el futuro","description":"En septiembre, Kunsthal Rotterdam abri\u00f3 sus puertas a una de las dise\u00f1adoras m\u00e1s visionarias del siglo XXI: Iris Van Herpen. \"Sculpting the\u2026","robots":{"index":"index","follow":"follow","max-snippet":"max-snippet:-1","max-image-preview":"max-image-preview:large","max-video-preview":"max-video-preview:-1"},"canonical":"https:\/\/luxiders.com\/es\/iris-van-herpen-en-roterdam-una-retrospectiva-que-reimagina-el-cuerpo-y-el-futuro\/","og_locale":"es_ES","og_type":"article","og_title":"Iris Van Herpen en R\u00f3terdam: Reimaginando el cuerpo y el futuro","og_description":"En septiembre, Kunsthal Rotterdam abri\u00f3 sus puertas a una de las dise\u00f1adoras m\u00e1s visionarias del siglo XXI: Iris Van Herpen. \"Sculpting the\u2026","og_url":"https:\/\/luxiders.com\/es\/iris-van-herpen-en-roterdam-una-retrospectiva-que-reimagina-el-cuerpo-y-el-futuro\/","og_site_name":"Sustainable Fashion - Eco Design - Healthy Lifestyle - Luxiders Magazine","article_published_time":"2025-12-02T10:50:45+00:00","article_modified_time":"2025-12-02T11:40:31+00:00","og_image":[{"width":1000,"height":1500,"url":"https:\/\/luxiders.com\/content\/uploads\/Iris-Van-Herpen_Luxiders-Magazine_23.jpeg","type":"image\/jpeg"}],"author":"luxiders","twitter_card":"summary_large_image","twitter_misc":{"Written by":"luxiders","Est. reading time":"4 minutes"},"schema":{"@context":"https:\/\/schema.org","@graph":[{"@type":"Article","@id":"https:\/\/luxiders.com\/es\/iris-van-herpen-en-roterdam-una-retrospectiva-que-reimagina-el-cuerpo-y-el-futuro\/#article","isPartOf":{"@id":"https:\/\/luxiders.com\/es\/iris-van-herpen-en-roterdam-una-retrospectiva-que-reimagina-el-cuerpo-y-el-futuro\/"},"author":{"name":"luxiders","@id":"https:\/\/luxiders.com\/es\/#\/schema\/person\/8632fa702ae2ce98f66c396254633de8"},"headline":"Iris Van Herpen en R\u00f3terdam: una retrospectiva que reimagina el cuerpo y el futuro","datePublished":"2025-12-02T10:50:45+00:00","dateModified":"2025-12-02T11:40:31+00:00","mainEntityOfPage":{"@id":"https:\/\/luxiders.com\/es\/iris-van-herpen-en-roterdam-una-retrospectiva-que-reimagina-el-cuerpo-y-el-futuro\/"},"wordCount":15,"publisher":{"@id":"https:\/\/luxiders.com\/es\/#organization"},"image":{"@id":"https:\/\/luxiders.com\/es\/iris-van-herpen-en-roterdam-una-retrospectiva-que-reimagina-el-cuerpo-y-el-futuro\/#primaryimage"},"thumbnailUrl":"https:\/\/luxiders.com\/content\/uploads\/Iris-Van-Herpen_Luxiders-Magazine_23.jpeg","keywords":["Iris Van Herpen","Kunsthal Rotterdam"],"articleSection":["Arte\/Cultura","Moda"],"inLanguage":"es-ES"},{"@type":"WebPage","@id":"https:\/\/luxiders.com\/es\/iris-van-herpen-en-roterdam-una-retrospectiva-que-reimagina-el-cuerpo-y-el-futuro\/","url":"https:\/\/luxiders.com\/es\/iris-van-herpen-en-roterdam-una-retrospectiva-que-reimagina-el-cuerpo-y-el-futuro\/","name":"Iris Van Herpen en R\u00f3terdam: Reimaginando el cuerpo y el futuro","isPartOf":{"@id":"https:\/\/luxiders.com\/es\/#website"},"primaryImageOfPage":{"@id":"https:\/\/luxiders.com\/es\/iris-van-herpen-en-roterdam-una-retrospectiva-que-reimagina-el-cuerpo-y-el-futuro\/#primaryimage"},"image":{"@id":"https:\/\/luxiders.com\/es\/iris-van-herpen-en-roterdam-una-retrospectiva-que-reimagina-el-cuerpo-y-el-futuro\/#primaryimage"},"thumbnailUrl":"https:\/\/luxiders.com\/content\/uploads\/Iris-Van-Herpen_Luxiders-Magazine_23.jpeg","datePublished":"2025-12-02T10:50:45+00:00","dateModified":"2025-12-02T11:40:31+00:00","description":"En septiembre, Kunsthal Rotterdam abri\u00f3 sus puertas a una de las dise\u00f1adoras m\u00e1s visionarias del siglo XXI: Iris Van Herpen. \"Sculpting the\u2026","breadcrumb":{"@id":"https:\/\/luxiders.com\/es\/iris-van-herpen-en-roterdam-una-retrospectiva-que-reimagina-el-cuerpo-y-el-futuro\/#breadcrumb"},"inLanguage":"es-ES","potentialAction":[{"@type":"ReadAction","target":["https:\/\/luxiders.com\/es\/iris-van-herpen-en-roterdam-una-retrospectiva-que-reimagina-el-cuerpo-y-el-futuro\/"]}]},{"@type":"ImageObject","inLanguage":"es-ES","@id":"https:\/\/luxiders.com\/es\/iris-van-herpen-en-roterdam-una-retrospectiva-que-reimagina-el-cuerpo-y-el-futuro\/#primaryimage","url":"https:\/\/luxiders.com\/content\/uploads\/Iris-Van-Herpen_Luxiders-Magazine_23.jpeg","contentUrl":"https:\/\/luxiders.com\/content\/uploads\/Iris-Van-Herpen_Luxiders-Magazine_23.jpeg","width":1000,"height":1500,"caption":"IRIS VAN HERPEN - Collections Haute-Couture"},{"@type":"BreadcrumbList","@id":"https:\/\/luxiders.com\/es\/iris-van-herpen-en-roterdam-una-retrospectiva-que-reimagina-el-cuerpo-y-el-futuro\/#breadcrumb","itemListElement":[{"@type":"ListItem","position":1,"name":"Startseite","item":"https:\/\/luxiders.com\/es\/"},{"@type":"ListItem","position":2,"name":"Moda","item":"https:\/\/luxiders.com\/es\/category\/moda-sostenible-lujo\/"},{"@type":"ListItem","position":3,"name":"Iris Van Herpen en R\u00f3terdam: una retrospectiva que reimagina el cuerpo y el futuro"}]},{"@type":"WebSite","@id":"https:\/\/luxiders.com\/es\/#website","url":"https:\/\/luxiders.com\/es\/","name":"Sustainable Fashion - Eco Design - Healthy Lifestyle - Luxiders Magazine","description":"Luxiders is a sustainable luxury magazine highlighting the best stories about sustainable fashion, ethical fashion, eco-friendly design, green design, sustainable travel, natural beauty, organic beauty and healthy lifestyle. Know the best high-end, progressive and luxury sustainable brands and designers worldwide.","publisher":{"@id":"https:\/\/luxiders.com\/es\/#organization"},"potentialAction":[{"@type":"SearchAction","target":{"@type":"EntryPoint","urlTemplate":"https:\/\/luxiders.com\/es\/?s={search_term_string}"},"query-input":{"@type":"PropertyValueSpecification","valueRequired":true,"valueName":"search_term_string"}}],"inLanguage":"es-ES"},{"@type":"Organization","@id":"https:\/\/luxiders.com\/es\/#organization","name":"Sustainable Fashion - Eco Design - Healthy Lifestyle - Luxiders Magazine","url":"https:\/\/luxiders.com\/es\/","logo":{"@type":"ImageObject","inLanguage":"es-ES","@id":"https:\/\/luxiders.com\/es\/#\/schema\/logo\/image\/","url":"https:\/\/luxiders.com\/content\/uploads\/lux-logo.svg","contentUrl":"https:\/\/luxiders.com\/content\/uploads\/lux-logo.svg","caption":"Sustainable Fashion - Eco Design - Healthy Lifestyle - Luxiders Magazine"},"image":{"@id":"https:\/\/luxiders.com\/es\/#\/schema\/logo\/image\/"}},{"@type":"Person","@id":"https:\/\/luxiders.com\/es\/#\/schema\/person\/8632fa702ae2ce98f66c396254633de8","name":"luxiders","url":"https:\/\/luxiders.com\/es\/author\/luxiders\/"}]}},"_links":{"self":[{"href":"https:\/\/luxiders.com\/es\/wp-json\/wp\/v2\/posts\/59302","targetHints":{"allow":["GET"]}}],"collection":[{"href":"https:\/\/luxiders.com\/es\/wp-json\/wp\/v2\/posts"}],"about":[{"href":"https:\/\/luxiders.com\/es\/wp-json\/wp\/v2\/types\/post"}],"author":[{"embeddable":true,"href":"https:\/\/luxiders.com\/es\/wp-json\/wp\/v2\/users\/2"}],"replies":[{"embeddable":true,"href":"https:\/\/luxiders.com\/es\/wp-json\/wp\/v2\/comments?post=59302"}],"version-history":[{"count":3,"href":"https:\/\/luxiders.com\/es\/wp-json\/wp\/v2\/posts\/59302\/revisions"}],"predecessor-version":[{"id":59377,"href":"https:\/\/luxiders.com\/es\/wp-json\/wp\/v2\/posts\/59302\/revisions\/59377"}],"wp:featuredmedia":[{"embeddable":true,"href":"https:\/\/luxiders.com\/es\/wp-json\/wp\/v2\/media\/59359"}],"wp:attachment":[{"href":"https:\/\/luxiders.com\/es\/wp-json\/wp\/v2\/media?parent=59302"}],"wp:term":[{"taxonomy":"category","embeddable":true,"href":"https:\/\/luxiders.com\/es\/wp-json\/wp\/v2\/categories?post=59302"},{"taxonomy":"post_tag","embeddable":true,"href":"https:\/\/luxiders.com\/es\/wp-json\/wp\/v2\/tags?post=59302"}],"curies":[{"name":"wp","href":"https:\/\/api.w.org\/{rel}","templated":true}]}}