{"id":60985,"date":"2026-04-21T13:49:09","date_gmt":"2026-04-21T11:49:09","guid":{"rendered":"https:\/\/luxiders.com\/?p=60985"},"modified":"2026-04-21T15:20:11","modified_gmt":"2026-04-21T13:20:11","slug":"artistas-del-papel-que-debes-seguir-ahora-paper-positions-2026","status":"publish","type":"post","link":"https:\/\/luxiders.com\/es\/artistas-del-papel-que-debes-seguir-ahora-paper-positions-2026\/","title":{"rendered":"Artistas del papel que debes seguir ahora: Paper Positions 2026"},"content":{"rendered":"    <section id=\"textblock-block_d416afadca3e40daef7b672b17825b5f\" class=\"section position-relative gp-block gp-textblock pt-0 pb-0\">\n        <div class=\"container\">\n            <div class=\"row g-0\">\n                <div class=\"col-lg-12 content\" data-aos=\"fade-in\" data-aos-duration=\"1000\">\n                                                                                    <div class=\"intro \">\n                            <p style=\"text-align: center;\">Descubre los artistas imprescindibles de Paper Positions Berlin 2026. Voces que transforman el papel en memoria, resistencia, belleza y pensamiento contempor\u00e1neo en el coraz\u00f3n creativo de Berl\u00edn.<\/p>\n                        <\/div>\n                                                                                                <\/div>\n            <\/div>\n        <\/div>\n    <\/section>\n    \n\n    <section id=\"newsletter-block_d8e5ef65082d07fb6f0845d9b61f0f9d\" class=\"section position-relative gp-block gp-newsletter pt-0 pb-0 my-5\">\n        <div class=\"container\">\n            <div class=\"row g-0 pt-4 pb-3\">\n                <div class=\"col-lg-12 content text-center border pt-3\" data-aos=\"fade-in\" data-aos-duration=\"1000\">\n                                            <p><em>Para recibir el Newsletter de Luxiders Magazine,\u00a0<a href=\"https:\/\/landing.mailerlite.com\/webforms\/landing\/w2a1t0\" target=\"_blank\" rel=\"noopener\">suscr\u00edbete aqu\u00ed<\/a><\/em><\/p>\n                                    <\/div>\n            <\/div>\n        <\/div>\n    <\/section>\n    \n\n    <section id=\"textblock-block_d11b6d2793571b68f207cf6590981de0\" class=\"section position-relative gp-block gp-textblock pt-5 pb-5\">\n        <div class=\"container\">\n            <div class=\"row g-0\">\n                <div class=\"col-lg-12 content\" data-aos=\"fade-in\" data-aos-duration=\"1000\">\n                                                                                <p>El arte contempor\u00e1neo de Berl\u00edn vuelve al centro de atenci\u00f3n mientras Paper Positions Berlin 2026 celebra su d\u00e9cimo aniversario en el ic\u00f3nico aeropuerto de Tempelhof. Coincidiendo con Gallery Weekend Berlin, esta destacada feria de arte en Berl\u00edn re\u00fane galer\u00edas internacionales, artistas emergentes, arte moderno, dibujo, fotograf\u00eda y obras experimentales sobre papel.<\/p>\n<p>Para coleccionistas, amantes del dise\u00f1o y quienes buscan las mejores exposiciones de arte en Berl\u00edn en 2026, esta edici\u00f3n ofrece un poderoso encuentro con artistas que est\u00e1n redefiniendo la cultura visual a trav\u00e9s de la identidad, la memoria, la innovaci\u00f3n material y la profundidad emocional. Antes de que lleguen las multitudes, estos son los nombres que debes tener bajo tu radar.<\/p>\n                                                        <\/div>\n            <\/div>\n        <\/div>\n    <\/section>\n    \n\n    <section id=\"media-block_996c167fc6adba803f1e94bfb8d1a206\" class=\"section position-relative gp-block gp-media pt-5 pb-5\">\n        <div class=\"container\">\n            <div class=\"row g-0\">\n                <div class=\"col-lg-12 content\" data-aos=\"fade-in\" data-aos-duration=\"1000\">\n                                                                            <\/div>\n            <\/div>\n            <div class=\"row g-0\">\n                <div class=\"col-lg-12 img-scaled\">\n                                                                                                                                                <figure class=\"mb-4 pt-lg-0 mb-lg-0 ps-lg-0 pe-lg-0\" data-aos=\"fade-up\" data-aos-duration=\"1000\"><div class=\"img-container\"><img loading=\"lazy\" decoding=\"async\" width=\"1200\" height=\"1412\" src=\"https:\/\/luxiders.com\/content\/uploads\/Paper-Positions-2026_Luxiders_\u00a9Kubra-Khademi_untitled_2025Gouache-auf-Papier_446x382cm_Courtesy-Galerie-Eric-Mouchet.jpeg\" class=\"img-fluid w-100\" alt=\"Kubra Khademi Artwork. Untitled, 2025.\" srcset=\"https:\/\/luxiders.com\/content\/uploads\/Paper-Positions-2026_Luxiders_\u00a9Kubra-Khademi_untitled_2025Gouache-auf-Papier_446x382cm_Courtesy-Galerie-Eric-Mouchet.jpeg 1200w, https:\/\/luxiders.com\/content\/uploads\/Paper-Positions-2026_Luxiders_\u00a9Kubra-Khademi_untitled_2025Gouache-auf-Papier_446x382cm_Courtesy-Galerie-Eric-Mouchet-255x300.jpeg 255w, https:\/\/luxiders.com\/content\/uploads\/Paper-Positions-2026_Luxiders_\u00a9Kubra-Khademi_untitled_2025Gouache-auf-Papier_446x382cm_Courtesy-Galerie-Eric-Mouchet-870x1024.jpeg 870w, https:\/\/luxiders.com\/content\/uploads\/Paper-Positions-2026_Luxiders_\u00a9Kubra-Khademi_untitled_2025Gouache-auf-Papier_446x382cm_Courtesy-Galerie-Eric-Mouchet-768x904.jpeg 768w, https:\/\/luxiders.com\/content\/uploads\/Paper-Positions-2026_Luxiders_\u00a9Kubra-Khademi_untitled_2025Gouache-auf-Papier_446x382cm_Courtesy-Galerie-Eric-Mouchet-80x95.jpeg 80w\" sizes=\"(max-width: 1200px) 100vw, 1200px\" \/><\/div><figcaption>\u00a9 Kubra Khademi. Untitled, 2025. Gouache auf Papier. 446 x 382 cm. Courtesy by Galerie Eric Mouchet.<\/figcaption><\/figure>                                                                                            <\/div>\n                                            <\/div>\n        <\/div>\n    <\/section>\n    \n\n    <section id=\"media-block_97bd1191a2800f808502a4278a5b6d14\" class=\"section position-relative gp-block gp-media pt-5 pb-5\">\n        <div class=\"container\">\n            <div class=\"row g-0\">\n                <div class=\"col-lg-12 content\" data-aos=\"fade-in\" data-aos-duration=\"1000\">\n                                                                            <\/div>\n            <\/div>\n            <div class=\"row g-0\">\n                <div class=\"col-lg-6 \">\n                                                                                                                                                <figure class=\"mb-4 pt-lg-0 mb-lg-0 ps-lg-0 pe-lg-0\" data-aos=\"fade-up\" data-aos-duration=\"1000\"><div class=\"img-container\"><img loading=\"lazy\" decoding=\"async\" width=\"1200\" height=\"1799\" src=\"https:\/\/luxiders.com\/content\/uploads\/Paper-Positions-2026_Luxiders_A.R.-Penck_Skizzenbuch-_ca.-1957-59_Kohle-auf-bedruckte-Buchseiten-_Blatt-16-x-24-cm_Rahmen-30-x-40-cm_Courtesy-Galerie-Holthoff.jpeg\" class=\"img-fluid w-100\" alt=\"Artwork by A.R.Penck\" srcset=\"https:\/\/luxiders.com\/content\/uploads\/Paper-Positions-2026_Luxiders_A.R.-Penck_Skizzenbuch-_ca.-1957-59_Kohle-auf-bedruckte-Buchseiten-_Blatt-16-x-24-cm_Rahmen-30-x-40-cm_Courtesy-Galerie-Holthoff.jpeg 1200w, https:\/\/luxiders.com\/content\/uploads\/Paper-Positions-2026_Luxiders_A.R.-Penck_Skizzenbuch-_ca.-1957-59_Kohle-auf-bedruckte-Buchseiten-_Blatt-16-x-24-cm_Rahmen-30-x-40-cm_Courtesy-Galerie-Holthoff-200x300.jpeg 200w, https:\/\/luxiders.com\/content\/uploads\/Paper-Positions-2026_Luxiders_A.R.-Penck_Skizzenbuch-_ca.-1957-59_Kohle-auf-bedruckte-Buchseiten-_Blatt-16-x-24-cm_Rahmen-30-x-40-cm_Courtesy-Galerie-Holthoff-683x1024.jpeg 683w, https:\/\/luxiders.com\/content\/uploads\/Paper-Positions-2026_Luxiders_A.R.-Penck_Skizzenbuch-_ca.-1957-59_Kohle-auf-bedruckte-Buchseiten-_Blatt-16-x-24-cm_Rahmen-30-x-40-cm_Courtesy-Galerie-Holthoff-768x1151.jpeg 768w, https:\/\/luxiders.com\/content\/uploads\/Paper-Positions-2026_Luxiders_A.R.-Penck_Skizzenbuch-_ca.-1957-59_Kohle-auf-bedruckte-Buchseiten-_Blatt-16-x-24-cm_Rahmen-30-x-40-cm_Courtesy-Galerie-Holthoff-1025x1536.jpeg 1025w\" sizes=\"(max-width: 1200px) 100vw, 1200px\" \/><\/div><figcaption>\u00a9 A.R.Penck. Skizzenbuch. ca.-1957-59. Kohle auf bedruckte Buchseiten. Blatt 16 x 24 cm. Ramen: 30 x 40 cm. Courtesy by Galerie Holthoff.<\/figcaption><\/figure>                                                                                            <\/div>\n                                    <div class=\"col-lg-6\">\n                                                                                                                                                        <figure class=\"mb-4 pt-lg-6 mb-lg-0 ps-lg-4 pe-lg-4\" data-aos=\"fade-up\" data-aos-duration=\"1000\"><div class=\"img-container\"><img loading=\"lazy\" decoding=\"async\" width=\"1200\" height=\"1687\" src=\"https:\/\/luxiders.com\/content\/uploads\/Paper-Positions-2026_Luxiders_\u00a9Una-Ursprung_-In-time-of-movement-and-stillness_2024_Aquarell-und-Collage_-Aquarell-auf-Papier_42x297cm_Courtesy-Galerie-PJ.jpeg\" class=\"img-fluid w-100\" alt=\"Una Ursprung Artwork. In time of movement and stillness, 2024.\" srcset=\"https:\/\/luxiders.com\/content\/uploads\/Paper-Positions-2026_Luxiders_\u00a9Una-Ursprung_-In-time-of-movement-and-stillness_2024_Aquarell-und-Collage_-Aquarell-auf-Papier_42x297cm_Courtesy-Galerie-PJ.jpeg 1200w, https:\/\/luxiders.com\/content\/uploads\/Paper-Positions-2026_Luxiders_\u00a9Una-Ursprung_-In-time-of-movement-and-stillness_2024_Aquarell-und-Collage_-Aquarell-auf-Papier_42x297cm_Courtesy-Galerie-PJ-213x300.jpeg 213w, https:\/\/luxiders.com\/content\/uploads\/Paper-Positions-2026_Luxiders_\u00a9Una-Ursprung_-In-time-of-movement-and-stillness_2024_Aquarell-und-Collage_-Aquarell-auf-Papier_42x297cm_Courtesy-Galerie-PJ-728x1024.jpeg 728w, https:\/\/luxiders.com\/content\/uploads\/Paper-Positions-2026_Luxiders_\u00a9Una-Ursprung_-In-time-of-movement-and-stillness_2024_Aquarell-und-Collage_-Aquarell-auf-Papier_42x297cm_Courtesy-Galerie-PJ-768x1080.jpeg 768w, https:\/\/luxiders.com\/content\/uploads\/Paper-Positions-2026_Luxiders_\u00a9Una-Ursprung_-In-time-of-movement-and-stillness_2024_Aquarell-und-Collage_-Aquarell-auf-Papier_42x297cm_Courtesy-Galerie-PJ-1093x1536.jpeg 1093w\" sizes=\"(max-width: 1200px) 100vw, 1200px\" \/><\/div><figcaption>\u00a9 Una Ursprung. In time of movement and stillness, 2024. Aquarell und Collage. 42 x 297 cm. Courtesy by Galerie PJ.<\/figcaption><\/figure>                                                                                                        <\/div>\n                                            <\/div>\n        <\/div>\n    <\/section>\n    \n\n    <section id=\"textblock-block_a0e5beca3f1da8417b0a37fd334227eb\" class=\"section position-relative gp-block gp-textblock pt-5 pb-5\">\n        <div class=\"container\">\n            <div class=\"row g-0\">\n                <div class=\"col-lg-12 content\" data-aos=\"fade-in\" data-aos-duration=\"1000\">\n                                                                        <h2 class=\"\"><div class=\"flex flex-col text-sm pb-25\">\n<section class=\"text-token-text-primary w-full focus:outline-none [--shadow-height:45px] has-data-writing-block:pointer-events-none has-data-writing-block:-mt-(--shadow-height) has-data-writing-block:pt-(--shadow-height) [&amp;:has([data-writing-block])&gt;*]:pointer-events-auto scroll-mt-[calc(var(--header-height)+min(200px,max(70px,20svh)))]\" dir=\"auto\" data-turn-id=\"request-WEB:22bd3468-38fa-445a-a140-5536783d1a62-36\" data-testid=\"conversation-turn-20\" data-scroll-anchor=\"true\" data-turn=\"assistant\">\n<div class=\"text-base my-auto mx-auto pb-10 [--thread-content-margin:var(--thread-content-margin-xs,calc(var(--spacing)*4))] @w-sm\/main:[--thread-content-margin:var(--thread-content-margin-sm,calc(var(--spacing)*6))] @w-lg\/main:[--thread-content-margin:var(--thread-content-margin-lg,calc(var(--spacing)*16))] px-(--thread-content-margin)\">\n<div class=\"[--thread-content-max-width:40rem] @w-lg\/main:[--thread-content-max-width:48rem] mx-auto max-w-(--thread-content-max-width) flex-1 group\/turn-messages focus-visible:outline-hidden relative flex w-full min-w-0 flex-col agent-turn\">\n<div class=\"flex max-w-full flex-col gap-4 grow\">\n<div class=\"min-h-8 text-message relative flex w-full flex-col items-end gap-2 text-start break-words whitespace-normal outline-none keyboard-focused:focus-ring [.text-message+&amp;]:mt-1\" dir=\"auto\" tabindex=\"0\" data-message-author-role=\"assistant\" data-message-id=\"e79b428b-5273-49ad-94a9-d18ab9a7b0fa\" data-message-model-slug=\"gpt-5-3\" data-turn-start-message=\"true\">\n<div class=\"flex w-full flex-col gap-1 empty:hidden\">\n<div class=\"streaming-animation markdown prose dark:prose-invert w-full wrap-break-word light markdown-new-styling\">\n<p data-start=\"0\" data-end=\"42\" data-is-last-node=\"\" data-is-only-node=\"\">Cambiando la perspectiva del arte en papel\n<\/div>\n<\/div>\n<\/div>\n<\/div>\n<\/div>\n<\/div>\n<\/section>\n<\/div>\n<div class=\"pointer-events-none h-px w-px absolute bottom-0\" aria-hidden=\"true\" data-edge=\"true\"><\/div>\n<\/h2>\n                                                                                                        <h3><a href=\"https:\/\/www.instagram.com\/carmenschaich\/\" target=\"_blank\" rel=\"noopener\">Carmen Schaich<\/a><\/h3>\n<p>Algunos artistas dibujan l\u00edneas. Carmen Schaich dibuja fracturas. Su lenguaje surge del impacto, del vidrio roto y del instante en que algo se abre para revelar una belleza inesperada. Entre la precisi\u00f3n t\u00e9cnica y una violencia contenida, su obra transforma la destrucci\u00f3n en poes\u00eda visual.<\/p>\n<p>Nacida en Stuttgart en 1987, Schaich trabaja en la intersecci\u00f3n entre precisi\u00f3n y destrucci\u00f3n. Surgiendo de un proceso que parece a la vez controlado y radical, su pr\u00e1ctica se mueve entre la perfecci\u00f3n t\u00e9cnica y la exploraci\u00f3n de una violencia ciega. El vidrio se convierte en el medio, los impactos en l\u00edneas y las fracturas en dibujos. Para esta forma singular de expresi\u00f3n, la artista desarroll\u00f3 su propia t\u00e9cnica de grabado calcogr\u00e1fico: el grabado sobre vidrio.<\/p>\n<p>Ser\u00e1 presentada en paper positions berlin 2026 por <strong>Petra Rinck Gallery<\/strong> de D\u00fcsseldorf.<\/p>\n<p>&nbsp;<\/p>\n<h3><a href=\"https:\/\/www.instagram.com\/kubra.khademi\/\" target=\"_blank\" rel=\"noopener\">Kubra Khademi<\/a><\/h3>\n<p>En manos de Kubra Khademi, el cuerpo deja de ser una frontera para convertirse en un manifiesto. Su obra habla del exilio, de mujeres silenciadas y de la dignidad recuperada. Con fuerza simb\u00f3lica y un coraje luminoso, transforma la vulnerabilidad en poder visible.<\/p>\n<p>Nacida en Afganist\u00e1n en 1989, Khademi crea en un territorio donde el cuerpo se convierte en arma pol\u00edtica y en acto de rebeli\u00f3n y resistencia. Su arte responde a la invisibilidad sistem\u00e1tica de las mujeres y a la brutal realidad del exilio. A trav\u00e9s del poder arcaico de las narrativas mitol\u00f3gicas y la provocaci\u00f3n de la performance, redefine radicalmente los l\u00edmites de la verg\u00fcenza, el poder y la libertad. Con una est\u00e9tica deliberadamente na\u00eff, transforma lo personal en pol\u00edtico y la opresi\u00f3n en una plataforma de fuerza imparable que resuena mucho m\u00e1s all\u00e1 de Afganist\u00e1n.<\/p>\n<p>La artista ser\u00e1 presentada en paper positions berlin 2026 por <strong>Galerie \u00c9ric Mouchet<\/strong> de Par\u00eds.<\/p>\n                                            <div class=\"highlighted mt-5 mt-lg-6 px-lg-5\">\n                            <p style=\"text-align: center;\">La fotograf\u00eda de Annegret Soltau se convierte en una herramienta para hacer visibles el dolor y el sufrimiento. Su obra se asemeja a una disecci\u00f3n radical del yo, en la que su propio rostro y cuerpo aparecen representados, cosidos con hilo negro, atados y recompuestos.<\/p>\n                        <\/div>\n                                                        <\/div>\n            <\/div>\n        <\/div>\n    <\/section>\n    \n\n    <section id=\"media-block_c0ebbe50b8611a25d97a6073eea6c383\" class=\"section position-relative gp-block gp-media pt-5 pb-5\">\n        <div class=\"container\">\n            <div class=\"row g-0\">\n                <div class=\"col-lg-12 content\" data-aos=\"fade-in\" data-aos-duration=\"1000\">\n                                                                            <\/div>\n            <\/div>\n            <div class=\"row g-0\">\n                <div class=\"col-lg-12 img-scaled\">\n                                                                                                                                                <figure class=\"mb-4 pt-lg-0 mb-lg-0 ps-lg-0 pe-lg-0\" data-aos=\"fade-up\" data-aos-duration=\"1000\"><div class=\"img-container\"><img loading=\"lazy\" decoding=\"async\" width=\"1200\" height=\"1514\" src=\"https:\/\/luxiders.com\/content\/uploads\/Paper-Positions-2026_Luxiders_\u00a9Annegret-Soltau_GENERATIV-SELBSTdoppelt-mit-TOCHTER-und-URGROSSMUTTER-doppelt_1996_Fotovernahung_17x14-cm_Courtesy-Galerie-Bachlechner.jpeg\" class=\"img-fluid w-100\" alt=\"\u00a9Annegret Soltau. GENERATIV SELBST. Doppelt mit TOCHTER und URGROSSMUTTER doppelt,1996. Fotovernahung 17x14 cm. Courtesy by Galerie Bachlechner.\" srcset=\"https:\/\/luxiders.com\/content\/uploads\/Paper-Positions-2026_Luxiders_\u00a9Annegret-Soltau_GENERATIV-SELBSTdoppelt-mit-TOCHTER-und-URGROSSMUTTER-doppelt_1996_Fotovernahung_17x14-cm_Courtesy-Galerie-Bachlechner.jpeg 1200w, https:\/\/luxiders.com\/content\/uploads\/Paper-Positions-2026_Luxiders_\u00a9Annegret-Soltau_GENERATIV-SELBSTdoppelt-mit-TOCHTER-und-URGROSSMUTTER-doppelt_1996_Fotovernahung_17x14-cm_Courtesy-Galerie-Bachlechner-238x300.jpeg 238w, https:\/\/luxiders.com\/content\/uploads\/Paper-Positions-2026_Luxiders_\u00a9Annegret-Soltau_GENERATIV-SELBSTdoppelt-mit-TOCHTER-und-URGROSSMUTTER-doppelt_1996_Fotovernahung_17x14-cm_Courtesy-Galerie-Bachlechner-812x1024.jpeg 812w, https:\/\/luxiders.com\/content\/uploads\/Paper-Positions-2026_Luxiders_\u00a9Annegret-Soltau_GENERATIV-SELBSTdoppelt-mit-TOCHTER-und-URGROSSMUTTER-doppelt_1996_Fotovernahung_17x14-cm_Courtesy-Galerie-Bachlechner-768x969.jpeg 768w\" sizes=\"(max-width: 1200px) 100vw, 1200px\" \/><\/div><figcaption>\u00a9Annegret Soltau. GENERATIV SELBST. Doppelt mit TOCHTER und URGROSSMUTTER doppelt,1996. Fotovernahung 17&#215;14 cm. Courtesy by Galerie Bachlechner.<\/figcaption><\/figure>                                                                                            <\/div>\n                                            <\/div>\n        <\/div>\n    <\/section>\n    \n\n    <section id=\"textblock-block_91f14ee064b6e77d1f8394ce6bc6d8fc\" class=\"section position-relative gp-block gp-textblock pt-5 pb-5\">\n        <div class=\"container\">\n            <div class=\"row g-0\">\n                <div class=\"col-lg-12 content\" data-aos=\"fade-in\" data-aos-duration=\"1000\">\n                                                                                <h3><a href=\"https:\/\/www.instagram.com\/annegretsoltauofficial\/\" target=\"_blank\" rel=\"noopener\">Annegret Soltau<\/a><\/h3>\n<p>Annegret Soltau cose la memoria sobre la piel de la imagen. Rostros atravesados por hilo negro, identidades recompuestas, heridas convertidas en lenguaje. Su obra confronta y conmueve porque nos recuerda que la belleza profunda a menudo conoce la forma de las cicatrices.<\/p>\n<p>En la obra de Annegret Soltau (*1946 en L\u00fcneburg), la fotograf\u00eda se convierte en una herramienta para hacer visibles el dolor y el sufrimiento. Su trabajo se asemeja a una disecci\u00f3n radical del yo, en la que su propio rostro y cuerpo aparecen representados, cosidos con hilo negro, atados y recompuestos. Las agresivas perforaciones de la aguja y la estructura obsesiva del hilo de coser dan lugar a obras que revelan con crudeza conceptos de identidad, maternidad y fragmentaci\u00f3n femenina. Es un enfoque sin concesiones que hace visibles los traumas y transforma las heridas en recursos estil\u00edsticos y huellas gr\u00e1ficas.<\/p>\n<p>La artista ser\u00e1 presentada en paper positions berlin 2026 por <strong>Galerie Bachlechner<\/strong> de Graz.<\/p>\n<p>&nbsp;<\/p>\n<h3><a href=\"https:\/\/www.instagram.com\/a.r_penck\/\" target=\"_blank\" rel=\"noopener\">A.R. Penck<\/a><\/h3>\n<p>Las singulares obras expuestas de A.R. Penck (nacido en 1939 en Dresde; fallecido en 2017 en Z\u00farich) ofrecen una mirada sin filtros a sus primeros a\u00f1os creativos. Mucho antes de alcanzar fama mundial con sus \u201csystem paintings\u201d, realizaba bocetos de retratos de una inmediatez nerviosa, en los que cada trazo parec\u00eda ya ocupar exactamente el lugar que deb\u00eda.<\/p>\n<p>La galer\u00eda de Hamburgo Holthoff Gallery presenta este raro hallazgo de intensa relevancia: dibujos al carb\u00f3n de finales de los a\u00f1os cincuenta, creados por Penck mediante marcas r\u00e1pidas y exploratorias directamente sobre p\u00e1ginas impresas de libros antiguos. El medio de su afirmaci\u00f3n art\u00edstica es el papel, encontrado, usado y reutilizado para convertirse en magn\u00edficos dibujos. En ellos, la fisionom\u00eda humana de los sujetos prevalece sobre la rigidez de la tipograf\u00eda impresa. Estas primeras obras capturan el instante en que un boceto se transforma en una pieza de arte existencial.<\/p>\n<p>El artista ser\u00e1 representado en paper positions berlin 2026 por <strong>Galerie Holthoff<\/strong> de Hamburgo.<\/p>\n                                            <div class=\"highlighted mt-5 mt-lg-6 px-lg-5\">\n                            <p style=\"text-align: center;\">Antes del reconocimiento global, exist\u00eda el instinto puro. Los primeros dibujos de A.R. Penck revelan al artista en su estado esencial. Trazos r\u00e1pidos, rostros urgentes, pensamiento directo sobre p\u00e1ginas encontradas. El instante en que una b\u00fasqueda se convierte en destino.<\/p>\n                        <\/div>\n                                                        <\/div>\n            <\/div>\n        <\/div>\n    <\/section>\n    \n\n    <section id=\"media-block_d3509a6497dfdd1570c4f9c4bada0883\" class=\"section position-relative gp-block gp-media pt-5 pb-5\">\n        <div class=\"container\">\n            <div class=\"row g-0\">\n                <div class=\"col-lg-12 content\" data-aos=\"fade-in\" data-aos-duration=\"1000\">\n                                                                            <\/div>\n            <\/div>\n            <div class=\"row g-0\">\n                <div class=\"col-lg-6 \">\n                                                                                                                                                <figure class=\"mb-4 pt-lg-6 mb-lg-0 ps-lg-5 pe-lg-3\" data-aos=\"fade-up\" data-aos-duration=\"1000\"><div class=\"img-container\"><img loading=\"lazy\" decoding=\"async\" width=\"1200\" height=\"1773\" src=\"https:\/\/luxiders.com\/content\/uploads\/Paper-Positions-2026_Luxiders_\u00a9Eline-Brontsema_Stadtbad-Charlottenburg_2025_Holzdruck_Ed25_-71-x-47-cm_Courtesy-Martin-Mertens.jpeg\" class=\"img-fluid w-100\" alt=\"Eline Brontsema Artwork. Stadtbad Charlottenburg, 2025.\" srcset=\"https:\/\/luxiders.com\/content\/uploads\/Paper-Positions-2026_Luxiders_\u00a9Eline-Brontsema_Stadtbad-Charlottenburg_2025_Holzdruck_Ed25_-71-x-47-cm_Courtesy-Martin-Mertens.jpeg 1200w, https:\/\/luxiders.com\/content\/uploads\/Paper-Positions-2026_Luxiders_\u00a9Eline-Brontsema_Stadtbad-Charlottenburg_2025_Holzdruck_Ed25_-71-x-47-cm_Courtesy-Martin-Mertens-203x300.jpeg 203w, https:\/\/luxiders.com\/content\/uploads\/Paper-Positions-2026_Luxiders_\u00a9Eline-Brontsema_Stadtbad-Charlottenburg_2025_Holzdruck_Ed25_-71-x-47-cm_Courtesy-Martin-Mertens-693x1024.jpeg 693w, https:\/\/luxiders.com\/content\/uploads\/Paper-Positions-2026_Luxiders_\u00a9Eline-Brontsema_Stadtbad-Charlottenburg_2025_Holzdruck_Ed25_-71-x-47-cm_Courtesy-Martin-Mertens-768x1135.jpeg 768w, https:\/\/luxiders.com\/content\/uploads\/Paper-Positions-2026_Luxiders_\u00a9Eline-Brontsema_Stadtbad-Charlottenburg_2025_Holzdruck_Ed25_-71-x-47-cm_Courtesy-Martin-Mertens-1040x1536.jpeg 1040w\" sizes=\"(max-width: 1200px) 100vw, 1200px\" \/><\/div><figcaption>\u00a9 Eline Brontsema. Stadtbad Charlottenburg, 2025. Holzdruck Ed25 71 x 47 cm. Courtesy by Martin Mertens.<\/figcaption><\/figure>                                                                                            <\/div>\n                                    <div class=\"col-lg-6\">\n                                                                                                                                                        <figure class=\"mb-4 pt-lg-0 mb-lg-0 ps-lg-4 pe-lg-4\" data-aos=\"fade-up\" data-aos-duration=\"1000\"><div class=\"img-container\"><img loading=\"lazy\" decoding=\"async\" width=\"1200\" height=\"868\" src=\"https:\/\/luxiders.com\/content\/uploads\/Paper-Positions-2026_Luxiders_Gottfried-Honegger_Horizontale_2010_Siebdruck-und-Collage_50-x-70-cm_Courtesy-Brita-Prinz-Arte.jpeg\" class=\"img-fluid w-100\" alt=\"\u00a9 Gottfried Honegger Artwork. Horizontale, 2010.\" srcset=\"https:\/\/luxiders.com\/content\/uploads\/Paper-Positions-2026_Luxiders_Gottfried-Honegger_Horizontale_2010_Siebdruck-und-Collage_50-x-70-cm_Courtesy-Brita-Prinz-Arte.jpeg 1200w, https:\/\/luxiders.com\/content\/uploads\/Paper-Positions-2026_Luxiders_Gottfried-Honegger_Horizontale_2010_Siebdruck-und-Collage_50-x-70-cm_Courtesy-Brita-Prinz-Arte-300x217.jpeg 300w, https:\/\/luxiders.com\/content\/uploads\/Paper-Positions-2026_Luxiders_Gottfried-Honegger_Horizontale_2010_Siebdruck-und-Collage_50-x-70-cm_Courtesy-Brita-Prinz-Arte-1024x741.jpeg 1024w, https:\/\/luxiders.com\/content\/uploads\/Paper-Positions-2026_Luxiders_Gottfried-Honegger_Horizontale_2010_Siebdruck-und-Collage_50-x-70-cm_Courtesy-Brita-Prinz-Arte-768x556.jpeg 768w\" sizes=\"(max-width: 1200px) 100vw, 1200px\" \/><\/div><figcaption>\u00a9 Gottfried Honegger. Horizontale, 2010. Siebdruck und Collage 50 x 70 cm. Courtesy Brita Prinz Arte.<\/figcaption><\/figure>                                                                                                        <\/div>\n                                            <\/div>\n        <\/div>\n    <\/section>\n    \n\n    <section id=\"media-block_073149bd6df6c5217c6b01b5dab365a0\" class=\"section position-relative gp-block gp-media pt-5 pb-5\">\n        <div class=\"container\">\n            <div class=\"row g-0\">\n                <div class=\"col-lg-12 content\" data-aos=\"fade-in\" data-aos-duration=\"1000\">\n                                                                            <\/div>\n            <\/div>\n            <div class=\"row g-0\">\n                <div class=\"col-lg-12 img-scaled\">\n                                                                                                                                                <figure class=\"mb-4 pt-lg-0 mb-lg-0 ps-lg-0 pe-lg-0\" data-aos=\"fade-up\" data-aos-duration=\"1000\"><div class=\"img-container\"><img loading=\"lazy\" decoding=\"async\" width=\"1200\" height=\"1508\" src=\"https:\/\/luxiders.com\/content\/uploads\/Paper-Positions-2026_Luxiders_\u00a9Stefanie-Moshammer_Memorize-Me_2022_Archival-inkjet-print-Holzrahmen-Glas_90-\u00d7-65-cm_Courtesy-Galerie-Roberta-Keil.jpeg\" class=\"img-fluid w-100\" alt=\"Memorize Me , Artwork by Stefanie Moshammer\" srcset=\"https:\/\/luxiders.com\/content\/uploads\/Paper-Positions-2026_Luxiders_\u00a9Stefanie-Moshammer_Memorize-Me_2022_Archival-inkjet-print-Holzrahmen-Glas_90-\u00d7-65-cm_Courtesy-Galerie-Roberta-Keil.jpeg 1200w, https:\/\/luxiders.com\/content\/uploads\/Paper-Positions-2026_Luxiders_\u00a9Stefanie-Moshammer_Memorize-Me_2022_Archival-inkjet-print-Holzrahmen-Glas_90-\u00d7-65-cm_Courtesy-Galerie-Roberta-Keil-239x300.jpeg 239w, https:\/\/luxiders.com\/content\/uploads\/Paper-Positions-2026_Luxiders_\u00a9Stefanie-Moshammer_Memorize-Me_2022_Archival-inkjet-print-Holzrahmen-Glas_90-\u00d7-65-cm_Courtesy-Galerie-Roberta-Keil-815x1024.jpeg 815w, https:\/\/luxiders.com\/content\/uploads\/Paper-Positions-2026_Luxiders_\u00a9Stefanie-Moshammer_Memorize-Me_2022_Archival-inkjet-print-Holzrahmen-Glas_90-\u00d7-65-cm_Courtesy-Galerie-Roberta-Keil-768x965.jpeg 768w\" sizes=\"(max-width: 1200px) 100vw, 1200px\" \/><\/div><figcaption>\u00a9Stefanie Moshammer. Memorize Me. 2022. Archival inkjet print Holzrahmen Glas 90 \u00d7 65 cm. Courtesy by Galerie Roberta Keil.<\/figcaption><\/figure>                                                                                            <\/div>\n                                            <\/div>\n        <\/div>\n    <\/section>\n    \n\n    <section id=\"textblock-block_4d7f35e1f332f09cbce04cb9f5801ae1\" class=\"section position-relative gp-block gp-textblock pt-5 pb-5\">\n        <div class=\"container\">\n            <div class=\"row g-0\">\n                <div class=\"col-lg-12 content\" data-aos=\"fade-in\" data-aos-duration=\"1000\">\n                                                                                <h3><a href=\"https:\/\/www.instagram.com\/stefanie_moshammer\/\" target=\"_blank\" rel=\"noopener\">Stefanie Moshammer<\/a><\/h3>\n<p>Entre lo \u00edntimo y lo social, Stefanie Moshammer crea im\u00e1genes que seducen y descolocan. Color, textura, tensi\u00f3n contempor\u00e1nea. Sus fotograf\u00edas no se limitan a documentar la realidad. La desnudan, la iluminan y la cuestionan.<\/p>\n<p>Stefanie Moshammer (nacida en Viena en 1988) navega en su obra entre una narrativa profundamente personal y una documentaci\u00f3n febril de nuestro presente. En sus mundos visuales, los l\u00edmites entre la experiencia concreta y la puesta en escena est\u00e9tica se funden para crear una realidad \u00fanica e intensamente rica. M\u00e1s que capturar momentos fugaces, la artista austr\u00edaca utiliza la fotograf\u00eda como herramienta de investigaci\u00f3n, empleando de forma deliberada la luz, la extrema saturaci\u00f3n crom\u00e1tica y las texturas para transformar el papel sobre el que imprime en un dep\u00f3sito de temas como la identidad, el anhelo y la transformaci\u00f3n digital global. Con su c\u00e1mara, Moshammer disecciona las capas ocultas de la vida cotidiana, haciendo accesibles al espectador las tensiones entre la intimidad privada y las fracturas sociales.<\/p>\n<p>La artista ser\u00e1 representada en paper positions berlin 2026 por <strong>Galerie Roberta Keil<\/strong> de Viena.<\/p>\n<p>&nbsp;<\/p>\n<h3>Gottfried Honegger<\/h3>\n<p>En tiempos de ruido, Gottfried Honegger ofrece claridad. Geometr\u00eda, ritmo, equilibrio. Su obra demuestra que el orden tambi\u00e9n puede conmovernos y que la simplicidad, cuando nace del pensamiento, posee una elegancia eterna.<\/p>\n<p>Nacido en 1917 en Z\u00farich y fallecido en 2016 en la misma ciudad, Gottfried Honegger trabaj\u00f3 en la intersecci\u00f3n entre la l\u00f3gica matem\u00e1tica y la libertad art\u00edstica. En una obra que entrelaza geometr\u00eda estricta y azar, cre\u00f3 piezas de una claridad casi meditativa y absolutamente atemporal. Como cofundador del movimiento de Arte Concreto de Z\u00farich, no ve\u00eda las ret\u00edculas como una prisi\u00f3n, sino como una forma de liberaci\u00f3n. A trav\u00e9s de una manipulaci\u00f3n precisa del volumen, la estructura y el color, el papel se convierte en una disciplina visual que resiste la arbitrariedad. En su b\u00fasqueda de la forma absoluta, Honegger radicaliz\u00f3 el proceso del pliage (plegado) y los c\u00e1lculos aleatorios asistidos por ordenador de su \u00e9poca, haciendo tangible para nosotros el orden del mundo.<\/p>\n<p>El artista ser\u00e1 representado en paper positions berlin 2026 por <strong>Brita Prinz Arte Gallery<\/strong> de Madrid.<\/p>\n                                                        <\/div>\n            <\/div>\n        <\/div>\n    <\/section>\n    \n\n    <section id=\"media-block_721c6a27a8876ced353e9a7cd419a80a\" class=\"section position-relative gp-block gp-media pt-5 pb-5\">\n        <div class=\"container\">\n            <div class=\"row g-0\">\n                <div class=\"col-lg-12 content\" data-aos=\"fade-in\" data-aos-duration=\"1000\">\n                                                                            <\/div>\n            <\/div>\n            <div class=\"row g-0\">\n                <div class=\"col-lg-12 img-scaled\">\n                                                                                                                                                <figure class=\"mb-4 pt-lg-0 mb-lg-0 ps-lg-0 pe-lg-0\" data-aos=\"fade-up\" data-aos-duration=\"1000\"><div class=\"img-container\"><img loading=\"lazy\" decoding=\"async\" width=\"1200\" height=\"1559\" src=\"https:\/\/luxiders.com\/content\/uploads\/Paper-Positions-2026_Luxiders_\u00a9Cathrin-Hoffmann_Fremde-Wege-Gleiche-Nacht_2026_Ol-auf-Leinenpapier_65-\u00d7-50-cm_courtesy-FRIDAY-BIRD.jpeg\" class=\"img-fluid w-100\" alt=\"Cathrin Hoffmann Artwork. Fremde Wege Gleiche Nacht, 2026.\" srcset=\"https:\/\/luxiders.com\/content\/uploads\/Paper-Positions-2026_Luxiders_\u00a9Cathrin-Hoffmann_Fremde-Wege-Gleiche-Nacht_2026_Ol-auf-Leinenpapier_65-\u00d7-50-cm_courtesy-FRIDAY-BIRD.jpeg 1200w, https:\/\/luxiders.com\/content\/uploads\/Paper-Positions-2026_Luxiders_\u00a9Cathrin-Hoffmann_Fremde-Wege-Gleiche-Nacht_2026_Ol-auf-Leinenpapier_65-\u00d7-50-cm_courtesy-FRIDAY-BIRD-231x300.jpeg 231w, https:\/\/luxiders.com\/content\/uploads\/Paper-Positions-2026_Luxiders_\u00a9Cathrin-Hoffmann_Fremde-Wege-Gleiche-Nacht_2026_Ol-auf-Leinenpapier_65-\u00d7-50-cm_courtesy-FRIDAY-BIRD-788x1024.jpeg 788w, https:\/\/luxiders.com\/content\/uploads\/Paper-Positions-2026_Luxiders_\u00a9Cathrin-Hoffmann_Fremde-Wege-Gleiche-Nacht_2026_Ol-auf-Leinenpapier_65-\u00d7-50-cm_courtesy-FRIDAY-BIRD-768x998.jpeg 768w, https:\/\/luxiders.com\/content\/uploads\/Paper-Positions-2026_Luxiders_\u00a9Cathrin-Hoffmann_Fremde-Wege-Gleiche-Nacht_2026_Ol-auf-Leinenpapier_65-\u00d7-50-cm_courtesy-FRIDAY-BIRD-1182x1536.jpeg 1182w\" sizes=\"(max-width: 1200px) 100vw, 1200px\" \/><\/div><figcaption>\u00a9 Cathrin Hoffmann. Fremde Wege Gleiche Nacht, 2026. Ol-auf-Leinenpapier 65 \u00d7 50 cm. Courtesy by FRIDAY BIRD.<\/figcaption><\/figure>                                                                                            <\/div>\n                                            <\/div>\n        <\/div>\n    <\/section>\n    \n\n    <section id=\"textblock-block_adf8384a98b3fc670851b45558c6b412\" class=\"section position-relative gp-block gp-textblock pt-5 pb-5\">\n        <div class=\"container\">\n            <div class=\"row g-0\">\n                <div class=\"col-lg-12 content\" data-aos=\"fade-in\" data-aos-duration=\"1000\">\n                                                                        <h2 class=\"\">Paper Positions 2026\n<\/h2>\n                                                                                                        <p>Del 30 de abril al 3 de mayo de 2026, el aeropuerto de Tempelhof se convertir\u00e1 en un santuario contempor\u00e1neo donde el papel habla en muchos lenguajes. Coincidiendo con Gallery Weekend Berlin, galer\u00edas internacionales presentan obras que ampl\u00edan los l\u00edmites del dibujo, la fotograf\u00eda, el collage y la experimentaci\u00f3n material.<\/p>\n<p>M\u00e1s que una feria de arte, esta edici\u00f3n se siente como una declaraci\u00f3n silenciosa. En una era dominada por pantallas veloces, el papel nos recuerda una vez m\u00e1s el valor del gesto, la textura, la pausa y la huella humana.<\/p>\n<p>Algunas exposiciones se visitan. Otras, como <a href=\"https:\/\/luxiders.com\/fashion-positions-2025-berlin-labels-redefine-the-intersection-of-art-and-fashion\/\" target=\"_blank\" rel=\"noopener\">Fashion Positions Berlin<\/a>, permanecen contigo mucho tiempo despu\u00e9s de salir de ellas.<\/p>\n                                                        <\/div>\n            <\/div>\n        <\/div>\n    <\/section>\n    \n\n    <section id=\"textblock-block_7f925aa30f5662520b67076a2cb67fdb\" class=\"section position-relative gp-block gp-textblock pt-5 pb-5 pb-lg-8\">\n        <div class=\"container\">\n            <div class=\"row g-0\">\n                <div class=\"col-lg-12 content\" data-aos=\"fade-in\" data-aos-duration=\"1000\">\n                                                                                <p style=\"text-align: center;\"><strong><i>Hightlight Image:<\/i><i><br \/>\n<\/i><i>\u00a9Annegret Soltau<\/i><\/strong><\/p>\n                                                        <\/div>\n            <\/div>\n        <\/div>\n    <\/section>\n    ","protected":false},"excerpt":{"rendered":"","protected":false},"author":2,"featured_media":60989,"comment_status":"closed","ping_status":"closed","sticky":false,"template":"","format":"standard","meta":{"_acf_changed":false,"footnotes":""},"categories":[378,1187],"tags":[10569,10568],"class_list":{"0":"post-60985","1":"post","2":"type-post","3":"status-publish","4":"format-standard","5":"has-post-thumbnail","7":"category-arte-cultura","8":"category-lujo-sostenible-diseno","9":"tag-artistas-del-papel","10":"tag-paper-positions-berlin-2026-es"},"acf":[],"yoast_head":"<title>Artistas del papel que debes seguir ahora: Paper Positions 2026<\/title>\n<meta name=\"description\" content=\"Descubre a los artistas visionarios de paper positions berlin 2026. Artistas contempor\u00e1neos del papel que est\u00e1n redefiniendo el futuro\" \/>\n<meta name=\"robots\" content=\"index, follow, max-snippet:-1, max-image-preview:large, max-video-preview:-1\" \/>\n<link rel=\"canonical\" href=\"https:\/\/luxiders.com\/es\/artistas-del-papel-que-debes-seguir-ahora-paper-positions-2026\/\" \/>\n<meta property=\"og:locale\" content=\"es_ES\" \/>\n<meta property=\"og:type\" content=\"article\" \/>\n<meta property=\"og:title\" content=\"Artistas del papel que debes seguir ahora: Paper Positions 2026\" \/>\n<meta property=\"og:description\" content=\"Descubre a los artistas visionarios de paper positions berlin 2026. Artistas contempor\u00e1neos del papel que est\u00e1n redefiniendo el futuro\" \/>\n<meta property=\"og:url\" content=\"https:\/\/luxiders.com\/es\/artistas-del-papel-que-debes-seguir-ahora-paper-positions-2026\/\" \/>\n<meta property=\"og:site_name\" content=\"Sustainable Fashion - Eco Design - Healthy Lifestyle - Luxiders Magazine\" \/>\n<meta property=\"article:published_time\" content=\"2026-04-21T11:49:09+00:00\" \/>\n<meta property=\"article:modified_time\" content=\"2026-04-21T13:20:11+00:00\" \/>\n<meta property=\"og:image\" content=\"https:\/\/luxiders.com\/content\/uploads\/Paper-Positions-2026_Luxiders_\u00a9Annegret-Soltau_GENERATIV-SELBSTdoppelt-mit-TOCHTER-und-URGROSSMUTTER-doppelt_1996_Fotovernahung_17x14-cm_Courtesy-Galerie-Bachlechner.jpeg\" \/>\n\t<meta property=\"og:image:width\" content=\"1200\" \/>\n\t<meta property=\"og:image:height\" content=\"1514\" \/>\n\t<meta property=\"og:image:type\" content=\"image\/jpeg\" \/>\n<meta name=\"author\" content=\"luxiders\" \/>\n<meta name=\"twitter:card\" content=\"summary_large_image\" \/>\n<meta name=\"twitter:label1\" content=\"Written by\" \/>\n\t<meta name=\"twitter:data1\" content=\"luxiders\" \/>\n\t<meta name=\"twitter:label2\" content=\"Est. reading time\" \/>\n\t<meta name=\"twitter:data2\" content=\"7 minutes\" \/>\n<script type=\"application\/ld+json\" class=\"yoast-schema-graph\">{\"@context\":\"https:\/\/schema.org\",\"@graph\":[{\"@type\":\"Article\",\"@id\":\"https:\/\/luxiders.com\/es\/artistas-del-papel-que-debes-seguir-ahora-paper-positions-2026\/#article\",\"isPartOf\":{\"@id\":\"https:\/\/luxiders.com\/es\/artistas-del-papel-que-debes-seguir-ahora-paper-positions-2026\/\"},\"author\":{\"name\":\"luxiders\",\"@id\":\"https:\/\/luxiders.com\/es\/#\/schema\/person\/8632fa702ae2ce98f66c396254633de8\"},\"headline\":\"Artistas del papel que debes seguir ahora: Paper Positions 2026\",\"datePublished\":\"2026-04-21T11:49:09+00:00\",\"dateModified\":\"2026-04-21T13:20:11+00:00\",\"mainEntityOfPage\":{\"@id\":\"https:\/\/luxiders.com\/es\/artistas-del-papel-que-debes-seguir-ahora-paper-positions-2026\/\"},\"wordCount\":9,\"publisher\":{\"@id\":\"https:\/\/luxiders.com\/es\/#organization\"},\"image\":{\"@id\":\"https:\/\/luxiders.com\/es\/artistas-del-papel-que-debes-seguir-ahora-paper-positions-2026\/#primaryimage\"},\"thumbnailUrl\":\"https:\/\/luxiders.com\/content\/uploads\/Paper-Positions-2026_Luxiders_\u00a9Annegret-Soltau_GENERATIV-SELBSTdoppelt-mit-TOCHTER-und-URGROSSMUTTER-doppelt_1996_Fotovernahung_17x14-cm_Courtesy-Galerie-Bachlechner.jpeg\",\"keywords\":[\"Artistas del papel\",\"paper positions berlin 2026\"],\"articleSection\":[\"Arte\/Cultura\",\"Dise\u00f1o\"],\"inLanguage\":\"es-ES\"},{\"@type\":\"WebPage\",\"@id\":\"https:\/\/luxiders.com\/es\/artistas-del-papel-que-debes-seguir-ahora-paper-positions-2026\/\",\"url\":\"https:\/\/luxiders.com\/es\/artistas-del-papel-que-debes-seguir-ahora-paper-positions-2026\/\",\"name\":\"Artistas del papel que debes seguir ahora: Paper Positions 2026\",\"isPartOf\":{\"@id\":\"https:\/\/luxiders.com\/es\/#website\"},\"primaryImageOfPage\":{\"@id\":\"https:\/\/luxiders.com\/es\/artistas-del-papel-que-debes-seguir-ahora-paper-positions-2026\/#primaryimage\"},\"image\":{\"@id\":\"https:\/\/luxiders.com\/es\/artistas-del-papel-que-debes-seguir-ahora-paper-positions-2026\/#primaryimage\"},\"thumbnailUrl\":\"https:\/\/luxiders.com\/content\/uploads\/Paper-Positions-2026_Luxiders_\u00a9Annegret-Soltau_GENERATIV-SELBSTdoppelt-mit-TOCHTER-und-URGROSSMUTTER-doppelt_1996_Fotovernahung_17x14-cm_Courtesy-Galerie-Bachlechner.jpeg\",\"datePublished\":\"2026-04-21T11:49:09+00:00\",\"dateModified\":\"2026-04-21T13:20:11+00:00\",\"description\":\"Descubre a los artistas visionarios de paper positions berlin 2026. Artistas contempor\u00e1neos del papel que est\u00e1n redefiniendo el futuro\",\"breadcrumb\":{\"@id\":\"https:\/\/luxiders.com\/es\/artistas-del-papel-que-debes-seguir-ahora-paper-positions-2026\/#breadcrumb\"},\"inLanguage\":\"es-ES\",\"potentialAction\":[{\"@type\":\"ReadAction\",\"target\":[\"https:\/\/luxiders.com\/es\/artistas-del-papel-que-debes-seguir-ahora-paper-positions-2026\/\"]}]},{\"@type\":\"ImageObject\",\"inLanguage\":\"es-ES\",\"@id\":\"https:\/\/luxiders.com\/es\/artistas-del-papel-que-debes-seguir-ahora-paper-positions-2026\/#primaryimage\",\"url\":\"https:\/\/luxiders.com\/content\/uploads\/Paper-Positions-2026_Luxiders_\u00a9Annegret-Soltau_GENERATIV-SELBSTdoppelt-mit-TOCHTER-und-URGROSSMUTTER-doppelt_1996_Fotovernahung_17x14-cm_Courtesy-Galerie-Bachlechner.jpeg\",\"contentUrl\":\"https:\/\/luxiders.com\/content\/uploads\/Paper-Positions-2026_Luxiders_\u00a9Annegret-Soltau_GENERATIV-SELBSTdoppelt-mit-TOCHTER-und-URGROSSMUTTER-doppelt_1996_Fotovernahung_17x14-cm_Courtesy-Galerie-Bachlechner.jpeg\",\"width\":1200,\"height\":1514,\"caption\":\"\u00a9Annegret Soltau. GENERATIV SELBST. Doppelt mit TOCHTER und URGROSSMUTTER doppelt,1996. Fotovernahung 17x14 cm. Courtesy by Galerie Bachlechner.\"},{\"@type\":\"BreadcrumbList\",\"@id\":\"https:\/\/luxiders.com\/es\/artistas-del-papel-que-debes-seguir-ahora-paper-positions-2026\/#breadcrumb\",\"itemListElement\":[{\"@type\":\"ListItem\",\"position\":1,\"name\":\"Startseite\",\"item\":\"https:\/\/luxiders.com\/es\/\"},{\"@type\":\"ListItem\",\"position\":2,\"name\":\"Arte\/Cultura\",\"item\":\"https:\/\/luxiders.com\/es\/category\/arte-cultura\/\"},{\"@type\":\"ListItem\",\"position\":3,\"name\":\"Artistas del papel que debes seguir ahora: Paper Positions 2026\"}]},{\"@type\":\"WebSite\",\"@id\":\"https:\/\/luxiders.com\/es\/#website\",\"url\":\"https:\/\/luxiders.com\/es\/\",\"name\":\"Sustainable Fashion - Eco Design - Healthy Lifestyle - Luxiders Magazine\",\"description\":\"Luxiders is a sustainable luxury magazine highlighting the best stories about sustainable fashion, ethical fashion, eco-friendly design, green design, sustainable travel, natural beauty, organic beauty and healthy lifestyle. Know the best high-end, progressive and luxury sustainable brands and designers worldwide.\",\"publisher\":{\"@id\":\"https:\/\/luxiders.com\/es\/#organization\"},\"potentialAction\":[{\"@type\":\"SearchAction\",\"target\":{\"@type\":\"EntryPoint\",\"urlTemplate\":\"https:\/\/luxiders.com\/es\/?s={search_term_string}\"},\"query-input\":{\"@type\":\"PropertyValueSpecification\",\"valueRequired\":true,\"valueName\":\"search_term_string\"}}],\"inLanguage\":\"es-ES\"},{\"@type\":\"Organization\",\"@id\":\"https:\/\/luxiders.com\/es\/#organization\",\"name\":\"Sustainable Fashion - Eco Design - Healthy Lifestyle - Luxiders Magazine\",\"url\":\"https:\/\/luxiders.com\/es\/\",\"logo\":{\"@type\":\"ImageObject\",\"inLanguage\":\"es-ES\",\"@id\":\"https:\/\/luxiders.com\/es\/#\/schema\/logo\/image\/\",\"url\":\"https:\/\/luxiders.com\/content\/uploads\/lux-logo.svg\",\"contentUrl\":\"https:\/\/luxiders.com\/content\/uploads\/lux-logo.svg\",\"caption\":\"Sustainable Fashion - Eco Design - Healthy Lifestyle - Luxiders Magazine\"},\"image\":{\"@id\":\"https:\/\/luxiders.com\/es\/#\/schema\/logo\/image\/\"}},{\"@type\":\"Person\",\"@id\":\"https:\/\/luxiders.com\/es\/#\/schema\/person\/8632fa702ae2ce98f66c396254633de8\",\"name\":\"luxiders\",\"url\":\"https:\/\/luxiders.com\/es\/author\/luxiders\/\"}]}<\/script>","yoast_head_json":{"title":"Artistas del papel que debes seguir ahora: Paper Positions 2026","description":"Descubre a los artistas visionarios de paper positions berlin 2026. Artistas contempor\u00e1neos del papel que est\u00e1n redefiniendo el futuro","robots":{"index":"index","follow":"follow","max-snippet":"max-snippet:-1","max-image-preview":"max-image-preview:large","max-video-preview":"max-video-preview:-1"},"canonical":"https:\/\/luxiders.com\/es\/artistas-del-papel-que-debes-seguir-ahora-paper-positions-2026\/","og_locale":"es_ES","og_type":"article","og_title":"Artistas del papel que debes seguir ahora: Paper Positions 2026","og_description":"Descubre a los artistas visionarios de paper positions berlin 2026. Artistas contempor\u00e1neos del papel que est\u00e1n redefiniendo el futuro","og_url":"https:\/\/luxiders.com\/es\/artistas-del-papel-que-debes-seguir-ahora-paper-positions-2026\/","og_site_name":"Sustainable Fashion - Eco Design - Healthy Lifestyle - Luxiders Magazine","article_published_time":"2026-04-21T11:49:09+00:00","article_modified_time":"2026-04-21T13:20:11+00:00","og_image":[{"width":1200,"height":1514,"url":"https:\/\/luxiders.com\/content\/uploads\/Paper-Positions-2026_Luxiders_\u00a9Annegret-Soltau_GENERATIV-SELBSTdoppelt-mit-TOCHTER-und-URGROSSMUTTER-doppelt_1996_Fotovernahung_17x14-cm_Courtesy-Galerie-Bachlechner.jpeg","type":"image\/jpeg"}],"author":"luxiders","twitter_card":"summary_large_image","twitter_misc":{"Written by":"luxiders","Est. reading time":"7 minutes"},"schema":{"@context":"https:\/\/schema.org","@graph":[{"@type":"Article","@id":"https:\/\/luxiders.com\/es\/artistas-del-papel-que-debes-seguir-ahora-paper-positions-2026\/#article","isPartOf":{"@id":"https:\/\/luxiders.com\/es\/artistas-del-papel-que-debes-seguir-ahora-paper-positions-2026\/"},"author":{"name":"luxiders","@id":"https:\/\/luxiders.com\/es\/#\/schema\/person\/8632fa702ae2ce98f66c396254633de8"},"headline":"Artistas del papel que debes seguir ahora: Paper Positions 2026","datePublished":"2026-04-21T11:49:09+00:00","dateModified":"2026-04-21T13:20:11+00:00","mainEntityOfPage":{"@id":"https:\/\/luxiders.com\/es\/artistas-del-papel-que-debes-seguir-ahora-paper-positions-2026\/"},"wordCount":9,"publisher":{"@id":"https:\/\/luxiders.com\/es\/#organization"},"image":{"@id":"https:\/\/luxiders.com\/es\/artistas-del-papel-que-debes-seguir-ahora-paper-positions-2026\/#primaryimage"},"thumbnailUrl":"https:\/\/luxiders.com\/content\/uploads\/Paper-Positions-2026_Luxiders_\u00a9Annegret-Soltau_GENERATIV-SELBSTdoppelt-mit-TOCHTER-und-URGROSSMUTTER-doppelt_1996_Fotovernahung_17x14-cm_Courtesy-Galerie-Bachlechner.jpeg","keywords":["Artistas del papel","paper positions berlin 2026"],"articleSection":["Arte\/Cultura","Dise\u00f1o"],"inLanguage":"es-ES"},{"@type":"WebPage","@id":"https:\/\/luxiders.com\/es\/artistas-del-papel-que-debes-seguir-ahora-paper-positions-2026\/","url":"https:\/\/luxiders.com\/es\/artistas-del-papel-que-debes-seguir-ahora-paper-positions-2026\/","name":"Artistas del papel que debes seguir ahora: Paper Positions 2026","isPartOf":{"@id":"https:\/\/luxiders.com\/es\/#website"},"primaryImageOfPage":{"@id":"https:\/\/luxiders.com\/es\/artistas-del-papel-que-debes-seguir-ahora-paper-positions-2026\/#primaryimage"},"image":{"@id":"https:\/\/luxiders.com\/es\/artistas-del-papel-que-debes-seguir-ahora-paper-positions-2026\/#primaryimage"},"thumbnailUrl":"https:\/\/luxiders.com\/content\/uploads\/Paper-Positions-2026_Luxiders_\u00a9Annegret-Soltau_GENERATIV-SELBSTdoppelt-mit-TOCHTER-und-URGROSSMUTTER-doppelt_1996_Fotovernahung_17x14-cm_Courtesy-Galerie-Bachlechner.jpeg","datePublished":"2026-04-21T11:49:09+00:00","dateModified":"2026-04-21T13:20:11+00:00","description":"Descubre a los artistas visionarios de paper positions berlin 2026. Artistas contempor\u00e1neos del papel que est\u00e1n redefiniendo el futuro","breadcrumb":{"@id":"https:\/\/luxiders.com\/es\/artistas-del-papel-que-debes-seguir-ahora-paper-positions-2026\/#breadcrumb"},"inLanguage":"es-ES","potentialAction":[{"@type":"ReadAction","target":["https:\/\/luxiders.com\/es\/artistas-del-papel-que-debes-seguir-ahora-paper-positions-2026\/"]}]},{"@type":"ImageObject","inLanguage":"es-ES","@id":"https:\/\/luxiders.com\/es\/artistas-del-papel-que-debes-seguir-ahora-paper-positions-2026\/#primaryimage","url":"https:\/\/luxiders.com\/content\/uploads\/Paper-Positions-2026_Luxiders_\u00a9Annegret-Soltau_GENERATIV-SELBSTdoppelt-mit-TOCHTER-und-URGROSSMUTTER-doppelt_1996_Fotovernahung_17x14-cm_Courtesy-Galerie-Bachlechner.jpeg","contentUrl":"https:\/\/luxiders.com\/content\/uploads\/Paper-Positions-2026_Luxiders_\u00a9Annegret-Soltau_GENERATIV-SELBSTdoppelt-mit-TOCHTER-und-URGROSSMUTTER-doppelt_1996_Fotovernahung_17x14-cm_Courtesy-Galerie-Bachlechner.jpeg","width":1200,"height":1514,"caption":"\u00a9Annegret Soltau. GENERATIV SELBST. Doppelt mit TOCHTER und URGROSSMUTTER doppelt,1996. Fotovernahung 17x14 cm. Courtesy by Galerie Bachlechner."},{"@type":"BreadcrumbList","@id":"https:\/\/luxiders.com\/es\/artistas-del-papel-que-debes-seguir-ahora-paper-positions-2026\/#breadcrumb","itemListElement":[{"@type":"ListItem","position":1,"name":"Startseite","item":"https:\/\/luxiders.com\/es\/"},{"@type":"ListItem","position":2,"name":"Arte\/Cultura","item":"https:\/\/luxiders.com\/es\/category\/arte-cultura\/"},{"@type":"ListItem","position":3,"name":"Artistas del papel que debes seguir ahora: Paper Positions 2026"}]},{"@type":"WebSite","@id":"https:\/\/luxiders.com\/es\/#website","url":"https:\/\/luxiders.com\/es\/","name":"Sustainable Fashion - Eco Design - Healthy Lifestyle - Luxiders Magazine","description":"Luxiders is a sustainable luxury magazine highlighting the best stories about sustainable fashion, ethical fashion, eco-friendly design, green design, sustainable travel, natural beauty, organic beauty and healthy lifestyle. Know the best high-end, progressive and luxury sustainable brands and designers worldwide.","publisher":{"@id":"https:\/\/luxiders.com\/es\/#organization"},"potentialAction":[{"@type":"SearchAction","target":{"@type":"EntryPoint","urlTemplate":"https:\/\/luxiders.com\/es\/?s={search_term_string}"},"query-input":{"@type":"PropertyValueSpecification","valueRequired":true,"valueName":"search_term_string"}}],"inLanguage":"es-ES"},{"@type":"Organization","@id":"https:\/\/luxiders.com\/es\/#organization","name":"Sustainable Fashion - Eco Design - Healthy Lifestyle - Luxiders Magazine","url":"https:\/\/luxiders.com\/es\/","logo":{"@type":"ImageObject","inLanguage":"es-ES","@id":"https:\/\/luxiders.com\/es\/#\/schema\/logo\/image\/","url":"https:\/\/luxiders.com\/content\/uploads\/lux-logo.svg","contentUrl":"https:\/\/luxiders.com\/content\/uploads\/lux-logo.svg","caption":"Sustainable Fashion - Eco Design - Healthy Lifestyle - Luxiders Magazine"},"image":{"@id":"https:\/\/luxiders.com\/es\/#\/schema\/logo\/image\/"}},{"@type":"Person","@id":"https:\/\/luxiders.com\/es\/#\/schema\/person\/8632fa702ae2ce98f66c396254633de8","name":"luxiders","url":"https:\/\/luxiders.com\/es\/author\/luxiders\/"}]}},"_links":{"self":[{"href":"https:\/\/luxiders.com\/es\/wp-json\/wp\/v2\/posts\/60985","targetHints":{"allow":["GET"]}}],"collection":[{"href":"https:\/\/luxiders.com\/es\/wp-json\/wp\/v2\/posts"}],"about":[{"href":"https:\/\/luxiders.com\/es\/wp-json\/wp\/v2\/types\/post"}],"author":[{"embeddable":true,"href":"https:\/\/luxiders.com\/es\/wp-json\/wp\/v2\/users\/2"}],"replies":[{"embeddable":true,"href":"https:\/\/luxiders.com\/es\/wp-json\/wp\/v2\/comments?post=60985"}],"version-history":[{"count":2,"href":"https:\/\/luxiders.com\/es\/wp-json\/wp\/v2\/posts\/60985\/revisions"}],"predecessor-version":[{"id":61019,"href":"https:\/\/luxiders.com\/es\/wp-json\/wp\/v2\/posts\/60985\/revisions\/61019"}],"wp:featuredmedia":[{"embeddable":true,"href":"https:\/\/luxiders.com\/es\/wp-json\/wp\/v2\/media\/60989"}],"wp:attachment":[{"href":"https:\/\/luxiders.com\/es\/wp-json\/wp\/v2\/media?parent=60985"}],"wp:term":[{"taxonomy":"category","embeddable":true,"href":"https:\/\/luxiders.com\/es\/wp-json\/wp\/v2\/categories?post=60985"},{"taxonomy":"post_tag","embeddable":true,"href":"https:\/\/luxiders.com\/es\/wp-json\/wp\/v2\/tags?post=60985"}],"curies":[{"name":"wp","href":"https:\/\/api.w.org\/{rel}","templated":true}]}}