{"id":63036,"date":"2026-08-10T16:39:19","date_gmt":"2026-08-10T14:39:19","guid":{"rendered":"https:\/\/luxiders.com\/?p=63036"},"modified":"2026-08-10T17:39:34","modified_gmt":"2026-08-10T15:39:34","slug":"por-que-elegir-moda-natural-es-importante-impacto-de-los-tejidos-sinteticos-en-la-salud-el-medio-ambiente-y-los-microplasticos","status":"publish","type":"post","link":"https:\/\/luxiders.com\/es\/por-que-elegir-moda-natural-es-importante-impacto-de-los-tejidos-sinteticos-en-la-salud-el-medio-ambiente-y-los-microplasticos\/","title":{"rendered":"Por qu\u00e9 elegir moda natural es importante | Impacto de los tejidos sint\u00e9ticos en la salud, el medio ambiente y los micropl\u00e1sticos"},"content":{"rendered":"    <section id=\"textblock-block_f58389b2b6ff9ca36dd1d0fca5d39980\" class=\"section position-relative gp-block gp-textblock pt-0 pb-0\">\n        <div class=\"container\">\n            <div class=\"row g-0\">\n                <div class=\"col-lg-12 content\" data-aos=\"fade-in\" data-aos-duration=\"1000\">\n                                                                                    <div class=\"intro \">\n                            <p style=\"text-align: center;\">Descubre por qu\u00e9 la ropa creada con fibras naturales es mejor para tu salud y para el planeta. Conoce c\u00f3mo los tejidos sint\u00e9ticos contribuyen a la contaminaci\u00f3n, la liberaci\u00f3n de micropl\u00e1sticos y los residuos textiles, y descubre las ventajas de elegir alternativas naturales.<\/p>\n                        <\/div>\n                                                                                                <\/div>\n            <\/div>\n        <\/div>\n    <\/section>\n    \n\n    <section id=\"newsletter-block_a56e412c995aef23905c90025eb57c38\" class=\"section position-relative gp-block gp-newsletter pt-0 pb-0 my-5\">\n        <div class=\"container\">\n            <div class=\"row g-0 pt-4 pb-3\">\n                <div class=\"col-lg-12 content text-center border pt-3\" data-aos=\"fade-in\" data-aos-duration=\"1000\">\n                                            <p><em>Para recibir el Newsletter de Luxiders Magazine,\u00a0<a href=\"https:\/\/landing.mailerlite.com\/webforms\/landing\/w2a1t0\" target=\"_blank\" rel=\"noopener\">suscr\u00edbete aqu\u00ed<\/a><\/em><\/p>\n                                    <\/div>\n            <\/div>\n        <\/div>\n    <\/section>\n    \n\n    <section id=\"textblock-block_4b19f31cffeb339e6f25cb93175f04ef\" class=\"section position-relative gp-block gp-textblock pt-5 pb-5\">\n        <div class=\"container\">\n            <div class=\"row g-0\">\n                <div class=\"col-lg-12 content\" data-aos=\"fade-in\" data-aos-duration=\"1000\">\n                                                                        <h2 class=\"\">Por qu\u00e9 la moda natural importa hoy\n<\/h2>\n                                                                                                        <p>Las investigaciones cient\u00edficas recogidas por la organizaci\u00f3n Scienceinsights explican la multifuncionalidad de las fibras naturales tanto sobre la piel como en el medio ambiente. Las fibras naturales y las sint\u00e9ticas se diferencian principalmente en la forma en que interact\u00faan con la humedad y con la piel. Los tejidos de origen vegetal, como el algod\u00f3n y el bamb\u00fa, pueden absorber y retener la humedad, ayudando a evacuar el sudor de la piel y reduciendo esa inc\u00f3moda sensaci\u00f3n pegajosa tan habitual en tejidos sint\u00e9ticos como el poli\u00e9ster, que repelen el agua y atrapan el sudor. Esta diferencia tiene su origen en la qu\u00edmica: la estructura molecular poco compacta de las fibras naturales favorece la absorci\u00f3n de la humedad, mientras que la estructura densamente compactada del poli\u00e9ster la mantiene fuera. Como resultado, las fibras naturales generan menos electricidad est\u00e1tica.<\/p>\n<p>Las fibras naturales tambi\u00e9n destacan por su capacidad aislante gracias a su arquitectura interna. Los canales huecos del algod\u00f3n y los n\u00facleos ondulados de la lana y el cachemir atrapan aire, creando una barrera natural frente a los cambios de temperatura. Sin embargo, la capacidad aislante del algod\u00f3n desaparece cuando se empapa, lo que lo hace menos adecuado para actividades de alta intensidad o lluvias intensas. La lana, por el contrario, conserva parte de su capacidad t\u00e9rmica incluso cuando est\u00e1 h\u00fameda gracias a su recubrimiento ceroso.<\/p>\n<p>La salud de la piel es otro aspecto fundamental. La superficie suave y absorbente del algod\u00f3n reduce la fricci\u00f3n y ayuda a mantener la piel m\u00e1s seca, algo beneficioso para quienes padecen eccema o tienen la piel sensible. La lana y las fibras sint\u00e9ticas pueden irritar a algunas personas, mientras que las fibras de bamb\u00fa muestran un potencial prometedor para mejorar el confort de la piel y aliviar las alergias, aunque la investigaci\u00f3n sobre este material todav\u00eda est\u00e1 en desarrollo.<\/p>\n<p>Por \u00faltimo, las fibras naturales, como la lana, resisten mucho mejor los malos olores que las sint\u00e9ticas. La superficie escamosa y recubierta de cera de la lana dificulta la proliferaci\u00f3n de las bacterias responsables del mal olor e incluso puede atraparlas y eliminarlas cuando te quitas la prenda. Esto significa que la ropa de lana puede usarse varias veces antes de lavarla, ahorrando agua y energ\u00eda y ofreciendo una ventaja pr\u00e1ctica y sostenible.<\/p>\n<p>En resumen, las <a href=\"https:\/\/luxiders.com\/natural-fabrics-sustainability\/\" target=\"_blank\" rel=\"noopener\">fibras naturales<\/a> son importantes porque se degradan con mayor facilidad, proceden de fuentes renovables y, por lo general, tienen una huella ambiental menor que las fibras sint\u00e9ticas. Elegir materiales como el algod\u00f3n, el c\u00e1\u00f1amo, el lino, el bamb\u00fa, la lana o la seda ayuda a que la industria textil utilice menos productos qu\u00edmicos nocivos y genere menos residuos, haciendo que la moda sea m\u00e1s sostenible y mejor para el planeta.<\/p>\n                                                        <\/div>\n            <\/div>\n        <\/div>\n    <\/section>\n    \n\n    <section id=\"media-block_6d374c8e80c5846ad2d44e926c0da460\" class=\"section position-relative gp-block gp-media pt-5 pb-5\">\n        <div class=\"container\">\n            <div class=\"row g-0\">\n                <div class=\"col-lg-12 content\" data-aos=\"fade-in\" data-aos-duration=\"1000\">\n                                                                            <\/div>\n            <\/div>\n            <div class=\"row g-0\">\n                <div class=\"col-lg-12 img-scaled\">\n                                                                                                                                                <figure class=\"mb-4 pt-lg-0 mb-lg-0 ps-lg-0 pe-lg-0\" data-aos=\"fade-up\" data-aos-duration=\"1000\"><div class=\"img-container\"><img loading=\"lazy\" decoding=\"async\" width=\"1920\" height=\"1275\" src=\"https:\/\/luxiders.com\/content\/uploads\/Les-Racines-du-Ciel-02-luxiders-magazine.jpg\" class=\"img-fluid w-100\" alt=\"les racines du ciel\" srcset=\"https:\/\/luxiders.com\/content\/uploads\/Les-Racines-du-Ciel-02-luxiders-magazine.jpg 1920w, https:\/\/luxiders.com\/content\/uploads\/Les-Racines-du-Ciel-02-luxiders-magazine-300x199.jpg 300w, https:\/\/luxiders.com\/content\/uploads\/Les-Racines-du-Ciel-02-luxiders-magazine-1024x680.jpg 1024w, https:\/\/luxiders.com\/content\/uploads\/Les-Racines-du-Ciel-02-luxiders-magazine-768x510.jpg 768w, https:\/\/luxiders.com\/content\/uploads\/Les-Racines-du-Ciel-02-luxiders-magazine-1536x1020.jpg 1536w\" sizes=\"(max-width: 1920px) 100vw, 1920px\" \/><\/div><figcaption>@Les Racines du Ciel<\/figcaption><\/figure>                                                                                            <\/div>\n                                            <\/div>\n        <\/div>\n    <\/section>\n    \n\n    <section id=\"textblock-block_e47d177a27d7263daeca0080ed16b754\" class=\"section position-relative gp-block gp-textblock pt-5 pb-5\">\n        <div class=\"container\">\n            <div class=\"row g-0\">\n                <div class=\"col-lg-12 content\" data-aos=\"fade-in\" data-aos-duration=\"1000\">\n                                                                        <h2 class=\"\">Por qu\u00e9 cada vez m\u00e1s marcas eligen monomateriales org\u00e1nicos\n<\/h2>\n                                                                                                        <p>Los monomateriales org\u00e1nicos son tejidos compuestos \u00edntegramente por una \u00fanica fibra de origen org\u00e1nico. En cambio, los tejidos mezclados se producen combinando dos o m\u00e1s fibras diferentes, por ejemplo, algod\u00f3n y poli\u00e9ster, con el objetivo de integrar las ventajas de cada una. Aunque estas mezclas buscan optimizar aspectos como la durabilidad, la elasticidad o el confort, los monomateriales org\u00e1nicos ofrecen una composici\u00f3n m\u00e1s simple con beneficios \u00fanicos.<\/p>\n<p>Los monomateriales org\u00e1nicos presentan importantes ventajas para la industria de la moda. Suelen tener un menor impacto ambiental, ya que su procesamiento requiere menos recursos, como energ\u00eda y agua. Adem\u00e1s, su composici\u00f3n uniforme hace que sean mucho m\u00e1s f\u00e1ciles de reciclar que los tejidos mezclados. Asimismo, las prendas confeccionadas con monomateriales suelen ofrecer una mayor calidad y durabilidad gracias a la consistencia de su color, textura y resistencia. Tambi\u00e9n suelen ser m\u00e1s f\u00e1ciles de cuidar, lo que incrementa su sostenibilidad a lo largo del tiempo.<\/p>\n<p>Descubre nuestras marcas favoritas de moda natural hecha con fibras naturales, respetando tanto tu salud como nuestro planeta.<\/p>\n                                                        <\/div>\n            <\/div>\n        <\/div>\n    <\/section>\n    \n\n    <section id=\"media-block_cb2ee7b3560faa2dd2975b930073faf1\" class=\"section position-relative gp-block gp-media pt-5 pb-5\">\n        <div class=\"container\">\n            <div class=\"row g-0\">\n                <div class=\"col-lg-12 content\" data-aos=\"fade-in\" data-aos-duration=\"1000\">\n                                                                            <\/div>\n            <\/div>\n            <div class=\"row g-0\">\n                <div class=\"col-lg-12 img-scaled\">\n                                                                                                                                                <figure class=\"mb-4 pt-lg-1 mb-lg-0 ps-lg-2 pe-lg-2\" data-aos=\"fade-up\" data-aos-duration=\"1000\"><div class=\"img-container\"><img loading=\"lazy\" decoding=\"async\" width=\"1200\" height=\"1800\" src=\"https:\/\/luxiders.com\/content\/uploads\/les-racines-du-ciel-08-luxiders-magazine.jpg\" class=\"img-fluid w-100\" alt=\"Woman wearing natural fashion by Les Racines du Ciel\" srcset=\"https:\/\/luxiders.com\/content\/uploads\/les-racines-du-ciel-08-luxiders-magazine.jpg 1200w, https:\/\/luxiders.com\/content\/uploads\/les-racines-du-ciel-08-luxiders-magazine-200x300.jpg 200w, https:\/\/luxiders.com\/content\/uploads\/les-racines-du-ciel-08-luxiders-magazine-683x1024.jpg 683w, https:\/\/luxiders.com\/content\/uploads\/les-racines-du-ciel-08-luxiders-magazine-768x1152.jpg 768w, https:\/\/luxiders.com\/content\/uploads\/les-racines-du-ciel-08-luxiders-magazine-1024x1536.jpg 1024w\" sizes=\"(max-width: 1200px) 100vw, 1200px\" \/><\/div><figcaption>@Les Racines du Ciel<\/figcaption><\/figure>                                                                                            <\/div>\n                                            <\/div>\n        <\/div>\n    <\/section>\n    \n\n    <section id=\"textblock-block_494d5b76937e7c435b16687b1f585967\" class=\"section position-relative gp-block gp-textblock pt-5 pb-5\">\n        <div class=\"container\">\n            <div class=\"row g-0\">\n                <div class=\"col-lg-12 content\" data-aos=\"fade-in\" data-aos-duration=\"1000\">\n                                                                                <p><strong>LES RACINES DU CIEL<\/strong><\/p>\n<p>La filosof\u00eda de <a href=\"https:\/\/les-racines-du-ciel.com\/\" target=\"_blank\" rel=\"noopener\">Les Racines du Ciel<\/a> se fundamenta en una cr\u00edtica al racionalismo desmedido, que, seg\u00fan la marca, ha llevado a la industria de la moda a convertirse en la segunda m\u00e1s contaminante del mundo. Se\u00f1alan tres grandes problemas: la devastaci\u00f3n ambiental, las condiciones laborales abusivas en la producci\u00f3n textil y la reducci\u00f3n de los animales a simples materias primas.<\/p>\n<p>Como respuesta, la firma imagina una forma diferente de vestir, una que realmente sea beneficiosa para quien la lleva. Su enfoque se apoya en tres pilares de respeto: hacia las personas, los animales y la naturaleza. Esto se traduce en la creaci\u00f3n de prendas atemporales, de alta calidad y dise\u00f1adas para acompa\u00f1ar a quien las viste durante muchos a\u00f1os, no solo durante una temporada. Como afirma Nathalie Goyette, cofundadora de <a href=\"https:\/\/www.instagram.com\/lesracinesduciel_\/\" target=\"_blank\" rel=\"noopener\">Les Racines du Ciel<\/a>: \u00abFabricar jers\u00e9is 100% libres de fibras sint\u00e9ticas es una cuesti\u00f3n de respeto: respeto por la naturaleza, los animales y los seres humanos. Este es el principio fundamental de Les Racines du Ciel. Una fibra que no puede volver a la naturaleza ni ser absorbida por ella acabar\u00e1 causando da\u00f1os: contaminaci\u00f3n del suelo, muerte de animales y c\u00e1ncer para nosotros. Todo ello dibuja un mundo triste y pesimista, lleno de im\u00e1genes oscuras que permanecen en nuestra memoria. El objetivo de Les Racines du Ciel es dejar la menor huella posible sobre la Tierra. Nuestra ropa deber\u00eda poder formar parte del ciclo de la vida. Eso es lo que llamamos el verdadero lujo y la verdadera belleza.\u00bb<\/p>\n<p>M\u00e1s all\u00e1 del producto, la marca busca reconstruir el v\u00ednculo emocional con el consumidor. Al hacer que las personas sean conscientes del verdadero valor de la ropa, tanto desde una perspectiva social como medioambiental, aspiran a fomentar una filosof\u00eda de \u00abvivir mejor con menos\u00bb: un estilo de vida consciente e intencionado en el que la ropa forma parte de una relaci\u00f3n significativa con aquello que poseemos y no de un consumo desechable.<\/p>\n                                            <div class=\"highlighted mt-5 mt-lg-6 px-lg-5\">\n                            <p style=\"text-align: center;\">\u00abUna fibra que no puede regresar a la naturaleza ni ser absorbida por ella acabar\u00e1 causando da\u00f1os: contaminaci\u00f3n del suelo, muerte de animales y c\u00e1ncer para nosotros. Todo ello dibuja un mundo triste y pesimista, lleno de im\u00e1genes oscuras que permanecen en nuestra memoria. El objetivo de Les Racines du Ciel es dejar la menor huella posible sobre la Tierra. Nuestra ropa deber\u00eda poder formar parte del ciclo de la vida. Eso es lo que llamamos verdadero lujo y verdadera belleza.\u00bb<br \/> \u2013 Nathalie Goyette, cofundadora de Les Racines du Ciel.<\/p>\n                        <\/div>\n                                                        <\/div>\n            <\/div>\n        <\/div>\n    <\/section>\n    \n\n    <section id=\"media-block_0ec4664ec007c79716692e61ae7939a4\" class=\"section position-relative gp-block gp-media pt-5 pb-5\">\n        <div class=\"container\">\n            <div class=\"row g-0\">\n                <div class=\"col-lg-12 content\" data-aos=\"fade-in\" data-aos-duration=\"1000\">\n                                                                            <\/div>\n            <\/div>\n            <div class=\"row g-0\">\n                <div class=\"col-lg-6 \">\n                                                                                                                                                <figure class=\"mb-4 pt-lg-0 mb-lg-0 ps-lg-0 pe-lg-0\" data-aos=\"fade-up\" data-aos-duration=\"1000\"><div class=\"img-container\"><img loading=\"lazy\" decoding=\"async\" width=\"1200\" height=\"1800\" src=\"https:\/\/luxiders.com\/content\/uploads\/les-racines-du-ciel-06-luxiders-magazine.jpg\" class=\"img-fluid w-100\" alt=\"Woman wearing natural fashion by Les Racines du Ciel\" srcset=\"https:\/\/luxiders.com\/content\/uploads\/les-racines-du-ciel-06-luxiders-magazine.jpg 1200w, https:\/\/luxiders.com\/content\/uploads\/les-racines-du-ciel-06-luxiders-magazine-200x300.jpg 200w, https:\/\/luxiders.com\/content\/uploads\/les-racines-du-ciel-06-luxiders-magazine-683x1024.jpg 683w, https:\/\/luxiders.com\/content\/uploads\/les-racines-du-ciel-06-luxiders-magazine-768x1152.jpg 768w, https:\/\/luxiders.com\/content\/uploads\/les-racines-du-ciel-06-luxiders-magazine-1024x1536.jpg 1024w\" sizes=\"(max-width: 1200px) 100vw, 1200px\" \/><\/div><figcaption>\u00a9 Les Racines du Ciel<\/figcaption><\/figure>                                                                                            <\/div>\n                                    <div class=\"col-lg-6\">\n                                                                                                                                                        <figure class=\"mb-4 pt-lg-4 mb-lg-0 ps-lg-4 pe-lg-4\" data-aos=\"fade-up\" data-aos-duration=\"1000\"><div class=\"img-container\"><img loading=\"lazy\" decoding=\"async\" width=\"1200\" height=\"1806\" src=\"https:\/\/luxiders.com\/content\/uploads\/les-racines-du-ciel-07-luxiders-magazine.jpg\" class=\"img-fluid w-100\" alt=\"Woman wearing natural fashion by Les Racines du Ciel\" srcset=\"https:\/\/luxiders.com\/content\/uploads\/les-racines-du-ciel-07-luxiders-magazine.jpg 1200w, https:\/\/luxiders.com\/content\/uploads\/les-racines-du-ciel-07-luxiders-magazine-199x300.jpg 199w, https:\/\/luxiders.com\/content\/uploads\/les-racines-du-ciel-07-luxiders-magazine-680x1024.jpg 680w, https:\/\/luxiders.com\/content\/uploads\/les-racines-du-ciel-07-luxiders-magazine-768x1156.jpg 768w, https:\/\/luxiders.com\/content\/uploads\/les-racines-du-ciel-07-luxiders-magazine-1021x1536.jpg 1021w\" sizes=\"(max-width: 1200px) 100vw, 1200px\" \/><\/div><figcaption>\u00a9 Les Racines du Ciel<\/figcaption><\/figure>                                                                                                        <\/div>\n                                            <\/div>\n        <\/div>\n    <\/section>\n    \n\n    <section id=\"textblock-block_1519403e475bfe90bc084c5c1475971f\" class=\"section position-relative gp-block gp-textblock pt-5 pb-5\">\n        <div class=\"container\">\n            <div class=\"row g-0\">\n                <div class=\"col-lg-12 content\" data-aos=\"fade-in\" data-aos-duration=\"1000\">\n                                                                                <p><strong>nyg\u00e5rdsanna<\/strong><\/p>\n<p><a href=\"https:\/\/www.instagram.com\/nygardsanna.se\/\" target=\"_blank\" rel=\"noopener\">nyg\u00e5rdsanna<\/a> es una firma sueca construida sobre la artesan\u00eda, los materiales naturales y el dise\u00f1o atemporal. Cada prenda se confecciona con tejidos de alta calidad como lino, lana y ramio, con un firme compromiso con la durabilidad y la funcionalidad. En lugar de seguir tendencias, la marca crea piezas discretas y elegantes, dise\u00f1adas para complementar a quien las viste y adaptarse a diferentes tipos de cuerpo.<\/p>\n<p>Sus colecciones se inspiran en la naturaleza, la ropa de trabajo tradicional y la sastrer\u00eda masculina cl\u00e1sica, dando lugar a una paleta de colores sobria y a siluetas vers\u00e1tiles que pueden combinarse temporada tras temporada. Este enfoque consciente permite que las prendas sigan siendo actuales y f\u00e1ciles de llevar durante muchos a\u00f1os. Para Anna Bengtsson, fundadora de nyg\u00e5rdsanna: \u00abUtilizar \u00fanicamente materiales naturales fue algo incuestionable desde el principio. Cuando tengo el material en mis manos, \u00e9l mismo me dice en qu\u00e9 quiere convertirse, y yo simplemente lo creo. Como dedico tanto tiempo y cuidado a cada prenda, siento que merece estar confeccionada con el mejor material que pueda encontrar, y esos son los materiales naturales. Los materiales sint\u00e9ticos no me transmiten lo mismo, y el impacto ambiental negativo de su producci\u00f3n es algo de lo que no quiero formar parte.\u00bb<\/p>\n<p>Nyg\u00e5rdsanna cree que la ropa m\u00e1s sostenible es aquella que perdura en el tiempo, prendas que se usan, se reparan e incluso se transmiten de generaci\u00f3n en generaci\u00f3n. La firma anima a sus clientes a reparar sus prendas y, para facilitarlo, proporciona retales de tela, botones o lana adicionales que ayudan a prolongar su vida \u00fatil. Mientras la producci\u00f3n se realiza en f\u00e1bricas cuidadosamente seleccionadas de Estonia y Letonia, el \u00e9nfasis sigue estando en la excelencia artesanal, la producci\u00f3n \u00e9tica y la creaci\u00f3n de prendas con un valor duradero.<\/p>\n<p>\u00abCrec\u00ed rodeada de mujeres que me ense\u00f1aron que, al confeccionar ropa, hab\u00eda que utilizar materiales que permitieran a las prendas durar el mayor tiempo posible, ser c\u00f3modas sobre la piel y f\u00e1ciles de cuidar. Encuentro mucha inspiraci\u00f3n en el traje tradicional de mi ciudad natal, confeccionado con lino y lana. Ese traje pasa de una generaci\u00f3n a otra y se repara o adapta cuando es necesario. Es la misma filosof\u00eda que sigo al dise\u00f1ar mis colecciones, tomando decisiones conscientes en cada etapa del proceso y empezando siempre por seleccionar el material adecuado\u00bb, destaca Anna Bengtsson.<\/p>\n                                            <div class=\"highlighted mt-5 mt-lg-6 px-lg-5\">\n                            <p style=\"text-align: center;\">\u00abCuando tengo el material en mis manos, \u00e9l mismo me dice en qu\u00e9 quiere convertirse, y yo simplemente lo creo. Como dedico tanto tiempo y cuidado a cada prenda, siento que merece estar confeccionada con el mejor material que puedo encontrar, y esos son los materiales naturales. Los materiales sint\u00e9ticos no me transmiten lo mismo, y el impacto ambiental negativo de su producci\u00f3n es algo de lo que no quiero formar parte.\u00bb<br \/> \u2013 Anna Bengtsson, fundadora de nyg\u00e5rdsanna.<\/p>\n                        <\/div>\n                                                        <\/div>\n            <\/div>\n        <\/div>\n    <\/section>\n    \n\n    <section id=\"media-block_37a4962efd81fae9f88fb784e8a4f3c1\" class=\"section position-relative gp-block gp-media pt-5 pb-5\">\n        <div class=\"container\">\n            <div class=\"row g-0\">\n                <div class=\"col-lg-12 content\" data-aos=\"fade-in\" data-aos-duration=\"1000\">\n                                                                            <\/div>\n            <\/div>\n            <div class=\"row g-0\">\n                <div class=\"col-lg-6 \">\n                                                                                                                                                <figure class=\"mb-4 pt-lg-0 mb-lg-0 ps-lg-2 pe-lg-2\" data-aos=\"fade-up\" data-aos-duration=\"1000\"><div class=\"img-container\"><img loading=\"lazy\" decoding=\"async\" width=\"596\" height=\"763\" src=\"https:\/\/luxiders.com\/content\/uploads\/NYGARDSANNA_2026_SS_0277-1.jpg\" class=\"img-fluid w-100\" alt=\"NYGARDSANNA_2026_SS_0277\" srcset=\"https:\/\/luxiders.com\/content\/uploads\/NYGARDSANNA_2026_SS_0277-1.jpg 596w, https:\/\/luxiders.com\/content\/uploads\/NYGARDSANNA_2026_SS_0277-1-234x300.jpg 234w\" sizes=\"(max-width: 596px) 100vw, 596px\" \/><\/div><figcaption> \u00a9 nyg\u00e5rdsanna <\/figcaption><\/figure>                                                                                            <\/div>\n                                    <div class=\"col-lg-6\">\n                                                                                                                                                        <figure class=\"mb-4 pt-lg-4 mb-lg-0 ps-lg-2 pe-lg-3\" data-aos=\"fade-up\" data-aos-duration=\"1000\"><div class=\"img-container\"><img loading=\"lazy\" decoding=\"async\" width=\"596\" height=\"763\" src=\"https:\/\/luxiders.com\/content\/uploads\/NYGARDSANNA_2026_SS_1684.jpg\" class=\"img-fluid w-100\" alt=\"NYGARDSANNA_2026_SS_1684.\" srcset=\"https:\/\/luxiders.com\/content\/uploads\/NYGARDSANNA_2026_SS_1684.jpg 596w, https:\/\/luxiders.com\/content\/uploads\/NYGARDSANNA_2026_SS_1684-234x300.jpg 234w\" sizes=\"(max-width: 596px) 100vw, 596px\" \/><\/div><figcaption> \u00a9 nyg\u00e5rdsanna <\/figcaption><\/figure>                                                                                                        <\/div>\n                                            <\/div>\n        <\/div>\n    <\/section>\n    \n\n    <section id=\"media-block_dada6e81c25ce84ad90574aeb77da0c9\" class=\"section position-relative gp-block gp-media pt-5 pb-5\">\n        <div class=\"container\">\n            <div class=\"row g-0\">\n                <div class=\"col-lg-12 content\" data-aos=\"fade-in\" data-aos-duration=\"1000\">\n                                                                            <\/div>\n            <\/div>\n            <div class=\"row g-0\">\n                <div class=\"col-lg-6 \">\n                                                                                                                                                <figure class=\"mb-4 pt-lg-6 mb-lg-0 ps-lg-0 pe-lg-0\" data-aos=\"fade-up\" data-aos-duration=\"1000\"><div class=\"img-container\"><img loading=\"lazy\" decoding=\"async\" width=\"1200\" height=\"1536\" src=\"https:\/\/luxiders.com\/content\/uploads\/luxiders_natural-fashion-2.jpeg\" class=\"img-fluid w-100\" alt=\"\" srcset=\"https:\/\/luxiders.com\/content\/uploads\/luxiders_natural-fashion-2.jpeg 1200w, https:\/\/luxiders.com\/content\/uploads\/luxiders_natural-fashion-2-234x300.jpeg 234w, https:\/\/luxiders.com\/content\/uploads\/luxiders_natural-fashion-2-800x1024.jpeg 800w, https:\/\/luxiders.com\/content\/uploads\/luxiders_natural-fashion-2-768x983.jpeg 768w\" sizes=\"(max-width: 1200px) 100vw, 1200px\" \/><\/div><figcaption> \u00a9 nyg\u00e5rdsanna <\/figcaption><\/figure>                                                                                            <\/div>\n                                    <div class=\"col-lg-6\">\n                                                                                                                                                        <figure class=\"mb-4 pt-lg-0 mb-lg-0 ps-lg-0 pe-lg-0\" data-aos=\"fade-up\" data-aos-duration=\"1000\"><div class=\"img-container\"><img loading=\"lazy\" decoding=\"async\" width=\"1200\" height=\"1536\" src=\"https:\/\/luxiders.com\/content\/uploads\/luxiders_natural-fashion.jpeg\" class=\"img-fluid w-100\" alt=\"\" srcset=\"https:\/\/luxiders.com\/content\/uploads\/luxiders_natural-fashion.jpeg 1200w, https:\/\/luxiders.com\/content\/uploads\/luxiders_natural-fashion-234x300.jpeg 234w, https:\/\/luxiders.com\/content\/uploads\/luxiders_natural-fashion-800x1024.jpeg 800w, https:\/\/luxiders.com\/content\/uploads\/luxiders_natural-fashion-768x983.jpeg 768w\" sizes=\"(max-width: 1200px) 100vw, 1200px\" \/><\/div><figcaption> \u00a9 nyg\u00e5rdsanna <\/figcaption><\/figure>                                                                                                        <\/div>\n                                            <\/div>\n        <\/div>\n    <\/section>\n    \n\n    <section id=\"textblock-block_5205ba5ad9641c1adfa191842ef88027\" class=\"section position-relative gp-block gp-textblock pt-5 pb-5\">\n        <div class=\"container\">\n            <div class=\"row g-0\">\n                <div class=\"col-lg-12 content\" data-aos=\"fade-in\" data-aos-duration=\"1000\">\n                                                                                <p><strong>SPIRIT OF THREADS<\/strong><\/p>\n<p><a href=\"https:\/\/www.instagram.com\/spiritofthreads\/\" target=\"_blank\" rel=\"noopener\">SPIRIT OF THREADS<\/a> nace de la filosof\u00eda del slow fashion, celebrando los materiales naturales, la artesan\u00eda tradicional y la producci\u00f3n \u00e9tica. Cada pieza est\u00e1 confeccionada a mano por artesanos locales utilizando materiales como seda salvaje, lana de yak, lana de oveja, pashmina, lino y algod\u00f3n org\u00e1nico procedentes del Himalaya, India y Noruega.<\/p>\n<p>Los tejidos se ti\u00f1en con ingredientes naturales, entre ellos \u00edndigo, eucalipto, nueces, t\u00e9, flores, hojas, cortezas, hierbas y otros extractos vegetales. Como todas las etapas del proceso se realizan manualmente, desde el hilado y el tejido hasta el te\u00f1ido, cada producto posee un car\u00e1cter \u00fanico.<\/p>\n<p>En lugar de priorizar la rapidez y la producci\u00f3n masiva, la marca apuesta por una forma de entender la moda m\u00e1s pausada y consciente. Trabaja estrechamente con peque\u00f1os fabricantes y cooperativas, apoyando las t\u00e9cnicas artesanales tradicionales y garantizando pr\u00e1cticas \u00e9ticas que benefician tanto a las personas como al medio ambiente.<\/p>\n<p>En esencia, la firma cree que la calidad, la sostenibilidad y la artesan\u00eda deben prevalecer sobre la moda r\u00e1pida, creando productos dise\u00f1ados para perdurar y fomentando una manera m\u00e1s consciente de producir y consumir ropa.<\/p>\n<p>&nbsp;<\/p>\n<p><strong>OSHADI<\/strong><\/p>\n<p><a href=\"https:\/\/www.instagram.com\/oshadi_collective\/\" target=\"_blank\" rel=\"noopener\">Oshadi<\/a> es una marca de moda regenerativa que est\u00e1 replanteando toda la cadena de suministro textil, desde la semilla hasta la prenda terminada. Fundada en el sur de la India, la firma participa en todas las etapas de la producci\u00f3n, desde el cultivo del algod\u00f3n hasta el hilado, el tejido, el te\u00f1ido con tintes naturales y la confecci\u00f3n, lo que le permite crear prendas completamente trazables.<\/p>\n<p>En el coraz\u00f3n de la marca se encuentra una finca de 250 acres dedicada al cultivo regenerativo de algod\u00f3n, donde las pr\u00e1cticas agr\u00edcolas est\u00e1n dise\u00f1adas para restaurar la salud del suelo, aumentar la biodiversidad y reducir el impacto ambiental. Oshadi trabaja estrechamente con agricultores y artesanos locales, combinando la artesan\u00eda tradicional india con procesos de fabricaci\u00f3n sostenibles, al tiempo que apoya a las comunidades locales mediante salarios justos y pr\u00e1cticas laborales transparentes.<\/p>\n<p>La firma prioriza las fibras naturales, el dise\u00f1o atemporal y la durabilidad por encima de las tendencias estacionales. Minimiza los residuos reutilizando los recortes de tejido, compostando los residuos org\u00e1nicos, fomentando la reparaci\u00f3n de las prendas y dise\u00f1ando ropa creada para durar. Al mantener pr\u00e1cticamente toda su cadena de suministro en un radio de 100 kil\u00f3metros de su sede, Oshadi tambi\u00e9n reduce las emisiones derivadas del transporte, al tiempo que mantiene una estrecha relaci\u00f3n con todas las personas implicadas en el proceso de producci\u00f3n. En conjunto, Oshadi demuestra c\u00f3mo la moda puede ser regenerativa, transparente y estar profundamente arraigada tanto en la responsabilidad ambiental como en la artesan\u00eda tradicional.<\/p>\n                                                        <\/div>\n            <\/div>\n        <\/div>\n    <\/section>\n    \n\n    <section id=\"textblock-block_7b3c3817164b858a39e514331659318a\" class=\"section position-relative gp-block gp-textblock pt-5 pb-5\">\n        <div class=\"container\">\n            <div class=\"row g-0\">\n                <div class=\"col-lg-12 content\" data-aos=\"fade-in\" data-aos-duration=\"1000\">\n                                                                        <h2 class=\"\">C\u00f3mo afectan los tejidos sint\u00e9ticos al medio ambiente\n<\/h2>\n                                                                                                        <p>La <strong>Agencia Europea de Medio Ambiente<\/strong> ha observado que la producci\u00f3n y el uso de tejidos sint\u00e9ticos ejercen presi\u00f3n sobre el medio ambiente de m\u00faltiples formas. Entre ellas se encuentran la emisi\u00f3n de gases de efecto invernadero, la contaminaci\u00f3n del aire y del agua, el consumo de suelo y recursos naturales, as\u00ed como el uso de sustancias qu\u00edmicas que pueden generar impactos adicionales. Los efectos concretos var\u00edan seg\u00fan el tipo de fibra utilizada.<\/p>\n<p>Su estudio revela que el nailon destaca entre las fibras sint\u00e9ticas por presentar el mayor impacto por kilogramo en t\u00e9rminos de cambio clim\u00e1tico y consumo de combustibles f\u00f3siles. Por otro lado, el algod\u00f3n registra el mayor impacto por kilogramo en el uso de suelo y agua, la eutrofizaci\u00f3n y el agotamiento de recursos minerales. Esto pone de manifiesto que ambos materiales presentan una huella ambiental significativa, aunque por razones diferentes.<\/p>\n<p>Sin embargo, la liberaci\u00f3n de <a href=\"https:\/\/luxiders.com\/everything-you-should-know-about-microplastics\/\" target=\"_blank\" rel=\"noopener\">micropl\u00e1sticos<\/a> es probablemente el problema m\u00e1s conocido asociado a la producci\u00f3n de fibras sint\u00e9ticas. Los tejidos sint\u00e9ticos liberan micropl\u00e1sticos durante todas las etapas de su ciclo de vida, desde la producci\u00f3n y el uso hasta el lavado y su eliminaci\u00f3n final mediante vertederos, incineraci\u00f3n o reciclaje. Se estima que cada a\u00f1o entre 200.000 y 500.000 toneladas de microfibras pl\u00e1sticas procedentes de los textiles terminan en el medio marino.<\/p>\n                                                        <\/div>\n            <\/div>\n        <\/div>\n    <\/section>\n    \n\n    <section id=\"textblock-block_5e138301b7460fb3cce39a9cf821cd9f\" class=\"section position-relative gp-block gp-textblock pt-5 pb-5\">\n        <div class=\"container\">\n            <div class=\"row g-0\">\n                <div class=\"col-lg-12 content\" data-aos=\"fade-in\" data-aos-duration=\"1000\">\n                                                                        <h2 class=\"\">Sint\u00e9ticos y nuestra salud\n<\/h2>\n                                                                                                        <p>Sin embargo, si los tejidos sint\u00e9ticos son tan perjudiciales para nuestro planeta, no podemos asumir que nuestra salud permanezca completamente al margen, especialmente teniendo en cuenta que estas fibras est\u00e1n en contacto directo con nuestra piel. De hecho, diversos estudios han demostrado que las microfibras pueden entrar y salir de nuestro organismo, llegando incluso a alcanzar \u00f3rganos internos. El tipo, el tama\u00f1o y la forma de las fibras pl\u00e1sticas influyen en el grado de da\u00f1o que pueden causar.<\/p>\n<p>Las investigaciones muestran que esta exposici\u00f3n puede producirse principalmente de dos maneras: por inhalaci\u00f3n y por ingesti\u00f3n. Las fibras sint\u00e9ticas pueden penetrar profundamente en los pulmones. Un an\u00e1lisis realizado por la Dra. Fransien van Dijk, de la Universidad de Groningen, concluye que un hogar medio genera aproximadamente 20 kilogramos de polvo al a\u00f1o, de los cuales cerca de 6 kilogramos corresponden a micropl\u00e1sticos. Su investigaci\u00f3n tambi\u00e9n revel\u00f3 que las microfibras de nailon, en particular, pueden ralentizar el crecimiento y el desarrollo de las c\u00e9lulas de las v\u00edas respiratorias, un efecto relacionado con las sustancias qu\u00edmicas que desprende este material.<\/p>\n                                                        <\/div>\n            <\/div>\n        <\/div>\n    <\/section>\n    \n\n    <section id=\"textblock-block_55f50e20213a2f7397d4b9e403a48bb7\" class=\"section position-relative gp-block gp-textblock pt-5 pb-5\">\n        <div class=\"container\">\n            <div class=\"row g-0\">\n                <div class=\"col-lg-12 content\" data-aos=\"fade-in\" data-aos-duration=\"1000\">\n                                                                        <h2 class=\"\">C\u00f3mo combate nuestro organismo los micropl\u00e1sticos\n<\/h2>\n                                                                                                        <p>Para proteger nuestra salud, el sistema inmunitario trabaja eliminando part\u00edculas no deseadas o microorganismos del organismo mediante un proceso denominado <em>fagocitosis<\/em>, en el que determinadas c\u00e9lulas &#8220;engullen&#8221; estos cuerpos extra\u00f1os. Este mecanismo permite eliminar incluso part\u00edculas de mayor tama\u00f1o. Sin embargo, cuando inhalamos una cantidad excesiva de fibras pl\u00e1sticas, nuestro organismo no puede eliminarlas con la suficiente rapidez y estas pueden acumularse en \u00f3rganos y tejidos. El grado de peligrosidad depende de su tama\u00f1o y forma. Las fibras m\u00e1s finas pueden penetrar profundamente en los pulmones, mientras que las fibras m\u00e1s largas resultan m\u00e1s dif\u00edciles de eliminar y pueden ser m\u00e1s perjudiciales para las c\u00e9lulas pulmonares.<\/p>\n<p>La otra v\u00eda de exposici\u00f3n es la ingesti\u00f3n. Se estima que una persona ingiere entre 39.000 y 52.000 part\u00edculas de micropl\u00e1sticos al a\u00f1o \u00fanicamente a trav\u00e9s de los alimentos. Estos diminutos fragmentos de pl\u00e1stico pueden provocar inflamaci\u00f3n intestinal, estr\u00e9s celular y otros problemas digestivos. Estudios realizados tanto en modelos animales como en c\u00e9lulas humanas muestran que los micropl\u00e1sticos pueden acumularse en \u00f3rganos como el h\u00edgado y el aparato digestivo, causando inflamaci\u00f3n, da\u00f1o celular y otros problemas de salud.<\/p>\n                                                        <\/div>\n            <\/div>\n        <\/div>\n    <\/section>\n    \n\n    <section id=\"textblock-block_64378c49cc0847e4c2c486d2eb761468\" class=\"section position-relative gp-block gp-textblock pt-5 pb-5 pb-lg-8\">\n        <div class=\"container\">\n            <div class=\"row g-0\">\n                <div class=\"col-lg-12 content\" data-aos=\"fade-in\" data-aos-duration=\"1000\">\n                                                                                <p>Los tejidos sint\u00e9ticos han transformado la industria de la moda, haciendo que la ropa sea m\u00e1s asequible, accesible y f\u00e1cil de cuidar. Sin embargo, su uso generalizado conlleva importantes desaf\u00edos tanto para el medio ambiente como para la salud, desde las emisiones de gases de efecto invernadero y el consumo de recursos hasta la liberaci\u00f3n de micropl\u00e1sticos que pueden acumularse en los ecosistemas e incluso en nuestro propio organismo. A medida que aumenta la concienciaci\u00f3n sobre estas cuestiones, cada vez m\u00e1s consumidores est\u00e1n replante\u00e1ndose los materiales que visten y las marcas que deciden apoyar.<\/p>\n<p>Elegir fibras naturales como el c\u00e1\u00f1amo, el lino, el algod\u00f3n org\u00e1nico, la lana o la seda puede ser un paso significativo para reducir la huella ambiental de la moda y fomentar una industria textil m\u00e1s saludable y sostenible. Cada decisi\u00f3n de compra contribuye a definir el futuro de la moda, haciendo que elegir de forma informada sea hoy m\u00e1s importante que nunca.<\/p>\n<p>&nbsp;<\/p>\n<p style=\"text-align: center;\"><em><strong>Imagen destacada:<br \/>\n<\/strong><\/em><em><strong>\u00a9 Les Racines du Ciel<\/strong><\/em><\/p>\n                                                        <\/div>\n            <\/div>\n        <\/div>\n    <\/section>\n    ","protected":false},"excerpt":{"rendered":"","protected":false},"author":16,"featured_media":63437,"comment_status":"closed","ping_status":"closed","sticky":false,"template":"","format":"standard","meta":{"_acf_changed":false,"footnotes":""},"categories":[2733,130],"tags":[10743,10740,10742,244,247,10741],"class_list":["post-63036","post","type-post","status-publish","format-standard","has-post-thumbnail","category-lifestyle-es","category-moda-sostenible-lujo","tag-moda-natural","tag-natural-fashion-es","tag-por-que-elegir-moda-natural-es-importante","tag-synthetic-fabrics-es","tag-tejidos-sinteticos-es","tag-why-choosing-natural-fashion-matters-es"],"acf":[],"yoast_head":"<title>Por qu\u00e9 elegir moda natural es importante<\/title>\n<meta name=\"description\" content=\"Descubre por qu\u00e9 la ropa de fibras naturales es mejor para tu salud y para el planeta. Conoce c\u00f3mo los tejidos sint\u00e9ticos contribuyen a la\" \/>\n<meta name=\"robots\" content=\"index, follow, max-snippet:-1, max-image-preview:large, max-video-preview:-1\" \/>\n<link rel=\"canonical\" href=\"https:\/\/luxiders.com\/es\/por-que-elegir-moda-natural-es-importante-impacto-de-los-tejidos-sinteticos-en-la-salud-el-medio-ambiente-y-los-microplasticos\/\" \/>\n<meta property=\"og:locale\" content=\"es_ES\" \/>\n<meta property=\"og:type\" content=\"article\" \/>\n<meta property=\"og:title\" content=\"Por qu\u00e9 elegir moda natural es importante\" \/>\n<meta property=\"og:description\" content=\"Descubre por qu\u00e9 la ropa de fibras naturales es mejor para tu salud y para el planeta. Conoce c\u00f3mo los tejidos sint\u00e9ticos contribuyen a la\" \/>\n<meta property=\"og:url\" content=\"https:\/\/luxiders.com\/es\/por-que-elegir-moda-natural-es-importante-impacto-de-los-tejidos-sinteticos-en-la-salud-el-medio-ambiente-y-los-microplasticos\/\" \/>\n<meta property=\"og:site_name\" content=\"Sustainable Fashion - Eco Design - Healthy Lifestyle - Luxiders Magazine\" \/>\n<meta property=\"article:published_time\" content=\"2026-08-10T14:39:19+00:00\" \/>\n<meta property=\"article:modified_time\" content=\"2026-08-10T15:39:34+00:00\" \/>\n<meta property=\"og:image\" content=\"https:\/\/luxiders.com\/content\/uploads\/Natural-fashion-luxiders-les-racines-du-ciel.jpeg\" \/>\n\t<meta property=\"og:image:width\" content=\"1200\" \/>\n\t<meta property=\"og:image:height\" content=\"1800\" \/>\n\t<meta property=\"og:image:type\" content=\"image\/jpeg\" \/>\n<meta name=\"author\" content=\"Francesca Contino\" \/>\n<meta name=\"twitter:card\" content=\"summary_large_image\" \/>\n<meta name=\"twitter:label1\" content=\"Written by\" \/>\n\t<meta name=\"twitter:data1\" content=\"Francesca Contino\" \/>\n\t<meta name=\"twitter:label2\" content=\"Est. reading time\" \/>\n\t<meta name=\"twitter:data2\" content=\"13 minutes\" \/>\n<script type=\"application\/ld+json\" class=\"yoast-schema-graph\">{\"@context\":\"https:\/\/schema.org\",\"@graph\":[{\"@type\":\"Article\",\"@id\":\"https:\/\/luxiders.com\/es\/por-que-elegir-moda-natural-es-importante-impacto-de-los-tejidos-sinteticos-en-la-salud-el-medio-ambiente-y-los-microplasticos\/#article\",\"isPartOf\":{\"@id\":\"https:\/\/luxiders.com\/es\/por-que-elegir-moda-natural-es-importante-impacto-de-los-tejidos-sinteticos-en-la-salud-el-medio-ambiente-y-los-microplasticos\/\"},\"author\":{\"name\":\"Francesca Contino\",\"@id\":\"https:\/\/luxiders.com\/es\/#\/schema\/person\/da4417670ee05bf1034e88d63ab0f2cd\"},\"headline\":\"Por qu\u00e9 elegir moda natural es importante | Impacto de los tejidos sint\u00e9ticos en la salud, el medio ambiente y los micropl\u00e1sticos\",\"datePublished\":\"2026-08-10T14:39:19+00:00\",\"dateModified\":\"2026-08-10T15:39:34+00:00\",\"mainEntityOfPage\":{\"@id\":\"https:\/\/luxiders.com\/es\/por-que-elegir-moda-natural-es-importante-impacto-de-los-tejidos-sinteticos-en-la-salud-el-medio-ambiente-y-los-microplasticos\/\"},\"wordCount\":23,\"publisher\":{\"@id\":\"https:\/\/luxiders.com\/es\/#organization\"},\"image\":{\"@id\":\"https:\/\/luxiders.com\/es\/por-que-elegir-moda-natural-es-importante-impacto-de-los-tejidos-sinteticos-en-la-salud-el-medio-ambiente-y-los-microplasticos\/#primaryimage\"},\"thumbnailUrl\":\"https:\/\/luxiders.com\/content\/uploads\/Natural-fashion-luxiders-les-racines-du-ciel.jpeg\",\"keywords\":[\"Moda Natural\",\"natural fashion\",\"Por qu\u00e9 elegir moda natural es importante\",\"synthetic fabrics\",\"tejidos sint\u00e9ticos\",\"Why Choosing Natural Fashion Matters\"],\"articleSection\":[\"lifestyle\",\"Moda\"],\"inLanguage\":\"es-ES\"},{\"@type\":\"WebPage\",\"@id\":\"https:\/\/luxiders.com\/es\/por-que-elegir-moda-natural-es-importante-impacto-de-los-tejidos-sinteticos-en-la-salud-el-medio-ambiente-y-los-microplasticos\/\",\"url\":\"https:\/\/luxiders.com\/es\/por-que-elegir-moda-natural-es-importante-impacto-de-los-tejidos-sinteticos-en-la-salud-el-medio-ambiente-y-los-microplasticos\/\",\"name\":\"Por qu\u00e9 elegir moda natural es importante\",\"isPartOf\":{\"@id\":\"https:\/\/luxiders.com\/es\/#website\"},\"primaryImageOfPage\":{\"@id\":\"https:\/\/luxiders.com\/es\/por-que-elegir-moda-natural-es-importante-impacto-de-los-tejidos-sinteticos-en-la-salud-el-medio-ambiente-y-los-microplasticos\/#primaryimage\"},\"image\":{\"@id\":\"https:\/\/luxiders.com\/es\/por-que-elegir-moda-natural-es-importante-impacto-de-los-tejidos-sinteticos-en-la-salud-el-medio-ambiente-y-los-microplasticos\/#primaryimage\"},\"thumbnailUrl\":\"https:\/\/luxiders.com\/content\/uploads\/Natural-fashion-luxiders-les-racines-du-ciel.jpeg\",\"datePublished\":\"2026-08-10T14:39:19+00:00\",\"dateModified\":\"2026-08-10T15:39:34+00:00\",\"description\":\"Descubre por qu\u00e9 la ropa de fibras naturales es mejor para tu salud y para el planeta. Conoce c\u00f3mo los tejidos sint\u00e9ticos contribuyen a la\",\"breadcrumb\":{\"@id\":\"https:\/\/luxiders.com\/es\/por-que-elegir-moda-natural-es-importante-impacto-de-los-tejidos-sinteticos-en-la-salud-el-medio-ambiente-y-los-microplasticos\/#breadcrumb\"},\"inLanguage\":\"es-ES\",\"potentialAction\":[{\"@type\":\"ReadAction\",\"target\":[\"https:\/\/luxiders.com\/es\/por-que-elegir-moda-natural-es-importante-impacto-de-los-tejidos-sinteticos-en-la-salud-el-medio-ambiente-y-los-microplasticos\/\"]}]},{\"@type\":\"ImageObject\",\"inLanguage\":\"es-ES\",\"@id\":\"https:\/\/luxiders.com\/es\/por-que-elegir-moda-natural-es-importante-impacto-de-los-tejidos-sinteticos-en-la-salud-el-medio-ambiente-y-los-microplasticos\/#primaryimage\",\"url\":\"https:\/\/luxiders.com\/content\/uploads\/Natural-fashion-luxiders-les-racines-du-ciel.jpeg\",\"contentUrl\":\"https:\/\/luxiders.com\/content\/uploads\/Natural-fashion-luxiders-les-racines-du-ciel.jpeg\",\"width\":1200,\"height\":1800,\"caption\":\"\u00a9 Les Racines du Ciel\"},{\"@type\":\"BreadcrumbList\",\"@id\":\"https:\/\/luxiders.com\/es\/por-que-elegir-moda-natural-es-importante-impacto-de-los-tejidos-sinteticos-en-la-salud-el-medio-ambiente-y-los-microplasticos\/#breadcrumb\",\"itemListElement\":[{\"@type\":\"ListItem\",\"position\":1,\"name\":\"Startseite\",\"item\":\"https:\/\/luxiders.com\/es\/\"},{\"@type\":\"ListItem\",\"position\":2,\"name\":\"Moda\",\"item\":\"https:\/\/luxiders.com\/es\/category\/moda-sostenible-lujo\/\"},{\"@type\":\"ListItem\",\"position\":3,\"name\":\"Por qu\u00e9 elegir moda natural es importante | Impacto de los tejidos sint\u00e9ticos en la salud, el medio ambiente y los micropl\u00e1sticos\"}]},{\"@type\":\"WebSite\",\"@id\":\"https:\/\/luxiders.com\/es\/#website\",\"url\":\"https:\/\/luxiders.com\/es\/\",\"name\":\"Sustainable Fashion - Eco Design - Healthy Lifestyle - Luxiders Magazine\",\"description\":\"Luxiders is a sustainable luxury magazine highlighting the best stories about sustainable fashion, ethical fashion, eco-friendly design, green design, sustainable travel, natural beauty, organic beauty and healthy lifestyle. Know the best high-end, progressive and luxury sustainable brands and designers worldwide.\",\"publisher\":{\"@id\":\"https:\/\/luxiders.com\/es\/#organization\"},\"potentialAction\":[{\"@type\":\"SearchAction\",\"target\":{\"@type\":\"EntryPoint\",\"urlTemplate\":\"https:\/\/luxiders.com\/es\/?s={search_term_string}\"},\"query-input\":{\"@type\":\"PropertyValueSpecification\",\"valueRequired\":true,\"valueName\":\"search_term_string\"}}],\"inLanguage\":\"es-ES\"},{\"@type\":\"Organization\",\"@id\":\"https:\/\/luxiders.com\/es\/#organization\",\"name\":\"Sustainable Fashion - Eco Design - Healthy Lifestyle - Luxiders Magazine\",\"url\":\"https:\/\/luxiders.com\/es\/\",\"logo\":{\"@type\":\"ImageObject\",\"inLanguage\":\"es-ES\",\"@id\":\"https:\/\/luxiders.com\/es\/#\/schema\/logo\/image\/\",\"url\":\"https:\/\/luxiders.com\/content\/uploads\/lux-logo.svg\",\"contentUrl\":\"https:\/\/luxiders.com\/content\/uploads\/lux-logo.svg\",\"caption\":\"Sustainable Fashion - Eco Design - Healthy Lifestyle - Luxiders Magazine\"},\"image\":{\"@id\":\"https:\/\/luxiders.com\/es\/#\/schema\/logo\/image\/\"}},{\"@type\":\"Person\",\"@id\":\"https:\/\/luxiders.com\/es\/#\/schema\/person\/da4417670ee05bf1034e88d63ab0f2cd\",\"name\":\"Francesca Contino\",\"url\":\"https:\/\/luxiders.com\/es\/author\/francesca\/\"}]}<\/script>","yoast_head_json":{"title":"Por qu\u00e9 elegir moda natural es importante","description":"Descubre por qu\u00e9 la ropa de fibras naturales es mejor para tu salud y para el planeta. Conoce c\u00f3mo los tejidos sint\u00e9ticos contribuyen a la","robots":{"index":"index","follow":"follow","max-snippet":"max-snippet:-1","max-image-preview":"max-image-preview:large","max-video-preview":"max-video-preview:-1"},"canonical":"https:\/\/luxiders.com\/es\/por-que-elegir-moda-natural-es-importante-impacto-de-los-tejidos-sinteticos-en-la-salud-el-medio-ambiente-y-los-microplasticos\/","og_locale":"es_ES","og_type":"article","og_title":"Por qu\u00e9 elegir moda natural es importante","og_description":"Descubre por qu\u00e9 la ropa de fibras naturales es mejor para tu salud y para el planeta. Conoce c\u00f3mo los tejidos sint\u00e9ticos contribuyen a la","og_url":"https:\/\/luxiders.com\/es\/por-que-elegir-moda-natural-es-importante-impacto-de-los-tejidos-sinteticos-en-la-salud-el-medio-ambiente-y-los-microplasticos\/","og_site_name":"Sustainable Fashion - Eco Design - Healthy Lifestyle - Luxiders Magazine","article_published_time":"2026-08-10T14:39:19+00:00","article_modified_time":"2026-08-10T15:39:34+00:00","og_image":[{"width":1200,"height":1800,"url":"https:\/\/luxiders.com\/content\/uploads\/Natural-fashion-luxiders-les-racines-du-ciel.jpeg","type":"image\/jpeg"}],"author":"Francesca Contino","twitter_card":"summary_large_image","twitter_misc":{"Written by":"Francesca Contino","Est. reading time":"13 minutes"},"schema":{"@context":"https:\/\/schema.org","@graph":[{"@type":"Article","@id":"https:\/\/luxiders.com\/es\/por-que-elegir-moda-natural-es-importante-impacto-de-los-tejidos-sinteticos-en-la-salud-el-medio-ambiente-y-los-microplasticos\/#article","isPartOf":{"@id":"https:\/\/luxiders.com\/es\/por-que-elegir-moda-natural-es-importante-impacto-de-los-tejidos-sinteticos-en-la-salud-el-medio-ambiente-y-los-microplasticos\/"},"author":{"name":"Francesca Contino","@id":"https:\/\/luxiders.com\/es\/#\/schema\/person\/da4417670ee05bf1034e88d63ab0f2cd"},"headline":"Por qu\u00e9 elegir moda natural es importante | Impacto de los tejidos sint\u00e9ticos en la salud, el medio ambiente y los micropl\u00e1sticos","datePublished":"2026-08-10T14:39:19+00:00","dateModified":"2026-08-10T15:39:34+00:00","mainEntityOfPage":{"@id":"https:\/\/luxiders.com\/es\/por-que-elegir-moda-natural-es-importante-impacto-de-los-tejidos-sinteticos-en-la-salud-el-medio-ambiente-y-los-microplasticos\/"},"wordCount":23,"publisher":{"@id":"https:\/\/luxiders.com\/es\/#organization"},"image":{"@id":"https:\/\/luxiders.com\/es\/por-que-elegir-moda-natural-es-importante-impacto-de-los-tejidos-sinteticos-en-la-salud-el-medio-ambiente-y-los-microplasticos\/#primaryimage"},"thumbnailUrl":"https:\/\/luxiders.com\/content\/uploads\/Natural-fashion-luxiders-les-racines-du-ciel.jpeg","keywords":["Moda Natural","natural fashion","Por qu\u00e9 elegir moda natural es importante","synthetic fabrics","tejidos sint\u00e9ticos","Why Choosing Natural Fashion Matters"],"articleSection":["lifestyle","Moda"],"inLanguage":"es-ES"},{"@type":"WebPage","@id":"https:\/\/luxiders.com\/es\/por-que-elegir-moda-natural-es-importante-impacto-de-los-tejidos-sinteticos-en-la-salud-el-medio-ambiente-y-los-microplasticos\/","url":"https:\/\/luxiders.com\/es\/por-que-elegir-moda-natural-es-importante-impacto-de-los-tejidos-sinteticos-en-la-salud-el-medio-ambiente-y-los-microplasticos\/","name":"Por qu\u00e9 elegir moda natural es importante","isPartOf":{"@id":"https:\/\/luxiders.com\/es\/#website"},"primaryImageOfPage":{"@id":"https:\/\/luxiders.com\/es\/por-que-elegir-moda-natural-es-importante-impacto-de-los-tejidos-sinteticos-en-la-salud-el-medio-ambiente-y-los-microplasticos\/#primaryimage"},"image":{"@id":"https:\/\/luxiders.com\/es\/por-que-elegir-moda-natural-es-importante-impacto-de-los-tejidos-sinteticos-en-la-salud-el-medio-ambiente-y-los-microplasticos\/#primaryimage"},"thumbnailUrl":"https:\/\/luxiders.com\/content\/uploads\/Natural-fashion-luxiders-les-racines-du-ciel.jpeg","datePublished":"2026-08-10T14:39:19+00:00","dateModified":"2026-08-10T15:39:34+00:00","description":"Descubre por qu\u00e9 la ropa de fibras naturales es mejor para tu salud y para el planeta. Conoce c\u00f3mo los tejidos sint\u00e9ticos contribuyen a la","breadcrumb":{"@id":"https:\/\/luxiders.com\/es\/por-que-elegir-moda-natural-es-importante-impacto-de-los-tejidos-sinteticos-en-la-salud-el-medio-ambiente-y-los-microplasticos\/#breadcrumb"},"inLanguage":"es-ES","potentialAction":[{"@type":"ReadAction","target":["https:\/\/luxiders.com\/es\/por-que-elegir-moda-natural-es-importante-impacto-de-los-tejidos-sinteticos-en-la-salud-el-medio-ambiente-y-los-microplasticos\/"]}]},{"@type":"ImageObject","inLanguage":"es-ES","@id":"https:\/\/luxiders.com\/es\/por-que-elegir-moda-natural-es-importante-impacto-de-los-tejidos-sinteticos-en-la-salud-el-medio-ambiente-y-los-microplasticos\/#primaryimage","url":"https:\/\/luxiders.com\/content\/uploads\/Natural-fashion-luxiders-les-racines-du-ciel.jpeg","contentUrl":"https:\/\/luxiders.com\/content\/uploads\/Natural-fashion-luxiders-les-racines-du-ciel.jpeg","width":1200,"height":1800,"caption":"\u00a9 Les Racines du Ciel"},{"@type":"BreadcrumbList","@id":"https:\/\/luxiders.com\/es\/por-que-elegir-moda-natural-es-importante-impacto-de-los-tejidos-sinteticos-en-la-salud-el-medio-ambiente-y-los-microplasticos\/#breadcrumb","itemListElement":[{"@type":"ListItem","position":1,"name":"Startseite","item":"https:\/\/luxiders.com\/es\/"},{"@type":"ListItem","position":2,"name":"Moda","item":"https:\/\/luxiders.com\/es\/category\/moda-sostenible-lujo\/"},{"@type":"ListItem","position":3,"name":"Por qu\u00e9 elegir moda natural es importante | Impacto de los tejidos sint\u00e9ticos en la salud, el medio ambiente y los micropl\u00e1sticos"}]},{"@type":"WebSite","@id":"https:\/\/luxiders.com\/es\/#website","url":"https:\/\/luxiders.com\/es\/","name":"Sustainable Fashion - Eco Design - Healthy Lifestyle - Luxiders Magazine","description":"Luxiders is a sustainable luxury magazine highlighting the best stories about sustainable fashion, ethical fashion, eco-friendly design, green design, sustainable travel, natural beauty, organic beauty and healthy lifestyle. Know the best high-end, progressive and luxury sustainable brands and designers worldwide.","publisher":{"@id":"https:\/\/luxiders.com\/es\/#organization"},"potentialAction":[{"@type":"SearchAction","target":{"@type":"EntryPoint","urlTemplate":"https:\/\/luxiders.com\/es\/?s={search_term_string}"},"query-input":{"@type":"PropertyValueSpecification","valueRequired":true,"valueName":"search_term_string"}}],"inLanguage":"es-ES"},{"@type":"Organization","@id":"https:\/\/luxiders.com\/es\/#organization","name":"Sustainable Fashion - Eco Design - Healthy Lifestyle - Luxiders Magazine","url":"https:\/\/luxiders.com\/es\/","logo":{"@type":"ImageObject","inLanguage":"es-ES","@id":"https:\/\/luxiders.com\/es\/#\/schema\/logo\/image\/","url":"https:\/\/luxiders.com\/content\/uploads\/lux-logo.svg","contentUrl":"https:\/\/luxiders.com\/content\/uploads\/lux-logo.svg","caption":"Sustainable Fashion - Eco Design - Healthy Lifestyle - Luxiders Magazine"},"image":{"@id":"https:\/\/luxiders.com\/es\/#\/schema\/logo\/image\/"}},{"@type":"Person","@id":"https:\/\/luxiders.com\/es\/#\/schema\/person\/da4417670ee05bf1034e88d63ab0f2cd","name":"Francesca Contino","url":"https:\/\/luxiders.com\/es\/author\/francesca\/"}]}},"_links":{"self":[{"href":"https:\/\/luxiders.com\/es\/wp-json\/wp\/v2\/posts\/63036","targetHints":{"allow":["GET"]}}],"collection":[{"href":"https:\/\/luxiders.com\/es\/wp-json\/wp\/v2\/posts"}],"about":[{"href":"https:\/\/luxiders.com\/es\/wp-json\/wp\/v2\/types\/post"}],"author":[{"embeddable":true,"href":"https:\/\/luxiders.com\/es\/wp-json\/wp\/v2\/users\/16"}],"replies":[{"embeddable":true,"href":"https:\/\/luxiders.com\/es\/wp-json\/wp\/v2\/comments?post=63036"}],"version-history":[{"count":3,"href":"https:\/\/luxiders.com\/es\/wp-json\/wp\/v2\/posts\/63036\/revisions"}],"predecessor-version":[{"id":63450,"href":"https:\/\/luxiders.com\/es\/wp-json\/wp\/v2\/posts\/63036\/revisions\/63450"}],"wp:featuredmedia":[{"embeddable":true,"href":"https:\/\/luxiders.com\/es\/wp-json\/wp\/v2\/media\/63437"}],"wp:attachment":[{"href":"https:\/\/luxiders.com\/es\/wp-json\/wp\/v2\/media?parent=63036"}],"wp:term":[{"taxonomy":"category","embeddable":true,"href":"https:\/\/luxiders.com\/es\/wp-json\/wp\/v2\/categories?post=63036"},{"taxonomy":"post_tag","embeddable":true,"href":"https:\/\/luxiders.com\/es\/wp-json\/wp\/v2\/tags?post=63036"}],"curies":[{"name":"wp","href":"https:\/\/api.w.org\/{rel}","templated":true}]}}