{"id":64078,"date":"2026-09-04T09:01:59","date_gmt":"2026-09-04T07:01:59","guid":{"rendered":"https:\/\/luxiders.com\/?p=64078"},"modified":"2026-09-04T15:29:52","modified_gmt":"2026-09-04T13:29:52","slug":"premiere-vision-paris-2026-donde-la-moda-se-encuentra-con-la-politica","status":"publish","type":"post","link":"https:\/\/luxiders.com\/es\/premiere-vision-paris-2026-donde-la-moda-se-encuentra-con-la-politica\/","title":{"rendered":"Premi\u00e8re Vision Paris 2026 | Donde la moda se encuentra con la pol\u00edtica"},"content":{"rendered":"    <section id=\"textblock-block_4835c63351b777c0c0435205e8d64995\" class=\"section position-relative gp-block gp-textblock pt-0 pb-0\">\n        <div class=\"container\">\n            <div class=\"row g-0\">\n                <div class=\"col-lg-12 content\" data-aos=\"fade-in\" data-aos-duration=\"1000\">\n                                                                                    <div class=\"intro \">\n                            <p style=\"text-align: center;\">Desde la regulaci\u00f3n europea y la lucha contra la moda ultrarr\u00e1pida hasta el Pasaporte Digital de Producto, la inteligencia artificial, la competitividad y el creciente coste de la transformaci\u00f3n sostenible, Premi\u00e8re Vision Paris 2026 revel\u00f3 una industria de la moda que entra en una era marcadamente pol\u00edtica. Sin embargo, en medio de la regulaci\u00f3n y la tecnolog\u00eda, la creatividad, los materiales y el &#8220;saber hacer&#8221; siguieron ocupando el centro de la conversaci\u00f3n.<\/p>\n                        <\/div>\n                                                                                                <\/div>\n            <\/div>\n        <\/div>\n    <\/section>\n    \n\n    <section id=\"newsletter-block_4bef26e94de429dd4ed721887ef8eeb7\" class=\"section position-relative gp-block gp-newsletter pt-0 pb-0 my-5\">\n        <div class=\"container\">\n            <div class=\"row g-0 pt-4 pb-3\">\n                <div class=\"col-lg-12 content text-center border pt-3\" data-aos=\"fade-in\" data-aos-duration=\"1000\">\n                                            <p><em>Para recibir el Newsletter de Luxiders Magazine,\u00a0<a href=\"https:\/\/landing.mailerlite.com\/webforms\/landing\/w2a1t0\" target=\"_blank\" rel=\"noopener\">suscr\u00edbete aqu\u00ed<\/a><\/em><\/p>\n                                    <\/div>\n            <\/div>\n        <\/div>\n    <\/section>\n    \n\n    <section id=\"textblock-block_471cf3d298998de0c9d5f16a5afc0020\" class=\"section position-relative gp-block gp-textblock pt-5 pb-5\">\n        <div class=\"container\">\n            <div class=\"row g-0\">\n                <div class=\"col-lg-12 content\" data-aos=\"fade-in\" data-aos-duration=\"1000\">\n                                                                                <p>Llegamos a <a href=\"https:\/\/paris.premierevision.com\/en\/registration\/registration?utm_source=newsletter&amp;utm_medium=display&amp;utm_campaign=rpa20262_banner\" target=\"_blank\" rel=\"noopener\">Premi\u00e8re Vision Paris,<\/a> celebrada del 1 al 3 de septiembre de 2026 en Paris Nord Villepinte, con muchas preguntas. La moda atraviesa uno de sus momentos de mayor intensidad pol\u00edtica de los \u00faltimos a\u00f1os, con la regulaci\u00f3n europea avanzando a gran velocidad, una presi\u00f3n creciente sobre la moda ultrarr\u00e1pida, el Pasaporte Digital de Producto cada vez m\u00e1s cerca de su implementaci\u00f3n y cuestiones relacionadas con la competitividad, el abastecimiento y el coste real de la transformaci\u00f3n sostenible adquiriendo una urgencia cada vez mayor.<\/p>\n<p>Durante a\u00f1os, la sostenibilidad se ha abordado principalmente como una cuesti\u00f3n de responsabilidad medioambiental y social. Hoy, muchas de esas ambiciones est\u00e1n entrando en un territorio diferente: regulaci\u00f3n, cumplimiento normativo, competitividad y acceso al mercado europeo. En Premi\u00e8re Vision Paris, esta transici\u00f3n era imposible de ignorar.<\/p>\n<p>Las conversaciones que ten\u00edan lugar en torno a tejidos, fibras y fabricaci\u00f3n se extend\u00edan cada vez m\u00e1s hacia Bruselas. \u00bfC\u00f3mo transformar\u00e1 la regulaci\u00f3n europea la manera en que se dise\u00f1an y comercializan los productos de moda? \u00bfC\u00f3mo pueden las empresas europeas asumir el coste del cumplimiento normativo mientras compiten con plataformas de moda ultrarr\u00e1pida que operan bajo modelos econ\u00f3micos muy diferentes? \u00bfC\u00f3mo funcionar\u00e1 en la pr\u00e1ctica el Pasaporte Digital de Producto? \u00bfY qui\u00e9n acabar\u00e1 pagando la transformaci\u00f3n sostenible de la moda?<\/p>\n<p><a href=\"https:\/\/luxiders.com\/premiere-vision-paris-2026-ai-fashion-innovation\/\" target=\"_blank\" rel=\"noopener\">Premi\u00e8re Vision dedic\u00f3 esta edici\u00f3n a la Innovaci\u00f3n y la Tecnolog\u00eda<\/a>, posicionando la innovaci\u00f3n no solo como motor de la transformaci\u00f3n medioambiental, sino tambi\u00e9n del rendimiento y la competitividad. M\u00e1s de 900 expositores internacionales presentaron soluciones a lo largo de toda la cadena de valor de la moda, desde materiales de nueva generaci\u00f3n y trazabilidad hasta inteligencia artificial, dise\u00f1o digital, fabricaci\u00f3n y textiles t\u00e9cnicos. Sin embargo, algunos de los avances m\u00e1s importantes estaban teniendo lugar m\u00e1s all\u00e1 de los stands.<\/p>\n                                            <div class=\"highlighted mt-5 mt-lg-6 px-lg-5\">\n                            <p style=\"text-align: center;\">\u00bfC\u00f3mo transformar\u00e1 la regulaci\u00f3n europea la manera en que se dise\u00f1an y comercializan los productos de moda? \u00bfC\u00f3mo pueden las empresas europeas asumir el coste del cumplimiento normativo mientras compiten con plataformas de moda ultrarr\u00e1pida que operan bajo modelos econ\u00f3micos muy diferentes? \u00bfC\u00f3mo funcionar\u00e1 en la pr\u00e1ctica el Pasaporte Digital de Producto? \u00bfY qui\u00e9n acabar\u00e1 pagando la transformaci\u00f3n sostenible de la moda?<\/p>\n                        <\/div>\n                                                        <\/div>\n            <\/div>\n        <\/div>\n    <\/section>\n    \n\n    <section id=\"media-block_7cc0095a41e5221ccadcb8030d48c912\" class=\"section position-relative gp-block gp-media pt-5 pb-5\">\n        <div class=\"container\">\n            <div class=\"row g-0\">\n                <div class=\"col-lg-12 content\" data-aos=\"fade-in\" data-aos-duration=\"1000\">\n                                                                            <\/div>\n            <\/div>\n            <div class=\"row g-0\">\n                <div class=\"col-lg-12 img-scaled\">\n                                                                                                                                                <figure class=\"mb-4 pt-lg-0 mb-lg-0 ps-lg-0 pe-lg-0\" data-aos=\"fade-up\" data-aos-duration=\"1000\"><div class=\"img-container\"><img loading=\"lazy\" decoding=\"async\" width=\"1200\" height=\"830\" src=\"https:\/\/luxiders.com\/content\/uploads\/pv-paris-sep-26-11-1.jpg\" class=\"img-fluid w-100\" alt=\"\" srcset=\"https:\/\/luxiders.com\/content\/uploads\/pv-paris-sep-26-11-1.jpg 1200w, https:\/\/luxiders.com\/content\/uploads\/pv-paris-sep-26-11-1-300x208.jpg 300w, https:\/\/luxiders.com\/content\/uploads\/pv-paris-sep-26-11-1-1024x708.jpg 1024w, https:\/\/luxiders.com\/content\/uploads\/pv-paris-sep-26-11-1-768x531.jpg 768w\" sizes=\"(max-width: 1200px) 100vw, 1200px\" \/><\/div><\/figure>                                                                                            <\/div>\n                                            <\/div>\n        <\/div>\n    <\/section>\n    \n\n    <section id=\"media-block_323f7c5322e42a2c620c1e8eb9c2fcab\" class=\"section position-relative gp-block gp-media pt-5 pb-5\">\n        <div class=\"container\">\n            <div class=\"row g-0\">\n                <div class=\"col-lg-12 content\" data-aos=\"fade-in\" data-aos-duration=\"1000\">\n                                                                            <\/div>\n            <\/div>\n            <div class=\"row g-0\">\n                <div class=\"col-lg-6 \">\n                                                                                                                                                <figure class=\"mb-4 pt-lg-0 mb-lg-0 ps-lg-4 pe-lg-0\" data-aos=\"fade-up\" data-aos-duration=\"1000\"><div class=\"img-container\"><img loading=\"lazy\" decoding=\"async\" width=\"1200\" height=\"830\" src=\"https:\/\/luxiders.com\/content\/uploads\/pv-paris-sep-26-9.jpg\" class=\"img-fluid w-100\" alt=\"\" srcset=\"https:\/\/luxiders.com\/content\/uploads\/pv-paris-sep-26-9.jpg 1200w, https:\/\/luxiders.com\/content\/uploads\/pv-paris-sep-26-9-300x208.jpg 300w, https:\/\/luxiders.com\/content\/uploads\/pv-paris-sep-26-9-1024x708.jpg 1024w, https:\/\/luxiders.com\/content\/uploads\/pv-paris-sep-26-9-768x531.jpg 768w\" sizes=\"(max-width: 1200px) 100vw, 1200px\" \/><\/div><\/figure>                                                                                            <\/div>\n                                    <div class=\"col-lg-6\">\n                                                                                                                                                        <figure class=\"mb-4 pt-lg-0 mb-lg-0 ps-lg-4 pe-lg-0\" data-aos=\"fade-up\" data-aos-duration=\"1000\"><div class=\"img-container\"><img loading=\"lazy\" decoding=\"async\" width=\"1200\" height=\"830\" src=\"https:\/\/luxiders.com\/content\/uploads\/pv-paris-sep-26-8.jpg\" class=\"img-fluid w-100\" alt=\"\" srcset=\"https:\/\/luxiders.com\/content\/uploads\/pv-paris-sep-26-8.jpg 1200w, https:\/\/luxiders.com\/content\/uploads\/pv-paris-sep-26-8-300x208.jpg 300w, https:\/\/luxiders.com\/content\/uploads\/pv-paris-sep-26-8-1024x708.jpg 1024w, https:\/\/luxiders.com\/content\/uploads\/pv-paris-sep-26-8-768x531.jpg 768w\" sizes=\"(max-width: 1200px) 100vw, 1200px\" \/><\/div><\/figure>                                                                                                        <\/div>\n                                            <\/div>\n        <\/div>\n    <\/section>\n    \n\n    <section id=\"textblock-block_5688551d7691fd6f35a8ddfb652705d9\" class=\"section position-relative gp-block gp-textblock pt-0 pb-0\">\n        <div class=\"container\">\n            <div class=\"row g-0\">\n                <div class=\"col-lg-12 content\" data-aos=\"fade-in\" data-aos-duration=\"1000\">\n                                                                        <h2 class=\"\">DE LA DECLARACI\u00d3N A LA ACCI\u00d3N POL\u00cdTICA\n<\/h2>\n                                                                                                        <p>Hace un a\u00f1o, Premi\u00e8re Vision se convirti\u00f3 en escenario de un momento inusualmente pol\u00edtico para la industria textil europea. Federaciones europeas de la moda y el textil se reunieron en Villepinte para denunciar el desequilibrio competitivo generado por la moda ultrarr\u00e1pida y reclamar una actuaci\u00f3n europea m\u00e1s contundente.<\/p>\n<p>Este mes de septiembre regresaron con medidas concretas sobre la mesa. La industria textil y de la confecci\u00f3n europea acogi\u00f3 favorablemente la eliminaci\u00f3n de la exenci\u00f3n de derechos de aduana para los env\u00edos de bajo valor inferiores a 150 euros y la introducci\u00f3n de un arancel aduanero temporal de 3 euros. Sin embargo, para las federaciones, estas medidas representan solo un primer paso.<\/p>\n<p>Su nueva declaraci\u00f3n conjunta insta a la Comisi\u00f3n Europea y a los Estados miembros a introducir una tasa de gesti\u00f3n significativa a escala de la UE que refleje los costes reales generados por los miles de millones de paquetes enviados directamente a los consumidores que entran en Europa. Aunque se ha debatido una tasa de entre 2 y 4 euros por paquete, las federaciones sostienen que aproximadamente 10 euros constituir\u00edan una referencia m\u00e1s realista para contribuir a cubrir los costes del procesamiento aduanero, el an\u00e1lisis de riesgos, la log\u00edstica, la vigilancia del mercado y el cumplimiento de las normas de seguridad de los productos.<\/p>\n<p>Los fabricantes europeos no reclaman simplemente protecci\u00f3n frente a competidores m\u00e1s baratos. Su argumento es que las empresas que venden dentro de un mismo mercado deber\u00edan operar bajo unas reglas comparables.<\/p>\n<p>Mario Jorge Machado, presidente de EURATEX, puso en perspectiva la magnitud de lo que est\u00e1 en juego: la industria textil europea representa 1,3 millones de puestos de trabajo y alrededor de 200.000 empresas, la gran mayor\u00eda de ellas pymes.<\/p>\n<p>Por ello, las federaciones reclaman que las plataformas online asuman una mayor responsabilidad en el cumplimiento de las obligaciones aduaneras, que se cierren las lagunas existentes entre las importaciones B2C y B2B y, de manera crucial, que las cargas regulatorias que soportan las empresas europeas que cumplen la normativa se tengan en cuenta al mismo tiempo que se endurecen los controles sobre las importaciones.<\/p>\n                                            <div class=\"highlighted mt-5 mt-lg-6 px-lg-5\">\n                            <p style=\"text-align: center;\">La industria textil europea representa 1,3 millones de puestos de trabajo y alrededor de 200.000 empresas, la gran mayor\u00eda de ellas pymes.<\/p>\n                        <\/div>\n                                                        <\/div>\n            <\/div>\n        <\/div>\n    <\/section>\n    \n\n    <section id=\"media-block_0207a702fc75d8155b9104df4d525e14\" class=\"section position-relative gp-block gp-media pt-5 pb-5\">\n        <div class=\"container\">\n            <div class=\"row g-0\">\n                <div class=\"col-lg-12 content\" data-aos=\"fade-in\" data-aos-duration=\"1000\">\n                                                                            <\/div>\n            <\/div>\n            <div class=\"row g-0\">\n                <div class=\"col-lg-6 \">\n                                                                                                                                                <figure class=\"mb-4 pt-lg-3 mb-lg-0 ps-lg-0 pe-lg-0\" data-aos=\"fade-up\" data-aos-duration=\"1000\"><div class=\"img-container\"><img loading=\"lazy\" decoding=\"async\" width=\"1200\" height=\"830\" src=\"https:\/\/luxiders.com\/content\/uploads\/pv-paris-sep-26-4.jpg\" class=\"img-fluid w-100\" alt=\"\" srcset=\"https:\/\/luxiders.com\/content\/uploads\/pv-paris-sep-26-4.jpg 1200w, https:\/\/luxiders.com\/content\/uploads\/pv-paris-sep-26-4-300x208.jpg 300w, https:\/\/luxiders.com\/content\/uploads\/pv-paris-sep-26-4-1024x708.jpg 1024w, https:\/\/luxiders.com\/content\/uploads\/pv-paris-sep-26-4-768x531.jpg 768w\" sizes=\"(max-width: 1200px) 100vw, 1200px\" \/><\/div><\/figure>                                                                                            <\/div>\n                                    <div class=\"col-lg-6\">\n                                                                                                                                                        <figure class=\"mb-4 pt-lg-5 mb-lg-5 ps-lg-4 pe-lg-4\" data-aos=\"fade-up\" data-aos-duration=\"1000\"><div class=\"img-container\"><img loading=\"lazy\" decoding=\"async\" width=\"1200\" height=\"830\" src=\"https:\/\/luxiders.com\/content\/uploads\/pv-paris-sep-26-7.jpg\" class=\"img-fluid w-100\" alt=\"\" srcset=\"https:\/\/luxiders.com\/content\/uploads\/pv-paris-sep-26-7.jpg 1200w, https:\/\/luxiders.com\/content\/uploads\/pv-paris-sep-26-7-300x208.jpg 300w, https:\/\/luxiders.com\/content\/uploads\/pv-paris-sep-26-7-1024x708.jpg 1024w, https:\/\/luxiders.com\/content\/uploads\/pv-paris-sep-26-7-768x531.jpg 768w\" sizes=\"(max-width: 1200px) 100vw, 1200px\" \/><\/div><\/figure>                                                                                                        <\/div>\n                                            <\/div>\n        <\/div>\n    <\/section>\n    \n\n    <section id=\"textblock-block_148ac95a25ae776aae360ae7e8feb4ff\" class=\"section position-relative gp-block gp-textblock pt-5 pb-5 pb-lg-8\">\n        <div class=\"container\">\n            <div class=\"row g-0\">\n                <div class=\"col-lg-12 content\" data-aos=\"fade-in\" data-aos-duration=\"1000\">\n                                                                        <h2 class=\"\">M\u00c1S CERCA NO SIEMPRE SIGNIFICA M\u00c1S F\u00c1CIL\n<\/h2>\n                                                                                                        <p>El deseo de acercar una mayor parte de la producci\u00f3n a los mercados europeos fue otro de los temas presentes en el evento. La l\u00f3gica resulta atractiva: cadenas de suministro m\u00e1s cortas, mayor control, proximidad y, potencialmente, una mayor resiliencia. La realidad, sin embargo, es considerablemente m\u00e1s compleja.<\/p>\n<p>Esto explica tambi\u00e9n por qu\u00e9 la oferta de fabricaci\u00f3n de Premi\u00e8re Vision est\u00e1 evolucionando. El abastecimiento de proximidad puede ser deseable all\u00ed donde existe la infraestructura necesaria. Pero el abastecimiento desde mercados m\u00e1s lejanos puede seguir siendo valioso cuando ofrece un conocimiento y una experiencia excepcionales que no pueden reproducirse f\u00e1cilmente en otros lugares.<\/p>\n<p>Esta cuesti\u00f3n conduce de forma natural hacia el pr\u00f3ximo cap\u00edtulo de Premi\u00e8re Vision. Durante la edici\u00f3n de septiembre, la feria anunci\u00f3 que India ser\u00e1 el pr\u00f3ximo foco de su programa Territories of Savoir-Faire, tras los cap\u00edtulos dedicados a Francia, Jap\u00f3n y Portugal.<\/p>\n<p>El proyecto se est\u00e1 desarrollando en colaboraci\u00f3n con la Embajada de India en Francia y el Ministerio de Textiles de India, y ocupar\u00e1 un lugar protagonista en Premi\u00e8re Vision Paris del 26 al 28 de enero de 2027.<\/p>\n<p>El momento resulta especialmente significativo. La iniciativa coincide con un acercamiento m\u00e1s amplio entre India y Europa y situar\u00e1 el tejido artesanal, el conocimiento textil y la artesan\u00eda creativa en el centro de la pr\u00f3xima edici\u00f3n.<\/p>\n<p>Para Luxiders, esta puede ser una de las direcciones m\u00e1s significativas de Premi\u00e8re Vision. Porque, despu\u00e9s de a\u00f1os pregunt\u00e1ndonos qu\u00e9 puede hacer la tecnolog\u00eda por la moda, la industria comienza a redescubrir otra forma de innovaci\u00f3n: un conocimiento que ha sobrevivido durante generaciones.<\/p>\n                                            <div class=\"highlighted mt-5 mt-lg-6 px-lg-5\">\n                            <p style=\"text-align: center;\">Mayouri Sengchanh, responsable de Premi\u00e8re Vision para Alemania, Austria, Suiza, Pa\u00edses Bajos y Polonia, record\u00f3 el ejemplo de un ambicioso proyecto de fabricaci\u00f3n de denim en M\u00f6nchengladbach, Alemania. Recuperar la producci\u00f3n de prendas no significa reconstruir autom\u00e1ticamente el ecosistema necesario para sostenerla. Las fibras, la hilatura, el tejido, el te\u00f1ido, los acabados, la maquinaria, el conocimiento especializado y el precio deben estar alineados.<\/p>\n                        <\/div>\n                                                        <\/div>\n            <\/div>\n        <\/div>\n    <\/section>\n    \n\n    <section id=\"media-block_928aba12a3232c505c5b0bf88ed59f48\" class=\"section position-relative gp-block gp-media pt-5 pb-5\">\n        <div class=\"container\">\n            <div class=\"row g-0\">\n                <div class=\"col-lg-12 content\" data-aos=\"fade-in\" data-aos-duration=\"1000\">\n                                                                            <\/div>\n            <\/div>\n            <div class=\"row g-0\">\n                <div class=\"col-lg-12 img-scaled\">\n                                                                                                                                                <figure class=\"mb-4 pt-lg-0 mb-lg-0 ps-lg-0 pe-lg-0\" data-aos=\"fade-up\" data-aos-duration=\"1000\"><div class=\"img-container\"><img loading=\"lazy\" decoding=\"async\" width=\"1200\" height=\"830\" src=\"https:\/\/luxiders.com\/content\/uploads\/pv-paris-sep-26-12.jpg\" class=\"img-fluid w-100\" alt=\"\" srcset=\"https:\/\/luxiders.com\/content\/uploads\/pv-paris-sep-26-12.jpg 1200w, https:\/\/luxiders.com\/content\/uploads\/pv-paris-sep-26-12-300x208.jpg 300w, https:\/\/luxiders.com\/content\/uploads\/pv-paris-sep-26-12-1024x708.jpg 1024w, https:\/\/luxiders.com\/content\/uploads\/pv-paris-sep-26-12-768x531.jpg 768w\" sizes=\"(max-width: 1200px) 100vw, 1200px\" \/><\/div><\/figure>                                                                                            <\/div>\n                                            <\/div>\n        <\/div>\n    <\/section>\n    \n\n    <section id=\"textblock-block_064bf6fd9e4be4d9bc7f4f3ff59a38df\" class=\"section position-relative gp-block gp-textblock pt-5 pb-5\">\n        <div class=\"container\">\n            <div class=\"row g-0\">\n                <div class=\"col-lg-12 content\" data-aos=\"fade-in\" data-aos-duration=\"1000\">\n                                                                        <h2 class=\"\">LA REALIDAD DETR\u00c1S DE LA INNOVACI\u00d3N EN MATERIALES\n<\/h2>\n                                                                                                        <p>Premi\u00e8re Vision es sin\u00f3nimo de innovaci\u00f3n en materiales, pero la edici\u00f3n de septiembre plante\u00f3 tambi\u00e9n una cuesti\u00f3n m\u00e1s fundamental: \u00bfnecesita realmente la moda m\u00e1s materiales o necesita utilizar mejor los que ya existen?<\/p>\n<p>A nivel de fibras e hilados, la transformaci\u00f3n sigue siendo especialmente compleja.<\/p>\n<p>Mayouri Sengchanh, responsable de la oficina de Premi\u00e8re Vision para Alemania, Austria, Suiza, Pa\u00edses Bajos y Polonia, se\u00f1ala una paradoja. Gran parte de la industria del hilado contin\u00faa estrechamente vinculada al sector qu\u00edmico, especialmente cuando se requieren elasticidad, prestaciones t\u00e9cnicas y consistencia. Est\u00e1n surgiendo alternativas m\u00e1s responsables, pero muchas siguen en fase de desarrollo, tienen precios m\u00e1s elevados o todav\u00eda no pueden competir a escala comercial.<\/p>\n<p>Como explic\u00f3, una soluci\u00f3n innovadora puede representar un peque\u00f1o porcentaje de las ventas destinadas a empresas de lujo, mientras que la inmensa mayor\u00eda de la producci\u00f3n contin\u00faa dependiendo de fibras convencionales de origen qu\u00edmico. Esto no significa que la innovaci\u00f3n sea irrelevante. Significa que la capacidad de escalar es fundamental.<\/p>\n<p>La propia Premi\u00e8re Vision parece ser cada vez m\u00e1s consciente de este cambio. A principios de 2026, la organizaci\u00f3n describi\u00f3 la innovaci\u00f3n responsable como un requisito indispensable, pero precis\u00f3 que ahora debe ser \u00abconcreta, escalable y aplicable de forma inmediata\u00bb.<\/p>\n<p>Este puede ser uno de los cambios m\u00e1s significativos en la conversaci\u00f3n sobre sostenibilidad. La industria est\u00e1 pasando de preguntarse qu\u00e9 es posible a preguntarse qu\u00e9 puede implementarse realmente.<\/p>\n                                                        <\/div>\n            <\/div>\n        <\/div>\n    <\/section>\n    \n\n    <section id=\"media-block_c0d6ae859f42bbcc6f416fa80514a7eb\" class=\"section position-relative gp-block gp-media pt-5 pb-5\">\n        <div class=\"container\">\n            <div class=\"row g-0\">\n                <div class=\"col-lg-12 content\" data-aos=\"fade-in\" data-aos-duration=\"1000\">\n                                                                            <\/div>\n            <\/div>\n            <div class=\"row g-0\">\n                <div class=\"col-lg-12 img-scaled\">\n                                                                                                                                                <figure class=\"mb-4 pt-lg-0 mb-lg-0 ps-lg-0 pe-lg-0\" data-aos=\"fade-up\" data-aos-duration=\"1000\"><div class=\"img-container\"><img loading=\"lazy\" decoding=\"async\" width=\"1200\" height=\"830\" src=\"https:\/\/luxiders.com\/content\/uploads\/pv-paris-sep-26-17.jpg\" class=\"img-fluid w-100\" alt=\"\" srcset=\"https:\/\/luxiders.com\/content\/uploads\/pv-paris-sep-26-17.jpg 1200w, https:\/\/luxiders.com\/content\/uploads\/pv-paris-sep-26-17-300x208.jpg 300w, https:\/\/luxiders.com\/content\/uploads\/pv-paris-sep-26-17-1024x708.jpg 1024w, https:\/\/luxiders.com\/content\/uploads\/pv-paris-sep-26-17-768x531.jpg 768w\" sizes=\"(max-width: 1200px) 100vw, 1200px\" \/><\/div><\/figure>                                                                                            <\/div>\n                                            <\/div>\n        <\/div>\n    <\/section>\n    \n\n    <section id=\"textblock-block_a8c2ca2e6dbfe2073cf24dd5f7bcc473\" class=\"section position-relative gp-block gp-textblock pt-5 pb-5\">\n        <div class=\"container\">\n            <div class=\"row g-0\">\n                <div class=\"col-lg-12 content\" data-aos=\"fade-in\" data-aos-duration=\"1000\">\n                                                                        <h2 class=\"\">LA SOSTENIBILIDAD, UNA CUESTI\u00d3N ECON\u00d3MICA\n<\/h2>\n                                                                                                        <p>Entonces, \u00bfc\u00f3mo podemos hacer que la moda sea m\u00e1s responsable sin hacer econ\u00f3micamente inviable la producci\u00f3n responsable en Europa? Esta tensi\u00f3n tambi\u00e9n estuvo muy presente en nuestra conversaci\u00f3n con Mayouri Sengchanh. \u00abEl precio de la sostenibilidad es alto\u00bb, explic\u00f3 a Luxiders. La frase es sencilla, pero detr\u00e1s de ella se encuentra una de las realidades m\u00e1s dif\u00edciles de la industria.<\/p>\n<p>Una empresa de moda puede incorporar un pol\u00edmero de origen biol\u00f3gico, un material suprarreciclado o una nueva soluci\u00f3n a base de celulosa en una parte de su colecci\u00f3n. Hacerlo en toda su gama de productos resulta mucho m\u00e1s complejo. Y el c\u00e1lculo no termina en el tejido principal. Hilados, botones, cremalleras, etiquetas, embalajes, fabricaci\u00f3n y log\u00edstica forman parte de la huella del producto y, cada vez m\u00e1s, tambi\u00e9n de sus obligaciones regulatorias.<\/p>\n<p>Como consecuencia, Premi\u00e8re Vision ha reforzado su atenci\u00f3n sobre los embalajes y los accesorios, precisamente porque estos componentes, aparentemente secundarios, est\u00e1n pasando a formar parte de una conversaci\u00f3n mucho m\u00e1s amplia sobre cumplimiento normativo y elecci\u00f3n de materiales.<\/p>\n<p>Para Mayouri Sengchanh: \u00abSer verdaderamente circular exige tener en cuenta todo el ciclo de vida del producto, desde el abastecimiento y la producci\u00f3n hasta el embalaje y el marketing. Y eso cuesta mucho\u00bb.<\/p>\n<p>Esta realidad pone en cuesti\u00f3n una de las ideas m\u00e1s repetidas en la moda: que la transformaci\u00f3n sostenible consiste simplemente en elegir la alternativa adecuada. A veces, esa alternativa existe. Las preguntas m\u00e1s dif\u00edciles son si puede escalarse, si los fabricantes pueden trabajar con ella, si las marcas pueden permit\u00edrsela y si los consumidores est\u00e1n dispuestos a pagar por ella.<\/p>\n                                                        <\/div>\n            <\/div>\n        <\/div>\n    <\/section>\n    \n\n    <section id=\"media-block_207e732c5e09213f0d3c98796a68d2c6\" class=\"section position-relative gp-block gp-media pt-5 pb-5\">\n        <div class=\"container\">\n            <div class=\"row g-0\">\n                <div class=\"col-lg-12 content\" data-aos=\"fade-in\" data-aos-duration=\"1000\">\n                                                                            <\/div>\n            <\/div>\n            <div class=\"row g-0\">\n                <div class=\"col-lg-12 img-scaled\">\n                                                                                                                                                <figure class=\"mb-4 pt-lg-0 mb-lg-0 ps-lg-0 pe-lg-0\" data-aos=\"fade-up\" data-aos-duration=\"1000\"><div class=\"img-container\"><img loading=\"lazy\" decoding=\"async\" width=\"1200\" height=\"830\" src=\"https:\/\/luxiders.com\/content\/uploads\/pv-paris-sep-26-2.jpg\" class=\"img-fluid w-100\" alt=\"\" srcset=\"https:\/\/luxiders.com\/content\/uploads\/pv-paris-sep-26-2.jpg 1200w, https:\/\/luxiders.com\/content\/uploads\/pv-paris-sep-26-2-300x208.jpg 300w, https:\/\/luxiders.com\/content\/uploads\/pv-paris-sep-26-2-1024x708.jpg 1024w, https:\/\/luxiders.com\/content\/uploads\/pv-paris-sep-26-2-768x531.jpg 768w\" sizes=\"(max-width: 1200px) 100vw, 1200px\" \/><\/div><\/figure>                                                                                            <\/div>\n                                            <\/div>\n        <\/div>\n    <\/section>\n    \n\n    <section id=\"textblock-block_f8c3bdd604f81bc55eb6397447cd33b7\" class=\"section position-relative gp-block gp-textblock pt-5 pb-5\">\n        <div class=\"container\">\n            <div class=\"row g-0\">\n                <div class=\"col-lg-12 content\" data-aos=\"fade-in\" data-aos-duration=\"1000\">\n                                                                        <h2 class=\"\">\u00bfPUEDE LA MODA REGULARSE SIN REGULAR LA CREATIVIDAD?\n<\/h2>\n                                                                                                        <p>La regulaci\u00f3n genera otra paradoja. La moda necesita nuevas reglas, pero tambi\u00e9n necesita imaginaci\u00f3n. Seg\u00fan Mayouri, \u00abla propia creatividad est\u00e1 cada vez m\u00e1s sometida a la presi\u00f3n de otra fuerza: los datos\u00bb. Hoy, las marcas disponen de una extraordinaria visibilidad sobre qu\u00e9 se vende y qu\u00e9 no, qu\u00e9 colores funcionan mejor y qu\u00e9 productos deber\u00edan permanecer de forma permanente en stock. Esto mejora la eficiencia comercial, pero tambi\u00e9n puede dar lugar a colecciones cada vez m\u00e1s predecibles.<\/p>\n<p>Mayouri describi\u00f3 marcas que operan dentro de estructuras estrictamente controladas, donde solo una proporci\u00f3n relativamente peque\u00f1a de la colecci\u00f3n puede destinarse a nuevos colores, materiales o innovaciones, mientras que el resto est\u00e1 dominado por productos de continuidad y bestsellers ya consolidados.<\/p>\n<p>Premi\u00e8re Vision intenta deliberadamente romper con esta l\u00f3gica. Un ejemplo sutil puede encontrarse en su manera de abordar el color. \u00abEn lugar de dictar varias historias crom\u00e1ticas estacionales cerradas, el equipo de moda ha comenzado a ofrecer direcciones m\u00e1s amplias a partir de las cuales se anima a los dise\u00f1adores a construir sus propias paletas\u00bb, explic\u00f3 Mayouri. La raz\u00f3n es sorprendentemente sencilla. \u00abSi decimos que esta temporada es rosa o que esta temporada es azul, al final tendremos todo igual en los escaparates\u00bb.<\/p>\n<p>El objetivo, explica Mayouri, es \u00abreactivar la creatividad\u00bb. En un momento en el que los algoritmos pueden identificar con extraordinaria precisi\u00f3n lo que los consumidores ya quieren, quiz\u00e1 uno de los mayores desaf\u00edos de la moda sea conservar el valor de proponer algo que todav\u00eda no han pedido.<\/p>\n                                                        <\/div>\n            <\/div>\n        <\/div>\n    <\/section>\n    \n\n    <section id=\"media-block_02b1968f1214191099ebe36afc1dfd59\" class=\"section position-relative gp-block gp-media pt-0 pb-0\">\n        <div class=\"container\">\n            <div class=\"row g-0\">\n                <div class=\"col-lg-12 content\" data-aos=\"fade-in\" data-aos-duration=\"1000\">\n                                                                            <\/div>\n            <\/div>\n            <div class=\"row g-0\">\n                <div class=\"col-lg-12 img-scaled\">\n                                                                                                                                                <figure class=\"mb-4 pt-lg-0 mb-lg-0 ps-lg-0 pe-lg-0\" data-aos=\"fade-up\" data-aos-duration=\"1000\"><div class=\"img-container\"><img loading=\"lazy\" decoding=\"async\" width=\"1200\" height=\"830\" src=\"https:\/\/luxiders.com\/content\/uploads\/pv-paris-sep-26-18.jpg\" class=\"img-fluid w-100\" alt=\"\" srcset=\"https:\/\/luxiders.com\/content\/uploads\/pv-paris-sep-26-18.jpg 1200w, https:\/\/luxiders.com\/content\/uploads\/pv-paris-sep-26-18-300x208.jpg 300w, https:\/\/luxiders.com\/content\/uploads\/pv-paris-sep-26-18-1024x708.jpg 1024w, https:\/\/luxiders.com\/content\/uploads\/pv-paris-sep-26-18-768x531.jpg 768w\" sizes=\"(max-width: 1200px) 100vw, 1200px\" \/><\/div><\/figure>                                                                                            <\/div>\n                                            <\/div>\n        <\/div>\n    <\/section>\n    \n\n    <section id=\"textblock-block_f471b3f1c5dd2727cebdeefd5e3c0b2a\" class=\"section position-relative gp-block gp-textblock pt-5 pb-5 pb-lg-8\">\n        <div class=\"container\">\n            <div class=\"row g-0\">\n                <div class=\"col-lg-12 content\" data-aos=\"fade-in\" data-aos-duration=\"1000\">\n                                                                        <h2 class=\"\">LANA, CUERO Y LA CUESTI\u00d3N DE LA LONGEVIDAD\n<\/h2>\n                                                                                                        <p>Este regreso a la materialidad tambi\u00e9n volvi\u00f3 a situar en el centro de la conversaci\u00f3n materiales naturales conocidos. La lana tuvo una presencia destacada dentro de la oferta de invierno.<\/p>\n<p>Mayouri la describe casi como un \u00abmaterial superh\u00e9roe\u00bb, naturalmente antibacteriano, aislante y capaz de regular el confort. Sin embargo, una vez m\u00e1s, su debilidad en el mercado actual no reside necesariamente en sus prestaciones, sino en su precio.<\/p>\n<p>El cuero aut\u00e9ntico tambi\u00e9n tuvo una presencia destacada, incluidas calidades m\u00e1s gruesas asociadas a una mayor longevidad, mientras que los debates en torno al pelo natural reabrieron una de las cuestiones m\u00e1s inc\u00f3modas de la moda sostenible. En Luxiders creemos que esta cuesti\u00f3n no puede resolverse mediante etiquetas simplistas. El bienestar animal importa. Tambi\u00e9n importan los recursos f\u00f3siles, la qu\u00edmica, la durabilidad, el consumo energ\u00e9tico, los micropl\u00e1sticos, la reparabilidad y el final de la vida \u00fatil.<\/p>\n<p>Un material derivado del petr\u00f3leo no se convierte autom\u00e1ticamente en una opci\u00f3n medioambientalmente preferible por ser descrito como \u00abvegano\u00bb, del mismo modo que un material natural no puede considerarse autom\u00e1ticamente sostenible por proceder de la naturaleza. Si la pr\u00f3xima era de la moda va a estar m\u00e1s regulada, tambi\u00e9n deber\u00e1 ser m\u00e1s precisa.<\/p>\n<p>Esto quiz\u00e1 explique la evoluci\u00f3n del papel de Premi\u00e8re Vision. La feria sigue siendo, fundamentalmente, un destino para el abastecimiento. Pero, cada vez m\u00e1s, funciona tambi\u00e9n como un espacio en el que la industria intenta descifrar todo lo que est\u00e1 sucediendo alrededor del sourcing.<\/p>\n<p>Su programa de conferencias de septiembre reuni\u00f3 a m\u00e1s de 100 expertos internacionales para debatir sobre innovaci\u00f3n, sostenibilidad, tecnolog\u00eda, creatividad, mercados y la evoluci\u00f3n del comportamiento de los consumidores.<\/p>\n<p>El programa Facing Fashion Forward abord\u00f3 la rentabilidad, la protecci\u00f3n de los m\u00e1rgenes, la inteligencia artificial, el reciclaje qu\u00edmico, la dependencia de los combustibles f\u00f3siles y la implementaci\u00f3n pr\u00e1ctica del Pasaporte Digital de Producto. Estas cuestiones ya no son abstractas. Determinan qu\u00e9 materiales seleccionan las marcas, con qu\u00e9 proveedores pueden trabajar, qu\u00e9 informaci\u00f3n deben recopilar y, en \u00faltima instancia, qu\u00e9 productos llegan al mercado.<\/p>\n<p>&nbsp;<\/p>\n<p style=\"text-align: center;\"><em><strong>Todas las im\u00e1genes:<\/strong><\/em><br \/>\n<em><strong>@ Cortes\u00eda de<\/strong><\/em><br \/>\n<a href=\"https:\/\/paris.premierevision.com\/en\/registration\/registration?utm_source=newsletter&amp;utm_medium=display&amp;utm_campaign=rpa20262_banner\" target=\"_blank\" rel=\"noopener\"><em><strong>Premi\u00e8re Vision<\/strong><\/em><\/a><\/p>\n                                                        <\/div>\n            <\/div>\n        <\/div>\n    <\/section>\n    \n\n    <section id=\"media-block_7f4b0eac77557839da79167a7795c1b1\" class=\"section position-relative gp-block gp-media pt-5 pb-5\">\n        <div class=\"container\">\n            <div class=\"row g-0\">\n                <div class=\"col-lg-12 content\" data-aos=\"fade-in\" data-aos-duration=\"1000\">\n                                                                            <\/div>\n            <\/div>\n            <div class=\"row g-0\">\n                <div class=\"col-lg-12 img-scaled\">\n                                    <\/div>\n                                            <\/div>\n        <\/div>\n    <\/section>\n    ","protected":false},"excerpt":{"rendered":"","protected":false},"author":2,"featured_media":64115,"comment_status":"closed","ping_status":"closed","sticky":false,"template":"","format":"standard","meta":{"_acf_changed":false,"footnotes":""},"categories":[130],"tags":[10776,10777,8980,6790],"class_list":["post-64078","post","type-post","status-publish","format-standard","has-post-thumbnail","category-moda-sostenible-lujo","tag-mayouri-sengchanh-es","tag-premiere-vision-2026-es","tag-premiere-vision-paris-4","tag-premiere-vision-paris"],"acf":[],"yoast_head":"<title>Premi\u00e8re Vision Paris 2026 | La moda se encuentra con la pol\u00edtica<\/title>\n<meta name=\"description\" content=\"Premi\u00e8re Vision Paris 2026 revel\u00f3 una industria de la moda que entra en una era marcadamente pol\u00edtica. Sin embargo, en medio de la regulaci\u00f3n\" \/>\n<meta name=\"robots\" content=\"index, follow, max-snippet:-1, max-image-preview:large, max-video-preview:-1\" \/>\n<link rel=\"canonical\" href=\"https:\/\/luxiders.com\/es\/premiere-vision-paris-2026-donde-la-moda-se-encuentra-con-la-politica\/\" \/>\n<meta property=\"og:locale\" content=\"es_ES\" \/>\n<meta property=\"og:type\" content=\"article\" \/>\n<meta property=\"og:title\" content=\"Premi\u00e8re Vision Paris 2026 | La moda se encuentra con la pol\u00edtica\" \/>\n<meta property=\"og:description\" content=\"Premi\u00e8re Vision Paris 2026 revel\u00f3 una industria de la moda que entra en una era marcadamente pol\u00edtica. Sin embargo, en medio de la regulaci\u00f3n\" \/>\n<meta property=\"og:url\" content=\"https:\/\/luxiders.com\/es\/premiere-vision-paris-2026-donde-la-moda-se-encuentra-con-la-politica\/\" \/>\n<meta property=\"og:site_name\" content=\"Sustainable Fashion - Eco Design - Healthy Lifestyle - Luxiders Magazine\" \/>\n<meta property=\"article:published_time\" content=\"2026-09-04T07:01:59+00:00\" \/>\n<meta property=\"article:modified_time\" content=\"2026-09-04T13:29:52+00:00\" \/>\n<meta property=\"og:image\" content=\"https:\/\/luxiders.com\/content\/uploads\/pv-paris-sep-26-12.jpg\" \/>\n\t<meta property=\"og:image:width\" content=\"1200\" \/>\n\t<meta property=\"og:image:height\" content=\"830\" \/>\n\t<meta property=\"og:image:type\" content=\"image\/jpeg\" \/>\n<meta name=\"author\" content=\"luxiders\" \/>\n<meta name=\"twitter:card\" content=\"summary_large_image\" \/>\n<meta name=\"twitter:label1\" content=\"Written by\" \/>\n\t<meta name=\"twitter:data1\" content=\"luxiders\" \/>\n\t<meta name=\"twitter:label2\" content=\"Est. reading time\" \/>\n\t<meta name=\"twitter:data2\" content=\"1 minute\" \/>\n<script type=\"application\/ld+json\" class=\"yoast-schema-graph\">{\"@context\":\"https:\/\/schema.org\",\"@graph\":[{\"@type\":\"Article\",\"@id\":\"https:\/\/luxiders.com\/es\/premiere-vision-paris-2026-donde-la-moda-se-encuentra-con-la-politica\/#article\",\"isPartOf\":{\"@id\":\"https:\/\/luxiders.com\/es\/premiere-vision-paris-2026-donde-la-moda-se-encuentra-con-la-politica\/\"},\"author\":{\"name\":\"luxiders\",\"@id\":\"https:\/\/luxiders.com\/es\/#\/schema\/person\/8632fa702ae2ce98f66c396254633de8\"},\"headline\":\"Premi\u00e8re Vision Paris 2026 | Donde la moda se encuentra con la pol\u00edtica\",\"datePublished\":\"2026-09-04T07:01:59+00:00\",\"dateModified\":\"2026-09-04T13:29:52+00:00\",\"mainEntityOfPage\":{\"@id\":\"https:\/\/luxiders.com\/es\/premiere-vision-paris-2026-donde-la-moda-se-encuentra-con-la-politica\/\"},\"wordCount\":13,\"publisher\":{\"@id\":\"https:\/\/luxiders.com\/es\/#organization\"},\"image\":{\"@id\":\"https:\/\/luxiders.com\/es\/premiere-vision-paris-2026-donde-la-moda-se-encuentra-con-la-politica\/#primaryimage\"},\"thumbnailUrl\":\"https:\/\/luxiders.com\/content\/uploads\/pv-paris-sep-26-12.jpg\",\"keywords\":[\"Mayouri Sengchanh\",\"Premi\u00e8re Vision 2026\",\"premiere vision paris\",\"Premi\u00e8re Vision Paris\"],\"articleSection\":[\"Moda\"],\"inLanguage\":\"es-ES\"},{\"@type\":\"WebPage\",\"@id\":\"https:\/\/luxiders.com\/es\/premiere-vision-paris-2026-donde-la-moda-se-encuentra-con-la-politica\/\",\"url\":\"https:\/\/luxiders.com\/es\/premiere-vision-paris-2026-donde-la-moda-se-encuentra-con-la-politica\/\",\"name\":\"Premi\u00e8re Vision Paris 2026 | La moda se encuentra con la pol\u00edtica\",\"isPartOf\":{\"@id\":\"https:\/\/luxiders.com\/es\/#website\"},\"primaryImageOfPage\":{\"@id\":\"https:\/\/luxiders.com\/es\/premiere-vision-paris-2026-donde-la-moda-se-encuentra-con-la-politica\/#primaryimage\"},\"image\":{\"@id\":\"https:\/\/luxiders.com\/es\/premiere-vision-paris-2026-donde-la-moda-se-encuentra-con-la-politica\/#primaryimage\"},\"thumbnailUrl\":\"https:\/\/luxiders.com\/content\/uploads\/pv-paris-sep-26-12.jpg\",\"datePublished\":\"2026-09-04T07:01:59+00:00\",\"dateModified\":\"2026-09-04T13:29:52+00:00\",\"description\":\"Premi\u00e8re Vision Paris 2026 revel\u00f3 una industria de la moda que entra en una era marcadamente pol\u00edtica. Sin embargo, en medio de la regulaci\u00f3n\",\"breadcrumb\":{\"@id\":\"https:\/\/luxiders.com\/es\/premiere-vision-paris-2026-donde-la-moda-se-encuentra-con-la-politica\/#breadcrumb\"},\"inLanguage\":\"es-ES\",\"potentialAction\":[{\"@type\":\"ReadAction\",\"target\":[\"https:\/\/luxiders.com\/es\/premiere-vision-paris-2026-donde-la-moda-se-encuentra-con-la-politica\/\"]}]},{\"@type\":\"ImageObject\",\"inLanguage\":\"es-ES\",\"@id\":\"https:\/\/luxiders.com\/es\/premiere-vision-paris-2026-donde-la-moda-se-encuentra-con-la-politica\/#primaryimage\",\"url\":\"https:\/\/luxiders.com\/content\/uploads\/pv-paris-sep-26-12.jpg\",\"contentUrl\":\"https:\/\/luxiders.com\/content\/uploads\/pv-paris-sep-26-12.jpg\",\"width\":1200,\"height\":830},{\"@type\":\"BreadcrumbList\",\"@id\":\"https:\/\/luxiders.com\/es\/premiere-vision-paris-2026-donde-la-moda-se-encuentra-con-la-politica\/#breadcrumb\",\"itemListElement\":[{\"@type\":\"ListItem\",\"position\":1,\"name\":\"Startseite\",\"item\":\"https:\/\/luxiders.com\/es\/\"},{\"@type\":\"ListItem\",\"position\":2,\"name\":\"Moda\",\"item\":\"https:\/\/luxiders.com\/es\/category\/moda-sostenible-lujo\/\"},{\"@type\":\"ListItem\",\"position\":3,\"name\":\"Premi\u00e8re Vision Paris 2026 | Donde la moda se encuentra con la pol\u00edtica\"}]},{\"@type\":\"WebSite\",\"@id\":\"https:\/\/luxiders.com\/es\/#website\",\"url\":\"https:\/\/luxiders.com\/es\/\",\"name\":\"Sustainable Fashion - Eco Design - Healthy Lifestyle - Luxiders Magazine\",\"description\":\"Luxiders is a sustainable luxury magazine highlighting the best stories about sustainable fashion, ethical fashion, eco-friendly design, green design, sustainable travel, natural beauty, organic beauty and healthy lifestyle. Know the best high-end, progressive and luxury sustainable brands and designers worldwide.\",\"publisher\":{\"@id\":\"https:\/\/luxiders.com\/es\/#organization\"},\"potentialAction\":[{\"@type\":\"SearchAction\",\"target\":{\"@type\":\"EntryPoint\",\"urlTemplate\":\"https:\/\/luxiders.com\/es\/?s={search_term_string}\"},\"query-input\":{\"@type\":\"PropertyValueSpecification\",\"valueRequired\":true,\"valueName\":\"search_term_string\"}}],\"inLanguage\":\"es-ES\"},{\"@type\":\"Organization\",\"@id\":\"https:\/\/luxiders.com\/es\/#organization\",\"name\":\"Sustainable Fashion - Eco Design - Healthy Lifestyle - Luxiders Magazine\",\"url\":\"https:\/\/luxiders.com\/es\/\",\"logo\":{\"@type\":\"ImageObject\",\"inLanguage\":\"es-ES\",\"@id\":\"https:\/\/luxiders.com\/es\/#\/schema\/logo\/image\/\",\"url\":\"https:\/\/luxiders.com\/content\/uploads\/lux-logo.svg\",\"contentUrl\":\"https:\/\/luxiders.com\/content\/uploads\/lux-logo.svg\",\"caption\":\"Sustainable Fashion - Eco Design - Healthy Lifestyle - Luxiders Magazine\"},\"image\":{\"@id\":\"https:\/\/luxiders.com\/es\/#\/schema\/logo\/image\/\"}},{\"@type\":\"Person\",\"@id\":\"https:\/\/luxiders.com\/es\/#\/schema\/person\/8632fa702ae2ce98f66c396254633de8\",\"name\":\"luxiders\",\"url\":\"https:\/\/luxiders.com\/es\/author\/luxiders\/\"}]}<\/script>","yoast_head_json":{"title":"Premi\u00e8re Vision Paris 2026 | La moda se encuentra con la pol\u00edtica","description":"Premi\u00e8re Vision Paris 2026 revel\u00f3 una industria de la moda que entra en una era marcadamente pol\u00edtica. Sin embargo, en medio de la regulaci\u00f3n","robots":{"index":"index","follow":"follow","max-snippet":"max-snippet:-1","max-image-preview":"max-image-preview:large","max-video-preview":"max-video-preview:-1"},"canonical":"https:\/\/luxiders.com\/es\/premiere-vision-paris-2026-donde-la-moda-se-encuentra-con-la-politica\/","og_locale":"es_ES","og_type":"article","og_title":"Premi\u00e8re Vision Paris 2026 | La moda se encuentra con la pol\u00edtica","og_description":"Premi\u00e8re Vision Paris 2026 revel\u00f3 una industria de la moda que entra en una era marcadamente pol\u00edtica. Sin embargo, en medio de la regulaci\u00f3n","og_url":"https:\/\/luxiders.com\/es\/premiere-vision-paris-2026-donde-la-moda-se-encuentra-con-la-politica\/","og_site_name":"Sustainable Fashion - Eco Design - Healthy Lifestyle - Luxiders Magazine","article_published_time":"2026-09-04T07:01:59+00:00","article_modified_time":"2026-09-04T13:29:52+00:00","og_image":[{"width":1200,"height":830,"url":"https:\/\/luxiders.com\/content\/uploads\/pv-paris-sep-26-12.jpg","type":"image\/jpeg"}],"author":"luxiders","twitter_card":"summary_large_image","twitter_misc":{"Written by":"luxiders","Est. reading time":"1 minute"},"schema":{"@context":"https:\/\/schema.org","@graph":[{"@type":"Article","@id":"https:\/\/luxiders.com\/es\/premiere-vision-paris-2026-donde-la-moda-se-encuentra-con-la-politica\/#article","isPartOf":{"@id":"https:\/\/luxiders.com\/es\/premiere-vision-paris-2026-donde-la-moda-se-encuentra-con-la-politica\/"},"author":{"name":"luxiders","@id":"https:\/\/luxiders.com\/es\/#\/schema\/person\/8632fa702ae2ce98f66c396254633de8"},"headline":"Premi\u00e8re Vision Paris 2026 | Donde la moda se encuentra con la pol\u00edtica","datePublished":"2026-09-04T07:01:59+00:00","dateModified":"2026-09-04T13:29:52+00:00","mainEntityOfPage":{"@id":"https:\/\/luxiders.com\/es\/premiere-vision-paris-2026-donde-la-moda-se-encuentra-con-la-politica\/"},"wordCount":13,"publisher":{"@id":"https:\/\/luxiders.com\/es\/#organization"},"image":{"@id":"https:\/\/luxiders.com\/es\/premiere-vision-paris-2026-donde-la-moda-se-encuentra-con-la-politica\/#primaryimage"},"thumbnailUrl":"https:\/\/luxiders.com\/content\/uploads\/pv-paris-sep-26-12.jpg","keywords":["Mayouri Sengchanh","Premi\u00e8re Vision 2026","premiere vision paris","Premi\u00e8re Vision Paris"],"articleSection":["Moda"],"inLanguage":"es-ES"},{"@type":"WebPage","@id":"https:\/\/luxiders.com\/es\/premiere-vision-paris-2026-donde-la-moda-se-encuentra-con-la-politica\/","url":"https:\/\/luxiders.com\/es\/premiere-vision-paris-2026-donde-la-moda-se-encuentra-con-la-politica\/","name":"Premi\u00e8re Vision Paris 2026 | La moda se encuentra con la pol\u00edtica","isPartOf":{"@id":"https:\/\/luxiders.com\/es\/#website"},"primaryImageOfPage":{"@id":"https:\/\/luxiders.com\/es\/premiere-vision-paris-2026-donde-la-moda-se-encuentra-con-la-politica\/#primaryimage"},"image":{"@id":"https:\/\/luxiders.com\/es\/premiere-vision-paris-2026-donde-la-moda-se-encuentra-con-la-politica\/#primaryimage"},"thumbnailUrl":"https:\/\/luxiders.com\/content\/uploads\/pv-paris-sep-26-12.jpg","datePublished":"2026-09-04T07:01:59+00:00","dateModified":"2026-09-04T13:29:52+00:00","description":"Premi\u00e8re Vision Paris 2026 revel\u00f3 una industria de la moda que entra en una era marcadamente pol\u00edtica. Sin embargo, en medio de la regulaci\u00f3n","breadcrumb":{"@id":"https:\/\/luxiders.com\/es\/premiere-vision-paris-2026-donde-la-moda-se-encuentra-con-la-politica\/#breadcrumb"},"inLanguage":"es-ES","potentialAction":[{"@type":"ReadAction","target":["https:\/\/luxiders.com\/es\/premiere-vision-paris-2026-donde-la-moda-se-encuentra-con-la-politica\/"]}]},{"@type":"ImageObject","inLanguage":"es-ES","@id":"https:\/\/luxiders.com\/es\/premiere-vision-paris-2026-donde-la-moda-se-encuentra-con-la-politica\/#primaryimage","url":"https:\/\/luxiders.com\/content\/uploads\/pv-paris-sep-26-12.jpg","contentUrl":"https:\/\/luxiders.com\/content\/uploads\/pv-paris-sep-26-12.jpg","width":1200,"height":830},{"@type":"BreadcrumbList","@id":"https:\/\/luxiders.com\/es\/premiere-vision-paris-2026-donde-la-moda-se-encuentra-con-la-politica\/#breadcrumb","itemListElement":[{"@type":"ListItem","position":1,"name":"Startseite","item":"https:\/\/luxiders.com\/es\/"},{"@type":"ListItem","position":2,"name":"Moda","item":"https:\/\/luxiders.com\/es\/category\/moda-sostenible-lujo\/"},{"@type":"ListItem","position":3,"name":"Premi\u00e8re Vision Paris 2026 | Donde la moda se encuentra con la pol\u00edtica"}]},{"@type":"WebSite","@id":"https:\/\/luxiders.com\/es\/#website","url":"https:\/\/luxiders.com\/es\/","name":"Sustainable Fashion - Eco Design - Healthy Lifestyle - Luxiders Magazine","description":"Luxiders is a sustainable luxury magazine highlighting the best stories about sustainable fashion, ethical fashion, eco-friendly design, green design, sustainable travel, natural beauty, organic beauty and healthy lifestyle. Know the best high-end, progressive and luxury sustainable brands and designers worldwide.","publisher":{"@id":"https:\/\/luxiders.com\/es\/#organization"},"potentialAction":[{"@type":"SearchAction","target":{"@type":"EntryPoint","urlTemplate":"https:\/\/luxiders.com\/es\/?s={search_term_string}"},"query-input":{"@type":"PropertyValueSpecification","valueRequired":true,"valueName":"search_term_string"}}],"inLanguage":"es-ES"},{"@type":"Organization","@id":"https:\/\/luxiders.com\/es\/#organization","name":"Sustainable Fashion - Eco Design - Healthy Lifestyle - Luxiders Magazine","url":"https:\/\/luxiders.com\/es\/","logo":{"@type":"ImageObject","inLanguage":"es-ES","@id":"https:\/\/luxiders.com\/es\/#\/schema\/logo\/image\/","url":"https:\/\/luxiders.com\/content\/uploads\/lux-logo.svg","contentUrl":"https:\/\/luxiders.com\/content\/uploads\/lux-logo.svg","caption":"Sustainable Fashion - Eco Design - Healthy Lifestyle - Luxiders Magazine"},"image":{"@id":"https:\/\/luxiders.com\/es\/#\/schema\/logo\/image\/"}},{"@type":"Person","@id":"https:\/\/luxiders.com\/es\/#\/schema\/person\/8632fa702ae2ce98f66c396254633de8","name":"luxiders","url":"https:\/\/luxiders.com\/es\/author\/luxiders\/"}]}},"_links":{"self":[{"href":"https:\/\/luxiders.com\/es\/wp-json\/wp\/v2\/posts\/64078","targetHints":{"allow":["GET"]}}],"collection":[{"href":"https:\/\/luxiders.com\/es\/wp-json\/wp\/v2\/posts"}],"about":[{"href":"https:\/\/luxiders.com\/es\/wp-json\/wp\/v2\/types\/post"}],"author":[{"embeddable":true,"href":"https:\/\/luxiders.com\/es\/wp-json\/wp\/v2\/users\/2"}],"replies":[{"embeddable":true,"href":"https:\/\/luxiders.com\/es\/wp-json\/wp\/v2\/comments?post=64078"}],"version-history":[{"count":2,"href":"https:\/\/luxiders.com\/es\/wp-json\/wp\/v2\/posts\/64078\/revisions"}],"predecessor-version":[{"id":64132,"href":"https:\/\/luxiders.com\/es\/wp-json\/wp\/v2\/posts\/64078\/revisions\/64132"}],"wp:featuredmedia":[{"embeddable":true,"href":"https:\/\/luxiders.com\/es\/wp-json\/wp\/v2\/media\/64115"}],"wp:attachment":[{"href":"https:\/\/luxiders.com\/es\/wp-json\/wp\/v2\/media?parent=64078"}],"wp:term":[{"taxonomy":"category","embeddable":true,"href":"https:\/\/luxiders.com\/es\/wp-json\/wp\/v2\/categories?post=64078"},{"taxonomy":"post_tag","embeddable":true,"href":"https:\/\/luxiders.com\/es\/wp-json\/wp\/v2\/tags?post=64078"}],"curies":[{"name":"wp","href":"https:\/\/api.w.org\/{rel}","templated":true}]}}