{"id":7850,"date":"2018-04-27T12:57:00","date_gmt":"2018-04-27T10:57:00","guid":{"rendered":"http:\/\/luxiders.com.w01cc729.kasserver.com\/?p=7850"},"modified":"2023-01-12T08:57:40","modified_gmt":"2023-01-12T07:57:40","slug":"eco-fashion-week-australia-se-hace-grande-moda-sostenible-luxiders-magazine","status":"publish","type":"post","link":"https:\/\/luxiders.com\/es\/eco-fashion-week-australia-se-hace-grande-moda-sostenible-luxiders-magazine\/","title":{"rendered":"Eco Fashion Week Australia se hace grande"},"content":{"rendered":"    <section id=\"textblock-block_ba6dc8d27ac0a144a269b6b803d8629c\" class=\"section position-relative gp-block gp-textblock text-center pt-0 pb-5\">\n        <div class=\"container\">\n            <div class=\"row g-0\">\n                <div class=\"col-lg-12 content\" data-aos=\"fade-in\" data-aos-duration=\"1000\">\n                                                                                    <div class=\"intro px-lg-8\">\n                            <p style=\"text-align: center;\">La segunda edici\u00f3n de Eco Fashion Week Australia (EFWA) crece y se expande a dos estados en noviembre de 2018. Los eventos que forman parte de este espect\u00e1culo de la moda sostenible contar\u00e1n con dise\u00f1adores locales e internacionales que practican la producci\u00f3n sostenible, local y \u00e9tica, ya sea reciclando o mediante la t\u00e9cnica del upcycling, o utilizando materiales org\u00e1nicos y naturales que no dejan huella de carbono. La fecha ser\u00e1 en Port Douglas (Queensland) del 4 al 10 de noviembre y en Perth (Australia Occidental) del 15 al 21 de noviembre. Luxiders Magazine estar\u00e1 all\u00ed.\u00a0Es un honor anunciar que Luxiders Magazine se une al evento como media partner de EFWA 2018 en representaci\u00f3n de Alemania.<\/p>\n                        <\/div>\n                                                                                                <\/div>\n            <\/div>\n        <\/div>\n    <\/section>\n    \n\n    <section id=\"newsletter-block_926fde4fab02c8e761df3510edc95a4f\" class=\"section position-relative gp-block gp-newsletter pt-0 pb-0 my-5\">\n        <div class=\"container\">\n            <div class=\"row g-0 pt-4 pb-3\">\n                <div class=\"col-lg-12 content text-center border pt-3\" data-aos=\"fade-in\" data-aos-duration=\"1000\">\n                                            <p><em>Para recibir el Newsletter de Luxiders Magazine,\u00a0<a href=\"https:\/\/landing.mailerlite.com\/webforms\/landing\/w2a1t0\" target=\"_blank\" rel=\"noopener\">suscr\u00edbete aqu\u00ed<\/a><\/em><\/p>\n                                    <\/div>\n            <\/div>\n        <\/div>\n    <\/section>\n    \n\n    <section id=\"textblock-block_682c143ab71484b93d6293cd84d18f85\" class=\"section position-relative gp-block gp-textblock pt-0 pb-0\">\n        <div class=\"container\">\n            <div class=\"row g-0\">\n                <div class=\"col-lg-12 content\" data-aos=\"fade-in\" data-aos-duration=\"1000\">\n                                                                                <p>&nbsp;<\/p>\n<p style=\"text-align: left;\">Con la moda como uno de los contaminantes m\u00e1s grandes del mundo, sin mencionar uno de los oficios menos \u00e9ticos, el t\u00f3pico &#8220;<strong>\u00bfqu\u00e9 llevas puesto?<\/strong>&#8221; no es solo una pregunta reservada para la alfombra roja. La <strong>Eco Fashion Week Australia<\/strong> (EFWA, por sus siglas en ingl\u00e9s) brinda conciencia sobre los tejidos y c\u00f3mo se fabrican nuestras prendas. Nos hace pensar en d\u00f3nde termina nuestra ropa despu\u00e9s de que la usemos, lamentablemente, a veces solo una vez.<\/p>\n<p style=\"text-align: left;\">La Semana de la Moda Ecol\u00f3gica de Australia (EFWA) hace un llamamiento a dise\u00f1adores que dise\u00f1an colecciones con telas org\u00e1nicas, recicladas o mediante la t\u00e9cnica el upcycling, o usan o crean textiles tradicionales hechos a mano; dise\u00f1adores que apuestan por telas ecol\u00f3gicas (algod\u00f3n org\u00e1nico, lana, alpaca, c\u00e1\u00f1amo, bamb\u00fa, seda); o que cuidan de realizar sus colecciones con cero desperdicio; creativos de la moda que usan productos producidos localmente. Estrictamente, EFWA no acepta colecciones en las que se usan pieles ni partes de animales. La primera edici\u00f3n, realizada en noviembre de 2017, fue un \u00e9xito. Ahora, los organizadores anuncian que la segunda edici\u00f3n anual de Eco Fashion Week Australia se expandir\u00e1 a dos estados: Port Douglas (Queensland) del 4 al 10 de noviembre y Perth (Western Australia) del 15 al 21 de noviembre.<\/p>\n<p style=\"text-align: left;\">&#8220;Todav\u00eda estamos disfrutando del \u00e9xito del evento del a\u00f1o pasado, pero gracias a unos patrocinadores con visi\u00f3n de futuro ahora podemos ampliar nuestra audiencia y ofrecer m\u00e1s opciones para los dise\u00f1adores locales. Estamos entusiasmados con nuestras nuevas asociaciones y el cambio que podemos lograr&#8221;, ha declarado a Luxiders Magazine <strong>Zuhal Kuvan-Mills<\/strong>, fundadora de Eco Fashion Week Australia, <strong>dise\u00f1adora de moda ecol\u00f3gica<\/strong> y artista visual de la marca de Alta Costura Org\u00e1nica <a href=\"http:\/\/greenembassy.com.au\/\" target=\"_blank\" rel=\"noopener\"><strong>Green Embassy<\/strong><\/a>.<\/p>\n<p style=\"text-align: left;\">Los eventos conectar\u00e1n las mentes e inspirar\u00e1n a los dise\u00f1adores, las comunidades y las naciones a avanzar hacia la moda lenta para que sea cada vez m\u00e1s \u00e9tica y ecol\u00f3gicamente sostenible para nuestro planeta.<\/p>\n<p>&nbsp;<\/p>\n                                            <div class=\"highlighted mt-5 mt-lg-6 px-lg-5\">\n                            <p style=\"text-align: right;\">\u201cOur designers use earth-friendly materials, some highlight the preservation of textile arts like batiking, and traditional techniques in fabric making and dying. Our designers practise sustainable, ethical production, either by recycling or upcycling, or use organic and natural materials which do not leave a carbon footprint.\u201d<\/p>\n<p>&nbsp;<\/p>\n                        <\/div>\n                                                        <\/div>\n            <\/div>\n        <\/div>\n    <\/section>\n    \n\n    <section id=\"media-block_c582be9e36d9be32ce19ee5d705ff333\" class=\"section position-relative gp-block gp-media pt-0 pb-0\">\n        <div class=\"container\">\n            <div class=\"row g-0\">\n                <div class=\"col-lg-12 content\" data-aos=\"fade-in\" data-aos-duration=\"1000\">\n                                                                            <\/div>\n            <\/div>\n            <div class=\"row g-0\">\n                <div class=\"col-lg-6 \">\n                                                                                                                                                <figure class=\"mb-4 pt-lg-0 mb-lg-0 ps-lg-0 pe-lg-2\" data-aos=\"fade-up\" data-aos-duration=\"1000\"><div class=\"img-container\"><img loading=\"lazy\" decoding=\"async\" width=\"800\" height=\"1160\" src=\"https:\/\/luxiders.com\/content\/uploads\/EFWA-RUNWAY-DAY-1_GREEN-EMBASSY-809.jpg\" class=\"img-fluid w-100\" alt=\"\" srcset=\"https:\/\/luxiders.com\/content\/uploads\/EFWA-RUNWAY-DAY-1_GREEN-EMBASSY-809.jpg 800w, https:\/\/luxiders.com\/content\/uploads\/EFWA-RUNWAY-DAY-1_GREEN-EMBASSY-809-207x300.jpg 207w, https:\/\/luxiders.com\/content\/uploads\/EFWA-RUNWAY-DAY-1_GREEN-EMBASSY-809-706x1024.jpg 706w, https:\/\/luxiders.com\/content\/uploads\/EFWA-RUNWAY-DAY-1_GREEN-EMBASSY-809-768x1114.jpg 768w\" sizes=\"(max-width: 800px) 100vw, 800px\" \/><\/div><figcaption>Green Embassy<\/figcaption><\/figure>                                                                                            <\/div>\n                                    <div class=\"col-lg-6\">\n                                                                                                                                                        <figure class=\"mb-4 pt-lg-0 mb-lg-0 ps-lg-2 pe-lg-0\" data-aos=\"fade-up\" data-aos-duration=\"1000\"><div class=\"img-container\"><img loading=\"lazy\" decoding=\"async\" width=\"800\" height=\"1156\" src=\"https:\/\/luxiders.com\/content\/uploads\/EFWA-RUNWAY-DAY-2_-STUDIO-MEMBRANE-1147.jpg\" class=\"img-fluid w-100\" alt=\"\" srcset=\"https:\/\/luxiders.com\/content\/uploads\/EFWA-RUNWAY-DAY-2_-STUDIO-MEMBRANE-1147.jpg 800w, https:\/\/luxiders.com\/content\/uploads\/EFWA-RUNWAY-DAY-2_-STUDIO-MEMBRANE-1147-208x300.jpg 208w, https:\/\/luxiders.com\/content\/uploads\/EFWA-RUNWAY-DAY-2_-STUDIO-MEMBRANE-1147-709x1024.jpg 709w, https:\/\/luxiders.com\/content\/uploads\/EFWA-RUNWAY-DAY-2_-STUDIO-MEMBRANE-1147-768x1110.jpg 768w\" sizes=\"(max-width: 800px) 100vw, 800px\" \/><\/div><figcaption>Studio Membrane<\/figcaption><\/figure>                                                                                                        <\/div>\n                                            <\/div>\n        <\/div>\n    <\/section>\n    \n\n    <section id=\"textblock-block_0e794c88b5cae60fa60be76eb731893d\" class=\"section position-relative gp-block gp-textblock pt-0 pb-0\">\n        <div class=\"container\">\n            <div class=\"row g-0\">\n                <div class=\"col-lg-12 content\" data-aos=\"fade-in\" data-aos-duration=\"1000\">\n                                                                                <p>&nbsp;<\/p>\n<p style=\"text-align: left;\">Futuro sostenible en Australia<\/p>\n<p>Investigando sobre el consumo de moda de los australianos, podemos decir que son los segundos mayores consumidores de nuevos textiles despu\u00e9s de los norteamericanos, que cada a\u00f1o compran 37 kg. cada uno, y por delante de los europeos occidentales, que compran 22 kg., mientras que el consumo medio en \u00c1frica, Medio Oriente e India es solo de 5 kg. por persona.<\/p>\n<p>Si el consumo global anual promedio de textiles se ha duplicado de 7 a 13 kg por persona en dos d\u00e9cadas, en Australia esta evoluci\u00f3n ha sido el doble, posicion\u00e1ndose actualmente en 27 kg. por persona, &#8220;y la mayor\u00eda de la ropa nueva ahora est\u00e1 hecha de fibras sint\u00e9ticas derivadas del petr\u00f3leo&#8221; &#8211; dice la consultora de sostenibilidad Jane Milburn.<br \/>\n&nbsp;<\/p>\n                                            <div class=\"highlighted mt-5 mt-lg-6 px-lg-5\">\n                            <p style=\"text-align: right;\">\u201cStudio Membrane cre\u00f3 su \u00faltima colecci\u00f3n vanguardista con cero desperdicio y sin cortes o fijaci\u00f3n. Para ello, la marca us\u00f3 la t\u00e9cnica japonesa de anudado\u201d.<\/p>\n                        <\/div>\n                                                        <\/div>\n            <\/div>\n        <\/div>\n    <\/section>\n    \n\n    <section id=\"textblock-block_908f1ad8397a969236dc36232e552031\" class=\"section position-relative gp-block gp-textblock pt-0 pb-0\">\n        <div class=\"container\">\n            <div class=\"row g-0\">\n                <div class=\"col-lg-12 content\" data-aos=\"fade-in\" data-aos-duration=\"1000\">\n                                                                                <p>&nbsp;<\/p>\n<p style=\"text-align: left;\">Kuvan-Mills, fundadora de EFWA, quiere demostrar que la moda ecol\u00f3gica puede ser tan elegante como su contraparte de la moda r\u00e1pida, sin dejar de ser social y ambientalmente responsable. &#8220;Los dise\u00f1adores que tienen pasi\u00f3n para crear un mundo donde las prendas tengan una historia limpia y positiva son los que podr\u00e1n desfilar en EFWA&#8221; &#8211; nos comenta. La edici\u00f3n del a\u00f1o pasado, celebrada en Fremantle, cont\u00f3 con 44 desfiles nacionales e internacionales. &#8220;Los dise\u00f1adores internacionales eran Connally Mcdougall y Kirsten Ley de Canad\u00e1; Shravan Kumar de India; Merdi Sihombing de Indonesia; Studio Membrane de Jap\u00f3n; Heke Designs de Nueva Zelanda; Sylvia Calvo de Espa\u00f1a; My Marini de Alemania y Things of Substance, de Vietnam. De Australia, nuestros grandes fueron Green Embassy, Curtin Springs Paper, Merino Country, Jude Taylor y Sista of JAC\u201d \u2013 declar\u00f3 Kuyan-Mills.<\/p>\n<p>&nbsp;<\/p>\n                                                        <\/div>\n            <\/div>\n        <\/div>\n    <\/section>\n    \n\n    <section id=\"media-block_f8f1d8450bc52b932de3c29647dbb853\" class=\"section position-relative gp-block gp-media pt-0 pb-0\">\n        <div class=\"container\">\n            <div class=\"row g-0\">\n                <div class=\"col-lg-12 content\" data-aos=\"fade-in\" data-aos-duration=\"1000\">\n                                                                            <\/div>\n            <\/div>\n            <div class=\"row g-0\">\n                <div class=\"col-lg-6 \">\n                                                                                                                                                <figure class=\"mb-4 pt-lg-4 mb-lg-9 ps-lg-0 pe-lg-2\" data-aos=\"fade-up\" data-aos-duration=\"1000\"><div class=\"img-container\"><img loading=\"lazy\" decoding=\"async\" width=\"800\" height=\"1154\" src=\"https:\/\/luxiders.com\/content\/uploads\/EFWA-RUNWAY-DAY-2_MERDI-359.jpg\" class=\"img-fluid w-100\" alt=\"\" srcset=\"https:\/\/luxiders.com\/content\/uploads\/EFWA-RUNWAY-DAY-2_MERDI-359.jpg 800w, https:\/\/luxiders.com\/content\/uploads\/EFWA-RUNWAY-DAY-2_MERDI-359-208x300.jpg 208w, https:\/\/luxiders.com\/content\/uploads\/EFWA-RUNWAY-DAY-2_MERDI-359-710x1024.jpg 710w, https:\/\/luxiders.com\/content\/uploads\/EFWA-RUNWAY-DAY-2_MERDI-359-768x1108.jpg 768w\" sizes=\"(max-width: 800px) 100vw, 800px\" \/><\/div><figcaption>Merdi<\/figcaption><\/figure>                                                                                            <\/div>\n                                    <div class=\"col-lg-6\">\n                                                                                                                                                        <figure class=\"mb-4 pt-lg-5 mb-lg-0 ps-lg-2 pe-lg-0\" data-aos=\"fade-up\" data-aos-duration=\"1000\"><div class=\"img-container\"><img loading=\"lazy\" decoding=\"async\" width=\"800\" height=\"1157\" src=\"https:\/\/luxiders.com\/content\/uploads\/EFWA-RUNWAY-DAY-1_-SYLVIA-CALVO-18.jpg\" class=\"img-fluid w-100\" alt=\"\" srcset=\"https:\/\/luxiders.com\/content\/uploads\/EFWA-RUNWAY-DAY-1_-SYLVIA-CALVO-18.jpg 800w, https:\/\/luxiders.com\/content\/uploads\/EFWA-RUNWAY-DAY-1_-SYLVIA-CALVO-18-207x300.jpg 207w, https:\/\/luxiders.com\/content\/uploads\/EFWA-RUNWAY-DAY-1_-SYLVIA-CALVO-18-708x1024.jpg 708w, https:\/\/luxiders.com\/content\/uploads\/EFWA-RUNWAY-DAY-1_-SYLVIA-CALVO-18-768x1111.jpg 768w\" sizes=\"(max-width: 800px) 100vw, 800px\" \/><\/div><figcaption>Sylvia Calvo<\/figcaption><\/figure>                                                                                                        <\/div>\n                                            <\/div>\n        <\/div>\n    <\/section>\n    \n\n    <section id=\"textblock-block_c1a5e881ba3ebc0ff3c8386c29f3e9d1\" class=\"section position-relative gp-block gp-textblock pt-0 pb-0\">\n        <div class=\"container\">\n            <div class=\"row g-0\">\n                <div class=\"col-lg-12 content\" data-aos=\"fade-in\" data-aos-duration=\"1000\">\n                                                                                <p>&nbsp;<\/p>\n<p style=\"text-align: left;\">Siendo un evento nuevo, EFWA busca la participaci\u00f3n de dise\u00f1adores de todo el mundo, aquellos que lideran el camino de la moda sostenible en sus pa\u00edses o regiones. Todav\u00eda est\u00e1n confirmando dise\u00f1adores para el pr\u00f3ximo noviembre de 2018, pero por ejemplo, Sylvia Calvo (de Espa\u00f1a) volver\u00e1. Francesca Phipps se une a la pasarela desde el Reino Unido.<\/p>\n                                            <div class=\"highlighted mt-5 mt-lg-6 px-lg-5\">\n                            <p>&nbsp;<\/p>\n<p style=\"text-align: right;\">\u201cGreen Embassy crea sus impresiones con verduras cocidas al vapor, con textiles de fibra de alpaca hechos a mano y seda cruda pura. Curtin Springs usa hierba del desierto para hacer un papel con el que despu\u00e9s crea sus hermosas joyas\u201d.<\/p>\n<p>&nbsp;<\/p>\n                        <\/div>\n                                                        <\/div>\n            <\/div>\n        <\/div>\n    <\/section>\n    \n\n    <section id=\"textblock-block_8494be029d6abd5bcc6067d1447a82c5\" class=\"section position-relative gp-block gp-textblock pt-0 pb-0\">\n        <div class=\"container\">\n            <div class=\"row g-0\">\n                <div class=\"col-lg-12 content\" data-aos=\"fade-in\" data-aos-duration=\"1000\">\n                                                                                <p>Eco Fashion Week Australia es para todos. Atrae a buscadores de conocimiento, artistas, dise\u00f1adores, medios locales e internacionales, empresas y gobierno local. Cuenta con exposiciones de dise\u00f1o y arte textil, talleres de reparaci\u00f3n y upcycling, intercambio de moda y seminarios. Los amantes de la moda ecol\u00f3gica pueden esperar el mismo nivel del evento inaugurado en 2017, as\u00ed como el regreso de los Premios a la Excelencia Anita Moon y el desaf\u00edo &#8220;Style it Green&#8221;. Asimismo, EFWA volver\u00e1 a presentar espect\u00e1culos y premios de dise\u00f1adores estudiantes, colaborando con universidades regionales.<\/p>\n<p>&#8220;Nuestro objetivo es encender e inspirar a los asistentes a cambiar su perspectiva de la moda. Para echar un buen vistazo a qui\u00e9n est\u00e1 haciendo tu ropa, y tener curiosidad sobre c\u00f3mo se fabrica&#8221;- nos comenta en exclusiva Zuhal-Mills.<\/p>\n<p>Estamos orgullosos de anunciar que Luxiders Magazine se une al evento en 2018 como socio medi\u00e1tico de EFWA en representaci\u00f3n de Alemania.<\/p>\n<p>+ info: Eco Fashion Week Australia<\/p>\n                                                        <\/div>\n            <\/div>\n        <\/div>\n    <\/section>\n    ","protected":false},"excerpt":{"rendered":"","protected":false},"author":2,"featured_media":8125,"comment_status":"closed","ping_status":"closed","sticky":false,"template":"","format":"standard","meta":{"_acf_changed":false,"footnotes":""},"categories":[130],"tags":[1630,1632,1631,1633],"class_list":{"0":"post-7850","1":"post","2":"type-post","3":"status-publish","4":"format-standard","5":"has-post-thumbnail","7":"category-moda-sostenible-lujo","8":"tag-amantes-de-la-moda","9":"tag-circular-fashion-3","10":"tag-eco-fashion-australia-2","11":"tag-exposition-de-moda"},"acf":[],"yoast_head":"<title>Eco Fashion Week Australia se hace grande - Moda Sostenible - Luxiders Magazine<\/title>\n<meta name=\"description\" content=\"La segunda edici\u00f3n de Eco Fashion Week Australia (EFWA) crece y se expande a dos estados en noviembre de 2018. Los eventos que forman parte de este espect\u00e1culo de la moda sostenible contar\u00e1n con dise\u00f1adores locales e internacionales que practican la producci\u00f3n sostenible, local y \u00e9tica, ya sea reciclando o mediante...\" \/>\n<meta name=\"robots\" content=\"index, follow, max-snippet:-1, max-image-preview:large, max-video-preview:-1\" \/>\n<link rel=\"canonical\" href=\"https:\/\/luxiders.com\/es\/eco-fashion-week-australia-se-hace-grande-moda-sostenible-luxiders-magazine\/\" \/>\n<meta property=\"og:locale\" content=\"es_ES\" \/>\n<meta property=\"og:type\" content=\"article\" \/>\n<meta property=\"og:title\" content=\"Eco Fashion Week Australia se hace grande - Moda Sostenible - Luxiders Magazine\" \/>\n<meta property=\"og:description\" content=\"La segunda edici\u00f3n de Eco Fashion Week Australia (EFWA) crece y se expande a dos estados en noviembre de 2018. Los eventos que forman parte de este espect\u00e1culo de la moda sostenible contar\u00e1n con dise\u00f1adores locales e internacionales que practican la producci\u00f3n sostenible, local y \u00e9tica, ya sea reciclando o mediante...\" \/>\n<meta property=\"og:url\" content=\"https:\/\/luxiders.com\/es\/eco-fashion-week-australia-se-hace-grande-moda-sostenible-luxiders-magazine\/\" \/>\n<meta property=\"og:site_name\" content=\"Sustainable Fashion - Eco Design - Healthy Lifestyle - Luxiders Magazine\" \/>\n<meta property=\"article:published_time\" content=\"2018-04-27T10:57:00+00:00\" \/>\n<meta property=\"article:modified_time\" content=\"2023-01-12T07:57:40+00:00\" \/>\n<meta property=\"og:image\" content=\"https:\/\/luxiders.com\/content\/uploads\/EFWA.jpg\" \/>\n\t<meta property=\"og:image:width\" content=\"1330\" \/>\n\t<meta property=\"og:image:height\" content=\"1000\" \/>\n\t<meta property=\"og:image:type\" content=\"image\/jpeg\" \/>\n<meta name=\"author\" content=\"luxiders\" \/>\n<meta name=\"twitter:card\" content=\"summary_large_image\" \/>\n<meta name=\"twitter:label1\" content=\"Written by\" \/>\n\t<meta name=\"twitter:data1\" content=\"luxiders\" \/>\n<script type=\"application\/ld+json\" class=\"yoast-schema-graph\">{\"@context\":\"https:\/\/schema.org\",\"@graph\":[{\"@type\":\"Article\",\"@id\":\"https:\/\/luxiders.com\/es\/eco-fashion-week-australia-se-hace-grande-moda-sostenible-luxiders-magazine\/#article\",\"isPartOf\":{\"@id\":\"https:\/\/luxiders.com\/es\/eco-fashion-week-australia-se-hace-grande-moda-sostenible-luxiders-magazine\/\"},\"author\":{\"name\":\"luxiders\",\"@id\":\"https:\/\/luxiders.com\/es\/#\/schema\/person\/8632fa702ae2ce98f66c396254633de8\"},\"headline\":\"Eco Fashion Week Australia se hace grande\",\"datePublished\":\"2018-04-27T10:57:00+00:00\",\"dateModified\":\"2023-01-12T07:57:40+00:00\",\"mainEntityOfPage\":{\"@id\":\"https:\/\/luxiders.com\/es\/eco-fashion-week-australia-se-hace-grande-moda-sostenible-luxiders-magazine\/\"},\"wordCount\":7,\"publisher\":{\"@id\":\"https:\/\/luxiders.com\/es\/#organization\"},\"image\":{\"@id\":\"https:\/\/luxiders.com\/es\/eco-fashion-week-australia-se-hace-grande-moda-sostenible-luxiders-magazine\/#primaryimage\"},\"thumbnailUrl\":\"https:\/\/luxiders.com\/content\/uploads\/EFWA.jpg\",\"keywords\":[\"amantes de la moda\",\"circular fashion\",\"eco fashion australia\",\"exposition de moda\"],\"articleSection\":[\"Moda\"],\"inLanguage\":\"es-ES\"},{\"@type\":\"WebPage\",\"@id\":\"https:\/\/luxiders.com\/es\/eco-fashion-week-australia-se-hace-grande-moda-sostenible-luxiders-magazine\/\",\"url\":\"https:\/\/luxiders.com\/es\/eco-fashion-week-australia-se-hace-grande-moda-sostenible-luxiders-magazine\/\",\"name\":\"Eco Fashion Week Australia se hace grande - Moda Sostenible - Luxiders Magazine\",\"isPartOf\":{\"@id\":\"https:\/\/luxiders.com\/es\/#website\"},\"primaryImageOfPage\":{\"@id\":\"https:\/\/luxiders.com\/es\/eco-fashion-week-australia-se-hace-grande-moda-sostenible-luxiders-magazine\/#primaryimage\"},\"image\":{\"@id\":\"https:\/\/luxiders.com\/es\/eco-fashion-week-australia-se-hace-grande-moda-sostenible-luxiders-magazine\/#primaryimage\"},\"thumbnailUrl\":\"https:\/\/luxiders.com\/content\/uploads\/EFWA.jpg\",\"datePublished\":\"2018-04-27T10:57:00+00:00\",\"dateModified\":\"2023-01-12T07:57:40+00:00\",\"description\":\"La segunda edici\u00f3n de Eco Fashion Week Australia (EFWA) crece y se expande a dos estados en noviembre de 2018. Los eventos que forman parte de este espect\u00e1culo de la moda sostenible contar\u00e1n con dise\u00f1adores locales e internacionales que practican la producci\u00f3n sostenible, local y \u00e9tica, ya sea reciclando o mediante...\",\"breadcrumb\":{\"@id\":\"https:\/\/luxiders.com\/es\/eco-fashion-week-australia-se-hace-grande-moda-sostenible-luxiders-magazine\/#breadcrumb\"},\"inLanguage\":\"es-ES\",\"potentialAction\":[{\"@type\":\"ReadAction\",\"target\":[\"https:\/\/luxiders.com\/es\/eco-fashion-week-australia-se-hace-grande-moda-sostenible-luxiders-magazine\/\"]}]},{\"@type\":\"ImageObject\",\"inLanguage\":\"es-ES\",\"@id\":\"https:\/\/luxiders.com\/es\/eco-fashion-week-australia-se-hace-grande-moda-sostenible-luxiders-magazine\/#primaryimage\",\"url\":\"https:\/\/luxiders.com\/content\/uploads\/EFWA.jpg\",\"contentUrl\":\"https:\/\/luxiders.com\/content\/uploads\/EFWA.jpg\",\"width\":1330,\"height\":1000},{\"@type\":\"BreadcrumbList\",\"@id\":\"https:\/\/luxiders.com\/es\/eco-fashion-week-australia-se-hace-grande-moda-sostenible-luxiders-magazine\/#breadcrumb\",\"itemListElement\":[{\"@type\":\"ListItem\",\"position\":1,\"name\":\"Startseite\",\"item\":\"https:\/\/luxiders.com\/es\/\"},{\"@type\":\"ListItem\",\"position\":2,\"name\":\"Moda\",\"item\":\"https:\/\/luxiders.com\/es\/category\/moda-sostenible-lujo\/\"},{\"@type\":\"ListItem\",\"position\":3,\"name\":\"Eco Fashion Week Australia se hace grande\"}]},{\"@type\":\"WebSite\",\"@id\":\"https:\/\/luxiders.com\/es\/#website\",\"url\":\"https:\/\/luxiders.com\/es\/\",\"name\":\"Sustainable Fashion - Eco Design - Healthy Lifestyle - Luxiders Magazine\",\"description\":\"Luxiders is a sustainable luxury magazine highlighting the best stories about sustainable fashion, ethical fashion, eco-friendly design, green design, sustainable travel, natural beauty, organic beauty and healthy lifestyle. Know the best high-end, progressive and luxury sustainable brands and designers worldwide.\",\"publisher\":{\"@id\":\"https:\/\/luxiders.com\/es\/#organization\"},\"potentialAction\":[{\"@type\":\"SearchAction\",\"target\":{\"@type\":\"EntryPoint\",\"urlTemplate\":\"https:\/\/luxiders.com\/es\/?s={search_term_string}\"},\"query-input\":{\"@type\":\"PropertyValueSpecification\",\"valueRequired\":true,\"valueName\":\"search_term_string\"}}],\"inLanguage\":\"es-ES\"},{\"@type\":\"Organization\",\"@id\":\"https:\/\/luxiders.com\/es\/#organization\",\"name\":\"Sustainable Fashion - Eco Design - Healthy Lifestyle - Luxiders Magazine\",\"url\":\"https:\/\/luxiders.com\/es\/\",\"logo\":{\"@type\":\"ImageObject\",\"inLanguage\":\"es-ES\",\"@id\":\"https:\/\/luxiders.com\/es\/#\/schema\/logo\/image\/\",\"url\":\"https:\/\/luxiders.com\/content\/uploads\/lux-logo.svg\",\"contentUrl\":\"https:\/\/luxiders.com\/content\/uploads\/lux-logo.svg\",\"caption\":\"Sustainable Fashion - Eco Design - Healthy Lifestyle - Luxiders Magazine\"},\"image\":{\"@id\":\"https:\/\/luxiders.com\/es\/#\/schema\/logo\/image\/\"}},{\"@type\":\"Person\",\"@id\":\"https:\/\/luxiders.com\/es\/#\/schema\/person\/8632fa702ae2ce98f66c396254633de8\",\"name\":\"luxiders\",\"url\":\"https:\/\/luxiders.com\/es\/author\/luxiders\/\"}]}<\/script>","yoast_head_json":{"title":"Eco Fashion Week Australia se hace grande - Moda Sostenible - Luxiders Magazine","description":"La segunda edici\u00f3n de Eco Fashion Week Australia (EFWA) crece y se expande a dos estados en noviembre de 2018. Los eventos que forman parte de este espect\u00e1culo de la moda sostenible contar\u00e1n con dise\u00f1adores locales e internacionales que practican la producci\u00f3n sostenible, local y \u00e9tica, ya sea reciclando o mediante...","robots":{"index":"index","follow":"follow","max-snippet":"max-snippet:-1","max-image-preview":"max-image-preview:large","max-video-preview":"max-video-preview:-1"},"canonical":"https:\/\/luxiders.com\/es\/eco-fashion-week-australia-se-hace-grande-moda-sostenible-luxiders-magazine\/","og_locale":"es_ES","og_type":"article","og_title":"Eco Fashion Week Australia se hace grande - Moda Sostenible - Luxiders Magazine","og_description":"La segunda edici\u00f3n de Eco Fashion Week Australia (EFWA) crece y se expande a dos estados en noviembre de 2018. Los eventos que forman parte de este espect\u00e1culo de la moda sostenible contar\u00e1n con dise\u00f1adores locales e internacionales que practican la producci\u00f3n sostenible, local y \u00e9tica, ya sea reciclando o mediante...","og_url":"https:\/\/luxiders.com\/es\/eco-fashion-week-australia-se-hace-grande-moda-sostenible-luxiders-magazine\/","og_site_name":"Sustainable Fashion - Eco Design - Healthy Lifestyle - Luxiders Magazine","article_published_time":"2018-04-27T10:57:00+00:00","article_modified_time":"2023-01-12T07:57:40+00:00","og_image":[{"width":1330,"height":1000,"url":"https:\/\/luxiders.com\/content\/uploads\/EFWA.jpg","type":"image\/jpeg"}],"author":"luxiders","twitter_card":"summary_large_image","twitter_misc":{"Written by":"luxiders"},"schema":{"@context":"https:\/\/schema.org","@graph":[{"@type":"Article","@id":"https:\/\/luxiders.com\/es\/eco-fashion-week-australia-se-hace-grande-moda-sostenible-luxiders-magazine\/#article","isPartOf":{"@id":"https:\/\/luxiders.com\/es\/eco-fashion-week-australia-se-hace-grande-moda-sostenible-luxiders-magazine\/"},"author":{"name":"luxiders","@id":"https:\/\/luxiders.com\/es\/#\/schema\/person\/8632fa702ae2ce98f66c396254633de8"},"headline":"Eco Fashion Week Australia se hace grande","datePublished":"2018-04-27T10:57:00+00:00","dateModified":"2023-01-12T07:57:40+00:00","mainEntityOfPage":{"@id":"https:\/\/luxiders.com\/es\/eco-fashion-week-australia-se-hace-grande-moda-sostenible-luxiders-magazine\/"},"wordCount":7,"publisher":{"@id":"https:\/\/luxiders.com\/es\/#organization"},"image":{"@id":"https:\/\/luxiders.com\/es\/eco-fashion-week-australia-se-hace-grande-moda-sostenible-luxiders-magazine\/#primaryimage"},"thumbnailUrl":"https:\/\/luxiders.com\/content\/uploads\/EFWA.jpg","keywords":["amantes de la moda","circular fashion","eco fashion australia","exposition de moda"],"articleSection":["Moda"],"inLanguage":"es-ES"},{"@type":"WebPage","@id":"https:\/\/luxiders.com\/es\/eco-fashion-week-australia-se-hace-grande-moda-sostenible-luxiders-magazine\/","url":"https:\/\/luxiders.com\/es\/eco-fashion-week-australia-se-hace-grande-moda-sostenible-luxiders-magazine\/","name":"Eco Fashion Week Australia se hace grande - Moda Sostenible - Luxiders Magazine","isPartOf":{"@id":"https:\/\/luxiders.com\/es\/#website"},"primaryImageOfPage":{"@id":"https:\/\/luxiders.com\/es\/eco-fashion-week-australia-se-hace-grande-moda-sostenible-luxiders-magazine\/#primaryimage"},"image":{"@id":"https:\/\/luxiders.com\/es\/eco-fashion-week-australia-se-hace-grande-moda-sostenible-luxiders-magazine\/#primaryimage"},"thumbnailUrl":"https:\/\/luxiders.com\/content\/uploads\/EFWA.jpg","datePublished":"2018-04-27T10:57:00+00:00","dateModified":"2023-01-12T07:57:40+00:00","description":"La segunda edici\u00f3n de Eco Fashion Week Australia (EFWA) crece y se expande a dos estados en noviembre de 2018. Los eventos que forman parte de este espect\u00e1culo de la moda sostenible contar\u00e1n con dise\u00f1adores locales e internacionales que practican la producci\u00f3n sostenible, local y \u00e9tica, ya sea reciclando o mediante...","breadcrumb":{"@id":"https:\/\/luxiders.com\/es\/eco-fashion-week-australia-se-hace-grande-moda-sostenible-luxiders-magazine\/#breadcrumb"},"inLanguage":"es-ES","potentialAction":[{"@type":"ReadAction","target":["https:\/\/luxiders.com\/es\/eco-fashion-week-australia-se-hace-grande-moda-sostenible-luxiders-magazine\/"]}]},{"@type":"ImageObject","inLanguage":"es-ES","@id":"https:\/\/luxiders.com\/es\/eco-fashion-week-australia-se-hace-grande-moda-sostenible-luxiders-magazine\/#primaryimage","url":"https:\/\/luxiders.com\/content\/uploads\/EFWA.jpg","contentUrl":"https:\/\/luxiders.com\/content\/uploads\/EFWA.jpg","width":1330,"height":1000},{"@type":"BreadcrumbList","@id":"https:\/\/luxiders.com\/es\/eco-fashion-week-australia-se-hace-grande-moda-sostenible-luxiders-magazine\/#breadcrumb","itemListElement":[{"@type":"ListItem","position":1,"name":"Startseite","item":"https:\/\/luxiders.com\/es\/"},{"@type":"ListItem","position":2,"name":"Moda","item":"https:\/\/luxiders.com\/es\/category\/moda-sostenible-lujo\/"},{"@type":"ListItem","position":3,"name":"Eco Fashion Week Australia se hace grande"}]},{"@type":"WebSite","@id":"https:\/\/luxiders.com\/es\/#website","url":"https:\/\/luxiders.com\/es\/","name":"Sustainable Fashion - Eco Design - Healthy Lifestyle - Luxiders Magazine","description":"Luxiders is a sustainable luxury magazine highlighting the best stories about sustainable fashion, ethical fashion, eco-friendly design, green design, sustainable travel, natural beauty, organic beauty and healthy lifestyle. Know the best high-end, progressive and luxury sustainable brands and designers worldwide.","publisher":{"@id":"https:\/\/luxiders.com\/es\/#organization"},"potentialAction":[{"@type":"SearchAction","target":{"@type":"EntryPoint","urlTemplate":"https:\/\/luxiders.com\/es\/?s={search_term_string}"},"query-input":{"@type":"PropertyValueSpecification","valueRequired":true,"valueName":"search_term_string"}}],"inLanguage":"es-ES"},{"@type":"Organization","@id":"https:\/\/luxiders.com\/es\/#organization","name":"Sustainable Fashion - Eco Design - Healthy Lifestyle - Luxiders Magazine","url":"https:\/\/luxiders.com\/es\/","logo":{"@type":"ImageObject","inLanguage":"es-ES","@id":"https:\/\/luxiders.com\/es\/#\/schema\/logo\/image\/","url":"https:\/\/luxiders.com\/content\/uploads\/lux-logo.svg","contentUrl":"https:\/\/luxiders.com\/content\/uploads\/lux-logo.svg","caption":"Sustainable Fashion - Eco Design - Healthy Lifestyle - Luxiders Magazine"},"image":{"@id":"https:\/\/luxiders.com\/es\/#\/schema\/logo\/image\/"}},{"@type":"Person","@id":"https:\/\/luxiders.com\/es\/#\/schema\/person\/8632fa702ae2ce98f66c396254633de8","name":"luxiders","url":"https:\/\/luxiders.com\/es\/author\/luxiders\/"}]}},"_links":{"self":[{"href":"https:\/\/luxiders.com\/es\/wp-json\/wp\/v2\/posts\/7850","targetHints":{"allow":["GET"]}}],"collection":[{"href":"https:\/\/luxiders.com\/es\/wp-json\/wp\/v2\/posts"}],"about":[{"href":"https:\/\/luxiders.com\/es\/wp-json\/wp\/v2\/types\/post"}],"author":[{"embeddable":true,"href":"https:\/\/luxiders.com\/es\/wp-json\/wp\/v2\/users\/2"}],"replies":[{"embeddable":true,"href":"https:\/\/luxiders.com\/es\/wp-json\/wp\/v2\/comments?post=7850"}],"version-history":[{"count":2,"href":"https:\/\/luxiders.com\/es\/wp-json\/wp\/v2\/posts\/7850\/revisions"}],"predecessor-version":[{"id":8774,"href":"https:\/\/luxiders.com\/es\/wp-json\/wp\/v2\/posts\/7850\/revisions\/8774"}],"wp:featuredmedia":[{"embeddable":true,"href":"https:\/\/luxiders.com\/es\/wp-json\/wp\/v2\/media\/8125"}],"wp:attachment":[{"href":"https:\/\/luxiders.com\/es\/wp-json\/wp\/v2\/media?parent=7850"}],"wp:term":[{"taxonomy":"category","embeddable":true,"href":"https:\/\/luxiders.com\/es\/wp-json\/wp\/v2\/categories?post=7850"},{"taxonomy":"post_tag","embeddable":true,"href":"https:\/\/luxiders.com\/es\/wp-json\/wp\/v2\/tags?post=7850"}],"curies":[{"name":"wp","href":"https:\/\/api.w.org\/{rel}","templated":true}]}}