{"id":7875,"date":"2018-03-01T11:08:00","date_gmt":"2018-03-01T10:08:00","guid":{"rendered":"http:\/\/luxiders.com.w01cc729.kasserver.com\/?p=7875"},"modified":"2023-01-13T16:19:04","modified_gmt":"2023-01-13T15:19:04","slug":"moda-sostenible-portuguesa","status":"publish","type":"post","link":"https:\/\/luxiders.com\/es\/moda-sostenible-portuguesa\/","title":{"rendered":"Moda Portuguesa, una Interpretaci\u00f3n preciosista de la Sostenibilidad"},"content":{"rendered":"    <section id=\"textblock-block_0faa28739f0b33a99fcf0e07d0339dd0\" class=\"section position-relative gp-block gp-textblock text-center pt-0 pb-5\">\n        <div class=\"container\">\n            <div class=\"row g-0\">\n                <div class=\"col-lg-12 content\" data-aos=\"fade-in\" data-aos-duration=\"1000\">\n                                                                                    <div class=\"intro px-lg-8\">\n                            <p class=\"\u201c\u201d\">Si hay un lugar en el mundo preocupado por la sostenibilidad, ese es Europa. No es una exageraci\u00f3n, no. Las tiendas europeas est\u00e1n pidiendo cada vez m\u00e1s moda sostenible. Y no lo hacen a ciegas. Lo hacen porque los j\u00f3venes lo est\u00e1n pidiendo a gritos. Les preocupa el medio ambiente, les preocupan las personas y est\u00e1n dispuestos a pagar m\u00e1s por una prenda creada bajo unos par\u00e1metros \u00e9ticos y ecol\u00f3gicos. Ba\u00f1ado por el R\u00edo Duero y coronado por las r\u00edas de Galicia, Portugal ruge. Las marcas y dise\u00f1adores portugueses con ADN sostenible vienen pisando fuerte.<\/p>\n                        <\/div>\n                                                                                                <\/div>\n            <\/div>\n        <\/div>\n    <\/section>\n    \n\n    <section id=\"media-block_8a82800820a2e7469c251279bd6c80bf\" class=\"section position-relative gp-block gp-media pt-0 pb-0\">\n        <div class=\"container\">\n            <div class=\"row g-0\">\n                <div class=\"col-lg-12 content\" data-aos=\"fade-in\" data-aos-duration=\"1000\">\n                                        <p class=\"\u201c\u201d\">Portugal tiene sobre la mesa diferentes proyectos con los que quiere potenciar la sostenibilidad. Sus j\u00f3venes dise\u00f1adores y numerosas marcas de moda que quieren avanzar en este sentido bien lo merecen. Durante la pasada edici\u00f3n de Modtissimo, la feria de moda y tejidos m\u00e1s importante de Portugal, Paulo Vaz, Director General de ATP (La Asociaci\u00f3n Textil y de Vestuario de Portugal) nos aseguraba que la tecnolog\u00eda y la sostenibilidad son las dos apuestas claras de las marcas portuguesas de moda. Definitivamente, son elementos diferenciadores \u00fanicos, perfectos argumentos de venta y, lo que es m\u00e1s importante, son una necesidad a d\u00eda de hoy, dados los tiempos que corren.<\/p>\n<p>Paulo Vaz nos recomienda buscar en el Green Textile Club, un club creado para marcas que buscan la excelencia en certificaciones textiles y en \u201csaber hacer\u201d. Ha sido creado entre ATP y Citec, el centro de I+D del textil\/confecci\u00f3n portugu\u00e9s. En Citec, Jos\u00e9 Morgado, director de los servicios de tecnolog\u00eda e ingenier\u00eda, nos daba buenas noticias: \u201cEstamos trabajando en un proyecto dedicado exclusivamente a potenciar la moda sostenible. En septiembre ver\u00e9is el resultado\u201d.<\/p>\n<p>Algunos dise\u00f1adores ya se han adelantado a los acontecimientos. Una nueva generaci\u00f3n de j\u00f3venes portugueses quiere cambiar la forma en que el mundo mira a la moda portuguesa, una moda que cuenta con m\u00e1s de 200 a\u00f1os de historia y que ha sabido resurgir de las cenizas de la deslocalizaci\u00f3n para reinventarse. Presentamos a continuaci\u00f3n una selecci\u00f3n de marcas sostenibles que mostraron sus \u00faltimas colecciones durante Modtissimo. <\/p>\n                                    <\/div>\n            <\/div>\n            <div class=\"row g-0\">\n                <div class=\"col-lg-12 img-scaled\">\n                                                                                                                                                <figure class=\"mb-4 pt-lg-4 mb-lg-5 ps-lg-0 pe-lg-0\" data-aos=\"fade-up\" data-aos-duration=\"1000\"><div class=\"img-container\"><img loading=\"lazy\" decoding=\"async\" width=\"1130\" height=\"1540\" src=\"https:\/\/luxiders.com\/content\/uploads\/Misci.jpg\" class=\"img-fluid w-100\" alt=\"\" srcset=\"https:\/\/luxiders.com\/content\/uploads\/Misci.jpg 1130w, https:\/\/luxiders.com\/content\/uploads\/Misci-220x300.jpg 220w, https:\/\/luxiders.com\/content\/uploads\/Misci-751x1024.jpg 751w, https:\/\/luxiders.com\/content\/uploads\/Misci-768x1047.jpg 768w, https:\/\/luxiders.com\/content\/uploads\/Misci-1127x1536.jpg 1127w\" sizes=\"(max-width: 1130px) 100vw, 1130px\" \/><\/div><\/figure>                                                                                            <\/div>\n                                            <\/div>\n        <\/div>\n    <\/section>\n    \n\n    <section id=\"media-block_a9ff5a457ea7b1cc67e1933e2ab6af2d\" class=\"section position-relative gp-block gp-media pt-0 pb-0\">\n        <div class=\"container\">\n            <div class=\"row g-0\">\n                <div class=\"col-lg-12 content\" data-aos=\"fade-in\" data-aos-duration=\"1000\">\n                                                                        <h2 class=\"\">Misci\n<\/h2>\n                                                                <p class=\"\u201c\u201d\">Misci es una marca que encuentra el lujo en la tradici\u00f3n, en el dise\u00f1o (im)perfecto de detalles hechos a mano. La sofisticaci\u00f3n y el corte perfecto de sus art\u00edculos, hasta la \u00faltima puntada, son extraordinarios. Nos gusta porque es una marca que hace su propia interpretaci\u00f3n de dos mundos, entre dos tiempos diferentes, entre dos pares de manos diferentes.<\/p>\n<p>Tambi\u00e9n nos gusta que cada colecci\u00f3n est\u00e1 inspirada en un libro. &#8220;Es en medio de las palabras escritas y las historias narradas donde encontramos el aliento para el primer boceto&#8221;.<\/p>\n                                    <\/div>\n            <\/div>\n            <div class=\"row g-0\">\n                <div class=\"col-lg-12 img-scaled\">\n                                                                                                                                                <figure class=\"mb-4 pt-lg-4 mb-lg-5 ps-lg-0 pe-lg-0\" data-aos=\"fade-up\" data-aos-duration=\"1000\"><div class=\"img-container\"><img loading=\"lazy\" decoding=\"async\" width=\"1130\" height=\"1695\" src=\"https:\/\/luxiders.com\/content\/uploads\/Pe_de_Chumbo_1733689.jpg\" class=\"img-fluid w-100\" alt=\"\" srcset=\"https:\/\/luxiders.com\/content\/uploads\/Pe_de_Chumbo_1733689.jpg 1130w, https:\/\/luxiders.com\/content\/uploads\/Pe_de_Chumbo_1733689-200x300.jpg 200w, https:\/\/luxiders.com\/content\/uploads\/Pe_de_Chumbo_1733689-683x1024.jpg 683w, https:\/\/luxiders.com\/content\/uploads\/Pe_de_Chumbo_1733689-768x1152.jpg 768w, https:\/\/luxiders.com\/content\/uploads\/Pe_de_Chumbo_1733689-1024x1536.jpg 1024w\" sizes=\"(max-width: 1130px) 100vw, 1130px\" \/><\/div><\/figure>                                                                                            <\/div>\n                                            <\/div>\n        <\/div>\n    <\/section>\n    \n\n    <section id=\"media-block_d4ba3ada37d5d4c5d031fa9870482888\" class=\"section position-relative gp-block gp-media pt-0 pb-0\">\n        <div class=\"container\">\n            <div class=\"row g-0\">\n                <div class=\"col-lg-12 content\" data-aos=\"fade-in\" data-aos-duration=\"1000\">\n                                                                        <h2 class=\"\">Katty Xiomara\n<\/h2>\n                                                                <p class=\"\u201c\u201d\">La filosof\u00eda de la marca Katty Xiomara es accesible, elegante y atemporal, sofisticada pero l\u00fadica, ultrafemenina con una sastrer\u00eda perfecta, estructuras y formas meticulosas, uso audaz del color y la impresi\u00f3n. Esta marca realizada para mujeres que tienen confianza en sus elecciones de estilo, actitud fuerte, estilo individual y esp\u00edritu rom\u00e1ntico.<\/p>\n                                    <\/div>\n            <\/div>\n            <div class=\"row g-0\">\n                <div class=\"col-lg-12 img-scaled\">\n                                                                                                                                                <figure class=\"mb-4 pt-lg-4 mb-lg-5 ps-lg-0 pe-lg-0\" data-aos=\"fade-up\" data-aos-duration=\"1000\"><div class=\"img-container\"><img loading=\"lazy\" decoding=\"async\" width=\"1130\" height=\"753\" src=\"https:\/\/luxiders.com\/content\/uploads\/KattyXiomara-FTL.jpg\" class=\"img-fluid w-100\" alt=\"\" srcset=\"https:\/\/luxiders.com\/content\/uploads\/KattyXiomara-FTL.jpg 1130w, https:\/\/luxiders.com\/content\/uploads\/KattyXiomara-FTL-300x200.jpg 300w, https:\/\/luxiders.com\/content\/uploads\/KattyXiomara-FTL-1024x682.jpg 1024w, https:\/\/luxiders.com\/content\/uploads\/KattyXiomara-FTL-768x512.jpg 768w\" sizes=\"(max-width: 1130px) 100vw, 1130px\" \/><\/div><\/figure>                                                                                            <\/div>\n                                            <\/div>\n        <\/div>\n    <\/section>\n    \n\n    <section id=\"media-block_2362cdd712c3c3f45b0ebb8cb42769b4\" class=\"section position-relative gp-block gp-media pt-0 pb-0\">\n        <div class=\"container\">\n            <div class=\"row g-0\">\n                <div class=\"col-lg-12 content\" data-aos=\"fade-in\" data-aos-duration=\"1000\">\n                                                                        <h2 class=\"\">Nazareth Collection\n<\/h2>\n                                                                <p class=\"\u201c\u201d\">Nazareth Collection es una marca de ropa que combina fotograf\u00eda y moda explorando la belleza, el arte y la cultura. La marca presenta patrones originales de fotograf\u00edas a\u00e9reas en telas c\u00f3modas de alta calidad, aportando un resultado est\u00e9tico visual innovador. En cada colecci\u00f3n limitada, la marca da vida a un tema. Con diferentes perspectivas y detalles de lugares ic\u00f3nicos. Todas las colecciones Nazareth est\u00e1n hechas a mano en Portugal. Todo el procedimiento es manual, desde la fotograf\u00eda hasta la fabricaci\u00f3n de la tela, el corte y el empaquetado. La \u00faltima colecci\u00f3n est\u00e1 hecha, en parte, en lyocell, un tipo de fibra sint\u00e9tica que se crea a partir de la celulosa, generalmente del eucalipto. Es totalmente biodegradable.<\/p>\n                                    <\/div>\n            <\/div>\n            <div class=\"row g-0\">\n                <div class=\"col-lg-6 \">\n                                                                                                                                                <figure class=\"mb-4 pt-lg-4 mb-lg-5 ps-lg-0 pe-lg-3\" data-aos=\"fade-up\" data-aos-duration=\"1000\"><div class=\"img-container\"><img loading=\"lazy\" decoding=\"async\" width=\"510\" height=\"765\" src=\"https:\/\/luxiders.com\/content\/uploads\/Nazareth.jpg\" class=\"img-fluid w-100\" alt=\"\" srcset=\"https:\/\/luxiders.com\/content\/uploads\/Nazareth.jpg 510w, https:\/\/luxiders.com\/content\/uploads\/Nazareth-200x300.jpg 200w\" sizes=\"(max-width: 510px) 100vw, 510px\" \/><\/div><\/figure>                                                                                            <\/div>\n                                    <div class=\"col-lg-6\">\n                                                                                                                                                        <figure class=\"mb-4 pt-lg-4 mb-lg-5 ps-lg-3 pe-lg-0\" data-aos=\"fade-up\" data-aos-duration=\"1000\"><div class=\"img-container\"><img loading=\"lazy\" decoding=\"async\" width=\"510\" height=\"765\" src=\"https:\/\/luxiders.com\/content\/uploads\/Nazareth1.jpg\" class=\"img-fluid w-100\" alt=\"\" srcset=\"https:\/\/luxiders.com\/content\/uploads\/Nazareth1.jpg 510w, https:\/\/luxiders.com\/content\/uploads\/Nazareth1-200x300.jpg 200w\" sizes=\"(max-width: 510px) 100vw, 510px\" \/><\/div><\/figure>                                                                                                        <\/div>\n                                            <\/div>\n        <\/div>\n    <\/section>\n    \n\n    <section id=\"media-block_93aff7a9907495c8e028be10bfa2337f\" class=\"section position-relative gp-block gp-media pt-0 pb-0\">\n        <div class=\"container\">\n            <div class=\"row g-0\">\n                <div class=\"col-lg-12 content\" data-aos=\"fade-in\" data-aos-duration=\"1000\">\n                                                                        <h2 class=\"\">Juliana Gevaerd_Bio\n<\/h2>\n                                                                <p class=\"\u201c\u201d\">Juliana Gevaerd present\u00f3 en Modtissimo su primera colecci\u00f3n ecol\u00f3gica, que nace  con el nombre Juliana Gevaerd_Bio y ha sido creada en cooperaci\u00f3n con Natural Cotton Color.<\/p>\n<p>La dise\u00f1adora brasile\u00f1a, ha apostado por la producci\u00f3n no irrigada, lo que hace que sus prendas sean especiales y sostenibles. Con ellas, Juliana apuesta por la reducci\u00f3n del consumo de agua en un 85,5% y respeta el color del algod\u00f3n utilizado (no usa tintes). Las tramas y texturas que aplica el estilista para desarrollar el tejido con hilos especiales aportan a las piezas una fluidez extraordinaria, adem\u00e1s de un estilo conceptual muy interesante. <\/p>\n                                    <\/div>\n            <\/div>\n            <div class=\"row g-0\">\n                <div class=\"col-lg-12 img-scaled\">\n                                                                                                                                                <figure class=\"mb-4 pt-lg-4 mb-lg-5 ps-lg-0 pe-lg-0\" data-aos=\"fade-up\" data-aos-duration=\"1000\"><div class=\"img-container\"><img loading=\"lazy\" decoding=\"async\" width=\"1130\" height=\"1694\" src=\"https:\/\/luxiders.com\/content\/uploads\/Mod.jpg\" class=\"img-fluid w-100\" alt=\"\" srcset=\"https:\/\/luxiders.com\/content\/uploads\/Mod.jpg 1130w, https:\/\/luxiders.com\/content\/uploads\/Mod-200x300.jpg 200w, https:\/\/luxiders.com\/content\/uploads\/Mod-683x1024.jpg 683w, https:\/\/luxiders.com\/content\/uploads\/Mod-768x1151.jpg 768w, https:\/\/luxiders.com\/content\/uploads\/Mod-1025x1536.jpg 1025w\" sizes=\"(max-width: 1130px) 100vw, 1130px\" \/><\/div><\/figure>                                                                                            <\/div>\n                                            <\/div>\n        <\/div>\n    <\/section>\n    \n\n    <section id=\"media-block_ee1bf8fa8684f780ca4c772bb785f7ac\" class=\"section position-relative gp-block gp-media pt-0 pb-0\">\n        <div class=\"container\">\n            <div class=\"row g-0\">\n                <div class=\"col-lg-12 content\" data-aos=\"fade-in\" data-aos-duration=\"1000\">\n                                                                        <h2 class=\"\">Roselyn Silva\n<\/h2>\n                                                                <p class=\"\u201c\u201d\">Sus creaciones son todas exclusivas y cada pieza est\u00e1 pensada al detalle, tanto en la fusi\u00f3n de los patrones como en el corte, pasando por los materiales de calidad superior. Rosalyn Silva los adquiere en tiendas controladas de \u00c1frica. En su pr\u00f3xima colecci\u00f3n va a a\u00f1adir tejidos ecol\u00f3gicos.<\/p>\n<p>&nbsp;<\/p>\n                                    <\/div>\n            <\/div>\n            <div class=\"row g-0\">\n                <div class=\"col-lg-6 \">\n                                                                                                                                                <figure class=\"mb-4 pt-lg-4 mb-lg-5 ps-lg-0 pe-lg-3\" data-aos=\"fade-up\" data-aos-duration=\"1000\"><div class=\"img-container\"><img loading=\"lazy\" decoding=\"async\" width=\"510\" height=\"765\" src=\"https:\/\/luxiders.com\/content\/uploads\/Roselyn0.jpg\" class=\"img-fluid w-100\" alt=\"\" srcset=\"https:\/\/luxiders.com\/content\/uploads\/Roselyn0.jpg 510w, https:\/\/luxiders.com\/content\/uploads\/Roselyn0-200x300.jpg 200w\" sizes=\"(max-width: 510px) 100vw, 510px\" \/><\/div><\/figure>                                                                                            <\/div>\n                                    <div class=\"col-lg-6\">\n                                                                                                                                                        <figure class=\"mb-4 pt-lg-4 mb-lg-5 ps-lg-3 pe-lg-0\" data-aos=\"fade-up\" data-aos-duration=\"1000\"><div class=\"img-container\"><img loading=\"lazy\" decoding=\"async\" width=\"510\" height=\"765\" src=\"https:\/\/luxiders.com\/content\/uploads\/Roselyn.jpg\" class=\"img-fluid w-100\" alt=\"\" srcset=\"https:\/\/luxiders.com\/content\/uploads\/Roselyn.jpg 510w, https:\/\/luxiders.com\/content\/uploads\/Roselyn-200x300.jpg 200w\" sizes=\"(max-width: 510px) 100vw, 510px\" \/><\/div><\/figure>                                                                                                        <\/div>\n                                            <\/div>\n        <\/div>\n    <\/section>\n    \n\n    <section id=\"media-block_5fa67ebb01e3370be55abe91aa681355\" class=\"section position-relative gp-block gp-media pt-0 pb-0\">\n        <div class=\"container\">\n            <div class=\"row g-0\">\n                <div class=\"col-lg-12 content\" data-aos=\"fade-in\" data-aos-duration=\"1000\">\n                                                                        <h2 class=\"\">Manifiesto Moda\n<\/h2>\n                                                                <p class=\"\u201c\u201d\">Manifesto Moda (MM) tiene una colecci\u00f3n alucinante, en la que mezcla el dise\u00f1o avant-garde y las t\u00e9cnicas tradicionales de Portugal, como el bordado, con tejidos sostenibles como el yute o el lino. Esta marca portuguesa, con sinergias colaborativas internacionales, funciona como una plataforma din\u00e1mica que conecta a la academia con la industria y los consumidores. La marca se enfoca en tejidos biofuncionales que interact\u00faan con la piel y respetan el medioambiente, transformando la ropa en una verdadera aliada de la salud y el bienestar.<\/p>\n                                    <\/div>\n            <\/div>\n            <div class=\"row g-0\">\n                <div class=\"col-lg-12 img-scaled\">\n                                    <\/div>\n                                            <\/div>\n        <\/div>\n    <\/section>\n    \n\n    <section id=\"textblock-block_ba3201e8547c0ac90d0e90f1e6cf0710\" class=\"section position-relative gp-block gp-textblock pt-0 pb-5 pb-lg-8\">\n        <div class=\"container\">\n            <div class=\"row g-0\">\n                <div class=\"col-lg-12 content\" data-aos=\"fade-in\" data-aos-duration=\"1000\">\n                                                                                <p>&nbsp;<\/p>\n<p class=\"\u201c\u201d\">+ info: <a href=\"https:\/\/modtissimo.com\/en\/\">Modtissimo<\/a><\/p>\n<p>&nbsp;<\/p>\n                                                        <\/div>\n            <\/div>\n        <\/div>\n    <\/section>\n    ","protected":false},"excerpt":{"rendered":"","protected":false},"author":2,"featured_media":7884,"comment_status":"closed","ping_status":"closed","sticky":false,"template":"","format":"standard","meta":{"_acf_changed":false,"footnotes":""},"categories":[130],"tags":[1596,170,1595,193],"class_list":{"0":"post-7875","1":"post","2":"type-post","3":"status-publish","4":"format-standard","5":"has-post-thumbnail","7":"category-moda-sostenible-lujo","8":"tag-ethical-fashion-brands","9":"tag-moda-sostenible-es","10":"tag-portugal-3","11":"tag-sustainable-fashion-es"},"acf":[],"yoast_head":"<title>Moda Portuguesa | Luxiders Magazine<\/title>\n<meta name=\"description\" content=\"Ba\u00f1ado por el R\u00edo Duero y coronado por las r\u00edas de Galicia, Portugal ruge por el planeta y por el trabajo digno. Las marcas y dise\u00f1adores portugueses con ADN sostenible vienen pisando fuerte. Portugal tiene sobre la mesa diferentes proyectos con los que quiere potenciar la sostenibilidad.\" \/>\n<meta name=\"robots\" content=\"index, follow, max-snippet:-1, max-image-preview:large, max-video-preview:-1\" \/>\n<link rel=\"canonical\" href=\"https:\/\/luxiders.com\/es\/moda-sostenible-portuguesa\/\" \/>\n<meta property=\"og:locale\" content=\"es_ES\" \/>\n<meta property=\"og:type\" content=\"article\" \/>\n<meta property=\"og:title\" content=\"Moda Portuguesa | Luxiders Magazine\" \/>\n<meta property=\"og:description\" content=\"Ba\u00f1ado por el R\u00edo Duero y coronado por las r\u00edas de Galicia, Portugal ruge por el planeta y por el trabajo digno. Las marcas y dise\u00f1adores portugueses con ADN sostenible vienen pisando fuerte. Portugal tiene sobre la mesa diferentes proyectos con los que quiere potenciar la sostenibilidad.\" \/>\n<meta property=\"og:url\" content=\"https:\/\/luxiders.com\/es\/moda-sostenible-portuguesa\/\" \/>\n<meta property=\"og:site_name\" content=\"Sustainable Fashion - Eco Design - Healthy Lifestyle - Luxiders Magazine\" \/>\n<meta property=\"article:published_time\" content=\"2018-03-01T10:08:00+00:00\" \/>\n<meta property=\"article:modified_time\" content=\"2023-01-13T15:19:04+00:00\" \/>\n<meta property=\"og:image\" content=\"https:\/\/luxiders.com\/content\/uploads\/Portugalp.jpg\" \/>\n\t<meta property=\"og:image:width\" content=\"1120\" \/>\n\t<meta property=\"og:image:height\" content=\"950\" \/>\n\t<meta property=\"og:image:type\" content=\"image\/jpeg\" \/>\n<meta name=\"author\" content=\"luxiders\" \/>\n<meta name=\"twitter:card\" content=\"summary_large_image\" \/>\n<meta name=\"twitter:label1\" content=\"Written by\" \/>\n\t<meta name=\"twitter:data1\" content=\"luxiders\" \/>\n<script type=\"application\/ld+json\" class=\"yoast-schema-graph\">{\"@context\":\"https:\/\/schema.org\",\"@graph\":[{\"@type\":\"Article\",\"@id\":\"https:\/\/luxiders.com\/es\/moda-sostenible-portuguesa\/#article\",\"isPartOf\":{\"@id\":\"https:\/\/luxiders.com\/es\/moda-sostenible-portuguesa\/\"},\"author\":{\"name\":\"luxiders\",\"@id\":\"https:\/\/luxiders.com\/es\/#\/schema\/person\/8632fa702ae2ce98f66c396254633de8\"},\"headline\":\"Moda Portuguesa, una Interpretaci\u00f3n preciosista de la Sostenibilidad\",\"datePublished\":\"2018-03-01T10:08:00+00:00\",\"dateModified\":\"2023-01-13T15:19:04+00:00\",\"mainEntityOfPage\":{\"@id\":\"https:\/\/luxiders.com\/es\/moda-sostenible-portuguesa\/\"},\"wordCount\":9,\"publisher\":{\"@id\":\"https:\/\/luxiders.com\/es\/#organization\"},\"image\":{\"@id\":\"https:\/\/luxiders.com\/es\/moda-sostenible-portuguesa\/#primaryimage\"},\"thumbnailUrl\":\"https:\/\/luxiders.com\/content\/uploads\/Portugalp.jpg\",\"keywords\":[\"ethical fashion brands\",\"moda sostenible\",\"portugal\",\"sustainable fashion\"],\"articleSection\":[\"Moda\"],\"inLanguage\":\"es-ES\"},{\"@type\":\"WebPage\",\"@id\":\"https:\/\/luxiders.com\/es\/moda-sostenible-portuguesa\/\",\"url\":\"https:\/\/luxiders.com\/es\/moda-sostenible-portuguesa\/\",\"name\":\"Moda Portuguesa | Luxiders Magazine\",\"isPartOf\":{\"@id\":\"https:\/\/luxiders.com\/es\/#website\"},\"primaryImageOfPage\":{\"@id\":\"https:\/\/luxiders.com\/es\/moda-sostenible-portuguesa\/#primaryimage\"},\"image\":{\"@id\":\"https:\/\/luxiders.com\/es\/moda-sostenible-portuguesa\/#primaryimage\"},\"thumbnailUrl\":\"https:\/\/luxiders.com\/content\/uploads\/Portugalp.jpg\",\"datePublished\":\"2018-03-01T10:08:00+00:00\",\"dateModified\":\"2023-01-13T15:19:04+00:00\",\"description\":\"Ba\u00f1ado por el R\u00edo Duero y coronado por las r\u00edas de Galicia, Portugal ruge por el planeta y por el trabajo digno. Las marcas y dise\u00f1adores portugueses con ADN sostenible vienen pisando fuerte. Portugal tiene sobre la mesa diferentes proyectos con los que quiere potenciar la sostenibilidad.\",\"breadcrumb\":{\"@id\":\"https:\/\/luxiders.com\/es\/moda-sostenible-portuguesa\/#breadcrumb\"},\"inLanguage\":\"es-ES\",\"potentialAction\":[{\"@type\":\"ReadAction\",\"target\":[\"https:\/\/luxiders.com\/es\/moda-sostenible-portuguesa\/\"]}]},{\"@type\":\"ImageObject\",\"inLanguage\":\"es-ES\",\"@id\":\"https:\/\/luxiders.com\/es\/moda-sostenible-portuguesa\/#primaryimage\",\"url\":\"https:\/\/luxiders.com\/content\/uploads\/Portugalp.jpg\",\"contentUrl\":\"https:\/\/luxiders.com\/content\/uploads\/Portugalp.jpg\",\"width\":1120,\"height\":950},{\"@type\":\"BreadcrumbList\",\"@id\":\"https:\/\/luxiders.com\/es\/moda-sostenible-portuguesa\/#breadcrumb\",\"itemListElement\":[{\"@type\":\"ListItem\",\"position\":1,\"name\":\"Startseite\",\"item\":\"https:\/\/luxiders.com\/es\/\"},{\"@type\":\"ListItem\",\"position\":2,\"name\":\"Moda\",\"item\":\"https:\/\/luxiders.com\/es\/category\/moda-sostenible-lujo\/\"},{\"@type\":\"ListItem\",\"position\":3,\"name\":\"Moda Portuguesa, una Interpretaci\u00f3n preciosista de la Sostenibilidad\"}]},{\"@type\":\"WebSite\",\"@id\":\"https:\/\/luxiders.com\/es\/#website\",\"url\":\"https:\/\/luxiders.com\/es\/\",\"name\":\"Sustainable Fashion - Eco Design - Healthy Lifestyle - Luxiders Magazine\",\"description\":\"Luxiders is a sustainable luxury magazine highlighting the best stories about sustainable fashion, ethical fashion, eco-friendly design, green design, sustainable travel, natural beauty, organic beauty and healthy lifestyle. Know the best high-end, progressive and luxury sustainable brands and designers worldwide.\",\"publisher\":{\"@id\":\"https:\/\/luxiders.com\/es\/#organization\"},\"potentialAction\":[{\"@type\":\"SearchAction\",\"target\":{\"@type\":\"EntryPoint\",\"urlTemplate\":\"https:\/\/luxiders.com\/es\/?s={search_term_string}\"},\"query-input\":{\"@type\":\"PropertyValueSpecification\",\"valueRequired\":true,\"valueName\":\"search_term_string\"}}],\"inLanguage\":\"es-ES\"},{\"@type\":\"Organization\",\"@id\":\"https:\/\/luxiders.com\/es\/#organization\",\"name\":\"Sustainable Fashion - Eco Design - Healthy Lifestyle - Luxiders Magazine\",\"url\":\"https:\/\/luxiders.com\/es\/\",\"logo\":{\"@type\":\"ImageObject\",\"inLanguage\":\"es-ES\",\"@id\":\"https:\/\/luxiders.com\/es\/#\/schema\/logo\/image\/\",\"url\":\"https:\/\/luxiders.com\/content\/uploads\/lux-logo.svg\",\"contentUrl\":\"https:\/\/luxiders.com\/content\/uploads\/lux-logo.svg\",\"caption\":\"Sustainable Fashion - Eco Design - Healthy Lifestyle - Luxiders Magazine\"},\"image\":{\"@id\":\"https:\/\/luxiders.com\/es\/#\/schema\/logo\/image\/\"}},{\"@type\":\"Person\",\"@id\":\"https:\/\/luxiders.com\/es\/#\/schema\/person\/8632fa702ae2ce98f66c396254633de8\",\"name\":\"luxiders\",\"url\":\"https:\/\/luxiders.com\/es\/author\/luxiders\/\"}]}<\/script>","yoast_head_json":{"title":"Moda Portuguesa | Luxiders Magazine","description":"Ba\u00f1ado por el R\u00edo Duero y coronado por las r\u00edas de Galicia, Portugal ruge por el planeta y por el trabajo digno. Las marcas y dise\u00f1adores portugueses con ADN sostenible vienen pisando fuerte. Portugal tiene sobre la mesa diferentes proyectos con los que quiere potenciar la sostenibilidad.","robots":{"index":"index","follow":"follow","max-snippet":"max-snippet:-1","max-image-preview":"max-image-preview:large","max-video-preview":"max-video-preview:-1"},"canonical":"https:\/\/luxiders.com\/es\/moda-sostenible-portuguesa\/","og_locale":"es_ES","og_type":"article","og_title":"Moda Portuguesa | Luxiders Magazine","og_description":"Ba\u00f1ado por el R\u00edo Duero y coronado por las r\u00edas de Galicia, Portugal ruge por el planeta y por el trabajo digno. Las marcas y dise\u00f1adores portugueses con ADN sostenible vienen pisando fuerte. Portugal tiene sobre la mesa diferentes proyectos con los que quiere potenciar la sostenibilidad.","og_url":"https:\/\/luxiders.com\/es\/moda-sostenible-portuguesa\/","og_site_name":"Sustainable Fashion - Eco Design - Healthy Lifestyle - Luxiders Magazine","article_published_time":"2018-03-01T10:08:00+00:00","article_modified_time":"2023-01-13T15:19:04+00:00","og_image":[{"width":1120,"height":950,"url":"https:\/\/luxiders.com\/content\/uploads\/Portugalp.jpg","type":"image\/jpeg"}],"author":"luxiders","twitter_card":"summary_large_image","twitter_misc":{"Written by":"luxiders"},"schema":{"@context":"https:\/\/schema.org","@graph":[{"@type":"Article","@id":"https:\/\/luxiders.com\/es\/moda-sostenible-portuguesa\/#article","isPartOf":{"@id":"https:\/\/luxiders.com\/es\/moda-sostenible-portuguesa\/"},"author":{"name":"luxiders","@id":"https:\/\/luxiders.com\/es\/#\/schema\/person\/8632fa702ae2ce98f66c396254633de8"},"headline":"Moda Portuguesa, una Interpretaci\u00f3n preciosista de la Sostenibilidad","datePublished":"2018-03-01T10:08:00+00:00","dateModified":"2023-01-13T15:19:04+00:00","mainEntityOfPage":{"@id":"https:\/\/luxiders.com\/es\/moda-sostenible-portuguesa\/"},"wordCount":9,"publisher":{"@id":"https:\/\/luxiders.com\/es\/#organization"},"image":{"@id":"https:\/\/luxiders.com\/es\/moda-sostenible-portuguesa\/#primaryimage"},"thumbnailUrl":"https:\/\/luxiders.com\/content\/uploads\/Portugalp.jpg","keywords":["ethical fashion brands","moda sostenible","portugal","sustainable fashion"],"articleSection":["Moda"],"inLanguage":"es-ES"},{"@type":"WebPage","@id":"https:\/\/luxiders.com\/es\/moda-sostenible-portuguesa\/","url":"https:\/\/luxiders.com\/es\/moda-sostenible-portuguesa\/","name":"Moda Portuguesa | Luxiders Magazine","isPartOf":{"@id":"https:\/\/luxiders.com\/es\/#website"},"primaryImageOfPage":{"@id":"https:\/\/luxiders.com\/es\/moda-sostenible-portuguesa\/#primaryimage"},"image":{"@id":"https:\/\/luxiders.com\/es\/moda-sostenible-portuguesa\/#primaryimage"},"thumbnailUrl":"https:\/\/luxiders.com\/content\/uploads\/Portugalp.jpg","datePublished":"2018-03-01T10:08:00+00:00","dateModified":"2023-01-13T15:19:04+00:00","description":"Ba\u00f1ado por el R\u00edo Duero y coronado por las r\u00edas de Galicia, Portugal ruge por el planeta y por el trabajo digno. Las marcas y dise\u00f1adores portugueses con ADN sostenible vienen pisando fuerte. Portugal tiene sobre la mesa diferentes proyectos con los que quiere potenciar la sostenibilidad.","breadcrumb":{"@id":"https:\/\/luxiders.com\/es\/moda-sostenible-portuguesa\/#breadcrumb"},"inLanguage":"es-ES","potentialAction":[{"@type":"ReadAction","target":["https:\/\/luxiders.com\/es\/moda-sostenible-portuguesa\/"]}]},{"@type":"ImageObject","inLanguage":"es-ES","@id":"https:\/\/luxiders.com\/es\/moda-sostenible-portuguesa\/#primaryimage","url":"https:\/\/luxiders.com\/content\/uploads\/Portugalp.jpg","contentUrl":"https:\/\/luxiders.com\/content\/uploads\/Portugalp.jpg","width":1120,"height":950},{"@type":"BreadcrumbList","@id":"https:\/\/luxiders.com\/es\/moda-sostenible-portuguesa\/#breadcrumb","itemListElement":[{"@type":"ListItem","position":1,"name":"Startseite","item":"https:\/\/luxiders.com\/es\/"},{"@type":"ListItem","position":2,"name":"Moda","item":"https:\/\/luxiders.com\/es\/category\/moda-sostenible-lujo\/"},{"@type":"ListItem","position":3,"name":"Moda Portuguesa, una Interpretaci\u00f3n preciosista de la Sostenibilidad"}]},{"@type":"WebSite","@id":"https:\/\/luxiders.com\/es\/#website","url":"https:\/\/luxiders.com\/es\/","name":"Sustainable Fashion - Eco Design - Healthy Lifestyle - Luxiders Magazine","description":"Luxiders is a sustainable luxury magazine highlighting the best stories about sustainable fashion, ethical fashion, eco-friendly design, green design, sustainable travel, natural beauty, organic beauty and healthy lifestyle. Know the best high-end, progressive and luxury sustainable brands and designers worldwide.","publisher":{"@id":"https:\/\/luxiders.com\/es\/#organization"},"potentialAction":[{"@type":"SearchAction","target":{"@type":"EntryPoint","urlTemplate":"https:\/\/luxiders.com\/es\/?s={search_term_string}"},"query-input":{"@type":"PropertyValueSpecification","valueRequired":true,"valueName":"search_term_string"}}],"inLanguage":"es-ES"},{"@type":"Organization","@id":"https:\/\/luxiders.com\/es\/#organization","name":"Sustainable Fashion - Eco Design - Healthy Lifestyle - Luxiders Magazine","url":"https:\/\/luxiders.com\/es\/","logo":{"@type":"ImageObject","inLanguage":"es-ES","@id":"https:\/\/luxiders.com\/es\/#\/schema\/logo\/image\/","url":"https:\/\/luxiders.com\/content\/uploads\/lux-logo.svg","contentUrl":"https:\/\/luxiders.com\/content\/uploads\/lux-logo.svg","caption":"Sustainable Fashion - Eco Design - Healthy Lifestyle - Luxiders Magazine"},"image":{"@id":"https:\/\/luxiders.com\/es\/#\/schema\/logo\/image\/"}},{"@type":"Person","@id":"https:\/\/luxiders.com\/es\/#\/schema\/person\/8632fa702ae2ce98f66c396254633de8","name":"luxiders","url":"https:\/\/luxiders.com\/es\/author\/luxiders\/"}]}},"_links":{"self":[{"href":"https:\/\/luxiders.com\/es\/wp-json\/wp\/v2\/posts\/7875","targetHints":{"allow":["GET"]}}],"collection":[{"href":"https:\/\/luxiders.com\/es\/wp-json\/wp\/v2\/posts"}],"about":[{"href":"https:\/\/luxiders.com\/es\/wp-json\/wp\/v2\/types\/post"}],"author":[{"embeddable":true,"href":"https:\/\/luxiders.com\/es\/wp-json\/wp\/v2\/users\/2"}],"replies":[{"embeddable":true,"href":"https:\/\/luxiders.com\/es\/wp-json\/wp\/v2\/comments?post=7875"}],"version-history":[{"count":2,"href":"https:\/\/luxiders.com\/es\/wp-json\/wp\/v2\/posts\/7875\/revisions"}],"predecessor-version":[{"id":9339,"href":"https:\/\/luxiders.com\/es\/wp-json\/wp\/v2\/posts\/7875\/revisions\/9339"}],"wp:featuredmedia":[{"embeddable":true,"href":"https:\/\/luxiders.com\/es\/wp-json\/wp\/v2\/media\/7884"}],"wp:attachment":[{"href":"https:\/\/luxiders.com\/es\/wp-json\/wp\/v2\/media?parent=7875"}],"wp:term":[{"taxonomy":"category","embeddable":true,"href":"https:\/\/luxiders.com\/es\/wp-json\/wp\/v2\/categories?post=7875"},{"taxonomy":"post_tag","embeddable":true,"href":"https:\/\/luxiders.com\/es\/wp-json\/wp\/v2\/tags?post=7875"}],"curies":[{"name":"wp","href":"https:\/\/api.w.org\/{rel}","templated":true}]}}