{"id":987,"date":"2022-12-06T12:19:34","date_gmt":"2022-12-06T11:19:34","guid":{"rendered":"http:\/\/luxiders.com.w01cc729.kasserver.com\/gen-z-proudly-the-most-sensitive-generation\/"},"modified":"2023-01-16T15:31:38","modified_gmt":"2023-01-16T14:31:38","slug":"generacion-z-la-generacion-mas-sensible","status":"publish","type":"post","link":"https:\/\/luxiders.com\/es\/generacion-z-la-generacion-mas-sensible\/","title":{"rendered":"Generaci\u00f3n Z: con orgullo, la generaci\u00f3n m\u00e1s sensible"},"content":{"rendered":"    <section id=\"textblock-block_5b045569583969b62deaece5e3517fc7\" class=\"section position-relative gp-block gp-textblock text-center pt-0 pb-5\">\n        <div class=\"container\">\n            <div class=\"row g-0\">\n                <div class=\"col-lg-12 content\" data-aos=\"fade-in\" data-aos-duration=\"1000\">\n                                                                                    <div class=\"intro px-lg-8\">\n                            <p class=\"p1\" style=\"text-align: center;\"><span class=\"s1\">Ninguna generaci\u00f3n ha tenido tanta informaci\u00f3n disponible al alcance de la mano. Tampoco hay otra que haya estado tan interconectada a trav\u00e9s de las redes sociales. \u00bfEl resultado? Un colectivo socialmente consciente, que lucha por sus creencias e inclusi\u00f3n: generaci\u00f3n Z.<\/span><\/p>\n                        <\/div>\n                                                                                                <\/div>\n            <\/div>\n        <\/div>\n    <\/section>\n    \n\n    <section id=\"newsletter-block_c4586f9c709a5f5bb6115a55238c4d35\" class=\"section position-relative gp-block gp-newsletter pt-0 pb-0 my-5\">\n        <div class=\"container\">\n            <div class=\"row g-0 pt-4 pb-3\">\n                <div class=\"col-lg-12 content text-center border pt-3\" data-aos=\"fade-in\" data-aos-duration=\"1000\">\n                                            <p><em>Para recibir el Newsletter de Luxiders Magazine,\u00a0<a href=\"https:\/\/landing.mailerlite.com\/webforms\/landing\/w2a1t0\" target=\"_blank\" rel=\"noopener\">suscr\u00edbete aqu\u00ed<\/a><\/em><\/p>\n                                    <\/div>\n            <\/div>\n        <\/div>\n    <\/section>\n    \n\n    <section id=\"media-block_3fb1d2d63b134ef8d5eee31acec06d3c\" class=\"section position-relative gp-block gp-media pt-0 pb-0\">\n        <div class=\"container\">\n            <div class=\"row g-0\">\n                <div class=\"col-lg-12 content\" data-aos=\"fade-in\" data-aos-duration=\"1000\">\n                                        <div class=\"column mcb-column one-sixth column_placeholder\">\n<div class=\"placeholder\"><\/div>\n<\/div>\n<div class=\"column mcb-column two-third column_visual \">\n<h2 class=\"p1\"><span class=\"s1\">\u00bfQUI\u00c9N ES LA GENERACI\u00d3N Z?<\/span><\/h2>\n<p class=\"p1\"><span class=\"s1\">Todas las generaciones han abogado por un cambio social que nos ayude a llegar a donde estamos hoy, pero no es ning\u00fan secreto que la Generaci\u00f3n Z ha desarrollado un nuevo tipo de impulso social. En las c\u00e1maras de eco liberales, todos son aceptados y alentados a ser quienes quieren ser, independientemente de las normas sociales. Generaci\u00f3n Z presiona por la representaci\u00f3n y rechaza las reglas establecidas y las verdades aceptadas. Las redes sociales han facilitado que los j\u00f3venes se eduquen y desaf\u00eden la autoridad.<\/span><\/p>\n<p class=\"p1\"><span class=\"s1\">En 2016, se us\u00f3 el t\u00e9rmino &#8220;<a href=\"https:\/\/www.genzinsight.com\/blog\/genz-are-not-the-new-snowflake-generation\">copo de nieve<\/a>&#8221; para menospreciar a las personas creativas y pol\u00edticamente conscientes que componen la Generaci\u00f3n Z. Figuras como <a href=\"https:\/\/twitter.com\/piersmorgan\/status\/1446081201664561160?ref_src=twsrc%5Etfw%7Ctwcamp%5Etweetembed%7Ctwterm%5E1446081201664561160%7Ctwgr%5E%7Ctwcon%5Es1_&amp;ref_url=https%3A%2F%2Fmetro.co.uk%2F2021%2F10%2F07%2Fpiers-morgan-hiring-for-new-tv-show-but-doesnt-want-woke-snowflakes-15381978%2F\">Piers Morgan<\/a>declararon a los nacidos entre 1997 y 2012 m\u00e1s sensibles y menos resistentes que las generaciones anteriores. Piers Morgan y otros <em>boomers<\/em> trataron de eludir a la Generaci\u00f3n Z utilizando este t\u00e9rmino, sugiriendo que su naturaleza sensible los hace d\u00e9biles y fr\u00e1giles.<\/span><\/p>\n<p class=\"p1\"><span class=\"s1\">Una cosa en la que la Generaci\u00f3n Z es buena es, sin duda, en la <a href=\"https:\/\/luxiders.com\/es\/las-cualidades-de-la-generacion-z-para-transformar-el-negocio-de-la-moda\/\">redefinici\u00f3n de estructuras arcaicas<\/a> para adaptarse a las necesidades modernas. Entonces, \u00bfpor qu\u00e9 deber\u00edamos considerar que ser copos de nieve hipersensibles es algo malo?<\/span><\/p>\n<\/div>\n                                    <\/div>\n            <\/div>\n            <div class=\"row g-0\">\n                <div class=\"col-lg-12 img-scaled\">\n                                                                                                                                                <figure class=\"mb-4 pt-lg-5 mb-lg-5 ps-lg-2 pe-lg-5\" data-aos=\"fade-up\" data-aos-duration=\"1000\"><div class=\"img-container\"><img loading=\"lazy\" decoding=\"async\" width=\"1707\" height=\"2560\" src=\"https:\/\/luxiders.com\/content\/uploads\/shingi-rice-DCXuZ7WzM9I-unsplash-scaled-1.jpg\" class=\"img-fluid w-100\" alt=\"\" srcset=\"https:\/\/luxiders.com\/content\/uploads\/shingi-rice-DCXuZ7WzM9I-unsplash-scaled-1.jpg 1707w, https:\/\/luxiders.com\/content\/uploads\/shingi-rice-DCXuZ7WzM9I-unsplash-scaled-1-200x300.jpg 200w, https:\/\/luxiders.com\/content\/uploads\/shingi-rice-DCXuZ7WzM9I-unsplash-scaled-1-768x1152.jpg 768w, https:\/\/luxiders.com\/content\/uploads\/shingi-rice-DCXuZ7WzM9I-unsplash-scaled-1-683x1024.jpg 683w, https:\/\/luxiders.com\/content\/uploads\/shingi-rice-DCXuZ7WzM9I-unsplash-scaled-1-1024x1536.jpg 1024w, https:\/\/luxiders.com\/content\/uploads\/shingi-rice-DCXuZ7WzM9I-unsplash-scaled-1-1366x2048.jpg 1366w\" sizes=\"(max-width: 1707px) 100vw, 1707px\" \/><\/div><\/figure>                                                                                            <\/div>\n                                            <\/div>\n        <\/div>\n    <\/section>\n    \n\n    <section id=\"media-block_e14ba73b37cd740c71999b243884ccd1\" class=\"section position-relative gp-block gp-media pt-0 pb-0\">\n        <div class=\"container\">\n            <div class=\"row g-0\">\n                <div class=\"col-lg-12 content\" data-aos=\"fade-in\" data-aos-duration=\"1000\">\n                                        <div class=\"section mcb-section   \">\n<div class=\"section_wrapper mcb-section-inner\">\n<div class=\"wrap mcb-wrap one  valign-top clearfix\">\n<div class=\"mcb-wrap-inner\">\n<div class=\"column mcb-column one-sixth column_placeholder\">\n<div class=\"placeholder\"><\/div>\n<\/div>\n<div class=\"column mcb-column two-third column_visual \">\n<h3 class=\"p1\"><span class=\"s1\">\u00bfSON TODOS<\/span> <span class=\"s1\">HIPERSENSIBLES EN ESTA GENERACI\u00d3N?<\/span><\/h3>\n<p class=\"p1\"><span class=\"s1\">El t\u00e9rmino hipersensibilidad fue acu\u00f1ado por Elaine Aron, utilizado como una forma de describir c\u00f3mo respondemos al trauma y la violencia. Las personas hipersensibles <a href=\"https:\/\/www.psychologytoday.com\/us\/basics\/highly-sensitive-person\">constituyen aproximadamente el 15-20% de nuestra poblaci\u00f3n<\/a>; son m\u00e1s propensas a tener reacciones adversas a la agresi\u00f3n y la tensi\u00f3n, con tendencia a sentirse abrumadas con frecuencia. Es probable que las personas muy sensibles eviten situaciones que las hagan sentir ansiosas y fuera de lugar. <a href=\"https:\/\/highlysensitive.org\/325\/highly-sensitive-personality-and-creativity\/\">Las investigaciones<\/a> muestran que las personas altamente sensibles suelen ser m\u00e1s creativas y tienen relaciones personales m\u00e1s profundas. Aparentemente, es m\u00e1s probable que aprecien la belleza de las cosas mundanas.<\/span><\/p>\n<\/div>\n<div class=\"column mcb-column one-sixth column_placeholder\">\n<div class=\"placeholder\"><\/div>\n<\/div>\n<\/div>\n<\/div>\n<div class=\"wrap mcb-wrap divider  valign-top clearfix\">\n<div class=\"mcb-wrap-inner\"><\/div>\n<\/div>\n<\/div>\n<\/div>\n<div class=\"section mcb-section   \">\n<div class=\"section_wrapper mcb-section-inner\">\n<div class=\"wrap mcb-wrap one  valign-top clearfix\">\n<div class=\"mcb-wrap-inner\">\n<div class=\"column mcb-column one-sixth column_placeholder\">\n<div class=\"placeholder\"><\/div>\n<\/div>\n<div class=\"column mcb-column two-third column_visual \">\n<h3 class=\"p1\"><span class=\"s1\">GENERACI\u00d3N Z: SEPARAR EL CAMBIO SOCIAL Y LA SENSIBILIDAD<\/span><\/h3>\n<p class=\"p1\"><span class=\"s1\">Tim Collins afirma que la investigaci\u00f3n cient\u00edfica muestra que la Generaci\u00f3n Z &#8220;realmente son&#8221; copos de nieve.<\/span><\/p>\n<p class=\"p1\"><em><span class=\"s1\">La Generaci\u00f3n Snowflake es realmente m\u00e1s arisca que las personas mayores, pero no se lo digas; se enfadar\u00e1n. Les molesta que les etiquetes como m\u00e1s egoc\u00e9ntricos o hipersensibles que las personas mayores, seg\u00fan el estudio.<\/span><\/em><\/p>\n<p class=\"p1\"><span class=\"s1\">La sugerencia de que la Generaci\u00f3n Z se ofender\u00e1 ante la acusaci\u00f3n de ser &#8220;egoc\u00e9ntricos&#8221; o &#8220;hipersensibles&#8221; provoca una reacci\u00f3n en los j\u00f3venes, debido a la inconsciencia de por qu\u00e9 se considera que los j\u00f3venes son sensibles y egoc\u00e9ntricos. La Generaci\u00f3n Z naci\u00f3 en una era de redes sociales, creada por sus mayores. Est\u00e1n etiquetados como egoc\u00e9ntricos por usar Instagram y Twitter de la forma en que estaban destinados: para compartir fotos y actualizaciones sobre la vida de cada uno. Las personas mayores no nacieron con las redes sociales, por lo que es menos probable que se involucren en ellas y sus autocomplacencias. Pero ser egoc\u00e9ntrico es mucho m\u00e1s que tomarse una <em>selfie<\/em>, y los <em>boomers<\/em> no est\u00e1n exentos de ello.<\/span><\/p>\n<p class=\"p1\"><span class=\"s1\">La declaraci\u00f3n de Collins de que la Generaci\u00f3n Z es &#8216;sobre sensible&#8217; no reconoce el dolor que sintieron los grupos marginados (y a\u00fan sienten hoy) en el siglo XX. El prejuicio que enfrentan las personas de ciertas etnias, queer y discapacitadas es injusto. Esta generaci\u00f3n lo reconoce y tiene como objetivo generar un mundo m\u00e1s representativo y tolerante. Las personas que no nacieron al mismo tiempo pueden no alinearse con estos valores y pueden interpretar como innecesaria la acomodaci\u00f3n de las necesidades de diferentes personas. La falta de comprensi\u00f3n de que nuestra sociedad necesita hacer un esfuerzo activo para ser diversa e inclusiva con las necesidades de todos no es debido a que la Generaci\u00f3n Z sea hipersensible, sino m\u00e1s bien personas conscientes y astutas.<\/span><\/p>\n<p class=\"p1\"><span class=\"s1\">La Generaci\u00f3n Z ha ayudado a normalizar y abrir el debate sobre la salud mental y el trauma, convirti\u00e9ndolo en parte de la conversaci\u00f3n cotidiana en lugar de un tab\u00fa. Que las personas hipersensibles respondan de manera m\u00e1s externa al trauma y la violencia puede ser algo bueno, ya que as\u00ed pueden expresarse y lidiar abiertamente con las vivencias traum\u00e1ticas para que puedan seguir adelante y vivir su vida sin obst\u00e1culos pasados.<\/span><\/p>\n<p class=\"p1\"><span class=\"s1\">La generaci\u00f3n Z no es <i>demasiado<\/i> sensible, sino <a href=\"https:\/\/luxiders.com\/es\/es-generacion-z-realmente-la-mas-eco-consciente\/\">socialmente consciente, de mente abierta y ansiosa<\/a> por entablar una conversaci\u00f3n para lograr un cambio. Si eso equivale a ser hipersensible, la Generaci\u00f3n Z deber\u00eda estar orgullosa de ello.<\/span><\/p>\n<\/div>\n<\/div>\n<\/div>\n<\/div>\n<\/div>\n                                    <\/div>\n            <\/div>\n            <div class=\"row g-0\">\n                <div class=\"col-lg-12 img-scaled\">\n                                                                                                                                                <figure class=\"mb-4 pt-lg-5 mb-lg-6 ps-lg-5 pe-lg-2\" data-aos=\"fade-up\" data-aos-duration=\"1000\"><div class=\"img-container\"><img loading=\"lazy\" decoding=\"async\" width=\"1707\" height=\"2560\" src=\"https:\/\/luxiders.com\/content\/uploads\/good-faces-lVhZ0aNzCWg-unsplash-scaled-1.jpg\" class=\"img-fluid w-100\" alt=\"\" srcset=\"https:\/\/luxiders.com\/content\/uploads\/good-faces-lVhZ0aNzCWg-unsplash-scaled-1.jpg 1707w, https:\/\/luxiders.com\/content\/uploads\/good-faces-lVhZ0aNzCWg-unsplash-scaled-1-200x300.jpg 200w, https:\/\/luxiders.com\/content\/uploads\/good-faces-lVhZ0aNzCWg-unsplash-scaled-1-768x1152.jpg 768w, https:\/\/luxiders.com\/content\/uploads\/good-faces-lVhZ0aNzCWg-unsplash-scaled-1-683x1024.jpg 683w, https:\/\/luxiders.com\/content\/uploads\/good-faces-lVhZ0aNzCWg-unsplash-scaled-1-1024x1536.jpg 1024w, https:\/\/luxiders.com\/content\/uploads\/good-faces-lVhZ0aNzCWg-unsplash-scaled-1-1366x2048.jpg 1366w\" sizes=\"(max-width: 1707px) 100vw, 1707px\" \/><\/div><\/figure>                                                                                            <\/div>\n                                            <\/div>\n        <\/div>\n    <\/section>\n    \n\n    <section id=\"media-block_ddd2b270e06412cd771b7c469f9cc870\" class=\"section position-relative gp-block gp-media pt-0 pb-0\">\n        <div class=\"container\">\n            <div class=\"row g-0\">\n                <div class=\"col-lg-12 content\" data-aos=\"fade-in\" data-aos-duration=\"1000\">\n                                        <h3 class=\"p1\"><span class=\"s1\">REDEFINIENDO LA HIPERSENSIBILIDAD<\/span><\/h3>\n<p class=\"p1\"><span class=\"s1\">Incluso algunos de la Generaci\u00f3n Z se han vuelto en contra de la idea de la empat\u00eda y la sensibilidad, ya que el nuevo t\u00e9rmino &#8220;empat\u00eda&#8221; domina las conversaciones en las redes sociales entre los j\u00f3venes. &#8220;<a href=\"https:\/\/www.urbandictionary.com\/define.php?term=Empath\"><em>Empath<\/em><\/a>&#8221; trivializa a la persona narcisista estereotipada que usa su trauma como una soluci\u00f3n &#8220;\u00fanica para todos&#8221; a sus problemas, dici\u00e9ndole c\u00f3mo se siente en lugar de escuchar sus explicaciones. Nos han dicho que ser sensible es un rasgo negativo, y aunque nunca debemos utilizar nuestras experiencias personales para decidir que sabemos c\u00f3mo se sienten otras personas, debemos estar m\u00e1s abiertos a la idea de que ser sensible y emp\u00e1tico quiz\u00e1s no sea tan malo como a la gente le gusta decir, o como Piers Morgan y Tim Collins nos har\u00edan creer.<\/span><\/p>\n<p class=\"p1\"><span class=\"s1\">Ser sensible simplemente significa que, como generaci\u00f3n, la Generaci\u00f3n Z est\u00e1 m\u00e1s sintonizada con las emociones humanas y m\u00e1s decidida a tener en cuenta los sentimientos de todos. Sin duda, esto ser\u00e1 visto como hipersensible por otros que no comparten la misma mentalidad, pero no significa que debamos dejar de acomodarnos a los sentimientos de otras personas.<\/span><\/p>\n<p class=\"p1\"><span class=\"s1\">\u00bfEst\u00e1s orgulloso de reconocerte como un &#8216;copo de nieve&#8217;? \u00danete a la conversaci\u00f3n en nuestro Instagram <a href=\"https:\/\/www.instagram.com\/luxiders_magazine\/?hl=en\">@luxiders_magazine<\/a> y haznos saber tus pensamientos.<\/span><\/p>\n                                    <\/div>\n            <\/div>\n            <div class=\"row g-0\">\n                <div class=\"col-lg-12 img-scaled\">\n                                                                                                                                                <figure class=\"mb-4 pt-lg-5 mb-lg-7 ps-lg-3 pe-lg-2\" data-aos=\"fade-up\" data-aos-duration=\"1000\"><div class=\"img-container\"><img loading=\"lazy\" decoding=\"async\" width=\"1707\" height=\"2560\" src=\"https:\/\/luxiders.com\/content\/uploads\/shingi-rice-OPOMrr1Bdqc-unsplash-scaled-1.jpg\" class=\"img-fluid w-100\" alt=\"\" srcset=\"https:\/\/luxiders.com\/content\/uploads\/shingi-rice-OPOMrr1Bdqc-unsplash-scaled-1.jpg 1707w, https:\/\/luxiders.com\/content\/uploads\/shingi-rice-OPOMrr1Bdqc-unsplash-scaled-1-200x300.jpg 200w, https:\/\/luxiders.com\/content\/uploads\/shingi-rice-OPOMrr1Bdqc-unsplash-scaled-1-768x1152.jpg 768w, https:\/\/luxiders.com\/content\/uploads\/shingi-rice-OPOMrr1Bdqc-unsplash-scaled-1-683x1024.jpg 683w, https:\/\/luxiders.com\/content\/uploads\/shingi-rice-OPOMrr1Bdqc-unsplash-scaled-1-1024x1536.jpg 1024w, https:\/\/luxiders.com\/content\/uploads\/shingi-rice-OPOMrr1Bdqc-unsplash-scaled-1-1366x2048.jpg 1366w\" sizes=\"(max-width: 1707px) 100vw, 1707px\" \/><\/div><\/figure>                                                                                            <\/div>\n                                            <\/div>\n        <\/div>\n    <\/section>\n    ","protected":false},"excerpt":{"rendered":"","protected":false},"author":2,"featured_media":967,"comment_status":"closed","ping_status":"closed","sticky":false,"template":"","format":"standard","meta":{"_acf_changed":false,"footnotes":""},"categories":[16,378],"tags":[294,295,296,297,298,300,301,302,303,293],"class_list":{"0":"post-987","1":"post","2":"type-post","3":"status-publish","4":"format-standard","5":"has-post-thumbnail","7":"category-art-culture","8":"category-arte-cultura","9":"tag-como-saber-si-eres-altamente-sensible","10":"tag-copos-de-nieve","11":"tag-generacion-de-cristal","12":"tag-generacion-z","13":"tag-generacion-z-copos-de-nieve","14":"tag-generacion-z-sensibles","15":"tag-la-generacion-mas-sensible","16":"tag-personas-altamente-sensibles","17":"tag-personas-hipersensibles","18":"tag-the-most-sensitive-generation-2"},"acf":[],"yoast_head":"<title>Gen Z: The Most Sensitive Generation<\/title>\n<meta name=\"description\" content=\"Gen Z are reclaiming their sensitivity - using it to fuel social change and inclusivity. Join the rebellion.\" \/>\n<meta name=\"robots\" content=\"index, follow, max-snippet:-1, max-image-preview:large, max-video-preview:-1\" \/>\n<link rel=\"canonical\" href=\"https:\/\/luxiders.com\/es\/generacion-z-la-generacion-mas-sensible\/\" \/>\n<meta property=\"og:locale\" content=\"es_ES\" \/>\n<meta property=\"og:type\" content=\"article\" \/>\n<meta property=\"og:title\" content=\"Gen Z: The Most Sensitive Generation\" \/>\n<meta property=\"og:description\" content=\"Gen Z are reclaiming their sensitivity - using it to fuel social change and inclusivity. Join the rebellion.\" \/>\n<meta property=\"og:url\" content=\"https:\/\/luxiders.com\/es\/generacion-z-la-generacion-mas-sensible\/\" \/>\n<meta property=\"og:site_name\" content=\"Sustainable Fashion - Eco Design - Healthy Lifestyle - Luxiders Magazine\" \/>\n<meta property=\"article:published_time\" content=\"2022-12-06T11:19:34+00:00\" \/>\n<meta property=\"article:modified_time\" content=\"2023-01-16T14:31:38+00:00\" \/>\n<meta property=\"og:image\" content=\"https:\/\/luxiders.com\/content\/uploads\/shingi-rice-7r6cHUt1Brk-unsplash-e1670330532710.jpg\" \/>\n\t<meta property=\"og:image:width\" content=\"2168\" \/>\n\t<meta property=\"og:image:height\" content=\"1453\" \/>\n\t<meta property=\"og:image:type\" content=\"image\/jpeg\" \/>\n<meta name=\"author\" content=\"luxiders\" \/>\n<meta name=\"twitter:card\" content=\"summary_large_image\" \/>\n<meta name=\"twitter:label1\" content=\"Written by\" \/>\n\t<meta name=\"twitter:data1\" content=\"luxiders\" \/>\n<script type=\"application\/ld+json\" class=\"yoast-schema-graph\">{\"@context\":\"https:\/\/schema.org\",\"@graph\":[{\"@type\":\"Article\",\"@id\":\"https:\/\/luxiders.com\/es\/generacion-z-la-generacion-mas-sensible\/#article\",\"isPartOf\":{\"@id\":\"https:\/\/luxiders.com\/es\/generacion-z-la-generacion-mas-sensible\/\"},\"author\":{\"name\":\"luxiders\",\"@id\":\"https:\/\/luxiders.com\/es\/#\/schema\/person\/8632fa702ae2ce98f66c396254633de8\"},\"headline\":\"Generaci\u00f3n Z: con orgullo, la generaci\u00f3n m\u00e1s sensible\",\"datePublished\":\"2022-12-06T11:19:34+00:00\",\"dateModified\":\"2023-01-16T14:31:38+00:00\",\"mainEntityOfPage\":{\"@id\":\"https:\/\/luxiders.com\/es\/generacion-z-la-generacion-mas-sensible\/\"},\"wordCount\":11,\"publisher\":{\"@id\":\"https:\/\/luxiders.com\/es\/#organization\"},\"image\":{\"@id\":\"https:\/\/luxiders.com\/es\/generacion-z-la-generacion-mas-sensible\/#primaryimage\"},\"thumbnailUrl\":\"https:\/\/luxiders.com\/content\/uploads\/shingi-rice-7r6cHUt1Brk-unsplash-e1670330532710.jpg\",\"keywords\":[\"c\u00f2mo saber si eres altamente sensible\",\"copos de nieve\",\"generaci\u00f3n de cristal\",\"generaci\u00f3n z\",\"generaci\u00f3n z copos de nieve\",\"generaci\u00f3n z sensibles\",\"la generaci\u00f3n m\u00e1s sensible\",\"personas altamente sensibles\",\"personas hipersensibles\",\"the most sensitive generation\"],\"articleSection\":[\"Art\/Culture\",\"Arte\/Cultura\"],\"inLanguage\":\"es-ES\"},{\"@type\":\"WebPage\",\"@id\":\"https:\/\/luxiders.com\/es\/generacion-z-la-generacion-mas-sensible\/\",\"url\":\"https:\/\/luxiders.com\/es\/generacion-z-la-generacion-mas-sensible\/\",\"name\":\"Gen Z: The Most Sensitive Generation\",\"isPartOf\":{\"@id\":\"https:\/\/luxiders.com\/es\/#website\"},\"primaryImageOfPage\":{\"@id\":\"https:\/\/luxiders.com\/es\/generacion-z-la-generacion-mas-sensible\/#primaryimage\"},\"image\":{\"@id\":\"https:\/\/luxiders.com\/es\/generacion-z-la-generacion-mas-sensible\/#primaryimage\"},\"thumbnailUrl\":\"https:\/\/luxiders.com\/content\/uploads\/shingi-rice-7r6cHUt1Brk-unsplash-e1670330532710.jpg\",\"datePublished\":\"2022-12-06T11:19:34+00:00\",\"dateModified\":\"2023-01-16T14:31:38+00:00\",\"description\":\"Gen Z are reclaiming their sensitivity - using it to fuel social change and inclusivity. Join the rebellion.\",\"breadcrumb\":{\"@id\":\"https:\/\/luxiders.com\/es\/generacion-z-la-generacion-mas-sensible\/#breadcrumb\"},\"inLanguage\":\"es-ES\",\"potentialAction\":[{\"@type\":\"ReadAction\",\"target\":[\"https:\/\/luxiders.com\/es\/generacion-z-la-generacion-mas-sensible\/\"]}]},{\"@type\":\"ImageObject\",\"inLanguage\":\"es-ES\",\"@id\":\"https:\/\/luxiders.com\/es\/generacion-z-la-generacion-mas-sensible\/#primaryimage\",\"url\":\"https:\/\/luxiders.com\/content\/uploads\/shingi-rice-7r6cHUt1Brk-unsplash-e1670330532710.jpg\",\"contentUrl\":\"https:\/\/luxiders.com\/content\/uploads\/shingi-rice-7r6cHUt1Brk-unsplash-e1670330532710.jpg\",\"width\":2168,\"height\":1453},{\"@type\":\"BreadcrumbList\",\"@id\":\"https:\/\/luxiders.com\/es\/generacion-z-la-generacion-mas-sensible\/#breadcrumb\",\"itemListElement\":[{\"@type\":\"ListItem\",\"position\":1,\"name\":\"Startseite\",\"item\":\"https:\/\/luxiders.com\/es\/\"},{\"@type\":\"ListItem\",\"position\":2,\"name\":\"Arte\/Cultura\",\"item\":\"https:\/\/luxiders.com\/es\/category\/arte-cultura\/\"},{\"@type\":\"ListItem\",\"position\":3,\"name\":\"Generaci\u00f3n Z: con orgullo, la generaci\u00f3n m\u00e1s sensible\"}]},{\"@type\":\"WebSite\",\"@id\":\"https:\/\/luxiders.com\/es\/#website\",\"url\":\"https:\/\/luxiders.com\/es\/\",\"name\":\"Sustainable Fashion - Eco Design - Healthy Lifestyle - Luxiders Magazine\",\"description\":\"Luxiders is a sustainable luxury magazine highlighting the best stories about sustainable fashion, ethical fashion, eco-friendly design, green design, sustainable travel, natural beauty, organic beauty and healthy lifestyle. Know the best high-end, progressive and luxury sustainable brands and designers worldwide.\",\"publisher\":{\"@id\":\"https:\/\/luxiders.com\/es\/#organization\"},\"potentialAction\":[{\"@type\":\"SearchAction\",\"target\":{\"@type\":\"EntryPoint\",\"urlTemplate\":\"https:\/\/luxiders.com\/es\/?s={search_term_string}\"},\"query-input\":{\"@type\":\"PropertyValueSpecification\",\"valueRequired\":true,\"valueName\":\"search_term_string\"}}],\"inLanguage\":\"es-ES\"},{\"@type\":\"Organization\",\"@id\":\"https:\/\/luxiders.com\/es\/#organization\",\"name\":\"Sustainable Fashion - Eco Design - Healthy Lifestyle - Luxiders Magazine\",\"url\":\"https:\/\/luxiders.com\/es\/\",\"logo\":{\"@type\":\"ImageObject\",\"inLanguage\":\"es-ES\",\"@id\":\"https:\/\/luxiders.com\/es\/#\/schema\/logo\/image\/\",\"url\":\"https:\/\/luxiders.com\/content\/uploads\/lux-logo.svg\",\"contentUrl\":\"https:\/\/luxiders.com\/content\/uploads\/lux-logo.svg\",\"caption\":\"Sustainable Fashion - Eco Design - Healthy Lifestyle - Luxiders Magazine\"},\"image\":{\"@id\":\"https:\/\/luxiders.com\/es\/#\/schema\/logo\/image\/\"}},{\"@type\":\"Person\",\"@id\":\"https:\/\/luxiders.com\/es\/#\/schema\/person\/8632fa702ae2ce98f66c396254633de8\",\"name\":\"luxiders\",\"url\":\"https:\/\/luxiders.com\/es\/author\/luxiders\/\"}]}<\/script>","yoast_head_json":{"title":"Gen Z: The Most Sensitive Generation","description":"Gen Z are reclaiming their sensitivity - using it to fuel social change and inclusivity. Join the rebellion.","robots":{"index":"index","follow":"follow","max-snippet":"max-snippet:-1","max-image-preview":"max-image-preview:large","max-video-preview":"max-video-preview:-1"},"canonical":"https:\/\/luxiders.com\/es\/generacion-z-la-generacion-mas-sensible\/","og_locale":"es_ES","og_type":"article","og_title":"Gen Z: The Most Sensitive Generation","og_description":"Gen Z are reclaiming their sensitivity - using it to fuel social change and inclusivity. Join the rebellion.","og_url":"https:\/\/luxiders.com\/es\/generacion-z-la-generacion-mas-sensible\/","og_site_name":"Sustainable Fashion - Eco Design - Healthy Lifestyle - Luxiders Magazine","article_published_time":"2022-12-06T11:19:34+00:00","article_modified_time":"2023-01-16T14:31:38+00:00","og_image":[{"width":2168,"height":1453,"url":"https:\/\/luxiders.com\/content\/uploads\/shingi-rice-7r6cHUt1Brk-unsplash-e1670330532710.jpg","type":"image\/jpeg"}],"author":"luxiders","twitter_card":"summary_large_image","twitter_misc":{"Written by":"luxiders"},"schema":{"@context":"https:\/\/schema.org","@graph":[{"@type":"Article","@id":"https:\/\/luxiders.com\/es\/generacion-z-la-generacion-mas-sensible\/#article","isPartOf":{"@id":"https:\/\/luxiders.com\/es\/generacion-z-la-generacion-mas-sensible\/"},"author":{"name":"luxiders","@id":"https:\/\/luxiders.com\/es\/#\/schema\/person\/8632fa702ae2ce98f66c396254633de8"},"headline":"Generaci\u00f3n Z: con orgullo, la generaci\u00f3n m\u00e1s sensible","datePublished":"2022-12-06T11:19:34+00:00","dateModified":"2023-01-16T14:31:38+00:00","mainEntityOfPage":{"@id":"https:\/\/luxiders.com\/es\/generacion-z-la-generacion-mas-sensible\/"},"wordCount":11,"publisher":{"@id":"https:\/\/luxiders.com\/es\/#organization"},"image":{"@id":"https:\/\/luxiders.com\/es\/generacion-z-la-generacion-mas-sensible\/#primaryimage"},"thumbnailUrl":"https:\/\/luxiders.com\/content\/uploads\/shingi-rice-7r6cHUt1Brk-unsplash-e1670330532710.jpg","keywords":["c\u00f2mo saber si eres altamente sensible","copos de nieve","generaci\u00f3n de cristal","generaci\u00f3n z","generaci\u00f3n z copos de nieve","generaci\u00f3n z sensibles","la generaci\u00f3n m\u00e1s sensible","personas altamente sensibles","personas hipersensibles","the most sensitive generation"],"articleSection":["Art\/Culture","Arte\/Cultura"],"inLanguage":"es-ES"},{"@type":"WebPage","@id":"https:\/\/luxiders.com\/es\/generacion-z-la-generacion-mas-sensible\/","url":"https:\/\/luxiders.com\/es\/generacion-z-la-generacion-mas-sensible\/","name":"Gen Z: The Most Sensitive Generation","isPartOf":{"@id":"https:\/\/luxiders.com\/es\/#website"},"primaryImageOfPage":{"@id":"https:\/\/luxiders.com\/es\/generacion-z-la-generacion-mas-sensible\/#primaryimage"},"image":{"@id":"https:\/\/luxiders.com\/es\/generacion-z-la-generacion-mas-sensible\/#primaryimage"},"thumbnailUrl":"https:\/\/luxiders.com\/content\/uploads\/shingi-rice-7r6cHUt1Brk-unsplash-e1670330532710.jpg","datePublished":"2022-12-06T11:19:34+00:00","dateModified":"2023-01-16T14:31:38+00:00","description":"Gen Z are reclaiming their sensitivity - using it to fuel social change and inclusivity. Join the rebellion.","breadcrumb":{"@id":"https:\/\/luxiders.com\/es\/generacion-z-la-generacion-mas-sensible\/#breadcrumb"},"inLanguage":"es-ES","potentialAction":[{"@type":"ReadAction","target":["https:\/\/luxiders.com\/es\/generacion-z-la-generacion-mas-sensible\/"]}]},{"@type":"ImageObject","inLanguage":"es-ES","@id":"https:\/\/luxiders.com\/es\/generacion-z-la-generacion-mas-sensible\/#primaryimage","url":"https:\/\/luxiders.com\/content\/uploads\/shingi-rice-7r6cHUt1Brk-unsplash-e1670330532710.jpg","contentUrl":"https:\/\/luxiders.com\/content\/uploads\/shingi-rice-7r6cHUt1Brk-unsplash-e1670330532710.jpg","width":2168,"height":1453},{"@type":"BreadcrumbList","@id":"https:\/\/luxiders.com\/es\/generacion-z-la-generacion-mas-sensible\/#breadcrumb","itemListElement":[{"@type":"ListItem","position":1,"name":"Startseite","item":"https:\/\/luxiders.com\/es\/"},{"@type":"ListItem","position":2,"name":"Arte\/Cultura","item":"https:\/\/luxiders.com\/es\/category\/arte-cultura\/"},{"@type":"ListItem","position":3,"name":"Generaci\u00f3n Z: con orgullo, la generaci\u00f3n m\u00e1s sensible"}]},{"@type":"WebSite","@id":"https:\/\/luxiders.com\/es\/#website","url":"https:\/\/luxiders.com\/es\/","name":"Sustainable Fashion - Eco Design - Healthy Lifestyle - Luxiders Magazine","description":"Luxiders is a sustainable luxury magazine highlighting the best stories about sustainable fashion, ethical fashion, eco-friendly design, green design, sustainable travel, natural beauty, organic beauty and healthy lifestyle. Know the best high-end, progressive and luxury sustainable brands and designers worldwide.","publisher":{"@id":"https:\/\/luxiders.com\/es\/#organization"},"potentialAction":[{"@type":"SearchAction","target":{"@type":"EntryPoint","urlTemplate":"https:\/\/luxiders.com\/es\/?s={search_term_string}"},"query-input":{"@type":"PropertyValueSpecification","valueRequired":true,"valueName":"search_term_string"}}],"inLanguage":"es-ES"},{"@type":"Organization","@id":"https:\/\/luxiders.com\/es\/#organization","name":"Sustainable Fashion - Eco Design - Healthy Lifestyle - Luxiders Magazine","url":"https:\/\/luxiders.com\/es\/","logo":{"@type":"ImageObject","inLanguage":"es-ES","@id":"https:\/\/luxiders.com\/es\/#\/schema\/logo\/image\/","url":"https:\/\/luxiders.com\/content\/uploads\/lux-logo.svg","contentUrl":"https:\/\/luxiders.com\/content\/uploads\/lux-logo.svg","caption":"Sustainable Fashion - Eco Design - Healthy Lifestyle - Luxiders Magazine"},"image":{"@id":"https:\/\/luxiders.com\/es\/#\/schema\/logo\/image\/"}},{"@type":"Person","@id":"https:\/\/luxiders.com\/es\/#\/schema\/person\/8632fa702ae2ce98f66c396254633de8","name":"luxiders","url":"https:\/\/luxiders.com\/es\/author\/luxiders\/"}]}},"_links":{"self":[{"href":"https:\/\/luxiders.com\/es\/wp-json\/wp\/v2\/posts\/987","targetHints":{"allow":["GET"]}}],"collection":[{"href":"https:\/\/luxiders.com\/es\/wp-json\/wp\/v2\/posts"}],"about":[{"href":"https:\/\/luxiders.com\/es\/wp-json\/wp\/v2\/types\/post"}],"author":[{"embeddable":true,"href":"https:\/\/luxiders.com\/es\/wp-json\/wp\/v2\/users\/2"}],"replies":[{"embeddable":true,"href":"https:\/\/luxiders.com\/es\/wp-json\/wp\/v2\/comments?post=987"}],"version-history":[{"count":3,"href":"https:\/\/luxiders.com\/es\/wp-json\/wp\/v2\/posts\/987\/revisions"}],"predecessor-version":[{"id":10051,"href":"https:\/\/luxiders.com\/es\/wp-json\/wp\/v2\/posts\/987\/revisions\/10051"}],"wp:featuredmedia":[{"embeddable":true,"href":"https:\/\/luxiders.com\/es\/wp-json\/wp\/v2\/media\/967"}],"wp:attachment":[{"href":"https:\/\/luxiders.com\/es\/wp-json\/wp\/v2\/media?parent=987"}],"wp:term":[{"taxonomy":"category","embeddable":true,"href":"https:\/\/luxiders.com\/es\/wp-json\/wp\/v2\/categories?post=987"},{"taxonomy":"post_tag","embeddable":true,"href":"https:\/\/luxiders.com\/es\/wp-json\/wp\/v2\/tags?post=987"}],"curies":[{"name":"wp","href":"https:\/\/api.w.org\/{rel}","templated":true}]}}